{"id":974390,"date":"2018-04-01T21:19:16","date_gmt":"2018-04-01T21:19:16","guid":{"rendered":"http:\/\/www.eldigitaldeasturias.com\/noticias\/?p=974390"},"modified":"2018-04-01T21:19:16","modified_gmt":"2018-04-01T21:19:16","slug":"trump-amenaza-a-mexico-con-poner-fin-al-tratado-de-libre-comercio-de-america-del-norte","status":"publish","type":"post","link":"https:\/\/www.eldigitaldeasturias.com\/noticias\/trump-amenaza-a-mexico-con-poner-fin-al-tratado-de-libre-comercio-de-america-del-norte\/","title":{"rendered":"Trump amenaza a M\u00e9xico con poner fin al Tratado de Libre Comercio de Am\u00e9rica del Norte"},"content":{"rendered":"<p><img loading=\"lazy\" decoding=\"async\" class=\"alignleft size-medium wp-image-971766\" src=\"https:\/\/www.eldigitaldeasturias.com\/noticias\/wp-content\/uploads\/2018\/03\/trump-2704264_1280-360x240.jpg\" alt=\"\" width=\"360\" height=\"240\" \/>Palm Beach, 1 abr (dpa) &#8211; El presidente estadounidense, Donald Trump, amenaz\u00f3 a M\u00e9xico conponer fin al Tratado de Libre Comercio de Am\u00e9rica del Norte (TLCAN o NAFTA) si el pa\u00eds no hace m\u00e1s por mejorar lo que considera un deficiente control de sus fronteras.<\/p>\n<p>\u00abM\u00e9xico hace muy poco, si no NADA para evitar que la gente llegue a trav\u00e9s de su frontera sur y despu\u00e9s venga a Estados Unidos\u00bb, escribi\u00f3 hoy Trump en su cuenta de Twiter. \u00abSe r\u00eden de nuestras leyes migratorias rid\u00edculas\u00bb, a\u00f1adi\u00f3.<\/p>\n<p>El Gobierno mexicano debe cesar \u00abel flujo de drogas y personas\u00bb porque en caso contrario Washington frenar\u00e1 \u00absu gallina de los huevos de oro\u00bb, el Nafta. \u00abNECESITAMOS EL MURO\u00bb, reiter\u00f3 en referencia al pol\u00e9mico muro que quiere levantar entre los dos pa\u00edses.<\/p>\n<p>El acuerdo de libre comercio que adem\u00e1s de a los dos pa\u00edses incluye a Canad\u00e1 est\u00e1 siendo renegociado en estos momentos por la presi\u00f3n del presidente estadounidenses.<\/p>\n<p>Trump a\u00f1adi\u00f3 en su cuenta de Twitter que ya no quiere m\u00e1s pactos para el llamado programa DACA (Acci\u00f3n Diferida para los Llegados en la Infancia), que protege temporalmente a j\u00f3venes migrantes y evita que sean deportados. Los \u00abgrandes flujos de personas\u00bb que llegaron a Estados Unidos por la frontera mexicana intentan aprovecharse del programa, escribi\u00f3.<\/p>\n<p>Trump puso fin al DACA lanzado por su predecesor Barack Obama y dio seis meses al congreso para que elaborar una nueva regulaci\u00f3n sobre la situaci\u00f3n de esos j\u00f3venes, conocidos como \u00abso\u00f1adores\u00bb. Varios intentos han fracaso por el momento y en estos momentos el programa sigue vigente debido a disputas jur\u00eddicas.<\/p>\n<p>Hasta ahora el presidente hab\u00eda declarado que quer\u00eda una soluci\u00f3n para el DACA y acusaba a la oposici\u00f3n dem\u00f3crata de dejar a los migrantes en la estacada por no facilitar la cuerdo. Sin embargo, las declaraciones de hoy siembran la incertidumbre sobre qu\u00e9 es lo que buscar\u00e1 ahora y si tras sus afirmaciones se ocultan planes pol\u00edticos concretos.<\/p>\n","protected":false},"excerpt":{"rendered":"<p>Palm Beach, 1 abr (dpa) &#8211; El presidente estadounidense, Donald Trump, amenaz\u00f3 a M\u00e9xico conponer fin al Tratado de Libre Comercio de Am\u00e9rica del Norte (TLCAN o NAFTA) si el pa\u00eds no hace m\u00e1s por mejorar lo que considera un deficiente control de sus fronteras. \u00abM\u00e9xico hace muy poco, si no NADA para evitar que [&hellip;]<\/p>\n","protected":false},"author":1,"featured_media":971766,"comment_status":"closed","ping_status":"closed","sticky":false,"template":"","format":"standard","meta":{"footnotes":""},"categories":[1],"tags":[],"class_list":["post-974390","post","type-post","status-publish","format-standard","has-post-thumbnail","hentry","category-actualidad"],"aioseo_notices":[],"aioseo_head":"\n\t\t<!-- All in One SEO Pro 5.0.1 - aioseo.com -->\n\t<meta name=\"description\" content=\"Palm Beach, 1 abr (dpa) - El presidente estadounidense, Donald Trump, amenaz\u00f3 a M\u00e9xico conponer fin al Tratado de Libre Comercio de Am\u00e9rica del Norte (TLCAN o NAFTA) si el pa\u00eds no hace m\u00e1s por mejorar lo que considera un deficiente control de sus fronteras. &quot;M\u00e9xico hace muy poco, si no NADA para evitar que\" \/>\n\t<meta name=\"robots\" content=\"max-image-preview:large\" \/>\n\t<meta name=\"author\" content=\"El Digital de Asturias\"\/>\n\t<meta name=\"google-site-verification\" content=\"UA-38556648-1\" \/>\n\t<meta name=\"msvalidate.01\" content=\"7dfe9f3f1b24437ab69f4f2559babe99\" \/>\n\t<meta name=\"keywords\" content=\"actualidad\" \/>\n\t<link rel=\"canonical\" href=\"https:\/\/www.eldigitaldeasturias.com\/noticias\/trump-amenaza-a-mexico-con-poner-fin-al-tratado-de-libre-comercio-de-america-del-norte\/\" \/>\n\t<meta name=\"generator\" content=\"All in One SEO Pro (AIOSEO) 5.0.1\" \/>\n\t\t<meta property=\"og:locale\" content=\"es_ES\" \/>\n\t\t<meta property=\"og:site_name\" content=\"El Digital de Asturias\" \/>\n\t\t<meta property=\"og:type\" content=\"article\" \/>\n\t\t<meta property=\"og:title\" content=\"Trump amenaza a M\u00e9xico con poner fin al Tratado de Libre Comercio de Am\u00e9rica del Norte - El Digital de Asturias\" \/>\n\t\t<meta property=\"og:description\" content=\"Palm Beach, 1 abr (dpa) - El presidente estadounidense, Donald Trump, amenaz\u00f3 a M\u00e9xico conponer fin al Tratado de Libre Comercio de Am\u00e9rica del Norte (TLCAN o NAFTA) si el pa\u00eds no hace m\u00e1s por mejorar lo que considera un deficiente control de sus fronteras. &quot;M\u00e9xico hace muy poco, si no NADA para evitar que\" \/>\n\t\t<meta property=\"og:url\" content=\"https:\/\/www.eldigitaldeasturias.com\/noticias\/trump-amenaza-a-mexico-con-poner-fin-al-tratado-de-libre-comercio-de-america-del-norte\/\" \/>\n\t\t<meta property=\"article:tag\" content=\"actualidad\" \/>\n\t\t<meta property=\"article:published_time\" content=\"2018-04-01T21:19:16+00:00\" \/>\n\t\t<meta property=\"article:modified_time\" content=\"2018-04-01T21:19:16+00:00\" \/>\n\t\t<meta property=\"article:publisher\" content=\"https:\/\/facebook.com\/eldigitaldeasturias\" \/>\n\t\t<meta name=\"twitter:card\" content=\"summary_large_image\" \/>\n\t\t<meta name=\"twitter:title\" content=\"Trump amenaza a M\u00e9xico con poner fin al Tratado de Libre Comercio de Am\u00e9rica del Norte - El Digital de Asturias\" \/>\n\t\t<meta name=\"twitter:description\" content=\"Palm Beach, 1 abr (dpa) - El presidente estadounidense, Donald Trump, amenaz\u00f3 a M\u00e9xico conponer fin al Tratado de Libre Comercio de Am\u00e9rica del Norte (TLCAN o NAFTA) si el pa\u00eds no hace m\u00e1s por mejorar lo que considera un deficiente control de sus fronteras. &quot;M\u00e9xico hace muy poco, si no NADA para evitar que\" \/>\n\t\t<meta name=\"twitter:image\" content=\"https:\/\/www.eldigitaldeasturias.com\/noticias\/wp-content\/uploads\/2020\/12\/EDA-1.jpg\" \/>\n\t\t<meta name=\"twitter:label1\" content=\"Escrito por\" \/>\n\t\t<meta name=\"twitter:data1\" content=\"El Digital de Asturias\" \/>\n\t\t<meta name=\"twitter:label2\" content=\"Tiempo de lectura estimado\" \/>\n\t\t<meta name=\"twitter:data2\" content=\"2 minutos\" \/>\n\t\t<script type=\"application\/ld+json\" class=\"aioseo-schema\">\n\t\t\t{\"@context\":\"https:\\\/\\\/schema.org\",\"@graph\":[{\"@type\":\"BlogPosting\",\"@id\":\"https:\\\/\\\/www.eldigitaldeasturias.com\\\/noticias\\\/trump-amenaza-a-mexico-con-poner-fin-al-tratado-de-libre-comercio-de-america-del-norte\\\/#blogposting\",\"name\":\"Trump amenaza a M\\u00e9xico con poner fin al Tratado de Libre Comercio de Am\\u00e9rica del Norte - El Digital de Asturias\",\"headline\":\"Trump amenaza a M\\u00e9xico con poner fin al Tratado de Libre Comercio de Am\\u00e9rica del Norte\",\"author\":{\"@id\":\"https:\\\/\\\/www.eldigitaldeasturias.com\\\/noticias\\\/author\\\/admin\\\/#author\"},\"publisher\":{\"@id\":\"https:\\\/\\\/www.eldigitaldeasturias.com\\\/noticias\\\/#organization\"},\"image\":{\"@type\":\"ImageObject\",\"url\":971766},\"datePublished\":\"2018-04-01T21:19:16+02:00\",\"dateModified\":\"2018-04-01T21:19:16+02:00\",\"inLanguage\":\"es-ES\",\"mainEntityOfPage\":{\"@id\":\"https:\\\/\\\/www.eldigitaldeasturias.com\\\/noticias\\\/trump-amenaza-a-mexico-con-poner-fin-al-tratado-de-libre-comercio-de-america-del-norte\\\/#webpage\"},\"isPartOf\":{\"@id\":\"https:\\\/\\\/www.eldigitaldeasturias.com\\\/noticias\\\/trump-amenaza-a-mexico-con-poner-fin-al-tratado-de-libre-comercio-de-america-del-norte\\\/#webpage\"},\"articleSection\":\"Actualidad\"},{\"@type\":\"BreadcrumbList\",\"@id\":\"https:\\\/\\\/www.eldigitaldeasturias.com\\\/noticias\\\/trump-amenaza-a-mexico-con-poner-fin-al-tratado-de-libre-comercio-de-america-del-norte\\\/#breadcrumblist\",\"itemListElement\":[{\"@type\":\"ListItem\",\"@id\":\"https:\\\/\\\/www.eldigitaldeasturias.com\\\/noticias#listItem\",\"position\":1,\"name\":\"Home\",\"item\":\"https:\\\/\\\/www.eldigitaldeasturias.com\\\/noticias\",\"nextItem\":{\"@type\":\"ListItem\",\"@id\":\"https:\\\/\\\/www.eldigitaldeasturias.com\\\/noticias\\\/category\\\/actualidad\\\/#listItem\",\"name\":\"Actualidad\"}},{\"@type\":\"ListItem\",\"@id\":\"https:\\\/\\\/www.eldigitaldeasturias.com\\\/noticias\\\/category\\\/actualidad\\\/#listItem\",\"position\":2,\"name\":\"Actualidad\",\"item\":\"https:\\\/\\\/www.eldigitaldeasturias.com\\\/noticias\\\/category\\\/actualidad\\\/\",\"nextItem\":{\"@type\":\"ListItem\",\"@id\":\"https:\\\/\\\/www.eldigitaldeasturias.com\\\/noticias\\\/trump-amenaza-a-mexico-con-poner-fin-al-tratado-de-libre-comercio-de-america-del-norte\\\/#listItem\",\"name\":\"Trump amenaza a M\\u00e9xico con poner fin al Tratado de Libre Comercio de Am\\u00e9rica del Norte\"},\"previousItem\":{\"@type\":\"ListItem\",\"@id\":\"https:\\\/\\\/www.eldigitaldeasturias.com\\\/noticias#listItem\",\"name\":\"Home\"}},{\"@type\":\"ListItem\",\"@id\":\"https:\\\/\\\/www.eldigitaldeasturias.com\\\/noticias\\\/trump-amenaza-a-mexico-con-poner-fin-al-tratado-de-libre-comercio-de-america-del-norte\\\/#listItem\",\"position\":3,\"name\":\"Trump amenaza a M\\u00e9xico con poner fin al Tratado de Libre Comercio de Am\\u00e9rica del Norte\",\"previousItem\":{\"@type\":\"ListItem\",\"@id\":\"https:\\\/\\\/www.eldigitaldeasturias.com\\\/noticias\\\/category\\\/actualidad\\\/#listItem\",\"name\":\"Actualidad\"}}]},{\"@type\":\"Organization\",\"@id\":\"https:\\\/\\\/www.eldigitaldeasturias.com\\\/noticias\\\/#organization\",\"name\":\"El Digital de Asturias\",\"description\":\"Hemeroteca\",\"url\":\"https:\\\/\\\/www.eldigitaldeasturias.com\\\/noticias\\\/\",\"email\":\"info@eldigitaldeasturias.com\",\"telephone\":\"+34652131393\",\"logo\":{\"@type\":\"ImageObject\",\"url\":\"https:\\\/\\\/www.eldigitaldeasturias.com\\\/noticias\\\/wp-content\\\/uploads\\\/2020\\\/12\\\/EDA.jpg\",\"@id\":\"https:\\\/\\\/www.eldigitaldeasturias.com\\\/noticias\\\/trump-amenaza-a-mexico-con-poner-fin-al-tratado-de-libre-comercio-de-america-del-norte\\\/#organizationLogo\"},\"image\":{\"@id\":\"https:\\\/\\\/www.eldigitaldeasturias.com\\\/noticias\\\/trump-amenaza-a-mexico-con-poner-fin-al-tratado-de-libre-comercio-de-america-del-norte\\\/#organizationLogo\"},\"sameAs\":[\"https:\\\/\\\/facebook.com\\\/eldigitaldeasturias\",\"https:\\\/\\\/www.youtube.com\\\/channel\\\/UCZP-2wLEB9Rv6erhFmqVnvg\"],\"address\":{\"@id\":\"https:\\\/\\\/www.eldigitaldeasturias.com\\\/noticias\\\/#postaladdress\",\"@type\":\"PostalAddress\",\"streetAddress\":\"san antonio 4\",\"postalCode\":\"33430\",\"addressLocality\":\"Cand\\u00e1s\",\"addressRegion\":\"Asturias\",\"addressCountry\":\"ES\"}},{\"@type\":\"Person\",\"@id\":\"https:\\\/\\\/www.eldigitaldeasturias.com\\\/noticias\\\/author\\\/admin\\\/#author\",\"url\":\"https:\\\/\\\/www.eldigitaldeasturias.com\\\/noticias\\\/author\\\/admin\\\/\",\"name\":\"El Digital de Asturias\",\"image\":{\"@type\":\"ImageObject\",\"@id\":\"https:\\\/\\\/www.eldigitaldeasturias.com\\\/noticias\\\/trump-amenaza-a-mexico-con-poner-fin-al-tratado-de-libre-comercio-de-america-del-norte\\\/#authorImage\",\"url\":\"https:\\\/\\\/secure.gravatar.com\\\/avatar\\\/df2aeffc32bcd13f8d26072ef8a91b623d677766deac7f97ca815868cd41bf5e?s=96&d=mm&r=g\",\"width\":96,\"height\":96,\"caption\":\"El Digital de Asturias\"}},{\"@type\":\"WebPage\",\"@id\":\"https:\\\/\\\/www.eldigitaldeasturias.com\\\/noticias\\\/trump-amenaza-a-mexico-con-poner-fin-al-tratado-de-libre-comercio-de-america-del-norte\\\/#webpage\",\"url\":\"https:\\\/\\\/www.eldigitaldeasturias.com\\\/noticias\\\/trump-amenaza-a-mexico-con-poner-fin-al-tratado-de-libre-comercio-de-america-del-norte\\\/\",\"name\":\"Trump amenaza a M\\u00e9xico con poner fin al Tratado de Libre Comercio de Am\\u00e9rica del Norte - El Digital de Asturias\",\"description\":\"Palm Beach, 1 abr (dpa) - El presidente estadounidense, Donald Trump, amenaz\\u00f3 a M\\u00e9xico conponer fin al Tratado de Libre Comercio de Am\\u00e9rica del Norte (TLCAN o NAFTA) si el pa\\u00eds no hace m\\u00e1s por mejorar lo que considera un deficiente control de sus fronteras. \\\"M\\u00e9xico hace muy poco, si no NADA para evitar que\",\"inLanguage\":\"es-ES\",\"isPartOf\":{\"@id\":\"https:\\\/\\\/www.eldigitaldeasturias.com\\\/noticias\\\/#website\"},\"breadcrumb\":{\"@id\":\"https:\\\/\\\/www.eldigitaldeasturias.com\\\/noticias\\\/trump-amenaza-a-mexico-con-poner-fin-al-tratado-de-libre-comercio-de-america-del-norte\\\/#breadcrumblist\"},\"author\":{\"@id\":\"https:\\\/\\\/www.eldigitaldeasturias.com\\\/noticias\\\/author\\\/admin\\\/#author\"},\"creator\":{\"@id\":\"https:\\\/\\\/www.eldigitaldeasturias.com\\\/noticias\\\/author\\\/admin\\\/#author\"},\"image\":{\"@type\":\"ImageObject\",\"url\":971766,\"@id\":\"https:\\\/\\\/www.eldigitaldeasturias.com\\\/noticias\\\/trump-amenaza-a-mexico-con-poner-fin-al-tratado-de-libre-comercio-de-america-del-norte\\\/#mainImage\"},\"primaryImageOfPage\":{\"@id\":\"https:\\\/\\\/www.eldigitaldeasturias.com\\\/noticias\\\/trump-amenaza-a-mexico-con-poner-fin-al-tratado-de-libre-comercio-de-america-del-norte\\\/#mainImage\"},\"datePublished\":\"2018-04-01T21:19:16+02:00\",\"dateModified\":\"2018-04-01T21:19:16+02:00\"},{\"@type\":\"WebSite\",\"@id\":\"https:\\\/\\\/www.eldigitaldeasturias.com\\\/noticias\\\/#website\",\"url\":\"https:\\\/\\\/www.eldigitaldeasturias.com\\\/noticias\\\/\",\"name\":\"El Digital de Asturias - Diario de actualidad y noticias\",\"alternateName\":\"El Digital de Asturias - Diario de actualidad y noticias\",\"description\":\"Hemeroteca\",\"inLanguage\":\"es-ES\",\"publisher\":{\"@id\":\"https:\\\/\\\/www.eldigitaldeasturias.com\\\/noticias\\\/#organization\"}}]}\n\t\t<\/script>\n\t\t<!-- All in One SEO Pro -->\r\n\t\t<title>Trump amenaza a M\u00e9xico con poner fin al Tratado de Libre Comercio de Am\u00e9rica del Norte - El Digital de Asturias<\/title>\n\n","aioseo_head_json":{"title":"Trump amenaza a M\u00e9xico con poner fin al Tratado de Libre Comercio de Am\u00e9rica del Norte - El Digital de Asturias","description":"Palm Beach, 1 abr (dpa) - El presidente estadounidense, Donald Trump, amenaz\u00f3 a M\u00e9xico conponer fin al Tratado de Libre Comercio de Am\u00e9rica del Norte (TLCAN o NAFTA) si el pa\u00eds no hace m\u00e1s por mejorar lo que considera un deficiente control de sus fronteras. \"M\u00e9xico hace muy poco, si no NADA para evitar que","canonical_url":"https:\/\/www.eldigitaldeasturias.com\/noticias\/trump-amenaza-a-mexico-con-poner-fin-al-tratado-de-libre-comercio-de-america-del-norte\/","robots":"max-image-preview:large","keywords":"actualidad","webmasterTools":{"google-site-verification":"UA-38556648-1","msvalidate.01":"7dfe9f3f1b24437ab69f4f2559babe99","miscellaneous":""},"schema":{"@context":"https:\/\/schema.org","@graph":[{"@type":"BlogPosting","@id":"https:\/\/www.eldigitaldeasturias.com\/noticias\/trump-amenaza-a-mexico-con-poner-fin-al-tratado-de-libre-comercio-de-america-del-norte\/#blogposting","name":"Trump amenaza a M\u00e9xico con poner fin al Tratado de Libre Comercio de Am\u00e9rica del Norte - El Digital de Asturias","headline":"Trump amenaza a M\u00e9xico con poner fin al Tratado de Libre Comercio de Am\u00e9rica del Norte","author":{"@id":"https:\/\/www.eldigitaldeasturias.com\/noticias\/author\/admin\/#author"},"publisher":{"@id":"https:\/\/www.eldigitaldeasturias.com\/noticias\/#organization"},"image":{"@type":"ImageObject","url":971766},"datePublished":"2018-04-01T21:19:16+02:00","dateModified":"2018-04-01T21:19:16+02:00","inLanguage":"es-ES","mainEntityOfPage":{"@id":"https:\/\/www.eldigitaldeasturias.com\/noticias\/trump-amenaza-a-mexico-con-poner-fin-al-tratado-de-libre-comercio-de-america-del-norte\/#webpage"},"isPartOf":{"@id":"https:\/\/www.eldigitaldeasturias.com\/noticias\/trump-amenaza-a-mexico-con-poner-fin-al-tratado-de-libre-comercio-de-america-del-norte\/#webpage"},"articleSection":"Actualidad"},{"@type":"BreadcrumbList","@id":"https:\/\/www.eldigitaldeasturias.com\/noticias\/trump-amenaza-a-mexico-con-poner-fin-al-tratado-de-libre-comercio-de-america-del-norte\/#breadcrumblist","itemListElement":[{"@type":"ListItem","@id":"https:\/\/www.eldigitaldeasturias.com\/noticias#listItem","position":1,"name":"Home","item":"https:\/\/www.eldigitaldeasturias.com\/noticias","nextItem":{"@type":"ListItem","@id":"https:\/\/www.eldigitaldeasturias.com\/noticias\/category\/actualidad\/#listItem","name":"Actualidad"}},{"@type":"ListItem","@id":"https:\/\/www.eldigitaldeasturias.com\/noticias\/category\/actualidad\/#listItem","position":2,"name":"Actualidad","item":"https:\/\/www.eldigitaldeasturias.com\/noticias\/category\/actualidad\/","nextItem":{"@type":"ListItem","@id":"https:\/\/www.eldigitaldeasturias.com\/noticias\/trump-amenaza-a-mexico-con-poner-fin-al-tratado-de-libre-comercio-de-america-del-norte\/#listItem","name":"Trump amenaza a M\u00e9xico con poner fin al Tratado de Libre Comercio de Am\u00e9rica del Norte"},"previousItem":{"@type":"ListItem","@id":"https:\/\/www.eldigitaldeasturias.com\/noticias#listItem","name":"Home"}},{"@type":"ListItem","@id":"https:\/\/www.eldigitaldeasturias.com\/noticias\/trump-amenaza-a-mexico-con-poner-fin-al-tratado-de-libre-comercio-de-america-del-norte\/#listItem","position":3,"name":"Trump amenaza a M\u00e9xico con poner fin al Tratado de Libre Comercio de Am\u00e9rica del Norte","previousItem":{"@type":"ListItem","@id":"https:\/\/www.eldigitaldeasturias.com\/noticias\/category\/actualidad\/#listItem","name":"Actualidad"}}]},{"@type":"Organization","@id":"https:\/\/www.eldigitaldeasturias.com\/noticias\/#organization","name":"El Digital de Asturias","description":"Hemeroteca","url":"https:\/\/www.eldigitaldeasturias.com\/noticias\/","email":"info@eldigitaldeasturias.com","telephone":"+34652131393","logo":{"@type":"ImageObject","url":"https:\/\/www.eldigitaldeasturias.com\/noticias\/wp-content\/uploads\/2020\/12\/EDA.jpg","@id":"https:\/\/www.eldigitaldeasturias.com\/noticias\/trump-amenaza-a-mexico-con-poner-fin-al-tratado-de-libre-comercio-de-america-del-norte\/#organizationLogo"},"image":{"@id":"https:\/\/www.eldigitaldeasturias.com\/noticias\/trump-amenaza-a-mexico-con-poner-fin-al-tratado-de-libre-comercio-de-america-del-norte\/#organizationLogo"},"sameAs":["https:\/\/facebook.com\/eldigitaldeasturias","https:\/\/www.youtube.com\/channel\/UCZP-2wLEB9Rv6erhFmqVnvg"],"address":{"@id":"https:\/\/www.eldigitaldeasturias.com\/noticias\/#postaladdress","@type":"PostalAddress","streetAddress":"san antonio 4","postalCode":"33430","addressLocality":"Cand\u00e1s","addressRegion":"Asturias","addressCountry":"ES"}},{"@type":"Person","@id":"https:\/\/www.eldigitaldeasturias.com\/noticias\/author\/admin\/#author","url":"https:\/\/www.eldigitaldeasturias.com\/noticias\/author\/admin\/","name":"El Digital de Asturias","image":{"@type":"ImageObject","@id":"https:\/\/www.eldigitaldeasturias.com\/noticias\/trump-amenaza-a-mexico-con-poner-fin-al-tratado-de-libre-comercio-de-america-del-norte\/#authorImage","url":"https:\/\/secure.gravatar.com\/avatar\/df2aeffc32bcd13f8d26072ef8a91b623d677766deac7f97ca815868cd41bf5e?s=96&d=mm&r=g","width":96,"height":96,"caption":"El Digital de Asturias"}},{"@type":"WebPage","@id":"https:\/\/www.eldigitaldeasturias.com\/noticias\/trump-amenaza-a-mexico-con-poner-fin-al-tratado-de-libre-comercio-de-america-del-norte\/#webpage","url":"https:\/\/www.eldigitaldeasturias.com\/noticias\/trump-amenaza-a-mexico-con-poner-fin-al-tratado-de-libre-comercio-de-america-del-norte\/","name":"Trump amenaza a M\u00e9xico con poner fin al Tratado de Libre Comercio de Am\u00e9rica del Norte - El Digital de Asturias","description":"Palm Beach, 1 abr (dpa) - El presidente estadounidense, Donald Trump, amenaz\u00f3 a M\u00e9xico conponer fin al Tratado de Libre Comercio de Am\u00e9rica del Norte (TLCAN o NAFTA) si el pa\u00eds no hace m\u00e1s por mejorar lo que considera un deficiente control de sus fronteras. \"M\u00e9xico hace muy poco, si no NADA para evitar que","inLanguage":"es-ES","isPartOf":{"@id":"https:\/\/www.eldigitaldeasturias.com\/noticias\/#website"},"breadcrumb":{"@id":"https:\/\/www.eldigitaldeasturias.com\/noticias\/trump-amenaza-a-mexico-con-poner-fin-al-tratado-de-libre-comercio-de-america-del-norte\/#breadcrumblist"},"author":{"@id":"https:\/\/www.eldigitaldeasturias.com\/noticias\/author\/admin\/#author"},"creator":{"@id":"https:\/\/www.eldigitaldeasturias.com\/noticias\/author\/admin\/#author"},"image":{"@type":"ImageObject","url":971766,"@id":"https:\/\/www.eldigitaldeasturias.com\/noticias\/trump-amenaza-a-mexico-con-poner-fin-al-tratado-de-libre-comercio-de-america-del-norte\/#mainImage"},"primaryImageOfPage":{"@id":"https:\/\/www.eldigitaldeasturias.com\/noticias\/trump-amenaza-a-mexico-con-poner-fin-al-tratado-de-libre-comercio-de-america-del-norte\/#mainImage"},"datePublished":"2018-04-01T21:19:16+02:00","dateModified":"2018-04-01T21:19:16+02:00"},{"@type":"WebSite","@id":"https:\/\/www.eldigitaldeasturias.com\/noticias\/#website","url":"https:\/\/www.eldigitaldeasturias.com\/noticias\/","name":"El Digital de Asturias - Diario de actualidad y noticias","alternateName":"El Digital de Asturias - Diario de actualidad y noticias","description":"Hemeroteca","inLanguage":"es-ES","publisher":{"@id":"https:\/\/www.eldigitaldeasturias.com\/noticias\/#organization"}}]},"og:locale":"es_ES","og:site_name":"El Digital de Asturias","og:type":"article","og:title":"Trump amenaza a M\u00e9xico con poner fin al Tratado de Libre Comercio de Am\u00e9rica del Norte - El Digital de Asturias","og:description":"Palm Beach, 1 abr (dpa) - El presidente estadounidense, Donald Trump, amenaz\u00f3 a M\u00e9xico conponer fin al Tratado de Libre Comercio de Am\u00e9rica del Norte (TLCAN o NAFTA) si el pa\u00eds no hace m\u00e1s por mejorar lo que considera un deficiente control de sus fronteras. &quot;M\u00e9xico hace muy poco, si no NADA para evitar que","og:url":"https:\/\/www.eldigitaldeasturias.com\/noticias\/trump-amenaza-a-mexico-con-poner-fin-al-tratado-de-libre-comercio-de-america-del-norte\/","article:tag":["actualidad"],"article:published_time":"2018-04-01T21:19:16+00:00","article:modified_time":"2018-04-01T21:19:16+00:00","article:publisher":"https:\/\/facebook.com\/eldigitaldeasturias","twitter:card":"summary_large_image","twitter:title":"Trump amenaza a M\u00e9xico con poner fin al Tratado de Libre Comercio de Am\u00e9rica del Norte - El Digital de Asturias","twitter:description":"Palm Beach, 1 abr (dpa) - El presidente estadounidense, Donald Trump, amenaz\u00f3 a M\u00e9xico conponer fin al Tratado de Libre Comercio de Am\u00e9rica del Norte (TLCAN o NAFTA) si el pa\u00eds no hace m\u00e1s por mejorar lo que considera un deficiente control de sus fronteras. &quot;M\u00e9xico hace muy poco, si no NADA para evitar que","twitter:image":"https:\/\/www.eldigitaldeasturias.com\/noticias\/wp-content\/uploads\/2020\/12\/EDA-1.jpg","twitter:label1":"Escrito por","twitter:data1":"El Digital de Asturias","twitter:label2":"Tiempo de lectura estimado","twitter:data2":"2 minutos"},"aioseo_meta_data":{"post_id":"974390","title":null,"description":null,"keywords":null,"keyphrases":null,"primary_term":null,"canonical_url":null,"og_title":null,"og_description":null,"og_object_type":"default","og_image_type":"default","og_image_url":null,"og_image_width":null,"og_image_height":null,"og_image_custom_url":null,"og_image_custom_fields":null,"og_video":null,"og_custom_url":null,"og_article_section":null,"og_article_tags":null,"twitter_use_og":false,"twitter_card":"default","twitter_image_type":"default","twitter_image_url":null,"twitter_image_custom_url":null,"twitter_image_custom_fields":null,"twitter_title":null,"twitter_description":null,"schema":{"blockGraphs":[],"customGraphs":[],"default":{"data":{"Article":[],"Course":[],"Dataset":[],"FAQPage":[],"Movie":[],"Person":[],"Product":[],"ProductReview":[],"Car":[],"Recipe":[],"Service":[],"SoftwareApplication":[],"WebPage":[]},"graphName":"","isEnabled":true},"graphs":[],"defaultGraph":"","defaultPostTypeGraph":""},"schema_type":null,"schema_type_options":null,"pillar_content":false,"robots_default":true,"robots_noindex":false,"robots_noarchive":false,"robots_nosnippet":false,"robots_nofollow":false,"robots_noimageindex":false,"robots_noodp":false,"robots_notranslate":false,"robots_max_snippet":null,"robots_max_videopreview":null,"robots_max_imagepreview":"large","priority":null,"frequency":null,"local_seo":null,"seo_analyzer_scan_date":"2025-10-07 20:04:16","breadcrumb_settings":null,"limit_modified_date":false,"open_ai":null,"ai":null,"created":"2020-12-21 12:13:39","updated":"2025-10-07 20:04:16","focus_keyword":null,"additional_keywords":null,"truseo_locale":null},"aioseo_breadcrumb":"<div class=\"aioseo-breadcrumbs\"><span class=\"aioseo-breadcrumb\">\n\t<a href=\"https:\/\/www.eldigitaldeasturias.com\/noticias\" title=\"Home\">Home<\/a>\n<\/span><span class=\"aioseo-breadcrumb-separator\">\u2013<\/span><span class=\"aioseo-breadcrumb\">\n\t<a href=\"https:\/\/www.eldigitaldeasturias.com\/noticias\/category\/actualidad\/\" title=\"Actualidad\">Actualidad<\/a>\n<\/span><span class=\"aioseo-breadcrumb-separator\">\u2013<\/span><span class=\"aioseo-breadcrumb\">\n\t<a href=\"https:\/\/www.eldigitaldeasturias.com\/noticias\/trump-amenaza-a-mexico-con-poner-fin-al-tratado-de-libre-comercio-de-america-del-norte\/\" title=\"Trump amenaza a M\u00e9xico con poner fin al Tratado de Libre Comercio de Am\u00e9rica del Norte\">Trump amenaza a M\u00e9xico con poner fin al Tratado de Libre Comercio de Am\u00e9rica del Norte<\/a>\n<\/span><\/div>","aioseo_breadcrumb_json":[{"label":"Home","link":"https:\/\/www.eldigitaldeasturias.com\/noticias"},{"label":"Actualidad","link":"https:\/\/www.eldigitaldeasturias.com\/noticias\/category\/actualidad\/"},{"label":"Trump amenaza a M\u00e9xico con poner fin al Tratado de Libre Comercio de Am\u00e9rica del Norte","link":"https:\/\/www.eldigitaldeasturias.com\/noticias\/trump-amenaza-a-mexico-con-poner-fin-al-tratado-de-libre-comercio-de-america-del-norte\/"}],"_links":{"self":[{"href":"https:\/\/www.eldigitaldeasturias.com\/noticias\/wp-json\/wp\/v2\/posts\/974390","targetHints":{"allow":["GET"]}}],"collection":[{"href":"https:\/\/www.eldigitaldeasturias.com\/noticias\/wp-json\/wp\/v2\/posts"}],"about":[{"href":"https:\/\/www.eldigitaldeasturias.com\/noticias\/wp-json\/wp\/v2\/types\/post"}],"author":[{"embeddable":true,"href":"https:\/\/www.eldigitaldeasturias.com\/noticias\/wp-json\/wp\/v2\/users\/1"}],"replies":[{"embeddable":true,"href":"https:\/\/www.eldigitaldeasturias.com\/noticias\/wp-json\/wp\/v2\/comments?post=974390"}],"version-history":[{"count":0,"href":"https:\/\/www.eldigitaldeasturias.com\/noticias\/wp-json\/wp\/v2\/posts\/974390\/revisions"}],"wp:attachment":[{"href":"https:\/\/www.eldigitaldeasturias.com\/noticias\/wp-json\/wp\/v2\/media?parent=974390"}],"wp:term":[{"taxonomy":"category","embeddable":true,"href":"https:\/\/www.eldigitaldeasturias.com\/noticias\/wp-json\/wp\/v2\/categories?post=974390"},{"taxonomy":"post_tag","embeddable":true,"href":"https:\/\/www.eldigitaldeasturias.com\/noticias\/wp-json\/wp\/v2\/tags?post=974390"}],"curies":[{"name":"wp","href":"https:\/\/api.w.org\/{rel}","templated":true}]}}