{"id":974388,"date":"2018-04-01T21:17:09","date_gmt":"2018-04-01T21:17:09","guid":{"rendered":"http:\/\/www.eldigitaldeasturias.com\/noticias\/?p=974388"},"modified":"2018-04-01T21:17:09","modified_gmt":"2018-04-01T21:17:09","slug":"puigdemont-se-mantiene-firme-en-sus-ideas-no-hay-retorno-posible","status":"publish","type":"post","link":"https:\/\/www.eldigitaldeasturias.com\/noticias\/puigdemont-se-mantiene-firme-en-sus-ideas-no-hay-retorno-posible\/","title":{"rendered":"Puigdemont se mantiene firme en sus ideas: \u00abNo hay retorno posible\u00bb"},"content":{"rendered":"<p><img loading=\"lazy\" decoding=\"async\" class=\"alignleft size-medium wp-image-973532\" src=\"https:\/\/www.eldigitaldeasturias.com\/noticias\/wp-content\/uploads\/2018\/03\/Puigdemont-360x202.jpg\" alt=\"\" width=\"360\" height=\"202\" \/>Madrid\/Berl\u00edn, 1 abr (dpa) &#8211; Mientras espera en prisi\u00f3n una decisi\u00f3n de la Justicia alemana sobre su extradici\u00f3n a Espa\u00f1a, el l\u00edder independentista catal\u00e1n Carles Puigdemont se mantiene firme en sus ideas: hoy, cuando se cumplen seis meses del turbulento refer\u00e9ndum ilegal celebrado en Catalu\u00f1a, asegur\u00f3 que \u00abno hay retorno posible\u00bb.<\/p>\n<p>\u00abSeis meses despu\u00e9s del 1 de octubre, somos presos pol\u00edticos pero libres de esp\u00edritu\u00bb, reza un mensaje publicado en sus cuentas de Twitter e Instagram, que actualmente manejan sus colaboradores.<\/p>\n<p>\u00abAquella jornada de dignidad popular y barbarie policial fue el inicio de una nueva era de la cual no hay retorno posible. Ayer, hoy y siempre a vuestro lado\u00bb, a\u00f1ade en alusi\u00f3n a la consulta, que dej\u00f3 varios cientos de heridos por los altercados entre votantes y polic\u00edas.<\/p>\n<p>El ex jefe del Gobierno de Catalu\u00f1a, destituido a final de octubre por Madrid a ra\u00edz de la escalada de su proceso independentista, fue detenido hace una semana en un \u00e1rea de servicio del norte de Alemania en virtud de una orden de arresto europea emitida por el Tribunal Supremo espa\u00f1ol, que lo investiga por rebeli\u00f3n y malversaci\u00f3n.<\/p>\n<p>El pasado lunes, la Justicia alemana decidi\u00f3 mantener al l\u00edder independentista en la c\u00e1rcel de Neum\u00fcnster, en el norte de Alemania, mientras se estudia su posible entrega a Espa\u00f1a. La decisi\u00f3n podr\u00eda conocerse la pr\u00f3xima semana, tras la Semana Santa.<\/p>\n<p>Hoy, la emisora Catalunya R\u00e0dio difundi\u00f3 un mensaje de voz en el que Puigdemont insta a no \u00abbajar la guardia ante un Estado que se comporta cada vez de manera m\u00e1s autoritaria y recortando m\u00e1s derechos fundamentales\u00bb.<\/p>\n<p>\u00abEl mensaje que tenemos que tener muy claro es que tengo que continuar adelante. Estamos defendiendo nuestros derechos\u00bb, a\u00f1ade el pol\u00edtico, abogando por luchar \u00abde forma no violenta y civilizada\u00bb.<\/p>\n<p>El mensaje fue grabado por el diputado alem\u00e1n de La Izquierda Diether Dehm, quien visit\u00f3 a Puigdemont en la prisi\u00f3n de Neum\u00fcnster junto a su compa\u00f1era de partido Zaklin Nastic.<\/p>\n<p>Seg\u00fan explic\u00f3 Dehm a la salida del centro penitenciario, el l\u00edder separatista catal\u00e1n tiene miedo a ser extraditado a Espa\u00f1a. \u00abLa Justicia espa\u00f1ola es muy diferente a la alemana\u00bb, le dijo al pol\u00edtico postcomunista durante su encuentro, seg\u00fan explic\u00f3 \u00e9ste despu\u00e9s.<\/p>\n<p>Puigdemont, adem\u00e1s, cant\u00f3 una canci\u00f3n que expresa \u00abla voluntad de paz del pueblo catal\u00e1n\u00bb a sus visitantes, seg\u00fan revel\u00f3 Dehm.<\/p>\n<p>Mientras, unas 200 personas se concentraron con \u00abesteladas\u00bb (banderas independentistas catalanas) en la emblem\u00e1tica Puerta de Brandenburgo de Berl\u00edn para pedir su liberaci\u00f3n, convocadas por la entidad civil separatista Asamblea Nacional Catalana (ANC).<\/p>\n<p>Con pancartas escritas en alem\u00e1n en las que se pod\u00edan leer mensajes como \u00abLibertad para los presos pol\u00edticos catalanes\u00bb o \u00abLibertad para Puigdemont\u00bb, los asistentes mostraron su apoyo a Puigdemont, a otros l\u00edderes separatistas encarcelados y aquellos que huyeron desde Catalu\u00f1a al extranjero para evitar ser detenidos.<\/p>\n<p>\u00abLos alcaldes nos hemos reunido y nos hemos conjurado todos para demostrar que lo que pas\u00f3 el d\u00eda 1 de octubre fue un refer\u00e9ndum sin violencia y la violencia es la base que est\u00e1n argumentando para poder mantener retenido al presidente Puigdemont en Alemania as\u00ed como a otros exiliados y a otra gente que est\u00e1 en prisi\u00f3n preventiva\u00bb, declar\u00f3 a dpa Davil Saldoni, alcalde de Sallent y presidente de la Asociaci\u00f3n Catalana de Municipios y Comarcas (ACM).<\/p>\n<p>En otro gesto de protesta y \u00abdesobediencia civil\u00bb, esta vez en Catalu\u00f1a, activistas de los llamados Comit\u00e9s de Defensa de la Rep\u00fablica (CDR) desmontaron las barreras del peaje de una autopista para que los veh\u00edculos pudieran pasar sin pagar tras las vacaciones de Semana Santa bajo el lema \u00abPasas directo hacia la Rep\u00fablica\u00bb.<\/p>\n<p>Catalu\u00f1a se encuentra bloqueada desde hace meses, sin Gobierno e intervenida administrativamente por Madrid. Los partidos separatistas obtuvieron mayor\u00eda absoluta en las elecciones celebradas el 21 de diciembre, pero hasta ahora no han conseguido investir un presidente.<\/p>\n<p>Su primer candidato, Puigdemont, no pudo revalidar el cargo al encontrarse pr\u00f3fugo fuera de Espa\u00f1a, pero parte del independentismo sigue insistiendo en que \u00e9l es el \u00abpresident\u00bb leg\u00edtimo.<\/p>\n<p>Todos los miembros del que fue su Gobierno est\u00e1n investigados por la Justicia espa\u00f1ola por el proceso soberanista. Algunos de ellos se encuentran en prisi\u00f3n y otros, fuera del pa\u00eds.<\/p>\n<p>Hoy, el ex presidente del Gobierno catal\u00e1n Artur Mas, el hombre que puso en marcha el proceso independentista, se mostr\u00f3 contrario a nombrar jefe del Ejecutivo regional a Puigdemont porque \u00abconllevar\u00eda abrir procesos penales contra m\u00e1s personas\u00bb, advirti\u00f3.<\/p>\n<p>\u00abSe tiene que ver si esto vale la pena, tras tener a tanta gente fuera del pa\u00eds, o si es mejor rearmar fuerzas y tirar hacia adelante\u00bb, se\u00f1al\u00f3 en una entrevista a la radio catalana RAC1.<\/p>\n<p><i class=\"lang-es\"><span class=\" readonly\" title=\"\">Por Julia Ranniko, Mar\u00eda Prieto y Ana L\u00e1zaro (dpa)<\/span><\/i><\/p>\n","protected":false},"excerpt":{"rendered":"<p>Madrid\/Berl\u00edn, 1 abr (dpa) &#8211; Mientras espera en prisi\u00f3n una decisi\u00f3n de la Justicia alemana sobre su extradici\u00f3n a Espa\u00f1a, el l\u00edder independentista catal\u00e1n Carles Puigdemont se mantiene firme en sus ideas: hoy, cuando se cumplen seis meses del turbulento refer\u00e9ndum ilegal celebrado en Catalu\u00f1a, asegur\u00f3 que \u00abno hay retorno posible\u00bb. \u00abSeis meses despu\u00e9s del [&hellip;]<\/p>\n","protected":false},"author":1,"featured_media":973562,"comment_status":"closed","ping_status":"closed","sticky":false,"template":"","format":"standard","meta":{"footnotes":""},"categories":[1],"tags":[],"class_list":["post-974388","post","type-post","status-publish","format-standard","has-post-thumbnail","hentry","category-actualidad"],"aioseo_notices":[],"aioseo_head":"\n\t\t<!-- All in One SEO Pro 5.0.1 - aioseo.com -->\n\t<meta name=\"description\" content=\"Madrid\/Berl\u00edn, 1 abr (dpa) - Mientras espera en prisi\u00f3n una decisi\u00f3n de la Justicia alemana sobre su extradici\u00f3n a Espa\u00f1a, el l\u00edder independentista catal\u00e1n Carles Puigdemont se mantiene firme en sus ideas: hoy, cuando se cumplen seis meses del turbulento refer\u00e9ndum ilegal celebrado en Catalu\u00f1a, asegur\u00f3 que &quot;no hay retorno posible&quot;. &quot;Seis meses despu\u00e9s del\" \/>\n\t<meta name=\"robots\" content=\"max-image-preview:large\" \/>\n\t<meta name=\"author\" content=\"El Digital de Asturias\"\/>\n\t<meta name=\"google-site-verification\" content=\"UA-38556648-1\" \/>\n\t<meta name=\"msvalidate.01\" content=\"7dfe9f3f1b24437ab69f4f2559babe99\" \/>\n\t<meta name=\"keywords\" content=\"actualidad\" \/>\n\t<link rel=\"canonical\" href=\"https:\/\/www.eldigitaldeasturias.com\/noticias\/puigdemont-se-mantiene-firme-en-sus-ideas-no-hay-retorno-posible\/\" \/>\n\t<meta name=\"generator\" content=\"All in One SEO Pro (AIOSEO) 5.0.1\" \/>\n\t\t<meta property=\"og:locale\" content=\"es_ES\" \/>\n\t\t<meta property=\"og:site_name\" content=\"El Digital de Asturias\" \/>\n\t\t<meta property=\"og:type\" content=\"article\" \/>\n\t\t<meta property=\"og:title\" content=\"Puigdemont se mantiene firme en sus ideas: \u00abNo hay retorno posible\u00bb - El Digital de Asturias\" \/>\n\t\t<meta property=\"og:description\" content=\"Madrid\/Berl\u00edn, 1 abr (dpa) - Mientras espera en prisi\u00f3n una decisi\u00f3n de la Justicia alemana sobre su extradici\u00f3n a Espa\u00f1a, el l\u00edder independentista catal\u00e1n Carles Puigdemont se mantiene firme en sus ideas: hoy, cuando se cumplen seis meses del turbulento refer\u00e9ndum ilegal celebrado en Catalu\u00f1a, asegur\u00f3 que &quot;no hay retorno posible&quot;. &quot;Seis meses despu\u00e9s del\" \/>\n\t\t<meta property=\"og:url\" content=\"https:\/\/www.eldigitaldeasturias.com\/noticias\/puigdemont-se-mantiene-firme-en-sus-ideas-no-hay-retorno-posible\/\" \/>\n\t\t<meta property=\"article:tag\" content=\"actualidad\" \/>\n\t\t<meta property=\"article:published_time\" content=\"2018-04-01T21:17:09+00:00\" \/>\n\t\t<meta property=\"article:modified_time\" content=\"2018-04-01T21:17:09+00:00\" \/>\n\t\t<meta property=\"article:publisher\" content=\"https:\/\/facebook.com\/eldigitaldeasturias\" \/>\n\t\t<meta name=\"twitter:card\" content=\"summary_large_image\" \/>\n\t\t<meta name=\"twitter:title\" content=\"Puigdemont se mantiene firme en sus ideas: \u00abNo hay retorno posible\u00bb - El Digital de Asturias\" \/>\n\t\t<meta name=\"twitter:description\" content=\"Madrid\/Berl\u00edn, 1 abr (dpa) - Mientras espera en prisi\u00f3n una decisi\u00f3n de la Justicia alemana sobre su extradici\u00f3n a Espa\u00f1a, el l\u00edder independentista catal\u00e1n Carles Puigdemont se mantiene firme en sus ideas: hoy, cuando se cumplen seis meses del turbulento refer\u00e9ndum ilegal celebrado en Catalu\u00f1a, asegur\u00f3 que &quot;no hay retorno posible&quot;. &quot;Seis meses despu\u00e9s del\" \/>\n\t\t<meta name=\"twitter:image\" content=\"https:\/\/www.eldigitaldeasturias.com\/noticias\/wp-content\/uploads\/2020\/12\/EDA-1.jpg\" \/>\n\t\t<meta name=\"twitter:label1\" content=\"Escrito por\" \/>\n\t\t<meta name=\"twitter:data1\" content=\"El Digital de Asturias\" \/>\n\t\t<meta name=\"twitter:label2\" content=\"Tiempo de lectura estimado\" \/>\n\t\t<meta name=\"twitter:data2\" content=\"4 minutos\" \/>\n\t\t<script type=\"application\/ld+json\" class=\"aioseo-schema\">\n\t\t\t{\"@context\":\"https:\\\/\\\/schema.org\",\"@graph\":[{\"@type\":\"BlogPosting\",\"@id\":\"https:\\\/\\\/www.eldigitaldeasturias.com\\\/noticias\\\/puigdemont-se-mantiene-firme-en-sus-ideas-no-hay-retorno-posible\\\/#blogposting\",\"name\":\"Puigdemont se mantiene firme en sus ideas: \\u00abNo hay retorno posible\\u00bb - El Digital de Asturias\",\"headline\":\"Puigdemont se mantiene firme en sus ideas: \\u00abNo hay retorno posible\\u00bb\",\"author\":{\"@id\":\"https:\\\/\\\/www.eldigitaldeasturias.com\\\/noticias\\\/author\\\/admin\\\/#author\"},\"publisher\":{\"@id\":\"https:\\\/\\\/www.eldigitaldeasturias.com\\\/noticias\\\/#organization\"},\"image\":{\"@type\":\"ImageObject\",\"url\":973562},\"datePublished\":\"2018-04-01T21:17:09+02:00\",\"dateModified\":\"2018-04-01T21:17:09+02:00\",\"inLanguage\":\"es-ES\",\"mainEntityOfPage\":{\"@id\":\"https:\\\/\\\/www.eldigitaldeasturias.com\\\/noticias\\\/puigdemont-se-mantiene-firme-en-sus-ideas-no-hay-retorno-posible\\\/#webpage\"},\"isPartOf\":{\"@id\":\"https:\\\/\\\/www.eldigitaldeasturias.com\\\/noticias\\\/puigdemont-se-mantiene-firme-en-sus-ideas-no-hay-retorno-posible\\\/#webpage\"},\"articleSection\":\"Actualidad\"},{\"@type\":\"BreadcrumbList\",\"@id\":\"https:\\\/\\\/www.eldigitaldeasturias.com\\\/noticias\\\/puigdemont-se-mantiene-firme-en-sus-ideas-no-hay-retorno-posible\\\/#breadcrumblist\",\"itemListElement\":[{\"@type\":\"ListItem\",\"@id\":\"https:\\\/\\\/www.eldigitaldeasturias.com\\\/noticias#listItem\",\"position\":1,\"name\":\"Home\",\"item\":\"https:\\\/\\\/www.eldigitaldeasturias.com\\\/noticias\",\"nextItem\":{\"@type\":\"ListItem\",\"@id\":\"https:\\\/\\\/www.eldigitaldeasturias.com\\\/noticias\\\/category\\\/actualidad\\\/#listItem\",\"name\":\"Actualidad\"}},{\"@type\":\"ListItem\",\"@id\":\"https:\\\/\\\/www.eldigitaldeasturias.com\\\/noticias\\\/category\\\/actualidad\\\/#listItem\",\"position\":2,\"name\":\"Actualidad\",\"item\":\"https:\\\/\\\/www.eldigitaldeasturias.com\\\/noticias\\\/category\\\/actualidad\\\/\",\"nextItem\":{\"@type\":\"ListItem\",\"@id\":\"https:\\\/\\\/www.eldigitaldeasturias.com\\\/noticias\\\/puigdemont-se-mantiene-firme-en-sus-ideas-no-hay-retorno-posible\\\/#listItem\",\"name\":\"Puigdemont se mantiene firme en sus ideas: \\u00abNo hay retorno posible\\u00bb\"},\"previousItem\":{\"@type\":\"ListItem\",\"@id\":\"https:\\\/\\\/www.eldigitaldeasturias.com\\\/noticias#listItem\",\"name\":\"Home\"}},{\"@type\":\"ListItem\",\"@id\":\"https:\\\/\\\/www.eldigitaldeasturias.com\\\/noticias\\\/puigdemont-se-mantiene-firme-en-sus-ideas-no-hay-retorno-posible\\\/#listItem\",\"position\":3,\"name\":\"Puigdemont se mantiene firme en sus ideas: \\u00abNo hay retorno posible\\u00bb\",\"previousItem\":{\"@type\":\"ListItem\",\"@id\":\"https:\\\/\\\/www.eldigitaldeasturias.com\\\/noticias\\\/category\\\/actualidad\\\/#listItem\",\"name\":\"Actualidad\"}}]},{\"@type\":\"Organization\",\"@id\":\"https:\\\/\\\/www.eldigitaldeasturias.com\\\/noticias\\\/#organization\",\"name\":\"El Digital de Asturias\",\"description\":\"Hemeroteca\",\"url\":\"https:\\\/\\\/www.eldigitaldeasturias.com\\\/noticias\\\/\",\"email\":\"info@eldigitaldeasturias.com\",\"telephone\":\"+34652131393\",\"logo\":{\"@type\":\"ImageObject\",\"url\":\"https:\\\/\\\/www.eldigitaldeasturias.com\\\/noticias\\\/wp-content\\\/uploads\\\/2020\\\/12\\\/EDA.jpg\",\"@id\":\"https:\\\/\\\/www.eldigitaldeasturias.com\\\/noticias\\\/puigdemont-se-mantiene-firme-en-sus-ideas-no-hay-retorno-posible\\\/#organizationLogo\"},\"image\":{\"@id\":\"https:\\\/\\\/www.eldigitaldeasturias.com\\\/noticias\\\/puigdemont-se-mantiene-firme-en-sus-ideas-no-hay-retorno-posible\\\/#organizationLogo\"},\"sameAs\":[\"https:\\\/\\\/facebook.com\\\/eldigitaldeasturias\",\"https:\\\/\\\/www.youtube.com\\\/channel\\\/UCZP-2wLEB9Rv6erhFmqVnvg\"],\"address\":{\"@id\":\"https:\\\/\\\/www.eldigitaldeasturias.com\\\/noticias\\\/#postaladdress\",\"@type\":\"PostalAddress\",\"streetAddress\":\"san antonio 4\",\"postalCode\":\"33430\",\"addressLocality\":\"Cand\\u00e1s\",\"addressRegion\":\"Asturias\",\"addressCountry\":\"ES\"}},{\"@type\":\"Person\",\"@id\":\"https:\\\/\\\/www.eldigitaldeasturias.com\\\/noticias\\\/author\\\/admin\\\/#author\",\"url\":\"https:\\\/\\\/www.eldigitaldeasturias.com\\\/noticias\\\/author\\\/admin\\\/\",\"name\":\"El Digital de Asturias\",\"image\":{\"@type\":\"ImageObject\",\"@id\":\"https:\\\/\\\/www.eldigitaldeasturias.com\\\/noticias\\\/puigdemont-se-mantiene-firme-en-sus-ideas-no-hay-retorno-posible\\\/#authorImage\",\"url\":\"https:\\\/\\\/secure.gravatar.com\\\/avatar\\\/df2aeffc32bcd13f8d26072ef8a91b623d677766deac7f97ca815868cd41bf5e?s=96&d=mm&r=g\",\"width\":96,\"height\":96,\"caption\":\"El Digital de Asturias\"}},{\"@type\":\"WebPage\",\"@id\":\"https:\\\/\\\/www.eldigitaldeasturias.com\\\/noticias\\\/puigdemont-se-mantiene-firme-en-sus-ideas-no-hay-retorno-posible\\\/#webpage\",\"url\":\"https:\\\/\\\/www.eldigitaldeasturias.com\\\/noticias\\\/puigdemont-se-mantiene-firme-en-sus-ideas-no-hay-retorno-posible\\\/\",\"name\":\"Puigdemont se mantiene firme en sus ideas: \\u00abNo hay retorno posible\\u00bb - El Digital de Asturias\",\"description\":\"Madrid\\\/Berl\\u00edn, 1 abr (dpa) - Mientras espera en prisi\\u00f3n una decisi\\u00f3n de la Justicia alemana sobre su extradici\\u00f3n a Espa\\u00f1a, el l\\u00edder independentista catal\\u00e1n Carles Puigdemont se mantiene firme en sus ideas: hoy, cuando se cumplen seis meses del turbulento refer\\u00e9ndum ilegal celebrado en Catalu\\u00f1a, asegur\\u00f3 que \\\"no hay retorno posible\\\". \\\"Seis meses despu\\u00e9s del\",\"inLanguage\":\"es-ES\",\"isPartOf\":{\"@id\":\"https:\\\/\\\/www.eldigitaldeasturias.com\\\/noticias\\\/#website\"},\"breadcrumb\":{\"@id\":\"https:\\\/\\\/www.eldigitaldeasturias.com\\\/noticias\\\/puigdemont-se-mantiene-firme-en-sus-ideas-no-hay-retorno-posible\\\/#breadcrumblist\"},\"author\":{\"@id\":\"https:\\\/\\\/www.eldigitaldeasturias.com\\\/noticias\\\/author\\\/admin\\\/#author\"},\"creator\":{\"@id\":\"https:\\\/\\\/www.eldigitaldeasturias.com\\\/noticias\\\/author\\\/admin\\\/#author\"},\"image\":{\"@type\":\"ImageObject\",\"url\":973562,\"@id\":\"https:\\\/\\\/www.eldigitaldeasturias.com\\\/noticias\\\/puigdemont-se-mantiene-firme-en-sus-ideas-no-hay-retorno-posible\\\/#mainImage\"},\"primaryImageOfPage\":{\"@id\":\"https:\\\/\\\/www.eldigitaldeasturias.com\\\/noticias\\\/puigdemont-se-mantiene-firme-en-sus-ideas-no-hay-retorno-posible\\\/#mainImage\"},\"datePublished\":\"2018-04-01T21:17:09+02:00\",\"dateModified\":\"2018-04-01T21:17:09+02:00\"},{\"@type\":\"WebSite\",\"@id\":\"https:\\\/\\\/www.eldigitaldeasturias.com\\\/noticias\\\/#website\",\"url\":\"https:\\\/\\\/www.eldigitaldeasturias.com\\\/noticias\\\/\",\"name\":\"El Digital de Asturias - Diario de actualidad y noticias\",\"alternateName\":\"El Digital de Asturias - Diario de actualidad y noticias\",\"description\":\"Hemeroteca\",\"inLanguage\":\"es-ES\",\"publisher\":{\"@id\":\"https:\\\/\\\/www.eldigitaldeasturias.com\\\/noticias\\\/#organization\"}}]}\n\t\t<\/script>\n\t\t<!-- All in One SEO Pro -->\r\n\t\t<title>Puigdemont se mantiene firme en sus ideas: \u00abNo hay retorno posible\u00bb - El Digital de Asturias<\/title>\n\n","aioseo_head_json":{"title":"Puigdemont se mantiene firme en sus ideas: \u00abNo hay retorno posible\u00bb - El Digital de Asturias","description":"Madrid\/Berl\u00edn, 1 abr (dpa) - Mientras espera en prisi\u00f3n una decisi\u00f3n de la Justicia alemana sobre su extradici\u00f3n a Espa\u00f1a, el l\u00edder independentista catal\u00e1n Carles Puigdemont se mantiene firme en sus ideas: hoy, cuando se cumplen seis meses del turbulento refer\u00e9ndum ilegal celebrado en Catalu\u00f1a, asegur\u00f3 que \"no hay retorno posible\". \"Seis meses despu\u00e9s del","canonical_url":"https:\/\/www.eldigitaldeasturias.com\/noticias\/puigdemont-se-mantiene-firme-en-sus-ideas-no-hay-retorno-posible\/","robots":"max-image-preview:large","keywords":"actualidad","webmasterTools":{"google-site-verification":"UA-38556648-1","msvalidate.01":"7dfe9f3f1b24437ab69f4f2559babe99","miscellaneous":""},"schema":{"@context":"https:\/\/schema.org","@graph":[{"@type":"BlogPosting","@id":"https:\/\/www.eldigitaldeasturias.com\/noticias\/puigdemont-se-mantiene-firme-en-sus-ideas-no-hay-retorno-posible\/#blogposting","name":"Puigdemont se mantiene firme en sus ideas: \u00abNo hay retorno posible\u00bb - El Digital de Asturias","headline":"Puigdemont se mantiene firme en sus ideas: \u00abNo hay retorno posible\u00bb","author":{"@id":"https:\/\/www.eldigitaldeasturias.com\/noticias\/author\/admin\/#author"},"publisher":{"@id":"https:\/\/www.eldigitaldeasturias.com\/noticias\/#organization"},"image":{"@type":"ImageObject","url":973562},"datePublished":"2018-04-01T21:17:09+02:00","dateModified":"2018-04-01T21:17:09+02:00","inLanguage":"es-ES","mainEntityOfPage":{"@id":"https:\/\/www.eldigitaldeasturias.com\/noticias\/puigdemont-se-mantiene-firme-en-sus-ideas-no-hay-retorno-posible\/#webpage"},"isPartOf":{"@id":"https:\/\/www.eldigitaldeasturias.com\/noticias\/puigdemont-se-mantiene-firme-en-sus-ideas-no-hay-retorno-posible\/#webpage"},"articleSection":"Actualidad"},{"@type":"BreadcrumbList","@id":"https:\/\/www.eldigitaldeasturias.com\/noticias\/puigdemont-se-mantiene-firme-en-sus-ideas-no-hay-retorno-posible\/#breadcrumblist","itemListElement":[{"@type":"ListItem","@id":"https:\/\/www.eldigitaldeasturias.com\/noticias#listItem","position":1,"name":"Home","item":"https:\/\/www.eldigitaldeasturias.com\/noticias","nextItem":{"@type":"ListItem","@id":"https:\/\/www.eldigitaldeasturias.com\/noticias\/category\/actualidad\/#listItem","name":"Actualidad"}},{"@type":"ListItem","@id":"https:\/\/www.eldigitaldeasturias.com\/noticias\/category\/actualidad\/#listItem","position":2,"name":"Actualidad","item":"https:\/\/www.eldigitaldeasturias.com\/noticias\/category\/actualidad\/","nextItem":{"@type":"ListItem","@id":"https:\/\/www.eldigitaldeasturias.com\/noticias\/puigdemont-se-mantiene-firme-en-sus-ideas-no-hay-retorno-posible\/#listItem","name":"Puigdemont se mantiene firme en sus ideas: \u00abNo hay retorno posible\u00bb"},"previousItem":{"@type":"ListItem","@id":"https:\/\/www.eldigitaldeasturias.com\/noticias#listItem","name":"Home"}},{"@type":"ListItem","@id":"https:\/\/www.eldigitaldeasturias.com\/noticias\/puigdemont-se-mantiene-firme-en-sus-ideas-no-hay-retorno-posible\/#listItem","position":3,"name":"Puigdemont se mantiene firme en sus ideas: \u00abNo hay retorno posible\u00bb","previousItem":{"@type":"ListItem","@id":"https:\/\/www.eldigitaldeasturias.com\/noticias\/category\/actualidad\/#listItem","name":"Actualidad"}}]},{"@type":"Organization","@id":"https:\/\/www.eldigitaldeasturias.com\/noticias\/#organization","name":"El Digital de Asturias","description":"Hemeroteca","url":"https:\/\/www.eldigitaldeasturias.com\/noticias\/","email":"info@eldigitaldeasturias.com","telephone":"+34652131393","logo":{"@type":"ImageObject","url":"https:\/\/www.eldigitaldeasturias.com\/noticias\/wp-content\/uploads\/2020\/12\/EDA.jpg","@id":"https:\/\/www.eldigitaldeasturias.com\/noticias\/puigdemont-se-mantiene-firme-en-sus-ideas-no-hay-retorno-posible\/#organizationLogo"},"image":{"@id":"https:\/\/www.eldigitaldeasturias.com\/noticias\/puigdemont-se-mantiene-firme-en-sus-ideas-no-hay-retorno-posible\/#organizationLogo"},"sameAs":["https:\/\/facebook.com\/eldigitaldeasturias","https:\/\/www.youtube.com\/channel\/UCZP-2wLEB9Rv6erhFmqVnvg"],"address":{"@id":"https:\/\/www.eldigitaldeasturias.com\/noticias\/#postaladdress","@type":"PostalAddress","streetAddress":"san antonio 4","postalCode":"33430","addressLocality":"Cand\u00e1s","addressRegion":"Asturias","addressCountry":"ES"}},{"@type":"Person","@id":"https:\/\/www.eldigitaldeasturias.com\/noticias\/author\/admin\/#author","url":"https:\/\/www.eldigitaldeasturias.com\/noticias\/author\/admin\/","name":"El Digital de Asturias","image":{"@type":"ImageObject","@id":"https:\/\/www.eldigitaldeasturias.com\/noticias\/puigdemont-se-mantiene-firme-en-sus-ideas-no-hay-retorno-posible\/#authorImage","url":"https:\/\/secure.gravatar.com\/avatar\/df2aeffc32bcd13f8d26072ef8a91b623d677766deac7f97ca815868cd41bf5e?s=96&d=mm&r=g","width":96,"height":96,"caption":"El Digital de Asturias"}},{"@type":"WebPage","@id":"https:\/\/www.eldigitaldeasturias.com\/noticias\/puigdemont-se-mantiene-firme-en-sus-ideas-no-hay-retorno-posible\/#webpage","url":"https:\/\/www.eldigitaldeasturias.com\/noticias\/puigdemont-se-mantiene-firme-en-sus-ideas-no-hay-retorno-posible\/","name":"Puigdemont se mantiene firme en sus ideas: \u00abNo hay retorno posible\u00bb - El Digital de Asturias","description":"Madrid\/Berl\u00edn, 1 abr (dpa) - Mientras espera en prisi\u00f3n una decisi\u00f3n de la Justicia alemana sobre su extradici\u00f3n a Espa\u00f1a, el l\u00edder independentista catal\u00e1n Carles Puigdemont se mantiene firme en sus ideas: hoy, cuando se cumplen seis meses del turbulento refer\u00e9ndum ilegal celebrado en Catalu\u00f1a, asegur\u00f3 que \"no hay retorno posible\". \"Seis meses despu\u00e9s del","inLanguage":"es-ES","isPartOf":{"@id":"https:\/\/www.eldigitaldeasturias.com\/noticias\/#website"},"breadcrumb":{"@id":"https:\/\/www.eldigitaldeasturias.com\/noticias\/puigdemont-se-mantiene-firme-en-sus-ideas-no-hay-retorno-posible\/#breadcrumblist"},"author":{"@id":"https:\/\/www.eldigitaldeasturias.com\/noticias\/author\/admin\/#author"},"creator":{"@id":"https:\/\/www.eldigitaldeasturias.com\/noticias\/author\/admin\/#author"},"image":{"@type":"ImageObject","url":973562,"@id":"https:\/\/www.eldigitaldeasturias.com\/noticias\/puigdemont-se-mantiene-firme-en-sus-ideas-no-hay-retorno-posible\/#mainImage"},"primaryImageOfPage":{"@id":"https:\/\/www.eldigitaldeasturias.com\/noticias\/puigdemont-se-mantiene-firme-en-sus-ideas-no-hay-retorno-posible\/#mainImage"},"datePublished":"2018-04-01T21:17:09+02:00","dateModified":"2018-04-01T21:17:09+02:00"},{"@type":"WebSite","@id":"https:\/\/www.eldigitaldeasturias.com\/noticias\/#website","url":"https:\/\/www.eldigitaldeasturias.com\/noticias\/","name":"El Digital de Asturias - Diario de actualidad y noticias","alternateName":"El Digital de Asturias - Diario de actualidad y noticias","description":"Hemeroteca","inLanguage":"es-ES","publisher":{"@id":"https:\/\/www.eldigitaldeasturias.com\/noticias\/#organization"}}]},"og:locale":"es_ES","og:site_name":"El Digital de Asturias","og:type":"article","og:title":"Puigdemont se mantiene firme en sus ideas: \u00abNo hay retorno posible\u00bb - El Digital de Asturias","og:description":"Madrid\/Berl\u00edn, 1 abr (dpa) - Mientras espera en prisi\u00f3n una decisi\u00f3n de la Justicia alemana sobre su extradici\u00f3n a Espa\u00f1a, el l\u00edder independentista catal\u00e1n Carles Puigdemont se mantiene firme en sus ideas: hoy, cuando se cumplen seis meses del turbulento refer\u00e9ndum ilegal celebrado en Catalu\u00f1a, asegur\u00f3 que &quot;no hay retorno posible&quot;. &quot;Seis meses despu\u00e9s del","og:url":"https:\/\/www.eldigitaldeasturias.com\/noticias\/puigdemont-se-mantiene-firme-en-sus-ideas-no-hay-retorno-posible\/","article:tag":["actualidad"],"article:published_time":"2018-04-01T21:17:09+00:00","article:modified_time":"2018-04-01T21:17:09+00:00","article:publisher":"https:\/\/facebook.com\/eldigitaldeasturias","twitter:card":"summary_large_image","twitter:title":"Puigdemont se mantiene firme en sus ideas: \u00abNo hay retorno posible\u00bb - El Digital de Asturias","twitter:description":"Madrid\/Berl\u00edn, 1 abr (dpa) - Mientras espera en prisi\u00f3n una decisi\u00f3n de la Justicia alemana sobre su extradici\u00f3n a Espa\u00f1a, el l\u00edder independentista catal\u00e1n Carles Puigdemont se mantiene firme en sus ideas: hoy, cuando se cumplen seis meses del turbulento refer\u00e9ndum ilegal celebrado en Catalu\u00f1a, asegur\u00f3 que &quot;no hay retorno posible&quot;. &quot;Seis meses despu\u00e9s del","twitter:image":"https:\/\/www.eldigitaldeasturias.com\/noticias\/wp-content\/uploads\/2020\/12\/EDA-1.jpg","twitter:label1":"Escrito por","twitter:data1":"El Digital de Asturias","twitter:label2":"Tiempo de lectura estimado","twitter:data2":"4 minutos"},"aioseo_meta_data":{"post_id":"974388","title":null,"description":null,"keywords":null,"keyphrases":null,"primary_term":null,"canonical_url":null,"og_title":null,"og_description":null,"og_object_type":"default","og_image_type":"default","og_image_url":null,"og_image_width":null,"og_image_height":null,"og_image_custom_url":null,"og_image_custom_fields":null,"og_video":null,"og_custom_url":null,"og_article_section":null,"og_article_tags":null,"twitter_use_og":false,"twitter_card":"default","twitter_image_type":"default","twitter_image_url":null,"twitter_image_custom_url":null,"twitter_image_custom_fields":null,"twitter_title":null,"twitter_description":null,"schema":{"blockGraphs":[],"customGraphs":[],"default":{"data":{"Article":[],"Course":[],"Dataset":[],"FAQPage":[],"Movie":[],"Person":[],"Product":[],"ProductReview":[],"Car":[],"Recipe":[],"Service":[],"SoftwareApplication":[],"WebPage":[]},"graphName":"","isEnabled":true},"graphs":[],"defaultGraph":"","defaultPostTypeGraph":""},"schema_type":null,"schema_type_options":null,"pillar_content":false,"robots_default":true,"robots_noindex":false,"robots_noarchive":false,"robots_nosnippet":false,"robots_nofollow":false,"robots_noimageindex":false,"robots_noodp":false,"robots_notranslate":false,"robots_max_snippet":null,"robots_max_videopreview":null,"robots_max_imagepreview":"large","priority":null,"frequency":null,"local_seo":null,"seo_analyzer_scan_date":"2025-10-07 20:04:15","breadcrumb_settings":null,"limit_modified_date":false,"open_ai":null,"ai":null,"created":"2020-12-21 12:13:39","updated":"2025-10-07 20:04:15","focus_keyword":null,"additional_keywords":null,"truseo_locale":null},"aioseo_breadcrumb":"<div class=\"aioseo-breadcrumbs\"><span class=\"aioseo-breadcrumb\">\n\t<a href=\"https:\/\/www.eldigitaldeasturias.com\/noticias\" title=\"Home\">Home<\/a>\n<\/span><span class=\"aioseo-breadcrumb-separator\">\u2013<\/span><span class=\"aioseo-breadcrumb\">\n\t<a href=\"https:\/\/www.eldigitaldeasturias.com\/noticias\/category\/actualidad\/\" title=\"Actualidad\">Actualidad<\/a>\n<\/span><span class=\"aioseo-breadcrumb-separator\">\u2013<\/span><span class=\"aioseo-breadcrumb\">\n\t<a href=\"https:\/\/www.eldigitaldeasturias.com\/noticias\/puigdemont-se-mantiene-firme-en-sus-ideas-no-hay-retorno-posible\/\" title=\"Puigdemont se mantiene firme en sus ideas: \u00abNo hay retorno posible\u00bb\">Puigdemont se mantiene firme en sus ideas: \u00abNo hay retorno posible\u00bb<\/a>\n<\/span><\/div>","aioseo_breadcrumb_json":[{"label":"Home","link":"https:\/\/www.eldigitaldeasturias.com\/noticias"},{"label":"Actualidad","link":"https:\/\/www.eldigitaldeasturias.com\/noticias\/category\/actualidad\/"},{"label":"Puigdemont se mantiene firme en sus ideas: \u00abNo hay retorno posible\u00bb","link":"https:\/\/www.eldigitaldeasturias.com\/noticias\/puigdemont-se-mantiene-firme-en-sus-ideas-no-hay-retorno-posible\/"}],"_links":{"self":[{"href":"https:\/\/www.eldigitaldeasturias.com\/noticias\/wp-json\/wp\/v2\/posts\/974388","targetHints":{"allow":["GET"]}}],"collection":[{"href":"https:\/\/www.eldigitaldeasturias.com\/noticias\/wp-json\/wp\/v2\/posts"}],"about":[{"href":"https:\/\/www.eldigitaldeasturias.com\/noticias\/wp-json\/wp\/v2\/types\/post"}],"author":[{"embeddable":true,"href":"https:\/\/www.eldigitaldeasturias.com\/noticias\/wp-json\/wp\/v2\/users\/1"}],"replies":[{"embeddable":true,"href":"https:\/\/www.eldigitaldeasturias.com\/noticias\/wp-json\/wp\/v2\/comments?post=974388"}],"version-history":[{"count":0,"href":"https:\/\/www.eldigitaldeasturias.com\/noticias\/wp-json\/wp\/v2\/posts\/974388\/revisions"}],"wp:attachment":[{"href":"https:\/\/www.eldigitaldeasturias.com\/noticias\/wp-json\/wp\/v2\/media?parent=974388"}],"wp:term":[{"taxonomy":"category","embeddable":true,"href":"https:\/\/www.eldigitaldeasturias.com\/noticias\/wp-json\/wp\/v2\/categories?post=974388"},{"taxonomy":"post_tag","embeddable":true,"href":"https:\/\/www.eldigitaldeasturias.com\/noticias\/wp-json\/wp\/v2\/tags?post=974388"}],"curies":[{"name":"wp","href":"https:\/\/api.w.org\/{rel}","templated":true}]}}