{"id":974383,"date":"2018-04-01T21:11:23","date_gmt":"2018-04-01T21:11:23","guid":{"rendered":"http:\/\/www.eldigitaldeasturias.com\/noticias\/?p=974383"},"modified":"2018-04-01T21:11:23","modified_gmt":"2018-04-01T21:11:23","slug":"lopez-obrador-y-meade-arrancan-sus-campanas-al-grito-de-presidente","status":"publish","type":"post","link":"https:\/\/www.eldigitaldeasturias.com\/noticias\/lopez-obrador-y-meade-arrancan-sus-campanas-al-grito-de-presidente\/","title":{"rendered":"L\u00f3pez Obrador y Meade arrancan sus campa\u00f1as al grito de \u00abpresidente\u00bb"},"content":{"rendered":"<p><img loading=\"lazy\" decoding=\"async\" class=\"alignleft size-medium wp-image-974384\" src=\"https:\/\/www.eldigitaldeasturias.com\/noticias\/wp-content\/uploads\/2018\/04\/mexico-city-2267090_1280-360x240.jpg\" alt=\"\" width=\"360\" height=\"240\" \/>M\u00e9rida\/Ciudad Juarez, 1 abr (dpa) &#8211; Ante miles de simpatizantes que les gritaban \u00abpresidente, presidente\u00bb, el l\u00edder opositor mexicano Andr\u00e9s Manuel L\u00f3pez Obrador y el oficialista Jos\u00e9 Antonio Meade iniciaron hoy sus respectivas campa\u00f1as electorales, uno en el norte y el otro en el este del pa\u00eds, con mensajes contra la corrupci\u00f3n.<\/p>\n<p>L\u00f3pez Obrador, de 64 a\u00f1os, ex alcalde centroizquierdista de Ciudad de M\u00e9xico, encabeza las encuestas para el 1 de julio con su discurso antisistema en su tercera vez como candidato presidencial y dedic\u00f3 palabras de advertencia al presidente estadounidense, Donald Trump.<\/p>\n<p>El pol\u00edtico nacionalista reuni\u00f3 a sus simpatizantes ante el Monumento a Benito Ju\u00e1rez de Ciudad Ju\u00e1rez, en la frontera con Estados Unidos, mientras que Meade hizo un acto en el Centro de Convenciones de M\u00e9rida, en Yucat\u00e1n.<\/p>\n<p>\u00abNi M\u00e9xico ni su pueblo va a ser pi\u00f1ata de ning\u00fan Gobierno extranjero\u00bb, indic\u00f3 L\u00f3pez Obrador. Tambi\u00e9n pidi\u00f3 que se deje para despu\u00e9s de las elecciones la conclusi\u00f3n del Tratado de Libre Comercio de Am\u00e9rica del Norte (TLCAN o Nafta), que est\u00e1 siendo renegociado por Estados Unidos, M\u00e9xico y Canad\u00e1 bajo presi\u00f3n de Trump.<\/p>\n<p>\u00abLa f\u00f3rmula que proponemos consiste en acabar con la corrupci\u00f3n, con la impunidad y con los privilegios\u00bb, agreg\u00f3 el candidato de la alianza Juntos Haremos Historia, al abordar uno de los temas centrales en esta campa\u00f1a, y dijo que va a \u00abcortar el copete de privilegios que hay en el Gobierno\u00bb.<\/p>\n<p>Meade, un experimentado ex ministro sin militancia partidista de 49 a\u00f1os, postulado por el oficialista Partido Revolucionario Institucional (PRI), plante\u00f3 el reto de las urnas como una elecci\u00f3n entre pasado y futuro.<\/p>\n<p>\u00abEsta elecci\u00f3n se reduce a s\u00f3lo dos opciones: avanzar unidos o retroceder\u00bb, dijo el candidato oficialista, en impl\u00edcita alusi\u00f3n a L\u00f3pez Obrador, mientras sus seguidores gritaban \u00abVamos a ganar, vamos a ganar\u00bb.<\/p>\n<p>El PRI, que gobern\u00f3 siete d\u00e9cadas seguidas hasta 2000 y regres\u00f3 al poder en 2012 con Enrique Pe\u00f1a Nieto, lo eligi\u00f3 como candidato externo como arma para revertir su mala imagen y mantenerse en el poder.<\/p>\n<p>Las encuestas colocan a L\u00f3pez Obrador, que ya fue candidato en 2006 y 2012, como holgado l\u00edder con m\u00e1s de la tercera parte de la intenci\u00f3n de voto y a unos diez puntos de distancia del segundo lugar.<\/p>\n<p>En segundo sitio se ubica casi siempre el opositor de centro Ricardo Anaya, mientras que Meade, abanderado de la alianza Todos por M\u00e9xico que encabeza el PRI, est\u00e1 tercero en la mayor\u00eda de los sondeos.<\/p>\n<p>\u00abNo dejemos que nos arrebaten el futuro de nuestros hijos con falsas promesas\u00bb, dijo Meade, que hizo referencia indirecta a algunas de las propuestas controvertidas de L\u00f3pez Obrador al presentar su proyecto.<\/p>\n<p>Meade, que fue ministro de Energ\u00eda, Hacienda, Relaciones Exteriores y Desarrollo Social en dos gobiernos de distintos partidos, present\u00f3 en M\u00e9rida un programa de siete puntos centrado en la lucha contra la corrupci\u00f3n, el combate a la inseguridad y programas sociales.<\/p>\n<p>Adem\u00e1s, prometi\u00f3 combatir con firmeza la corrupci\u00f3n, principal bandera de L\u00f3pez Obrador. \u00abLos mexicanos estamos hartos de la corrupci\u00f3n. Ser\u00e9 implacable para combatirla\u00bb, dijo Meade, que se\u00f1al\u00f3 que ser\u00e1 el primer presidente sin fuero. \u00abMe comprometo a sacar la corrupci\u00f3n de la pol\u00edtica\u00bb, prometi\u00f3.<\/p>\n<p>Meade dijo que estar\u00e1 del lado de las v\u00edctimas y no de los criminales, luego de que L\u00f3pez Obrador planteara la posibilidad de una amnist\u00eda para pacificar el pa\u00eds.<\/p>\n<p>A su vez, L\u00f3pez Obrador afirm\u00f3 que cancelar\u00e1 la construcci\u00f3n del nuevo aeropuerto de Ciudad de M\u00e9xico, un proyecto de 13.000 millones de d\u00f3lares que ya est\u00e1 en marcha, que establecer\u00e1 precios de garant\u00eda para los productos del campo para detener la migraci\u00f3n y que impulsar\u00e1 el desarrollo interno.<\/p>\n<p>L\u00f3pez Obrador escogi\u00f3 Ciudad Ju\u00e1rez para su lanzamiento por el peso hist\u00f3rico de la ciudad en varios momentos del pa\u00eds, desde la independencia y la revoluci\u00f3n mexicana a la restauraci\u00f3n de la Rep\u00fablica en el siglo XIX.<\/p>\n<p>\u00abCiudad Ju\u00e1rez, antes Paso del Norte, ha sido testigo de hechos hist\u00f3ricos trascendentes y punto de partida de importantes transformaciones. Por eso decidimos iniciar nuestra campa\u00f1a aqu\u00ed en este sitio\u00bb, dijo el candidato opositor, que dice que quiere una transformaci\u00f3n radical de M\u00e9xico.<\/p>\n<p>La campa\u00f1a electoral empez\u00f3 de manera formal el viernes pero L\u00f3pez Obrador y Meade prefirieron dejar pasar las fechas de Semana Santa para su lanzamiento.<\/p>\n<p>Ese d\u00eda s\u00f3lo hicieron actos Anaya, postulado por la alianza de centroizquierda-centroderecha Por M\u00e9xico al Frente, y la independiente Margarita Zavala, esposa del ex presidente conservador Felipe Calder\u00f3n (2006-2012).<\/p>\n<p><i class=\"lang-es\"><span class=\" readonly\" title=\"\">Por Andrea Sosa Cabrios y Sonia Aguilar (dpa)<\/span><\/i><\/p>\n","protected":false},"excerpt":{"rendered":"<p>M\u00e9rida\/Ciudad Juarez, 1 abr (dpa) &#8211; Ante miles de simpatizantes que les gritaban \u00abpresidente, presidente\u00bb, el l\u00edder opositor mexicano Andr\u00e9s Manuel L\u00f3pez Obrador y el oficialista Jos\u00e9 Antonio Meade iniciaron hoy sus respectivas campa\u00f1as electorales, uno en el norte y el otro en el este del pa\u00eds, con mensajes contra la corrupci\u00f3n. L\u00f3pez Obrador, de [&hellip;]<\/p>\n","protected":false},"author":1,"featured_media":974384,"comment_status":"closed","ping_status":"closed","sticky":false,"template":"","format":"standard","meta":{"footnotes":""},"categories":[1],"tags":[],"class_list":["post-974383","post","type-post","status-publish","format-standard","has-post-thumbnail","hentry","category-actualidad"],"aioseo_notices":[],"aioseo_head":"\n\t\t<!-- All in One SEO Pro 5.0.1 - aioseo.com -->\n\t<meta name=\"description\" content=\"M\u00e9rida\/Ciudad Juarez, 1 abr (dpa) - Ante miles de simpatizantes que les gritaban &quot;presidente, presidente&quot;, el l\u00edder opositor mexicano Andr\u00e9s Manuel L\u00f3pez Obrador y el oficialista Jos\u00e9 Antonio Meade iniciaron hoy sus respectivas campa\u00f1as electorales, uno en el norte y el otro en el este del pa\u00eds, con mensajes contra la corrupci\u00f3n. L\u00f3pez Obrador, de\" \/>\n\t<meta name=\"robots\" content=\"max-image-preview:large\" \/>\n\t<meta name=\"author\" content=\"El Digital de Asturias\"\/>\n\t<meta name=\"google-site-verification\" content=\"UA-38556648-1\" \/>\n\t<meta name=\"msvalidate.01\" content=\"7dfe9f3f1b24437ab69f4f2559babe99\" \/>\n\t<meta name=\"keywords\" content=\"actualidad\" \/>\n\t<link rel=\"canonical\" href=\"https:\/\/www.eldigitaldeasturias.com\/noticias\/lopez-obrador-y-meade-arrancan-sus-campanas-al-grito-de-presidente\/\" \/>\n\t<meta name=\"generator\" content=\"All in One SEO Pro (AIOSEO) 5.0.1\" \/>\n\t\t<meta property=\"og:locale\" content=\"es_ES\" \/>\n\t\t<meta property=\"og:site_name\" content=\"El Digital de Asturias\" \/>\n\t\t<meta property=\"og:type\" content=\"article\" \/>\n\t\t<meta property=\"og:title\" content=\"L\u00f3pez Obrador y Meade arrancan sus campa\u00f1as al grito de \u00abpresidente\u00bb - El Digital de Asturias\" \/>\n\t\t<meta property=\"og:description\" content=\"M\u00e9rida\/Ciudad Juarez, 1 abr (dpa) - Ante miles de simpatizantes que les gritaban &quot;presidente, presidente&quot;, el l\u00edder opositor mexicano Andr\u00e9s Manuel L\u00f3pez Obrador y el oficialista Jos\u00e9 Antonio Meade iniciaron hoy sus respectivas campa\u00f1as electorales, uno en el norte y el otro en el este del pa\u00eds, con mensajes contra la corrupci\u00f3n. L\u00f3pez Obrador, de\" \/>\n\t\t<meta property=\"og:url\" content=\"https:\/\/www.eldigitaldeasturias.com\/noticias\/lopez-obrador-y-meade-arrancan-sus-campanas-al-grito-de-presidente\/\" \/>\n\t\t<meta property=\"article:tag\" content=\"actualidad\" \/>\n\t\t<meta property=\"article:published_time\" content=\"2018-04-01T21:11:23+00:00\" \/>\n\t\t<meta property=\"article:modified_time\" content=\"2018-04-01T21:11:23+00:00\" \/>\n\t\t<meta property=\"article:publisher\" content=\"https:\/\/facebook.com\/eldigitaldeasturias\" \/>\n\t\t<meta name=\"twitter:card\" content=\"summary_large_image\" \/>\n\t\t<meta name=\"twitter:title\" content=\"L\u00f3pez Obrador y Meade arrancan sus campa\u00f1as al grito de \u00abpresidente\u00bb - El Digital de Asturias\" \/>\n\t\t<meta name=\"twitter:description\" content=\"M\u00e9rida\/Ciudad Juarez, 1 abr (dpa) - Ante miles de simpatizantes que les gritaban &quot;presidente, presidente&quot;, el l\u00edder opositor mexicano Andr\u00e9s Manuel L\u00f3pez Obrador y el oficialista Jos\u00e9 Antonio Meade iniciaron hoy sus respectivas campa\u00f1as electorales, uno en el norte y el otro en el este del pa\u00eds, con mensajes contra la corrupci\u00f3n. L\u00f3pez Obrador, de\" \/>\n\t\t<meta name=\"twitter:image\" content=\"https:\/\/www.eldigitaldeasturias.com\/noticias\/wp-content\/uploads\/2020\/12\/EDA-1.jpg\" \/>\n\t\t<meta name=\"twitter:label1\" content=\"Escrito por\" \/>\n\t\t<meta name=\"twitter:data1\" content=\"El Digital de Asturias\" \/>\n\t\t<meta name=\"twitter:label2\" content=\"Tiempo de lectura estimado\" \/>\n\t\t<meta name=\"twitter:data2\" content=\"4 minutos\" \/>\n\t\t<script type=\"application\/ld+json\" class=\"aioseo-schema\">\n\t\t\t{\"@context\":\"https:\\\/\\\/schema.org\",\"@graph\":[{\"@type\":\"BlogPosting\",\"@id\":\"https:\\\/\\\/www.eldigitaldeasturias.com\\\/noticias\\\/lopez-obrador-y-meade-arrancan-sus-campanas-al-grito-de-presidente\\\/#blogposting\",\"name\":\"L\\u00f3pez Obrador y Meade arrancan sus campa\\u00f1as al grito de \\u00abpresidente\\u00bb - El Digital de Asturias\",\"headline\":\"L\\u00f3pez Obrador y Meade arrancan sus campa\\u00f1as al grito de \\u00abpresidente\\u00bb\",\"author\":{\"@id\":\"https:\\\/\\\/www.eldigitaldeasturias.com\\\/noticias\\\/author\\\/admin\\\/#author\"},\"publisher\":{\"@id\":\"https:\\\/\\\/www.eldigitaldeasturias.com\\\/noticias\\\/#organization\"},\"image\":{\"@type\":\"ImageObject\",\"url\":974384},\"datePublished\":\"2018-04-01T21:11:23+02:00\",\"dateModified\":\"2018-04-01T21:11:23+02:00\",\"inLanguage\":\"es-ES\",\"mainEntityOfPage\":{\"@id\":\"https:\\\/\\\/www.eldigitaldeasturias.com\\\/noticias\\\/lopez-obrador-y-meade-arrancan-sus-campanas-al-grito-de-presidente\\\/#webpage\"},\"isPartOf\":{\"@id\":\"https:\\\/\\\/www.eldigitaldeasturias.com\\\/noticias\\\/lopez-obrador-y-meade-arrancan-sus-campanas-al-grito-de-presidente\\\/#webpage\"},\"articleSection\":\"Actualidad\"},{\"@type\":\"BreadcrumbList\",\"@id\":\"https:\\\/\\\/www.eldigitaldeasturias.com\\\/noticias\\\/lopez-obrador-y-meade-arrancan-sus-campanas-al-grito-de-presidente\\\/#breadcrumblist\",\"itemListElement\":[{\"@type\":\"ListItem\",\"@id\":\"https:\\\/\\\/www.eldigitaldeasturias.com\\\/noticias#listItem\",\"position\":1,\"name\":\"Home\",\"item\":\"https:\\\/\\\/www.eldigitaldeasturias.com\\\/noticias\",\"nextItem\":{\"@type\":\"ListItem\",\"@id\":\"https:\\\/\\\/www.eldigitaldeasturias.com\\\/noticias\\\/category\\\/actualidad\\\/#listItem\",\"name\":\"Actualidad\"}},{\"@type\":\"ListItem\",\"@id\":\"https:\\\/\\\/www.eldigitaldeasturias.com\\\/noticias\\\/category\\\/actualidad\\\/#listItem\",\"position\":2,\"name\":\"Actualidad\",\"item\":\"https:\\\/\\\/www.eldigitaldeasturias.com\\\/noticias\\\/category\\\/actualidad\\\/\",\"nextItem\":{\"@type\":\"ListItem\",\"@id\":\"https:\\\/\\\/www.eldigitaldeasturias.com\\\/noticias\\\/lopez-obrador-y-meade-arrancan-sus-campanas-al-grito-de-presidente\\\/#listItem\",\"name\":\"L\\u00f3pez Obrador y Meade arrancan sus campa\\u00f1as al grito de \\u00abpresidente\\u00bb\"},\"previousItem\":{\"@type\":\"ListItem\",\"@id\":\"https:\\\/\\\/www.eldigitaldeasturias.com\\\/noticias#listItem\",\"name\":\"Home\"}},{\"@type\":\"ListItem\",\"@id\":\"https:\\\/\\\/www.eldigitaldeasturias.com\\\/noticias\\\/lopez-obrador-y-meade-arrancan-sus-campanas-al-grito-de-presidente\\\/#listItem\",\"position\":3,\"name\":\"L\\u00f3pez Obrador y Meade arrancan sus campa\\u00f1as al grito de \\u00abpresidente\\u00bb\",\"previousItem\":{\"@type\":\"ListItem\",\"@id\":\"https:\\\/\\\/www.eldigitaldeasturias.com\\\/noticias\\\/category\\\/actualidad\\\/#listItem\",\"name\":\"Actualidad\"}}]},{\"@type\":\"Organization\",\"@id\":\"https:\\\/\\\/www.eldigitaldeasturias.com\\\/noticias\\\/#organization\",\"name\":\"El Digital de Asturias\",\"description\":\"Hemeroteca\",\"url\":\"https:\\\/\\\/www.eldigitaldeasturias.com\\\/noticias\\\/\",\"email\":\"info@eldigitaldeasturias.com\",\"telephone\":\"+34652131393\",\"logo\":{\"@type\":\"ImageObject\",\"url\":\"https:\\\/\\\/www.eldigitaldeasturias.com\\\/noticias\\\/wp-content\\\/uploads\\\/2020\\\/12\\\/EDA.jpg\",\"@id\":\"https:\\\/\\\/www.eldigitaldeasturias.com\\\/noticias\\\/lopez-obrador-y-meade-arrancan-sus-campanas-al-grito-de-presidente\\\/#organizationLogo\"},\"image\":{\"@id\":\"https:\\\/\\\/www.eldigitaldeasturias.com\\\/noticias\\\/lopez-obrador-y-meade-arrancan-sus-campanas-al-grito-de-presidente\\\/#organizationLogo\"},\"sameAs\":[\"https:\\\/\\\/facebook.com\\\/eldigitaldeasturias\",\"https:\\\/\\\/www.youtube.com\\\/channel\\\/UCZP-2wLEB9Rv6erhFmqVnvg\"],\"address\":{\"@id\":\"https:\\\/\\\/www.eldigitaldeasturias.com\\\/noticias\\\/#postaladdress\",\"@type\":\"PostalAddress\",\"streetAddress\":\"san antonio 4\",\"postalCode\":\"33430\",\"addressLocality\":\"Cand\\u00e1s\",\"addressRegion\":\"Asturias\",\"addressCountry\":\"ES\"}},{\"@type\":\"Person\",\"@id\":\"https:\\\/\\\/www.eldigitaldeasturias.com\\\/noticias\\\/author\\\/admin\\\/#author\",\"url\":\"https:\\\/\\\/www.eldigitaldeasturias.com\\\/noticias\\\/author\\\/admin\\\/\",\"name\":\"El Digital de Asturias\",\"image\":{\"@type\":\"ImageObject\",\"@id\":\"https:\\\/\\\/www.eldigitaldeasturias.com\\\/noticias\\\/lopez-obrador-y-meade-arrancan-sus-campanas-al-grito-de-presidente\\\/#authorImage\",\"url\":\"https:\\\/\\\/secure.gravatar.com\\\/avatar\\\/df2aeffc32bcd13f8d26072ef8a91b623d677766deac7f97ca815868cd41bf5e?s=96&d=mm&r=g\",\"width\":96,\"height\":96,\"caption\":\"El Digital de Asturias\"}},{\"@type\":\"WebPage\",\"@id\":\"https:\\\/\\\/www.eldigitaldeasturias.com\\\/noticias\\\/lopez-obrador-y-meade-arrancan-sus-campanas-al-grito-de-presidente\\\/#webpage\",\"url\":\"https:\\\/\\\/www.eldigitaldeasturias.com\\\/noticias\\\/lopez-obrador-y-meade-arrancan-sus-campanas-al-grito-de-presidente\\\/\",\"name\":\"L\\u00f3pez Obrador y Meade arrancan sus campa\\u00f1as al grito de \\u00abpresidente\\u00bb - El Digital de Asturias\",\"description\":\"M\\u00e9rida\\\/Ciudad Juarez, 1 abr (dpa) - Ante miles de simpatizantes que les gritaban \\\"presidente, presidente\\\", el l\\u00edder opositor mexicano Andr\\u00e9s Manuel L\\u00f3pez Obrador y el oficialista Jos\\u00e9 Antonio Meade iniciaron hoy sus respectivas campa\\u00f1as electorales, uno en el norte y el otro en el este del pa\\u00eds, con mensajes contra la corrupci\\u00f3n. L\\u00f3pez Obrador, de\",\"inLanguage\":\"es-ES\",\"isPartOf\":{\"@id\":\"https:\\\/\\\/www.eldigitaldeasturias.com\\\/noticias\\\/#website\"},\"breadcrumb\":{\"@id\":\"https:\\\/\\\/www.eldigitaldeasturias.com\\\/noticias\\\/lopez-obrador-y-meade-arrancan-sus-campanas-al-grito-de-presidente\\\/#breadcrumblist\"},\"author\":{\"@id\":\"https:\\\/\\\/www.eldigitaldeasturias.com\\\/noticias\\\/author\\\/admin\\\/#author\"},\"creator\":{\"@id\":\"https:\\\/\\\/www.eldigitaldeasturias.com\\\/noticias\\\/author\\\/admin\\\/#author\"},\"image\":{\"@type\":\"ImageObject\",\"url\":974384,\"@id\":\"https:\\\/\\\/www.eldigitaldeasturias.com\\\/noticias\\\/lopez-obrador-y-meade-arrancan-sus-campanas-al-grito-de-presidente\\\/#mainImage\"},\"primaryImageOfPage\":{\"@id\":\"https:\\\/\\\/www.eldigitaldeasturias.com\\\/noticias\\\/lopez-obrador-y-meade-arrancan-sus-campanas-al-grito-de-presidente\\\/#mainImage\"},\"datePublished\":\"2018-04-01T21:11:23+02:00\",\"dateModified\":\"2018-04-01T21:11:23+02:00\"},{\"@type\":\"WebSite\",\"@id\":\"https:\\\/\\\/www.eldigitaldeasturias.com\\\/noticias\\\/#website\",\"url\":\"https:\\\/\\\/www.eldigitaldeasturias.com\\\/noticias\\\/\",\"name\":\"El Digital de Asturias - Diario de actualidad y noticias\",\"alternateName\":\"El Digital de Asturias - Diario de actualidad y noticias\",\"description\":\"Hemeroteca\",\"inLanguage\":\"es-ES\",\"publisher\":{\"@id\":\"https:\\\/\\\/www.eldigitaldeasturias.com\\\/noticias\\\/#organization\"}}]}\n\t\t<\/script>\n\t\t<!-- All in One SEO Pro -->\r\n\t\t<title>L\u00f3pez Obrador y Meade arrancan sus campa\u00f1as al grito de \u00abpresidente\u00bb - El Digital de Asturias<\/title>\n\n","aioseo_head_json":{"title":"L\u00f3pez Obrador y Meade arrancan sus campa\u00f1as al grito de \u00abpresidente\u00bb - El Digital de Asturias","description":"M\u00e9rida\/Ciudad Juarez, 1 abr (dpa) - Ante miles de simpatizantes que les gritaban \"presidente, presidente\", el l\u00edder opositor mexicano Andr\u00e9s Manuel L\u00f3pez Obrador y el oficialista Jos\u00e9 Antonio Meade iniciaron hoy sus respectivas campa\u00f1as electorales, uno en el norte y el otro en el este del pa\u00eds, con mensajes contra la corrupci\u00f3n. L\u00f3pez Obrador, de","canonical_url":"https:\/\/www.eldigitaldeasturias.com\/noticias\/lopez-obrador-y-meade-arrancan-sus-campanas-al-grito-de-presidente\/","robots":"max-image-preview:large","keywords":"actualidad","webmasterTools":{"google-site-verification":"UA-38556648-1","msvalidate.01":"7dfe9f3f1b24437ab69f4f2559babe99","miscellaneous":""},"schema":{"@context":"https:\/\/schema.org","@graph":[{"@type":"BlogPosting","@id":"https:\/\/www.eldigitaldeasturias.com\/noticias\/lopez-obrador-y-meade-arrancan-sus-campanas-al-grito-de-presidente\/#blogposting","name":"L\u00f3pez Obrador y Meade arrancan sus campa\u00f1as al grito de \u00abpresidente\u00bb - El Digital de Asturias","headline":"L\u00f3pez Obrador y Meade arrancan sus campa\u00f1as al grito de \u00abpresidente\u00bb","author":{"@id":"https:\/\/www.eldigitaldeasturias.com\/noticias\/author\/admin\/#author"},"publisher":{"@id":"https:\/\/www.eldigitaldeasturias.com\/noticias\/#organization"},"image":{"@type":"ImageObject","url":974384},"datePublished":"2018-04-01T21:11:23+02:00","dateModified":"2018-04-01T21:11:23+02:00","inLanguage":"es-ES","mainEntityOfPage":{"@id":"https:\/\/www.eldigitaldeasturias.com\/noticias\/lopez-obrador-y-meade-arrancan-sus-campanas-al-grito-de-presidente\/#webpage"},"isPartOf":{"@id":"https:\/\/www.eldigitaldeasturias.com\/noticias\/lopez-obrador-y-meade-arrancan-sus-campanas-al-grito-de-presidente\/#webpage"},"articleSection":"Actualidad"},{"@type":"BreadcrumbList","@id":"https:\/\/www.eldigitaldeasturias.com\/noticias\/lopez-obrador-y-meade-arrancan-sus-campanas-al-grito-de-presidente\/#breadcrumblist","itemListElement":[{"@type":"ListItem","@id":"https:\/\/www.eldigitaldeasturias.com\/noticias#listItem","position":1,"name":"Home","item":"https:\/\/www.eldigitaldeasturias.com\/noticias","nextItem":{"@type":"ListItem","@id":"https:\/\/www.eldigitaldeasturias.com\/noticias\/category\/actualidad\/#listItem","name":"Actualidad"}},{"@type":"ListItem","@id":"https:\/\/www.eldigitaldeasturias.com\/noticias\/category\/actualidad\/#listItem","position":2,"name":"Actualidad","item":"https:\/\/www.eldigitaldeasturias.com\/noticias\/category\/actualidad\/","nextItem":{"@type":"ListItem","@id":"https:\/\/www.eldigitaldeasturias.com\/noticias\/lopez-obrador-y-meade-arrancan-sus-campanas-al-grito-de-presidente\/#listItem","name":"L\u00f3pez Obrador y Meade arrancan sus campa\u00f1as al grito de \u00abpresidente\u00bb"},"previousItem":{"@type":"ListItem","@id":"https:\/\/www.eldigitaldeasturias.com\/noticias#listItem","name":"Home"}},{"@type":"ListItem","@id":"https:\/\/www.eldigitaldeasturias.com\/noticias\/lopez-obrador-y-meade-arrancan-sus-campanas-al-grito-de-presidente\/#listItem","position":3,"name":"L\u00f3pez Obrador y Meade arrancan sus campa\u00f1as al grito de \u00abpresidente\u00bb","previousItem":{"@type":"ListItem","@id":"https:\/\/www.eldigitaldeasturias.com\/noticias\/category\/actualidad\/#listItem","name":"Actualidad"}}]},{"@type":"Organization","@id":"https:\/\/www.eldigitaldeasturias.com\/noticias\/#organization","name":"El Digital de Asturias","description":"Hemeroteca","url":"https:\/\/www.eldigitaldeasturias.com\/noticias\/","email":"info@eldigitaldeasturias.com","telephone":"+34652131393","logo":{"@type":"ImageObject","url":"https:\/\/www.eldigitaldeasturias.com\/noticias\/wp-content\/uploads\/2020\/12\/EDA.jpg","@id":"https:\/\/www.eldigitaldeasturias.com\/noticias\/lopez-obrador-y-meade-arrancan-sus-campanas-al-grito-de-presidente\/#organizationLogo"},"image":{"@id":"https:\/\/www.eldigitaldeasturias.com\/noticias\/lopez-obrador-y-meade-arrancan-sus-campanas-al-grito-de-presidente\/#organizationLogo"},"sameAs":["https:\/\/facebook.com\/eldigitaldeasturias","https:\/\/www.youtube.com\/channel\/UCZP-2wLEB9Rv6erhFmqVnvg"],"address":{"@id":"https:\/\/www.eldigitaldeasturias.com\/noticias\/#postaladdress","@type":"PostalAddress","streetAddress":"san antonio 4","postalCode":"33430","addressLocality":"Cand\u00e1s","addressRegion":"Asturias","addressCountry":"ES"}},{"@type":"Person","@id":"https:\/\/www.eldigitaldeasturias.com\/noticias\/author\/admin\/#author","url":"https:\/\/www.eldigitaldeasturias.com\/noticias\/author\/admin\/","name":"El Digital de Asturias","image":{"@type":"ImageObject","@id":"https:\/\/www.eldigitaldeasturias.com\/noticias\/lopez-obrador-y-meade-arrancan-sus-campanas-al-grito-de-presidente\/#authorImage","url":"https:\/\/secure.gravatar.com\/avatar\/df2aeffc32bcd13f8d26072ef8a91b623d677766deac7f97ca815868cd41bf5e?s=96&d=mm&r=g","width":96,"height":96,"caption":"El Digital de Asturias"}},{"@type":"WebPage","@id":"https:\/\/www.eldigitaldeasturias.com\/noticias\/lopez-obrador-y-meade-arrancan-sus-campanas-al-grito-de-presidente\/#webpage","url":"https:\/\/www.eldigitaldeasturias.com\/noticias\/lopez-obrador-y-meade-arrancan-sus-campanas-al-grito-de-presidente\/","name":"L\u00f3pez Obrador y Meade arrancan sus campa\u00f1as al grito de \u00abpresidente\u00bb - El Digital de Asturias","description":"M\u00e9rida\/Ciudad Juarez, 1 abr (dpa) - Ante miles de simpatizantes que les gritaban \"presidente, presidente\", el l\u00edder opositor mexicano Andr\u00e9s Manuel L\u00f3pez Obrador y el oficialista Jos\u00e9 Antonio Meade iniciaron hoy sus respectivas campa\u00f1as electorales, uno en el norte y el otro en el este del pa\u00eds, con mensajes contra la corrupci\u00f3n. L\u00f3pez Obrador, de","inLanguage":"es-ES","isPartOf":{"@id":"https:\/\/www.eldigitaldeasturias.com\/noticias\/#website"},"breadcrumb":{"@id":"https:\/\/www.eldigitaldeasturias.com\/noticias\/lopez-obrador-y-meade-arrancan-sus-campanas-al-grito-de-presidente\/#breadcrumblist"},"author":{"@id":"https:\/\/www.eldigitaldeasturias.com\/noticias\/author\/admin\/#author"},"creator":{"@id":"https:\/\/www.eldigitaldeasturias.com\/noticias\/author\/admin\/#author"},"image":{"@type":"ImageObject","url":974384,"@id":"https:\/\/www.eldigitaldeasturias.com\/noticias\/lopez-obrador-y-meade-arrancan-sus-campanas-al-grito-de-presidente\/#mainImage"},"primaryImageOfPage":{"@id":"https:\/\/www.eldigitaldeasturias.com\/noticias\/lopez-obrador-y-meade-arrancan-sus-campanas-al-grito-de-presidente\/#mainImage"},"datePublished":"2018-04-01T21:11:23+02:00","dateModified":"2018-04-01T21:11:23+02:00"},{"@type":"WebSite","@id":"https:\/\/www.eldigitaldeasturias.com\/noticias\/#website","url":"https:\/\/www.eldigitaldeasturias.com\/noticias\/","name":"El Digital de Asturias - Diario de actualidad y noticias","alternateName":"El Digital de Asturias - Diario de actualidad y noticias","description":"Hemeroteca","inLanguage":"es-ES","publisher":{"@id":"https:\/\/www.eldigitaldeasturias.com\/noticias\/#organization"}}]},"og:locale":"es_ES","og:site_name":"El Digital de Asturias","og:type":"article","og:title":"L\u00f3pez Obrador y Meade arrancan sus campa\u00f1as al grito de \u00abpresidente\u00bb - El Digital de Asturias","og:description":"M\u00e9rida\/Ciudad Juarez, 1 abr (dpa) - Ante miles de simpatizantes que les gritaban &quot;presidente, presidente&quot;, el l\u00edder opositor mexicano Andr\u00e9s Manuel L\u00f3pez Obrador y el oficialista Jos\u00e9 Antonio Meade iniciaron hoy sus respectivas campa\u00f1as electorales, uno en el norte y el otro en el este del pa\u00eds, con mensajes contra la corrupci\u00f3n. L\u00f3pez Obrador, de","og:url":"https:\/\/www.eldigitaldeasturias.com\/noticias\/lopez-obrador-y-meade-arrancan-sus-campanas-al-grito-de-presidente\/","article:tag":["actualidad"],"article:published_time":"2018-04-01T21:11:23+00:00","article:modified_time":"2018-04-01T21:11:23+00:00","article:publisher":"https:\/\/facebook.com\/eldigitaldeasturias","twitter:card":"summary_large_image","twitter:title":"L\u00f3pez Obrador y Meade arrancan sus campa\u00f1as al grito de \u00abpresidente\u00bb - El Digital de Asturias","twitter:description":"M\u00e9rida\/Ciudad Juarez, 1 abr (dpa) - Ante miles de simpatizantes que les gritaban &quot;presidente, presidente&quot;, el l\u00edder opositor mexicano Andr\u00e9s Manuel L\u00f3pez Obrador y el oficialista Jos\u00e9 Antonio Meade iniciaron hoy sus respectivas campa\u00f1as electorales, uno en el norte y el otro en el este del pa\u00eds, con mensajes contra la corrupci\u00f3n. L\u00f3pez Obrador, de","twitter:image":"https:\/\/www.eldigitaldeasturias.com\/noticias\/wp-content\/uploads\/2020\/12\/EDA-1.jpg","twitter:label1":"Escrito por","twitter:data1":"El Digital de Asturias","twitter:label2":"Tiempo de lectura estimado","twitter:data2":"4 minutos"},"aioseo_meta_data":{"post_id":"974383","title":null,"description":null,"keywords":null,"keyphrases":null,"primary_term":null,"canonical_url":null,"og_title":null,"og_description":null,"og_object_type":"default","og_image_type":"default","og_image_url":null,"og_image_width":null,"og_image_height":null,"og_image_custom_url":null,"og_image_custom_fields":null,"og_video":null,"og_custom_url":null,"og_article_section":null,"og_article_tags":null,"twitter_use_og":false,"twitter_card":"default","twitter_image_type":"default","twitter_image_url":null,"twitter_image_custom_url":null,"twitter_image_custom_fields":null,"twitter_title":null,"twitter_description":null,"schema":{"blockGraphs":[],"customGraphs":[],"default":{"data":{"Article":[],"Course":[],"Dataset":[],"FAQPage":[],"Movie":[],"Person":[],"Product":[],"ProductReview":[],"Car":[],"Recipe":[],"Service":[],"SoftwareApplication":[],"WebPage":[]},"graphName":"","isEnabled":true},"graphs":[],"defaultGraph":"","defaultPostTypeGraph":""},"schema_type":null,"schema_type_options":null,"pillar_content":false,"robots_default":true,"robots_noindex":false,"robots_noarchive":false,"robots_nosnippet":false,"robots_nofollow":false,"robots_noimageindex":false,"robots_noodp":false,"robots_notranslate":false,"robots_max_snippet":null,"robots_max_videopreview":null,"robots_max_imagepreview":"large","priority":null,"frequency":null,"local_seo":null,"seo_analyzer_scan_date":"2025-10-07 20:02:10","breadcrumb_settings":null,"limit_modified_date":false,"open_ai":null,"ai":null,"created":"2020-12-21 12:13:39","updated":"2025-10-07 20:02:10","focus_keyword":null,"additional_keywords":null,"truseo_locale":null},"aioseo_breadcrumb":"<div class=\"aioseo-breadcrumbs\"><span class=\"aioseo-breadcrumb\">\n\t<a href=\"https:\/\/www.eldigitaldeasturias.com\/noticias\" title=\"Home\">Home<\/a>\n<\/span><span class=\"aioseo-breadcrumb-separator\">\u2013<\/span><span class=\"aioseo-breadcrumb\">\n\t<a href=\"https:\/\/www.eldigitaldeasturias.com\/noticias\/category\/actualidad\/\" title=\"Actualidad\">Actualidad<\/a>\n<\/span><span class=\"aioseo-breadcrumb-separator\">\u2013<\/span><span class=\"aioseo-breadcrumb\">\n\t<a href=\"https:\/\/www.eldigitaldeasturias.com\/noticias\/lopez-obrador-y-meade-arrancan-sus-campanas-al-grito-de-presidente\/\" title=\"L\u00f3pez Obrador y Meade arrancan sus campa\u00f1as al grito de \u00abpresidente\u00bb\">L\u00f3pez Obrador y Meade arrancan sus campa\u00f1as al grito de \u00abpresidente\u00bb<\/a>\n<\/span><\/div>","aioseo_breadcrumb_json":[{"label":"Home","link":"https:\/\/www.eldigitaldeasturias.com\/noticias"},{"label":"Actualidad","link":"https:\/\/www.eldigitaldeasturias.com\/noticias\/category\/actualidad\/"},{"label":"L\u00f3pez Obrador y Meade arrancan sus campa\u00f1as al grito de \u00abpresidente\u00bb","link":"https:\/\/www.eldigitaldeasturias.com\/noticias\/lopez-obrador-y-meade-arrancan-sus-campanas-al-grito-de-presidente\/"}],"_links":{"self":[{"href":"https:\/\/www.eldigitaldeasturias.com\/noticias\/wp-json\/wp\/v2\/posts\/974383","targetHints":{"allow":["GET"]}}],"collection":[{"href":"https:\/\/www.eldigitaldeasturias.com\/noticias\/wp-json\/wp\/v2\/posts"}],"about":[{"href":"https:\/\/www.eldigitaldeasturias.com\/noticias\/wp-json\/wp\/v2\/types\/post"}],"author":[{"embeddable":true,"href":"https:\/\/www.eldigitaldeasturias.com\/noticias\/wp-json\/wp\/v2\/users\/1"}],"replies":[{"embeddable":true,"href":"https:\/\/www.eldigitaldeasturias.com\/noticias\/wp-json\/wp\/v2\/comments?post=974383"}],"version-history":[{"count":0,"href":"https:\/\/www.eldigitaldeasturias.com\/noticias\/wp-json\/wp\/v2\/posts\/974383\/revisions"}],"wp:attachment":[{"href":"https:\/\/www.eldigitaldeasturias.com\/noticias\/wp-json\/wp\/v2\/media?parent=974383"}],"wp:term":[{"taxonomy":"category","embeddable":true,"href":"https:\/\/www.eldigitaldeasturias.com\/noticias\/wp-json\/wp\/v2\/categories?post=974383"},{"taxonomy":"post_tag","embeddable":true,"href":"https:\/\/www.eldigitaldeasturias.com\/noticias\/wp-json\/wp\/v2\/tags?post=974383"}],"curies":[{"name":"wp","href":"https:\/\/api.w.org\/{rel}","templated":true}]}}