{"id":974310,"date":"2018-04-01T14:01:18","date_gmt":"2018-04-01T14:01:18","guid":{"rendered":"http:\/\/www.eldigitaldeasturias.com\/noticias\/?p=974310"},"modified":"2018-04-01T14:01:18","modified_gmt":"2018-04-01T14:01:18","slug":"el-gobierno-balear-asume-la-atencion-telefonica-de-las-urgencias","status":"publish","type":"post","link":"https:\/\/www.eldigitaldeasturias.com\/noticias\/el-gobierno-balear-asume-la-atencion-telefonica-de-las-urgencias\/","title":{"rendered":"El Gobierno Balear asume la atenci\u00f3n telef\u00f3nica de las urgencias"},"content":{"rendered":"<p><img loading=\"lazy\" decoding=\"async\" class=\"alignleft size-medium wp-image-974311\" src=\"https:\/\/www.eldigitaldeasturias.com\/noticias\/wp-content\/uploads\/2018\/04\/1522577304503_72-360x270.jpg\" alt=\"\" width=\"360\" height=\"270\" \/>El Gobierno de las Islas Baleares asume desde hoy el servicio de transporte sanitario terrestre urgente y la atenci\u00f3n telef\u00f3nica de urgencias del Servicio de Salud por medio de una encomienda gesti\u00f3n a la entidad p\u00fablica empresarial Gesti\u00f3n Sanitaria y Asistencial de las Islas Baleares (GSAIB). Esta asunci\u00f3n tendr\u00e1 una duraci\u00f3n de dos a\u00f1os (prorrogables) y un presupuesto de 28,3 millones de euros. Para hacer efectivo el relevo, desde ayer se han empezado a hacer los cambios necesarios para dar continuidad al servicio garantizando la misma calidad en la asistencia a la poblaci\u00f3n. A partir de las 00.00 de hoy se ha iniciado el cambio inform\u00e1tico y de telefon\u00eda en coordinaci\u00f3n con el equipo de responsables del la Central de Coordinaci\u00f3n del SAMU 061 de todas las unidades en las cuatro islas.<\/p>\n<p>Se ha informado a la Central de Coordinaci\u00f3n del relevo de cada uno de los recursos para poder controlar y coordinar la viabilidad y el cambio de sistema. Ha supuesto modificar tel\u00e9fonos, c\u00f3digos, recursos, radio y GPS y comprobar las telecomunicaciones. Adem\u00e1s, se han coordinado otras tareas previas, como el env\u00edo de todo el material imprescindible para cada veh\u00edculo, la configuraci\u00f3n de las l\u00edneas telef\u00f3nicas, la preparaci\u00f3n de las camillas y las bater\u00edas, y otros materiales (s\u00e1banas, mantas, etc.). La Gerencia del 061, conjuntamente con el equipo de coordinaci\u00f3n de GSAIB, ha organizado un dispositivo especial en todas las islas para tener siempre controlado el proceso de cambio. Adem\u00e1s, en las \u00faltimas semanas el personal (m\u00e9dico, de enfermer\u00eda, t\u00e9cnicos y teleoperadores) ha recibido la formaci\u00f3n necesaria para usar las nuevas ambulancias y los equipamientos electrom\u00e9dicos.<\/p>\n<p>GSAIB es una empresa p\u00fablica adscrita al Servicio de Salud, con personalidad jur\u00eddica propia, capacidad de actuar y plena autonom\u00eda de gesti\u00f3n. Esta entidad permitir\u00e1 ir recuperando servicios externalizados que el Gobierno de las Islas Baleares considera esenciales para ofrecer una asistencia sanitaria de calidad. Con relaci\u00f3n al personal se prev\u00e9 mantener a los 302 trabajadores que prestan servicio en las empresas adjudicatarias del servicio de transporte sanitario terrestre urgente: 183 conductores, 75 camilleros, 27 teleoperadores, 8 ayudantes de camilleros, 4 jefes de tr\u00e1fico, 2 oficiales administrativos, 2 jefes de \u00e1rea y 1 auxiliar administrativo.<\/p>\n<p>Renovaci\u00f3n de 58 ambulancias y dos veh\u00edculos de intervenci\u00f3n r\u00e1pida (DIR)<br \/>\nLa Gerencia del 061 ha renovado 58 ambulancias (38 de soporte vital b\u00e1sico y 20 de soporte vital avanzado, o UVI m\u00f3viles) y 2 veh\u00edculos de intervenci\u00f3n r\u00e1pida (DIR), que incorporan prestaciones para mejorar la calidad de las intervenciones en situaciones de emergencia y el confort y la seguridad de los equipos y de los pacientes durante los traslados. Los nuevos veh\u00edculos son los m\u00e1s avanzados de todo el estado en cuanto a prestaciones y equipamientos, ya que poseen una tecnolog\u00eda y unos equipamientos punteros.<\/p>\n<p>Los nuevos veh\u00edculos son m\u00e1s avanzados en cuanto a prestaciones, ya que disponen de un sistema de informaci\u00f3n para mejorar la navegaci\u00f3n y el posicionamiento y como base para la implantaci\u00f3n de la historia cl\u00ednica embarcada en las unidades. La seguridad y la comodidad de los pacientes y de los profesionales son algunos de los elementos por los que se ha apostado incorporando elementos de seguridad pasiva, sistemas de ayuda en la conducci\u00f3n, c\u00e1mara de visi\u00f3n posterior, se\u00f1alizaci\u00f3n corporativa altamente reflectante, redefinici\u00f3n de la se\u00f1alizaci\u00f3n de emergencia y equipos de detecci\u00f3n de gases t\u00f3xicos.<\/p>\n<p>Como novedad, hay que destacar que las Islas Baleares ser\u00e1n la \u00fanica comunidad que dispondr\u00e1 en estos nuevos veh\u00edculos de un sistema de cierre de emergencia de acceso f\u00e1cil y r\u00e1pido para situaciones de riesgo para el personal. La mejora del equipamiento tambi\u00e9n permite ofrecer mayor confortabilidad a los pacientes y mejor ergonom\u00eda a los profesionales, con unas nuevas camillas el\u00e9ctricas capaces de soportar hasta 300 kg de peso. Estas ambulancias est\u00e1n equipadas con nuevas prestaciones m\u00e9dicas, como cardiocompresores (para hacer reanimaci\u00f3n cardiorrespiratoria autom\u00e1tica), analizadores sangu\u00edneos, sensores de sedaci\u00f3n y ec\u00f3grafos, entre otros. Y tambi\u00e9n disponen de una c\u00e1mara para transportar a pacientes infectocontagiosos.<\/p>\n<p>Hay que recordar que, de media, se atienden unas 300 asistencias diarias y unos 93.000 traslados anuales, en esta primera noche los profesionales asistenciales han realizado m\u00e1s de 90 servicios con los nuevos veh\u00edculos. Con la puesta en funcionamiento de GSAIB, el Gobierno da un paso adelante en la mejora de los servicios p\u00fablicos de urgencias y emergencias de la Comunidad Aut\u00f3noma para ofrecer una mejor cobertura a las necesidades de la poblaci\u00f3n.<\/p>\n","protected":false},"excerpt":{"rendered":"<p>El Gobierno de las Islas Baleares asume desde hoy el servicio de transporte sanitario terrestre urgente y la atenci\u00f3n telef\u00f3nica de urgencias del Servicio de Salud por medio de una encomienda gesti\u00f3n a la entidad p\u00fablica empresarial Gesti\u00f3n Sanitaria y Asistencial de las Islas Baleares (GSAIB). Esta asunci\u00f3n tendr\u00e1 una duraci\u00f3n de dos a\u00f1os (prorrogables) [&hellip;]<\/p>\n","protected":false},"author":1,"featured_media":974311,"comment_status":"closed","ping_status":"closed","sticky":false,"template":"","format":"standard","meta":{"footnotes":""},"categories":[1],"tags":[],"class_list":["post-974310","post","type-post","status-publish","format-standard","has-post-thumbnail","hentry","category-actualidad"],"aioseo_notices":[],"aioseo_head":"\n\t\t<!-- All in One SEO Pro 5.0.1 - aioseo.com -->\n\t<meta name=\"description\" content=\"El Gobierno de las Islas Baleares asume desde hoy el servicio de transporte sanitario terrestre urgente y la atenci\u00f3n telef\u00f3nica de urgencias del Servicio de Salud por medio de una encomienda gesti\u00f3n a la entidad p\u00fablica empresarial Gesti\u00f3n Sanitaria y Asistencial de las Islas Baleares (GSAIB). Esta asunci\u00f3n tendr\u00e1 una duraci\u00f3n de dos a\u00f1os (prorrogables)\" \/>\n\t<meta name=\"robots\" content=\"max-image-preview:large\" \/>\n\t<meta name=\"author\" content=\"El Digital de Asturias\"\/>\n\t<meta name=\"google-site-verification\" content=\"UA-38556648-1\" \/>\n\t<meta name=\"msvalidate.01\" content=\"7dfe9f3f1b24437ab69f4f2559babe99\" \/>\n\t<meta name=\"keywords\" content=\"actualidad\" \/>\n\t<link rel=\"canonical\" href=\"https:\/\/www.eldigitaldeasturias.com\/noticias\/el-gobierno-balear-asume-la-atencion-telefonica-de-las-urgencias\/\" \/>\n\t<meta name=\"generator\" content=\"All in One SEO Pro (AIOSEO) 5.0.1\" \/>\n\t\t<meta property=\"og:locale\" content=\"es_ES\" \/>\n\t\t<meta property=\"og:site_name\" content=\"El Digital de Asturias\" \/>\n\t\t<meta property=\"og:type\" content=\"article\" \/>\n\t\t<meta property=\"og:title\" content=\"El Gobierno Balear asume la atenci\u00f3n telef\u00f3nica de las urgencias - El Digital de Asturias\" \/>\n\t\t<meta property=\"og:description\" content=\"El Gobierno de las Islas Baleares asume desde hoy el servicio de transporte sanitario terrestre urgente y la atenci\u00f3n telef\u00f3nica de urgencias del Servicio de Salud por medio de una encomienda gesti\u00f3n a la entidad p\u00fablica empresarial Gesti\u00f3n Sanitaria y Asistencial de las Islas Baleares (GSAIB). Esta asunci\u00f3n tendr\u00e1 una duraci\u00f3n de dos a\u00f1os (prorrogables)\" \/>\n\t\t<meta property=\"og:url\" content=\"https:\/\/www.eldigitaldeasturias.com\/noticias\/el-gobierno-balear-asume-la-atencion-telefonica-de-las-urgencias\/\" \/>\n\t\t<meta property=\"article:tag\" content=\"actualidad\" \/>\n\t\t<meta property=\"article:published_time\" content=\"2018-04-01T14:01:18+00:00\" \/>\n\t\t<meta property=\"article:modified_time\" content=\"2018-04-01T14:01:18+00:00\" \/>\n\t\t<meta property=\"article:publisher\" content=\"https:\/\/facebook.com\/eldigitaldeasturias\" \/>\n\t\t<meta name=\"twitter:card\" content=\"summary_large_image\" \/>\n\t\t<meta name=\"twitter:title\" content=\"El Gobierno Balear asume la atenci\u00f3n telef\u00f3nica de las urgencias - El Digital de Asturias\" \/>\n\t\t<meta name=\"twitter:description\" content=\"El Gobierno de las Islas Baleares asume desde hoy el servicio de transporte sanitario terrestre urgente y la atenci\u00f3n telef\u00f3nica de urgencias del Servicio de Salud por medio de una encomienda gesti\u00f3n a la entidad p\u00fablica empresarial Gesti\u00f3n Sanitaria y Asistencial de las Islas Baleares (GSAIB). Esta asunci\u00f3n tendr\u00e1 una duraci\u00f3n de dos a\u00f1os (prorrogables)\" \/>\n\t\t<meta name=\"twitter:image\" content=\"https:\/\/www.eldigitaldeasturias.com\/noticias\/wp-content\/uploads\/2020\/12\/EDA-1.jpg\" \/>\n\t\t<meta name=\"twitter:label1\" content=\"Escrito por\" \/>\n\t\t<meta name=\"twitter:data1\" content=\"El Digital de Asturias\" \/>\n\t\t<meta name=\"twitter:label2\" content=\"Tiempo de lectura estimado\" \/>\n\t\t<meta name=\"twitter:data2\" content=\"4 minutos\" \/>\n\t\t<script type=\"application\/ld+json\" class=\"aioseo-schema\">\n\t\t\t{\"@context\":\"https:\\\/\\\/schema.org\",\"@graph\":[{\"@type\":\"BlogPosting\",\"@id\":\"https:\\\/\\\/www.eldigitaldeasturias.com\\\/noticias\\\/el-gobierno-balear-asume-la-atencion-telefonica-de-las-urgencias\\\/#blogposting\",\"name\":\"El Gobierno Balear asume la atenci\\u00f3n telef\\u00f3nica de las urgencias - El Digital de Asturias\",\"headline\":\"El Gobierno Balear asume la atenci\\u00f3n telef\\u00f3nica de las urgencias\",\"author\":{\"@id\":\"https:\\\/\\\/www.eldigitaldeasturias.com\\\/noticias\\\/author\\\/admin\\\/#author\"},\"publisher\":{\"@id\":\"https:\\\/\\\/www.eldigitaldeasturias.com\\\/noticias\\\/#organization\"},\"image\":{\"@type\":\"ImageObject\",\"url\":974311},\"datePublished\":\"2018-04-01T14:01:18+02:00\",\"dateModified\":\"2018-04-01T14:01:18+02:00\",\"inLanguage\":\"es-ES\",\"mainEntityOfPage\":{\"@id\":\"https:\\\/\\\/www.eldigitaldeasturias.com\\\/noticias\\\/el-gobierno-balear-asume-la-atencion-telefonica-de-las-urgencias\\\/#webpage\"},\"isPartOf\":{\"@id\":\"https:\\\/\\\/www.eldigitaldeasturias.com\\\/noticias\\\/el-gobierno-balear-asume-la-atencion-telefonica-de-las-urgencias\\\/#webpage\"},\"articleSection\":\"Actualidad\"},{\"@type\":\"BreadcrumbList\",\"@id\":\"https:\\\/\\\/www.eldigitaldeasturias.com\\\/noticias\\\/el-gobierno-balear-asume-la-atencion-telefonica-de-las-urgencias\\\/#breadcrumblist\",\"itemListElement\":[{\"@type\":\"ListItem\",\"@id\":\"https:\\\/\\\/www.eldigitaldeasturias.com\\\/noticias#listItem\",\"position\":1,\"name\":\"Home\",\"item\":\"https:\\\/\\\/www.eldigitaldeasturias.com\\\/noticias\",\"nextItem\":{\"@type\":\"ListItem\",\"@id\":\"https:\\\/\\\/www.eldigitaldeasturias.com\\\/noticias\\\/category\\\/actualidad\\\/#listItem\",\"name\":\"Actualidad\"}},{\"@type\":\"ListItem\",\"@id\":\"https:\\\/\\\/www.eldigitaldeasturias.com\\\/noticias\\\/category\\\/actualidad\\\/#listItem\",\"position\":2,\"name\":\"Actualidad\",\"item\":\"https:\\\/\\\/www.eldigitaldeasturias.com\\\/noticias\\\/category\\\/actualidad\\\/\",\"nextItem\":{\"@type\":\"ListItem\",\"@id\":\"https:\\\/\\\/www.eldigitaldeasturias.com\\\/noticias\\\/el-gobierno-balear-asume-la-atencion-telefonica-de-las-urgencias\\\/#listItem\",\"name\":\"El Gobierno Balear asume la atenci\\u00f3n telef\\u00f3nica de las urgencias\"},\"previousItem\":{\"@type\":\"ListItem\",\"@id\":\"https:\\\/\\\/www.eldigitaldeasturias.com\\\/noticias#listItem\",\"name\":\"Home\"}},{\"@type\":\"ListItem\",\"@id\":\"https:\\\/\\\/www.eldigitaldeasturias.com\\\/noticias\\\/el-gobierno-balear-asume-la-atencion-telefonica-de-las-urgencias\\\/#listItem\",\"position\":3,\"name\":\"El Gobierno Balear asume la atenci\\u00f3n telef\\u00f3nica de las urgencias\",\"previousItem\":{\"@type\":\"ListItem\",\"@id\":\"https:\\\/\\\/www.eldigitaldeasturias.com\\\/noticias\\\/category\\\/actualidad\\\/#listItem\",\"name\":\"Actualidad\"}}]},{\"@type\":\"Organization\",\"@id\":\"https:\\\/\\\/www.eldigitaldeasturias.com\\\/noticias\\\/#organization\",\"name\":\"El Digital de Asturias\",\"description\":\"Hemeroteca\",\"url\":\"https:\\\/\\\/www.eldigitaldeasturias.com\\\/noticias\\\/\",\"email\":\"info@eldigitaldeasturias.com\",\"telephone\":\"+34652131393\",\"logo\":{\"@type\":\"ImageObject\",\"url\":\"https:\\\/\\\/www.eldigitaldeasturias.com\\\/noticias\\\/wp-content\\\/uploads\\\/2020\\\/12\\\/EDA.jpg\",\"@id\":\"https:\\\/\\\/www.eldigitaldeasturias.com\\\/noticias\\\/el-gobierno-balear-asume-la-atencion-telefonica-de-las-urgencias\\\/#organizationLogo\"},\"image\":{\"@id\":\"https:\\\/\\\/www.eldigitaldeasturias.com\\\/noticias\\\/el-gobierno-balear-asume-la-atencion-telefonica-de-las-urgencias\\\/#organizationLogo\"},\"sameAs\":[\"https:\\\/\\\/facebook.com\\\/eldigitaldeasturias\",\"https:\\\/\\\/www.youtube.com\\\/channel\\\/UCZP-2wLEB9Rv6erhFmqVnvg\"],\"address\":{\"@id\":\"https:\\\/\\\/www.eldigitaldeasturias.com\\\/noticias\\\/#postaladdress\",\"@type\":\"PostalAddress\",\"streetAddress\":\"san antonio 4\",\"postalCode\":\"33430\",\"addressLocality\":\"Cand\\u00e1s\",\"addressRegion\":\"Asturias\",\"addressCountry\":\"ES\"}},{\"@type\":\"Person\",\"@id\":\"https:\\\/\\\/www.eldigitaldeasturias.com\\\/noticias\\\/author\\\/admin\\\/#author\",\"url\":\"https:\\\/\\\/www.eldigitaldeasturias.com\\\/noticias\\\/author\\\/admin\\\/\",\"name\":\"El Digital de Asturias\",\"image\":{\"@type\":\"ImageObject\",\"@id\":\"https:\\\/\\\/www.eldigitaldeasturias.com\\\/noticias\\\/el-gobierno-balear-asume-la-atencion-telefonica-de-las-urgencias\\\/#authorImage\",\"url\":\"https:\\\/\\\/secure.gravatar.com\\\/avatar\\\/df2aeffc32bcd13f8d26072ef8a91b623d677766deac7f97ca815868cd41bf5e?s=96&d=mm&r=g\",\"width\":96,\"height\":96,\"caption\":\"El Digital de Asturias\"}},{\"@type\":\"WebPage\",\"@id\":\"https:\\\/\\\/www.eldigitaldeasturias.com\\\/noticias\\\/el-gobierno-balear-asume-la-atencion-telefonica-de-las-urgencias\\\/#webpage\",\"url\":\"https:\\\/\\\/www.eldigitaldeasturias.com\\\/noticias\\\/el-gobierno-balear-asume-la-atencion-telefonica-de-las-urgencias\\\/\",\"name\":\"El Gobierno Balear asume la atenci\\u00f3n telef\\u00f3nica de las urgencias - El Digital de Asturias\",\"description\":\"El Gobierno de las Islas Baleares asume desde hoy el servicio de transporte sanitario terrestre urgente y la atenci\\u00f3n telef\\u00f3nica de urgencias del Servicio de Salud por medio de una encomienda gesti\\u00f3n a la entidad p\\u00fablica empresarial Gesti\\u00f3n Sanitaria y Asistencial de las Islas Baleares (GSAIB). Esta asunci\\u00f3n tendr\\u00e1 una duraci\\u00f3n de dos a\\u00f1os (prorrogables)\",\"inLanguage\":\"es-ES\",\"isPartOf\":{\"@id\":\"https:\\\/\\\/www.eldigitaldeasturias.com\\\/noticias\\\/#website\"},\"breadcrumb\":{\"@id\":\"https:\\\/\\\/www.eldigitaldeasturias.com\\\/noticias\\\/el-gobierno-balear-asume-la-atencion-telefonica-de-las-urgencias\\\/#breadcrumblist\"},\"author\":{\"@id\":\"https:\\\/\\\/www.eldigitaldeasturias.com\\\/noticias\\\/author\\\/admin\\\/#author\"},\"creator\":{\"@id\":\"https:\\\/\\\/www.eldigitaldeasturias.com\\\/noticias\\\/author\\\/admin\\\/#author\"},\"image\":{\"@type\":\"ImageObject\",\"url\":974311,\"@id\":\"https:\\\/\\\/www.eldigitaldeasturias.com\\\/noticias\\\/el-gobierno-balear-asume-la-atencion-telefonica-de-las-urgencias\\\/#mainImage\"},\"primaryImageOfPage\":{\"@id\":\"https:\\\/\\\/www.eldigitaldeasturias.com\\\/noticias\\\/el-gobierno-balear-asume-la-atencion-telefonica-de-las-urgencias\\\/#mainImage\"},\"datePublished\":\"2018-04-01T14:01:18+02:00\",\"dateModified\":\"2018-04-01T14:01:18+02:00\"},{\"@type\":\"WebSite\",\"@id\":\"https:\\\/\\\/www.eldigitaldeasturias.com\\\/noticias\\\/#website\",\"url\":\"https:\\\/\\\/www.eldigitaldeasturias.com\\\/noticias\\\/\",\"name\":\"El Digital de Asturias - Diario de actualidad y noticias\",\"alternateName\":\"El Digital de Asturias - Diario de actualidad y noticias\",\"description\":\"Hemeroteca\",\"inLanguage\":\"es-ES\",\"publisher\":{\"@id\":\"https:\\\/\\\/www.eldigitaldeasturias.com\\\/noticias\\\/#organization\"}}]}\n\t\t<\/script>\n\t\t<!-- All in One SEO Pro -->\r\n\t\t<title>El Gobierno Balear asume la atenci\u00f3n telef\u00f3nica de las urgencias - El Digital de Asturias<\/title>\n\n","aioseo_head_json":{"title":"El Gobierno Balear asume la atenci\u00f3n telef\u00f3nica de las urgencias - El Digital de Asturias","description":"El Gobierno de las Islas Baleares asume desde hoy el servicio de transporte sanitario terrestre urgente y la atenci\u00f3n telef\u00f3nica de urgencias del Servicio de Salud por medio de una encomienda gesti\u00f3n a la entidad p\u00fablica empresarial Gesti\u00f3n Sanitaria y Asistencial de las Islas Baleares (GSAIB). Esta asunci\u00f3n tendr\u00e1 una duraci\u00f3n de dos a\u00f1os (prorrogables)","canonical_url":"https:\/\/www.eldigitaldeasturias.com\/noticias\/el-gobierno-balear-asume-la-atencion-telefonica-de-las-urgencias\/","robots":"max-image-preview:large","keywords":"actualidad","webmasterTools":{"google-site-verification":"UA-38556648-1","msvalidate.01":"7dfe9f3f1b24437ab69f4f2559babe99","miscellaneous":""},"schema":{"@context":"https:\/\/schema.org","@graph":[{"@type":"BlogPosting","@id":"https:\/\/www.eldigitaldeasturias.com\/noticias\/el-gobierno-balear-asume-la-atencion-telefonica-de-las-urgencias\/#blogposting","name":"El Gobierno Balear asume la atenci\u00f3n telef\u00f3nica de las urgencias - El Digital de Asturias","headline":"El Gobierno Balear asume la atenci\u00f3n telef\u00f3nica de las urgencias","author":{"@id":"https:\/\/www.eldigitaldeasturias.com\/noticias\/author\/admin\/#author"},"publisher":{"@id":"https:\/\/www.eldigitaldeasturias.com\/noticias\/#organization"},"image":{"@type":"ImageObject","url":974311},"datePublished":"2018-04-01T14:01:18+02:00","dateModified":"2018-04-01T14:01:18+02:00","inLanguage":"es-ES","mainEntityOfPage":{"@id":"https:\/\/www.eldigitaldeasturias.com\/noticias\/el-gobierno-balear-asume-la-atencion-telefonica-de-las-urgencias\/#webpage"},"isPartOf":{"@id":"https:\/\/www.eldigitaldeasturias.com\/noticias\/el-gobierno-balear-asume-la-atencion-telefonica-de-las-urgencias\/#webpage"},"articleSection":"Actualidad"},{"@type":"BreadcrumbList","@id":"https:\/\/www.eldigitaldeasturias.com\/noticias\/el-gobierno-balear-asume-la-atencion-telefonica-de-las-urgencias\/#breadcrumblist","itemListElement":[{"@type":"ListItem","@id":"https:\/\/www.eldigitaldeasturias.com\/noticias#listItem","position":1,"name":"Home","item":"https:\/\/www.eldigitaldeasturias.com\/noticias","nextItem":{"@type":"ListItem","@id":"https:\/\/www.eldigitaldeasturias.com\/noticias\/category\/actualidad\/#listItem","name":"Actualidad"}},{"@type":"ListItem","@id":"https:\/\/www.eldigitaldeasturias.com\/noticias\/category\/actualidad\/#listItem","position":2,"name":"Actualidad","item":"https:\/\/www.eldigitaldeasturias.com\/noticias\/category\/actualidad\/","nextItem":{"@type":"ListItem","@id":"https:\/\/www.eldigitaldeasturias.com\/noticias\/el-gobierno-balear-asume-la-atencion-telefonica-de-las-urgencias\/#listItem","name":"El Gobierno Balear asume la atenci\u00f3n telef\u00f3nica de las urgencias"},"previousItem":{"@type":"ListItem","@id":"https:\/\/www.eldigitaldeasturias.com\/noticias#listItem","name":"Home"}},{"@type":"ListItem","@id":"https:\/\/www.eldigitaldeasturias.com\/noticias\/el-gobierno-balear-asume-la-atencion-telefonica-de-las-urgencias\/#listItem","position":3,"name":"El Gobierno Balear asume la atenci\u00f3n telef\u00f3nica de las urgencias","previousItem":{"@type":"ListItem","@id":"https:\/\/www.eldigitaldeasturias.com\/noticias\/category\/actualidad\/#listItem","name":"Actualidad"}}]},{"@type":"Organization","@id":"https:\/\/www.eldigitaldeasturias.com\/noticias\/#organization","name":"El Digital de Asturias","description":"Hemeroteca","url":"https:\/\/www.eldigitaldeasturias.com\/noticias\/","email":"info@eldigitaldeasturias.com","telephone":"+34652131393","logo":{"@type":"ImageObject","url":"https:\/\/www.eldigitaldeasturias.com\/noticias\/wp-content\/uploads\/2020\/12\/EDA.jpg","@id":"https:\/\/www.eldigitaldeasturias.com\/noticias\/el-gobierno-balear-asume-la-atencion-telefonica-de-las-urgencias\/#organizationLogo"},"image":{"@id":"https:\/\/www.eldigitaldeasturias.com\/noticias\/el-gobierno-balear-asume-la-atencion-telefonica-de-las-urgencias\/#organizationLogo"},"sameAs":["https:\/\/facebook.com\/eldigitaldeasturias","https:\/\/www.youtube.com\/channel\/UCZP-2wLEB9Rv6erhFmqVnvg"],"address":{"@id":"https:\/\/www.eldigitaldeasturias.com\/noticias\/#postaladdress","@type":"PostalAddress","streetAddress":"san antonio 4","postalCode":"33430","addressLocality":"Cand\u00e1s","addressRegion":"Asturias","addressCountry":"ES"}},{"@type":"Person","@id":"https:\/\/www.eldigitaldeasturias.com\/noticias\/author\/admin\/#author","url":"https:\/\/www.eldigitaldeasturias.com\/noticias\/author\/admin\/","name":"El Digital de Asturias","image":{"@type":"ImageObject","@id":"https:\/\/www.eldigitaldeasturias.com\/noticias\/el-gobierno-balear-asume-la-atencion-telefonica-de-las-urgencias\/#authorImage","url":"https:\/\/secure.gravatar.com\/avatar\/df2aeffc32bcd13f8d26072ef8a91b623d677766deac7f97ca815868cd41bf5e?s=96&d=mm&r=g","width":96,"height":96,"caption":"El Digital de Asturias"}},{"@type":"WebPage","@id":"https:\/\/www.eldigitaldeasturias.com\/noticias\/el-gobierno-balear-asume-la-atencion-telefonica-de-las-urgencias\/#webpage","url":"https:\/\/www.eldigitaldeasturias.com\/noticias\/el-gobierno-balear-asume-la-atencion-telefonica-de-las-urgencias\/","name":"El Gobierno Balear asume la atenci\u00f3n telef\u00f3nica de las urgencias - El Digital de Asturias","description":"El Gobierno de las Islas Baleares asume desde hoy el servicio de transporte sanitario terrestre urgente y la atenci\u00f3n telef\u00f3nica de urgencias del Servicio de Salud por medio de una encomienda gesti\u00f3n a la entidad p\u00fablica empresarial Gesti\u00f3n Sanitaria y Asistencial de las Islas Baleares (GSAIB). Esta asunci\u00f3n tendr\u00e1 una duraci\u00f3n de dos a\u00f1os (prorrogables)","inLanguage":"es-ES","isPartOf":{"@id":"https:\/\/www.eldigitaldeasturias.com\/noticias\/#website"},"breadcrumb":{"@id":"https:\/\/www.eldigitaldeasturias.com\/noticias\/el-gobierno-balear-asume-la-atencion-telefonica-de-las-urgencias\/#breadcrumblist"},"author":{"@id":"https:\/\/www.eldigitaldeasturias.com\/noticias\/author\/admin\/#author"},"creator":{"@id":"https:\/\/www.eldigitaldeasturias.com\/noticias\/author\/admin\/#author"},"image":{"@type":"ImageObject","url":974311,"@id":"https:\/\/www.eldigitaldeasturias.com\/noticias\/el-gobierno-balear-asume-la-atencion-telefonica-de-las-urgencias\/#mainImage"},"primaryImageOfPage":{"@id":"https:\/\/www.eldigitaldeasturias.com\/noticias\/el-gobierno-balear-asume-la-atencion-telefonica-de-las-urgencias\/#mainImage"},"datePublished":"2018-04-01T14:01:18+02:00","dateModified":"2018-04-01T14:01:18+02:00"},{"@type":"WebSite","@id":"https:\/\/www.eldigitaldeasturias.com\/noticias\/#website","url":"https:\/\/www.eldigitaldeasturias.com\/noticias\/","name":"El Digital de Asturias - Diario de actualidad y noticias","alternateName":"El Digital de Asturias - Diario de actualidad y noticias","description":"Hemeroteca","inLanguage":"es-ES","publisher":{"@id":"https:\/\/www.eldigitaldeasturias.com\/noticias\/#organization"}}]},"og:locale":"es_ES","og:site_name":"El Digital de Asturias","og:type":"article","og:title":"El Gobierno Balear asume la atenci\u00f3n telef\u00f3nica de las urgencias - El Digital de Asturias","og:description":"El Gobierno de las Islas Baleares asume desde hoy el servicio de transporte sanitario terrestre urgente y la atenci\u00f3n telef\u00f3nica de urgencias del Servicio de Salud por medio de una encomienda gesti\u00f3n a la entidad p\u00fablica empresarial Gesti\u00f3n Sanitaria y Asistencial de las Islas Baleares (GSAIB). Esta asunci\u00f3n tendr\u00e1 una duraci\u00f3n de dos a\u00f1os (prorrogables)","og:url":"https:\/\/www.eldigitaldeasturias.com\/noticias\/el-gobierno-balear-asume-la-atencion-telefonica-de-las-urgencias\/","article:tag":["actualidad"],"article:published_time":"2018-04-01T14:01:18+00:00","article:modified_time":"2018-04-01T14:01:18+00:00","article:publisher":"https:\/\/facebook.com\/eldigitaldeasturias","twitter:card":"summary_large_image","twitter:title":"El Gobierno Balear asume la atenci\u00f3n telef\u00f3nica de las urgencias - El Digital de Asturias","twitter:description":"El Gobierno de las Islas Baleares asume desde hoy el servicio de transporte sanitario terrestre urgente y la atenci\u00f3n telef\u00f3nica de urgencias del Servicio de Salud por medio de una encomienda gesti\u00f3n a la entidad p\u00fablica empresarial Gesti\u00f3n Sanitaria y Asistencial de las Islas Baleares (GSAIB). Esta asunci\u00f3n tendr\u00e1 una duraci\u00f3n de dos a\u00f1os (prorrogables)","twitter:image":"https:\/\/www.eldigitaldeasturias.com\/noticias\/wp-content\/uploads\/2020\/12\/EDA-1.jpg","twitter:label1":"Escrito por","twitter:data1":"El Digital de Asturias","twitter:label2":"Tiempo de lectura estimado","twitter:data2":"4 minutos"},"aioseo_meta_data":{"post_id":"974310","title":null,"description":null,"keywords":null,"keyphrases":null,"primary_term":null,"canonical_url":null,"og_title":null,"og_description":null,"og_object_type":"default","og_image_type":"default","og_image_url":null,"og_image_width":null,"og_image_height":null,"og_image_custom_url":null,"og_image_custom_fields":null,"og_video":null,"og_custom_url":null,"og_article_section":null,"og_article_tags":null,"twitter_use_og":false,"twitter_card":"default","twitter_image_type":"default","twitter_image_url":null,"twitter_image_custom_url":null,"twitter_image_custom_fields":null,"twitter_title":null,"twitter_description":null,"schema":{"blockGraphs":[],"customGraphs":[],"default":{"data":{"Article":[],"Course":[],"Dataset":[],"FAQPage":[],"Movie":[],"Person":[],"Product":[],"ProductReview":[],"Car":[],"Recipe":[],"Service":[],"SoftwareApplication":[],"WebPage":[]},"graphName":"","isEnabled":true},"graphs":[]},"schema_type":null,"schema_type_options":null,"pillar_content":false,"robots_default":true,"robots_noindex":false,"robots_noarchive":false,"robots_nosnippet":false,"robots_nofollow":false,"robots_noimageindex":false,"robots_noodp":false,"robots_notranslate":false,"robots_max_snippet":null,"robots_max_videopreview":null,"robots_max_imagepreview":"large","priority":null,"frequency":null,"local_seo":null,"seo_analyzer_scan_date":"2025-10-07 19:47:07","breadcrumb_settings":null,"limit_modified_date":false,"open_ai":null,"ai":null,"created":"2020-12-21 12:13:39","updated":"2025-10-07 19:47:07","focus_keyword":null,"additional_keywords":null,"truseo_locale":null},"aioseo_breadcrumb":"<div class=\"aioseo-breadcrumbs\"><span class=\"aioseo-breadcrumb\">\n\t<a href=\"https:\/\/www.eldigitaldeasturias.com\/noticias\" title=\"Home\">Home<\/a>\n<\/span><span class=\"aioseo-breadcrumb-separator\">\u2013<\/span><span class=\"aioseo-breadcrumb\">\n\t<a href=\"https:\/\/www.eldigitaldeasturias.com\/noticias\/category\/actualidad\/\" title=\"Actualidad\">Actualidad<\/a>\n<\/span><span class=\"aioseo-breadcrumb-separator\">\u2013<\/span><span class=\"aioseo-breadcrumb\">\n\t<a href=\"https:\/\/www.eldigitaldeasturias.com\/noticias\/el-gobierno-balear-asume-la-atencion-telefonica-de-las-urgencias\/\" title=\"El Gobierno Balear asume la atenci\u00f3n telef\u00f3nica de las urgencias\">El Gobierno Balear asume la atenci\u00f3n telef\u00f3nica de las urgencias<\/a>\n<\/span><\/div>","aioseo_breadcrumb_json":[{"label":"Home","link":"https:\/\/www.eldigitaldeasturias.com\/noticias"},{"label":"Actualidad","link":"https:\/\/www.eldigitaldeasturias.com\/noticias\/category\/actualidad\/"},{"label":"El Gobierno Balear asume la atenci\u00f3n telef\u00f3nica de las urgencias","link":"https:\/\/www.eldigitaldeasturias.com\/noticias\/el-gobierno-balear-asume-la-atencion-telefonica-de-las-urgencias\/"}],"_links":{"self":[{"href":"https:\/\/www.eldigitaldeasturias.com\/noticias\/wp-json\/wp\/v2\/posts\/974310","targetHints":{"allow":["GET"]}}],"collection":[{"href":"https:\/\/www.eldigitaldeasturias.com\/noticias\/wp-json\/wp\/v2\/posts"}],"about":[{"href":"https:\/\/www.eldigitaldeasturias.com\/noticias\/wp-json\/wp\/v2\/types\/post"}],"author":[{"embeddable":true,"href":"https:\/\/www.eldigitaldeasturias.com\/noticias\/wp-json\/wp\/v2\/users\/1"}],"replies":[{"embeddable":true,"href":"https:\/\/www.eldigitaldeasturias.com\/noticias\/wp-json\/wp\/v2\/comments?post=974310"}],"version-history":[{"count":0,"href":"https:\/\/www.eldigitaldeasturias.com\/noticias\/wp-json\/wp\/v2\/posts\/974310\/revisions"}],"wp:attachment":[{"href":"https:\/\/www.eldigitaldeasturias.com\/noticias\/wp-json\/wp\/v2\/media?parent=974310"}],"wp:term":[{"taxonomy":"category","embeddable":true,"href":"https:\/\/www.eldigitaldeasturias.com\/noticias\/wp-json\/wp\/v2\/categories?post=974310"},{"taxonomy":"post_tag","embeddable":true,"href":"https:\/\/www.eldigitaldeasturias.com\/noticias\/wp-json\/wp\/v2\/tags?post=974310"}],"curies":[{"name":"wp","href":"https:\/\/api.w.org\/{rel}","templated":true}]}}