{"id":974304,"date":"2018-04-01T13:56:21","date_gmt":"2018-04-01T13:56:21","guid":{"rendered":"http:\/\/www.eldigitaldeasturias.com\/noticias\/?p=974304"},"modified":"2018-04-01T13:56:21","modified_gmt":"2018-04-01T13:56:21","slug":"reunion-entre-el-govern-de-les-illes-balears-y-los-representantes-sindicales","status":"publish","type":"post","link":"https:\/\/www.eldigitaldeasturias.com\/noticias\/reunion-entre-el-govern-de-les-illes-balears-y-los-representantes-sindicales\/","title":{"rendered":"Reuni\u00f3n entre el Govern de les Illes Balears y los representantes sindicales"},"content":{"rendered":"<figure id=\"attachment_974305\" aria-describedby=\"caption-attachment-974305\" style=\"width: 360px\" class=\"wp-caption alignleft\"><img loading=\"lazy\" decoding=\"async\" class=\"size-medium wp-image-974305\" src=\"https:\/\/www.eldigitaldeasturias.com\/noticias\/wp-content\/uploads\/2018\/04\/1522244946446_16-360x202.jpg\" alt=\"\" width=\"360\" height=\"202\" \/><figcaption id=\"caption-attachment-974305\" class=\"wp-caption-text\">dav<\/figcaption><\/figure>\n<p>El Govern de les Illes Balears y los representantes sindicales de la funci\u00f3n p\u00fablica coinciden en una defensa conjunta de la carrera profesional del personal funcionario de la Comunitat Aut\u00f3noma de las Iles Balears ante la advertencia de recurso comunicado por el Gobierno del Estado en contra de este complemento. La consellera de Hacienda y Administraciones P\u00fablicas, Catalina Cladera, ha presidido una mesa informativa con los representantes de los sindicatos UGT, CCOO, CSI-F, STEI, SIMEBAL y SATSE junto con el director general de Funci\u00f3n P\u00fablica y Administraciones P\u00fablicas, Pedro J. Jim\u00e9nez.<\/p>\n<p>La consellera Cladera ha valorado el apoyo p\u00fablico manifestado por los sindicatos ante esta \u201cinjerencia\u201d del Gobierno del Estado y ha manifestado que la carrera profesional es un derecho de los trabajadores de la CAIB. El Govern de les Illes Balears, ha destacado la consellera, mantendr\u00e1 \u201chasta el final\u201d la defensa de su aplicaci\u00f3n, fruto de los acuerdos aprobados por unanimidad con las organizaciones sindicales en las mesas sectoriales y que se ha incluido en los presupuestos generales de la CAIB de los \u00faltimos a\u00f1os sin tener ninguna objeci\u00f3n.<\/p>\n<p>\u201cHaremos todo lo posible, lo que haga falta, para defender la carrera profesional\u201d, ha a\u00f1adido Cladera, a la vez que ha trasladado un \u201cmensaje de tranquilidad\u201d a los trabajadores p\u00fablicos. Tambi\u00e9n ha destacado que el Govern mantendr\u00e1 la \u201ctensi\u00f3n\u201d en la defensa de los intereses de Balears y del personal de la CAIB y ha incidido en que Balears cumple los objetivos de estabilidad presupuestaria. As\u00ed se refleja en el resultado provisional de 2017, a\u00f1o en el que Balears cumpli\u00f3 todas las reglas fiscales (l\u00edmites de d\u00e9ficit y deuda y regla del gasto) por segundo ejercicio consecutivo y cerr\u00f3 con super\u00e1vit, hecho que permitir\u00e1 reducir la deuda p\u00fablica de la CAIB en t\u00e9rminos absolutos por primera vez en la historia.<\/p>\n<p>Cladera tambi\u00e9n ha pedido \u201cresponsabilidad\u201d a todos los partidos pol\u00edticos para \u201chacer recapacitar\u201d al Gobierno del Estado y evitar la presentaci\u00f3n de un recurso contra la carrera profesional. Los servicios jur\u00eddicos y la Abogac\u00eda de la CAIB preparan los argumentos que ser\u00e1n defendidos pr\u00f3ximamente en la convocatoria de una comisi\u00f3n bilateral con el Gobierno para resolver las discrepancias manifestadas por la Secretar\u00eda de Estado de Coordinaci\u00f3n Territorial del Ministerio de Presidencia y por las Administraciones Territoriales en relaci\u00f3n a la carrera profesional, la sanidad universal y la inclusi\u00f3n de los cruceros dentro de los establecimientos sujetos al devengo del Impuesto de Turismo Sostenible.<\/p>\n","protected":false},"excerpt":{"rendered":"<p>El Govern de les Illes Balears y los representantes sindicales de la funci\u00f3n p\u00fablica coinciden en una defensa conjunta de la carrera profesional del personal funcionario de la Comunitat Aut\u00f3noma de las Iles Balears ante la advertencia de recurso comunicado por el Gobierno del Estado en contra de este complemento. La consellera de Hacienda y [&hellip;]<\/p>\n","protected":false},"author":1,"featured_media":974305,"comment_status":"closed","ping_status":"closed","sticky":false,"template":"","format":"standard","meta":{"footnotes":""},"categories":[1],"tags":[],"class_list":["post-974304","post","type-post","status-publish","format-standard","has-post-thumbnail","hentry","category-actualidad"],"aioseo_notices":[],"aioseo_head":"\n\t\t<!-- All in One SEO Pro 5.0.1 - aioseo.com -->\n\t<meta name=\"description\" content=\"El Govern de les Illes Balears y los representantes sindicales de la funci\u00f3n p\u00fablica coinciden en una defensa conjunta de la carrera profesional del personal funcionario de la Comunitat Aut\u00f3noma de las Iles Balears ante la advertencia de recurso comunicado por el Gobierno del Estado en contra de este complemento. La consellera de Hacienda y\" \/>\n\t<meta name=\"robots\" content=\"max-image-preview:large\" \/>\n\t<meta name=\"author\" content=\"El Digital de Asturias\"\/>\n\t<meta name=\"google-site-verification\" content=\"UA-38556648-1\" \/>\n\t<meta name=\"msvalidate.01\" content=\"7dfe9f3f1b24437ab69f4f2559babe99\" \/>\n\t<meta name=\"keywords\" content=\"actualidad\" \/>\n\t<link rel=\"canonical\" href=\"https:\/\/www.eldigitaldeasturias.com\/noticias\/reunion-entre-el-govern-de-les-illes-balears-y-los-representantes-sindicales\/\" \/>\n\t<meta name=\"generator\" content=\"All in One SEO Pro (AIOSEO) 5.0.1\" \/>\n\t\t<meta property=\"og:locale\" content=\"es_ES\" \/>\n\t\t<meta property=\"og:site_name\" content=\"El Digital de Asturias\" \/>\n\t\t<meta property=\"og:type\" content=\"article\" \/>\n\t\t<meta property=\"og:title\" content=\"Reuni\u00f3n entre el Govern de les Illes Balears y los representantes sindicales - El Digital de Asturias\" \/>\n\t\t<meta property=\"og:description\" content=\"El Govern de les Illes Balears y los representantes sindicales de la funci\u00f3n p\u00fablica coinciden en una defensa conjunta de la carrera profesional del personal funcionario de la Comunitat Aut\u00f3noma de las Iles Balears ante la advertencia de recurso comunicado por el Gobierno del Estado en contra de este complemento. La consellera de Hacienda y\" \/>\n\t\t<meta property=\"og:url\" content=\"https:\/\/www.eldigitaldeasturias.com\/noticias\/reunion-entre-el-govern-de-les-illes-balears-y-los-representantes-sindicales\/\" \/>\n\t\t<meta property=\"article:tag\" content=\"actualidad\" \/>\n\t\t<meta property=\"article:published_time\" content=\"2018-04-01T13:56:21+00:00\" \/>\n\t\t<meta property=\"article:modified_time\" content=\"2018-04-01T13:56:21+00:00\" \/>\n\t\t<meta property=\"article:publisher\" content=\"https:\/\/facebook.com\/eldigitaldeasturias\" \/>\n\t\t<meta name=\"twitter:card\" content=\"summary_large_image\" \/>\n\t\t<meta name=\"twitter:title\" content=\"Reuni\u00f3n entre el Govern de les Illes Balears y los representantes sindicales - El Digital de Asturias\" \/>\n\t\t<meta name=\"twitter:description\" content=\"El Govern de les Illes Balears y los representantes sindicales de la funci\u00f3n p\u00fablica coinciden en una defensa conjunta de la carrera profesional del personal funcionario de la Comunitat Aut\u00f3noma de las Iles Balears ante la advertencia de recurso comunicado por el Gobierno del Estado en contra de este complemento. La consellera de Hacienda y\" \/>\n\t\t<meta name=\"twitter:image\" content=\"https:\/\/www.eldigitaldeasturias.com\/noticias\/wp-content\/uploads\/2020\/12\/EDA-1.jpg\" \/>\n\t\t<meta name=\"twitter:label1\" content=\"Escrito por\" \/>\n\t\t<meta name=\"twitter:data1\" content=\"El Digital de Asturias\" \/>\n\t\t<meta name=\"twitter:label2\" content=\"Tiempo de lectura estimado\" \/>\n\t\t<meta name=\"twitter:data2\" content=\"2 minutos\" \/>\n\t\t<script type=\"application\/ld+json\" class=\"aioseo-schema\">\n\t\t\t{\"@context\":\"https:\\\/\\\/schema.org\",\"@graph\":[{\"@type\":\"BlogPosting\",\"@id\":\"https:\\\/\\\/www.eldigitaldeasturias.com\\\/noticias\\\/reunion-entre-el-govern-de-les-illes-balears-y-los-representantes-sindicales\\\/#blogposting\",\"name\":\"Reuni\\u00f3n entre el Govern de les Illes Balears y los representantes sindicales - El Digital de Asturias\",\"headline\":\"Reuni\\u00f3n entre el Govern de les Illes Balears y los representantes sindicales\",\"author\":{\"@id\":\"https:\\\/\\\/www.eldigitaldeasturias.com\\\/noticias\\\/author\\\/admin\\\/#author\"},\"publisher\":{\"@id\":\"https:\\\/\\\/www.eldigitaldeasturias.com\\\/noticias\\\/#organization\"},\"image\":{\"@type\":\"ImageObject\",\"url\":974305},\"datePublished\":\"2018-04-01T13:56:21+02:00\",\"dateModified\":\"2018-04-01T13:56:21+02:00\",\"inLanguage\":\"es-ES\",\"mainEntityOfPage\":{\"@id\":\"https:\\\/\\\/www.eldigitaldeasturias.com\\\/noticias\\\/reunion-entre-el-govern-de-les-illes-balears-y-los-representantes-sindicales\\\/#webpage\"},\"isPartOf\":{\"@id\":\"https:\\\/\\\/www.eldigitaldeasturias.com\\\/noticias\\\/reunion-entre-el-govern-de-les-illes-balears-y-los-representantes-sindicales\\\/#webpage\"},\"articleSection\":\"Actualidad\"},{\"@type\":\"BreadcrumbList\",\"@id\":\"https:\\\/\\\/www.eldigitaldeasturias.com\\\/noticias\\\/reunion-entre-el-govern-de-les-illes-balears-y-los-representantes-sindicales\\\/#breadcrumblist\",\"itemListElement\":[{\"@type\":\"ListItem\",\"@id\":\"https:\\\/\\\/www.eldigitaldeasturias.com\\\/noticias#listItem\",\"position\":1,\"name\":\"Home\",\"item\":\"https:\\\/\\\/www.eldigitaldeasturias.com\\\/noticias\",\"nextItem\":{\"@type\":\"ListItem\",\"@id\":\"https:\\\/\\\/www.eldigitaldeasturias.com\\\/noticias\\\/category\\\/actualidad\\\/#listItem\",\"name\":\"Actualidad\"}},{\"@type\":\"ListItem\",\"@id\":\"https:\\\/\\\/www.eldigitaldeasturias.com\\\/noticias\\\/category\\\/actualidad\\\/#listItem\",\"position\":2,\"name\":\"Actualidad\",\"item\":\"https:\\\/\\\/www.eldigitaldeasturias.com\\\/noticias\\\/category\\\/actualidad\\\/\",\"nextItem\":{\"@type\":\"ListItem\",\"@id\":\"https:\\\/\\\/www.eldigitaldeasturias.com\\\/noticias\\\/reunion-entre-el-govern-de-les-illes-balears-y-los-representantes-sindicales\\\/#listItem\",\"name\":\"Reuni\\u00f3n entre el Govern de les Illes Balears y los representantes sindicales\"},\"previousItem\":{\"@type\":\"ListItem\",\"@id\":\"https:\\\/\\\/www.eldigitaldeasturias.com\\\/noticias#listItem\",\"name\":\"Home\"}},{\"@type\":\"ListItem\",\"@id\":\"https:\\\/\\\/www.eldigitaldeasturias.com\\\/noticias\\\/reunion-entre-el-govern-de-les-illes-balears-y-los-representantes-sindicales\\\/#listItem\",\"position\":3,\"name\":\"Reuni\\u00f3n entre el Govern de les Illes Balears y los representantes sindicales\",\"previousItem\":{\"@type\":\"ListItem\",\"@id\":\"https:\\\/\\\/www.eldigitaldeasturias.com\\\/noticias\\\/category\\\/actualidad\\\/#listItem\",\"name\":\"Actualidad\"}}]},{\"@type\":\"Organization\",\"@id\":\"https:\\\/\\\/www.eldigitaldeasturias.com\\\/noticias\\\/#organization\",\"name\":\"El Digital de Asturias\",\"description\":\"Hemeroteca\",\"url\":\"https:\\\/\\\/www.eldigitaldeasturias.com\\\/noticias\\\/\",\"email\":\"info@eldigitaldeasturias.com\",\"telephone\":\"+34652131393\",\"logo\":{\"@type\":\"ImageObject\",\"url\":\"https:\\\/\\\/www.eldigitaldeasturias.com\\\/noticias\\\/wp-content\\\/uploads\\\/2020\\\/12\\\/EDA.jpg\",\"@id\":\"https:\\\/\\\/www.eldigitaldeasturias.com\\\/noticias\\\/reunion-entre-el-govern-de-les-illes-balears-y-los-representantes-sindicales\\\/#organizationLogo\"},\"image\":{\"@id\":\"https:\\\/\\\/www.eldigitaldeasturias.com\\\/noticias\\\/reunion-entre-el-govern-de-les-illes-balears-y-los-representantes-sindicales\\\/#organizationLogo\"},\"sameAs\":[\"https:\\\/\\\/facebook.com\\\/eldigitaldeasturias\",\"https:\\\/\\\/www.youtube.com\\\/channel\\\/UCZP-2wLEB9Rv6erhFmqVnvg\"],\"address\":{\"@id\":\"https:\\\/\\\/www.eldigitaldeasturias.com\\\/noticias\\\/#postaladdress\",\"@type\":\"PostalAddress\",\"streetAddress\":\"san antonio 4\",\"postalCode\":\"33430\",\"addressLocality\":\"Cand\\u00e1s\",\"addressRegion\":\"Asturias\",\"addressCountry\":\"ES\"}},{\"@type\":\"Person\",\"@id\":\"https:\\\/\\\/www.eldigitaldeasturias.com\\\/noticias\\\/author\\\/admin\\\/#author\",\"url\":\"https:\\\/\\\/www.eldigitaldeasturias.com\\\/noticias\\\/author\\\/admin\\\/\",\"name\":\"El Digital de Asturias\",\"image\":{\"@type\":\"ImageObject\",\"@id\":\"https:\\\/\\\/www.eldigitaldeasturias.com\\\/noticias\\\/reunion-entre-el-govern-de-les-illes-balears-y-los-representantes-sindicales\\\/#authorImage\",\"url\":\"https:\\\/\\\/secure.gravatar.com\\\/avatar\\\/df2aeffc32bcd13f8d26072ef8a91b623d677766deac7f97ca815868cd41bf5e?s=96&d=mm&r=g\",\"width\":96,\"height\":96,\"caption\":\"El Digital de Asturias\"}},{\"@type\":\"WebPage\",\"@id\":\"https:\\\/\\\/www.eldigitaldeasturias.com\\\/noticias\\\/reunion-entre-el-govern-de-les-illes-balears-y-los-representantes-sindicales\\\/#webpage\",\"url\":\"https:\\\/\\\/www.eldigitaldeasturias.com\\\/noticias\\\/reunion-entre-el-govern-de-les-illes-balears-y-los-representantes-sindicales\\\/\",\"name\":\"Reuni\\u00f3n entre el Govern de les Illes Balears y los representantes sindicales - El Digital de Asturias\",\"description\":\"El Govern de les Illes Balears y los representantes sindicales de la funci\\u00f3n p\\u00fablica coinciden en una defensa conjunta de la carrera profesional del personal funcionario de la Comunitat Aut\\u00f3noma de las Iles Balears ante la advertencia de recurso comunicado por el Gobierno del Estado en contra de este complemento. La consellera de Hacienda y\",\"inLanguage\":\"es-ES\",\"isPartOf\":{\"@id\":\"https:\\\/\\\/www.eldigitaldeasturias.com\\\/noticias\\\/#website\"},\"breadcrumb\":{\"@id\":\"https:\\\/\\\/www.eldigitaldeasturias.com\\\/noticias\\\/reunion-entre-el-govern-de-les-illes-balears-y-los-representantes-sindicales\\\/#breadcrumblist\"},\"author\":{\"@id\":\"https:\\\/\\\/www.eldigitaldeasturias.com\\\/noticias\\\/author\\\/admin\\\/#author\"},\"creator\":{\"@id\":\"https:\\\/\\\/www.eldigitaldeasturias.com\\\/noticias\\\/author\\\/admin\\\/#author\"},\"image\":{\"@type\":\"ImageObject\",\"url\":974305,\"@id\":\"https:\\\/\\\/www.eldigitaldeasturias.com\\\/noticias\\\/reunion-entre-el-govern-de-les-illes-balears-y-los-representantes-sindicales\\\/#mainImage\"},\"primaryImageOfPage\":{\"@id\":\"https:\\\/\\\/www.eldigitaldeasturias.com\\\/noticias\\\/reunion-entre-el-govern-de-les-illes-balears-y-los-representantes-sindicales\\\/#mainImage\"},\"datePublished\":\"2018-04-01T13:56:21+02:00\",\"dateModified\":\"2018-04-01T13:56:21+02:00\"},{\"@type\":\"WebSite\",\"@id\":\"https:\\\/\\\/www.eldigitaldeasturias.com\\\/noticias\\\/#website\",\"url\":\"https:\\\/\\\/www.eldigitaldeasturias.com\\\/noticias\\\/\",\"name\":\"El Digital de Asturias - Diario de actualidad y noticias\",\"alternateName\":\"El Digital de Asturias - Diario de actualidad y noticias\",\"description\":\"Hemeroteca\",\"inLanguage\":\"es-ES\",\"publisher\":{\"@id\":\"https:\\\/\\\/www.eldigitaldeasturias.com\\\/noticias\\\/#organization\"}}]}\n\t\t<\/script>\n\t\t<!-- All in One SEO Pro -->\r\n\t\t<title>Reuni\u00f3n entre el Govern de les Illes Balears y los representantes sindicales - El Digital de Asturias<\/title>\n\n","aioseo_head_json":{"title":"Reuni\u00f3n entre el Govern de les Illes Balears y los representantes sindicales - El Digital de Asturias","description":"El Govern de les Illes Balears y los representantes sindicales de la funci\u00f3n p\u00fablica coinciden en una defensa conjunta de la carrera profesional del personal funcionario de la Comunitat Aut\u00f3noma de las Iles Balears ante la advertencia de recurso comunicado por el Gobierno del Estado en contra de este complemento. La consellera de Hacienda y","canonical_url":"https:\/\/www.eldigitaldeasturias.com\/noticias\/reunion-entre-el-govern-de-les-illes-balears-y-los-representantes-sindicales\/","robots":"max-image-preview:large","keywords":"actualidad","webmasterTools":{"google-site-verification":"UA-38556648-1","msvalidate.01":"7dfe9f3f1b24437ab69f4f2559babe99","miscellaneous":""},"schema":{"@context":"https:\/\/schema.org","@graph":[{"@type":"BlogPosting","@id":"https:\/\/www.eldigitaldeasturias.com\/noticias\/reunion-entre-el-govern-de-les-illes-balears-y-los-representantes-sindicales\/#blogposting","name":"Reuni\u00f3n entre el Govern de les Illes Balears y los representantes sindicales - El Digital de Asturias","headline":"Reuni\u00f3n entre el Govern de les Illes Balears y los representantes sindicales","author":{"@id":"https:\/\/www.eldigitaldeasturias.com\/noticias\/author\/admin\/#author"},"publisher":{"@id":"https:\/\/www.eldigitaldeasturias.com\/noticias\/#organization"},"image":{"@type":"ImageObject","url":974305},"datePublished":"2018-04-01T13:56:21+02:00","dateModified":"2018-04-01T13:56:21+02:00","inLanguage":"es-ES","mainEntityOfPage":{"@id":"https:\/\/www.eldigitaldeasturias.com\/noticias\/reunion-entre-el-govern-de-les-illes-balears-y-los-representantes-sindicales\/#webpage"},"isPartOf":{"@id":"https:\/\/www.eldigitaldeasturias.com\/noticias\/reunion-entre-el-govern-de-les-illes-balears-y-los-representantes-sindicales\/#webpage"},"articleSection":"Actualidad"},{"@type":"BreadcrumbList","@id":"https:\/\/www.eldigitaldeasturias.com\/noticias\/reunion-entre-el-govern-de-les-illes-balears-y-los-representantes-sindicales\/#breadcrumblist","itemListElement":[{"@type":"ListItem","@id":"https:\/\/www.eldigitaldeasturias.com\/noticias#listItem","position":1,"name":"Home","item":"https:\/\/www.eldigitaldeasturias.com\/noticias","nextItem":{"@type":"ListItem","@id":"https:\/\/www.eldigitaldeasturias.com\/noticias\/category\/actualidad\/#listItem","name":"Actualidad"}},{"@type":"ListItem","@id":"https:\/\/www.eldigitaldeasturias.com\/noticias\/category\/actualidad\/#listItem","position":2,"name":"Actualidad","item":"https:\/\/www.eldigitaldeasturias.com\/noticias\/category\/actualidad\/","nextItem":{"@type":"ListItem","@id":"https:\/\/www.eldigitaldeasturias.com\/noticias\/reunion-entre-el-govern-de-les-illes-balears-y-los-representantes-sindicales\/#listItem","name":"Reuni\u00f3n entre el Govern de les Illes Balears y los representantes sindicales"},"previousItem":{"@type":"ListItem","@id":"https:\/\/www.eldigitaldeasturias.com\/noticias#listItem","name":"Home"}},{"@type":"ListItem","@id":"https:\/\/www.eldigitaldeasturias.com\/noticias\/reunion-entre-el-govern-de-les-illes-balears-y-los-representantes-sindicales\/#listItem","position":3,"name":"Reuni\u00f3n entre el Govern de les Illes Balears y los representantes sindicales","previousItem":{"@type":"ListItem","@id":"https:\/\/www.eldigitaldeasturias.com\/noticias\/category\/actualidad\/#listItem","name":"Actualidad"}}]},{"@type":"Organization","@id":"https:\/\/www.eldigitaldeasturias.com\/noticias\/#organization","name":"El Digital de Asturias","description":"Hemeroteca","url":"https:\/\/www.eldigitaldeasturias.com\/noticias\/","email":"info@eldigitaldeasturias.com","telephone":"+34652131393","logo":{"@type":"ImageObject","url":"https:\/\/www.eldigitaldeasturias.com\/noticias\/wp-content\/uploads\/2020\/12\/EDA.jpg","@id":"https:\/\/www.eldigitaldeasturias.com\/noticias\/reunion-entre-el-govern-de-les-illes-balears-y-los-representantes-sindicales\/#organizationLogo"},"image":{"@id":"https:\/\/www.eldigitaldeasturias.com\/noticias\/reunion-entre-el-govern-de-les-illes-balears-y-los-representantes-sindicales\/#organizationLogo"},"sameAs":["https:\/\/facebook.com\/eldigitaldeasturias","https:\/\/www.youtube.com\/channel\/UCZP-2wLEB9Rv6erhFmqVnvg"],"address":{"@id":"https:\/\/www.eldigitaldeasturias.com\/noticias\/#postaladdress","@type":"PostalAddress","streetAddress":"san antonio 4","postalCode":"33430","addressLocality":"Cand\u00e1s","addressRegion":"Asturias","addressCountry":"ES"}},{"@type":"Person","@id":"https:\/\/www.eldigitaldeasturias.com\/noticias\/author\/admin\/#author","url":"https:\/\/www.eldigitaldeasturias.com\/noticias\/author\/admin\/","name":"El Digital de Asturias","image":{"@type":"ImageObject","@id":"https:\/\/www.eldigitaldeasturias.com\/noticias\/reunion-entre-el-govern-de-les-illes-balears-y-los-representantes-sindicales\/#authorImage","url":"https:\/\/secure.gravatar.com\/avatar\/df2aeffc32bcd13f8d26072ef8a91b623d677766deac7f97ca815868cd41bf5e?s=96&d=mm&r=g","width":96,"height":96,"caption":"El Digital de Asturias"}},{"@type":"WebPage","@id":"https:\/\/www.eldigitaldeasturias.com\/noticias\/reunion-entre-el-govern-de-les-illes-balears-y-los-representantes-sindicales\/#webpage","url":"https:\/\/www.eldigitaldeasturias.com\/noticias\/reunion-entre-el-govern-de-les-illes-balears-y-los-representantes-sindicales\/","name":"Reuni\u00f3n entre el Govern de les Illes Balears y los representantes sindicales - El Digital de Asturias","description":"El Govern de les Illes Balears y los representantes sindicales de la funci\u00f3n p\u00fablica coinciden en una defensa conjunta de la carrera profesional del personal funcionario de la Comunitat Aut\u00f3noma de las Iles Balears ante la advertencia de recurso comunicado por el Gobierno del Estado en contra de este complemento. La consellera de Hacienda y","inLanguage":"es-ES","isPartOf":{"@id":"https:\/\/www.eldigitaldeasturias.com\/noticias\/#website"},"breadcrumb":{"@id":"https:\/\/www.eldigitaldeasturias.com\/noticias\/reunion-entre-el-govern-de-les-illes-balears-y-los-representantes-sindicales\/#breadcrumblist"},"author":{"@id":"https:\/\/www.eldigitaldeasturias.com\/noticias\/author\/admin\/#author"},"creator":{"@id":"https:\/\/www.eldigitaldeasturias.com\/noticias\/author\/admin\/#author"},"image":{"@type":"ImageObject","url":974305,"@id":"https:\/\/www.eldigitaldeasturias.com\/noticias\/reunion-entre-el-govern-de-les-illes-balears-y-los-representantes-sindicales\/#mainImage"},"primaryImageOfPage":{"@id":"https:\/\/www.eldigitaldeasturias.com\/noticias\/reunion-entre-el-govern-de-les-illes-balears-y-los-representantes-sindicales\/#mainImage"},"datePublished":"2018-04-01T13:56:21+02:00","dateModified":"2018-04-01T13:56:21+02:00"},{"@type":"WebSite","@id":"https:\/\/www.eldigitaldeasturias.com\/noticias\/#website","url":"https:\/\/www.eldigitaldeasturias.com\/noticias\/","name":"El Digital de Asturias - Diario de actualidad y noticias","alternateName":"El Digital de Asturias - Diario de actualidad y noticias","description":"Hemeroteca","inLanguage":"es-ES","publisher":{"@id":"https:\/\/www.eldigitaldeasturias.com\/noticias\/#organization"}}]},"og:locale":"es_ES","og:site_name":"El Digital de Asturias","og:type":"article","og:title":"Reuni\u00f3n entre el Govern de les Illes Balears y los representantes sindicales - El Digital de Asturias","og:description":"El Govern de les Illes Balears y los representantes sindicales de la funci\u00f3n p\u00fablica coinciden en una defensa conjunta de la carrera profesional del personal funcionario de la Comunitat Aut\u00f3noma de las Iles Balears ante la advertencia de recurso comunicado por el Gobierno del Estado en contra de este complemento. La consellera de Hacienda y","og:url":"https:\/\/www.eldigitaldeasturias.com\/noticias\/reunion-entre-el-govern-de-les-illes-balears-y-los-representantes-sindicales\/","article:tag":["actualidad"],"article:published_time":"2018-04-01T13:56:21+00:00","article:modified_time":"2018-04-01T13:56:21+00:00","article:publisher":"https:\/\/facebook.com\/eldigitaldeasturias","twitter:card":"summary_large_image","twitter:title":"Reuni\u00f3n entre el Govern de les Illes Balears y los representantes sindicales - El Digital de Asturias","twitter:description":"El Govern de les Illes Balears y los representantes sindicales de la funci\u00f3n p\u00fablica coinciden en una defensa conjunta de la carrera profesional del personal funcionario de la Comunitat Aut\u00f3noma de las Iles Balears ante la advertencia de recurso comunicado por el Gobierno del Estado en contra de este complemento. La consellera de Hacienda y","twitter:image":"https:\/\/www.eldigitaldeasturias.com\/noticias\/wp-content\/uploads\/2020\/12\/EDA-1.jpg","twitter:label1":"Escrito por","twitter:data1":"El Digital de Asturias","twitter:label2":"Tiempo de lectura estimado","twitter:data2":"2 minutos"},"aioseo_meta_data":{"post_id":"974304","title":null,"description":null,"keywords":null,"keyphrases":null,"primary_term":null,"canonical_url":null,"og_title":null,"og_description":null,"og_object_type":"default","og_image_type":"default","og_image_url":null,"og_image_width":null,"og_image_height":null,"og_image_custom_url":null,"og_image_custom_fields":null,"og_video":null,"og_custom_url":null,"og_article_section":null,"og_article_tags":null,"twitter_use_og":false,"twitter_card":"default","twitter_image_type":"default","twitter_image_url":null,"twitter_image_custom_url":null,"twitter_image_custom_fields":null,"twitter_title":null,"twitter_description":null,"schema":{"blockGraphs":[],"customGraphs":[],"default":{"data":{"Article":[],"Course":[],"Dataset":[],"FAQPage":[],"Movie":[],"Person":[],"Product":[],"ProductReview":[],"Car":[],"Recipe":[],"Service":[],"SoftwareApplication":[],"WebPage":[]},"graphName":"","isEnabled":true},"graphs":[],"defaultGraph":"","defaultPostTypeGraph":""},"schema_type":null,"schema_type_options":null,"pillar_content":false,"robots_default":true,"robots_noindex":false,"robots_noarchive":false,"robots_nosnippet":false,"robots_nofollow":false,"robots_noimageindex":false,"robots_noodp":false,"robots_notranslate":false,"robots_max_snippet":null,"robots_max_videopreview":null,"robots_max_imagepreview":"large","priority":null,"frequency":null,"local_seo":null,"seo_analyzer_scan_date":"2025-10-07 19:45:06","breadcrumb_settings":null,"limit_modified_date":false,"open_ai":null,"ai":null,"created":"2020-12-21 12:13:40","updated":"2025-10-07 19:45:06","focus_keyword":null,"additional_keywords":null,"truseo_locale":null},"aioseo_breadcrumb":"<div class=\"aioseo-breadcrumbs\"><span class=\"aioseo-breadcrumb\">\n\t<a href=\"https:\/\/www.eldigitaldeasturias.com\/noticias\" title=\"Home\">Home<\/a>\n<\/span><span class=\"aioseo-breadcrumb-separator\">\u2013<\/span><span class=\"aioseo-breadcrumb\">\n\t<a href=\"https:\/\/www.eldigitaldeasturias.com\/noticias\/category\/actualidad\/\" title=\"Actualidad\">Actualidad<\/a>\n<\/span><span class=\"aioseo-breadcrumb-separator\">\u2013<\/span><span class=\"aioseo-breadcrumb\">\n\t<a href=\"https:\/\/www.eldigitaldeasturias.com\/noticias\/reunion-entre-el-govern-de-les-illes-balears-y-los-representantes-sindicales\/\" title=\"Reuni\u00f3n entre el Govern de les Illes Balears y los representantes sindicales\">Reuni\u00f3n entre el Govern de les Illes Balears y los representantes sindicales<\/a>\n<\/span><\/div>","aioseo_breadcrumb_json":[{"label":"Home","link":"https:\/\/www.eldigitaldeasturias.com\/noticias"},{"label":"Actualidad","link":"https:\/\/www.eldigitaldeasturias.com\/noticias\/category\/actualidad\/"},{"label":"Reuni\u00f3n entre el Govern de les Illes Balears y los representantes sindicales","link":"https:\/\/www.eldigitaldeasturias.com\/noticias\/reunion-entre-el-govern-de-les-illes-balears-y-los-representantes-sindicales\/"}],"_links":{"self":[{"href":"https:\/\/www.eldigitaldeasturias.com\/noticias\/wp-json\/wp\/v2\/posts\/974304","targetHints":{"allow":["GET"]}}],"collection":[{"href":"https:\/\/www.eldigitaldeasturias.com\/noticias\/wp-json\/wp\/v2\/posts"}],"about":[{"href":"https:\/\/www.eldigitaldeasturias.com\/noticias\/wp-json\/wp\/v2\/types\/post"}],"author":[{"embeddable":true,"href":"https:\/\/www.eldigitaldeasturias.com\/noticias\/wp-json\/wp\/v2\/users\/1"}],"replies":[{"embeddable":true,"href":"https:\/\/www.eldigitaldeasturias.com\/noticias\/wp-json\/wp\/v2\/comments?post=974304"}],"version-history":[{"count":0,"href":"https:\/\/www.eldigitaldeasturias.com\/noticias\/wp-json\/wp\/v2\/posts\/974304\/revisions"}],"wp:attachment":[{"href":"https:\/\/www.eldigitaldeasturias.com\/noticias\/wp-json\/wp\/v2\/media?parent=974304"}],"wp:term":[{"taxonomy":"category","embeddable":true,"href":"https:\/\/www.eldigitaldeasturias.com\/noticias\/wp-json\/wp\/v2\/categories?post=974304"},{"taxonomy":"post_tag","embeddable":true,"href":"https:\/\/www.eldigitaldeasturias.com\/noticias\/wp-json\/wp\/v2\/tags?post=974304"}],"curies":[{"name":"wp","href":"https:\/\/api.w.org\/{rel}","templated":true}]}}