{"id":974302,"date":"2018-04-01T13:54:35","date_gmt":"2018-04-01T13:54:35","guid":{"rendered":"http:\/\/www.eldigitaldeasturias.com\/noticias\/?p=974302"},"modified":"2018-04-01T13:54:35","modified_gmt":"2018-04-01T13:54:35","slug":"el-soib-selecciona-trabajadores-para-mercadona-en-menorca","status":"publish","type":"post","link":"https:\/\/www.eldigitaldeasturias.com\/noticias\/el-soib-selecciona-trabajadores-para-mercadona-en-menorca\/","title":{"rendered":"El SOIB selecciona trabajadores para Mercadona en Menorca"},"content":{"rendered":"<p><img loading=\"lazy\" decoding=\"async\" class=\"alignleft size-medium wp-image-781858\" src=\"https:\/\/www.eldigitaldeasturias.com\/noticias\/wp-content\/uploads\/2015\/05\/paro-asturias-360x240.jpg\" alt=\"\" width=\"360\" height=\"240\" \/>El Servicio de Empleo de las Islas Baleares (SOIB) realiza el proceso de preselecci\u00f3n de candidatos y candidatas para <strong>contratar m\u00e1s de 50 personas<\/strong> en la cadena de <strong>supermercados que Mercadona tiene en Menorca<\/strong>, concretamente en Ma\u00f3 y Ciutadella. De este modo, a trav\u00e9s del servicio de intermediaci\u00f3n SOIB Empresas, Mercadona espera disponer de profesionales que se adapten a los perfiles solicitados para trabajar como cajeros-reponedores.<\/p>\n<p>El personal del SOIB Menorca y de los Servicios Centrales estamos colaborando en la gesti\u00f3n del proceso de selecci\u00f3n relativo al perfil profesional de caja-reposici\u00f3n para un total de 55 puestos de trabajo: 35 para Ciutadella y 20 para Ma\u00f3.<\/p>\n<p>Las personas interesadas en formar parte de este proceso de selecci\u00f3n deben informarse en la web oficial del SOIB, www.soib.es, donde, adem\u00e1s, tendr\u00e1n que rellenar un formulario de registro en l\u00ednea para inscribirse en las ofertas de trabajo hasta el 2 de abril. Si los candidatos est\u00e1n preseleccionados recibir\u00e1n una invitaci\u00f3n por SMS para asistir a la jornada de selecci\u00f3n que tendr\u00e1 lugar el d\u00eda 11 de abril en el Centro de la Mar en Ma\u00f3.<\/p>\n<p>Esta es la segunda vez que Mercadona y el SOIB Empresas colaboran para encontrar los perfiles m\u00e1s adecuados a las necesidades que tiene esta empresa. El mes de abril del a\u00f1o pasado se seleccionaron m\u00e1s de 80 vacantes para los supermercados Mercadona de Inca, Marratx\u00ed, Palma, Calvi\u00e0, Andratx y Llucmajor.<\/p>\n","protected":false},"excerpt":{"rendered":"<p>El Servicio de Empleo de las Islas Baleares (SOIB) realiza el proceso de preselecci\u00f3n de candidatos y candidatas para contratar m\u00e1s de 50 personas en la cadena de supermercados que Mercadona tiene en Menorca, concretamente en Ma\u00f3 y Ciutadella. De este modo, a trav\u00e9s del servicio de intermediaci\u00f3n SOIB Empresas, Mercadona espera disponer de profesionales [&hellip;]<\/p>\n","protected":false},"author":1,"featured_media":781858,"comment_status":"closed","ping_status":"closed","sticky":false,"template":"","format":"standard","meta":{"footnotes":""},"categories":[1],"tags":[],"class_list":["post-974302","post","type-post","status-publish","format-standard","has-post-thumbnail","hentry","category-actualidad"],"aioseo_notices":[],"aioseo_head":"\n\t\t<!-- All in One SEO Pro 5.0.1 - aioseo.com -->\n\t<meta name=\"description\" content=\"El Servicio de Empleo de las Islas Baleares (SOIB) realiza el proceso de preselecci\u00f3n de candidatos y candidatas para contratar m\u00e1s de 50 personas en la cadena de supermercados que Mercadona tiene en Menorca, concretamente en Ma\u00f3 y Ciutadella. De este modo, a trav\u00e9s del servicio de intermediaci\u00f3n SOIB Empresas, Mercadona espera disponer de profesionales\" \/>\n\t<meta name=\"robots\" content=\"max-image-preview:large\" \/>\n\t<meta name=\"author\" content=\"El Digital de Asturias\"\/>\n\t<meta name=\"google-site-verification\" content=\"UA-38556648-1\" \/>\n\t<meta name=\"msvalidate.01\" content=\"7dfe9f3f1b24437ab69f4f2559babe99\" \/>\n\t<meta name=\"keywords\" content=\"actualidad\" \/>\n\t<link rel=\"canonical\" href=\"https:\/\/www.eldigitaldeasturias.com\/noticias\/el-soib-selecciona-trabajadores-para-mercadona-en-menorca\/\" \/>\n\t<meta name=\"generator\" content=\"All in One SEO Pro (AIOSEO) 5.0.1\" \/>\n\t\t<meta property=\"og:locale\" content=\"es_ES\" \/>\n\t\t<meta property=\"og:site_name\" content=\"El Digital de Asturias\" \/>\n\t\t<meta property=\"og:type\" content=\"article\" \/>\n\t\t<meta property=\"og:title\" content=\"El SOIB selecciona trabajadores para Mercadona en Menorca - El Digital de Asturias\" \/>\n\t\t<meta property=\"og:description\" content=\"El Servicio de Empleo de las Islas Baleares (SOIB) realiza el proceso de preselecci\u00f3n de candidatos y candidatas para contratar m\u00e1s de 50 personas en la cadena de supermercados que Mercadona tiene en Menorca, concretamente en Ma\u00f3 y Ciutadella. De este modo, a trav\u00e9s del servicio de intermediaci\u00f3n SOIB Empresas, Mercadona espera disponer de profesionales\" \/>\n\t\t<meta property=\"og:url\" content=\"https:\/\/www.eldigitaldeasturias.com\/noticias\/el-soib-selecciona-trabajadores-para-mercadona-en-menorca\/\" \/>\n\t\t<meta property=\"article:tag\" content=\"actualidad\" \/>\n\t\t<meta property=\"article:published_time\" content=\"2018-04-01T13:54:35+00:00\" \/>\n\t\t<meta property=\"article:modified_time\" content=\"2018-04-01T13:54:35+00:00\" \/>\n\t\t<meta property=\"article:publisher\" content=\"https:\/\/facebook.com\/eldigitaldeasturias\" \/>\n\t\t<meta name=\"twitter:card\" content=\"summary_large_image\" \/>\n\t\t<meta name=\"twitter:title\" content=\"El SOIB selecciona trabajadores para Mercadona en Menorca - El Digital de Asturias\" \/>\n\t\t<meta name=\"twitter:description\" content=\"El Servicio de Empleo de las Islas Baleares (SOIB) realiza el proceso de preselecci\u00f3n de candidatos y candidatas para contratar m\u00e1s de 50 personas en la cadena de supermercados que Mercadona tiene en Menorca, concretamente en Ma\u00f3 y Ciutadella. De este modo, a trav\u00e9s del servicio de intermediaci\u00f3n SOIB Empresas, Mercadona espera disponer de profesionales\" \/>\n\t\t<meta name=\"twitter:image\" content=\"https:\/\/www.eldigitaldeasturias.com\/noticias\/wp-content\/uploads\/2020\/12\/EDA-1.jpg\" \/>\n\t\t<meta name=\"twitter:label1\" content=\"Escrito por\" \/>\n\t\t<meta name=\"twitter:data1\" content=\"El Digital de Asturias\" \/>\n\t\t<meta name=\"twitter:label2\" content=\"Tiempo de lectura estimado\" \/>\n\t\t<meta name=\"twitter:data2\" content=\"1 minuto\" \/>\n\t\t<script type=\"application\/ld+json\" class=\"aioseo-schema\">\n\t\t\t{\"@context\":\"https:\\\/\\\/schema.org\",\"@graph\":[{\"@type\":\"BlogPosting\",\"@id\":\"https:\\\/\\\/www.eldigitaldeasturias.com\\\/noticias\\\/el-soib-selecciona-trabajadores-para-mercadona-en-menorca\\\/#blogposting\",\"name\":\"El SOIB selecciona trabajadores para Mercadona en Menorca - El Digital de Asturias\",\"headline\":\"El SOIB selecciona trabajadores para Mercadona en Menorca\",\"author\":{\"@id\":\"https:\\\/\\\/www.eldigitaldeasturias.com\\\/noticias\\\/author\\\/admin\\\/#author\"},\"publisher\":{\"@id\":\"https:\\\/\\\/www.eldigitaldeasturias.com\\\/noticias\\\/#organization\"},\"image\":{\"@type\":\"ImageObject\",\"url\":781858},\"datePublished\":\"2018-04-01T13:54:35+02:00\",\"dateModified\":\"2018-04-01T13:54:35+02:00\",\"inLanguage\":\"es-ES\",\"mainEntityOfPage\":{\"@id\":\"https:\\\/\\\/www.eldigitaldeasturias.com\\\/noticias\\\/el-soib-selecciona-trabajadores-para-mercadona-en-menorca\\\/#webpage\"},\"isPartOf\":{\"@id\":\"https:\\\/\\\/www.eldigitaldeasturias.com\\\/noticias\\\/el-soib-selecciona-trabajadores-para-mercadona-en-menorca\\\/#webpage\"},\"articleSection\":\"Actualidad\"},{\"@type\":\"BreadcrumbList\",\"@id\":\"https:\\\/\\\/www.eldigitaldeasturias.com\\\/noticias\\\/el-soib-selecciona-trabajadores-para-mercadona-en-menorca\\\/#breadcrumblist\",\"itemListElement\":[{\"@type\":\"ListItem\",\"@id\":\"https:\\\/\\\/www.eldigitaldeasturias.com\\\/noticias#listItem\",\"position\":1,\"name\":\"Home\",\"item\":\"https:\\\/\\\/www.eldigitaldeasturias.com\\\/noticias\",\"nextItem\":{\"@type\":\"ListItem\",\"@id\":\"https:\\\/\\\/www.eldigitaldeasturias.com\\\/noticias\\\/category\\\/actualidad\\\/#listItem\",\"name\":\"Actualidad\"}},{\"@type\":\"ListItem\",\"@id\":\"https:\\\/\\\/www.eldigitaldeasturias.com\\\/noticias\\\/category\\\/actualidad\\\/#listItem\",\"position\":2,\"name\":\"Actualidad\",\"item\":\"https:\\\/\\\/www.eldigitaldeasturias.com\\\/noticias\\\/category\\\/actualidad\\\/\",\"nextItem\":{\"@type\":\"ListItem\",\"@id\":\"https:\\\/\\\/www.eldigitaldeasturias.com\\\/noticias\\\/el-soib-selecciona-trabajadores-para-mercadona-en-menorca\\\/#listItem\",\"name\":\"El SOIB selecciona trabajadores para Mercadona en Menorca\"},\"previousItem\":{\"@type\":\"ListItem\",\"@id\":\"https:\\\/\\\/www.eldigitaldeasturias.com\\\/noticias#listItem\",\"name\":\"Home\"}},{\"@type\":\"ListItem\",\"@id\":\"https:\\\/\\\/www.eldigitaldeasturias.com\\\/noticias\\\/el-soib-selecciona-trabajadores-para-mercadona-en-menorca\\\/#listItem\",\"position\":3,\"name\":\"El SOIB selecciona trabajadores para Mercadona en Menorca\",\"previousItem\":{\"@type\":\"ListItem\",\"@id\":\"https:\\\/\\\/www.eldigitaldeasturias.com\\\/noticias\\\/category\\\/actualidad\\\/#listItem\",\"name\":\"Actualidad\"}}]},{\"@type\":\"Organization\",\"@id\":\"https:\\\/\\\/www.eldigitaldeasturias.com\\\/noticias\\\/#organization\",\"name\":\"El Digital de Asturias\",\"description\":\"Hemeroteca\",\"url\":\"https:\\\/\\\/www.eldigitaldeasturias.com\\\/noticias\\\/\",\"email\":\"info@eldigitaldeasturias.com\",\"telephone\":\"+34652131393\",\"logo\":{\"@type\":\"ImageObject\",\"url\":\"https:\\\/\\\/www.eldigitaldeasturias.com\\\/noticias\\\/wp-content\\\/uploads\\\/2020\\\/12\\\/EDA.jpg\",\"@id\":\"https:\\\/\\\/www.eldigitaldeasturias.com\\\/noticias\\\/el-soib-selecciona-trabajadores-para-mercadona-en-menorca\\\/#organizationLogo\"},\"image\":{\"@id\":\"https:\\\/\\\/www.eldigitaldeasturias.com\\\/noticias\\\/el-soib-selecciona-trabajadores-para-mercadona-en-menorca\\\/#organizationLogo\"},\"sameAs\":[\"https:\\\/\\\/facebook.com\\\/eldigitaldeasturias\",\"https:\\\/\\\/www.youtube.com\\\/channel\\\/UCZP-2wLEB9Rv6erhFmqVnvg\"],\"address\":{\"@id\":\"https:\\\/\\\/www.eldigitaldeasturias.com\\\/noticias\\\/#postaladdress\",\"@type\":\"PostalAddress\",\"streetAddress\":\"san antonio 4\",\"postalCode\":\"33430\",\"addressLocality\":\"Cand\\u00e1s\",\"addressRegion\":\"Asturias\",\"addressCountry\":\"ES\"}},{\"@type\":\"Person\",\"@id\":\"https:\\\/\\\/www.eldigitaldeasturias.com\\\/noticias\\\/author\\\/admin\\\/#author\",\"url\":\"https:\\\/\\\/www.eldigitaldeasturias.com\\\/noticias\\\/author\\\/admin\\\/\",\"name\":\"El Digital de Asturias\",\"image\":{\"@type\":\"ImageObject\",\"@id\":\"https:\\\/\\\/www.eldigitaldeasturias.com\\\/noticias\\\/el-soib-selecciona-trabajadores-para-mercadona-en-menorca\\\/#authorImage\",\"url\":\"https:\\\/\\\/secure.gravatar.com\\\/avatar\\\/df2aeffc32bcd13f8d26072ef8a91b623d677766deac7f97ca815868cd41bf5e?s=96&d=mm&r=g\",\"width\":96,\"height\":96,\"caption\":\"El Digital de Asturias\"}},{\"@type\":\"WebPage\",\"@id\":\"https:\\\/\\\/www.eldigitaldeasturias.com\\\/noticias\\\/el-soib-selecciona-trabajadores-para-mercadona-en-menorca\\\/#webpage\",\"url\":\"https:\\\/\\\/www.eldigitaldeasturias.com\\\/noticias\\\/el-soib-selecciona-trabajadores-para-mercadona-en-menorca\\\/\",\"name\":\"El SOIB selecciona trabajadores para Mercadona en Menorca - El Digital de Asturias\",\"description\":\"El Servicio de Empleo de las Islas Baleares (SOIB) realiza el proceso de preselecci\\u00f3n de candidatos y candidatas para contratar m\\u00e1s de 50 personas en la cadena de supermercados que Mercadona tiene en Menorca, concretamente en Ma\\u00f3 y Ciutadella. De este modo, a trav\\u00e9s del servicio de intermediaci\\u00f3n SOIB Empresas, Mercadona espera disponer de profesionales\",\"inLanguage\":\"es-ES\",\"isPartOf\":{\"@id\":\"https:\\\/\\\/www.eldigitaldeasturias.com\\\/noticias\\\/#website\"},\"breadcrumb\":{\"@id\":\"https:\\\/\\\/www.eldigitaldeasturias.com\\\/noticias\\\/el-soib-selecciona-trabajadores-para-mercadona-en-menorca\\\/#breadcrumblist\"},\"author\":{\"@id\":\"https:\\\/\\\/www.eldigitaldeasturias.com\\\/noticias\\\/author\\\/admin\\\/#author\"},\"creator\":{\"@id\":\"https:\\\/\\\/www.eldigitaldeasturias.com\\\/noticias\\\/author\\\/admin\\\/#author\"},\"image\":{\"@type\":\"ImageObject\",\"url\":781858,\"@id\":\"https:\\\/\\\/www.eldigitaldeasturias.com\\\/noticias\\\/el-soib-selecciona-trabajadores-para-mercadona-en-menorca\\\/#mainImage\"},\"primaryImageOfPage\":{\"@id\":\"https:\\\/\\\/www.eldigitaldeasturias.com\\\/noticias\\\/el-soib-selecciona-trabajadores-para-mercadona-en-menorca\\\/#mainImage\"},\"datePublished\":\"2018-04-01T13:54:35+02:00\",\"dateModified\":\"2018-04-01T13:54:35+02:00\"},{\"@type\":\"WebSite\",\"@id\":\"https:\\\/\\\/www.eldigitaldeasturias.com\\\/noticias\\\/#website\",\"url\":\"https:\\\/\\\/www.eldigitaldeasturias.com\\\/noticias\\\/\",\"name\":\"El Digital de Asturias - Diario de actualidad y noticias\",\"alternateName\":\"El Digital de Asturias - Diario de actualidad y noticias\",\"description\":\"Hemeroteca\",\"inLanguage\":\"es-ES\",\"publisher\":{\"@id\":\"https:\\\/\\\/www.eldigitaldeasturias.com\\\/noticias\\\/#organization\"}}]}\n\t\t<\/script>\n\t\t<!-- All in One SEO Pro -->\r\n\t\t<title>El SOIB selecciona trabajadores para Mercadona en Menorca - El Digital de Asturias<\/title>\n\n","aioseo_head_json":{"title":"El SOIB selecciona trabajadores para Mercadona en Menorca - El Digital de Asturias","description":"El Servicio de Empleo de las Islas Baleares (SOIB) realiza el proceso de preselecci\u00f3n de candidatos y candidatas para contratar m\u00e1s de 50 personas en la cadena de supermercados que Mercadona tiene en Menorca, concretamente en Ma\u00f3 y Ciutadella. De este modo, a trav\u00e9s del servicio de intermediaci\u00f3n SOIB Empresas, Mercadona espera disponer de profesionales","canonical_url":"https:\/\/www.eldigitaldeasturias.com\/noticias\/el-soib-selecciona-trabajadores-para-mercadona-en-menorca\/","robots":"max-image-preview:large","keywords":"actualidad","webmasterTools":{"google-site-verification":"UA-38556648-1","msvalidate.01":"7dfe9f3f1b24437ab69f4f2559babe99","miscellaneous":""},"schema":{"@context":"https:\/\/schema.org","@graph":[{"@type":"BlogPosting","@id":"https:\/\/www.eldigitaldeasturias.com\/noticias\/el-soib-selecciona-trabajadores-para-mercadona-en-menorca\/#blogposting","name":"El SOIB selecciona trabajadores para Mercadona en Menorca - El Digital de Asturias","headline":"El SOIB selecciona trabajadores para Mercadona en Menorca","author":{"@id":"https:\/\/www.eldigitaldeasturias.com\/noticias\/author\/admin\/#author"},"publisher":{"@id":"https:\/\/www.eldigitaldeasturias.com\/noticias\/#organization"},"image":{"@type":"ImageObject","url":781858},"datePublished":"2018-04-01T13:54:35+02:00","dateModified":"2018-04-01T13:54:35+02:00","inLanguage":"es-ES","mainEntityOfPage":{"@id":"https:\/\/www.eldigitaldeasturias.com\/noticias\/el-soib-selecciona-trabajadores-para-mercadona-en-menorca\/#webpage"},"isPartOf":{"@id":"https:\/\/www.eldigitaldeasturias.com\/noticias\/el-soib-selecciona-trabajadores-para-mercadona-en-menorca\/#webpage"},"articleSection":"Actualidad"},{"@type":"BreadcrumbList","@id":"https:\/\/www.eldigitaldeasturias.com\/noticias\/el-soib-selecciona-trabajadores-para-mercadona-en-menorca\/#breadcrumblist","itemListElement":[{"@type":"ListItem","@id":"https:\/\/www.eldigitaldeasturias.com\/noticias#listItem","position":1,"name":"Home","item":"https:\/\/www.eldigitaldeasturias.com\/noticias","nextItem":{"@type":"ListItem","@id":"https:\/\/www.eldigitaldeasturias.com\/noticias\/category\/actualidad\/#listItem","name":"Actualidad"}},{"@type":"ListItem","@id":"https:\/\/www.eldigitaldeasturias.com\/noticias\/category\/actualidad\/#listItem","position":2,"name":"Actualidad","item":"https:\/\/www.eldigitaldeasturias.com\/noticias\/category\/actualidad\/","nextItem":{"@type":"ListItem","@id":"https:\/\/www.eldigitaldeasturias.com\/noticias\/el-soib-selecciona-trabajadores-para-mercadona-en-menorca\/#listItem","name":"El SOIB selecciona trabajadores para Mercadona en Menorca"},"previousItem":{"@type":"ListItem","@id":"https:\/\/www.eldigitaldeasturias.com\/noticias#listItem","name":"Home"}},{"@type":"ListItem","@id":"https:\/\/www.eldigitaldeasturias.com\/noticias\/el-soib-selecciona-trabajadores-para-mercadona-en-menorca\/#listItem","position":3,"name":"El SOIB selecciona trabajadores para Mercadona en Menorca","previousItem":{"@type":"ListItem","@id":"https:\/\/www.eldigitaldeasturias.com\/noticias\/category\/actualidad\/#listItem","name":"Actualidad"}}]},{"@type":"Organization","@id":"https:\/\/www.eldigitaldeasturias.com\/noticias\/#organization","name":"El Digital de Asturias","description":"Hemeroteca","url":"https:\/\/www.eldigitaldeasturias.com\/noticias\/","email":"info@eldigitaldeasturias.com","telephone":"+34652131393","logo":{"@type":"ImageObject","url":"https:\/\/www.eldigitaldeasturias.com\/noticias\/wp-content\/uploads\/2020\/12\/EDA.jpg","@id":"https:\/\/www.eldigitaldeasturias.com\/noticias\/el-soib-selecciona-trabajadores-para-mercadona-en-menorca\/#organizationLogo"},"image":{"@id":"https:\/\/www.eldigitaldeasturias.com\/noticias\/el-soib-selecciona-trabajadores-para-mercadona-en-menorca\/#organizationLogo"},"sameAs":["https:\/\/facebook.com\/eldigitaldeasturias","https:\/\/www.youtube.com\/channel\/UCZP-2wLEB9Rv6erhFmqVnvg"],"address":{"@id":"https:\/\/www.eldigitaldeasturias.com\/noticias\/#postaladdress","@type":"PostalAddress","streetAddress":"san antonio 4","postalCode":"33430","addressLocality":"Cand\u00e1s","addressRegion":"Asturias","addressCountry":"ES"}},{"@type":"Person","@id":"https:\/\/www.eldigitaldeasturias.com\/noticias\/author\/admin\/#author","url":"https:\/\/www.eldigitaldeasturias.com\/noticias\/author\/admin\/","name":"El Digital de Asturias","image":{"@type":"ImageObject","@id":"https:\/\/www.eldigitaldeasturias.com\/noticias\/el-soib-selecciona-trabajadores-para-mercadona-en-menorca\/#authorImage","url":"https:\/\/secure.gravatar.com\/avatar\/df2aeffc32bcd13f8d26072ef8a91b623d677766deac7f97ca815868cd41bf5e?s=96&d=mm&r=g","width":96,"height":96,"caption":"El Digital de Asturias"}},{"@type":"WebPage","@id":"https:\/\/www.eldigitaldeasturias.com\/noticias\/el-soib-selecciona-trabajadores-para-mercadona-en-menorca\/#webpage","url":"https:\/\/www.eldigitaldeasturias.com\/noticias\/el-soib-selecciona-trabajadores-para-mercadona-en-menorca\/","name":"El SOIB selecciona trabajadores para Mercadona en Menorca - El Digital de Asturias","description":"El Servicio de Empleo de las Islas Baleares (SOIB) realiza el proceso de preselecci\u00f3n de candidatos y candidatas para contratar m\u00e1s de 50 personas en la cadena de supermercados que Mercadona tiene en Menorca, concretamente en Ma\u00f3 y Ciutadella. De este modo, a trav\u00e9s del servicio de intermediaci\u00f3n SOIB Empresas, Mercadona espera disponer de profesionales","inLanguage":"es-ES","isPartOf":{"@id":"https:\/\/www.eldigitaldeasturias.com\/noticias\/#website"},"breadcrumb":{"@id":"https:\/\/www.eldigitaldeasturias.com\/noticias\/el-soib-selecciona-trabajadores-para-mercadona-en-menorca\/#breadcrumblist"},"author":{"@id":"https:\/\/www.eldigitaldeasturias.com\/noticias\/author\/admin\/#author"},"creator":{"@id":"https:\/\/www.eldigitaldeasturias.com\/noticias\/author\/admin\/#author"},"image":{"@type":"ImageObject","url":781858,"@id":"https:\/\/www.eldigitaldeasturias.com\/noticias\/el-soib-selecciona-trabajadores-para-mercadona-en-menorca\/#mainImage"},"primaryImageOfPage":{"@id":"https:\/\/www.eldigitaldeasturias.com\/noticias\/el-soib-selecciona-trabajadores-para-mercadona-en-menorca\/#mainImage"},"datePublished":"2018-04-01T13:54:35+02:00","dateModified":"2018-04-01T13:54:35+02:00"},{"@type":"WebSite","@id":"https:\/\/www.eldigitaldeasturias.com\/noticias\/#website","url":"https:\/\/www.eldigitaldeasturias.com\/noticias\/","name":"El Digital de Asturias - Diario de actualidad y noticias","alternateName":"El Digital de Asturias - Diario de actualidad y noticias","description":"Hemeroteca","inLanguage":"es-ES","publisher":{"@id":"https:\/\/www.eldigitaldeasturias.com\/noticias\/#organization"}}]},"og:locale":"es_ES","og:site_name":"El Digital de Asturias","og:type":"article","og:title":"El SOIB selecciona trabajadores para Mercadona en Menorca - El Digital de Asturias","og:description":"El Servicio de Empleo de las Islas Baleares (SOIB) realiza el proceso de preselecci\u00f3n de candidatos y candidatas para contratar m\u00e1s de 50 personas en la cadena de supermercados que Mercadona tiene en Menorca, concretamente en Ma\u00f3 y Ciutadella. De este modo, a trav\u00e9s del servicio de intermediaci\u00f3n SOIB Empresas, Mercadona espera disponer de profesionales","og:url":"https:\/\/www.eldigitaldeasturias.com\/noticias\/el-soib-selecciona-trabajadores-para-mercadona-en-menorca\/","article:tag":["actualidad"],"article:published_time":"2018-04-01T13:54:35+00:00","article:modified_time":"2018-04-01T13:54:35+00:00","article:publisher":"https:\/\/facebook.com\/eldigitaldeasturias","twitter:card":"summary_large_image","twitter:title":"El SOIB selecciona trabajadores para Mercadona en Menorca - El Digital de Asturias","twitter:description":"El Servicio de Empleo de las Islas Baleares (SOIB) realiza el proceso de preselecci\u00f3n de candidatos y candidatas para contratar m\u00e1s de 50 personas en la cadena de supermercados que Mercadona tiene en Menorca, concretamente en Ma\u00f3 y Ciutadella. De este modo, a trav\u00e9s del servicio de intermediaci\u00f3n SOIB Empresas, Mercadona espera disponer de profesionales","twitter:image":"https:\/\/www.eldigitaldeasturias.com\/noticias\/wp-content\/uploads\/2020\/12\/EDA-1.jpg","twitter:label1":"Escrito por","twitter:data1":"El Digital de Asturias","twitter:label2":"Tiempo de lectura estimado","twitter:data2":"1 minuto"},"aioseo_meta_data":{"post_id":"974302","title":null,"description":null,"keywords":null,"keyphrases":null,"primary_term":null,"canonical_url":null,"og_title":null,"og_description":null,"og_object_type":"default","og_image_type":"default","og_image_url":null,"og_image_width":null,"og_image_height":null,"og_image_custom_url":null,"og_image_custom_fields":null,"og_video":null,"og_custom_url":null,"og_article_section":null,"og_article_tags":null,"twitter_use_og":false,"twitter_card":"default","twitter_image_type":"default","twitter_image_url":null,"twitter_image_custom_url":null,"twitter_image_custom_fields":null,"twitter_title":null,"twitter_description":null,"schema":{"blockGraphs":[],"customGraphs":[],"default":{"data":{"Article":[],"Course":[],"Dataset":[],"FAQPage":[],"Movie":[],"Person":[],"Product":[],"ProductReview":[],"Car":[],"Recipe":[],"Service":[],"SoftwareApplication":[],"WebPage":[]},"graphName":"","isEnabled":true},"graphs":[],"defaultGraph":"","defaultPostTypeGraph":""},"schema_type":null,"schema_type_options":null,"pillar_content":false,"robots_default":true,"robots_noindex":false,"robots_noarchive":false,"robots_nosnippet":false,"robots_nofollow":false,"robots_noimageindex":false,"robots_noodp":false,"robots_notranslate":false,"robots_max_snippet":null,"robots_max_videopreview":null,"robots_max_imagepreview":"large","priority":null,"frequency":null,"local_seo":null,"seo_analyzer_scan_date":"2025-10-07 19:45:06","breadcrumb_settings":null,"limit_modified_date":false,"open_ai":null,"ai":null,"created":"2020-12-21 12:13:40","updated":"2025-10-07 19:45:06","focus_keyword":null,"additional_keywords":null,"truseo_locale":null},"aioseo_breadcrumb":"<div class=\"aioseo-breadcrumbs\"><span class=\"aioseo-breadcrumb\">\n\t<a href=\"https:\/\/www.eldigitaldeasturias.com\/noticias\" title=\"Home\">Home<\/a>\n<\/span><span class=\"aioseo-breadcrumb-separator\">\u2013<\/span><span class=\"aioseo-breadcrumb\">\n\t<a href=\"https:\/\/www.eldigitaldeasturias.com\/noticias\/category\/actualidad\/\" title=\"Actualidad\">Actualidad<\/a>\n<\/span><span class=\"aioseo-breadcrumb-separator\">\u2013<\/span><span class=\"aioseo-breadcrumb\">\n\t<a href=\"https:\/\/www.eldigitaldeasturias.com\/noticias\/el-soib-selecciona-trabajadores-para-mercadona-en-menorca\/\" title=\"El SOIB selecciona trabajadores para Mercadona en Menorca\">El SOIB selecciona trabajadores para Mercadona en Menorca<\/a>\n<\/span><\/div>","aioseo_breadcrumb_json":[{"label":"Home","link":"https:\/\/www.eldigitaldeasturias.com\/noticias"},{"label":"Actualidad","link":"https:\/\/www.eldigitaldeasturias.com\/noticias\/category\/actualidad\/"},{"label":"El SOIB selecciona trabajadores para Mercadona en Menorca","link":"https:\/\/www.eldigitaldeasturias.com\/noticias\/el-soib-selecciona-trabajadores-para-mercadona-en-menorca\/"}],"_links":{"self":[{"href":"https:\/\/www.eldigitaldeasturias.com\/noticias\/wp-json\/wp\/v2\/posts\/974302","targetHints":{"allow":["GET"]}}],"collection":[{"href":"https:\/\/www.eldigitaldeasturias.com\/noticias\/wp-json\/wp\/v2\/posts"}],"about":[{"href":"https:\/\/www.eldigitaldeasturias.com\/noticias\/wp-json\/wp\/v2\/types\/post"}],"author":[{"embeddable":true,"href":"https:\/\/www.eldigitaldeasturias.com\/noticias\/wp-json\/wp\/v2\/users\/1"}],"replies":[{"embeddable":true,"href":"https:\/\/www.eldigitaldeasturias.com\/noticias\/wp-json\/wp\/v2\/comments?post=974302"}],"version-history":[{"count":0,"href":"https:\/\/www.eldigitaldeasturias.com\/noticias\/wp-json\/wp\/v2\/posts\/974302\/revisions"}],"wp:attachment":[{"href":"https:\/\/www.eldigitaldeasturias.com\/noticias\/wp-json\/wp\/v2\/media?parent=974302"}],"wp:term":[{"taxonomy":"category","embeddable":true,"href":"https:\/\/www.eldigitaldeasturias.com\/noticias\/wp-json\/wp\/v2\/categories?post=974302"},{"taxonomy":"post_tag","embeddable":true,"href":"https:\/\/www.eldigitaldeasturias.com\/noticias\/wp-json\/wp\/v2\/tags?post=974302"}],"curies":[{"name":"wp","href":"https:\/\/api.w.org\/{rel}","templated":true}]}}