{"id":974299,"date":"2018-04-01T13:44:10","date_gmt":"2018-04-01T13:44:10","guid":{"rendered":"http:\/\/www.eldigitaldeasturias.com\/noticias\/?p=974299"},"modified":"2018-04-01T13:44:10","modified_gmt":"2018-04-01T13:44:10","slug":"nuevo-aparcamiento-disuasorio-en-la-estacion-de-sa-pobla","status":"publish","type":"post","link":"https:\/\/www.eldigitaldeasturias.com\/noticias\/nuevo-aparcamiento-disuasorio-en-la-estacion-de-sa-pobla\/","title":{"rendered":"Nuevo aparcamiento disuasorio en la estaci\u00f3n de Sa Pobla"},"content":{"rendered":"<p><img loading=\"lazy\" decoding=\"async\" class=\"alignleft size-medium wp-image-974300\" src=\"https:\/\/www.eldigitaldeasturias.com\/noticias\/wp-content\/uploads\/2018\/04\/1522238085451_77-360x203.jpg\" alt=\"\" width=\"360\" height=\"203\" \/>El consejero de Territorio, Energ\u00eda y Movilidad, Marc Pons, ha visitado el aparcamiento disuasorio ubicado en la estaci\u00f3n de Sa Pobla con el objetivo de favorecer el uso del tren y reducir los desplazamientos en veh\u00edculo privado.<\/p>\n<p>El aparcamiento tiene una superficie de 1.886 m\u00b2 y 66 plazas, tres de ellas destinadas al uso de personas con movilidad reducida.<\/p>\n<p>La Consejer\u00eda de Territorio, Energ\u00eda y Movilidad, a trav\u00e9s de SFM, ha invertido 103.008,51 euros en la adecuaci\u00f3n de este aparcamiento.<\/p>\n<p>Los trabajos para la habilitaci\u00f3n del aparcamiento se iniciaron el pasado mes de enero y, a partir de hoy, 28 de marzo, la instalaci\u00f3n est\u00e1 abierta al p\u00fablico.<\/p>\n<p>El alcalde de Sa Pobla, Biel Ferragut; la consejera de Hacienda y Administraciones P\u00fablicas, Catalina Cladera; el director general de Movilidad y Transportes, Jaume Mateu, y el gerente de Servicios Ferroviarios de Mallorca (SFM), Mateu Capell\u00e0, han visitado tambi\u00e9n el aparcamiento.<\/p>\n<p>El consejero Marc Pons ha destacado que esta infraestructura ayudar\u00e1 a fomentar el uso del tren a todos los residentes de la zona, ya que su objetivo principal es ser un aparcamiento de disuasi\u00f3n para fomentar la intermodalidad en el transporte p\u00fablico. \u201cFacilitamos que se pueda dejar el coche en la estaci\u00f3n y utilizar el tren para desplazarse\u201d, ha dicho Pons.<\/p>\n<p>Igualmente, el consejero ha destacado que una de las l\u00edneas de trabajo de SFM es ir dotando de estos tipos de aparcamientos todas aquellas estaciones donde sea posible hacerlos.<\/p>\n<p>Pons ha a\u00f1adido que el aparcamiento que se ha abierto hoy en Sa Pobla suma valor al proyecto de electrificaci\u00f3n.<\/p>\n<p>\u201cLos residentes de Sa Pobla disponen a partir de hoy de este espacio para dejar su veh\u00edculo y subir al tren para desplazarse. Y, en unos meses, este verano, lo podr\u00e1n hacer ya en trenes el\u00e9ctricos. Ganamos tiempo, comodidad y fomentamos la movilidad sostenible\u201d, ha destacado el consejero.<\/p>\n<p>El consejero ha recordado que las obras de electrificaci\u00f3n del tren, hasta Manacor y hasta Sa Pobla, avanzan y que ya han superado el 60 % de ejecuci\u00f3n.<\/p>\n<p>En el tramo de Sa Pobla se ha completado ya el 69 % de la canalizaci\u00f3n y se ha colocado ya el 95% de los postes.<\/p>\n<p>La inversi\u00f3n total en la electrificaci\u00f3n es de 35 millones de euros, que con IVA llegan a 40 millones.<\/p>\n<p>La mitad del coste se financia a trav\u00e9s de los fondos europeos FEDER.<\/p>\n<p>El consejero tambi\u00e9n ha explicado que el aparcamiento, posteriormente, dispondr\u00e1 de marquesinas con placas solares, en cumplimiento de la futura ley de cambio clim\u00e1tico, que prev\u00e9 que los aparcamientos de m\u00e1s de 1.000 metros cuadrados incorporar\u00e1n placas solares en 2025.<\/p>\n<p>&nbsp;<\/p>\n","protected":false},"excerpt":{"rendered":"<p>El consejero de Territorio, Energ\u00eda y Movilidad, Marc Pons, ha visitado el aparcamiento disuasorio ubicado en la estaci\u00f3n de Sa Pobla con el objetivo de favorecer el uso del tren y reducir los desplazamientos en veh\u00edculo privado. El aparcamiento tiene una superficie de 1.886 m\u00b2 y 66 plazas, tres de ellas destinadas al uso de [&hellip;]<\/p>\n","protected":false},"author":1,"featured_media":974300,"comment_status":"closed","ping_status":"closed","sticky":false,"template":"","format":"standard","meta":{"footnotes":""},"categories":[1],"tags":[],"class_list":["post-974299","post","type-post","status-publish","format-standard","has-post-thumbnail","hentry","category-actualidad"],"aioseo_notices":[],"aioseo_head":"\n\t\t<!-- All in One SEO Pro 5.0.1 - aioseo.com -->\n\t<meta name=\"description\" content=\"El consejero de Territorio, Energ\u00eda y Movilidad, Marc Pons, ha visitado el aparcamiento disuasorio ubicado en la estaci\u00f3n de Sa Pobla con el objetivo de favorecer el uso del tren y reducir los desplazamientos en veh\u00edculo privado. El aparcamiento tiene una superficie de 1.886 m\u00b2 y 66 plazas, tres de ellas destinadas al uso de\" \/>\n\t<meta name=\"robots\" content=\"max-image-preview:large\" \/>\n\t<meta name=\"author\" content=\"El Digital de Asturias\"\/>\n\t<meta name=\"google-site-verification\" content=\"UA-38556648-1\" \/>\n\t<meta name=\"msvalidate.01\" content=\"7dfe9f3f1b24437ab69f4f2559babe99\" \/>\n\t<meta name=\"keywords\" content=\"actualidad\" \/>\n\t<link rel=\"canonical\" href=\"https:\/\/www.eldigitaldeasturias.com\/noticias\/nuevo-aparcamiento-disuasorio-en-la-estacion-de-sa-pobla\/\" \/>\n\t<meta name=\"generator\" content=\"All in One SEO Pro (AIOSEO) 5.0.1\" \/>\n\t\t<meta property=\"og:locale\" content=\"es_ES\" \/>\n\t\t<meta property=\"og:site_name\" content=\"El Digital de Asturias\" \/>\n\t\t<meta property=\"og:type\" content=\"article\" \/>\n\t\t<meta property=\"og:title\" content=\"Nuevo aparcamiento disuasorio en la estaci\u00f3n de Sa Pobla - El Digital de Asturias\" \/>\n\t\t<meta property=\"og:description\" content=\"El consejero de Territorio, Energ\u00eda y Movilidad, Marc Pons, ha visitado el aparcamiento disuasorio ubicado en la estaci\u00f3n de Sa Pobla con el objetivo de favorecer el uso del tren y reducir los desplazamientos en veh\u00edculo privado. El aparcamiento tiene una superficie de 1.886 m\u00b2 y 66 plazas, tres de ellas destinadas al uso de\" \/>\n\t\t<meta property=\"og:url\" content=\"https:\/\/www.eldigitaldeasturias.com\/noticias\/nuevo-aparcamiento-disuasorio-en-la-estacion-de-sa-pobla\/\" \/>\n\t\t<meta property=\"article:tag\" content=\"actualidad\" \/>\n\t\t<meta property=\"article:published_time\" content=\"2018-04-01T13:44:10+00:00\" \/>\n\t\t<meta property=\"article:modified_time\" content=\"2018-04-01T13:44:10+00:00\" \/>\n\t\t<meta property=\"article:publisher\" content=\"https:\/\/facebook.com\/eldigitaldeasturias\" \/>\n\t\t<meta name=\"twitter:card\" content=\"summary_large_image\" \/>\n\t\t<meta name=\"twitter:title\" content=\"Nuevo aparcamiento disuasorio en la estaci\u00f3n de Sa Pobla - El Digital de Asturias\" \/>\n\t\t<meta name=\"twitter:description\" content=\"El consejero de Territorio, Energ\u00eda y Movilidad, Marc Pons, ha visitado el aparcamiento disuasorio ubicado en la estaci\u00f3n de Sa Pobla con el objetivo de favorecer el uso del tren y reducir los desplazamientos en veh\u00edculo privado. El aparcamiento tiene una superficie de 1.886 m\u00b2 y 66 plazas, tres de ellas destinadas al uso de\" \/>\n\t\t<meta name=\"twitter:image\" content=\"https:\/\/www.eldigitaldeasturias.com\/noticias\/wp-content\/uploads\/2020\/12\/EDA-1.jpg\" \/>\n\t\t<meta name=\"twitter:label1\" content=\"Escrito por\" \/>\n\t\t<meta name=\"twitter:data1\" content=\"El Digital de Asturias\" \/>\n\t\t<meta name=\"twitter:label2\" content=\"Tiempo de lectura estimado\" \/>\n\t\t<meta name=\"twitter:data2\" content=\"2 minutos\" \/>\n\t\t<script type=\"application\/ld+json\" class=\"aioseo-schema\">\n\t\t\t{\"@context\":\"https:\\\/\\\/schema.org\",\"@graph\":[{\"@type\":\"BlogPosting\",\"@id\":\"https:\\\/\\\/www.eldigitaldeasturias.com\\\/noticias\\\/nuevo-aparcamiento-disuasorio-en-la-estacion-de-sa-pobla\\\/#blogposting\",\"name\":\"Nuevo aparcamiento disuasorio en la estaci\\u00f3n de Sa Pobla - El Digital de Asturias\",\"headline\":\"Nuevo aparcamiento disuasorio en la estaci\\u00f3n de Sa Pobla\",\"author\":{\"@id\":\"https:\\\/\\\/www.eldigitaldeasturias.com\\\/noticias\\\/author\\\/admin\\\/#author\"},\"publisher\":{\"@id\":\"https:\\\/\\\/www.eldigitaldeasturias.com\\\/noticias\\\/#organization\"},\"image\":{\"@type\":\"ImageObject\",\"url\":974300},\"datePublished\":\"2018-04-01T13:44:10+02:00\",\"dateModified\":\"2018-04-01T13:44:10+02:00\",\"inLanguage\":\"es-ES\",\"mainEntityOfPage\":{\"@id\":\"https:\\\/\\\/www.eldigitaldeasturias.com\\\/noticias\\\/nuevo-aparcamiento-disuasorio-en-la-estacion-de-sa-pobla\\\/#webpage\"},\"isPartOf\":{\"@id\":\"https:\\\/\\\/www.eldigitaldeasturias.com\\\/noticias\\\/nuevo-aparcamiento-disuasorio-en-la-estacion-de-sa-pobla\\\/#webpage\"},\"articleSection\":\"Actualidad\"},{\"@type\":\"BreadcrumbList\",\"@id\":\"https:\\\/\\\/www.eldigitaldeasturias.com\\\/noticias\\\/nuevo-aparcamiento-disuasorio-en-la-estacion-de-sa-pobla\\\/#breadcrumblist\",\"itemListElement\":[{\"@type\":\"ListItem\",\"@id\":\"https:\\\/\\\/www.eldigitaldeasturias.com\\\/noticias#listItem\",\"position\":1,\"name\":\"Home\",\"item\":\"https:\\\/\\\/www.eldigitaldeasturias.com\\\/noticias\",\"nextItem\":{\"@type\":\"ListItem\",\"@id\":\"https:\\\/\\\/www.eldigitaldeasturias.com\\\/noticias\\\/category\\\/actualidad\\\/#listItem\",\"name\":\"Actualidad\"}},{\"@type\":\"ListItem\",\"@id\":\"https:\\\/\\\/www.eldigitaldeasturias.com\\\/noticias\\\/category\\\/actualidad\\\/#listItem\",\"position\":2,\"name\":\"Actualidad\",\"item\":\"https:\\\/\\\/www.eldigitaldeasturias.com\\\/noticias\\\/category\\\/actualidad\\\/\",\"nextItem\":{\"@type\":\"ListItem\",\"@id\":\"https:\\\/\\\/www.eldigitaldeasturias.com\\\/noticias\\\/nuevo-aparcamiento-disuasorio-en-la-estacion-de-sa-pobla\\\/#listItem\",\"name\":\"Nuevo aparcamiento disuasorio en la estaci\\u00f3n de Sa Pobla\"},\"previousItem\":{\"@type\":\"ListItem\",\"@id\":\"https:\\\/\\\/www.eldigitaldeasturias.com\\\/noticias#listItem\",\"name\":\"Home\"}},{\"@type\":\"ListItem\",\"@id\":\"https:\\\/\\\/www.eldigitaldeasturias.com\\\/noticias\\\/nuevo-aparcamiento-disuasorio-en-la-estacion-de-sa-pobla\\\/#listItem\",\"position\":3,\"name\":\"Nuevo aparcamiento disuasorio en la estaci\\u00f3n de Sa Pobla\",\"previousItem\":{\"@type\":\"ListItem\",\"@id\":\"https:\\\/\\\/www.eldigitaldeasturias.com\\\/noticias\\\/category\\\/actualidad\\\/#listItem\",\"name\":\"Actualidad\"}}]},{\"@type\":\"Organization\",\"@id\":\"https:\\\/\\\/www.eldigitaldeasturias.com\\\/noticias\\\/#organization\",\"name\":\"El Digital de Asturias\",\"description\":\"Hemeroteca\",\"url\":\"https:\\\/\\\/www.eldigitaldeasturias.com\\\/noticias\\\/\",\"email\":\"info@eldigitaldeasturias.com\",\"telephone\":\"+34652131393\",\"logo\":{\"@type\":\"ImageObject\",\"url\":\"https:\\\/\\\/www.eldigitaldeasturias.com\\\/noticias\\\/wp-content\\\/uploads\\\/2020\\\/12\\\/EDA.jpg\",\"@id\":\"https:\\\/\\\/www.eldigitaldeasturias.com\\\/noticias\\\/nuevo-aparcamiento-disuasorio-en-la-estacion-de-sa-pobla\\\/#organizationLogo\"},\"image\":{\"@id\":\"https:\\\/\\\/www.eldigitaldeasturias.com\\\/noticias\\\/nuevo-aparcamiento-disuasorio-en-la-estacion-de-sa-pobla\\\/#organizationLogo\"},\"sameAs\":[\"https:\\\/\\\/facebook.com\\\/eldigitaldeasturias\",\"https:\\\/\\\/www.youtube.com\\\/channel\\\/UCZP-2wLEB9Rv6erhFmqVnvg\"],\"address\":{\"@id\":\"https:\\\/\\\/www.eldigitaldeasturias.com\\\/noticias\\\/#postaladdress\",\"@type\":\"PostalAddress\",\"streetAddress\":\"san antonio 4\",\"postalCode\":\"33430\",\"addressLocality\":\"Cand\\u00e1s\",\"addressRegion\":\"Asturias\",\"addressCountry\":\"ES\"}},{\"@type\":\"Person\",\"@id\":\"https:\\\/\\\/www.eldigitaldeasturias.com\\\/noticias\\\/author\\\/admin\\\/#author\",\"url\":\"https:\\\/\\\/www.eldigitaldeasturias.com\\\/noticias\\\/author\\\/admin\\\/\",\"name\":\"El Digital de Asturias\",\"image\":{\"@type\":\"ImageObject\",\"@id\":\"https:\\\/\\\/www.eldigitaldeasturias.com\\\/noticias\\\/nuevo-aparcamiento-disuasorio-en-la-estacion-de-sa-pobla\\\/#authorImage\",\"url\":\"https:\\\/\\\/secure.gravatar.com\\\/avatar\\\/df2aeffc32bcd13f8d26072ef8a91b623d677766deac7f97ca815868cd41bf5e?s=96&d=mm&r=g\",\"width\":96,\"height\":96,\"caption\":\"El Digital de Asturias\"}},{\"@type\":\"WebPage\",\"@id\":\"https:\\\/\\\/www.eldigitaldeasturias.com\\\/noticias\\\/nuevo-aparcamiento-disuasorio-en-la-estacion-de-sa-pobla\\\/#webpage\",\"url\":\"https:\\\/\\\/www.eldigitaldeasturias.com\\\/noticias\\\/nuevo-aparcamiento-disuasorio-en-la-estacion-de-sa-pobla\\\/\",\"name\":\"Nuevo aparcamiento disuasorio en la estaci\\u00f3n de Sa Pobla - El Digital de Asturias\",\"description\":\"El consejero de Territorio, Energ\\u00eda y Movilidad, Marc Pons, ha visitado el aparcamiento disuasorio ubicado en la estaci\\u00f3n de Sa Pobla con el objetivo de favorecer el uso del tren y reducir los desplazamientos en veh\\u00edculo privado. El aparcamiento tiene una superficie de 1.886 m\\u00b2 y 66 plazas, tres de ellas destinadas al uso de\",\"inLanguage\":\"es-ES\",\"isPartOf\":{\"@id\":\"https:\\\/\\\/www.eldigitaldeasturias.com\\\/noticias\\\/#website\"},\"breadcrumb\":{\"@id\":\"https:\\\/\\\/www.eldigitaldeasturias.com\\\/noticias\\\/nuevo-aparcamiento-disuasorio-en-la-estacion-de-sa-pobla\\\/#breadcrumblist\"},\"author\":{\"@id\":\"https:\\\/\\\/www.eldigitaldeasturias.com\\\/noticias\\\/author\\\/admin\\\/#author\"},\"creator\":{\"@id\":\"https:\\\/\\\/www.eldigitaldeasturias.com\\\/noticias\\\/author\\\/admin\\\/#author\"},\"image\":{\"@type\":\"ImageObject\",\"url\":974300,\"@id\":\"https:\\\/\\\/www.eldigitaldeasturias.com\\\/noticias\\\/nuevo-aparcamiento-disuasorio-en-la-estacion-de-sa-pobla\\\/#mainImage\"},\"primaryImageOfPage\":{\"@id\":\"https:\\\/\\\/www.eldigitaldeasturias.com\\\/noticias\\\/nuevo-aparcamiento-disuasorio-en-la-estacion-de-sa-pobla\\\/#mainImage\"},\"datePublished\":\"2018-04-01T13:44:10+02:00\",\"dateModified\":\"2018-04-01T13:44:10+02:00\"},{\"@type\":\"WebSite\",\"@id\":\"https:\\\/\\\/www.eldigitaldeasturias.com\\\/noticias\\\/#website\",\"url\":\"https:\\\/\\\/www.eldigitaldeasturias.com\\\/noticias\\\/\",\"name\":\"El Digital de Asturias - Diario de actualidad y noticias\",\"alternateName\":\"El Digital de Asturias - Diario de actualidad y noticias\",\"description\":\"Hemeroteca\",\"inLanguage\":\"es-ES\",\"publisher\":{\"@id\":\"https:\\\/\\\/www.eldigitaldeasturias.com\\\/noticias\\\/#organization\"}}]}\n\t\t<\/script>\n\t\t<!-- All in One SEO Pro -->\r\n\t\t<title>Nuevo aparcamiento disuasorio en la estaci\u00f3n de Sa Pobla - El Digital de Asturias<\/title>\n\n","aioseo_head_json":{"title":"Nuevo aparcamiento disuasorio en la estaci\u00f3n de Sa Pobla - El Digital de Asturias","description":"El consejero de Territorio, Energ\u00eda y Movilidad, Marc Pons, ha visitado el aparcamiento disuasorio ubicado en la estaci\u00f3n de Sa Pobla con el objetivo de favorecer el uso del tren y reducir los desplazamientos en veh\u00edculo privado. El aparcamiento tiene una superficie de 1.886 m\u00b2 y 66 plazas, tres de ellas destinadas al uso de","canonical_url":"https:\/\/www.eldigitaldeasturias.com\/noticias\/nuevo-aparcamiento-disuasorio-en-la-estacion-de-sa-pobla\/","robots":"max-image-preview:large","keywords":"actualidad","webmasterTools":{"google-site-verification":"UA-38556648-1","msvalidate.01":"7dfe9f3f1b24437ab69f4f2559babe99","miscellaneous":""},"schema":{"@context":"https:\/\/schema.org","@graph":[{"@type":"BlogPosting","@id":"https:\/\/www.eldigitaldeasturias.com\/noticias\/nuevo-aparcamiento-disuasorio-en-la-estacion-de-sa-pobla\/#blogposting","name":"Nuevo aparcamiento disuasorio en la estaci\u00f3n de Sa Pobla - El Digital de Asturias","headline":"Nuevo aparcamiento disuasorio en la estaci\u00f3n de Sa Pobla","author":{"@id":"https:\/\/www.eldigitaldeasturias.com\/noticias\/author\/admin\/#author"},"publisher":{"@id":"https:\/\/www.eldigitaldeasturias.com\/noticias\/#organization"},"image":{"@type":"ImageObject","url":974300},"datePublished":"2018-04-01T13:44:10+02:00","dateModified":"2018-04-01T13:44:10+02:00","inLanguage":"es-ES","mainEntityOfPage":{"@id":"https:\/\/www.eldigitaldeasturias.com\/noticias\/nuevo-aparcamiento-disuasorio-en-la-estacion-de-sa-pobla\/#webpage"},"isPartOf":{"@id":"https:\/\/www.eldigitaldeasturias.com\/noticias\/nuevo-aparcamiento-disuasorio-en-la-estacion-de-sa-pobla\/#webpage"},"articleSection":"Actualidad"},{"@type":"BreadcrumbList","@id":"https:\/\/www.eldigitaldeasturias.com\/noticias\/nuevo-aparcamiento-disuasorio-en-la-estacion-de-sa-pobla\/#breadcrumblist","itemListElement":[{"@type":"ListItem","@id":"https:\/\/www.eldigitaldeasturias.com\/noticias#listItem","position":1,"name":"Home","item":"https:\/\/www.eldigitaldeasturias.com\/noticias","nextItem":{"@type":"ListItem","@id":"https:\/\/www.eldigitaldeasturias.com\/noticias\/category\/actualidad\/#listItem","name":"Actualidad"}},{"@type":"ListItem","@id":"https:\/\/www.eldigitaldeasturias.com\/noticias\/category\/actualidad\/#listItem","position":2,"name":"Actualidad","item":"https:\/\/www.eldigitaldeasturias.com\/noticias\/category\/actualidad\/","nextItem":{"@type":"ListItem","@id":"https:\/\/www.eldigitaldeasturias.com\/noticias\/nuevo-aparcamiento-disuasorio-en-la-estacion-de-sa-pobla\/#listItem","name":"Nuevo aparcamiento disuasorio en la estaci\u00f3n de Sa Pobla"},"previousItem":{"@type":"ListItem","@id":"https:\/\/www.eldigitaldeasturias.com\/noticias#listItem","name":"Home"}},{"@type":"ListItem","@id":"https:\/\/www.eldigitaldeasturias.com\/noticias\/nuevo-aparcamiento-disuasorio-en-la-estacion-de-sa-pobla\/#listItem","position":3,"name":"Nuevo aparcamiento disuasorio en la estaci\u00f3n de Sa Pobla","previousItem":{"@type":"ListItem","@id":"https:\/\/www.eldigitaldeasturias.com\/noticias\/category\/actualidad\/#listItem","name":"Actualidad"}}]},{"@type":"Organization","@id":"https:\/\/www.eldigitaldeasturias.com\/noticias\/#organization","name":"El Digital de Asturias","description":"Hemeroteca","url":"https:\/\/www.eldigitaldeasturias.com\/noticias\/","email":"info@eldigitaldeasturias.com","telephone":"+34652131393","logo":{"@type":"ImageObject","url":"https:\/\/www.eldigitaldeasturias.com\/noticias\/wp-content\/uploads\/2020\/12\/EDA.jpg","@id":"https:\/\/www.eldigitaldeasturias.com\/noticias\/nuevo-aparcamiento-disuasorio-en-la-estacion-de-sa-pobla\/#organizationLogo"},"image":{"@id":"https:\/\/www.eldigitaldeasturias.com\/noticias\/nuevo-aparcamiento-disuasorio-en-la-estacion-de-sa-pobla\/#organizationLogo"},"sameAs":["https:\/\/facebook.com\/eldigitaldeasturias","https:\/\/www.youtube.com\/channel\/UCZP-2wLEB9Rv6erhFmqVnvg"],"address":{"@id":"https:\/\/www.eldigitaldeasturias.com\/noticias\/#postaladdress","@type":"PostalAddress","streetAddress":"san antonio 4","postalCode":"33430","addressLocality":"Cand\u00e1s","addressRegion":"Asturias","addressCountry":"ES"}},{"@type":"Person","@id":"https:\/\/www.eldigitaldeasturias.com\/noticias\/author\/admin\/#author","url":"https:\/\/www.eldigitaldeasturias.com\/noticias\/author\/admin\/","name":"El Digital de Asturias","image":{"@type":"ImageObject","@id":"https:\/\/www.eldigitaldeasturias.com\/noticias\/nuevo-aparcamiento-disuasorio-en-la-estacion-de-sa-pobla\/#authorImage","url":"https:\/\/secure.gravatar.com\/avatar\/df2aeffc32bcd13f8d26072ef8a91b623d677766deac7f97ca815868cd41bf5e?s=96&d=mm&r=g","width":96,"height":96,"caption":"El Digital de Asturias"}},{"@type":"WebPage","@id":"https:\/\/www.eldigitaldeasturias.com\/noticias\/nuevo-aparcamiento-disuasorio-en-la-estacion-de-sa-pobla\/#webpage","url":"https:\/\/www.eldigitaldeasturias.com\/noticias\/nuevo-aparcamiento-disuasorio-en-la-estacion-de-sa-pobla\/","name":"Nuevo aparcamiento disuasorio en la estaci\u00f3n de Sa Pobla - El Digital de Asturias","description":"El consejero de Territorio, Energ\u00eda y Movilidad, Marc Pons, ha visitado el aparcamiento disuasorio ubicado en la estaci\u00f3n de Sa Pobla con el objetivo de favorecer el uso del tren y reducir los desplazamientos en veh\u00edculo privado. El aparcamiento tiene una superficie de 1.886 m\u00b2 y 66 plazas, tres de ellas destinadas al uso de","inLanguage":"es-ES","isPartOf":{"@id":"https:\/\/www.eldigitaldeasturias.com\/noticias\/#website"},"breadcrumb":{"@id":"https:\/\/www.eldigitaldeasturias.com\/noticias\/nuevo-aparcamiento-disuasorio-en-la-estacion-de-sa-pobla\/#breadcrumblist"},"author":{"@id":"https:\/\/www.eldigitaldeasturias.com\/noticias\/author\/admin\/#author"},"creator":{"@id":"https:\/\/www.eldigitaldeasturias.com\/noticias\/author\/admin\/#author"},"image":{"@type":"ImageObject","url":974300,"@id":"https:\/\/www.eldigitaldeasturias.com\/noticias\/nuevo-aparcamiento-disuasorio-en-la-estacion-de-sa-pobla\/#mainImage"},"primaryImageOfPage":{"@id":"https:\/\/www.eldigitaldeasturias.com\/noticias\/nuevo-aparcamiento-disuasorio-en-la-estacion-de-sa-pobla\/#mainImage"},"datePublished":"2018-04-01T13:44:10+02:00","dateModified":"2018-04-01T13:44:10+02:00"},{"@type":"WebSite","@id":"https:\/\/www.eldigitaldeasturias.com\/noticias\/#website","url":"https:\/\/www.eldigitaldeasturias.com\/noticias\/","name":"El Digital de Asturias - Diario de actualidad y noticias","alternateName":"El Digital de Asturias - Diario de actualidad y noticias","description":"Hemeroteca","inLanguage":"es-ES","publisher":{"@id":"https:\/\/www.eldigitaldeasturias.com\/noticias\/#organization"}}]},"og:locale":"es_ES","og:site_name":"El Digital de Asturias","og:type":"article","og:title":"Nuevo aparcamiento disuasorio en la estaci\u00f3n de Sa Pobla - El Digital de Asturias","og:description":"El consejero de Territorio, Energ\u00eda y Movilidad, Marc Pons, ha visitado el aparcamiento disuasorio ubicado en la estaci\u00f3n de Sa Pobla con el objetivo de favorecer el uso del tren y reducir los desplazamientos en veh\u00edculo privado. El aparcamiento tiene una superficie de 1.886 m\u00b2 y 66 plazas, tres de ellas destinadas al uso de","og:url":"https:\/\/www.eldigitaldeasturias.com\/noticias\/nuevo-aparcamiento-disuasorio-en-la-estacion-de-sa-pobla\/","article:tag":["actualidad"],"article:published_time":"2018-04-01T13:44:10+00:00","article:modified_time":"2018-04-01T13:44:10+00:00","article:publisher":"https:\/\/facebook.com\/eldigitaldeasturias","twitter:card":"summary_large_image","twitter:title":"Nuevo aparcamiento disuasorio en la estaci\u00f3n de Sa Pobla - El Digital de Asturias","twitter:description":"El consejero de Territorio, Energ\u00eda y Movilidad, Marc Pons, ha visitado el aparcamiento disuasorio ubicado en la estaci\u00f3n de Sa Pobla con el objetivo de favorecer el uso del tren y reducir los desplazamientos en veh\u00edculo privado. El aparcamiento tiene una superficie de 1.886 m\u00b2 y 66 plazas, tres de ellas destinadas al uso de","twitter:image":"https:\/\/www.eldigitaldeasturias.com\/noticias\/wp-content\/uploads\/2020\/12\/EDA-1.jpg","twitter:label1":"Escrito por","twitter:data1":"El Digital de Asturias","twitter:label2":"Tiempo de lectura estimado","twitter:data2":"2 minutos"},"aioseo_meta_data":{"post_id":"974299","title":null,"description":null,"keywords":null,"keyphrases":null,"primary_term":null,"canonical_url":null,"og_title":null,"og_description":null,"og_object_type":"default","og_image_type":"default","og_image_url":null,"og_image_width":null,"og_image_height":null,"og_image_custom_url":null,"og_image_custom_fields":null,"og_video":null,"og_custom_url":null,"og_article_section":null,"og_article_tags":null,"twitter_use_og":false,"twitter_card":"default","twitter_image_type":"default","twitter_image_url":null,"twitter_image_custom_url":null,"twitter_image_custom_fields":null,"twitter_title":null,"twitter_description":null,"schema":{"blockGraphs":[],"customGraphs":[],"default":{"data":{"Article":[],"Course":[],"Dataset":[],"FAQPage":[],"Movie":[],"Person":[],"Product":[],"ProductReview":[],"Car":[],"Recipe":[],"Service":[],"SoftwareApplication":[],"WebPage":[]},"graphName":"","isEnabled":true},"graphs":[],"defaultGraph":"","defaultPostTypeGraph":""},"schema_type":null,"schema_type_options":null,"pillar_content":false,"robots_default":true,"robots_noindex":false,"robots_noarchive":false,"robots_nosnippet":false,"robots_nofollow":false,"robots_noimageindex":false,"robots_noodp":false,"robots_notranslate":false,"robots_max_snippet":null,"robots_max_videopreview":null,"robots_max_imagepreview":"large","priority":null,"frequency":null,"local_seo":null,"seo_analyzer_scan_date":"2025-10-07 19:45:05","breadcrumb_settings":null,"limit_modified_date":false,"open_ai":null,"ai":null,"created":"2020-12-21 12:13:40","updated":"2025-10-07 19:45:05","focus_keyword":null,"additional_keywords":null,"truseo_locale":null},"aioseo_breadcrumb":"<div class=\"aioseo-breadcrumbs\"><span class=\"aioseo-breadcrumb\">\n\t<a href=\"https:\/\/www.eldigitaldeasturias.com\/noticias\" title=\"Home\">Home<\/a>\n<\/span><span class=\"aioseo-breadcrumb-separator\">\u2013<\/span><span class=\"aioseo-breadcrumb\">\n\t<a href=\"https:\/\/www.eldigitaldeasturias.com\/noticias\/category\/actualidad\/\" title=\"Actualidad\">Actualidad<\/a>\n<\/span><span class=\"aioseo-breadcrumb-separator\">\u2013<\/span><span class=\"aioseo-breadcrumb\">\n\t<a href=\"https:\/\/www.eldigitaldeasturias.com\/noticias\/nuevo-aparcamiento-disuasorio-en-la-estacion-de-sa-pobla\/\" title=\"Nuevo aparcamiento disuasorio en la estaci\u00f3n de Sa Pobla\">Nuevo aparcamiento disuasorio en la estaci\u00f3n de Sa Pobla<\/a>\n<\/span><\/div>","aioseo_breadcrumb_json":[{"label":"Home","link":"https:\/\/www.eldigitaldeasturias.com\/noticias"},{"label":"Actualidad","link":"https:\/\/www.eldigitaldeasturias.com\/noticias\/category\/actualidad\/"},{"label":"Nuevo aparcamiento disuasorio en la estaci\u00f3n de Sa Pobla","link":"https:\/\/www.eldigitaldeasturias.com\/noticias\/nuevo-aparcamiento-disuasorio-en-la-estacion-de-sa-pobla\/"}],"_links":{"self":[{"href":"https:\/\/www.eldigitaldeasturias.com\/noticias\/wp-json\/wp\/v2\/posts\/974299","targetHints":{"allow":["GET"]}}],"collection":[{"href":"https:\/\/www.eldigitaldeasturias.com\/noticias\/wp-json\/wp\/v2\/posts"}],"about":[{"href":"https:\/\/www.eldigitaldeasturias.com\/noticias\/wp-json\/wp\/v2\/types\/post"}],"author":[{"embeddable":true,"href":"https:\/\/www.eldigitaldeasturias.com\/noticias\/wp-json\/wp\/v2\/users\/1"}],"replies":[{"embeddable":true,"href":"https:\/\/www.eldigitaldeasturias.com\/noticias\/wp-json\/wp\/v2\/comments?post=974299"}],"version-history":[{"count":0,"href":"https:\/\/www.eldigitaldeasturias.com\/noticias\/wp-json\/wp\/v2\/posts\/974299\/revisions"}],"wp:attachment":[{"href":"https:\/\/www.eldigitaldeasturias.com\/noticias\/wp-json\/wp\/v2\/media?parent=974299"}],"wp:term":[{"taxonomy":"category","embeddable":true,"href":"https:\/\/www.eldigitaldeasturias.com\/noticias\/wp-json\/wp\/v2\/categories?post=974299"},{"taxonomy":"post_tag","embeddable":true,"href":"https:\/\/www.eldigitaldeasturias.com\/noticias\/wp-json\/wp\/v2\/tags?post=974299"}],"curies":[{"name":"wp","href":"https:\/\/api.w.org\/{rel}","templated":true}]}}