{"id":974267,"date":"2018-03-31T22:49:14","date_gmt":"2018-03-31T22:49:14","guid":{"rendered":"http:\/\/www.eldigitaldeasturias.com\/noticias\/?p=974267"},"modified":"2018-03-31T22:49:14","modified_gmt":"2018-03-31T22:49:14","slug":"recep-tayyip-erdogan-califica-de-masacre-la-muerte-de-15-palestinos","status":"publish","type":"post","link":"https:\/\/www.eldigitaldeasturias.com\/noticias\/recep-tayyip-erdogan-califica-de-masacre-la-muerte-de-15-palestinos\/","title":{"rendered":"Recep Tayyip Erdogan califica de \u00abmasacre\u00bb la muerte de 15 palestinos"},"content":{"rendered":"<p><img loading=\"lazy\" decoding=\"async\" class=\"alignleft size-medium wp-image-872935\" src=\"https:\/\/www.eldigitaldeasturias.com\/noticias\/wp-content\/uploads\/2016\/04\/erdogan-360x198.jpg\" alt=\"\" width=\"360\" height=\"198\" \/>Estambul, 31 mar (dpa) &#8211; El presidente turco, Recep Tayyip Erdogan, calific\u00f3 hoy de \u00abmasacre\u00bb la muerte de 15 palestinos a causa de disparos de soldados israel\u00edes en el marco de protestas masivas en la Franja de Gaza.<\/p>\n<p>Su Gobierno denunciar\u00e1 el \u00abterrorismo israel\u00ed\u00bb siempre y en todas partes, dijo Erdogan ante seguidores en Estambul. El presidente turco tambi\u00e9n habl\u00f3 de una \u00abagresi\u00f3n inhumana\u00bb. Y a\u00f1adi\u00f3: \u00abApoyaremos hasta el final a nuestros hermanos palestinos en su leg\u00edtimo reclamo\u00bb.<\/p>\n<p>Israel critica desde hace tiempo el hecho de que Turqu\u00eda apoye al movimiento radical isl\u00e1mico Hamas que controla la Franja de Gaza.<\/p>\n<p>Seg\u00fan el Ministerio de Salud de Gaza, el viernes murieron a causa de disparos de soldados israel\u00edes o granadas al menos 15 palestinos durante la \u00abGran Marcha del Retorno\u00bb. M\u00e1s de 1.400 resultaron heridos, la mayor\u00eda de ellos por gases lacrim\u00f3genos.<\/p>\n<p>Entre 20.000 y 30.000 personas acudieron a la marcha de protesta en la frontera con Israel. La organizaci\u00f3n radical isl\u00e1mica Hamas busca con esta acci\u00f3n hacer hincapi\u00e9 en su reclamo de un derecho al retorno para los refugiados palestinos y sus descendientes al territorio que hoy pertenece a Israel.<\/p>\n","protected":false},"excerpt":{"rendered":"<p>Estambul, 31 mar (dpa) &#8211; El presidente turco, Recep Tayyip Erdogan, calific\u00f3 hoy de \u00abmasacre\u00bb la muerte de 15 palestinos a causa de disparos de soldados israel\u00edes en el marco de protestas masivas en la Franja de Gaza. Su Gobierno denunciar\u00e1 el \u00abterrorismo israel\u00ed\u00bb siempre y en todas partes, dijo Erdogan ante seguidores en Estambul. [&hellip;]<\/p>\n","protected":false},"author":1,"featured_media":872935,"comment_status":"closed","ping_status":"closed","sticky":false,"template":"","format":"standard","meta":{"footnotes":""},"categories":[1],"tags":[],"class_list":["post-974267","post","type-post","status-publish","format-standard","has-post-thumbnail","hentry","category-actualidad"],"aioseo_notices":[],"aioseo_head":"\n\t\t<!-- All in One SEO Pro 5.0.1 - aioseo.com -->\n\t<meta name=\"description\" content=\"Estambul, 31 mar (dpa) - El presidente turco, Recep Tayyip Erdogan, calific\u00f3 hoy de &quot;masacre&quot; la muerte de 15 palestinos a causa de disparos de soldados israel\u00edes en el marco de protestas masivas en la Franja de Gaza. Su Gobierno denunciar\u00e1 el &quot;terrorismo israel\u00ed&quot; siempre y en todas partes, dijo Erdogan ante seguidores en Estambul.\" \/>\n\t<meta name=\"robots\" content=\"max-image-preview:large\" \/>\n\t<meta name=\"author\" content=\"El Digital de Asturias\"\/>\n\t<meta name=\"google-site-verification\" content=\"UA-38556648-1\" \/>\n\t<meta name=\"msvalidate.01\" content=\"7dfe9f3f1b24437ab69f4f2559babe99\" \/>\n\t<meta name=\"keywords\" content=\"actualidad\" \/>\n\t<link rel=\"canonical\" href=\"https:\/\/www.eldigitaldeasturias.com\/noticias\/recep-tayyip-erdogan-califica-de-masacre-la-muerte-de-15-palestinos\/\" \/>\n\t<meta name=\"generator\" content=\"All in One SEO Pro (AIOSEO) 5.0.1\" \/>\n\t\t<meta property=\"og:locale\" content=\"es_ES\" \/>\n\t\t<meta property=\"og:site_name\" content=\"El Digital de Asturias\" \/>\n\t\t<meta property=\"og:type\" content=\"article\" \/>\n\t\t<meta property=\"og:title\" content=\"Recep Tayyip Erdogan califica de \u00abmasacre\u00bb la muerte de 15 palestinos - El Digital de Asturias\" \/>\n\t\t<meta property=\"og:description\" content=\"Estambul, 31 mar (dpa) - El presidente turco, Recep Tayyip Erdogan, calific\u00f3 hoy de &quot;masacre&quot; la muerte de 15 palestinos a causa de disparos de soldados israel\u00edes en el marco de protestas masivas en la Franja de Gaza. Su Gobierno denunciar\u00e1 el &quot;terrorismo israel\u00ed&quot; siempre y en todas partes, dijo Erdogan ante seguidores en Estambul.\" \/>\n\t\t<meta property=\"og:url\" content=\"https:\/\/www.eldigitaldeasturias.com\/noticias\/recep-tayyip-erdogan-califica-de-masacre-la-muerte-de-15-palestinos\/\" \/>\n\t\t<meta property=\"article:tag\" content=\"actualidad\" \/>\n\t\t<meta property=\"article:published_time\" content=\"2018-03-31T22:49:14+00:00\" \/>\n\t\t<meta property=\"article:modified_time\" content=\"2018-03-31T22:49:14+00:00\" \/>\n\t\t<meta property=\"article:publisher\" content=\"https:\/\/facebook.com\/eldigitaldeasturias\" \/>\n\t\t<meta name=\"twitter:card\" content=\"summary_large_image\" \/>\n\t\t<meta name=\"twitter:title\" content=\"Recep Tayyip Erdogan califica de \u00abmasacre\u00bb la muerte de 15 palestinos - El Digital de Asturias\" \/>\n\t\t<meta name=\"twitter:description\" content=\"Estambul, 31 mar (dpa) - El presidente turco, Recep Tayyip Erdogan, calific\u00f3 hoy de &quot;masacre&quot; la muerte de 15 palestinos a causa de disparos de soldados israel\u00edes en el marco de protestas masivas en la Franja de Gaza. Su Gobierno denunciar\u00e1 el &quot;terrorismo israel\u00ed&quot; siempre y en todas partes, dijo Erdogan ante seguidores en Estambul.\" \/>\n\t\t<meta name=\"twitter:image\" content=\"https:\/\/www.eldigitaldeasturias.com\/noticias\/wp-content\/uploads\/2020\/12\/EDA-1.jpg\" \/>\n\t\t<meta name=\"twitter:label1\" content=\"Escrito por\" \/>\n\t\t<meta name=\"twitter:data1\" content=\"El Digital de Asturias\" \/>\n\t\t<meta name=\"twitter:label2\" content=\"Tiempo de lectura estimado\" \/>\n\t\t<meta name=\"twitter:data2\" content=\"1 minuto\" \/>\n\t\t<script type=\"application\/ld+json\" class=\"aioseo-schema\">\n\t\t\t{\"@context\":\"https:\\\/\\\/schema.org\",\"@graph\":[{\"@type\":\"BlogPosting\",\"@id\":\"https:\\\/\\\/www.eldigitaldeasturias.com\\\/noticias\\\/recep-tayyip-erdogan-califica-de-masacre-la-muerte-de-15-palestinos\\\/#blogposting\",\"name\":\"Recep Tayyip Erdogan califica de \\u00abmasacre\\u00bb la muerte de 15 palestinos - El Digital de Asturias\",\"headline\":\"Recep Tayyip Erdogan califica de \\u00abmasacre\\u00bb la muerte de 15 palestinos\",\"author\":{\"@id\":\"https:\\\/\\\/www.eldigitaldeasturias.com\\\/noticias\\\/author\\\/admin\\\/#author\"},\"publisher\":{\"@id\":\"https:\\\/\\\/www.eldigitaldeasturias.com\\\/noticias\\\/#organization\"},\"image\":{\"@type\":\"ImageObject\",\"url\":872935},\"datePublished\":\"2018-03-31T22:49:14+02:00\",\"dateModified\":\"2018-03-31T22:49:14+02:00\",\"inLanguage\":\"es-ES\",\"mainEntityOfPage\":{\"@id\":\"https:\\\/\\\/www.eldigitaldeasturias.com\\\/noticias\\\/recep-tayyip-erdogan-califica-de-masacre-la-muerte-de-15-palestinos\\\/#webpage\"},\"isPartOf\":{\"@id\":\"https:\\\/\\\/www.eldigitaldeasturias.com\\\/noticias\\\/recep-tayyip-erdogan-califica-de-masacre-la-muerte-de-15-palestinos\\\/#webpage\"},\"articleSection\":\"Actualidad\"},{\"@type\":\"BreadcrumbList\",\"@id\":\"https:\\\/\\\/www.eldigitaldeasturias.com\\\/noticias\\\/recep-tayyip-erdogan-califica-de-masacre-la-muerte-de-15-palestinos\\\/#breadcrumblist\",\"itemListElement\":[{\"@type\":\"ListItem\",\"@id\":\"https:\\\/\\\/www.eldigitaldeasturias.com\\\/noticias#listItem\",\"position\":1,\"name\":\"Home\",\"item\":\"https:\\\/\\\/www.eldigitaldeasturias.com\\\/noticias\",\"nextItem\":{\"@type\":\"ListItem\",\"@id\":\"https:\\\/\\\/www.eldigitaldeasturias.com\\\/noticias\\\/category\\\/actualidad\\\/#listItem\",\"name\":\"Actualidad\"}},{\"@type\":\"ListItem\",\"@id\":\"https:\\\/\\\/www.eldigitaldeasturias.com\\\/noticias\\\/category\\\/actualidad\\\/#listItem\",\"position\":2,\"name\":\"Actualidad\",\"item\":\"https:\\\/\\\/www.eldigitaldeasturias.com\\\/noticias\\\/category\\\/actualidad\\\/\",\"nextItem\":{\"@type\":\"ListItem\",\"@id\":\"https:\\\/\\\/www.eldigitaldeasturias.com\\\/noticias\\\/recep-tayyip-erdogan-califica-de-masacre-la-muerte-de-15-palestinos\\\/#listItem\",\"name\":\"Recep Tayyip Erdogan califica de \\u00abmasacre\\u00bb la muerte de 15 palestinos\"},\"previousItem\":{\"@type\":\"ListItem\",\"@id\":\"https:\\\/\\\/www.eldigitaldeasturias.com\\\/noticias#listItem\",\"name\":\"Home\"}},{\"@type\":\"ListItem\",\"@id\":\"https:\\\/\\\/www.eldigitaldeasturias.com\\\/noticias\\\/recep-tayyip-erdogan-califica-de-masacre-la-muerte-de-15-palestinos\\\/#listItem\",\"position\":3,\"name\":\"Recep Tayyip Erdogan califica de \\u00abmasacre\\u00bb la muerte de 15 palestinos\",\"previousItem\":{\"@type\":\"ListItem\",\"@id\":\"https:\\\/\\\/www.eldigitaldeasturias.com\\\/noticias\\\/category\\\/actualidad\\\/#listItem\",\"name\":\"Actualidad\"}}]},{\"@type\":\"Organization\",\"@id\":\"https:\\\/\\\/www.eldigitaldeasturias.com\\\/noticias\\\/#organization\",\"name\":\"El Digital de Asturias\",\"description\":\"Hemeroteca\",\"url\":\"https:\\\/\\\/www.eldigitaldeasturias.com\\\/noticias\\\/\",\"email\":\"info@eldigitaldeasturias.com\",\"telephone\":\"+34652131393\",\"logo\":{\"@type\":\"ImageObject\",\"url\":\"https:\\\/\\\/www.eldigitaldeasturias.com\\\/noticias\\\/wp-content\\\/uploads\\\/2020\\\/12\\\/EDA.jpg\",\"@id\":\"https:\\\/\\\/www.eldigitaldeasturias.com\\\/noticias\\\/recep-tayyip-erdogan-califica-de-masacre-la-muerte-de-15-palestinos\\\/#organizationLogo\"},\"image\":{\"@id\":\"https:\\\/\\\/www.eldigitaldeasturias.com\\\/noticias\\\/recep-tayyip-erdogan-califica-de-masacre-la-muerte-de-15-palestinos\\\/#organizationLogo\"},\"sameAs\":[\"https:\\\/\\\/facebook.com\\\/eldigitaldeasturias\",\"https:\\\/\\\/www.youtube.com\\\/channel\\\/UCZP-2wLEB9Rv6erhFmqVnvg\"],\"address\":{\"@id\":\"https:\\\/\\\/www.eldigitaldeasturias.com\\\/noticias\\\/#postaladdress\",\"@type\":\"PostalAddress\",\"streetAddress\":\"san antonio 4\",\"postalCode\":\"33430\",\"addressLocality\":\"Cand\\u00e1s\",\"addressRegion\":\"Asturias\",\"addressCountry\":\"ES\"}},{\"@type\":\"Person\",\"@id\":\"https:\\\/\\\/www.eldigitaldeasturias.com\\\/noticias\\\/author\\\/admin\\\/#author\",\"url\":\"https:\\\/\\\/www.eldigitaldeasturias.com\\\/noticias\\\/author\\\/admin\\\/\",\"name\":\"El Digital de Asturias\",\"image\":{\"@type\":\"ImageObject\",\"@id\":\"https:\\\/\\\/www.eldigitaldeasturias.com\\\/noticias\\\/recep-tayyip-erdogan-califica-de-masacre-la-muerte-de-15-palestinos\\\/#authorImage\",\"url\":\"https:\\\/\\\/secure.gravatar.com\\\/avatar\\\/df2aeffc32bcd13f8d26072ef8a91b623d677766deac7f97ca815868cd41bf5e?s=96&d=mm&r=g\",\"width\":96,\"height\":96,\"caption\":\"El Digital de Asturias\"}},{\"@type\":\"WebPage\",\"@id\":\"https:\\\/\\\/www.eldigitaldeasturias.com\\\/noticias\\\/recep-tayyip-erdogan-califica-de-masacre-la-muerte-de-15-palestinos\\\/#webpage\",\"url\":\"https:\\\/\\\/www.eldigitaldeasturias.com\\\/noticias\\\/recep-tayyip-erdogan-califica-de-masacre-la-muerte-de-15-palestinos\\\/\",\"name\":\"Recep Tayyip Erdogan califica de \\u00abmasacre\\u00bb la muerte de 15 palestinos - El Digital de Asturias\",\"description\":\"Estambul, 31 mar (dpa) - El presidente turco, Recep Tayyip Erdogan, calific\\u00f3 hoy de \\\"masacre\\\" la muerte de 15 palestinos a causa de disparos de soldados israel\\u00edes en el marco de protestas masivas en la Franja de Gaza. Su Gobierno denunciar\\u00e1 el \\\"terrorismo israel\\u00ed\\\" siempre y en todas partes, dijo Erdogan ante seguidores en Estambul.\",\"inLanguage\":\"es-ES\",\"isPartOf\":{\"@id\":\"https:\\\/\\\/www.eldigitaldeasturias.com\\\/noticias\\\/#website\"},\"breadcrumb\":{\"@id\":\"https:\\\/\\\/www.eldigitaldeasturias.com\\\/noticias\\\/recep-tayyip-erdogan-califica-de-masacre-la-muerte-de-15-palestinos\\\/#breadcrumblist\"},\"author\":{\"@id\":\"https:\\\/\\\/www.eldigitaldeasturias.com\\\/noticias\\\/author\\\/admin\\\/#author\"},\"creator\":{\"@id\":\"https:\\\/\\\/www.eldigitaldeasturias.com\\\/noticias\\\/author\\\/admin\\\/#author\"},\"image\":{\"@type\":\"ImageObject\",\"url\":872935,\"@id\":\"https:\\\/\\\/www.eldigitaldeasturias.com\\\/noticias\\\/recep-tayyip-erdogan-califica-de-masacre-la-muerte-de-15-palestinos\\\/#mainImage\"},\"primaryImageOfPage\":{\"@id\":\"https:\\\/\\\/www.eldigitaldeasturias.com\\\/noticias\\\/recep-tayyip-erdogan-califica-de-masacre-la-muerte-de-15-palestinos\\\/#mainImage\"},\"datePublished\":\"2018-03-31T22:49:14+02:00\",\"dateModified\":\"2018-03-31T22:49:14+02:00\"},{\"@type\":\"WebSite\",\"@id\":\"https:\\\/\\\/www.eldigitaldeasturias.com\\\/noticias\\\/#website\",\"url\":\"https:\\\/\\\/www.eldigitaldeasturias.com\\\/noticias\\\/\",\"name\":\"El Digital de Asturias - Diario de actualidad y noticias\",\"alternateName\":\"El Digital de Asturias - Diario de actualidad y noticias\",\"description\":\"Hemeroteca\",\"inLanguage\":\"es-ES\",\"publisher\":{\"@id\":\"https:\\\/\\\/www.eldigitaldeasturias.com\\\/noticias\\\/#organization\"}}]}\n\t\t<\/script>\n\t\t<!-- All in One SEO Pro -->\r\n\t\t<title>Recep Tayyip Erdogan califica de \u00abmasacre\u00bb la muerte de 15 palestinos - El Digital de Asturias<\/title>\n\n","aioseo_head_json":{"title":"Recep Tayyip Erdogan califica de \u00abmasacre\u00bb la muerte de 15 palestinos - El Digital de Asturias","description":"Estambul, 31 mar (dpa) - El presidente turco, Recep Tayyip Erdogan, calific\u00f3 hoy de \"masacre\" la muerte de 15 palestinos a causa de disparos de soldados israel\u00edes en el marco de protestas masivas en la Franja de Gaza. Su Gobierno denunciar\u00e1 el \"terrorismo israel\u00ed\" siempre y en todas partes, dijo Erdogan ante seguidores en Estambul.","canonical_url":"https:\/\/www.eldigitaldeasturias.com\/noticias\/recep-tayyip-erdogan-califica-de-masacre-la-muerte-de-15-palestinos\/","robots":"max-image-preview:large","keywords":"actualidad","webmasterTools":{"google-site-verification":"UA-38556648-1","msvalidate.01":"7dfe9f3f1b24437ab69f4f2559babe99","miscellaneous":""},"schema":{"@context":"https:\/\/schema.org","@graph":[{"@type":"BlogPosting","@id":"https:\/\/www.eldigitaldeasturias.com\/noticias\/recep-tayyip-erdogan-califica-de-masacre-la-muerte-de-15-palestinos\/#blogposting","name":"Recep Tayyip Erdogan califica de \u00abmasacre\u00bb la muerte de 15 palestinos - El Digital de Asturias","headline":"Recep Tayyip Erdogan califica de \u00abmasacre\u00bb la muerte de 15 palestinos","author":{"@id":"https:\/\/www.eldigitaldeasturias.com\/noticias\/author\/admin\/#author"},"publisher":{"@id":"https:\/\/www.eldigitaldeasturias.com\/noticias\/#organization"},"image":{"@type":"ImageObject","url":872935},"datePublished":"2018-03-31T22:49:14+02:00","dateModified":"2018-03-31T22:49:14+02:00","inLanguage":"es-ES","mainEntityOfPage":{"@id":"https:\/\/www.eldigitaldeasturias.com\/noticias\/recep-tayyip-erdogan-califica-de-masacre-la-muerte-de-15-palestinos\/#webpage"},"isPartOf":{"@id":"https:\/\/www.eldigitaldeasturias.com\/noticias\/recep-tayyip-erdogan-califica-de-masacre-la-muerte-de-15-palestinos\/#webpage"},"articleSection":"Actualidad"},{"@type":"BreadcrumbList","@id":"https:\/\/www.eldigitaldeasturias.com\/noticias\/recep-tayyip-erdogan-califica-de-masacre-la-muerte-de-15-palestinos\/#breadcrumblist","itemListElement":[{"@type":"ListItem","@id":"https:\/\/www.eldigitaldeasturias.com\/noticias#listItem","position":1,"name":"Home","item":"https:\/\/www.eldigitaldeasturias.com\/noticias","nextItem":{"@type":"ListItem","@id":"https:\/\/www.eldigitaldeasturias.com\/noticias\/category\/actualidad\/#listItem","name":"Actualidad"}},{"@type":"ListItem","@id":"https:\/\/www.eldigitaldeasturias.com\/noticias\/category\/actualidad\/#listItem","position":2,"name":"Actualidad","item":"https:\/\/www.eldigitaldeasturias.com\/noticias\/category\/actualidad\/","nextItem":{"@type":"ListItem","@id":"https:\/\/www.eldigitaldeasturias.com\/noticias\/recep-tayyip-erdogan-califica-de-masacre-la-muerte-de-15-palestinos\/#listItem","name":"Recep Tayyip Erdogan califica de \u00abmasacre\u00bb la muerte de 15 palestinos"},"previousItem":{"@type":"ListItem","@id":"https:\/\/www.eldigitaldeasturias.com\/noticias#listItem","name":"Home"}},{"@type":"ListItem","@id":"https:\/\/www.eldigitaldeasturias.com\/noticias\/recep-tayyip-erdogan-califica-de-masacre-la-muerte-de-15-palestinos\/#listItem","position":3,"name":"Recep Tayyip Erdogan califica de \u00abmasacre\u00bb la muerte de 15 palestinos","previousItem":{"@type":"ListItem","@id":"https:\/\/www.eldigitaldeasturias.com\/noticias\/category\/actualidad\/#listItem","name":"Actualidad"}}]},{"@type":"Organization","@id":"https:\/\/www.eldigitaldeasturias.com\/noticias\/#organization","name":"El Digital de Asturias","description":"Hemeroteca","url":"https:\/\/www.eldigitaldeasturias.com\/noticias\/","email":"info@eldigitaldeasturias.com","telephone":"+34652131393","logo":{"@type":"ImageObject","url":"https:\/\/www.eldigitaldeasturias.com\/noticias\/wp-content\/uploads\/2020\/12\/EDA.jpg","@id":"https:\/\/www.eldigitaldeasturias.com\/noticias\/recep-tayyip-erdogan-califica-de-masacre-la-muerte-de-15-palestinos\/#organizationLogo"},"image":{"@id":"https:\/\/www.eldigitaldeasturias.com\/noticias\/recep-tayyip-erdogan-califica-de-masacre-la-muerte-de-15-palestinos\/#organizationLogo"},"sameAs":["https:\/\/facebook.com\/eldigitaldeasturias","https:\/\/www.youtube.com\/channel\/UCZP-2wLEB9Rv6erhFmqVnvg"],"address":{"@id":"https:\/\/www.eldigitaldeasturias.com\/noticias\/#postaladdress","@type":"PostalAddress","streetAddress":"san antonio 4","postalCode":"33430","addressLocality":"Cand\u00e1s","addressRegion":"Asturias","addressCountry":"ES"}},{"@type":"Person","@id":"https:\/\/www.eldigitaldeasturias.com\/noticias\/author\/admin\/#author","url":"https:\/\/www.eldigitaldeasturias.com\/noticias\/author\/admin\/","name":"El Digital de Asturias","image":{"@type":"ImageObject","@id":"https:\/\/www.eldigitaldeasturias.com\/noticias\/recep-tayyip-erdogan-califica-de-masacre-la-muerte-de-15-palestinos\/#authorImage","url":"https:\/\/secure.gravatar.com\/avatar\/df2aeffc32bcd13f8d26072ef8a91b623d677766deac7f97ca815868cd41bf5e?s=96&d=mm&r=g","width":96,"height":96,"caption":"El Digital de Asturias"}},{"@type":"WebPage","@id":"https:\/\/www.eldigitaldeasturias.com\/noticias\/recep-tayyip-erdogan-califica-de-masacre-la-muerte-de-15-palestinos\/#webpage","url":"https:\/\/www.eldigitaldeasturias.com\/noticias\/recep-tayyip-erdogan-califica-de-masacre-la-muerte-de-15-palestinos\/","name":"Recep Tayyip Erdogan califica de \u00abmasacre\u00bb la muerte de 15 palestinos - El Digital de Asturias","description":"Estambul, 31 mar (dpa) - El presidente turco, Recep Tayyip Erdogan, calific\u00f3 hoy de \"masacre\" la muerte de 15 palestinos a causa de disparos de soldados israel\u00edes en el marco de protestas masivas en la Franja de Gaza. Su Gobierno denunciar\u00e1 el \"terrorismo israel\u00ed\" siempre y en todas partes, dijo Erdogan ante seguidores en Estambul.","inLanguage":"es-ES","isPartOf":{"@id":"https:\/\/www.eldigitaldeasturias.com\/noticias\/#website"},"breadcrumb":{"@id":"https:\/\/www.eldigitaldeasturias.com\/noticias\/recep-tayyip-erdogan-califica-de-masacre-la-muerte-de-15-palestinos\/#breadcrumblist"},"author":{"@id":"https:\/\/www.eldigitaldeasturias.com\/noticias\/author\/admin\/#author"},"creator":{"@id":"https:\/\/www.eldigitaldeasturias.com\/noticias\/author\/admin\/#author"},"image":{"@type":"ImageObject","url":872935,"@id":"https:\/\/www.eldigitaldeasturias.com\/noticias\/recep-tayyip-erdogan-califica-de-masacre-la-muerte-de-15-palestinos\/#mainImage"},"primaryImageOfPage":{"@id":"https:\/\/www.eldigitaldeasturias.com\/noticias\/recep-tayyip-erdogan-califica-de-masacre-la-muerte-de-15-palestinos\/#mainImage"},"datePublished":"2018-03-31T22:49:14+02:00","dateModified":"2018-03-31T22:49:14+02:00"},{"@type":"WebSite","@id":"https:\/\/www.eldigitaldeasturias.com\/noticias\/#website","url":"https:\/\/www.eldigitaldeasturias.com\/noticias\/","name":"El Digital de Asturias - Diario de actualidad y noticias","alternateName":"El Digital de Asturias - Diario de actualidad y noticias","description":"Hemeroteca","inLanguage":"es-ES","publisher":{"@id":"https:\/\/www.eldigitaldeasturias.com\/noticias\/#organization"}}]},"og:locale":"es_ES","og:site_name":"El Digital de Asturias","og:type":"article","og:title":"Recep Tayyip Erdogan califica de \u00abmasacre\u00bb la muerte de 15 palestinos - El Digital de Asturias","og:description":"Estambul, 31 mar (dpa) - El presidente turco, Recep Tayyip Erdogan, calific\u00f3 hoy de &quot;masacre&quot; la muerte de 15 palestinos a causa de disparos de soldados israel\u00edes en el marco de protestas masivas en la Franja de Gaza. Su Gobierno denunciar\u00e1 el &quot;terrorismo israel\u00ed&quot; siempre y en todas partes, dijo Erdogan ante seguidores en Estambul.","og:url":"https:\/\/www.eldigitaldeasturias.com\/noticias\/recep-tayyip-erdogan-califica-de-masacre-la-muerte-de-15-palestinos\/","article:tag":["actualidad"],"article:published_time":"2018-03-31T22:49:14+00:00","article:modified_time":"2018-03-31T22:49:14+00:00","article:publisher":"https:\/\/facebook.com\/eldigitaldeasturias","twitter:card":"summary_large_image","twitter:title":"Recep Tayyip Erdogan califica de \u00abmasacre\u00bb la muerte de 15 palestinos - El Digital de Asturias","twitter:description":"Estambul, 31 mar (dpa) - El presidente turco, Recep Tayyip Erdogan, calific\u00f3 hoy de &quot;masacre&quot; la muerte de 15 palestinos a causa de disparos de soldados israel\u00edes en el marco de protestas masivas en la Franja de Gaza. Su Gobierno denunciar\u00e1 el &quot;terrorismo israel\u00ed&quot; siempre y en todas partes, dijo Erdogan ante seguidores en Estambul.","twitter:image":"https:\/\/www.eldigitaldeasturias.com\/noticias\/wp-content\/uploads\/2020\/12\/EDA-1.jpg","twitter:label1":"Escrito por","twitter:data1":"El Digital de Asturias","twitter:label2":"Tiempo de lectura estimado","twitter:data2":"1 minuto"},"aioseo_meta_data":{"post_id":"974267","title":null,"description":null,"keywords":null,"keyphrases":null,"primary_term":null,"canonical_url":null,"og_title":null,"og_description":null,"og_object_type":"default","og_image_type":"default","og_image_url":null,"og_image_width":null,"og_image_height":null,"og_image_custom_url":null,"og_image_custom_fields":null,"og_video":null,"og_custom_url":null,"og_article_section":null,"og_article_tags":null,"twitter_use_og":false,"twitter_card":"default","twitter_image_type":"default","twitter_image_url":null,"twitter_image_custom_url":null,"twitter_image_custom_fields":null,"twitter_title":null,"twitter_description":null,"schema":{"blockGraphs":[],"customGraphs":[],"default":{"data":{"Article":[],"Course":[],"Dataset":[],"FAQPage":[],"Movie":[],"Person":[],"Product":[],"ProductReview":[],"Car":[],"Recipe":[],"Service":[],"SoftwareApplication":[],"WebPage":[]},"graphName":"","isEnabled":true},"graphs":[]},"schema_type":null,"schema_type_options":null,"pillar_content":false,"robots_default":true,"robots_noindex":false,"robots_noarchive":false,"robots_nosnippet":false,"robots_nofollow":false,"robots_noimageindex":false,"robots_noodp":false,"robots_notranslate":false,"robots_max_snippet":null,"robots_max_videopreview":null,"robots_max_imagepreview":"large","priority":null,"frequency":null,"local_seo":null,"seo_analyzer_scan_date":"2025-10-07 19:39:06","breadcrumb_settings":null,"limit_modified_date":false,"open_ai":null,"ai":null,"created":"2020-12-21 12:13:40","updated":"2025-10-07 19:39:06","focus_keyword":null,"additional_keywords":null,"truseo_locale":null},"aioseo_breadcrumb":"<div class=\"aioseo-breadcrumbs\"><span class=\"aioseo-breadcrumb\">\n\t<a href=\"https:\/\/www.eldigitaldeasturias.com\/noticias\" title=\"Home\">Home<\/a>\n<\/span><span class=\"aioseo-breadcrumb-separator\">\u2013<\/span><span class=\"aioseo-breadcrumb\">\n\t<a href=\"https:\/\/www.eldigitaldeasturias.com\/noticias\/category\/actualidad\/\" title=\"Actualidad\">Actualidad<\/a>\n<\/span><span class=\"aioseo-breadcrumb-separator\">\u2013<\/span><span class=\"aioseo-breadcrumb\">\n\t<a href=\"https:\/\/www.eldigitaldeasturias.com\/noticias\/recep-tayyip-erdogan-califica-de-masacre-la-muerte-de-15-palestinos\/\" title=\"Recep Tayyip Erdogan califica de \u00abmasacre\u00bb la muerte de 15 palestinos\">Recep Tayyip Erdogan califica de \u00abmasacre\u00bb la muerte de 15 palestinos<\/a>\n<\/span><\/div>","aioseo_breadcrumb_json":[{"label":"Home","link":"https:\/\/www.eldigitaldeasturias.com\/noticias"},{"label":"Actualidad","link":"https:\/\/www.eldigitaldeasturias.com\/noticias\/category\/actualidad\/"},{"label":"Recep Tayyip Erdogan califica de \u00abmasacre\u00bb la muerte de 15 palestinos","link":"https:\/\/www.eldigitaldeasturias.com\/noticias\/recep-tayyip-erdogan-califica-de-masacre-la-muerte-de-15-palestinos\/"}],"_links":{"self":[{"href":"https:\/\/www.eldigitaldeasturias.com\/noticias\/wp-json\/wp\/v2\/posts\/974267","targetHints":{"allow":["GET"]}}],"collection":[{"href":"https:\/\/www.eldigitaldeasturias.com\/noticias\/wp-json\/wp\/v2\/posts"}],"about":[{"href":"https:\/\/www.eldigitaldeasturias.com\/noticias\/wp-json\/wp\/v2\/types\/post"}],"author":[{"embeddable":true,"href":"https:\/\/www.eldigitaldeasturias.com\/noticias\/wp-json\/wp\/v2\/users\/1"}],"replies":[{"embeddable":true,"href":"https:\/\/www.eldigitaldeasturias.com\/noticias\/wp-json\/wp\/v2\/comments?post=974267"}],"version-history":[{"count":0,"href":"https:\/\/www.eldigitaldeasturias.com\/noticias\/wp-json\/wp\/v2\/posts\/974267\/revisions"}],"wp:attachment":[{"href":"https:\/\/www.eldigitaldeasturias.com\/noticias\/wp-json\/wp\/v2\/media?parent=974267"}],"wp:term":[{"taxonomy":"category","embeddable":true,"href":"https:\/\/www.eldigitaldeasturias.com\/noticias\/wp-json\/wp\/v2\/categories?post=974267"},{"taxonomy":"post_tag","embeddable":true,"href":"https:\/\/www.eldigitaldeasturias.com\/noticias\/wp-json\/wp\/v2\/tags?post=974267"}],"curies":[{"name":"wp","href":"https:\/\/api.w.org\/{rel}","templated":true}]}}