{"id":974261,"date":"2018-03-30T22:40:15","date_gmt":"2018-03-30T22:40:15","guid":{"rendered":"http:\/\/www.eldigitaldeasturias.com\/noticias\/?p=974261"},"modified":"2018-03-31T22:41:40","modified_gmt":"2018-03-31T22:41:40","slug":"la-onu-teme-que-la-situacion-en-gaza-pueda-deteriorarse-en-los-proximos-dias","status":"publish","type":"post","link":"https:\/\/www.eldigitaldeasturias.com\/noticias\/la-onu-teme-que-la-situacion-en-gaza-pueda-deteriorarse-en-los-proximos-dias\/","title":{"rendered":"La ONU teme que la situaci\u00f3n en Gaza \u00abpueda deteriorarse en los pr\u00f3ximos d\u00edas\u00bb"},"content":{"rendered":"<p><img loading=\"lazy\" decoding=\"async\" class=\"alignleft size-medium wp-image-974234\" src=\"https:\/\/www.eldigitaldeasturias.com\/noticias\/wp-content\/uploads\/2018\/03\/gaza-678979_1280-360x240.jpg\" alt=\"\" width=\"360\" height=\"240\" \/>Nueva York, 30 mar (dpa) &#8211; La ONU teme que la situaci\u00f3n en Gaza \u00abpueda deteriorarse en los pr\u00f3ximos d\u00edas\u00bb, se\u00f1al\u00f3 Taye-Brook Zerihoun, jefe de asuntos pol\u00edticos de Naciones Unidas en un informe ante el Consejo de Seguridad.<\/p>\n<p>El Consejo sesion\u00f3 hoy de emergencia en Nueva York para debatir los incidentes registrados en la Franja de Gaza, donde murieron al menos 15 personas y cientos resultaron heridas en enfrentamientos de palestinos con fuerzas israel\u00edes tras una marcha de protesta.<\/p>\n<p>Zerihoun inst\u00f3 a Israel a cumplir con sus responsabilidades y respetar la ley humanitaria y reiter\u00f3 que la fuerza letal s\u00f3lo debe utilizarse como \u00faltimo recurso.<\/p>\n<p>Seg\u00fan el funcionario de la ONU, los civiles, en particular los ni\u00f1os, no deben ser objetivos.<\/p>\n<p>Por su parte, el secretario general de Naciones Unidas, Ant\u00f3nio Guterres, dijo que est\u00e1 \u00abprofundamente preocupado\u00bb por los enfrentamientos registrados en la \u00abGran Marcha del Retorno\u00bb y pidi\u00f3 una investigaci\u00f3n independiente sobre las muertes.<\/p>\n<p>Adem\u00e1s pidi\u00f3 a los involucrados \u00ababstenerse de cualquier acci\u00f3n que pueda llevar a m\u00e1s v\u00edctimas y en particular a toda medida que pueda poner en peligro a civiles\u00bb.<\/p>\n","protected":false},"excerpt":{"rendered":"<p>Nueva York, 30 mar (dpa) &#8211; La ONU teme que la situaci\u00f3n en Gaza \u00abpueda deteriorarse en los pr\u00f3ximos d\u00edas\u00bb, se\u00f1al\u00f3 Taye-Brook Zerihoun, jefe de asuntos pol\u00edticos de Naciones Unidas en un informe ante el Consejo de Seguridad. El Consejo sesion\u00f3 hoy de emergencia en Nueva York para debatir los incidentes registrados en la Franja [&hellip;]<\/p>\n","protected":false},"author":1,"featured_media":974234,"comment_status":"closed","ping_status":"closed","sticky":false,"template":"","format":"standard","meta":{"footnotes":""},"categories":[1],"tags":[],"class_list":["post-974261","post","type-post","status-publish","format-standard","has-post-thumbnail","hentry","category-actualidad"],"aioseo_notices":[],"aioseo_head":"\n\t\t<!-- All in One SEO Pro 5.0.1 - aioseo.com -->\n\t<meta name=\"description\" content=\"Nueva York, 30 mar (dpa) - La ONU teme que la situaci\u00f3n en Gaza &quot;pueda deteriorarse en los pr\u00f3ximos d\u00edas&quot;, se\u00f1al\u00f3 Taye-Brook Zerihoun, jefe de asuntos pol\u00edticos de Naciones Unidas en un informe ante el Consejo de Seguridad. El Consejo sesion\u00f3 hoy de emergencia en Nueva York para debatir los incidentes registrados en la Franja\" \/>\n\t<meta name=\"robots\" content=\"max-image-preview:large\" \/>\n\t<meta name=\"author\" content=\"El Digital de Asturias\"\/>\n\t<meta name=\"google-site-verification\" content=\"UA-38556648-1\" \/>\n\t<meta name=\"msvalidate.01\" content=\"7dfe9f3f1b24437ab69f4f2559babe99\" \/>\n\t<meta name=\"keywords\" content=\"actualidad\" \/>\n\t<link rel=\"canonical\" href=\"https:\/\/www.eldigitaldeasturias.com\/noticias\/la-onu-teme-que-la-situacion-en-gaza-pueda-deteriorarse-en-los-proximos-dias\/\" \/>\n\t<meta name=\"generator\" content=\"All in One SEO Pro (AIOSEO) 5.0.1\" \/>\n\t\t<meta property=\"og:locale\" content=\"es_ES\" \/>\n\t\t<meta property=\"og:site_name\" content=\"El Digital de Asturias\" \/>\n\t\t<meta property=\"og:type\" content=\"article\" \/>\n\t\t<meta property=\"og:title\" content=\"La ONU teme que la situaci\u00f3n en Gaza \u00abpueda deteriorarse en los pr\u00f3ximos d\u00edas\u00bb - El Digital de Asturias\" \/>\n\t\t<meta property=\"og:description\" content=\"Nueva York, 30 mar (dpa) - La ONU teme que la situaci\u00f3n en Gaza &quot;pueda deteriorarse en los pr\u00f3ximos d\u00edas&quot;, se\u00f1al\u00f3 Taye-Brook Zerihoun, jefe de asuntos pol\u00edticos de Naciones Unidas en un informe ante el Consejo de Seguridad. El Consejo sesion\u00f3 hoy de emergencia en Nueva York para debatir los incidentes registrados en la Franja\" \/>\n\t\t<meta property=\"og:url\" content=\"https:\/\/www.eldigitaldeasturias.com\/noticias\/la-onu-teme-que-la-situacion-en-gaza-pueda-deteriorarse-en-los-proximos-dias\/\" \/>\n\t\t<meta property=\"article:tag\" content=\"actualidad\" \/>\n\t\t<meta property=\"article:published_time\" content=\"2018-03-30T22:40:15+00:00\" \/>\n\t\t<meta property=\"article:modified_time\" content=\"2018-03-31T22:41:40+00:00\" \/>\n\t\t<meta property=\"article:publisher\" content=\"https:\/\/facebook.com\/eldigitaldeasturias\" \/>\n\t\t<meta name=\"twitter:card\" content=\"summary_large_image\" \/>\n\t\t<meta name=\"twitter:title\" content=\"La ONU teme que la situaci\u00f3n en Gaza \u00abpueda deteriorarse en los pr\u00f3ximos d\u00edas\u00bb - El Digital de Asturias\" \/>\n\t\t<meta name=\"twitter:description\" content=\"Nueva York, 30 mar (dpa) - La ONU teme que la situaci\u00f3n en Gaza &quot;pueda deteriorarse en los pr\u00f3ximos d\u00edas&quot;, se\u00f1al\u00f3 Taye-Brook Zerihoun, jefe de asuntos pol\u00edticos de Naciones Unidas en un informe ante el Consejo de Seguridad. El Consejo sesion\u00f3 hoy de emergencia en Nueva York para debatir los incidentes registrados en la Franja\" \/>\n\t\t<meta name=\"twitter:image\" content=\"https:\/\/www.eldigitaldeasturias.com\/noticias\/wp-content\/uploads\/2020\/12\/EDA-1.jpg\" \/>\n\t\t<meta name=\"twitter:label1\" content=\"Escrito por\" \/>\n\t\t<meta name=\"twitter:data1\" content=\"El Digital de Asturias\" \/>\n\t\t<meta name=\"twitter:label2\" content=\"Tiempo de lectura estimado\" \/>\n\t\t<meta name=\"twitter:data2\" content=\"1 minuto\" \/>\n\t\t<script type=\"application\/ld+json\" class=\"aioseo-schema\">\n\t\t\t{\"@context\":\"https:\\\/\\\/schema.org\",\"@graph\":[{\"@type\":\"BlogPosting\",\"@id\":\"https:\\\/\\\/www.eldigitaldeasturias.com\\\/noticias\\\/la-onu-teme-que-la-situacion-en-gaza-pueda-deteriorarse-en-los-proximos-dias\\\/#blogposting\",\"name\":\"La ONU teme que la situaci\\u00f3n en Gaza \\u00abpueda deteriorarse en los pr\\u00f3ximos d\\u00edas\\u00bb - El Digital de Asturias\",\"headline\":\"La ONU teme que la situaci\\u00f3n en Gaza \\u00abpueda deteriorarse en los pr\\u00f3ximos d\\u00edas\\u00bb\",\"author\":{\"@id\":\"https:\\\/\\\/www.eldigitaldeasturias.com\\\/noticias\\\/author\\\/admin\\\/#author\"},\"publisher\":{\"@id\":\"https:\\\/\\\/www.eldigitaldeasturias.com\\\/noticias\\\/#organization\"},\"image\":{\"@type\":\"ImageObject\",\"url\":974234},\"datePublished\":\"2018-03-30T22:40:15+02:00\",\"dateModified\":\"2018-03-31T22:41:40+02:00\",\"inLanguage\":\"es-ES\",\"mainEntityOfPage\":{\"@id\":\"https:\\\/\\\/www.eldigitaldeasturias.com\\\/noticias\\\/la-onu-teme-que-la-situacion-en-gaza-pueda-deteriorarse-en-los-proximos-dias\\\/#webpage\"},\"isPartOf\":{\"@id\":\"https:\\\/\\\/www.eldigitaldeasturias.com\\\/noticias\\\/la-onu-teme-que-la-situacion-en-gaza-pueda-deteriorarse-en-los-proximos-dias\\\/#webpage\"},\"articleSection\":\"Actualidad\"},{\"@type\":\"BreadcrumbList\",\"@id\":\"https:\\\/\\\/www.eldigitaldeasturias.com\\\/noticias\\\/la-onu-teme-que-la-situacion-en-gaza-pueda-deteriorarse-en-los-proximos-dias\\\/#breadcrumblist\",\"itemListElement\":[{\"@type\":\"ListItem\",\"@id\":\"https:\\\/\\\/www.eldigitaldeasturias.com\\\/noticias#listItem\",\"position\":1,\"name\":\"Home\",\"item\":\"https:\\\/\\\/www.eldigitaldeasturias.com\\\/noticias\",\"nextItem\":{\"@type\":\"ListItem\",\"@id\":\"https:\\\/\\\/www.eldigitaldeasturias.com\\\/noticias\\\/category\\\/actualidad\\\/#listItem\",\"name\":\"Actualidad\"}},{\"@type\":\"ListItem\",\"@id\":\"https:\\\/\\\/www.eldigitaldeasturias.com\\\/noticias\\\/category\\\/actualidad\\\/#listItem\",\"position\":2,\"name\":\"Actualidad\",\"item\":\"https:\\\/\\\/www.eldigitaldeasturias.com\\\/noticias\\\/category\\\/actualidad\\\/\",\"nextItem\":{\"@type\":\"ListItem\",\"@id\":\"https:\\\/\\\/www.eldigitaldeasturias.com\\\/noticias\\\/la-onu-teme-que-la-situacion-en-gaza-pueda-deteriorarse-en-los-proximos-dias\\\/#listItem\",\"name\":\"La ONU teme que la situaci\\u00f3n en Gaza \\u00abpueda deteriorarse en los pr\\u00f3ximos d\\u00edas\\u00bb\"},\"previousItem\":{\"@type\":\"ListItem\",\"@id\":\"https:\\\/\\\/www.eldigitaldeasturias.com\\\/noticias#listItem\",\"name\":\"Home\"}},{\"@type\":\"ListItem\",\"@id\":\"https:\\\/\\\/www.eldigitaldeasturias.com\\\/noticias\\\/la-onu-teme-que-la-situacion-en-gaza-pueda-deteriorarse-en-los-proximos-dias\\\/#listItem\",\"position\":3,\"name\":\"La ONU teme que la situaci\\u00f3n en Gaza \\u00abpueda deteriorarse en los pr\\u00f3ximos d\\u00edas\\u00bb\",\"previousItem\":{\"@type\":\"ListItem\",\"@id\":\"https:\\\/\\\/www.eldigitaldeasturias.com\\\/noticias\\\/category\\\/actualidad\\\/#listItem\",\"name\":\"Actualidad\"}}]},{\"@type\":\"Organization\",\"@id\":\"https:\\\/\\\/www.eldigitaldeasturias.com\\\/noticias\\\/#organization\",\"name\":\"El Digital de Asturias\",\"description\":\"Hemeroteca\",\"url\":\"https:\\\/\\\/www.eldigitaldeasturias.com\\\/noticias\\\/\",\"email\":\"info@eldigitaldeasturias.com\",\"telephone\":\"+34652131393\",\"logo\":{\"@type\":\"ImageObject\",\"url\":\"https:\\\/\\\/www.eldigitaldeasturias.com\\\/noticias\\\/wp-content\\\/uploads\\\/2020\\\/12\\\/EDA.jpg\",\"@id\":\"https:\\\/\\\/www.eldigitaldeasturias.com\\\/noticias\\\/la-onu-teme-que-la-situacion-en-gaza-pueda-deteriorarse-en-los-proximos-dias\\\/#organizationLogo\"},\"image\":{\"@id\":\"https:\\\/\\\/www.eldigitaldeasturias.com\\\/noticias\\\/la-onu-teme-que-la-situacion-en-gaza-pueda-deteriorarse-en-los-proximos-dias\\\/#organizationLogo\"},\"sameAs\":[\"https:\\\/\\\/facebook.com\\\/eldigitaldeasturias\",\"https:\\\/\\\/www.youtube.com\\\/channel\\\/UCZP-2wLEB9Rv6erhFmqVnvg\"],\"address\":{\"@id\":\"https:\\\/\\\/www.eldigitaldeasturias.com\\\/noticias\\\/#postaladdress\",\"@type\":\"PostalAddress\",\"streetAddress\":\"san antonio 4\",\"postalCode\":\"33430\",\"addressLocality\":\"Cand\\u00e1s\",\"addressRegion\":\"Asturias\",\"addressCountry\":\"ES\"}},{\"@type\":\"Person\",\"@id\":\"https:\\\/\\\/www.eldigitaldeasturias.com\\\/noticias\\\/author\\\/admin\\\/#author\",\"url\":\"https:\\\/\\\/www.eldigitaldeasturias.com\\\/noticias\\\/author\\\/admin\\\/\",\"name\":\"El Digital de Asturias\",\"image\":{\"@type\":\"ImageObject\",\"@id\":\"https:\\\/\\\/www.eldigitaldeasturias.com\\\/noticias\\\/la-onu-teme-que-la-situacion-en-gaza-pueda-deteriorarse-en-los-proximos-dias\\\/#authorImage\",\"url\":\"https:\\\/\\\/secure.gravatar.com\\\/avatar\\\/df2aeffc32bcd13f8d26072ef8a91b623d677766deac7f97ca815868cd41bf5e?s=96&d=mm&r=g\",\"width\":96,\"height\":96,\"caption\":\"El Digital de Asturias\"}},{\"@type\":\"WebPage\",\"@id\":\"https:\\\/\\\/www.eldigitaldeasturias.com\\\/noticias\\\/la-onu-teme-que-la-situacion-en-gaza-pueda-deteriorarse-en-los-proximos-dias\\\/#webpage\",\"url\":\"https:\\\/\\\/www.eldigitaldeasturias.com\\\/noticias\\\/la-onu-teme-que-la-situacion-en-gaza-pueda-deteriorarse-en-los-proximos-dias\\\/\",\"name\":\"La ONU teme que la situaci\\u00f3n en Gaza \\u00abpueda deteriorarse en los pr\\u00f3ximos d\\u00edas\\u00bb - El Digital de Asturias\",\"description\":\"Nueva York, 30 mar (dpa) - La ONU teme que la situaci\\u00f3n en Gaza \\\"pueda deteriorarse en los pr\\u00f3ximos d\\u00edas\\\", se\\u00f1al\\u00f3 Taye-Brook Zerihoun, jefe de asuntos pol\\u00edticos de Naciones Unidas en un informe ante el Consejo de Seguridad. El Consejo sesion\\u00f3 hoy de emergencia en Nueva York para debatir los incidentes registrados en la Franja\",\"inLanguage\":\"es-ES\",\"isPartOf\":{\"@id\":\"https:\\\/\\\/www.eldigitaldeasturias.com\\\/noticias\\\/#website\"},\"breadcrumb\":{\"@id\":\"https:\\\/\\\/www.eldigitaldeasturias.com\\\/noticias\\\/la-onu-teme-que-la-situacion-en-gaza-pueda-deteriorarse-en-los-proximos-dias\\\/#breadcrumblist\"},\"author\":{\"@id\":\"https:\\\/\\\/www.eldigitaldeasturias.com\\\/noticias\\\/author\\\/admin\\\/#author\"},\"creator\":{\"@id\":\"https:\\\/\\\/www.eldigitaldeasturias.com\\\/noticias\\\/author\\\/admin\\\/#author\"},\"image\":{\"@type\":\"ImageObject\",\"url\":974234,\"@id\":\"https:\\\/\\\/www.eldigitaldeasturias.com\\\/noticias\\\/la-onu-teme-que-la-situacion-en-gaza-pueda-deteriorarse-en-los-proximos-dias\\\/#mainImage\"},\"primaryImageOfPage\":{\"@id\":\"https:\\\/\\\/www.eldigitaldeasturias.com\\\/noticias\\\/la-onu-teme-que-la-situacion-en-gaza-pueda-deteriorarse-en-los-proximos-dias\\\/#mainImage\"},\"datePublished\":\"2018-03-30T22:40:15+02:00\",\"dateModified\":\"2018-03-31T22:41:40+02:00\"},{\"@type\":\"WebSite\",\"@id\":\"https:\\\/\\\/www.eldigitaldeasturias.com\\\/noticias\\\/#website\",\"url\":\"https:\\\/\\\/www.eldigitaldeasturias.com\\\/noticias\\\/\",\"name\":\"El Digital de Asturias - Diario de actualidad y noticias\",\"alternateName\":\"El Digital de Asturias - Diario de actualidad y noticias\",\"description\":\"Hemeroteca\",\"inLanguage\":\"es-ES\",\"publisher\":{\"@id\":\"https:\\\/\\\/www.eldigitaldeasturias.com\\\/noticias\\\/#organization\"}}]}\n\t\t<\/script>\n\t\t<!-- All in One SEO Pro -->\r\n\t\t<title>La ONU teme que la situaci\u00f3n en Gaza \u00abpueda deteriorarse en los pr\u00f3ximos d\u00edas\u00bb - El Digital de Asturias<\/title>\n\n","aioseo_head_json":{"title":"La ONU teme que la situaci\u00f3n en Gaza \u00abpueda deteriorarse en los pr\u00f3ximos d\u00edas\u00bb - El Digital de Asturias","description":"Nueva York, 30 mar (dpa) - La ONU teme que la situaci\u00f3n en Gaza \"pueda deteriorarse en los pr\u00f3ximos d\u00edas\", se\u00f1al\u00f3 Taye-Brook Zerihoun, jefe de asuntos pol\u00edticos de Naciones Unidas en un informe ante el Consejo de Seguridad. El Consejo sesion\u00f3 hoy de emergencia en Nueva York para debatir los incidentes registrados en la Franja","canonical_url":"https:\/\/www.eldigitaldeasturias.com\/noticias\/la-onu-teme-que-la-situacion-en-gaza-pueda-deteriorarse-en-los-proximos-dias\/","robots":"max-image-preview:large","keywords":"actualidad","webmasterTools":{"google-site-verification":"UA-38556648-1","msvalidate.01":"7dfe9f3f1b24437ab69f4f2559babe99","miscellaneous":""},"schema":{"@context":"https:\/\/schema.org","@graph":[{"@type":"BlogPosting","@id":"https:\/\/www.eldigitaldeasturias.com\/noticias\/la-onu-teme-que-la-situacion-en-gaza-pueda-deteriorarse-en-los-proximos-dias\/#blogposting","name":"La ONU teme que la situaci\u00f3n en Gaza \u00abpueda deteriorarse en los pr\u00f3ximos d\u00edas\u00bb - El Digital de Asturias","headline":"La ONU teme que la situaci\u00f3n en Gaza \u00abpueda deteriorarse en los pr\u00f3ximos d\u00edas\u00bb","author":{"@id":"https:\/\/www.eldigitaldeasturias.com\/noticias\/author\/admin\/#author"},"publisher":{"@id":"https:\/\/www.eldigitaldeasturias.com\/noticias\/#organization"},"image":{"@type":"ImageObject","url":974234},"datePublished":"2018-03-30T22:40:15+02:00","dateModified":"2018-03-31T22:41:40+02:00","inLanguage":"es-ES","mainEntityOfPage":{"@id":"https:\/\/www.eldigitaldeasturias.com\/noticias\/la-onu-teme-que-la-situacion-en-gaza-pueda-deteriorarse-en-los-proximos-dias\/#webpage"},"isPartOf":{"@id":"https:\/\/www.eldigitaldeasturias.com\/noticias\/la-onu-teme-que-la-situacion-en-gaza-pueda-deteriorarse-en-los-proximos-dias\/#webpage"},"articleSection":"Actualidad"},{"@type":"BreadcrumbList","@id":"https:\/\/www.eldigitaldeasturias.com\/noticias\/la-onu-teme-que-la-situacion-en-gaza-pueda-deteriorarse-en-los-proximos-dias\/#breadcrumblist","itemListElement":[{"@type":"ListItem","@id":"https:\/\/www.eldigitaldeasturias.com\/noticias#listItem","position":1,"name":"Home","item":"https:\/\/www.eldigitaldeasturias.com\/noticias","nextItem":{"@type":"ListItem","@id":"https:\/\/www.eldigitaldeasturias.com\/noticias\/category\/actualidad\/#listItem","name":"Actualidad"}},{"@type":"ListItem","@id":"https:\/\/www.eldigitaldeasturias.com\/noticias\/category\/actualidad\/#listItem","position":2,"name":"Actualidad","item":"https:\/\/www.eldigitaldeasturias.com\/noticias\/category\/actualidad\/","nextItem":{"@type":"ListItem","@id":"https:\/\/www.eldigitaldeasturias.com\/noticias\/la-onu-teme-que-la-situacion-en-gaza-pueda-deteriorarse-en-los-proximos-dias\/#listItem","name":"La ONU teme que la situaci\u00f3n en Gaza \u00abpueda deteriorarse en los pr\u00f3ximos d\u00edas\u00bb"},"previousItem":{"@type":"ListItem","@id":"https:\/\/www.eldigitaldeasturias.com\/noticias#listItem","name":"Home"}},{"@type":"ListItem","@id":"https:\/\/www.eldigitaldeasturias.com\/noticias\/la-onu-teme-que-la-situacion-en-gaza-pueda-deteriorarse-en-los-proximos-dias\/#listItem","position":3,"name":"La ONU teme que la situaci\u00f3n en Gaza \u00abpueda deteriorarse en los pr\u00f3ximos d\u00edas\u00bb","previousItem":{"@type":"ListItem","@id":"https:\/\/www.eldigitaldeasturias.com\/noticias\/category\/actualidad\/#listItem","name":"Actualidad"}}]},{"@type":"Organization","@id":"https:\/\/www.eldigitaldeasturias.com\/noticias\/#organization","name":"El Digital de Asturias","description":"Hemeroteca","url":"https:\/\/www.eldigitaldeasturias.com\/noticias\/","email":"info@eldigitaldeasturias.com","telephone":"+34652131393","logo":{"@type":"ImageObject","url":"https:\/\/www.eldigitaldeasturias.com\/noticias\/wp-content\/uploads\/2020\/12\/EDA.jpg","@id":"https:\/\/www.eldigitaldeasturias.com\/noticias\/la-onu-teme-que-la-situacion-en-gaza-pueda-deteriorarse-en-los-proximos-dias\/#organizationLogo"},"image":{"@id":"https:\/\/www.eldigitaldeasturias.com\/noticias\/la-onu-teme-que-la-situacion-en-gaza-pueda-deteriorarse-en-los-proximos-dias\/#organizationLogo"},"sameAs":["https:\/\/facebook.com\/eldigitaldeasturias","https:\/\/www.youtube.com\/channel\/UCZP-2wLEB9Rv6erhFmqVnvg"],"address":{"@id":"https:\/\/www.eldigitaldeasturias.com\/noticias\/#postaladdress","@type":"PostalAddress","streetAddress":"san antonio 4","postalCode":"33430","addressLocality":"Cand\u00e1s","addressRegion":"Asturias","addressCountry":"ES"}},{"@type":"Person","@id":"https:\/\/www.eldigitaldeasturias.com\/noticias\/author\/admin\/#author","url":"https:\/\/www.eldigitaldeasturias.com\/noticias\/author\/admin\/","name":"El Digital de Asturias","image":{"@type":"ImageObject","@id":"https:\/\/www.eldigitaldeasturias.com\/noticias\/la-onu-teme-que-la-situacion-en-gaza-pueda-deteriorarse-en-los-proximos-dias\/#authorImage","url":"https:\/\/secure.gravatar.com\/avatar\/df2aeffc32bcd13f8d26072ef8a91b623d677766deac7f97ca815868cd41bf5e?s=96&d=mm&r=g","width":96,"height":96,"caption":"El Digital de Asturias"}},{"@type":"WebPage","@id":"https:\/\/www.eldigitaldeasturias.com\/noticias\/la-onu-teme-que-la-situacion-en-gaza-pueda-deteriorarse-en-los-proximos-dias\/#webpage","url":"https:\/\/www.eldigitaldeasturias.com\/noticias\/la-onu-teme-que-la-situacion-en-gaza-pueda-deteriorarse-en-los-proximos-dias\/","name":"La ONU teme que la situaci\u00f3n en Gaza \u00abpueda deteriorarse en los pr\u00f3ximos d\u00edas\u00bb - El Digital de Asturias","description":"Nueva York, 30 mar (dpa) - La ONU teme que la situaci\u00f3n en Gaza \"pueda deteriorarse en los pr\u00f3ximos d\u00edas\", se\u00f1al\u00f3 Taye-Brook Zerihoun, jefe de asuntos pol\u00edticos de Naciones Unidas en un informe ante el Consejo de Seguridad. El Consejo sesion\u00f3 hoy de emergencia en Nueva York para debatir los incidentes registrados en la Franja","inLanguage":"es-ES","isPartOf":{"@id":"https:\/\/www.eldigitaldeasturias.com\/noticias\/#website"},"breadcrumb":{"@id":"https:\/\/www.eldigitaldeasturias.com\/noticias\/la-onu-teme-que-la-situacion-en-gaza-pueda-deteriorarse-en-los-proximos-dias\/#breadcrumblist"},"author":{"@id":"https:\/\/www.eldigitaldeasturias.com\/noticias\/author\/admin\/#author"},"creator":{"@id":"https:\/\/www.eldigitaldeasturias.com\/noticias\/author\/admin\/#author"},"image":{"@type":"ImageObject","url":974234,"@id":"https:\/\/www.eldigitaldeasturias.com\/noticias\/la-onu-teme-que-la-situacion-en-gaza-pueda-deteriorarse-en-los-proximos-dias\/#mainImage"},"primaryImageOfPage":{"@id":"https:\/\/www.eldigitaldeasturias.com\/noticias\/la-onu-teme-que-la-situacion-en-gaza-pueda-deteriorarse-en-los-proximos-dias\/#mainImage"},"datePublished":"2018-03-30T22:40:15+02:00","dateModified":"2018-03-31T22:41:40+02:00"},{"@type":"WebSite","@id":"https:\/\/www.eldigitaldeasturias.com\/noticias\/#website","url":"https:\/\/www.eldigitaldeasturias.com\/noticias\/","name":"El Digital de Asturias - Diario de actualidad y noticias","alternateName":"El Digital de Asturias - Diario de actualidad y noticias","description":"Hemeroteca","inLanguage":"es-ES","publisher":{"@id":"https:\/\/www.eldigitaldeasturias.com\/noticias\/#organization"}}]},"og:locale":"es_ES","og:site_name":"El Digital de Asturias","og:type":"article","og:title":"La ONU teme que la situaci\u00f3n en Gaza \u00abpueda deteriorarse en los pr\u00f3ximos d\u00edas\u00bb - El Digital de Asturias","og:description":"Nueva York, 30 mar (dpa) - La ONU teme que la situaci\u00f3n en Gaza &quot;pueda deteriorarse en los pr\u00f3ximos d\u00edas&quot;, se\u00f1al\u00f3 Taye-Brook Zerihoun, jefe de asuntos pol\u00edticos de Naciones Unidas en un informe ante el Consejo de Seguridad. El Consejo sesion\u00f3 hoy de emergencia en Nueva York para debatir los incidentes registrados en la Franja","og:url":"https:\/\/www.eldigitaldeasturias.com\/noticias\/la-onu-teme-que-la-situacion-en-gaza-pueda-deteriorarse-en-los-proximos-dias\/","article:tag":["actualidad"],"article:published_time":"2018-03-30T22:40:15+00:00","article:modified_time":"2018-03-31T22:41:40+00:00","article:publisher":"https:\/\/facebook.com\/eldigitaldeasturias","twitter:card":"summary_large_image","twitter:title":"La ONU teme que la situaci\u00f3n en Gaza \u00abpueda deteriorarse en los pr\u00f3ximos d\u00edas\u00bb - El Digital de Asturias","twitter:description":"Nueva York, 30 mar (dpa) - La ONU teme que la situaci\u00f3n en Gaza &quot;pueda deteriorarse en los pr\u00f3ximos d\u00edas&quot;, se\u00f1al\u00f3 Taye-Brook Zerihoun, jefe de asuntos pol\u00edticos de Naciones Unidas en un informe ante el Consejo de Seguridad. El Consejo sesion\u00f3 hoy de emergencia en Nueva York para debatir los incidentes registrados en la Franja","twitter:image":"https:\/\/www.eldigitaldeasturias.com\/noticias\/wp-content\/uploads\/2020\/12\/EDA-1.jpg","twitter:label1":"Escrito por","twitter:data1":"El Digital de Asturias","twitter:label2":"Tiempo de lectura estimado","twitter:data2":"1 minuto"},"aioseo_meta_data":{"post_id":"974261","title":null,"description":null,"keywords":null,"keyphrases":null,"primary_term":null,"canonical_url":null,"og_title":null,"og_description":null,"og_object_type":"default","og_image_type":"default","og_image_url":null,"og_image_width":null,"og_image_height":null,"og_image_custom_url":null,"og_image_custom_fields":null,"og_video":null,"og_custom_url":null,"og_article_section":null,"og_article_tags":null,"twitter_use_og":false,"twitter_card":"default","twitter_image_type":"default","twitter_image_url":null,"twitter_image_custom_url":null,"twitter_image_custom_fields":null,"twitter_title":null,"twitter_description":null,"schema":{"blockGraphs":[],"customGraphs":[],"default":{"data":{"Article":[],"Course":[],"Dataset":[],"FAQPage":[],"Movie":[],"Person":[],"Product":[],"ProductReview":[],"Car":[],"Recipe":[],"Service":[],"SoftwareApplication":[],"WebPage":[]},"graphName":"","isEnabled":true},"graphs":[],"defaultGraph":"","defaultPostTypeGraph":""},"schema_type":null,"schema_type_options":null,"pillar_content":false,"robots_default":true,"robots_noindex":false,"robots_noarchive":false,"robots_nosnippet":false,"robots_nofollow":false,"robots_noimageindex":false,"robots_noodp":false,"robots_notranslate":false,"robots_max_snippet":null,"robots_max_videopreview":null,"robots_max_imagepreview":"large","priority":null,"frequency":null,"local_seo":null,"seo_analyzer_scan_date":"2025-10-07 19:17:05","breadcrumb_settings":null,"limit_modified_date":false,"open_ai":null,"ai":null,"created":"2020-12-21 12:14:37","updated":"2025-10-07 19:17:05","focus_keyword":null,"additional_keywords":null,"truseo_locale":null},"aioseo_breadcrumb":"<div class=\"aioseo-breadcrumbs\"><span class=\"aioseo-breadcrumb\">\n\t<a href=\"https:\/\/www.eldigitaldeasturias.com\/noticias\" title=\"Home\">Home<\/a>\n<\/span><span class=\"aioseo-breadcrumb-separator\">\u2013<\/span><span class=\"aioseo-breadcrumb\">\n\t<a href=\"https:\/\/www.eldigitaldeasturias.com\/noticias\/category\/actualidad\/\" title=\"Actualidad\">Actualidad<\/a>\n<\/span><span class=\"aioseo-breadcrumb-separator\">\u2013<\/span><span class=\"aioseo-breadcrumb\">\n\t<a href=\"https:\/\/www.eldigitaldeasturias.com\/noticias\/la-onu-teme-que-la-situacion-en-gaza-pueda-deteriorarse-en-los-proximos-dias\/\" title=\"La ONU teme que la situaci\u00f3n en Gaza \u00abpueda deteriorarse en los pr\u00f3ximos d\u00edas\u00bb\">La ONU teme que la situaci\u00f3n en Gaza \u00abpueda deteriorarse en los pr\u00f3ximos d\u00edas\u00bb<\/a>\n<\/span><\/div>","aioseo_breadcrumb_json":[{"label":"Home","link":"https:\/\/www.eldigitaldeasturias.com\/noticias"},{"label":"Actualidad","link":"https:\/\/www.eldigitaldeasturias.com\/noticias\/category\/actualidad\/"},{"label":"La ONU teme que la situaci\u00f3n en Gaza \u00abpueda deteriorarse en los pr\u00f3ximos d\u00edas\u00bb","link":"https:\/\/www.eldigitaldeasturias.com\/noticias\/la-onu-teme-que-la-situacion-en-gaza-pueda-deteriorarse-en-los-proximos-dias\/"}],"_links":{"self":[{"href":"https:\/\/www.eldigitaldeasturias.com\/noticias\/wp-json\/wp\/v2\/posts\/974261","targetHints":{"allow":["GET"]}}],"collection":[{"href":"https:\/\/www.eldigitaldeasturias.com\/noticias\/wp-json\/wp\/v2\/posts"}],"about":[{"href":"https:\/\/www.eldigitaldeasturias.com\/noticias\/wp-json\/wp\/v2\/types\/post"}],"author":[{"embeddable":true,"href":"https:\/\/www.eldigitaldeasturias.com\/noticias\/wp-json\/wp\/v2\/users\/1"}],"replies":[{"embeddable":true,"href":"https:\/\/www.eldigitaldeasturias.com\/noticias\/wp-json\/wp\/v2\/comments?post=974261"}],"version-history":[{"count":0,"href":"https:\/\/www.eldigitaldeasturias.com\/noticias\/wp-json\/wp\/v2\/posts\/974261\/revisions"}],"wp:attachment":[{"href":"https:\/\/www.eldigitaldeasturias.com\/noticias\/wp-json\/wp\/v2\/media?parent=974261"}],"wp:term":[{"taxonomy":"category","embeddable":true,"href":"https:\/\/www.eldigitaldeasturias.com\/noticias\/wp-json\/wp\/v2\/categories?post=974261"},{"taxonomy":"post_tag","embeddable":true,"href":"https:\/\/www.eldigitaldeasturias.com\/noticias\/wp-json\/wp\/v2\/tags?post=974261"}],"curies":[{"name":"wp","href":"https:\/\/api.w.org\/{rel}","templated":true}]}}