{"id":974238,"date":"2018-03-31T20:51:43","date_gmt":"2018-03-31T20:51:43","guid":{"rendered":"http:\/\/www.eldigitaldeasturias.com\/noticias\/?p=974238"},"modified":"2018-03-31T20:51:43","modified_gmt":"2018-03-31T20:51:43","slug":"cataluna-seis-meses-despues-del-referendum-bloqueo-y-lideres-presos","status":"publish","type":"post","link":"https:\/\/www.eldigitaldeasturias.com\/noticias\/cataluna-seis-meses-despues-del-referendum-bloqueo-y-lideres-presos\/","title":{"rendered":"Catalu\u00f1a seis meses despu\u00e9s del refer\u00e9ndum: bloqueo y l\u00edderes presos"},"content":{"rendered":"<p><img loading=\"lazy\" decoding=\"async\" class=\"alignleft size-medium wp-image-973562\" src=\"https:\/\/www.eldigitaldeasturias.com\/noticias\/wp-content\/uploads\/2018\/03\/marcha1-360x240.jpg\" alt=\"\" width=\"360\" height=\"240\" \/>Madrid\/Barcelona, 31 mar (dpa) &#8211; Seis meses despu\u00e9s de los graves altercados que sacudieron Catalu\u00f1a durante el refer\u00e9ndum soberanista ilegal, su principal impulsor se encuentra en prisi\u00f3n provisional en Alemania, varios de sus colaboradores en la c\u00e1rcel y en el \u00abexilio\u00bb y la regi\u00f3n, sumida en el bloqueo pol\u00edtico y la incertidumbre.<\/p>\n<p>El terremoto pol\u00edtico y social que arranc\u00f3 el 1 de octubre, con im\u00e1genes de polic\u00edas incautando urnas y actuando contra votantes, ha marcado desde entonces la actualidad en Catalu\u00f1a y en Espa\u00f1a.<\/p>\n<p>El \u00faltimo cap\u00edtulo fue, hace apenas una semana, la detenci\u00f3n del ex jefe del Gobierno regional Carles Puigdemont en Alemania, donde ahora espera una decisi\u00f3n sobre su posible extradici\u00f3n a Espa\u00f1a. Otros ocho l\u00edderes separatistas se encuentran encarcelados preventivamente en Espa\u00f1a por presuntos delitos vinculados al llamado \u00abproc\u00e8s\u00bb.<\/p>\n<p>El turbulento \u00aboctubre catal\u00e1n\u00bb, en el que la escalada separatista llev\u00f3 al Ejecutivo espa\u00f1ol de Mariano Rajoy a destituir al Gobierno de Puigdemont y a intervenir la autonom\u00eda de Catalu\u00f1a, abri\u00f3 una crisis institucional sin precedentes en Espa\u00f1a.<\/p>\n<p>Medio a\u00f1o despu\u00e9s, la regi\u00f3n se encuentra en un limbo pol\u00edtico y el bloque separatista, roto. El apoyo internacional que los soberanistas esperaban no ha llegado. Y no se descarta que los catalanes tengan que volver a las urnas en julio si no se logra formar Gobierno.<\/p>\n<p>\u00abEl balance es negativo\u00bb, asegura a dpa el polit\u00f3logo Pablo Sim\u00f3n, profesor de la Universidad Carlos III de Madrid. \u00abEl (refer\u00e9ndum del) 1 de octubre ha supuesto la judicializaci\u00f3n del conflicto catal\u00e1n y hoy no se ve en el horizonte una salida\u00bb, a\u00f1adi\u00f3.<\/p>\n<p>\u00abEl sistema pol\u00edtico catal\u00e1n ha saltado por los aires y est\u00e1 en una situaci\u00f3n de reconversi\u00f3n forzada. Esto ha ido en paralelo tambi\u00e9n a un deterioro de la imagen exterior de Espa\u00f1a y a un enquistamiento de la situaci\u00f3n\u00bb, explic\u00f3 el experto.<\/p>\n<p>Las elecciones celebradas el 21 de diciembre en Catalu\u00f1a por orden de Rajoy devolvieron la mayor\u00eda absoluta a los partidos soberanistas: el de Puigdemont, Junts per Catalunya (JxCAT), Esquerra Republicana (ERC) y la Candidatura de Unidad Popular (CUP). Pero, pese al apoyo obtenido en las urnas, estas fuerzas no han logrado hasta ahora formar Gobierno y la regi\u00f3n sigue intervenida por Madrid.<\/p>\n<p>El \u00faltimo intento fallido tuvo lugar el 22 de marzo, cuando la CUP trunc\u00f3 la investidura del independentista Jordi Turull como jefe del Ejecutivo catal\u00e1n en un intento \u00abin extremis\u00bb de nombrar al candidato antes de que fuera enviado a prisi\u00f3n por el juez al d\u00eda siguiente.<\/p>\n<p>Antes, hab\u00eda habido otros dos intentos. Puigdemont, considerado tras su destituci\u00f3n \u00abpresidente leg\u00edtimo\u00bb por parte del independentismo, fue el primer candidato oficial, pero su situaci\u00f3n judicial hizo imposible su investidura por encontrarse fuera de Catalu\u00f1a.<\/p>\n<p>El l\u00edder separatista se traslad\u00f3 a B\u00e9lgica a final de octubre, tras su destituci\u00f3n, y permaneci\u00f3 en este pa\u00eds para evitar ser detenido en Espa\u00f1a, donde estaba siendo investigado por la Justicia por delitos de rebeli\u00f3n, sedici\u00f3n y malversaci\u00f3n en relaci\u00f3n al \u00abproc\u00e8s\u00bb.<\/p>\n<p>En ese pa\u00eds, y en sus contadas salidas a otros de Europa, Puigdemont continu\u00f3 durante varios meses la defensa de su proceso independentista y trat\u00f3 de aunar apoyos internacionales.<\/p>\n<p>El 23 de marzo, el juez del Tribunal Supremo que instruye el caso dict\u00f3 una orden europea de arresto contra el pol\u00edtico y, dos d\u00edas despu\u00e9s, \u00e9ste fue detenido en el norte de Alemania cuando regresaba a B\u00e9lgica desde Finlandia, adonde hab\u00eda viajado para hacer campa\u00f1a.<\/p>\n<p>Actualmente permanece en la prisi\u00f3n de Neum\u00fcnster a la espera de que la Justicia alemana decida sobre su posible extradici\u00f3n a Espa\u00f1a. La decisi\u00f3n podr\u00eda tomarse esta misma semana. \u00abQue todos lo tengan claro: no claudicar\u00e9, no renunciar\u00e9, no me retirar\u00e9\u00bb, expres\u00f3 hoy el l\u00edder independentista en un mensaje a trav\u00e9s de Twitter.<\/p>\n<p>Tras su intento frustrado de investidura, los partidos separatistas propusieron como candidato alternativo al diputado y ex l\u00edder civil Jordi S\u00e0nchez, que tampoco pudo acudir al \u00abParlament\u00bb catal\u00e1n para ser nombrado por encontrarse en prisi\u00f3n provisional.<\/p>\n<p>Ahora, los partidos catalanes tienen de plazo hasta el 22 de mayo para formar Gobierno. Si ese d\u00eda no hay un presidente investido, se convocar\u00e1n autom\u00e1ticamente nuevas elecciones para el 15 de julio.<\/p>\n<p>Para evitar una vuelta a las urnas, los independentistas tendr\u00edan que buscar un candidato de consenso que no tenga problemas para poder ser investido, algo que hasta ahora no han conseguido<\/p>\n<p>Ante el bloqueo, fuerzas como el Partido Socialista de Catalu\u00f1a o el izquierdista En Com\u00fa-Podem han lanzado en los \u00faltimos d\u00edas propuestas como pactar un \u00abGobierno de concentraci\u00f3n\u00bb o formar un Ejecutivo integrado por pol\u00edticos independendientes y con perfil de izquierdas.<\/p>\n<p>\u00abAmbas tienen muy pocos visos de prosperar porque el candidato a la presidencia del Gobierno catal\u00e1n tiene que ser diputado y, por tanto, es dif\u00edcil que sea independiente porque tiene que haber estado dentro de las listas de un partido. Tambi\u00e9n porque los independentistas se presentaron (a las elecciones) con un punto muy claro en su programa, la restituci\u00f3n del &#8216;Govern&#8217; de Puigdemont. Es muy complicado que se abran a la investidura de un candidato con apoyo de En Com\u00fa-Podem\u00bb, analiz\u00f3 Pablo Sim\u00f3n.<\/p>\n<p>El polit\u00f3logo advierte, adem\u00e1s, de que el electorado est\u00e1 actualmente \u00abmuy polarizado\u00bb tras meses de conflicto y tensi\u00f3n y, por tanto, \u00abla preferencia de un Gobierno de estas caracter\u00edsticas es muy escasa\u00bb.<\/p>\n<p>\u00abAhora mismo hay m\u00e1s probabilidad de que los independentistas lleguen a un acuerdo de Gobierno eligiendo un candidato que de un Gobierno de concentraci\u00f3n o con independientes\u00bb, concluy\u00f3.<\/p>\n<p>La intervenci\u00f3n de Rajoy en Catalu\u00f1a se mantendr\u00e1 en todo caso vigente hasta \u00abla toma de posesi\u00f3n del nuevo Gobierno\u00bb catal\u00e1n \u00abresultante de la celebraci\u00f3n de las correspondientes elecciones\u00bb, seg\u00fan la orden del Ejecutivo de Rajoy publicada en octubre. La gran inc\u00f3gnita es cu\u00e1ndo suceder\u00e1.<\/p>\n<p>Por Ana L\u00e1zaro Verde (dpa)<\/p>\n","protected":false},"excerpt":{"rendered":"<p>Madrid\/Barcelona, 31 mar (dpa) &#8211; Seis meses despu\u00e9s de los graves altercados que sacudieron Catalu\u00f1a durante el refer\u00e9ndum soberanista ilegal, su principal impulsor se encuentra en prisi\u00f3n provisional en Alemania, varios de sus colaboradores en la c\u00e1rcel y en el \u00abexilio\u00bb y la regi\u00f3n, sumida en el bloqueo pol\u00edtico y la incertidumbre. El terremoto pol\u00edtico [&hellip;]<\/p>\n","protected":false},"author":1,"featured_media":973562,"comment_status":"closed","ping_status":"closed","sticky":false,"template":"","format":"standard","meta":{"footnotes":""},"categories":[1],"tags":[],"class_list":["post-974238","post","type-post","status-publish","format-standard","has-post-thumbnail","hentry","category-actualidad"],"aioseo_notices":[],"aioseo_head":"\n\t\t<!-- All in One SEO Pro 5.0.1 - aioseo.com -->\n\t<meta name=\"description\" content=\"Madrid\/Barcelona, 31 mar (dpa) - Seis meses despu\u00e9s de los graves altercados que sacudieron Catalu\u00f1a durante el refer\u00e9ndum soberanista ilegal, su principal impulsor se encuentra en prisi\u00f3n provisional en Alemania, varios de sus colaboradores en la c\u00e1rcel y en el &quot;exilio&quot; y la regi\u00f3n, sumida en el bloqueo pol\u00edtico y la incertidumbre. El terremoto pol\u00edtico\" \/>\n\t<meta name=\"robots\" content=\"max-image-preview:large\" \/>\n\t<meta name=\"author\" content=\"El Digital de Asturias\"\/>\n\t<meta name=\"google-site-verification\" content=\"UA-38556648-1\" \/>\n\t<meta name=\"msvalidate.01\" content=\"7dfe9f3f1b24437ab69f4f2559babe99\" \/>\n\t<meta name=\"keywords\" content=\"actualidad\" \/>\n\t<link rel=\"canonical\" href=\"https:\/\/www.eldigitaldeasturias.com\/noticias\/cataluna-seis-meses-despues-del-referendum-bloqueo-y-lideres-presos\/\" \/>\n\t<meta name=\"generator\" content=\"All in One SEO Pro (AIOSEO) 5.0.1\" \/>\n\t\t<meta property=\"og:locale\" content=\"es_ES\" \/>\n\t\t<meta property=\"og:site_name\" content=\"El Digital de Asturias\" \/>\n\t\t<meta property=\"og:type\" content=\"article\" \/>\n\t\t<meta property=\"og:title\" content=\"Catalu\u00f1a seis meses despu\u00e9s del refer\u00e9ndum: bloqueo y l\u00edderes presos - El Digital de Asturias\" \/>\n\t\t<meta property=\"og:description\" content=\"Madrid\/Barcelona, 31 mar (dpa) - Seis meses despu\u00e9s de los graves altercados que sacudieron Catalu\u00f1a durante el refer\u00e9ndum soberanista ilegal, su principal impulsor se encuentra en prisi\u00f3n provisional en Alemania, varios de sus colaboradores en la c\u00e1rcel y en el &quot;exilio&quot; y la regi\u00f3n, sumida en el bloqueo pol\u00edtico y la incertidumbre. El terremoto pol\u00edtico\" \/>\n\t\t<meta property=\"og:url\" content=\"https:\/\/www.eldigitaldeasturias.com\/noticias\/cataluna-seis-meses-despues-del-referendum-bloqueo-y-lideres-presos\/\" \/>\n\t\t<meta property=\"article:tag\" content=\"actualidad\" \/>\n\t\t<meta property=\"article:published_time\" content=\"2018-03-31T20:51:43+00:00\" \/>\n\t\t<meta property=\"article:modified_time\" content=\"2018-03-31T20:51:43+00:00\" \/>\n\t\t<meta property=\"article:publisher\" content=\"https:\/\/facebook.com\/eldigitaldeasturias\" \/>\n\t\t<meta name=\"twitter:card\" content=\"summary_large_image\" \/>\n\t\t<meta name=\"twitter:title\" content=\"Catalu\u00f1a seis meses despu\u00e9s del refer\u00e9ndum: bloqueo y l\u00edderes presos - El Digital de Asturias\" \/>\n\t\t<meta name=\"twitter:description\" content=\"Madrid\/Barcelona, 31 mar (dpa) - Seis meses despu\u00e9s de los graves altercados que sacudieron Catalu\u00f1a durante el refer\u00e9ndum soberanista ilegal, su principal impulsor se encuentra en prisi\u00f3n provisional en Alemania, varios de sus colaboradores en la c\u00e1rcel y en el &quot;exilio&quot; y la regi\u00f3n, sumida en el bloqueo pol\u00edtico y la incertidumbre. El terremoto pol\u00edtico\" \/>\n\t\t<meta name=\"twitter:image\" content=\"https:\/\/www.eldigitaldeasturias.com\/noticias\/wp-content\/uploads\/2020\/12\/EDA-1.jpg\" \/>\n\t\t<meta name=\"twitter:label1\" content=\"Escrito por\" \/>\n\t\t<meta name=\"twitter:data1\" content=\"El Digital de Asturias\" \/>\n\t\t<meta name=\"twitter:label2\" content=\"Tiempo de lectura estimado\" \/>\n\t\t<meta name=\"twitter:data2\" content=\"5 minutos\" \/>\n\t\t<script type=\"application\/ld+json\" class=\"aioseo-schema\">\n\t\t\t{\"@context\":\"https:\\\/\\\/schema.org\",\"@graph\":[{\"@type\":\"BlogPosting\",\"@id\":\"https:\\\/\\\/www.eldigitaldeasturias.com\\\/noticias\\\/cataluna-seis-meses-despues-del-referendum-bloqueo-y-lideres-presos\\\/#blogposting\",\"name\":\"Catalu\\u00f1a seis meses despu\\u00e9s del refer\\u00e9ndum: bloqueo y l\\u00edderes presos - El Digital de Asturias\",\"headline\":\"Catalu\\u00f1a seis meses despu\\u00e9s del refer\\u00e9ndum: bloqueo y l\\u00edderes presos\",\"author\":{\"@id\":\"https:\\\/\\\/www.eldigitaldeasturias.com\\\/noticias\\\/author\\\/admin\\\/#author\"},\"publisher\":{\"@id\":\"https:\\\/\\\/www.eldigitaldeasturias.com\\\/noticias\\\/#organization\"},\"image\":{\"@type\":\"ImageObject\",\"url\":973562},\"datePublished\":\"2018-03-31T20:51:43+02:00\",\"dateModified\":\"2018-03-31T20:51:43+02:00\",\"inLanguage\":\"es-ES\",\"mainEntityOfPage\":{\"@id\":\"https:\\\/\\\/www.eldigitaldeasturias.com\\\/noticias\\\/cataluna-seis-meses-despues-del-referendum-bloqueo-y-lideres-presos\\\/#webpage\"},\"isPartOf\":{\"@id\":\"https:\\\/\\\/www.eldigitaldeasturias.com\\\/noticias\\\/cataluna-seis-meses-despues-del-referendum-bloqueo-y-lideres-presos\\\/#webpage\"},\"articleSection\":\"Actualidad\"},{\"@type\":\"BreadcrumbList\",\"@id\":\"https:\\\/\\\/www.eldigitaldeasturias.com\\\/noticias\\\/cataluna-seis-meses-despues-del-referendum-bloqueo-y-lideres-presos\\\/#breadcrumblist\",\"itemListElement\":[{\"@type\":\"ListItem\",\"@id\":\"https:\\\/\\\/www.eldigitaldeasturias.com\\\/noticias#listItem\",\"position\":1,\"name\":\"Home\",\"item\":\"https:\\\/\\\/www.eldigitaldeasturias.com\\\/noticias\",\"nextItem\":{\"@type\":\"ListItem\",\"@id\":\"https:\\\/\\\/www.eldigitaldeasturias.com\\\/noticias\\\/category\\\/actualidad\\\/#listItem\",\"name\":\"Actualidad\"}},{\"@type\":\"ListItem\",\"@id\":\"https:\\\/\\\/www.eldigitaldeasturias.com\\\/noticias\\\/category\\\/actualidad\\\/#listItem\",\"position\":2,\"name\":\"Actualidad\",\"item\":\"https:\\\/\\\/www.eldigitaldeasturias.com\\\/noticias\\\/category\\\/actualidad\\\/\",\"nextItem\":{\"@type\":\"ListItem\",\"@id\":\"https:\\\/\\\/www.eldigitaldeasturias.com\\\/noticias\\\/cataluna-seis-meses-despues-del-referendum-bloqueo-y-lideres-presos\\\/#listItem\",\"name\":\"Catalu\\u00f1a seis meses despu\\u00e9s del refer\\u00e9ndum: bloqueo y l\\u00edderes presos\"},\"previousItem\":{\"@type\":\"ListItem\",\"@id\":\"https:\\\/\\\/www.eldigitaldeasturias.com\\\/noticias#listItem\",\"name\":\"Home\"}},{\"@type\":\"ListItem\",\"@id\":\"https:\\\/\\\/www.eldigitaldeasturias.com\\\/noticias\\\/cataluna-seis-meses-despues-del-referendum-bloqueo-y-lideres-presos\\\/#listItem\",\"position\":3,\"name\":\"Catalu\\u00f1a seis meses despu\\u00e9s del refer\\u00e9ndum: bloqueo y l\\u00edderes presos\",\"previousItem\":{\"@type\":\"ListItem\",\"@id\":\"https:\\\/\\\/www.eldigitaldeasturias.com\\\/noticias\\\/category\\\/actualidad\\\/#listItem\",\"name\":\"Actualidad\"}}]},{\"@type\":\"Organization\",\"@id\":\"https:\\\/\\\/www.eldigitaldeasturias.com\\\/noticias\\\/#organization\",\"name\":\"El Digital de Asturias\",\"description\":\"Hemeroteca\",\"url\":\"https:\\\/\\\/www.eldigitaldeasturias.com\\\/noticias\\\/\",\"email\":\"info@eldigitaldeasturias.com\",\"telephone\":\"+34652131393\",\"logo\":{\"@type\":\"ImageObject\",\"url\":\"https:\\\/\\\/www.eldigitaldeasturias.com\\\/noticias\\\/wp-content\\\/uploads\\\/2020\\\/12\\\/EDA.jpg\",\"@id\":\"https:\\\/\\\/www.eldigitaldeasturias.com\\\/noticias\\\/cataluna-seis-meses-despues-del-referendum-bloqueo-y-lideres-presos\\\/#organizationLogo\"},\"image\":{\"@id\":\"https:\\\/\\\/www.eldigitaldeasturias.com\\\/noticias\\\/cataluna-seis-meses-despues-del-referendum-bloqueo-y-lideres-presos\\\/#organizationLogo\"},\"sameAs\":[\"https:\\\/\\\/facebook.com\\\/eldigitaldeasturias\",\"https:\\\/\\\/www.youtube.com\\\/channel\\\/UCZP-2wLEB9Rv6erhFmqVnvg\"],\"address\":{\"@id\":\"https:\\\/\\\/www.eldigitaldeasturias.com\\\/noticias\\\/#postaladdress\",\"@type\":\"PostalAddress\",\"streetAddress\":\"san antonio 4\",\"postalCode\":\"33430\",\"addressLocality\":\"Cand\\u00e1s\",\"addressRegion\":\"Asturias\",\"addressCountry\":\"ES\"}},{\"@type\":\"Person\",\"@id\":\"https:\\\/\\\/www.eldigitaldeasturias.com\\\/noticias\\\/author\\\/admin\\\/#author\",\"url\":\"https:\\\/\\\/www.eldigitaldeasturias.com\\\/noticias\\\/author\\\/admin\\\/\",\"name\":\"El Digital de Asturias\",\"image\":{\"@type\":\"ImageObject\",\"@id\":\"https:\\\/\\\/www.eldigitaldeasturias.com\\\/noticias\\\/cataluna-seis-meses-despues-del-referendum-bloqueo-y-lideres-presos\\\/#authorImage\",\"url\":\"https:\\\/\\\/secure.gravatar.com\\\/avatar\\\/df2aeffc32bcd13f8d26072ef8a91b623d677766deac7f97ca815868cd41bf5e?s=96&d=mm&r=g\",\"width\":96,\"height\":96,\"caption\":\"El Digital de Asturias\"}},{\"@type\":\"WebPage\",\"@id\":\"https:\\\/\\\/www.eldigitaldeasturias.com\\\/noticias\\\/cataluna-seis-meses-despues-del-referendum-bloqueo-y-lideres-presos\\\/#webpage\",\"url\":\"https:\\\/\\\/www.eldigitaldeasturias.com\\\/noticias\\\/cataluna-seis-meses-despues-del-referendum-bloqueo-y-lideres-presos\\\/\",\"name\":\"Catalu\\u00f1a seis meses despu\\u00e9s del refer\\u00e9ndum: bloqueo y l\\u00edderes presos - El Digital de Asturias\",\"description\":\"Madrid\\\/Barcelona, 31 mar (dpa) - Seis meses despu\\u00e9s de los graves altercados que sacudieron Catalu\\u00f1a durante el refer\\u00e9ndum soberanista ilegal, su principal impulsor se encuentra en prisi\\u00f3n provisional en Alemania, varios de sus colaboradores en la c\\u00e1rcel y en el \\\"exilio\\\" y la regi\\u00f3n, sumida en el bloqueo pol\\u00edtico y la incertidumbre. El terremoto pol\\u00edtico\",\"inLanguage\":\"es-ES\",\"isPartOf\":{\"@id\":\"https:\\\/\\\/www.eldigitaldeasturias.com\\\/noticias\\\/#website\"},\"breadcrumb\":{\"@id\":\"https:\\\/\\\/www.eldigitaldeasturias.com\\\/noticias\\\/cataluna-seis-meses-despues-del-referendum-bloqueo-y-lideres-presos\\\/#breadcrumblist\"},\"author\":{\"@id\":\"https:\\\/\\\/www.eldigitaldeasturias.com\\\/noticias\\\/author\\\/admin\\\/#author\"},\"creator\":{\"@id\":\"https:\\\/\\\/www.eldigitaldeasturias.com\\\/noticias\\\/author\\\/admin\\\/#author\"},\"image\":{\"@type\":\"ImageObject\",\"url\":973562,\"@id\":\"https:\\\/\\\/www.eldigitaldeasturias.com\\\/noticias\\\/cataluna-seis-meses-despues-del-referendum-bloqueo-y-lideres-presos\\\/#mainImage\"},\"primaryImageOfPage\":{\"@id\":\"https:\\\/\\\/www.eldigitaldeasturias.com\\\/noticias\\\/cataluna-seis-meses-despues-del-referendum-bloqueo-y-lideres-presos\\\/#mainImage\"},\"datePublished\":\"2018-03-31T20:51:43+02:00\",\"dateModified\":\"2018-03-31T20:51:43+02:00\"},{\"@type\":\"WebSite\",\"@id\":\"https:\\\/\\\/www.eldigitaldeasturias.com\\\/noticias\\\/#website\",\"url\":\"https:\\\/\\\/www.eldigitaldeasturias.com\\\/noticias\\\/\",\"name\":\"El Digital de Asturias - Diario de actualidad y noticias\",\"alternateName\":\"El Digital de Asturias - Diario de actualidad y noticias\",\"description\":\"Hemeroteca\",\"inLanguage\":\"es-ES\",\"publisher\":{\"@id\":\"https:\\\/\\\/www.eldigitaldeasturias.com\\\/noticias\\\/#organization\"}}]}\n\t\t<\/script>\n\t\t<!-- All in One SEO Pro -->\r\n\t\t<title>Catalu\u00f1a seis meses despu\u00e9s del refer\u00e9ndum: bloqueo y l\u00edderes presos - El Digital de Asturias<\/title>\n\n","aioseo_head_json":{"title":"Catalu\u00f1a seis meses despu\u00e9s del refer\u00e9ndum: bloqueo y l\u00edderes presos - El Digital de Asturias","description":"Madrid\/Barcelona, 31 mar (dpa) - Seis meses despu\u00e9s de los graves altercados que sacudieron Catalu\u00f1a durante el refer\u00e9ndum soberanista ilegal, su principal impulsor se encuentra en prisi\u00f3n provisional en Alemania, varios de sus colaboradores en la c\u00e1rcel y en el \"exilio\" y la regi\u00f3n, sumida en el bloqueo pol\u00edtico y la incertidumbre. El terremoto pol\u00edtico","canonical_url":"https:\/\/www.eldigitaldeasturias.com\/noticias\/cataluna-seis-meses-despues-del-referendum-bloqueo-y-lideres-presos\/","robots":"max-image-preview:large","keywords":"actualidad","webmasterTools":{"google-site-verification":"UA-38556648-1","msvalidate.01":"7dfe9f3f1b24437ab69f4f2559babe99","miscellaneous":""},"schema":{"@context":"https:\/\/schema.org","@graph":[{"@type":"BlogPosting","@id":"https:\/\/www.eldigitaldeasturias.com\/noticias\/cataluna-seis-meses-despues-del-referendum-bloqueo-y-lideres-presos\/#blogposting","name":"Catalu\u00f1a seis meses despu\u00e9s del refer\u00e9ndum: bloqueo y l\u00edderes presos - El Digital de Asturias","headline":"Catalu\u00f1a seis meses despu\u00e9s del refer\u00e9ndum: bloqueo y l\u00edderes presos","author":{"@id":"https:\/\/www.eldigitaldeasturias.com\/noticias\/author\/admin\/#author"},"publisher":{"@id":"https:\/\/www.eldigitaldeasturias.com\/noticias\/#organization"},"image":{"@type":"ImageObject","url":973562},"datePublished":"2018-03-31T20:51:43+02:00","dateModified":"2018-03-31T20:51:43+02:00","inLanguage":"es-ES","mainEntityOfPage":{"@id":"https:\/\/www.eldigitaldeasturias.com\/noticias\/cataluna-seis-meses-despues-del-referendum-bloqueo-y-lideres-presos\/#webpage"},"isPartOf":{"@id":"https:\/\/www.eldigitaldeasturias.com\/noticias\/cataluna-seis-meses-despues-del-referendum-bloqueo-y-lideres-presos\/#webpage"},"articleSection":"Actualidad"},{"@type":"BreadcrumbList","@id":"https:\/\/www.eldigitaldeasturias.com\/noticias\/cataluna-seis-meses-despues-del-referendum-bloqueo-y-lideres-presos\/#breadcrumblist","itemListElement":[{"@type":"ListItem","@id":"https:\/\/www.eldigitaldeasturias.com\/noticias#listItem","position":1,"name":"Home","item":"https:\/\/www.eldigitaldeasturias.com\/noticias","nextItem":{"@type":"ListItem","@id":"https:\/\/www.eldigitaldeasturias.com\/noticias\/category\/actualidad\/#listItem","name":"Actualidad"}},{"@type":"ListItem","@id":"https:\/\/www.eldigitaldeasturias.com\/noticias\/category\/actualidad\/#listItem","position":2,"name":"Actualidad","item":"https:\/\/www.eldigitaldeasturias.com\/noticias\/category\/actualidad\/","nextItem":{"@type":"ListItem","@id":"https:\/\/www.eldigitaldeasturias.com\/noticias\/cataluna-seis-meses-despues-del-referendum-bloqueo-y-lideres-presos\/#listItem","name":"Catalu\u00f1a seis meses despu\u00e9s del refer\u00e9ndum: bloqueo y l\u00edderes presos"},"previousItem":{"@type":"ListItem","@id":"https:\/\/www.eldigitaldeasturias.com\/noticias#listItem","name":"Home"}},{"@type":"ListItem","@id":"https:\/\/www.eldigitaldeasturias.com\/noticias\/cataluna-seis-meses-despues-del-referendum-bloqueo-y-lideres-presos\/#listItem","position":3,"name":"Catalu\u00f1a seis meses despu\u00e9s del refer\u00e9ndum: bloqueo y l\u00edderes presos","previousItem":{"@type":"ListItem","@id":"https:\/\/www.eldigitaldeasturias.com\/noticias\/category\/actualidad\/#listItem","name":"Actualidad"}}]},{"@type":"Organization","@id":"https:\/\/www.eldigitaldeasturias.com\/noticias\/#organization","name":"El Digital de Asturias","description":"Hemeroteca","url":"https:\/\/www.eldigitaldeasturias.com\/noticias\/","email":"info@eldigitaldeasturias.com","telephone":"+34652131393","logo":{"@type":"ImageObject","url":"https:\/\/www.eldigitaldeasturias.com\/noticias\/wp-content\/uploads\/2020\/12\/EDA.jpg","@id":"https:\/\/www.eldigitaldeasturias.com\/noticias\/cataluna-seis-meses-despues-del-referendum-bloqueo-y-lideres-presos\/#organizationLogo"},"image":{"@id":"https:\/\/www.eldigitaldeasturias.com\/noticias\/cataluna-seis-meses-despues-del-referendum-bloqueo-y-lideres-presos\/#organizationLogo"},"sameAs":["https:\/\/facebook.com\/eldigitaldeasturias","https:\/\/www.youtube.com\/channel\/UCZP-2wLEB9Rv6erhFmqVnvg"],"address":{"@id":"https:\/\/www.eldigitaldeasturias.com\/noticias\/#postaladdress","@type":"PostalAddress","streetAddress":"san antonio 4","postalCode":"33430","addressLocality":"Cand\u00e1s","addressRegion":"Asturias","addressCountry":"ES"}},{"@type":"Person","@id":"https:\/\/www.eldigitaldeasturias.com\/noticias\/author\/admin\/#author","url":"https:\/\/www.eldigitaldeasturias.com\/noticias\/author\/admin\/","name":"El Digital de Asturias","image":{"@type":"ImageObject","@id":"https:\/\/www.eldigitaldeasturias.com\/noticias\/cataluna-seis-meses-despues-del-referendum-bloqueo-y-lideres-presos\/#authorImage","url":"https:\/\/secure.gravatar.com\/avatar\/df2aeffc32bcd13f8d26072ef8a91b623d677766deac7f97ca815868cd41bf5e?s=96&d=mm&r=g","width":96,"height":96,"caption":"El Digital de Asturias"}},{"@type":"WebPage","@id":"https:\/\/www.eldigitaldeasturias.com\/noticias\/cataluna-seis-meses-despues-del-referendum-bloqueo-y-lideres-presos\/#webpage","url":"https:\/\/www.eldigitaldeasturias.com\/noticias\/cataluna-seis-meses-despues-del-referendum-bloqueo-y-lideres-presos\/","name":"Catalu\u00f1a seis meses despu\u00e9s del refer\u00e9ndum: bloqueo y l\u00edderes presos - El Digital de Asturias","description":"Madrid\/Barcelona, 31 mar (dpa) - Seis meses despu\u00e9s de los graves altercados que sacudieron Catalu\u00f1a durante el refer\u00e9ndum soberanista ilegal, su principal impulsor se encuentra en prisi\u00f3n provisional en Alemania, varios de sus colaboradores en la c\u00e1rcel y en el \"exilio\" y la regi\u00f3n, sumida en el bloqueo pol\u00edtico y la incertidumbre. El terremoto pol\u00edtico","inLanguage":"es-ES","isPartOf":{"@id":"https:\/\/www.eldigitaldeasturias.com\/noticias\/#website"},"breadcrumb":{"@id":"https:\/\/www.eldigitaldeasturias.com\/noticias\/cataluna-seis-meses-despues-del-referendum-bloqueo-y-lideres-presos\/#breadcrumblist"},"author":{"@id":"https:\/\/www.eldigitaldeasturias.com\/noticias\/author\/admin\/#author"},"creator":{"@id":"https:\/\/www.eldigitaldeasturias.com\/noticias\/author\/admin\/#author"},"image":{"@type":"ImageObject","url":973562,"@id":"https:\/\/www.eldigitaldeasturias.com\/noticias\/cataluna-seis-meses-despues-del-referendum-bloqueo-y-lideres-presos\/#mainImage"},"primaryImageOfPage":{"@id":"https:\/\/www.eldigitaldeasturias.com\/noticias\/cataluna-seis-meses-despues-del-referendum-bloqueo-y-lideres-presos\/#mainImage"},"datePublished":"2018-03-31T20:51:43+02:00","dateModified":"2018-03-31T20:51:43+02:00"},{"@type":"WebSite","@id":"https:\/\/www.eldigitaldeasturias.com\/noticias\/#website","url":"https:\/\/www.eldigitaldeasturias.com\/noticias\/","name":"El Digital de Asturias - Diario de actualidad y noticias","alternateName":"El Digital de Asturias - Diario de actualidad y noticias","description":"Hemeroteca","inLanguage":"es-ES","publisher":{"@id":"https:\/\/www.eldigitaldeasturias.com\/noticias\/#organization"}}]},"og:locale":"es_ES","og:site_name":"El Digital de Asturias","og:type":"article","og:title":"Catalu\u00f1a seis meses despu\u00e9s del refer\u00e9ndum: bloqueo y l\u00edderes presos - El Digital de Asturias","og:description":"Madrid\/Barcelona, 31 mar (dpa) - Seis meses despu\u00e9s de los graves altercados que sacudieron Catalu\u00f1a durante el refer\u00e9ndum soberanista ilegal, su principal impulsor se encuentra en prisi\u00f3n provisional en Alemania, varios de sus colaboradores en la c\u00e1rcel y en el &quot;exilio&quot; y la regi\u00f3n, sumida en el bloqueo pol\u00edtico y la incertidumbre. El terremoto pol\u00edtico","og:url":"https:\/\/www.eldigitaldeasturias.com\/noticias\/cataluna-seis-meses-despues-del-referendum-bloqueo-y-lideres-presos\/","article:tag":["actualidad"],"article:published_time":"2018-03-31T20:51:43+00:00","article:modified_time":"2018-03-31T20:51:43+00:00","article:publisher":"https:\/\/facebook.com\/eldigitaldeasturias","twitter:card":"summary_large_image","twitter:title":"Catalu\u00f1a seis meses despu\u00e9s del refer\u00e9ndum: bloqueo y l\u00edderes presos - El Digital de Asturias","twitter:description":"Madrid\/Barcelona, 31 mar (dpa) - Seis meses despu\u00e9s de los graves altercados que sacudieron Catalu\u00f1a durante el refer\u00e9ndum soberanista ilegal, su principal impulsor se encuentra en prisi\u00f3n provisional en Alemania, varios de sus colaboradores en la c\u00e1rcel y en el &quot;exilio&quot; y la regi\u00f3n, sumida en el bloqueo pol\u00edtico y la incertidumbre. El terremoto pol\u00edtico","twitter:image":"https:\/\/www.eldigitaldeasturias.com\/noticias\/wp-content\/uploads\/2020\/12\/EDA-1.jpg","twitter:label1":"Escrito por","twitter:data1":"El Digital de Asturias","twitter:label2":"Tiempo de lectura estimado","twitter:data2":"5 minutos"},"aioseo_meta_data":{"post_id":"974238","title":null,"description":null,"keywords":null,"keyphrases":null,"primary_term":null,"canonical_url":null,"og_title":null,"og_description":null,"og_object_type":"default","og_image_type":"default","og_image_url":null,"og_image_width":null,"og_image_height":null,"og_image_custom_url":null,"og_image_custom_fields":null,"og_video":null,"og_custom_url":null,"og_article_section":null,"og_article_tags":null,"twitter_use_og":false,"twitter_card":"default","twitter_image_type":"default","twitter_image_url":null,"twitter_image_custom_url":null,"twitter_image_custom_fields":null,"twitter_title":null,"twitter_description":null,"schema":{"blockGraphs":[],"customGraphs":[],"default":{"data":{"Article":[],"Course":[],"Dataset":[],"FAQPage":[],"Movie":[],"Person":[],"Product":[],"ProductReview":[],"Car":[],"Recipe":[],"Service":[],"SoftwareApplication":[],"WebPage":[]},"graphName":"","isEnabled":true},"graphs":[],"defaultGraph":"","defaultPostTypeGraph":""},"schema_type":null,"schema_type_options":null,"pillar_content":false,"robots_default":true,"robots_noindex":false,"robots_noarchive":false,"robots_nosnippet":false,"robots_nofollow":false,"robots_noimageindex":false,"robots_noodp":false,"robots_notranslate":false,"robots_max_snippet":null,"robots_max_videopreview":null,"robots_max_imagepreview":"large","priority":null,"frequency":null,"local_seo":null,"seo_analyzer_scan_date":"2025-10-07 19:33:21","breadcrumb_settings":null,"limit_modified_date":false,"open_ai":null,"ai":null,"created":"2020-12-21 12:14:37","updated":"2025-10-07 19:33:21","focus_keyword":null,"additional_keywords":null,"truseo_locale":null},"aioseo_breadcrumb":"<div class=\"aioseo-breadcrumbs\"><span class=\"aioseo-breadcrumb\">\n\t<a href=\"https:\/\/www.eldigitaldeasturias.com\/noticias\" title=\"Home\">Home<\/a>\n<\/span><span class=\"aioseo-breadcrumb-separator\">\u2013<\/span><span class=\"aioseo-breadcrumb\">\n\t<a href=\"https:\/\/www.eldigitaldeasturias.com\/noticias\/category\/actualidad\/\" title=\"Actualidad\">Actualidad<\/a>\n<\/span><span class=\"aioseo-breadcrumb-separator\">\u2013<\/span><span class=\"aioseo-breadcrumb\">\n\t<a href=\"https:\/\/www.eldigitaldeasturias.com\/noticias\/cataluna-seis-meses-despues-del-referendum-bloqueo-y-lideres-presos\/\" title=\"Catalu\u00f1a seis meses despu\u00e9s del refer\u00e9ndum: bloqueo y l\u00edderes presos\">Catalu\u00f1a seis meses despu\u00e9s del refer\u00e9ndum: bloqueo y l\u00edderes presos<\/a>\n<\/span><\/div>","aioseo_breadcrumb_json":[{"label":"Home","link":"https:\/\/www.eldigitaldeasturias.com\/noticias"},{"label":"Actualidad","link":"https:\/\/www.eldigitaldeasturias.com\/noticias\/category\/actualidad\/"},{"label":"Catalu\u00f1a seis meses despu\u00e9s del refer\u00e9ndum: bloqueo y l\u00edderes presos","link":"https:\/\/www.eldigitaldeasturias.com\/noticias\/cataluna-seis-meses-despues-del-referendum-bloqueo-y-lideres-presos\/"}],"_links":{"self":[{"href":"https:\/\/www.eldigitaldeasturias.com\/noticias\/wp-json\/wp\/v2\/posts\/974238","targetHints":{"allow":["GET"]}}],"collection":[{"href":"https:\/\/www.eldigitaldeasturias.com\/noticias\/wp-json\/wp\/v2\/posts"}],"about":[{"href":"https:\/\/www.eldigitaldeasturias.com\/noticias\/wp-json\/wp\/v2\/types\/post"}],"author":[{"embeddable":true,"href":"https:\/\/www.eldigitaldeasturias.com\/noticias\/wp-json\/wp\/v2\/users\/1"}],"replies":[{"embeddable":true,"href":"https:\/\/www.eldigitaldeasturias.com\/noticias\/wp-json\/wp\/v2\/comments?post=974238"}],"version-history":[{"count":0,"href":"https:\/\/www.eldigitaldeasturias.com\/noticias\/wp-json\/wp\/v2\/posts\/974238\/revisions"}],"wp:attachment":[{"href":"https:\/\/www.eldigitaldeasturias.com\/noticias\/wp-json\/wp\/v2\/media?parent=974238"}],"wp:term":[{"taxonomy":"category","embeddable":true,"href":"https:\/\/www.eldigitaldeasturias.com\/noticias\/wp-json\/wp\/v2\/categories?post=974238"},{"taxonomy":"post_tag","embeddable":true,"href":"https:\/\/www.eldigitaldeasturias.com\/noticias\/wp-json\/wp\/v2\/tags?post=974238"}],"curies":[{"name":"wp","href":"https:\/\/api.w.org\/{rel}","templated":true}]}}