{"id":974233,"date":"2018-03-31T20:43:14","date_gmt":"2018-03-31T20:43:14","guid":{"rendered":"http:\/\/www.eldigitaldeasturias.com\/noticias\/?p=974233"},"modified":"2018-03-31T20:43:14","modified_gmt":"2018-03-31T20:43:14","slug":"luto-dolor-y-enfrentamientos-en-gaza","status":"publish","type":"post","link":"https:\/\/www.eldigitaldeasturias.com\/noticias\/luto-dolor-y-enfrentamientos-en-gaza\/","title":{"rendered":"Luto, dolor y enfrentamientos en Gaza"},"content":{"rendered":"<p><img loading=\"lazy\" decoding=\"async\" class=\"alignleft size-medium wp-image-974234\" src=\"https:\/\/www.eldigitaldeasturias.com\/noticias\/wp-content\/uploads\/2018\/03\/gaza-678979_1280-360x240.jpg\" alt=\"\" width=\"360\" height=\"240\" \/>Ramal\u00e1\/Tel Aviv, 31 mar (dpa) &#8211; Los territorios palestinos viven hoy una jornada de luto y nuevos enfrentamientos, tras la muerte el viernes de 15 palestinos en una marcha de protesta en la frontera de la Franja de Gaza con Israel.<\/p>\n<p>Mientras, el Ej\u00e9rcito israel\u00ed acus\u00f3 a la organizaci\u00f3n radical palestina Hamas de provocaci\u00f3n y la comunidad internacional teme una escalada de la violencia.<\/p>\n<p>Las tiendas y escuelas privadas de los territorios palestinos y Jerusal\u00e9n Este amanecieron hoy cerradas, en una huelga convocada tras lo currido el viernes. El presidente palestino, Mahumd Abbas, declar\u00f3 un d\u00eda de luto y en la Franja de Gaza se est\u00e1n celebrando funerales por los fallecidos, entre ellos cinco miembros del brazo militar de Hamas.<\/p>\n<p>Al menos 25 palestinos resultaron heridos hoy por disparos en nuevos enfrentamientos con soldados israel\u00edes en la frontera de la Franja de Gaza con Israel, inform\u00f3 el Ministerio de Salud palestino de Gaza.<\/p>\n<p>Seg\u00fan fuentes palestinas, los soldados israel\u00edes mataron el viernes al menos a 15 palestinos en la denominada \u00abGran Marcha del Retorno\u00bb y m\u00e1s de 1.400 personas resultaron heridas, sobre todo por el uso de gas lacrim\u00f3geno.<\/p>\n<p>Con esta marcha, a la que seg\u00fan los palestinos asistieron m\u00e1s de 20.000 personas, Hamas quiere subrayar el derecho a regresar de los refugiados palestinos y sus descendientes, que huyeron o fueron expulsados del territorio que hoy es Israel. Las autoridades israel\u00edes se niegan a su regreso.<\/p>\n<p>La marcha da inicio a seis semanas de protestas en la frontera, hasta el 15 de mayo, d\u00eda del 70 aniversario de la creaci\u00f3n del Estado de Israel. Los palestinos recuerdan el 15 de mayo como el d\u00eda de la Nakba (cat\u00e1strofe), porque en la primera guerra de Oriente Pr\u00f3ximo en 1948 debieron abandonar sus hogares unas 700.000 personas.<\/p>\n<p>\u00abLo que vimos ayer fue un acto organizado de terrorismo\u00bb, dijo el portavoz del Ej\u00e9rcito israel\u00ed Ronen Manelis ante la prensa. Seg\u00fan el portavoz, todos los palestinos fallecidos eran hombres de entre 18 y 30 a\u00f1os. \u00abA la mayor parte de ellos los consideramos activistas terroristas\u00bb, a\u00f1adi\u00f3.<\/p>\n<p>Un video grabado por un c\u00e1mara palestino y publicado por mediso israel\u00edes muestra a un joven palestino de 18 a\u00f1os disparado por la espalda mientras hu\u00eda de la zona fronteriza. Por el momento, el Ej\u00e9rcito israel\u00ed no coment\u00f3 las im\u00e1genes, inform\u00f3 el portal israel\u00ed \u00abYnet\u00bb.<\/p>\n<p>Muchos palestinos emplearon \u00abviolencia pura\u00bb, lanzaron piedras y bombas incendiarias contra los soldados, quemaron neum\u00e1ticos e intentaron da\u00f1ar la valla fronteriza e incluso hubo intentos de lanzar cohetes contra Israel, se\u00f1al\u00f3 el portavoz israel\u00ed Manelis. S\u00f3lo fueron abatidos criminales, ning\u00fan manifestante pac\u00edfico, dijo.<\/p>\n<p>Seg\u00fan el portavoz, hay informaciones de los servicios secretos que apuntan a que organizaciones palestinas quer\u00edan aprovechar las protestas para atentar contra objetivos israel\u00edes. \u00abNo permitiremos una entrada masiva en nuestro territorio\u00bb, dijo. Si las protestas prosiguen durante los pr\u00f3ximos d\u00edas y semanas, \u00abno tendremos otra opci\u00f3n que reaccionar tambi\u00e9n dentro de la Franja de Gaza\u00bb, advirti\u00f3.<\/p>\n<p>El secretario general de Naciones Unidas, Ant\u00f3nio Guterres, se mostr\u00f3 \u00abprofundamente preocupado\u00bb por los enfrentamientos y pidi\u00f3 una investigaci\u00f3n independiente sobre las muertes. El Consejo de Seguridad de la ONU sesion\u00f3 a puerta cerrada en Nueva York durante la noche sobre la escalada de violencia.<\/p>\n<p>Egipto conden\u00f3 el \u00abuso excesivo de violencia\u00bb contra una la \u00abmarcha pac\u00edfica\u00bb de los palestinos e insisti\u00f3 en el derecho de los palestinos a tener un Estado propio con Jerusal\u00e9n como capital. Tambi\u00e9n Ir\u00e1n, que apoya a Hamas y considera enemigo a Israel, critic\u00f3 la escalada de violencia. \u00abTiranos sionistas asesinaron a manifestantes palestinos parc\u00edficos a los que les robaron su tierra\u00bb, tuite\u00f3 el ministro de Exteriores, Mohamed Yawad Zarif.<\/p>\n<p>El Gobierno alem\u00e1n se mostr\u00f3 \u00abprofundamente preocupado\u00bb y llam\u00f3 a todos los implicados a evitar una escalada que ponga en peligro a la poblaci\u00f3n.<\/p>\n<p>La Franja de Gaza se enfrenta a una crisis humanitaria cada vez mayor, exacerbada por el bloqueo impuesto por Israel y Egipto desde que Hamas lleg\u00f3 al poder hace m\u00e1s de una d\u00e9cada.<\/p>\n<p>\u00abLo que pas\u00f3 ayer es una muestra de la rabia de los palestinos, sobre todo de la gente de Gaza, ante un mundo que ignora su situaci\u00f3n a nivel nacional y humanitario\u00bb, se\u00f1al\u00f3 el polit\u00f3logo Mechemar Abu Sada, de la Universidad Al Azhar de Gaza. Lo ocurrido el viernes puede repetir el d\u00eda de la Nakba, \u00aby entonces puede volverse m\u00e1s violento\u00bb, advirti\u00f3.<\/p>\n<p>\u00abEl riesgo es que esto sea s\u00f3lo el comienzo de una oleada de enfrentamientos\u00bb, alert\u00f3 tambi\u00e9n el experto alem\u00e1n en Cercano Oriente Marc Frings. \u00abHasta mediados de mayo habr\u00e1 una fase de inseguridad total\u00bb, se\u00f1al\u00f3 a dpa Frings, director de la Fundaci\u00f3n Konrad Adenauer en Ramal\u00e1, vinculada al partido cristianodem\u00f3crata alem\u00e1n (CDU).<\/p>\n<p>Sin embargo, para este experto no hay riesgo de que se produzca una nueva intifada, un levantamiento armado palestino. \u00abEn la sociedad impera m\u00e1s el letargo\u00bb, se\u00f1al\u00f3. \u00abEl rechazo a sus propios l\u00edderes hace dif\u00edcil que tengan un objetivo com\u00fan\u00bb, opin\u00f3. Muchos palestinos consideran que las autoridades son corruptas.<\/p>\n<p>&nbsp;<\/p>\n","protected":false},"excerpt":{"rendered":"<p>Ramal\u00e1\/Tel Aviv, 31 mar (dpa) &#8211; Los territorios palestinos viven hoy una jornada de luto y nuevos enfrentamientos, tras la muerte el viernes de 15 palestinos en una marcha de protesta en la frontera de la Franja de Gaza con Israel. Mientras, el Ej\u00e9rcito israel\u00ed acus\u00f3 a la organizaci\u00f3n radical palestina Hamas de provocaci\u00f3n y [&hellip;]<\/p>\n","protected":false},"author":1,"featured_media":974234,"comment_status":"closed","ping_status":"closed","sticky":false,"template":"","format":"standard","meta":{"footnotes":""},"categories":[1],"tags":[],"class_list":["post-974233","post","type-post","status-publish","format-standard","has-post-thumbnail","hentry","category-actualidad"],"aioseo_notices":[],"aioseo_head":"\n\t\t<!-- All in One SEO Pro 5.0.1 - aioseo.com -->\n\t<meta name=\"description\" content=\"Ramal\u00e1\/Tel Aviv, 31 mar (dpa) - Los territorios palestinos viven hoy una jornada de luto y nuevos enfrentamientos, tras la muerte el viernes de 15 palestinos en una marcha de protesta en la frontera de la Franja de Gaza con Israel. Mientras, el Ej\u00e9rcito israel\u00ed acus\u00f3 a la organizaci\u00f3n radical palestina Hamas de provocaci\u00f3n y\" \/>\n\t<meta name=\"robots\" content=\"max-image-preview:large\" \/>\n\t<meta name=\"author\" content=\"El Digital de Asturias\"\/>\n\t<meta name=\"google-site-verification\" content=\"UA-38556648-1\" \/>\n\t<meta name=\"msvalidate.01\" content=\"7dfe9f3f1b24437ab69f4f2559babe99\" \/>\n\t<meta name=\"keywords\" content=\"actualidad\" \/>\n\t<link rel=\"canonical\" href=\"https:\/\/www.eldigitaldeasturias.com\/noticias\/luto-dolor-y-enfrentamientos-en-gaza\/\" \/>\n\t<meta name=\"generator\" content=\"All in One SEO Pro (AIOSEO) 5.0.1\" \/>\n\t\t<meta property=\"og:locale\" content=\"es_ES\" \/>\n\t\t<meta property=\"og:site_name\" content=\"El Digital de Asturias\" \/>\n\t\t<meta property=\"og:type\" content=\"article\" \/>\n\t\t<meta property=\"og:title\" content=\"Luto, dolor y enfrentamientos en Gaza - El Digital de Asturias\" \/>\n\t\t<meta property=\"og:description\" content=\"Ramal\u00e1\/Tel Aviv, 31 mar (dpa) - Los territorios palestinos viven hoy una jornada de luto y nuevos enfrentamientos, tras la muerte el viernes de 15 palestinos en una marcha de protesta en la frontera de la Franja de Gaza con Israel. Mientras, el Ej\u00e9rcito israel\u00ed acus\u00f3 a la organizaci\u00f3n radical palestina Hamas de provocaci\u00f3n y\" \/>\n\t\t<meta property=\"og:url\" content=\"https:\/\/www.eldigitaldeasturias.com\/noticias\/luto-dolor-y-enfrentamientos-en-gaza\/\" \/>\n\t\t<meta property=\"article:tag\" content=\"actualidad\" \/>\n\t\t<meta property=\"article:published_time\" content=\"2018-03-31T20:43:14+00:00\" \/>\n\t\t<meta property=\"article:modified_time\" content=\"2018-03-31T20:43:14+00:00\" \/>\n\t\t<meta property=\"article:publisher\" content=\"https:\/\/facebook.com\/eldigitaldeasturias\" \/>\n\t\t<meta name=\"twitter:card\" content=\"summary_large_image\" \/>\n\t\t<meta name=\"twitter:title\" content=\"Luto, dolor y enfrentamientos en Gaza - El Digital de Asturias\" \/>\n\t\t<meta name=\"twitter:description\" content=\"Ramal\u00e1\/Tel Aviv, 31 mar (dpa) - Los territorios palestinos viven hoy una jornada de luto y nuevos enfrentamientos, tras la muerte el viernes de 15 palestinos en una marcha de protesta en la frontera de la Franja de Gaza con Israel. Mientras, el Ej\u00e9rcito israel\u00ed acus\u00f3 a la organizaci\u00f3n radical palestina Hamas de provocaci\u00f3n y\" \/>\n\t\t<meta name=\"twitter:image\" content=\"https:\/\/www.eldigitaldeasturias.com\/noticias\/wp-content\/uploads\/2020\/12\/EDA-1.jpg\" \/>\n\t\t<meta name=\"twitter:label1\" content=\"Escrito por\" \/>\n\t\t<meta name=\"twitter:data1\" content=\"El Digital de Asturias\" \/>\n\t\t<meta name=\"twitter:label2\" content=\"Tiempo de lectura estimado\" \/>\n\t\t<meta name=\"twitter:data2\" content=\"4 minutos\" \/>\n\t\t<script type=\"application\/ld+json\" class=\"aioseo-schema\">\n\t\t\t{\"@context\":\"https:\\\/\\\/schema.org\",\"@graph\":[{\"@type\":\"BlogPosting\",\"@id\":\"https:\\\/\\\/www.eldigitaldeasturias.com\\\/noticias\\\/luto-dolor-y-enfrentamientos-en-gaza\\\/#blogposting\",\"name\":\"Luto, dolor y enfrentamientos en Gaza - El Digital de Asturias\",\"headline\":\"Luto, dolor y enfrentamientos en Gaza\",\"author\":{\"@id\":\"https:\\\/\\\/www.eldigitaldeasturias.com\\\/noticias\\\/author\\\/admin\\\/#author\"},\"publisher\":{\"@id\":\"https:\\\/\\\/www.eldigitaldeasturias.com\\\/noticias\\\/#organization\"},\"image\":{\"@type\":\"ImageObject\",\"url\":974234},\"datePublished\":\"2018-03-31T20:43:14+02:00\",\"dateModified\":\"2018-03-31T20:43:14+02:00\",\"inLanguage\":\"es-ES\",\"mainEntityOfPage\":{\"@id\":\"https:\\\/\\\/www.eldigitaldeasturias.com\\\/noticias\\\/luto-dolor-y-enfrentamientos-en-gaza\\\/#webpage\"},\"isPartOf\":{\"@id\":\"https:\\\/\\\/www.eldigitaldeasturias.com\\\/noticias\\\/luto-dolor-y-enfrentamientos-en-gaza\\\/#webpage\"},\"articleSection\":\"Actualidad\"},{\"@type\":\"BreadcrumbList\",\"@id\":\"https:\\\/\\\/www.eldigitaldeasturias.com\\\/noticias\\\/luto-dolor-y-enfrentamientos-en-gaza\\\/#breadcrumblist\",\"itemListElement\":[{\"@type\":\"ListItem\",\"@id\":\"https:\\\/\\\/www.eldigitaldeasturias.com\\\/noticias#listItem\",\"position\":1,\"name\":\"Home\",\"item\":\"https:\\\/\\\/www.eldigitaldeasturias.com\\\/noticias\",\"nextItem\":{\"@type\":\"ListItem\",\"@id\":\"https:\\\/\\\/www.eldigitaldeasturias.com\\\/noticias\\\/category\\\/actualidad\\\/#listItem\",\"name\":\"Actualidad\"}},{\"@type\":\"ListItem\",\"@id\":\"https:\\\/\\\/www.eldigitaldeasturias.com\\\/noticias\\\/category\\\/actualidad\\\/#listItem\",\"position\":2,\"name\":\"Actualidad\",\"item\":\"https:\\\/\\\/www.eldigitaldeasturias.com\\\/noticias\\\/category\\\/actualidad\\\/\",\"nextItem\":{\"@type\":\"ListItem\",\"@id\":\"https:\\\/\\\/www.eldigitaldeasturias.com\\\/noticias\\\/luto-dolor-y-enfrentamientos-en-gaza\\\/#listItem\",\"name\":\"Luto, dolor y enfrentamientos en Gaza\"},\"previousItem\":{\"@type\":\"ListItem\",\"@id\":\"https:\\\/\\\/www.eldigitaldeasturias.com\\\/noticias#listItem\",\"name\":\"Home\"}},{\"@type\":\"ListItem\",\"@id\":\"https:\\\/\\\/www.eldigitaldeasturias.com\\\/noticias\\\/luto-dolor-y-enfrentamientos-en-gaza\\\/#listItem\",\"position\":3,\"name\":\"Luto, dolor y enfrentamientos en Gaza\",\"previousItem\":{\"@type\":\"ListItem\",\"@id\":\"https:\\\/\\\/www.eldigitaldeasturias.com\\\/noticias\\\/category\\\/actualidad\\\/#listItem\",\"name\":\"Actualidad\"}}]},{\"@type\":\"Organization\",\"@id\":\"https:\\\/\\\/www.eldigitaldeasturias.com\\\/noticias\\\/#organization\",\"name\":\"El Digital de Asturias\",\"description\":\"Hemeroteca\",\"url\":\"https:\\\/\\\/www.eldigitaldeasturias.com\\\/noticias\\\/\",\"email\":\"info@eldigitaldeasturias.com\",\"telephone\":\"+34652131393\",\"logo\":{\"@type\":\"ImageObject\",\"url\":\"https:\\\/\\\/www.eldigitaldeasturias.com\\\/noticias\\\/wp-content\\\/uploads\\\/2020\\\/12\\\/EDA.jpg\",\"@id\":\"https:\\\/\\\/www.eldigitaldeasturias.com\\\/noticias\\\/luto-dolor-y-enfrentamientos-en-gaza\\\/#organizationLogo\"},\"image\":{\"@id\":\"https:\\\/\\\/www.eldigitaldeasturias.com\\\/noticias\\\/luto-dolor-y-enfrentamientos-en-gaza\\\/#organizationLogo\"},\"sameAs\":[\"https:\\\/\\\/facebook.com\\\/eldigitaldeasturias\",\"https:\\\/\\\/www.youtube.com\\\/channel\\\/UCZP-2wLEB9Rv6erhFmqVnvg\"],\"address\":{\"@id\":\"https:\\\/\\\/www.eldigitaldeasturias.com\\\/noticias\\\/#postaladdress\",\"@type\":\"PostalAddress\",\"streetAddress\":\"san antonio 4\",\"postalCode\":\"33430\",\"addressLocality\":\"Cand\\u00e1s\",\"addressRegion\":\"Asturias\",\"addressCountry\":\"ES\"}},{\"@type\":\"Person\",\"@id\":\"https:\\\/\\\/www.eldigitaldeasturias.com\\\/noticias\\\/author\\\/admin\\\/#author\",\"url\":\"https:\\\/\\\/www.eldigitaldeasturias.com\\\/noticias\\\/author\\\/admin\\\/\",\"name\":\"El Digital de Asturias\",\"image\":{\"@type\":\"ImageObject\",\"@id\":\"https:\\\/\\\/www.eldigitaldeasturias.com\\\/noticias\\\/luto-dolor-y-enfrentamientos-en-gaza\\\/#authorImage\",\"url\":\"https:\\\/\\\/secure.gravatar.com\\\/avatar\\\/df2aeffc32bcd13f8d26072ef8a91b623d677766deac7f97ca815868cd41bf5e?s=96&d=mm&r=g\",\"width\":96,\"height\":96,\"caption\":\"El Digital de Asturias\"}},{\"@type\":\"WebPage\",\"@id\":\"https:\\\/\\\/www.eldigitaldeasturias.com\\\/noticias\\\/luto-dolor-y-enfrentamientos-en-gaza\\\/#webpage\",\"url\":\"https:\\\/\\\/www.eldigitaldeasturias.com\\\/noticias\\\/luto-dolor-y-enfrentamientos-en-gaza\\\/\",\"name\":\"Luto, dolor y enfrentamientos en Gaza - El Digital de Asturias\",\"description\":\"Ramal\\u00e1\\\/Tel Aviv, 31 mar (dpa) - Los territorios palestinos viven hoy una jornada de luto y nuevos enfrentamientos, tras la muerte el viernes de 15 palestinos en una marcha de protesta en la frontera de la Franja de Gaza con Israel. Mientras, el Ej\\u00e9rcito israel\\u00ed acus\\u00f3 a la organizaci\\u00f3n radical palestina Hamas de provocaci\\u00f3n y\",\"inLanguage\":\"es-ES\",\"isPartOf\":{\"@id\":\"https:\\\/\\\/www.eldigitaldeasturias.com\\\/noticias\\\/#website\"},\"breadcrumb\":{\"@id\":\"https:\\\/\\\/www.eldigitaldeasturias.com\\\/noticias\\\/luto-dolor-y-enfrentamientos-en-gaza\\\/#breadcrumblist\"},\"author\":{\"@id\":\"https:\\\/\\\/www.eldigitaldeasturias.com\\\/noticias\\\/author\\\/admin\\\/#author\"},\"creator\":{\"@id\":\"https:\\\/\\\/www.eldigitaldeasturias.com\\\/noticias\\\/author\\\/admin\\\/#author\"},\"image\":{\"@type\":\"ImageObject\",\"url\":974234,\"@id\":\"https:\\\/\\\/www.eldigitaldeasturias.com\\\/noticias\\\/luto-dolor-y-enfrentamientos-en-gaza\\\/#mainImage\"},\"primaryImageOfPage\":{\"@id\":\"https:\\\/\\\/www.eldigitaldeasturias.com\\\/noticias\\\/luto-dolor-y-enfrentamientos-en-gaza\\\/#mainImage\"},\"datePublished\":\"2018-03-31T20:43:14+02:00\",\"dateModified\":\"2018-03-31T20:43:14+02:00\"},{\"@type\":\"WebSite\",\"@id\":\"https:\\\/\\\/www.eldigitaldeasturias.com\\\/noticias\\\/#website\",\"url\":\"https:\\\/\\\/www.eldigitaldeasturias.com\\\/noticias\\\/\",\"name\":\"El Digital de Asturias - Diario de actualidad y noticias\",\"alternateName\":\"El Digital de Asturias - Diario de actualidad y noticias\",\"description\":\"Hemeroteca\",\"inLanguage\":\"es-ES\",\"publisher\":{\"@id\":\"https:\\\/\\\/www.eldigitaldeasturias.com\\\/noticias\\\/#organization\"}}]}\n\t\t<\/script>\n\t\t<!-- All in One SEO Pro -->\r\n\t\t<title>Luto, dolor y enfrentamientos en Gaza - El Digital de Asturias<\/title>\n\n","aioseo_head_json":{"title":"Luto, dolor y enfrentamientos en Gaza - El Digital de Asturias","description":"Ramal\u00e1\/Tel Aviv, 31 mar (dpa) - Los territorios palestinos viven hoy una jornada de luto y nuevos enfrentamientos, tras la muerte el viernes de 15 palestinos en una marcha de protesta en la frontera de la Franja de Gaza con Israel. Mientras, el Ej\u00e9rcito israel\u00ed acus\u00f3 a la organizaci\u00f3n radical palestina Hamas de provocaci\u00f3n y","canonical_url":"https:\/\/www.eldigitaldeasturias.com\/noticias\/luto-dolor-y-enfrentamientos-en-gaza\/","robots":"max-image-preview:large","keywords":"actualidad","webmasterTools":{"google-site-verification":"UA-38556648-1","msvalidate.01":"7dfe9f3f1b24437ab69f4f2559babe99","miscellaneous":""},"schema":{"@context":"https:\/\/schema.org","@graph":[{"@type":"BlogPosting","@id":"https:\/\/www.eldigitaldeasturias.com\/noticias\/luto-dolor-y-enfrentamientos-en-gaza\/#blogposting","name":"Luto, dolor y enfrentamientos en Gaza - El Digital de Asturias","headline":"Luto, dolor y enfrentamientos en Gaza","author":{"@id":"https:\/\/www.eldigitaldeasturias.com\/noticias\/author\/admin\/#author"},"publisher":{"@id":"https:\/\/www.eldigitaldeasturias.com\/noticias\/#organization"},"image":{"@type":"ImageObject","url":974234},"datePublished":"2018-03-31T20:43:14+02:00","dateModified":"2018-03-31T20:43:14+02:00","inLanguage":"es-ES","mainEntityOfPage":{"@id":"https:\/\/www.eldigitaldeasturias.com\/noticias\/luto-dolor-y-enfrentamientos-en-gaza\/#webpage"},"isPartOf":{"@id":"https:\/\/www.eldigitaldeasturias.com\/noticias\/luto-dolor-y-enfrentamientos-en-gaza\/#webpage"},"articleSection":"Actualidad"},{"@type":"BreadcrumbList","@id":"https:\/\/www.eldigitaldeasturias.com\/noticias\/luto-dolor-y-enfrentamientos-en-gaza\/#breadcrumblist","itemListElement":[{"@type":"ListItem","@id":"https:\/\/www.eldigitaldeasturias.com\/noticias#listItem","position":1,"name":"Home","item":"https:\/\/www.eldigitaldeasturias.com\/noticias","nextItem":{"@type":"ListItem","@id":"https:\/\/www.eldigitaldeasturias.com\/noticias\/category\/actualidad\/#listItem","name":"Actualidad"}},{"@type":"ListItem","@id":"https:\/\/www.eldigitaldeasturias.com\/noticias\/category\/actualidad\/#listItem","position":2,"name":"Actualidad","item":"https:\/\/www.eldigitaldeasturias.com\/noticias\/category\/actualidad\/","nextItem":{"@type":"ListItem","@id":"https:\/\/www.eldigitaldeasturias.com\/noticias\/luto-dolor-y-enfrentamientos-en-gaza\/#listItem","name":"Luto, dolor y enfrentamientos en Gaza"},"previousItem":{"@type":"ListItem","@id":"https:\/\/www.eldigitaldeasturias.com\/noticias#listItem","name":"Home"}},{"@type":"ListItem","@id":"https:\/\/www.eldigitaldeasturias.com\/noticias\/luto-dolor-y-enfrentamientos-en-gaza\/#listItem","position":3,"name":"Luto, dolor y enfrentamientos en Gaza","previousItem":{"@type":"ListItem","@id":"https:\/\/www.eldigitaldeasturias.com\/noticias\/category\/actualidad\/#listItem","name":"Actualidad"}}]},{"@type":"Organization","@id":"https:\/\/www.eldigitaldeasturias.com\/noticias\/#organization","name":"El Digital de Asturias","description":"Hemeroteca","url":"https:\/\/www.eldigitaldeasturias.com\/noticias\/","email":"info@eldigitaldeasturias.com","telephone":"+34652131393","logo":{"@type":"ImageObject","url":"https:\/\/www.eldigitaldeasturias.com\/noticias\/wp-content\/uploads\/2020\/12\/EDA.jpg","@id":"https:\/\/www.eldigitaldeasturias.com\/noticias\/luto-dolor-y-enfrentamientos-en-gaza\/#organizationLogo"},"image":{"@id":"https:\/\/www.eldigitaldeasturias.com\/noticias\/luto-dolor-y-enfrentamientos-en-gaza\/#organizationLogo"},"sameAs":["https:\/\/facebook.com\/eldigitaldeasturias","https:\/\/www.youtube.com\/channel\/UCZP-2wLEB9Rv6erhFmqVnvg"],"address":{"@id":"https:\/\/www.eldigitaldeasturias.com\/noticias\/#postaladdress","@type":"PostalAddress","streetAddress":"san antonio 4","postalCode":"33430","addressLocality":"Cand\u00e1s","addressRegion":"Asturias","addressCountry":"ES"}},{"@type":"Person","@id":"https:\/\/www.eldigitaldeasturias.com\/noticias\/author\/admin\/#author","url":"https:\/\/www.eldigitaldeasturias.com\/noticias\/author\/admin\/","name":"El Digital de Asturias","image":{"@type":"ImageObject","@id":"https:\/\/www.eldigitaldeasturias.com\/noticias\/luto-dolor-y-enfrentamientos-en-gaza\/#authorImage","url":"https:\/\/secure.gravatar.com\/avatar\/df2aeffc32bcd13f8d26072ef8a91b623d677766deac7f97ca815868cd41bf5e?s=96&d=mm&r=g","width":96,"height":96,"caption":"El Digital de Asturias"}},{"@type":"WebPage","@id":"https:\/\/www.eldigitaldeasturias.com\/noticias\/luto-dolor-y-enfrentamientos-en-gaza\/#webpage","url":"https:\/\/www.eldigitaldeasturias.com\/noticias\/luto-dolor-y-enfrentamientos-en-gaza\/","name":"Luto, dolor y enfrentamientos en Gaza - El Digital de Asturias","description":"Ramal\u00e1\/Tel Aviv, 31 mar (dpa) - Los territorios palestinos viven hoy una jornada de luto y nuevos enfrentamientos, tras la muerte el viernes de 15 palestinos en una marcha de protesta en la frontera de la Franja de Gaza con Israel. Mientras, el Ej\u00e9rcito israel\u00ed acus\u00f3 a la organizaci\u00f3n radical palestina Hamas de provocaci\u00f3n y","inLanguage":"es-ES","isPartOf":{"@id":"https:\/\/www.eldigitaldeasturias.com\/noticias\/#website"},"breadcrumb":{"@id":"https:\/\/www.eldigitaldeasturias.com\/noticias\/luto-dolor-y-enfrentamientos-en-gaza\/#breadcrumblist"},"author":{"@id":"https:\/\/www.eldigitaldeasturias.com\/noticias\/author\/admin\/#author"},"creator":{"@id":"https:\/\/www.eldigitaldeasturias.com\/noticias\/author\/admin\/#author"},"image":{"@type":"ImageObject","url":974234,"@id":"https:\/\/www.eldigitaldeasturias.com\/noticias\/luto-dolor-y-enfrentamientos-en-gaza\/#mainImage"},"primaryImageOfPage":{"@id":"https:\/\/www.eldigitaldeasturias.com\/noticias\/luto-dolor-y-enfrentamientos-en-gaza\/#mainImage"},"datePublished":"2018-03-31T20:43:14+02:00","dateModified":"2018-03-31T20:43:14+02:00"},{"@type":"WebSite","@id":"https:\/\/www.eldigitaldeasturias.com\/noticias\/#website","url":"https:\/\/www.eldigitaldeasturias.com\/noticias\/","name":"El Digital de Asturias - Diario de actualidad y noticias","alternateName":"El Digital de Asturias - Diario de actualidad y noticias","description":"Hemeroteca","inLanguage":"es-ES","publisher":{"@id":"https:\/\/www.eldigitaldeasturias.com\/noticias\/#organization"}}]},"og:locale":"es_ES","og:site_name":"El Digital de Asturias","og:type":"article","og:title":"Luto, dolor y enfrentamientos en Gaza - El Digital de Asturias","og:description":"Ramal\u00e1\/Tel Aviv, 31 mar (dpa) - Los territorios palestinos viven hoy una jornada de luto y nuevos enfrentamientos, tras la muerte el viernes de 15 palestinos en una marcha de protesta en la frontera de la Franja de Gaza con Israel. Mientras, el Ej\u00e9rcito israel\u00ed acus\u00f3 a la organizaci\u00f3n radical palestina Hamas de provocaci\u00f3n y","og:url":"https:\/\/www.eldigitaldeasturias.com\/noticias\/luto-dolor-y-enfrentamientos-en-gaza\/","article:tag":["actualidad"],"article:published_time":"2018-03-31T20:43:14+00:00","article:modified_time":"2018-03-31T20:43:14+00:00","article:publisher":"https:\/\/facebook.com\/eldigitaldeasturias","twitter:card":"summary_large_image","twitter:title":"Luto, dolor y enfrentamientos en Gaza - El Digital de Asturias","twitter:description":"Ramal\u00e1\/Tel Aviv, 31 mar (dpa) - Los territorios palestinos viven hoy una jornada de luto y nuevos enfrentamientos, tras la muerte el viernes de 15 palestinos en una marcha de protesta en la frontera de la Franja de Gaza con Israel. Mientras, el Ej\u00e9rcito israel\u00ed acus\u00f3 a la organizaci\u00f3n radical palestina Hamas de provocaci\u00f3n y","twitter:image":"https:\/\/www.eldigitaldeasturias.com\/noticias\/wp-content\/uploads\/2020\/12\/EDA-1.jpg","twitter:label1":"Escrito por","twitter:data1":"El Digital de Asturias","twitter:label2":"Tiempo de lectura estimado","twitter:data2":"4 minutos"},"aioseo_meta_data":{"post_id":"974233","title":null,"description":null,"keywords":null,"keyphrases":null,"primary_term":null,"canonical_url":null,"og_title":null,"og_description":null,"og_object_type":"default","og_image_type":"default","og_image_url":null,"og_image_width":null,"og_image_height":null,"og_image_custom_url":null,"og_image_custom_fields":null,"og_video":null,"og_custom_url":null,"og_article_section":null,"og_article_tags":null,"twitter_use_og":false,"twitter_card":"default","twitter_image_type":"default","twitter_image_url":null,"twitter_image_custom_url":null,"twitter_image_custom_fields":null,"twitter_title":null,"twitter_description":null,"schema":{"blockGraphs":[],"customGraphs":[],"default":{"data":{"Article":[],"Course":[],"Dataset":[],"FAQPage":[],"Movie":[],"Person":[],"Product":[],"ProductReview":[],"Car":[],"Recipe":[],"Service":[],"SoftwareApplication":[],"WebPage":[]},"graphName":"","isEnabled":true},"graphs":[],"defaultGraph":"","defaultPostTypeGraph":""},"schema_type":null,"schema_type_options":null,"pillar_content":false,"robots_default":true,"robots_noindex":false,"robots_noarchive":false,"robots_nosnippet":false,"robots_nofollow":false,"robots_noimageindex":false,"robots_noodp":false,"robots_notranslate":false,"robots_max_snippet":null,"robots_max_videopreview":null,"robots_max_imagepreview":"large","priority":null,"frequency":null,"local_seo":null,"seo_analyzer_scan_date":"2025-10-07 19:33:19","breadcrumb_settings":null,"limit_modified_date":false,"open_ai":null,"ai":null,"created":"2020-12-21 12:14:37","updated":"2025-10-07 19:33:19","focus_keyword":null,"additional_keywords":null,"truseo_locale":null},"aioseo_breadcrumb":"<div class=\"aioseo-breadcrumbs\"><span class=\"aioseo-breadcrumb\">\n\t<a href=\"https:\/\/www.eldigitaldeasturias.com\/noticias\" title=\"Home\">Home<\/a>\n<\/span><span class=\"aioseo-breadcrumb-separator\">\u2013<\/span><span class=\"aioseo-breadcrumb\">\n\t<a href=\"https:\/\/www.eldigitaldeasturias.com\/noticias\/category\/actualidad\/\" title=\"Actualidad\">Actualidad<\/a>\n<\/span><span class=\"aioseo-breadcrumb-separator\">\u2013<\/span><span class=\"aioseo-breadcrumb\">\n\t<a href=\"https:\/\/www.eldigitaldeasturias.com\/noticias\/luto-dolor-y-enfrentamientos-en-gaza\/\" title=\"Luto, dolor y enfrentamientos en Gaza\">Luto, dolor y enfrentamientos en Gaza<\/a>\n<\/span><\/div>","aioseo_breadcrumb_json":[{"label":"Home","link":"https:\/\/www.eldigitaldeasturias.com\/noticias"},{"label":"Actualidad","link":"https:\/\/www.eldigitaldeasturias.com\/noticias\/category\/actualidad\/"},{"label":"Luto, dolor y enfrentamientos en Gaza","link":"https:\/\/www.eldigitaldeasturias.com\/noticias\/luto-dolor-y-enfrentamientos-en-gaza\/"}],"_links":{"self":[{"href":"https:\/\/www.eldigitaldeasturias.com\/noticias\/wp-json\/wp\/v2\/posts\/974233","targetHints":{"allow":["GET"]}}],"collection":[{"href":"https:\/\/www.eldigitaldeasturias.com\/noticias\/wp-json\/wp\/v2\/posts"}],"about":[{"href":"https:\/\/www.eldigitaldeasturias.com\/noticias\/wp-json\/wp\/v2\/types\/post"}],"author":[{"embeddable":true,"href":"https:\/\/www.eldigitaldeasturias.com\/noticias\/wp-json\/wp\/v2\/users\/1"}],"replies":[{"embeddable":true,"href":"https:\/\/www.eldigitaldeasturias.com\/noticias\/wp-json\/wp\/v2\/comments?post=974233"}],"version-history":[{"count":0,"href":"https:\/\/www.eldigitaldeasturias.com\/noticias\/wp-json\/wp\/v2\/posts\/974233\/revisions"}],"wp:attachment":[{"href":"https:\/\/www.eldigitaldeasturias.com\/noticias\/wp-json\/wp\/v2\/media?parent=974233"}],"wp:term":[{"taxonomy":"category","embeddable":true,"href":"https:\/\/www.eldigitaldeasturias.com\/noticias\/wp-json\/wp\/v2\/categories?post=974233"},{"taxonomy":"post_tag","embeddable":true,"href":"https:\/\/www.eldigitaldeasturias.com\/noticias\/wp-json\/wp\/v2\/tags?post=974233"}],"curies":[{"name":"wp","href":"https:\/\/api.w.org\/{rel}","templated":true}]}}