{"id":974122,"date":"2018-03-30T18:15:50","date_gmt":"2018-03-30T18:15:50","guid":{"rendered":"http:\/\/www.eldigitaldeasturias.com\/noticias\/?p=974122"},"modified":"2018-03-30T18:15:50","modified_gmt":"2018-03-30T18:15:50","slug":"lorena-roldan-domenech-y-colau-son-los-socorristas-del-proces","status":"publish","type":"post","link":"https:\/\/www.eldigitaldeasturias.com\/noticias\/lorena-roldan-domenech-y-colau-son-los-socorristas-del-proces\/","title":{"rendered":"Lorena Rold\u00e1n: \u00abDom\u00e8nech y Colau son los socorristas del proc\u00e9s\u00bb"},"content":{"rendered":"<p><img loading=\"lazy\" decoding=\"async\" class=\"alignleft size-medium wp-image-974123\" src=\"https:\/\/www.eldigitaldeasturias.com\/noticias\/wp-content\/uploads\/2018\/03\/Roldan-cs-360x213.jpg\" alt=\"\" width=\"360\" height=\"213\" \/>&#8216;La p\u00e9rdida del Barcelona World Race es una muestra m\u00e1s de que el &#8216;proc\u00e9s\u2019 &#8216;significa p\u00e9rdida de dinero, tiempo y de oportunidades&#8217;. As\u00ed lo ha dicho la diputada de Ciudadanos (Cs), Lorena Rold\u00e1n, tras conocer que el patronato de la Fundaci\u00f3n Navegaci\u00f3n Oce\u00e1nica de Barcelona (FNOB) ha suspendido la celebraci\u00f3n de este evento que estaba previsto para enero de 2019 en la ciudad condal por la inestabilidad pol\u00edtica en Catalu\u00f1a. &#8216;La situaci\u00f3n es insostenible, hay mucha inseguridad jur\u00eddica y pol\u00edtica&#8217;, ha manifestado Rold\u00e1n, por lo que ha pedido a los partidos separatistas que &#8216;dejen de alargar esta situaci\u00f3n que no trae nada bueno a los catalanes, como ya se ha demostrado en varias ocasiones&#8217; con la p\u00e9rdida tambi\u00e9n de la Agencia Europea del Medicamento.<\/p>\n<p>Por otro lado, en declaraciones a los medios de comunicaci\u00f3n frente a la sede del partido en Barcelona, Rold\u00e1n ha lamentado que el pleno de ayer no sirviese &#8216;para desbloquear la situaci\u00f3n ni para investir a un presidente de todos los catalanes, sino para que los partidos separatistas les digan a los jueces lo que tienen que hacer&#8217;. &#8216;Lo que hay detr\u00e1s del \u2018proc\u00e9s\u2019 son muchas ganas de impunidad&#8217;, ha manifestado la diputada de Cs, tras recordar que los pol\u00edticos son &#8216;iguales&#8217; ante la Ley como el resto de ciudadanos.<\/p>\n<p>Tambi\u00e9n se ha referido al &#8216;nuevo socio chollo&#8217; de los partidos separatistas, refiri\u00e9ndose a Podemos: &#8216;Dom\u00e8nech y Colau son los socorristas del &#8216;proc\u00e9s&#8217;, porque prefieren alargar la situaci\u00f3n en vez de desbloquearla&#8217;.<\/p>\n","protected":false},"excerpt":{"rendered":"<p>&#8216;La p\u00e9rdida del Barcelona World Race es una muestra m\u00e1s de que el &#8216;proc\u00e9s\u2019 &#8216;significa p\u00e9rdida de dinero, tiempo y de oportunidades&#8217;. As\u00ed lo ha dicho la diputada de Ciudadanos (Cs), Lorena Rold\u00e1n, tras conocer que el patronato de la Fundaci\u00f3n Navegaci\u00f3n Oce\u00e1nica de Barcelona (FNOB) ha suspendido la celebraci\u00f3n de este evento que estaba [&hellip;]<\/p>\n","protected":false},"author":1,"featured_media":974123,"comment_status":"closed","ping_status":"closed","sticky":false,"template":"","format":"standard","meta":{"footnotes":""},"categories":[1],"tags":[],"class_list":["post-974122","post","type-post","status-publish","format-standard","has-post-thumbnail","hentry","category-actualidad"],"aioseo_notices":[],"aioseo_head":"\n\t\t<!-- All in One SEO Pro 5.0.1 - aioseo.com -->\n\t<meta name=\"description\" content=\"&#039;La p\u00e9rdida del Barcelona World Race es una muestra m\u00e1s de que el &#039;proc\u00e9s\u2019 &#039;significa p\u00e9rdida de dinero, tiempo y de oportunidades&#039;. As\u00ed lo ha dicho la diputada de Ciudadanos (Cs), Lorena Rold\u00e1n, tras conocer que el patronato de la Fundaci\u00f3n Navegaci\u00f3n Oce\u00e1nica de Barcelona (FNOB) ha suspendido la celebraci\u00f3n de este evento que estaba\" \/>\n\t<meta name=\"robots\" content=\"max-image-preview:large\" \/>\n\t<meta name=\"author\" content=\"El Digital de Asturias\"\/>\n\t<meta name=\"google-site-verification\" content=\"UA-38556648-1\" \/>\n\t<meta name=\"msvalidate.01\" content=\"7dfe9f3f1b24437ab69f4f2559babe99\" \/>\n\t<meta name=\"keywords\" content=\"actualidad\" \/>\n\t<link rel=\"canonical\" href=\"https:\/\/www.eldigitaldeasturias.com\/noticias\/lorena-roldan-domenech-y-colau-son-los-socorristas-del-proces\/\" \/>\n\t<meta name=\"generator\" content=\"All in One SEO Pro (AIOSEO) 5.0.1\" \/>\n\t\t<meta property=\"og:locale\" content=\"es_ES\" \/>\n\t\t<meta property=\"og:site_name\" content=\"El Digital de Asturias\" \/>\n\t\t<meta property=\"og:type\" content=\"article\" \/>\n\t\t<meta property=\"og:title\" content=\"Lorena Rold\u00e1n: \u00abDom\u00e8nech y Colau son los socorristas del proc\u00e9s\u00bb - El Digital de Asturias\" \/>\n\t\t<meta property=\"og:description\" content=\"&#039;La p\u00e9rdida del Barcelona World Race es una muestra m\u00e1s de que el &#039;proc\u00e9s\u2019 &#039;significa p\u00e9rdida de dinero, tiempo y de oportunidades&#039;. As\u00ed lo ha dicho la diputada de Ciudadanos (Cs), Lorena Rold\u00e1n, tras conocer que el patronato de la Fundaci\u00f3n Navegaci\u00f3n Oce\u00e1nica de Barcelona (FNOB) ha suspendido la celebraci\u00f3n de este evento que estaba\" \/>\n\t\t<meta property=\"og:url\" content=\"https:\/\/www.eldigitaldeasturias.com\/noticias\/lorena-roldan-domenech-y-colau-son-los-socorristas-del-proces\/\" \/>\n\t\t<meta property=\"article:tag\" content=\"actualidad\" \/>\n\t\t<meta property=\"article:published_time\" content=\"2018-03-30T18:15:50+00:00\" \/>\n\t\t<meta property=\"article:modified_time\" content=\"2018-03-30T18:15:50+00:00\" \/>\n\t\t<meta property=\"article:publisher\" content=\"https:\/\/facebook.com\/eldigitaldeasturias\" \/>\n\t\t<meta name=\"twitter:card\" content=\"summary_large_image\" \/>\n\t\t<meta name=\"twitter:title\" content=\"Lorena Rold\u00e1n: \u00abDom\u00e8nech y Colau son los socorristas del proc\u00e9s\u00bb - El Digital de Asturias\" \/>\n\t\t<meta name=\"twitter:description\" content=\"&#039;La p\u00e9rdida del Barcelona World Race es una muestra m\u00e1s de que el &#039;proc\u00e9s\u2019 &#039;significa p\u00e9rdida de dinero, tiempo y de oportunidades&#039;. As\u00ed lo ha dicho la diputada de Ciudadanos (Cs), Lorena Rold\u00e1n, tras conocer que el patronato de la Fundaci\u00f3n Navegaci\u00f3n Oce\u00e1nica de Barcelona (FNOB) ha suspendido la celebraci\u00f3n de este evento que estaba\" \/>\n\t\t<meta name=\"twitter:image\" content=\"https:\/\/www.eldigitaldeasturias.com\/noticias\/wp-content\/uploads\/2020\/12\/EDA-1.jpg\" \/>\n\t\t<meta name=\"twitter:label1\" content=\"Escrito por\" \/>\n\t\t<meta name=\"twitter:data1\" content=\"El Digital de Asturias\" \/>\n\t\t<meta name=\"twitter:label2\" content=\"Tiempo de lectura estimado\" \/>\n\t\t<meta name=\"twitter:data2\" content=\"1 minuto\" \/>\n\t\t<script type=\"application\/ld+json\" class=\"aioseo-schema\">\n\t\t\t{\"@context\":\"https:\\\/\\\/schema.org\",\"@graph\":[{\"@type\":\"BlogPosting\",\"@id\":\"https:\\\/\\\/www.eldigitaldeasturias.com\\\/noticias\\\/lorena-roldan-domenech-y-colau-son-los-socorristas-del-proces\\\/#blogposting\",\"name\":\"Lorena Rold\\u00e1n: \\u00abDom\\u00e8nech y Colau son los socorristas del proc\\u00e9s\\u00bb - El Digital de Asturias\",\"headline\":\"Lorena Rold\\u00e1n: \\u00abDom\\u00e8nech y Colau son los socorristas del proc\\u00e9s\\u00bb\",\"author\":{\"@id\":\"https:\\\/\\\/www.eldigitaldeasturias.com\\\/noticias\\\/author\\\/admin\\\/#author\"},\"publisher\":{\"@id\":\"https:\\\/\\\/www.eldigitaldeasturias.com\\\/noticias\\\/#organization\"},\"image\":{\"@type\":\"ImageObject\",\"url\":974123},\"datePublished\":\"2018-03-30T18:15:50+02:00\",\"dateModified\":\"2018-03-30T18:15:50+02:00\",\"inLanguage\":\"es-ES\",\"mainEntityOfPage\":{\"@id\":\"https:\\\/\\\/www.eldigitaldeasturias.com\\\/noticias\\\/lorena-roldan-domenech-y-colau-son-los-socorristas-del-proces\\\/#webpage\"},\"isPartOf\":{\"@id\":\"https:\\\/\\\/www.eldigitaldeasturias.com\\\/noticias\\\/lorena-roldan-domenech-y-colau-son-los-socorristas-del-proces\\\/#webpage\"},\"articleSection\":\"Actualidad\"},{\"@type\":\"BreadcrumbList\",\"@id\":\"https:\\\/\\\/www.eldigitaldeasturias.com\\\/noticias\\\/lorena-roldan-domenech-y-colau-son-los-socorristas-del-proces\\\/#breadcrumblist\",\"itemListElement\":[{\"@type\":\"ListItem\",\"@id\":\"https:\\\/\\\/www.eldigitaldeasturias.com\\\/noticias#listItem\",\"position\":1,\"name\":\"Home\",\"item\":\"https:\\\/\\\/www.eldigitaldeasturias.com\\\/noticias\",\"nextItem\":{\"@type\":\"ListItem\",\"@id\":\"https:\\\/\\\/www.eldigitaldeasturias.com\\\/noticias\\\/category\\\/actualidad\\\/#listItem\",\"name\":\"Actualidad\"}},{\"@type\":\"ListItem\",\"@id\":\"https:\\\/\\\/www.eldigitaldeasturias.com\\\/noticias\\\/category\\\/actualidad\\\/#listItem\",\"position\":2,\"name\":\"Actualidad\",\"item\":\"https:\\\/\\\/www.eldigitaldeasturias.com\\\/noticias\\\/category\\\/actualidad\\\/\",\"nextItem\":{\"@type\":\"ListItem\",\"@id\":\"https:\\\/\\\/www.eldigitaldeasturias.com\\\/noticias\\\/lorena-roldan-domenech-y-colau-son-los-socorristas-del-proces\\\/#listItem\",\"name\":\"Lorena Rold\\u00e1n: \\u00abDom\\u00e8nech y Colau son los socorristas del proc\\u00e9s\\u00bb\"},\"previousItem\":{\"@type\":\"ListItem\",\"@id\":\"https:\\\/\\\/www.eldigitaldeasturias.com\\\/noticias#listItem\",\"name\":\"Home\"}},{\"@type\":\"ListItem\",\"@id\":\"https:\\\/\\\/www.eldigitaldeasturias.com\\\/noticias\\\/lorena-roldan-domenech-y-colau-son-los-socorristas-del-proces\\\/#listItem\",\"position\":3,\"name\":\"Lorena Rold\\u00e1n: \\u00abDom\\u00e8nech y Colau son los socorristas del proc\\u00e9s\\u00bb\",\"previousItem\":{\"@type\":\"ListItem\",\"@id\":\"https:\\\/\\\/www.eldigitaldeasturias.com\\\/noticias\\\/category\\\/actualidad\\\/#listItem\",\"name\":\"Actualidad\"}}]},{\"@type\":\"Organization\",\"@id\":\"https:\\\/\\\/www.eldigitaldeasturias.com\\\/noticias\\\/#organization\",\"name\":\"El Digital de Asturias\",\"description\":\"Hemeroteca\",\"url\":\"https:\\\/\\\/www.eldigitaldeasturias.com\\\/noticias\\\/\",\"email\":\"info@eldigitaldeasturias.com\",\"telephone\":\"+34652131393\",\"logo\":{\"@type\":\"ImageObject\",\"url\":\"https:\\\/\\\/www.eldigitaldeasturias.com\\\/noticias\\\/wp-content\\\/uploads\\\/2020\\\/12\\\/EDA.jpg\",\"@id\":\"https:\\\/\\\/www.eldigitaldeasturias.com\\\/noticias\\\/lorena-roldan-domenech-y-colau-son-los-socorristas-del-proces\\\/#organizationLogo\"},\"image\":{\"@id\":\"https:\\\/\\\/www.eldigitaldeasturias.com\\\/noticias\\\/lorena-roldan-domenech-y-colau-son-los-socorristas-del-proces\\\/#organizationLogo\"},\"sameAs\":[\"https:\\\/\\\/facebook.com\\\/eldigitaldeasturias\",\"https:\\\/\\\/www.youtube.com\\\/channel\\\/UCZP-2wLEB9Rv6erhFmqVnvg\"],\"address\":{\"@id\":\"https:\\\/\\\/www.eldigitaldeasturias.com\\\/noticias\\\/#postaladdress\",\"@type\":\"PostalAddress\",\"streetAddress\":\"san antonio 4\",\"postalCode\":\"33430\",\"addressLocality\":\"Cand\\u00e1s\",\"addressRegion\":\"Asturias\",\"addressCountry\":\"ES\"}},{\"@type\":\"Person\",\"@id\":\"https:\\\/\\\/www.eldigitaldeasturias.com\\\/noticias\\\/author\\\/admin\\\/#author\",\"url\":\"https:\\\/\\\/www.eldigitaldeasturias.com\\\/noticias\\\/author\\\/admin\\\/\",\"name\":\"El Digital de Asturias\",\"image\":{\"@type\":\"ImageObject\",\"@id\":\"https:\\\/\\\/www.eldigitaldeasturias.com\\\/noticias\\\/lorena-roldan-domenech-y-colau-son-los-socorristas-del-proces\\\/#authorImage\",\"url\":\"https:\\\/\\\/secure.gravatar.com\\\/avatar\\\/df2aeffc32bcd13f8d26072ef8a91b623d677766deac7f97ca815868cd41bf5e?s=96&d=mm&r=g\",\"width\":96,\"height\":96,\"caption\":\"El Digital de Asturias\"}},{\"@type\":\"WebPage\",\"@id\":\"https:\\\/\\\/www.eldigitaldeasturias.com\\\/noticias\\\/lorena-roldan-domenech-y-colau-son-los-socorristas-del-proces\\\/#webpage\",\"url\":\"https:\\\/\\\/www.eldigitaldeasturias.com\\\/noticias\\\/lorena-roldan-domenech-y-colau-son-los-socorristas-del-proces\\\/\",\"name\":\"Lorena Rold\\u00e1n: \\u00abDom\\u00e8nech y Colau son los socorristas del proc\\u00e9s\\u00bb - El Digital de Asturias\",\"description\":\"'La p\\u00e9rdida del Barcelona World Race es una muestra m\\u00e1s de que el 'proc\\u00e9s\\u2019 'significa p\\u00e9rdida de dinero, tiempo y de oportunidades'. As\\u00ed lo ha dicho la diputada de Ciudadanos (Cs), Lorena Rold\\u00e1n, tras conocer que el patronato de la Fundaci\\u00f3n Navegaci\\u00f3n Oce\\u00e1nica de Barcelona (FNOB) ha suspendido la celebraci\\u00f3n de este evento que estaba\",\"inLanguage\":\"es-ES\",\"isPartOf\":{\"@id\":\"https:\\\/\\\/www.eldigitaldeasturias.com\\\/noticias\\\/#website\"},\"breadcrumb\":{\"@id\":\"https:\\\/\\\/www.eldigitaldeasturias.com\\\/noticias\\\/lorena-roldan-domenech-y-colau-son-los-socorristas-del-proces\\\/#breadcrumblist\"},\"author\":{\"@id\":\"https:\\\/\\\/www.eldigitaldeasturias.com\\\/noticias\\\/author\\\/admin\\\/#author\"},\"creator\":{\"@id\":\"https:\\\/\\\/www.eldigitaldeasturias.com\\\/noticias\\\/author\\\/admin\\\/#author\"},\"image\":{\"@type\":\"ImageObject\",\"url\":974123,\"@id\":\"https:\\\/\\\/www.eldigitaldeasturias.com\\\/noticias\\\/lorena-roldan-domenech-y-colau-son-los-socorristas-del-proces\\\/#mainImage\"},\"primaryImageOfPage\":{\"@id\":\"https:\\\/\\\/www.eldigitaldeasturias.com\\\/noticias\\\/lorena-roldan-domenech-y-colau-son-los-socorristas-del-proces\\\/#mainImage\"},\"datePublished\":\"2018-03-30T18:15:50+02:00\",\"dateModified\":\"2018-03-30T18:15:50+02:00\"},{\"@type\":\"WebSite\",\"@id\":\"https:\\\/\\\/www.eldigitaldeasturias.com\\\/noticias\\\/#website\",\"url\":\"https:\\\/\\\/www.eldigitaldeasturias.com\\\/noticias\\\/\",\"name\":\"El Digital de Asturias - Diario de actualidad y noticias\",\"alternateName\":\"El Digital de Asturias - Diario de actualidad y noticias\",\"description\":\"Hemeroteca\",\"inLanguage\":\"es-ES\",\"publisher\":{\"@id\":\"https:\\\/\\\/www.eldigitaldeasturias.com\\\/noticias\\\/#organization\"}}]}\n\t\t<\/script>\n\t\t<!-- All in One SEO Pro -->\r\n\t\t<title>Lorena Rold\u00e1n: \u00abDom\u00e8nech y Colau son los socorristas del proc\u00e9s\u00bb - El Digital de Asturias<\/title>\n\n","aioseo_head_json":{"title":"Lorena Rold\u00e1n: \u00abDom\u00e8nech y Colau son los socorristas del proc\u00e9s\u00bb - El Digital de Asturias","description":"'La p\u00e9rdida del Barcelona World Race es una muestra m\u00e1s de que el 'proc\u00e9s\u2019 'significa p\u00e9rdida de dinero, tiempo y de oportunidades'. As\u00ed lo ha dicho la diputada de Ciudadanos (Cs), Lorena Rold\u00e1n, tras conocer que el patronato de la Fundaci\u00f3n Navegaci\u00f3n Oce\u00e1nica de Barcelona (FNOB) ha suspendido la celebraci\u00f3n de este evento que estaba","canonical_url":"https:\/\/www.eldigitaldeasturias.com\/noticias\/lorena-roldan-domenech-y-colau-son-los-socorristas-del-proces\/","robots":"max-image-preview:large","keywords":"actualidad","webmasterTools":{"google-site-verification":"UA-38556648-1","msvalidate.01":"7dfe9f3f1b24437ab69f4f2559babe99","miscellaneous":""},"schema":{"@context":"https:\/\/schema.org","@graph":[{"@type":"BlogPosting","@id":"https:\/\/www.eldigitaldeasturias.com\/noticias\/lorena-roldan-domenech-y-colau-son-los-socorristas-del-proces\/#blogposting","name":"Lorena Rold\u00e1n: \u00abDom\u00e8nech y Colau son los socorristas del proc\u00e9s\u00bb - El Digital de Asturias","headline":"Lorena Rold\u00e1n: \u00abDom\u00e8nech y Colau son los socorristas del proc\u00e9s\u00bb","author":{"@id":"https:\/\/www.eldigitaldeasturias.com\/noticias\/author\/admin\/#author"},"publisher":{"@id":"https:\/\/www.eldigitaldeasturias.com\/noticias\/#organization"},"image":{"@type":"ImageObject","url":974123},"datePublished":"2018-03-30T18:15:50+02:00","dateModified":"2018-03-30T18:15:50+02:00","inLanguage":"es-ES","mainEntityOfPage":{"@id":"https:\/\/www.eldigitaldeasturias.com\/noticias\/lorena-roldan-domenech-y-colau-son-los-socorristas-del-proces\/#webpage"},"isPartOf":{"@id":"https:\/\/www.eldigitaldeasturias.com\/noticias\/lorena-roldan-domenech-y-colau-son-los-socorristas-del-proces\/#webpage"},"articleSection":"Actualidad"},{"@type":"BreadcrumbList","@id":"https:\/\/www.eldigitaldeasturias.com\/noticias\/lorena-roldan-domenech-y-colau-son-los-socorristas-del-proces\/#breadcrumblist","itemListElement":[{"@type":"ListItem","@id":"https:\/\/www.eldigitaldeasturias.com\/noticias#listItem","position":1,"name":"Home","item":"https:\/\/www.eldigitaldeasturias.com\/noticias","nextItem":{"@type":"ListItem","@id":"https:\/\/www.eldigitaldeasturias.com\/noticias\/category\/actualidad\/#listItem","name":"Actualidad"}},{"@type":"ListItem","@id":"https:\/\/www.eldigitaldeasturias.com\/noticias\/category\/actualidad\/#listItem","position":2,"name":"Actualidad","item":"https:\/\/www.eldigitaldeasturias.com\/noticias\/category\/actualidad\/","nextItem":{"@type":"ListItem","@id":"https:\/\/www.eldigitaldeasturias.com\/noticias\/lorena-roldan-domenech-y-colau-son-los-socorristas-del-proces\/#listItem","name":"Lorena Rold\u00e1n: \u00abDom\u00e8nech y Colau son los socorristas del proc\u00e9s\u00bb"},"previousItem":{"@type":"ListItem","@id":"https:\/\/www.eldigitaldeasturias.com\/noticias#listItem","name":"Home"}},{"@type":"ListItem","@id":"https:\/\/www.eldigitaldeasturias.com\/noticias\/lorena-roldan-domenech-y-colau-son-los-socorristas-del-proces\/#listItem","position":3,"name":"Lorena Rold\u00e1n: \u00abDom\u00e8nech y Colau son los socorristas del proc\u00e9s\u00bb","previousItem":{"@type":"ListItem","@id":"https:\/\/www.eldigitaldeasturias.com\/noticias\/category\/actualidad\/#listItem","name":"Actualidad"}}]},{"@type":"Organization","@id":"https:\/\/www.eldigitaldeasturias.com\/noticias\/#organization","name":"El Digital de Asturias","description":"Hemeroteca","url":"https:\/\/www.eldigitaldeasturias.com\/noticias\/","email":"info@eldigitaldeasturias.com","telephone":"+34652131393","logo":{"@type":"ImageObject","url":"https:\/\/www.eldigitaldeasturias.com\/noticias\/wp-content\/uploads\/2020\/12\/EDA.jpg","@id":"https:\/\/www.eldigitaldeasturias.com\/noticias\/lorena-roldan-domenech-y-colau-son-los-socorristas-del-proces\/#organizationLogo"},"image":{"@id":"https:\/\/www.eldigitaldeasturias.com\/noticias\/lorena-roldan-domenech-y-colau-son-los-socorristas-del-proces\/#organizationLogo"},"sameAs":["https:\/\/facebook.com\/eldigitaldeasturias","https:\/\/www.youtube.com\/channel\/UCZP-2wLEB9Rv6erhFmqVnvg"],"address":{"@id":"https:\/\/www.eldigitaldeasturias.com\/noticias\/#postaladdress","@type":"PostalAddress","streetAddress":"san antonio 4","postalCode":"33430","addressLocality":"Cand\u00e1s","addressRegion":"Asturias","addressCountry":"ES"}},{"@type":"Person","@id":"https:\/\/www.eldigitaldeasturias.com\/noticias\/author\/admin\/#author","url":"https:\/\/www.eldigitaldeasturias.com\/noticias\/author\/admin\/","name":"El Digital de Asturias","image":{"@type":"ImageObject","@id":"https:\/\/www.eldigitaldeasturias.com\/noticias\/lorena-roldan-domenech-y-colau-son-los-socorristas-del-proces\/#authorImage","url":"https:\/\/secure.gravatar.com\/avatar\/df2aeffc32bcd13f8d26072ef8a91b623d677766deac7f97ca815868cd41bf5e?s=96&d=mm&r=g","width":96,"height":96,"caption":"El Digital de Asturias"}},{"@type":"WebPage","@id":"https:\/\/www.eldigitaldeasturias.com\/noticias\/lorena-roldan-domenech-y-colau-son-los-socorristas-del-proces\/#webpage","url":"https:\/\/www.eldigitaldeasturias.com\/noticias\/lorena-roldan-domenech-y-colau-son-los-socorristas-del-proces\/","name":"Lorena Rold\u00e1n: \u00abDom\u00e8nech y Colau son los socorristas del proc\u00e9s\u00bb - El Digital de Asturias","description":"'La p\u00e9rdida del Barcelona World Race es una muestra m\u00e1s de que el 'proc\u00e9s\u2019 'significa p\u00e9rdida de dinero, tiempo y de oportunidades'. As\u00ed lo ha dicho la diputada de Ciudadanos (Cs), Lorena Rold\u00e1n, tras conocer que el patronato de la Fundaci\u00f3n Navegaci\u00f3n Oce\u00e1nica de Barcelona (FNOB) ha suspendido la celebraci\u00f3n de este evento que estaba","inLanguage":"es-ES","isPartOf":{"@id":"https:\/\/www.eldigitaldeasturias.com\/noticias\/#website"},"breadcrumb":{"@id":"https:\/\/www.eldigitaldeasturias.com\/noticias\/lorena-roldan-domenech-y-colau-son-los-socorristas-del-proces\/#breadcrumblist"},"author":{"@id":"https:\/\/www.eldigitaldeasturias.com\/noticias\/author\/admin\/#author"},"creator":{"@id":"https:\/\/www.eldigitaldeasturias.com\/noticias\/author\/admin\/#author"},"image":{"@type":"ImageObject","url":974123,"@id":"https:\/\/www.eldigitaldeasturias.com\/noticias\/lorena-roldan-domenech-y-colau-son-los-socorristas-del-proces\/#mainImage"},"primaryImageOfPage":{"@id":"https:\/\/www.eldigitaldeasturias.com\/noticias\/lorena-roldan-domenech-y-colau-son-los-socorristas-del-proces\/#mainImage"},"datePublished":"2018-03-30T18:15:50+02:00","dateModified":"2018-03-30T18:15:50+02:00"},{"@type":"WebSite","@id":"https:\/\/www.eldigitaldeasturias.com\/noticias\/#website","url":"https:\/\/www.eldigitaldeasturias.com\/noticias\/","name":"El Digital de Asturias - Diario de actualidad y noticias","alternateName":"El Digital de Asturias - Diario de actualidad y noticias","description":"Hemeroteca","inLanguage":"es-ES","publisher":{"@id":"https:\/\/www.eldigitaldeasturias.com\/noticias\/#organization"}}]},"og:locale":"es_ES","og:site_name":"El Digital de Asturias","og:type":"article","og:title":"Lorena Rold\u00e1n: \u00abDom\u00e8nech y Colau son los socorristas del proc\u00e9s\u00bb - El Digital de Asturias","og:description":"'La p\u00e9rdida del Barcelona World Race es una muestra m\u00e1s de que el 'proc\u00e9s\u2019 'significa p\u00e9rdida de dinero, tiempo y de oportunidades'. As\u00ed lo ha dicho la diputada de Ciudadanos (Cs), Lorena Rold\u00e1n, tras conocer que el patronato de la Fundaci\u00f3n Navegaci\u00f3n Oce\u00e1nica de Barcelona (FNOB) ha suspendido la celebraci\u00f3n de este evento que estaba","og:url":"https:\/\/www.eldigitaldeasturias.com\/noticias\/lorena-roldan-domenech-y-colau-son-los-socorristas-del-proces\/","article:tag":["actualidad"],"article:published_time":"2018-03-30T18:15:50+00:00","article:modified_time":"2018-03-30T18:15:50+00:00","article:publisher":"https:\/\/facebook.com\/eldigitaldeasturias","twitter:card":"summary_large_image","twitter:title":"Lorena Rold\u00e1n: \u00abDom\u00e8nech y Colau son los socorristas del proc\u00e9s\u00bb - El Digital de Asturias","twitter:description":"'La p\u00e9rdida del Barcelona World Race es una muestra m\u00e1s de que el 'proc\u00e9s\u2019 'significa p\u00e9rdida de dinero, tiempo y de oportunidades'. As\u00ed lo ha dicho la diputada de Ciudadanos (Cs), Lorena Rold\u00e1n, tras conocer que el patronato de la Fundaci\u00f3n Navegaci\u00f3n Oce\u00e1nica de Barcelona (FNOB) ha suspendido la celebraci\u00f3n de este evento que estaba","twitter:image":"https:\/\/www.eldigitaldeasturias.com\/noticias\/wp-content\/uploads\/2020\/12\/EDA-1.jpg","twitter:label1":"Escrito por","twitter:data1":"El Digital de Asturias","twitter:label2":"Tiempo de lectura estimado","twitter:data2":"1 minuto"},"aioseo_meta_data":{"post_id":"974122","title":null,"description":null,"keywords":null,"keyphrases":null,"primary_term":null,"canonical_url":null,"og_title":null,"og_description":null,"og_object_type":"default","og_image_type":"default","og_image_url":null,"og_image_width":null,"og_image_height":null,"og_image_custom_url":null,"og_image_custom_fields":null,"og_video":null,"og_custom_url":null,"og_article_section":null,"og_article_tags":null,"twitter_use_og":false,"twitter_card":"default","twitter_image_type":"default","twitter_image_url":null,"twitter_image_custom_url":null,"twitter_image_custom_fields":null,"twitter_title":null,"twitter_description":null,"schema":{"blockGraphs":[],"customGraphs":[],"default":{"data":{"Article":[],"Course":[],"Dataset":[],"FAQPage":[],"Movie":[],"Person":[],"Product":[],"ProductReview":[],"Car":[],"Recipe":[],"Service":[],"SoftwareApplication":[],"WebPage":[]},"graphName":"","isEnabled":true},"graphs":[],"defaultGraph":"","defaultPostTypeGraph":""},"schema_type":null,"schema_type_options":null,"pillar_content":false,"robots_default":true,"robots_noindex":false,"robots_noarchive":false,"robots_nosnippet":false,"robots_nofollow":false,"robots_noimageindex":false,"robots_noodp":false,"robots_notranslate":false,"robots_max_snippet":null,"robots_max_videopreview":null,"robots_max_imagepreview":"large","priority":null,"frequency":null,"local_seo":null,"seo_analyzer_scan_date":"2025-10-07 19:07:07","breadcrumb_settings":null,"limit_modified_date":false,"open_ai":null,"ai":null,"created":"2020-12-21 12:14:37","updated":"2025-10-07 19:07:07","focus_keyword":null,"additional_keywords":null,"truseo_locale":null},"aioseo_breadcrumb":"<div class=\"aioseo-breadcrumbs\"><span class=\"aioseo-breadcrumb\">\n\t<a href=\"https:\/\/www.eldigitaldeasturias.com\/noticias\" title=\"Home\">Home<\/a>\n<\/span><span class=\"aioseo-breadcrumb-separator\">\u2013<\/span><span class=\"aioseo-breadcrumb\">\n\t<a href=\"https:\/\/www.eldigitaldeasturias.com\/noticias\/category\/actualidad\/\" title=\"Actualidad\">Actualidad<\/a>\n<\/span><span class=\"aioseo-breadcrumb-separator\">\u2013<\/span><span class=\"aioseo-breadcrumb\">\n\t<a href=\"https:\/\/www.eldigitaldeasturias.com\/noticias\/lorena-roldan-domenech-y-colau-son-los-socorristas-del-proces\/\" title=\"Lorena Rold\u00e1n: \u00abDom\u00e8nech y Colau son los socorristas del proc\u00e9s\u00bb\">Lorena Rold\u00e1n: \u00abDom\u00e8nech y Colau son los socorristas del proc\u00e9s\u00bb<\/a>\n<\/span><\/div>","aioseo_breadcrumb_json":[{"label":"Home","link":"https:\/\/www.eldigitaldeasturias.com\/noticias"},{"label":"Actualidad","link":"https:\/\/www.eldigitaldeasturias.com\/noticias\/category\/actualidad\/"},{"label":"Lorena Rold\u00e1n: \u00abDom\u00e8nech y Colau son los socorristas del proc\u00e9s\u00bb","link":"https:\/\/www.eldigitaldeasturias.com\/noticias\/lorena-roldan-domenech-y-colau-son-los-socorristas-del-proces\/"}],"_links":{"self":[{"href":"https:\/\/www.eldigitaldeasturias.com\/noticias\/wp-json\/wp\/v2\/posts\/974122","targetHints":{"allow":["GET"]}}],"collection":[{"href":"https:\/\/www.eldigitaldeasturias.com\/noticias\/wp-json\/wp\/v2\/posts"}],"about":[{"href":"https:\/\/www.eldigitaldeasturias.com\/noticias\/wp-json\/wp\/v2\/types\/post"}],"author":[{"embeddable":true,"href":"https:\/\/www.eldigitaldeasturias.com\/noticias\/wp-json\/wp\/v2\/users\/1"}],"replies":[{"embeddable":true,"href":"https:\/\/www.eldigitaldeasturias.com\/noticias\/wp-json\/wp\/v2\/comments?post=974122"}],"version-history":[{"count":0,"href":"https:\/\/www.eldigitaldeasturias.com\/noticias\/wp-json\/wp\/v2\/posts\/974122\/revisions"}],"wp:attachment":[{"href":"https:\/\/www.eldigitaldeasturias.com\/noticias\/wp-json\/wp\/v2\/media?parent=974122"}],"wp:term":[{"taxonomy":"category","embeddable":true,"href":"https:\/\/www.eldigitaldeasturias.com\/noticias\/wp-json\/wp\/v2\/categories?post=974122"},{"taxonomy":"post_tag","embeddable":true,"href":"https:\/\/www.eldigitaldeasturias.com\/noticias\/wp-json\/wp\/v2\/tags?post=974122"}],"curies":[{"name":"wp","href":"https:\/\/api.w.org\/{rel}","templated":true}]}}