{"id":974109,"date":"2018-03-30T16:41:17","date_gmt":"2018-03-30T16:41:17","guid":{"rendered":"http:\/\/www.eldigitaldeasturias.com\/noticias\/?p=974109"},"modified":"2018-03-30T16:41:17","modified_gmt":"2018-03-30T16:41:17","slug":"polarizacion-y-religion-marcan-la-segunda-vuelta-electoral-en-costa-rica","status":"publish","type":"post","link":"https:\/\/www.eldigitaldeasturias.com\/noticias\/polarizacion-y-religion-marcan-la-segunda-vuelta-electoral-en-costa-rica\/","title":{"rendered":"Polarizaci\u00f3n y religi\u00f3n marcan la segunda vuelta electoral en Costa Rica"},"content":{"rendered":"<p><img loading=\"lazy\" decoding=\"async\" class=\"alignleft size-medium wp-image-974110\" src=\"https:\/\/www.eldigitaldeasturias.com\/noticias\/wp-content\/uploads\/2018\/03\/international-2690996_1280-360x270.jpg\" alt=\"\" width=\"360\" height=\"270\" \/>San Jos\u00e9, 30 mar (dpa) &#8211; La polarizaci\u00f3n y la religi\u00f3n, coincidiendo con la Semana Santa, marcan la recta final hacia la segunda vuelta de las elecciones presidenciales que se disputan el domingo en Costa Rica entre el predicador evang\u00e9lico Fabricio Alvarado y el candidato oficialista Carlos Alvarado.<\/p>\n<p>El primero, periodista y diputado de 43 a\u00f1os, y el segundo, un comunicador y polit\u00f3logo de 38 que concurre como candidato del oficialista Partido Acci\u00f3n Ciudadana (PAC), se disputan la presidencia del peque\u00f1o pa\u00eds centroamericano de 51.100 kil\u00f3metros cuadrados y 4,9 millones de habitantes en una jornada de alta carga religiosa: el domingo de Pascua.<\/p>\n<p>Ambos pol\u00edticos, que se apellidan igual, se ven abocados a la cita electoral despu\u00e9s de que en la primera ninguno de los 13 candidatos se alzara con el m\u00ednimo del 40 por ciento de los apoyos requerido para eludir una segunda vuelta. En la primera, celebrada el 4 de febrero, se impuso Fabricio Alvarado con el 24,91 por ciento de los votos.<\/p>\n<p>Al igual que sucedi\u00f3 en la campa\u00f1a previa a los comicios de entonces, la religi\u00f3n jug\u00f3 tambi\u00e9n un papel importante.<\/p>\n<p>Fabricio Alvarado es un predicador evang\u00e9lico que cuenta con el apoyo del grueso de las iglesias neopentecostales, que se calcula tienen en torno a un 20 por ciento de seguidores entre la poblaci\u00f3n del pa\u00eds, seg\u00fan diversos estudios.<\/p>\n<p>Las dos campa\u00f1as est\u00e1n consideradas entre las m\u00e1s at\u00edpicas de la historia republicana de Costa Rica. En v\u00edsperas de la primera vuelta electoral, ninguno de los dos Alvarado aparec\u00eda en las encuestas con posibilidades de vencer.<\/p>\n<p>Sin embargo, una resoluci\u00f3n de la Corte Interamericana de Derechos Humanos (Corte IDH) pareci\u00f3 catapultar a Fabricio Alvarado, quien en el t\u00e9rmino de un mes, se coloc\u00f3 en la cima de las preferencias de voto.<\/p>\n<p>La resoluci\u00f3n llegaba en respuesta a una consulta hecha por Costa Rica y obligaba a los estados miembro de la Corte IDH a garantizar los derechos de las comunidades LGTBI (lesbianas, gays, bisexuales, transexuales e intersexuales), incluida la posibilidad de contraer matrimonio.<\/p>\n<p>Fabricio Alvarado, candidato del Partido Restauraci\u00f3n Nacional (PRN), es un f\u00e9rreo opositor al reconocimiento del matrimonio entre personas del mismo sexo, al aborto, a la fecundaci\u00f3n in vitro y a la denominada ideolog\u00eda de g\u00e9nero.<\/p>\n<p>Caso contrario de su rival Carlos Alvarado, que los defiende como derechos que buscan evitar la discriminaci\u00f3n y promover la igualdad entre las personas. En medio de la pol\u00e9mica, el candidato del PAC subi\u00f3 como la espuma en las encuestas la semana anterior a la celebraci\u00f3n de la primera ronda y ahora disputa la presidencia del pa\u00eds.<\/p>\n<p>La confrontaci\u00f3n adquiri\u00f3 un car\u00e1cter religioso en el que tambi\u00e9n se implic\u00f3 la Iglesia cat\u00f3lica, coincidiendo con el predicador en sus posturas sobre la ideolog\u00eda de g\u00e9nero, el aborto o el matrimonio homosexual y ha vuelto a ser uno de los ejes centrales en la campa\u00f1a de cara al a segunda vuelta.<\/p>\n<p>El Tribunal Supremo de Elecciones orden\u00f3 recientemente al PRN, tras llamadas de advertencia a la Iglesia Cat\u00f3lica y a una alianza evang\u00e9lica, abstenerse de la utilizaci\u00f3n de estructuras paralelas con connotaci\u00f3n religiosa para atraer fondos y apoyo de cara a la votaci\u00f3n.<\/p>\n<p>Tras los comicios del 4 de febrero, los Alvarado, como se llama en Costa Rica a los contrincantes, hicieron gestiones para llevar a sus filas a figuras pol\u00edticas y econ\u00f3micas de las principales agrupaciones que quedaron al margen de la segunda vuelta.<\/p>\n<p>En estas circunstancias, ambos insisten en que, de ganar, impulsar\u00e1n gobiernos de unidad y alianza nacional.<\/p>\n<p>Sea cual sea el ganador, necesitar\u00e1 una estrategia de ese tipo ante la profunda divisi\u00f3n en la Asamblea Legislativa, en la que adem\u00e1s ninguno de los Alvarado tendr\u00eda mayor\u00eda de diputados.<\/p>\n<p>El resultado est\u00e1 abierto y las dos principales encuestadoras difieren totalmente en sus predicciones: mientras el Centro de Investigaciones Pol\u00edticas (CIEP) de la estatal Universidad de Costa Rica avanza una elecci\u00f3n re\u00f1ida y un empate t\u00e9cnico, la firma privada Opol Consultores otorga una amplia ventaja, hasta de 12 puntos porcentuales, al predicador evang\u00e9lico.<\/p>\n<p>Por Ernesto Ram\u00edrez (dpa)<\/p>\n","protected":false},"excerpt":{"rendered":"<p>San Jos\u00e9, 30 mar (dpa) &#8211; La polarizaci\u00f3n y la religi\u00f3n, coincidiendo con la Semana Santa, marcan la recta final hacia la segunda vuelta de las elecciones presidenciales que se disputan el domingo en Costa Rica entre el predicador evang\u00e9lico Fabricio Alvarado y el candidato oficialista Carlos Alvarado. El primero, periodista y diputado de 43 [&hellip;]<\/p>\n","protected":false},"author":1,"featured_media":974110,"comment_status":"closed","ping_status":"closed","sticky":false,"template":"","format":"standard","meta":{"footnotes":""},"categories":[1],"tags":[],"class_list":["post-974109","post","type-post","status-publish","format-standard","has-post-thumbnail","hentry","category-actualidad"],"aioseo_notices":[],"aioseo_head":"\n\t\t<!-- All in One SEO Pro 5.0.1 - aioseo.com -->\n\t<meta name=\"description\" content=\"San Jos\u00e9, 30 mar (dpa) - La polarizaci\u00f3n y la religi\u00f3n, coincidiendo con la Semana Santa, marcan la recta final hacia la segunda vuelta de las elecciones presidenciales que se disputan el domingo en Costa Rica entre el predicador evang\u00e9lico Fabricio Alvarado y el candidato oficialista Carlos Alvarado. El primero, periodista y diputado de 43\" \/>\n\t<meta name=\"robots\" content=\"max-image-preview:large\" \/>\n\t<meta name=\"author\" content=\"El Digital de Asturias\"\/>\n\t<meta name=\"google-site-verification\" content=\"UA-38556648-1\" \/>\n\t<meta name=\"msvalidate.01\" content=\"7dfe9f3f1b24437ab69f4f2559babe99\" \/>\n\t<meta name=\"keywords\" content=\"actualidad\" \/>\n\t<link rel=\"canonical\" href=\"https:\/\/www.eldigitaldeasturias.com\/noticias\/polarizacion-y-religion-marcan-la-segunda-vuelta-electoral-en-costa-rica\/\" \/>\n\t<meta name=\"generator\" content=\"All in One SEO Pro (AIOSEO) 5.0.1\" \/>\n\t\t<meta property=\"og:locale\" content=\"es_ES\" \/>\n\t\t<meta property=\"og:site_name\" content=\"El Digital de Asturias\" \/>\n\t\t<meta property=\"og:type\" content=\"article\" \/>\n\t\t<meta property=\"og:title\" content=\"Polarizaci\u00f3n y religi\u00f3n marcan la segunda vuelta electoral en Costa Rica - El Digital de Asturias\" \/>\n\t\t<meta property=\"og:description\" content=\"San Jos\u00e9, 30 mar (dpa) - La polarizaci\u00f3n y la religi\u00f3n, coincidiendo con la Semana Santa, marcan la recta final hacia la segunda vuelta de las elecciones presidenciales que se disputan el domingo en Costa Rica entre el predicador evang\u00e9lico Fabricio Alvarado y el candidato oficialista Carlos Alvarado. El primero, periodista y diputado de 43\" \/>\n\t\t<meta property=\"og:url\" content=\"https:\/\/www.eldigitaldeasturias.com\/noticias\/polarizacion-y-religion-marcan-la-segunda-vuelta-electoral-en-costa-rica\/\" \/>\n\t\t<meta property=\"article:tag\" content=\"actualidad\" \/>\n\t\t<meta property=\"article:published_time\" content=\"2018-03-30T16:41:17+00:00\" \/>\n\t\t<meta property=\"article:modified_time\" content=\"2018-03-30T16:41:17+00:00\" \/>\n\t\t<meta property=\"article:publisher\" content=\"https:\/\/facebook.com\/eldigitaldeasturias\" \/>\n\t\t<meta name=\"twitter:card\" content=\"summary_large_image\" \/>\n\t\t<meta name=\"twitter:title\" content=\"Polarizaci\u00f3n y religi\u00f3n marcan la segunda vuelta electoral en Costa Rica - El Digital de Asturias\" \/>\n\t\t<meta name=\"twitter:description\" content=\"San Jos\u00e9, 30 mar (dpa) - La polarizaci\u00f3n y la religi\u00f3n, coincidiendo con la Semana Santa, marcan la recta final hacia la segunda vuelta de las elecciones presidenciales que se disputan el domingo en Costa Rica entre el predicador evang\u00e9lico Fabricio Alvarado y el candidato oficialista Carlos Alvarado. El primero, periodista y diputado de 43\" \/>\n\t\t<meta name=\"twitter:image\" content=\"https:\/\/www.eldigitaldeasturias.com\/noticias\/wp-content\/uploads\/2020\/12\/EDA-1.jpg\" \/>\n\t\t<meta name=\"twitter:label1\" content=\"Escrito por\" \/>\n\t\t<meta name=\"twitter:data1\" content=\"El Digital de Asturias\" \/>\n\t\t<meta name=\"twitter:label2\" content=\"Tiempo de lectura estimado\" \/>\n\t\t<meta name=\"twitter:data2\" content=\"4 minutos\" \/>\n\t\t<script type=\"application\/ld+json\" class=\"aioseo-schema\">\n\t\t\t{\"@context\":\"https:\\\/\\\/schema.org\",\"@graph\":[{\"@type\":\"BlogPosting\",\"@id\":\"https:\\\/\\\/www.eldigitaldeasturias.com\\\/noticias\\\/polarizacion-y-religion-marcan-la-segunda-vuelta-electoral-en-costa-rica\\\/#blogposting\",\"name\":\"Polarizaci\\u00f3n y religi\\u00f3n marcan la segunda vuelta electoral en Costa Rica - El Digital de Asturias\",\"headline\":\"Polarizaci\\u00f3n y religi\\u00f3n marcan la segunda vuelta electoral en Costa Rica\",\"author\":{\"@id\":\"https:\\\/\\\/www.eldigitaldeasturias.com\\\/noticias\\\/author\\\/admin\\\/#author\"},\"publisher\":{\"@id\":\"https:\\\/\\\/www.eldigitaldeasturias.com\\\/noticias\\\/#organization\"},\"image\":{\"@type\":\"ImageObject\",\"url\":974110},\"datePublished\":\"2018-03-30T16:41:17+02:00\",\"dateModified\":\"2018-03-30T16:41:17+02:00\",\"inLanguage\":\"es-ES\",\"mainEntityOfPage\":{\"@id\":\"https:\\\/\\\/www.eldigitaldeasturias.com\\\/noticias\\\/polarizacion-y-religion-marcan-la-segunda-vuelta-electoral-en-costa-rica\\\/#webpage\"},\"isPartOf\":{\"@id\":\"https:\\\/\\\/www.eldigitaldeasturias.com\\\/noticias\\\/polarizacion-y-religion-marcan-la-segunda-vuelta-electoral-en-costa-rica\\\/#webpage\"},\"articleSection\":\"Actualidad\"},{\"@type\":\"BreadcrumbList\",\"@id\":\"https:\\\/\\\/www.eldigitaldeasturias.com\\\/noticias\\\/polarizacion-y-religion-marcan-la-segunda-vuelta-electoral-en-costa-rica\\\/#breadcrumblist\",\"itemListElement\":[{\"@type\":\"ListItem\",\"@id\":\"https:\\\/\\\/www.eldigitaldeasturias.com\\\/noticias#listItem\",\"position\":1,\"name\":\"Home\",\"item\":\"https:\\\/\\\/www.eldigitaldeasturias.com\\\/noticias\",\"nextItem\":{\"@type\":\"ListItem\",\"@id\":\"https:\\\/\\\/www.eldigitaldeasturias.com\\\/noticias\\\/category\\\/actualidad\\\/#listItem\",\"name\":\"Actualidad\"}},{\"@type\":\"ListItem\",\"@id\":\"https:\\\/\\\/www.eldigitaldeasturias.com\\\/noticias\\\/category\\\/actualidad\\\/#listItem\",\"position\":2,\"name\":\"Actualidad\",\"item\":\"https:\\\/\\\/www.eldigitaldeasturias.com\\\/noticias\\\/category\\\/actualidad\\\/\",\"nextItem\":{\"@type\":\"ListItem\",\"@id\":\"https:\\\/\\\/www.eldigitaldeasturias.com\\\/noticias\\\/polarizacion-y-religion-marcan-la-segunda-vuelta-electoral-en-costa-rica\\\/#listItem\",\"name\":\"Polarizaci\\u00f3n y religi\\u00f3n marcan la segunda vuelta electoral en Costa Rica\"},\"previousItem\":{\"@type\":\"ListItem\",\"@id\":\"https:\\\/\\\/www.eldigitaldeasturias.com\\\/noticias#listItem\",\"name\":\"Home\"}},{\"@type\":\"ListItem\",\"@id\":\"https:\\\/\\\/www.eldigitaldeasturias.com\\\/noticias\\\/polarizacion-y-religion-marcan-la-segunda-vuelta-electoral-en-costa-rica\\\/#listItem\",\"position\":3,\"name\":\"Polarizaci\\u00f3n y religi\\u00f3n marcan la segunda vuelta electoral en Costa Rica\",\"previousItem\":{\"@type\":\"ListItem\",\"@id\":\"https:\\\/\\\/www.eldigitaldeasturias.com\\\/noticias\\\/category\\\/actualidad\\\/#listItem\",\"name\":\"Actualidad\"}}]},{\"@type\":\"Organization\",\"@id\":\"https:\\\/\\\/www.eldigitaldeasturias.com\\\/noticias\\\/#organization\",\"name\":\"El Digital de Asturias\",\"description\":\"Hemeroteca\",\"url\":\"https:\\\/\\\/www.eldigitaldeasturias.com\\\/noticias\\\/\",\"email\":\"info@eldigitaldeasturias.com\",\"telephone\":\"+34652131393\",\"logo\":{\"@type\":\"ImageObject\",\"url\":\"https:\\\/\\\/www.eldigitaldeasturias.com\\\/noticias\\\/wp-content\\\/uploads\\\/2020\\\/12\\\/EDA.jpg\",\"@id\":\"https:\\\/\\\/www.eldigitaldeasturias.com\\\/noticias\\\/polarizacion-y-religion-marcan-la-segunda-vuelta-electoral-en-costa-rica\\\/#organizationLogo\"},\"image\":{\"@id\":\"https:\\\/\\\/www.eldigitaldeasturias.com\\\/noticias\\\/polarizacion-y-religion-marcan-la-segunda-vuelta-electoral-en-costa-rica\\\/#organizationLogo\"},\"sameAs\":[\"https:\\\/\\\/facebook.com\\\/eldigitaldeasturias\",\"https:\\\/\\\/www.youtube.com\\\/channel\\\/UCZP-2wLEB9Rv6erhFmqVnvg\"],\"address\":{\"@id\":\"https:\\\/\\\/www.eldigitaldeasturias.com\\\/noticias\\\/#postaladdress\",\"@type\":\"PostalAddress\",\"streetAddress\":\"san antonio 4\",\"postalCode\":\"33430\",\"addressLocality\":\"Cand\\u00e1s\",\"addressRegion\":\"Asturias\",\"addressCountry\":\"ES\"}},{\"@type\":\"Person\",\"@id\":\"https:\\\/\\\/www.eldigitaldeasturias.com\\\/noticias\\\/author\\\/admin\\\/#author\",\"url\":\"https:\\\/\\\/www.eldigitaldeasturias.com\\\/noticias\\\/author\\\/admin\\\/\",\"name\":\"El Digital de Asturias\",\"image\":{\"@type\":\"ImageObject\",\"@id\":\"https:\\\/\\\/www.eldigitaldeasturias.com\\\/noticias\\\/polarizacion-y-religion-marcan-la-segunda-vuelta-electoral-en-costa-rica\\\/#authorImage\",\"url\":\"https:\\\/\\\/secure.gravatar.com\\\/avatar\\\/df2aeffc32bcd13f8d26072ef8a91b623d677766deac7f97ca815868cd41bf5e?s=96&d=mm&r=g\",\"width\":96,\"height\":96,\"caption\":\"El Digital de Asturias\"}},{\"@type\":\"WebPage\",\"@id\":\"https:\\\/\\\/www.eldigitaldeasturias.com\\\/noticias\\\/polarizacion-y-religion-marcan-la-segunda-vuelta-electoral-en-costa-rica\\\/#webpage\",\"url\":\"https:\\\/\\\/www.eldigitaldeasturias.com\\\/noticias\\\/polarizacion-y-religion-marcan-la-segunda-vuelta-electoral-en-costa-rica\\\/\",\"name\":\"Polarizaci\\u00f3n y religi\\u00f3n marcan la segunda vuelta electoral en Costa Rica - El Digital de Asturias\",\"description\":\"San Jos\\u00e9, 30 mar (dpa) - La polarizaci\\u00f3n y la religi\\u00f3n, coincidiendo con la Semana Santa, marcan la recta final hacia la segunda vuelta de las elecciones presidenciales que se disputan el domingo en Costa Rica entre el predicador evang\\u00e9lico Fabricio Alvarado y el candidato oficialista Carlos Alvarado. El primero, periodista y diputado de 43\",\"inLanguage\":\"es-ES\",\"isPartOf\":{\"@id\":\"https:\\\/\\\/www.eldigitaldeasturias.com\\\/noticias\\\/#website\"},\"breadcrumb\":{\"@id\":\"https:\\\/\\\/www.eldigitaldeasturias.com\\\/noticias\\\/polarizacion-y-religion-marcan-la-segunda-vuelta-electoral-en-costa-rica\\\/#breadcrumblist\"},\"author\":{\"@id\":\"https:\\\/\\\/www.eldigitaldeasturias.com\\\/noticias\\\/author\\\/admin\\\/#author\"},\"creator\":{\"@id\":\"https:\\\/\\\/www.eldigitaldeasturias.com\\\/noticias\\\/author\\\/admin\\\/#author\"},\"image\":{\"@type\":\"ImageObject\",\"url\":974110,\"@id\":\"https:\\\/\\\/www.eldigitaldeasturias.com\\\/noticias\\\/polarizacion-y-religion-marcan-la-segunda-vuelta-electoral-en-costa-rica\\\/#mainImage\"},\"primaryImageOfPage\":{\"@id\":\"https:\\\/\\\/www.eldigitaldeasturias.com\\\/noticias\\\/polarizacion-y-religion-marcan-la-segunda-vuelta-electoral-en-costa-rica\\\/#mainImage\"},\"datePublished\":\"2018-03-30T16:41:17+02:00\",\"dateModified\":\"2018-03-30T16:41:17+02:00\"},{\"@type\":\"WebSite\",\"@id\":\"https:\\\/\\\/www.eldigitaldeasturias.com\\\/noticias\\\/#website\",\"url\":\"https:\\\/\\\/www.eldigitaldeasturias.com\\\/noticias\\\/\",\"name\":\"El Digital de Asturias - Diario de actualidad y noticias\",\"alternateName\":\"El Digital de Asturias - Diario de actualidad y noticias\",\"description\":\"Hemeroteca\",\"inLanguage\":\"es-ES\",\"publisher\":{\"@id\":\"https:\\\/\\\/www.eldigitaldeasturias.com\\\/noticias\\\/#organization\"}}]}\n\t\t<\/script>\n\t\t<!-- All in One SEO Pro -->\r\n\t\t<title>Polarizaci\u00f3n y religi\u00f3n marcan la segunda vuelta electoral en Costa Rica - El Digital de Asturias<\/title>\n\n","aioseo_head_json":{"title":"Polarizaci\u00f3n y religi\u00f3n marcan la segunda vuelta electoral en Costa Rica - El Digital de Asturias","description":"San Jos\u00e9, 30 mar (dpa) - La polarizaci\u00f3n y la religi\u00f3n, coincidiendo con la Semana Santa, marcan la recta final hacia la segunda vuelta de las elecciones presidenciales que se disputan el domingo en Costa Rica entre el predicador evang\u00e9lico Fabricio Alvarado y el candidato oficialista Carlos Alvarado. El primero, periodista y diputado de 43","canonical_url":"https:\/\/www.eldigitaldeasturias.com\/noticias\/polarizacion-y-religion-marcan-la-segunda-vuelta-electoral-en-costa-rica\/","robots":"max-image-preview:large","keywords":"actualidad","webmasterTools":{"google-site-verification":"UA-38556648-1","msvalidate.01":"7dfe9f3f1b24437ab69f4f2559babe99","miscellaneous":""},"schema":{"@context":"https:\/\/schema.org","@graph":[{"@type":"BlogPosting","@id":"https:\/\/www.eldigitaldeasturias.com\/noticias\/polarizacion-y-religion-marcan-la-segunda-vuelta-electoral-en-costa-rica\/#blogposting","name":"Polarizaci\u00f3n y religi\u00f3n marcan la segunda vuelta electoral en Costa Rica - El Digital de Asturias","headline":"Polarizaci\u00f3n y religi\u00f3n marcan la segunda vuelta electoral en Costa Rica","author":{"@id":"https:\/\/www.eldigitaldeasturias.com\/noticias\/author\/admin\/#author"},"publisher":{"@id":"https:\/\/www.eldigitaldeasturias.com\/noticias\/#organization"},"image":{"@type":"ImageObject","url":974110},"datePublished":"2018-03-30T16:41:17+02:00","dateModified":"2018-03-30T16:41:17+02:00","inLanguage":"es-ES","mainEntityOfPage":{"@id":"https:\/\/www.eldigitaldeasturias.com\/noticias\/polarizacion-y-religion-marcan-la-segunda-vuelta-electoral-en-costa-rica\/#webpage"},"isPartOf":{"@id":"https:\/\/www.eldigitaldeasturias.com\/noticias\/polarizacion-y-religion-marcan-la-segunda-vuelta-electoral-en-costa-rica\/#webpage"},"articleSection":"Actualidad"},{"@type":"BreadcrumbList","@id":"https:\/\/www.eldigitaldeasturias.com\/noticias\/polarizacion-y-religion-marcan-la-segunda-vuelta-electoral-en-costa-rica\/#breadcrumblist","itemListElement":[{"@type":"ListItem","@id":"https:\/\/www.eldigitaldeasturias.com\/noticias#listItem","position":1,"name":"Home","item":"https:\/\/www.eldigitaldeasturias.com\/noticias","nextItem":{"@type":"ListItem","@id":"https:\/\/www.eldigitaldeasturias.com\/noticias\/category\/actualidad\/#listItem","name":"Actualidad"}},{"@type":"ListItem","@id":"https:\/\/www.eldigitaldeasturias.com\/noticias\/category\/actualidad\/#listItem","position":2,"name":"Actualidad","item":"https:\/\/www.eldigitaldeasturias.com\/noticias\/category\/actualidad\/","nextItem":{"@type":"ListItem","@id":"https:\/\/www.eldigitaldeasturias.com\/noticias\/polarizacion-y-religion-marcan-la-segunda-vuelta-electoral-en-costa-rica\/#listItem","name":"Polarizaci\u00f3n y religi\u00f3n marcan la segunda vuelta electoral en Costa Rica"},"previousItem":{"@type":"ListItem","@id":"https:\/\/www.eldigitaldeasturias.com\/noticias#listItem","name":"Home"}},{"@type":"ListItem","@id":"https:\/\/www.eldigitaldeasturias.com\/noticias\/polarizacion-y-religion-marcan-la-segunda-vuelta-electoral-en-costa-rica\/#listItem","position":3,"name":"Polarizaci\u00f3n y religi\u00f3n marcan la segunda vuelta electoral en Costa Rica","previousItem":{"@type":"ListItem","@id":"https:\/\/www.eldigitaldeasturias.com\/noticias\/category\/actualidad\/#listItem","name":"Actualidad"}}]},{"@type":"Organization","@id":"https:\/\/www.eldigitaldeasturias.com\/noticias\/#organization","name":"El Digital de Asturias","description":"Hemeroteca","url":"https:\/\/www.eldigitaldeasturias.com\/noticias\/","email":"info@eldigitaldeasturias.com","telephone":"+34652131393","logo":{"@type":"ImageObject","url":"https:\/\/www.eldigitaldeasturias.com\/noticias\/wp-content\/uploads\/2020\/12\/EDA.jpg","@id":"https:\/\/www.eldigitaldeasturias.com\/noticias\/polarizacion-y-religion-marcan-la-segunda-vuelta-electoral-en-costa-rica\/#organizationLogo"},"image":{"@id":"https:\/\/www.eldigitaldeasturias.com\/noticias\/polarizacion-y-religion-marcan-la-segunda-vuelta-electoral-en-costa-rica\/#organizationLogo"},"sameAs":["https:\/\/facebook.com\/eldigitaldeasturias","https:\/\/www.youtube.com\/channel\/UCZP-2wLEB9Rv6erhFmqVnvg"],"address":{"@id":"https:\/\/www.eldigitaldeasturias.com\/noticias\/#postaladdress","@type":"PostalAddress","streetAddress":"san antonio 4","postalCode":"33430","addressLocality":"Cand\u00e1s","addressRegion":"Asturias","addressCountry":"ES"}},{"@type":"Person","@id":"https:\/\/www.eldigitaldeasturias.com\/noticias\/author\/admin\/#author","url":"https:\/\/www.eldigitaldeasturias.com\/noticias\/author\/admin\/","name":"El Digital de Asturias","image":{"@type":"ImageObject","@id":"https:\/\/www.eldigitaldeasturias.com\/noticias\/polarizacion-y-religion-marcan-la-segunda-vuelta-electoral-en-costa-rica\/#authorImage","url":"https:\/\/secure.gravatar.com\/avatar\/df2aeffc32bcd13f8d26072ef8a91b623d677766deac7f97ca815868cd41bf5e?s=96&d=mm&r=g","width":96,"height":96,"caption":"El Digital de Asturias"}},{"@type":"WebPage","@id":"https:\/\/www.eldigitaldeasturias.com\/noticias\/polarizacion-y-religion-marcan-la-segunda-vuelta-electoral-en-costa-rica\/#webpage","url":"https:\/\/www.eldigitaldeasturias.com\/noticias\/polarizacion-y-religion-marcan-la-segunda-vuelta-electoral-en-costa-rica\/","name":"Polarizaci\u00f3n y religi\u00f3n marcan la segunda vuelta electoral en Costa Rica - El Digital de Asturias","description":"San Jos\u00e9, 30 mar (dpa) - La polarizaci\u00f3n y la religi\u00f3n, coincidiendo con la Semana Santa, marcan la recta final hacia la segunda vuelta de las elecciones presidenciales que se disputan el domingo en Costa Rica entre el predicador evang\u00e9lico Fabricio Alvarado y el candidato oficialista Carlos Alvarado. El primero, periodista y diputado de 43","inLanguage":"es-ES","isPartOf":{"@id":"https:\/\/www.eldigitaldeasturias.com\/noticias\/#website"},"breadcrumb":{"@id":"https:\/\/www.eldigitaldeasturias.com\/noticias\/polarizacion-y-religion-marcan-la-segunda-vuelta-electoral-en-costa-rica\/#breadcrumblist"},"author":{"@id":"https:\/\/www.eldigitaldeasturias.com\/noticias\/author\/admin\/#author"},"creator":{"@id":"https:\/\/www.eldigitaldeasturias.com\/noticias\/author\/admin\/#author"},"image":{"@type":"ImageObject","url":974110,"@id":"https:\/\/www.eldigitaldeasturias.com\/noticias\/polarizacion-y-religion-marcan-la-segunda-vuelta-electoral-en-costa-rica\/#mainImage"},"primaryImageOfPage":{"@id":"https:\/\/www.eldigitaldeasturias.com\/noticias\/polarizacion-y-religion-marcan-la-segunda-vuelta-electoral-en-costa-rica\/#mainImage"},"datePublished":"2018-03-30T16:41:17+02:00","dateModified":"2018-03-30T16:41:17+02:00"},{"@type":"WebSite","@id":"https:\/\/www.eldigitaldeasturias.com\/noticias\/#website","url":"https:\/\/www.eldigitaldeasturias.com\/noticias\/","name":"El Digital de Asturias - Diario de actualidad y noticias","alternateName":"El Digital de Asturias - Diario de actualidad y noticias","description":"Hemeroteca","inLanguage":"es-ES","publisher":{"@id":"https:\/\/www.eldigitaldeasturias.com\/noticias\/#organization"}}]},"og:locale":"es_ES","og:site_name":"El Digital de Asturias","og:type":"article","og:title":"Polarizaci\u00f3n y religi\u00f3n marcan la segunda vuelta electoral en Costa Rica - El Digital de Asturias","og:description":"San Jos\u00e9, 30 mar (dpa) - La polarizaci\u00f3n y la religi\u00f3n, coincidiendo con la Semana Santa, marcan la recta final hacia la segunda vuelta de las elecciones presidenciales que se disputan el domingo en Costa Rica entre el predicador evang\u00e9lico Fabricio Alvarado y el candidato oficialista Carlos Alvarado. El primero, periodista y diputado de 43","og:url":"https:\/\/www.eldigitaldeasturias.com\/noticias\/polarizacion-y-religion-marcan-la-segunda-vuelta-electoral-en-costa-rica\/","article:tag":["actualidad"],"article:published_time":"2018-03-30T16:41:17+00:00","article:modified_time":"2018-03-30T16:41:17+00:00","article:publisher":"https:\/\/facebook.com\/eldigitaldeasturias","twitter:card":"summary_large_image","twitter:title":"Polarizaci\u00f3n y religi\u00f3n marcan la segunda vuelta electoral en Costa Rica - El Digital de Asturias","twitter:description":"San Jos\u00e9, 30 mar (dpa) - La polarizaci\u00f3n y la religi\u00f3n, coincidiendo con la Semana Santa, marcan la recta final hacia la segunda vuelta de las elecciones presidenciales que se disputan el domingo en Costa Rica entre el predicador evang\u00e9lico Fabricio Alvarado y el candidato oficialista Carlos Alvarado. El primero, periodista y diputado de 43","twitter:image":"https:\/\/www.eldigitaldeasturias.com\/noticias\/wp-content\/uploads\/2020\/12\/EDA-1.jpg","twitter:label1":"Escrito por","twitter:data1":"El Digital de Asturias","twitter:label2":"Tiempo de lectura estimado","twitter:data2":"4 minutos"},"aioseo_meta_data":{"post_id":"974109","title":null,"description":null,"keywords":null,"keyphrases":null,"primary_term":null,"canonical_url":null,"og_title":null,"og_description":null,"og_object_type":"default","og_image_type":"default","og_image_url":null,"og_image_width":null,"og_image_height":null,"og_image_custom_url":null,"og_image_custom_fields":null,"og_video":null,"og_custom_url":null,"og_article_section":null,"og_article_tags":null,"twitter_use_og":false,"twitter_card":"default","twitter_image_type":"default","twitter_image_url":null,"twitter_image_custom_url":null,"twitter_image_custom_fields":null,"twitter_title":null,"twitter_description":null,"schema":{"blockGraphs":[],"customGraphs":[],"default":{"data":{"Article":[],"Course":[],"Dataset":[],"FAQPage":[],"Movie":[],"Person":[],"Product":[],"ProductReview":[],"Car":[],"Recipe":[],"Service":[],"SoftwareApplication":[],"WebPage":[]},"graphName":"","isEnabled":true},"graphs":[],"defaultGraph":"","defaultPostTypeGraph":""},"schema_type":null,"schema_type_options":null,"pillar_content":false,"robots_default":true,"robots_noindex":false,"robots_noarchive":false,"robots_nosnippet":false,"robots_nofollow":false,"robots_noimageindex":false,"robots_noodp":false,"robots_notranslate":false,"robots_max_snippet":null,"robots_max_videopreview":null,"robots_max_imagepreview":"large","priority":null,"frequency":null,"local_seo":null,"seo_analyzer_scan_date":"2025-10-07 19:05:10","breadcrumb_settings":null,"limit_modified_date":false,"open_ai":null,"ai":null,"created":"2020-12-21 12:14:37","updated":"2025-10-07 19:05:10","focus_keyword":null,"additional_keywords":null,"truseo_locale":null},"aioseo_breadcrumb":"<div class=\"aioseo-breadcrumbs\"><span class=\"aioseo-breadcrumb\">\n\t<a href=\"https:\/\/www.eldigitaldeasturias.com\/noticias\" title=\"Home\">Home<\/a>\n<\/span><span class=\"aioseo-breadcrumb-separator\">\u2013<\/span><span class=\"aioseo-breadcrumb\">\n\t<a href=\"https:\/\/www.eldigitaldeasturias.com\/noticias\/category\/actualidad\/\" title=\"Actualidad\">Actualidad<\/a>\n<\/span><span class=\"aioseo-breadcrumb-separator\">\u2013<\/span><span class=\"aioseo-breadcrumb\">\n\t<a href=\"https:\/\/www.eldigitaldeasturias.com\/noticias\/polarizacion-y-religion-marcan-la-segunda-vuelta-electoral-en-costa-rica\/\" title=\"Polarizaci\u00f3n y religi\u00f3n marcan la segunda vuelta electoral en Costa Rica\">Polarizaci\u00f3n y religi\u00f3n marcan la segunda vuelta electoral en Costa Rica<\/a>\n<\/span><\/div>","aioseo_breadcrumb_json":[{"label":"Home","link":"https:\/\/www.eldigitaldeasturias.com\/noticias"},{"label":"Actualidad","link":"https:\/\/www.eldigitaldeasturias.com\/noticias\/category\/actualidad\/"},{"label":"Polarizaci\u00f3n y religi\u00f3n marcan la segunda vuelta electoral en Costa Rica","link":"https:\/\/www.eldigitaldeasturias.com\/noticias\/polarizacion-y-religion-marcan-la-segunda-vuelta-electoral-en-costa-rica\/"}],"_links":{"self":[{"href":"https:\/\/www.eldigitaldeasturias.com\/noticias\/wp-json\/wp\/v2\/posts\/974109","targetHints":{"allow":["GET"]}}],"collection":[{"href":"https:\/\/www.eldigitaldeasturias.com\/noticias\/wp-json\/wp\/v2\/posts"}],"about":[{"href":"https:\/\/www.eldigitaldeasturias.com\/noticias\/wp-json\/wp\/v2\/types\/post"}],"author":[{"embeddable":true,"href":"https:\/\/www.eldigitaldeasturias.com\/noticias\/wp-json\/wp\/v2\/users\/1"}],"replies":[{"embeddable":true,"href":"https:\/\/www.eldigitaldeasturias.com\/noticias\/wp-json\/wp\/v2\/comments?post=974109"}],"version-history":[{"count":0,"href":"https:\/\/www.eldigitaldeasturias.com\/noticias\/wp-json\/wp\/v2\/posts\/974109\/revisions"}],"wp:attachment":[{"href":"https:\/\/www.eldigitaldeasturias.com\/noticias\/wp-json\/wp\/v2\/media?parent=974109"}],"wp:term":[{"taxonomy":"category","embeddable":true,"href":"https:\/\/www.eldigitaldeasturias.com\/noticias\/wp-json\/wp\/v2\/categories?post=974109"},{"taxonomy":"post_tag","embeddable":true,"href":"https:\/\/www.eldigitaldeasturias.com\/noticias\/wp-json\/wp\/v2\/tags?post=974109"}],"curies":[{"name":"wp","href":"https:\/\/api.w.org\/{rel}","templated":true}]}}