{"id":974106,"date":"2018-03-30T16:38:24","date_gmt":"2018-03-30T16:38:24","guid":{"rendered":"http:\/\/www.eldigitaldeasturias.com\/noticias\/?p=974106"},"modified":"2018-03-30T16:38:24","modified_gmt":"2018-03-30T16:38:24","slug":"la-peor-tragedia-climatica-argentina-sin-culpables-un-lustro-despues","status":"publish","type":"post","link":"https:\/\/www.eldigitaldeasturias.com\/noticias\/la-peor-tragedia-climatica-argentina-sin-culpables-un-lustro-despues\/","title":{"rendered":"La peor tragedia clim\u00e1tica argentina, sin culpables un lustro despu\u00e9s"},"content":{"rendered":"<p><img loading=\"lazy\" decoding=\"async\" class=\"alignleft size-medium wp-image-974107\" src=\"https:\/\/www.eldigitaldeasturias.com\/noticias\/wp-content\/uploads\/2018\/03\/water-815271_1280-360x228.jpg\" alt=\"\" width=\"360\" height=\"228\" \/>Buenos Aires, 30 mar (dpa) &#8211; La peor inundaci\u00f3n provocada por un temporal de lluvia en una ciudad argentina ocurri\u00f3 hace cinco a\u00f1os en La Plata, capital de la provincia de Buenos Aires, donde 89 personas murieron y 350.000 se vieron damnificadas, una tragedia ante la cual la Justicia no estableci\u00f3 a\u00fan responsabilidades legales.<\/p>\n<p>\u00abLas aguas cubrieron la ciudad durante 15 horas. En ese tortuoso trance se produjo la mayor parte de los fallecimientos de personas ahogadas dentro de sus propias viviendas o arrastradas por la corriente en las calles\u00bb, dijo a dpa Pablo Morosi, periodista y autor del libro \u00abGenealog\u00eda de una tragedia\u00bb.<\/p>\n<p>Seg\u00fan la investigaci\u00f3n, publicada por Marea Editorial, en un lapso de s\u00f3lo tres horas durante la tarde del 2 de abril de 2013 cayeron 302 mil\u00edmetros de agua de lluvia a ra\u00edz de un temporal calificado de \u00abextraordinario\u00bb por los expertos.<\/p>\n<p>La Plata est\u00e1 situada a unos 50 kil\u00f3metros al sur de Buenos Aires, a orillas del r\u00edo de la Plata. Fue fundada en 1882 con el objetivo de descentralizar la actividad administrativa de la capital argentina y establecer una cabecera gubernamental de la provincia de Buenos Aires, la m\u00e1s poblada y extensa del pa\u00eds.<\/p>\n<p>La ciudad fue construida sobre un territorio deprimido y atravesado por tres arroyos. Con el correr de los a\u00f1os, fue ampliando su superficie urbana con poca planificaci\u00f3n, resignando espacios verdes clave para el escurrimiento de las lluvias.<\/p>\n<p>La \u00abcat\u00e1strofe meteorol\u00f3gica\u00bb de 2013, explic\u00f3 Morosi, \u00abno tiene antecedentes en el pa\u00eds pero no se gest\u00f3 de un d\u00eda para el otro\u00bb.<\/p>\n<p>Su investigaci\u00f3n, encarada junto al ingeniero hidr\u00e1ulico Pablo Romanazzi, incluy\u00f3 la revisi\u00f3n de archivos de la ciudad, entre ellos los del Observatorio de la Universidad Nacional de La Plata, que lleva registro de las lluvias ca\u00eddas en la zona desde 1909.<\/p>\n<p>Morosi y Romanazzi analizaron los 20 eventos meteorol\u00f3gicos con lluvias que hubieran superado los 100 mil\u00edmetros de agua ca\u00edda.<\/p>\n<p>\u00abCon esos datos fuimos a una hemeroteca para ver qu\u00e9 dec\u00edan los diarios de la \u00e9poca sobre el impacto de las tormentas, y lo que encontramos fueron cr\u00f3nicas similares a las que se escribieron en 2013, excepto por la cantidad de muertes\u00bb, indic\u00f3 Morosi.<\/p>\n<p>Como parte del trabajo, adem\u00e1s, cotejaron un mapa de los sitios m\u00e1s inundados en 1930 con las zonas afectadas por la crecida de las aguas hace cinco a\u00f1os. \u00abSe trata casi del mismo dibujo\u00bb, dijo Morosi.<\/p>\n<p>El Servicio Meteorol\u00f3gico argentino (SMN) emiti\u00f3 en la madrugada del 2 de abril de 2013 un aviso de alerta por tormentas fuertes para La Plata. Fue el \u00fanico reporte que difundi\u00f3 el organismo encargado de dar informaci\u00f3n clim\u00e1tica.<\/p>\n<p>Ante la Justicia, los responsables del SMN explicaron que el radar que deb\u00eda monitorear el fen\u00f3meno que se avecinaba en La Plata estaba roto.<\/p>\n<p>El principal foco del temporal ocurri\u00f3 entre las 16:00 y las 19:00 horas de ese d\u00eda. A partir de ese momento, record\u00f3 Morosi, \u00abla muerte habit\u00f3 La Plata\u00bb.<\/p>\n<p>\u00abSin posibilidad de realizar comunicaciones telef\u00f3nicas, subidos a los pocos muebles que quedan en pie, encaramados en techos o terrazas, colgados de las ramas de los \u00e1rboles, los platenses fueron condenados a esperar un auxilio que nunca lleg\u00f3\u00bb, se\u00f1al\u00f3.<\/p>\n<p>La inundaci\u00f3n afect\u00f3 durante algunas horas a la madre de la entonces presidenta argentina, Cristina Fern\u00e1ndez de Kirchner, que apenas baj\u00f3 el agua se acerc\u00f3 a la casa familiar en La Plata, su ciudad natal.<\/p>\n<p>No fue hasta un a\u00f1o despu\u00e9s que la Justicia logr\u00f3 establecer la cifra de v\u00edctimas fatales provocada por la tragedia. Los muertos fueron 89, el 70 por ciento de ellos mayores de 65 a\u00f1os.<\/p>\n<p>La investigaci\u00f3n realizada por el juez en lo Contencioso Administrativo de La Plata Luis Arias abri\u00f3 la posibilidad de que otras 17 personas hayan muerto durante el temporal, aunque no se logr\u00f3 comprobar el n\u00famero en forma fehaciente. Todav\u00eda hoy los platenses dudan de la cifra final de v\u00edctimas fatales.<\/p>\n<p>\u00abAlgunos no tuvieron tiempo de escapar de esta trampa mortal\u00bb, reconoci\u00f3 en aquel momento el entonces gobernador de Buenos Aires, el peronista Daniel Scioli, que dos a\u00f1os despu\u00e9s de la tragedia fue candidato a presidente y perdi\u00f3 en las elecciones con el actual mandatario, Mauricio Macri.<\/p>\n<p>Scioli y su gobierno fueron muy criticados por los damnificados, especialmente por la lenta reacci\u00f3n exhibida ante el fen\u00f3meno clim\u00e1tico.<\/p>\n<p>S\u00f3lo dos funcionarios \u00abde segundo y tercer orden\u00bb pertenecientes a la direcci\u00f3n de Defensa Civil de La Plata fueron se\u00f1alados por la Justicia como responsables de no implementar un plan de contingencia frente a la inundaci\u00f3n. \u00abNo se persigui\u00f3 a los verdaderos responsables pol\u00edticos de la tragedia\u00bb, afirm\u00f3 Morosi.<\/p>\n<p>Horas despu\u00e9s del temporal, el entonces alcalde de La Plata, Pablo Bruera, protagoniz\u00f3 un papel\u00f3n en Twitter al difundirse en su cuenta una foto colaborando con los damnificados del temporal cuando en realidad estaba de vacaciones en Brasil.<\/p>\n<p>Por Gabriel Tu\u00f1ez (dpa)<\/p>\n","protected":false},"excerpt":{"rendered":"<p>Buenos Aires, 30 mar (dpa) &#8211; La peor inundaci\u00f3n provocada por un temporal de lluvia en una ciudad argentina ocurri\u00f3 hace cinco a\u00f1os en La Plata, capital de la provincia de Buenos Aires, donde 89 personas murieron y 350.000 se vieron damnificadas, una tragedia ante la cual la Justicia no estableci\u00f3 a\u00fan responsabilidades legales. \u00abLas [&hellip;]<\/p>\n","protected":false},"author":1,"featured_media":974107,"comment_status":"closed","ping_status":"closed","sticky":false,"template":"","format":"standard","meta":{"footnotes":""},"categories":[1],"tags":[],"class_list":["post-974106","post","type-post","status-publish","format-standard","has-post-thumbnail","hentry","category-actualidad"],"aioseo_notices":[],"aioseo_head":"\n\t\t<!-- All in One SEO Pro 5.0.1 - aioseo.com -->\n\t<meta name=\"description\" content=\"Buenos Aires, 30 mar (dpa) - La peor inundaci\u00f3n provocada por un temporal de lluvia en una ciudad argentina ocurri\u00f3 hace cinco a\u00f1os en La Plata, capital de la provincia de Buenos Aires, donde 89 personas murieron y 350.000 se vieron damnificadas, una tragedia ante la cual la Justicia no estableci\u00f3 a\u00fan responsabilidades legales. &quot;Las\" \/>\n\t<meta name=\"robots\" content=\"max-image-preview:large\" \/>\n\t<meta name=\"author\" content=\"El Digital de Asturias\"\/>\n\t<meta name=\"google-site-verification\" content=\"UA-38556648-1\" \/>\n\t<meta name=\"msvalidate.01\" content=\"7dfe9f3f1b24437ab69f4f2559babe99\" \/>\n\t<meta name=\"keywords\" content=\"actualidad\" \/>\n\t<link rel=\"canonical\" href=\"https:\/\/www.eldigitaldeasturias.com\/noticias\/la-peor-tragedia-climatica-argentina-sin-culpables-un-lustro-despues\/\" \/>\n\t<meta name=\"generator\" content=\"All in One SEO Pro (AIOSEO) 5.0.1\" \/>\n\t\t<meta property=\"og:locale\" content=\"es_ES\" \/>\n\t\t<meta property=\"og:site_name\" content=\"El Digital de Asturias\" \/>\n\t\t<meta property=\"og:type\" content=\"article\" \/>\n\t\t<meta property=\"og:title\" content=\"La peor tragedia clim\u00e1tica argentina, sin culpables un lustro despu\u00e9s - El Digital de Asturias\" \/>\n\t\t<meta property=\"og:description\" content=\"Buenos Aires, 30 mar (dpa) - La peor inundaci\u00f3n provocada por un temporal de lluvia en una ciudad argentina ocurri\u00f3 hace cinco a\u00f1os en La Plata, capital de la provincia de Buenos Aires, donde 89 personas murieron y 350.000 se vieron damnificadas, una tragedia ante la cual la Justicia no estableci\u00f3 a\u00fan responsabilidades legales. &quot;Las\" \/>\n\t\t<meta property=\"og:url\" content=\"https:\/\/www.eldigitaldeasturias.com\/noticias\/la-peor-tragedia-climatica-argentina-sin-culpables-un-lustro-despues\/\" \/>\n\t\t<meta property=\"article:tag\" content=\"actualidad\" \/>\n\t\t<meta property=\"article:published_time\" content=\"2018-03-30T16:38:24+00:00\" \/>\n\t\t<meta property=\"article:modified_time\" content=\"2018-03-30T16:38:24+00:00\" \/>\n\t\t<meta property=\"article:publisher\" content=\"https:\/\/facebook.com\/eldigitaldeasturias\" \/>\n\t\t<meta name=\"twitter:card\" content=\"summary_large_image\" \/>\n\t\t<meta name=\"twitter:title\" content=\"La peor tragedia clim\u00e1tica argentina, sin culpables un lustro despu\u00e9s - El Digital de Asturias\" \/>\n\t\t<meta name=\"twitter:description\" content=\"Buenos Aires, 30 mar (dpa) - La peor inundaci\u00f3n provocada por un temporal de lluvia en una ciudad argentina ocurri\u00f3 hace cinco a\u00f1os en La Plata, capital de la provincia de Buenos Aires, donde 89 personas murieron y 350.000 se vieron damnificadas, una tragedia ante la cual la Justicia no estableci\u00f3 a\u00fan responsabilidades legales. &quot;Las\" \/>\n\t\t<meta name=\"twitter:image\" content=\"https:\/\/www.eldigitaldeasturias.com\/noticias\/wp-content\/uploads\/2020\/12\/EDA-1.jpg\" \/>\n\t\t<meta name=\"twitter:label1\" content=\"Escrito por\" \/>\n\t\t<meta name=\"twitter:data1\" content=\"El Digital de Asturias\" \/>\n\t\t<meta name=\"twitter:label2\" content=\"Tiempo de lectura estimado\" \/>\n\t\t<meta name=\"twitter:data2\" content=\"4 minutos\" \/>\n\t\t<script type=\"application\/ld+json\" class=\"aioseo-schema\">\n\t\t\t{\"@context\":\"https:\\\/\\\/schema.org\",\"@graph\":[{\"@type\":\"BlogPosting\",\"@id\":\"https:\\\/\\\/www.eldigitaldeasturias.com\\\/noticias\\\/la-peor-tragedia-climatica-argentina-sin-culpables-un-lustro-despues\\\/#blogposting\",\"name\":\"La peor tragedia clim\\u00e1tica argentina, sin culpables un lustro despu\\u00e9s - El Digital de Asturias\",\"headline\":\"La peor tragedia clim\\u00e1tica argentina, sin culpables un lustro despu\\u00e9s\",\"author\":{\"@id\":\"https:\\\/\\\/www.eldigitaldeasturias.com\\\/noticias\\\/author\\\/admin\\\/#author\"},\"publisher\":{\"@id\":\"https:\\\/\\\/www.eldigitaldeasturias.com\\\/noticias\\\/#organization\"},\"image\":{\"@type\":\"ImageObject\",\"url\":974107},\"datePublished\":\"2018-03-30T16:38:24+02:00\",\"dateModified\":\"2018-03-30T16:38:24+02:00\",\"inLanguage\":\"es-ES\",\"mainEntityOfPage\":{\"@id\":\"https:\\\/\\\/www.eldigitaldeasturias.com\\\/noticias\\\/la-peor-tragedia-climatica-argentina-sin-culpables-un-lustro-despues\\\/#webpage\"},\"isPartOf\":{\"@id\":\"https:\\\/\\\/www.eldigitaldeasturias.com\\\/noticias\\\/la-peor-tragedia-climatica-argentina-sin-culpables-un-lustro-despues\\\/#webpage\"},\"articleSection\":\"Actualidad\"},{\"@type\":\"BreadcrumbList\",\"@id\":\"https:\\\/\\\/www.eldigitaldeasturias.com\\\/noticias\\\/la-peor-tragedia-climatica-argentina-sin-culpables-un-lustro-despues\\\/#breadcrumblist\",\"itemListElement\":[{\"@type\":\"ListItem\",\"@id\":\"https:\\\/\\\/www.eldigitaldeasturias.com\\\/noticias#listItem\",\"position\":1,\"name\":\"Home\",\"item\":\"https:\\\/\\\/www.eldigitaldeasturias.com\\\/noticias\",\"nextItem\":{\"@type\":\"ListItem\",\"@id\":\"https:\\\/\\\/www.eldigitaldeasturias.com\\\/noticias\\\/category\\\/actualidad\\\/#listItem\",\"name\":\"Actualidad\"}},{\"@type\":\"ListItem\",\"@id\":\"https:\\\/\\\/www.eldigitaldeasturias.com\\\/noticias\\\/category\\\/actualidad\\\/#listItem\",\"position\":2,\"name\":\"Actualidad\",\"item\":\"https:\\\/\\\/www.eldigitaldeasturias.com\\\/noticias\\\/category\\\/actualidad\\\/\",\"nextItem\":{\"@type\":\"ListItem\",\"@id\":\"https:\\\/\\\/www.eldigitaldeasturias.com\\\/noticias\\\/la-peor-tragedia-climatica-argentina-sin-culpables-un-lustro-despues\\\/#listItem\",\"name\":\"La peor tragedia clim\\u00e1tica argentina, sin culpables un lustro despu\\u00e9s\"},\"previousItem\":{\"@type\":\"ListItem\",\"@id\":\"https:\\\/\\\/www.eldigitaldeasturias.com\\\/noticias#listItem\",\"name\":\"Home\"}},{\"@type\":\"ListItem\",\"@id\":\"https:\\\/\\\/www.eldigitaldeasturias.com\\\/noticias\\\/la-peor-tragedia-climatica-argentina-sin-culpables-un-lustro-despues\\\/#listItem\",\"position\":3,\"name\":\"La peor tragedia clim\\u00e1tica argentina, sin culpables un lustro despu\\u00e9s\",\"previousItem\":{\"@type\":\"ListItem\",\"@id\":\"https:\\\/\\\/www.eldigitaldeasturias.com\\\/noticias\\\/category\\\/actualidad\\\/#listItem\",\"name\":\"Actualidad\"}}]},{\"@type\":\"Organization\",\"@id\":\"https:\\\/\\\/www.eldigitaldeasturias.com\\\/noticias\\\/#organization\",\"name\":\"El Digital de Asturias\",\"description\":\"Hemeroteca\",\"url\":\"https:\\\/\\\/www.eldigitaldeasturias.com\\\/noticias\\\/\",\"email\":\"info@eldigitaldeasturias.com\",\"telephone\":\"+34652131393\",\"logo\":{\"@type\":\"ImageObject\",\"url\":\"https:\\\/\\\/www.eldigitaldeasturias.com\\\/noticias\\\/wp-content\\\/uploads\\\/2020\\\/12\\\/EDA.jpg\",\"@id\":\"https:\\\/\\\/www.eldigitaldeasturias.com\\\/noticias\\\/la-peor-tragedia-climatica-argentina-sin-culpables-un-lustro-despues\\\/#organizationLogo\"},\"image\":{\"@id\":\"https:\\\/\\\/www.eldigitaldeasturias.com\\\/noticias\\\/la-peor-tragedia-climatica-argentina-sin-culpables-un-lustro-despues\\\/#organizationLogo\"},\"sameAs\":[\"https:\\\/\\\/facebook.com\\\/eldigitaldeasturias\",\"https:\\\/\\\/www.youtube.com\\\/channel\\\/UCZP-2wLEB9Rv6erhFmqVnvg\"],\"address\":{\"@id\":\"https:\\\/\\\/www.eldigitaldeasturias.com\\\/noticias\\\/#postaladdress\",\"@type\":\"PostalAddress\",\"streetAddress\":\"san antonio 4\",\"postalCode\":\"33430\",\"addressLocality\":\"Cand\\u00e1s\",\"addressRegion\":\"Asturias\",\"addressCountry\":\"ES\"}},{\"@type\":\"Person\",\"@id\":\"https:\\\/\\\/www.eldigitaldeasturias.com\\\/noticias\\\/author\\\/admin\\\/#author\",\"url\":\"https:\\\/\\\/www.eldigitaldeasturias.com\\\/noticias\\\/author\\\/admin\\\/\",\"name\":\"El Digital de Asturias\",\"image\":{\"@type\":\"ImageObject\",\"@id\":\"https:\\\/\\\/www.eldigitaldeasturias.com\\\/noticias\\\/la-peor-tragedia-climatica-argentina-sin-culpables-un-lustro-despues\\\/#authorImage\",\"url\":\"https:\\\/\\\/secure.gravatar.com\\\/avatar\\\/df2aeffc32bcd13f8d26072ef8a91b623d677766deac7f97ca815868cd41bf5e?s=96&d=mm&r=g\",\"width\":96,\"height\":96,\"caption\":\"El Digital de Asturias\"}},{\"@type\":\"WebPage\",\"@id\":\"https:\\\/\\\/www.eldigitaldeasturias.com\\\/noticias\\\/la-peor-tragedia-climatica-argentina-sin-culpables-un-lustro-despues\\\/#webpage\",\"url\":\"https:\\\/\\\/www.eldigitaldeasturias.com\\\/noticias\\\/la-peor-tragedia-climatica-argentina-sin-culpables-un-lustro-despues\\\/\",\"name\":\"La peor tragedia clim\\u00e1tica argentina, sin culpables un lustro despu\\u00e9s - El Digital de Asturias\",\"description\":\"Buenos Aires, 30 mar (dpa) - La peor inundaci\\u00f3n provocada por un temporal de lluvia en una ciudad argentina ocurri\\u00f3 hace cinco a\\u00f1os en La Plata, capital de la provincia de Buenos Aires, donde 89 personas murieron y 350.000 se vieron damnificadas, una tragedia ante la cual la Justicia no estableci\\u00f3 a\\u00fan responsabilidades legales. \\\"Las\",\"inLanguage\":\"es-ES\",\"isPartOf\":{\"@id\":\"https:\\\/\\\/www.eldigitaldeasturias.com\\\/noticias\\\/#website\"},\"breadcrumb\":{\"@id\":\"https:\\\/\\\/www.eldigitaldeasturias.com\\\/noticias\\\/la-peor-tragedia-climatica-argentina-sin-culpables-un-lustro-despues\\\/#breadcrumblist\"},\"author\":{\"@id\":\"https:\\\/\\\/www.eldigitaldeasturias.com\\\/noticias\\\/author\\\/admin\\\/#author\"},\"creator\":{\"@id\":\"https:\\\/\\\/www.eldigitaldeasturias.com\\\/noticias\\\/author\\\/admin\\\/#author\"},\"image\":{\"@type\":\"ImageObject\",\"url\":974107,\"@id\":\"https:\\\/\\\/www.eldigitaldeasturias.com\\\/noticias\\\/la-peor-tragedia-climatica-argentina-sin-culpables-un-lustro-despues\\\/#mainImage\"},\"primaryImageOfPage\":{\"@id\":\"https:\\\/\\\/www.eldigitaldeasturias.com\\\/noticias\\\/la-peor-tragedia-climatica-argentina-sin-culpables-un-lustro-despues\\\/#mainImage\"},\"datePublished\":\"2018-03-30T16:38:24+02:00\",\"dateModified\":\"2018-03-30T16:38:24+02:00\"},{\"@type\":\"WebSite\",\"@id\":\"https:\\\/\\\/www.eldigitaldeasturias.com\\\/noticias\\\/#website\",\"url\":\"https:\\\/\\\/www.eldigitaldeasturias.com\\\/noticias\\\/\",\"name\":\"El Digital de Asturias - Diario de actualidad y noticias\",\"alternateName\":\"El Digital de Asturias - Diario de actualidad y noticias\",\"description\":\"Hemeroteca\",\"inLanguage\":\"es-ES\",\"publisher\":{\"@id\":\"https:\\\/\\\/www.eldigitaldeasturias.com\\\/noticias\\\/#organization\"}}]}\n\t\t<\/script>\n\t\t<!-- All in One SEO Pro -->\r\n\t\t<title>La peor tragedia clim\u00e1tica argentina, sin culpables un lustro despu\u00e9s - El Digital de Asturias<\/title>\n\n","aioseo_head_json":{"title":"La peor tragedia clim\u00e1tica argentina, sin culpables un lustro despu\u00e9s - El Digital de Asturias","description":"Buenos Aires, 30 mar (dpa) - La peor inundaci\u00f3n provocada por un temporal de lluvia en una ciudad argentina ocurri\u00f3 hace cinco a\u00f1os en La Plata, capital de la provincia de Buenos Aires, donde 89 personas murieron y 350.000 se vieron damnificadas, una tragedia ante la cual la Justicia no estableci\u00f3 a\u00fan responsabilidades legales. \"Las","canonical_url":"https:\/\/www.eldigitaldeasturias.com\/noticias\/la-peor-tragedia-climatica-argentina-sin-culpables-un-lustro-despues\/","robots":"max-image-preview:large","keywords":"actualidad","webmasterTools":{"google-site-verification":"UA-38556648-1","msvalidate.01":"7dfe9f3f1b24437ab69f4f2559babe99","miscellaneous":""},"schema":{"@context":"https:\/\/schema.org","@graph":[{"@type":"BlogPosting","@id":"https:\/\/www.eldigitaldeasturias.com\/noticias\/la-peor-tragedia-climatica-argentina-sin-culpables-un-lustro-despues\/#blogposting","name":"La peor tragedia clim\u00e1tica argentina, sin culpables un lustro despu\u00e9s - El Digital de Asturias","headline":"La peor tragedia clim\u00e1tica argentina, sin culpables un lustro despu\u00e9s","author":{"@id":"https:\/\/www.eldigitaldeasturias.com\/noticias\/author\/admin\/#author"},"publisher":{"@id":"https:\/\/www.eldigitaldeasturias.com\/noticias\/#organization"},"image":{"@type":"ImageObject","url":974107},"datePublished":"2018-03-30T16:38:24+02:00","dateModified":"2018-03-30T16:38:24+02:00","inLanguage":"es-ES","mainEntityOfPage":{"@id":"https:\/\/www.eldigitaldeasturias.com\/noticias\/la-peor-tragedia-climatica-argentina-sin-culpables-un-lustro-despues\/#webpage"},"isPartOf":{"@id":"https:\/\/www.eldigitaldeasturias.com\/noticias\/la-peor-tragedia-climatica-argentina-sin-culpables-un-lustro-despues\/#webpage"},"articleSection":"Actualidad"},{"@type":"BreadcrumbList","@id":"https:\/\/www.eldigitaldeasturias.com\/noticias\/la-peor-tragedia-climatica-argentina-sin-culpables-un-lustro-despues\/#breadcrumblist","itemListElement":[{"@type":"ListItem","@id":"https:\/\/www.eldigitaldeasturias.com\/noticias#listItem","position":1,"name":"Home","item":"https:\/\/www.eldigitaldeasturias.com\/noticias","nextItem":{"@type":"ListItem","@id":"https:\/\/www.eldigitaldeasturias.com\/noticias\/category\/actualidad\/#listItem","name":"Actualidad"}},{"@type":"ListItem","@id":"https:\/\/www.eldigitaldeasturias.com\/noticias\/category\/actualidad\/#listItem","position":2,"name":"Actualidad","item":"https:\/\/www.eldigitaldeasturias.com\/noticias\/category\/actualidad\/","nextItem":{"@type":"ListItem","@id":"https:\/\/www.eldigitaldeasturias.com\/noticias\/la-peor-tragedia-climatica-argentina-sin-culpables-un-lustro-despues\/#listItem","name":"La peor tragedia clim\u00e1tica argentina, sin culpables un lustro despu\u00e9s"},"previousItem":{"@type":"ListItem","@id":"https:\/\/www.eldigitaldeasturias.com\/noticias#listItem","name":"Home"}},{"@type":"ListItem","@id":"https:\/\/www.eldigitaldeasturias.com\/noticias\/la-peor-tragedia-climatica-argentina-sin-culpables-un-lustro-despues\/#listItem","position":3,"name":"La peor tragedia clim\u00e1tica argentina, sin culpables un lustro despu\u00e9s","previousItem":{"@type":"ListItem","@id":"https:\/\/www.eldigitaldeasturias.com\/noticias\/category\/actualidad\/#listItem","name":"Actualidad"}}]},{"@type":"Organization","@id":"https:\/\/www.eldigitaldeasturias.com\/noticias\/#organization","name":"El Digital de Asturias","description":"Hemeroteca","url":"https:\/\/www.eldigitaldeasturias.com\/noticias\/","email":"info@eldigitaldeasturias.com","telephone":"+34652131393","logo":{"@type":"ImageObject","url":"https:\/\/www.eldigitaldeasturias.com\/noticias\/wp-content\/uploads\/2020\/12\/EDA.jpg","@id":"https:\/\/www.eldigitaldeasturias.com\/noticias\/la-peor-tragedia-climatica-argentina-sin-culpables-un-lustro-despues\/#organizationLogo"},"image":{"@id":"https:\/\/www.eldigitaldeasturias.com\/noticias\/la-peor-tragedia-climatica-argentina-sin-culpables-un-lustro-despues\/#organizationLogo"},"sameAs":["https:\/\/facebook.com\/eldigitaldeasturias","https:\/\/www.youtube.com\/channel\/UCZP-2wLEB9Rv6erhFmqVnvg"],"address":{"@id":"https:\/\/www.eldigitaldeasturias.com\/noticias\/#postaladdress","@type":"PostalAddress","streetAddress":"san antonio 4","postalCode":"33430","addressLocality":"Cand\u00e1s","addressRegion":"Asturias","addressCountry":"ES"}},{"@type":"Person","@id":"https:\/\/www.eldigitaldeasturias.com\/noticias\/author\/admin\/#author","url":"https:\/\/www.eldigitaldeasturias.com\/noticias\/author\/admin\/","name":"El Digital de Asturias","image":{"@type":"ImageObject","@id":"https:\/\/www.eldigitaldeasturias.com\/noticias\/la-peor-tragedia-climatica-argentina-sin-culpables-un-lustro-despues\/#authorImage","url":"https:\/\/secure.gravatar.com\/avatar\/df2aeffc32bcd13f8d26072ef8a91b623d677766deac7f97ca815868cd41bf5e?s=96&d=mm&r=g","width":96,"height":96,"caption":"El Digital de Asturias"}},{"@type":"WebPage","@id":"https:\/\/www.eldigitaldeasturias.com\/noticias\/la-peor-tragedia-climatica-argentina-sin-culpables-un-lustro-despues\/#webpage","url":"https:\/\/www.eldigitaldeasturias.com\/noticias\/la-peor-tragedia-climatica-argentina-sin-culpables-un-lustro-despues\/","name":"La peor tragedia clim\u00e1tica argentina, sin culpables un lustro despu\u00e9s - El Digital de Asturias","description":"Buenos Aires, 30 mar (dpa) - La peor inundaci\u00f3n provocada por un temporal de lluvia en una ciudad argentina ocurri\u00f3 hace cinco a\u00f1os en La Plata, capital de la provincia de Buenos Aires, donde 89 personas murieron y 350.000 se vieron damnificadas, una tragedia ante la cual la Justicia no estableci\u00f3 a\u00fan responsabilidades legales. \"Las","inLanguage":"es-ES","isPartOf":{"@id":"https:\/\/www.eldigitaldeasturias.com\/noticias\/#website"},"breadcrumb":{"@id":"https:\/\/www.eldigitaldeasturias.com\/noticias\/la-peor-tragedia-climatica-argentina-sin-culpables-un-lustro-despues\/#breadcrumblist"},"author":{"@id":"https:\/\/www.eldigitaldeasturias.com\/noticias\/author\/admin\/#author"},"creator":{"@id":"https:\/\/www.eldigitaldeasturias.com\/noticias\/author\/admin\/#author"},"image":{"@type":"ImageObject","url":974107,"@id":"https:\/\/www.eldigitaldeasturias.com\/noticias\/la-peor-tragedia-climatica-argentina-sin-culpables-un-lustro-despues\/#mainImage"},"primaryImageOfPage":{"@id":"https:\/\/www.eldigitaldeasturias.com\/noticias\/la-peor-tragedia-climatica-argentina-sin-culpables-un-lustro-despues\/#mainImage"},"datePublished":"2018-03-30T16:38:24+02:00","dateModified":"2018-03-30T16:38:24+02:00"},{"@type":"WebSite","@id":"https:\/\/www.eldigitaldeasturias.com\/noticias\/#website","url":"https:\/\/www.eldigitaldeasturias.com\/noticias\/","name":"El Digital de Asturias - Diario de actualidad y noticias","alternateName":"El Digital de Asturias - Diario de actualidad y noticias","description":"Hemeroteca","inLanguage":"es-ES","publisher":{"@id":"https:\/\/www.eldigitaldeasturias.com\/noticias\/#organization"}}]},"og:locale":"es_ES","og:site_name":"El Digital de Asturias","og:type":"article","og:title":"La peor tragedia clim\u00e1tica argentina, sin culpables un lustro despu\u00e9s - El Digital de Asturias","og:description":"Buenos Aires, 30 mar (dpa) - La peor inundaci\u00f3n provocada por un temporal de lluvia en una ciudad argentina ocurri\u00f3 hace cinco a\u00f1os en La Plata, capital de la provincia de Buenos Aires, donde 89 personas murieron y 350.000 se vieron damnificadas, una tragedia ante la cual la Justicia no estableci\u00f3 a\u00fan responsabilidades legales. &quot;Las","og:url":"https:\/\/www.eldigitaldeasturias.com\/noticias\/la-peor-tragedia-climatica-argentina-sin-culpables-un-lustro-despues\/","article:tag":["actualidad"],"article:published_time":"2018-03-30T16:38:24+00:00","article:modified_time":"2018-03-30T16:38:24+00:00","article:publisher":"https:\/\/facebook.com\/eldigitaldeasturias","twitter:card":"summary_large_image","twitter:title":"La peor tragedia clim\u00e1tica argentina, sin culpables un lustro despu\u00e9s - El Digital de Asturias","twitter:description":"Buenos Aires, 30 mar (dpa) - La peor inundaci\u00f3n provocada por un temporal de lluvia en una ciudad argentina ocurri\u00f3 hace cinco a\u00f1os en La Plata, capital de la provincia de Buenos Aires, donde 89 personas murieron y 350.000 se vieron damnificadas, una tragedia ante la cual la Justicia no estableci\u00f3 a\u00fan responsabilidades legales. &quot;Las","twitter:image":"https:\/\/www.eldigitaldeasturias.com\/noticias\/wp-content\/uploads\/2020\/12\/EDA-1.jpg","twitter:label1":"Escrito por","twitter:data1":"El Digital de Asturias","twitter:label2":"Tiempo de lectura estimado","twitter:data2":"4 minutos"},"aioseo_meta_data":{"post_id":"974106","title":null,"description":null,"keywords":null,"keyphrases":null,"primary_term":null,"canonical_url":null,"og_title":null,"og_description":null,"og_object_type":"default","og_image_type":"default","og_image_url":null,"og_image_width":null,"og_image_height":null,"og_image_custom_url":null,"og_image_custom_fields":null,"og_video":null,"og_custom_url":null,"og_article_section":null,"og_article_tags":null,"twitter_use_og":false,"twitter_card":"default","twitter_image_type":"default","twitter_image_url":null,"twitter_image_custom_url":null,"twitter_image_custom_fields":null,"twitter_title":null,"twitter_description":null,"schema":{"blockGraphs":[],"customGraphs":[],"default":{"data":{"Article":[],"Course":[],"Dataset":[],"FAQPage":[],"Movie":[],"Person":[],"Product":[],"ProductReview":[],"Car":[],"Recipe":[],"Service":[],"SoftwareApplication":[],"WebPage":[]},"graphName":"","isEnabled":true},"graphs":[],"defaultGraph":"","defaultPostTypeGraph":""},"schema_type":null,"schema_type_options":null,"pillar_content":false,"robots_default":true,"robots_noindex":false,"robots_noarchive":false,"robots_nosnippet":false,"robots_nofollow":false,"robots_noimageindex":false,"robots_noodp":false,"robots_notranslate":false,"robots_max_snippet":null,"robots_max_videopreview":null,"robots_max_imagepreview":"large","priority":null,"frequency":null,"local_seo":null,"seo_analyzer_scan_date":"2025-10-07 19:05:09","breadcrumb_settings":null,"limit_modified_date":false,"open_ai":null,"ai":null,"created":"2020-12-21 12:14:37","updated":"2025-10-07 19:05:09","focus_keyword":null,"additional_keywords":null,"truseo_locale":null},"aioseo_breadcrumb":"<div class=\"aioseo-breadcrumbs\"><span class=\"aioseo-breadcrumb\">\n\t<a href=\"https:\/\/www.eldigitaldeasturias.com\/noticias\" title=\"Home\">Home<\/a>\n<\/span><span class=\"aioseo-breadcrumb-separator\">\u2013<\/span><span class=\"aioseo-breadcrumb\">\n\t<a href=\"https:\/\/www.eldigitaldeasturias.com\/noticias\/category\/actualidad\/\" title=\"Actualidad\">Actualidad<\/a>\n<\/span><span class=\"aioseo-breadcrumb-separator\">\u2013<\/span><span class=\"aioseo-breadcrumb\">\n\t<a href=\"https:\/\/www.eldigitaldeasturias.com\/noticias\/la-peor-tragedia-climatica-argentina-sin-culpables-un-lustro-despues\/\" title=\"La peor tragedia clim\u00e1tica argentina, sin culpables un lustro despu\u00e9s\">La peor tragedia clim\u00e1tica argentina, sin culpables un lustro despu\u00e9s<\/a>\n<\/span><\/div>","aioseo_breadcrumb_json":[{"label":"Home","link":"https:\/\/www.eldigitaldeasturias.com\/noticias"},{"label":"Actualidad","link":"https:\/\/www.eldigitaldeasturias.com\/noticias\/category\/actualidad\/"},{"label":"La peor tragedia clim\u00e1tica argentina, sin culpables un lustro despu\u00e9s","link":"https:\/\/www.eldigitaldeasturias.com\/noticias\/la-peor-tragedia-climatica-argentina-sin-culpables-un-lustro-despues\/"}],"_links":{"self":[{"href":"https:\/\/www.eldigitaldeasturias.com\/noticias\/wp-json\/wp\/v2\/posts\/974106","targetHints":{"allow":["GET"]}}],"collection":[{"href":"https:\/\/www.eldigitaldeasturias.com\/noticias\/wp-json\/wp\/v2\/posts"}],"about":[{"href":"https:\/\/www.eldigitaldeasturias.com\/noticias\/wp-json\/wp\/v2\/types\/post"}],"author":[{"embeddable":true,"href":"https:\/\/www.eldigitaldeasturias.com\/noticias\/wp-json\/wp\/v2\/users\/1"}],"replies":[{"embeddable":true,"href":"https:\/\/www.eldigitaldeasturias.com\/noticias\/wp-json\/wp\/v2\/comments?post=974106"}],"version-history":[{"count":0,"href":"https:\/\/www.eldigitaldeasturias.com\/noticias\/wp-json\/wp\/v2\/posts\/974106\/revisions"}],"wp:attachment":[{"href":"https:\/\/www.eldigitaldeasturias.com\/noticias\/wp-json\/wp\/v2\/media?parent=974106"}],"wp:term":[{"taxonomy":"category","embeddable":true,"href":"https:\/\/www.eldigitaldeasturias.com\/noticias\/wp-json\/wp\/v2\/categories?post=974106"},{"taxonomy":"post_tag","embeddable":true,"href":"https:\/\/www.eldigitaldeasturias.com\/noticias\/wp-json\/wp\/v2\/tags?post=974106"}],"curies":[{"name":"wp","href":"https:\/\/api.w.org\/{rel}","templated":true}]}}