{"id":974098,"date":"2018-03-30T16:25:45","date_gmt":"2018-03-30T16:25:45","guid":{"rendered":"http:\/\/www.eldigitaldeasturias.com\/noticias\/?p=974098"},"modified":"2018-03-30T16:25:45","modified_gmt":"2018-03-30T16:25:45","slug":"el-principe-rebelde-de-belgica-pierde-una-parte-de-sus-ingresos","status":"publish","type":"post","link":"https:\/\/www.eldigitaldeasturias.com\/noticias\/el-principe-rebelde-de-belgica-pierde-una-parte-de-sus-ingresos\/","title":{"rendered":"El \u00abpr\u00edncipe rebelde\u00bb de B\u00e9lgica pierde una parte de sus ingresos"},"content":{"rendered":"<p><img loading=\"lazy\" decoding=\"async\" class=\"alignleft size-medium wp-image-974099\" src=\"https:\/\/www.eldigitaldeasturias.com\/noticias\/wp-content\/uploads\/2018\/03\/brussels-262972_1280-360x238.jpg\" alt=\"\" width=\"360\" height=\"238\" \/>Bruselas, 30 mar (dpa) &#8211; Al pr\u00edncipe Laurent de B\u00e9lgica se le recortar\u00e1 la asignaci\u00f3n de este a\u00f1o un 15 por ciento siguiendo una orden parlamentaria que se toma debido sus poco diplom\u00e1ticas decisiones.<\/p>\n<p>Los diputados aprobaron la noche del jueves la propuesta del Gobierno de recortar 46.000 euros (56.000 d\u00f3lares) de la asignaci\u00f3n del pr\u00edncipe, quien previamente se hab\u00eda quejado amargamente de ello en una carta dirigida a la c\u00e1mara.<\/p>\n<p>\u00abEsta anualidad, de la que se habla que se va recortar o eliminar seg\u00fan el parecer pol\u00edtico o de los medios, es el precio por una vida, el precio por mi vida\u00bb, se\u00f1al\u00f3 en el escrito el hermano de 54 a\u00f1os del rey Felipe.<\/p>\n<p>Laurent recuerda adem\u00e1s que la sanci\u00f3n es una \u00abamenaza continua\u00bb para \u00e9l, para su esposa y sus hijos, aun cuando su familia no tiene acceso al sistema social belga.<\/p>\n<p>Con 93 votos a favor y 23 en contra los parlamentarios aprobaron poco despu\u00e9s de la medianoche recortar la renta anual, que actualmente es de 308.000 euros (379.000 d\u00f3lares).<\/p>\n<p>El detonante de la disputa fue la comparecencia del pr\u00edncipe en uniforme belga durante una celebraci\u00f3n del 90 aniversario del Ej\u00e9rcito chino en la embajada china en julio del a\u00f1o pasado. La foto, en la que se le ve a \u00e9l y otros cortando un pastel, la difundi\u00f3 \u00e9l mismo en su cuenta de Twitter.<\/p>\n<p>Laurent solo puede presentarse como dignatario extranjero con el permiso del Gobierno y \u00e9l no lo hab\u00eda solicitado para ese acto.<\/p>\n<p>El Gobierno de Bruselas ve en ello una pol\u00edtica exterior paralela que no est\u00e1 permitida. Laurent, denominado por los medios el \u00abpr\u00edncipe rebelde\u00bb y \u00abpr\u00edncipe vaso lleno\u00bb, no es la primera vez que provoca un disgusto. En esta ocasi\u00f3n, el primer ministro Charles Michel actu\u00f3 tras conversar con el rey Felipe.<\/p>\n","protected":false},"excerpt":{"rendered":"<p>Bruselas, 30 mar (dpa) &#8211; Al pr\u00edncipe Laurent de B\u00e9lgica se le recortar\u00e1 la asignaci\u00f3n de este a\u00f1o un 15 por ciento siguiendo una orden parlamentaria que se toma debido sus poco diplom\u00e1ticas decisiones. Los diputados aprobaron la noche del jueves la propuesta del Gobierno de recortar 46.000 euros (56.000 d\u00f3lares) de la asignaci\u00f3n del [&hellip;]<\/p>\n","protected":false},"author":1,"featured_media":974099,"comment_status":"closed","ping_status":"closed","sticky":false,"template":"","format":"standard","meta":{"footnotes":""},"categories":[1],"tags":[],"class_list":["post-974098","post","type-post","status-publish","format-standard","has-post-thumbnail","hentry","category-actualidad"],"aioseo_notices":[],"aioseo_head":"\n\t\t<!-- All in One SEO Pro 5.0.1 - aioseo.com -->\n\t<meta name=\"description\" content=\"Bruselas, 30 mar (dpa) - Al pr\u00edncipe Laurent de B\u00e9lgica se le recortar\u00e1 la asignaci\u00f3n de este a\u00f1o un 15 por ciento siguiendo una orden parlamentaria que se toma debido sus poco diplom\u00e1ticas decisiones. Los diputados aprobaron la noche del jueves la propuesta del Gobierno de recortar 46.000 euros (56.000 d\u00f3lares) de la asignaci\u00f3n del\" \/>\n\t<meta name=\"robots\" content=\"max-image-preview:large\" \/>\n\t<meta name=\"author\" content=\"El Digital de Asturias\"\/>\n\t<meta name=\"google-site-verification\" content=\"UA-38556648-1\" \/>\n\t<meta name=\"msvalidate.01\" content=\"7dfe9f3f1b24437ab69f4f2559babe99\" \/>\n\t<meta name=\"keywords\" content=\"actualidad\" \/>\n\t<link rel=\"canonical\" href=\"https:\/\/www.eldigitaldeasturias.com\/noticias\/el-principe-rebelde-de-belgica-pierde-una-parte-de-sus-ingresos\/\" \/>\n\t<meta name=\"generator\" content=\"All in One SEO Pro (AIOSEO) 5.0.1\" \/>\n\t\t<meta property=\"og:locale\" content=\"es_ES\" \/>\n\t\t<meta property=\"og:site_name\" content=\"El Digital de Asturias\" \/>\n\t\t<meta property=\"og:type\" content=\"article\" \/>\n\t\t<meta property=\"og:title\" content=\"El \u00abpr\u00edncipe rebelde\u00bb de B\u00e9lgica pierde una parte de sus ingresos - El Digital de Asturias\" \/>\n\t\t<meta property=\"og:description\" content=\"Bruselas, 30 mar (dpa) - Al pr\u00edncipe Laurent de B\u00e9lgica se le recortar\u00e1 la asignaci\u00f3n de este a\u00f1o un 15 por ciento siguiendo una orden parlamentaria que se toma debido sus poco diplom\u00e1ticas decisiones. Los diputados aprobaron la noche del jueves la propuesta del Gobierno de recortar 46.000 euros (56.000 d\u00f3lares) de la asignaci\u00f3n del\" \/>\n\t\t<meta property=\"og:url\" content=\"https:\/\/www.eldigitaldeasturias.com\/noticias\/el-principe-rebelde-de-belgica-pierde-una-parte-de-sus-ingresos\/\" \/>\n\t\t<meta property=\"article:tag\" content=\"actualidad\" \/>\n\t\t<meta property=\"article:published_time\" content=\"2018-03-30T16:25:45+00:00\" \/>\n\t\t<meta property=\"article:modified_time\" content=\"2018-03-30T16:25:45+00:00\" \/>\n\t\t<meta property=\"article:publisher\" content=\"https:\/\/facebook.com\/eldigitaldeasturias\" \/>\n\t\t<meta name=\"twitter:card\" content=\"summary_large_image\" \/>\n\t\t<meta name=\"twitter:title\" content=\"El \u00abpr\u00edncipe rebelde\u00bb de B\u00e9lgica pierde una parte de sus ingresos - El Digital de Asturias\" \/>\n\t\t<meta name=\"twitter:description\" content=\"Bruselas, 30 mar (dpa) - Al pr\u00edncipe Laurent de B\u00e9lgica se le recortar\u00e1 la asignaci\u00f3n de este a\u00f1o un 15 por ciento siguiendo una orden parlamentaria que se toma debido sus poco diplom\u00e1ticas decisiones. Los diputados aprobaron la noche del jueves la propuesta del Gobierno de recortar 46.000 euros (56.000 d\u00f3lares) de la asignaci\u00f3n del\" \/>\n\t\t<meta name=\"twitter:image\" content=\"https:\/\/www.eldigitaldeasturias.com\/noticias\/wp-content\/uploads\/2020\/12\/EDA-1.jpg\" \/>\n\t\t<meta name=\"twitter:label1\" content=\"Escrito por\" \/>\n\t\t<meta name=\"twitter:data1\" content=\"El Digital de Asturias\" \/>\n\t\t<meta name=\"twitter:label2\" content=\"Tiempo de lectura estimado\" \/>\n\t\t<meta name=\"twitter:data2\" content=\"2 minutos\" \/>\n\t\t<script type=\"application\/ld+json\" class=\"aioseo-schema\">\n\t\t\t{\"@context\":\"https:\\\/\\\/schema.org\",\"@graph\":[{\"@type\":\"BlogPosting\",\"@id\":\"https:\\\/\\\/www.eldigitaldeasturias.com\\\/noticias\\\/el-principe-rebelde-de-belgica-pierde-una-parte-de-sus-ingresos\\\/#blogposting\",\"name\":\"El \\u00abpr\\u00edncipe rebelde\\u00bb de B\\u00e9lgica pierde una parte de sus ingresos - El Digital de Asturias\",\"headline\":\"El \\u00abpr\\u00edncipe rebelde\\u00bb de B\\u00e9lgica pierde una parte de sus ingresos\",\"author\":{\"@id\":\"https:\\\/\\\/www.eldigitaldeasturias.com\\\/noticias\\\/author\\\/admin\\\/#author\"},\"publisher\":{\"@id\":\"https:\\\/\\\/www.eldigitaldeasturias.com\\\/noticias\\\/#organization\"},\"image\":{\"@type\":\"ImageObject\",\"url\":974099},\"datePublished\":\"2018-03-30T16:25:45+02:00\",\"dateModified\":\"2018-03-30T16:25:45+02:00\",\"inLanguage\":\"es-ES\",\"mainEntityOfPage\":{\"@id\":\"https:\\\/\\\/www.eldigitaldeasturias.com\\\/noticias\\\/el-principe-rebelde-de-belgica-pierde-una-parte-de-sus-ingresos\\\/#webpage\"},\"isPartOf\":{\"@id\":\"https:\\\/\\\/www.eldigitaldeasturias.com\\\/noticias\\\/el-principe-rebelde-de-belgica-pierde-una-parte-de-sus-ingresos\\\/#webpage\"},\"articleSection\":\"Actualidad\"},{\"@type\":\"BreadcrumbList\",\"@id\":\"https:\\\/\\\/www.eldigitaldeasturias.com\\\/noticias\\\/el-principe-rebelde-de-belgica-pierde-una-parte-de-sus-ingresos\\\/#breadcrumblist\",\"itemListElement\":[{\"@type\":\"ListItem\",\"@id\":\"https:\\\/\\\/www.eldigitaldeasturias.com\\\/noticias#listItem\",\"position\":1,\"name\":\"Home\",\"item\":\"https:\\\/\\\/www.eldigitaldeasturias.com\\\/noticias\",\"nextItem\":{\"@type\":\"ListItem\",\"@id\":\"https:\\\/\\\/www.eldigitaldeasturias.com\\\/noticias\\\/category\\\/actualidad\\\/#listItem\",\"name\":\"Actualidad\"}},{\"@type\":\"ListItem\",\"@id\":\"https:\\\/\\\/www.eldigitaldeasturias.com\\\/noticias\\\/category\\\/actualidad\\\/#listItem\",\"position\":2,\"name\":\"Actualidad\",\"item\":\"https:\\\/\\\/www.eldigitaldeasturias.com\\\/noticias\\\/category\\\/actualidad\\\/\",\"nextItem\":{\"@type\":\"ListItem\",\"@id\":\"https:\\\/\\\/www.eldigitaldeasturias.com\\\/noticias\\\/el-principe-rebelde-de-belgica-pierde-una-parte-de-sus-ingresos\\\/#listItem\",\"name\":\"El \\u00abpr\\u00edncipe rebelde\\u00bb de B\\u00e9lgica pierde una parte de sus ingresos\"},\"previousItem\":{\"@type\":\"ListItem\",\"@id\":\"https:\\\/\\\/www.eldigitaldeasturias.com\\\/noticias#listItem\",\"name\":\"Home\"}},{\"@type\":\"ListItem\",\"@id\":\"https:\\\/\\\/www.eldigitaldeasturias.com\\\/noticias\\\/el-principe-rebelde-de-belgica-pierde-una-parte-de-sus-ingresos\\\/#listItem\",\"position\":3,\"name\":\"El \\u00abpr\\u00edncipe rebelde\\u00bb de B\\u00e9lgica pierde una parte de sus ingresos\",\"previousItem\":{\"@type\":\"ListItem\",\"@id\":\"https:\\\/\\\/www.eldigitaldeasturias.com\\\/noticias\\\/category\\\/actualidad\\\/#listItem\",\"name\":\"Actualidad\"}}]},{\"@type\":\"Organization\",\"@id\":\"https:\\\/\\\/www.eldigitaldeasturias.com\\\/noticias\\\/#organization\",\"name\":\"El Digital de Asturias\",\"description\":\"Hemeroteca\",\"url\":\"https:\\\/\\\/www.eldigitaldeasturias.com\\\/noticias\\\/\",\"email\":\"info@eldigitaldeasturias.com\",\"telephone\":\"+34652131393\",\"logo\":{\"@type\":\"ImageObject\",\"url\":\"https:\\\/\\\/www.eldigitaldeasturias.com\\\/noticias\\\/wp-content\\\/uploads\\\/2020\\\/12\\\/EDA.jpg\",\"@id\":\"https:\\\/\\\/www.eldigitaldeasturias.com\\\/noticias\\\/el-principe-rebelde-de-belgica-pierde-una-parte-de-sus-ingresos\\\/#organizationLogo\"},\"image\":{\"@id\":\"https:\\\/\\\/www.eldigitaldeasturias.com\\\/noticias\\\/el-principe-rebelde-de-belgica-pierde-una-parte-de-sus-ingresos\\\/#organizationLogo\"},\"sameAs\":[\"https:\\\/\\\/facebook.com\\\/eldigitaldeasturias\",\"https:\\\/\\\/www.youtube.com\\\/channel\\\/UCZP-2wLEB9Rv6erhFmqVnvg\"],\"address\":{\"@id\":\"https:\\\/\\\/www.eldigitaldeasturias.com\\\/noticias\\\/#postaladdress\",\"@type\":\"PostalAddress\",\"streetAddress\":\"san antonio 4\",\"postalCode\":\"33430\",\"addressLocality\":\"Cand\\u00e1s\",\"addressRegion\":\"Asturias\",\"addressCountry\":\"ES\"}},{\"@type\":\"Person\",\"@id\":\"https:\\\/\\\/www.eldigitaldeasturias.com\\\/noticias\\\/author\\\/admin\\\/#author\",\"url\":\"https:\\\/\\\/www.eldigitaldeasturias.com\\\/noticias\\\/author\\\/admin\\\/\",\"name\":\"El Digital de Asturias\",\"image\":{\"@type\":\"ImageObject\",\"@id\":\"https:\\\/\\\/www.eldigitaldeasturias.com\\\/noticias\\\/el-principe-rebelde-de-belgica-pierde-una-parte-de-sus-ingresos\\\/#authorImage\",\"url\":\"https:\\\/\\\/secure.gravatar.com\\\/avatar\\\/df2aeffc32bcd13f8d26072ef8a91b623d677766deac7f97ca815868cd41bf5e?s=96&d=mm&r=g\",\"width\":96,\"height\":96,\"caption\":\"El Digital de Asturias\"}},{\"@type\":\"WebPage\",\"@id\":\"https:\\\/\\\/www.eldigitaldeasturias.com\\\/noticias\\\/el-principe-rebelde-de-belgica-pierde-una-parte-de-sus-ingresos\\\/#webpage\",\"url\":\"https:\\\/\\\/www.eldigitaldeasturias.com\\\/noticias\\\/el-principe-rebelde-de-belgica-pierde-una-parte-de-sus-ingresos\\\/\",\"name\":\"El \\u00abpr\\u00edncipe rebelde\\u00bb de B\\u00e9lgica pierde una parte de sus ingresos - El Digital de Asturias\",\"description\":\"Bruselas, 30 mar (dpa) - Al pr\\u00edncipe Laurent de B\\u00e9lgica se le recortar\\u00e1 la asignaci\\u00f3n de este a\\u00f1o un 15 por ciento siguiendo una orden parlamentaria que se toma debido sus poco diplom\\u00e1ticas decisiones. Los diputados aprobaron la noche del jueves la propuesta del Gobierno de recortar 46.000 euros (56.000 d\\u00f3lares) de la asignaci\\u00f3n del\",\"inLanguage\":\"es-ES\",\"isPartOf\":{\"@id\":\"https:\\\/\\\/www.eldigitaldeasturias.com\\\/noticias\\\/#website\"},\"breadcrumb\":{\"@id\":\"https:\\\/\\\/www.eldigitaldeasturias.com\\\/noticias\\\/el-principe-rebelde-de-belgica-pierde-una-parte-de-sus-ingresos\\\/#breadcrumblist\"},\"author\":{\"@id\":\"https:\\\/\\\/www.eldigitaldeasturias.com\\\/noticias\\\/author\\\/admin\\\/#author\"},\"creator\":{\"@id\":\"https:\\\/\\\/www.eldigitaldeasturias.com\\\/noticias\\\/author\\\/admin\\\/#author\"},\"image\":{\"@type\":\"ImageObject\",\"url\":974099,\"@id\":\"https:\\\/\\\/www.eldigitaldeasturias.com\\\/noticias\\\/el-principe-rebelde-de-belgica-pierde-una-parte-de-sus-ingresos\\\/#mainImage\"},\"primaryImageOfPage\":{\"@id\":\"https:\\\/\\\/www.eldigitaldeasturias.com\\\/noticias\\\/el-principe-rebelde-de-belgica-pierde-una-parte-de-sus-ingresos\\\/#mainImage\"},\"datePublished\":\"2018-03-30T16:25:45+02:00\",\"dateModified\":\"2018-03-30T16:25:45+02:00\"},{\"@type\":\"WebSite\",\"@id\":\"https:\\\/\\\/www.eldigitaldeasturias.com\\\/noticias\\\/#website\",\"url\":\"https:\\\/\\\/www.eldigitaldeasturias.com\\\/noticias\\\/\",\"name\":\"El Digital de Asturias - Diario de actualidad y noticias\",\"alternateName\":\"El Digital de Asturias - Diario de actualidad y noticias\",\"description\":\"Hemeroteca\",\"inLanguage\":\"es-ES\",\"publisher\":{\"@id\":\"https:\\\/\\\/www.eldigitaldeasturias.com\\\/noticias\\\/#organization\"}}]}\n\t\t<\/script>\n\t\t<!-- All in One SEO Pro -->\r\n\t\t<title>El \u00abpr\u00edncipe rebelde\u00bb de B\u00e9lgica pierde una parte de sus ingresos - El Digital de Asturias<\/title>\n\n","aioseo_head_json":{"title":"El \u00abpr\u00edncipe rebelde\u00bb de B\u00e9lgica pierde una parte de sus ingresos - El Digital de Asturias","description":"Bruselas, 30 mar (dpa) - Al pr\u00edncipe Laurent de B\u00e9lgica se le recortar\u00e1 la asignaci\u00f3n de este a\u00f1o un 15 por ciento siguiendo una orden parlamentaria que se toma debido sus poco diplom\u00e1ticas decisiones. Los diputados aprobaron la noche del jueves la propuesta del Gobierno de recortar 46.000 euros (56.000 d\u00f3lares) de la asignaci\u00f3n del","canonical_url":"https:\/\/www.eldigitaldeasturias.com\/noticias\/el-principe-rebelde-de-belgica-pierde-una-parte-de-sus-ingresos\/","robots":"max-image-preview:large","keywords":"actualidad","webmasterTools":{"google-site-verification":"UA-38556648-1","msvalidate.01":"7dfe9f3f1b24437ab69f4f2559babe99","miscellaneous":""},"schema":{"@context":"https:\/\/schema.org","@graph":[{"@type":"BlogPosting","@id":"https:\/\/www.eldigitaldeasturias.com\/noticias\/el-principe-rebelde-de-belgica-pierde-una-parte-de-sus-ingresos\/#blogposting","name":"El \u00abpr\u00edncipe rebelde\u00bb de B\u00e9lgica pierde una parte de sus ingresos - El Digital de Asturias","headline":"El \u00abpr\u00edncipe rebelde\u00bb de B\u00e9lgica pierde una parte de sus ingresos","author":{"@id":"https:\/\/www.eldigitaldeasturias.com\/noticias\/author\/admin\/#author"},"publisher":{"@id":"https:\/\/www.eldigitaldeasturias.com\/noticias\/#organization"},"image":{"@type":"ImageObject","url":974099},"datePublished":"2018-03-30T16:25:45+02:00","dateModified":"2018-03-30T16:25:45+02:00","inLanguage":"es-ES","mainEntityOfPage":{"@id":"https:\/\/www.eldigitaldeasturias.com\/noticias\/el-principe-rebelde-de-belgica-pierde-una-parte-de-sus-ingresos\/#webpage"},"isPartOf":{"@id":"https:\/\/www.eldigitaldeasturias.com\/noticias\/el-principe-rebelde-de-belgica-pierde-una-parte-de-sus-ingresos\/#webpage"},"articleSection":"Actualidad"},{"@type":"BreadcrumbList","@id":"https:\/\/www.eldigitaldeasturias.com\/noticias\/el-principe-rebelde-de-belgica-pierde-una-parte-de-sus-ingresos\/#breadcrumblist","itemListElement":[{"@type":"ListItem","@id":"https:\/\/www.eldigitaldeasturias.com\/noticias#listItem","position":1,"name":"Home","item":"https:\/\/www.eldigitaldeasturias.com\/noticias","nextItem":{"@type":"ListItem","@id":"https:\/\/www.eldigitaldeasturias.com\/noticias\/category\/actualidad\/#listItem","name":"Actualidad"}},{"@type":"ListItem","@id":"https:\/\/www.eldigitaldeasturias.com\/noticias\/category\/actualidad\/#listItem","position":2,"name":"Actualidad","item":"https:\/\/www.eldigitaldeasturias.com\/noticias\/category\/actualidad\/","nextItem":{"@type":"ListItem","@id":"https:\/\/www.eldigitaldeasturias.com\/noticias\/el-principe-rebelde-de-belgica-pierde-una-parte-de-sus-ingresos\/#listItem","name":"El \u00abpr\u00edncipe rebelde\u00bb de B\u00e9lgica pierde una parte de sus ingresos"},"previousItem":{"@type":"ListItem","@id":"https:\/\/www.eldigitaldeasturias.com\/noticias#listItem","name":"Home"}},{"@type":"ListItem","@id":"https:\/\/www.eldigitaldeasturias.com\/noticias\/el-principe-rebelde-de-belgica-pierde-una-parte-de-sus-ingresos\/#listItem","position":3,"name":"El \u00abpr\u00edncipe rebelde\u00bb de B\u00e9lgica pierde una parte de sus ingresos","previousItem":{"@type":"ListItem","@id":"https:\/\/www.eldigitaldeasturias.com\/noticias\/category\/actualidad\/#listItem","name":"Actualidad"}}]},{"@type":"Organization","@id":"https:\/\/www.eldigitaldeasturias.com\/noticias\/#organization","name":"El Digital de Asturias","description":"Hemeroteca","url":"https:\/\/www.eldigitaldeasturias.com\/noticias\/","email":"info@eldigitaldeasturias.com","telephone":"+34652131393","logo":{"@type":"ImageObject","url":"https:\/\/www.eldigitaldeasturias.com\/noticias\/wp-content\/uploads\/2020\/12\/EDA.jpg","@id":"https:\/\/www.eldigitaldeasturias.com\/noticias\/el-principe-rebelde-de-belgica-pierde-una-parte-de-sus-ingresos\/#organizationLogo"},"image":{"@id":"https:\/\/www.eldigitaldeasturias.com\/noticias\/el-principe-rebelde-de-belgica-pierde-una-parte-de-sus-ingresos\/#organizationLogo"},"sameAs":["https:\/\/facebook.com\/eldigitaldeasturias","https:\/\/www.youtube.com\/channel\/UCZP-2wLEB9Rv6erhFmqVnvg"],"address":{"@id":"https:\/\/www.eldigitaldeasturias.com\/noticias\/#postaladdress","@type":"PostalAddress","streetAddress":"san antonio 4","postalCode":"33430","addressLocality":"Cand\u00e1s","addressRegion":"Asturias","addressCountry":"ES"}},{"@type":"Person","@id":"https:\/\/www.eldigitaldeasturias.com\/noticias\/author\/admin\/#author","url":"https:\/\/www.eldigitaldeasturias.com\/noticias\/author\/admin\/","name":"El Digital de Asturias","image":{"@type":"ImageObject","@id":"https:\/\/www.eldigitaldeasturias.com\/noticias\/el-principe-rebelde-de-belgica-pierde-una-parte-de-sus-ingresos\/#authorImage","url":"https:\/\/secure.gravatar.com\/avatar\/df2aeffc32bcd13f8d26072ef8a91b623d677766deac7f97ca815868cd41bf5e?s=96&d=mm&r=g","width":96,"height":96,"caption":"El Digital de Asturias"}},{"@type":"WebPage","@id":"https:\/\/www.eldigitaldeasturias.com\/noticias\/el-principe-rebelde-de-belgica-pierde-una-parte-de-sus-ingresos\/#webpage","url":"https:\/\/www.eldigitaldeasturias.com\/noticias\/el-principe-rebelde-de-belgica-pierde-una-parte-de-sus-ingresos\/","name":"El \u00abpr\u00edncipe rebelde\u00bb de B\u00e9lgica pierde una parte de sus ingresos - El Digital de Asturias","description":"Bruselas, 30 mar (dpa) - Al pr\u00edncipe Laurent de B\u00e9lgica se le recortar\u00e1 la asignaci\u00f3n de este a\u00f1o un 15 por ciento siguiendo una orden parlamentaria que se toma debido sus poco diplom\u00e1ticas decisiones. Los diputados aprobaron la noche del jueves la propuesta del Gobierno de recortar 46.000 euros (56.000 d\u00f3lares) de la asignaci\u00f3n del","inLanguage":"es-ES","isPartOf":{"@id":"https:\/\/www.eldigitaldeasturias.com\/noticias\/#website"},"breadcrumb":{"@id":"https:\/\/www.eldigitaldeasturias.com\/noticias\/el-principe-rebelde-de-belgica-pierde-una-parte-de-sus-ingresos\/#breadcrumblist"},"author":{"@id":"https:\/\/www.eldigitaldeasturias.com\/noticias\/author\/admin\/#author"},"creator":{"@id":"https:\/\/www.eldigitaldeasturias.com\/noticias\/author\/admin\/#author"},"image":{"@type":"ImageObject","url":974099,"@id":"https:\/\/www.eldigitaldeasturias.com\/noticias\/el-principe-rebelde-de-belgica-pierde-una-parte-de-sus-ingresos\/#mainImage"},"primaryImageOfPage":{"@id":"https:\/\/www.eldigitaldeasturias.com\/noticias\/el-principe-rebelde-de-belgica-pierde-una-parte-de-sus-ingresos\/#mainImage"},"datePublished":"2018-03-30T16:25:45+02:00","dateModified":"2018-03-30T16:25:45+02:00"},{"@type":"WebSite","@id":"https:\/\/www.eldigitaldeasturias.com\/noticias\/#website","url":"https:\/\/www.eldigitaldeasturias.com\/noticias\/","name":"El Digital de Asturias - Diario de actualidad y noticias","alternateName":"El Digital de Asturias - Diario de actualidad y noticias","description":"Hemeroteca","inLanguage":"es-ES","publisher":{"@id":"https:\/\/www.eldigitaldeasturias.com\/noticias\/#organization"}}]},"og:locale":"es_ES","og:site_name":"El Digital de Asturias","og:type":"article","og:title":"El \u00abpr\u00edncipe rebelde\u00bb de B\u00e9lgica pierde una parte de sus ingresos - El Digital de Asturias","og:description":"Bruselas, 30 mar (dpa) - Al pr\u00edncipe Laurent de B\u00e9lgica se le recortar\u00e1 la asignaci\u00f3n de este a\u00f1o un 15 por ciento siguiendo una orden parlamentaria que se toma debido sus poco diplom\u00e1ticas decisiones. Los diputados aprobaron la noche del jueves la propuesta del Gobierno de recortar 46.000 euros (56.000 d\u00f3lares) de la asignaci\u00f3n del","og:url":"https:\/\/www.eldigitaldeasturias.com\/noticias\/el-principe-rebelde-de-belgica-pierde-una-parte-de-sus-ingresos\/","article:tag":["actualidad"],"article:published_time":"2018-03-30T16:25:45+00:00","article:modified_time":"2018-03-30T16:25:45+00:00","article:publisher":"https:\/\/facebook.com\/eldigitaldeasturias","twitter:card":"summary_large_image","twitter:title":"El \u00abpr\u00edncipe rebelde\u00bb de B\u00e9lgica pierde una parte de sus ingresos - El Digital de Asturias","twitter:description":"Bruselas, 30 mar (dpa) - Al pr\u00edncipe Laurent de B\u00e9lgica se le recortar\u00e1 la asignaci\u00f3n de este a\u00f1o un 15 por ciento siguiendo una orden parlamentaria que se toma debido sus poco diplom\u00e1ticas decisiones. Los diputados aprobaron la noche del jueves la propuesta del Gobierno de recortar 46.000 euros (56.000 d\u00f3lares) de la asignaci\u00f3n del","twitter:image":"https:\/\/www.eldigitaldeasturias.com\/noticias\/wp-content\/uploads\/2020\/12\/EDA-1.jpg","twitter:label1":"Escrito por","twitter:data1":"El Digital de Asturias","twitter:label2":"Tiempo de lectura estimado","twitter:data2":"2 minutos"},"aioseo_meta_data":{"post_id":"974098","title":null,"description":null,"keywords":null,"keyphrases":null,"primary_term":null,"canonical_url":null,"og_title":null,"og_description":null,"og_object_type":"default","og_image_type":"default","og_image_url":null,"og_image_width":null,"og_image_height":null,"og_image_custom_url":null,"og_image_custom_fields":null,"og_video":null,"og_custom_url":null,"og_article_section":null,"og_article_tags":null,"twitter_use_og":false,"twitter_card":"default","twitter_image_type":"default","twitter_image_url":null,"twitter_image_custom_url":null,"twitter_image_custom_fields":null,"twitter_title":null,"twitter_description":null,"schema":{"blockGraphs":[],"customGraphs":[],"default":{"data":{"Article":[],"Course":[],"Dataset":[],"FAQPage":[],"Movie":[],"Person":[],"Product":[],"ProductReview":[],"Car":[],"Recipe":[],"Service":[],"SoftwareApplication":[],"WebPage":[]},"graphName":"","isEnabled":true},"graphs":[],"defaultGraph":"","defaultPostTypeGraph":""},"schema_type":null,"schema_type_options":null,"pillar_content":false,"robots_default":true,"robots_noindex":false,"robots_noarchive":false,"robots_nosnippet":false,"robots_nofollow":false,"robots_noimageindex":false,"robots_noodp":false,"robots_notranslate":false,"robots_max_snippet":null,"robots_max_videopreview":null,"robots_max_imagepreview":"large","priority":null,"frequency":null,"local_seo":null,"seo_analyzer_scan_date":"2025-10-07 19:03:13","breadcrumb_settings":null,"limit_modified_date":false,"open_ai":null,"ai":null,"created":"2020-12-21 12:14:37","updated":"2025-10-07 19:03:13","focus_keyword":null,"additional_keywords":null,"truseo_locale":null},"aioseo_breadcrumb":"<div class=\"aioseo-breadcrumbs\"><span class=\"aioseo-breadcrumb\">\n\t<a href=\"https:\/\/www.eldigitaldeasturias.com\/noticias\" title=\"Home\">Home<\/a>\n<\/span><span class=\"aioseo-breadcrumb-separator\">\u2013<\/span><span class=\"aioseo-breadcrumb\">\n\t<a href=\"https:\/\/www.eldigitaldeasturias.com\/noticias\/category\/actualidad\/\" title=\"Actualidad\">Actualidad<\/a>\n<\/span><span class=\"aioseo-breadcrumb-separator\">\u2013<\/span><span class=\"aioseo-breadcrumb\">\n\t<a href=\"https:\/\/www.eldigitaldeasturias.com\/noticias\/el-principe-rebelde-de-belgica-pierde-una-parte-de-sus-ingresos\/\" title=\"El \u00abpr\u00edncipe rebelde\u00bb de B\u00e9lgica pierde una parte de sus ingresos\">El \u00abpr\u00edncipe rebelde\u00bb de B\u00e9lgica pierde una parte de sus ingresos<\/a>\n<\/span><\/div>","aioseo_breadcrumb_json":[{"label":"Home","link":"https:\/\/www.eldigitaldeasturias.com\/noticias"},{"label":"Actualidad","link":"https:\/\/www.eldigitaldeasturias.com\/noticias\/category\/actualidad\/"},{"label":"El \u00abpr\u00edncipe rebelde\u00bb de B\u00e9lgica pierde una parte de sus ingresos","link":"https:\/\/www.eldigitaldeasturias.com\/noticias\/el-principe-rebelde-de-belgica-pierde-una-parte-de-sus-ingresos\/"}],"_links":{"self":[{"href":"https:\/\/www.eldigitaldeasturias.com\/noticias\/wp-json\/wp\/v2\/posts\/974098","targetHints":{"allow":["GET"]}}],"collection":[{"href":"https:\/\/www.eldigitaldeasturias.com\/noticias\/wp-json\/wp\/v2\/posts"}],"about":[{"href":"https:\/\/www.eldigitaldeasturias.com\/noticias\/wp-json\/wp\/v2\/types\/post"}],"author":[{"embeddable":true,"href":"https:\/\/www.eldigitaldeasturias.com\/noticias\/wp-json\/wp\/v2\/users\/1"}],"replies":[{"embeddable":true,"href":"https:\/\/www.eldigitaldeasturias.com\/noticias\/wp-json\/wp\/v2\/comments?post=974098"}],"version-history":[{"count":0,"href":"https:\/\/www.eldigitaldeasturias.com\/noticias\/wp-json\/wp\/v2\/posts\/974098\/revisions"}],"wp:attachment":[{"href":"https:\/\/www.eldigitaldeasturias.com\/noticias\/wp-json\/wp\/v2\/media?parent=974098"}],"wp:term":[{"taxonomy":"category","embeddable":true,"href":"https:\/\/www.eldigitaldeasturias.com\/noticias\/wp-json\/wp\/v2\/categories?post=974098"},{"taxonomy":"post_tag","embeddable":true,"href":"https:\/\/www.eldigitaldeasturias.com\/noticias\/wp-json\/wp\/v2\/tags?post=974098"}],"curies":[{"name":"wp","href":"https:\/\/api.w.org\/{rel}","templated":true}]}}