{"id":974013,"date":"2018-03-29T20:50:23","date_gmt":"2018-03-29T20:50:23","guid":{"rendered":"http:\/\/www.eldigitaldeasturias.com\/noticias\/?p=974013"},"modified":"2018-03-29T20:50:23","modified_gmt":"2018-03-29T20:50:23","slug":"donald-trump-critica-publicamente-a-amazon","status":"publish","type":"post","link":"https:\/\/www.eldigitaldeasturias.com\/noticias\/donald-trump-critica-publicamente-a-amazon\/","title":{"rendered":"Donald Trump critica p\u00fablicamente a Amazon"},"content":{"rendered":"<p><img loading=\"lazy\" decoding=\"async\" class=\"alignleft size-medium wp-image-875869\" src=\"https:\/\/www.eldigitaldeasturias.com\/noticias\/wp-content\/uploads\/2016\/04\/Trump-360x198.jpg\" alt=\"\" width=\"360\" height=\"198\" \/>Washington, 29 mar (dpa) &#8211; El presidente estadounidense, Donald Trump, critic\u00f3 p\u00fablicamente al consorcio de comercio online Amazon por su actividad, al considerarla perjudicial para la econom\u00eda del pa\u00eds, en un paso poco habitual para un republicano.<\/p>\n<p>El fundador y director ejecutivo de Amazon, Jeff Bezos, es adem\u00e1s due\u00f1o del diario \u00abThe Washington Post\u00bb, cr\u00edtico con Trump.<\/p>\n<p>\u00abAl contrario que otros, (Amazon) paga pocos impuestos o ninguno a los gobiernos locales y al estatal, utiliza nuestro sistema postal como su chico de reparto (provocando tremendas p\u00e9rdidas a Estados Unidos) y quita el negocio a muchos miles de comerciantes\u00bb, tuite\u00f3 en la madrugada del viernes.<\/p>\n<p>Las acciones de Amazon ya cayeron con fuerza el mi\u00e9rcoles al circular rumores de que Trump podr\u00eda actuar pol\u00edticamente contra el consorcio.<\/p>\n<p>Las pr\u00e1cticas de Amazon causan enormes da\u00f1os econ\u00f3micos a Estados Unidos, escribi\u00f3 el presidente. Miles de minoristas se ven expulsados del negocio, agreg\u00f3.<\/p>\n<p>Medios estadounidenses consideraron tambi\u00e9n que esta andanada contra Amazon forma parte de una cruzada personal de Trump contra Bezos.<\/p>\n<p>La portavoz de la Casa Blanca Sarah Sanders explic\u00f3 ayer que el Gobierno no eval\u00faa un cambio de rumbo respecto de Amazon. Pero el presidente s\u00ed aspira a lograr las mismas condiciones para todos los competidores, explic\u00f3.<\/p>\n<p>Durante la campa\u00f1a electoral, Trump critic\u00f3 reiteradamente a Amazon y la amenaz\u00f3 con un \u00abimpuesto de Internet\u00bb. El \u00abWashington Post\u00bb es solo un veh\u00edculo con cuyas p\u00e9rdidas Bezos balancea las ganancias de Amazon para ahorrar impuestos, hab\u00eda declarado el magnate en diciembre de 2015. De esta manera, el diario se convierte en un \u00abescondrijo fiscal\u00bb, sostuvo.<\/p>\n<p>Seg\u00fan la opini\u00f3n de analistas, tanto Amazon como otras tiendas online tienen una enorme influencia sobre el comercio minorista de Estados Unidos.<\/p>\n<p>Algunos estudios calculan que este a\u00f1o deber\u00e1n cerrar sus puertas unos 8.000 negocios. Recientemente anunci\u00f3 su insolvencia la cadena de tiendas de juguetes Toys R Us y cerr\u00f3 800 locales. Amazon es un competidor directo.<\/p>\n","protected":false},"excerpt":{"rendered":"<p>Washington, 29 mar (dpa) &#8211; El presidente estadounidense, Donald Trump, critic\u00f3 p\u00fablicamente al consorcio de comercio online Amazon por su actividad, al considerarla perjudicial para la econom\u00eda del pa\u00eds, en un paso poco habitual para un republicano. El fundador y director ejecutivo de Amazon, Jeff Bezos, es adem\u00e1s due\u00f1o del diario \u00abThe Washington Post\u00bb, cr\u00edtico [&hellip;]<\/p>\n","protected":false},"author":1,"featured_media":875869,"comment_status":"closed","ping_status":"closed","sticky":false,"template":"","format":"standard","meta":{"footnotes":""},"categories":[1],"tags":[],"class_list":["post-974013","post","type-post","status-publish","format-standard","has-post-thumbnail","hentry","category-actualidad"],"aioseo_notices":[],"aioseo_head":"\n\t\t<!-- All in One SEO Pro 5.0.1 - aioseo.com -->\n\t<meta name=\"description\" content=\"Washington, 29 mar (dpa) - El presidente estadounidense, Donald Trump, critic\u00f3 p\u00fablicamente al consorcio de comercio online Amazon por su actividad, al considerarla perjudicial para la econom\u00eda del pa\u00eds, en un paso poco habitual para un republicano. El fundador y director ejecutivo de Amazon, Jeff Bezos, es adem\u00e1s due\u00f1o del diario &quot;The Washington Post&quot;, cr\u00edtico\" \/>\n\t<meta name=\"robots\" content=\"max-image-preview:large\" \/>\n\t<meta name=\"author\" content=\"El Digital de Asturias\"\/>\n\t<meta name=\"google-site-verification\" content=\"UA-38556648-1\" \/>\n\t<meta name=\"msvalidate.01\" content=\"7dfe9f3f1b24437ab69f4f2559babe99\" \/>\n\t<meta name=\"keywords\" content=\"actualidad\" \/>\n\t<link rel=\"canonical\" href=\"https:\/\/www.eldigitaldeasturias.com\/noticias\/donald-trump-critica-publicamente-a-amazon\/\" \/>\n\t<meta name=\"generator\" content=\"All in One SEO Pro (AIOSEO) 5.0.1\" \/>\n\t\t<meta property=\"og:locale\" content=\"es_ES\" \/>\n\t\t<meta property=\"og:site_name\" content=\"El Digital de Asturias\" \/>\n\t\t<meta property=\"og:type\" content=\"article\" \/>\n\t\t<meta property=\"og:title\" content=\"Donald Trump critica p\u00fablicamente a Amazon - El Digital de Asturias\" \/>\n\t\t<meta property=\"og:description\" content=\"Washington, 29 mar (dpa) - El presidente estadounidense, Donald Trump, critic\u00f3 p\u00fablicamente al consorcio de comercio online Amazon por su actividad, al considerarla perjudicial para la econom\u00eda del pa\u00eds, en un paso poco habitual para un republicano. El fundador y director ejecutivo de Amazon, Jeff Bezos, es adem\u00e1s due\u00f1o del diario &quot;The Washington Post&quot;, cr\u00edtico\" \/>\n\t\t<meta property=\"og:url\" content=\"https:\/\/www.eldigitaldeasturias.com\/noticias\/donald-trump-critica-publicamente-a-amazon\/\" \/>\n\t\t<meta property=\"article:tag\" content=\"actualidad\" \/>\n\t\t<meta property=\"article:published_time\" content=\"2018-03-29T20:50:23+00:00\" \/>\n\t\t<meta property=\"article:modified_time\" content=\"2018-03-29T20:50:23+00:00\" \/>\n\t\t<meta property=\"article:publisher\" content=\"https:\/\/facebook.com\/eldigitaldeasturias\" \/>\n\t\t<meta name=\"twitter:card\" content=\"summary_large_image\" \/>\n\t\t<meta name=\"twitter:title\" content=\"Donald Trump critica p\u00fablicamente a Amazon - El Digital de Asturias\" \/>\n\t\t<meta name=\"twitter:description\" content=\"Washington, 29 mar (dpa) - El presidente estadounidense, Donald Trump, critic\u00f3 p\u00fablicamente al consorcio de comercio online Amazon por su actividad, al considerarla perjudicial para la econom\u00eda del pa\u00eds, en un paso poco habitual para un republicano. El fundador y director ejecutivo de Amazon, Jeff Bezos, es adem\u00e1s due\u00f1o del diario &quot;The Washington Post&quot;, cr\u00edtico\" \/>\n\t\t<meta name=\"twitter:image\" content=\"https:\/\/www.eldigitaldeasturias.com\/noticias\/wp-content\/uploads\/2020\/12\/EDA-1.jpg\" \/>\n\t\t<meta name=\"twitter:label1\" content=\"Escrito por\" \/>\n\t\t<meta name=\"twitter:data1\" content=\"El Digital de Asturias\" \/>\n\t\t<meta name=\"twitter:label2\" content=\"Tiempo de lectura estimado\" \/>\n\t\t<meta name=\"twitter:data2\" content=\"2 minutos\" \/>\n\t\t<script type=\"application\/ld+json\" class=\"aioseo-schema\">\n\t\t\t{\"@context\":\"https:\\\/\\\/schema.org\",\"@graph\":[{\"@type\":\"BlogPosting\",\"@id\":\"https:\\\/\\\/www.eldigitaldeasturias.com\\\/noticias\\\/donald-trump-critica-publicamente-a-amazon\\\/#blogposting\",\"name\":\"Donald Trump critica p\\u00fablicamente a Amazon - El Digital de Asturias\",\"headline\":\"Donald Trump critica p\\u00fablicamente a Amazon\",\"author\":{\"@id\":\"https:\\\/\\\/www.eldigitaldeasturias.com\\\/noticias\\\/author\\\/admin\\\/#author\"},\"publisher\":{\"@id\":\"https:\\\/\\\/www.eldigitaldeasturias.com\\\/noticias\\\/#organization\"},\"image\":{\"@type\":\"ImageObject\",\"url\":875869},\"datePublished\":\"2018-03-29T20:50:23+02:00\",\"dateModified\":\"2018-03-29T20:50:23+02:00\",\"inLanguage\":\"es-ES\",\"mainEntityOfPage\":{\"@id\":\"https:\\\/\\\/www.eldigitaldeasturias.com\\\/noticias\\\/donald-trump-critica-publicamente-a-amazon\\\/#webpage\"},\"isPartOf\":{\"@id\":\"https:\\\/\\\/www.eldigitaldeasturias.com\\\/noticias\\\/donald-trump-critica-publicamente-a-amazon\\\/#webpage\"},\"articleSection\":\"Actualidad\"},{\"@type\":\"BreadcrumbList\",\"@id\":\"https:\\\/\\\/www.eldigitaldeasturias.com\\\/noticias\\\/donald-trump-critica-publicamente-a-amazon\\\/#breadcrumblist\",\"itemListElement\":[{\"@type\":\"ListItem\",\"@id\":\"https:\\\/\\\/www.eldigitaldeasturias.com\\\/noticias#listItem\",\"position\":1,\"name\":\"Home\",\"item\":\"https:\\\/\\\/www.eldigitaldeasturias.com\\\/noticias\",\"nextItem\":{\"@type\":\"ListItem\",\"@id\":\"https:\\\/\\\/www.eldigitaldeasturias.com\\\/noticias\\\/category\\\/actualidad\\\/#listItem\",\"name\":\"Actualidad\"}},{\"@type\":\"ListItem\",\"@id\":\"https:\\\/\\\/www.eldigitaldeasturias.com\\\/noticias\\\/category\\\/actualidad\\\/#listItem\",\"position\":2,\"name\":\"Actualidad\",\"item\":\"https:\\\/\\\/www.eldigitaldeasturias.com\\\/noticias\\\/category\\\/actualidad\\\/\",\"nextItem\":{\"@type\":\"ListItem\",\"@id\":\"https:\\\/\\\/www.eldigitaldeasturias.com\\\/noticias\\\/donald-trump-critica-publicamente-a-amazon\\\/#listItem\",\"name\":\"Donald Trump critica p\\u00fablicamente a Amazon\"},\"previousItem\":{\"@type\":\"ListItem\",\"@id\":\"https:\\\/\\\/www.eldigitaldeasturias.com\\\/noticias#listItem\",\"name\":\"Home\"}},{\"@type\":\"ListItem\",\"@id\":\"https:\\\/\\\/www.eldigitaldeasturias.com\\\/noticias\\\/donald-trump-critica-publicamente-a-amazon\\\/#listItem\",\"position\":3,\"name\":\"Donald Trump critica p\\u00fablicamente a Amazon\",\"previousItem\":{\"@type\":\"ListItem\",\"@id\":\"https:\\\/\\\/www.eldigitaldeasturias.com\\\/noticias\\\/category\\\/actualidad\\\/#listItem\",\"name\":\"Actualidad\"}}]},{\"@type\":\"Organization\",\"@id\":\"https:\\\/\\\/www.eldigitaldeasturias.com\\\/noticias\\\/#organization\",\"name\":\"El Digital de Asturias\",\"description\":\"Hemeroteca\",\"url\":\"https:\\\/\\\/www.eldigitaldeasturias.com\\\/noticias\\\/\",\"email\":\"info@eldigitaldeasturias.com\",\"telephone\":\"+34652131393\",\"logo\":{\"@type\":\"ImageObject\",\"url\":\"https:\\\/\\\/www.eldigitaldeasturias.com\\\/noticias\\\/wp-content\\\/uploads\\\/2020\\\/12\\\/EDA.jpg\",\"@id\":\"https:\\\/\\\/www.eldigitaldeasturias.com\\\/noticias\\\/donald-trump-critica-publicamente-a-amazon\\\/#organizationLogo\"},\"image\":{\"@id\":\"https:\\\/\\\/www.eldigitaldeasturias.com\\\/noticias\\\/donald-trump-critica-publicamente-a-amazon\\\/#organizationLogo\"},\"sameAs\":[\"https:\\\/\\\/facebook.com\\\/eldigitaldeasturias\",\"https:\\\/\\\/www.youtube.com\\\/channel\\\/UCZP-2wLEB9Rv6erhFmqVnvg\"],\"address\":{\"@id\":\"https:\\\/\\\/www.eldigitaldeasturias.com\\\/noticias\\\/#postaladdress\",\"@type\":\"PostalAddress\",\"streetAddress\":\"san antonio 4\",\"postalCode\":\"33430\",\"addressLocality\":\"Cand\\u00e1s\",\"addressRegion\":\"Asturias\",\"addressCountry\":\"ES\"}},{\"@type\":\"Person\",\"@id\":\"https:\\\/\\\/www.eldigitaldeasturias.com\\\/noticias\\\/author\\\/admin\\\/#author\",\"url\":\"https:\\\/\\\/www.eldigitaldeasturias.com\\\/noticias\\\/author\\\/admin\\\/\",\"name\":\"El Digital de Asturias\",\"image\":{\"@type\":\"ImageObject\",\"@id\":\"https:\\\/\\\/www.eldigitaldeasturias.com\\\/noticias\\\/donald-trump-critica-publicamente-a-amazon\\\/#authorImage\",\"url\":\"https:\\\/\\\/secure.gravatar.com\\\/avatar\\\/df2aeffc32bcd13f8d26072ef8a91b623d677766deac7f97ca815868cd41bf5e?s=96&d=mm&r=g\",\"width\":96,\"height\":96,\"caption\":\"El Digital de Asturias\"}},{\"@type\":\"WebPage\",\"@id\":\"https:\\\/\\\/www.eldigitaldeasturias.com\\\/noticias\\\/donald-trump-critica-publicamente-a-amazon\\\/#webpage\",\"url\":\"https:\\\/\\\/www.eldigitaldeasturias.com\\\/noticias\\\/donald-trump-critica-publicamente-a-amazon\\\/\",\"name\":\"Donald Trump critica p\\u00fablicamente a Amazon - El Digital de Asturias\",\"description\":\"Washington, 29 mar (dpa) - El presidente estadounidense, Donald Trump, critic\\u00f3 p\\u00fablicamente al consorcio de comercio online Amazon por su actividad, al considerarla perjudicial para la econom\\u00eda del pa\\u00eds, en un paso poco habitual para un republicano. El fundador y director ejecutivo de Amazon, Jeff Bezos, es adem\\u00e1s due\\u00f1o del diario \\\"The Washington Post\\\", cr\\u00edtico\",\"inLanguage\":\"es-ES\",\"isPartOf\":{\"@id\":\"https:\\\/\\\/www.eldigitaldeasturias.com\\\/noticias\\\/#website\"},\"breadcrumb\":{\"@id\":\"https:\\\/\\\/www.eldigitaldeasturias.com\\\/noticias\\\/donald-trump-critica-publicamente-a-amazon\\\/#breadcrumblist\"},\"author\":{\"@id\":\"https:\\\/\\\/www.eldigitaldeasturias.com\\\/noticias\\\/author\\\/admin\\\/#author\"},\"creator\":{\"@id\":\"https:\\\/\\\/www.eldigitaldeasturias.com\\\/noticias\\\/author\\\/admin\\\/#author\"},\"image\":{\"@type\":\"ImageObject\",\"url\":875869,\"@id\":\"https:\\\/\\\/www.eldigitaldeasturias.com\\\/noticias\\\/donald-trump-critica-publicamente-a-amazon\\\/#mainImage\"},\"primaryImageOfPage\":{\"@id\":\"https:\\\/\\\/www.eldigitaldeasturias.com\\\/noticias\\\/donald-trump-critica-publicamente-a-amazon\\\/#mainImage\"},\"datePublished\":\"2018-03-29T20:50:23+02:00\",\"dateModified\":\"2018-03-29T20:50:23+02:00\"},{\"@type\":\"WebSite\",\"@id\":\"https:\\\/\\\/www.eldigitaldeasturias.com\\\/noticias\\\/#website\",\"url\":\"https:\\\/\\\/www.eldigitaldeasturias.com\\\/noticias\\\/\",\"name\":\"El Digital de Asturias - Diario de actualidad y noticias\",\"alternateName\":\"El Digital de Asturias - Diario de actualidad y noticias\",\"description\":\"Hemeroteca\",\"inLanguage\":\"es-ES\",\"publisher\":{\"@id\":\"https:\\\/\\\/www.eldigitaldeasturias.com\\\/noticias\\\/#organization\"}}]}\n\t\t<\/script>\n\t\t<!-- All in One SEO Pro -->\r\n\t\t<title>Donald Trump critica p\u00fablicamente a Amazon - El Digital de Asturias<\/title>\n\n","aioseo_head_json":{"title":"Donald Trump critica p\u00fablicamente a Amazon - El Digital de Asturias","description":"Washington, 29 mar (dpa) - El presidente estadounidense, Donald Trump, critic\u00f3 p\u00fablicamente al consorcio de comercio online Amazon por su actividad, al considerarla perjudicial para la econom\u00eda del pa\u00eds, en un paso poco habitual para un republicano. El fundador y director ejecutivo de Amazon, Jeff Bezos, es adem\u00e1s due\u00f1o del diario \"The Washington Post\", cr\u00edtico","canonical_url":"https:\/\/www.eldigitaldeasturias.com\/noticias\/donald-trump-critica-publicamente-a-amazon\/","robots":"max-image-preview:large","keywords":"actualidad","webmasterTools":{"google-site-verification":"UA-38556648-1","msvalidate.01":"7dfe9f3f1b24437ab69f4f2559babe99","miscellaneous":""},"schema":{"@context":"https:\/\/schema.org","@graph":[{"@type":"BlogPosting","@id":"https:\/\/www.eldigitaldeasturias.com\/noticias\/donald-trump-critica-publicamente-a-amazon\/#blogposting","name":"Donald Trump critica p\u00fablicamente a Amazon - El Digital de Asturias","headline":"Donald Trump critica p\u00fablicamente a Amazon","author":{"@id":"https:\/\/www.eldigitaldeasturias.com\/noticias\/author\/admin\/#author"},"publisher":{"@id":"https:\/\/www.eldigitaldeasturias.com\/noticias\/#organization"},"image":{"@type":"ImageObject","url":875869},"datePublished":"2018-03-29T20:50:23+02:00","dateModified":"2018-03-29T20:50:23+02:00","inLanguage":"es-ES","mainEntityOfPage":{"@id":"https:\/\/www.eldigitaldeasturias.com\/noticias\/donald-trump-critica-publicamente-a-amazon\/#webpage"},"isPartOf":{"@id":"https:\/\/www.eldigitaldeasturias.com\/noticias\/donald-trump-critica-publicamente-a-amazon\/#webpage"},"articleSection":"Actualidad"},{"@type":"BreadcrumbList","@id":"https:\/\/www.eldigitaldeasturias.com\/noticias\/donald-trump-critica-publicamente-a-amazon\/#breadcrumblist","itemListElement":[{"@type":"ListItem","@id":"https:\/\/www.eldigitaldeasturias.com\/noticias#listItem","position":1,"name":"Home","item":"https:\/\/www.eldigitaldeasturias.com\/noticias","nextItem":{"@type":"ListItem","@id":"https:\/\/www.eldigitaldeasturias.com\/noticias\/category\/actualidad\/#listItem","name":"Actualidad"}},{"@type":"ListItem","@id":"https:\/\/www.eldigitaldeasturias.com\/noticias\/category\/actualidad\/#listItem","position":2,"name":"Actualidad","item":"https:\/\/www.eldigitaldeasturias.com\/noticias\/category\/actualidad\/","nextItem":{"@type":"ListItem","@id":"https:\/\/www.eldigitaldeasturias.com\/noticias\/donald-trump-critica-publicamente-a-amazon\/#listItem","name":"Donald Trump critica p\u00fablicamente a Amazon"},"previousItem":{"@type":"ListItem","@id":"https:\/\/www.eldigitaldeasturias.com\/noticias#listItem","name":"Home"}},{"@type":"ListItem","@id":"https:\/\/www.eldigitaldeasturias.com\/noticias\/donald-trump-critica-publicamente-a-amazon\/#listItem","position":3,"name":"Donald Trump critica p\u00fablicamente a Amazon","previousItem":{"@type":"ListItem","@id":"https:\/\/www.eldigitaldeasturias.com\/noticias\/category\/actualidad\/#listItem","name":"Actualidad"}}]},{"@type":"Organization","@id":"https:\/\/www.eldigitaldeasturias.com\/noticias\/#organization","name":"El Digital de Asturias","description":"Hemeroteca","url":"https:\/\/www.eldigitaldeasturias.com\/noticias\/","email":"info@eldigitaldeasturias.com","telephone":"+34652131393","logo":{"@type":"ImageObject","url":"https:\/\/www.eldigitaldeasturias.com\/noticias\/wp-content\/uploads\/2020\/12\/EDA.jpg","@id":"https:\/\/www.eldigitaldeasturias.com\/noticias\/donald-trump-critica-publicamente-a-amazon\/#organizationLogo"},"image":{"@id":"https:\/\/www.eldigitaldeasturias.com\/noticias\/donald-trump-critica-publicamente-a-amazon\/#organizationLogo"},"sameAs":["https:\/\/facebook.com\/eldigitaldeasturias","https:\/\/www.youtube.com\/channel\/UCZP-2wLEB9Rv6erhFmqVnvg"],"address":{"@id":"https:\/\/www.eldigitaldeasturias.com\/noticias\/#postaladdress","@type":"PostalAddress","streetAddress":"san antonio 4","postalCode":"33430","addressLocality":"Cand\u00e1s","addressRegion":"Asturias","addressCountry":"ES"}},{"@type":"Person","@id":"https:\/\/www.eldigitaldeasturias.com\/noticias\/author\/admin\/#author","url":"https:\/\/www.eldigitaldeasturias.com\/noticias\/author\/admin\/","name":"El Digital de Asturias","image":{"@type":"ImageObject","@id":"https:\/\/www.eldigitaldeasturias.com\/noticias\/donald-trump-critica-publicamente-a-amazon\/#authorImage","url":"https:\/\/secure.gravatar.com\/avatar\/df2aeffc32bcd13f8d26072ef8a91b623d677766deac7f97ca815868cd41bf5e?s=96&d=mm&r=g","width":96,"height":96,"caption":"El Digital de Asturias"}},{"@type":"WebPage","@id":"https:\/\/www.eldigitaldeasturias.com\/noticias\/donald-trump-critica-publicamente-a-amazon\/#webpage","url":"https:\/\/www.eldigitaldeasturias.com\/noticias\/donald-trump-critica-publicamente-a-amazon\/","name":"Donald Trump critica p\u00fablicamente a Amazon - El Digital de Asturias","description":"Washington, 29 mar (dpa) - El presidente estadounidense, Donald Trump, critic\u00f3 p\u00fablicamente al consorcio de comercio online Amazon por su actividad, al considerarla perjudicial para la econom\u00eda del pa\u00eds, en un paso poco habitual para un republicano. El fundador y director ejecutivo de Amazon, Jeff Bezos, es adem\u00e1s due\u00f1o del diario \"The Washington Post\", cr\u00edtico","inLanguage":"es-ES","isPartOf":{"@id":"https:\/\/www.eldigitaldeasturias.com\/noticias\/#website"},"breadcrumb":{"@id":"https:\/\/www.eldigitaldeasturias.com\/noticias\/donald-trump-critica-publicamente-a-amazon\/#breadcrumblist"},"author":{"@id":"https:\/\/www.eldigitaldeasturias.com\/noticias\/author\/admin\/#author"},"creator":{"@id":"https:\/\/www.eldigitaldeasturias.com\/noticias\/author\/admin\/#author"},"image":{"@type":"ImageObject","url":875869,"@id":"https:\/\/www.eldigitaldeasturias.com\/noticias\/donald-trump-critica-publicamente-a-amazon\/#mainImage"},"primaryImageOfPage":{"@id":"https:\/\/www.eldigitaldeasturias.com\/noticias\/donald-trump-critica-publicamente-a-amazon\/#mainImage"},"datePublished":"2018-03-29T20:50:23+02:00","dateModified":"2018-03-29T20:50:23+02:00"},{"@type":"WebSite","@id":"https:\/\/www.eldigitaldeasturias.com\/noticias\/#website","url":"https:\/\/www.eldigitaldeasturias.com\/noticias\/","name":"El Digital de Asturias - Diario de actualidad y noticias","alternateName":"El Digital de Asturias - Diario de actualidad y noticias","description":"Hemeroteca","inLanguage":"es-ES","publisher":{"@id":"https:\/\/www.eldigitaldeasturias.com\/noticias\/#organization"}}]},"og:locale":"es_ES","og:site_name":"El Digital de Asturias","og:type":"article","og:title":"Donald Trump critica p\u00fablicamente a Amazon - El Digital de Asturias","og:description":"Washington, 29 mar (dpa) - El presidente estadounidense, Donald Trump, critic\u00f3 p\u00fablicamente al consorcio de comercio online Amazon por su actividad, al considerarla perjudicial para la econom\u00eda del pa\u00eds, en un paso poco habitual para un republicano. El fundador y director ejecutivo de Amazon, Jeff Bezos, es adem\u00e1s due\u00f1o del diario &quot;The Washington Post&quot;, cr\u00edtico","og:url":"https:\/\/www.eldigitaldeasturias.com\/noticias\/donald-trump-critica-publicamente-a-amazon\/","article:tag":["actualidad"],"article:published_time":"2018-03-29T20:50:23+00:00","article:modified_time":"2018-03-29T20:50:23+00:00","article:publisher":"https:\/\/facebook.com\/eldigitaldeasturias","twitter:card":"summary_large_image","twitter:title":"Donald Trump critica p\u00fablicamente a Amazon - El Digital de Asturias","twitter:description":"Washington, 29 mar (dpa) - El presidente estadounidense, Donald Trump, critic\u00f3 p\u00fablicamente al consorcio de comercio online Amazon por su actividad, al considerarla perjudicial para la econom\u00eda del pa\u00eds, en un paso poco habitual para un republicano. El fundador y director ejecutivo de Amazon, Jeff Bezos, es adem\u00e1s due\u00f1o del diario &quot;The Washington Post&quot;, cr\u00edtico","twitter:image":"https:\/\/www.eldigitaldeasturias.com\/noticias\/wp-content\/uploads\/2020\/12\/EDA-1.jpg","twitter:label1":"Escrito por","twitter:data1":"El Digital de Asturias","twitter:label2":"Tiempo de lectura estimado","twitter:data2":"2 minutos"},"aioseo_meta_data":{"post_id":"974013","title":null,"description":null,"keywords":null,"keyphrases":null,"primary_term":null,"canonical_url":null,"og_title":null,"og_description":null,"og_object_type":"default","og_image_type":"default","og_image_url":null,"og_image_width":null,"og_image_height":null,"og_image_custom_url":null,"og_image_custom_fields":null,"og_video":null,"og_custom_url":null,"og_article_section":null,"og_article_tags":null,"twitter_use_og":false,"twitter_card":"default","twitter_image_type":"default","twitter_image_url":null,"twitter_image_custom_url":null,"twitter_image_custom_fields":null,"twitter_title":null,"twitter_description":null,"schema":{"blockGraphs":[],"customGraphs":[],"default":{"data":{"Article":[],"Course":[],"Dataset":[],"FAQPage":[],"Movie":[],"Person":[],"Product":[],"ProductReview":[],"Car":[],"Recipe":[],"Service":[],"SoftwareApplication":[],"WebPage":[]},"graphName":"","isEnabled":true},"graphs":[],"defaultGraph":"","defaultPostTypeGraph":""},"schema_type":null,"schema_type_options":null,"pillar_content":false,"robots_default":true,"robots_noindex":false,"robots_noarchive":false,"robots_nosnippet":false,"robots_nofollow":false,"robots_noimageindex":false,"robots_noodp":false,"robots_notranslate":false,"robots_max_snippet":null,"robots_max_videopreview":null,"robots_max_imagepreview":"large","priority":null,"frequency":null,"local_seo":null,"seo_analyzer_scan_date":"2025-10-07 18:44:11","breadcrumb_settings":null,"limit_modified_date":false,"open_ai":null,"ai":null,"created":"2020-12-21 12:14:39","updated":"2025-10-07 18:44:11","focus_keyword":null,"additional_keywords":null,"truseo_locale":null},"aioseo_breadcrumb":"<div class=\"aioseo-breadcrumbs\"><span class=\"aioseo-breadcrumb\">\n\t<a href=\"https:\/\/www.eldigitaldeasturias.com\/noticias\" title=\"Home\">Home<\/a>\n<\/span><span class=\"aioseo-breadcrumb-separator\">\u2013<\/span><span class=\"aioseo-breadcrumb\">\n\t<a href=\"https:\/\/www.eldigitaldeasturias.com\/noticias\/category\/actualidad\/\" title=\"Actualidad\">Actualidad<\/a>\n<\/span><span class=\"aioseo-breadcrumb-separator\">\u2013<\/span><span class=\"aioseo-breadcrumb\">\n\t<a href=\"https:\/\/www.eldigitaldeasturias.com\/noticias\/donald-trump-critica-publicamente-a-amazon\/\" title=\"Donald Trump critica p\u00fablicamente a Amazon\">Donald Trump critica p\u00fablicamente a Amazon<\/a>\n<\/span><\/div>","aioseo_breadcrumb_json":[{"label":"Home","link":"https:\/\/www.eldigitaldeasturias.com\/noticias"},{"label":"Actualidad","link":"https:\/\/www.eldigitaldeasturias.com\/noticias\/category\/actualidad\/"},{"label":"Donald Trump critica p\u00fablicamente a Amazon","link":"https:\/\/www.eldigitaldeasturias.com\/noticias\/donald-trump-critica-publicamente-a-amazon\/"}],"_links":{"self":[{"href":"https:\/\/www.eldigitaldeasturias.com\/noticias\/wp-json\/wp\/v2\/posts\/974013","targetHints":{"allow":["GET"]}}],"collection":[{"href":"https:\/\/www.eldigitaldeasturias.com\/noticias\/wp-json\/wp\/v2\/posts"}],"about":[{"href":"https:\/\/www.eldigitaldeasturias.com\/noticias\/wp-json\/wp\/v2\/types\/post"}],"author":[{"embeddable":true,"href":"https:\/\/www.eldigitaldeasturias.com\/noticias\/wp-json\/wp\/v2\/users\/1"}],"replies":[{"embeddable":true,"href":"https:\/\/www.eldigitaldeasturias.com\/noticias\/wp-json\/wp\/v2\/comments?post=974013"}],"version-history":[{"count":0,"href":"https:\/\/www.eldigitaldeasturias.com\/noticias\/wp-json\/wp\/v2\/posts\/974013\/revisions"}],"wp:attachment":[{"href":"https:\/\/www.eldigitaldeasturias.com\/noticias\/wp-json\/wp\/v2\/media?parent=974013"}],"wp:term":[{"taxonomy":"category","embeddable":true,"href":"https:\/\/www.eldigitaldeasturias.com\/noticias\/wp-json\/wp\/v2\/categories?post=974013"},{"taxonomy":"post_tag","embeddable":true,"href":"https:\/\/www.eldigitaldeasturias.com\/noticias\/wp-json\/wp\/v2\/tags?post=974013"}],"curies":[{"name":"wp","href":"https:\/\/api.w.org\/{rel}","templated":true}]}}