{"id":974001,"date":"2018-03-29T20:14:06","date_gmt":"2018-03-29T20:14:06","guid":{"rendered":"http:\/\/www.eldigitaldeasturias.com\/noticias\/?p=974001"},"modified":"2018-03-29T20:14:06","modified_gmt":"2018-03-29T20:14:06","slug":"los-reos-pulen-el-coliseo-de-roma","status":"publish","type":"post","link":"https:\/\/www.eldigitaldeasturias.com\/noticias\/los-reos-pulen-el-coliseo-de-roma\/","title":{"rendered":"Los reos pulen el Coliseo de Roma"},"content":{"rendered":"<p><img loading=\"lazy\" decoding=\"async\" class=\"alignleft size-medium wp-image-974002\" src=\"https:\/\/www.eldigitaldeasturias.com\/noticias\/wp-content\/uploads\/2018\/03\/colosseum-3012088_1280-360x240.jpg\" alt=\"\" width=\"360\" height=\"240\" \/>Roma, 29 mar (dpa) &#8211; De buena ma\u00f1ana en el Coliseo ya hay una gran actividad: los turistas hacen fila ante uno de los monumentos m\u00e1s conocidos en Italia y entre ellos se ve a unos hombres vestidos con overalls (monos) blancos. Son los encargados de retirar escombros o recoger las bolsas de pl\u00e1stico sobre el c\u00e9sped, aunque lo hacen bajo la estricta vigilancia de varios polic\u00edas. Y es que en Roma, desde hace poco, los presos son los que limpian.<\/p>\n<p>En primer lugar intervienen en el parque Colle Oppio, ubicado a unos pocos metros del Coliseo. Se trata de un proyecto piloto del que sacan partido tanto la ciudad como los presos y los romanos, asegura Gabriella Stramaccioni, que supervisa esta iniciativa para el ayuntamiento.<\/p>\n<p>Cuando el Coliseo est\u00e9 limpio, seguir\u00e1n otros lugares emblem\u00e1ticos y parques durante los pr\u00f3ximos seis meses. Y seguidamente se actuar\u00e1 en la periferia. Tambi\u00e9n est\u00e1 prevista su intervenci\u00f3n en centros deportivos y bibliotecas.<\/p>\n<p>A diario 18 presos acuden a esta patrulla de limpieza en un peque\u00f1o bus desde la prisi\u00f3n de Rebibbia, uno de los mayores centros penitenciarios del pa\u00eds.<\/p>\n<p>\u00abSe trata de hombres que cumplen una pena relativamente suave, que tienen buen comportamiento y que como m\u00e1ximo les queda dos a\u00f1os (entre rejas)\u00bb, dijo Stramaccioni. Es por ello que el peligro de fuga es escaso. Adem\u00e1s, los condenados por asesinato no forman parte de este equipo de limpieza, que cuenta con un polic\u00eda por cada preso, ya que no llevan tobillera electr\u00f3nica.<\/p>\n<p>A los turistas les parece bien el proyecto. \u00abAntes de que hagan agujeros la pared, esto es mejor\u00bb, afirma un turista alem\u00e1n que observa al grupo. \u00abMiedo no tenemos. Es bueno cuando hacen algo \u00fatil\u00bb, agreg\u00f3.<\/p>\n<p>Y en ese sentido en Roma trabajo no falta. Sobre todo desde que hace un mes nevase un d\u00eda y se impusiese un estado de emergencia en la capital italiana que no ha sido suspendido. Muchos parques siguen cerrados por que se corre el peligro de ca\u00edda de los \u00e1rboles da\u00f1ados por las inclemencias meteorol\u00f3gicas. El departamento de parques y jardines de la ciudad no cuenta con suficientes trabajadores y la basura se acumula. Es por ello que resulta pr\u00e1ctica la intervenci\u00f3n de los presos y que \u00e9stos se ocupen de las zonas verdes.<\/p>\n<p>Y adem\u00e1s tambi\u00e9n podr\u00edan ayudar a mantener en buen estado las calles de Roma, que dan pena, seg\u00fan se\u00f1al\u00f3 Stramaccioni. Sobre todo los baches en el asfalto enervan a los romanos. En algunas calles los agujeros tienen tama\u00f1o de cr\u00e1ter y hasta se han tragado a un coche entero. Pr\u00e1cticamente se ha convertido en un deporte contar el n\u00famero de baches que uno tiene que esquivar delante de la puerta de casa.<\/p>\n<p>El ayuntamiento anunci\u00f3 \u00abun Marshall Plan\u00bb para hacer frente a los agujeros y asegur\u00f3 que un plazo de 30 d\u00edas se iban a tapar 50.000 de estos baches. Pero muchos dudan de que algo vaya a cambiar, pues las arcas de la ciudad est\u00e1n vac\u00edas. Y de ah\u00ed que se pida la participaci\u00f3n ciudadana.<\/p>\n<p>En la asociaci\u00f3n \u00abTappami\u00bb, que significa t\u00e1pame, son los voluntarios los que cubren los baches por cuenta propia. Tambi\u00e9n los presos podr\u00eda hacer ese trabajo, indica el impulsor de la iniciativa Cristiano Davoli. \u00abCualquiera que contribuya a hacer m\u00e1s habitable esta ciudad es bienvenido\u00bb, asegur\u00f3.<\/p>\n<p>Por Annette Reuther (dpa)<\/p>\n","protected":false},"excerpt":{"rendered":"<p>Roma, 29 mar (dpa) &#8211; De buena ma\u00f1ana en el Coliseo ya hay una gran actividad: los turistas hacen fila ante uno de los monumentos m\u00e1s conocidos en Italia y entre ellos se ve a unos hombres vestidos con overalls (monos) blancos. Son los encargados de retirar escombros o recoger las bolsas de pl\u00e1stico sobre [&hellip;]<\/p>\n","protected":false},"author":1,"featured_media":974002,"comment_status":"closed","ping_status":"closed","sticky":false,"template":"","format":"standard","meta":{"footnotes":""},"categories":[1],"tags":[],"class_list":["post-974001","post","type-post","status-publish","format-standard","has-post-thumbnail","hentry","category-actualidad"],"aioseo_notices":[],"aioseo_head":"\n\t\t<!-- All in One SEO Pro 5.0.1 - aioseo.com -->\n\t<meta name=\"description\" content=\"Roma, 29 mar (dpa) - De buena ma\u00f1ana en el Coliseo ya hay una gran actividad: los turistas hacen fila ante uno de los monumentos m\u00e1s conocidos en Italia y entre ellos se ve a unos hombres vestidos con overalls (monos) blancos. Son los encargados de retirar escombros o recoger las bolsas de pl\u00e1stico sobre\" \/>\n\t<meta name=\"robots\" content=\"max-image-preview:large\" \/>\n\t<meta name=\"author\" content=\"El Digital de Asturias\"\/>\n\t<meta name=\"google-site-verification\" content=\"UA-38556648-1\" \/>\n\t<meta name=\"msvalidate.01\" content=\"7dfe9f3f1b24437ab69f4f2559babe99\" \/>\n\t<meta name=\"keywords\" content=\"actualidad\" \/>\n\t<link rel=\"canonical\" href=\"https:\/\/www.eldigitaldeasturias.com\/noticias\/los-reos-pulen-el-coliseo-de-roma\/\" \/>\n\t<meta name=\"generator\" content=\"All in One SEO Pro (AIOSEO) 5.0.1\" \/>\n\t\t<meta property=\"og:locale\" content=\"es_ES\" \/>\n\t\t<meta property=\"og:site_name\" content=\"El Digital de Asturias\" \/>\n\t\t<meta property=\"og:type\" content=\"article\" \/>\n\t\t<meta property=\"og:title\" content=\"Los reos pulen el Coliseo de Roma - El Digital de Asturias\" \/>\n\t\t<meta property=\"og:description\" content=\"Roma, 29 mar (dpa) - De buena ma\u00f1ana en el Coliseo ya hay una gran actividad: los turistas hacen fila ante uno de los monumentos m\u00e1s conocidos en Italia y entre ellos se ve a unos hombres vestidos con overalls (monos) blancos. Son los encargados de retirar escombros o recoger las bolsas de pl\u00e1stico sobre\" \/>\n\t\t<meta property=\"og:url\" content=\"https:\/\/www.eldigitaldeasturias.com\/noticias\/los-reos-pulen-el-coliseo-de-roma\/\" \/>\n\t\t<meta property=\"article:tag\" content=\"actualidad\" \/>\n\t\t<meta property=\"article:published_time\" content=\"2018-03-29T20:14:06+00:00\" \/>\n\t\t<meta property=\"article:modified_time\" content=\"2018-03-29T20:14:06+00:00\" \/>\n\t\t<meta property=\"article:publisher\" content=\"https:\/\/facebook.com\/eldigitaldeasturias\" \/>\n\t\t<meta name=\"twitter:card\" content=\"summary_large_image\" \/>\n\t\t<meta name=\"twitter:title\" content=\"Los reos pulen el Coliseo de Roma - El Digital de Asturias\" \/>\n\t\t<meta name=\"twitter:description\" content=\"Roma, 29 mar (dpa) - De buena ma\u00f1ana en el Coliseo ya hay una gran actividad: los turistas hacen fila ante uno de los monumentos m\u00e1s conocidos en Italia y entre ellos se ve a unos hombres vestidos con overalls (monos) blancos. Son los encargados de retirar escombros o recoger las bolsas de pl\u00e1stico sobre\" \/>\n\t\t<meta name=\"twitter:image\" content=\"https:\/\/www.eldigitaldeasturias.com\/noticias\/wp-content\/uploads\/2020\/12\/EDA-1.jpg\" \/>\n\t\t<meta name=\"twitter:label1\" content=\"Escrito por\" \/>\n\t\t<meta name=\"twitter:data1\" content=\"El Digital de Asturias\" \/>\n\t\t<meta name=\"twitter:label2\" content=\"Tiempo de lectura estimado\" \/>\n\t\t<meta name=\"twitter:data2\" content=\"3 minutos\" \/>\n\t\t<script type=\"application\/ld+json\" class=\"aioseo-schema\">\n\t\t\t{\"@context\":\"https:\\\/\\\/schema.org\",\"@graph\":[{\"@type\":\"BlogPosting\",\"@id\":\"https:\\\/\\\/www.eldigitaldeasturias.com\\\/noticias\\\/los-reos-pulen-el-coliseo-de-roma\\\/#blogposting\",\"name\":\"Los reos pulen el Coliseo de Roma - El Digital de Asturias\",\"headline\":\"Los reos pulen el Coliseo de Roma\",\"author\":{\"@id\":\"https:\\\/\\\/www.eldigitaldeasturias.com\\\/noticias\\\/author\\\/admin\\\/#author\"},\"publisher\":{\"@id\":\"https:\\\/\\\/www.eldigitaldeasturias.com\\\/noticias\\\/#organization\"},\"image\":{\"@type\":\"ImageObject\",\"url\":974002},\"datePublished\":\"2018-03-29T20:14:06+02:00\",\"dateModified\":\"2018-03-29T20:14:06+02:00\",\"inLanguage\":\"es-ES\",\"mainEntityOfPage\":{\"@id\":\"https:\\\/\\\/www.eldigitaldeasturias.com\\\/noticias\\\/los-reos-pulen-el-coliseo-de-roma\\\/#webpage\"},\"isPartOf\":{\"@id\":\"https:\\\/\\\/www.eldigitaldeasturias.com\\\/noticias\\\/los-reos-pulen-el-coliseo-de-roma\\\/#webpage\"},\"articleSection\":\"Actualidad\"},{\"@type\":\"BreadcrumbList\",\"@id\":\"https:\\\/\\\/www.eldigitaldeasturias.com\\\/noticias\\\/los-reos-pulen-el-coliseo-de-roma\\\/#breadcrumblist\",\"itemListElement\":[{\"@type\":\"ListItem\",\"@id\":\"https:\\\/\\\/www.eldigitaldeasturias.com\\\/noticias#listItem\",\"position\":1,\"name\":\"Home\",\"item\":\"https:\\\/\\\/www.eldigitaldeasturias.com\\\/noticias\",\"nextItem\":{\"@type\":\"ListItem\",\"@id\":\"https:\\\/\\\/www.eldigitaldeasturias.com\\\/noticias\\\/category\\\/actualidad\\\/#listItem\",\"name\":\"Actualidad\"}},{\"@type\":\"ListItem\",\"@id\":\"https:\\\/\\\/www.eldigitaldeasturias.com\\\/noticias\\\/category\\\/actualidad\\\/#listItem\",\"position\":2,\"name\":\"Actualidad\",\"item\":\"https:\\\/\\\/www.eldigitaldeasturias.com\\\/noticias\\\/category\\\/actualidad\\\/\",\"nextItem\":{\"@type\":\"ListItem\",\"@id\":\"https:\\\/\\\/www.eldigitaldeasturias.com\\\/noticias\\\/los-reos-pulen-el-coliseo-de-roma\\\/#listItem\",\"name\":\"Los reos pulen el Coliseo de Roma\"},\"previousItem\":{\"@type\":\"ListItem\",\"@id\":\"https:\\\/\\\/www.eldigitaldeasturias.com\\\/noticias#listItem\",\"name\":\"Home\"}},{\"@type\":\"ListItem\",\"@id\":\"https:\\\/\\\/www.eldigitaldeasturias.com\\\/noticias\\\/los-reos-pulen-el-coliseo-de-roma\\\/#listItem\",\"position\":3,\"name\":\"Los reos pulen el Coliseo de Roma\",\"previousItem\":{\"@type\":\"ListItem\",\"@id\":\"https:\\\/\\\/www.eldigitaldeasturias.com\\\/noticias\\\/category\\\/actualidad\\\/#listItem\",\"name\":\"Actualidad\"}}]},{\"@type\":\"Organization\",\"@id\":\"https:\\\/\\\/www.eldigitaldeasturias.com\\\/noticias\\\/#organization\",\"name\":\"El Digital de Asturias\",\"description\":\"Hemeroteca\",\"url\":\"https:\\\/\\\/www.eldigitaldeasturias.com\\\/noticias\\\/\",\"email\":\"info@eldigitaldeasturias.com\",\"telephone\":\"+34652131393\",\"logo\":{\"@type\":\"ImageObject\",\"url\":\"https:\\\/\\\/www.eldigitaldeasturias.com\\\/noticias\\\/wp-content\\\/uploads\\\/2020\\\/12\\\/EDA.jpg\",\"@id\":\"https:\\\/\\\/www.eldigitaldeasturias.com\\\/noticias\\\/los-reos-pulen-el-coliseo-de-roma\\\/#organizationLogo\"},\"image\":{\"@id\":\"https:\\\/\\\/www.eldigitaldeasturias.com\\\/noticias\\\/los-reos-pulen-el-coliseo-de-roma\\\/#organizationLogo\"},\"sameAs\":[\"https:\\\/\\\/facebook.com\\\/eldigitaldeasturias\",\"https:\\\/\\\/www.youtube.com\\\/channel\\\/UCZP-2wLEB9Rv6erhFmqVnvg\"],\"address\":{\"@id\":\"https:\\\/\\\/www.eldigitaldeasturias.com\\\/noticias\\\/#postaladdress\",\"@type\":\"PostalAddress\",\"streetAddress\":\"san antonio 4\",\"postalCode\":\"33430\",\"addressLocality\":\"Cand\\u00e1s\",\"addressRegion\":\"Asturias\",\"addressCountry\":\"ES\"}},{\"@type\":\"Person\",\"@id\":\"https:\\\/\\\/www.eldigitaldeasturias.com\\\/noticias\\\/author\\\/admin\\\/#author\",\"url\":\"https:\\\/\\\/www.eldigitaldeasturias.com\\\/noticias\\\/author\\\/admin\\\/\",\"name\":\"El Digital de Asturias\",\"image\":{\"@type\":\"ImageObject\",\"@id\":\"https:\\\/\\\/www.eldigitaldeasturias.com\\\/noticias\\\/los-reos-pulen-el-coliseo-de-roma\\\/#authorImage\",\"url\":\"https:\\\/\\\/secure.gravatar.com\\\/avatar\\\/df2aeffc32bcd13f8d26072ef8a91b623d677766deac7f97ca815868cd41bf5e?s=96&d=mm&r=g\",\"width\":96,\"height\":96,\"caption\":\"El Digital de Asturias\"}},{\"@type\":\"WebPage\",\"@id\":\"https:\\\/\\\/www.eldigitaldeasturias.com\\\/noticias\\\/los-reos-pulen-el-coliseo-de-roma\\\/#webpage\",\"url\":\"https:\\\/\\\/www.eldigitaldeasturias.com\\\/noticias\\\/los-reos-pulen-el-coliseo-de-roma\\\/\",\"name\":\"Los reos pulen el Coliseo de Roma - El Digital de Asturias\",\"description\":\"Roma, 29 mar (dpa) - De buena ma\\u00f1ana en el Coliseo ya hay una gran actividad: los turistas hacen fila ante uno de los monumentos m\\u00e1s conocidos en Italia y entre ellos se ve a unos hombres vestidos con overalls (monos) blancos. Son los encargados de retirar escombros o recoger las bolsas de pl\\u00e1stico sobre\",\"inLanguage\":\"es-ES\",\"isPartOf\":{\"@id\":\"https:\\\/\\\/www.eldigitaldeasturias.com\\\/noticias\\\/#website\"},\"breadcrumb\":{\"@id\":\"https:\\\/\\\/www.eldigitaldeasturias.com\\\/noticias\\\/los-reos-pulen-el-coliseo-de-roma\\\/#breadcrumblist\"},\"author\":{\"@id\":\"https:\\\/\\\/www.eldigitaldeasturias.com\\\/noticias\\\/author\\\/admin\\\/#author\"},\"creator\":{\"@id\":\"https:\\\/\\\/www.eldigitaldeasturias.com\\\/noticias\\\/author\\\/admin\\\/#author\"},\"image\":{\"@type\":\"ImageObject\",\"url\":974002,\"@id\":\"https:\\\/\\\/www.eldigitaldeasturias.com\\\/noticias\\\/los-reos-pulen-el-coliseo-de-roma\\\/#mainImage\"},\"primaryImageOfPage\":{\"@id\":\"https:\\\/\\\/www.eldigitaldeasturias.com\\\/noticias\\\/los-reos-pulen-el-coliseo-de-roma\\\/#mainImage\"},\"datePublished\":\"2018-03-29T20:14:06+02:00\",\"dateModified\":\"2018-03-29T20:14:06+02:00\"},{\"@type\":\"WebSite\",\"@id\":\"https:\\\/\\\/www.eldigitaldeasturias.com\\\/noticias\\\/#website\",\"url\":\"https:\\\/\\\/www.eldigitaldeasturias.com\\\/noticias\\\/\",\"name\":\"El Digital de Asturias - Diario de actualidad y noticias\",\"alternateName\":\"El Digital de Asturias - Diario de actualidad y noticias\",\"description\":\"Hemeroteca\",\"inLanguage\":\"es-ES\",\"publisher\":{\"@id\":\"https:\\\/\\\/www.eldigitaldeasturias.com\\\/noticias\\\/#organization\"}}]}\n\t\t<\/script>\n\t\t<!-- All in One SEO Pro -->\r\n\t\t<title>Los reos pulen el Coliseo de Roma - El Digital de Asturias<\/title>\n\n","aioseo_head_json":{"title":"Los reos pulen el Coliseo de Roma - El Digital de Asturias","description":"Roma, 29 mar (dpa) - De buena ma\u00f1ana en el Coliseo ya hay una gran actividad: los turistas hacen fila ante uno de los monumentos m\u00e1s conocidos en Italia y entre ellos se ve a unos hombres vestidos con overalls (monos) blancos. Son los encargados de retirar escombros o recoger las bolsas de pl\u00e1stico sobre","canonical_url":"https:\/\/www.eldigitaldeasturias.com\/noticias\/los-reos-pulen-el-coliseo-de-roma\/","robots":"max-image-preview:large","keywords":"actualidad","webmasterTools":{"google-site-verification":"UA-38556648-1","msvalidate.01":"7dfe9f3f1b24437ab69f4f2559babe99","miscellaneous":""},"schema":{"@context":"https:\/\/schema.org","@graph":[{"@type":"BlogPosting","@id":"https:\/\/www.eldigitaldeasturias.com\/noticias\/los-reos-pulen-el-coliseo-de-roma\/#blogposting","name":"Los reos pulen el Coliseo de Roma - El Digital de Asturias","headline":"Los reos pulen el Coliseo de Roma","author":{"@id":"https:\/\/www.eldigitaldeasturias.com\/noticias\/author\/admin\/#author"},"publisher":{"@id":"https:\/\/www.eldigitaldeasturias.com\/noticias\/#organization"},"image":{"@type":"ImageObject","url":974002},"datePublished":"2018-03-29T20:14:06+02:00","dateModified":"2018-03-29T20:14:06+02:00","inLanguage":"es-ES","mainEntityOfPage":{"@id":"https:\/\/www.eldigitaldeasturias.com\/noticias\/los-reos-pulen-el-coliseo-de-roma\/#webpage"},"isPartOf":{"@id":"https:\/\/www.eldigitaldeasturias.com\/noticias\/los-reos-pulen-el-coliseo-de-roma\/#webpage"},"articleSection":"Actualidad"},{"@type":"BreadcrumbList","@id":"https:\/\/www.eldigitaldeasturias.com\/noticias\/los-reos-pulen-el-coliseo-de-roma\/#breadcrumblist","itemListElement":[{"@type":"ListItem","@id":"https:\/\/www.eldigitaldeasturias.com\/noticias#listItem","position":1,"name":"Home","item":"https:\/\/www.eldigitaldeasturias.com\/noticias","nextItem":{"@type":"ListItem","@id":"https:\/\/www.eldigitaldeasturias.com\/noticias\/category\/actualidad\/#listItem","name":"Actualidad"}},{"@type":"ListItem","@id":"https:\/\/www.eldigitaldeasturias.com\/noticias\/category\/actualidad\/#listItem","position":2,"name":"Actualidad","item":"https:\/\/www.eldigitaldeasturias.com\/noticias\/category\/actualidad\/","nextItem":{"@type":"ListItem","@id":"https:\/\/www.eldigitaldeasturias.com\/noticias\/los-reos-pulen-el-coliseo-de-roma\/#listItem","name":"Los reos pulen el Coliseo de Roma"},"previousItem":{"@type":"ListItem","@id":"https:\/\/www.eldigitaldeasturias.com\/noticias#listItem","name":"Home"}},{"@type":"ListItem","@id":"https:\/\/www.eldigitaldeasturias.com\/noticias\/los-reos-pulen-el-coliseo-de-roma\/#listItem","position":3,"name":"Los reos pulen el Coliseo de Roma","previousItem":{"@type":"ListItem","@id":"https:\/\/www.eldigitaldeasturias.com\/noticias\/category\/actualidad\/#listItem","name":"Actualidad"}}]},{"@type":"Organization","@id":"https:\/\/www.eldigitaldeasturias.com\/noticias\/#organization","name":"El Digital de Asturias","description":"Hemeroteca","url":"https:\/\/www.eldigitaldeasturias.com\/noticias\/","email":"info@eldigitaldeasturias.com","telephone":"+34652131393","logo":{"@type":"ImageObject","url":"https:\/\/www.eldigitaldeasturias.com\/noticias\/wp-content\/uploads\/2020\/12\/EDA.jpg","@id":"https:\/\/www.eldigitaldeasturias.com\/noticias\/los-reos-pulen-el-coliseo-de-roma\/#organizationLogo"},"image":{"@id":"https:\/\/www.eldigitaldeasturias.com\/noticias\/los-reos-pulen-el-coliseo-de-roma\/#organizationLogo"},"sameAs":["https:\/\/facebook.com\/eldigitaldeasturias","https:\/\/www.youtube.com\/channel\/UCZP-2wLEB9Rv6erhFmqVnvg"],"address":{"@id":"https:\/\/www.eldigitaldeasturias.com\/noticias\/#postaladdress","@type":"PostalAddress","streetAddress":"san antonio 4","postalCode":"33430","addressLocality":"Cand\u00e1s","addressRegion":"Asturias","addressCountry":"ES"}},{"@type":"Person","@id":"https:\/\/www.eldigitaldeasturias.com\/noticias\/author\/admin\/#author","url":"https:\/\/www.eldigitaldeasturias.com\/noticias\/author\/admin\/","name":"El Digital de Asturias","image":{"@type":"ImageObject","@id":"https:\/\/www.eldigitaldeasturias.com\/noticias\/los-reos-pulen-el-coliseo-de-roma\/#authorImage","url":"https:\/\/secure.gravatar.com\/avatar\/df2aeffc32bcd13f8d26072ef8a91b623d677766deac7f97ca815868cd41bf5e?s=96&d=mm&r=g","width":96,"height":96,"caption":"El Digital de Asturias"}},{"@type":"WebPage","@id":"https:\/\/www.eldigitaldeasturias.com\/noticias\/los-reos-pulen-el-coliseo-de-roma\/#webpage","url":"https:\/\/www.eldigitaldeasturias.com\/noticias\/los-reos-pulen-el-coliseo-de-roma\/","name":"Los reos pulen el Coliseo de Roma - El Digital de Asturias","description":"Roma, 29 mar (dpa) - De buena ma\u00f1ana en el Coliseo ya hay una gran actividad: los turistas hacen fila ante uno de los monumentos m\u00e1s conocidos en Italia y entre ellos se ve a unos hombres vestidos con overalls (monos) blancos. Son los encargados de retirar escombros o recoger las bolsas de pl\u00e1stico sobre","inLanguage":"es-ES","isPartOf":{"@id":"https:\/\/www.eldigitaldeasturias.com\/noticias\/#website"},"breadcrumb":{"@id":"https:\/\/www.eldigitaldeasturias.com\/noticias\/los-reos-pulen-el-coliseo-de-roma\/#breadcrumblist"},"author":{"@id":"https:\/\/www.eldigitaldeasturias.com\/noticias\/author\/admin\/#author"},"creator":{"@id":"https:\/\/www.eldigitaldeasturias.com\/noticias\/author\/admin\/#author"},"image":{"@type":"ImageObject","url":974002,"@id":"https:\/\/www.eldigitaldeasturias.com\/noticias\/los-reos-pulen-el-coliseo-de-roma\/#mainImage"},"primaryImageOfPage":{"@id":"https:\/\/www.eldigitaldeasturias.com\/noticias\/los-reos-pulen-el-coliseo-de-roma\/#mainImage"},"datePublished":"2018-03-29T20:14:06+02:00","dateModified":"2018-03-29T20:14:06+02:00"},{"@type":"WebSite","@id":"https:\/\/www.eldigitaldeasturias.com\/noticias\/#website","url":"https:\/\/www.eldigitaldeasturias.com\/noticias\/","name":"El Digital de Asturias - Diario de actualidad y noticias","alternateName":"El Digital de Asturias - Diario de actualidad y noticias","description":"Hemeroteca","inLanguage":"es-ES","publisher":{"@id":"https:\/\/www.eldigitaldeasturias.com\/noticias\/#organization"}}]},"og:locale":"es_ES","og:site_name":"El Digital de Asturias","og:type":"article","og:title":"Los reos pulen el Coliseo de Roma - El Digital de Asturias","og:description":"Roma, 29 mar (dpa) - De buena ma\u00f1ana en el Coliseo ya hay una gran actividad: los turistas hacen fila ante uno de los monumentos m\u00e1s conocidos en Italia y entre ellos se ve a unos hombres vestidos con overalls (monos) blancos. Son los encargados de retirar escombros o recoger las bolsas de pl\u00e1stico sobre","og:url":"https:\/\/www.eldigitaldeasturias.com\/noticias\/los-reos-pulen-el-coliseo-de-roma\/","article:tag":["actualidad"],"article:published_time":"2018-03-29T20:14:06+00:00","article:modified_time":"2018-03-29T20:14:06+00:00","article:publisher":"https:\/\/facebook.com\/eldigitaldeasturias","twitter:card":"summary_large_image","twitter:title":"Los reos pulen el Coliseo de Roma - El Digital de Asturias","twitter:description":"Roma, 29 mar (dpa) - De buena ma\u00f1ana en el Coliseo ya hay una gran actividad: los turistas hacen fila ante uno de los monumentos m\u00e1s conocidos en Italia y entre ellos se ve a unos hombres vestidos con overalls (monos) blancos. Son los encargados de retirar escombros o recoger las bolsas de pl\u00e1stico sobre","twitter:image":"https:\/\/www.eldigitaldeasturias.com\/noticias\/wp-content\/uploads\/2020\/12\/EDA-1.jpg","twitter:label1":"Escrito por","twitter:data1":"El Digital de Asturias","twitter:label2":"Tiempo de lectura estimado","twitter:data2":"3 minutos"},"aioseo_meta_data":{"post_id":"974001","title":null,"description":null,"keywords":null,"keyphrases":null,"primary_term":null,"canonical_url":null,"og_title":null,"og_description":null,"og_object_type":"default","og_image_type":"default","og_image_url":null,"og_image_width":null,"og_image_height":null,"og_image_custom_url":null,"og_image_custom_fields":null,"og_video":null,"og_custom_url":null,"og_article_section":null,"og_article_tags":null,"twitter_use_og":false,"twitter_card":"default","twitter_image_type":"default","twitter_image_url":null,"twitter_image_custom_url":null,"twitter_image_custom_fields":null,"twitter_title":null,"twitter_description":null,"schema":{"blockGraphs":[],"customGraphs":[],"default":{"data":{"Article":[],"Course":[],"Dataset":[],"FAQPage":[],"Movie":[],"Person":[],"Product":[],"ProductReview":[],"Car":[],"Recipe":[],"Service":[],"SoftwareApplication":[],"WebPage":[]},"graphName":"","isEnabled":true},"graphs":[],"defaultGraph":"","defaultPostTypeGraph":""},"schema_type":null,"schema_type_options":null,"pillar_content":false,"robots_default":true,"robots_noindex":false,"robots_noarchive":false,"robots_nosnippet":false,"robots_nofollow":false,"robots_noimageindex":false,"robots_noodp":false,"robots_notranslate":false,"robots_max_snippet":null,"robots_max_videopreview":null,"robots_max_imagepreview":"large","priority":null,"frequency":null,"local_seo":null,"seo_analyzer_scan_date":"2025-10-07 18:42:19","breadcrumb_settings":null,"limit_modified_date":false,"open_ai":null,"ai":null,"created":"2020-12-21 12:14:39","updated":"2025-10-07 18:42:19","focus_keyword":null,"additional_keywords":null,"truseo_locale":null},"aioseo_breadcrumb":"<div class=\"aioseo-breadcrumbs\"><span class=\"aioseo-breadcrumb\">\n\t<a href=\"https:\/\/www.eldigitaldeasturias.com\/noticias\" title=\"Home\">Home<\/a>\n<\/span><span class=\"aioseo-breadcrumb-separator\">\u2013<\/span><span class=\"aioseo-breadcrumb\">\n\t<a href=\"https:\/\/www.eldigitaldeasturias.com\/noticias\/category\/actualidad\/\" title=\"Actualidad\">Actualidad<\/a>\n<\/span><span class=\"aioseo-breadcrumb-separator\">\u2013<\/span><span class=\"aioseo-breadcrumb\">\n\t<a href=\"https:\/\/www.eldigitaldeasturias.com\/noticias\/los-reos-pulen-el-coliseo-de-roma\/\" title=\"Los reos pulen el Coliseo de Roma\">Los reos pulen el Coliseo de Roma<\/a>\n<\/span><\/div>","aioseo_breadcrumb_json":[{"label":"Home","link":"https:\/\/www.eldigitaldeasturias.com\/noticias"},{"label":"Actualidad","link":"https:\/\/www.eldigitaldeasturias.com\/noticias\/category\/actualidad\/"},{"label":"Los reos pulen el Coliseo de Roma","link":"https:\/\/www.eldigitaldeasturias.com\/noticias\/los-reos-pulen-el-coliseo-de-roma\/"}],"_links":{"self":[{"href":"https:\/\/www.eldigitaldeasturias.com\/noticias\/wp-json\/wp\/v2\/posts\/974001","targetHints":{"allow":["GET"]}}],"collection":[{"href":"https:\/\/www.eldigitaldeasturias.com\/noticias\/wp-json\/wp\/v2\/posts"}],"about":[{"href":"https:\/\/www.eldigitaldeasturias.com\/noticias\/wp-json\/wp\/v2\/types\/post"}],"author":[{"embeddable":true,"href":"https:\/\/www.eldigitaldeasturias.com\/noticias\/wp-json\/wp\/v2\/users\/1"}],"replies":[{"embeddable":true,"href":"https:\/\/www.eldigitaldeasturias.com\/noticias\/wp-json\/wp\/v2\/comments?post=974001"}],"version-history":[{"count":0,"href":"https:\/\/www.eldigitaldeasturias.com\/noticias\/wp-json\/wp\/v2\/posts\/974001\/revisions"}],"wp:attachment":[{"href":"https:\/\/www.eldigitaldeasturias.com\/noticias\/wp-json\/wp\/v2\/media?parent=974001"}],"wp:term":[{"taxonomy":"category","embeddable":true,"href":"https:\/\/www.eldigitaldeasturias.com\/noticias\/wp-json\/wp\/v2\/categories?post=974001"},{"taxonomy":"post_tag","embeddable":true,"href":"https:\/\/www.eldigitaldeasturias.com\/noticias\/wp-json\/wp\/v2\/tags?post=974001"}],"curies":[{"name":"wp","href":"https:\/\/api.w.org\/{rel}","templated":true}]}}