{"id":973987,"date":"2018-03-29T18:33:11","date_gmt":"2018-03-29T18:33:11","guid":{"rendered":"http:\/\/www.eldigitaldeasturias.com\/noticias\/?p=973987"},"modified":"2018-03-29T18:33:11","modified_gmt":"2018-03-29T18:33:11","slug":"la-justicia-vuelve-a-presionar-a-temer-por-los-casos-de-corrupcion","status":"publish","type":"post","link":"https:\/\/www.eldigitaldeasturias.com\/noticias\/la-justicia-vuelve-a-presionar-a-temer-por-los-casos-de-corrupcion\/","title":{"rendered":"La Justicia vuelve a presionar a Temer por los casos de corrupci\u00f3n"},"content":{"rendered":"<p><img loading=\"lazy\" decoding=\"async\" class=\"alignleft size-medium wp-image-973988\" src=\"https:\/\/www.eldigitaldeasturias.com\/noticias\/wp-content\/uploads\/2018\/03\/7897018w-360x256-360x256.jpg\" alt=\"\" width=\"360\" height=\"256\" \/>R\u00edo de Janeiro, 29 mar (dpa) &#8211; La Justicia brasile\u00f1a volvi\u00f3 hoy a aumentar la presi\u00f3n sobre el presidente Michel Temer con sus investigaciones por corrupci\u00f3n, poco despu\u00e9s de que el mandatario especulara p\u00fablicamente con una posible candidatura en las elecciones de octubre.<\/p>\n<p>La Polic\u00eda Federal detuvo en la ma\u00f1ana de hoy a dos personas muy cercanas a Temer por una investigaci\u00f3n sobre corrupci\u00f3n en el puerto de Santos, el \u00faltimo caso que amenaza con salpicar al presidente.<\/p>\n<p>Adem\u00e1s de al ex asesor presidencial Jos\u00e9 Yunes y al coronel Joao Batista Lima Filho, ambos amigos personales del mandatario, las autoridades arrestaron al empresario Antonio Celso Greco, due\u00f1o de la empresa de log\u00edstica Rodrimar, y al ex ministro de Agricultura y compa\u00f1ero de partido de Temer Wagner Rossi, as\u00ed como a dos personas m\u00e1s.<\/p>\n<p>Los seis detenidos est\u00e1n bajo sospecha de haber participado en una trama corrupta para que Rodrimar obtenga una concesi\u00f3n p\u00fablica en el puerto de Santos, uno de los principales del gigante sudamericano, a cambio del pago de sobornos.<\/p>\n<p>La fiscal\u00eda confirm\u00f3 un gran operativo para ejecutar \u00f3rdenes de detenci\u00f3n temporal por el caso, pero se neg\u00f3 a divulgar los nombres. La televisi\u00f3n mostr\u00f3 im\u00e1genes de los arrestos de la \u00aboperaci\u00f3n Skala\u00bb realizados en Sao Paulo y R\u00edo de Janeiro.<\/p>\n<p>El decreto que benefici\u00f3 a Rodrimar fue promulgado el a\u00f1o pasado, cuando Temer ya era jefe de Estado. Sobre todo el caso de Yunes, colaborador personal durante a\u00f1os del presidente y acusado de ser intermediario en varias tramas corruptas, podr\u00eda poner en problemas al mandatario. Temer est\u00e1 rodeado desde hace tiempo por acusaciones de corrupci\u00f3n.<\/p>\n<p>\u00abEs inaceptable la prisi\u00f3n de un abogado con m\u00e1s de 50 a\u00f1os de abogac\u00eda, que siempre que fue citado compareci\u00f3 para colaborar\u00bb, se\u00f1al\u00f3 la defensa de Yunes para negar los cargos.<\/p>\n<p>Las detenciones ordenadas por la fiscal\u00eda y autorizadas por el juez de la Corte Suprema Lu\u00eds Roberto Barroso generaron preocupaci\u00f3n en Brasilia. Seg\u00fan el diario \u00abFolha de Sao Paulo\u00bb, los aliados de Temer hablaron de un \u00abcerco pol\u00edtico\u00bb y tem\u00edan que la fiscal\u00eda pueda emitir en breve una tercera denuncia penal contra el mandatario.<\/p>\n<p>En la actual constelaci\u00f3n pol\u00edtica es sin embargo improbable que el caso tumbe al Gobierno de Temer. El l\u00edder conservador fue denunciado el a\u00f1o pasado dos veces por la fiscal\u00eda por corrupci\u00f3n.<\/p>\n<p>El Congreso, donde Temer tiene a\u00fan amplios apoyos, se neg\u00f3 sin embargo a levantar su inmunidad para que el mandatario sea juzgado.<\/p>\n<p>Las investigaciones sobre el puerto de Santos s\u00ed podr\u00edan afectar en cambio los planes pol\u00edticos de Temer. El presidente sugiri\u00f3 recientemente que eval\u00faa ser candidato en las elecciones del 7 de octubre para evitar que su legado pol\u00edtico sea \u00abdestruido\u00bb.<\/p>\n<p>\u00abSer\u00eda una cobard\u00eda no ser candidato\u00bb, sostuvo Temer en una entrevista con la revista \u00abIsto\u00e9\u00bb. El mandatario, que asumi\u00f3 el poder tras la controvertida destituci\u00f3n de su ex aliada pol\u00edtica Dilma Rousseff en 2016, descartaba hasta hace poco una postulaci\u00f3n.<\/p>\n<p>Tambi\u00e9n la reciente intervenci\u00f3n militar decretada por Temer en R\u00edo fue vista en clave electoral, como un intento del presidente por aumentar su popularidad mostrando mano dura con el crimen organizado. En las \u00faltimas encuestas Temer ten\u00eda unos \u00edndices de aprobaci\u00f3n de apenas un seis por ciento.<\/p>\n<p>El l\u00edder del conservador Partido del Movimiento Democr\u00e1tico Brasile\u00f1o (PMDB) debe dejar en el cargo el 31 diciembre de este a\u00f1o. Y se espera que la Justicia impulse las investigaciones por corrupci\u00f3n contra \u00e9l a partir de 2019, en caso de que el presidente ya no tenga inmunidad por alg\u00fan cargo p\u00fablico.<\/p>\n<p>El caso del puerto de Santos sali\u00f3 a la luz a ra\u00edz de las investigaciones de \u00abLava Jato\u00bb (\u00abLavado de autos\u00bb), el enorme esc\u00e1ndalo sobre corrupci\u00f3n por el que son investigados decenas de pol\u00edticos y numerosos empresarios desde 2014.<\/p>\n<p>\u00abLava Jato\u00bb salpica a pr\u00e1cticamente toda la clase pol\u00edtica. El ex presidente Luiz In\u00e1cio Lula da Silva, celebrado por el \u00e9xito de sus dos mandatos (2003-2010) e \u00edcono de la izquierda latinoamericana, fue recientemente condenado a m\u00e1s de 12 a\u00f1os de c\u00e1rcel y podr\u00eda entrar en prisi\u00f3n en breve si la Justicia rechaza los recursos de su defensa.<\/p>\n<p><i class=\"lang-es\"><span class=\" readonly\" title=\"\">Por Isaac Risco (dpa)<\/span><\/i><\/p>\n","protected":false},"excerpt":{"rendered":"<p>R\u00edo de Janeiro, 29 mar (dpa) &#8211; La Justicia brasile\u00f1a volvi\u00f3 hoy a aumentar la presi\u00f3n sobre el presidente Michel Temer con sus investigaciones por corrupci\u00f3n, poco despu\u00e9s de que el mandatario especulara p\u00fablicamente con una posible candidatura en las elecciones de octubre. La Polic\u00eda Federal detuvo en la ma\u00f1ana de hoy a dos personas [&hellip;]<\/p>\n","protected":false},"author":1,"featured_media":973988,"comment_status":"closed","ping_status":"closed","sticky":false,"template":"","format":"standard","meta":{"footnotes":""},"categories":[1],"tags":[],"class_list":["post-973987","post","type-post","status-publish","format-standard","has-post-thumbnail","hentry","category-actualidad"],"aioseo_notices":[],"aioseo_head":"\n\t\t<!-- All in One SEO Pro 5.0.1 - aioseo.com -->\n\t<meta name=\"description\" content=\"R\u00edo de Janeiro, 29 mar (dpa) - La Justicia brasile\u00f1a volvi\u00f3 hoy a aumentar la presi\u00f3n sobre el presidente Michel Temer con sus investigaciones por corrupci\u00f3n, poco despu\u00e9s de que el mandatario especulara p\u00fablicamente con una posible candidatura en las elecciones de octubre. La Polic\u00eda Federal detuvo en la ma\u00f1ana de hoy a dos personas\" \/>\n\t<meta name=\"robots\" content=\"max-image-preview:large\" \/>\n\t<meta name=\"author\" content=\"El Digital de Asturias\"\/>\n\t<meta name=\"google-site-verification\" content=\"UA-38556648-1\" \/>\n\t<meta name=\"msvalidate.01\" content=\"7dfe9f3f1b24437ab69f4f2559babe99\" \/>\n\t<meta name=\"keywords\" content=\"actualidad\" \/>\n\t<link rel=\"canonical\" href=\"https:\/\/www.eldigitaldeasturias.com\/noticias\/la-justicia-vuelve-a-presionar-a-temer-por-los-casos-de-corrupcion\/\" \/>\n\t<meta name=\"generator\" content=\"All in One SEO Pro (AIOSEO) 5.0.1\" \/>\n\t\t<meta property=\"og:locale\" content=\"es_ES\" \/>\n\t\t<meta property=\"og:site_name\" content=\"El Digital de Asturias\" \/>\n\t\t<meta property=\"og:type\" content=\"article\" \/>\n\t\t<meta property=\"og:title\" content=\"La Justicia vuelve a presionar a Temer por los casos de corrupci\u00f3n - El Digital de Asturias\" \/>\n\t\t<meta property=\"og:description\" content=\"R\u00edo de Janeiro, 29 mar (dpa) - La Justicia brasile\u00f1a volvi\u00f3 hoy a aumentar la presi\u00f3n sobre el presidente Michel Temer con sus investigaciones por corrupci\u00f3n, poco despu\u00e9s de que el mandatario especulara p\u00fablicamente con una posible candidatura en las elecciones de octubre. La Polic\u00eda Federal detuvo en la ma\u00f1ana de hoy a dos personas\" \/>\n\t\t<meta property=\"og:url\" content=\"https:\/\/www.eldigitaldeasturias.com\/noticias\/la-justicia-vuelve-a-presionar-a-temer-por-los-casos-de-corrupcion\/\" \/>\n\t\t<meta property=\"article:tag\" content=\"actualidad\" \/>\n\t\t<meta property=\"article:published_time\" content=\"2018-03-29T18:33:11+00:00\" \/>\n\t\t<meta property=\"article:modified_time\" content=\"2018-03-29T18:33:11+00:00\" \/>\n\t\t<meta property=\"article:publisher\" content=\"https:\/\/facebook.com\/eldigitaldeasturias\" \/>\n\t\t<meta name=\"twitter:card\" content=\"summary_large_image\" \/>\n\t\t<meta name=\"twitter:title\" content=\"La Justicia vuelve a presionar a Temer por los casos de corrupci\u00f3n - El Digital de Asturias\" \/>\n\t\t<meta name=\"twitter:description\" content=\"R\u00edo de Janeiro, 29 mar (dpa) - La Justicia brasile\u00f1a volvi\u00f3 hoy a aumentar la presi\u00f3n sobre el presidente Michel Temer con sus investigaciones por corrupci\u00f3n, poco despu\u00e9s de que el mandatario especulara p\u00fablicamente con una posible candidatura en las elecciones de octubre. La Polic\u00eda Federal detuvo en la ma\u00f1ana de hoy a dos personas\" \/>\n\t\t<meta name=\"twitter:image\" content=\"https:\/\/www.eldigitaldeasturias.com\/noticias\/wp-content\/uploads\/2020\/12\/EDA-1.jpg\" \/>\n\t\t<meta name=\"twitter:label1\" content=\"Escrito por\" \/>\n\t\t<meta name=\"twitter:data1\" content=\"El Digital de Asturias\" \/>\n\t\t<meta name=\"twitter:label2\" content=\"Tiempo de lectura estimado\" \/>\n\t\t<meta name=\"twitter:data2\" content=\"4 minutos\" \/>\n\t\t<script type=\"application\/ld+json\" class=\"aioseo-schema\">\n\t\t\t{\"@context\":\"https:\\\/\\\/schema.org\",\"@graph\":[{\"@type\":\"BlogPosting\",\"@id\":\"https:\\\/\\\/www.eldigitaldeasturias.com\\\/noticias\\\/la-justicia-vuelve-a-presionar-a-temer-por-los-casos-de-corrupcion\\\/#blogposting\",\"name\":\"La Justicia vuelve a presionar a Temer por los casos de corrupci\\u00f3n - El Digital de Asturias\",\"headline\":\"La Justicia vuelve a presionar a Temer por los casos de corrupci\\u00f3n\",\"author\":{\"@id\":\"https:\\\/\\\/www.eldigitaldeasturias.com\\\/noticias\\\/author\\\/admin\\\/#author\"},\"publisher\":{\"@id\":\"https:\\\/\\\/www.eldigitaldeasturias.com\\\/noticias\\\/#organization\"},\"image\":{\"@type\":\"ImageObject\",\"url\":973988},\"datePublished\":\"2018-03-29T18:33:11+02:00\",\"dateModified\":\"2018-03-29T18:33:11+02:00\",\"inLanguage\":\"es-ES\",\"mainEntityOfPage\":{\"@id\":\"https:\\\/\\\/www.eldigitaldeasturias.com\\\/noticias\\\/la-justicia-vuelve-a-presionar-a-temer-por-los-casos-de-corrupcion\\\/#webpage\"},\"isPartOf\":{\"@id\":\"https:\\\/\\\/www.eldigitaldeasturias.com\\\/noticias\\\/la-justicia-vuelve-a-presionar-a-temer-por-los-casos-de-corrupcion\\\/#webpage\"},\"articleSection\":\"Actualidad\"},{\"@type\":\"BreadcrumbList\",\"@id\":\"https:\\\/\\\/www.eldigitaldeasturias.com\\\/noticias\\\/la-justicia-vuelve-a-presionar-a-temer-por-los-casos-de-corrupcion\\\/#breadcrumblist\",\"itemListElement\":[{\"@type\":\"ListItem\",\"@id\":\"https:\\\/\\\/www.eldigitaldeasturias.com\\\/noticias#listItem\",\"position\":1,\"name\":\"Home\",\"item\":\"https:\\\/\\\/www.eldigitaldeasturias.com\\\/noticias\",\"nextItem\":{\"@type\":\"ListItem\",\"@id\":\"https:\\\/\\\/www.eldigitaldeasturias.com\\\/noticias\\\/category\\\/actualidad\\\/#listItem\",\"name\":\"Actualidad\"}},{\"@type\":\"ListItem\",\"@id\":\"https:\\\/\\\/www.eldigitaldeasturias.com\\\/noticias\\\/category\\\/actualidad\\\/#listItem\",\"position\":2,\"name\":\"Actualidad\",\"item\":\"https:\\\/\\\/www.eldigitaldeasturias.com\\\/noticias\\\/category\\\/actualidad\\\/\",\"nextItem\":{\"@type\":\"ListItem\",\"@id\":\"https:\\\/\\\/www.eldigitaldeasturias.com\\\/noticias\\\/la-justicia-vuelve-a-presionar-a-temer-por-los-casos-de-corrupcion\\\/#listItem\",\"name\":\"La Justicia vuelve a presionar a Temer por los casos de corrupci\\u00f3n\"},\"previousItem\":{\"@type\":\"ListItem\",\"@id\":\"https:\\\/\\\/www.eldigitaldeasturias.com\\\/noticias#listItem\",\"name\":\"Home\"}},{\"@type\":\"ListItem\",\"@id\":\"https:\\\/\\\/www.eldigitaldeasturias.com\\\/noticias\\\/la-justicia-vuelve-a-presionar-a-temer-por-los-casos-de-corrupcion\\\/#listItem\",\"position\":3,\"name\":\"La Justicia vuelve a presionar a Temer por los casos de corrupci\\u00f3n\",\"previousItem\":{\"@type\":\"ListItem\",\"@id\":\"https:\\\/\\\/www.eldigitaldeasturias.com\\\/noticias\\\/category\\\/actualidad\\\/#listItem\",\"name\":\"Actualidad\"}}]},{\"@type\":\"Organization\",\"@id\":\"https:\\\/\\\/www.eldigitaldeasturias.com\\\/noticias\\\/#organization\",\"name\":\"El Digital de Asturias\",\"description\":\"Hemeroteca\",\"url\":\"https:\\\/\\\/www.eldigitaldeasturias.com\\\/noticias\\\/\",\"email\":\"info@eldigitaldeasturias.com\",\"telephone\":\"+34652131393\",\"logo\":{\"@type\":\"ImageObject\",\"url\":\"https:\\\/\\\/www.eldigitaldeasturias.com\\\/noticias\\\/wp-content\\\/uploads\\\/2020\\\/12\\\/EDA.jpg\",\"@id\":\"https:\\\/\\\/www.eldigitaldeasturias.com\\\/noticias\\\/la-justicia-vuelve-a-presionar-a-temer-por-los-casos-de-corrupcion\\\/#organizationLogo\"},\"image\":{\"@id\":\"https:\\\/\\\/www.eldigitaldeasturias.com\\\/noticias\\\/la-justicia-vuelve-a-presionar-a-temer-por-los-casos-de-corrupcion\\\/#organizationLogo\"},\"sameAs\":[\"https:\\\/\\\/facebook.com\\\/eldigitaldeasturias\",\"https:\\\/\\\/www.youtube.com\\\/channel\\\/UCZP-2wLEB9Rv6erhFmqVnvg\"],\"address\":{\"@id\":\"https:\\\/\\\/www.eldigitaldeasturias.com\\\/noticias\\\/#postaladdress\",\"@type\":\"PostalAddress\",\"streetAddress\":\"san antonio 4\",\"postalCode\":\"33430\",\"addressLocality\":\"Cand\\u00e1s\",\"addressRegion\":\"Asturias\",\"addressCountry\":\"ES\"}},{\"@type\":\"Person\",\"@id\":\"https:\\\/\\\/www.eldigitaldeasturias.com\\\/noticias\\\/author\\\/admin\\\/#author\",\"url\":\"https:\\\/\\\/www.eldigitaldeasturias.com\\\/noticias\\\/author\\\/admin\\\/\",\"name\":\"El Digital de Asturias\",\"image\":{\"@type\":\"ImageObject\",\"@id\":\"https:\\\/\\\/www.eldigitaldeasturias.com\\\/noticias\\\/la-justicia-vuelve-a-presionar-a-temer-por-los-casos-de-corrupcion\\\/#authorImage\",\"url\":\"https:\\\/\\\/secure.gravatar.com\\\/avatar\\\/df2aeffc32bcd13f8d26072ef8a91b623d677766deac7f97ca815868cd41bf5e?s=96&d=mm&r=g\",\"width\":96,\"height\":96,\"caption\":\"El Digital de Asturias\"}},{\"@type\":\"WebPage\",\"@id\":\"https:\\\/\\\/www.eldigitaldeasturias.com\\\/noticias\\\/la-justicia-vuelve-a-presionar-a-temer-por-los-casos-de-corrupcion\\\/#webpage\",\"url\":\"https:\\\/\\\/www.eldigitaldeasturias.com\\\/noticias\\\/la-justicia-vuelve-a-presionar-a-temer-por-los-casos-de-corrupcion\\\/\",\"name\":\"La Justicia vuelve a presionar a Temer por los casos de corrupci\\u00f3n - El Digital de Asturias\",\"description\":\"R\\u00edo de Janeiro, 29 mar (dpa) - La Justicia brasile\\u00f1a volvi\\u00f3 hoy a aumentar la presi\\u00f3n sobre el presidente Michel Temer con sus investigaciones por corrupci\\u00f3n, poco despu\\u00e9s de que el mandatario especulara p\\u00fablicamente con una posible candidatura en las elecciones de octubre. La Polic\\u00eda Federal detuvo en la ma\\u00f1ana de hoy a dos personas\",\"inLanguage\":\"es-ES\",\"isPartOf\":{\"@id\":\"https:\\\/\\\/www.eldigitaldeasturias.com\\\/noticias\\\/#website\"},\"breadcrumb\":{\"@id\":\"https:\\\/\\\/www.eldigitaldeasturias.com\\\/noticias\\\/la-justicia-vuelve-a-presionar-a-temer-por-los-casos-de-corrupcion\\\/#breadcrumblist\"},\"author\":{\"@id\":\"https:\\\/\\\/www.eldigitaldeasturias.com\\\/noticias\\\/author\\\/admin\\\/#author\"},\"creator\":{\"@id\":\"https:\\\/\\\/www.eldigitaldeasturias.com\\\/noticias\\\/author\\\/admin\\\/#author\"},\"image\":{\"@type\":\"ImageObject\",\"url\":973988,\"@id\":\"https:\\\/\\\/www.eldigitaldeasturias.com\\\/noticias\\\/la-justicia-vuelve-a-presionar-a-temer-por-los-casos-de-corrupcion\\\/#mainImage\"},\"primaryImageOfPage\":{\"@id\":\"https:\\\/\\\/www.eldigitaldeasturias.com\\\/noticias\\\/la-justicia-vuelve-a-presionar-a-temer-por-los-casos-de-corrupcion\\\/#mainImage\"},\"datePublished\":\"2018-03-29T18:33:11+02:00\",\"dateModified\":\"2018-03-29T18:33:11+02:00\"},{\"@type\":\"WebSite\",\"@id\":\"https:\\\/\\\/www.eldigitaldeasturias.com\\\/noticias\\\/#website\",\"url\":\"https:\\\/\\\/www.eldigitaldeasturias.com\\\/noticias\\\/\",\"name\":\"El Digital de Asturias - Diario de actualidad y noticias\",\"alternateName\":\"El Digital de Asturias - Diario de actualidad y noticias\",\"description\":\"Hemeroteca\",\"inLanguage\":\"es-ES\",\"publisher\":{\"@id\":\"https:\\\/\\\/www.eldigitaldeasturias.com\\\/noticias\\\/#organization\"}}]}\n\t\t<\/script>\n\t\t<!-- All in One SEO Pro -->\r\n\t\t<title>La Justicia vuelve a presionar a Temer por los casos de corrupci\u00f3n - El Digital de Asturias<\/title>\n\n","aioseo_head_json":{"title":"La Justicia vuelve a presionar a Temer por los casos de corrupci\u00f3n - El Digital de Asturias","description":"R\u00edo de Janeiro, 29 mar (dpa) - La Justicia brasile\u00f1a volvi\u00f3 hoy a aumentar la presi\u00f3n sobre el presidente Michel Temer con sus investigaciones por corrupci\u00f3n, poco despu\u00e9s de que el mandatario especulara p\u00fablicamente con una posible candidatura en las elecciones de octubre. La Polic\u00eda Federal detuvo en la ma\u00f1ana de hoy a dos personas","canonical_url":"https:\/\/www.eldigitaldeasturias.com\/noticias\/la-justicia-vuelve-a-presionar-a-temer-por-los-casos-de-corrupcion\/","robots":"max-image-preview:large","keywords":"actualidad","webmasterTools":{"google-site-verification":"UA-38556648-1","msvalidate.01":"7dfe9f3f1b24437ab69f4f2559babe99","miscellaneous":""},"schema":{"@context":"https:\/\/schema.org","@graph":[{"@type":"BlogPosting","@id":"https:\/\/www.eldigitaldeasturias.com\/noticias\/la-justicia-vuelve-a-presionar-a-temer-por-los-casos-de-corrupcion\/#blogposting","name":"La Justicia vuelve a presionar a Temer por los casos de corrupci\u00f3n - El Digital de Asturias","headline":"La Justicia vuelve a presionar a Temer por los casos de corrupci\u00f3n","author":{"@id":"https:\/\/www.eldigitaldeasturias.com\/noticias\/author\/admin\/#author"},"publisher":{"@id":"https:\/\/www.eldigitaldeasturias.com\/noticias\/#organization"},"image":{"@type":"ImageObject","url":973988},"datePublished":"2018-03-29T18:33:11+02:00","dateModified":"2018-03-29T18:33:11+02:00","inLanguage":"es-ES","mainEntityOfPage":{"@id":"https:\/\/www.eldigitaldeasturias.com\/noticias\/la-justicia-vuelve-a-presionar-a-temer-por-los-casos-de-corrupcion\/#webpage"},"isPartOf":{"@id":"https:\/\/www.eldigitaldeasturias.com\/noticias\/la-justicia-vuelve-a-presionar-a-temer-por-los-casos-de-corrupcion\/#webpage"},"articleSection":"Actualidad"},{"@type":"BreadcrumbList","@id":"https:\/\/www.eldigitaldeasturias.com\/noticias\/la-justicia-vuelve-a-presionar-a-temer-por-los-casos-de-corrupcion\/#breadcrumblist","itemListElement":[{"@type":"ListItem","@id":"https:\/\/www.eldigitaldeasturias.com\/noticias#listItem","position":1,"name":"Home","item":"https:\/\/www.eldigitaldeasturias.com\/noticias","nextItem":{"@type":"ListItem","@id":"https:\/\/www.eldigitaldeasturias.com\/noticias\/category\/actualidad\/#listItem","name":"Actualidad"}},{"@type":"ListItem","@id":"https:\/\/www.eldigitaldeasturias.com\/noticias\/category\/actualidad\/#listItem","position":2,"name":"Actualidad","item":"https:\/\/www.eldigitaldeasturias.com\/noticias\/category\/actualidad\/","nextItem":{"@type":"ListItem","@id":"https:\/\/www.eldigitaldeasturias.com\/noticias\/la-justicia-vuelve-a-presionar-a-temer-por-los-casos-de-corrupcion\/#listItem","name":"La Justicia vuelve a presionar a Temer por los casos de corrupci\u00f3n"},"previousItem":{"@type":"ListItem","@id":"https:\/\/www.eldigitaldeasturias.com\/noticias#listItem","name":"Home"}},{"@type":"ListItem","@id":"https:\/\/www.eldigitaldeasturias.com\/noticias\/la-justicia-vuelve-a-presionar-a-temer-por-los-casos-de-corrupcion\/#listItem","position":3,"name":"La Justicia vuelve a presionar a Temer por los casos de corrupci\u00f3n","previousItem":{"@type":"ListItem","@id":"https:\/\/www.eldigitaldeasturias.com\/noticias\/category\/actualidad\/#listItem","name":"Actualidad"}}]},{"@type":"Organization","@id":"https:\/\/www.eldigitaldeasturias.com\/noticias\/#organization","name":"El Digital de Asturias","description":"Hemeroteca","url":"https:\/\/www.eldigitaldeasturias.com\/noticias\/","email":"info@eldigitaldeasturias.com","telephone":"+34652131393","logo":{"@type":"ImageObject","url":"https:\/\/www.eldigitaldeasturias.com\/noticias\/wp-content\/uploads\/2020\/12\/EDA.jpg","@id":"https:\/\/www.eldigitaldeasturias.com\/noticias\/la-justicia-vuelve-a-presionar-a-temer-por-los-casos-de-corrupcion\/#organizationLogo"},"image":{"@id":"https:\/\/www.eldigitaldeasturias.com\/noticias\/la-justicia-vuelve-a-presionar-a-temer-por-los-casos-de-corrupcion\/#organizationLogo"},"sameAs":["https:\/\/facebook.com\/eldigitaldeasturias","https:\/\/www.youtube.com\/channel\/UCZP-2wLEB9Rv6erhFmqVnvg"],"address":{"@id":"https:\/\/www.eldigitaldeasturias.com\/noticias\/#postaladdress","@type":"PostalAddress","streetAddress":"san antonio 4","postalCode":"33430","addressLocality":"Cand\u00e1s","addressRegion":"Asturias","addressCountry":"ES"}},{"@type":"Person","@id":"https:\/\/www.eldigitaldeasturias.com\/noticias\/author\/admin\/#author","url":"https:\/\/www.eldigitaldeasturias.com\/noticias\/author\/admin\/","name":"El Digital de Asturias","image":{"@type":"ImageObject","@id":"https:\/\/www.eldigitaldeasturias.com\/noticias\/la-justicia-vuelve-a-presionar-a-temer-por-los-casos-de-corrupcion\/#authorImage","url":"https:\/\/secure.gravatar.com\/avatar\/df2aeffc32bcd13f8d26072ef8a91b623d677766deac7f97ca815868cd41bf5e?s=96&d=mm&r=g","width":96,"height":96,"caption":"El Digital de Asturias"}},{"@type":"WebPage","@id":"https:\/\/www.eldigitaldeasturias.com\/noticias\/la-justicia-vuelve-a-presionar-a-temer-por-los-casos-de-corrupcion\/#webpage","url":"https:\/\/www.eldigitaldeasturias.com\/noticias\/la-justicia-vuelve-a-presionar-a-temer-por-los-casos-de-corrupcion\/","name":"La Justicia vuelve a presionar a Temer por los casos de corrupci\u00f3n - El Digital de Asturias","description":"R\u00edo de Janeiro, 29 mar (dpa) - La Justicia brasile\u00f1a volvi\u00f3 hoy a aumentar la presi\u00f3n sobre el presidente Michel Temer con sus investigaciones por corrupci\u00f3n, poco despu\u00e9s de que el mandatario especulara p\u00fablicamente con una posible candidatura en las elecciones de octubre. La Polic\u00eda Federal detuvo en la ma\u00f1ana de hoy a dos personas","inLanguage":"es-ES","isPartOf":{"@id":"https:\/\/www.eldigitaldeasturias.com\/noticias\/#website"},"breadcrumb":{"@id":"https:\/\/www.eldigitaldeasturias.com\/noticias\/la-justicia-vuelve-a-presionar-a-temer-por-los-casos-de-corrupcion\/#breadcrumblist"},"author":{"@id":"https:\/\/www.eldigitaldeasturias.com\/noticias\/author\/admin\/#author"},"creator":{"@id":"https:\/\/www.eldigitaldeasturias.com\/noticias\/author\/admin\/#author"},"image":{"@type":"ImageObject","url":973988,"@id":"https:\/\/www.eldigitaldeasturias.com\/noticias\/la-justicia-vuelve-a-presionar-a-temer-por-los-casos-de-corrupcion\/#mainImage"},"primaryImageOfPage":{"@id":"https:\/\/www.eldigitaldeasturias.com\/noticias\/la-justicia-vuelve-a-presionar-a-temer-por-los-casos-de-corrupcion\/#mainImage"},"datePublished":"2018-03-29T18:33:11+02:00","dateModified":"2018-03-29T18:33:11+02:00"},{"@type":"WebSite","@id":"https:\/\/www.eldigitaldeasturias.com\/noticias\/#website","url":"https:\/\/www.eldigitaldeasturias.com\/noticias\/","name":"El Digital de Asturias - Diario de actualidad y noticias","alternateName":"El Digital de Asturias - Diario de actualidad y noticias","description":"Hemeroteca","inLanguage":"es-ES","publisher":{"@id":"https:\/\/www.eldigitaldeasturias.com\/noticias\/#organization"}}]},"og:locale":"es_ES","og:site_name":"El Digital de Asturias","og:type":"article","og:title":"La Justicia vuelve a presionar a Temer por los casos de corrupci\u00f3n - El Digital de Asturias","og:description":"R\u00edo de Janeiro, 29 mar (dpa) - La Justicia brasile\u00f1a volvi\u00f3 hoy a aumentar la presi\u00f3n sobre el presidente Michel Temer con sus investigaciones por corrupci\u00f3n, poco despu\u00e9s de que el mandatario especulara p\u00fablicamente con una posible candidatura en las elecciones de octubre. La Polic\u00eda Federal detuvo en la ma\u00f1ana de hoy a dos personas","og:url":"https:\/\/www.eldigitaldeasturias.com\/noticias\/la-justicia-vuelve-a-presionar-a-temer-por-los-casos-de-corrupcion\/","article:tag":["actualidad"],"article:published_time":"2018-03-29T18:33:11+00:00","article:modified_time":"2018-03-29T18:33:11+00:00","article:publisher":"https:\/\/facebook.com\/eldigitaldeasturias","twitter:card":"summary_large_image","twitter:title":"La Justicia vuelve a presionar a Temer por los casos de corrupci\u00f3n - El Digital de Asturias","twitter:description":"R\u00edo de Janeiro, 29 mar (dpa) - La Justicia brasile\u00f1a volvi\u00f3 hoy a aumentar la presi\u00f3n sobre el presidente Michel Temer con sus investigaciones por corrupci\u00f3n, poco despu\u00e9s de que el mandatario especulara p\u00fablicamente con una posible candidatura en las elecciones de octubre. La Polic\u00eda Federal detuvo en la ma\u00f1ana de hoy a dos personas","twitter:image":"https:\/\/www.eldigitaldeasturias.com\/noticias\/wp-content\/uploads\/2020\/12\/EDA-1.jpg","twitter:label1":"Escrito por","twitter:data1":"El Digital de Asturias","twitter:label2":"Tiempo de lectura estimado","twitter:data2":"4 minutos"},"aioseo_meta_data":{"post_id":"973987","title":null,"description":null,"keywords":null,"keyphrases":null,"primary_term":null,"canonical_url":null,"og_title":null,"og_description":null,"og_object_type":"default","og_image_type":"default","og_image_url":null,"og_image_width":null,"og_image_height":null,"og_image_custom_url":null,"og_image_custom_fields":null,"og_video":null,"og_custom_url":null,"og_article_section":null,"og_article_tags":null,"twitter_use_og":false,"twitter_card":"default","twitter_image_type":"default","twitter_image_url":null,"twitter_image_custom_url":null,"twitter_image_custom_fields":null,"twitter_title":null,"twitter_description":null,"schema":{"blockGraphs":[],"customGraphs":[],"default":{"data":{"Article":[],"Course":[],"Dataset":[],"FAQPage":[],"Movie":[],"Person":[],"Product":[],"ProductReview":[],"Car":[],"Recipe":[],"Service":[],"SoftwareApplication":[],"WebPage":[]},"graphName":"","isEnabled":true},"graphs":[],"defaultGraph":"","defaultPostTypeGraph":""},"schema_type":null,"schema_type_options":null,"pillar_content":false,"robots_default":true,"robots_noindex":false,"robots_noarchive":false,"robots_nosnippet":false,"robots_nofollow":false,"robots_noimageindex":false,"robots_noodp":false,"robots_notranslate":false,"robots_max_snippet":null,"robots_max_videopreview":null,"robots_max_imagepreview":"large","priority":null,"frequency":null,"local_seo":null,"seo_analyzer_scan_date":"2025-10-07 18:37:09","breadcrumb_settings":null,"limit_modified_date":false,"open_ai":null,"ai":null,"created":"2020-12-21 12:14:39","updated":"2025-10-07 18:37:09","focus_keyword":null,"additional_keywords":null,"truseo_locale":null},"aioseo_breadcrumb":"<div class=\"aioseo-breadcrumbs\"><span class=\"aioseo-breadcrumb\">\n\t<a href=\"https:\/\/www.eldigitaldeasturias.com\/noticias\" title=\"Home\">Home<\/a>\n<\/span><span class=\"aioseo-breadcrumb-separator\">\u2013<\/span><span class=\"aioseo-breadcrumb\">\n\t<a href=\"https:\/\/www.eldigitaldeasturias.com\/noticias\/category\/actualidad\/\" title=\"Actualidad\">Actualidad<\/a>\n<\/span><span class=\"aioseo-breadcrumb-separator\">\u2013<\/span><span class=\"aioseo-breadcrumb\">\n\t<a href=\"https:\/\/www.eldigitaldeasturias.com\/noticias\/la-justicia-vuelve-a-presionar-a-temer-por-los-casos-de-corrupcion\/\" title=\"La Justicia vuelve a presionar a Temer por los casos de corrupci\u00f3n\">La Justicia vuelve a presionar a Temer por los casos de corrupci\u00f3n<\/a>\n<\/span><\/div>","aioseo_breadcrumb_json":[{"label":"Home","link":"https:\/\/www.eldigitaldeasturias.com\/noticias"},{"label":"Actualidad","link":"https:\/\/www.eldigitaldeasturias.com\/noticias\/category\/actualidad\/"},{"label":"La Justicia vuelve a presionar a Temer por los casos de corrupci\u00f3n","link":"https:\/\/www.eldigitaldeasturias.com\/noticias\/la-justicia-vuelve-a-presionar-a-temer-por-los-casos-de-corrupcion\/"}],"_links":{"self":[{"href":"https:\/\/www.eldigitaldeasturias.com\/noticias\/wp-json\/wp\/v2\/posts\/973987","targetHints":{"allow":["GET"]}}],"collection":[{"href":"https:\/\/www.eldigitaldeasturias.com\/noticias\/wp-json\/wp\/v2\/posts"}],"about":[{"href":"https:\/\/www.eldigitaldeasturias.com\/noticias\/wp-json\/wp\/v2\/types\/post"}],"author":[{"embeddable":true,"href":"https:\/\/www.eldigitaldeasturias.com\/noticias\/wp-json\/wp\/v2\/users\/1"}],"replies":[{"embeddable":true,"href":"https:\/\/www.eldigitaldeasturias.com\/noticias\/wp-json\/wp\/v2\/comments?post=973987"}],"version-history":[{"count":0,"href":"https:\/\/www.eldigitaldeasturias.com\/noticias\/wp-json\/wp\/v2\/posts\/973987\/revisions"}],"wp:attachment":[{"href":"https:\/\/www.eldigitaldeasturias.com\/noticias\/wp-json\/wp\/v2\/media?parent=973987"}],"wp:term":[{"taxonomy":"category","embeddable":true,"href":"https:\/\/www.eldigitaldeasturias.com\/noticias\/wp-json\/wp\/v2\/categories?post=973987"},{"taxonomy":"post_tag","embeddable":true,"href":"https:\/\/www.eldigitaldeasturias.com\/noticias\/wp-json\/wp\/v2\/tags?post=973987"}],"curies":[{"name":"wp","href":"https:\/\/api.w.org\/{rel}","templated":true}]}}