{"id":973982,"date":"2018-03-29T18:19:29","date_gmt":"2018-03-29T18:19:29","guid":{"rendered":"http:\/\/www.eldigitaldeasturias.com\/noticias\/?p=973982"},"modified":"2018-03-29T18:19:29","modified_gmt":"2018-03-29T18:19:29","slug":"la-cumbre-entre-los-lideres-de-las-dos-coreas-sera-el-27-de-abril","status":"publish","type":"post","link":"https:\/\/www.eldigitaldeasturias.com\/noticias\/la-cumbre-entre-los-lideres-de-las-dos-coreas-sera-el-27-de-abril\/","title":{"rendered":"La cumbre entre los l\u00edderes de las dos Coreas ser\u00e1 el 27 de abril"},"content":{"rendered":"<p><img loading=\"lazy\" decoding=\"async\" class=\"alignleft size-medium wp-image-973888\" src=\"https:\/\/www.eldigitaldeasturias.com\/noticias\/wp-content\/uploads\/2018\/03\/KIM-360x248.jpg\" alt=\"\" width=\"360\" height=\"248\" \/>Se\u00fal, 29 mar (dpa) &#8211; El l\u00edder norcoreano Kim Jong-un y el presidente surcoreano, Moon Jae-in, se reunir\u00e1n el 27 de abril en la localidad fronteriza de Panmunjom, inform\u00f3 hoy el Ministerio de Reunificaci\u00f3n en Se\u00fal.<\/p>\n<p>Las condiciones del encuentro, que se realizar\u00e1 en la Casa de la Paz en la parte surcoreana de Panmunjom, fueron acordadas hoy en una reuni\u00f3n entre ambos equipos negociadores en esa misma localidad.<\/p>\n<p>En la cumbre, que ser\u00e1 la tercera desde la Guerra de Corea (1950-53), Moon tratar\u00e1 de mejorar las relaciones bilaterales y de abordar medidas para desmantelar el programa nuclear de Corea del Norte.<\/p>\n<p>La decisi\u00f3n de realizar una cumbre intercoreana, as\u00ed como un posible encuentro en mayo entre Kim y el presidente estadounidense, Donald Trump, han hecho surgir la esperanza de que pueda haber una soluci\u00f3n al conflicto con Pyongyang.<\/p>\n<p>Tambi\u00e9n despert\u00f3 esperanzas la visita sorpresa a China del l\u00edder norcoreano este mi\u00e9rcoles. Kim viaj\u00f3 en secreto a Pek\u00edn para reunirse con el presidente chino, Xi Jinping, en un visible intento por conseguir su apoyo de cara a las conversaciones que mantendr\u00e1 pr\u00f3ximamente con Moon y Trump.<\/p>\n<p>Los medios chinos destacaron que Kim reiter\u00f3 que est\u00e1 dispuesto a eliminar las armas nucleares bajo ciertas condiciones, y que est\u00e1 listo para negociarlas en su encuentro con Trump. Estados Unidos y Corea del Norte, que acusa a Washington de tener una pol\u00edtica hostil hacia su pa\u00eds, son los principales actores en el conflicto.<\/p>\n<p>Las dos Coreas quieren trabajar por el \u00e9xito de la cumbre, dijo el ministro de Unificaci\u00f3n y l\u00edder de la delegaci\u00f3n negociadora, Cho Myoung-gyon, citado por la agencia Yonhap. Cho calific\u00f3 el encuentro previsto como un nuevo inicio de los esfuerzos \u00abpor desnuclearizar la pen\u00ednsula coreana, crear paz y seguir desarrollando las relaciones intercoreanas\u00bb.<\/p>\n<p>En las pr\u00f3ximas semanas ambas partes seguir\u00e1n trabajando en los detalles como la seguridad, los participantes, protocolo e informaci\u00f3n que se transmitir\u00e1 a los medios.<\/p>\n<p>Las \u00fanicas dos cumbres entre los pa\u00edses se llevaron a cabo en 2000 y 2007 en Pyongyang. Tras fuertes tensiones en 2017, a principios de este a\u00f1o ambas partes volvieron a acercarse con motivo de los Juegos ol\u00edmpicos de invierno de Pyeongchang, en Corea del Sur.<\/p>\n<p>Los dos pa\u00edses desfilaron en forma conjunta en la ceremonia inaugural de los Juegos Ol\u00edmpicos y adem\u00e1s presentaron un equipo conjunto en el hockey sobre hielo femenino. Durante el evento deportivo, Corea del Norte envi\u00f3 asimismo al vecino del sur a una comitiva pol\u00edtica liderada por Kim Yo-jong, hermana del l\u00edder norcoreano. Luego ambas partes acordaron la reuni\u00f3n cumbre.<\/p>\n<p>Por otra parte, Corea del Sur reaccion\u00f3 hoy a un art\u00edculo del \u00abNew York Times\u00bb seg\u00fan el cual hay indicios de que Corea del Norte activ\u00f3 un nuevo reactor en su pol\u00e9mico complejo nuclear de Yongbyon tras a\u00f1os de trabajos de construcci\u00f3n y que podr\u00eda haber empezado a hacer pruebas. \u00abObservamos muy de cerca lo que ocurra\u00bb, dijo un portavoz del Ministerio del Exterior en Se\u00fal.<\/p>\n<p>Pyongyang asegura que el reactor de agua ligera se usar\u00e1 para producir electricidad, pero podr\u00eda servir tambi\u00e9n para fabricar plutonio para su uso en armas nucleares, se\u00f1al\u00f3 el peri\u00f3dico. Im\u00e1genes de sat\u00e9lite parecen demostrar que se est\u00e1n llevando a cabo pruebas, seg\u00fan el medio, que cita a expertos.<\/p>\n","protected":false},"excerpt":{"rendered":"<p>Se\u00fal, 29 mar (dpa) &#8211; El l\u00edder norcoreano Kim Jong-un y el presidente surcoreano, Moon Jae-in, se reunir\u00e1n el 27 de abril en la localidad fronteriza de Panmunjom, inform\u00f3 hoy el Ministerio de Reunificaci\u00f3n en Se\u00fal. Las condiciones del encuentro, que se realizar\u00e1 en la Casa de la Paz en la parte surcoreana de Panmunjom, [&hellip;]<\/p>\n","protected":false},"author":1,"featured_media":973888,"comment_status":"closed","ping_status":"closed","sticky":false,"template":"","format":"standard","meta":{"footnotes":""},"categories":[1],"tags":[],"class_list":["post-973982","post","type-post","status-publish","format-standard","has-post-thumbnail","hentry","category-actualidad"],"aioseo_notices":[],"aioseo_head":"\n\t\t<!-- All in One SEO Pro 5.0.1 - aioseo.com -->\n\t<meta name=\"description\" content=\"Se\u00fal, 29 mar (dpa) - El l\u00edder norcoreano Kim Jong-un y el presidente surcoreano, Moon Jae-in, se reunir\u00e1n el 27 de abril en la localidad fronteriza de Panmunjom, inform\u00f3 hoy el Ministerio de Reunificaci\u00f3n en Se\u00fal. Las condiciones del encuentro, que se realizar\u00e1 en la Casa de la Paz en la parte surcoreana de Panmunjom,\" \/>\n\t<meta name=\"robots\" content=\"max-image-preview:large\" \/>\n\t<meta name=\"author\" content=\"El Digital de Asturias\"\/>\n\t<meta name=\"google-site-verification\" content=\"UA-38556648-1\" \/>\n\t<meta name=\"msvalidate.01\" content=\"7dfe9f3f1b24437ab69f4f2559babe99\" \/>\n\t<meta name=\"keywords\" content=\"actualidad\" \/>\n\t<link rel=\"canonical\" href=\"https:\/\/www.eldigitaldeasturias.com\/noticias\/la-cumbre-entre-los-lideres-de-las-dos-coreas-sera-el-27-de-abril\/\" \/>\n\t<meta name=\"generator\" content=\"All in One SEO Pro (AIOSEO) 5.0.1\" \/>\n\t\t<meta property=\"og:locale\" content=\"es_ES\" \/>\n\t\t<meta property=\"og:site_name\" content=\"El Digital de Asturias\" \/>\n\t\t<meta property=\"og:type\" content=\"article\" \/>\n\t\t<meta property=\"og:title\" content=\"La cumbre entre los l\u00edderes de las dos Coreas ser\u00e1 el 27 de abril - El Digital de Asturias\" \/>\n\t\t<meta property=\"og:description\" content=\"Se\u00fal, 29 mar (dpa) - El l\u00edder norcoreano Kim Jong-un y el presidente surcoreano, Moon Jae-in, se reunir\u00e1n el 27 de abril en la localidad fronteriza de Panmunjom, inform\u00f3 hoy el Ministerio de Reunificaci\u00f3n en Se\u00fal. Las condiciones del encuentro, que se realizar\u00e1 en la Casa de la Paz en la parte surcoreana de Panmunjom,\" \/>\n\t\t<meta property=\"og:url\" content=\"https:\/\/www.eldigitaldeasturias.com\/noticias\/la-cumbre-entre-los-lideres-de-las-dos-coreas-sera-el-27-de-abril\/\" \/>\n\t\t<meta property=\"article:tag\" content=\"actualidad\" \/>\n\t\t<meta property=\"article:published_time\" content=\"2018-03-29T18:19:29+00:00\" \/>\n\t\t<meta property=\"article:modified_time\" content=\"2018-03-29T18:19:29+00:00\" \/>\n\t\t<meta property=\"article:publisher\" content=\"https:\/\/facebook.com\/eldigitaldeasturias\" \/>\n\t\t<meta name=\"twitter:card\" content=\"summary_large_image\" \/>\n\t\t<meta name=\"twitter:title\" content=\"La cumbre entre los l\u00edderes de las dos Coreas ser\u00e1 el 27 de abril - El Digital de Asturias\" \/>\n\t\t<meta name=\"twitter:description\" content=\"Se\u00fal, 29 mar (dpa) - El l\u00edder norcoreano Kim Jong-un y el presidente surcoreano, Moon Jae-in, se reunir\u00e1n el 27 de abril en la localidad fronteriza de Panmunjom, inform\u00f3 hoy el Ministerio de Reunificaci\u00f3n en Se\u00fal. Las condiciones del encuentro, que se realizar\u00e1 en la Casa de la Paz en la parte surcoreana de Panmunjom,\" \/>\n\t\t<meta name=\"twitter:image\" content=\"https:\/\/www.eldigitaldeasturias.com\/noticias\/wp-content\/uploads\/2020\/12\/EDA-1.jpg\" \/>\n\t\t<meta name=\"twitter:label1\" content=\"Escrito por\" \/>\n\t\t<meta name=\"twitter:data1\" content=\"El Digital de Asturias\" \/>\n\t\t<meta name=\"twitter:label2\" content=\"Tiempo de lectura estimado\" \/>\n\t\t<meta name=\"twitter:data2\" content=\"3 minutos\" \/>\n\t\t<script type=\"application\/ld+json\" class=\"aioseo-schema\">\n\t\t\t{\"@context\":\"https:\\\/\\\/schema.org\",\"@graph\":[{\"@type\":\"BlogPosting\",\"@id\":\"https:\\\/\\\/www.eldigitaldeasturias.com\\\/noticias\\\/la-cumbre-entre-los-lideres-de-las-dos-coreas-sera-el-27-de-abril\\\/#blogposting\",\"name\":\"La cumbre entre los l\\u00edderes de las dos Coreas ser\\u00e1 el 27 de abril - El Digital de Asturias\",\"headline\":\"La cumbre entre los l\\u00edderes de las dos Coreas ser\\u00e1 el 27 de abril\",\"author\":{\"@id\":\"https:\\\/\\\/www.eldigitaldeasturias.com\\\/noticias\\\/author\\\/admin\\\/#author\"},\"publisher\":{\"@id\":\"https:\\\/\\\/www.eldigitaldeasturias.com\\\/noticias\\\/#organization\"},\"image\":{\"@type\":\"ImageObject\",\"url\":973888},\"datePublished\":\"2018-03-29T18:19:29+02:00\",\"dateModified\":\"2018-03-29T18:19:29+02:00\",\"inLanguage\":\"es-ES\",\"mainEntityOfPage\":{\"@id\":\"https:\\\/\\\/www.eldigitaldeasturias.com\\\/noticias\\\/la-cumbre-entre-los-lideres-de-las-dos-coreas-sera-el-27-de-abril\\\/#webpage\"},\"isPartOf\":{\"@id\":\"https:\\\/\\\/www.eldigitaldeasturias.com\\\/noticias\\\/la-cumbre-entre-los-lideres-de-las-dos-coreas-sera-el-27-de-abril\\\/#webpage\"},\"articleSection\":\"Actualidad\"},{\"@type\":\"BreadcrumbList\",\"@id\":\"https:\\\/\\\/www.eldigitaldeasturias.com\\\/noticias\\\/la-cumbre-entre-los-lideres-de-las-dos-coreas-sera-el-27-de-abril\\\/#breadcrumblist\",\"itemListElement\":[{\"@type\":\"ListItem\",\"@id\":\"https:\\\/\\\/www.eldigitaldeasturias.com\\\/noticias#listItem\",\"position\":1,\"name\":\"Home\",\"item\":\"https:\\\/\\\/www.eldigitaldeasturias.com\\\/noticias\",\"nextItem\":{\"@type\":\"ListItem\",\"@id\":\"https:\\\/\\\/www.eldigitaldeasturias.com\\\/noticias\\\/category\\\/actualidad\\\/#listItem\",\"name\":\"Actualidad\"}},{\"@type\":\"ListItem\",\"@id\":\"https:\\\/\\\/www.eldigitaldeasturias.com\\\/noticias\\\/category\\\/actualidad\\\/#listItem\",\"position\":2,\"name\":\"Actualidad\",\"item\":\"https:\\\/\\\/www.eldigitaldeasturias.com\\\/noticias\\\/category\\\/actualidad\\\/\",\"nextItem\":{\"@type\":\"ListItem\",\"@id\":\"https:\\\/\\\/www.eldigitaldeasturias.com\\\/noticias\\\/la-cumbre-entre-los-lideres-de-las-dos-coreas-sera-el-27-de-abril\\\/#listItem\",\"name\":\"La cumbre entre los l\\u00edderes de las dos Coreas ser\\u00e1 el 27 de abril\"},\"previousItem\":{\"@type\":\"ListItem\",\"@id\":\"https:\\\/\\\/www.eldigitaldeasturias.com\\\/noticias#listItem\",\"name\":\"Home\"}},{\"@type\":\"ListItem\",\"@id\":\"https:\\\/\\\/www.eldigitaldeasturias.com\\\/noticias\\\/la-cumbre-entre-los-lideres-de-las-dos-coreas-sera-el-27-de-abril\\\/#listItem\",\"position\":3,\"name\":\"La cumbre entre los l\\u00edderes de las dos Coreas ser\\u00e1 el 27 de abril\",\"previousItem\":{\"@type\":\"ListItem\",\"@id\":\"https:\\\/\\\/www.eldigitaldeasturias.com\\\/noticias\\\/category\\\/actualidad\\\/#listItem\",\"name\":\"Actualidad\"}}]},{\"@type\":\"Organization\",\"@id\":\"https:\\\/\\\/www.eldigitaldeasturias.com\\\/noticias\\\/#organization\",\"name\":\"El Digital de Asturias\",\"description\":\"Hemeroteca\",\"url\":\"https:\\\/\\\/www.eldigitaldeasturias.com\\\/noticias\\\/\",\"email\":\"info@eldigitaldeasturias.com\",\"telephone\":\"+34652131393\",\"logo\":{\"@type\":\"ImageObject\",\"url\":\"https:\\\/\\\/www.eldigitaldeasturias.com\\\/noticias\\\/wp-content\\\/uploads\\\/2020\\\/12\\\/EDA.jpg\",\"@id\":\"https:\\\/\\\/www.eldigitaldeasturias.com\\\/noticias\\\/la-cumbre-entre-los-lideres-de-las-dos-coreas-sera-el-27-de-abril\\\/#organizationLogo\"},\"image\":{\"@id\":\"https:\\\/\\\/www.eldigitaldeasturias.com\\\/noticias\\\/la-cumbre-entre-los-lideres-de-las-dos-coreas-sera-el-27-de-abril\\\/#organizationLogo\"},\"sameAs\":[\"https:\\\/\\\/facebook.com\\\/eldigitaldeasturias\",\"https:\\\/\\\/www.youtube.com\\\/channel\\\/UCZP-2wLEB9Rv6erhFmqVnvg\"],\"address\":{\"@id\":\"https:\\\/\\\/www.eldigitaldeasturias.com\\\/noticias\\\/#postaladdress\",\"@type\":\"PostalAddress\",\"streetAddress\":\"san antonio 4\",\"postalCode\":\"33430\",\"addressLocality\":\"Cand\\u00e1s\",\"addressRegion\":\"Asturias\",\"addressCountry\":\"ES\"}},{\"@type\":\"Person\",\"@id\":\"https:\\\/\\\/www.eldigitaldeasturias.com\\\/noticias\\\/author\\\/admin\\\/#author\",\"url\":\"https:\\\/\\\/www.eldigitaldeasturias.com\\\/noticias\\\/author\\\/admin\\\/\",\"name\":\"El Digital de Asturias\",\"image\":{\"@type\":\"ImageObject\",\"@id\":\"https:\\\/\\\/www.eldigitaldeasturias.com\\\/noticias\\\/la-cumbre-entre-los-lideres-de-las-dos-coreas-sera-el-27-de-abril\\\/#authorImage\",\"url\":\"https:\\\/\\\/secure.gravatar.com\\\/avatar\\\/df2aeffc32bcd13f8d26072ef8a91b623d677766deac7f97ca815868cd41bf5e?s=96&d=mm&r=g\",\"width\":96,\"height\":96,\"caption\":\"El Digital de Asturias\"}},{\"@type\":\"WebPage\",\"@id\":\"https:\\\/\\\/www.eldigitaldeasturias.com\\\/noticias\\\/la-cumbre-entre-los-lideres-de-las-dos-coreas-sera-el-27-de-abril\\\/#webpage\",\"url\":\"https:\\\/\\\/www.eldigitaldeasturias.com\\\/noticias\\\/la-cumbre-entre-los-lideres-de-las-dos-coreas-sera-el-27-de-abril\\\/\",\"name\":\"La cumbre entre los l\\u00edderes de las dos Coreas ser\\u00e1 el 27 de abril - El Digital de Asturias\",\"description\":\"Se\\u00fal, 29 mar (dpa) - El l\\u00edder norcoreano Kim Jong-un y el presidente surcoreano, Moon Jae-in, se reunir\\u00e1n el 27 de abril en la localidad fronteriza de Panmunjom, inform\\u00f3 hoy el Ministerio de Reunificaci\\u00f3n en Se\\u00fal. Las condiciones del encuentro, que se realizar\\u00e1 en la Casa de la Paz en la parte surcoreana de Panmunjom,\",\"inLanguage\":\"es-ES\",\"isPartOf\":{\"@id\":\"https:\\\/\\\/www.eldigitaldeasturias.com\\\/noticias\\\/#website\"},\"breadcrumb\":{\"@id\":\"https:\\\/\\\/www.eldigitaldeasturias.com\\\/noticias\\\/la-cumbre-entre-los-lideres-de-las-dos-coreas-sera-el-27-de-abril\\\/#breadcrumblist\"},\"author\":{\"@id\":\"https:\\\/\\\/www.eldigitaldeasturias.com\\\/noticias\\\/author\\\/admin\\\/#author\"},\"creator\":{\"@id\":\"https:\\\/\\\/www.eldigitaldeasturias.com\\\/noticias\\\/author\\\/admin\\\/#author\"},\"image\":{\"@type\":\"ImageObject\",\"url\":973888,\"@id\":\"https:\\\/\\\/www.eldigitaldeasturias.com\\\/noticias\\\/la-cumbre-entre-los-lideres-de-las-dos-coreas-sera-el-27-de-abril\\\/#mainImage\"},\"primaryImageOfPage\":{\"@id\":\"https:\\\/\\\/www.eldigitaldeasturias.com\\\/noticias\\\/la-cumbre-entre-los-lideres-de-las-dos-coreas-sera-el-27-de-abril\\\/#mainImage\"},\"datePublished\":\"2018-03-29T18:19:29+02:00\",\"dateModified\":\"2018-03-29T18:19:29+02:00\"},{\"@type\":\"WebSite\",\"@id\":\"https:\\\/\\\/www.eldigitaldeasturias.com\\\/noticias\\\/#website\",\"url\":\"https:\\\/\\\/www.eldigitaldeasturias.com\\\/noticias\\\/\",\"name\":\"El Digital de Asturias - Diario de actualidad y noticias\",\"alternateName\":\"El Digital de Asturias - Diario de actualidad y noticias\",\"description\":\"Hemeroteca\",\"inLanguage\":\"es-ES\",\"publisher\":{\"@id\":\"https:\\\/\\\/www.eldigitaldeasturias.com\\\/noticias\\\/#organization\"}}]}\n\t\t<\/script>\n\t\t<!-- All in One SEO Pro -->\r\n\t\t<title>La cumbre entre los l\u00edderes de las dos Coreas ser\u00e1 el 27 de abril - El Digital de Asturias<\/title>\n\n","aioseo_head_json":{"title":"La cumbre entre los l\u00edderes de las dos Coreas ser\u00e1 el 27 de abril - El Digital de Asturias","description":"Se\u00fal, 29 mar (dpa) - El l\u00edder norcoreano Kim Jong-un y el presidente surcoreano, Moon Jae-in, se reunir\u00e1n el 27 de abril en la localidad fronteriza de Panmunjom, inform\u00f3 hoy el Ministerio de Reunificaci\u00f3n en Se\u00fal. Las condiciones del encuentro, que se realizar\u00e1 en la Casa de la Paz en la parte surcoreana de Panmunjom,","canonical_url":"https:\/\/www.eldigitaldeasturias.com\/noticias\/la-cumbre-entre-los-lideres-de-las-dos-coreas-sera-el-27-de-abril\/","robots":"max-image-preview:large","keywords":"actualidad","webmasterTools":{"google-site-verification":"UA-38556648-1","msvalidate.01":"7dfe9f3f1b24437ab69f4f2559babe99","miscellaneous":""},"schema":{"@context":"https:\/\/schema.org","@graph":[{"@type":"BlogPosting","@id":"https:\/\/www.eldigitaldeasturias.com\/noticias\/la-cumbre-entre-los-lideres-de-las-dos-coreas-sera-el-27-de-abril\/#blogposting","name":"La cumbre entre los l\u00edderes de las dos Coreas ser\u00e1 el 27 de abril - El Digital de Asturias","headline":"La cumbre entre los l\u00edderes de las dos Coreas ser\u00e1 el 27 de abril","author":{"@id":"https:\/\/www.eldigitaldeasturias.com\/noticias\/author\/admin\/#author"},"publisher":{"@id":"https:\/\/www.eldigitaldeasturias.com\/noticias\/#organization"},"image":{"@type":"ImageObject","url":973888},"datePublished":"2018-03-29T18:19:29+02:00","dateModified":"2018-03-29T18:19:29+02:00","inLanguage":"es-ES","mainEntityOfPage":{"@id":"https:\/\/www.eldigitaldeasturias.com\/noticias\/la-cumbre-entre-los-lideres-de-las-dos-coreas-sera-el-27-de-abril\/#webpage"},"isPartOf":{"@id":"https:\/\/www.eldigitaldeasturias.com\/noticias\/la-cumbre-entre-los-lideres-de-las-dos-coreas-sera-el-27-de-abril\/#webpage"},"articleSection":"Actualidad"},{"@type":"BreadcrumbList","@id":"https:\/\/www.eldigitaldeasturias.com\/noticias\/la-cumbre-entre-los-lideres-de-las-dos-coreas-sera-el-27-de-abril\/#breadcrumblist","itemListElement":[{"@type":"ListItem","@id":"https:\/\/www.eldigitaldeasturias.com\/noticias#listItem","position":1,"name":"Home","item":"https:\/\/www.eldigitaldeasturias.com\/noticias","nextItem":{"@type":"ListItem","@id":"https:\/\/www.eldigitaldeasturias.com\/noticias\/category\/actualidad\/#listItem","name":"Actualidad"}},{"@type":"ListItem","@id":"https:\/\/www.eldigitaldeasturias.com\/noticias\/category\/actualidad\/#listItem","position":2,"name":"Actualidad","item":"https:\/\/www.eldigitaldeasturias.com\/noticias\/category\/actualidad\/","nextItem":{"@type":"ListItem","@id":"https:\/\/www.eldigitaldeasturias.com\/noticias\/la-cumbre-entre-los-lideres-de-las-dos-coreas-sera-el-27-de-abril\/#listItem","name":"La cumbre entre los l\u00edderes de las dos Coreas ser\u00e1 el 27 de abril"},"previousItem":{"@type":"ListItem","@id":"https:\/\/www.eldigitaldeasturias.com\/noticias#listItem","name":"Home"}},{"@type":"ListItem","@id":"https:\/\/www.eldigitaldeasturias.com\/noticias\/la-cumbre-entre-los-lideres-de-las-dos-coreas-sera-el-27-de-abril\/#listItem","position":3,"name":"La cumbre entre los l\u00edderes de las dos Coreas ser\u00e1 el 27 de abril","previousItem":{"@type":"ListItem","@id":"https:\/\/www.eldigitaldeasturias.com\/noticias\/category\/actualidad\/#listItem","name":"Actualidad"}}]},{"@type":"Organization","@id":"https:\/\/www.eldigitaldeasturias.com\/noticias\/#organization","name":"El Digital de Asturias","description":"Hemeroteca","url":"https:\/\/www.eldigitaldeasturias.com\/noticias\/","email":"info@eldigitaldeasturias.com","telephone":"+34652131393","logo":{"@type":"ImageObject","url":"https:\/\/www.eldigitaldeasturias.com\/noticias\/wp-content\/uploads\/2020\/12\/EDA.jpg","@id":"https:\/\/www.eldigitaldeasturias.com\/noticias\/la-cumbre-entre-los-lideres-de-las-dos-coreas-sera-el-27-de-abril\/#organizationLogo"},"image":{"@id":"https:\/\/www.eldigitaldeasturias.com\/noticias\/la-cumbre-entre-los-lideres-de-las-dos-coreas-sera-el-27-de-abril\/#organizationLogo"},"sameAs":["https:\/\/facebook.com\/eldigitaldeasturias","https:\/\/www.youtube.com\/channel\/UCZP-2wLEB9Rv6erhFmqVnvg"],"address":{"@id":"https:\/\/www.eldigitaldeasturias.com\/noticias\/#postaladdress","@type":"PostalAddress","streetAddress":"san antonio 4","postalCode":"33430","addressLocality":"Cand\u00e1s","addressRegion":"Asturias","addressCountry":"ES"}},{"@type":"Person","@id":"https:\/\/www.eldigitaldeasturias.com\/noticias\/author\/admin\/#author","url":"https:\/\/www.eldigitaldeasturias.com\/noticias\/author\/admin\/","name":"El Digital de Asturias","image":{"@type":"ImageObject","@id":"https:\/\/www.eldigitaldeasturias.com\/noticias\/la-cumbre-entre-los-lideres-de-las-dos-coreas-sera-el-27-de-abril\/#authorImage","url":"https:\/\/secure.gravatar.com\/avatar\/df2aeffc32bcd13f8d26072ef8a91b623d677766deac7f97ca815868cd41bf5e?s=96&d=mm&r=g","width":96,"height":96,"caption":"El Digital de Asturias"}},{"@type":"WebPage","@id":"https:\/\/www.eldigitaldeasturias.com\/noticias\/la-cumbre-entre-los-lideres-de-las-dos-coreas-sera-el-27-de-abril\/#webpage","url":"https:\/\/www.eldigitaldeasturias.com\/noticias\/la-cumbre-entre-los-lideres-de-las-dos-coreas-sera-el-27-de-abril\/","name":"La cumbre entre los l\u00edderes de las dos Coreas ser\u00e1 el 27 de abril - El Digital de Asturias","description":"Se\u00fal, 29 mar (dpa) - El l\u00edder norcoreano Kim Jong-un y el presidente surcoreano, Moon Jae-in, se reunir\u00e1n el 27 de abril en la localidad fronteriza de Panmunjom, inform\u00f3 hoy el Ministerio de Reunificaci\u00f3n en Se\u00fal. Las condiciones del encuentro, que se realizar\u00e1 en la Casa de la Paz en la parte surcoreana de Panmunjom,","inLanguage":"es-ES","isPartOf":{"@id":"https:\/\/www.eldigitaldeasturias.com\/noticias\/#website"},"breadcrumb":{"@id":"https:\/\/www.eldigitaldeasturias.com\/noticias\/la-cumbre-entre-los-lideres-de-las-dos-coreas-sera-el-27-de-abril\/#breadcrumblist"},"author":{"@id":"https:\/\/www.eldigitaldeasturias.com\/noticias\/author\/admin\/#author"},"creator":{"@id":"https:\/\/www.eldigitaldeasturias.com\/noticias\/author\/admin\/#author"},"image":{"@type":"ImageObject","url":973888,"@id":"https:\/\/www.eldigitaldeasturias.com\/noticias\/la-cumbre-entre-los-lideres-de-las-dos-coreas-sera-el-27-de-abril\/#mainImage"},"primaryImageOfPage":{"@id":"https:\/\/www.eldigitaldeasturias.com\/noticias\/la-cumbre-entre-los-lideres-de-las-dos-coreas-sera-el-27-de-abril\/#mainImage"},"datePublished":"2018-03-29T18:19:29+02:00","dateModified":"2018-03-29T18:19:29+02:00"},{"@type":"WebSite","@id":"https:\/\/www.eldigitaldeasturias.com\/noticias\/#website","url":"https:\/\/www.eldigitaldeasturias.com\/noticias\/","name":"El Digital de Asturias - Diario de actualidad y noticias","alternateName":"El Digital de Asturias - Diario de actualidad y noticias","description":"Hemeroteca","inLanguage":"es-ES","publisher":{"@id":"https:\/\/www.eldigitaldeasturias.com\/noticias\/#organization"}}]},"og:locale":"es_ES","og:site_name":"El Digital de Asturias","og:type":"article","og:title":"La cumbre entre los l\u00edderes de las dos Coreas ser\u00e1 el 27 de abril - El Digital de Asturias","og:description":"Se\u00fal, 29 mar (dpa) - El l\u00edder norcoreano Kim Jong-un y el presidente surcoreano, Moon Jae-in, se reunir\u00e1n el 27 de abril en la localidad fronteriza de Panmunjom, inform\u00f3 hoy el Ministerio de Reunificaci\u00f3n en Se\u00fal. Las condiciones del encuentro, que se realizar\u00e1 en la Casa de la Paz en la parte surcoreana de Panmunjom,","og:url":"https:\/\/www.eldigitaldeasturias.com\/noticias\/la-cumbre-entre-los-lideres-de-las-dos-coreas-sera-el-27-de-abril\/","article:tag":["actualidad"],"article:published_time":"2018-03-29T18:19:29+00:00","article:modified_time":"2018-03-29T18:19:29+00:00","article:publisher":"https:\/\/facebook.com\/eldigitaldeasturias","twitter:card":"summary_large_image","twitter:title":"La cumbre entre los l\u00edderes de las dos Coreas ser\u00e1 el 27 de abril - El Digital de Asturias","twitter:description":"Se\u00fal, 29 mar (dpa) - El l\u00edder norcoreano Kim Jong-un y el presidente surcoreano, Moon Jae-in, se reunir\u00e1n el 27 de abril en la localidad fronteriza de Panmunjom, inform\u00f3 hoy el Ministerio de Reunificaci\u00f3n en Se\u00fal. Las condiciones del encuentro, que se realizar\u00e1 en la Casa de la Paz en la parte surcoreana de Panmunjom,","twitter:image":"https:\/\/www.eldigitaldeasturias.com\/noticias\/wp-content\/uploads\/2020\/12\/EDA-1.jpg","twitter:label1":"Escrito por","twitter:data1":"El Digital de Asturias","twitter:label2":"Tiempo de lectura estimado","twitter:data2":"3 minutos"},"aioseo_meta_data":{"post_id":"973982","title":null,"description":null,"keywords":null,"keyphrases":null,"primary_term":null,"canonical_url":null,"og_title":null,"og_description":null,"og_object_type":"default","og_image_type":"default","og_image_url":null,"og_image_width":null,"og_image_height":null,"og_image_custom_url":null,"og_image_custom_fields":null,"og_video":null,"og_custom_url":null,"og_article_section":null,"og_article_tags":null,"twitter_use_og":false,"twitter_card":"default","twitter_image_type":"default","twitter_image_url":null,"twitter_image_custom_url":null,"twitter_image_custom_fields":null,"twitter_title":null,"twitter_description":null,"schema":{"blockGraphs":[],"customGraphs":[],"default":{"data":{"Article":[],"Course":[],"Dataset":[],"FAQPage":[],"Movie":[],"Person":[],"Product":[],"ProductReview":[],"Car":[],"Recipe":[],"Service":[],"SoftwareApplication":[],"WebPage":[]},"graphName":"","isEnabled":true},"graphs":[],"defaultGraph":"","defaultPostTypeGraph":""},"schema_type":null,"schema_type_options":null,"pillar_content":false,"robots_default":true,"robots_noindex":false,"robots_noarchive":false,"robots_nosnippet":false,"robots_nofollow":false,"robots_noimageindex":false,"robots_noodp":false,"robots_notranslate":false,"robots_max_snippet":null,"robots_max_videopreview":null,"robots_max_imagepreview":"large","priority":null,"frequency":null,"local_seo":null,"seo_analyzer_scan_date":"2025-10-07 18:37:08","breadcrumb_settings":null,"limit_modified_date":false,"open_ai":null,"ai":null,"created":"2020-12-21 12:14:39","updated":"2025-10-07 18:37:08","focus_keyword":null,"additional_keywords":null,"truseo_locale":null},"aioseo_breadcrumb":"<div class=\"aioseo-breadcrumbs\"><span class=\"aioseo-breadcrumb\">\n\t<a href=\"https:\/\/www.eldigitaldeasturias.com\/noticias\" title=\"Home\">Home<\/a>\n<\/span><span class=\"aioseo-breadcrumb-separator\">\u2013<\/span><span class=\"aioseo-breadcrumb\">\n\t<a href=\"https:\/\/www.eldigitaldeasturias.com\/noticias\/category\/actualidad\/\" title=\"Actualidad\">Actualidad<\/a>\n<\/span><span class=\"aioseo-breadcrumb-separator\">\u2013<\/span><span class=\"aioseo-breadcrumb\">\n\t<a href=\"https:\/\/www.eldigitaldeasturias.com\/noticias\/la-cumbre-entre-los-lideres-de-las-dos-coreas-sera-el-27-de-abril\/\" title=\"La cumbre entre los l\u00edderes de las dos Coreas ser\u00e1 el 27 de abril\">La cumbre entre los l\u00edderes de las dos Coreas ser\u00e1 el 27 de abril<\/a>\n<\/span><\/div>","aioseo_breadcrumb_json":[{"label":"Home","link":"https:\/\/www.eldigitaldeasturias.com\/noticias"},{"label":"Actualidad","link":"https:\/\/www.eldigitaldeasturias.com\/noticias\/category\/actualidad\/"},{"label":"La cumbre entre los l\u00edderes de las dos Coreas ser\u00e1 el 27 de abril","link":"https:\/\/www.eldigitaldeasturias.com\/noticias\/la-cumbre-entre-los-lideres-de-las-dos-coreas-sera-el-27-de-abril\/"}],"_links":{"self":[{"href":"https:\/\/www.eldigitaldeasturias.com\/noticias\/wp-json\/wp\/v2\/posts\/973982","targetHints":{"allow":["GET"]}}],"collection":[{"href":"https:\/\/www.eldigitaldeasturias.com\/noticias\/wp-json\/wp\/v2\/posts"}],"about":[{"href":"https:\/\/www.eldigitaldeasturias.com\/noticias\/wp-json\/wp\/v2\/types\/post"}],"author":[{"embeddable":true,"href":"https:\/\/www.eldigitaldeasturias.com\/noticias\/wp-json\/wp\/v2\/users\/1"}],"replies":[{"embeddable":true,"href":"https:\/\/www.eldigitaldeasturias.com\/noticias\/wp-json\/wp\/v2\/comments?post=973982"}],"version-history":[{"count":0,"href":"https:\/\/www.eldigitaldeasturias.com\/noticias\/wp-json\/wp\/v2\/posts\/973982\/revisions"}],"wp:attachment":[{"href":"https:\/\/www.eldigitaldeasturias.com\/noticias\/wp-json\/wp\/v2\/media?parent=973982"}],"wp:term":[{"taxonomy":"category","embeddable":true,"href":"https:\/\/www.eldigitaldeasturias.com\/noticias\/wp-json\/wp\/v2\/categories?post=973982"},{"taxonomy":"post_tag","embeddable":true,"href":"https:\/\/www.eldigitaldeasturias.com\/noticias\/wp-json\/wp\/v2\/tags?post=973982"}],"curies":[{"name":"wp","href":"https:\/\/api.w.org\/{rel}","templated":true}]}}