{"id":973904,"date":"2018-03-28T23:45:07","date_gmt":"2018-03-28T23:45:07","guid":{"rendered":"http:\/\/www.eldigitaldeasturias.com\/noticias\/?p=973904"},"modified":"2018-03-28T23:45:07","modified_gmt":"2018-03-28T23:45:07","slug":"brasil-ordena-a-facebook-retirar-fake-news-sobre-la-politica-asesinada","status":"publish","type":"post","link":"https:\/\/www.eldigitaldeasturias.com\/noticias\/brasil-ordena-a-facebook-retirar-fake-news-sobre-la-politica-asesinada\/","title":{"rendered":"Brasil ordena a Facebook retirar \u00abfake news\u00bb sobre la pol\u00edtica asesinada"},"content":{"rendered":"<p><img loading=\"lazy\" decoding=\"async\" class=\"alignleft size-medium wp-image-972712\" src=\"https:\/\/www.eldigitaldeasturias.com\/noticias\/wp-content\/uploads\/2018\/03\/facebook-715811_1280-360x197.jpg\" alt=\"\" width=\"360\" height=\"197\" \/>R\u00edo de Janeiro, 28 mar (dpa) &#8211; Un tribunal brasile\u00f1o orden\u00f3 hoy a la red social Facebook retirar en un plazo de 24 horas \u00abnoticias falsas\u00bb vinculadas con el caso de la asesinada pol\u00edtica Marielle Franco.<\/p>\n<p>El juez Jorge Novelle, de una corte del estado de R\u00edo de Janeiro, exigi\u00f3 adem\u00e1s a Facebook que \u00abutilice todas las herramientas disponibles para impedir la publicaci\u00f3n de nuevos posts ofensivos\u00bb sobre Franco, seg\u00fan un comunicado publicado por la Justicia de R\u00edo.<\/p>\n<p>\u00abEl juez Jorge Novelle destac\u00f3 que Facebook tiene recursos para retirar los posts que ofenden la honra de Marielle Franco\u00bb, se\u00f1al\u00f3 el texto. La corte no especific\u00f3 cu\u00e1l es la pena fijada en caso de incumplimiento.<\/p>\n<p>La demanda contra la red social con sede en Estados Unidos fue presentada por la hermana y la compa\u00f1era sentimental de Franco, que acusan a Facebook de difundir calumnias y \u00abfake news\u00bb (\u00abnoticias falsas\u00bb).<\/p>\n<p>Mariella Franco, una conocida concejala cr\u00edtica contra la violencia policial en los barrios m\u00e1s pobres de R\u00edo, fue asesinada hace dos semanas a tiros por desconocidos en una calle. La presunta ejecuci\u00f3n de la popular pol\u00edtica negra y activista bisexual, nacida ella misma en una favela, conmocion\u00f3 a todo el pa\u00eds.<\/p>\n<p>Cientos de miles personas salieron a protestar en las calles en las \u00faltimas semanas exigiendo que se castigue a los culpables. En las redes sociales, sin embargo, se difundieron tambi\u00e9n varios ataques contra Franco.<\/p>\n<p>Grupos de ultraderecha sostuvieron p\u00fablicamente que la concejala estaba \u00abinvolucrada con bandidos\u00bb, por su origen en las favelas, y que su campa\u00f1a hab\u00eda sido apoyada por algunas de las bandas de narcotraficantes que controlan los barrios m\u00e1s pobres.<\/p>\n<p>La Justicia consider\u00f3 que esas informaciones son falsas.<\/p>\n<p>Facebook es objetos de fuertes cr\u00edticas desde hace d\u00edas por un esc\u00e1ndalo en torno al uso ilegal de datos. La red social es acusada en general de favorecer la proliferaci\u00f3n de \u00abfake news\u00bb y de contribuir a generar as\u00ed climas t\u00f3xicos en la opini\u00f3n p\u00fablica.<\/p>\n<p>El fundador y CEO de Facebook, Mark Zuckerberg, debe declarar ante el Congreso de Estados Unidos por el uso ilegal de datos de su plataforma por parte de la firma brit\u00e1nica Cambridge Analytica para trabajos en el marco de las elecciones presidenciales que condujeron a la elecci\u00f3n de Donald Trump en 2016.<\/p>\n","protected":false},"excerpt":{"rendered":"<p>R\u00edo de Janeiro, 28 mar (dpa) &#8211; Un tribunal brasile\u00f1o orden\u00f3 hoy a la red social Facebook retirar en un plazo de 24 horas \u00abnoticias falsas\u00bb vinculadas con el caso de la asesinada pol\u00edtica Marielle Franco. El juez Jorge Novelle, de una corte del estado de R\u00edo de Janeiro, exigi\u00f3 adem\u00e1s a Facebook que \u00abutilice [&hellip;]<\/p>\n","protected":false},"author":1,"featured_media":972712,"comment_status":"closed","ping_status":"closed","sticky":false,"template":"","format":"standard","meta":{"footnotes":""},"categories":[1],"tags":[],"class_list":["post-973904","post","type-post","status-publish","format-standard","has-post-thumbnail","hentry","category-actualidad"],"aioseo_notices":[],"aioseo_head":"\n\t\t<!-- All in One SEO Pro 5.0.1 - aioseo.com -->\n\t<meta name=\"description\" content=\"R\u00edo de Janeiro, 28 mar (dpa) - Un tribunal brasile\u00f1o orden\u00f3 hoy a la red social Facebook retirar en un plazo de 24 horas &quot;noticias falsas&quot; vinculadas con el caso de la asesinada pol\u00edtica Marielle Franco. El juez Jorge Novelle, de una corte del estado de R\u00edo de Janeiro, exigi\u00f3 adem\u00e1s a Facebook que &quot;utilice\" \/>\n\t<meta name=\"robots\" content=\"max-image-preview:large\" \/>\n\t<meta name=\"author\" content=\"El Digital de Asturias\"\/>\n\t<meta name=\"google-site-verification\" content=\"UA-38556648-1\" \/>\n\t<meta name=\"msvalidate.01\" content=\"7dfe9f3f1b24437ab69f4f2559babe99\" \/>\n\t<meta name=\"keywords\" content=\"actualidad\" \/>\n\t<link rel=\"canonical\" href=\"https:\/\/www.eldigitaldeasturias.com\/noticias\/brasil-ordena-a-facebook-retirar-fake-news-sobre-la-politica-asesinada\/\" \/>\n\t<meta name=\"generator\" content=\"All in One SEO Pro (AIOSEO) 5.0.1\" \/>\n\t\t<meta property=\"og:locale\" content=\"es_ES\" \/>\n\t\t<meta property=\"og:site_name\" content=\"El Digital de Asturias\" \/>\n\t\t<meta property=\"og:type\" content=\"article\" \/>\n\t\t<meta property=\"og:title\" content=\"Brasil ordena a Facebook retirar \u00abfake news\u00bb sobre la pol\u00edtica asesinada - El Digital de Asturias\" \/>\n\t\t<meta property=\"og:description\" content=\"R\u00edo de Janeiro, 28 mar (dpa) - Un tribunal brasile\u00f1o orden\u00f3 hoy a la red social Facebook retirar en un plazo de 24 horas &quot;noticias falsas&quot; vinculadas con el caso de la asesinada pol\u00edtica Marielle Franco. El juez Jorge Novelle, de una corte del estado de R\u00edo de Janeiro, exigi\u00f3 adem\u00e1s a Facebook que &quot;utilice\" \/>\n\t\t<meta property=\"og:url\" content=\"https:\/\/www.eldigitaldeasturias.com\/noticias\/brasil-ordena-a-facebook-retirar-fake-news-sobre-la-politica-asesinada\/\" \/>\n\t\t<meta property=\"article:tag\" content=\"actualidad\" \/>\n\t\t<meta property=\"article:published_time\" content=\"2018-03-28T23:45:07+00:00\" \/>\n\t\t<meta property=\"article:modified_time\" content=\"2018-03-28T23:45:07+00:00\" \/>\n\t\t<meta property=\"article:publisher\" content=\"https:\/\/facebook.com\/eldigitaldeasturias\" \/>\n\t\t<meta name=\"twitter:card\" content=\"summary_large_image\" \/>\n\t\t<meta name=\"twitter:title\" content=\"Brasil ordena a Facebook retirar \u00abfake news\u00bb sobre la pol\u00edtica asesinada - El Digital de Asturias\" \/>\n\t\t<meta name=\"twitter:description\" content=\"R\u00edo de Janeiro, 28 mar (dpa) - Un tribunal brasile\u00f1o orden\u00f3 hoy a la red social Facebook retirar en un plazo de 24 horas &quot;noticias falsas&quot; vinculadas con el caso de la asesinada pol\u00edtica Marielle Franco. El juez Jorge Novelle, de una corte del estado de R\u00edo de Janeiro, exigi\u00f3 adem\u00e1s a Facebook que &quot;utilice\" \/>\n\t\t<meta name=\"twitter:image\" content=\"https:\/\/www.eldigitaldeasturias.com\/noticias\/wp-content\/uploads\/2020\/12\/EDA-1.jpg\" \/>\n\t\t<meta name=\"twitter:label1\" content=\"Escrito por\" \/>\n\t\t<meta name=\"twitter:data1\" content=\"El Digital de Asturias\" \/>\n\t\t<meta name=\"twitter:label2\" content=\"Tiempo de lectura estimado\" \/>\n\t\t<meta name=\"twitter:data2\" content=\"2 minutos\" \/>\n\t\t<script type=\"application\/ld+json\" class=\"aioseo-schema\">\n\t\t\t{\"@context\":\"https:\\\/\\\/schema.org\",\"@graph\":[{\"@type\":\"BlogPosting\",\"@id\":\"https:\\\/\\\/www.eldigitaldeasturias.com\\\/noticias\\\/brasil-ordena-a-facebook-retirar-fake-news-sobre-la-politica-asesinada\\\/#blogposting\",\"name\":\"Brasil ordena a Facebook retirar \\u00abfake news\\u00bb sobre la pol\\u00edtica asesinada - El Digital de Asturias\",\"headline\":\"Brasil ordena a Facebook retirar \\u00abfake news\\u00bb sobre la pol\\u00edtica asesinada\",\"author\":{\"@id\":\"https:\\\/\\\/www.eldigitaldeasturias.com\\\/noticias\\\/author\\\/admin\\\/#author\"},\"publisher\":{\"@id\":\"https:\\\/\\\/www.eldigitaldeasturias.com\\\/noticias\\\/#organization\"},\"image\":{\"@type\":\"ImageObject\",\"url\":972712},\"datePublished\":\"2018-03-28T23:45:07+02:00\",\"dateModified\":\"2018-03-28T23:45:07+02:00\",\"inLanguage\":\"es-ES\",\"mainEntityOfPage\":{\"@id\":\"https:\\\/\\\/www.eldigitaldeasturias.com\\\/noticias\\\/brasil-ordena-a-facebook-retirar-fake-news-sobre-la-politica-asesinada\\\/#webpage\"},\"isPartOf\":{\"@id\":\"https:\\\/\\\/www.eldigitaldeasturias.com\\\/noticias\\\/brasil-ordena-a-facebook-retirar-fake-news-sobre-la-politica-asesinada\\\/#webpage\"},\"articleSection\":\"Actualidad\"},{\"@type\":\"BreadcrumbList\",\"@id\":\"https:\\\/\\\/www.eldigitaldeasturias.com\\\/noticias\\\/brasil-ordena-a-facebook-retirar-fake-news-sobre-la-politica-asesinada\\\/#breadcrumblist\",\"itemListElement\":[{\"@type\":\"ListItem\",\"@id\":\"https:\\\/\\\/www.eldigitaldeasturias.com\\\/noticias#listItem\",\"position\":1,\"name\":\"Home\",\"item\":\"https:\\\/\\\/www.eldigitaldeasturias.com\\\/noticias\",\"nextItem\":{\"@type\":\"ListItem\",\"@id\":\"https:\\\/\\\/www.eldigitaldeasturias.com\\\/noticias\\\/category\\\/actualidad\\\/#listItem\",\"name\":\"Actualidad\"}},{\"@type\":\"ListItem\",\"@id\":\"https:\\\/\\\/www.eldigitaldeasturias.com\\\/noticias\\\/category\\\/actualidad\\\/#listItem\",\"position\":2,\"name\":\"Actualidad\",\"item\":\"https:\\\/\\\/www.eldigitaldeasturias.com\\\/noticias\\\/category\\\/actualidad\\\/\",\"nextItem\":{\"@type\":\"ListItem\",\"@id\":\"https:\\\/\\\/www.eldigitaldeasturias.com\\\/noticias\\\/brasil-ordena-a-facebook-retirar-fake-news-sobre-la-politica-asesinada\\\/#listItem\",\"name\":\"Brasil ordena a Facebook retirar \\u00abfake news\\u00bb sobre la pol\\u00edtica asesinada\"},\"previousItem\":{\"@type\":\"ListItem\",\"@id\":\"https:\\\/\\\/www.eldigitaldeasturias.com\\\/noticias#listItem\",\"name\":\"Home\"}},{\"@type\":\"ListItem\",\"@id\":\"https:\\\/\\\/www.eldigitaldeasturias.com\\\/noticias\\\/brasil-ordena-a-facebook-retirar-fake-news-sobre-la-politica-asesinada\\\/#listItem\",\"position\":3,\"name\":\"Brasil ordena a Facebook retirar \\u00abfake news\\u00bb sobre la pol\\u00edtica asesinada\",\"previousItem\":{\"@type\":\"ListItem\",\"@id\":\"https:\\\/\\\/www.eldigitaldeasturias.com\\\/noticias\\\/category\\\/actualidad\\\/#listItem\",\"name\":\"Actualidad\"}}]},{\"@type\":\"Organization\",\"@id\":\"https:\\\/\\\/www.eldigitaldeasturias.com\\\/noticias\\\/#organization\",\"name\":\"El Digital de Asturias\",\"description\":\"Hemeroteca\",\"url\":\"https:\\\/\\\/www.eldigitaldeasturias.com\\\/noticias\\\/\",\"email\":\"info@eldigitaldeasturias.com\",\"telephone\":\"+34652131393\",\"logo\":{\"@type\":\"ImageObject\",\"url\":\"https:\\\/\\\/www.eldigitaldeasturias.com\\\/noticias\\\/wp-content\\\/uploads\\\/2020\\\/12\\\/EDA.jpg\",\"@id\":\"https:\\\/\\\/www.eldigitaldeasturias.com\\\/noticias\\\/brasil-ordena-a-facebook-retirar-fake-news-sobre-la-politica-asesinada\\\/#organizationLogo\"},\"image\":{\"@id\":\"https:\\\/\\\/www.eldigitaldeasturias.com\\\/noticias\\\/brasil-ordena-a-facebook-retirar-fake-news-sobre-la-politica-asesinada\\\/#organizationLogo\"},\"sameAs\":[\"https:\\\/\\\/facebook.com\\\/eldigitaldeasturias\",\"https:\\\/\\\/www.youtube.com\\\/channel\\\/UCZP-2wLEB9Rv6erhFmqVnvg\"],\"address\":{\"@id\":\"https:\\\/\\\/www.eldigitaldeasturias.com\\\/noticias\\\/#postaladdress\",\"@type\":\"PostalAddress\",\"streetAddress\":\"san antonio 4\",\"postalCode\":\"33430\",\"addressLocality\":\"Cand\\u00e1s\",\"addressRegion\":\"Asturias\",\"addressCountry\":\"ES\"}},{\"@type\":\"Person\",\"@id\":\"https:\\\/\\\/www.eldigitaldeasturias.com\\\/noticias\\\/author\\\/admin\\\/#author\",\"url\":\"https:\\\/\\\/www.eldigitaldeasturias.com\\\/noticias\\\/author\\\/admin\\\/\",\"name\":\"El Digital de Asturias\",\"image\":{\"@type\":\"ImageObject\",\"@id\":\"https:\\\/\\\/www.eldigitaldeasturias.com\\\/noticias\\\/brasil-ordena-a-facebook-retirar-fake-news-sobre-la-politica-asesinada\\\/#authorImage\",\"url\":\"https:\\\/\\\/secure.gravatar.com\\\/avatar\\\/df2aeffc32bcd13f8d26072ef8a91b623d677766deac7f97ca815868cd41bf5e?s=96&d=mm&r=g\",\"width\":96,\"height\":96,\"caption\":\"El Digital de Asturias\"}},{\"@type\":\"WebPage\",\"@id\":\"https:\\\/\\\/www.eldigitaldeasturias.com\\\/noticias\\\/brasil-ordena-a-facebook-retirar-fake-news-sobre-la-politica-asesinada\\\/#webpage\",\"url\":\"https:\\\/\\\/www.eldigitaldeasturias.com\\\/noticias\\\/brasil-ordena-a-facebook-retirar-fake-news-sobre-la-politica-asesinada\\\/\",\"name\":\"Brasil ordena a Facebook retirar \\u00abfake news\\u00bb sobre la pol\\u00edtica asesinada - El Digital de Asturias\",\"description\":\"R\\u00edo de Janeiro, 28 mar (dpa) - Un tribunal brasile\\u00f1o orden\\u00f3 hoy a la red social Facebook retirar en un plazo de 24 horas \\\"noticias falsas\\\" vinculadas con el caso de la asesinada pol\\u00edtica Marielle Franco. El juez Jorge Novelle, de una corte del estado de R\\u00edo de Janeiro, exigi\\u00f3 adem\\u00e1s a Facebook que \\\"utilice\",\"inLanguage\":\"es-ES\",\"isPartOf\":{\"@id\":\"https:\\\/\\\/www.eldigitaldeasturias.com\\\/noticias\\\/#website\"},\"breadcrumb\":{\"@id\":\"https:\\\/\\\/www.eldigitaldeasturias.com\\\/noticias\\\/brasil-ordena-a-facebook-retirar-fake-news-sobre-la-politica-asesinada\\\/#breadcrumblist\"},\"author\":{\"@id\":\"https:\\\/\\\/www.eldigitaldeasturias.com\\\/noticias\\\/author\\\/admin\\\/#author\"},\"creator\":{\"@id\":\"https:\\\/\\\/www.eldigitaldeasturias.com\\\/noticias\\\/author\\\/admin\\\/#author\"},\"image\":{\"@type\":\"ImageObject\",\"url\":972712,\"@id\":\"https:\\\/\\\/www.eldigitaldeasturias.com\\\/noticias\\\/brasil-ordena-a-facebook-retirar-fake-news-sobre-la-politica-asesinada\\\/#mainImage\"},\"primaryImageOfPage\":{\"@id\":\"https:\\\/\\\/www.eldigitaldeasturias.com\\\/noticias\\\/brasil-ordena-a-facebook-retirar-fake-news-sobre-la-politica-asesinada\\\/#mainImage\"},\"datePublished\":\"2018-03-28T23:45:07+02:00\",\"dateModified\":\"2018-03-28T23:45:07+02:00\"},{\"@type\":\"WebSite\",\"@id\":\"https:\\\/\\\/www.eldigitaldeasturias.com\\\/noticias\\\/#website\",\"url\":\"https:\\\/\\\/www.eldigitaldeasturias.com\\\/noticias\\\/\",\"name\":\"El Digital de Asturias - Diario de actualidad y noticias\",\"alternateName\":\"El Digital de Asturias - Diario de actualidad y noticias\",\"description\":\"Hemeroteca\",\"inLanguage\":\"es-ES\",\"publisher\":{\"@id\":\"https:\\\/\\\/www.eldigitaldeasturias.com\\\/noticias\\\/#organization\"}}]}\n\t\t<\/script>\n\t\t<!-- All in One SEO Pro -->\r\n\t\t<title>Brasil ordena a Facebook retirar \u00abfake news\u00bb sobre la pol\u00edtica asesinada - El Digital de Asturias<\/title>\n\n","aioseo_head_json":{"title":"Brasil ordena a Facebook retirar \u00abfake news\u00bb sobre la pol\u00edtica asesinada - El Digital de Asturias","description":"R\u00edo de Janeiro, 28 mar (dpa) - Un tribunal brasile\u00f1o orden\u00f3 hoy a la red social Facebook retirar en un plazo de 24 horas \"noticias falsas\" vinculadas con el caso de la asesinada pol\u00edtica Marielle Franco. El juez Jorge Novelle, de una corte del estado de R\u00edo de Janeiro, exigi\u00f3 adem\u00e1s a Facebook que \"utilice","canonical_url":"https:\/\/www.eldigitaldeasturias.com\/noticias\/brasil-ordena-a-facebook-retirar-fake-news-sobre-la-politica-asesinada\/","robots":"max-image-preview:large","keywords":"actualidad","webmasterTools":{"google-site-verification":"UA-38556648-1","msvalidate.01":"7dfe9f3f1b24437ab69f4f2559babe99","miscellaneous":""},"schema":{"@context":"https:\/\/schema.org","@graph":[{"@type":"BlogPosting","@id":"https:\/\/www.eldigitaldeasturias.com\/noticias\/brasil-ordena-a-facebook-retirar-fake-news-sobre-la-politica-asesinada\/#blogposting","name":"Brasil ordena a Facebook retirar \u00abfake news\u00bb sobre la pol\u00edtica asesinada - El Digital de Asturias","headline":"Brasil ordena a Facebook retirar \u00abfake news\u00bb sobre la pol\u00edtica asesinada","author":{"@id":"https:\/\/www.eldigitaldeasturias.com\/noticias\/author\/admin\/#author"},"publisher":{"@id":"https:\/\/www.eldigitaldeasturias.com\/noticias\/#organization"},"image":{"@type":"ImageObject","url":972712},"datePublished":"2018-03-28T23:45:07+02:00","dateModified":"2018-03-28T23:45:07+02:00","inLanguage":"es-ES","mainEntityOfPage":{"@id":"https:\/\/www.eldigitaldeasturias.com\/noticias\/brasil-ordena-a-facebook-retirar-fake-news-sobre-la-politica-asesinada\/#webpage"},"isPartOf":{"@id":"https:\/\/www.eldigitaldeasturias.com\/noticias\/brasil-ordena-a-facebook-retirar-fake-news-sobre-la-politica-asesinada\/#webpage"},"articleSection":"Actualidad"},{"@type":"BreadcrumbList","@id":"https:\/\/www.eldigitaldeasturias.com\/noticias\/brasil-ordena-a-facebook-retirar-fake-news-sobre-la-politica-asesinada\/#breadcrumblist","itemListElement":[{"@type":"ListItem","@id":"https:\/\/www.eldigitaldeasturias.com\/noticias#listItem","position":1,"name":"Home","item":"https:\/\/www.eldigitaldeasturias.com\/noticias","nextItem":{"@type":"ListItem","@id":"https:\/\/www.eldigitaldeasturias.com\/noticias\/category\/actualidad\/#listItem","name":"Actualidad"}},{"@type":"ListItem","@id":"https:\/\/www.eldigitaldeasturias.com\/noticias\/category\/actualidad\/#listItem","position":2,"name":"Actualidad","item":"https:\/\/www.eldigitaldeasturias.com\/noticias\/category\/actualidad\/","nextItem":{"@type":"ListItem","@id":"https:\/\/www.eldigitaldeasturias.com\/noticias\/brasil-ordena-a-facebook-retirar-fake-news-sobre-la-politica-asesinada\/#listItem","name":"Brasil ordena a Facebook retirar \u00abfake news\u00bb sobre la pol\u00edtica asesinada"},"previousItem":{"@type":"ListItem","@id":"https:\/\/www.eldigitaldeasturias.com\/noticias#listItem","name":"Home"}},{"@type":"ListItem","@id":"https:\/\/www.eldigitaldeasturias.com\/noticias\/brasil-ordena-a-facebook-retirar-fake-news-sobre-la-politica-asesinada\/#listItem","position":3,"name":"Brasil ordena a Facebook retirar \u00abfake news\u00bb sobre la pol\u00edtica asesinada","previousItem":{"@type":"ListItem","@id":"https:\/\/www.eldigitaldeasturias.com\/noticias\/category\/actualidad\/#listItem","name":"Actualidad"}}]},{"@type":"Organization","@id":"https:\/\/www.eldigitaldeasturias.com\/noticias\/#organization","name":"El Digital de Asturias","description":"Hemeroteca","url":"https:\/\/www.eldigitaldeasturias.com\/noticias\/","email":"info@eldigitaldeasturias.com","telephone":"+34652131393","logo":{"@type":"ImageObject","url":"https:\/\/www.eldigitaldeasturias.com\/noticias\/wp-content\/uploads\/2020\/12\/EDA.jpg","@id":"https:\/\/www.eldigitaldeasturias.com\/noticias\/brasil-ordena-a-facebook-retirar-fake-news-sobre-la-politica-asesinada\/#organizationLogo"},"image":{"@id":"https:\/\/www.eldigitaldeasturias.com\/noticias\/brasil-ordena-a-facebook-retirar-fake-news-sobre-la-politica-asesinada\/#organizationLogo"},"sameAs":["https:\/\/facebook.com\/eldigitaldeasturias","https:\/\/www.youtube.com\/channel\/UCZP-2wLEB9Rv6erhFmqVnvg"],"address":{"@id":"https:\/\/www.eldigitaldeasturias.com\/noticias\/#postaladdress","@type":"PostalAddress","streetAddress":"san antonio 4","postalCode":"33430","addressLocality":"Cand\u00e1s","addressRegion":"Asturias","addressCountry":"ES"}},{"@type":"Person","@id":"https:\/\/www.eldigitaldeasturias.com\/noticias\/author\/admin\/#author","url":"https:\/\/www.eldigitaldeasturias.com\/noticias\/author\/admin\/","name":"El Digital de Asturias","image":{"@type":"ImageObject","@id":"https:\/\/www.eldigitaldeasturias.com\/noticias\/brasil-ordena-a-facebook-retirar-fake-news-sobre-la-politica-asesinada\/#authorImage","url":"https:\/\/secure.gravatar.com\/avatar\/df2aeffc32bcd13f8d26072ef8a91b623d677766deac7f97ca815868cd41bf5e?s=96&d=mm&r=g","width":96,"height":96,"caption":"El Digital de Asturias"}},{"@type":"WebPage","@id":"https:\/\/www.eldigitaldeasturias.com\/noticias\/brasil-ordena-a-facebook-retirar-fake-news-sobre-la-politica-asesinada\/#webpage","url":"https:\/\/www.eldigitaldeasturias.com\/noticias\/brasil-ordena-a-facebook-retirar-fake-news-sobre-la-politica-asesinada\/","name":"Brasil ordena a Facebook retirar \u00abfake news\u00bb sobre la pol\u00edtica asesinada - El Digital de Asturias","description":"R\u00edo de Janeiro, 28 mar (dpa) - Un tribunal brasile\u00f1o orden\u00f3 hoy a la red social Facebook retirar en un plazo de 24 horas \"noticias falsas\" vinculadas con el caso de la asesinada pol\u00edtica Marielle Franco. El juez Jorge Novelle, de una corte del estado de R\u00edo de Janeiro, exigi\u00f3 adem\u00e1s a Facebook que \"utilice","inLanguage":"es-ES","isPartOf":{"@id":"https:\/\/www.eldigitaldeasturias.com\/noticias\/#website"},"breadcrumb":{"@id":"https:\/\/www.eldigitaldeasturias.com\/noticias\/brasil-ordena-a-facebook-retirar-fake-news-sobre-la-politica-asesinada\/#breadcrumblist"},"author":{"@id":"https:\/\/www.eldigitaldeasturias.com\/noticias\/author\/admin\/#author"},"creator":{"@id":"https:\/\/www.eldigitaldeasturias.com\/noticias\/author\/admin\/#author"},"image":{"@type":"ImageObject","url":972712,"@id":"https:\/\/www.eldigitaldeasturias.com\/noticias\/brasil-ordena-a-facebook-retirar-fake-news-sobre-la-politica-asesinada\/#mainImage"},"primaryImageOfPage":{"@id":"https:\/\/www.eldigitaldeasturias.com\/noticias\/brasil-ordena-a-facebook-retirar-fake-news-sobre-la-politica-asesinada\/#mainImage"},"datePublished":"2018-03-28T23:45:07+02:00","dateModified":"2018-03-28T23:45:07+02:00"},{"@type":"WebSite","@id":"https:\/\/www.eldigitaldeasturias.com\/noticias\/#website","url":"https:\/\/www.eldigitaldeasturias.com\/noticias\/","name":"El Digital de Asturias - Diario de actualidad y noticias","alternateName":"El Digital de Asturias - Diario de actualidad y noticias","description":"Hemeroteca","inLanguage":"es-ES","publisher":{"@id":"https:\/\/www.eldigitaldeasturias.com\/noticias\/#organization"}}]},"og:locale":"es_ES","og:site_name":"El Digital de Asturias","og:type":"article","og:title":"Brasil ordena a Facebook retirar \u00abfake news\u00bb sobre la pol\u00edtica asesinada - El Digital de Asturias","og:description":"R\u00edo de Janeiro, 28 mar (dpa) - Un tribunal brasile\u00f1o orden\u00f3 hoy a la red social Facebook retirar en un plazo de 24 horas &quot;noticias falsas&quot; vinculadas con el caso de la asesinada pol\u00edtica Marielle Franco. El juez Jorge Novelle, de una corte del estado de R\u00edo de Janeiro, exigi\u00f3 adem\u00e1s a Facebook que &quot;utilice","og:url":"https:\/\/www.eldigitaldeasturias.com\/noticias\/brasil-ordena-a-facebook-retirar-fake-news-sobre-la-politica-asesinada\/","article:tag":["actualidad"],"article:published_time":"2018-03-28T23:45:07+00:00","article:modified_time":"2018-03-28T23:45:07+00:00","article:publisher":"https:\/\/facebook.com\/eldigitaldeasturias","twitter:card":"summary_large_image","twitter:title":"Brasil ordena a Facebook retirar \u00abfake news\u00bb sobre la pol\u00edtica asesinada - El Digital de Asturias","twitter:description":"R\u00edo de Janeiro, 28 mar (dpa) - Un tribunal brasile\u00f1o orden\u00f3 hoy a la red social Facebook retirar en un plazo de 24 horas &quot;noticias falsas&quot; vinculadas con el caso de la asesinada pol\u00edtica Marielle Franco. El juez Jorge Novelle, de una corte del estado de R\u00edo de Janeiro, exigi\u00f3 adem\u00e1s a Facebook que &quot;utilice","twitter:image":"https:\/\/www.eldigitaldeasturias.com\/noticias\/wp-content\/uploads\/2020\/12\/EDA-1.jpg","twitter:label1":"Escrito por","twitter:data1":"El Digital de Asturias","twitter:label2":"Tiempo de lectura estimado","twitter:data2":"2 minutos"},"aioseo_meta_data":{"post_id":"973904","title":null,"description":null,"keywords":null,"keyphrases":null,"primary_term":null,"canonical_url":null,"og_title":null,"og_description":null,"og_object_type":"default","og_image_type":"default","og_image_url":null,"og_image_width":null,"og_image_height":null,"og_image_custom_url":null,"og_image_custom_fields":null,"og_video":null,"og_custom_url":null,"og_article_section":null,"og_article_tags":null,"twitter_use_og":false,"twitter_card":"default","twitter_image_type":"default","twitter_image_url":null,"twitter_image_custom_url":null,"twitter_image_custom_fields":null,"twitter_title":null,"twitter_description":null,"schema":{"blockGraphs":[],"customGraphs":[],"default":{"data":{"Article":[],"Course":[],"Dataset":[],"FAQPage":[],"Movie":[],"Person":[],"Product":[],"ProductReview":[],"Car":[],"Recipe":[],"Service":[],"SoftwareApplication":[],"WebPage":[]},"graphName":"","isEnabled":true},"graphs":[],"defaultGraph":"","defaultPostTypeGraph":""},"schema_type":null,"schema_type_options":null,"pillar_content":false,"robots_default":true,"robots_noindex":false,"robots_noarchive":false,"robots_nosnippet":false,"robots_nofollow":false,"robots_noimageindex":false,"robots_noodp":false,"robots_notranslate":false,"robots_max_snippet":null,"robots_max_videopreview":null,"robots_max_imagepreview":"large","priority":null,"frequency":null,"local_seo":null,"seo_analyzer_scan_date":"2025-10-07 18:19:13","breadcrumb_settings":null,"limit_modified_date":false,"open_ai":null,"ai":null,"created":"2020-12-21 12:15:36","updated":"2025-10-07 18:19:13","focus_keyword":null,"additional_keywords":null,"truseo_locale":null},"aioseo_breadcrumb":"<div class=\"aioseo-breadcrumbs\"><span class=\"aioseo-breadcrumb\">\n\t<a href=\"https:\/\/www.eldigitaldeasturias.com\/noticias\" title=\"Home\">Home<\/a>\n<\/span><span class=\"aioseo-breadcrumb-separator\">\u2013<\/span><span class=\"aioseo-breadcrumb\">\n\t<a href=\"https:\/\/www.eldigitaldeasturias.com\/noticias\/category\/actualidad\/\" title=\"Actualidad\">Actualidad<\/a>\n<\/span><span class=\"aioseo-breadcrumb-separator\">\u2013<\/span><span class=\"aioseo-breadcrumb\">\n\t<a href=\"https:\/\/www.eldigitaldeasturias.com\/noticias\/brasil-ordena-a-facebook-retirar-fake-news-sobre-la-politica-asesinada\/\" title=\"Brasil ordena a Facebook retirar \u00abfake news\u00bb sobre la pol\u00edtica asesinada\">Brasil ordena a Facebook retirar \u00abfake news\u00bb sobre la pol\u00edtica asesinada<\/a>\n<\/span><\/div>","aioseo_breadcrumb_json":[{"label":"Home","link":"https:\/\/www.eldigitaldeasturias.com\/noticias"},{"label":"Actualidad","link":"https:\/\/www.eldigitaldeasturias.com\/noticias\/category\/actualidad\/"},{"label":"Brasil ordena a Facebook retirar \u00abfake news\u00bb sobre la pol\u00edtica asesinada","link":"https:\/\/www.eldigitaldeasturias.com\/noticias\/brasil-ordena-a-facebook-retirar-fake-news-sobre-la-politica-asesinada\/"}],"_links":{"self":[{"href":"https:\/\/www.eldigitaldeasturias.com\/noticias\/wp-json\/wp\/v2\/posts\/973904","targetHints":{"allow":["GET"]}}],"collection":[{"href":"https:\/\/www.eldigitaldeasturias.com\/noticias\/wp-json\/wp\/v2\/posts"}],"about":[{"href":"https:\/\/www.eldigitaldeasturias.com\/noticias\/wp-json\/wp\/v2\/types\/post"}],"author":[{"embeddable":true,"href":"https:\/\/www.eldigitaldeasturias.com\/noticias\/wp-json\/wp\/v2\/users\/1"}],"replies":[{"embeddable":true,"href":"https:\/\/www.eldigitaldeasturias.com\/noticias\/wp-json\/wp\/v2\/comments?post=973904"}],"version-history":[{"count":0,"href":"https:\/\/www.eldigitaldeasturias.com\/noticias\/wp-json\/wp\/v2\/posts\/973904\/revisions"}],"wp:attachment":[{"href":"https:\/\/www.eldigitaldeasturias.com\/noticias\/wp-json\/wp\/v2\/media?parent=973904"}],"wp:term":[{"taxonomy":"category","embeddable":true,"href":"https:\/\/www.eldigitaldeasturias.com\/noticias\/wp-json\/wp\/v2\/categories?post=973904"},{"taxonomy":"post_tag","embeddable":true,"href":"https:\/\/www.eldigitaldeasturias.com\/noticias\/wp-json\/wp\/v2\/tags?post=973904"}],"curies":[{"name":"wp","href":"https:\/\/api.w.org\/{rel}","templated":true}]}}