{"id":973900,"date":"2018-03-28T23:37:56","date_gmt":"2018-03-28T23:37:56","guid":{"rendered":"http:\/\/www.eldigitaldeasturias.com\/noticias\/?p=973900"},"modified":"2018-03-28T23:37:56","modified_gmt":"2018-03-28T23:37:56","slug":"ecuador-suspende-las-comunicaciones-a-assange-por-hablar-de-puigdemont","status":"publish","type":"post","link":"https:\/\/www.eldigitaldeasturias.com\/noticias\/ecuador-suspende-las-comunicaciones-a-assange-por-hablar-de-puigdemont\/","title":{"rendered":"Ecuador suspende las comunicaciones a Assange por hablar de Puigdemont"},"content":{"rendered":"<p><img loading=\"lazy\" decoding=\"async\" class=\"alignleft size-medium wp-image-910602\" src=\"https:\/\/www.eldigitaldeasturias.com\/noticias\/wp-content\/uploads\/2016\/10\/assange-360x198.jpg\" alt=\"\" width=\"360\" height=\"198\" \/>Quito, 28 mar (dpa) \u2013 Ecuador suspendi\u00f3 las comunicaciones al fundador de Wikileaks, Julian Assange, asilado desde 2012 en la embajada ecuatoriana en Londres, despu\u00e9s de que cuestionara en Twitter la detenci\u00f3n del ex presidente catal\u00e1n Carles Puigdemont en Alemania.<\/p>\n<p>En un comunicado, el Gobierno ecuatoriano se\u00f1al\u00f3 hoy que la medida fue adoptada por el incumplimiento de Assange a un compromiso de finales de 2017 \u00abpor el que se obligaba a no emitir mensajes que supusieran una injerencia en relaci\u00f3n con otros estados\u00bb.<\/p>\n<p>Ecuador advirti\u00f3 a Assange que con sus mensajes en las redes sociales \u00abpone en riesgo las buenas relaciones que el pa\u00eds mantiene con Reino Unido, con el resto de Estados de la Uni\u00f3n Europea y otras naciones\u00bb.<\/p>\n<p>Adem\u00e1s indic\u00f3 que la medida de suspender las comunicaciones al exterior es para \u00abprevenir potenciales perjuicios\u00bb. El Ejecutivo ecuatoriano \u00abmantiene adem\u00e1s abierta la v\u00eda a la adopci\u00f3n de nuevas medidas ante el incumplimiento del compromiso por parte de Assange\u00bb, advirti\u00f3.<\/p>\n<p>El comunicado se emiti\u00f3 despu\u00e9s de que Assange criticara en Twitter la detenci\u00f3n de Puigdemont en Alemania. Entre otras cosas, el fundador de Wikileaks escribi\u00f3 que \u00abAlemania tiene su primer preso pol\u00edtico\u00bb.<\/p>\n<p>Esta no es la primera vez que la actividad pol\u00edtica de Assange pone en aprietos a Ecuador. En la campa\u00f1a electoral de 2016 en Estados Unidos, el Gobierno de Ecuador, presidido entonces por Rafael Correa, cort\u00f3 temporalmente el servicio de Internet de su embajada londinense.<\/p>\n<p>Wikileaks estaba difundiendo desde la legaci\u00f3n diplom\u00e1tica ecuatoriana mensajes de desprestigio a la candidata dem\u00f3crata Hillary Clinton.<\/p>\n<p>\u00abEcuador respeta el principio de no intervenci\u00f3n en los asuntos de otros pa\u00edses y no se inmiscuye en procesos electorales en curso\u00bb, se pronunci\u00f3 el Gobierno en octubre de 2016.<\/p>\n<p>Desde agosto de 2017, Assange se involucr\u00f3 en el movimiento independentista de Catalu\u00f1a, primero difundiendo miles de mensajes en su plataforma de revelaciones en apoyo al proceso y en contra del gobierno de Mariano Rajoy.<\/p>\n<p>En noviembre tuvo una larga reuni\u00f3n en la embajada ecuatoriana con el l\u00edder catal\u00e1n Oriol Soler que deriv\u00f3 en nuevos mensajes p\u00fablicos de apoyo al movimiento secesionista.<\/p>\n<p>\u00abLe hemos recordado al se\u00f1or Assange que no tiene por qu\u00e9 intervenir en la pol\u00edtica ecuatoriana, porque su estatus no se lo permite. Intervenir en la pol\u00edtica ecuatoriana ni en la pol\u00edtica de nuestros pa\u00edses amigos. No tiene derecho a hacerlo y se ha comprometido a eso\u00bb, le advirti\u00f3 tras ello el presidente Len\u00edn Moreno.<\/p>\n<p>En un comunicado, la Canciller\u00eda aclar\u00f3 que el apoyo de Assange al independentismo catal\u00e1n \u00abno representa la posici\u00f3n del Estado ecuatoriano\u00bb.<\/p>\n<p>Assange se encuentra asilado en la embajada de Ecuador en Reino Unido desde 2012 en protecci\u00f3n por la posibilidad de que sea extraditado a Estados Unidos por la revelaci\u00f3n de Wikileaks de documentos secretos de ese pa\u00eds sobre las guerras en Irak y Afganist\u00e1n.<\/p>\n<p>En diciembre recibi\u00f3 la nacionalidad ecuatoriana, en una tentativa de poder llevarlo al pa\u00eds sudamericano declar\u00e1ndolo funcionario diplom\u00e1tico, una posibilidad que fue rechazada por Londres.<\/p>\n<p>El gobierno brit\u00e1nico indic\u00f3 anteriormente que Assange ser\u00e1 detenido si pone un pie fuera de la sede diplom\u00e1tica de Ecuador, ya que existe una orden de detenci\u00f3n por haber burlado su arresto domiciliario y no haber pagado fianza, dentro de un proceso legal que la justicia sueca le sigui\u00f3 por delitos sexuales.<\/p>\n<p>Por Ramiro Carrillo (dpa)<\/p>\n","protected":false},"excerpt":{"rendered":"<p>Quito, 28 mar (dpa) \u2013 Ecuador suspendi\u00f3 las comunicaciones al fundador de Wikileaks, Julian Assange, asilado desde 2012 en la embajada ecuatoriana en Londres, despu\u00e9s de que cuestionara en Twitter la detenci\u00f3n del ex presidente catal\u00e1n Carles Puigdemont en Alemania. En un comunicado, el Gobierno ecuatoriano se\u00f1al\u00f3 hoy que la medida fue adoptada por el [&hellip;]<\/p>\n","protected":false},"author":1,"featured_media":910602,"comment_status":"closed","ping_status":"closed","sticky":false,"template":"","format":"standard","meta":{"footnotes":""},"categories":[1],"tags":[],"class_list":["post-973900","post","type-post","status-publish","format-standard","has-post-thumbnail","hentry","category-actualidad"],"aioseo_notices":[],"aioseo_head":"\n\t\t<!-- All in One SEO Pro 5.0.1 - aioseo.com -->\n\t<meta name=\"description\" content=\"Quito, 28 mar (dpa) \u2013 Ecuador suspendi\u00f3 las comunicaciones al fundador de Wikileaks, Julian Assange, asilado desde 2012 en la embajada ecuatoriana en Londres, despu\u00e9s de que cuestionara en Twitter la detenci\u00f3n del ex presidente catal\u00e1n Carles Puigdemont en Alemania. En un comunicado, el Gobierno ecuatoriano se\u00f1al\u00f3 hoy que la medida fue adoptada por el\" \/>\n\t<meta name=\"robots\" content=\"max-image-preview:large\" \/>\n\t<meta name=\"author\" content=\"El Digital de Asturias\"\/>\n\t<meta name=\"google-site-verification\" content=\"UA-38556648-1\" \/>\n\t<meta name=\"msvalidate.01\" content=\"7dfe9f3f1b24437ab69f4f2559babe99\" \/>\n\t<meta name=\"keywords\" content=\"actualidad\" \/>\n\t<link rel=\"canonical\" href=\"https:\/\/www.eldigitaldeasturias.com\/noticias\/ecuador-suspende-las-comunicaciones-a-assange-por-hablar-de-puigdemont\/\" \/>\n\t<meta name=\"generator\" content=\"All in One SEO Pro (AIOSEO) 5.0.1\" \/>\n\t\t<meta property=\"og:locale\" content=\"es_ES\" \/>\n\t\t<meta property=\"og:site_name\" content=\"El Digital de Asturias\" \/>\n\t\t<meta property=\"og:type\" content=\"article\" \/>\n\t\t<meta property=\"og:title\" content=\"Ecuador suspende las comunicaciones a Assange por hablar de Puigdemont - El Digital de Asturias\" \/>\n\t\t<meta property=\"og:description\" content=\"Quito, 28 mar (dpa) \u2013 Ecuador suspendi\u00f3 las comunicaciones al fundador de Wikileaks, Julian Assange, asilado desde 2012 en la embajada ecuatoriana en Londres, despu\u00e9s de que cuestionara en Twitter la detenci\u00f3n del ex presidente catal\u00e1n Carles Puigdemont en Alemania. En un comunicado, el Gobierno ecuatoriano se\u00f1al\u00f3 hoy que la medida fue adoptada por el\" \/>\n\t\t<meta property=\"og:url\" content=\"https:\/\/www.eldigitaldeasturias.com\/noticias\/ecuador-suspende-las-comunicaciones-a-assange-por-hablar-de-puigdemont\/\" \/>\n\t\t<meta property=\"article:tag\" content=\"actualidad\" \/>\n\t\t<meta property=\"article:published_time\" content=\"2018-03-28T23:37:56+00:00\" \/>\n\t\t<meta property=\"article:modified_time\" content=\"2018-03-28T23:37:56+00:00\" \/>\n\t\t<meta property=\"article:publisher\" content=\"https:\/\/facebook.com\/eldigitaldeasturias\" \/>\n\t\t<meta name=\"twitter:card\" content=\"summary_large_image\" \/>\n\t\t<meta name=\"twitter:title\" content=\"Ecuador suspende las comunicaciones a Assange por hablar de Puigdemont - El Digital de Asturias\" \/>\n\t\t<meta name=\"twitter:description\" content=\"Quito, 28 mar (dpa) \u2013 Ecuador suspendi\u00f3 las comunicaciones al fundador de Wikileaks, Julian Assange, asilado desde 2012 en la embajada ecuatoriana en Londres, despu\u00e9s de que cuestionara en Twitter la detenci\u00f3n del ex presidente catal\u00e1n Carles Puigdemont en Alemania. En un comunicado, el Gobierno ecuatoriano se\u00f1al\u00f3 hoy que la medida fue adoptada por el\" \/>\n\t\t<meta name=\"twitter:image\" content=\"https:\/\/www.eldigitaldeasturias.com\/noticias\/wp-content\/uploads\/2020\/12\/EDA-1.jpg\" \/>\n\t\t<meta name=\"twitter:label1\" content=\"Escrito por\" \/>\n\t\t<meta name=\"twitter:data1\" content=\"El Digital de Asturias\" \/>\n\t\t<meta name=\"twitter:label2\" content=\"Tiempo de lectura estimado\" \/>\n\t\t<meta name=\"twitter:data2\" content=\"3 minutos\" \/>\n\t\t<script type=\"application\/ld+json\" class=\"aioseo-schema\">\n\t\t\t{\"@context\":\"https:\\\/\\\/schema.org\",\"@graph\":[{\"@type\":\"BlogPosting\",\"@id\":\"https:\\\/\\\/www.eldigitaldeasturias.com\\\/noticias\\\/ecuador-suspende-las-comunicaciones-a-assange-por-hablar-de-puigdemont\\\/#blogposting\",\"name\":\"Ecuador suspende las comunicaciones a Assange por hablar de Puigdemont - El Digital de Asturias\",\"headline\":\"Ecuador suspende las comunicaciones a Assange por hablar de Puigdemont\",\"author\":{\"@id\":\"https:\\\/\\\/www.eldigitaldeasturias.com\\\/noticias\\\/author\\\/admin\\\/#author\"},\"publisher\":{\"@id\":\"https:\\\/\\\/www.eldigitaldeasturias.com\\\/noticias\\\/#organization\"},\"image\":{\"@type\":\"ImageObject\",\"url\":910602},\"datePublished\":\"2018-03-28T23:37:56+02:00\",\"dateModified\":\"2018-03-28T23:37:56+02:00\",\"inLanguage\":\"es-ES\",\"mainEntityOfPage\":{\"@id\":\"https:\\\/\\\/www.eldigitaldeasturias.com\\\/noticias\\\/ecuador-suspende-las-comunicaciones-a-assange-por-hablar-de-puigdemont\\\/#webpage\"},\"isPartOf\":{\"@id\":\"https:\\\/\\\/www.eldigitaldeasturias.com\\\/noticias\\\/ecuador-suspende-las-comunicaciones-a-assange-por-hablar-de-puigdemont\\\/#webpage\"},\"articleSection\":\"Actualidad\"},{\"@type\":\"BreadcrumbList\",\"@id\":\"https:\\\/\\\/www.eldigitaldeasturias.com\\\/noticias\\\/ecuador-suspende-las-comunicaciones-a-assange-por-hablar-de-puigdemont\\\/#breadcrumblist\",\"itemListElement\":[{\"@type\":\"ListItem\",\"@id\":\"https:\\\/\\\/www.eldigitaldeasturias.com\\\/noticias#listItem\",\"position\":1,\"name\":\"Home\",\"item\":\"https:\\\/\\\/www.eldigitaldeasturias.com\\\/noticias\",\"nextItem\":{\"@type\":\"ListItem\",\"@id\":\"https:\\\/\\\/www.eldigitaldeasturias.com\\\/noticias\\\/category\\\/actualidad\\\/#listItem\",\"name\":\"Actualidad\"}},{\"@type\":\"ListItem\",\"@id\":\"https:\\\/\\\/www.eldigitaldeasturias.com\\\/noticias\\\/category\\\/actualidad\\\/#listItem\",\"position\":2,\"name\":\"Actualidad\",\"item\":\"https:\\\/\\\/www.eldigitaldeasturias.com\\\/noticias\\\/category\\\/actualidad\\\/\",\"nextItem\":{\"@type\":\"ListItem\",\"@id\":\"https:\\\/\\\/www.eldigitaldeasturias.com\\\/noticias\\\/ecuador-suspende-las-comunicaciones-a-assange-por-hablar-de-puigdemont\\\/#listItem\",\"name\":\"Ecuador suspende las comunicaciones a Assange por hablar de Puigdemont\"},\"previousItem\":{\"@type\":\"ListItem\",\"@id\":\"https:\\\/\\\/www.eldigitaldeasturias.com\\\/noticias#listItem\",\"name\":\"Home\"}},{\"@type\":\"ListItem\",\"@id\":\"https:\\\/\\\/www.eldigitaldeasturias.com\\\/noticias\\\/ecuador-suspende-las-comunicaciones-a-assange-por-hablar-de-puigdemont\\\/#listItem\",\"position\":3,\"name\":\"Ecuador suspende las comunicaciones a Assange por hablar de Puigdemont\",\"previousItem\":{\"@type\":\"ListItem\",\"@id\":\"https:\\\/\\\/www.eldigitaldeasturias.com\\\/noticias\\\/category\\\/actualidad\\\/#listItem\",\"name\":\"Actualidad\"}}]},{\"@type\":\"Organization\",\"@id\":\"https:\\\/\\\/www.eldigitaldeasturias.com\\\/noticias\\\/#organization\",\"name\":\"El Digital de Asturias\",\"description\":\"Hemeroteca\",\"url\":\"https:\\\/\\\/www.eldigitaldeasturias.com\\\/noticias\\\/\",\"email\":\"info@eldigitaldeasturias.com\",\"telephone\":\"+34652131393\",\"logo\":{\"@type\":\"ImageObject\",\"url\":\"https:\\\/\\\/www.eldigitaldeasturias.com\\\/noticias\\\/wp-content\\\/uploads\\\/2020\\\/12\\\/EDA.jpg\",\"@id\":\"https:\\\/\\\/www.eldigitaldeasturias.com\\\/noticias\\\/ecuador-suspende-las-comunicaciones-a-assange-por-hablar-de-puigdemont\\\/#organizationLogo\"},\"image\":{\"@id\":\"https:\\\/\\\/www.eldigitaldeasturias.com\\\/noticias\\\/ecuador-suspende-las-comunicaciones-a-assange-por-hablar-de-puigdemont\\\/#organizationLogo\"},\"sameAs\":[\"https:\\\/\\\/facebook.com\\\/eldigitaldeasturias\",\"https:\\\/\\\/www.youtube.com\\\/channel\\\/UCZP-2wLEB9Rv6erhFmqVnvg\"],\"address\":{\"@id\":\"https:\\\/\\\/www.eldigitaldeasturias.com\\\/noticias\\\/#postaladdress\",\"@type\":\"PostalAddress\",\"streetAddress\":\"san antonio 4\",\"postalCode\":\"33430\",\"addressLocality\":\"Cand\\u00e1s\",\"addressRegion\":\"Asturias\",\"addressCountry\":\"ES\"}},{\"@type\":\"Person\",\"@id\":\"https:\\\/\\\/www.eldigitaldeasturias.com\\\/noticias\\\/author\\\/admin\\\/#author\",\"url\":\"https:\\\/\\\/www.eldigitaldeasturias.com\\\/noticias\\\/author\\\/admin\\\/\",\"name\":\"El Digital de Asturias\",\"image\":{\"@type\":\"ImageObject\",\"@id\":\"https:\\\/\\\/www.eldigitaldeasturias.com\\\/noticias\\\/ecuador-suspende-las-comunicaciones-a-assange-por-hablar-de-puigdemont\\\/#authorImage\",\"url\":\"https:\\\/\\\/secure.gravatar.com\\\/avatar\\\/df2aeffc32bcd13f8d26072ef8a91b623d677766deac7f97ca815868cd41bf5e?s=96&d=mm&r=g\",\"width\":96,\"height\":96,\"caption\":\"El Digital de Asturias\"}},{\"@type\":\"WebPage\",\"@id\":\"https:\\\/\\\/www.eldigitaldeasturias.com\\\/noticias\\\/ecuador-suspende-las-comunicaciones-a-assange-por-hablar-de-puigdemont\\\/#webpage\",\"url\":\"https:\\\/\\\/www.eldigitaldeasturias.com\\\/noticias\\\/ecuador-suspende-las-comunicaciones-a-assange-por-hablar-de-puigdemont\\\/\",\"name\":\"Ecuador suspende las comunicaciones a Assange por hablar de Puigdemont - El Digital de Asturias\",\"description\":\"Quito, 28 mar (dpa) \\u2013 Ecuador suspendi\\u00f3 las comunicaciones al fundador de Wikileaks, Julian Assange, asilado desde 2012 en la embajada ecuatoriana en Londres, despu\\u00e9s de que cuestionara en Twitter la detenci\\u00f3n del ex presidente catal\\u00e1n Carles Puigdemont en Alemania. En un comunicado, el Gobierno ecuatoriano se\\u00f1al\\u00f3 hoy que la medida fue adoptada por el\",\"inLanguage\":\"es-ES\",\"isPartOf\":{\"@id\":\"https:\\\/\\\/www.eldigitaldeasturias.com\\\/noticias\\\/#website\"},\"breadcrumb\":{\"@id\":\"https:\\\/\\\/www.eldigitaldeasturias.com\\\/noticias\\\/ecuador-suspende-las-comunicaciones-a-assange-por-hablar-de-puigdemont\\\/#breadcrumblist\"},\"author\":{\"@id\":\"https:\\\/\\\/www.eldigitaldeasturias.com\\\/noticias\\\/author\\\/admin\\\/#author\"},\"creator\":{\"@id\":\"https:\\\/\\\/www.eldigitaldeasturias.com\\\/noticias\\\/author\\\/admin\\\/#author\"},\"image\":{\"@type\":\"ImageObject\",\"url\":910602,\"@id\":\"https:\\\/\\\/www.eldigitaldeasturias.com\\\/noticias\\\/ecuador-suspende-las-comunicaciones-a-assange-por-hablar-de-puigdemont\\\/#mainImage\"},\"primaryImageOfPage\":{\"@id\":\"https:\\\/\\\/www.eldigitaldeasturias.com\\\/noticias\\\/ecuador-suspende-las-comunicaciones-a-assange-por-hablar-de-puigdemont\\\/#mainImage\"},\"datePublished\":\"2018-03-28T23:37:56+02:00\",\"dateModified\":\"2018-03-28T23:37:56+02:00\"},{\"@type\":\"WebSite\",\"@id\":\"https:\\\/\\\/www.eldigitaldeasturias.com\\\/noticias\\\/#website\",\"url\":\"https:\\\/\\\/www.eldigitaldeasturias.com\\\/noticias\\\/\",\"name\":\"El Digital de Asturias - Diario de actualidad y noticias\",\"alternateName\":\"El Digital de Asturias - Diario de actualidad y noticias\",\"description\":\"Hemeroteca\",\"inLanguage\":\"es-ES\",\"publisher\":{\"@id\":\"https:\\\/\\\/www.eldigitaldeasturias.com\\\/noticias\\\/#organization\"}}]}\n\t\t<\/script>\n\t\t<!-- All in One SEO Pro -->\r\n\t\t<title>Ecuador suspende las comunicaciones a Assange por hablar de Puigdemont - El Digital de Asturias<\/title>\n\n","aioseo_head_json":{"title":"Ecuador suspende las comunicaciones a Assange por hablar de Puigdemont - El Digital de Asturias","description":"Quito, 28 mar (dpa) \u2013 Ecuador suspendi\u00f3 las comunicaciones al fundador de Wikileaks, Julian Assange, asilado desde 2012 en la embajada ecuatoriana en Londres, despu\u00e9s de que cuestionara en Twitter la detenci\u00f3n del ex presidente catal\u00e1n Carles Puigdemont en Alemania. En un comunicado, el Gobierno ecuatoriano se\u00f1al\u00f3 hoy que la medida fue adoptada por el","canonical_url":"https:\/\/www.eldigitaldeasturias.com\/noticias\/ecuador-suspende-las-comunicaciones-a-assange-por-hablar-de-puigdemont\/","robots":"max-image-preview:large","keywords":"actualidad","webmasterTools":{"google-site-verification":"UA-38556648-1","msvalidate.01":"7dfe9f3f1b24437ab69f4f2559babe99","miscellaneous":""},"schema":{"@context":"https:\/\/schema.org","@graph":[{"@type":"BlogPosting","@id":"https:\/\/www.eldigitaldeasturias.com\/noticias\/ecuador-suspende-las-comunicaciones-a-assange-por-hablar-de-puigdemont\/#blogposting","name":"Ecuador suspende las comunicaciones a Assange por hablar de Puigdemont - El Digital de Asturias","headline":"Ecuador suspende las comunicaciones a Assange por hablar de Puigdemont","author":{"@id":"https:\/\/www.eldigitaldeasturias.com\/noticias\/author\/admin\/#author"},"publisher":{"@id":"https:\/\/www.eldigitaldeasturias.com\/noticias\/#organization"},"image":{"@type":"ImageObject","url":910602},"datePublished":"2018-03-28T23:37:56+02:00","dateModified":"2018-03-28T23:37:56+02:00","inLanguage":"es-ES","mainEntityOfPage":{"@id":"https:\/\/www.eldigitaldeasturias.com\/noticias\/ecuador-suspende-las-comunicaciones-a-assange-por-hablar-de-puigdemont\/#webpage"},"isPartOf":{"@id":"https:\/\/www.eldigitaldeasturias.com\/noticias\/ecuador-suspende-las-comunicaciones-a-assange-por-hablar-de-puigdemont\/#webpage"},"articleSection":"Actualidad"},{"@type":"BreadcrumbList","@id":"https:\/\/www.eldigitaldeasturias.com\/noticias\/ecuador-suspende-las-comunicaciones-a-assange-por-hablar-de-puigdemont\/#breadcrumblist","itemListElement":[{"@type":"ListItem","@id":"https:\/\/www.eldigitaldeasturias.com\/noticias#listItem","position":1,"name":"Home","item":"https:\/\/www.eldigitaldeasturias.com\/noticias","nextItem":{"@type":"ListItem","@id":"https:\/\/www.eldigitaldeasturias.com\/noticias\/category\/actualidad\/#listItem","name":"Actualidad"}},{"@type":"ListItem","@id":"https:\/\/www.eldigitaldeasturias.com\/noticias\/category\/actualidad\/#listItem","position":2,"name":"Actualidad","item":"https:\/\/www.eldigitaldeasturias.com\/noticias\/category\/actualidad\/","nextItem":{"@type":"ListItem","@id":"https:\/\/www.eldigitaldeasturias.com\/noticias\/ecuador-suspende-las-comunicaciones-a-assange-por-hablar-de-puigdemont\/#listItem","name":"Ecuador suspende las comunicaciones a Assange por hablar de Puigdemont"},"previousItem":{"@type":"ListItem","@id":"https:\/\/www.eldigitaldeasturias.com\/noticias#listItem","name":"Home"}},{"@type":"ListItem","@id":"https:\/\/www.eldigitaldeasturias.com\/noticias\/ecuador-suspende-las-comunicaciones-a-assange-por-hablar-de-puigdemont\/#listItem","position":3,"name":"Ecuador suspende las comunicaciones a Assange por hablar de Puigdemont","previousItem":{"@type":"ListItem","@id":"https:\/\/www.eldigitaldeasturias.com\/noticias\/category\/actualidad\/#listItem","name":"Actualidad"}}]},{"@type":"Organization","@id":"https:\/\/www.eldigitaldeasturias.com\/noticias\/#organization","name":"El Digital de Asturias","description":"Hemeroteca","url":"https:\/\/www.eldigitaldeasturias.com\/noticias\/","email":"info@eldigitaldeasturias.com","telephone":"+34652131393","logo":{"@type":"ImageObject","url":"https:\/\/www.eldigitaldeasturias.com\/noticias\/wp-content\/uploads\/2020\/12\/EDA.jpg","@id":"https:\/\/www.eldigitaldeasturias.com\/noticias\/ecuador-suspende-las-comunicaciones-a-assange-por-hablar-de-puigdemont\/#organizationLogo"},"image":{"@id":"https:\/\/www.eldigitaldeasturias.com\/noticias\/ecuador-suspende-las-comunicaciones-a-assange-por-hablar-de-puigdemont\/#organizationLogo"},"sameAs":["https:\/\/facebook.com\/eldigitaldeasturias","https:\/\/www.youtube.com\/channel\/UCZP-2wLEB9Rv6erhFmqVnvg"],"address":{"@id":"https:\/\/www.eldigitaldeasturias.com\/noticias\/#postaladdress","@type":"PostalAddress","streetAddress":"san antonio 4","postalCode":"33430","addressLocality":"Cand\u00e1s","addressRegion":"Asturias","addressCountry":"ES"}},{"@type":"Person","@id":"https:\/\/www.eldigitaldeasturias.com\/noticias\/author\/admin\/#author","url":"https:\/\/www.eldigitaldeasturias.com\/noticias\/author\/admin\/","name":"El Digital de Asturias","image":{"@type":"ImageObject","@id":"https:\/\/www.eldigitaldeasturias.com\/noticias\/ecuador-suspende-las-comunicaciones-a-assange-por-hablar-de-puigdemont\/#authorImage","url":"https:\/\/secure.gravatar.com\/avatar\/df2aeffc32bcd13f8d26072ef8a91b623d677766deac7f97ca815868cd41bf5e?s=96&d=mm&r=g","width":96,"height":96,"caption":"El Digital de Asturias"}},{"@type":"WebPage","@id":"https:\/\/www.eldigitaldeasturias.com\/noticias\/ecuador-suspende-las-comunicaciones-a-assange-por-hablar-de-puigdemont\/#webpage","url":"https:\/\/www.eldigitaldeasturias.com\/noticias\/ecuador-suspende-las-comunicaciones-a-assange-por-hablar-de-puigdemont\/","name":"Ecuador suspende las comunicaciones a Assange por hablar de Puigdemont - El Digital de Asturias","description":"Quito, 28 mar (dpa) \u2013 Ecuador suspendi\u00f3 las comunicaciones al fundador de Wikileaks, Julian Assange, asilado desde 2012 en la embajada ecuatoriana en Londres, despu\u00e9s de que cuestionara en Twitter la detenci\u00f3n del ex presidente catal\u00e1n Carles Puigdemont en Alemania. En un comunicado, el Gobierno ecuatoriano se\u00f1al\u00f3 hoy que la medida fue adoptada por el","inLanguage":"es-ES","isPartOf":{"@id":"https:\/\/www.eldigitaldeasturias.com\/noticias\/#website"},"breadcrumb":{"@id":"https:\/\/www.eldigitaldeasturias.com\/noticias\/ecuador-suspende-las-comunicaciones-a-assange-por-hablar-de-puigdemont\/#breadcrumblist"},"author":{"@id":"https:\/\/www.eldigitaldeasturias.com\/noticias\/author\/admin\/#author"},"creator":{"@id":"https:\/\/www.eldigitaldeasturias.com\/noticias\/author\/admin\/#author"},"image":{"@type":"ImageObject","url":910602,"@id":"https:\/\/www.eldigitaldeasturias.com\/noticias\/ecuador-suspende-las-comunicaciones-a-assange-por-hablar-de-puigdemont\/#mainImage"},"primaryImageOfPage":{"@id":"https:\/\/www.eldigitaldeasturias.com\/noticias\/ecuador-suspende-las-comunicaciones-a-assange-por-hablar-de-puigdemont\/#mainImage"},"datePublished":"2018-03-28T23:37:56+02:00","dateModified":"2018-03-28T23:37:56+02:00"},{"@type":"WebSite","@id":"https:\/\/www.eldigitaldeasturias.com\/noticias\/#website","url":"https:\/\/www.eldigitaldeasturias.com\/noticias\/","name":"El Digital de Asturias - Diario de actualidad y noticias","alternateName":"El Digital de Asturias - Diario de actualidad y noticias","description":"Hemeroteca","inLanguage":"es-ES","publisher":{"@id":"https:\/\/www.eldigitaldeasturias.com\/noticias\/#organization"}}]},"og:locale":"es_ES","og:site_name":"El Digital de Asturias","og:type":"article","og:title":"Ecuador suspende las comunicaciones a Assange por hablar de Puigdemont - El Digital de Asturias","og:description":"Quito, 28 mar (dpa) \u2013 Ecuador suspendi\u00f3 las comunicaciones al fundador de Wikileaks, Julian Assange, asilado desde 2012 en la embajada ecuatoriana en Londres, despu\u00e9s de que cuestionara en Twitter la detenci\u00f3n del ex presidente catal\u00e1n Carles Puigdemont en Alemania. En un comunicado, el Gobierno ecuatoriano se\u00f1al\u00f3 hoy que la medida fue adoptada por el","og:url":"https:\/\/www.eldigitaldeasturias.com\/noticias\/ecuador-suspende-las-comunicaciones-a-assange-por-hablar-de-puigdemont\/","article:tag":["actualidad"],"article:published_time":"2018-03-28T23:37:56+00:00","article:modified_time":"2018-03-28T23:37:56+00:00","article:publisher":"https:\/\/facebook.com\/eldigitaldeasturias","twitter:card":"summary_large_image","twitter:title":"Ecuador suspende las comunicaciones a Assange por hablar de Puigdemont - El Digital de Asturias","twitter:description":"Quito, 28 mar (dpa) \u2013 Ecuador suspendi\u00f3 las comunicaciones al fundador de Wikileaks, Julian Assange, asilado desde 2012 en la embajada ecuatoriana en Londres, despu\u00e9s de que cuestionara en Twitter la detenci\u00f3n del ex presidente catal\u00e1n Carles Puigdemont en Alemania. En un comunicado, el Gobierno ecuatoriano se\u00f1al\u00f3 hoy que la medida fue adoptada por el","twitter:image":"https:\/\/www.eldigitaldeasturias.com\/noticias\/wp-content\/uploads\/2020\/12\/EDA-1.jpg","twitter:label1":"Escrito por","twitter:data1":"El Digital de Asturias","twitter:label2":"Tiempo de lectura estimado","twitter:data2":"3 minutos"},"aioseo_meta_data":{"post_id":"973900","title":null,"description":null,"keywords":null,"keyphrases":null,"primary_term":null,"canonical_url":null,"og_title":null,"og_description":null,"og_object_type":"default","og_image_type":"default","og_image_url":null,"og_image_width":null,"og_image_height":null,"og_image_custom_url":null,"og_image_custom_fields":null,"og_video":null,"og_custom_url":null,"og_article_section":null,"og_article_tags":null,"twitter_use_og":false,"twitter_card":"default","twitter_image_type":"default","twitter_image_url":null,"twitter_image_custom_url":null,"twitter_image_custom_fields":null,"twitter_title":null,"twitter_description":null,"schema":{"blockGraphs":[],"customGraphs":[],"default":{"data":{"Article":[],"Course":[],"Dataset":[],"FAQPage":[],"Movie":[],"Person":[],"Product":[],"ProductReview":[],"Car":[],"Recipe":[],"Service":[],"SoftwareApplication":[],"WebPage":[]},"graphName":"","isEnabled":true},"graphs":[],"defaultGraph":"","defaultPostTypeGraph":""},"schema_type":null,"schema_type_options":null,"pillar_content":false,"robots_default":true,"robots_noindex":false,"robots_noarchive":false,"robots_nosnippet":false,"robots_nofollow":false,"robots_noimageindex":false,"robots_noodp":false,"robots_notranslate":false,"robots_max_snippet":null,"robots_max_videopreview":null,"robots_max_imagepreview":"large","priority":null,"frequency":null,"local_seo":null,"seo_analyzer_scan_date":"2025-10-07 18:19:12","breadcrumb_settings":null,"limit_modified_date":false,"open_ai":null,"ai":null,"created":"2020-12-21 12:15:36","updated":"2025-10-07 18:19:12","focus_keyword":null,"additional_keywords":null,"truseo_locale":null},"aioseo_breadcrumb":"<div class=\"aioseo-breadcrumbs\"><span class=\"aioseo-breadcrumb\">\n\t<a href=\"https:\/\/www.eldigitaldeasturias.com\/noticias\" title=\"Home\">Home<\/a>\n<\/span><span class=\"aioseo-breadcrumb-separator\">\u2013<\/span><span class=\"aioseo-breadcrumb\">\n\t<a href=\"https:\/\/www.eldigitaldeasturias.com\/noticias\/category\/actualidad\/\" title=\"Actualidad\">Actualidad<\/a>\n<\/span><span class=\"aioseo-breadcrumb-separator\">\u2013<\/span><span class=\"aioseo-breadcrumb\">\n\t<a href=\"https:\/\/www.eldigitaldeasturias.com\/noticias\/ecuador-suspende-las-comunicaciones-a-assange-por-hablar-de-puigdemont\/\" title=\"Ecuador suspende las comunicaciones a Assange por hablar de Puigdemont\">Ecuador suspende las comunicaciones a Assange por hablar de Puigdemont<\/a>\n<\/span><\/div>","aioseo_breadcrumb_json":[{"label":"Home","link":"https:\/\/www.eldigitaldeasturias.com\/noticias"},{"label":"Actualidad","link":"https:\/\/www.eldigitaldeasturias.com\/noticias\/category\/actualidad\/"},{"label":"Ecuador suspende las comunicaciones a Assange por hablar de Puigdemont","link":"https:\/\/www.eldigitaldeasturias.com\/noticias\/ecuador-suspende-las-comunicaciones-a-assange-por-hablar-de-puigdemont\/"}],"_links":{"self":[{"href":"https:\/\/www.eldigitaldeasturias.com\/noticias\/wp-json\/wp\/v2\/posts\/973900","targetHints":{"allow":["GET"]}}],"collection":[{"href":"https:\/\/www.eldigitaldeasturias.com\/noticias\/wp-json\/wp\/v2\/posts"}],"about":[{"href":"https:\/\/www.eldigitaldeasturias.com\/noticias\/wp-json\/wp\/v2\/types\/post"}],"author":[{"embeddable":true,"href":"https:\/\/www.eldigitaldeasturias.com\/noticias\/wp-json\/wp\/v2\/users\/1"}],"replies":[{"embeddable":true,"href":"https:\/\/www.eldigitaldeasturias.com\/noticias\/wp-json\/wp\/v2\/comments?post=973900"}],"version-history":[{"count":0,"href":"https:\/\/www.eldigitaldeasturias.com\/noticias\/wp-json\/wp\/v2\/posts\/973900\/revisions"}],"wp:attachment":[{"href":"https:\/\/www.eldigitaldeasturias.com\/noticias\/wp-json\/wp\/v2\/media?parent=973900"}],"wp:term":[{"taxonomy":"category","embeddable":true,"href":"https:\/\/www.eldigitaldeasturias.com\/noticias\/wp-json\/wp\/v2\/categories?post=973900"},{"taxonomy":"post_tag","embeddable":true,"href":"https:\/\/www.eldigitaldeasturias.com\/noticias\/wp-json\/wp\/v2\/tags?post=973900"}],"curies":[{"name":"wp","href":"https:\/\/api.w.org\/{rel}","templated":true}]}}