{"id":973898,"date":"2018-03-28T23:34:12","date_gmt":"2018-03-28T23:34:12","guid":{"rendered":"http:\/\/www.eldigitaldeasturias.com\/noticias\/?p=973898"},"modified":"2018-03-28T23:34:12","modified_gmt":"2018-03-28T23:34:12","slug":"ataque-a-lula-la-violencia-politica-dispara-las-alarmas-en-brasil","status":"publish","type":"post","link":"https:\/\/www.eldigitaldeasturias.com\/noticias\/ataque-a-lula-la-violencia-politica-dispara-las-alarmas-en-brasil\/","title":{"rendered":"Ataque a Lula: la violencia pol\u00edtica dispara las alarmas en Brasil"},"content":{"rendered":"<p><img loading=\"lazy\" decoding=\"async\" class=\"alignleft size-medium wp-image-868078\" src=\"https:\/\/www.eldigitaldeasturias.com\/noticias\/wp-content\/uploads\/2016\/03\/fotonoticia_20160321102713_800-360x240.jpg\" alt=\"\" width=\"360\" height=\"240\" \/>R\u00edo de Janeiro, 28 mar (dpa) &#8211; Un ataque con armas de fuego contra una comitiva en la que viajaba el ex presidente Luiz In\u00e1cio Lula da Silva dispar\u00f3 hoy el temor a la violencia pol\u00edtica en Brasil, en un incidente ocurrido pocos d\u00edas despu\u00e9s de que una popular concejala de R\u00edo de Janeiro fuera asesinada a tiros en la calle.<\/p>\n<p>El incidente en torno a Lula, favorito para las elecciones presidenciales de octubre y pese a ello quiz\u00e1 a punto de entrar en prisi\u00f3n, se sald\u00f3 sin mayores consecuencias, pero volvi\u00f3 a sacudir a un pa\u00eds a\u00fan conmocionado por el asesinato de la concejala Marielle Franco.<\/p>\n<p>Dos autobuses de la caravana proselitista de Lula fueron alcanzados en la noche del martes por hasta tres disparos mientras recorr\u00eda el sur de Brasil, una regi\u00f3n tradicionalmente conservadora en la que el mandatario izquierdista hizo frente a varias hostilidades en los \u00faltimos d\u00edas. Nadie result\u00f3 herido.<\/p>\n<p>\u00abLamento lo que ocurri\u00f3 con la caravana del ex presidente Lula\u00bb, dijo hoy el actual presidente, el conservador Michel Temer del Partido del Movimiento Democr\u00e1tico Brasile\u00f1o (PMDB). \u00abDesde que asum\u00ed el Gobierno vengo diciendo que necesitamos reunificar a los brasile\u00f1os\u00bb.<\/p>\n<p>El gobernador de Sao Paulo y l\u00edder del centrista PSDB, Geraldo Alckmin, tambi\u00e9n se mostr\u00f3 consternado, entre otros pol\u00edticos. \u00abToda forma de violencia tiene que ser condenada\u00bb, escribi\u00f3 Alckmin, que aspira tambi\u00e9n a ser candidato presidencial el 7 de octubre.<\/p>\n<p>\u00abEl papel de los hombres p\u00fablicos es pregonar la paz y la uni\u00f3n entre los brasile\u00f1os. El pa\u00eds est\u00e1 cansado de la divisi\u00f3n\u00bb, agreg\u00f3.<\/p>\n<p>Las palabras de Temer y Alckmin, aliados pol\u00edticos en este momento, parec\u00edan dirigidas al PT y Lula. El l\u00edder izquierdista calific\u00f3 lo ocurrido el martes en Paran\u00e1 como un \u00abataque fascista\u00bb.<\/p>\n<p>El PT utiliza desde hace meses una ret\u00f3rica que a muchos observadores les parece excesiva cuando habla de Temer y de los c\u00edrculos conservadores en el poder, a los que acusa de haber dado un \u00abgolpe\u00bb con la controvertida destituci\u00f3n de Dilma Rousseff en 2016.<\/p>\n<p>La ex presidenta y antigua l\u00edder del PT tild\u00f3 esta semana como \u00abfascistas\u00bb a sus adversarios pol\u00edticos y el martes record\u00f3 los tiempos de la dictadura militar (1964-1985) al hablar de los incidentes ocurridos durante el viaje de Lula por el sur de Brasil.<\/p>\n<p>El caso del ex jefe de Estado (2003-2010) divide profundamente a la sociedad brasile\u00f1a desde hace meses. Muchos votantes, sobre todo de las clases medias y altas, quieren ver al ex presidente entre rejas por sus esc\u00e1ndalos de corrupci\u00f3n.<\/p>\n<p>Al mismo tiempo, Lula es favorito en las actuales encuestas con un hasta un 36 por ciento de los apoyos. El porcentaje, eso s\u00ed, est\u00e1 muy lejos del 80 por ciento de popularidad con el ex jefe de Estado se despidi\u00f3 del cargo ocho a\u00f1os atr\u00e1s.<\/p>\n<p>Lula es el acusado m\u00e1s famoso de los esc\u00e1ndalos de \u00abLava Jato\u00bb (\u00abLavado de autos\u00bb), una causa que investiga desde 2014 un enorme entramado de corrupci\u00f3n pol\u00edtica en torno a la petrolera estatal Petrobras. El ex presidente fue condenado recientemente a 12 a\u00f1os y un mes de c\u00e1rcel y podr\u00eda entrar pronto a prisi\u00f3n.<\/p>\n<p>Para gran parte de los brasile\u00f1os, sin embargo, la polarizaci\u00f3n es tambi\u00e9n responsabilidad de Temer y de las fuerzas conservadoras por las maniobras con que sacaron a Rousseff del poder en 2016, acus\u00e1ndola de irregularidades habituales en otros Gobiernos.<\/p>\n<p>El descr\u00e9dito de la clase pol\u00edtica por esas intrigas y por los esc\u00e1ndalos de \u00abLava Jato\u00bb ha conducido tambi\u00e9n a que el segundo favorito para las presidenciales sea el radical de derechas Jair Bolsonaro, un ex militar al que muchos acusan de exacerbar verbalmente la violencia pol\u00edtica.<\/p>\n<p>Bolsonaro fue el \u00fanico pol\u00edtico que no conden\u00f3 con claridad lo ocurrido con Lula. \u00abQuiso transformar Brasil en un gallinero, ahora est\u00e1 por ah\u00ed recibiendo huevos por donde pasa\u00bb, dijo en alusi\u00f3n a los abucheos y ataques con huevos que sufri\u00f3 el ex presidente en el sur.<\/p>\n<p>Muchos actores p\u00fablicos le exigieron a Bolsonaro en vano que condenase lo ocurrido con Marielle Franco hace dos semanas, asesinada a tiros por desconocidos en la calle. La activista negra era una conocida cr\u00edtica de la violencia policial en las favelas.<\/p>\n<p>A los \u00faltimos incidentes se sum\u00f3 tambi\u00e9n una denuncia sobre amenazas de muerte hecha por el juez de la Corte Suprema Edson Fachin, responsable del caso \u00abLava Jato\u00bb en la m\u00e1xima corte del pa\u00eds.<\/p>\n<p>El Supremo orden\u00f3 el martes reforzar la seguridad del juez despu\u00e9s de que Fachin denunciara las amenazas en una entrevista televisiva. Brasil se sigue hundiendo en las turbulencias pol\u00edticas y en la incertidumbre de la cara a las elecciones de octubre.<\/p>\n<p>Por Isaac Risco (dpa)<\/p>\n","protected":false},"excerpt":{"rendered":"<p>R\u00edo de Janeiro, 28 mar (dpa) &#8211; Un ataque con armas de fuego contra una comitiva en la que viajaba el ex presidente Luiz In\u00e1cio Lula da Silva dispar\u00f3 hoy el temor a la violencia pol\u00edtica en Brasil, en un incidente ocurrido pocos d\u00edas despu\u00e9s de que una popular concejala de R\u00edo de Janeiro fuera [&hellip;]<\/p>\n","protected":false},"author":1,"featured_media":868078,"comment_status":"closed","ping_status":"closed","sticky":false,"template":"","format":"standard","meta":{"footnotes":""},"categories":[1],"tags":[],"class_list":["post-973898","post","type-post","status-publish","format-standard","has-post-thumbnail","hentry","category-actualidad"],"aioseo_notices":[],"aioseo_head":"\n\t\t<!-- All in One SEO Pro 5.0.1 - aioseo.com -->\n\t<meta name=\"description\" content=\"R\u00edo de Janeiro, 28 mar (dpa) - Un ataque con armas de fuego contra una comitiva en la que viajaba el ex presidente Luiz In\u00e1cio Lula da Silva dispar\u00f3 hoy el temor a la violencia pol\u00edtica en Brasil, en un incidente ocurrido pocos d\u00edas despu\u00e9s de que una popular concejala de R\u00edo de Janeiro fuera\" \/>\n\t<meta name=\"robots\" content=\"max-image-preview:large\" \/>\n\t<meta name=\"author\" content=\"El Digital de Asturias\"\/>\n\t<meta name=\"google-site-verification\" content=\"UA-38556648-1\" \/>\n\t<meta name=\"msvalidate.01\" content=\"7dfe9f3f1b24437ab69f4f2559babe99\" \/>\n\t<meta name=\"keywords\" content=\"actualidad\" \/>\n\t<link rel=\"canonical\" href=\"https:\/\/www.eldigitaldeasturias.com\/noticias\/ataque-a-lula-la-violencia-politica-dispara-las-alarmas-en-brasil\/\" \/>\n\t<meta name=\"generator\" content=\"All in One SEO Pro (AIOSEO) 5.0.1\" \/>\n\t\t<meta property=\"og:locale\" content=\"es_ES\" \/>\n\t\t<meta property=\"og:site_name\" content=\"El Digital de Asturias\" \/>\n\t\t<meta property=\"og:type\" content=\"article\" \/>\n\t\t<meta property=\"og:title\" content=\"Ataque a Lula: la violencia pol\u00edtica dispara las alarmas en Brasil - El Digital de Asturias\" \/>\n\t\t<meta property=\"og:description\" content=\"R\u00edo de Janeiro, 28 mar (dpa) - Un ataque con armas de fuego contra una comitiva en la que viajaba el ex presidente Luiz In\u00e1cio Lula da Silva dispar\u00f3 hoy el temor a la violencia pol\u00edtica en Brasil, en un incidente ocurrido pocos d\u00edas despu\u00e9s de que una popular concejala de R\u00edo de Janeiro fuera\" \/>\n\t\t<meta property=\"og:url\" content=\"https:\/\/www.eldigitaldeasturias.com\/noticias\/ataque-a-lula-la-violencia-politica-dispara-las-alarmas-en-brasil\/\" \/>\n\t\t<meta property=\"article:tag\" content=\"actualidad\" \/>\n\t\t<meta property=\"article:published_time\" content=\"2018-03-28T23:34:12+00:00\" \/>\n\t\t<meta property=\"article:modified_time\" content=\"2018-03-28T23:34:12+00:00\" \/>\n\t\t<meta property=\"article:publisher\" content=\"https:\/\/facebook.com\/eldigitaldeasturias\" \/>\n\t\t<meta name=\"twitter:card\" content=\"summary_large_image\" \/>\n\t\t<meta name=\"twitter:title\" content=\"Ataque a Lula: la violencia pol\u00edtica dispara las alarmas en Brasil - El Digital de Asturias\" \/>\n\t\t<meta name=\"twitter:description\" content=\"R\u00edo de Janeiro, 28 mar (dpa) - Un ataque con armas de fuego contra una comitiva en la que viajaba el ex presidente Luiz In\u00e1cio Lula da Silva dispar\u00f3 hoy el temor a la violencia pol\u00edtica en Brasil, en un incidente ocurrido pocos d\u00edas despu\u00e9s de que una popular concejala de R\u00edo de Janeiro fuera\" \/>\n\t\t<meta name=\"twitter:image\" content=\"https:\/\/www.eldigitaldeasturias.com\/noticias\/wp-content\/uploads\/2020\/12\/EDA-1.jpg\" \/>\n\t\t<meta name=\"twitter:label1\" content=\"Escrito por\" \/>\n\t\t<meta name=\"twitter:data1\" content=\"El Digital de Asturias\" \/>\n\t\t<meta name=\"twitter:label2\" content=\"Tiempo de lectura estimado\" \/>\n\t\t<meta name=\"twitter:data2\" content=\"4 minutos\" \/>\n\t\t<script type=\"application\/ld+json\" class=\"aioseo-schema\">\n\t\t\t{\"@context\":\"https:\\\/\\\/schema.org\",\"@graph\":[{\"@type\":\"BlogPosting\",\"@id\":\"https:\\\/\\\/www.eldigitaldeasturias.com\\\/noticias\\\/ataque-a-lula-la-violencia-politica-dispara-las-alarmas-en-brasil\\\/#blogposting\",\"name\":\"Ataque a Lula: la violencia pol\\u00edtica dispara las alarmas en Brasil - El Digital de Asturias\",\"headline\":\"Ataque a Lula: la violencia pol\\u00edtica dispara las alarmas en Brasil\",\"author\":{\"@id\":\"https:\\\/\\\/www.eldigitaldeasturias.com\\\/noticias\\\/author\\\/admin\\\/#author\"},\"publisher\":{\"@id\":\"https:\\\/\\\/www.eldigitaldeasturias.com\\\/noticias\\\/#organization\"},\"image\":{\"@type\":\"ImageObject\",\"url\":868078},\"datePublished\":\"2018-03-28T23:34:12+02:00\",\"dateModified\":\"2018-03-28T23:34:12+02:00\",\"inLanguage\":\"es-ES\",\"mainEntityOfPage\":{\"@id\":\"https:\\\/\\\/www.eldigitaldeasturias.com\\\/noticias\\\/ataque-a-lula-la-violencia-politica-dispara-las-alarmas-en-brasil\\\/#webpage\"},\"isPartOf\":{\"@id\":\"https:\\\/\\\/www.eldigitaldeasturias.com\\\/noticias\\\/ataque-a-lula-la-violencia-politica-dispara-las-alarmas-en-brasil\\\/#webpage\"},\"articleSection\":\"Actualidad\"},{\"@type\":\"BreadcrumbList\",\"@id\":\"https:\\\/\\\/www.eldigitaldeasturias.com\\\/noticias\\\/ataque-a-lula-la-violencia-politica-dispara-las-alarmas-en-brasil\\\/#breadcrumblist\",\"itemListElement\":[{\"@type\":\"ListItem\",\"@id\":\"https:\\\/\\\/www.eldigitaldeasturias.com\\\/noticias#listItem\",\"position\":1,\"name\":\"Home\",\"item\":\"https:\\\/\\\/www.eldigitaldeasturias.com\\\/noticias\",\"nextItem\":{\"@type\":\"ListItem\",\"@id\":\"https:\\\/\\\/www.eldigitaldeasturias.com\\\/noticias\\\/category\\\/actualidad\\\/#listItem\",\"name\":\"Actualidad\"}},{\"@type\":\"ListItem\",\"@id\":\"https:\\\/\\\/www.eldigitaldeasturias.com\\\/noticias\\\/category\\\/actualidad\\\/#listItem\",\"position\":2,\"name\":\"Actualidad\",\"item\":\"https:\\\/\\\/www.eldigitaldeasturias.com\\\/noticias\\\/category\\\/actualidad\\\/\",\"nextItem\":{\"@type\":\"ListItem\",\"@id\":\"https:\\\/\\\/www.eldigitaldeasturias.com\\\/noticias\\\/ataque-a-lula-la-violencia-politica-dispara-las-alarmas-en-brasil\\\/#listItem\",\"name\":\"Ataque a Lula: la violencia pol\\u00edtica dispara las alarmas en Brasil\"},\"previousItem\":{\"@type\":\"ListItem\",\"@id\":\"https:\\\/\\\/www.eldigitaldeasturias.com\\\/noticias#listItem\",\"name\":\"Home\"}},{\"@type\":\"ListItem\",\"@id\":\"https:\\\/\\\/www.eldigitaldeasturias.com\\\/noticias\\\/ataque-a-lula-la-violencia-politica-dispara-las-alarmas-en-brasil\\\/#listItem\",\"position\":3,\"name\":\"Ataque a Lula: la violencia pol\\u00edtica dispara las alarmas en Brasil\",\"previousItem\":{\"@type\":\"ListItem\",\"@id\":\"https:\\\/\\\/www.eldigitaldeasturias.com\\\/noticias\\\/category\\\/actualidad\\\/#listItem\",\"name\":\"Actualidad\"}}]},{\"@type\":\"Organization\",\"@id\":\"https:\\\/\\\/www.eldigitaldeasturias.com\\\/noticias\\\/#organization\",\"name\":\"El Digital de Asturias\",\"description\":\"Hemeroteca\",\"url\":\"https:\\\/\\\/www.eldigitaldeasturias.com\\\/noticias\\\/\",\"email\":\"info@eldigitaldeasturias.com\",\"telephone\":\"+34652131393\",\"logo\":{\"@type\":\"ImageObject\",\"url\":\"https:\\\/\\\/www.eldigitaldeasturias.com\\\/noticias\\\/wp-content\\\/uploads\\\/2020\\\/12\\\/EDA.jpg\",\"@id\":\"https:\\\/\\\/www.eldigitaldeasturias.com\\\/noticias\\\/ataque-a-lula-la-violencia-politica-dispara-las-alarmas-en-brasil\\\/#organizationLogo\"},\"image\":{\"@id\":\"https:\\\/\\\/www.eldigitaldeasturias.com\\\/noticias\\\/ataque-a-lula-la-violencia-politica-dispara-las-alarmas-en-brasil\\\/#organizationLogo\"},\"sameAs\":[\"https:\\\/\\\/facebook.com\\\/eldigitaldeasturias\",\"https:\\\/\\\/www.youtube.com\\\/channel\\\/UCZP-2wLEB9Rv6erhFmqVnvg\"],\"address\":{\"@id\":\"https:\\\/\\\/www.eldigitaldeasturias.com\\\/noticias\\\/#postaladdress\",\"@type\":\"PostalAddress\",\"streetAddress\":\"san antonio 4\",\"postalCode\":\"33430\",\"addressLocality\":\"Cand\\u00e1s\",\"addressRegion\":\"Asturias\",\"addressCountry\":\"ES\"}},{\"@type\":\"Person\",\"@id\":\"https:\\\/\\\/www.eldigitaldeasturias.com\\\/noticias\\\/author\\\/admin\\\/#author\",\"url\":\"https:\\\/\\\/www.eldigitaldeasturias.com\\\/noticias\\\/author\\\/admin\\\/\",\"name\":\"El Digital de Asturias\",\"image\":{\"@type\":\"ImageObject\",\"@id\":\"https:\\\/\\\/www.eldigitaldeasturias.com\\\/noticias\\\/ataque-a-lula-la-violencia-politica-dispara-las-alarmas-en-brasil\\\/#authorImage\",\"url\":\"https:\\\/\\\/secure.gravatar.com\\\/avatar\\\/df2aeffc32bcd13f8d26072ef8a91b623d677766deac7f97ca815868cd41bf5e?s=96&d=mm&r=g\",\"width\":96,\"height\":96,\"caption\":\"El Digital de Asturias\"}},{\"@type\":\"WebPage\",\"@id\":\"https:\\\/\\\/www.eldigitaldeasturias.com\\\/noticias\\\/ataque-a-lula-la-violencia-politica-dispara-las-alarmas-en-brasil\\\/#webpage\",\"url\":\"https:\\\/\\\/www.eldigitaldeasturias.com\\\/noticias\\\/ataque-a-lula-la-violencia-politica-dispara-las-alarmas-en-brasil\\\/\",\"name\":\"Ataque a Lula: la violencia pol\\u00edtica dispara las alarmas en Brasil - El Digital de Asturias\",\"description\":\"R\\u00edo de Janeiro, 28 mar (dpa) - Un ataque con armas de fuego contra una comitiva en la que viajaba el ex presidente Luiz In\\u00e1cio Lula da Silva dispar\\u00f3 hoy el temor a la violencia pol\\u00edtica en Brasil, en un incidente ocurrido pocos d\\u00edas despu\\u00e9s de que una popular concejala de R\\u00edo de Janeiro fuera\",\"inLanguage\":\"es-ES\",\"isPartOf\":{\"@id\":\"https:\\\/\\\/www.eldigitaldeasturias.com\\\/noticias\\\/#website\"},\"breadcrumb\":{\"@id\":\"https:\\\/\\\/www.eldigitaldeasturias.com\\\/noticias\\\/ataque-a-lula-la-violencia-politica-dispara-las-alarmas-en-brasil\\\/#breadcrumblist\"},\"author\":{\"@id\":\"https:\\\/\\\/www.eldigitaldeasturias.com\\\/noticias\\\/author\\\/admin\\\/#author\"},\"creator\":{\"@id\":\"https:\\\/\\\/www.eldigitaldeasturias.com\\\/noticias\\\/author\\\/admin\\\/#author\"},\"image\":{\"@type\":\"ImageObject\",\"url\":868078,\"@id\":\"https:\\\/\\\/www.eldigitaldeasturias.com\\\/noticias\\\/ataque-a-lula-la-violencia-politica-dispara-las-alarmas-en-brasil\\\/#mainImage\"},\"primaryImageOfPage\":{\"@id\":\"https:\\\/\\\/www.eldigitaldeasturias.com\\\/noticias\\\/ataque-a-lula-la-violencia-politica-dispara-las-alarmas-en-brasil\\\/#mainImage\"},\"datePublished\":\"2018-03-28T23:34:12+02:00\",\"dateModified\":\"2018-03-28T23:34:12+02:00\"},{\"@type\":\"WebSite\",\"@id\":\"https:\\\/\\\/www.eldigitaldeasturias.com\\\/noticias\\\/#website\",\"url\":\"https:\\\/\\\/www.eldigitaldeasturias.com\\\/noticias\\\/\",\"name\":\"El Digital de Asturias - Diario de actualidad y noticias\",\"alternateName\":\"El Digital de Asturias - Diario de actualidad y noticias\",\"description\":\"Hemeroteca\",\"inLanguage\":\"es-ES\",\"publisher\":{\"@id\":\"https:\\\/\\\/www.eldigitaldeasturias.com\\\/noticias\\\/#organization\"}}]}\n\t\t<\/script>\n\t\t<!-- All in One SEO Pro -->\r\n\t\t<title>Ataque a Lula: la violencia pol\u00edtica dispara las alarmas en Brasil - El Digital de Asturias<\/title>\n\n","aioseo_head_json":{"title":"Ataque a Lula: la violencia pol\u00edtica dispara las alarmas en Brasil - El Digital de Asturias","description":"R\u00edo de Janeiro, 28 mar (dpa) - Un ataque con armas de fuego contra una comitiva en la que viajaba el ex presidente Luiz In\u00e1cio Lula da Silva dispar\u00f3 hoy el temor a la violencia pol\u00edtica en Brasil, en un incidente ocurrido pocos d\u00edas despu\u00e9s de que una popular concejala de R\u00edo de Janeiro fuera","canonical_url":"https:\/\/www.eldigitaldeasturias.com\/noticias\/ataque-a-lula-la-violencia-politica-dispara-las-alarmas-en-brasil\/","robots":"max-image-preview:large","keywords":"actualidad","webmasterTools":{"google-site-verification":"UA-38556648-1","msvalidate.01":"7dfe9f3f1b24437ab69f4f2559babe99","miscellaneous":""},"schema":{"@context":"https:\/\/schema.org","@graph":[{"@type":"BlogPosting","@id":"https:\/\/www.eldigitaldeasturias.com\/noticias\/ataque-a-lula-la-violencia-politica-dispara-las-alarmas-en-brasil\/#blogposting","name":"Ataque a Lula: la violencia pol\u00edtica dispara las alarmas en Brasil - El Digital de Asturias","headline":"Ataque a Lula: la violencia pol\u00edtica dispara las alarmas en Brasil","author":{"@id":"https:\/\/www.eldigitaldeasturias.com\/noticias\/author\/admin\/#author"},"publisher":{"@id":"https:\/\/www.eldigitaldeasturias.com\/noticias\/#organization"},"image":{"@type":"ImageObject","url":868078},"datePublished":"2018-03-28T23:34:12+02:00","dateModified":"2018-03-28T23:34:12+02:00","inLanguage":"es-ES","mainEntityOfPage":{"@id":"https:\/\/www.eldigitaldeasturias.com\/noticias\/ataque-a-lula-la-violencia-politica-dispara-las-alarmas-en-brasil\/#webpage"},"isPartOf":{"@id":"https:\/\/www.eldigitaldeasturias.com\/noticias\/ataque-a-lula-la-violencia-politica-dispara-las-alarmas-en-brasil\/#webpage"},"articleSection":"Actualidad"},{"@type":"BreadcrumbList","@id":"https:\/\/www.eldigitaldeasturias.com\/noticias\/ataque-a-lula-la-violencia-politica-dispara-las-alarmas-en-brasil\/#breadcrumblist","itemListElement":[{"@type":"ListItem","@id":"https:\/\/www.eldigitaldeasturias.com\/noticias#listItem","position":1,"name":"Home","item":"https:\/\/www.eldigitaldeasturias.com\/noticias","nextItem":{"@type":"ListItem","@id":"https:\/\/www.eldigitaldeasturias.com\/noticias\/category\/actualidad\/#listItem","name":"Actualidad"}},{"@type":"ListItem","@id":"https:\/\/www.eldigitaldeasturias.com\/noticias\/category\/actualidad\/#listItem","position":2,"name":"Actualidad","item":"https:\/\/www.eldigitaldeasturias.com\/noticias\/category\/actualidad\/","nextItem":{"@type":"ListItem","@id":"https:\/\/www.eldigitaldeasturias.com\/noticias\/ataque-a-lula-la-violencia-politica-dispara-las-alarmas-en-brasil\/#listItem","name":"Ataque a Lula: la violencia pol\u00edtica dispara las alarmas en Brasil"},"previousItem":{"@type":"ListItem","@id":"https:\/\/www.eldigitaldeasturias.com\/noticias#listItem","name":"Home"}},{"@type":"ListItem","@id":"https:\/\/www.eldigitaldeasturias.com\/noticias\/ataque-a-lula-la-violencia-politica-dispara-las-alarmas-en-brasil\/#listItem","position":3,"name":"Ataque a Lula: la violencia pol\u00edtica dispara las alarmas en Brasil","previousItem":{"@type":"ListItem","@id":"https:\/\/www.eldigitaldeasturias.com\/noticias\/category\/actualidad\/#listItem","name":"Actualidad"}}]},{"@type":"Organization","@id":"https:\/\/www.eldigitaldeasturias.com\/noticias\/#organization","name":"El Digital de Asturias","description":"Hemeroteca","url":"https:\/\/www.eldigitaldeasturias.com\/noticias\/","email":"info@eldigitaldeasturias.com","telephone":"+34652131393","logo":{"@type":"ImageObject","url":"https:\/\/www.eldigitaldeasturias.com\/noticias\/wp-content\/uploads\/2020\/12\/EDA.jpg","@id":"https:\/\/www.eldigitaldeasturias.com\/noticias\/ataque-a-lula-la-violencia-politica-dispara-las-alarmas-en-brasil\/#organizationLogo"},"image":{"@id":"https:\/\/www.eldigitaldeasturias.com\/noticias\/ataque-a-lula-la-violencia-politica-dispara-las-alarmas-en-brasil\/#organizationLogo"},"sameAs":["https:\/\/facebook.com\/eldigitaldeasturias","https:\/\/www.youtube.com\/channel\/UCZP-2wLEB9Rv6erhFmqVnvg"],"address":{"@id":"https:\/\/www.eldigitaldeasturias.com\/noticias\/#postaladdress","@type":"PostalAddress","streetAddress":"san antonio 4","postalCode":"33430","addressLocality":"Cand\u00e1s","addressRegion":"Asturias","addressCountry":"ES"}},{"@type":"Person","@id":"https:\/\/www.eldigitaldeasturias.com\/noticias\/author\/admin\/#author","url":"https:\/\/www.eldigitaldeasturias.com\/noticias\/author\/admin\/","name":"El Digital de Asturias","image":{"@type":"ImageObject","@id":"https:\/\/www.eldigitaldeasturias.com\/noticias\/ataque-a-lula-la-violencia-politica-dispara-las-alarmas-en-brasil\/#authorImage","url":"https:\/\/secure.gravatar.com\/avatar\/df2aeffc32bcd13f8d26072ef8a91b623d677766deac7f97ca815868cd41bf5e?s=96&d=mm&r=g","width":96,"height":96,"caption":"El Digital de Asturias"}},{"@type":"WebPage","@id":"https:\/\/www.eldigitaldeasturias.com\/noticias\/ataque-a-lula-la-violencia-politica-dispara-las-alarmas-en-brasil\/#webpage","url":"https:\/\/www.eldigitaldeasturias.com\/noticias\/ataque-a-lula-la-violencia-politica-dispara-las-alarmas-en-brasil\/","name":"Ataque a Lula: la violencia pol\u00edtica dispara las alarmas en Brasil - El Digital de Asturias","description":"R\u00edo de Janeiro, 28 mar (dpa) - Un ataque con armas de fuego contra una comitiva en la que viajaba el ex presidente Luiz In\u00e1cio Lula da Silva dispar\u00f3 hoy el temor a la violencia pol\u00edtica en Brasil, en un incidente ocurrido pocos d\u00edas despu\u00e9s de que una popular concejala de R\u00edo de Janeiro fuera","inLanguage":"es-ES","isPartOf":{"@id":"https:\/\/www.eldigitaldeasturias.com\/noticias\/#website"},"breadcrumb":{"@id":"https:\/\/www.eldigitaldeasturias.com\/noticias\/ataque-a-lula-la-violencia-politica-dispara-las-alarmas-en-brasil\/#breadcrumblist"},"author":{"@id":"https:\/\/www.eldigitaldeasturias.com\/noticias\/author\/admin\/#author"},"creator":{"@id":"https:\/\/www.eldigitaldeasturias.com\/noticias\/author\/admin\/#author"},"image":{"@type":"ImageObject","url":868078,"@id":"https:\/\/www.eldigitaldeasturias.com\/noticias\/ataque-a-lula-la-violencia-politica-dispara-las-alarmas-en-brasil\/#mainImage"},"primaryImageOfPage":{"@id":"https:\/\/www.eldigitaldeasturias.com\/noticias\/ataque-a-lula-la-violencia-politica-dispara-las-alarmas-en-brasil\/#mainImage"},"datePublished":"2018-03-28T23:34:12+02:00","dateModified":"2018-03-28T23:34:12+02:00"},{"@type":"WebSite","@id":"https:\/\/www.eldigitaldeasturias.com\/noticias\/#website","url":"https:\/\/www.eldigitaldeasturias.com\/noticias\/","name":"El Digital de Asturias - Diario de actualidad y noticias","alternateName":"El Digital de Asturias - Diario de actualidad y noticias","description":"Hemeroteca","inLanguage":"es-ES","publisher":{"@id":"https:\/\/www.eldigitaldeasturias.com\/noticias\/#organization"}}]},"og:locale":"es_ES","og:site_name":"El Digital de Asturias","og:type":"article","og:title":"Ataque a Lula: la violencia pol\u00edtica dispara las alarmas en Brasil - El Digital de Asturias","og:description":"R\u00edo de Janeiro, 28 mar (dpa) - Un ataque con armas de fuego contra una comitiva en la que viajaba el ex presidente Luiz In\u00e1cio Lula da Silva dispar\u00f3 hoy el temor a la violencia pol\u00edtica en Brasil, en un incidente ocurrido pocos d\u00edas despu\u00e9s de que una popular concejala de R\u00edo de Janeiro fuera","og:url":"https:\/\/www.eldigitaldeasturias.com\/noticias\/ataque-a-lula-la-violencia-politica-dispara-las-alarmas-en-brasil\/","article:tag":["actualidad"],"article:published_time":"2018-03-28T23:34:12+00:00","article:modified_time":"2018-03-28T23:34:12+00:00","article:publisher":"https:\/\/facebook.com\/eldigitaldeasturias","twitter:card":"summary_large_image","twitter:title":"Ataque a Lula: la violencia pol\u00edtica dispara las alarmas en Brasil - El Digital de Asturias","twitter:description":"R\u00edo de Janeiro, 28 mar (dpa) - Un ataque con armas de fuego contra una comitiva en la que viajaba el ex presidente Luiz In\u00e1cio Lula da Silva dispar\u00f3 hoy el temor a la violencia pol\u00edtica en Brasil, en un incidente ocurrido pocos d\u00edas despu\u00e9s de que una popular concejala de R\u00edo de Janeiro fuera","twitter:image":"https:\/\/www.eldigitaldeasturias.com\/noticias\/wp-content\/uploads\/2020\/12\/EDA-1.jpg","twitter:label1":"Escrito por","twitter:data1":"El Digital de Asturias","twitter:label2":"Tiempo de lectura estimado","twitter:data2":"4 minutos"},"aioseo_meta_data":{"post_id":"973898","title":null,"description":null,"keywords":null,"keyphrases":null,"primary_term":null,"canonical_url":null,"og_title":null,"og_description":null,"og_object_type":"default","og_image_type":"default","og_image_url":null,"og_image_width":null,"og_image_height":null,"og_image_custom_url":null,"og_image_custom_fields":null,"og_video":null,"og_custom_url":null,"og_article_section":null,"og_article_tags":null,"twitter_use_og":false,"twitter_card":"default","twitter_image_type":"default","twitter_image_url":null,"twitter_image_custom_url":null,"twitter_image_custom_fields":null,"twitter_title":null,"twitter_description":null,"schema":{"blockGraphs":[],"customGraphs":[],"default":{"data":{"Article":[],"Course":[],"Dataset":[],"FAQPage":[],"Movie":[],"Person":[],"Product":[],"ProductReview":[],"Car":[],"Recipe":[],"Service":[],"SoftwareApplication":[],"WebPage":[]},"graphName":"","isEnabled":true},"graphs":[],"defaultGraph":"","defaultPostTypeGraph":""},"schema_type":null,"schema_type_options":null,"pillar_content":false,"robots_default":true,"robots_noindex":false,"robots_noarchive":false,"robots_nosnippet":false,"robots_nofollow":false,"robots_noimageindex":false,"robots_noodp":false,"robots_notranslate":false,"robots_max_snippet":null,"robots_max_videopreview":null,"robots_max_imagepreview":"large","priority":null,"frequency":null,"local_seo":null,"seo_analyzer_scan_date":"2025-10-07 18:17:05","breadcrumb_settings":null,"limit_modified_date":false,"open_ai":null,"ai":null,"created":"2020-12-21 12:15:36","updated":"2025-10-07 18:17:05","focus_keyword":null,"additional_keywords":null,"truseo_locale":null},"aioseo_breadcrumb":"<div class=\"aioseo-breadcrumbs\"><span class=\"aioseo-breadcrumb\">\n\t<a href=\"https:\/\/www.eldigitaldeasturias.com\/noticias\" title=\"Home\">Home<\/a>\n<\/span><span class=\"aioseo-breadcrumb-separator\">\u2013<\/span><span class=\"aioseo-breadcrumb\">\n\t<a href=\"https:\/\/www.eldigitaldeasturias.com\/noticias\/category\/actualidad\/\" title=\"Actualidad\">Actualidad<\/a>\n<\/span><span class=\"aioseo-breadcrumb-separator\">\u2013<\/span><span class=\"aioseo-breadcrumb\">\n\t<a href=\"https:\/\/www.eldigitaldeasturias.com\/noticias\/ataque-a-lula-la-violencia-politica-dispara-las-alarmas-en-brasil\/\" title=\"Ataque a Lula: la violencia pol\u00edtica dispara las alarmas en Brasil\">Ataque a Lula: la violencia pol\u00edtica dispara las alarmas en Brasil<\/a>\n<\/span><\/div>","aioseo_breadcrumb_json":[{"label":"Home","link":"https:\/\/www.eldigitaldeasturias.com\/noticias"},{"label":"Actualidad","link":"https:\/\/www.eldigitaldeasturias.com\/noticias\/category\/actualidad\/"},{"label":"Ataque a Lula: la violencia pol\u00edtica dispara las alarmas en Brasil","link":"https:\/\/www.eldigitaldeasturias.com\/noticias\/ataque-a-lula-la-violencia-politica-dispara-las-alarmas-en-brasil\/"}],"_links":{"self":[{"href":"https:\/\/www.eldigitaldeasturias.com\/noticias\/wp-json\/wp\/v2\/posts\/973898","targetHints":{"allow":["GET"]}}],"collection":[{"href":"https:\/\/www.eldigitaldeasturias.com\/noticias\/wp-json\/wp\/v2\/posts"}],"about":[{"href":"https:\/\/www.eldigitaldeasturias.com\/noticias\/wp-json\/wp\/v2\/types\/post"}],"author":[{"embeddable":true,"href":"https:\/\/www.eldigitaldeasturias.com\/noticias\/wp-json\/wp\/v2\/users\/1"}],"replies":[{"embeddable":true,"href":"https:\/\/www.eldigitaldeasturias.com\/noticias\/wp-json\/wp\/v2\/comments?post=973898"}],"version-history":[{"count":0,"href":"https:\/\/www.eldigitaldeasturias.com\/noticias\/wp-json\/wp\/v2\/posts\/973898\/revisions"}],"wp:attachment":[{"href":"https:\/\/www.eldigitaldeasturias.com\/noticias\/wp-json\/wp\/v2\/media?parent=973898"}],"wp:term":[{"taxonomy":"category","embeddable":true,"href":"https:\/\/www.eldigitaldeasturias.com\/noticias\/wp-json\/wp\/v2\/categories?post=973898"},{"taxonomy":"post_tag","embeddable":true,"href":"https:\/\/www.eldigitaldeasturias.com\/noticias\/wp-json\/wp\/v2\/tags?post=973898"}],"curies":[{"name":"wp","href":"https:\/\/api.w.org\/{rel}","templated":true}]}}