{"id":973896,"date":"2018-03-28T23:31:32","date_gmt":"2018-03-28T23:31:32","guid":{"rendered":"http:\/\/www.eldigitaldeasturias.com\/noticias\/?p=973896"},"modified":"2018-03-28T23:31:32","modified_gmt":"2018-03-28T23:31:32","slug":"pablo-iglesias-se-reune-con-cristina-fernandez-de-kirchner","status":"publish","type":"post","link":"https:\/\/www.eldigitaldeasturias.com\/noticias\/pablo-iglesias-se-reune-con-cristina-fernandez-de-kirchner\/","title":{"rendered":"Pablo Iglesias se re\u00fane con Cristina Fern\u00e1ndez de Kirchner"},"content":{"rendered":"<p><img loading=\"lazy\" decoding=\"async\" class=\"alignleft size-medium wp-image-879701\" src=\"https:\/\/www.eldigitaldeasturias.com\/noticias\/wp-content\/uploads\/2016\/05\/Cristina-360x198.jpg\" alt=\"\" width=\"360\" height=\"198\" \/>Buenos Aires, 28 mar (dpa) &#8211; El l\u00edder del partido de izquierda espa\u00f1ol Podemos, Pablo Iglesias, culmin\u00f3 hoy una visita a Argentina, donde tuvo reuniones con diferentes dirigentes pol\u00edticos de la oposici\u00f3n, entre ellos la ex presidenta Cristina Fern\u00e1ndez de Kirchner (2007-2015).<\/p>\n<p>Iglesias y Kirchner se encontraron en la residencia que la ex jefa de Estado tiene en la patag\u00f3nica villa tur\u00edstica de El Calafate, en la provincia de Santa Cruz, a unos 2.000 kil\u00f3metros al suroeste de Buenos Aires.<\/p>\n<p>El pol\u00edtico y diputado espa\u00f1ol recibi\u00f3 durante su estad\u00eda en Argentina tres distinciones de universidades y particip\u00f3 el s\u00e1bado de la masiva movilizaci\u00f3n por el D\u00eda de la Memoria, al conmemorarse 42 a\u00f1os del inicio de la \u00faltima dictadura militar que gobern\u00f3 Argentina entre 1976 y 1983.<\/p>\n<p>Iglesias fue galardonado en la Facultad de Periodismo de la Universidad Nacional de La Plata con el premio Rodolfo Walsh, que en ocasiones anteriores tambi\u00e9n recibieron el presidente de Bolivia, Evo Morales, y los ex mandatarios Rafael Correa (Ecuador), Hugo Ch\u00e1vez (Venezuela), Dilma Rousseff (Brasil) y Fern\u00e1ndez de Kirchner.<\/p>\n<p>All\u00ed, en un discurso, asegur\u00f3 que \u00ablos procesos de emancipaci\u00f3n latinoamericanos son un ejemplo de dignidad y lucha para todo el mundo\u00bb.<\/p>\n","protected":false},"excerpt":{"rendered":"<p>Buenos Aires, 28 mar (dpa) &#8211; El l\u00edder del partido de izquierda espa\u00f1ol Podemos, Pablo Iglesias, culmin\u00f3 hoy una visita a Argentina, donde tuvo reuniones con diferentes dirigentes pol\u00edticos de la oposici\u00f3n, entre ellos la ex presidenta Cristina Fern\u00e1ndez de Kirchner (2007-2015). Iglesias y Kirchner se encontraron en la residencia que la ex jefa de [&hellip;]<\/p>\n","protected":false},"author":1,"featured_media":879701,"comment_status":"closed","ping_status":"closed","sticky":false,"template":"","format":"standard","meta":{"footnotes":""},"categories":[1],"tags":[],"class_list":["post-973896","post","type-post","status-publish","format-standard","has-post-thumbnail","hentry","category-actualidad"],"aioseo_notices":[],"aioseo_head":"\n\t\t<!-- All in One SEO Pro 5.0.1 - aioseo.com -->\n\t<meta name=\"description\" content=\"Buenos Aires, 28 mar (dpa) - El l\u00edder del partido de izquierda espa\u00f1ol Podemos, Pablo Iglesias, culmin\u00f3 hoy una visita a Argentina, donde tuvo reuniones con diferentes dirigentes pol\u00edticos de la oposici\u00f3n, entre ellos la ex presidenta Cristina Fern\u00e1ndez de Kirchner (2007-2015). Iglesias y Kirchner se encontraron en la residencia que la ex jefa de\" \/>\n\t<meta name=\"robots\" content=\"max-image-preview:large\" \/>\n\t<meta name=\"author\" content=\"El Digital de Asturias\"\/>\n\t<meta name=\"google-site-verification\" content=\"UA-38556648-1\" \/>\n\t<meta name=\"msvalidate.01\" content=\"7dfe9f3f1b24437ab69f4f2559babe99\" \/>\n\t<meta name=\"keywords\" content=\"actualidad\" \/>\n\t<link rel=\"canonical\" href=\"https:\/\/www.eldigitaldeasturias.com\/noticias\/pablo-iglesias-se-reune-con-cristina-fernandez-de-kirchner\/\" \/>\n\t<meta name=\"generator\" content=\"All in One SEO Pro (AIOSEO) 5.0.1\" \/>\n\t\t<meta property=\"og:locale\" content=\"es_ES\" \/>\n\t\t<meta property=\"og:site_name\" content=\"El Digital de Asturias\" \/>\n\t\t<meta property=\"og:type\" content=\"article\" \/>\n\t\t<meta property=\"og:title\" content=\"Pablo Iglesias se re\u00fane con Cristina Fern\u00e1ndez de Kirchner - El Digital de Asturias\" \/>\n\t\t<meta property=\"og:description\" content=\"Buenos Aires, 28 mar (dpa) - El l\u00edder del partido de izquierda espa\u00f1ol Podemos, Pablo Iglesias, culmin\u00f3 hoy una visita a Argentina, donde tuvo reuniones con diferentes dirigentes pol\u00edticos de la oposici\u00f3n, entre ellos la ex presidenta Cristina Fern\u00e1ndez de Kirchner (2007-2015). Iglesias y Kirchner se encontraron en la residencia que la ex jefa de\" \/>\n\t\t<meta property=\"og:url\" content=\"https:\/\/www.eldigitaldeasturias.com\/noticias\/pablo-iglesias-se-reune-con-cristina-fernandez-de-kirchner\/\" \/>\n\t\t<meta property=\"article:tag\" content=\"actualidad\" \/>\n\t\t<meta property=\"article:published_time\" content=\"2018-03-28T23:31:32+00:00\" \/>\n\t\t<meta property=\"article:modified_time\" content=\"2018-03-28T23:31:32+00:00\" \/>\n\t\t<meta property=\"article:publisher\" content=\"https:\/\/facebook.com\/eldigitaldeasturias\" \/>\n\t\t<meta name=\"twitter:card\" content=\"summary_large_image\" \/>\n\t\t<meta name=\"twitter:title\" content=\"Pablo Iglesias se re\u00fane con Cristina Fern\u00e1ndez de Kirchner - El Digital de Asturias\" \/>\n\t\t<meta name=\"twitter:description\" content=\"Buenos Aires, 28 mar (dpa) - El l\u00edder del partido de izquierda espa\u00f1ol Podemos, Pablo Iglesias, culmin\u00f3 hoy una visita a Argentina, donde tuvo reuniones con diferentes dirigentes pol\u00edticos de la oposici\u00f3n, entre ellos la ex presidenta Cristina Fern\u00e1ndez de Kirchner (2007-2015). Iglesias y Kirchner se encontraron en la residencia que la ex jefa de\" \/>\n\t\t<meta name=\"twitter:image\" content=\"https:\/\/www.eldigitaldeasturias.com\/noticias\/wp-content\/uploads\/2020\/12\/EDA-1.jpg\" \/>\n\t\t<meta name=\"twitter:label1\" content=\"Escrito por\" \/>\n\t\t<meta name=\"twitter:data1\" content=\"El Digital de Asturias\" \/>\n\t\t<meta name=\"twitter:label2\" content=\"Tiempo de lectura estimado\" \/>\n\t\t<meta name=\"twitter:data2\" content=\"1 minuto\" \/>\n\t\t<script type=\"application\/ld+json\" class=\"aioseo-schema\">\n\t\t\t{\"@context\":\"https:\\\/\\\/schema.org\",\"@graph\":[{\"@type\":\"BlogPosting\",\"@id\":\"https:\\\/\\\/www.eldigitaldeasturias.com\\\/noticias\\\/pablo-iglesias-se-reune-con-cristina-fernandez-de-kirchner\\\/#blogposting\",\"name\":\"Pablo Iglesias se re\\u00fane con Cristina Fern\\u00e1ndez de Kirchner - El Digital de Asturias\",\"headline\":\"Pablo Iglesias se re\\u00fane con Cristina Fern\\u00e1ndez de Kirchner\",\"author\":{\"@id\":\"https:\\\/\\\/www.eldigitaldeasturias.com\\\/noticias\\\/author\\\/admin\\\/#author\"},\"publisher\":{\"@id\":\"https:\\\/\\\/www.eldigitaldeasturias.com\\\/noticias\\\/#organization\"},\"image\":{\"@type\":\"ImageObject\",\"url\":879701},\"datePublished\":\"2018-03-28T23:31:32+02:00\",\"dateModified\":\"2018-03-28T23:31:32+02:00\",\"inLanguage\":\"es-ES\",\"mainEntityOfPage\":{\"@id\":\"https:\\\/\\\/www.eldigitaldeasturias.com\\\/noticias\\\/pablo-iglesias-se-reune-con-cristina-fernandez-de-kirchner\\\/#webpage\"},\"isPartOf\":{\"@id\":\"https:\\\/\\\/www.eldigitaldeasturias.com\\\/noticias\\\/pablo-iglesias-se-reune-con-cristina-fernandez-de-kirchner\\\/#webpage\"},\"articleSection\":\"Actualidad\"},{\"@type\":\"BreadcrumbList\",\"@id\":\"https:\\\/\\\/www.eldigitaldeasturias.com\\\/noticias\\\/pablo-iglesias-se-reune-con-cristina-fernandez-de-kirchner\\\/#breadcrumblist\",\"itemListElement\":[{\"@type\":\"ListItem\",\"@id\":\"https:\\\/\\\/www.eldigitaldeasturias.com\\\/noticias#listItem\",\"position\":1,\"name\":\"Home\",\"item\":\"https:\\\/\\\/www.eldigitaldeasturias.com\\\/noticias\",\"nextItem\":{\"@type\":\"ListItem\",\"@id\":\"https:\\\/\\\/www.eldigitaldeasturias.com\\\/noticias\\\/category\\\/actualidad\\\/#listItem\",\"name\":\"Actualidad\"}},{\"@type\":\"ListItem\",\"@id\":\"https:\\\/\\\/www.eldigitaldeasturias.com\\\/noticias\\\/category\\\/actualidad\\\/#listItem\",\"position\":2,\"name\":\"Actualidad\",\"item\":\"https:\\\/\\\/www.eldigitaldeasturias.com\\\/noticias\\\/category\\\/actualidad\\\/\",\"nextItem\":{\"@type\":\"ListItem\",\"@id\":\"https:\\\/\\\/www.eldigitaldeasturias.com\\\/noticias\\\/pablo-iglesias-se-reune-con-cristina-fernandez-de-kirchner\\\/#listItem\",\"name\":\"Pablo Iglesias se re\\u00fane con Cristina Fern\\u00e1ndez de Kirchner\"},\"previousItem\":{\"@type\":\"ListItem\",\"@id\":\"https:\\\/\\\/www.eldigitaldeasturias.com\\\/noticias#listItem\",\"name\":\"Home\"}},{\"@type\":\"ListItem\",\"@id\":\"https:\\\/\\\/www.eldigitaldeasturias.com\\\/noticias\\\/pablo-iglesias-se-reune-con-cristina-fernandez-de-kirchner\\\/#listItem\",\"position\":3,\"name\":\"Pablo Iglesias se re\\u00fane con Cristina Fern\\u00e1ndez de Kirchner\",\"previousItem\":{\"@type\":\"ListItem\",\"@id\":\"https:\\\/\\\/www.eldigitaldeasturias.com\\\/noticias\\\/category\\\/actualidad\\\/#listItem\",\"name\":\"Actualidad\"}}]},{\"@type\":\"Organization\",\"@id\":\"https:\\\/\\\/www.eldigitaldeasturias.com\\\/noticias\\\/#organization\",\"name\":\"El Digital de Asturias\",\"description\":\"Hemeroteca\",\"url\":\"https:\\\/\\\/www.eldigitaldeasturias.com\\\/noticias\\\/\",\"email\":\"info@eldigitaldeasturias.com\",\"telephone\":\"+34652131393\",\"logo\":{\"@type\":\"ImageObject\",\"url\":\"https:\\\/\\\/www.eldigitaldeasturias.com\\\/noticias\\\/wp-content\\\/uploads\\\/2020\\\/12\\\/EDA.jpg\",\"@id\":\"https:\\\/\\\/www.eldigitaldeasturias.com\\\/noticias\\\/pablo-iglesias-se-reune-con-cristina-fernandez-de-kirchner\\\/#organizationLogo\"},\"image\":{\"@id\":\"https:\\\/\\\/www.eldigitaldeasturias.com\\\/noticias\\\/pablo-iglesias-se-reune-con-cristina-fernandez-de-kirchner\\\/#organizationLogo\"},\"sameAs\":[\"https:\\\/\\\/facebook.com\\\/eldigitaldeasturias\",\"https:\\\/\\\/www.youtube.com\\\/channel\\\/UCZP-2wLEB9Rv6erhFmqVnvg\"],\"address\":{\"@id\":\"https:\\\/\\\/www.eldigitaldeasturias.com\\\/noticias\\\/#postaladdress\",\"@type\":\"PostalAddress\",\"streetAddress\":\"san antonio 4\",\"postalCode\":\"33430\",\"addressLocality\":\"Cand\\u00e1s\",\"addressRegion\":\"Asturias\",\"addressCountry\":\"ES\"}},{\"@type\":\"Person\",\"@id\":\"https:\\\/\\\/www.eldigitaldeasturias.com\\\/noticias\\\/author\\\/admin\\\/#author\",\"url\":\"https:\\\/\\\/www.eldigitaldeasturias.com\\\/noticias\\\/author\\\/admin\\\/\",\"name\":\"El Digital de Asturias\",\"image\":{\"@type\":\"ImageObject\",\"@id\":\"https:\\\/\\\/www.eldigitaldeasturias.com\\\/noticias\\\/pablo-iglesias-se-reune-con-cristina-fernandez-de-kirchner\\\/#authorImage\",\"url\":\"https:\\\/\\\/secure.gravatar.com\\\/avatar\\\/df2aeffc32bcd13f8d26072ef8a91b623d677766deac7f97ca815868cd41bf5e?s=96&d=mm&r=g\",\"width\":96,\"height\":96,\"caption\":\"El Digital de Asturias\"}},{\"@type\":\"WebPage\",\"@id\":\"https:\\\/\\\/www.eldigitaldeasturias.com\\\/noticias\\\/pablo-iglesias-se-reune-con-cristina-fernandez-de-kirchner\\\/#webpage\",\"url\":\"https:\\\/\\\/www.eldigitaldeasturias.com\\\/noticias\\\/pablo-iglesias-se-reune-con-cristina-fernandez-de-kirchner\\\/\",\"name\":\"Pablo Iglesias se re\\u00fane con Cristina Fern\\u00e1ndez de Kirchner - El Digital de Asturias\",\"description\":\"Buenos Aires, 28 mar (dpa) - El l\\u00edder del partido de izquierda espa\\u00f1ol Podemos, Pablo Iglesias, culmin\\u00f3 hoy una visita a Argentina, donde tuvo reuniones con diferentes dirigentes pol\\u00edticos de la oposici\\u00f3n, entre ellos la ex presidenta Cristina Fern\\u00e1ndez de Kirchner (2007-2015). Iglesias y Kirchner se encontraron en la residencia que la ex jefa de\",\"inLanguage\":\"es-ES\",\"isPartOf\":{\"@id\":\"https:\\\/\\\/www.eldigitaldeasturias.com\\\/noticias\\\/#website\"},\"breadcrumb\":{\"@id\":\"https:\\\/\\\/www.eldigitaldeasturias.com\\\/noticias\\\/pablo-iglesias-se-reune-con-cristina-fernandez-de-kirchner\\\/#breadcrumblist\"},\"author\":{\"@id\":\"https:\\\/\\\/www.eldigitaldeasturias.com\\\/noticias\\\/author\\\/admin\\\/#author\"},\"creator\":{\"@id\":\"https:\\\/\\\/www.eldigitaldeasturias.com\\\/noticias\\\/author\\\/admin\\\/#author\"},\"image\":{\"@type\":\"ImageObject\",\"url\":879701,\"@id\":\"https:\\\/\\\/www.eldigitaldeasturias.com\\\/noticias\\\/pablo-iglesias-se-reune-con-cristina-fernandez-de-kirchner\\\/#mainImage\"},\"primaryImageOfPage\":{\"@id\":\"https:\\\/\\\/www.eldigitaldeasturias.com\\\/noticias\\\/pablo-iglesias-se-reune-con-cristina-fernandez-de-kirchner\\\/#mainImage\"},\"datePublished\":\"2018-03-28T23:31:32+02:00\",\"dateModified\":\"2018-03-28T23:31:32+02:00\"},{\"@type\":\"WebSite\",\"@id\":\"https:\\\/\\\/www.eldigitaldeasturias.com\\\/noticias\\\/#website\",\"url\":\"https:\\\/\\\/www.eldigitaldeasturias.com\\\/noticias\\\/\",\"name\":\"El Digital de Asturias - Diario de actualidad y noticias\",\"alternateName\":\"El Digital de Asturias - Diario de actualidad y noticias\",\"description\":\"Hemeroteca\",\"inLanguage\":\"es-ES\",\"publisher\":{\"@id\":\"https:\\\/\\\/www.eldigitaldeasturias.com\\\/noticias\\\/#organization\"}}]}\n\t\t<\/script>\n\t\t<!-- All in One SEO Pro -->\r\n\t\t<title>Pablo Iglesias se re\u00fane con Cristina Fern\u00e1ndez de Kirchner - El Digital de Asturias<\/title>\n\n","aioseo_head_json":{"title":"Pablo Iglesias se re\u00fane con Cristina Fern\u00e1ndez de Kirchner - El Digital de Asturias","description":"Buenos Aires, 28 mar (dpa) - El l\u00edder del partido de izquierda espa\u00f1ol Podemos, Pablo Iglesias, culmin\u00f3 hoy una visita a Argentina, donde tuvo reuniones con diferentes dirigentes pol\u00edticos de la oposici\u00f3n, entre ellos la ex presidenta Cristina Fern\u00e1ndez de Kirchner (2007-2015). Iglesias y Kirchner se encontraron en la residencia que la ex jefa de","canonical_url":"https:\/\/www.eldigitaldeasturias.com\/noticias\/pablo-iglesias-se-reune-con-cristina-fernandez-de-kirchner\/","robots":"max-image-preview:large","keywords":"actualidad","webmasterTools":{"google-site-verification":"UA-38556648-1","msvalidate.01":"7dfe9f3f1b24437ab69f4f2559babe99","miscellaneous":""},"schema":{"@context":"https:\/\/schema.org","@graph":[{"@type":"BlogPosting","@id":"https:\/\/www.eldigitaldeasturias.com\/noticias\/pablo-iglesias-se-reune-con-cristina-fernandez-de-kirchner\/#blogposting","name":"Pablo Iglesias se re\u00fane con Cristina Fern\u00e1ndez de Kirchner - El Digital de Asturias","headline":"Pablo Iglesias se re\u00fane con Cristina Fern\u00e1ndez de Kirchner","author":{"@id":"https:\/\/www.eldigitaldeasturias.com\/noticias\/author\/admin\/#author"},"publisher":{"@id":"https:\/\/www.eldigitaldeasturias.com\/noticias\/#organization"},"image":{"@type":"ImageObject","url":879701},"datePublished":"2018-03-28T23:31:32+02:00","dateModified":"2018-03-28T23:31:32+02:00","inLanguage":"es-ES","mainEntityOfPage":{"@id":"https:\/\/www.eldigitaldeasturias.com\/noticias\/pablo-iglesias-se-reune-con-cristina-fernandez-de-kirchner\/#webpage"},"isPartOf":{"@id":"https:\/\/www.eldigitaldeasturias.com\/noticias\/pablo-iglesias-se-reune-con-cristina-fernandez-de-kirchner\/#webpage"},"articleSection":"Actualidad"},{"@type":"BreadcrumbList","@id":"https:\/\/www.eldigitaldeasturias.com\/noticias\/pablo-iglesias-se-reune-con-cristina-fernandez-de-kirchner\/#breadcrumblist","itemListElement":[{"@type":"ListItem","@id":"https:\/\/www.eldigitaldeasturias.com\/noticias#listItem","position":1,"name":"Home","item":"https:\/\/www.eldigitaldeasturias.com\/noticias","nextItem":{"@type":"ListItem","@id":"https:\/\/www.eldigitaldeasturias.com\/noticias\/category\/actualidad\/#listItem","name":"Actualidad"}},{"@type":"ListItem","@id":"https:\/\/www.eldigitaldeasturias.com\/noticias\/category\/actualidad\/#listItem","position":2,"name":"Actualidad","item":"https:\/\/www.eldigitaldeasturias.com\/noticias\/category\/actualidad\/","nextItem":{"@type":"ListItem","@id":"https:\/\/www.eldigitaldeasturias.com\/noticias\/pablo-iglesias-se-reune-con-cristina-fernandez-de-kirchner\/#listItem","name":"Pablo Iglesias se re\u00fane con Cristina Fern\u00e1ndez de Kirchner"},"previousItem":{"@type":"ListItem","@id":"https:\/\/www.eldigitaldeasturias.com\/noticias#listItem","name":"Home"}},{"@type":"ListItem","@id":"https:\/\/www.eldigitaldeasturias.com\/noticias\/pablo-iglesias-se-reune-con-cristina-fernandez-de-kirchner\/#listItem","position":3,"name":"Pablo Iglesias se re\u00fane con Cristina Fern\u00e1ndez de Kirchner","previousItem":{"@type":"ListItem","@id":"https:\/\/www.eldigitaldeasturias.com\/noticias\/category\/actualidad\/#listItem","name":"Actualidad"}}]},{"@type":"Organization","@id":"https:\/\/www.eldigitaldeasturias.com\/noticias\/#organization","name":"El Digital de Asturias","description":"Hemeroteca","url":"https:\/\/www.eldigitaldeasturias.com\/noticias\/","email":"info@eldigitaldeasturias.com","telephone":"+34652131393","logo":{"@type":"ImageObject","url":"https:\/\/www.eldigitaldeasturias.com\/noticias\/wp-content\/uploads\/2020\/12\/EDA.jpg","@id":"https:\/\/www.eldigitaldeasturias.com\/noticias\/pablo-iglesias-se-reune-con-cristina-fernandez-de-kirchner\/#organizationLogo"},"image":{"@id":"https:\/\/www.eldigitaldeasturias.com\/noticias\/pablo-iglesias-se-reune-con-cristina-fernandez-de-kirchner\/#organizationLogo"},"sameAs":["https:\/\/facebook.com\/eldigitaldeasturias","https:\/\/www.youtube.com\/channel\/UCZP-2wLEB9Rv6erhFmqVnvg"],"address":{"@id":"https:\/\/www.eldigitaldeasturias.com\/noticias\/#postaladdress","@type":"PostalAddress","streetAddress":"san antonio 4","postalCode":"33430","addressLocality":"Cand\u00e1s","addressRegion":"Asturias","addressCountry":"ES"}},{"@type":"Person","@id":"https:\/\/www.eldigitaldeasturias.com\/noticias\/author\/admin\/#author","url":"https:\/\/www.eldigitaldeasturias.com\/noticias\/author\/admin\/","name":"El Digital de Asturias","image":{"@type":"ImageObject","@id":"https:\/\/www.eldigitaldeasturias.com\/noticias\/pablo-iglesias-se-reune-con-cristina-fernandez-de-kirchner\/#authorImage","url":"https:\/\/secure.gravatar.com\/avatar\/df2aeffc32bcd13f8d26072ef8a91b623d677766deac7f97ca815868cd41bf5e?s=96&d=mm&r=g","width":96,"height":96,"caption":"El Digital de Asturias"}},{"@type":"WebPage","@id":"https:\/\/www.eldigitaldeasturias.com\/noticias\/pablo-iglesias-se-reune-con-cristina-fernandez-de-kirchner\/#webpage","url":"https:\/\/www.eldigitaldeasturias.com\/noticias\/pablo-iglesias-se-reune-con-cristina-fernandez-de-kirchner\/","name":"Pablo Iglesias se re\u00fane con Cristina Fern\u00e1ndez de Kirchner - El Digital de Asturias","description":"Buenos Aires, 28 mar (dpa) - El l\u00edder del partido de izquierda espa\u00f1ol Podemos, Pablo Iglesias, culmin\u00f3 hoy una visita a Argentina, donde tuvo reuniones con diferentes dirigentes pol\u00edticos de la oposici\u00f3n, entre ellos la ex presidenta Cristina Fern\u00e1ndez de Kirchner (2007-2015). Iglesias y Kirchner se encontraron en la residencia que la ex jefa de","inLanguage":"es-ES","isPartOf":{"@id":"https:\/\/www.eldigitaldeasturias.com\/noticias\/#website"},"breadcrumb":{"@id":"https:\/\/www.eldigitaldeasturias.com\/noticias\/pablo-iglesias-se-reune-con-cristina-fernandez-de-kirchner\/#breadcrumblist"},"author":{"@id":"https:\/\/www.eldigitaldeasturias.com\/noticias\/author\/admin\/#author"},"creator":{"@id":"https:\/\/www.eldigitaldeasturias.com\/noticias\/author\/admin\/#author"},"image":{"@type":"ImageObject","url":879701,"@id":"https:\/\/www.eldigitaldeasturias.com\/noticias\/pablo-iglesias-se-reune-con-cristina-fernandez-de-kirchner\/#mainImage"},"primaryImageOfPage":{"@id":"https:\/\/www.eldigitaldeasturias.com\/noticias\/pablo-iglesias-se-reune-con-cristina-fernandez-de-kirchner\/#mainImage"},"datePublished":"2018-03-28T23:31:32+02:00","dateModified":"2018-03-28T23:31:32+02:00"},{"@type":"WebSite","@id":"https:\/\/www.eldigitaldeasturias.com\/noticias\/#website","url":"https:\/\/www.eldigitaldeasturias.com\/noticias\/","name":"El Digital de Asturias - Diario de actualidad y noticias","alternateName":"El Digital de Asturias - Diario de actualidad y noticias","description":"Hemeroteca","inLanguage":"es-ES","publisher":{"@id":"https:\/\/www.eldigitaldeasturias.com\/noticias\/#organization"}}]},"og:locale":"es_ES","og:site_name":"El Digital de Asturias","og:type":"article","og:title":"Pablo Iglesias se re\u00fane con Cristina Fern\u00e1ndez de Kirchner - El Digital de Asturias","og:description":"Buenos Aires, 28 mar (dpa) - El l\u00edder del partido de izquierda espa\u00f1ol Podemos, Pablo Iglesias, culmin\u00f3 hoy una visita a Argentina, donde tuvo reuniones con diferentes dirigentes pol\u00edticos de la oposici\u00f3n, entre ellos la ex presidenta Cristina Fern\u00e1ndez de Kirchner (2007-2015). Iglesias y Kirchner se encontraron en la residencia que la ex jefa de","og:url":"https:\/\/www.eldigitaldeasturias.com\/noticias\/pablo-iglesias-se-reune-con-cristina-fernandez-de-kirchner\/","article:tag":["actualidad"],"article:published_time":"2018-03-28T23:31:32+00:00","article:modified_time":"2018-03-28T23:31:32+00:00","article:publisher":"https:\/\/facebook.com\/eldigitaldeasturias","twitter:card":"summary_large_image","twitter:title":"Pablo Iglesias se re\u00fane con Cristina Fern\u00e1ndez de Kirchner - El Digital de Asturias","twitter:description":"Buenos Aires, 28 mar (dpa) - El l\u00edder del partido de izquierda espa\u00f1ol Podemos, Pablo Iglesias, culmin\u00f3 hoy una visita a Argentina, donde tuvo reuniones con diferentes dirigentes pol\u00edticos de la oposici\u00f3n, entre ellos la ex presidenta Cristina Fern\u00e1ndez de Kirchner (2007-2015). Iglesias y Kirchner se encontraron en la residencia que la ex jefa de","twitter:image":"https:\/\/www.eldigitaldeasturias.com\/noticias\/wp-content\/uploads\/2020\/12\/EDA-1.jpg","twitter:label1":"Escrito por","twitter:data1":"El Digital de Asturias","twitter:label2":"Tiempo de lectura estimado","twitter:data2":"1 minuto"},"aioseo_meta_data":{"post_id":"973896","title":null,"description":null,"keywords":null,"keyphrases":null,"primary_term":null,"canonical_url":null,"og_title":null,"og_description":null,"og_object_type":"default","og_image_type":"default","og_image_url":null,"og_image_width":null,"og_image_height":null,"og_image_custom_url":null,"og_image_custom_fields":null,"og_video":null,"og_custom_url":null,"og_article_section":null,"og_article_tags":null,"twitter_use_og":false,"twitter_card":"default","twitter_image_type":"default","twitter_image_url":null,"twitter_image_custom_url":null,"twitter_image_custom_fields":null,"twitter_title":null,"twitter_description":null,"schema":{"blockGraphs":[],"customGraphs":[],"default":{"data":{"Article":[],"Course":[],"Dataset":[],"FAQPage":[],"Movie":[],"Person":[],"Product":[],"ProductReview":[],"Car":[],"Recipe":[],"Service":[],"SoftwareApplication":[],"WebPage":[]},"graphName":"","isEnabled":true},"graphs":[],"defaultGraph":"","defaultPostTypeGraph":""},"schema_type":null,"schema_type_options":null,"pillar_content":false,"robots_default":true,"robots_noindex":false,"robots_noarchive":false,"robots_nosnippet":false,"robots_nofollow":false,"robots_noimageindex":false,"robots_noodp":false,"robots_notranslate":false,"robots_max_snippet":null,"robots_max_videopreview":null,"robots_max_imagepreview":"large","priority":null,"frequency":null,"local_seo":null,"seo_analyzer_scan_date":"2025-10-07 18:17:04","breadcrumb_settings":null,"limit_modified_date":false,"open_ai":null,"ai":null,"created":"2020-12-21 12:15:36","updated":"2025-10-07 18:17:04","focus_keyword":null,"additional_keywords":null,"truseo_locale":null},"aioseo_breadcrumb":"<div class=\"aioseo-breadcrumbs\"><span class=\"aioseo-breadcrumb\">\n\t<a href=\"https:\/\/www.eldigitaldeasturias.com\/noticias\" title=\"Home\">Home<\/a>\n<\/span><span class=\"aioseo-breadcrumb-separator\">\u2013<\/span><span class=\"aioseo-breadcrumb\">\n\t<a href=\"https:\/\/www.eldigitaldeasturias.com\/noticias\/category\/actualidad\/\" title=\"Actualidad\">Actualidad<\/a>\n<\/span><span class=\"aioseo-breadcrumb-separator\">\u2013<\/span><span class=\"aioseo-breadcrumb\">\n\t<a href=\"https:\/\/www.eldigitaldeasturias.com\/noticias\/pablo-iglesias-se-reune-con-cristina-fernandez-de-kirchner\/\" title=\"Pablo Iglesias se re\u00fane con Cristina Fern\u00e1ndez de Kirchner\">Pablo Iglesias se re\u00fane con Cristina Fern\u00e1ndez de Kirchner<\/a>\n<\/span><\/div>","aioseo_breadcrumb_json":[{"label":"Home","link":"https:\/\/www.eldigitaldeasturias.com\/noticias"},{"label":"Actualidad","link":"https:\/\/www.eldigitaldeasturias.com\/noticias\/category\/actualidad\/"},{"label":"Pablo Iglesias se re\u00fane con Cristina Fern\u00e1ndez de Kirchner","link":"https:\/\/www.eldigitaldeasturias.com\/noticias\/pablo-iglesias-se-reune-con-cristina-fernandez-de-kirchner\/"}],"_links":{"self":[{"href":"https:\/\/www.eldigitaldeasturias.com\/noticias\/wp-json\/wp\/v2\/posts\/973896","targetHints":{"allow":["GET"]}}],"collection":[{"href":"https:\/\/www.eldigitaldeasturias.com\/noticias\/wp-json\/wp\/v2\/posts"}],"about":[{"href":"https:\/\/www.eldigitaldeasturias.com\/noticias\/wp-json\/wp\/v2\/types\/post"}],"author":[{"embeddable":true,"href":"https:\/\/www.eldigitaldeasturias.com\/noticias\/wp-json\/wp\/v2\/users\/1"}],"replies":[{"embeddable":true,"href":"https:\/\/www.eldigitaldeasturias.com\/noticias\/wp-json\/wp\/v2\/comments?post=973896"}],"version-history":[{"count":0,"href":"https:\/\/www.eldigitaldeasturias.com\/noticias\/wp-json\/wp\/v2\/posts\/973896\/revisions"}],"wp:attachment":[{"href":"https:\/\/www.eldigitaldeasturias.com\/noticias\/wp-json\/wp\/v2\/media?parent=973896"}],"wp:term":[{"taxonomy":"category","embeddable":true,"href":"https:\/\/www.eldigitaldeasturias.com\/noticias\/wp-json\/wp\/v2\/categories?post=973896"},{"taxonomy":"post_tag","embeddable":true,"href":"https:\/\/www.eldigitaldeasturias.com\/noticias\/wp-json\/wp\/v2\/tags?post=973896"}],"curies":[{"name":"wp","href":"https:\/\/api.w.org\/{rel}","templated":true}]}}