{"id":973873,"date":"2018-03-28T22:29:44","date_gmt":"2018-03-28T22:29:44","guid":{"rendered":"http:\/\/www.eldigitaldeasturias.com\/noticias\/?p=973873"},"modified":"2018-03-28T22:29:44","modified_gmt":"2018-03-28T22:29:44","slug":"cuatro-en-campana-por-la-presidencia-de-mexico","status":"publish","type":"post","link":"https:\/\/www.eldigitaldeasturias.com\/noticias\/cuatro-en-campana-por-la-presidencia-de-mexico\/","title":{"rendered":"Cuatro en campa\u00f1a por la Presidencia de M\u00e9xico"},"content":{"rendered":"<p><img loading=\"lazy\" decoding=\"async\" class=\"alignleft size-medium wp-image-785345\" src=\"https:\/\/www.eldigitaldeasturias.com\/noticias\/wp-content\/uploads\/2015\/05\/urnas-360x304.jpg\" alt=\"\" width=\"360\" height=\"304\" \/>Ciudad de M\u00e9xico, 28 mar (dpa) &#8211; En la campa\u00f1a electoral que comienza el viernes en M\u00e9xico rumbo a los comicios de julio, cuatro candidatos competir\u00e1n por suceder al presidente Enrique Pe\u00f1a Nieto y gobernar el segundo pa\u00eds m\u00e1s poblado de Am\u00e9rica Latina hasta 2024.<\/p>\n<p>Estos son sus perfiles y principales propuestas:<\/p>\n<p><strong>RICARDO ANAYA, 39 a\u00f1os<\/strong><\/p>\n<p>Es abogado y candidato de la alianza Por M\u00e9xico al Frente, que re\u00fane al Partido Acci\u00f3n Nacional (PAN, conservador), al Partido de la Revoluci\u00f3n Democr\u00e1tica (PRD, centroizquierda) y al peque\u00f1o Movimiento Ciudadano. Esta uni\u00f3n entre partidos opuestos ideol\u00f3gicamente aspira a ser el primer Gobierno de coalici\u00f3n en M\u00e9xico.<\/p>\n<p>Anaya comenz\u00f3 en la pol\u00edtica muy joven. A los 21 a\u00f1os fue candidato del PAN \u2013del que ya era militante- para diputado local de Quer\u00e9taro, su estado natal. Aunque perdi\u00f3, logr\u00f3 el esca\u00f1o nueve a\u00f1os despu\u00e9s.<\/p>\n<p>En 2012, con 33 a\u00f1os, fue elegido diputado federal y fungi\u00f3 como presidente de la C\u00e1mara de Diputados. En 2015 asumi\u00f3 la dirigencia nacional del PAN y tras hacer a un lado a veteranos militantes como Margarita Zavala, esposa del ex presidente Felipe Calder\u00f3n (2006-2012), negoci\u00f3 la alianza y se convirti\u00f3 en su candidato.<\/p>\n<p>\u00abQuiero ser presidente para lograr un cambio profundo y radical en M\u00e9xico\u00bb, ha dicho Anaya, duro cr\u00edtico de la administraci\u00f3n de Enrique Pe\u00f1a Nieto y de su Partido Revolucionario Institucional (PRI, centro).<\/p>\n<p>A ambos los ha acusado de valerse de instituciones del Estado para sacarlo de la contienda con se\u00f1alamientos de lavado de dinero, lo cual el Gobierno neg\u00f3. Tambi\u00e9n ha advertido que, de ganar las elecciones, har\u00e1 investigar la actual gesti\u00f3n.<\/p>\n<p><strong>ANDR\u00c9S MANUEL L\u00d3PEZ OBRADOR, 64 a\u00f1os<\/strong><\/p>\n<p>\u00abLa tercera es la vencida\u00bb, dice L\u00f3pez Obrador, que ya fue candidato en 2006 y 2012. El ex alcalde de Ciudad de M\u00e9xico es un l\u00edder nacionalista de izquierda moderada que hizo alianzas con sectores diversos, entre ellos con el partido de los evang\u00e9licos, empresarios y antiguos rivales, en busca de lograr ahora su objetivo.<\/p>\n<p>AMLO, como se le llama por sus iniciales, afirma que combatir\u00e1 la corrupci\u00f3n con el ejemplo y dar\u00e1 prioridad a los pobres. Como alcalde de Ciudad de M\u00e9xico trabaj\u00f3 con empresarios en proyectos de infraestructura y cre\u00f3 un programa de apoyo econ\u00f3mico para ancianos, luego reproducido a nivel nacional.<\/p>\n<p>Es un pol\u00edtico aguerrido que protagoniz\u00f3 dos \u00ab\u00e9xodos\u00bb o caravanas por la democracia hace dos d\u00e9cadas y se proclam\u00f3 \u00abpresidente leg\u00edtimo\u00bb en 2006 despu\u00e9s de perder por 0,62 puntos ante el conservador Felipe Calder\u00f3n, en unas elecciones en las que denunci\u00f3 fraude.<\/p>\n<p>L\u00f3pez Obrador estudi\u00f3 Ciencias Pol\u00edticas y Administraci\u00f3n P\u00fablica. Milit\u00f3 en el PRI, el entonces partido hegem\u00f3nico, entre 1976 y 1987. Despu\u00e9s se sum\u00f3 a fuerzas de izquierda que fundaron el PRD en 1989. Con ese partido fue candidato presidencial las dos veces anteriores.<\/p>\n<p>En 2012 abandon\u00f3 el PRD para fundar el Movimiento Regeneraci\u00f3n Nacional (Morena), que ahora lo postula en la alianza Juntos Haremos Historia con el Partido Encuentro Social (PES, evang\u00e9licos) y el Partido del Trabajo (PT, izquierda).<\/p>\n<p><strong>JOS\u00c9 ANTONIO MEADE, 49 a\u00f1os<\/strong><\/p>\n<p>Economista con un doctorado en Yale y abogado, Meade fue elegido por el PRI como su primer candidato a la Presidencia sin militancia y tendr\u00e1 que remar contra la mala imagen que tienen el partido y el Gobierno.<\/p>\n<p>Ocup\u00f3 cargos p\u00fablicos durante m\u00e1s de 20 a\u00f1os, sobre todo en el sector de las finanzas, por lo que se le considera el preferido de la banca y los empresarios.<\/p>\n<p>Fue cinco veces ministro: de Energ\u00eda y de Hacienda en el gobierno de Calder\u00f3n (PAN) y luego de Relaciones Exteriores, Desarrollo Social y Hacienda con Pe\u00f1a Nieto (PRI). En desarrollo social estuvo a cargo de los programas de combate a la pobreza.<\/p>\n<p>\u00abEs bien dif\u00edcil ser secretario de Estado cinco veces y ser nada m\u00e1s un tecn\u00f3crata\u00bb, responde Meade a quienes cuestionan su carisma como candidato y sus pocas tablas en la pol\u00edtica para enfrentar a un tibur\u00f3n como L\u00f3pez Obrador. \u00abAl final del d\u00eda la gente va a apostar por la confianza\u00bb, se\u00f1ala.<\/p>\n<p>Meade representa a la alianza de centro Todos por M\u00e9xico, formada por el PRI, el Partido Verde Ecologista de M\u00e9xico y Nueva Alianza. Propone combatir la inseguridad atacando el tr\u00e1fico de armas y el lavado de dinero y hacer un Gobierno \u00aba la medida\u00bb de las necesidades de cada persona.<\/p>\n<p><strong>MARGARITA ZAVALA, 50 a\u00f1os<\/strong><\/p>\n<p>Abogada con larga militancia pol\u00edtica, se inici\u00f3 en el PAN a los 16 a\u00f1os y ahora es la primera candidata independiente en M\u00e9xico, despu\u00e9s de haber renunciado en octubre al partido. Es esposa del ex presidente Felipe Calder\u00f3n (2006-2012).<\/p>\n<p>Fue diputada local en Ciudad de M\u00e9xico de 1994 a 1997 y diputada federal de 2003 a 2006, a\u00f1o en que se convirti\u00f3 en primera dama, papel que desempe\u00f1\u00f3 con bajo perfil.<\/p>\n<p>Rompi\u00f3 con el PAN despu\u00e9s de acusar al entonces l\u00edder del partido, Ricardo Anaya, de bloquear todas las v\u00edas de participaci\u00f3n dentro de la agrupaci\u00f3n para conseguir la candidatura presidencial. Zavala hab\u00eda anunciado sus aspiraciones pol\u00edticas desde 2015.<\/p>\n<p>Despu\u00e9s de eso se lanz\u00f3 como aspirante independiente a la Presidencia para lo que tuvo que cumplir con la exigencia de juntar m\u00e1s de 866.000 firmas de apoyo. De los tres independientes que estaban en la carrera, fue la \u00fanica que lo consigui\u00f3, aunque muchas de sus firmas fueron anuladas por inconsistencias o por no cumplir con los requisitos.<\/p>\n<p>Como candidata ha criticado al PRI, actualmente en el gobierno, y tambi\u00e9n a sus contendientes. \u00abSoy la candidata m\u00e1s competitiva para enfrentar al gran adversario que es el pasado\u00bb, ha dicho. \u00abLa siguiente meta ser\u00e1 la Presidencia\u00bb.<\/p>\n<p>Por Carmen Pe\u00f1a y Andrea Sosa Cabrios (dpa)<\/p>\n","protected":false},"excerpt":{"rendered":"<p>Ciudad de M\u00e9xico, 28 mar (dpa) &#8211; En la campa\u00f1a electoral que comienza el viernes en M\u00e9xico rumbo a los comicios de julio, cuatro candidatos competir\u00e1n por suceder al presidente Enrique Pe\u00f1a Nieto y gobernar el segundo pa\u00eds m\u00e1s poblado de Am\u00e9rica Latina hasta 2024. Estos son sus perfiles y principales propuestas: RICARDO ANAYA, 39 [&hellip;]<\/p>\n","protected":false},"author":1,"featured_media":973874,"comment_status":"closed","ping_status":"closed","sticky":false,"template":"","format":"standard","meta":{"footnotes":""},"categories":[1],"tags":[],"class_list":["post-973873","post","type-post","status-publish","format-standard","has-post-thumbnail","hentry","category-actualidad"],"aioseo_notices":[],"aioseo_head":"\n\t\t<!-- All in One SEO Pro 5.0.1 - aioseo.com -->\n\t<meta name=\"description\" content=\"Ciudad de M\u00e9xico, 28 mar (dpa) - En la campa\u00f1a electoral que comienza el viernes en M\u00e9xico rumbo a los comicios de julio, cuatro candidatos competir\u00e1n por suceder al presidente Enrique Pe\u00f1a Nieto y gobernar el segundo pa\u00eds m\u00e1s poblado de Am\u00e9rica Latina hasta 2024. Estos son sus perfiles y principales propuestas: RICARDO ANAYA, 39\" \/>\n\t<meta name=\"robots\" content=\"max-image-preview:large\" \/>\n\t<meta name=\"author\" content=\"El Digital de Asturias\"\/>\n\t<meta name=\"google-site-verification\" content=\"UA-38556648-1\" \/>\n\t<meta name=\"msvalidate.01\" content=\"7dfe9f3f1b24437ab69f4f2559babe99\" \/>\n\t<meta name=\"keywords\" content=\"actualidad\" \/>\n\t<link rel=\"canonical\" href=\"https:\/\/www.eldigitaldeasturias.com\/noticias\/cuatro-en-campana-por-la-presidencia-de-mexico\/\" \/>\n\t<meta name=\"generator\" content=\"All in One SEO Pro (AIOSEO) 5.0.1\" \/>\n\t\t<meta property=\"og:locale\" content=\"es_ES\" \/>\n\t\t<meta property=\"og:site_name\" content=\"El Digital de Asturias\" \/>\n\t\t<meta property=\"og:type\" content=\"article\" \/>\n\t\t<meta property=\"og:title\" content=\"Cuatro en campa\u00f1a por la Presidencia de M\u00e9xico - El Digital de Asturias\" \/>\n\t\t<meta property=\"og:description\" content=\"Ciudad de M\u00e9xico, 28 mar (dpa) - En la campa\u00f1a electoral que comienza el viernes en M\u00e9xico rumbo a los comicios de julio, cuatro candidatos competir\u00e1n por suceder al presidente Enrique Pe\u00f1a Nieto y gobernar el segundo pa\u00eds m\u00e1s poblado de Am\u00e9rica Latina hasta 2024. Estos son sus perfiles y principales propuestas: RICARDO ANAYA, 39\" \/>\n\t\t<meta property=\"og:url\" content=\"https:\/\/www.eldigitaldeasturias.com\/noticias\/cuatro-en-campana-por-la-presidencia-de-mexico\/\" \/>\n\t\t<meta property=\"article:tag\" content=\"actualidad\" \/>\n\t\t<meta property=\"article:published_time\" content=\"2018-03-28T22:29:44+00:00\" \/>\n\t\t<meta property=\"article:modified_time\" content=\"2018-03-28T22:29:44+00:00\" \/>\n\t\t<meta property=\"article:publisher\" content=\"https:\/\/facebook.com\/eldigitaldeasturias\" \/>\n\t\t<meta name=\"twitter:card\" content=\"summary_large_image\" \/>\n\t\t<meta name=\"twitter:title\" content=\"Cuatro en campa\u00f1a por la Presidencia de M\u00e9xico - El Digital de Asturias\" \/>\n\t\t<meta name=\"twitter:description\" content=\"Ciudad de M\u00e9xico, 28 mar (dpa) - En la campa\u00f1a electoral que comienza el viernes en M\u00e9xico rumbo a los comicios de julio, cuatro candidatos competir\u00e1n por suceder al presidente Enrique Pe\u00f1a Nieto y gobernar el segundo pa\u00eds m\u00e1s poblado de Am\u00e9rica Latina hasta 2024. Estos son sus perfiles y principales propuestas: RICARDO ANAYA, 39\" \/>\n\t\t<meta name=\"twitter:image\" content=\"https:\/\/www.eldigitaldeasturias.com\/noticias\/wp-content\/uploads\/2020\/12\/EDA-1.jpg\" \/>\n\t\t<meta name=\"twitter:label1\" content=\"Escrito por\" \/>\n\t\t<meta name=\"twitter:data1\" content=\"El Digital de Asturias\" \/>\n\t\t<meta name=\"twitter:label2\" content=\"Tiempo de lectura estimado\" \/>\n\t\t<meta name=\"twitter:data2\" content=\"5 minutos\" \/>\n\t\t<script type=\"application\/ld+json\" class=\"aioseo-schema\">\n\t\t\t{\"@context\":\"https:\\\/\\\/schema.org\",\"@graph\":[{\"@type\":\"BlogPosting\",\"@id\":\"https:\\\/\\\/www.eldigitaldeasturias.com\\\/noticias\\\/cuatro-en-campana-por-la-presidencia-de-mexico\\\/#blogposting\",\"name\":\"Cuatro en campa\\u00f1a por la Presidencia de M\\u00e9xico - El Digital de Asturias\",\"headline\":\"Cuatro en campa\\u00f1a por la Presidencia de M\\u00e9xico\",\"author\":{\"@id\":\"https:\\\/\\\/www.eldigitaldeasturias.com\\\/noticias\\\/author\\\/admin\\\/#author\"},\"publisher\":{\"@id\":\"https:\\\/\\\/www.eldigitaldeasturias.com\\\/noticias\\\/#organization\"},\"image\":{\"@type\":\"ImageObject\",\"url\":973874},\"datePublished\":\"2018-03-28T22:29:44+02:00\",\"dateModified\":\"2018-03-28T22:29:44+02:00\",\"inLanguage\":\"es-ES\",\"mainEntityOfPage\":{\"@id\":\"https:\\\/\\\/www.eldigitaldeasturias.com\\\/noticias\\\/cuatro-en-campana-por-la-presidencia-de-mexico\\\/#webpage\"},\"isPartOf\":{\"@id\":\"https:\\\/\\\/www.eldigitaldeasturias.com\\\/noticias\\\/cuatro-en-campana-por-la-presidencia-de-mexico\\\/#webpage\"},\"articleSection\":\"Actualidad\"},{\"@type\":\"BreadcrumbList\",\"@id\":\"https:\\\/\\\/www.eldigitaldeasturias.com\\\/noticias\\\/cuatro-en-campana-por-la-presidencia-de-mexico\\\/#breadcrumblist\",\"itemListElement\":[{\"@type\":\"ListItem\",\"@id\":\"https:\\\/\\\/www.eldigitaldeasturias.com\\\/noticias#listItem\",\"position\":1,\"name\":\"Home\",\"item\":\"https:\\\/\\\/www.eldigitaldeasturias.com\\\/noticias\",\"nextItem\":{\"@type\":\"ListItem\",\"@id\":\"https:\\\/\\\/www.eldigitaldeasturias.com\\\/noticias\\\/category\\\/actualidad\\\/#listItem\",\"name\":\"Actualidad\"}},{\"@type\":\"ListItem\",\"@id\":\"https:\\\/\\\/www.eldigitaldeasturias.com\\\/noticias\\\/category\\\/actualidad\\\/#listItem\",\"position\":2,\"name\":\"Actualidad\",\"item\":\"https:\\\/\\\/www.eldigitaldeasturias.com\\\/noticias\\\/category\\\/actualidad\\\/\",\"nextItem\":{\"@type\":\"ListItem\",\"@id\":\"https:\\\/\\\/www.eldigitaldeasturias.com\\\/noticias\\\/cuatro-en-campana-por-la-presidencia-de-mexico\\\/#listItem\",\"name\":\"Cuatro en campa\\u00f1a por la Presidencia de M\\u00e9xico\"},\"previousItem\":{\"@type\":\"ListItem\",\"@id\":\"https:\\\/\\\/www.eldigitaldeasturias.com\\\/noticias#listItem\",\"name\":\"Home\"}},{\"@type\":\"ListItem\",\"@id\":\"https:\\\/\\\/www.eldigitaldeasturias.com\\\/noticias\\\/cuatro-en-campana-por-la-presidencia-de-mexico\\\/#listItem\",\"position\":3,\"name\":\"Cuatro en campa\\u00f1a por la Presidencia de M\\u00e9xico\",\"previousItem\":{\"@type\":\"ListItem\",\"@id\":\"https:\\\/\\\/www.eldigitaldeasturias.com\\\/noticias\\\/category\\\/actualidad\\\/#listItem\",\"name\":\"Actualidad\"}}]},{\"@type\":\"Organization\",\"@id\":\"https:\\\/\\\/www.eldigitaldeasturias.com\\\/noticias\\\/#organization\",\"name\":\"El Digital de Asturias\",\"description\":\"Hemeroteca\",\"url\":\"https:\\\/\\\/www.eldigitaldeasturias.com\\\/noticias\\\/\",\"email\":\"info@eldigitaldeasturias.com\",\"telephone\":\"+34652131393\",\"logo\":{\"@type\":\"ImageObject\",\"url\":\"https:\\\/\\\/www.eldigitaldeasturias.com\\\/noticias\\\/wp-content\\\/uploads\\\/2020\\\/12\\\/EDA.jpg\",\"@id\":\"https:\\\/\\\/www.eldigitaldeasturias.com\\\/noticias\\\/cuatro-en-campana-por-la-presidencia-de-mexico\\\/#organizationLogo\"},\"image\":{\"@id\":\"https:\\\/\\\/www.eldigitaldeasturias.com\\\/noticias\\\/cuatro-en-campana-por-la-presidencia-de-mexico\\\/#organizationLogo\"},\"sameAs\":[\"https:\\\/\\\/facebook.com\\\/eldigitaldeasturias\",\"https:\\\/\\\/www.youtube.com\\\/channel\\\/UCZP-2wLEB9Rv6erhFmqVnvg\"],\"address\":{\"@id\":\"https:\\\/\\\/www.eldigitaldeasturias.com\\\/noticias\\\/#postaladdress\",\"@type\":\"PostalAddress\",\"streetAddress\":\"san antonio 4\",\"postalCode\":\"33430\",\"addressLocality\":\"Cand\\u00e1s\",\"addressRegion\":\"Asturias\",\"addressCountry\":\"ES\"}},{\"@type\":\"Person\",\"@id\":\"https:\\\/\\\/www.eldigitaldeasturias.com\\\/noticias\\\/author\\\/admin\\\/#author\",\"url\":\"https:\\\/\\\/www.eldigitaldeasturias.com\\\/noticias\\\/author\\\/admin\\\/\",\"name\":\"El Digital de Asturias\",\"image\":{\"@type\":\"ImageObject\",\"@id\":\"https:\\\/\\\/www.eldigitaldeasturias.com\\\/noticias\\\/cuatro-en-campana-por-la-presidencia-de-mexico\\\/#authorImage\",\"url\":\"https:\\\/\\\/secure.gravatar.com\\\/avatar\\\/df2aeffc32bcd13f8d26072ef8a91b623d677766deac7f97ca815868cd41bf5e?s=96&d=mm&r=g\",\"width\":96,\"height\":96,\"caption\":\"El Digital de Asturias\"}},{\"@type\":\"WebPage\",\"@id\":\"https:\\\/\\\/www.eldigitaldeasturias.com\\\/noticias\\\/cuatro-en-campana-por-la-presidencia-de-mexico\\\/#webpage\",\"url\":\"https:\\\/\\\/www.eldigitaldeasturias.com\\\/noticias\\\/cuatro-en-campana-por-la-presidencia-de-mexico\\\/\",\"name\":\"Cuatro en campa\\u00f1a por la Presidencia de M\\u00e9xico - El Digital de Asturias\",\"description\":\"Ciudad de M\\u00e9xico, 28 mar (dpa) - En la campa\\u00f1a electoral que comienza el viernes en M\\u00e9xico rumbo a los comicios de julio, cuatro candidatos competir\\u00e1n por suceder al presidente Enrique Pe\\u00f1a Nieto y gobernar el segundo pa\\u00eds m\\u00e1s poblado de Am\\u00e9rica Latina hasta 2024. Estos son sus perfiles y principales propuestas: RICARDO ANAYA, 39\",\"inLanguage\":\"es-ES\",\"isPartOf\":{\"@id\":\"https:\\\/\\\/www.eldigitaldeasturias.com\\\/noticias\\\/#website\"},\"breadcrumb\":{\"@id\":\"https:\\\/\\\/www.eldigitaldeasturias.com\\\/noticias\\\/cuatro-en-campana-por-la-presidencia-de-mexico\\\/#breadcrumblist\"},\"author\":{\"@id\":\"https:\\\/\\\/www.eldigitaldeasturias.com\\\/noticias\\\/author\\\/admin\\\/#author\"},\"creator\":{\"@id\":\"https:\\\/\\\/www.eldigitaldeasturias.com\\\/noticias\\\/author\\\/admin\\\/#author\"},\"image\":{\"@type\":\"ImageObject\",\"url\":973874,\"@id\":\"https:\\\/\\\/www.eldigitaldeasturias.com\\\/noticias\\\/cuatro-en-campana-por-la-presidencia-de-mexico\\\/#mainImage\"},\"primaryImageOfPage\":{\"@id\":\"https:\\\/\\\/www.eldigitaldeasturias.com\\\/noticias\\\/cuatro-en-campana-por-la-presidencia-de-mexico\\\/#mainImage\"},\"datePublished\":\"2018-03-28T22:29:44+02:00\",\"dateModified\":\"2018-03-28T22:29:44+02:00\"},{\"@type\":\"WebSite\",\"@id\":\"https:\\\/\\\/www.eldigitaldeasturias.com\\\/noticias\\\/#website\",\"url\":\"https:\\\/\\\/www.eldigitaldeasturias.com\\\/noticias\\\/\",\"name\":\"El Digital de Asturias - Diario de actualidad y noticias\",\"alternateName\":\"El Digital de Asturias - Diario de actualidad y noticias\",\"description\":\"Hemeroteca\",\"inLanguage\":\"es-ES\",\"publisher\":{\"@id\":\"https:\\\/\\\/www.eldigitaldeasturias.com\\\/noticias\\\/#organization\"}}]}\n\t\t<\/script>\n\t\t<!-- All in One SEO Pro -->\r\n\t\t<title>Cuatro en campa\u00f1a por la Presidencia de M\u00e9xico - El Digital de Asturias<\/title>\n\n","aioseo_head_json":{"title":"Cuatro en campa\u00f1a por la Presidencia de M\u00e9xico - El Digital de Asturias","description":"Ciudad de M\u00e9xico, 28 mar (dpa) - En la campa\u00f1a electoral que comienza el viernes en M\u00e9xico rumbo a los comicios de julio, cuatro candidatos competir\u00e1n por suceder al presidente Enrique Pe\u00f1a Nieto y gobernar el segundo pa\u00eds m\u00e1s poblado de Am\u00e9rica Latina hasta 2024. Estos son sus perfiles y principales propuestas: RICARDO ANAYA, 39","canonical_url":"https:\/\/www.eldigitaldeasturias.com\/noticias\/cuatro-en-campana-por-la-presidencia-de-mexico\/","robots":"max-image-preview:large","keywords":"actualidad","webmasterTools":{"google-site-verification":"UA-38556648-1","msvalidate.01":"7dfe9f3f1b24437ab69f4f2559babe99","miscellaneous":""},"schema":{"@context":"https:\/\/schema.org","@graph":[{"@type":"BlogPosting","@id":"https:\/\/www.eldigitaldeasturias.com\/noticias\/cuatro-en-campana-por-la-presidencia-de-mexico\/#blogposting","name":"Cuatro en campa\u00f1a por la Presidencia de M\u00e9xico - El Digital de Asturias","headline":"Cuatro en campa\u00f1a por la Presidencia de M\u00e9xico","author":{"@id":"https:\/\/www.eldigitaldeasturias.com\/noticias\/author\/admin\/#author"},"publisher":{"@id":"https:\/\/www.eldigitaldeasturias.com\/noticias\/#organization"},"image":{"@type":"ImageObject","url":973874},"datePublished":"2018-03-28T22:29:44+02:00","dateModified":"2018-03-28T22:29:44+02:00","inLanguage":"es-ES","mainEntityOfPage":{"@id":"https:\/\/www.eldigitaldeasturias.com\/noticias\/cuatro-en-campana-por-la-presidencia-de-mexico\/#webpage"},"isPartOf":{"@id":"https:\/\/www.eldigitaldeasturias.com\/noticias\/cuatro-en-campana-por-la-presidencia-de-mexico\/#webpage"},"articleSection":"Actualidad"},{"@type":"BreadcrumbList","@id":"https:\/\/www.eldigitaldeasturias.com\/noticias\/cuatro-en-campana-por-la-presidencia-de-mexico\/#breadcrumblist","itemListElement":[{"@type":"ListItem","@id":"https:\/\/www.eldigitaldeasturias.com\/noticias#listItem","position":1,"name":"Home","item":"https:\/\/www.eldigitaldeasturias.com\/noticias","nextItem":{"@type":"ListItem","@id":"https:\/\/www.eldigitaldeasturias.com\/noticias\/category\/actualidad\/#listItem","name":"Actualidad"}},{"@type":"ListItem","@id":"https:\/\/www.eldigitaldeasturias.com\/noticias\/category\/actualidad\/#listItem","position":2,"name":"Actualidad","item":"https:\/\/www.eldigitaldeasturias.com\/noticias\/category\/actualidad\/","nextItem":{"@type":"ListItem","@id":"https:\/\/www.eldigitaldeasturias.com\/noticias\/cuatro-en-campana-por-la-presidencia-de-mexico\/#listItem","name":"Cuatro en campa\u00f1a por la Presidencia de M\u00e9xico"},"previousItem":{"@type":"ListItem","@id":"https:\/\/www.eldigitaldeasturias.com\/noticias#listItem","name":"Home"}},{"@type":"ListItem","@id":"https:\/\/www.eldigitaldeasturias.com\/noticias\/cuatro-en-campana-por-la-presidencia-de-mexico\/#listItem","position":3,"name":"Cuatro en campa\u00f1a por la Presidencia de M\u00e9xico","previousItem":{"@type":"ListItem","@id":"https:\/\/www.eldigitaldeasturias.com\/noticias\/category\/actualidad\/#listItem","name":"Actualidad"}}]},{"@type":"Organization","@id":"https:\/\/www.eldigitaldeasturias.com\/noticias\/#organization","name":"El Digital de Asturias","description":"Hemeroteca","url":"https:\/\/www.eldigitaldeasturias.com\/noticias\/","email":"info@eldigitaldeasturias.com","telephone":"+34652131393","logo":{"@type":"ImageObject","url":"https:\/\/www.eldigitaldeasturias.com\/noticias\/wp-content\/uploads\/2020\/12\/EDA.jpg","@id":"https:\/\/www.eldigitaldeasturias.com\/noticias\/cuatro-en-campana-por-la-presidencia-de-mexico\/#organizationLogo"},"image":{"@id":"https:\/\/www.eldigitaldeasturias.com\/noticias\/cuatro-en-campana-por-la-presidencia-de-mexico\/#organizationLogo"},"sameAs":["https:\/\/facebook.com\/eldigitaldeasturias","https:\/\/www.youtube.com\/channel\/UCZP-2wLEB9Rv6erhFmqVnvg"],"address":{"@id":"https:\/\/www.eldigitaldeasturias.com\/noticias\/#postaladdress","@type":"PostalAddress","streetAddress":"san antonio 4","postalCode":"33430","addressLocality":"Cand\u00e1s","addressRegion":"Asturias","addressCountry":"ES"}},{"@type":"Person","@id":"https:\/\/www.eldigitaldeasturias.com\/noticias\/author\/admin\/#author","url":"https:\/\/www.eldigitaldeasturias.com\/noticias\/author\/admin\/","name":"El Digital de Asturias","image":{"@type":"ImageObject","@id":"https:\/\/www.eldigitaldeasturias.com\/noticias\/cuatro-en-campana-por-la-presidencia-de-mexico\/#authorImage","url":"https:\/\/secure.gravatar.com\/avatar\/df2aeffc32bcd13f8d26072ef8a91b623d677766deac7f97ca815868cd41bf5e?s=96&d=mm&r=g","width":96,"height":96,"caption":"El Digital de Asturias"}},{"@type":"WebPage","@id":"https:\/\/www.eldigitaldeasturias.com\/noticias\/cuatro-en-campana-por-la-presidencia-de-mexico\/#webpage","url":"https:\/\/www.eldigitaldeasturias.com\/noticias\/cuatro-en-campana-por-la-presidencia-de-mexico\/","name":"Cuatro en campa\u00f1a por la Presidencia de M\u00e9xico - El Digital de Asturias","description":"Ciudad de M\u00e9xico, 28 mar (dpa) - En la campa\u00f1a electoral que comienza el viernes en M\u00e9xico rumbo a los comicios de julio, cuatro candidatos competir\u00e1n por suceder al presidente Enrique Pe\u00f1a Nieto y gobernar el segundo pa\u00eds m\u00e1s poblado de Am\u00e9rica Latina hasta 2024. Estos son sus perfiles y principales propuestas: RICARDO ANAYA, 39","inLanguage":"es-ES","isPartOf":{"@id":"https:\/\/www.eldigitaldeasturias.com\/noticias\/#website"},"breadcrumb":{"@id":"https:\/\/www.eldigitaldeasturias.com\/noticias\/cuatro-en-campana-por-la-presidencia-de-mexico\/#breadcrumblist"},"author":{"@id":"https:\/\/www.eldigitaldeasturias.com\/noticias\/author\/admin\/#author"},"creator":{"@id":"https:\/\/www.eldigitaldeasturias.com\/noticias\/author\/admin\/#author"},"image":{"@type":"ImageObject","url":973874,"@id":"https:\/\/www.eldigitaldeasturias.com\/noticias\/cuatro-en-campana-por-la-presidencia-de-mexico\/#mainImage"},"primaryImageOfPage":{"@id":"https:\/\/www.eldigitaldeasturias.com\/noticias\/cuatro-en-campana-por-la-presidencia-de-mexico\/#mainImage"},"datePublished":"2018-03-28T22:29:44+02:00","dateModified":"2018-03-28T22:29:44+02:00"},{"@type":"WebSite","@id":"https:\/\/www.eldigitaldeasturias.com\/noticias\/#website","url":"https:\/\/www.eldigitaldeasturias.com\/noticias\/","name":"El Digital de Asturias - Diario de actualidad y noticias","alternateName":"El Digital de Asturias - Diario de actualidad y noticias","description":"Hemeroteca","inLanguage":"es-ES","publisher":{"@id":"https:\/\/www.eldigitaldeasturias.com\/noticias\/#organization"}}]},"og:locale":"es_ES","og:site_name":"El Digital de Asturias","og:type":"article","og:title":"Cuatro en campa\u00f1a por la Presidencia de M\u00e9xico - El Digital de Asturias","og:description":"Ciudad de M\u00e9xico, 28 mar (dpa) - En la campa\u00f1a electoral que comienza el viernes en M\u00e9xico rumbo a los comicios de julio, cuatro candidatos competir\u00e1n por suceder al presidente Enrique Pe\u00f1a Nieto y gobernar el segundo pa\u00eds m\u00e1s poblado de Am\u00e9rica Latina hasta 2024. Estos son sus perfiles y principales propuestas: RICARDO ANAYA, 39","og:url":"https:\/\/www.eldigitaldeasturias.com\/noticias\/cuatro-en-campana-por-la-presidencia-de-mexico\/","article:tag":["actualidad"],"article:published_time":"2018-03-28T22:29:44+00:00","article:modified_time":"2018-03-28T22:29:44+00:00","article:publisher":"https:\/\/facebook.com\/eldigitaldeasturias","twitter:card":"summary_large_image","twitter:title":"Cuatro en campa\u00f1a por la Presidencia de M\u00e9xico - El Digital de Asturias","twitter:description":"Ciudad de M\u00e9xico, 28 mar (dpa) - En la campa\u00f1a electoral que comienza el viernes en M\u00e9xico rumbo a los comicios de julio, cuatro candidatos competir\u00e1n por suceder al presidente Enrique Pe\u00f1a Nieto y gobernar el segundo pa\u00eds m\u00e1s poblado de Am\u00e9rica Latina hasta 2024. Estos son sus perfiles y principales propuestas: RICARDO ANAYA, 39","twitter:image":"https:\/\/www.eldigitaldeasturias.com\/noticias\/wp-content\/uploads\/2020\/12\/EDA-1.jpg","twitter:label1":"Escrito por","twitter:data1":"El Digital de Asturias","twitter:label2":"Tiempo de lectura estimado","twitter:data2":"5 minutos"},"aioseo_meta_data":{"post_id":"973873","title":null,"description":null,"keywords":null,"keyphrases":null,"primary_term":null,"canonical_url":null,"og_title":null,"og_description":null,"og_object_type":"default","og_image_type":"default","og_image_url":null,"og_image_width":null,"og_image_height":null,"og_image_custom_url":null,"og_image_custom_fields":null,"og_video":null,"og_custom_url":null,"og_article_section":null,"og_article_tags":null,"twitter_use_og":false,"twitter_card":"default","twitter_image_type":"default","twitter_image_url":null,"twitter_image_custom_url":null,"twitter_image_custom_fields":null,"twitter_title":null,"twitter_description":null,"schema":{"blockGraphs":[],"customGraphs":[],"default":{"data":{"Article":[],"Course":[],"Dataset":[],"FAQPage":[],"Movie":[],"Person":[],"Product":[],"ProductReview":[],"Car":[],"Recipe":[],"Service":[],"SoftwareApplication":[],"WebPage":[]},"graphName":"","isEnabled":true},"graphs":[],"defaultGraph":"","defaultPostTypeGraph":""},"schema_type":null,"schema_type_options":null,"pillar_content":false,"robots_default":true,"robots_noindex":false,"robots_noarchive":false,"robots_nosnippet":false,"robots_nofollow":false,"robots_noimageindex":false,"robots_noodp":false,"robots_notranslate":false,"robots_max_snippet":null,"robots_max_videopreview":null,"robots_max_imagepreview":"large","priority":null,"frequency":null,"local_seo":null,"seo_analyzer_scan_date":"2025-10-07 18:13:14","breadcrumb_settings":null,"limit_modified_date":false,"open_ai":null,"ai":null,"created":"2020-12-21 12:15:36","updated":"2025-10-07 18:13:14","focus_keyword":null,"additional_keywords":null,"truseo_locale":null},"aioseo_breadcrumb":"<div class=\"aioseo-breadcrumbs\"><span class=\"aioseo-breadcrumb\">\n\t<a href=\"https:\/\/www.eldigitaldeasturias.com\/noticias\" title=\"Home\">Home<\/a>\n<\/span><span class=\"aioseo-breadcrumb-separator\">\u2013<\/span><span class=\"aioseo-breadcrumb\">\n\t<a href=\"https:\/\/www.eldigitaldeasturias.com\/noticias\/category\/actualidad\/\" title=\"Actualidad\">Actualidad<\/a>\n<\/span><span class=\"aioseo-breadcrumb-separator\">\u2013<\/span><span class=\"aioseo-breadcrumb\">\n\t<a href=\"https:\/\/www.eldigitaldeasturias.com\/noticias\/cuatro-en-campana-por-la-presidencia-de-mexico\/\" title=\"Cuatro en campa\u00f1a por la Presidencia de M\u00e9xico\">Cuatro en campa\u00f1a por la Presidencia de M\u00e9xico<\/a>\n<\/span><\/div>","aioseo_breadcrumb_json":[{"label":"Home","link":"https:\/\/www.eldigitaldeasturias.com\/noticias"},{"label":"Actualidad","link":"https:\/\/www.eldigitaldeasturias.com\/noticias\/category\/actualidad\/"},{"label":"Cuatro en campa\u00f1a por la Presidencia de M\u00e9xico","link":"https:\/\/www.eldigitaldeasturias.com\/noticias\/cuatro-en-campana-por-la-presidencia-de-mexico\/"}],"_links":{"self":[{"href":"https:\/\/www.eldigitaldeasturias.com\/noticias\/wp-json\/wp\/v2\/posts\/973873","targetHints":{"allow":["GET"]}}],"collection":[{"href":"https:\/\/www.eldigitaldeasturias.com\/noticias\/wp-json\/wp\/v2\/posts"}],"about":[{"href":"https:\/\/www.eldigitaldeasturias.com\/noticias\/wp-json\/wp\/v2\/types\/post"}],"author":[{"embeddable":true,"href":"https:\/\/www.eldigitaldeasturias.com\/noticias\/wp-json\/wp\/v2\/users\/1"}],"replies":[{"embeddable":true,"href":"https:\/\/www.eldigitaldeasturias.com\/noticias\/wp-json\/wp\/v2\/comments?post=973873"}],"version-history":[{"count":0,"href":"https:\/\/www.eldigitaldeasturias.com\/noticias\/wp-json\/wp\/v2\/posts\/973873\/revisions"}],"wp:attachment":[{"href":"https:\/\/www.eldigitaldeasturias.com\/noticias\/wp-json\/wp\/v2\/media?parent=973873"}],"wp:term":[{"taxonomy":"category","embeddable":true,"href":"https:\/\/www.eldigitaldeasturias.com\/noticias\/wp-json\/wp\/v2\/categories?post=973873"},{"taxonomy":"post_tag","embeddable":true,"href":"https:\/\/www.eldigitaldeasturias.com\/noticias\/wp-json\/wp\/v2\/tags?post=973873"}],"curies":[{"name":"wp","href":"https:\/\/api.w.org\/{rel}","templated":true}]}}