{"id":973826,"date":"2018-03-28T02:12:07","date_gmt":"2018-03-28T02:12:07","guid":{"rendered":"http:\/\/www.eldigitaldeasturias.com\/noticias\/?p=973826"},"modified":"2018-03-28T02:12:07","modified_gmt":"2018-03-28T02:12:07","slug":"trump-lleva-su-politica-antiinmigracion-al-censo-de-estados-unidos","status":"publish","type":"post","link":"https:\/\/www.eldigitaldeasturias.com\/noticias\/trump-lleva-su-politica-antiinmigracion-al-censo-de-estados-unidos\/","title":{"rendered":"Trump lleva su pol\u00edtica antiinmigraci\u00f3n al censo de Estados Unidos"},"content":{"rendered":"<p><img loading=\"lazy\" decoding=\"async\" class=\"alignleft size-medium wp-image-875869\" src=\"https:\/\/www.eldigitaldeasturias.com\/noticias\/wp-content\/uploads\/2016\/04\/Trump-360x198.jpg\" alt=\"\" width=\"360\" height=\"198\" \/>Washington, 27 mar (dpa) &#8211; La decisi\u00f3n de la administraci\u00f3n de Donald Trump de incluir en el censo de 2020 una pregunta sobre la nacionalidad del encuestado ha desencadenado una gran controversia en Estados Unidos, donde dos estados dem\u00f3cratas, California y Nueva York, han anunciado ya acciones en los tribunales contra ella.<\/p>\n<p>En el centro de todo est\u00e1 de nuevo el tema migratorio, en el que Trump y su Gobierno aplican tanta mano dura como les permiten el Congreso y los tribunales.<\/p>\n<p>El Departamento de Comercio, del que depende el cuestionario, anunci\u00f3 a \u00faltima hora del lunes su decisi\u00f3n de incluir en la encuesta del censo para 2020 la pregunta de si el encuestado es ciudadano o no.<\/p>\n<p>Es algo que se pregunt\u00f3 durante cien a\u00f1os, entre 1820 y 1950, pero que desde esa \u00faltima fecha no se ha vuelto a inquirir.<\/p>\n<p>El Departamento de Comercio justica su decisi\u00f3n en una forma de \u00abcontribuir a reforzar\u00bb el derecho de voto de las minor\u00edas. As\u00ed se sabr\u00e1, argumenta, cu\u00e1ntas personas tienen la nacionalidad estadounidense y con ella derecho a voto, argumenta.<\/p>\n<p>\u00abReducir\u00e1 la participaci\u00f3n (en el censo)\u00bb, manifest\u00f3 hoy Michelle Lujan Grisham, la presidenta del Caucus Hispano del Congreso, un grupo de presi\u00f3n integrado por legisladores de origen latino que trabaja para que en Capitol Hill se tengan en cuenta los intereses de la que es ya la minor\u00eda m\u00e1s grande del pa\u00eds. \u00abEs otra acci\u00f3n m\u00e1s de la administraci\u00f3n Trump para infundir miedo en nuestras comunidades y profundizar su agenda antiinmigrante\u00bb.<\/p>\n<p>La sospecha es que, con Trump en la Casa Blanca haciendo bandera de su promesa de deportar a los sin papeles, estos no participen en la realizaci\u00f3n del nuevo censo por miedo a que revelar su estatus migratorio se vuelva en su contra.<\/p>\n<p>Y si no participan, la poblaci\u00f3n de los estados en los que viven ser\u00e1 a efectos oficiales menor de la real. La distribuci\u00f3n de fondos federales a las comunidades locales se hace en base al censo.<\/p>\n<p>Los dem\u00f3cratas aseguran por ello que todo esto se traducir\u00e1 en un impacto en la financiaci\u00f3n y desarrollo de pol\u00edticas sociales -entre ellas relativas a la salud o la seguridad alimenticia-, que en Estados Unidos quedan ya de por s\u00ed lejos de los est\u00e1ndares europeos. Tambi\u00e9n impactar\u00e1 en el desarrollo de servicios como el transporte y la educaci\u00f3n, argumentan. Pero las consecuencias pueden ir m\u00e1s all\u00e1.<\/p>\n<p>La poblaci\u00f3n de Estados Unidos se mide cada diez a\u00f1os en el censo, que se realiza por correo y tambi\u00e9n lo hacen trabajadores que acuden a los domicilios con el cuestionario. La Constituci\u00f3n estadounidense establece que se use para fijar el n\u00famero de asientos que cada estado tiene en la C\u00e1mara de Representantes.<\/p>\n<p>La Casa Blanca \u00abapoya\u00bb la inclusi\u00f3n de la pregunta, dijo hoy su portavoz, Sarah Sanders, que asegur\u00f3 no obstante que la decisi\u00f3n se tom\u00f3 \u00aba nivel departamental\u00bb.<\/p>\n<p>Varios legisladores del Partido Dem\u00f3crata presentaron este martes en el Capitolio propuestas de ley para tratar de frenar al Gobierno de Trump en la introducci\u00f3n de la pregunta. Y California y Nueva York, los dos estados con mayor poblaci\u00f3n inmigrante y ambos en manos dem\u00f3cratas, anticiparon acciones en los tribunales.<\/p>\n<p>El estado de la costa oeste acudi\u00f3 de hecho ya a ellos. La pregunta es \u00abinconstitucional\u00bb, dijo el fiscal general californiano, Xavier Becerra. Nueva York anunci\u00f3 que liderar\u00e1 a un grupo de estados dem\u00f3cratas en una demanda contra la administraci\u00f3n Trump.<\/p>\n<p>Por Sara Barderas (dpa)<\/p>\n","protected":false},"excerpt":{"rendered":"<p>Washington, 27 mar (dpa) &#8211; La decisi\u00f3n de la administraci\u00f3n de Donald Trump de incluir en el censo de 2020 una pregunta sobre la nacionalidad del encuestado ha desencadenado una gran controversia en Estados Unidos, donde dos estados dem\u00f3cratas, California y Nueva York, han anunciado ya acciones en los tribunales contra ella. En el centro [&hellip;]<\/p>\n","protected":false},"author":1,"featured_media":971766,"comment_status":"closed","ping_status":"closed","sticky":false,"template":"","format":"standard","meta":{"footnotes":""},"categories":[1],"tags":[],"class_list":["post-973826","post","type-post","status-publish","format-standard","has-post-thumbnail","hentry","category-actualidad"],"aioseo_notices":[],"aioseo_head":"\n\t\t<!-- All in One SEO Pro 5.0.1 - aioseo.com -->\n\t<meta name=\"description\" content=\"Washington, 27 mar (dpa) - La decisi\u00f3n de la administraci\u00f3n de Donald Trump de incluir en el censo de 2020 una pregunta sobre la nacionalidad del encuestado ha desencadenado una gran controversia en Estados Unidos, donde dos estados dem\u00f3cratas, California y Nueva York, han anunciado ya acciones en los tribunales contra ella. En el centro\" \/>\n\t<meta name=\"robots\" content=\"max-image-preview:large\" \/>\n\t<meta name=\"author\" content=\"El Digital de Asturias\"\/>\n\t<meta name=\"google-site-verification\" content=\"UA-38556648-1\" \/>\n\t<meta name=\"msvalidate.01\" content=\"7dfe9f3f1b24437ab69f4f2559babe99\" \/>\n\t<meta name=\"keywords\" content=\"actualidad\" \/>\n\t<link rel=\"canonical\" href=\"https:\/\/www.eldigitaldeasturias.com\/noticias\/trump-lleva-su-politica-antiinmigracion-al-censo-de-estados-unidos\/\" \/>\n\t<meta name=\"generator\" content=\"All in One SEO Pro (AIOSEO) 5.0.1\" \/>\n\t\t<meta property=\"og:locale\" content=\"es_ES\" \/>\n\t\t<meta property=\"og:site_name\" content=\"El Digital de Asturias\" \/>\n\t\t<meta property=\"og:type\" content=\"article\" \/>\n\t\t<meta property=\"og:title\" content=\"Trump lleva su pol\u00edtica antiinmigraci\u00f3n al censo de Estados Unidos - El Digital de Asturias\" \/>\n\t\t<meta property=\"og:description\" content=\"Washington, 27 mar (dpa) - La decisi\u00f3n de la administraci\u00f3n de Donald Trump de incluir en el censo de 2020 una pregunta sobre la nacionalidad del encuestado ha desencadenado una gran controversia en Estados Unidos, donde dos estados dem\u00f3cratas, California y Nueva York, han anunciado ya acciones en los tribunales contra ella. En el centro\" \/>\n\t\t<meta property=\"og:url\" content=\"https:\/\/www.eldigitaldeasturias.com\/noticias\/trump-lleva-su-politica-antiinmigracion-al-censo-de-estados-unidos\/\" \/>\n\t\t<meta property=\"article:tag\" content=\"actualidad\" \/>\n\t\t<meta property=\"article:published_time\" content=\"2018-03-28T02:12:07+00:00\" \/>\n\t\t<meta property=\"article:modified_time\" content=\"2018-03-28T02:12:07+00:00\" \/>\n\t\t<meta property=\"article:publisher\" content=\"https:\/\/facebook.com\/eldigitaldeasturias\" \/>\n\t\t<meta name=\"twitter:card\" content=\"summary_large_image\" \/>\n\t\t<meta name=\"twitter:title\" content=\"Trump lleva su pol\u00edtica antiinmigraci\u00f3n al censo de Estados Unidos - El Digital de Asturias\" \/>\n\t\t<meta name=\"twitter:description\" content=\"Washington, 27 mar (dpa) - La decisi\u00f3n de la administraci\u00f3n de Donald Trump de incluir en el censo de 2020 una pregunta sobre la nacionalidad del encuestado ha desencadenado una gran controversia en Estados Unidos, donde dos estados dem\u00f3cratas, California y Nueva York, han anunciado ya acciones en los tribunales contra ella. En el centro\" \/>\n\t\t<meta name=\"twitter:image\" content=\"https:\/\/www.eldigitaldeasturias.com\/noticias\/wp-content\/uploads\/2020\/12\/EDA-1.jpg\" \/>\n\t\t<meta name=\"twitter:label1\" content=\"Escrito por\" \/>\n\t\t<meta name=\"twitter:data1\" content=\"El Digital de Asturias\" \/>\n\t\t<meta name=\"twitter:label2\" content=\"Tiempo de lectura estimado\" \/>\n\t\t<meta name=\"twitter:data2\" content=\"3 minutos\" \/>\n\t\t<script type=\"application\/ld+json\" class=\"aioseo-schema\">\n\t\t\t{\"@context\":\"https:\\\/\\\/schema.org\",\"@graph\":[{\"@type\":\"BlogPosting\",\"@id\":\"https:\\\/\\\/www.eldigitaldeasturias.com\\\/noticias\\\/trump-lleva-su-politica-antiinmigracion-al-censo-de-estados-unidos\\\/#blogposting\",\"name\":\"Trump lleva su pol\\u00edtica antiinmigraci\\u00f3n al censo de Estados Unidos - El Digital de Asturias\",\"headline\":\"Trump lleva su pol\\u00edtica antiinmigraci\\u00f3n al censo de Estados Unidos\",\"author\":{\"@id\":\"https:\\\/\\\/www.eldigitaldeasturias.com\\\/noticias\\\/author\\\/admin\\\/#author\"},\"publisher\":{\"@id\":\"https:\\\/\\\/www.eldigitaldeasturias.com\\\/noticias\\\/#organization\"},\"image\":{\"@type\":\"ImageObject\",\"url\":971766},\"datePublished\":\"2018-03-28T02:12:07+02:00\",\"dateModified\":\"2018-03-28T02:12:07+02:00\",\"inLanguage\":\"es-ES\",\"mainEntityOfPage\":{\"@id\":\"https:\\\/\\\/www.eldigitaldeasturias.com\\\/noticias\\\/trump-lleva-su-politica-antiinmigracion-al-censo-de-estados-unidos\\\/#webpage\"},\"isPartOf\":{\"@id\":\"https:\\\/\\\/www.eldigitaldeasturias.com\\\/noticias\\\/trump-lleva-su-politica-antiinmigracion-al-censo-de-estados-unidos\\\/#webpage\"},\"articleSection\":\"Actualidad\"},{\"@type\":\"BreadcrumbList\",\"@id\":\"https:\\\/\\\/www.eldigitaldeasturias.com\\\/noticias\\\/trump-lleva-su-politica-antiinmigracion-al-censo-de-estados-unidos\\\/#breadcrumblist\",\"itemListElement\":[{\"@type\":\"ListItem\",\"@id\":\"https:\\\/\\\/www.eldigitaldeasturias.com\\\/noticias#listItem\",\"position\":1,\"name\":\"Home\",\"item\":\"https:\\\/\\\/www.eldigitaldeasturias.com\\\/noticias\",\"nextItem\":{\"@type\":\"ListItem\",\"@id\":\"https:\\\/\\\/www.eldigitaldeasturias.com\\\/noticias\\\/category\\\/actualidad\\\/#listItem\",\"name\":\"Actualidad\"}},{\"@type\":\"ListItem\",\"@id\":\"https:\\\/\\\/www.eldigitaldeasturias.com\\\/noticias\\\/category\\\/actualidad\\\/#listItem\",\"position\":2,\"name\":\"Actualidad\",\"item\":\"https:\\\/\\\/www.eldigitaldeasturias.com\\\/noticias\\\/category\\\/actualidad\\\/\",\"nextItem\":{\"@type\":\"ListItem\",\"@id\":\"https:\\\/\\\/www.eldigitaldeasturias.com\\\/noticias\\\/trump-lleva-su-politica-antiinmigracion-al-censo-de-estados-unidos\\\/#listItem\",\"name\":\"Trump lleva su pol\\u00edtica antiinmigraci\\u00f3n al censo de Estados Unidos\"},\"previousItem\":{\"@type\":\"ListItem\",\"@id\":\"https:\\\/\\\/www.eldigitaldeasturias.com\\\/noticias#listItem\",\"name\":\"Home\"}},{\"@type\":\"ListItem\",\"@id\":\"https:\\\/\\\/www.eldigitaldeasturias.com\\\/noticias\\\/trump-lleva-su-politica-antiinmigracion-al-censo-de-estados-unidos\\\/#listItem\",\"position\":3,\"name\":\"Trump lleva su pol\\u00edtica antiinmigraci\\u00f3n al censo de Estados Unidos\",\"previousItem\":{\"@type\":\"ListItem\",\"@id\":\"https:\\\/\\\/www.eldigitaldeasturias.com\\\/noticias\\\/category\\\/actualidad\\\/#listItem\",\"name\":\"Actualidad\"}}]},{\"@type\":\"Organization\",\"@id\":\"https:\\\/\\\/www.eldigitaldeasturias.com\\\/noticias\\\/#organization\",\"name\":\"El Digital de Asturias\",\"description\":\"Hemeroteca\",\"url\":\"https:\\\/\\\/www.eldigitaldeasturias.com\\\/noticias\\\/\",\"email\":\"info@eldigitaldeasturias.com\",\"telephone\":\"+34652131393\",\"logo\":{\"@type\":\"ImageObject\",\"url\":\"https:\\\/\\\/www.eldigitaldeasturias.com\\\/noticias\\\/wp-content\\\/uploads\\\/2020\\\/12\\\/EDA.jpg\",\"@id\":\"https:\\\/\\\/www.eldigitaldeasturias.com\\\/noticias\\\/trump-lleva-su-politica-antiinmigracion-al-censo-de-estados-unidos\\\/#organizationLogo\"},\"image\":{\"@id\":\"https:\\\/\\\/www.eldigitaldeasturias.com\\\/noticias\\\/trump-lleva-su-politica-antiinmigracion-al-censo-de-estados-unidos\\\/#organizationLogo\"},\"sameAs\":[\"https:\\\/\\\/facebook.com\\\/eldigitaldeasturias\",\"https:\\\/\\\/www.youtube.com\\\/channel\\\/UCZP-2wLEB9Rv6erhFmqVnvg\"],\"address\":{\"@id\":\"https:\\\/\\\/www.eldigitaldeasturias.com\\\/noticias\\\/#postaladdress\",\"@type\":\"PostalAddress\",\"streetAddress\":\"san antonio 4\",\"postalCode\":\"33430\",\"addressLocality\":\"Cand\\u00e1s\",\"addressRegion\":\"Asturias\",\"addressCountry\":\"ES\"}},{\"@type\":\"Person\",\"@id\":\"https:\\\/\\\/www.eldigitaldeasturias.com\\\/noticias\\\/author\\\/admin\\\/#author\",\"url\":\"https:\\\/\\\/www.eldigitaldeasturias.com\\\/noticias\\\/author\\\/admin\\\/\",\"name\":\"El Digital de Asturias\",\"image\":{\"@type\":\"ImageObject\",\"@id\":\"https:\\\/\\\/www.eldigitaldeasturias.com\\\/noticias\\\/trump-lleva-su-politica-antiinmigracion-al-censo-de-estados-unidos\\\/#authorImage\",\"url\":\"https:\\\/\\\/secure.gravatar.com\\\/avatar\\\/df2aeffc32bcd13f8d26072ef8a91b623d677766deac7f97ca815868cd41bf5e?s=96&d=mm&r=g\",\"width\":96,\"height\":96,\"caption\":\"El Digital de Asturias\"}},{\"@type\":\"WebPage\",\"@id\":\"https:\\\/\\\/www.eldigitaldeasturias.com\\\/noticias\\\/trump-lleva-su-politica-antiinmigracion-al-censo-de-estados-unidos\\\/#webpage\",\"url\":\"https:\\\/\\\/www.eldigitaldeasturias.com\\\/noticias\\\/trump-lleva-su-politica-antiinmigracion-al-censo-de-estados-unidos\\\/\",\"name\":\"Trump lleva su pol\\u00edtica antiinmigraci\\u00f3n al censo de Estados Unidos - El Digital de Asturias\",\"description\":\"Washington, 27 mar (dpa) - La decisi\\u00f3n de la administraci\\u00f3n de Donald Trump de incluir en el censo de 2020 una pregunta sobre la nacionalidad del encuestado ha desencadenado una gran controversia en Estados Unidos, donde dos estados dem\\u00f3cratas, California y Nueva York, han anunciado ya acciones en los tribunales contra ella. En el centro\",\"inLanguage\":\"es-ES\",\"isPartOf\":{\"@id\":\"https:\\\/\\\/www.eldigitaldeasturias.com\\\/noticias\\\/#website\"},\"breadcrumb\":{\"@id\":\"https:\\\/\\\/www.eldigitaldeasturias.com\\\/noticias\\\/trump-lleva-su-politica-antiinmigracion-al-censo-de-estados-unidos\\\/#breadcrumblist\"},\"author\":{\"@id\":\"https:\\\/\\\/www.eldigitaldeasturias.com\\\/noticias\\\/author\\\/admin\\\/#author\"},\"creator\":{\"@id\":\"https:\\\/\\\/www.eldigitaldeasturias.com\\\/noticias\\\/author\\\/admin\\\/#author\"},\"image\":{\"@type\":\"ImageObject\",\"url\":971766,\"@id\":\"https:\\\/\\\/www.eldigitaldeasturias.com\\\/noticias\\\/trump-lleva-su-politica-antiinmigracion-al-censo-de-estados-unidos\\\/#mainImage\"},\"primaryImageOfPage\":{\"@id\":\"https:\\\/\\\/www.eldigitaldeasturias.com\\\/noticias\\\/trump-lleva-su-politica-antiinmigracion-al-censo-de-estados-unidos\\\/#mainImage\"},\"datePublished\":\"2018-03-28T02:12:07+02:00\",\"dateModified\":\"2018-03-28T02:12:07+02:00\"},{\"@type\":\"WebSite\",\"@id\":\"https:\\\/\\\/www.eldigitaldeasturias.com\\\/noticias\\\/#website\",\"url\":\"https:\\\/\\\/www.eldigitaldeasturias.com\\\/noticias\\\/\",\"name\":\"El Digital de Asturias - Diario de actualidad y noticias\",\"alternateName\":\"El Digital de Asturias - Diario de actualidad y noticias\",\"description\":\"Hemeroteca\",\"inLanguage\":\"es-ES\",\"publisher\":{\"@id\":\"https:\\\/\\\/www.eldigitaldeasturias.com\\\/noticias\\\/#organization\"}}]}\n\t\t<\/script>\n\t\t<!-- All in One SEO Pro -->\r\n\t\t<title>Trump lleva su pol\u00edtica antiinmigraci\u00f3n al censo de Estados Unidos - El Digital de Asturias<\/title>\n\n","aioseo_head_json":{"title":"Trump lleva su pol\u00edtica antiinmigraci\u00f3n al censo de Estados Unidos - El Digital de Asturias","description":"Washington, 27 mar (dpa) - La decisi\u00f3n de la administraci\u00f3n de Donald Trump de incluir en el censo de 2020 una pregunta sobre la nacionalidad del encuestado ha desencadenado una gran controversia en Estados Unidos, donde dos estados dem\u00f3cratas, California y Nueva York, han anunciado ya acciones en los tribunales contra ella. En el centro","canonical_url":"https:\/\/www.eldigitaldeasturias.com\/noticias\/trump-lleva-su-politica-antiinmigracion-al-censo-de-estados-unidos\/","robots":"max-image-preview:large","keywords":"actualidad","webmasterTools":{"google-site-verification":"UA-38556648-1","msvalidate.01":"7dfe9f3f1b24437ab69f4f2559babe99","miscellaneous":""},"schema":{"@context":"https:\/\/schema.org","@graph":[{"@type":"BlogPosting","@id":"https:\/\/www.eldigitaldeasturias.com\/noticias\/trump-lleva-su-politica-antiinmigracion-al-censo-de-estados-unidos\/#blogposting","name":"Trump lleva su pol\u00edtica antiinmigraci\u00f3n al censo de Estados Unidos - El Digital de Asturias","headline":"Trump lleva su pol\u00edtica antiinmigraci\u00f3n al censo de Estados Unidos","author":{"@id":"https:\/\/www.eldigitaldeasturias.com\/noticias\/author\/admin\/#author"},"publisher":{"@id":"https:\/\/www.eldigitaldeasturias.com\/noticias\/#organization"},"image":{"@type":"ImageObject","url":971766},"datePublished":"2018-03-28T02:12:07+02:00","dateModified":"2018-03-28T02:12:07+02:00","inLanguage":"es-ES","mainEntityOfPage":{"@id":"https:\/\/www.eldigitaldeasturias.com\/noticias\/trump-lleva-su-politica-antiinmigracion-al-censo-de-estados-unidos\/#webpage"},"isPartOf":{"@id":"https:\/\/www.eldigitaldeasturias.com\/noticias\/trump-lleva-su-politica-antiinmigracion-al-censo-de-estados-unidos\/#webpage"},"articleSection":"Actualidad"},{"@type":"BreadcrumbList","@id":"https:\/\/www.eldigitaldeasturias.com\/noticias\/trump-lleva-su-politica-antiinmigracion-al-censo-de-estados-unidos\/#breadcrumblist","itemListElement":[{"@type":"ListItem","@id":"https:\/\/www.eldigitaldeasturias.com\/noticias#listItem","position":1,"name":"Home","item":"https:\/\/www.eldigitaldeasturias.com\/noticias","nextItem":{"@type":"ListItem","@id":"https:\/\/www.eldigitaldeasturias.com\/noticias\/category\/actualidad\/#listItem","name":"Actualidad"}},{"@type":"ListItem","@id":"https:\/\/www.eldigitaldeasturias.com\/noticias\/category\/actualidad\/#listItem","position":2,"name":"Actualidad","item":"https:\/\/www.eldigitaldeasturias.com\/noticias\/category\/actualidad\/","nextItem":{"@type":"ListItem","@id":"https:\/\/www.eldigitaldeasturias.com\/noticias\/trump-lleva-su-politica-antiinmigracion-al-censo-de-estados-unidos\/#listItem","name":"Trump lleva su pol\u00edtica antiinmigraci\u00f3n al censo de Estados Unidos"},"previousItem":{"@type":"ListItem","@id":"https:\/\/www.eldigitaldeasturias.com\/noticias#listItem","name":"Home"}},{"@type":"ListItem","@id":"https:\/\/www.eldigitaldeasturias.com\/noticias\/trump-lleva-su-politica-antiinmigracion-al-censo-de-estados-unidos\/#listItem","position":3,"name":"Trump lleva su pol\u00edtica antiinmigraci\u00f3n al censo de Estados Unidos","previousItem":{"@type":"ListItem","@id":"https:\/\/www.eldigitaldeasturias.com\/noticias\/category\/actualidad\/#listItem","name":"Actualidad"}}]},{"@type":"Organization","@id":"https:\/\/www.eldigitaldeasturias.com\/noticias\/#organization","name":"El Digital de Asturias","description":"Hemeroteca","url":"https:\/\/www.eldigitaldeasturias.com\/noticias\/","email":"info@eldigitaldeasturias.com","telephone":"+34652131393","logo":{"@type":"ImageObject","url":"https:\/\/www.eldigitaldeasturias.com\/noticias\/wp-content\/uploads\/2020\/12\/EDA.jpg","@id":"https:\/\/www.eldigitaldeasturias.com\/noticias\/trump-lleva-su-politica-antiinmigracion-al-censo-de-estados-unidos\/#organizationLogo"},"image":{"@id":"https:\/\/www.eldigitaldeasturias.com\/noticias\/trump-lleva-su-politica-antiinmigracion-al-censo-de-estados-unidos\/#organizationLogo"},"sameAs":["https:\/\/facebook.com\/eldigitaldeasturias","https:\/\/www.youtube.com\/channel\/UCZP-2wLEB9Rv6erhFmqVnvg"],"address":{"@id":"https:\/\/www.eldigitaldeasturias.com\/noticias\/#postaladdress","@type":"PostalAddress","streetAddress":"san antonio 4","postalCode":"33430","addressLocality":"Cand\u00e1s","addressRegion":"Asturias","addressCountry":"ES"}},{"@type":"Person","@id":"https:\/\/www.eldigitaldeasturias.com\/noticias\/author\/admin\/#author","url":"https:\/\/www.eldigitaldeasturias.com\/noticias\/author\/admin\/","name":"El Digital de Asturias","image":{"@type":"ImageObject","@id":"https:\/\/www.eldigitaldeasturias.com\/noticias\/trump-lleva-su-politica-antiinmigracion-al-censo-de-estados-unidos\/#authorImage","url":"https:\/\/secure.gravatar.com\/avatar\/df2aeffc32bcd13f8d26072ef8a91b623d677766deac7f97ca815868cd41bf5e?s=96&d=mm&r=g","width":96,"height":96,"caption":"El Digital de Asturias"}},{"@type":"WebPage","@id":"https:\/\/www.eldigitaldeasturias.com\/noticias\/trump-lleva-su-politica-antiinmigracion-al-censo-de-estados-unidos\/#webpage","url":"https:\/\/www.eldigitaldeasturias.com\/noticias\/trump-lleva-su-politica-antiinmigracion-al-censo-de-estados-unidos\/","name":"Trump lleva su pol\u00edtica antiinmigraci\u00f3n al censo de Estados Unidos - El Digital de Asturias","description":"Washington, 27 mar (dpa) - La decisi\u00f3n de la administraci\u00f3n de Donald Trump de incluir en el censo de 2020 una pregunta sobre la nacionalidad del encuestado ha desencadenado una gran controversia en Estados Unidos, donde dos estados dem\u00f3cratas, California y Nueva York, han anunciado ya acciones en los tribunales contra ella. En el centro","inLanguage":"es-ES","isPartOf":{"@id":"https:\/\/www.eldigitaldeasturias.com\/noticias\/#website"},"breadcrumb":{"@id":"https:\/\/www.eldigitaldeasturias.com\/noticias\/trump-lleva-su-politica-antiinmigracion-al-censo-de-estados-unidos\/#breadcrumblist"},"author":{"@id":"https:\/\/www.eldigitaldeasturias.com\/noticias\/author\/admin\/#author"},"creator":{"@id":"https:\/\/www.eldigitaldeasturias.com\/noticias\/author\/admin\/#author"},"image":{"@type":"ImageObject","url":971766,"@id":"https:\/\/www.eldigitaldeasturias.com\/noticias\/trump-lleva-su-politica-antiinmigracion-al-censo-de-estados-unidos\/#mainImage"},"primaryImageOfPage":{"@id":"https:\/\/www.eldigitaldeasturias.com\/noticias\/trump-lleva-su-politica-antiinmigracion-al-censo-de-estados-unidos\/#mainImage"},"datePublished":"2018-03-28T02:12:07+02:00","dateModified":"2018-03-28T02:12:07+02:00"},{"@type":"WebSite","@id":"https:\/\/www.eldigitaldeasturias.com\/noticias\/#website","url":"https:\/\/www.eldigitaldeasturias.com\/noticias\/","name":"El Digital de Asturias - Diario de actualidad y noticias","alternateName":"El Digital de Asturias - Diario de actualidad y noticias","description":"Hemeroteca","inLanguage":"es-ES","publisher":{"@id":"https:\/\/www.eldigitaldeasturias.com\/noticias\/#organization"}}]},"og:locale":"es_ES","og:site_name":"El Digital de Asturias","og:type":"article","og:title":"Trump lleva su pol\u00edtica antiinmigraci\u00f3n al censo de Estados Unidos - El Digital de Asturias","og:description":"Washington, 27 mar (dpa) - La decisi\u00f3n de la administraci\u00f3n de Donald Trump de incluir en el censo de 2020 una pregunta sobre la nacionalidad del encuestado ha desencadenado una gran controversia en Estados Unidos, donde dos estados dem\u00f3cratas, California y Nueva York, han anunciado ya acciones en los tribunales contra ella. En el centro","og:url":"https:\/\/www.eldigitaldeasturias.com\/noticias\/trump-lleva-su-politica-antiinmigracion-al-censo-de-estados-unidos\/","article:tag":["actualidad"],"article:published_time":"2018-03-28T02:12:07+00:00","article:modified_time":"2018-03-28T02:12:07+00:00","article:publisher":"https:\/\/facebook.com\/eldigitaldeasturias","twitter:card":"summary_large_image","twitter:title":"Trump lleva su pol\u00edtica antiinmigraci\u00f3n al censo de Estados Unidos - El Digital de Asturias","twitter:description":"Washington, 27 mar (dpa) - La decisi\u00f3n de la administraci\u00f3n de Donald Trump de incluir en el censo de 2020 una pregunta sobre la nacionalidad del encuestado ha desencadenado una gran controversia en Estados Unidos, donde dos estados dem\u00f3cratas, California y Nueva York, han anunciado ya acciones en los tribunales contra ella. En el centro","twitter:image":"https:\/\/www.eldigitaldeasturias.com\/noticias\/wp-content\/uploads\/2020\/12\/EDA-1.jpg","twitter:label1":"Escrito por","twitter:data1":"El Digital de Asturias","twitter:label2":"Tiempo de lectura estimado","twitter:data2":"3 minutos"},"aioseo_meta_data":{"post_id":"973826","title":null,"description":null,"keywords":null,"keyphrases":null,"primary_term":null,"canonical_url":null,"og_title":null,"og_description":null,"og_object_type":"default","og_image_type":"default","og_image_url":null,"og_image_width":null,"og_image_height":null,"og_image_custom_url":null,"og_image_custom_fields":null,"og_video":null,"og_custom_url":null,"og_article_section":null,"og_article_tags":null,"twitter_use_og":false,"twitter_card":"default","twitter_image_type":"default","twitter_image_url":null,"twitter_image_custom_url":null,"twitter_image_custom_fields":null,"twitter_title":null,"twitter_description":null,"schema":{"blockGraphs":[],"customGraphs":[],"default":{"data":{"Article":[],"Course":[],"Dataset":[],"FAQPage":[],"Movie":[],"Person":[],"Product":[],"ProductReview":[],"Car":[],"Recipe":[],"Service":[],"SoftwareApplication":[],"WebPage":[]},"graphName":"","isEnabled":true},"graphs":[],"defaultGraph":"","defaultPostTypeGraph":""},"schema_type":null,"schema_type_options":null,"pillar_content":false,"robots_default":true,"robots_noindex":false,"robots_noarchive":false,"robots_nosnippet":false,"robots_nofollow":false,"robots_noimageindex":false,"robots_noodp":false,"robots_notranslate":false,"robots_max_snippet":null,"robots_max_videopreview":null,"robots_max_imagepreview":"large","priority":null,"frequency":null,"local_seo":null,"seo_analyzer_scan_date":"2025-10-07 17:59:08","breadcrumb_settings":null,"limit_modified_date":false,"open_ai":null,"ai":null,"created":"2020-12-21 12:15:36","updated":"2025-10-07 17:59:08","focus_keyword":null,"additional_keywords":null,"truseo_locale":null},"aioseo_breadcrumb":"<div class=\"aioseo-breadcrumbs\"><span class=\"aioseo-breadcrumb\">\n\t<a href=\"https:\/\/www.eldigitaldeasturias.com\/noticias\" title=\"Home\">Home<\/a>\n<\/span><span class=\"aioseo-breadcrumb-separator\">\u2013<\/span><span class=\"aioseo-breadcrumb\">\n\t<a href=\"https:\/\/www.eldigitaldeasturias.com\/noticias\/category\/actualidad\/\" title=\"Actualidad\">Actualidad<\/a>\n<\/span><span class=\"aioseo-breadcrumb-separator\">\u2013<\/span><span class=\"aioseo-breadcrumb\">\n\t<a href=\"https:\/\/www.eldigitaldeasturias.com\/noticias\/trump-lleva-su-politica-antiinmigracion-al-censo-de-estados-unidos\/\" title=\"Trump lleva su pol\u00edtica antiinmigraci\u00f3n al censo de Estados Unidos\">Trump lleva su pol\u00edtica antiinmigraci\u00f3n al censo de Estados Unidos<\/a>\n<\/span><\/div>","aioseo_breadcrumb_json":[{"label":"Home","link":"https:\/\/www.eldigitaldeasturias.com\/noticias"},{"label":"Actualidad","link":"https:\/\/www.eldigitaldeasturias.com\/noticias\/category\/actualidad\/"},{"label":"Trump lleva su pol\u00edtica antiinmigraci\u00f3n al censo de Estados Unidos","link":"https:\/\/www.eldigitaldeasturias.com\/noticias\/trump-lleva-su-politica-antiinmigracion-al-censo-de-estados-unidos\/"}],"_links":{"self":[{"href":"https:\/\/www.eldigitaldeasturias.com\/noticias\/wp-json\/wp\/v2\/posts\/973826","targetHints":{"allow":["GET"]}}],"collection":[{"href":"https:\/\/www.eldigitaldeasturias.com\/noticias\/wp-json\/wp\/v2\/posts"}],"about":[{"href":"https:\/\/www.eldigitaldeasturias.com\/noticias\/wp-json\/wp\/v2\/types\/post"}],"author":[{"embeddable":true,"href":"https:\/\/www.eldigitaldeasturias.com\/noticias\/wp-json\/wp\/v2\/users\/1"}],"replies":[{"embeddable":true,"href":"https:\/\/www.eldigitaldeasturias.com\/noticias\/wp-json\/wp\/v2\/comments?post=973826"}],"version-history":[{"count":0,"href":"https:\/\/www.eldigitaldeasturias.com\/noticias\/wp-json\/wp\/v2\/posts\/973826\/revisions"}],"wp:attachment":[{"href":"https:\/\/www.eldigitaldeasturias.com\/noticias\/wp-json\/wp\/v2\/media?parent=973826"}],"wp:term":[{"taxonomy":"category","embeddable":true,"href":"https:\/\/www.eldigitaldeasturias.com\/noticias\/wp-json\/wp\/v2\/categories?post=973826"},{"taxonomy":"post_tag","embeddable":true,"href":"https:\/\/www.eldigitaldeasturias.com\/noticias\/wp-json\/wp\/v2\/tags?post=973826"}],"curies":[{"name":"wp","href":"https:\/\/api.w.org\/{rel}","templated":true}]}}