{"id":973796,"date":"2018-03-27T22:04:30","date_gmt":"2018-03-27T22:04:30","guid":{"rendered":"http:\/\/www.eldigitaldeasturias.com\/noticias\/?p=973796"},"modified":"2018-03-27T22:04:30","modified_gmt":"2018-03-27T22:04:30","slug":"mark-zuckerberg-declarara-ante-una-comision-del-congreso-de-estados-unidos","status":"publish","type":"post","link":"https:\/\/www.eldigitaldeasturias.com\/noticias\/mark-zuckerberg-declarara-ante-una-comision-del-congreso-de-estados-unidos\/","title":{"rendered":"Mark Zuckerberg declarar\u00e1 ante una comisi\u00f3n del Congreso de Estados Unidos"},"content":{"rendered":"<p><img loading=\"lazy\" decoding=\"async\" class=\"alignleft size-medium wp-image-973365\" src=\"https:\/\/www.eldigitaldeasturias.com\/noticias\/wp-content\/uploads\/2018\/03\/Facebook-tocado-y-hundido_image_380-360x262.jpg\" alt=\"\" width=\"360\" height=\"262\" \/>Washington, 27 mar (dpa) &#8211; El jefe ejecutivo de Facebook, Mark Zuckerberg, declarar\u00e1 ante una comisi\u00f3n del Congreso de Estados Unidos por el esc\u00e1ndalo por el uso de datos de millones de usuarios de la plataforma sin su consentimiento, informaron hoy<br \/>\nmedios estadounidenses.<\/p>\n<p>La comisi\u00f3n judicial del Senado, liderada por el republicano Chuck Grassley, cit\u00f3 a Zuckerberg para el pr\u00f3ximo 10 de abril, inform\u00f3 hoy la cadena CNN, que agreg\u00f3 que Facebook est\u00e1 preparando su estrategia para la presentaci\u00f3n.<\/p>\n<p>La Comisi\u00f3n Federal de Comercio de Estados Unidos (FTC) hab\u00eda confirmado el lunes que investigar\u00e1 a Facebook por sus pr\u00e1cticas de privacidad.<\/p>\n<p>Por otra parte, el CEO de Facebook, de 33 a\u00f1os, rechaz\u00f3 declarar en persona ante una comisi\u00f3n del Parlamento brit\u00e1nico en el marzo de la misma causa, inform\u00f3 la compa\u00f1\u00eda. La empresa ofreci\u00f3 enviar en su lugar al jefe t\u00e9cnico, Mike Schroepfer, y al jefe de producto, Chris Cox.<\/p>\n<p>Ante la misma comisi\u00f3n, el analista de datos Christopher Wylie, que revel\u00f3 el esc\u00e1ndalo a la prensa, dijo hoy que la informaci\u00f3n de Facebook constitu\u00eda una base de datos fundamental para la firma Cambridge Analytica.<\/p>\n<p>La empresa, con sede en Londres, qued\u00f3 en el centro de una pol\u00e9mica hace dos semanas despu\u00e9s de que Wylie revelara a diversos medios que utiliz\u00f3 datos de unos 50 millones de usuarios de Facebook sin su consentimiento para un trabajo a favor de la campa\u00f1a electoral de 2016 del presidente estadounidense Donald Trump.<\/p>\n<p>El domingo, Zuckerberg public\u00f3 avisos en diarios de Estados Unidos y Reino Unido para pedir disculpas. Este martes tambi\u00e9n public\u00f3 avisos en diarios alemanes.<\/p>\n<p>\u00abSeguramente habr\u00e1s o\u00eddo que la aplicaci\u00f3n de un investigador comparti\u00f3 en el a\u00f1o 2014 los datos de Facebook de millones de personas sin su consentimiento\u00bb, reza el anuncio a toda p\u00e1gina de Facebook y firmado por el jefe ejecutivo de la compa\u00f1\u00eda, Mark Zuckerberg, que incluyen hoy diarios nacionales germanos como el \u00abS\u00fcddeutsche Zeitung\u00bb o el \u00abFrankfurter Allgemeine Zeitung\u00bb.<\/p>\n<p>\u00abNuestra responsabilidad es proteger tu informaci\u00f3n. Si no podemos hacerlo, no nos merceremos esa responsabilidad. Ha sido un abuso de confianza y me quiero disculpar por no haber hecho m\u00e1s en aquel entonces para que esto no hubiese pasado\u00bb, a\u00f1ade.<\/p>\n<p>En los anuncios, Facebook asegura que ahora est\u00e1 dando los pasos necesarios para garantizar que un episodio similar no se pueda repetir en un futuro.<\/p>\n<p>Responsables en Europa de la red social se comprometieron este lunes ante la ministra de Justicia de Alemania, Katarina Barley, a informar a todos los usuarios que se vieron afectados por el esc\u00e1ndalo de la filtraci\u00f3n masiva de datos.<\/p>\n<p>El esc\u00e1ndalo tiene amplias \u00abconsecuencias para la democracia\u00bb, alert\u00f3 tambi\u00e9n hoy la comisaria de Justicia de la UE, Vera Jourova, en una carta dirigida a la directora operativa de Facebook, Sheryl Sandberg, a la que tuvo acceso dpa.<\/p>\n<p>La comisaria europea afirm\u00f3 que la respuesta de Facebook no ha aliviado las preocupaciones. \u00abEsto es particularmente decepcionante teniendo en cuenta nuestros esfuerzos por construir una relaci\u00f3n basada en la confianza\u00bb con la red social, escribe Jourova. \u00abAhora esta confianza se ha visto mermada.\u00bb<\/p>\n<p>La funcionaria realiz\u00f3 una serie de preguntas a Facebook y le dio dos semanas para responder. Entre las preguntas figuran si los datos de ciudadanos de la UE se han visto afectados por el reciente esc\u00e1ndalo, si algo similar podr\u00eda volver a ocurrir, c\u00f3mo aplica Facebook las leyes de privacidad de la UE y si son necesarias leyes m\u00e1s estrictas.<\/p>\n<p>&nbsp;<\/p>\n","protected":false},"excerpt":{"rendered":"<p>Washington, 27 mar (dpa) &#8211; El jefe ejecutivo de Facebook, Mark Zuckerberg, declarar\u00e1 ante una comisi\u00f3n del Congreso de Estados Unidos por el esc\u00e1ndalo por el uso de datos de millones de usuarios de la plataforma sin su consentimiento, informaron hoy medios estadounidenses. La comisi\u00f3n judicial del Senado, liderada por el republicano Chuck Grassley, cit\u00f3 [&hellip;]<\/p>\n","protected":false},"author":1,"featured_media":973365,"comment_status":"closed","ping_status":"closed","sticky":false,"template":"","format":"standard","meta":{"footnotes":""},"categories":[1],"tags":[],"class_list":["post-973796","post","type-post","status-publish","format-standard","has-post-thumbnail","hentry","category-actualidad"],"aioseo_notices":[],"aioseo_head":"\n\t\t<!-- All in One SEO Pro 5.0.1 - aioseo.com -->\n\t<meta name=\"description\" content=\"Washington, 27 mar (dpa) - El jefe ejecutivo de Facebook, Mark Zuckerberg, declarar\u00e1 ante una comisi\u00f3n del Congreso de Estados Unidos por el esc\u00e1ndalo por el uso de datos de millones de usuarios de la plataforma sin su consentimiento, informaron hoy medios estadounidenses. La comisi\u00f3n judicial del Senado, liderada por el republicano Chuck Grassley, cit\u00f3\" \/>\n\t<meta name=\"robots\" content=\"max-image-preview:large\" \/>\n\t<meta name=\"author\" content=\"El Digital de Asturias\"\/>\n\t<meta name=\"google-site-verification\" content=\"UA-38556648-1\" \/>\n\t<meta name=\"msvalidate.01\" content=\"7dfe9f3f1b24437ab69f4f2559babe99\" \/>\n\t<meta name=\"keywords\" content=\"actualidad\" \/>\n\t<link rel=\"canonical\" href=\"https:\/\/www.eldigitaldeasturias.com\/noticias\/mark-zuckerberg-declarara-ante-una-comision-del-congreso-de-estados-unidos\/\" \/>\n\t<meta name=\"generator\" content=\"All in One SEO Pro (AIOSEO) 5.0.1\" \/>\n\t\t<meta property=\"og:locale\" content=\"es_ES\" \/>\n\t\t<meta property=\"og:site_name\" content=\"El Digital de Asturias\" \/>\n\t\t<meta property=\"og:type\" content=\"article\" \/>\n\t\t<meta property=\"og:title\" content=\"Mark Zuckerberg declarar\u00e1 ante una comisi\u00f3n del Congreso de Estados Unidos - El Digital de Asturias\" \/>\n\t\t<meta property=\"og:description\" content=\"Washington, 27 mar (dpa) - El jefe ejecutivo de Facebook, Mark Zuckerberg, declarar\u00e1 ante una comisi\u00f3n del Congreso de Estados Unidos por el esc\u00e1ndalo por el uso de datos de millones de usuarios de la plataforma sin su consentimiento, informaron hoy medios estadounidenses. La comisi\u00f3n judicial del Senado, liderada por el republicano Chuck Grassley, cit\u00f3\" \/>\n\t\t<meta property=\"og:url\" content=\"https:\/\/www.eldigitaldeasturias.com\/noticias\/mark-zuckerberg-declarara-ante-una-comision-del-congreso-de-estados-unidos\/\" \/>\n\t\t<meta property=\"article:tag\" content=\"actualidad\" \/>\n\t\t<meta property=\"article:published_time\" content=\"2018-03-27T22:04:30+00:00\" \/>\n\t\t<meta property=\"article:modified_time\" content=\"2018-03-27T22:04:30+00:00\" \/>\n\t\t<meta property=\"article:publisher\" content=\"https:\/\/facebook.com\/eldigitaldeasturias\" \/>\n\t\t<meta name=\"twitter:card\" content=\"summary_large_image\" \/>\n\t\t<meta name=\"twitter:title\" content=\"Mark Zuckerberg declarar\u00e1 ante una comisi\u00f3n del Congreso de Estados Unidos - El Digital de Asturias\" \/>\n\t\t<meta name=\"twitter:description\" content=\"Washington, 27 mar (dpa) - El jefe ejecutivo de Facebook, Mark Zuckerberg, declarar\u00e1 ante una comisi\u00f3n del Congreso de Estados Unidos por el esc\u00e1ndalo por el uso de datos de millones de usuarios de la plataforma sin su consentimiento, informaron hoy medios estadounidenses. La comisi\u00f3n judicial del Senado, liderada por el republicano Chuck Grassley, cit\u00f3\" \/>\n\t\t<meta name=\"twitter:image\" content=\"https:\/\/www.eldigitaldeasturias.com\/noticias\/wp-content\/uploads\/2020\/12\/EDA-1.jpg\" \/>\n\t\t<meta name=\"twitter:label1\" content=\"Escrito por\" \/>\n\t\t<meta name=\"twitter:data1\" content=\"El Digital de Asturias\" \/>\n\t\t<meta name=\"twitter:label2\" content=\"Tiempo de lectura estimado\" \/>\n\t\t<meta name=\"twitter:data2\" content=\"3 minutos\" \/>\n\t\t<script type=\"application\/ld+json\" class=\"aioseo-schema\">\n\t\t\t{\"@context\":\"https:\\\/\\\/schema.org\",\"@graph\":[{\"@type\":\"BlogPosting\",\"@id\":\"https:\\\/\\\/www.eldigitaldeasturias.com\\\/noticias\\\/mark-zuckerberg-declarara-ante-una-comision-del-congreso-de-estados-unidos\\\/#blogposting\",\"name\":\"Mark Zuckerberg declarar\\u00e1 ante una comisi\\u00f3n del Congreso de Estados Unidos - El Digital de Asturias\",\"headline\":\"Mark Zuckerberg declarar\\u00e1 ante una comisi\\u00f3n del Congreso de Estados Unidos\",\"author\":{\"@id\":\"https:\\\/\\\/www.eldigitaldeasturias.com\\\/noticias\\\/author\\\/admin\\\/#author\"},\"publisher\":{\"@id\":\"https:\\\/\\\/www.eldigitaldeasturias.com\\\/noticias\\\/#organization\"},\"image\":{\"@type\":\"ImageObject\",\"url\":973365},\"datePublished\":\"2018-03-27T22:04:30+02:00\",\"dateModified\":\"2018-03-27T22:04:30+02:00\",\"inLanguage\":\"es-ES\",\"mainEntityOfPage\":{\"@id\":\"https:\\\/\\\/www.eldigitaldeasturias.com\\\/noticias\\\/mark-zuckerberg-declarara-ante-una-comision-del-congreso-de-estados-unidos\\\/#webpage\"},\"isPartOf\":{\"@id\":\"https:\\\/\\\/www.eldigitaldeasturias.com\\\/noticias\\\/mark-zuckerberg-declarara-ante-una-comision-del-congreso-de-estados-unidos\\\/#webpage\"},\"articleSection\":\"Actualidad\"},{\"@type\":\"BreadcrumbList\",\"@id\":\"https:\\\/\\\/www.eldigitaldeasturias.com\\\/noticias\\\/mark-zuckerberg-declarara-ante-una-comision-del-congreso-de-estados-unidos\\\/#breadcrumblist\",\"itemListElement\":[{\"@type\":\"ListItem\",\"@id\":\"https:\\\/\\\/www.eldigitaldeasturias.com\\\/noticias#listItem\",\"position\":1,\"name\":\"Home\",\"item\":\"https:\\\/\\\/www.eldigitaldeasturias.com\\\/noticias\",\"nextItem\":{\"@type\":\"ListItem\",\"@id\":\"https:\\\/\\\/www.eldigitaldeasturias.com\\\/noticias\\\/category\\\/actualidad\\\/#listItem\",\"name\":\"Actualidad\"}},{\"@type\":\"ListItem\",\"@id\":\"https:\\\/\\\/www.eldigitaldeasturias.com\\\/noticias\\\/category\\\/actualidad\\\/#listItem\",\"position\":2,\"name\":\"Actualidad\",\"item\":\"https:\\\/\\\/www.eldigitaldeasturias.com\\\/noticias\\\/category\\\/actualidad\\\/\",\"nextItem\":{\"@type\":\"ListItem\",\"@id\":\"https:\\\/\\\/www.eldigitaldeasturias.com\\\/noticias\\\/mark-zuckerberg-declarara-ante-una-comision-del-congreso-de-estados-unidos\\\/#listItem\",\"name\":\"Mark Zuckerberg declarar\\u00e1 ante una comisi\\u00f3n del Congreso de Estados Unidos\"},\"previousItem\":{\"@type\":\"ListItem\",\"@id\":\"https:\\\/\\\/www.eldigitaldeasturias.com\\\/noticias#listItem\",\"name\":\"Home\"}},{\"@type\":\"ListItem\",\"@id\":\"https:\\\/\\\/www.eldigitaldeasturias.com\\\/noticias\\\/mark-zuckerberg-declarara-ante-una-comision-del-congreso-de-estados-unidos\\\/#listItem\",\"position\":3,\"name\":\"Mark Zuckerberg declarar\\u00e1 ante una comisi\\u00f3n del Congreso de Estados Unidos\",\"previousItem\":{\"@type\":\"ListItem\",\"@id\":\"https:\\\/\\\/www.eldigitaldeasturias.com\\\/noticias\\\/category\\\/actualidad\\\/#listItem\",\"name\":\"Actualidad\"}}]},{\"@type\":\"Organization\",\"@id\":\"https:\\\/\\\/www.eldigitaldeasturias.com\\\/noticias\\\/#organization\",\"name\":\"El Digital de Asturias\",\"description\":\"Hemeroteca\",\"url\":\"https:\\\/\\\/www.eldigitaldeasturias.com\\\/noticias\\\/\",\"email\":\"info@eldigitaldeasturias.com\",\"telephone\":\"+34652131393\",\"logo\":{\"@type\":\"ImageObject\",\"url\":\"https:\\\/\\\/www.eldigitaldeasturias.com\\\/noticias\\\/wp-content\\\/uploads\\\/2020\\\/12\\\/EDA.jpg\",\"@id\":\"https:\\\/\\\/www.eldigitaldeasturias.com\\\/noticias\\\/mark-zuckerberg-declarara-ante-una-comision-del-congreso-de-estados-unidos\\\/#organizationLogo\"},\"image\":{\"@id\":\"https:\\\/\\\/www.eldigitaldeasturias.com\\\/noticias\\\/mark-zuckerberg-declarara-ante-una-comision-del-congreso-de-estados-unidos\\\/#organizationLogo\"},\"sameAs\":[\"https:\\\/\\\/facebook.com\\\/eldigitaldeasturias\",\"https:\\\/\\\/www.youtube.com\\\/channel\\\/UCZP-2wLEB9Rv6erhFmqVnvg\"],\"address\":{\"@id\":\"https:\\\/\\\/www.eldigitaldeasturias.com\\\/noticias\\\/#postaladdress\",\"@type\":\"PostalAddress\",\"streetAddress\":\"san antonio 4\",\"postalCode\":\"33430\",\"addressLocality\":\"Cand\\u00e1s\",\"addressRegion\":\"Asturias\",\"addressCountry\":\"ES\"}},{\"@type\":\"Person\",\"@id\":\"https:\\\/\\\/www.eldigitaldeasturias.com\\\/noticias\\\/author\\\/admin\\\/#author\",\"url\":\"https:\\\/\\\/www.eldigitaldeasturias.com\\\/noticias\\\/author\\\/admin\\\/\",\"name\":\"El Digital de Asturias\",\"image\":{\"@type\":\"ImageObject\",\"@id\":\"https:\\\/\\\/www.eldigitaldeasturias.com\\\/noticias\\\/mark-zuckerberg-declarara-ante-una-comision-del-congreso-de-estados-unidos\\\/#authorImage\",\"url\":\"https:\\\/\\\/secure.gravatar.com\\\/avatar\\\/df2aeffc32bcd13f8d26072ef8a91b623d677766deac7f97ca815868cd41bf5e?s=96&d=mm&r=g\",\"width\":96,\"height\":96,\"caption\":\"El Digital de Asturias\"}},{\"@type\":\"WebPage\",\"@id\":\"https:\\\/\\\/www.eldigitaldeasturias.com\\\/noticias\\\/mark-zuckerberg-declarara-ante-una-comision-del-congreso-de-estados-unidos\\\/#webpage\",\"url\":\"https:\\\/\\\/www.eldigitaldeasturias.com\\\/noticias\\\/mark-zuckerberg-declarara-ante-una-comision-del-congreso-de-estados-unidos\\\/\",\"name\":\"Mark Zuckerberg declarar\\u00e1 ante una comisi\\u00f3n del Congreso de Estados Unidos - El Digital de Asturias\",\"description\":\"Washington, 27 mar (dpa) - El jefe ejecutivo de Facebook, Mark Zuckerberg, declarar\\u00e1 ante una comisi\\u00f3n del Congreso de Estados Unidos por el esc\\u00e1ndalo por el uso de datos de millones de usuarios de la plataforma sin su consentimiento, informaron hoy medios estadounidenses. La comisi\\u00f3n judicial del Senado, liderada por el republicano Chuck Grassley, cit\\u00f3\",\"inLanguage\":\"es-ES\",\"isPartOf\":{\"@id\":\"https:\\\/\\\/www.eldigitaldeasturias.com\\\/noticias\\\/#website\"},\"breadcrumb\":{\"@id\":\"https:\\\/\\\/www.eldigitaldeasturias.com\\\/noticias\\\/mark-zuckerberg-declarara-ante-una-comision-del-congreso-de-estados-unidos\\\/#breadcrumblist\"},\"author\":{\"@id\":\"https:\\\/\\\/www.eldigitaldeasturias.com\\\/noticias\\\/author\\\/admin\\\/#author\"},\"creator\":{\"@id\":\"https:\\\/\\\/www.eldigitaldeasturias.com\\\/noticias\\\/author\\\/admin\\\/#author\"},\"image\":{\"@type\":\"ImageObject\",\"url\":973365,\"@id\":\"https:\\\/\\\/www.eldigitaldeasturias.com\\\/noticias\\\/mark-zuckerberg-declarara-ante-una-comision-del-congreso-de-estados-unidos\\\/#mainImage\"},\"primaryImageOfPage\":{\"@id\":\"https:\\\/\\\/www.eldigitaldeasturias.com\\\/noticias\\\/mark-zuckerberg-declarara-ante-una-comision-del-congreso-de-estados-unidos\\\/#mainImage\"},\"datePublished\":\"2018-03-27T22:04:30+02:00\",\"dateModified\":\"2018-03-27T22:04:30+02:00\"},{\"@type\":\"WebSite\",\"@id\":\"https:\\\/\\\/www.eldigitaldeasturias.com\\\/noticias\\\/#website\",\"url\":\"https:\\\/\\\/www.eldigitaldeasturias.com\\\/noticias\\\/\",\"name\":\"El Digital de Asturias - Diario de actualidad y noticias\",\"alternateName\":\"El Digital de Asturias - Diario de actualidad y noticias\",\"description\":\"Hemeroteca\",\"inLanguage\":\"es-ES\",\"publisher\":{\"@id\":\"https:\\\/\\\/www.eldigitaldeasturias.com\\\/noticias\\\/#organization\"}}]}\n\t\t<\/script>\n\t\t<!-- All in One SEO Pro -->\r\n\t\t<title>Mark Zuckerberg declarar\u00e1 ante una comisi\u00f3n del Congreso de Estados Unidos - El Digital de Asturias<\/title>\n\n","aioseo_head_json":{"title":"Mark Zuckerberg declarar\u00e1 ante una comisi\u00f3n del Congreso de Estados Unidos - El Digital de Asturias","description":"Washington, 27 mar (dpa) - El jefe ejecutivo de Facebook, Mark Zuckerberg, declarar\u00e1 ante una comisi\u00f3n del Congreso de Estados Unidos por el esc\u00e1ndalo por el uso de datos de millones de usuarios de la plataforma sin su consentimiento, informaron hoy medios estadounidenses. La comisi\u00f3n judicial del Senado, liderada por el republicano Chuck Grassley, cit\u00f3","canonical_url":"https:\/\/www.eldigitaldeasturias.com\/noticias\/mark-zuckerberg-declarara-ante-una-comision-del-congreso-de-estados-unidos\/","robots":"max-image-preview:large","keywords":"actualidad","webmasterTools":{"google-site-verification":"UA-38556648-1","msvalidate.01":"7dfe9f3f1b24437ab69f4f2559babe99","miscellaneous":""},"schema":{"@context":"https:\/\/schema.org","@graph":[{"@type":"BlogPosting","@id":"https:\/\/www.eldigitaldeasturias.com\/noticias\/mark-zuckerberg-declarara-ante-una-comision-del-congreso-de-estados-unidos\/#blogposting","name":"Mark Zuckerberg declarar\u00e1 ante una comisi\u00f3n del Congreso de Estados Unidos - El Digital de Asturias","headline":"Mark Zuckerberg declarar\u00e1 ante una comisi\u00f3n del Congreso de Estados Unidos","author":{"@id":"https:\/\/www.eldigitaldeasturias.com\/noticias\/author\/admin\/#author"},"publisher":{"@id":"https:\/\/www.eldigitaldeasturias.com\/noticias\/#organization"},"image":{"@type":"ImageObject","url":973365},"datePublished":"2018-03-27T22:04:30+02:00","dateModified":"2018-03-27T22:04:30+02:00","inLanguage":"es-ES","mainEntityOfPage":{"@id":"https:\/\/www.eldigitaldeasturias.com\/noticias\/mark-zuckerberg-declarara-ante-una-comision-del-congreso-de-estados-unidos\/#webpage"},"isPartOf":{"@id":"https:\/\/www.eldigitaldeasturias.com\/noticias\/mark-zuckerberg-declarara-ante-una-comision-del-congreso-de-estados-unidos\/#webpage"},"articleSection":"Actualidad"},{"@type":"BreadcrumbList","@id":"https:\/\/www.eldigitaldeasturias.com\/noticias\/mark-zuckerberg-declarara-ante-una-comision-del-congreso-de-estados-unidos\/#breadcrumblist","itemListElement":[{"@type":"ListItem","@id":"https:\/\/www.eldigitaldeasturias.com\/noticias#listItem","position":1,"name":"Home","item":"https:\/\/www.eldigitaldeasturias.com\/noticias","nextItem":{"@type":"ListItem","@id":"https:\/\/www.eldigitaldeasturias.com\/noticias\/category\/actualidad\/#listItem","name":"Actualidad"}},{"@type":"ListItem","@id":"https:\/\/www.eldigitaldeasturias.com\/noticias\/category\/actualidad\/#listItem","position":2,"name":"Actualidad","item":"https:\/\/www.eldigitaldeasturias.com\/noticias\/category\/actualidad\/","nextItem":{"@type":"ListItem","@id":"https:\/\/www.eldigitaldeasturias.com\/noticias\/mark-zuckerberg-declarara-ante-una-comision-del-congreso-de-estados-unidos\/#listItem","name":"Mark Zuckerberg declarar\u00e1 ante una comisi\u00f3n del Congreso de Estados Unidos"},"previousItem":{"@type":"ListItem","@id":"https:\/\/www.eldigitaldeasturias.com\/noticias#listItem","name":"Home"}},{"@type":"ListItem","@id":"https:\/\/www.eldigitaldeasturias.com\/noticias\/mark-zuckerberg-declarara-ante-una-comision-del-congreso-de-estados-unidos\/#listItem","position":3,"name":"Mark Zuckerberg declarar\u00e1 ante una comisi\u00f3n del Congreso de Estados Unidos","previousItem":{"@type":"ListItem","@id":"https:\/\/www.eldigitaldeasturias.com\/noticias\/category\/actualidad\/#listItem","name":"Actualidad"}}]},{"@type":"Organization","@id":"https:\/\/www.eldigitaldeasturias.com\/noticias\/#organization","name":"El Digital de Asturias","description":"Hemeroteca","url":"https:\/\/www.eldigitaldeasturias.com\/noticias\/","email":"info@eldigitaldeasturias.com","telephone":"+34652131393","logo":{"@type":"ImageObject","url":"https:\/\/www.eldigitaldeasturias.com\/noticias\/wp-content\/uploads\/2020\/12\/EDA.jpg","@id":"https:\/\/www.eldigitaldeasturias.com\/noticias\/mark-zuckerberg-declarara-ante-una-comision-del-congreso-de-estados-unidos\/#organizationLogo"},"image":{"@id":"https:\/\/www.eldigitaldeasturias.com\/noticias\/mark-zuckerberg-declarara-ante-una-comision-del-congreso-de-estados-unidos\/#organizationLogo"},"sameAs":["https:\/\/facebook.com\/eldigitaldeasturias","https:\/\/www.youtube.com\/channel\/UCZP-2wLEB9Rv6erhFmqVnvg"],"address":{"@id":"https:\/\/www.eldigitaldeasturias.com\/noticias\/#postaladdress","@type":"PostalAddress","streetAddress":"san antonio 4","postalCode":"33430","addressLocality":"Cand\u00e1s","addressRegion":"Asturias","addressCountry":"ES"}},{"@type":"Person","@id":"https:\/\/www.eldigitaldeasturias.com\/noticias\/author\/admin\/#author","url":"https:\/\/www.eldigitaldeasturias.com\/noticias\/author\/admin\/","name":"El Digital de Asturias","image":{"@type":"ImageObject","@id":"https:\/\/www.eldigitaldeasturias.com\/noticias\/mark-zuckerberg-declarara-ante-una-comision-del-congreso-de-estados-unidos\/#authorImage","url":"https:\/\/secure.gravatar.com\/avatar\/df2aeffc32bcd13f8d26072ef8a91b623d677766deac7f97ca815868cd41bf5e?s=96&d=mm&r=g","width":96,"height":96,"caption":"El Digital de Asturias"}},{"@type":"WebPage","@id":"https:\/\/www.eldigitaldeasturias.com\/noticias\/mark-zuckerberg-declarara-ante-una-comision-del-congreso-de-estados-unidos\/#webpage","url":"https:\/\/www.eldigitaldeasturias.com\/noticias\/mark-zuckerberg-declarara-ante-una-comision-del-congreso-de-estados-unidos\/","name":"Mark Zuckerberg declarar\u00e1 ante una comisi\u00f3n del Congreso de Estados Unidos - El Digital de Asturias","description":"Washington, 27 mar (dpa) - El jefe ejecutivo de Facebook, Mark Zuckerberg, declarar\u00e1 ante una comisi\u00f3n del Congreso de Estados Unidos por el esc\u00e1ndalo por el uso de datos de millones de usuarios de la plataforma sin su consentimiento, informaron hoy medios estadounidenses. La comisi\u00f3n judicial del Senado, liderada por el republicano Chuck Grassley, cit\u00f3","inLanguage":"es-ES","isPartOf":{"@id":"https:\/\/www.eldigitaldeasturias.com\/noticias\/#website"},"breadcrumb":{"@id":"https:\/\/www.eldigitaldeasturias.com\/noticias\/mark-zuckerberg-declarara-ante-una-comision-del-congreso-de-estados-unidos\/#breadcrumblist"},"author":{"@id":"https:\/\/www.eldigitaldeasturias.com\/noticias\/author\/admin\/#author"},"creator":{"@id":"https:\/\/www.eldigitaldeasturias.com\/noticias\/author\/admin\/#author"},"image":{"@type":"ImageObject","url":973365,"@id":"https:\/\/www.eldigitaldeasturias.com\/noticias\/mark-zuckerberg-declarara-ante-una-comision-del-congreso-de-estados-unidos\/#mainImage"},"primaryImageOfPage":{"@id":"https:\/\/www.eldigitaldeasturias.com\/noticias\/mark-zuckerberg-declarara-ante-una-comision-del-congreso-de-estados-unidos\/#mainImage"},"datePublished":"2018-03-27T22:04:30+02:00","dateModified":"2018-03-27T22:04:30+02:00"},{"@type":"WebSite","@id":"https:\/\/www.eldigitaldeasturias.com\/noticias\/#website","url":"https:\/\/www.eldigitaldeasturias.com\/noticias\/","name":"El Digital de Asturias - Diario de actualidad y noticias","alternateName":"El Digital de Asturias - Diario de actualidad y noticias","description":"Hemeroteca","inLanguage":"es-ES","publisher":{"@id":"https:\/\/www.eldigitaldeasturias.com\/noticias\/#organization"}}]},"og:locale":"es_ES","og:site_name":"El Digital de Asturias","og:type":"article","og:title":"Mark Zuckerberg declarar\u00e1 ante una comisi\u00f3n del Congreso de Estados Unidos - El Digital de Asturias","og:description":"Washington, 27 mar (dpa) - El jefe ejecutivo de Facebook, Mark Zuckerberg, declarar\u00e1 ante una comisi\u00f3n del Congreso de Estados Unidos por el esc\u00e1ndalo por el uso de datos de millones de usuarios de la plataforma sin su consentimiento, informaron hoy medios estadounidenses. La comisi\u00f3n judicial del Senado, liderada por el republicano Chuck Grassley, cit\u00f3","og:url":"https:\/\/www.eldigitaldeasturias.com\/noticias\/mark-zuckerberg-declarara-ante-una-comision-del-congreso-de-estados-unidos\/","article:tag":["actualidad"],"article:published_time":"2018-03-27T22:04:30+00:00","article:modified_time":"2018-03-27T22:04:30+00:00","article:publisher":"https:\/\/facebook.com\/eldigitaldeasturias","twitter:card":"summary_large_image","twitter:title":"Mark Zuckerberg declarar\u00e1 ante una comisi\u00f3n del Congreso de Estados Unidos - El Digital de Asturias","twitter:description":"Washington, 27 mar (dpa) - El jefe ejecutivo de Facebook, Mark Zuckerberg, declarar\u00e1 ante una comisi\u00f3n del Congreso de Estados Unidos por el esc\u00e1ndalo por el uso de datos de millones de usuarios de la plataforma sin su consentimiento, informaron hoy medios estadounidenses. La comisi\u00f3n judicial del Senado, liderada por el republicano Chuck Grassley, cit\u00f3","twitter:image":"https:\/\/www.eldigitaldeasturias.com\/noticias\/wp-content\/uploads\/2020\/12\/EDA-1.jpg","twitter:label1":"Escrito por","twitter:data1":"El Digital de Asturias","twitter:label2":"Tiempo de lectura estimado","twitter:data2":"3 minutos"},"aioseo_meta_data":{"post_id":"973796","title":null,"description":null,"keywords":null,"keyphrases":null,"primary_term":null,"canonical_url":null,"og_title":null,"og_description":null,"og_object_type":"default","og_image_type":"default","og_image_url":null,"og_image_width":null,"og_image_height":null,"og_image_custom_url":null,"og_image_custom_fields":null,"og_video":null,"og_custom_url":null,"og_article_section":null,"og_article_tags":null,"twitter_use_og":false,"twitter_card":"default","twitter_image_type":"default","twitter_image_url":null,"twitter_image_custom_url":null,"twitter_image_custom_fields":null,"twitter_title":null,"twitter_description":null,"schema":{"blockGraphs":[],"customGraphs":[],"default":{"data":{"Article":[],"Course":[],"Dataset":[],"FAQPage":[],"Movie":[],"Person":[],"Product":[],"ProductReview":[],"Car":[],"Recipe":[],"Service":[],"SoftwareApplication":[],"WebPage":[]},"graphName":"","isEnabled":true},"graphs":[],"defaultGraph":"","defaultPostTypeGraph":""},"schema_type":null,"schema_type_options":null,"pillar_content":false,"robots_default":true,"robots_noindex":false,"robots_noarchive":false,"robots_nosnippet":false,"robots_nofollow":false,"robots_noimageindex":false,"robots_noodp":false,"robots_notranslate":false,"robots_max_snippet":null,"robots_max_videopreview":null,"robots_max_imagepreview":"large","priority":null,"frequency":null,"local_seo":null,"seo_analyzer_scan_date":"2025-10-07 17:53:06","breadcrumb_settings":null,"limit_modified_date":false,"open_ai":null,"ai":null,"created":"2020-12-21 12:15:36","updated":"2025-10-07 17:53:06","focus_keyword":null,"additional_keywords":null,"truseo_locale":null},"aioseo_breadcrumb":"<div class=\"aioseo-breadcrumbs\"><span class=\"aioseo-breadcrumb\">\n\t<a href=\"https:\/\/www.eldigitaldeasturias.com\/noticias\" title=\"Home\">Home<\/a>\n<\/span><span class=\"aioseo-breadcrumb-separator\">\u2013<\/span><span class=\"aioseo-breadcrumb\">\n\t<a href=\"https:\/\/www.eldigitaldeasturias.com\/noticias\/category\/actualidad\/\" title=\"Actualidad\">Actualidad<\/a>\n<\/span><span class=\"aioseo-breadcrumb-separator\">\u2013<\/span><span class=\"aioseo-breadcrumb\">\n\t<a href=\"https:\/\/www.eldigitaldeasturias.com\/noticias\/mark-zuckerberg-declarara-ante-una-comision-del-congreso-de-estados-unidos\/\" title=\"Mark Zuckerberg declarar\u00e1 ante una comisi\u00f3n del Congreso de Estados Unidos\">Mark Zuckerberg declarar\u00e1 ante una comisi\u00f3n del Congreso de Estados Unidos<\/a>\n<\/span><\/div>","aioseo_breadcrumb_json":[{"label":"Home","link":"https:\/\/www.eldigitaldeasturias.com\/noticias"},{"label":"Actualidad","link":"https:\/\/www.eldigitaldeasturias.com\/noticias\/category\/actualidad\/"},{"label":"Mark Zuckerberg declarar\u00e1 ante una comisi\u00f3n del Congreso de Estados Unidos","link":"https:\/\/www.eldigitaldeasturias.com\/noticias\/mark-zuckerberg-declarara-ante-una-comision-del-congreso-de-estados-unidos\/"}],"_links":{"self":[{"href":"https:\/\/www.eldigitaldeasturias.com\/noticias\/wp-json\/wp\/v2\/posts\/973796","targetHints":{"allow":["GET"]}}],"collection":[{"href":"https:\/\/www.eldigitaldeasturias.com\/noticias\/wp-json\/wp\/v2\/posts"}],"about":[{"href":"https:\/\/www.eldigitaldeasturias.com\/noticias\/wp-json\/wp\/v2\/types\/post"}],"author":[{"embeddable":true,"href":"https:\/\/www.eldigitaldeasturias.com\/noticias\/wp-json\/wp\/v2\/users\/1"}],"replies":[{"embeddable":true,"href":"https:\/\/www.eldigitaldeasturias.com\/noticias\/wp-json\/wp\/v2\/comments?post=973796"}],"version-history":[{"count":0,"href":"https:\/\/www.eldigitaldeasturias.com\/noticias\/wp-json\/wp\/v2\/posts\/973796\/revisions"}],"wp:attachment":[{"href":"https:\/\/www.eldigitaldeasturias.com\/noticias\/wp-json\/wp\/v2\/media?parent=973796"}],"wp:term":[{"taxonomy":"category","embeddable":true,"href":"https:\/\/www.eldigitaldeasturias.com\/noticias\/wp-json\/wp\/v2\/categories?post=973796"},{"taxonomy":"post_tag","embeddable":true,"href":"https:\/\/www.eldigitaldeasturias.com\/noticias\/wp-json\/wp\/v2\/tags?post=973796"}],"curies":[{"name":"wp","href":"https:\/\/api.w.org\/{rel}","templated":true}]}}