{"id":973792,"date":"2018-03-27T21:55:05","date_gmt":"2018-03-27T21:55:05","guid":{"rendered":"http:\/\/www.eldigitaldeasturias.com\/noticias\/?p=973792"},"modified":"2018-03-27T21:55:05","modified_gmt":"2018-03-27T21:55:05","slug":"esteban-beltran-puigdemont-no-es-un-preso-de-conciencia","status":"publish","type":"post","link":"https:\/\/www.eldigitaldeasturias.com\/noticias\/esteban-beltran-puigdemont-no-es-un-preso-de-conciencia\/","title":{"rendered":"Esteban Beltr\u00e1n: \u00abPuigdemont no es un preso de conciencia\u00bb"},"content":{"rendered":"<p><img loading=\"lazy\" decoding=\"async\" class=\"alignleft size-medium wp-image-973532\" src=\"https:\/\/www.eldigitaldeasturias.com\/noticias\/wp-content\/uploads\/2018\/03\/Puigdemont-360x202.jpg\" alt=\"\" width=\"360\" height=\"202\" \/>Madrid, 27 mar (dpa) &#8211; La detenci\u00f3n de Carles Puigdemont el domingo en Alemania llev\u00f3 al soberanismo catal\u00e1n a denunciar otra vez la existencia de \u00abpresos pol\u00edticos\u00bb en Espa\u00f1a, pero la organizaci\u00f3n defensora de los derechos humanos Amnist\u00eda Internacional (AI) insiste en rechazar esa visi\u00f3n.<\/p>\n<p>\u00abAmnist\u00eda no usa la calificaci\u00f3n de &#8216;presos pol\u00edticos&#8217;, ni en este caso ni en ninguno\u00bb, explic\u00f3 el director del organismo en Espa\u00f1a, Esteban Beltr\u00e1n, en una entrevista con la agencia dpa. \u00abLo que utilizamos es la categor\u00eda de &#8216;presos de conciencia&#8217;, que en este caso no se aplica tampoco, por el momento\u00bb.<\/p>\n<p>En medio de la nueva escalada de tensi\u00f3n generada por el arresto del ex presidente catal\u00e1n, que se encuentra en prisi\u00f3n preventiva en Alemania hasta que se resuelva su entrega a Espa\u00f1a, Beltr\u00e1n desgran\u00f3 los objetivos centrales de Amnist\u00eda en torno a la situaci\u00f3n en Catalu\u00f1a y mostr\u00f3 su preocupaci\u00f3n por la crisis.<\/p>\n<p>dpa : En noviembre dec\u00edan que no consideraban \u00abpresos pol\u00edticos\u00bb a los independentistas catalanes detenidos. \u00bfHa cambiado esa opini\u00f3n?<\/p>\n<p>Beltr\u00e1n: No, no ha cambiado. Amnist\u00eda no usa esa calificaci\u00f3n sobre todo desde el a\u00f1o 2002. No solo en este caso, sino en ninguno. Lo que utilizamos es la categor\u00eda de presos de conciencia, que en este caso no se aplica tampoco, por el momento.<\/p>\n<p>dpa : \u00bfQu\u00e9 define a un preso de conciencia?<\/p>\n<p>Beltr\u00e1n: Son aquellas personas detenidas exclusivamente por sus ideas o por su identidad, que no es el caso actual de las personas encarceladas de las que estamos hablando. En el momento en que pueden haber cometido actos il\u00edcitos y no se los usa como excusa para meter en la c\u00e1rcel por motivos pol\u00edticos, Amnist\u00eda no los considera presos de conciencia.<\/p>\n<p>dpa : Un diario alem\u00e1n citaba el lunes a Amnist\u00eda calificando a Puigdemont de \u00abpreso pol\u00edtico\u00bb . \u00bfPudo haberlo dicho otra rama del organismo?<\/p>\n<p>Beltr\u00e1n: No, no, no. Absolutamente no.<\/p>\n<p>dpa : Amnist\u00eda ha criticado que Jordi S\u00e0nchez y Jordi Cuixart , ex l\u00edderes de las entidades soberanistas Asamblea Nacional Catalana y \u00d2mnium , sigan en prisi\u00f3n preventiva. \u00bfPor qu\u00e9?<\/p>\n<p>Beltr\u00e1n: Exigimos su libertad inmediata y retirada de los cargos de rebeli\u00f3n contra ambos. Son restricciones excesivas, porque ellos han utilizado sobre todo la libertad de expresi\u00f3n y reuni\u00f3n pac\u00edfica.<\/p>\n<p>Podr\u00edan haber cometido alg\u00fan delito de orden p\u00fablico, no lo sabemos. Va a haber una investigaci\u00f3n judicial, un juicio. Pero desde luego, bas\u00e1ndonos en la informaci\u00f3n de la que dispone Amnist\u00eda, no hay indicios de que participaran en actos violentos y por lo tanto no deber\u00eda aplic\u00e1rseles el delito de rebeli\u00f3n.<\/p>\n<p>dpa : Sin embargo, en Catalu\u00f1a s\u00ed ha habido incidentes violentos o amenazas a pol\u00edticos y jueces, por ejemplo este fin de semana. \u00bfNo se los podr\u00eda considerar instigadores?<\/p>\n<p>Beltr\u00e1n: La imputaci\u00f3n de violencia tiene que ser directa a las personas encarceladas. El elemento de violencia, seg\u00fan indica la doctrina, tiene que ser un elemento que incluya por ejemplo armas o amenaza de armas, que no es el caso.<\/p>\n<p>Por supuesto que ha habido violencia en algunos casos, polic\u00edas heridos, no solo ahora, tambi\u00e9n en el refer\u00e9ndum del 1 de octubre. Otra cosa es que esos actos de violencia puedan ser atribuidos directamente a esas personas y que adem\u00e1s constituyan elementos de rebeli\u00f3n.<\/p>\n<p>dpa : \u00bfY cu\u00e1l es su posici\u00f3n con los otros siete l\u00edderes independentistas en prisi\u00f3n preventiva en Madrid?<\/p>\n<p>Beltr\u00e1n: No tenemos ninguna posici\u00f3n sobre que est\u00e9n en prisi\u00f3n preventiva, excepto el hecho de que esa prisi\u00f3n preventiva debe ser revisada regularmente para permitir que se puedan plantear otras medidas que no sean tan lesivas.<\/p>\n<p>dpa : Amnist\u00eda denunci\u00f3 el uso excesivo de la fuerza por parte de la Polic\u00eda Nacional en el refer\u00e9ndum del 1 de octubre. \u00bfSe dio el mismo caso el domingo por parte de la Polic\u00eda catalana (Mossos d&#8217;Esquadra)?<\/p>\n<p>Beltr\u00e1n: Estamos analizando los casos. La verdad es que los agentes encargados de hacer cumplir la ley tuvieron una importante tensi\u00f3n en esos momentos y lo que estamos viendo es que la respuesta fuera necesaria y proporcionada. Todav\u00eda no hemos llegado a ninguna conclusi\u00f3n.<\/p>\n<p>dpa : \u00bfCu\u00e1l es el l\u00edmite entre una respuesta proporcionada y el uso excesivo de la fuerza?<\/p>\n<p>Beltr\u00e1n: En lo que se refiere al 1 de octubre, no es que fuera algo masivo. Hemos documentado cuatro casos claramente de uso excesivo de la fuerza: uno en que se utiliza una pelota de goma directamente en la cara de una persona que pierde un ojo, otro porque se emplea gas pimienta como material antidisturbios contra manifestantes pac\u00edficos&#8230;<\/p>\n<p>Cuando hablamos de uso de la fuerza \u00abnecesaria y proporcionada\u00bb nos referimos a que responde a una amenaza. Cuando a veces se responde y el manifestante no est\u00e1 involucrado en ninguna acci\u00f3n violenta, est\u00e1 en el suelo y se lo golpea, eso significa que no es proporcionada.<\/p>\n<p>dpa : \u00bfLes preocupa en general la escalada de tensi\u00f3n en Catalu\u00f1a?<\/p>\n<p>Beltr\u00e1n: Claro que preocupa. Ahora lo que es muy importante es que la tensi\u00f3n no derive ni en actos violentos ni en violaciones de los derechos humanos.<\/p>\n<p>Por Pablo Sanguinetti (dpa)<\/p>\n","protected":false},"excerpt":{"rendered":"<p>Madrid, 27 mar (dpa) &#8211; La detenci\u00f3n de Carles Puigdemont el domingo en Alemania llev\u00f3 al soberanismo catal\u00e1n a denunciar otra vez la existencia de \u00abpresos pol\u00edticos\u00bb en Espa\u00f1a, pero la organizaci\u00f3n defensora de los derechos humanos Amnist\u00eda Internacional (AI) insiste en rechazar esa visi\u00f3n. \u00abAmnist\u00eda no usa la calificaci\u00f3n de &#8216;presos pol\u00edticos&#8217;, ni en [&hellip;]<\/p>\n","protected":false},"author":1,"featured_media":973532,"comment_status":"closed","ping_status":"closed","sticky":false,"template":"","format":"standard","meta":{"footnotes":""},"categories":[1],"tags":[],"class_list":["post-973792","post","type-post","status-publish","format-standard","has-post-thumbnail","hentry","category-actualidad"],"aioseo_notices":[],"aioseo_head":"\n\t\t<!-- All in One SEO Pro 5.0.1 - aioseo.com -->\n\t<meta name=\"description\" content=\"Madrid, 27 mar (dpa) - La detenci\u00f3n de Carles Puigdemont el domingo en Alemania llev\u00f3 al soberanismo catal\u00e1n a denunciar otra vez la existencia de &quot;presos pol\u00edticos&quot; en Espa\u00f1a, pero la organizaci\u00f3n defensora de los derechos humanos Amnist\u00eda Internacional (AI) insiste en rechazar esa visi\u00f3n. &quot;Amnist\u00eda no usa la calificaci\u00f3n de &#039;presos pol\u00edticos&#039;, ni en\" \/>\n\t<meta name=\"robots\" content=\"max-image-preview:large\" \/>\n\t<meta name=\"author\" content=\"El Digital de Asturias\"\/>\n\t<meta name=\"google-site-verification\" content=\"UA-38556648-1\" \/>\n\t<meta name=\"msvalidate.01\" content=\"7dfe9f3f1b24437ab69f4f2559babe99\" \/>\n\t<meta name=\"keywords\" content=\"actualidad\" \/>\n\t<link rel=\"canonical\" href=\"https:\/\/www.eldigitaldeasturias.com\/noticias\/esteban-beltran-puigdemont-no-es-un-preso-de-conciencia\/\" \/>\n\t<meta name=\"generator\" content=\"All in One SEO Pro (AIOSEO) 5.0.1\" \/>\n\t\t<meta property=\"og:locale\" content=\"es_ES\" \/>\n\t\t<meta property=\"og:site_name\" content=\"El Digital de Asturias\" \/>\n\t\t<meta property=\"og:type\" content=\"article\" \/>\n\t\t<meta property=\"og:title\" content=\"Esteban Beltr\u00e1n: \u00abPuigdemont no es un preso de conciencia\u00bb - El Digital de Asturias\" \/>\n\t\t<meta property=\"og:description\" content=\"Madrid, 27 mar (dpa) - La detenci\u00f3n de Carles Puigdemont el domingo en Alemania llev\u00f3 al soberanismo catal\u00e1n a denunciar otra vez la existencia de &quot;presos pol\u00edticos&quot; en Espa\u00f1a, pero la organizaci\u00f3n defensora de los derechos humanos Amnist\u00eda Internacional (AI) insiste en rechazar esa visi\u00f3n. &quot;Amnist\u00eda no usa la calificaci\u00f3n de &#039;presos pol\u00edticos&#039;, ni en\" \/>\n\t\t<meta property=\"og:url\" content=\"https:\/\/www.eldigitaldeasturias.com\/noticias\/esteban-beltran-puigdemont-no-es-un-preso-de-conciencia\/\" \/>\n\t\t<meta property=\"article:tag\" content=\"actualidad\" \/>\n\t\t<meta property=\"article:published_time\" content=\"2018-03-27T21:55:05+00:00\" \/>\n\t\t<meta property=\"article:modified_time\" content=\"2018-03-27T21:55:05+00:00\" \/>\n\t\t<meta property=\"article:publisher\" content=\"https:\/\/facebook.com\/eldigitaldeasturias\" \/>\n\t\t<meta name=\"twitter:card\" content=\"summary_large_image\" \/>\n\t\t<meta name=\"twitter:title\" content=\"Esteban Beltr\u00e1n: \u00abPuigdemont no es un preso de conciencia\u00bb - El Digital de Asturias\" \/>\n\t\t<meta name=\"twitter:description\" content=\"Madrid, 27 mar (dpa) - La detenci\u00f3n de Carles Puigdemont el domingo en Alemania llev\u00f3 al soberanismo catal\u00e1n a denunciar otra vez la existencia de &quot;presos pol\u00edticos&quot; en Espa\u00f1a, pero la organizaci\u00f3n defensora de los derechos humanos Amnist\u00eda Internacional (AI) insiste en rechazar esa visi\u00f3n. &quot;Amnist\u00eda no usa la calificaci\u00f3n de &#039;presos pol\u00edticos&#039;, ni en\" \/>\n\t\t<meta name=\"twitter:image\" content=\"https:\/\/www.eldigitaldeasturias.com\/noticias\/wp-content\/uploads\/2020\/12\/EDA-1.jpg\" \/>\n\t\t<meta name=\"twitter:label1\" content=\"Escrito por\" \/>\n\t\t<meta name=\"twitter:data1\" content=\"El Digital de Asturias\" \/>\n\t\t<meta name=\"twitter:label2\" content=\"Tiempo de lectura estimado\" \/>\n\t\t<meta name=\"twitter:data2\" content=\"5 minutos\" \/>\n\t\t<script type=\"application\/ld+json\" class=\"aioseo-schema\">\n\t\t\t{\"@context\":\"https:\\\/\\\/schema.org\",\"@graph\":[{\"@type\":\"BlogPosting\",\"@id\":\"https:\\\/\\\/www.eldigitaldeasturias.com\\\/noticias\\\/esteban-beltran-puigdemont-no-es-un-preso-de-conciencia\\\/#blogposting\",\"name\":\"Esteban Beltr\\u00e1n: \\u00abPuigdemont no es un preso de conciencia\\u00bb - El Digital de Asturias\",\"headline\":\"Esteban Beltr\\u00e1n: \\u00abPuigdemont no es un preso de conciencia\\u00bb\",\"author\":{\"@id\":\"https:\\\/\\\/www.eldigitaldeasturias.com\\\/noticias\\\/author\\\/admin\\\/#author\"},\"publisher\":{\"@id\":\"https:\\\/\\\/www.eldigitaldeasturias.com\\\/noticias\\\/#organization\"},\"image\":{\"@type\":\"ImageObject\",\"url\":973532},\"datePublished\":\"2018-03-27T21:55:05+02:00\",\"dateModified\":\"2018-03-27T21:55:05+02:00\",\"inLanguage\":\"es-ES\",\"mainEntityOfPage\":{\"@id\":\"https:\\\/\\\/www.eldigitaldeasturias.com\\\/noticias\\\/esteban-beltran-puigdemont-no-es-un-preso-de-conciencia\\\/#webpage\"},\"isPartOf\":{\"@id\":\"https:\\\/\\\/www.eldigitaldeasturias.com\\\/noticias\\\/esteban-beltran-puigdemont-no-es-un-preso-de-conciencia\\\/#webpage\"},\"articleSection\":\"Actualidad\"},{\"@type\":\"BreadcrumbList\",\"@id\":\"https:\\\/\\\/www.eldigitaldeasturias.com\\\/noticias\\\/esteban-beltran-puigdemont-no-es-un-preso-de-conciencia\\\/#breadcrumblist\",\"itemListElement\":[{\"@type\":\"ListItem\",\"@id\":\"https:\\\/\\\/www.eldigitaldeasturias.com\\\/noticias#listItem\",\"position\":1,\"name\":\"Home\",\"item\":\"https:\\\/\\\/www.eldigitaldeasturias.com\\\/noticias\",\"nextItem\":{\"@type\":\"ListItem\",\"@id\":\"https:\\\/\\\/www.eldigitaldeasturias.com\\\/noticias\\\/category\\\/actualidad\\\/#listItem\",\"name\":\"Actualidad\"}},{\"@type\":\"ListItem\",\"@id\":\"https:\\\/\\\/www.eldigitaldeasturias.com\\\/noticias\\\/category\\\/actualidad\\\/#listItem\",\"position\":2,\"name\":\"Actualidad\",\"item\":\"https:\\\/\\\/www.eldigitaldeasturias.com\\\/noticias\\\/category\\\/actualidad\\\/\",\"nextItem\":{\"@type\":\"ListItem\",\"@id\":\"https:\\\/\\\/www.eldigitaldeasturias.com\\\/noticias\\\/esteban-beltran-puigdemont-no-es-un-preso-de-conciencia\\\/#listItem\",\"name\":\"Esteban Beltr\\u00e1n: \\u00abPuigdemont no es un preso de conciencia\\u00bb\"},\"previousItem\":{\"@type\":\"ListItem\",\"@id\":\"https:\\\/\\\/www.eldigitaldeasturias.com\\\/noticias#listItem\",\"name\":\"Home\"}},{\"@type\":\"ListItem\",\"@id\":\"https:\\\/\\\/www.eldigitaldeasturias.com\\\/noticias\\\/esteban-beltran-puigdemont-no-es-un-preso-de-conciencia\\\/#listItem\",\"position\":3,\"name\":\"Esteban Beltr\\u00e1n: \\u00abPuigdemont no es un preso de conciencia\\u00bb\",\"previousItem\":{\"@type\":\"ListItem\",\"@id\":\"https:\\\/\\\/www.eldigitaldeasturias.com\\\/noticias\\\/category\\\/actualidad\\\/#listItem\",\"name\":\"Actualidad\"}}]},{\"@type\":\"Organization\",\"@id\":\"https:\\\/\\\/www.eldigitaldeasturias.com\\\/noticias\\\/#organization\",\"name\":\"El Digital de Asturias\",\"description\":\"Hemeroteca\",\"url\":\"https:\\\/\\\/www.eldigitaldeasturias.com\\\/noticias\\\/\",\"email\":\"info@eldigitaldeasturias.com\",\"telephone\":\"+34652131393\",\"logo\":{\"@type\":\"ImageObject\",\"url\":\"https:\\\/\\\/www.eldigitaldeasturias.com\\\/noticias\\\/wp-content\\\/uploads\\\/2020\\\/12\\\/EDA.jpg\",\"@id\":\"https:\\\/\\\/www.eldigitaldeasturias.com\\\/noticias\\\/esteban-beltran-puigdemont-no-es-un-preso-de-conciencia\\\/#organizationLogo\"},\"image\":{\"@id\":\"https:\\\/\\\/www.eldigitaldeasturias.com\\\/noticias\\\/esteban-beltran-puigdemont-no-es-un-preso-de-conciencia\\\/#organizationLogo\"},\"sameAs\":[\"https:\\\/\\\/facebook.com\\\/eldigitaldeasturias\",\"https:\\\/\\\/www.youtube.com\\\/channel\\\/UCZP-2wLEB9Rv6erhFmqVnvg\"],\"address\":{\"@id\":\"https:\\\/\\\/www.eldigitaldeasturias.com\\\/noticias\\\/#postaladdress\",\"@type\":\"PostalAddress\",\"streetAddress\":\"san antonio 4\",\"postalCode\":\"33430\",\"addressLocality\":\"Cand\\u00e1s\",\"addressRegion\":\"Asturias\",\"addressCountry\":\"ES\"}},{\"@type\":\"Person\",\"@id\":\"https:\\\/\\\/www.eldigitaldeasturias.com\\\/noticias\\\/author\\\/admin\\\/#author\",\"url\":\"https:\\\/\\\/www.eldigitaldeasturias.com\\\/noticias\\\/author\\\/admin\\\/\",\"name\":\"El Digital de Asturias\",\"image\":{\"@type\":\"ImageObject\",\"@id\":\"https:\\\/\\\/www.eldigitaldeasturias.com\\\/noticias\\\/esteban-beltran-puigdemont-no-es-un-preso-de-conciencia\\\/#authorImage\",\"url\":\"https:\\\/\\\/secure.gravatar.com\\\/avatar\\\/df2aeffc32bcd13f8d26072ef8a91b623d677766deac7f97ca815868cd41bf5e?s=96&d=mm&r=g\",\"width\":96,\"height\":96,\"caption\":\"El Digital de Asturias\"}},{\"@type\":\"WebPage\",\"@id\":\"https:\\\/\\\/www.eldigitaldeasturias.com\\\/noticias\\\/esteban-beltran-puigdemont-no-es-un-preso-de-conciencia\\\/#webpage\",\"url\":\"https:\\\/\\\/www.eldigitaldeasturias.com\\\/noticias\\\/esteban-beltran-puigdemont-no-es-un-preso-de-conciencia\\\/\",\"name\":\"Esteban Beltr\\u00e1n: \\u00abPuigdemont no es un preso de conciencia\\u00bb - El Digital de Asturias\",\"description\":\"Madrid, 27 mar (dpa) - La detenci\\u00f3n de Carles Puigdemont el domingo en Alemania llev\\u00f3 al soberanismo catal\\u00e1n a denunciar otra vez la existencia de \\\"presos pol\\u00edticos\\\" en Espa\\u00f1a, pero la organizaci\\u00f3n defensora de los derechos humanos Amnist\\u00eda Internacional (AI) insiste en rechazar esa visi\\u00f3n. \\\"Amnist\\u00eda no usa la calificaci\\u00f3n de 'presos pol\\u00edticos', ni en\",\"inLanguage\":\"es-ES\",\"isPartOf\":{\"@id\":\"https:\\\/\\\/www.eldigitaldeasturias.com\\\/noticias\\\/#website\"},\"breadcrumb\":{\"@id\":\"https:\\\/\\\/www.eldigitaldeasturias.com\\\/noticias\\\/esteban-beltran-puigdemont-no-es-un-preso-de-conciencia\\\/#breadcrumblist\"},\"author\":{\"@id\":\"https:\\\/\\\/www.eldigitaldeasturias.com\\\/noticias\\\/author\\\/admin\\\/#author\"},\"creator\":{\"@id\":\"https:\\\/\\\/www.eldigitaldeasturias.com\\\/noticias\\\/author\\\/admin\\\/#author\"},\"image\":{\"@type\":\"ImageObject\",\"url\":973532,\"@id\":\"https:\\\/\\\/www.eldigitaldeasturias.com\\\/noticias\\\/esteban-beltran-puigdemont-no-es-un-preso-de-conciencia\\\/#mainImage\"},\"primaryImageOfPage\":{\"@id\":\"https:\\\/\\\/www.eldigitaldeasturias.com\\\/noticias\\\/esteban-beltran-puigdemont-no-es-un-preso-de-conciencia\\\/#mainImage\"},\"datePublished\":\"2018-03-27T21:55:05+02:00\",\"dateModified\":\"2018-03-27T21:55:05+02:00\"},{\"@type\":\"WebSite\",\"@id\":\"https:\\\/\\\/www.eldigitaldeasturias.com\\\/noticias\\\/#website\",\"url\":\"https:\\\/\\\/www.eldigitaldeasturias.com\\\/noticias\\\/\",\"name\":\"El Digital de Asturias - Diario de actualidad y noticias\",\"alternateName\":\"El Digital de Asturias - Diario de actualidad y noticias\",\"description\":\"Hemeroteca\",\"inLanguage\":\"es-ES\",\"publisher\":{\"@id\":\"https:\\\/\\\/www.eldigitaldeasturias.com\\\/noticias\\\/#organization\"}}]}\n\t\t<\/script>\n\t\t<!-- All in One SEO Pro -->\r\n\t\t<title>Esteban Beltr\u00e1n: \u00abPuigdemont no es un preso de conciencia\u00bb - El Digital de Asturias<\/title>\n\n","aioseo_head_json":{"title":"Esteban Beltr\u00e1n: \u00abPuigdemont no es un preso de conciencia\u00bb - El Digital de Asturias","description":"Madrid, 27 mar (dpa) - La detenci\u00f3n de Carles Puigdemont el domingo en Alemania llev\u00f3 al soberanismo catal\u00e1n a denunciar otra vez la existencia de \"presos pol\u00edticos\" en Espa\u00f1a, pero la organizaci\u00f3n defensora de los derechos humanos Amnist\u00eda Internacional (AI) insiste en rechazar esa visi\u00f3n. \"Amnist\u00eda no usa la calificaci\u00f3n de 'presos pol\u00edticos', ni en","canonical_url":"https:\/\/www.eldigitaldeasturias.com\/noticias\/esteban-beltran-puigdemont-no-es-un-preso-de-conciencia\/","robots":"max-image-preview:large","keywords":"actualidad","webmasterTools":{"google-site-verification":"UA-38556648-1","msvalidate.01":"7dfe9f3f1b24437ab69f4f2559babe99","miscellaneous":""},"schema":{"@context":"https:\/\/schema.org","@graph":[{"@type":"BlogPosting","@id":"https:\/\/www.eldigitaldeasturias.com\/noticias\/esteban-beltran-puigdemont-no-es-un-preso-de-conciencia\/#blogposting","name":"Esteban Beltr\u00e1n: \u00abPuigdemont no es un preso de conciencia\u00bb - El Digital de Asturias","headline":"Esteban Beltr\u00e1n: \u00abPuigdemont no es un preso de conciencia\u00bb","author":{"@id":"https:\/\/www.eldigitaldeasturias.com\/noticias\/author\/admin\/#author"},"publisher":{"@id":"https:\/\/www.eldigitaldeasturias.com\/noticias\/#organization"},"image":{"@type":"ImageObject","url":973532},"datePublished":"2018-03-27T21:55:05+02:00","dateModified":"2018-03-27T21:55:05+02:00","inLanguage":"es-ES","mainEntityOfPage":{"@id":"https:\/\/www.eldigitaldeasturias.com\/noticias\/esteban-beltran-puigdemont-no-es-un-preso-de-conciencia\/#webpage"},"isPartOf":{"@id":"https:\/\/www.eldigitaldeasturias.com\/noticias\/esteban-beltran-puigdemont-no-es-un-preso-de-conciencia\/#webpage"},"articleSection":"Actualidad"},{"@type":"BreadcrumbList","@id":"https:\/\/www.eldigitaldeasturias.com\/noticias\/esteban-beltran-puigdemont-no-es-un-preso-de-conciencia\/#breadcrumblist","itemListElement":[{"@type":"ListItem","@id":"https:\/\/www.eldigitaldeasturias.com\/noticias#listItem","position":1,"name":"Home","item":"https:\/\/www.eldigitaldeasturias.com\/noticias","nextItem":{"@type":"ListItem","@id":"https:\/\/www.eldigitaldeasturias.com\/noticias\/category\/actualidad\/#listItem","name":"Actualidad"}},{"@type":"ListItem","@id":"https:\/\/www.eldigitaldeasturias.com\/noticias\/category\/actualidad\/#listItem","position":2,"name":"Actualidad","item":"https:\/\/www.eldigitaldeasturias.com\/noticias\/category\/actualidad\/","nextItem":{"@type":"ListItem","@id":"https:\/\/www.eldigitaldeasturias.com\/noticias\/esteban-beltran-puigdemont-no-es-un-preso-de-conciencia\/#listItem","name":"Esteban Beltr\u00e1n: \u00abPuigdemont no es un preso de conciencia\u00bb"},"previousItem":{"@type":"ListItem","@id":"https:\/\/www.eldigitaldeasturias.com\/noticias#listItem","name":"Home"}},{"@type":"ListItem","@id":"https:\/\/www.eldigitaldeasturias.com\/noticias\/esteban-beltran-puigdemont-no-es-un-preso-de-conciencia\/#listItem","position":3,"name":"Esteban Beltr\u00e1n: \u00abPuigdemont no es un preso de conciencia\u00bb","previousItem":{"@type":"ListItem","@id":"https:\/\/www.eldigitaldeasturias.com\/noticias\/category\/actualidad\/#listItem","name":"Actualidad"}}]},{"@type":"Organization","@id":"https:\/\/www.eldigitaldeasturias.com\/noticias\/#organization","name":"El Digital de Asturias","description":"Hemeroteca","url":"https:\/\/www.eldigitaldeasturias.com\/noticias\/","email":"info@eldigitaldeasturias.com","telephone":"+34652131393","logo":{"@type":"ImageObject","url":"https:\/\/www.eldigitaldeasturias.com\/noticias\/wp-content\/uploads\/2020\/12\/EDA.jpg","@id":"https:\/\/www.eldigitaldeasturias.com\/noticias\/esteban-beltran-puigdemont-no-es-un-preso-de-conciencia\/#organizationLogo"},"image":{"@id":"https:\/\/www.eldigitaldeasturias.com\/noticias\/esteban-beltran-puigdemont-no-es-un-preso-de-conciencia\/#organizationLogo"},"sameAs":["https:\/\/facebook.com\/eldigitaldeasturias","https:\/\/www.youtube.com\/channel\/UCZP-2wLEB9Rv6erhFmqVnvg"],"address":{"@id":"https:\/\/www.eldigitaldeasturias.com\/noticias\/#postaladdress","@type":"PostalAddress","streetAddress":"san antonio 4","postalCode":"33430","addressLocality":"Cand\u00e1s","addressRegion":"Asturias","addressCountry":"ES"}},{"@type":"Person","@id":"https:\/\/www.eldigitaldeasturias.com\/noticias\/author\/admin\/#author","url":"https:\/\/www.eldigitaldeasturias.com\/noticias\/author\/admin\/","name":"El Digital de Asturias","image":{"@type":"ImageObject","@id":"https:\/\/www.eldigitaldeasturias.com\/noticias\/esteban-beltran-puigdemont-no-es-un-preso-de-conciencia\/#authorImage","url":"https:\/\/secure.gravatar.com\/avatar\/df2aeffc32bcd13f8d26072ef8a91b623d677766deac7f97ca815868cd41bf5e?s=96&d=mm&r=g","width":96,"height":96,"caption":"El Digital de Asturias"}},{"@type":"WebPage","@id":"https:\/\/www.eldigitaldeasturias.com\/noticias\/esteban-beltran-puigdemont-no-es-un-preso-de-conciencia\/#webpage","url":"https:\/\/www.eldigitaldeasturias.com\/noticias\/esteban-beltran-puigdemont-no-es-un-preso-de-conciencia\/","name":"Esteban Beltr\u00e1n: \u00abPuigdemont no es un preso de conciencia\u00bb - El Digital de Asturias","description":"Madrid, 27 mar (dpa) - La detenci\u00f3n de Carles Puigdemont el domingo en Alemania llev\u00f3 al soberanismo catal\u00e1n a denunciar otra vez la existencia de \"presos pol\u00edticos\" en Espa\u00f1a, pero la organizaci\u00f3n defensora de los derechos humanos Amnist\u00eda Internacional (AI) insiste en rechazar esa visi\u00f3n. \"Amnist\u00eda no usa la calificaci\u00f3n de 'presos pol\u00edticos', ni en","inLanguage":"es-ES","isPartOf":{"@id":"https:\/\/www.eldigitaldeasturias.com\/noticias\/#website"},"breadcrumb":{"@id":"https:\/\/www.eldigitaldeasturias.com\/noticias\/esteban-beltran-puigdemont-no-es-un-preso-de-conciencia\/#breadcrumblist"},"author":{"@id":"https:\/\/www.eldigitaldeasturias.com\/noticias\/author\/admin\/#author"},"creator":{"@id":"https:\/\/www.eldigitaldeasturias.com\/noticias\/author\/admin\/#author"},"image":{"@type":"ImageObject","url":973532,"@id":"https:\/\/www.eldigitaldeasturias.com\/noticias\/esteban-beltran-puigdemont-no-es-un-preso-de-conciencia\/#mainImage"},"primaryImageOfPage":{"@id":"https:\/\/www.eldigitaldeasturias.com\/noticias\/esteban-beltran-puigdemont-no-es-un-preso-de-conciencia\/#mainImage"},"datePublished":"2018-03-27T21:55:05+02:00","dateModified":"2018-03-27T21:55:05+02:00"},{"@type":"WebSite","@id":"https:\/\/www.eldigitaldeasturias.com\/noticias\/#website","url":"https:\/\/www.eldigitaldeasturias.com\/noticias\/","name":"El Digital de Asturias - Diario de actualidad y noticias","alternateName":"El Digital de Asturias - Diario de actualidad y noticias","description":"Hemeroteca","inLanguage":"es-ES","publisher":{"@id":"https:\/\/www.eldigitaldeasturias.com\/noticias\/#organization"}}]},"og:locale":"es_ES","og:site_name":"El Digital de Asturias","og:type":"article","og:title":"Esteban Beltr\u00e1n: \u00abPuigdemont no es un preso de conciencia\u00bb - El Digital de Asturias","og:description":"Madrid, 27 mar (dpa) - La detenci\u00f3n de Carles Puigdemont el domingo en Alemania llev\u00f3 al soberanismo catal\u00e1n a denunciar otra vez la existencia de &quot;presos pol\u00edticos&quot; en Espa\u00f1a, pero la organizaci\u00f3n defensora de los derechos humanos Amnist\u00eda Internacional (AI) insiste en rechazar esa visi\u00f3n. &quot;Amnist\u00eda no usa la calificaci\u00f3n de 'presos pol\u00edticos', ni en","og:url":"https:\/\/www.eldigitaldeasturias.com\/noticias\/esteban-beltran-puigdemont-no-es-un-preso-de-conciencia\/","article:tag":["actualidad"],"article:published_time":"2018-03-27T21:55:05+00:00","article:modified_time":"2018-03-27T21:55:05+00:00","article:publisher":"https:\/\/facebook.com\/eldigitaldeasturias","twitter:card":"summary_large_image","twitter:title":"Esteban Beltr\u00e1n: \u00abPuigdemont no es un preso de conciencia\u00bb - El Digital de Asturias","twitter:description":"Madrid, 27 mar (dpa) - La detenci\u00f3n de Carles Puigdemont el domingo en Alemania llev\u00f3 al soberanismo catal\u00e1n a denunciar otra vez la existencia de &quot;presos pol\u00edticos&quot; en Espa\u00f1a, pero la organizaci\u00f3n defensora de los derechos humanos Amnist\u00eda Internacional (AI) insiste en rechazar esa visi\u00f3n. &quot;Amnist\u00eda no usa la calificaci\u00f3n de 'presos pol\u00edticos', ni en","twitter:image":"https:\/\/www.eldigitaldeasturias.com\/noticias\/wp-content\/uploads\/2020\/12\/EDA-1.jpg","twitter:label1":"Escrito por","twitter:data1":"El Digital de Asturias","twitter:label2":"Tiempo de lectura estimado","twitter:data2":"5 minutos"},"aioseo_meta_data":{"post_id":"973792","title":null,"description":null,"keywords":null,"keyphrases":null,"primary_term":null,"canonical_url":null,"og_title":null,"og_description":null,"og_object_type":"default","og_image_type":"default","og_image_url":null,"og_image_width":null,"og_image_height":null,"og_image_custom_url":null,"og_image_custom_fields":null,"og_video":null,"og_custom_url":null,"og_article_section":null,"og_article_tags":null,"twitter_use_og":false,"twitter_card":"default","twitter_image_type":"default","twitter_image_url":null,"twitter_image_custom_url":null,"twitter_image_custom_fields":null,"twitter_title":null,"twitter_description":null,"schema":{"blockGraphs":[],"customGraphs":[],"default":{"data":{"Article":[],"Course":[],"Dataset":[],"FAQPage":[],"Movie":[],"Person":[],"Product":[],"ProductReview":[],"Car":[],"Recipe":[],"Service":[],"SoftwareApplication":[],"WebPage":[]},"graphName":"","isEnabled":true},"graphs":[],"defaultGraph":"","defaultPostTypeGraph":""},"schema_type":null,"schema_type_options":null,"pillar_content":false,"robots_default":true,"robots_noindex":false,"robots_noarchive":false,"robots_nosnippet":false,"robots_nofollow":false,"robots_noimageindex":false,"robots_noodp":false,"robots_notranslate":false,"robots_max_snippet":null,"robots_max_videopreview":null,"robots_max_imagepreview":"large","priority":null,"frequency":null,"local_seo":null,"seo_analyzer_scan_date":"2025-10-07 17:53:05","breadcrumb_settings":null,"limit_modified_date":false,"open_ai":null,"ai":null,"created":"2020-12-21 12:15:36","updated":"2025-10-07 17:53:05","focus_keyword":null,"additional_keywords":null,"truseo_locale":null},"aioseo_breadcrumb":"<div class=\"aioseo-breadcrumbs\"><span class=\"aioseo-breadcrumb\">\n\t<a href=\"https:\/\/www.eldigitaldeasturias.com\/noticias\" title=\"Home\">Home<\/a>\n<\/span><span class=\"aioseo-breadcrumb-separator\">\u2013<\/span><span class=\"aioseo-breadcrumb\">\n\t<a href=\"https:\/\/www.eldigitaldeasturias.com\/noticias\/category\/actualidad\/\" title=\"Actualidad\">Actualidad<\/a>\n<\/span><span class=\"aioseo-breadcrumb-separator\">\u2013<\/span><span class=\"aioseo-breadcrumb\">\n\t<a href=\"https:\/\/www.eldigitaldeasturias.com\/noticias\/esteban-beltran-puigdemont-no-es-un-preso-de-conciencia\/\" title=\"Esteban Beltr\u00e1n: \u00abPuigdemont no es un preso de conciencia\u00bb\">Esteban Beltr\u00e1n: \u00abPuigdemont no es un preso de conciencia\u00bb<\/a>\n<\/span><\/div>","aioseo_breadcrumb_json":[{"label":"Home","link":"https:\/\/www.eldigitaldeasturias.com\/noticias"},{"label":"Actualidad","link":"https:\/\/www.eldigitaldeasturias.com\/noticias\/category\/actualidad\/"},{"label":"Esteban Beltr\u00e1n: \u00abPuigdemont no es un preso de conciencia\u00bb","link":"https:\/\/www.eldigitaldeasturias.com\/noticias\/esteban-beltran-puigdemont-no-es-un-preso-de-conciencia\/"}],"_links":{"self":[{"href":"https:\/\/www.eldigitaldeasturias.com\/noticias\/wp-json\/wp\/v2\/posts\/973792","targetHints":{"allow":["GET"]}}],"collection":[{"href":"https:\/\/www.eldigitaldeasturias.com\/noticias\/wp-json\/wp\/v2\/posts"}],"about":[{"href":"https:\/\/www.eldigitaldeasturias.com\/noticias\/wp-json\/wp\/v2\/types\/post"}],"author":[{"embeddable":true,"href":"https:\/\/www.eldigitaldeasturias.com\/noticias\/wp-json\/wp\/v2\/users\/1"}],"replies":[{"embeddable":true,"href":"https:\/\/www.eldigitaldeasturias.com\/noticias\/wp-json\/wp\/v2\/comments?post=973792"}],"version-history":[{"count":0,"href":"https:\/\/www.eldigitaldeasturias.com\/noticias\/wp-json\/wp\/v2\/posts\/973792\/revisions"}],"wp:attachment":[{"href":"https:\/\/www.eldigitaldeasturias.com\/noticias\/wp-json\/wp\/v2\/media?parent=973792"}],"wp:term":[{"taxonomy":"category","embeddable":true,"href":"https:\/\/www.eldigitaldeasturias.com\/noticias\/wp-json\/wp\/v2\/categories?post=973792"},{"taxonomy":"post_tag","embeddable":true,"href":"https:\/\/www.eldigitaldeasturias.com\/noticias\/wp-json\/wp\/v2\/tags?post=973792"}],"curies":[{"name":"wp","href":"https:\/\/api.w.org\/{rel}","templated":true}]}}