{"id":973790,"date":"2018-03-27T21:53:05","date_gmt":"2018-03-27T21:53:05","guid":{"rendered":"http:\/\/www.eldigitaldeasturias.com\/noticias\/?p=973790"},"modified":"2018-03-27T21:53:05","modified_gmt":"2018-03-27T21:53:05","slug":"puigdemont-situa-en-un-laberinto-al-gobierno-aleman","status":"publish","type":"post","link":"https:\/\/www.eldigitaldeasturias.com\/noticias\/puigdemont-situa-en-un-laberinto-al-gobierno-aleman\/","title":{"rendered":"Puigdemont sit\u00faa en un laberinto al Gobierno alem\u00e1n"},"content":{"rendered":"<p><img loading=\"lazy\" decoding=\"async\" class=\"alignleft size-medium wp-image-970727\" src=\"https:\/\/www.eldigitaldeasturias.com\/noticias\/wp-content\/uploads\/2018\/03\/bundestag-2463231_1280-360x240.jpg\" alt=\"\" width=\"360\" height=\"240\" \/>Berl\u00edn, 27 mar (dpa) &#8211; \u00abA m\u00ed no me pregunte\u00bb, reza el titular de una columna publicada hoy por el diario muniqu\u00e9s \u00abS\u00fcddeutsche Zeitung\u00bb (SZ) en la que se da cuenta de la incomodidad que la detenci\u00f3n en territorio germano del ex presidente catal\u00e1n Carles Puigdemont ha generado en el Gobierno alem\u00e1n de Angela Merkel.<\/p>\n<p>Los portavoces de los diferentes ministerios esquivan una y otra vez las preguntas que la prensa formula en relaci\u00f3n al l\u00edder independentista.<\/p>\n<p>Por una parte, alegan que su arresto y posible entrega al Tribunal Supremo espa\u00f1ol compete \u00ab\u00fanicamente\u00bb a la justicia, empezando por el tribunal de Neum\u00fcnster y, por otra, repiten casi como un automatismo que el desaf\u00edo soberanista catal\u00e1n es un asunto de pol\u00edtica nacional.<\/p>\n<p>\u00abEspa\u00f1a es un Estado democr\u00e1tico. Desde nuestro convencimiento y nuestra experiencia, Espa\u00f1a es un Estado constitucional. Este conflicto se debe solucionar en base al derecho espa\u00f1ol\u00bb, recalc\u00f3 el lunes el portavoz del Gobierno germano, Steffen Seibert, siguiendo la l\u00ednea que Berl\u00edn ha venido defendiendo en los \u00faltimos a\u00f1os.<\/p>\n<p>Pero mientras el Gobierno de Merkel opta por la cautela y el mutismo, convencido de que el \u00abcaso Puigdemont\u00bb no da\u00f1ar\u00e1 las relaciones entre Alemania y Espa\u00f1a, la oposici\u00f3n y la prensa germana opinan sobre el asunto.<\/p>\n<p>Desde la formaci\u00f3n postcomunista La Izquierda se exige la inmediata liberaci\u00f3n del ex mandatario catal\u00e1n y se califica su detenci\u00f3n como una \u00abverg\u00fcenza\u00bb. Los Verdes abogan por que la Uni\u00f3n Europea medie en el conflicto abierto entre Barcelona y Madrid y los liberales del FDP solicitan a Berl\u00edn que tome una posici\u00f3n clara en un asunto que \u00abgenera grandes problemas pol\u00edticos\u00bb.<\/p>\n<p>\u00abLa historia ser\u00e1 la encargada de determinar si al final ser\u00e1 considerado un terrorista o si se le levantar\u00e1 un monumento como luchador por la libertad. Alemania se ha dejado liar por Espa\u00f1a en un conflicto pol\u00edtico\u00bb, lamenta el diario econ\u00f3mico Handelsblatt.<\/p>\n<p>En la potencia europea numerosas voces alertan del peligro que entra\u00f1ar\u00eda que la larga crisis abierta por el plan soberanista se libre ahora en un nuevo frente: Alemania.<\/p>\n<p>Con una dureza inusitada, en un art\u00edculo de opini\u00f3n firmado por su periodista estrella Heribert Prantl, el \u00abSZ\u00bb llama a la justicia germana a rechazar la entrega de Puigdemont a las autoridades espa\u00f1olas para no entrar de lleno en lo que denomina \u00abuna disputa de pol\u00edtica interna de Espa\u00f1a disfrazada de disputa jur\u00eddica\u00bb.<\/p>\n<p>Prantl insiste en que los tribunales germanos no pueden ser utilizados como una \u00abherramienta\u00bb del Gobierno conservador de Mariano Rajoy. \u00abEsta pol\u00edtica separatista es seguramente err\u00f3nea y pol\u00edticamente peligrosa: perjudica a Europa y quebranta la Constituci\u00f3n espa\u00f1ola pero no se incluye en el cat\u00e1logo de delitos de extradici\u00f3n\u00bb, argumenta.<\/p>\n<p>La judicializaci\u00f3n de la pol\u00edtica espa\u00f1ola es, de hecho, uno de los argumentos m\u00e1s recurrentes en las principales cabeceras alemanas desde que este domingo saltara la noticia de que Carles Puigdemont hab\u00eda sido detenido en el norte de Alemania cuando regresaba en autom\u00f3vil desde Finlandia a B\u00e9lgica.<\/p>\n<p>\u00abDe improvisto, la justicia alemana se ha convertido en un ejecutor de la pol\u00edtica nacional espa\u00f1ola cuyos actores se comportan en un \u00e1mbito de libertad, seguridad y ley llamado Europa con una terquedad digna del &#8216;Don Quijote&#8217; de (Miguel de) Cervantes\u00bb, concluye el conservador \u00abFrankfurter Allgemeine Zeitung\u00bb.<\/p>\n<p>El diario de izquierdas berlin\u00e9s \u00abTAZ\u00bb sorprende aline\u00e1ndose con el Ejecutivo de Merkel y aplaude que mantenga las distancias y no se deje llevar por el terremoto catal\u00e1n.<\/p>\n<p>\u00abEl Gobierno alem\u00e1n hace bien en no valorar el proceder de la justicia germana y en mantener los dedos fuera del juego de Puigdemont. Aquellos que consideran a Puigdemont inocente deber\u00edan dirigir sus protestas en la direcci\u00f3n correcta y \u00e9sa es Espa\u00f1a\u00bb, concluye.<\/p>\n<p>Por Mar\u00eda Prieto (dpa)<\/p>\n","protected":false},"excerpt":{"rendered":"<p>Berl\u00edn, 27 mar (dpa) &#8211; \u00abA m\u00ed no me pregunte\u00bb, reza el titular de una columna publicada hoy por el diario muniqu\u00e9s \u00abS\u00fcddeutsche Zeitung\u00bb (SZ) en la que se da cuenta de la incomodidad que la detenci\u00f3n en territorio germano del ex presidente catal\u00e1n Carles Puigdemont ha generado en el Gobierno alem\u00e1n de Angela Merkel. [&hellip;]<\/p>\n","protected":false},"author":1,"featured_media":970727,"comment_status":"closed","ping_status":"closed","sticky":false,"template":"","format":"standard","meta":{"footnotes":""},"categories":[1],"tags":[],"class_list":["post-973790","post","type-post","status-publish","format-standard","has-post-thumbnail","hentry","category-actualidad"],"aioseo_notices":[],"aioseo_head":"\n\t\t<!-- All in One SEO Pro 5.0.1 - aioseo.com -->\n\t<meta name=\"description\" content=\"Berl\u00edn, 27 mar (dpa) - &quot;A m\u00ed no me pregunte&quot;, reza el titular de una columna publicada hoy por el diario muniqu\u00e9s &quot;S\u00fcddeutsche Zeitung&quot; (SZ) en la que se da cuenta de la incomodidad que la detenci\u00f3n en territorio germano del ex presidente catal\u00e1n Carles Puigdemont ha generado en el Gobierno alem\u00e1n de Angela Merkel.\" \/>\n\t<meta name=\"robots\" content=\"max-image-preview:large\" \/>\n\t<meta name=\"author\" content=\"El Digital de Asturias\"\/>\n\t<meta name=\"google-site-verification\" content=\"UA-38556648-1\" \/>\n\t<meta name=\"msvalidate.01\" content=\"7dfe9f3f1b24437ab69f4f2559babe99\" \/>\n\t<meta name=\"keywords\" content=\"actualidad\" \/>\n\t<link rel=\"canonical\" href=\"https:\/\/www.eldigitaldeasturias.com\/noticias\/puigdemont-situa-en-un-laberinto-al-gobierno-aleman\/\" \/>\n\t<meta name=\"generator\" content=\"All in One SEO Pro (AIOSEO) 5.0.1\" \/>\n\t\t<meta property=\"og:locale\" content=\"es_ES\" \/>\n\t\t<meta property=\"og:site_name\" content=\"El Digital de Asturias\" \/>\n\t\t<meta property=\"og:type\" content=\"article\" \/>\n\t\t<meta property=\"og:title\" content=\"Puigdemont sit\u00faa en un laberinto al Gobierno alem\u00e1n - El Digital de Asturias\" \/>\n\t\t<meta property=\"og:description\" content=\"Berl\u00edn, 27 mar (dpa) - &quot;A m\u00ed no me pregunte&quot;, reza el titular de una columna publicada hoy por el diario muniqu\u00e9s &quot;S\u00fcddeutsche Zeitung&quot; (SZ) en la que se da cuenta de la incomodidad que la detenci\u00f3n en territorio germano del ex presidente catal\u00e1n Carles Puigdemont ha generado en el Gobierno alem\u00e1n de Angela Merkel.\" \/>\n\t\t<meta property=\"og:url\" content=\"https:\/\/www.eldigitaldeasturias.com\/noticias\/puigdemont-situa-en-un-laberinto-al-gobierno-aleman\/\" \/>\n\t\t<meta property=\"article:tag\" content=\"actualidad\" \/>\n\t\t<meta property=\"article:published_time\" content=\"2018-03-27T21:53:05+00:00\" \/>\n\t\t<meta property=\"article:modified_time\" content=\"2018-03-27T21:53:05+00:00\" \/>\n\t\t<meta property=\"article:publisher\" content=\"https:\/\/facebook.com\/eldigitaldeasturias\" \/>\n\t\t<meta name=\"twitter:card\" content=\"summary_large_image\" \/>\n\t\t<meta name=\"twitter:title\" content=\"Puigdemont sit\u00faa en un laberinto al Gobierno alem\u00e1n - El Digital de Asturias\" \/>\n\t\t<meta name=\"twitter:description\" content=\"Berl\u00edn, 27 mar (dpa) - &quot;A m\u00ed no me pregunte&quot;, reza el titular de una columna publicada hoy por el diario muniqu\u00e9s &quot;S\u00fcddeutsche Zeitung&quot; (SZ) en la que se da cuenta de la incomodidad que la detenci\u00f3n en territorio germano del ex presidente catal\u00e1n Carles Puigdemont ha generado en el Gobierno alem\u00e1n de Angela Merkel.\" \/>\n\t\t<meta name=\"twitter:image\" content=\"https:\/\/www.eldigitaldeasturias.com\/noticias\/wp-content\/uploads\/2020\/12\/EDA-1.jpg\" \/>\n\t\t<meta name=\"twitter:label1\" content=\"Escrito por\" \/>\n\t\t<meta name=\"twitter:data1\" content=\"El Digital de Asturias\" \/>\n\t\t<meta name=\"twitter:label2\" content=\"Tiempo de lectura estimado\" \/>\n\t\t<meta name=\"twitter:data2\" content=\"3 minutos\" \/>\n\t\t<script type=\"application\/ld+json\" class=\"aioseo-schema\">\n\t\t\t{\"@context\":\"https:\\\/\\\/schema.org\",\"@graph\":[{\"@type\":\"BlogPosting\",\"@id\":\"https:\\\/\\\/www.eldigitaldeasturias.com\\\/noticias\\\/puigdemont-situa-en-un-laberinto-al-gobierno-aleman\\\/#blogposting\",\"name\":\"Puigdemont sit\\u00faa en un laberinto al Gobierno alem\\u00e1n - El Digital de Asturias\",\"headline\":\"Puigdemont sit\\u00faa en un laberinto al Gobierno alem\\u00e1n\",\"author\":{\"@id\":\"https:\\\/\\\/www.eldigitaldeasturias.com\\\/noticias\\\/author\\\/admin\\\/#author\"},\"publisher\":{\"@id\":\"https:\\\/\\\/www.eldigitaldeasturias.com\\\/noticias\\\/#organization\"},\"image\":{\"@type\":\"ImageObject\",\"url\":970727},\"datePublished\":\"2018-03-27T21:53:05+02:00\",\"dateModified\":\"2018-03-27T21:53:05+02:00\",\"inLanguage\":\"es-ES\",\"mainEntityOfPage\":{\"@id\":\"https:\\\/\\\/www.eldigitaldeasturias.com\\\/noticias\\\/puigdemont-situa-en-un-laberinto-al-gobierno-aleman\\\/#webpage\"},\"isPartOf\":{\"@id\":\"https:\\\/\\\/www.eldigitaldeasturias.com\\\/noticias\\\/puigdemont-situa-en-un-laberinto-al-gobierno-aleman\\\/#webpage\"},\"articleSection\":\"Actualidad\"},{\"@type\":\"BreadcrumbList\",\"@id\":\"https:\\\/\\\/www.eldigitaldeasturias.com\\\/noticias\\\/puigdemont-situa-en-un-laberinto-al-gobierno-aleman\\\/#breadcrumblist\",\"itemListElement\":[{\"@type\":\"ListItem\",\"@id\":\"https:\\\/\\\/www.eldigitaldeasturias.com\\\/noticias#listItem\",\"position\":1,\"name\":\"Home\",\"item\":\"https:\\\/\\\/www.eldigitaldeasturias.com\\\/noticias\",\"nextItem\":{\"@type\":\"ListItem\",\"@id\":\"https:\\\/\\\/www.eldigitaldeasturias.com\\\/noticias\\\/category\\\/actualidad\\\/#listItem\",\"name\":\"Actualidad\"}},{\"@type\":\"ListItem\",\"@id\":\"https:\\\/\\\/www.eldigitaldeasturias.com\\\/noticias\\\/category\\\/actualidad\\\/#listItem\",\"position\":2,\"name\":\"Actualidad\",\"item\":\"https:\\\/\\\/www.eldigitaldeasturias.com\\\/noticias\\\/category\\\/actualidad\\\/\",\"nextItem\":{\"@type\":\"ListItem\",\"@id\":\"https:\\\/\\\/www.eldigitaldeasturias.com\\\/noticias\\\/puigdemont-situa-en-un-laberinto-al-gobierno-aleman\\\/#listItem\",\"name\":\"Puigdemont sit\\u00faa en un laberinto al Gobierno alem\\u00e1n\"},\"previousItem\":{\"@type\":\"ListItem\",\"@id\":\"https:\\\/\\\/www.eldigitaldeasturias.com\\\/noticias#listItem\",\"name\":\"Home\"}},{\"@type\":\"ListItem\",\"@id\":\"https:\\\/\\\/www.eldigitaldeasturias.com\\\/noticias\\\/puigdemont-situa-en-un-laberinto-al-gobierno-aleman\\\/#listItem\",\"position\":3,\"name\":\"Puigdemont sit\\u00faa en un laberinto al Gobierno alem\\u00e1n\",\"previousItem\":{\"@type\":\"ListItem\",\"@id\":\"https:\\\/\\\/www.eldigitaldeasturias.com\\\/noticias\\\/category\\\/actualidad\\\/#listItem\",\"name\":\"Actualidad\"}}]},{\"@type\":\"Organization\",\"@id\":\"https:\\\/\\\/www.eldigitaldeasturias.com\\\/noticias\\\/#organization\",\"name\":\"El Digital de Asturias\",\"description\":\"Hemeroteca\",\"url\":\"https:\\\/\\\/www.eldigitaldeasturias.com\\\/noticias\\\/\",\"email\":\"info@eldigitaldeasturias.com\",\"telephone\":\"+34652131393\",\"logo\":{\"@type\":\"ImageObject\",\"url\":\"https:\\\/\\\/www.eldigitaldeasturias.com\\\/noticias\\\/wp-content\\\/uploads\\\/2020\\\/12\\\/EDA.jpg\",\"@id\":\"https:\\\/\\\/www.eldigitaldeasturias.com\\\/noticias\\\/puigdemont-situa-en-un-laberinto-al-gobierno-aleman\\\/#organizationLogo\"},\"image\":{\"@id\":\"https:\\\/\\\/www.eldigitaldeasturias.com\\\/noticias\\\/puigdemont-situa-en-un-laberinto-al-gobierno-aleman\\\/#organizationLogo\"},\"sameAs\":[\"https:\\\/\\\/facebook.com\\\/eldigitaldeasturias\",\"https:\\\/\\\/www.youtube.com\\\/channel\\\/UCZP-2wLEB9Rv6erhFmqVnvg\"],\"address\":{\"@id\":\"https:\\\/\\\/www.eldigitaldeasturias.com\\\/noticias\\\/#postaladdress\",\"@type\":\"PostalAddress\",\"streetAddress\":\"san antonio 4\",\"postalCode\":\"33430\",\"addressLocality\":\"Cand\\u00e1s\",\"addressRegion\":\"Asturias\",\"addressCountry\":\"ES\"}},{\"@type\":\"Person\",\"@id\":\"https:\\\/\\\/www.eldigitaldeasturias.com\\\/noticias\\\/author\\\/admin\\\/#author\",\"url\":\"https:\\\/\\\/www.eldigitaldeasturias.com\\\/noticias\\\/author\\\/admin\\\/\",\"name\":\"El Digital de Asturias\",\"image\":{\"@type\":\"ImageObject\",\"@id\":\"https:\\\/\\\/www.eldigitaldeasturias.com\\\/noticias\\\/puigdemont-situa-en-un-laberinto-al-gobierno-aleman\\\/#authorImage\",\"url\":\"https:\\\/\\\/secure.gravatar.com\\\/avatar\\\/df2aeffc32bcd13f8d26072ef8a91b623d677766deac7f97ca815868cd41bf5e?s=96&d=mm&r=g\",\"width\":96,\"height\":96,\"caption\":\"El Digital de Asturias\"}},{\"@type\":\"WebPage\",\"@id\":\"https:\\\/\\\/www.eldigitaldeasturias.com\\\/noticias\\\/puigdemont-situa-en-un-laberinto-al-gobierno-aleman\\\/#webpage\",\"url\":\"https:\\\/\\\/www.eldigitaldeasturias.com\\\/noticias\\\/puigdemont-situa-en-un-laberinto-al-gobierno-aleman\\\/\",\"name\":\"Puigdemont sit\\u00faa en un laberinto al Gobierno alem\\u00e1n - El Digital de Asturias\",\"description\":\"Berl\\u00edn, 27 mar (dpa) - \\\"A m\\u00ed no me pregunte\\\", reza el titular de una columna publicada hoy por el diario muniqu\\u00e9s \\\"S\\u00fcddeutsche Zeitung\\\" (SZ) en la que se da cuenta de la incomodidad que la detenci\\u00f3n en territorio germano del ex presidente catal\\u00e1n Carles Puigdemont ha generado en el Gobierno alem\\u00e1n de Angela Merkel.\",\"inLanguage\":\"es-ES\",\"isPartOf\":{\"@id\":\"https:\\\/\\\/www.eldigitaldeasturias.com\\\/noticias\\\/#website\"},\"breadcrumb\":{\"@id\":\"https:\\\/\\\/www.eldigitaldeasturias.com\\\/noticias\\\/puigdemont-situa-en-un-laberinto-al-gobierno-aleman\\\/#breadcrumblist\"},\"author\":{\"@id\":\"https:\\\/\\\/www.eldigitaldeasturias.com\\\/noticias\\\/author\\\/admin\\\/#author\"},\"creator\":{\"@id\":\"https:\\\/\\\/www.eldigitaldeasturias.com\\\/noticias\\\/author\\\/admin\\\/#author\"},\"image\":{\"@type\":\"ImageObject\",\"url\":970727,\"@id\":\"https:\\\/\\\/www.eldigitaldeasturias.com\\\/noticias\\\/puigdemont-situa-en-un-laberinto-al-gobierno-aleman\\\/#mainImage\"},\"primaryImageOfPage\":{\"@id\":\"https:\\\/\\\/www.eldigitaldeasturias.com\\\/noticias\\\/puigdemont-situa-en-un-laberinto-al-gobierno-aleman\\\/#mainImage\"},\"datePublished\":\"2018-03-27T21:53:05+02:00\",\"dateModified\":\"2018-03-27T21:53:05+02:00\"},{\"@type\":\"WebSite\",\"@id\":\"https:\\\/\\\/www.eldigitaldeasturias.com\\\/noticias\\\/#website\",\"url\":\"https:\\\/\\\/www.eldigitaldeasturias.com\\\/noticias\\\/\",\"name\":\"El Digital de Asturias - Diario de actualidad y noticias\",\"alternateName\":\"El Digital de Asturias - Diario de actualidad y noticias\",\"description\":\"Hemeroteca\",\"inLanguage\":\"es-ES\",\"publisher\":{\"@id\":\"https:\\\/\\\/www.eldigitaldeasturias.com\\\/noticias\\\/#organization\"}}]}\n\t\t<\/script>\n\t\t<!-- All in One SEO Pro -->\r\n\t\t<title>Puigdemont sit\u00faa en un laberinto al Gobierno alem\u00e1n - El Digital de Asturias<\/title>\n\n","aioseo_head_json":{"title":"Puigdemont sit\u00faa en un laberinto al Gobierno alem\u00e1n - El Digital de Asturias","description":"Berl\u00edn, 27 mar (dpa) - \"A m\u00ed no me pregunte\", reza el titular de una columna publicada hoy por el diario muniqu\u00e9s \"S\u00fcddeutsche Zeitung\" (SZ) en la que se da cuenta de la incomodidad que la detenci\u00f3n en territorio germano del ex presidente catal\u00e1n Carles Puigdemont ha generado en el Gobierno alem\u00e1n de Angela Merkel.","canonical_url":"https:\/\/www.eldigitaldeasturias.com\/noticias\/puigdemont-situa-en-un-laberinto-al-gobierno-aleman\/","robots":"max-image-preview:large","keywords":"actualidad","webmasterTools":{"google-site-verification":"UA-38556648-1","msvalidate.01":"7dfe9f3f1b24437ab69f4f2559babe99","miscellaneous":""},"schema":{"@context":"https:\/\/schema.org","@graph":[{"@type":"BlogPosting","@id":"https:\/\/www.eldigitaldeasturias.com\/noticias\/puigdemont-situa-en-un-laberinto-al-gobierno-aleman\/#blogposting","name":"Puigdemont sit\u00faa en un laberinto al Gobierno alem\u00e1n - El Digital de Asturias","headline":"Puigdemont sit\u00faa en un laberinto al Gobierno alem\u00e1n","author":{"@id":"https:\/\/www.eldigitaldeasturias.com\/noticias\/author\/admin\/#author"},"publisher":{"@id":"https:\/\/www.eldigitaldeasturias.com\/noticias\/#organization"},"image":{"@type":"ImageObject","url":970727},"datePublished":"2018-03-27T21:53:05+02:00","dateModified":"2018-03-27T21:53:05+02:00","inLanguage":"es-ES","mainEntityOfPage":{"@id":"https:\/\/www.eldigitaldeasturias.com\/noticias\/puigdemont-situa-en-un-laberinto-al-gobierno-aleman\/#webpage"},"isPartOf":{"@id":"https:\/\/www.eldigitaldeasturias.com\/noticias\/puigdemont-situa-en-un-laberinto-al-gobierno-aleman\/#webpage"},"articleSection":"Actualidad"},{"@type":"BreadcrumbList","@id":"https:\/\/www.eldigitaldeasturias.com\/noticias\/puigdemont-situa-en-un-laberinto-al-gobierno-aleman\/#breadcrumblist","itemListElement":[{"@type":"ListItem","@id":"https:\/\/www.eldigitaldeasturias.com\/noticias#listItem","position":1,"name":"Home","item":"https:\/\/www.eldigitaldeasturias.com\/noticias","nextItem":{"@type":"ListItem","@id":"https:\/\/www.eldigitaldeasturias.com\/noticias\/category\/actualidad\/#listItem","name":"Actualidad"}},{"@type":"ListItem","@id":"https:\/\/www.eldigitaldeasturias.com\/noticias\/category\/actualidad\/#listItem","position":2,"name":"Actualidad","item":"https:\/\/www.eldigitaldeasturias.com\/noticias\/category\/actualidad\/","nextItem":{"@type":"ListItem","@id":"https:\/\/www.eldigitaldeasturias.com\/noticias\/puigdemont-situa-en-un-laberinto-al-gobierno-aleman\/#listItem","name":"Puigdemont sit\u00faa en un laberinto al Gobierno alem\u00e1n"},"previousItem":{"@type":"ListItem","@id":"https:\/\/www.eldigitaldeasturias.com\/noticias#listItem","name":"Home"}},{"@type":"ListItem","@id":"https:\/\/www.eldigitaldeasturias.com\/noticias\/puigdemont-situa-en-un-laberinto-al-gobierno-aleman\/#listItem","position":3,"name":"Puigdemont sit\u00faa en un laberinto al Gobierno alem\u00e1n","previousItem":{"@type":"ListItem","@id":"https:\/\/www.eldigitaldeasturias.com\/noticias\/category\/actualidad\/#listItem","name":"Actualidad"}}]},{"@type":"Organization","@id":"https:\/\/www.eldigitaldeasturias.com\/noticias\/#organization","name":"El Digital de Asturias","description":"Hemeroteca","url":"https:\/\/www.eldigitaldeasturias.com\/noticias\/","email":"info@eldigitaldeasturias.com","telephone":"+34652131393","logo":{"@type":"ImageObject","url":"https:\/\/www.eldigitaldeasturias.com\/noticias\/wp-content\/uploads\/2020\/12\/EDA.jpg","@id":"https:\/\/www.eldigitaldeasturias.com\/noticias\/puigdemont-situa-en-un-laberinto-al-gobierno-aleman\/#organizationLogo"},"image":{"@id":"https:\/\/www.eldigitaldeasturias.com\/noticias\/puigdemont-situa-en-un-laberinto-al-gobierno-aleman\/#organizationLogo"},"sameAs":["https:\/\/facebook.com\/eldigitaldeasturias","https:\/\/www.youtube.com\/channel\/UCZP-2wLEB9Rv6erhFmqVnvg"],"address":{"@id":"https:\/\/www.eldigitaldeasturias.com\/noticias\/#postaladdress","@type":"PostalAddress","streetAddress":"san antonio 4","postalCode":"33430","addressLocality":"Cand\u00e1s","addressRegion":"Asturias","addressCountry":"ES"}},{"@type":"Person","@id":"https:\/\/www.eldigitaldeasturias.com\/noticias\/author\/admin\/#author","url":"https:\/\/www.eldigitaldeasturias.com\/noticias\/author\/admin\/","name":"El Digital de Asturias","image":{"@type":"ImageObject","@id":"https:\/\/www.eldigitaldeasturias.com\/noticias\/puigdemont-situa-en-un-laberinto-al-gobierno-aleman\/#authorImage","url":"https:\/\/secure.gravatar.com\/avatar\/df2aeffc32bcd13f8d26072ef8a91b623d677766deac7f97ca815868cd41bf5e?s=96&d=mm&r=g","width":96,"height":96,"caption":"El Digital de Asturias"}},{"@type":"WebPage","@id":"https:\/\/www.eldigitaldeasturias.com\/noticias\/puigdemont-situa-en-un-laberinto-al-gobierno-aleman\/#webpage","url":"https:\/\/www.eldigitaldeasturias.com\/noticias\/puigdemont-situa-en-un-laberinto-al-gobierno-aleman\/","name":"Puigdemont sit\u00faa en un laberinto al Gobierno alem\u00e1n - El Digital de Asturias","description":"Berl\u00edn, 27 mar (dpa) - \"A m\u00ed no me pregunte\", reza el titular de una columna publicada hoy por el diario muniqu\u00e9s \"S\u00fcddeutsche Zeitung\" (SZ) en la que se da cuenta de la incomodidad que la detenci\u00f3n en territorio germano del ex presidente catal\u00e1n Carles Puigdemont ha generado en el Gobierno alem\u00e1n de Angela Merkel.","inLanguage":"es-ES","isPartOf":{"@id":"https:\/\/www.eldigitaldeasturias.com\/noticias\/#website"},"breadcrumb":{"@id":"https:\/\/www.eldigitaldeasturias.com\/noticias\/puigdemont-situa-en-un-laberinto-al-gobierno-aleman\/#breadcrumblist"},"author":{"@id":"https:\/\/www.eldigitaldeasturias.com\/noticias\/author\/admin\/#author"},"creator":{"@id":"https:\/\/www.eldigitaldeasturias.com\/noticias\/author\/admin\/#author"},"image":{"@type":"ImageObject","url":970727,"@id":"https:\/\/www.eldigitaldeasturias.com\/noticias\/puigdemont-situa-en-un-laberinto-al-gobierno-aleman\/#mainImage"},"primaryImageOfPage":{"@id":"https:\/\/www.eldigitaldeasturias.com\/noticias\/puigdemont-situa-en-un-laberinto-al-gobierno-aleman\/#mainImage"},"datePublished":"2018-03-27T21:53:05+02:00","dateModified":"2018-03-27T21:53:05+02:00"},{"@type":"WebSite","@id":"https:\/\/www.eldigitaldeasturias.com\/noticias\/#website","url":"https:\/\/www.eldigitaldeasturias.com\/noticias\/","name":"El Digital de Asturias - Diario de actualidad y noticias","alternateName":"El Digital de Asturias - Diario de actualidad y noticias","description":"Hemeroteca","inLanguage":"es-ES","publisher":{"@id":"https:\/\/www.eldigitaldeasturias.com\/noticias\/#organization"}}]},"og:locale":"es_ES","og:site_name":"El Digital de Asturias","og:type":"article","og:title":"Puigdemont sit\u00faa en un laberinto al Gobierno alem\u00e1n - El Digital de Asturias","og:description":"Berl\u00edn, 27 mar (dpa) - &quot;A m\u00ed no me pregunte&quot;, reza el titular de una columna publicada hoy por el diario muniqu\u00e9s &quot;S\u00fcddeutsche Zeitung&quot; (SZ) en la que se da cuenta de la incomodidad que la detenci\u00f3n en territorio germano del ex presidente catal\u00e1n Carles Puigdemont ha generado en el Gobierno alem\u00e1n de Angela Merkel.","og:url":"https:\/\/www.eldigitaldeasturias.com\/noticias\/puigdemont-situa-en-un-laberinto-al-gobierno-aleman\/","article:tag":["actualidad"],"article:published_time":"2018-03-27T21:53:05+00:00","article:modified_time":"2018-03-27T21:53:05+00:00","article:publisher":"https:\/\/facebook.com\/eldigitaldeasturias","twitter:card":"summary_large_image","twitter:title":"Puigdemont sit\u00faa en un laberinto al Gobierno alem\u00e1n - El Digital de Asturias","twitter:description":"Berl\u00edn, 27 mar (dpa) - &quot;A m\u00ed no me pregunte&quot;, reza el titular de una columna publicada hoy por el diario muniqu\u00e9s &quot;S\u00fcddeutsche Zeitung&quot; (SZ) en la que se da cuenta de la incomodidad que la detenci\u00f3n en territorio germano del ex presidente catal\u00e1n Carles Puigdemont ha generado en el Gobierno alem\u00e1n de Angela Merkel.","twitter:image":"https:\/\/www.eldigitaldeasturias.com\/noticias\/wp-content\/uploads\/2020\/12\/EDA-1.jpg","twitter:label1":"Escrito por","twitter:data1":"El Digital de Asturias","twitter:label2":"Tiempo de lectura estimado","twitter:data2":"3 minutos"},"aioseo_meta_data":{"post_id":"973790","title":null,"description":null,"keywords":null,"keyphrases":null,"primary_term":null,"canonical_url":null,"og_title":null,"og_description":null,"og_object_type":"default","og_image_type":"default","og_image_url":null,"og_image_width":null,"og_image_height":null,"og_image_custom_url":null,"og_image_custom_fields":null,"og_video":null,"og_custom_url":null,"og_article_section":null,"og_article_tags":null,"twitter_use_og":false,"twitter_card":"default","twitter_image_type":"default","twitter_image_url":null,"twitter_image_custom_url":null,"twitter_image_custom_fields":null,"twitter_title":null,"twitter_description":null,"schema":{"blockGraphs":[],"customGraphs":[],"default":{"data":{"Article":[],"Course":[],"Dataset":[],"FAQPage":[],"Movie":[],"Person":[],"Product":[],"ProductReview":[],"Car":[],"Recipe":[],"Service":[],"SoftwareApplication":[],"WebPage":[]},"graphName":"","isEnabled":true},"graphs":[],"defaultGraph":"","defaultPostTypeGraph":""},"schema_type":null,"schema_type_options":null,"pillar_content":false,"robots_default":true,"robots_noindex":false,"robots_noarchive":false,"robots_nosnippet":false,"robots_nofollow":false,"robots_noimageindex":false,"robots_noodp":false,"robots_notranslate":false,"robots_max_snippet":null,"robots_max_videopreview":null,"robots_max_imagepreview":"large","priority":null,"frequency":null,"local_seo":null,"seo_analyzer_scan_date":"2025-10-07 17:51:05","breadcrumb_settings":null,"limit_modified_date":false,"open_ai":null,"ai":null,"created":"2020-12-21 12:15:36","updated":"2025-10-07 17:51:05","focus_keyword":null,"additional_keywords":null,"truseo_locale":null},"aioseo_breadcrumb":"<div class=\"aioseo-breadcrumbs\"><span class=\"aioseo-breadcrumb\">\n\t<a href=\"https:\/\/www.eldigitaldeasturias.com\/noticias\" title=\"Home\">Home<\/a>\n<\/span><span class=\"aioseo-breadcrumb-separator\">\u2013<\/span><span class=\"aioseo-breadcrumb\">\n\t<a href=\"https:\/\/www.eldigitaldeasturias.com\/noticias\/category\/actualidad\/\" title=\"Actualidad\">Actualidad<\/a>\n<\/span><span class=\"aioseo-breadcrumb-separator\">\u2013<\/span><span class=\"aioseo-breadcrumb\">\n\t<a href=\"https:\/\/www.eldigitaldeasturias.com\/noticias\/puigdemont-situa-en-un-laberinto-al-gobierno-aleman\/\" title=\"Puigdemont sit\u00faa en un laberinto al Gobierno alem\u00e1n\">Puigdemont sit\u00faa en un laberinto al Gobierno alem\u00e1n<\/a>\n<\/span><\/div>","aioseo_breadcrumb_json":[{"label":"Home","link":"https:\/\/www.eldigitaldeasturias.com\/noticias"},{"label":"Actualidad","link":"https:\/\/www.eldigitaldeasturias.com\/noticias\/category\/actualidad\/"},{"label":"Puigdemont sit\u00faa en un laberinto al Gobierno alem\u00e1n","link":"https:\/\/www.eldigitaldeasturias.com\/noticias\/puigdemont-situa-en-un-laberinto-al-gobierno-aleman\/"}],"_links":{"self":[{"href":"https:\/\/www.eldigitaldeasturias.com\/noticias\/wp-json\/wp\/v2\/posts\/973790","targetHints":{"allow":["GET"]}}],"collection":[{"href":"https:\/\/www.eldigitaldeasturias.com\/noticias\/wp-json\/wp\/v2\/posts"}],"about":[{"href":"https:\/\/www.eldigitaldeasturias.com\/noticias\/wp-json\/wp\/v2\/types\/post"}],"author":[{"embeddable":true,"href":"https:\/\/www.eldigitaldeasturias.com\/noticias\/wp-json\/wp\/v2\/users\/1"}],"replies":[{"embeddable":true,"href":"https:\/\/www.eldigitaldeasturias.com\/noticias\/wp-json\/wp\/v2\/comments?post=973790"}],"version-history":[{"count":0,"href":"https:\/\/www.eldigitaldeasturias.com\/noticias\/wp-json\/wp\/v2\/posts\/973790\/revisions"}],"wp:attachment":[{"href":"https:\/\/www.eldigitaldeasturias.com\/noticias\/wp-json\/wp\/v2\/media?parent=973790"}],"wp:term":[{"taxonomy":"category","embeddable":true,"href":"https:\/\/www.eldigitaldeasturias.com\/noticias\/wp-json\/wp\/v2\/categories?post=973790"},{"taxonomy":"post_tag","embeddable":true,"href":"https:\/\/www.eldigitaldeasturias.com\/noticias\/wp-json\/wp\/v2\/tags?post=973790"}],"curies":[{"name":"wp","href":"https:\/\/api.w.org\/{rel}","templated":true}]}}