{"id":973781,"date":"2018-03-27T21:27:19","date_gmt":"2018-03-27T21:27:19","guid":{"rendered":"http:\/\/www.eldigitaldeasturias.com\/noticias\/?p=973781"},"modified":"2018-03-27T21:27:19","modified_gmt":"2018-03-27T21:27:19","slug":"la-primavera-catalana-cortes-de-trafico-por-el-arresto-de-puigdemont","status":"publish","type":"post","link":"https:\/\/www.eldigitaldeasturias.com\/noticias\/la-primavera-catalana-cortes-de-trafico-por-el-arresto-de-puigdemont\/","title":{"rendered":"La \u00abPrimavera catalana\u00bb: cortes de tr\u00e1fico por el arresto de Puigdemont"},"content":{"rendered":"<p><img loading=\"lazy\" decoding=\"async\" class=\"alignleft size-medium wp-image-973562\" src=\"https:\/\/www.eldigitaldeasturias.com\/noticias\/wp-content\/uploads\/2018\/03\/marcha1-360x240.jpg\" alt=\"\" width=\"360\" height=\"240\" \/>Barcelona, 27 mar (dpa) &#8211; Grupos independentistas cortaron hoy varias calles y autopistas en Catalu\u00f1a en protesta por la detenci\u00f3n del ex presidente regional Carles Puigdemont, que este lunes qued\u00f3 en prisi\u00f3n preventiva en Alemania a la espera de su entrega a Espa\u00f1a.<\/p>\n<p>Los cortes fueron organizados por los autodenominados Comit\u00e9s de Defensa de la Rep\u00fablica (CDR), grupos civiles organizados para impulsar la implementaci\u00f3n de una supuesta Catalu\u00f1a independiente.<\/p>\n<p>Cientos de militantes de los CDR provocaron retenciones y desv\u00edos al irrumpir tanto en la autopista A2, una de las principales del pa\u00eds, como en carreteras regionales y calles c\u00e9ntricas de Barcelona. Miles de coches quedaron bloqueados varias horas.<\/p>\n<p>\u00abEstalla la primavera catalana\u00bb, anunciaron los CDR en un comunicado, aludiendo a la llamada \u00abprimavera \u00e1rabe\u00bb que hace siete a\u00f1os revolucion\u00f3 varios pa\u00edses del norte de \u00c1frica y Cercano Oriente.<\/p>\n<p>El comunicado anuncia \u00abmovilizaciones en todo el territorio\u00bb, que \u00abvan a desbordar las previsiones y cambiar la mentalidad respecto a las vistas hasta el momento\u00bb, en protesta contra la \u00abocupaci\u00f3n\u00bb de Espa\u00f1a y con un objetivo: \u00abla construcci\u00f3n efectiva de la Rep\u00fablica\u00bb.<\/p>\n<p>Tambi\u00e9n el partido antisistema Candidatura de Unidad Popular (CUP), una de las tres fuerzas independentistas que forman mayor\u00eda absoluta en el Parlamento catal\u00e1n, public\u00f3 varias fotos de las protestas con el mensaje: \u00ab\u00a1La primeravera catalana ha comenzado!\u00bb.<\/p>\n<p>De forma paralela, el 15 de abril se celebrar\u00e1 en Barcelona una \u00abgran manifestaci\u00f3n\u00bb en defensa de los independentistas presos o desplazados fuera de Espa\u00f1a convocada hoy por las dos principales entidades civiles soberanistas, cuyos ex l\u00edderes cumplir\u00e1n ese d\u00eda seis meses en prisi\u00f3n preventiva, y por sindicatos catalanes.<\/p>\n<p>La plataforma convocante, que integra tambi\u00e9n a asociaciones de deportistas, actores y otros sectores, reclama que los problemas pol\u00edticos tengan \u00abuna respuesta pol\u00edtica y no una represiva\u00bb.<\/p>\n<p>La nueva ola de movilizaciones llega un d\u00eda despu\u00e9s de que Puigdemont quedara en prisi\u00f3n preventiva en Alemania a la espera de que se decida su entrega a Espa\u00f1a, un tr\u00e1mite que podr\u00eda durar de diez a 60 d\u00edas.<\/p>\n<p>El ex presidente, que llev\u00f3 hasta el extremo el plan independentista en Catalu\u00f1a, fue detenido el domingo tras cruzar en coche la frontera norte de Alemania. El Tribunal Supremo espa\u00f1ol hab\u00eda activado el viernes una orden europea de detenci\u00f3n contra \u00e9l.<\/p>\n<p>El Gobierno espa\u00f1ol insisti\u00f3 hoy en que la situaci\u00f3n judicial es \u00abclara\u00bb y no piensa interferir de ning\u00fan modo.<\/p>\n<p>\u00abAlemania castiga la rebeli\u00f3n, la alta traici\u00f3n, con entre diez a\u00f1os y la prisi\u00f3n de por vida. No se trata de una cuesti\u00f3n espa\u00f1ola. Saltarse los cimientos de un Estado miembro tambi\u00e9n es delito en Alemania\u00bb, sostuvo el portavoz del Gobierno, \u00cd\u00f1igo M\u00e9ndez de Vigo.<\/p>\n<p>El ministro aludi\u00f3 tambi\u00e9n al Comit\u00e9 de Derechos Humanos de la ONU en Ginebra, que admiti\u00f3 a tr\u00e1mite una queja de Puigdemont en la que el ex presidente acusa a Espa\u00f1a de violar sus derechos pol\u00edticos y civiles.<\/p>\n<p>\u00abEse comit\u00e9 no es un \u00f3rgano jurisdiccional, y lo que har\u00e1 ser\u00e1 mandar una comunicaci\u00f3n a Espa\u00f1a para que esta d\u00e9 cuenta de la situaci\u00f3n del se\u00f1or Puigdemont, y es lo que haremos\u00bb, explic\u00f3 M\u00e9ndez de Vigo. El procedimiento completo podr\u00eda durar varios meses.<\/p>\n<p>Puigdemont, que llevaba cinco meses viviendo en Bruselas, est\u00e1 acusado en Espa\u00f1a por rebeli\u00f3n y malversaci\u00f3n. En total hay 25 l\u00edderes catalanes procesados por el plan soberanista, nueve de ellos ya en prisi\u00f3n preventiva en Madrid y otros seis fuera de Espa\u00f1a.<\/p>\n","protected":false},"excerpt":{"rendered":"<p>Barcelona, 27 mar (dpa) &#8211; Grupos independentistas cortaron hoy varias calles y autopistas en Catalu\u00f1a en protesta por la detenci\u00f3n del ex presidente regional Carles Puigdemont, que este lunes qued\u00f3 en prisi\u00f3n preventiva en Alemania a la espera de su entrega a Espa\u00f1a. Los cortes fueron organizados por los autodenominados Comit\u00e9s de Defensa de la [&hellip;]<\/p>\n","protected":false},"author":1,"featured_media":973562,"comment_status":"closed","ping_status":"closed","sticky":false,"template":"","format":"standard","meta":{"footnotes":""},"categories":[1],"tags":[],"class_list":["post-973781","post","type-post","status-publish","format-standard","has-post-thumbnail","hentry","category-actualidad"],"aioseo_notices":[],"aioseo_head":"\n\t\t<!-- All in One SEO Pro 5.0.1 - aioseo.com -->\n\t<meta name=\"description\" content=\"Barcelona, 27 mar (dpa) - Grupos independentistas cortaron hoy varias calles y autopistas en Catalu\u00f1a en protesta por la detenci\u00f3n del ex presidente regional Carles Puigdemont, que este lunes qued\u00f3 en prisi\u00f3n preventiva en Alemania a la espera de su entrega a Espa\u00f1a. Los cortes fueron organizados por los autodenominados Comit\u00e9s de Defensa de la\" \/>\n\t<meta name=\"robots\" content=\"max-image-preview:large\" \/>\n\t<meta name=\"author\" content=\"El Digital de Asturias\"\/>\n\t<meta name=\"google-site-verification\" content=\"UA-38556648-1\" \/>\n\t<meta name=\"msvalidate.01\" content=\"7dfe9f3f1b24437ab69f4f2559babe99\" \/>\n\t<meta name=\"keywords\" content=\"actualidad\" \/>\n\t<link rel=\"canonical\" href=\"https:\/\/www.eldigitaldeasturias.com\/noticias\/la-primavera-catalana-cortes-de-trafico-por-el-arresto-de-puigdemont\/\" \/>\n\t<meta name=\"generator\" content=\"All in One SEO Pro (AIOSEO) 5.0.1\" \/>\n\t\t<meta property=\"og:locale\" content=\"es_ES\" \/>\n\t\t<meta property=\"og:site_name\" content=\"El Digital de Asturias\" \/>\n\t\t<meta property=\"og:type\" content=\"article\" \/>\n\t\t<meta property=\"og:title\" content=\"La \u00abPrimavera catalana\u00bb: cortes de tr\u00e1fico por el arresto de Puigdemont - El Digital de Asturias\" \/>\n\t\t<meta property=\"og:description\" content=\"Barcelona, 27 mar (dpa) - Grupos independentistas cortaron hoy varias calles y autopistas en Catalu\u00f1a en protesta por la detenci\u00f3n del ex presidente regional Carles Puigdemont, que este lunes qued\u00f3 en prisi\u00f3n preventiva en Alemania a la espera de su entrega a Espa\u00f1a. Los cortes fueron organizados por los autodenominados Comit\u00e9s de Defensa de la\" \/>\n\t\t<meta property=\"og:url\" content=\"https:\/\/www.eldigitaldeasturias.com\/noticias\/la-primavera-catalana-cortes-de-trafico-por-el-arresto-de-puigdemont\/\" \/>\n\t\t<meta property=\"article:tag\" content=\"actualidad\" \/>\n\t\t<meta property=\"article:published_time\" content=\"2018-03-27T21:27:19+00:00\" \/>\n\t\t<meta property=\"article:modified_time\" content=\"2018-03-27T21:27:19+00:00\" \/>\n\t\t<meta property=\"article:publisher\" content=\"https:\/\/facebook.com\/eldigitaldeasturias\" \/>\n\t\t<meta name=\"twitter:card\" content=\"summary_large_image\" \/>\n\t\t<meta name=\"twitter:title\" content=\"La \u00abPrimavera catalana\u00bb: cortes de tr\u00e1fico por el arresto de Puigdemont - El Digital de Asturias\" \/>\n\t\t<meta name=\"twitter:description\" content=\"Barcelona, 27 mar (dpa) - Grupos independentistas cortaron hoy varias calles y autopistas en Catalu\u00f1a en protesta por la detenci\u00f3n del ex presidente regional Carles Puigdemont, que este lunes qued\u00f3 en prisi\u00f3n preventiva en Alemania a la espera de su entrega a Espa\u00f1a. Los cortes fueron organizados por los autodenominados Comit\u00e9s de Defensa de la\" \/>\n\t\t<meta name=\"twitter:image\" content=\"https:\/\/www.eldigitaldeasturias.com\/noticias\/wp-content\/uploads\/2020\/12\/EDA-1.jpg\" \/>\n\t\t<meta name=\"twitter:label1\" content=\"Escrito por\" \/>\n\t\t<meta name=\"twitter:data1\" content=\"El Digital de Asturias\" \/>\n\t\t<meta name=\"twitter:label2\" content=\"Tiempo de lectura estimado\" \/>\n\t\t<meta name=\"twitter:data2\" content=\"3 minutos\" \/>\n\t\t<script type=\"application\/ld+json\" class=\"aioseo-schema\">\n\t\t\t{\"@context\":\"https:\\\/\\\/schema.org\",\"@graph\":[{\"@type\":\"BlogPosting\",\"@id\":\"https:\\\/\\\/www.eldigitaldeasturias.com\\\/noticias\\\/la-primavera-catalana-cortes-de-trafico-por-el-arresto-de-puigdemont\\\/#blogposting\",\"name\":\"La \\u00abPrimavera catalana\\u00bb: cortes de tr\\u00e1fico por el arresto de Puigdemont - El Digital de Asturias\",\"headline\":\"La \\u00abPrimavera catalana\\u00bb: cortes de tr\\u00e1fico por el arresto de Puigdemont\",\"author\":{\"@id\":\"https:\\\/\\\/www.eldigitaldeasturias.com\\\/noticias\\\/author\\\/admin\\\/#author\"},\"publisher\":{\"@id\":\"https:\\\/\\\/www.eldigitaldeasturias.com\\\/noticias\\\/#organization\"},\"image\":{\"@type\":\"ImageObject\",\"url\":973562},\"datePublished\":\"2018-03-27T21:27:19+02:00\",\"dateModified\":\"2018-03-27T21:27:19+02:00\",\"inLanguage\":\"es-ES\",\"mainEntityOfPage\":{\"@id\":\"https:\\\/\\\/www.eldigitaldeasturias.com\\\/noticias\\\/la-primavera-catalana-cortes-de-trafico-por-el-arresto-de-puigdemont\\\/#webpage\"},\"isPartOf\":{\"@id\":\"https:\\\/\\\/www.eldigitaldeasturias.com\\\/noticias\\\/la-primavera-catalana-cortes-de-trafico-por-el-arresto-de-puigdemont\\\/#webpage\"},\"articleSection\":\"Actualidad\"},{\"@type\":\"BreadcrumbList\",\"@id\":\"https:\\\/\\\/www.eldigitaldeasturias.com\\\/noticias\\\/la-primavera-catalana-cortes-de-trafico-por-el-arresto-de-puigdemont\\\/#breadcrumblist\",\"itemListElement\":[{\"@type\":\"ListItem\",\"@id\":\"https:\\\/\\\/www.eldigitaldeasturias.com\\\/noticias#listItem\",\"position\":1,\"name\":\"Home\",\"item\":\"https:\\\/\\\/www.eldigitaldeasturias.com\\\/noticias\",\"nextItem\":{\"@type\":\"ListItem\",\"@id\":\"https:\\\/\\\/www.eldigitaldeasturias.com\\\/noticias\\\/category\\\/actualidad\\\/#listItem\",\"name\":\"Actualidad\"}},{\"@type\":\"ListItem\",\"@id\":\"https:\\\/\\\/www.eldigitaldeasturias.com\\\/noticias\\\/category\\\/actualidad\\\/#listItem\",\"position\":2,\"name\":\"Actualidad\",\"item\":\"https:\\\/\\\/www.eldigitaldeasturias.com\\\/noticias\\\/category\\\/actualidad\\\/\",\"nextItem\":{\"@type\":\"ListItem\",\"@id\":\"https:\\\/\\\/www.eldigitaldeasturias.com\\\/noticias\\\/la-primavera-catalana-cortes-de-trafico-por-el-arresto-de-puigdemont\\\/#listItem\",\"name\":\"La \\u00abPrimavera catalana\\u00bb: cortes de tr\\u00e1fico por el arresto de Puigdemont\"},\"previousItem\":{\"@type\":\"ListItem\",\"@id\":\"https:\\\/\\\/www.eldigitaldeasturias.com\\\/noticias#listItem\",\"name\":\"Home\"}},{\"@type\":\"ListItem\",\"@id\":\"https:\\\/\\\/www.eldigitaldeasturias.com\\\/noticias\\\/la-primavera-catalana-cortes-de-trafico-por-el-arresto-de-puigdemont\\\/#listItem\",\"position\":3,\"name\":\"La \\u00abPrimavera catalana\\u00bb: cortes de tr\\u00e1fico por el arresto de Puigdemont\",\"previousItem\":{\"@type\":\"ListItem\",\"@id\":\"https:\\\/\\\/www.eldigitaldeasturias.com\\\/noticias\\\/category\\\/actualidad\\\/#listItem\",\"name\":\"Actualidad\"}}]},{\"@type\":\"Organization\",\"@id\":\"https:\\\/\\\/www.eldigitaldeasturias.com\\\/noticias\\\/#organization\",\"name\":\"El Digital de Asturias\",\"description\":\"Hemeroteca\",\"url\":\"https:\\\/\\\/www.eldigitaldeasturias.com\\\/noticias\\\/\",\"email\":\"info@eldigitaldeasturias.com\",\"telephone\":\"+34652131393\",\"logo\":{\"@type\":\"ImageObject\",\"url\":\"https:\\\/\\\/www.eldigitaldeasturias.com\\\/noticias\\\/wp-content\\\/uploads\\\/2020\\\/12\\\/EDA.jpg\",\"@id\":\"https:\\\/\\\/www.eldigitaldeasturias.com\\\/noticias\\\/la-primavera-catalana-cortes-de-trafico-por-el-arresto-de-puigdemont\\\/#organizationLogo\"},\"image\":{\"@id\":\"https:\\\/\\\/www.eldigitaldeasturias.com\\\/noticias\\\/la-primavera-catalana-cortes-de-trafico-por-el-arresto-de-puigdemont\\\/#organizationLogo\"},\"sameAs\":[\"https:\\\/\\\/facebook.com\\\/eldigitaldeasturias\",\"https:\\\/\\\/www.youtube.com\\\/channel\\\/UCZP-2wLEB9Rv6erhFmqVnvg\"],\"address\":{\"@id\":\"https:\\\/\\\/www.eldigitaldeasturias.com\\\/noticias\\\/#postaladdress\",\"@type\":\"PostalAddress\",\"streetAddress\":\"san antonio 4\",\"postalCode\":\"33430\",\"addressLocality\":\"Cand\\u00e1s\",\"addressRegion\":\"Asturias\",\"addressCountry\":\"ES\"}},{\"@type\":\"Person\",\"@id\":\"https:\\\/\\\/www.eldigitaldeasturias.com\\\/noticias\\\/author\\\/admin\\\/#author\",\"url\":\"https:\\\/\\\/www.eldigitaldeasturias.com\\\/noticias\\\/author\\\/admin\\\/\",\"name\":\"El Digital de Asturias\",\"image\":{\"@type\":\"ImageObject\",\"@id\":\"https:\\\/\\\/www.eldigitaldeasturias.com\\\/noticias\\\/la-primavera-catalana-cortes-de-trafico-por-el-arresto-de-puigdemont\\\/#authorImage\",\"url\":\"https:\\\/\\\/secure.gravatar.com\\\/avatar\\\/df2aeffc32bcd13f8d26072ef8a91b623d677766deac7f97ca815868cd41bf5e?s=96&d=mm&r=g\",\"width\":96,\"height\":96,\"caption\":\"El Digital de Asturias\"}},{\"@type\":\"WebPage\",\"@id\":\"https:\\\/\\\/www.eldigitaldeasturias.com\\\/noticias\\\/la-primavera-catalana-cortes-de-trafico-por-el-arresto-de-puigdemont\\\/#webpage\",\"url\":\"https:\\\/\\\/www.eldigitaldeasturias.com\\\/noticias\\\/la-primavera-catalana-cortes-de-trafico-por-el-arresto-de-puigdemont\\\/\",\"name\":\"La \\u00abPrimavera catalana\\u00bb: cortes de tr\\u00e1fico por el arresto de Puigdemont - El Digital de Asturias\",\"description\":\"Barcelona, 27 mar (dpa) - Grupos independentistas cortaron hoy varias calles y autopistas en Catalu\\u00f1a en protesta por la detenci\\u00f3n del ex presidente regional Carles Puigdemont, que este lunes qued\\u00f3 en prisi\\u00f3n preventiva en Alemania a la espera de su entrega a Espa\\u00f1a. Los cortes fueron organizados por los autodenominados Comit\\u00e9s de Defensa de la\",\"inLanguage\":\"es-ES\",\"isPartOf\":{\"@id\":\"https:\\\/\\\/www.eldigitaldeasturias.com\\\/noticias\\\/#website\"},\"breadcrumb\":{\"@id\":\"https:\\\/\\\/www.eldigitaldeasturias.com\\\/noticias\\\/la-primavera-catalana-cortes-de-trafico-por-el-arresto-de-puigdemont\\\/#breadcrumblist\"},\"author\":{\"@id\":\"https:\\\/\\\/www.eldigitaldeasturias.com\\\/noticias\\\/author\\\/admin\\\/#author\"},\"creator\":{\"@id\":\"https:\\\/\\\/www.eldigitaldeasturias.com\\\/noticias\\\/author\\\/admin\\\/#author\"},\"image\":{\"@type\":\"ImageObject\",\"url\":973562,\"@id\":\"https:\\\/\\\/www.eldigitaldeasturias.com\\\/noticias\\\/la-primavera-catalana-cortes-de-trafico-por-el-arresto-de-puigdemont\\\/#mainImage\"},\"primaryImageOfPage\":{\"@id\":\"https:\\\/\\\/www.eldigitaldeasturias.com\\\/noticias\\\/la-primavera-catalana-cortes-de-trafico-por-el-arresto-de-puigdemont\\\/#mainImage\"},\"datePublished\":\"2018-03-27T21:27:19+02:00\",\"dateModified\":\"2018-03-27T21:27:19+02:00\"},{\"@type\":\"WebSite\",\"@id\":\"https:\\\/\\\/www.eldigitaldeasturias.com\\\/noticias\\\/#website\",\"url\":\"https:\\\/\\\/www.eldigitaldeasturias.com\\\/noticias\\\/\",\"name\":\"El Digital de Asturias - Diario de actualidad y noticias\",\"alternateName\":\"El Digital de Asturias - Diario de actualidad y noticias\",\"description\":\"Hemeroteca\",\"inLanguage\":\"es-ES\",\"publisher\":{\"@id\":\"https:\\\/\\\/www.eldigitaldeasturias.com\\\/noticias\\\/#organization\"}}]}\n\t\t<\/script>\n\t\t<!-- All in One SEO Pro -->\r\n\t\t<title>La \u00abPrimavera catalana\u00bb: cortes de tr\u00e1fico por el arresto de Puigdemont - El Digital de Asturias<\/title>\n\n","aioseo_head_json":{"title":"La \u00abPrimavera catalana\u00bb: cortes de tr\u00e1fico por el arresto de Puigdemont - El Digital de Asturias","description":"Barcelona, 27 mar (dpa) - Grupos independentistas cortaron hoy varias calles y autopistas en Catalu\u00f1a en protesta por la detenci\u00f3n del ex presidente regional Carles Puigdemont, que este lunes qued\u00f3 en prisi\u00f3n preventiva en Alemania a la espera de su entrega a Espa\u00f1a. Los cortes fueron organizados por los autodenominados Comit\u00e9s de Defensa de la","canonical_url":"https:\/\/www.eldigitaldeasturias.com\/noticias\/la-primavera-catalana-cortes-de-trafico-por-el-arresto-de-puigdemont\/","robots":"max-image-preview:large","keywords":"actualidad","webmasterTools":{"google-site-verification":"UA-38556648-1","msvalidate.01":"7dfe9f3f1b24437ab69f4f2559babe99","miscellaneous":""},"schema":{"@context":"https:\/\/schema.org","@graph":[{"@type":"BlogPosting","@id":"https:\/\/www.eldigitaldeasturias.com\/noticias\/la-primavera-catalana-cortes-de-trafico-por-el-arresto-de-puigdemont\/#blogposting","name":"La \u00abPrimavera catalana\u00bb: cortes de tr\u00e1fico por el arresto de Puigdemont - El Digital de Asturias","headline":"La \u00abPrimavera catalana\u00bb: cortes de tr\u00e1fico por el arresto de Puigdemont","author":{"@id":"https:\/\/www.eldigitaldeasturias.com\/noticias\/author\/admin\/#author"},"publisher":{"@id":"https:\/\/www.eldigitaldeasturias.com\/noticias\/#organization"},"image":{"@type":"ImageObject","url":973562},"datePublished":"2018-03-27T21:27:19+02:00","dateModified":"2018-03-27T21:27:19+02:00","inLanguage":"es-ES","mainEntityOfPage":{"@id":"https:\/\/www.eldigitaldeasturias.com\/noticias\/la-primavera-catalana-cortes-de-trafico-por-el-arresto-de-puigdemont\/#webpage"},"isPartOf":{"@id":"https:\/\/www.eldigitaldeasturias.com\/noticias\/la-primavera-catalana-cortes-de-trafico-por-el-arresto-de-puigdemont\/#webpage"},"articleSection":"Actualidad"},{"@type":"BreadcrumbList","@id":"https:\/\/www.eldigitaldeasturias.com\/noticias\/la-primavera-catalana-cortes-de-trafico-por-el-arresto-de-puigdemont\/#breadcrumblist","itemListElement":[{"@type":"ListItem","@id":"https:\/\/www.eldigitaldeasturias.com\/noticias#listItem","position":1,"name":"Home","item":"https:\/\/www.eldigitaldeasturias.com\/noticias","nextItem":{"@type":"ListItem","@id":"https:\/\/www.eldigitaldeasturias.com\/noticias\/category\/actualidad\/#listItem","name":"Actualidad"}},{"@type":"ListItem","@id":"https:\/\/www.eldigitaldeasturias.com\/noticias\/category\/actualidad\/#listItem","position":2,"name":"Actualidad","item":"https:\/\/www.eldigitaldeasturias.com\/noticias\/category\/actualidad\/","nextItem":{"@type":"ListItem","@id":"https:\/\/www.eldigitaldeasturias.com\/noticias\/la-primavera-catalana-cortes-de-trafico-por-el-arresto-de-puigdemont\/#listItem","name":"La \u00abPrimavera catalana\u00bb: cortes de tr\u00e1fico por el arresto de Puigdemont"},"previousItem":{"@type":"ListItem","@id":"https:\/\/www.eldigitaldeasturias.com\/noticias#listItem","name":"Home"}},{"@type":"ListItem","@id":"https:\/\/www.eldigitaldeasturias.com\/noticias\/la-primavera-catalana-cortes-de-trafico-por-el-arresto-de-puigdemont\/#listItem","position":3,"name":"La \u00abPrimavera catalana\u00bb: cortes de tr\u00e1fico por el arresto de Puigdemont","previousItem":{"@type":"ListItem","@id":"https:\/\/www.eldigitaldeasturias.com\/noticias\/category\/actualidad\/#listItem","name":"Actualidad"}}]},{"@type":"Organization","@id":"https:\/\/www.eldigitaldeasturias.com\/noticias\/#organization","name":"El Digital de Asturias","description":"Hemeroteca","url":"https:\/\/www.eldigitaldeasturias.com\/noticias\/","email":"info@eldigitaldeasturias.com","telephone":"+34652131393","logo":{"@type":"ImageObject","url":"https:\/\/www.eldigitaldeasturias.com\/noticias\/wp-content\/uploads\/2020\/12\/EDA.jpg","@id":"https:\/\/www.eldigitaldeasturias.com\/noticias\/la-primavera-catalana-cortes-de-trafico-por-el-arresto-de-puigdemont\/#organizationLogo"},"image":{"@id":"https:\/\/www.eldigitaldeasturias.com\/noticias\/la-primavera-catalana-cortes-de-trafico-por-el-arresto-de-puigdemont\/#organizationLogo"},"sameAs":["https:\/\/facebook.com\/eldigitaldeasturias","https:\/\/www.youtube.com\/channel\/UCZP-2wLEB9Rv6erhFmqVnvg"],"address":{"@id":"https:\/\/www.eldigitaldeasturias.com\/noticias\/#postaladdress","@type":"PostalAddress","streetAddress":"san antonio 4","postalCode":"33430","addressLocality":"Cand\u00e1s","addressRegion":"Asturias","addressCountry":"ES"}},{"@type":"Person","@id":"https:\/\/www.eldigitaldeasturias.com\/noticias\/author\/admin\/#author","url":"https:\/\/www.eldigitaldeasturias.com\/noticias\/author\/admin\/","name":"El Digital de Asturias","image":{"@type":"ImageObject","@id":"https:\/\/www.eldigitaldeasturias.com\/noticias\/la-primavera-catalana-cortes-de-trafico-por-el-arresto-de-puigdemont\/#authorImage","url":"https:\/\/secure.gravatar.com\/avatar\/df2aeffc32bcd13f8d26072ef8a91b623d677766deac7f97ca815868cd41bf5e?s=96&d=mm&r=g","width":96,"height":96,"caption":"El Digital de Asturias"}},{"@type":"WebPage","@id":"https:\/\/www.eldigitaldeasturias.com\/noticias\/la-primavera-catalana-cortes-de-trafico-por-el-arresto-de-puigdemont\/#webpage","url":"https:\/\/www.eldigitaldeasturias.com\/noticias\/la-primavera-catalana-cortes-de-trafico-por-el-arresto-de-puigdemont\/","name":"La \u00abPrimavera catalana\u00bb: cortes de tr\u00e1fico por el arresto de Puigdemont - El Digital de Asturias","description":"Barcelona, 27 mar (dpa) - Grupos independentistas cortaron hoy varias calles y autopistas en Catalu\u00f1a en protesta por la detenci\u00f3n del ex presidente regional Carles Puigdemont, que este lunes qued\u00f3 en prisi\u00f3n preventiva en Alemania a la espera de su entrega a Espa\u00f1a. Los cortes fueron organizados por los autodenominados Comit\u00e9s de Defensa de la","inLanguage":"es-ES","isPartOf":{"@id":"https:\/\/www.eldigitaldeasturias.com\/noticias\/#website"},"breadcrumb":{"@id":"https:\/\/www.eldigitaldeasturias.com\/noticias\/la-primavera-catalana-cortes-de-trafico-por-el-arresto-de-puigdemont\/#breadcrumblist"},"author":{"@id":"https:\/\/www.eldigitaldeasturias.com\/noticias\/author\/admin\/#author"},"creator":{"@id":"https:\/\/www.eldigitaldeasturias.com\/noticias\/author\/admin\/#author"},"image":{"@type":"ImageObject","url":973562,"@id":"https:\/\/www.eldigitaldeasturias.com\/noticias\/la-primavera-catalana-cortes-de-trafico-por-el-arresto-de-puigdemont\/#mainImage"},"primaryImageOfPage":{"@id":"https:\/\/www.eldigitaldeasturias.com\/noticias\/la-primavera-catalana-cortes-de-trafico-por-el-arresto-de-puigdemont\/#mainImage"},"datePublished":"2018-03-27T21:27:19+02:00","dateModified":"2018-03-27T21:27:19+02:00"},{"@type":"WebSite","@id":"https:\/\/www.eldigitaldeasturias.com\/noticias\/#website","url":"https:\/\/www.eldigitaldeasturias.com\/noticias\/","name":"El Digital de Asturias - Diario de actualidad y noticias","alternateName":"El Digital de Asturias - Diario de actualidad y noticias","description":"Hemeroteca","inLanguage":"es-ES","publisher":{"@id":"https:\/\/www.eldigitaldeasturias.com\/noticias\/#organization"}}]},"og:locale":"es_ES","og:site_name":"El Digital de Asturias","og:type":"article","og:title":"La \u00abPrimavera catalana\u00bb: cortes de tr\u00e1fico por el arresto de Puigdemont - El Digital de Asturias","og:description":"Barcelona, 27 mar (dpa) - Grupos independentistas cortaron hoy varias calles y autopistas en Catalu\u00f1a en protesta por la detenci\u00f3n del ex presidente regional Carles Puigdemont, que este lunes qued\u00f3 en prisi\u00f3n preventiva en Alemania a la espera de su entrega a Espa\u00f1a. Los cortes fueron organizados por los autodenominados Comit\u00e9s de Defensa de la","og:url":"https:\/\/www.eldigitaldeasturias.com\/noticias\/la-primavera-catalana-cortes-de-trafico-por-el-arresto-de-puigdemont\/","article:tag":["actualidad"],"article:published_time":"2018-03-27T21:27:19+00:00","article:modified_time":"2018-03-27T21:27:19+00:00","article:publisher":"https:\/\/facebook.com\/eldigitaldeasturias","twitter:card":"summary_large_image","twitter:title":"La \u00abPrimavera catalana\u00bb: cortes de tr\u00e1fico por el arresto de Puigdemont - El Digital de Asturias","twitter:description":"Barcelona, 27 mar (dpa) - Grupos independentistas cortaron hoy varias calles y autopistas en Catalu\u00f1a en protesta por la detenci\u00f3n del ex presidente regional Carles Puigdemont, que este lunes qued\u00f3 en prisi\u00f3n preventiva en Alemania a la espera de su entrega a Espa\u00f1a. Los cortes fueron organizados por los autodenominados Comit\u00e9s de Defensa de la","twitter:image":"https:\/\/www.eldigitaldeasturias.com\/noticias\/wp-content\/uploads\/2020\/12\/EDA-1.jpg","twitter:label1":"Escrito por","twitter:data1":"El Digital de Asturias","twitter:label2":"Tiempo de lectura estimado","twitter:data2":"3 minutos"},"aioseo_meta_data":{"post_id":"973781","title":null,"description":null,"keywords":null,"keyphrases":null,"primary_term":null,"canonical_url":null,"og_title":null,"og_description":null,"og_object_type":"default","og_image_type":"default","og_image_url":null,"og_image_width":null,"og_image_height":null,"og_image_custom_url":null,"og_image_custom_fields":null,"og_video":null,"og_custom_url":null,"og_article_section":null,"og_article_tags":null,"twitter_use_og":false,"twitter_card":"default","twitter_image_type":"default","twitter_image_url":null,"twitter_image_custom_url":null,"twitter_image_custom_fields":null,"twitter_title":null,"twitter_description":null,"schema":{"blockGraphs":[],"customGraphs":[],"default":{"data":{"Article":[],"Course":[],"Dataset":[],"FAQPage":[],"Movie":[],"Person":[],"Product":[],"ProductReview":[],"Car":[],"Recipe":[],"Service":[],"SoftwareApplication":[],"WebPage":[]},"graphName":"","isEnabled":true},"graphs":[],"defaultGraph":"","defaultPostTypeGraph":""},"schema_type":null,"schema_type_options":null,"pillar_content":false,"robots_default":true,"robots_noindex":false,"robots_noarchive":false,"robots_nosnippet":false,"robots_nofollow":false,"robots_noimageindex":false,"robots_noodp":false,"robots_notranslate":false,"robots_max_snippet":null,"robots_max_videopreview":null,"robots_max_imagepreview":"large","priority":null,"frequency":null,"local_seo":null,"seo_analyzer_scan_date":"2025-10-07 17:49:09","breadcrumb_settings":null,"limit_modified_date":false,"open_ai":null,"ai":null,"created":"2020-12-21 12:15:36","updated":"2025-10-07 17:49:09","focus_keyword":null,"additional_keywords":null,"truseo_locale":null},"aioseo_breadcrumb":"<div class=\"aioseo-breadcrumbs\"><span class=\"aioseo-breadcrumb\">\n\t<a href=\"https:\/\/www.eldigitaldeasturias.com\/noticias\" title=\"Home\">Home<\/a>\n<\/span><span class=\"aioseo-breadcrumb-separator\">\u2013<\/span><span class=\"aioseo-breadcrumb\">\n\t<a href=\"https:\/\/www.eldigitaldeasturias.com\/noticias\/category\/actualidad\/\" title=\"Actualidad\">Actualidad<\/a>\n<\/span><span class=\"aioseo-breadcrumb-separator\">\u2013<\/span><span class=\"aioseo-breadcrumb\">\n\t<a href=\"https:\/\/www.eldigitaldeasturias.com\/noticias\/la-primavera-catalana-cortes-de-trafico-por-el-arresto-de-puigdemont\/\" title=\"La \u00abPrimavera catalana\u00bb: cortes de tr\u00e1fico por el arresto de Puigdemont\">La \u00abPrimavera catalana\u00bb: cortes de tr\u00e1fico por el arresto de Puigdemont<\/a>\n<\/span><\/div>","aioseo_breadcrumb_json":[{"label":"Home","link":"https:\/\/www.eldigitaldeasturias.com\/noticias"},{"label":"Actualidad","link":"https:\/\/www.eldigitaldeasturias.com\/noticias\/category\/actualidad\/"},{"label":"La \u00abPrimavera catalana\u00bb: cortes de tr\u00e1fico por el arresto de Puigdemont","link":"https:\/\/www.eldigitaldeasturias.com\/noticias\/la-primavera-catalana-cortes-de-trafico-por-el-arresto-de-puigdemont\/"}],"_links":{"self":[{"href":"https:\/\/www.eldigitaldeasturias.com\/noticias\/wp-json\/wp\/v2\/posts\/973781","targetHints":{"allow":["GET"]}}],"collection":[{"href":"https:\/\/www.eldigitaldeasturias.com\/noticias\/wp-json\/wp\/v2\/posts"}],"about":[{"href":"https:\/\/www.eldigitaldeasturias.com\/noticias\/wp-json\/wp\/v2\/types\/post"}],"author":[{"embeddable":true,"href":"https:\/\/www.eldigitaldeasturias.com\/noticias\/wp-json\/wp\/v2\/users\/1"}],"replies":[{"embeddable":true,"href":"https:\/\/www.eldigitaldeasturias.com\/noticias\/wp-json\/wp\/v2\/comments?post=973781"}],"version-history":[{"count":0,"href":"https:\/\/www.eldigitaldeasturias.com\/noticias\/wp-json\/wp\/v2\/posts\/973781\/revisions"}],"wp:attachment":[{"href":"https:\/\/www.eldigitaldeasturias.com\/noticias\/wp-json\/wp\/v2\/media?parent=973781"}],"wp:term":[{"taxonomy":"category","embeddable":true,"href":"https:\/\/www.eldigitaldeasturias.com\/noticias\/wp-json\/wp\/v2\/categories?post=973781"},{"taxonomy":"post_tag","embeddable":true,"href":"https:\/\/www.eldigitaldeasturias.com\/noticias\/wp-json\/wp\/v2\/tags?post=973781"}],"curies":[{"name":"wp","href":"https:\/\/api.w.org\/{rel}","templated":true}]}}