{"id":973777,"date":"2018-03-27T21:23:26","date_gmt":"2018-03-27T21:23:26","guid":{"rendered":"http:\/\/www.eldigitaldeasturias.com\/noticias\/?p=973777"},"modified":"2018-03-27T21:23:26","modified_gmt":"2018-03-27T21:23:26","slug":"pablo-llarena-el-juez-que-acorralo-al-independentismo-catalan","status":"publish","type":"post","link":"https:\/\/www.eldigitaldeasturias.com\/noticias\/pablo-llarena-el-juez-que-acorralo-al-independentismo-catalan\/","title":{"rendered":"Pablo Llarena, el juez que acorral\u00f3 al independentismo catal\u00e1n"},"content":{"rendered":"<p><img loading=\"lazy\" decoding=\"async\" class=\"alignleft size-medium wp-image-702188\" src=\"https:\/\/www.eldigitaldeasturias.com\/noticias\/wp-content\/uploads\/2014\/11\/7563536w-229x320.jpg\" alt=\"\" width=\"229\" height=\"320\" \/>Madrid, 27 mar (dpa) &#8211; \u00abLos Pa\u00edses Catalanes ser\u00e1n tu infierno\u00bb: la amenaza pintada en plena calle se\u00f1ala una casa de Pablo Llarena, el pol\u00e9mico juez que despleg\u00f3 toda la fuerza del Tribunal Supremo espa\u00f1ol para desmantelar el plan independentista en Catalu\u00f1a y qued\u00f3 as\u00ed en el ojo de un terremoto pol\u00edtico que sacude Espa\u00f1a y Europa.<\/p>\n<p>Visto por los soberanistas catalanes como brazo judicial de un poder \u00abautoritario\u00bb y por muchos antiindependentistas como el h\u00e9roe que fren\u00f3 la mayor amenaza a la estabilidad de Espa\u00f1a en d\u00e9cadas, el juez adopt\u00f3 una postura implacable -y no exenta de pol\u00e9mica- contra el independentismo desde que asumi\u00f3 la causa a fines de octubre.<\/p>\n<p>El resultado puede plasmarse en cifras: Llarena proces\u00f3 a 25 pol\u00edticos y l\u00edderes catalanes por el plan soberanista, que abri\u00f3 una crisis institucional sin precedentes en Espa\u00f1a. Nueve de ellos est\u00e1n ya en prisi\u00f3n preventiva en Madrid y sobre otros seis que abandonaron el pa\u00eds pesa una orden de captura europea.<\/p>\n<p>Entre ellos figura Carles Puigdemont. El ex presidente catal\u00e1n, detenido el domingo en Alemania, est\u00e1 procesado por rebeli\u00f3n, delito castigado con hasta 30 a\u00f1os de c\u00e1rcel. Ese mismo d\u00eda aparecieron las pintadas ante una casa de Llarena en Catalu\u00f1a, y el Consejo General del Poder Judicial tuvo que pedir protecci\u00f3n para el juez.<\/p>\n<p>\u00abLo se\u00f1alaremos y responderemos a su represi\u00f3n tantas veces como haga falta\u00bb, avis\u00f3 Arran, grupo juvenil af\u00edn al partido soberanista y antistema CUP al reivindicar las pintadas. Desde el \u00e1ngulo opuesto, el diario \u00abEl Mundo\u00bb vio \u00abtranquilizador constatar, por fin, que en un Estado de derecho nadie est\u00e1 por encima de las leyes\u00bb.<\/p>\n<p>Atr\u00e1s quedaron los d\u00edas en que la prensa confund\u00eda su apellido con \u00abLlanera\u00bb o rastreaba m\u00e1s informaci\u00f3n sobre un hombre poco conocido y llegado al Supremo hace apenas dos a\u00f1os. Reservado, poco medi\u00e1tico y amante de las motos, Llarena es ya sin\u00f3nimo de la respuesta del Estado al independentismo.<\/p>\n<p>La suerte le otorg\u00f3 la causa por turno de reparto, pero Llarena conoc\u00eda bien Catalu\u00f1a, donde desarroll\u00f3 la mayor parte de su carrera y donde viven su mujer y sus dos hijos.<\/p>\n<p>Nacido en Burgos (norte) en 1963 en una familia de abogados, el juez dividi\u00f3 desde un principio opiniones en particular por mantener a 13 procesados (Puigdemont incluido) por rebeli\u00f3n, un cargo que implica la intenci\u00f3n o ejecuci\u00f3n de cometer actos violentos. Muchos no los ven en la crisis catalana, pero Llarena s\u00ed.<\/p>\n<p>Sobre todo una protesta soberanista durante una operaci\u00f3n de la Guardia Civil el 20 de septiembre en Barcelona, en la que los agentes quedaron bloqueados en un edificio y sus coches fueron destruidos, reflej\u00f3 \u00abtodas las exigencias que se han identificado para un actuar violento y a\u00fan para la violencia\u00bb, se\u00f1al\u00f3 el juez.<\/p>\n<p>Su auto de procesamiento ve adem\u00e1s una estrategia \u00abminuciosa\u00bb para independizar Catalu\u00f1a y considera que sus instigadores \u00absiempre hubieron de representarse que el proceso terminar\u00eda recurriendo a la utilizaci\u00f3n instrumental de la fuerza\u00bb.<\/p>\n<p>La influencia de Llarena en la evoluci\u00f3n de la crisis catalana fue directa y decisiva. Rechaz\u00f3, por ejemplo, el pedido del candidato Jordi S\u00e0nchez de salir de la c\u00e1rcel para ser investido presidente por el Parlamento catal\u00e1n y envi\u00f3 a prisi\u00f3n preventiva a Jordi Turull, otro aspirante a presidir un Gobierno que Catalu\u00f1a sigue sin formar.<\/p>\n<p>\u00ab\u00bfDe qu\u00e9 han servido las elecciones si el juez ha decidido?\u00bb, critic\u00f3 en su momento Puigdemont. \u00ab\u00bfPor qu\u00e9 un \u00fanico juez, que no ha votado nadie, puede determinar si un diputado, que tiene todos sus derechos, puede ser o no presidente? \u00bfEs m\u00e1s importante un juez que m\u00e1s de dos millones de catalanas?\u00bb.<\/p>\n<p>Un juez tal vez no, responden los antiindependentistas y el Gobierno en Madrid, pero s\u00ed la ley y la Constituci\u00f3n. \u00abTodos somos iguales ante la ley y nadie puede infinitamente seguir burl\u00e1ndose de la Justicia\u00bb, sostuvo el martes la \u00abn\u00famero dos\u00bb de Mariano Rajoy, Soraya S\u00e1enz de Santamar\u00eda. El debate sigue abierto y Llarena en el centro.<\/p>\n<p><i class=\"lang-es\"><span class=\" readonly\" title=\"\">Por Pablo Sanguinetti (dpa)<\/span><\/i><\/p>\n","protected":false},"excerpt":{"rendered":"<p>Madrid, 27 mar (dpa) &#8211; \u00abLos Pa\u00edses Catalanes ser\u00e1n tu infierno\u00bb: la amenaza pintada en plena calle se\u00f1ala una casa de Pablo Llarena, el pol\u00e9mico juez que despleg\u00f3 toda la fuerza del Tribunal Supremo espa\u00f1ol para desmantelar el plan independentista en Catalu\u00f1a y qued\u00f3 as\u00ed en el ojo de un terremoto pol\u00edtico que sacude Espa\u00f1a [&hellip;]<\/p>\n","protected":false},"author":1,"featured_media":717029,"comment_status":"closed","ping_status":"closed","sticky":false,"template":"","format":"standard","meta":{"footnotes":""},"categories":[1],"tags":[],"class_list":["post-973777","post","type-post","status-publish","format-standard","has-post-thumbnail","hentry","category-actualidad"],"aioseo_notices":[],"aioseo_head":"\n\t\t<!-- All in One SEO Pro 5.0.1 - aioseo.com -->\n\t<meta name=\"description\" content=\"Madrid, 27 mar (dpa) - &quot;Los Pa\u00edses Catalanes ser\u00e1n tu infierno&quot;: la amenaza pintada en plena calle se\u00f1ala una casa de Pablo Llarena, el pol\u00e9mico juez que despleg\u00f3 toda la fuerza del Tribunal Supremo espa\u00f1ol para desmantelar el plan independentista en Catalu\u00f1a y qued\u00f3 as\u00ed en el ojo de un terremoto pol\u00edtico que sacude Espa\u00f1a\" \/>\n\t<meta name=\"robots\" content=\"max-image-preview:large\" \/>\n\t<meta name=\"author\" content=\"El Digital de Asturias\"\/>\n\t<meta name=\"google-site-verification\" content=\"UA-38556648-1\" \/>\n\t<meta name=\"msvalidate.01\" content=\"7dfe9f3f1b24437ab69f4f2559babe99\" \/>\n\t<meta name=\"keywords\" content=\"actualidad\" \/>\n\t<link rel=\"canonical\" href=\"https:\/\/www.eldigitaldeasturias.com\/noticias\/pablo-llarena-el-juez-que-acorralo-al-independentismo-catalan\/\" \/>\n\t<meta name=\"generator\" content=\"All in One SEO Pro (AIOSEO) 5.0.1\" \/>\n\t\t<meta property=\"og:locale\" content=\"es_ES\" \/>\n\t\t<meta property=\"og:site_name\" content=\"El Digital de Asturias\" \/>\n\t\t<meta property=\"og:type\" content=\"article\" \/>\n\t\t<meta property=\"og:title\" content=\"Pablo Llarena, el juez que acorral\u00f3 al independentismo catal\u00e1n - El Digital de Asturias\" \/>\n\t\t<meta property=\"og:description\" content=\"Madrid, 27 mar (dpa) - &quot;Los Pa\u00edses Catalanes ser\u00e1n tu infierno&quot;: la amenaza pintada en plena calle se\u00f1ala una casa de Pablo Llarena, el pol\u00e9mico juez que despleg\u00f3 toda la fuerza del Tribunal Supremo espa\u00f1ol para desmantelar el plan independentista en Catalu\u00f1a y qued\u00f3 as\u00ed en el ojo de un terremoto pol\u00edtico que sacude Espa\u00f1a\" \/>\n\t\t<meta property=\"og:url\" content=\"https:\/\/www.eldigitaldeasturias.com\/noticias\/pablo-llarena-el-juez-que-acorralo-al-independentismo-catalan\/\" \/>\n\t\t<meta property=\"article:tag\" content=\"actualidad\" \/>\n\t\t<meta property=\"article:published_time\" content=\"2018-03-27T21:23:26+00:00\" \/>\n\t\t<meta property=\"article:modified_time\" content=\"2018-03-27T21:23:26+00:00\" \/>\n\t\t<meta property=\"article:publisher\" content=\"https:\/\/facebook.com\/eldigitaldeasturias\" \/>\n\t\t<meta name=\"twitter:card\" content=\"summary_large_image\" \/>\n\t\t<meta name=\"twitter:title\" content=\"Pablo Llarena, el juez que acorral\u00f3 al independentismo catal\u00e1n - El Digital de Asturias\" \/>\n\t\t<meta name=\"twitter:description\" content=\"Madrid, 27 mar (dpa) - &quot;Los Pa\u00edses Catalanes ser\u00e1n tu infierno&quot;: la amenaza pintada en plena calle se\u00f1ala una casa de Pablo Llarena, el pol\u00e9mico juez que despleg\u00f3 toda la fuerza del Tribunal Supremo espa\u00f1ol para desmantelar el plan independentista en Catalu\u00f1a y qued\u00f3 as\u00ed en el ojo de un terremoto pol\u00edtico que sacude Espa\u00f1a\" \/>\n\t\t<meta name=\"twitter:image\" content=\"https:\/\/www.eldigitaldeasturias.com\/noticias\/wp-content\/uploads\/2020\/12\/EDA-1.jpg\" \/>\n\t\t<meta name=\"twitter:label1\" content=\"Escrito por\" \/>\n\t\t<meta name=\"twitter:data1\" content=\"El Digital de Asturias\" \/>\n\t\t<meta name=\"twitter:label2\" content=\"Tiempo de lectura estimado\" \/>\n\t\t<meta name=\"twitter:data2\" content=\"4 minutos\" \/>\n\t\t<script type=\"application\/ld+json\" class=\"aioseo-schema\">\n\t\t\t{\"@context\":\"https:\\\/\\\/schema.org\",\"@graph\":[{\"@type\":\"BlogPosting\",\"@id\":\"https:\\\/\\\/www.eldigitaldeasturias.com\\\/noticias\\\/pablo-llarena-el-juez-que-acorralo-al-independentismo-catalan\\\/#blogposting\",\"name\":\"Pablo Llarena, el juez que acorral\\u00f3 al independentismo catal\\u00e1n - El Digital de Asturias\",\"headline\":\"Pablo Llarena, el juez que acorral\\u00f3 al independentismo catal\\u00e1n\",\"author\":{\"@id\":\"https:\\\/\\\/www.eldigitaldeasturias.com\\\/noticias\\\/author\\\/admin\\\/#author\"},\"publisher\":{\"@id\":\"https:\\\/\\\/www.eldigitaldeasturias.com\\\/noticias\\\/#organization\"},\"image\":{\"@type\":\"ImageObject\",\"url\":717029},\"datePublished\":\"2018-03-27T21:23:26+02:00\",\"dateModified\":\"2018-03-27T21:23:26+02:00\",\"inLanguage\":\"es-ES\",\"mainEntityOfPage\":{\"@id\":\"https:\\\/\\\/www.eldigitaldeasturias.com\\\/noticias\\\/pablo-llarena-el-juez-que-acorralo-al-independentismo-catalan\\\/#webpage\"},\"isPartOf\":{\"@id\":\"https:\\\/\\\/www.eldigitaldeasturias.com\\\/noticias\\\/pablo-llarena-el-juez-que-acorralo-al-independentismo-catalan\\\/#webpage\"},\"articleSection\":\"Actualidad\"},{\"@type\":\"BreadcrumbList\",\"@id\":\"https:\\\/\\\/www.eldigitaldeasturias.com\\\/noticias\\\/pablo-llarena-el-juez-que-acorralo-al-independentismo-catalan\\\/#breadcrumblist\",\"itemListElement\":[{\"@type\":\"ListItem\",\"@id\":\"https:\\\/\\\/www.eldigitaldeasturias.com\\\/noticias#listItem\",\"position\":1,\"name\":\"Home\",\"item\":\"https:\\\/\\\/www.eldigitaldeasturias.com\\\/noticias\",\"nextItem\":{\"@type\":\"ListItem\",\"@id\":\"https:\\\/\\\/www.eldigitaldeasturias.com\\\/noticias\\\/category\\\/actualidad\\\/#listItem\",\"name\":\"Actualidad\"}},{\"@type\":\"ListItem\",\"@id\":\"https:\\\/\\\/www.eldigitaldeasturias.com\\\/noticias\\\/category\\\/actualidad\\\/#listItem\",\"position\":2,\"name\":\"Actualidad\",\"item\":\"https:\\\/\\\/www.eldigitaldeasturias.com\\\/noticias\\\/category\\\/actualidad\\\/\",\"nextItem\":{\"@type\":\"ListItem\",\"@id\":\"https:\\\/\\\/www.eldigitaldeasturias.com\\\/noticias\\\/pablo-llarena-el-juez-que-acorralo-al-independentismo-catalan\\\/#listItem\",\"name\":\"Pablo Llarena, el juez que acorral\\u00f3 al independentismo catal\\u00e1n\"},\"previousItem\":{\"@type\":\"ListItem\",\"@id\":\"https:\\\/\\\/www.eldigitaldeasturias.com\\\/noticias#listItem\",\"name\":\"Home\"}},{\"@type\":\"ListItem\",\"@id\":\"https:\\\/\\\/www.eldigitaldeasturias.com\\\/noticias\\\/pablo-llarena-el-juez-que-acorralo-al-independentismo-catalan\\\/#listItem\",\"position\":3,\"name\":\"Pablo Llarena, el juez que acorral\\u00f3 al independentismo catal\\u00e1n\",\"previousItem\":{\"@type\":\"ListItem\",\"@id\":\"https:\\\/\\\/www.eldigitaldeasturias.com\\\/noticias\\\/category\\\/actualidad\\\/#listItem\",\"name\":\"Actualidad\"}}]},{\"@type\":\"Organization\",\"@id\":\"https:\\\/\\\/www.eldigitaldeasturias.com\\\/noticias\\\/#organization\",\"name\":\"El Digital de Asturias\",\"description\":\"Hemeroteca\",\"url\":\"https:\\\/\\\/www.eldigitaldeasturias.com\\\/noticias\\\/\",\"email\":\"info@eldigitaldeasturias.com\",\"telephone\":\"+34652131393\",\"logo\":{\"@type\":\"ImageObject\",\"url\":\"https:\\\/\\\/www.eldigitaldeasturias.com\\\/noticias\\\/wp-content\\\/uploads\\\/2020\\\/12\\\/EDA.jpg\",\"@id\":\"https:\\\/\\\/www.eldigitaldeasturias.com\\\/noticias\\\/pablo-llarena-el-juez-que-acorralo-al-independentismo-catalan\\\/#organizationLogo\"},\"image\":{\"@id\":\"https:\\\/\\\/www.eldigitaldeasturias.com\\\/noticias\\\/pablo-llarena-el-juez-que-acorralo-al-independentismo-catalan\\\/#organizationLogo\"},\"sameAs\":[\"https:\\\/\\\/facebook.com\\\/eldigitaldeasturias\",\"https:\\\/\\\/www.youtube.com\\\/channel\\\/UCZP-2wLEB9Rv6erhFmqVnvg\"],\"address\":{\"@id\":\"https:\\\/\\\/www.eldigitaldeasturias.com\\\/noticias\\\/#postaladdress\",\"@type\":\"PostalAddress\",\"streetAddress\":\"san antonio 4\",\"postalCode\":\"33430\",\"addressLocality\":\"Cand\\u00e1s\",\"addressRegion\":\"Asturias\",\"addressCountry\":\"ES\"}},{\"@type\":\"Person\",\"@id\":\"https:\\\/\\\/www.eldigitaldeasturias.com\\\/noticias\\\/author\\\/admin\\\/#author\",\"url\":\"https:\\\/\\\/www.eldigitaldeasturias.com\\\/noticias\\\/author\\\/admin\\\/\",\"name\":\"El Digital de Asturias\",\"image\":{\"@type\":\"ImageObject\",\"@id\":\"https:\\\/\\\/www.eldigitaldeasturias.com\\\/noticias\\\/pablo-llarena-el-juez-que-acorralo-al-independentismo-catalan\\\/#authorImage\",\"url\":\"https:\\\/\\\/secure.gravatar.com\\\/avatar\\\/df2aeffc32bcd13f8d26072ef8a91b623d677766deac7f97ca815868cd41bf5e?s=96&d=mm&r=g\",\"width\":96,\"height\":96,\"caption\":\"El Digital de Asturias\"}},{\"@type\":\"WebPage\",\"@id\":\"https:\\\/\\\/www.eldigitaldeasturias.com\\\/noticias\\\/pablo-llarena-el-juez-que-acorralo-al-independentismo-catalan\\\/#webpage\",\"url\":\"https:\\\/\\\/www.eldigitaldeasturias.com\\\/noticias\\\/pablo-llarena-el-juez-que-acorralo-al-independentismo-catalan\\\/\",\"name\":\"Pablo Llarena, el juez que acorral\\u00f3 al independentismo catal\\u00e1n - El Digital de Asturias\",\"description\":\"Madrid, 27 mar (dpa) - \\\"Los Pa\\u00edses Catalanes ser\\u00e1n tu infierno\\\": la amenaza pintada en plena calle se\\u00f1ala una casa de Pablo Llarena, el pol\\u00e9mico juez que despleg\\u00f3 toda la fuerza del Tribunal Supremo espa\\u00f1ol para desmantelar el plan independentista en Catalu\\u00f1a y qued\\u00f3 as\\u00ed en el ojo de un terremoto pol\\u00edtico que sacude Espa\\u00f1a\",\"inLanguage\":\"es-ES\",\"isPartOf\":{\"@id\":\"https:\\\/\\\/www.eldigitaldeasturias.com\\\/noticias\\\/#website\"},\"breadcrumb\":{\"@id\":\"https:\\\/\\\/www.eldigitaldeasturias.com\\\/noticias\\\/pablo-llarena-el-juez-que-acorralo-al-independentismo-catalan\\\/#breadcrumblist\"},\"author\":{\"@id\":\"https:\\\/\\\/www.eldigitaldeasturias.com\\\/noticias\\\/author\\\/admin\\\/#author\"},\"creator\":{\"@id\":\"https:\\\/\\\/www.eldigitaldeasturias.com\\\/noticias\\\/author\\\/admin\\\/#author\"},\"image\":{\"@type\":\"ImageObject\",\"url\":717029,\"@id\":\"https:\\\/\\\/www.eldigitaldeasturias.com\\\/noticias\\\/pablo-llarena-el-juez-que-acorralo-al-independentismo-catalan\\\/#mainImage\"},\"primaryImageOfPage\":{\"@id\":\"https:\\\/\\\/www.eldigitaldeasturias.com\\\/noticias\\\/pablo-llarena-el-juez-que-acorralo-al-independentismo-catalan\\\/#mainImage\"},\"datePublished\":\"2018-03-27T21:23:26+02:00\",\"dateModified\":\"2018-03-27T21:23:26+02:00\"},{\"@type\":\"WebSite\",\"@id\":\"https:\\\/\\\/www.eldigitaldeasturias.com\\\/noticias\\\/#website\",\"url\":\"https:\\\/\\\/www.eldigitaldeasturias.com\\\/noticias\\\/\",\"name\":\"El Digital de Asturias - Diario de actualidad y noticias\",\"alternateName\":\"El Digital de Asturias - Diario de actualidad y noticias\",\"description\":\"Hemeroteca\",\"inLanguage\":\"es-ES\",\"publisher\":{\"@id\":\"https:\\\/\\\/www.eldigitaldeasturias.com\\\/noticias\\\/#organization\"}}]}\n\t\t<\/script>\n\t\t<!-- All in One SEO Pro -->\r\n\t\t<title>Pablo Llarena, el juez que acorral\u00f3 al independentismo catal\u00e1n - El Digital de Asturias<\/title>\n\n","aioseo_head_json":{"title":"Pablo Llarena, el juez que acorral\u00f3 al independentismo catal\u00e1n - El Digital de Asturias","description":"Madrid, 27 mar (dpa) - \"Los Pa\u00edses Catalanes ser\u00e1n tu infierno\": la amenaza pintada en plena calle se\u00f1ala una casa de Pablo Llarena, el pol\u00e9mico juez que despleg\u00f3 toda la fuerza del Tribunal Supremo espa\u00f1ol para desmantelar el plan independentista en Catalu\u00f1a y qued\u00f3 as\u00ed en el ojo de un terremoto pol\u00edtico que sacude Espa\u00f1a","canonical_url":"https:\/\/www.eldigitaldeasturias.com\/noticias\/pablo-llarena-el-juez-que-acorralo-al-independentismo-catalan\/","robots":"max-image-preview:large","keywords":"actualidad","webmasterTools":{"google-site-verification":"UA-38556648-1","msvalidate.01":"7dfe9f3f1b24437ab69f4f2559babe99","miscellaneous":""},"schema":{"@context":"https:\/\/schema.org","@graph":[{"@type":"BlogPosting","@id":"https:\/\/www.eldigitaldeasturias.com\/noticias\/pablo-llarena-el-juez-que-acorralo-al-independentismo-catalan\/#blogposting","name":"Pablo Llarena, el juez que acorral\u00f3 al independentismo catal\u00e1n - El Digital de Asturias","headline":"Pablo Llarena, el juez que acorral\u00f3 al independentismo catal\u00e1n","author":{"@id":"https:\/\/www.eldigitaldeasturias.com\/noticias\/author\/admin\/#author"},"publisher":{"@id":"https:\/\/www.eldigitaldeasturias.com\/noticias\/#organization"},"image":{"@type":"ImageObject","url":717029},"datePublished":"2018-03-27T21:23:26+02:00","dateModified":"2018-03-27T21:23:26+02:00","inLanguage":"es-ES","mainEntityOfPage":{"@id":"https:\/\/www.eldigitaldeasturias.com\/noticias\/pablo-llarena-el-juez-que-acorralo-al-independentismo-catalan\/#webpage"},"isPartOf":{"@id":"https:\/\/www.eldigitaldeasturias.com\/noticias\/pablo-llarena-el-juez-que-acorralo-al-independentismo-catalan\/#webpage"},"articleSection":"Actualidad"},{"@type":"BreadcrumbList","@id":"https:\/\/www.eldigitaldeasturias.com\/noticias\/pablo-llarena-el-juez-que-acorralo-al-independentismo-catalan\/#breadcrumblist","itemListElement":[{"@type":"ListItem","@id":"https:\/\/www.eldigitaldeasturias.com\/noticias#listItem","position":1,"name":"Home","item":"https:\/\/www.eldigitaldeasturias.com\/noticias","nextItem":{"@type":"ListItem","@id":"https:\/\/www.eldigitaldeasturias.com\/noticias\/category\/actualidad\/#listItem","name":"Actualidad"}},{"@type":"ListItem","@id":"https:\/\/www.eldigitaldeasturias.com\/noticias\/category\/actualidad\/#listItem","position":2,"name":"Actualidad","item":"https:\/\/www.eldigitaldeasturias.com\/noticias\/category\/actualidad\/","nextItem":{"@type":"ListItem","@id":"https:\/\/www.eldigitaldeasturias.com\/noticias\/pablo-llarena-el-juez-que-acorralo-al-independentismo-catalan\/#listItem","name":"Pablo Llarena, el juez que acorral\u00f3 al independentismo catal\u00e1n"},"previousItem":{"@type":"ListItem","@id":"https:\/\/www.eldigitaldeasturias.com\/noticias#listItem","name":"Home"}},{"@type":"ListItem","@id":"https:\/\/www.eldigitaldeasturias.com\/noticias\/pablo-llarena-el-juez-que-acorralo-al-independentismo-catalan\/#listItem","position":3,"name":"Pablo Llarena, el juez que acorral\u00f3 al independentismo catal\u00e1n","previousItem":{"@type":"ListItem","@id":"https:\/\/www.eldigitaldeasturias.com\/noticias\/category\/actualidad\/#listItem","name":"Actualidad"}}]},{"@type":"Organization","@id":"https:\/\/www.eldigitaldeasturias.com\/noticias\/#organization","name":"El Digital de Asturias","description":"Hemeroteca","url":"https:\/\/www.eldigitaldeasturias.com\/noticias\/","email":"info@eldigitaldeasturias.com","telephone":"+34652131393","logo":{"@type":"ImageObject","url":"https:\/\/www.eldigitaldeasturias.com\/noticias\/wp-content\/uploads\/2020\/12\/EDA.jpg","@id":"https:\/\/www.eldigitaldeasturias.com\/noticias\/pablo-llarena-el-juez-que-acorralo-al-independentismo-catalan\/#organizationLogo"},"image":{"@id":"https:\/\/www.eldigitaldeasturias.com\/noticias\/pablo-llarena-el-juez-que-acorralo-al-independentismo-catalan\/#organizationLogo"},"sameAs":["https:\/\/facebook.com\/eldigitaldeasturias","https:\/\/www.youtube.com\/channel\/UCZP-2wLEB9Rv6erhFmqVnvg"],"address":{"@id":"https:\/\/www.eldigitaldeasturias.com\/noticias\/#postaladdress","@type":"PostalAddress","streetAddress":"san antonio 4","postalCode":"33430","addressLocality":"Cand\u00e1s","addressRegion":"Asturias","addressCountry":"ES"}},{"@type":"Person","@id":"https:\/\/www.eldigitaldeasturias.com\/noticias\/author\/admin\/#author","url":"https:\/\/www.eldigitaldeasturias.com\/noticias\/author\/admin\/","name":"El Digital de Asturias","image":{"@type":"ImageObject","@id":"https:\/\/www.eldigitaldeasturias.com\/noticias\/pablo-llarena-el-juez-que-acorralo-al-independentismo-catalan\/#authorImage","url":"https:\/\/secure.gravatar.com\/avatar\/df2aeffc32bcd13f8d26072ef8a91b623d677766deac7f97ca815868cd41bf5e?s=96&d=mm&r=g","width":96,"height":96,"caption":"El Digital de Asturias"}},{"@type":"WebPage","@id":"https:\/\/www.eldigitaldeasturias.com\/noticias\/pablo-llarena-el-juez-que-acorralo-al-independentismo-catalan\/#webpage","url":"https:\/\/www.eldigitaldeasturias.com\/noticias\/pablo-llarena-el-juez-que-acorralo-al-independentismo-catalan\/","name":"Pablo Llarena, el juez que acorral\u00f3 al independentismo catal\u00e1n - El Digital de Asturias","description":"Madrid, 27 mar (dpa) - \"Los Pa\u00edses Catalanes ser\u00e1n tu infierno\": la amenaza pintada en plena calle se\u00f1ala una casa de Pablo Llarena, el pol\u00e9mico juez que despleg\u00f3 toda la fuerza del Tribunal Supremo espa\u00f1ol para desmantelar el plan independentista en Catalu\u00f1a y qued\u00f3 as\u00ed en el ojo de un terremoto pol\u00edtico que sacude Espa\u00f1a","inLanguage":"es-ES","isPartOf":{"@id":"https:\/\/www.eldigitaldeasturias.com\/noticias\/#website"},"breadcrumb":{"@id":"https:\/\/www.eldigitaldeasturias.com\/noticias\/pablo-llarena-el-juez-que-acorralo-al-independentismo-catalan\/#breadcrumblist"},"author":{"@id":"https:\/\/www.eldigitaldeasturias.com\/noticias\/author\/admin\/#author"},"creator":{"@id":"https:\/\/www.eldigitaldeasturias.com\/noticias\/author\/admin\/#author"},"image":{"@type":"ImageObject","url":717029,"@id":"https:\/\/www.eldigitaldeasturias.com\/noticias\/pablo-llarena-el-juez-que-acorralo-al-independentismo-catalan\/#mainImage"},"primaryImageOfPage":{"@id":"https:\/\/www.eldigitaldeasturias.com\/noticias\/pablo-llarena-el-juez-que-acorralo-al-independentismo-catalan\/#mainImage"},"datePublished":"2018-03-27T21:23:26+02:00","dateModified":"2018-03-27T21:23:26+02:00"},{"@type":"WebSite","@id":"https:\/\/www.eldigitaldeasturias.com\/noticias\/#website","url":"https:\/\/www.eldigitaldeasturias.com\/noticias\/","name":"El Digital de Asturias - Diario de actualidad y noticias","alternateName":"El Digital de Asturias - Diario de actualidad y noticias","description":"Hemeroteca","inLanguage":"es-ES","publisher":{"@id":"https:\/\/www.eldigitaldeasturias.com\/noticias\/#organization"}}]},"og:locale":"es_ES","og:site_name":"El Digital de Asturias","og:type":"article","og:title":"Pablo Llarena, el juez que acorral\u00f3 al independentismo catal\u00e1n - El Digital de Asturias","og:description":"Madrid, 27 mar (dpa) - &quot;Los Pa\u00edses Catalanes ser\u00e1n tu infierno&quot;: la amenaza pintada en plena calle se\u00f1ala una casa de Pablo Llarena, el pol\u00e9mico juez que despleg\u00f3 toda la fuerza del Tribunal Supremo espa\u00f1ol para desmantelar el plan independentista en Catalu\u00f1a y qued\u00f3 as\u00ed en el ojo de un terremoto pol\u00edtico que sacude Espa\u00f1a","og:url":"https:\/\/www.eldigitaldeasturias.com\/noticias\/pablo-llarena-el-juez-que-acorralo-al-independentismo-catalan\/","article:tag":["actualidad"],"article:published_time":"2018-03-27T21:23:26+00:00","article:modified_time":"2018-03-27T21:23:26+00:00","article:publisher":"https:\/\/facebook.com\/eldigitaldeasturias","twitter:card":"summary_large_image","twitter:title":"Pablo Llarena, el juez que acorral\u00f3 al independentismo catal\u00e1n - El Digital de Asturias","twitter:description":"Madrid, 27 mar (dpa) - &quot;Los Pa\u00edses Catalanes ser\u00e1n tu infierno&quot;: la amenaza pintada en plena calle se\u00f1ala una casa de Pablo Llarena, el pol\u00e9mico juez que despleg\u00f3 toda la fuerza del Tribunal Supremo espa\u00f1ol para desmantelar el plan independentista en Catalu\u00f1a y qued\u00f3 as\u00ed en el ojo de un terremoto pol\u00edtico que sacude Espa\u00f1a","twitter:image":"https:\/\/www.eldigitaldeasturias.com\/noticias\/wp-content\/uploads\/2020\/12\/EDA-1.jpg","twitter:label1":"Escrito por","twitter:data1":"El Digital de Asturias","twitter:label2":"Tiempo de lectura estimado","twitter:data2":"4 minutos"},"aioseo_meta_data":{"post_id":"973777","title":null,"description":null,"keywords":null,"keyphrases":null,"primary_term":null,"canonical_url":null,"og_title":null,"og_description":null,"og_object_type":"default","og_image_type":"default","og_image_url":null,"og_image_width":null,"og_image_height":null,"og_image_custom_url":null,"og_image_custom_fields":null,"og_video":null,"og_custom_url":null,"og_article_section":null,"og_article_tags":null,"twitter_use_og":false,"twitter_card":"default","twitter_image_type":"default","twitter_image_url":null,"twitter_image_custom_url":null,"twitter_image_custom_fields":null,"twitter_title":null,"twitter_description":null,"schema":{"blockGraphs":[],"customGraphs":[],"default":{"data":{"Article":[],"Course":[],"Dataset":[],"FAQPage":[],"Movie":[],"Person":[],"Product":[],"ProductReview":[],"Car":[],"Recipe":[],"Service":[],"SoftwareApplication":[],"WebPage":[]},"graphName":"","isEnabled":true},"graphs":[],"defaultGraph":"","defaultPostTypeGraph":""},"schema_type":null,"schema_type_options":null,"pillar_content":false,"robots_default":true,"robots_noindex":false,"robots_noarchive":false,"robots_nosnippet":false,"robots_nofollow":false,"robots_noimageindex":false,"robots_noodp":false,"robots_notranslate":false,"robots_max_snippet":null,"robots_max_videopreview":null,"robots_max_imagepreview":"large","priority":null,"frequency":null,"local_seo":null,"seo_analyzer_scan_date":"2025-10-07 17:49:08","breadcrumb_settings":null,"limit_modified_date":false,"open_ai":null,"ai":null,"created":"2020-12-21 12:15:36","updated":"2025-10-07 17:49:08","focus_keyword":null,"additional_keywords":null,"truseo_locale":null},"aioseo_breadcrumb":"<div class=\"aioseo-breadcrumbs\"><span class=\"aioseo-breadcrumb\">\n\t<a href=\"https:\/\/www.eldigitaldeasturias.com\/noticias\" title=\"Home\">Home<\/a>\n<\/span><span class=\"aioseo-breadcrumb-separator\">\u2013<\/span><span class=\"aioseo-breadcrumb\">\n\t<a href=\"https:\/\/www.eldigitaldeasturias.com\/noticias\/category\/actualidad\/\" title=\"Actualidad\">Actualidad<\/a>\n<\/span><span class=\"aioseo-breadcrumb-separator\">\u2013<\/span><span class=\"aioseo-breadcrumb\">\n\t<a href=\"https:\/\/www.eldigitaldeasturias.com\/noticias\/pablo-llarena-el-juez-que-acorralo-al-independentismo-catalan\/\" title=\"Pablo Llarena, el juez que acorral\u00f3 al independentismo catal\u00e1n\">Pablo Llarena, el juez que acorral\u00f3 al independentismo catal\u00e1n<\/a>\n<\/span><\/div>","aioseo_breadcrumb_json":[{"label":"Home","link":"https:\/\/www.eldigitaldeasturias.com\/noticias"},{"label":"Actualidad","link":"https:\/\/www.eldigitaldeasturias.com\/noticias\/category\/actualidad\/"},{"label":"Pablo Llarena, el juez que acorral\u00f3 al independentismo catal\u00e1n","link":"https:\/\/www.eldigitaldeasturias.com\/noticias\/pablo-llarena-el-juez-que-acorralo-al-independentismo-catalan\/"}],"_links":{"self":[{"href":"https:\/\/www.eldigitaldeasturias.com\/noticias\/wp-json\/wp\/v2\/posts\/973777","targetHints":{"allow":["GET"]}}],"collection":[{"href":"https:\/\/www.eldigitaldeasturias.com\/noticias\/wp-json\/wp\/v2\/posts"}],"about":[{"href":"https:\/\/www.eldigitaldeasturias.com\/noticias\/wp-json\/wp\/v2\/types\/post"}],"author":[{"embeddable":true,"href":"https:\/\/www.eldigitaldeasturias.com\/noticias\/wp-json\/wp\/v2\/users\/1"}],"replies":[{"embeddable":true,"href":"https:\/\/www.eldigitaldeasturias.com\/noticias\/wp-json\/wp\/v2\/comments?post=973777"}],"version-history":[{"count":0,"href":"https:\/\/www.eldigitaldeasturias.com\/noticias\/wp-json\/wp\/v2\/posts\/973777\/revisions"}],"wp:attachment":[{"href":"https:\/\/www.eldigitaldeasturias.com\/noticias\/wp-json\/wp\/v2\/media?parent=973777"}],"wp:term":[{"taxonomy":"category","embeddable":true,"href":"https:\/\/www.eldigitaldeasturias.com\/noticias\/wp-json\/wp\/v2\/categories?post=973777"},{"taxonomy":"post_tag","embeddable":true,"href":"https:\/\/www.eldigitaldeasturias.com\/noticias\/wp-json\/wp\/v2\/tags?post=973777"}],"curies":[{"name":"wp","href":"https:\/\/api.w.org\/{rel}","templated":true}]}}