{"id":973677,"date":"2018-03-27T09:59:29","date_gmt":"2018-03-27T09:59:29","guid":{"rendered":"http:\/\/www.eldigitaldeasturias.com\/noticias\/?p=973677"},"modified":"2018-03-27T09:59:29","modified_gmt":"2018-03-27T09:59:29","slug":"garcia-tejerina-este-gobierno-trabaja-en-una-politica-de-agua-con-vision-de-futuro","status":"publish","type":"post","link":"https:\/\/www.eldigitaldeasturias.com\/noticias\/garcia-tejerina-este-gobierno-trabaja-en-una-politica-de-agua-con-vision-de-futuro\/","title":{"rendered":"Garc\u00eda Tejerina: \u00abEste Gobierno trabaja en una pol\u00edtica de agua con visi\u00f3n de futuro\u00bb"},"content":{"rendered":"<p><img loading=\"lazy\" decoding=\"async\" class=\"alignleft size-medium wp-image-973678\" src=\"https:\/\/www.eldigitaldeasturias.com\/noticias\/wp-content\/uploads\/2018\/03\/290715_embalselabrena-1-360x239.jpg\" alt=\"\" width=\"360\" height=\"239\" \/>La ministra de Agricultura y Pesca, Alimentaci\u00f3n y Medio Ambiente, Isabel Garc\u00eda Tejerina, ha afirmado que el gobierno lleva a\u00f1os trabajando en una pol\u00edtica de agua con visi\u00f3n de futuro, de forma que permita afrontar la actual escasez de la manera m\u00e1s eficiente posible, y con el m\u00e1ximo consenso.<\/p>\n<p>\u200bUn empe\u00f1o, ha a\u00f1adido, en el que las claves han sido y seguir\u00e1n siendo la planificaci\u00f3n por cuenca, las infraestructuras h\u00eddricas, el cuidado de nuestro medio ambiente y, especialmente, el di\u00e1logo y la participaci\u00f3n de los usuarios en la toma de decisiones, indispensables para hacer frente a un desaf\u00edo que avanza de manera inexorable.<\/p>\n<p>Garc\u00eda Tejerina, que ha intervenido en el desayuno-coloquio sobre \u00abPol\u00edticas de agua y cambio clim\u00e1tico: Una oportunidad para el futuro\u00bb, organizado por el Foro Club Informaci\u00f3n-Universidad de Alicante-Bankia e Instituci\u00f3n Ferial de Alicante, ha recordado que en esa l\u00ednea el Gobierno aprob\u00f3 dos ciclos de planificaci\u00f3n hidrol\u00f3gica para cada una de las cuencas de los r\u00edos y promovi\u00f3 el Plan CRECE, con una inversi\u00f3n de cerca de 1.200 M\u20ac hasta 2020 para ayudar a las administraciones regionales y locales a cumplir sus obligaciones de depuraci\u00f3n y saneamiento.<\/p>\n<p>En el marco de esa pol\u00edtica del agua, la ministra tambi\u00e9n ha resaltado la importancia de los primeros Planes de Gesti\u00f3n del Riesgo de Inundaciones, aprobados con una inversi\u00f3n de 800 millones de euros, y en el plano medioambiental, la declaraci\u00f3n de 135 reservas naturales fluviales y el establecimiento de caudales ecol\u00f3gicos de los r\u00edos.<\/p>\n<p>Igualmente ha destacado la labor desarrollada para potenciar el ahorro y la eficiencia del regad\u00edo con la modernizaci\u00f3n de 1,5 millones de hect\u00e1reas, que ha supuesto un ahorro de 3.000 hm3 al a\u00f1o. Una senda de modernizaci\u00f3n que tendr\u00e1 su continuidad abord\u00e1ndose en el futuro un total de 800.000 hect\u00e1reas en toda Espa\u00f1a.<\/p>\n<p>De esta forma, ha apuntado Garc\u00eda Tejerina, Espa\u00f1a cuenta con un sistema de gesti\u00f3n de las aguas de los m\u00e1s completos y eficaces del mundo, que permite atender las necesidades de los m\u00e1s de 46 millones de espa\u00f1oles y los m\u00e1s de 82 millones de turistas que nos visitan cada a\u00f1o.<\/p>\n<p><strong>Un Pacto Nacional del Agua con vocaci\u00f3n de permanencia<\/strong><\/p>\n<p>En esta labor del Gobierno por el impulso de la pol\u00edtica del agua, Garc\u00eda Tejerina ha apostado por un Pacto Nacional del Agua que haga de la gesti\u00f3n de los recursos h\u00eddricos una aut\u00e9ntica pol\u00edtica de Estado, integradora, consensuada, solidaria y con vocaci\u00f3n de permanencia.<\/p>\n<p>En la consecuci\u00f3n de este objetivo la ministra ha resaltado la importancia de la participaci\u00f3n de todas las partes implicadas, para lo que se han celebrado m\u00e1s de 125 reuniones ya que, ha afirmado Garc\u00eda Tejerina, toca avanzar todos juntos para cuidar el agua y el medio ambiente, y para atender las demandas de forma sostenible.<\/p>\n<p>Para garantizar la sostenibilidad del agua a largo plazo, la ministra ha destacado tambi\u00e9n cuatro objetivos relacionados con el medio ambiente en el marco del Pacto Nacional del Agua, como son el cumplimiento de los objetivos ambientales establecidos en los Planes Hidrol\u00f3gicos de Cuenca; la atenci\u00f3n a los d\u00e9ficits h\u00eddricos; la puesta en marcha de proyectos estructurales destinados a prevenir el riesgo de inundaciones y el cumplimiento de compromisos con la Uni\u00f3n Europea, de acuerdo a la Directiva Marco del Agua, que exige la compensaci\u00f3n de los efectos perjudiciales que ciertas actividades pueden provocar sobre el medio ambiente.<\/p>\n<p>Garc\u00eda Tejerina ha concluido su intervenci\u00f3n apostando por un Pacto por el Agua que sea tambi\u00e9n un pacto con el medio ambiente, con las personas, con el territorio y con el futuro.<\/p>\n","protected":false},"excerpt":{"rendered":"<p>La ministra de Agricultura y Pesca, Alimentaci\u00f3n y Medio Ambiente, Isabel Garc\u00eda Tejerina, ha afirmado que el gobierno lleva a\u00f1os trabajando en una pol\u00edtica de agua con visi\u00f3n de futuro, de forma que permita afrontar la actual escasez de la manera m\u00e1s eficiente posible, y con el m\u00e1ximo consenso. \u200bUn empe\u00f1o, ha a\u00f1adido, en el [&hellip;]<\/p>\n","protected":false},"author":1,"featured_media":973678,"comment_status":"closed","ping_status":"closed","sticky":false,"template":"","format":"standard","meta":{"footnotes":""},"categories":[1],"tags":[],"class_list":["post-973677","post","type-post","status-publish","format-standard","has-post-thumbnail","hentry","category-actualidad"],"aioseo_notices":[],"aioseo_head":"\n\t\t<!-- All in One SEO Pro 5.0.1 - aioseo.com -->\n\t<meta name=\"description\" content=\"La ministra de Agricultura y Pesca, Alimentaci\u00f3n y Medio Ambiente, Isabel Garc\u00eda Tejerina, ha afirmado que el gobierno lleva a\u00f1os trabajando en una pol\u00edtica de agua con visi\u00f3n de futuro, de forma que permita afrontar la actual escasez de la manera m\u00e1s eficiente posible, y con el m\u00e1ximo consenso. \u200bUn empe\u00f1o, ha a\u00f1adido, en el\" \/>\n\t<meta name=\"robots\" content=\"max-image-preview:large\" \/>\n\t<meta name=\"author\" content=\"El Digital de Asturias\"\/>\n\t<meta name=\"google-site-verification\" content=\"UA-38556648-1\" \/>\n\t<meta name=\"msvalidate.01\" content=\"7dfe9f3f1b24437ab69f4f2559babe99\" \/>\n\t<meta name=\"keywords\" content=\"actualidad\" \/>\n\t<link rel=\"canonical\" href=\"https:\/\/www.eldigitaldeasturias.com\/noticias\/garcia-tejerina-este-gobierno-trabaja-en-una-politica-de-agua-con-vision-de-futuro\/\" \/>\n\t<meta name=\"generator\" content=\"All in One SEO Pro (AIOSEO) 5.0.1\" \/>\n\t\t<meta property=\"og:locale\" content=\"es_ES\" \/>\n\t\t<meta property=\"og:site_name\" content=\"El Digital de Asturias\" \/>\n\t\t<meta property=\"og:type\" content=\"article\" \/>\n\t\t<meta property=\"og:title\" content=\"Garc\u00eda Tejerina: \u00abEste Gobierno trabaja en una pol\u00edtica de agua con visi\u00f3n de futuro\u00bb - El Digital de Asturias\" \/>\n\t\t<meta property=\"og:description\" content=\"La ministra de Agricultura y Pesca, Alimentaci\u00f3n y Medio Ambiente, Isabel Garc\u00eda Tejerina, ha afirmado que el gobierno lleva a\u00f1os trabajando en una pol\u00edtica de agua con visi\u00f3n de futuro, de forma que permita afrontar la actual escasez de la manera m\u00e1s eficiente posible, y con el m\u00e1ximo consenso. \u200bUn empe\u00f1o, ha a\u00f1adido, en el\" \/>\n\t\t<meta property=\"og:url\" content=\"https:\/\/www.eldigitaldeasturias.com\/noticias\/garcia-tejerina-este-gobierno-trabaja-en-una-politica-de-agua-con-vision-de-futuro\/\" \/>\n\t\t<meta property=\"article:tag\" content=\"actualidad\" \/>\n\t\t<meta property=\"article:published_time\" content=\"2018-03-27T09:59:29+00:00\" \/>\n\t\t<meta property=\"article:modified_time\" content=\"2018-03-27T09:59:29+00:00\" \/>\n\t\t<meta property=\"article:publisher\" content=\"https:\/\/facebook.com\/eldigitaldeasturias\" \/>\n\t\t<meta name=\"twitter:card\" content=\"summary_large_image\" \/>\n\t\t<meta name=\"twitter:title\" content=\"Garc\u00eda Tejerina: \u00abEste Gobierno trabaja en una pol\u00edtica de agua con visi\u00f3n de futuro\u00bb - El Digital de Asturias\" \/>\n\t\t<meta name=\"twitter:description\" content=\"La ministra de Agricultura y Pesca, Alimentaci\u00f3n y Medio Ambiente, Isabel Garc\u00eda Tejerina, ha afirmado que el gobierno lleva a\u00f1os trabajando en una pol\u00edtica de agua con visi\u00f3n de futuro, de forma que permita afrontar la actual escasez de la manera m\u00e1s eficiente posible, y con el m\u00e1ximo consenso. \u200bUn empe\u00f1o, ha a\u00f1adido, en el\" \/>\n\t\t<meta name=\"twitter:image\" content=\"https:\/\/www.eldigitaldeasturias.com\/noticias\/wp-content\/uploads\/2020\/12\/EDA-1.jpg\" \/>\n\t\t<meta name=\"twitter:label1\" content=\"Escrito por\" \/>\n\t\t<meta name=\"twitter:data1\" content=\"El Digital de Asturias\" \/>\n\t\t<meta name=\"twitter:label2\" content=\"Tiempo de lectura estimado\" \/>\n\t\t<meta name=\"twitter:data2\" content=\"3 minutos\" \/>\n\t\t<script type=\"application\/ld+json\" class=\"aioseo-schema\">\n\t\t\t{\"@context\":\"https:\\\/\\\/schema.org\",\"@graph\":[{\"@type\":\"BlogPosting\",\"@id\":\"https:\\\/\\\/www.eldigitaldeasturias.com\\\/noticias\\\/garcia-tejerina-este-gobierno-trabaja-en-una-politica-de-agua-con-vision-de-futuro\\\/#blogposting\",\"name\":\"Garc\\u00eda Tejerina: \\u00abEste Gobierno trabaja en una pol\\u00edtica de agua con visi\\u00f3n de futuro\\u00bb - El Digital de Asturias\",\"headline\":\"Garc\\u00eda Tejerina: \\u00abEste Gobierno trabaja en una pol\\u00edtica de agua con visi\\u00f3n de futuro\\u00bb\",\"author\":{\"@id\":\"https:\\\/\\\/www.eldigitaldeasturias.com\\\/noticias\\\/author\\\/admin\\\/#author\"},\"publisher\":{\"@id\":\"https:\\\/\\\/www.eldigitaldeasturias.com\\\/noticias\\\/#organization\"},\"image\":{\"@type\":\"ImageObject\",\"url\":973678},\"datePublished\":\"2018-03-27T09:59:29+02:00\",\"dateModified\":\"2018-03-27T09:59:29+02:00\",\"inLanguage\":\"es-ES\",\"mainEntityOfPage\":{\"@id\":\"https:\\\/\\\/www.eldigitaldeasturias.com\\\/noticias\\\/garcia-tejerina-este-gobierno-trabaja-en-una-politica-de-agua-con-vision-de-futuro\\\/#webpage\"},\"isPartOf\":{\"@id\":\"https:\\\/\\\/www.eldigitaldeasturias.com\\\/noticias\\\/garcia-tejerina-este-gobierno-trabaja-en-una-politica-de-agua-con-vision-de-futuro\\\/#webpage\"},\"articleSection\":\"Actualidad\"},{\"@type\":\"BreadcrumbList\",\"@id\":\"https:\\\/\\\/www.eldigitaldeasturias.com\\\/noticias\\\/garcia-tejerina-este-gobierno-trabaja-en-una-politica-de-agua-con-vision-de-futuro\\\/#breadcrumblist\",\"itemListElement\":[{\"@type\":\"ListItem\",\"@id\":\"https:\\\/\\\/www.eldigitaldeasturias.com\\\/noticias#listItem\",\"position\":1,\"name\":\"Home\",\"item\":\"https:\\\/\\\/www.eldigitaldeasturias.com\\\/noticias\",\"nextItem\":{\"@type\":\"ListItem\",\"@id\":\"https:\\\/\\\/www.eldigitaldeasturias.com\\\/noticias\\\/category\\\/actualidad\\\/#listItem\",\"name\":\"Actualidad\"}},{\"@type\":\"ListItem\",\"@id\":\"https:\\\/\\\/www.eldigitaldeasturias.com\\\/noticias\\\/category\\\/actualidad\\\/#listItem\",\"position\":2,\"name\":\"Actualidad\",\"item\":\"https:\\\/\\\/www.eldigitaldeasturias.com\\\/noticias\\\/category\\\/actualidad\\\/\",\"nextItem\":{\"@type\":\"ListItem\",\"@id\":\"https:\\\/\\\/www.eldigitaldeasturias.com\\\/noticias\\\/garcia-tejerina-este-gobierno-trabaja-en-una-politica-de-agua-con-vision-de-futuro\\\/#listItem\",\"name\":\"Garc\\u00eda Tejerina: \\u00abEste Gobierno trabaja en una pol\\u00edtica de agua con visi\\u00f3n de futuro\\u00bb\"},\"previousItem\":{\"@type\":\"ListItem\",\"@id\":\"https:\\\/\\\/www.eldigitaldeasturias.com\\\/noticias#listItem\",\"name\":\"Home\"}},{\"@type\":\"ListItem\",\"@id\":\"https:\\\/\\\/www.eldigitaldeasturias.com\\\/noticias\\\/garcia-tejerina-este-gobierno-trabaja-en-una-politica-de-agua-con-vision-de-futuro\\\/#listItem\",\"position\":3,\"name\":\"Garc\\u00eda Tejerina: \\u00abEste Gobierno trabaja en una pol\\u00edtica de agua con visi\\u00f3n de futuro\\u00bb\",\"previousItem\":{\"@type\":\"ListItem\",\"@id\":\"https:\\\/\\\/www.eldigitaldeasturias.com\\\/noticias\\\/category\\\/actualidad\\\/#listItem\",\"name\":\"Actualidad\"}}]},{\"@type\":\"Organization\",\"@id\":\"https:\\\/\\\/www.eldigitaldeasturias.com\\\/noticias\\\/#organization\",\"name\":\"El Digital de Asturias\",\"description\":\"Hemeroteca\",\"url\":\"https:\\\/\\\/www.eldigitaldeasturias.com\\\/noticias\\\/\",\"email\":\"info@eldigitaldeasturias.com\",\"telephone\":\"+34652131393\",\"logo\":{\"@type\":\"ImageObject\",\"url\":\"https:\\\/\\\/www.eldigitaldeasturias.com\\\/noticias\\\/wp-content\\\/uploads\\\/2020\\\/12\\\/EDA.jpg\",\"@id\":\"https:\\\/\\\/www.eldigitaldeasturias.com\\\/noticias\\\/garcia-tejerina-este-gobierno-trabaja-en-una-politica-de-agua-con-vision-de-futuro\\\/#organizationLogo\"},\"image\":{\"@id\":\"https:\\\/\\\/www.eldigitaldeasturias.com\\\/noticias\\\/garcia-tejerina-este-gobierno-trabaja-en-una-politica-de-agua-con-vision-de-futuro\\\/#organizationLogo\"},\"sameAs\":[\"https:\\\/\\\/facebook.com\\\/eldigitaldeasturias\",\"https:\\\/\\\/www.youtube.com\\\/channel\\\/UCZP-2wLEB9Rv6erhFmqVnvg\"],\"address\":{\"@id\":\"https:\\\/\\\/www.eldigitaldeasturias.com\\\/noticias\\\/#postaladdress\",\"@type\":\"PostalAddress\",\"streetAddress\":\"san antonio 4\",\"postalCode\":\"33430\",\"addressLocality\":\"Cand\\u00e1s\",\"addressRegion\":\"Asturias\",\"addressCountry\":\"ES\"}},{\"@type\":\"Person\",\"@id\":\"https:\\\/\\\/www.eldigitaldeasturias.com\\\/noticias\\\/author\\\/admin\\\/#author\",\"url\":\"https:\\\/\\\/www.eldigitaldeasturias.com\\\/noticias\\\/author\\\/admin\\\/\",\"name\":\"El Digital de Asturias\",\"image\":{\"@type\":\"ImageObject\",\"@id\":\"https:\\\/\\\/www.eldigitaldeasturias.com\\\/noticias\\\/garcia-tejerina-este-gobierno-trabaja-en-una-politica-de-agua-con-vision-de-futuro\\\/#authorImage\",\"url\":\"https:\\\/\\\/secure.gravatar.com\\\/avatar\\\/df2aeffc32bcd13f8d26072ef8a91b623d677766deac7f97ca815868cd41bf5e?s=96&d=mm&r=g\",\"width\":96,\"height\":96,\"caption\":\"El Digital de Asturias\"}},{\"@type\":\"WebPage\",\"@id\":\"https:\\\/\\\/www.eldigitaldeasturias.com\\\/noticias\\\/garcia-tejerina-este-gobierno-trabaja-en-una-politica-de-agua-con-vision-de-futuro\\\/#webpage\",\"url\":\"https:\\\/\\\/www.eldigitaldeasturias.com\\\/noticias\\\/garcia-tejerina-este-gobierno-trabaja-en-una-politica-de-agua-con-vision-de-futuro\\\/\",\"name\":\"Garc\\u00eda Tejerina: \\u00abEste Gobierno trabaja en una pol\\u00edtica de agua con visi\\u00f3n de futuro\\u00bb - El Digital de Asturias\",\"description\":\"La ministra de Agricultura y Pesca, Alimentaci\\u00f3n y Medio Ambiente, Isabel Garc\\u00eda Tejerina, ha afirmado que el gobierno lleva a\\u00f1os trabajando en una pol\\u00edtica de agua con visi\\u00f3n de futuro, de forma que permita afrontar la actual escasez de la manera m\\u00e1s eficiente posible, y con el m\\u00e1ximo consenso. \\u200bUn empe\\u00f1o, ha a\\u00f1adido, en el\",\"inLanguage\":\"es-ES\",\"isPartOf\":{\"@id\":\"https:\\\/\\\/www.eldigitaldeasturias.com\\\/noticias\\\/#website\"},\"breadcrumb\":{\"@id\":\"https:\\\/\\\/www.eldigitaldeasturias.com\\\/noticias\\\/garcia-tejerina-este-gobierno-trabaja-en-una-politica-de-agua-con-vision-de-futuro\\\/#breadcrumblist\"},\"author\":{\"@id\":\"https:\\\/\\\/www.eldigitaldeasturias.com\\\/noticias\\\/author\\\/admin\\\/#author\"},\"creator\":{\"@id\":\"https:\\\/\\\/www.eldigitaldeasturias.com\\\/noticias\\\/author\\\/admin\\\/#author\"},\"image\":{\"@type\":\"ImageObject\",\"url\":973678,\"@id\":\"https:\\\/\\\/www.eldigitaldeasturias.com\\\/noticias\\\/garcia-tejerina-este-gobierno-trabaja-en-una-politica-de-agua-con-vision-de-futuro\\\/#mainImage\"},\"primaryImageOfPage\":{\"@id\":\"https:\\\/\\\/www.eldigitaldeasturias.com\\\/noticias\\\/garcia-tejerina-este-gobierno-trabaja-en-una-politica-de-agua-con-vision-de-futuro\\\/#mainImage\"},\"datePublished\":\"2018-03-27T09:59:29+02:00\",\"dateModified\":\"2018-03-27T09:59:29+02:00\"},{\"@type\":\"WebSite\",\"@id\":\"https:\\\/\\\/www.eldigitaldeasturias.com\\\/noticias\\\/#website\",\"url\":\"https:\\\/\\\/www.eldigitaldeasturias.com\\\/noticias\\\/\",\"name\":\"El Digital de Asturias - Diario de actualidad y noticias\",\"alternateName\":\"El Digital de Asturias - Diario de actualidad y noticias\",\"description\":\"Hemeroteca\",\"inLanguage\":\"es-ES\",\"publisher\":{\"@id\":\"https:\\\/\\\/www.eldigitaldeasturias.com\\\/noticias\\\/#organization\"}}]}\n\t\t<\/script>\n\t\t<!-- All in One SEO Pro -->\r\n\t\t<title>Garc\u00eda Tejerina: \u00abEste Gobierno trabaja en una pol\u00edtica de agua con visi\u00f3n de futuro\u00bb - El Digital de Asturias<\/title>\n\n","aioseo_head_json":{"title":"Garc\u00eda Tejerina: \u00abEste Gobierno trabaja en una pol\u00edtica de agua con visi\u00f3n de futuro\u00bb - El Digital de Asturias","description":"La ministra de Agricultura y Pesca, Alimentaci\u00f3n y Medio Ambiente, Isabel Garc\u00eda Tejerina, ha afirmado que el gobierno lleva a\u00f1os trabajando en una pol\u00edtica de agua con visi\u00f3n de futuro, de forma que permita afrontar la actual escasez de la manera m\u00e1s eficiente posible, y con el m\u00e1ximo consenso. \u200bUn empe\u00f1o, ha a\u00f1adido, en el","canonical_url":"https:\/\/www.eldigitaldeasturias.com\/noticias\/garcia-tejerina-este-gobierno-trabaja-en-una-politica-de-agua-con-vision-de-futuro\/","robots":"max-image-preview:large","keywords":"actualidad","webmasterTools":{"google-site-verification":"UA-38556648-1","msvalidate.01":"7dfe9f3f1b24437ab69f4f2559babe99","miscellaneous":""},"schema":{"@context":"https:\/\/schema.org","@graph":[{"@type":"BlogPosting","@id":"https:\/\/www.eldigitaldeasturias.com\/noticias\/garcia-tejerina-este-gobierno-trabaja-en-una-politica-de-agua-con-vision-de-futuro\/#blogposting","name":"Garc\u00eda Tejerina: \u00abEste Gobierno trabaja en una pol\u00edtica de agua con visi\u00f3n de futuro\u00bb - El Digital de Asturias","headline":"Garc\u00eda Tejerina: \u00abEste Gobierno trabaja en una pol\u00edtica de agua con visi\u00f3n de futuro\u00bb","author":{"@id":"https:\/\/www.eldigitaldeasturias.com\/noticias\/author\/admin\/#author"},"publisher":{"@id":"https:\/\/www.eldigitaldeasturias.com\/noticias\/#organization"},"image":{"@type":"ImageObject","url":973678},"datePublished":"2018-03-27T09:59:29+02:00","dateModified":"2018-03-27T09:59:29+02:00","inLanguage":"es-ES","mainEntityOfPage":{"@id":"https:\/\/www.eldigitaldeasturias.com\/noticias\/garcia-tejerina-este-gobierno-trabaja-en-una-politica-de-agua-con-vision-de-futuro\/#webpage"},"isPartOf":{"@id":"https:\/\/www.eldigitaldeasturias.com\/noticias\/garcia-tejerina-este-gobierno-trabaja-en-una-politica-de-agua-con-vision-de-futuro\/#webpage"},"articleSection":"Actualidad"},{"@type":"BreadcrumbList","@id":"https:\/\/www.eldigitaldeasturias.com\/noticias\/garcia-tejerina-este-gobierno-trabaja-en-una-politica-de-agua-con-vision-de-futuro\/#breadcrumblist","itemListElement":[{"@type":"ListItem","@id":"https:\/\/www.eldigitaldeasturias.com\/noticias#listItem","position":1,"name":"Home","item":"https:\/\/www.eldigitaldeasturias.com\/noticias","nextItem":{"@type":"ListItem","@id":"https:\/\/www.eldigitaldeasturias.com\/noticias\/category\/actualidad\/#listItem","name":"Actualidad"}},{"@type":"ListItem","@id":"https:\/\/www.eldigitaldeasturias.com\/noticias\/category\/actualidad\/#listItem","position":2,"name":"Actualidad","item":"https:\/\/www.eldigitaldeasturias.com\/noticias\/category\/actualidad\/","nextItem":{"@type":"ListItem","@id":"https:\/\/www.eldigitaldeasturias.com\/noticias\/garcia-tejerina-este-gobierno-trabaja-en-una-politica-de-agua-con-vision-de-futuro\/#listItem","name":"Garc\u00eda Tejerina: \u00abEste Gobierno trabaja en una pol\u00edtica de agua con visi\u00f3n de futuro\u00bb"},"previousItem":{"@type":"ListItem","@id":"https:\/\/www.eldigitaldeasturias.com\/noticias#listItem","name":"Home"}},{"@type":"ListItem","@id":"https:\/\/www.eldigitaldeasturias.com\/noticias\/garcia-tejerina-este-gobierno-trabaja-en-una-politica-de-agua-con-vision-de-futuro\/#listItem","position":3,"name":"Garc\u00eda Tejerina: \u00abEste Gobierno trabaja en una pol\u00edtica de agua con visi\u00f3n de futuro\u00bb","previousItem":{"@type":"ListItem","@id":"https:\/\/www.eldigitaldeasturias.com\/noticias\/category\/actualidad\/#listItem","name":"Actualidad"}}]},{"@type":"Organization","@id":"https:\/\/www.eldigitaldeasturias.com\/noticias\/#organization","name":"El Digital de Asturias","description":"Hemeroteca","url":"https:\/\/www.eldigitaldeasturias.com\/noticias\/","email":"info@eldigitaldeasturias.com","telephone":"+34652131393","logo":{"@type":"ImageObject","url":"https:\/\/www.eldigitaldeasturias.com\/noticias\/wp-content\/uploads\/2020\/12\/EDA.jpg","@id":"https:\/\/www.eldigitaldeasturias.com\/noticias\/garcia-tejerina-este-gobierno-trabaja-en-una-politica-de-agua-con-vision-de-futuro\/#organizationLogo"},"image":{"@id":"https:\/\/www.eldigitaldeasturias.com\/noticias\/garcia-tejerina-este-gobierno-trabaja-en-una-politica-de-agua-con-vision-de-futuro\/#organizationLogo"},"sameAs":["https:\/\/facebook.com\/eldigitaldeasturias","https:\/\/www.youtube.com\/channel\/UCZP-2wLEB9Rv6erhFmqVnvg"],"address":{"@id":"https:\/\/www.eldigitaldeasturias.com\/noticias\/#postaladdress","@type":"PostalAddress","streetAddress":"san antonio 4","postalCode":"33430","addressLocality":"Cand\u00e1s","addressRegion":"Asturias","addressCountry":"ES"}},{"@type":"Person","@id":"https:\/\/www.eldigitaldeasturias.com\/noticias\/author\/admin\/#author","url":"https:\/\/www.eldigitaldeasturias.com\/noticias\/author\/admin\/","name":"El Digital de Asturias","image":{"@type":"ImageObject","@id":"https:\/\/www.eldigitaldeasturias.com\/noticias\/garcia-tejerina-este-gobierno-trabaja-en-una-politica-de-agua-con-vision-de-futuro\/#authorImage","url":"https:\/\/secure.gravatar.com\/avatar\/df2aeffc32bcd13f8d26072ef8a91b623d677766deac7f97ca815868cd41bf5e?s=96&d=mm&r=g","width":96,"height":96,"caption":"El Digital de Asturias"}},{"@type":"WebPage","@id":"https:\/\/www.eldigitaldeasturias.com\/noticias\/garcia-tejerina-este-gobierno-trabaja-en-una-politica-de-agua-con-vision-de-futuro\/#webpage","url":"https:\/\/www.eldigitaldeasturias.com\/noticias\/garcia-tejerina-este-gobierno-trabaja-en-una-politica-de-agua-con-vision-de-futuro\/","name":"Garc\u00eda Tejerina: \u00abEste Gobierno trabaja en una pol\u00edtica de agua con visi\u00f3n de futuro\u00bb - El Digital de Asturias","description":"La ministra de Agricultura y Pesca, Alimentaci\u00f3n y Medio Ambiente, Isabel Garc\u00eda Tejerina, ha afirmado que el gobierno lleva a\u00f1os trabajando en una pol\u00edtica de agua con visi\u00f3n de futuro, de forma que permita afrontar la actual escasez de la manera m\u00e1s eficiente posible, y con el m\u00e1ximo consenso. \u200bUn empe\u00f1o, ha a\u00f1adido, en el","inLanguage":"es-ES","isPartOf":{"@id":"https:\/\/www.eldigitaldeasturias.com\/noticias\/#website"},"breadcrumb":{"@id":"https:\/\/www.eldigitaldeasturias.com\/noticias\/garcia-tejerina-este-gobierno-trabaja-en-una-politica-de-agua-con-vision-de-futuro\/#breadcrumblist"},"author":{"@id":"https:\/\/www.eldigitaldeasturias.com\/noticias\/author\/admin\/#author"},"creator":{"@id":"https:\/\/www.eldigitaldeasturias.com\/noticias\/author\/admin\/#author"},"image":{"@type":"ImageObject","url":973678,"@id":"https:\/\/www.eldigitaldeasturias.com\/noticias\/garcia-tejerina-este-gobierno-trabaja-en-una-politica-de-agua-con-vision-de-futuro\/#mainImage"},"primaryImageOfPage":{"@id":"https:\/\/www.eldigitaldeasturias.com\/noticias\/garcia-tejerina-este-gobierno-trabaja-en-una-politica-de-agua-con-vision-de-futuro\/#mainImage"},"datePublished":"2018-03-27T09:59:29+02:00","dateModified":"2018-03-27T09:59:29+02:00"},{"@type":"WebSite","@id":"https:\/\/www.eldigitaldeasturias.com\/noticias\/#website","url":"https:\/\/www.eldigitaldeasturias.com\/noticias\/","name":"El Digital de Asturias - Diario de actualidad y noticias","alternateName":"El Digital de Asturias - Diario de actualidad y noticias","description":"Hemeroteca","inLanguage":"es-ES","publisher":{"@id":"https:\/\/www.eldigitaldeasturias.com\/noticias\/#organization"}}]},"og:locale":"es_ES","og:site_name":"El Digital de Asturias","og:type":"article","og:title":"Garc\u00eda Tejerina: \u00abEste Gobierno trabaja en una pol\u00edtica de agua con visi\u00f3n de futuro\u00bb - El Digital de Asturias","og:description":"La ministra de Agricultura y Pesca, Alimentaci\u00f3n y Medio Ambiente, Isabel Garc\u00eda Tejerina, ha afirmado que el gobierno lleva a\u00f1os trabajando en una pol\u00edtica de agua con visi\u00f3n de futuro, de forma que permita afrontar la actual escasez de la manera m\u00e1s eficiente posible, y con el m\u00e1ximo consenso. \u200bUn empe\u00f1o, ha a\u00f1adido, en el","og:url":"https:\/\/www.eldigitaldeasturias.com\/noticias\/garcia-tejerina-este-gobierno-trabaja-en-una-politica-de-agua-con-vision-de-futuro\/","article:tag":["actualidad"],"article:published_time":"2018-03-27T09:59:29+00:00","article:modified_time":"2018-03-27T09:59:29+00:00","article:publisher":"https:\/\/facebook.com\/eldigitaldeasturias","twitter:card":"summary_large_image","twitter:title":"Garc\u00eda Tejerina: \u00abEste Gobierno trabaja en una pol\u00edtica de agua con visi\u00f3n de futuro\u00bb - El Digital de Asturias","twitter:description":"La ministra de Agricultura y Pesca, Alimentaci\u00f3n y Medio Ambiente, Isabel Garc\u00eda Tejerina, ha afirmado que el gobierno lleva a\u00f1os trabajando en una pol\u00edtica de agua con visi\u00f3n de futuro, de forma que permita afrontar la actual escasez de la manera m\u00e1s eficiente posible, y con el m\u00e1ximo consenso. \u200bUn empe\u00f1o, ha a\u00f1adido, en el","twitter:image":"https:\/\/www.eldigitaldeasturias.com\/noticias\/wp-content\/uploads\/2020\/12\/EDA-1.jpg","twitter:label1":"Escrito por","twitter:data1":"El Digital de Asturias","twitter:label2":"Tiempo de lectura estimado","twitter:data2":"3 minutos"},"aioseo_meta_data":{"post_id":"973677","title":null,"description":null,"keywords":null,"keyphrases":null,"primary_term":null,"canonical_url":null,"og_title":null,"og_description":null,"og_object_type":"default","og_image_type":"default","og_image_url":null,"og_image_width":null,"og_image_height":null,"og_image_custom_url":null,"og_image_custom_fields":null,"og_video":null,"og_custom_url":null,"og_article_section":null,"og_article_tags":null,"twitter_use_og":false,"twitter_card":"default","twitter_image_type":"default","twitter_image_url":null,"twitter_image_custom_url":null,"twitter_image_custom_fields":null,"twitter_title":null,"twitter_description":null,"schema":{"blockGraphs":[],"customGraphs":[],"default":{"data":{"Article":[],"Course":[],"Dataset":[],"FAQPage":[],"Movie":[],"Person":[],"Product":[],"ProductReview":[],"Car":[],"Recipe":[],"Service":[],"SoftwareApplication":[],"WebPage":[]},"graphName":"","isEnabled":true},"graphs":[],"defaultGraph":"","defaultPostTypeGraph":""},"schema_type":null,"schema_type_options":null,"pillar_content":false,"robots_default":true,"robots_noindex":false,"robots_noarchive":false,"robots_nosnippet":false,"robots_nofollow":false,"robots_noimageindex":false,"robots_noodp":false,"robots_notranslate":false,"robots_max_snippet":null,"robots_max_videopreview":null,"robots_max_imagepreview":"large","priority":null,"frequency":null,"local_seo":null,"seo_analyzer_scan_date":"2025-10-07 17:29:10","breadcrumb_settings":null,"limit_modified_date":false,"open_ai":null,"ai":null,"created":"2020-12-21 12:15:37","updated":"2025-10-07 17:29:10","focus_keyword":null,"additional_keywords":null,"truseo_locale":null},"aioseo_breadcrumb":"<div class=\"aioseo-breadcrumbs\"><span class=\"aioseo-breadcrumb\">\n\t<a href=\"https:\/\/www.eldigitaldeasturias.com\/noticias\" title=\"Home\">Home<\/a>\n<\/span><span class=\"aioseo-breadcrumb-separator\">\u2013<\/span><span class=\"aioseo-breadcrumb\">\n\t<a href=\"https:\/\/www.eldigitaldeasturias.com\/noticias\/category\/actualidad\/\" title=\"Actualidad\">Actualidad<\/a>\n<\/span><span class=\"aioseo-breadcrumb-separator\">\u2013<\/span><span class=\"aioseo-breadcrumb\">\n\t<a href=\"https:\/\/www.eldigitaldeasturias.com\/noticias\/garcia-tejerina-este-gobierno-trabaja-en-una-politica-de-agua-con-vision-de-futuro\/\" title=\"Garc\u00eda Tejerina: \u00abEste Gobierno trabaja en una pol\u00edtica de agua con visi\u00f3n de futuro\u00bb\">Garc\u00eda Tejerina: \u00abEste Gobierno trabaja en una pol\u00edtica de agua con visi\u00f3n de futuro\u00bb<\/a>\n<\/span><\/div>","aioseo_breadcrumb_json":[{"label":"Home","link":"https:\/\/www.eldigitaldeasturias.com\/noticias"},{"label":"Actualidad","link":"https:\/\/www.eldigitaldeasturias.com\/noticias\/category\/actualidad\/"},{"label":"Garc\u00eda Tejerina: \u00abEste Gobierno trabaja en una pol\u00edtica de agua con visi\u00f3n de futuro\u00bb","link":"https:\/\/www.eldigitaldeasturias.com\/noticias\/garcia-tejerina-este-gobierno-trabaja-en-una-politica-de-agua-con-vision-de-futuro\/"}],"_links":{"self":[{"href":"https:\/\/www.eldigitaldeasturias.com\/noticias\/wp-json\/wp\/v2\/posts\/973677","targetHints":{"allow":["GET"]}}],"collection":[{"href":"https:\/\/www.eldigitaldeasturias.com\/noticias\/wp-json\/wp\/v2\/posts"}],"about":[{"href":"https:\/\/www.eldigitaldeasturias.com\/noticias\/wp-json\/wp\/v2\/types\/post"}],"author":[{"embeddable":true,"href":"https:\/\/www.eldigitaldeasturias.com\/noticias\/wp-json\/wp\/v2\/users\/1"}],"replies":[{"embeddable":true,"href":"https:\/\/www.eldigitaldeasturias.com\/noticias\/wp-json\/wp\/v2\/comments?post=973677"}],"version-history":[{"count":0,"href":"https:\/\/www.eldigitaldeasturias.com\/noticias\/wp-json\/wp\/v2\/posts\/973677\/revisions"}],"wp:attachment":[{"href":"https:\/\/www.eldigitaldeasturias.com\/noticias\/wp-json\/wp\/v2\/media?parent=973677"}],"wp:term":[{"taxonomy":"category","embeddable":true,"href":"https:\/\/www.eldigitaldeasturias.com\/noticias\/wp-json\/wp\/v2\/categories?post=973677"},{"taxonomy":"post_tag","embeddable":true,"href":"https:\/\/www.eldigitaldeasturias.com\/noticias\/wp-json\/wp\/v2\/tags?post=973677"}],"curies":[{"name":"wp","href":"https:\/\/api.w.org\/{rel}","templated":true}]}}