{"id":973631,"date":"2018-03-26T22:12:38","date_gmt":"2018-03-26T22:12:38","guid":{"rendered":"http:\/\/www.eldigitaldeasturias.com\/noticias\/?p=973631"},"modified":"2018-03-26T22:12:38","modified_gmt":"2018-03-26T22:12:38","slug":"erdogan-pide-retomar-el-proceso-de-adhesion-de-turquia-a-la-ue","status":"publish","type":"post","link":"https:\/\/www.eldigitaldeasturias.com\/noticias\/erdogan-pide-retomar-el-proceso-de-adhesion-de-turquia-a-la-ue\/","title":{"rendered":"Erdogan pide retomar el proceso de adhesi\u00f3n de Turqu\u00eda a la UE"},"content":{"rendered":"<p><img loading=\"lazy\" decoding=\"async\" class=\"alignleft size-medium wp-image-872935\" src=\"https:\/\/www.eldigitaldeasturias.com\/noticias\/wp-content\/uploads\/2016\/04\/erdogan-360x198.jpg\" alt=\"\" width=\"360\" height=\"198\" \/>Varna (Bulgaria), 26 mar (dpa) &#8211; El presidente turco, Recep Tayyip Erdogan, pidi\u00f3 hoy retomar el suspendido proceso adhesi\u00f3n de su pa\u00eds a la Uni\u00f3n Europea (UE), pese a las tensiones con el bloque.<\/p>\n<p>\u00abHoy, una membres\u00eda a la UE es todav\u00eda un objetivo estrat\u00e9gico\u00bb, dijo Erdogan previo a la cumbre de UE-Turqu\u00eda que se celebrar\u00e1 en la ciudad b\u00falgara de Varna, en la costa del Mar Negro.<\/p>\n<p>Turqu\u00eda no permitir\u00e1 que \u00abciertos c\u00edrculos\u00bb impidan al pa\u00eds \u00abocupar su lugar como miembro pleno de la Uni\u00f3n Europea, respetado y con los mismos derechos\u00bb, dijo Erdogan, sin explicitar a qu\u00e9 sectores se refer\u00eda.<\/p>\n<p>Asimismo, dijo que espera que sean removidos \u00ablos obst\u00e1culos pol\u00edticos y artificales\u00bb que enfrent\u00f3 el pa\u00eds durante el proceso de negociaci\u00f3n, a fin de reanimar las negociaciones.<\/p>\n<p>Erdogan tiene previsto reunirse hoy por la noche en Varna con el presidente de la Comisi\u00f3n Europea, Jean Claude Juncker, y el presidente del Consejo Europeo, Donald Tusk. Ser\u00e1 el primer encuentro del presidente turco con las m\u00e1ximas autoridades de la UE en diez meses.<\/p>\n<p>Juncker manifest\u00f3 en septiembre del a\u00f1o pasado que no ve\u00eda a Turqu\u00eda como un nuevo miembro de la UE a corto plazo, pese a lo cual dijo que quer\u00eda mantener la mano tendida al pueblo turco.<\/p>\n<p>La existencia de un estado de derecho debe ser la base para poder formar parte de la UE, y \u00abeso impide la entrada de Turqu\u00eda\u00bb por ahora, dijo entonces Juncker.<\/p>\n<p>La UE rechaza el accionar del Gobierno turco tras el intento de golpe de Estado de 2016, tras el que se impuso el estado de excepci\u00f3n, fueron encarceladas decenas de miles de personas y unos 115.000 funcionarios acabaron destituidos o suspendidos.<\/p>\n<p>El Parlamento Europeo se\u00f1al\u00f3 en julio pasado, cuando pidi\u00f3 suspender las conversaciones de adhesi\u00f3n, que las medidas adoptadas tras el intento de golpe \u00abtuvieron efectos negativos desproporcionados y a gran escala sobre un gran n\u00famero de ciudadanos, as\u00ed como en la protecci\u00f3n de las libertades fundamentales en el pa\u00eds\u00bb.<\/p>\n<p>Ankara responsabiliza de la intentona al cl\u00e9rigo Fethullah G\u00fcllen, que vive autoexiliado en Estados Unidos y cuyos presuntos seguidores son perseguidos ahora en Turqu\u00eda.<\/p>\n","protected":false},"excerpt":{"rendered":"<p>Varna (Bulgaria), 26 mar (dpa) &#8211; El presidente turco, Recep Tayyip Erdogan, pidi\u00f3 hoy retomar el suspendido proceso adhesi\u00f3n de su pa\u00eds a la Uni\u00f3n Europea (UE), pese a las tensiones con el bloque. \u00abHoy, una membres\u00eda a la UE es todav\u00eda un objetivo estrat\u00e9gico\u00bb, dijo Erdogan previo a la cumbre de UE-Turqu\u00eda que se [&hellip;]<\/p>\n","protected":false},"author":1,"featured_media":872935,"comment_status":"closed","ping_status":"closed","sticky":false,"template":"","format":"standard","meta":{"footnotes":""},"categories":[1],"tags":[],"class_list":["post-973631","post","type-post","status-publish","format-standard","has-post-thumbnail","hentry","category-actualidad"],"aioseo_notices":[],"aioseo_head":"\n\t\t<!-- All in One SEO Pro 5.0.1 - aioseo.com -->\n\t<meta name=\"description\" content=\"Varna (Bulgaria), 26 mar (dpa) - El presidente turco, Recep Tayyip Erdogan, pidi\u00f3 hoy retomar el suspendido proceso adhesi\u00f3n de su pa\u00eds a la Uni\u00f3n Europea (UE), pese a las tensiones con el bloque. &quot;Hoy, una membres\u00eda a la UE es todav\u00eda un objetivo estrat\u00e9gico&quot;, dijo Erdogan previo a la cumbre de UE-Turqu\u00eda que se\" \/>\n\t<meta name=\"robots\" content=\"max-image-preview:large\" \/>\n\t<meta name=\"author\" content=\"El Digital de Asturias\"\/>\n\t<meta name=\"google-site-verification\" content=\"UA-38556648-1\" \/>\n\t<meta name=\"msvalidate.01\" content=\"7dfe9f3f1b24437ab69f4f2559babe99\" \/>\n\t<meta name=\"keywords\" content=\"actualidad\" \/>\n\t<link rel=\"canonical\" href=\"https:\/\/www.eldigitaldeasturias.com\/noticias\/erdogan-pide-retomar-el-proceso-de-adhesion-de-turquia-a-la-ue\/\" \/>\n\t<meta name=\"generator\" content=\"All in One SEO Pro (AIOSEO) 5.0.1\" \/>\n\t\t<meta property=\"og:locale\" content=\"es_ES\" \/>\n\t\t<meta property=\"og:site_name\" content=\"El Digital de Asturias\" \/>\n\t\t<meta property=\"og:type\" content=\"article\" \/>\n\t\t<meta property=\"og:title\" content=\"Erdogan pide retomar el proceso de adhesi\u00f3n de Turqu\u00eda a la UE - El Digital de Asturias\" \/>\n\t\t<meta property=\"og:description\" content=\"Varna (Bulgaria), 26 mar (dpa) - El presidente turco, Recep Tayyip Erdogan, pidi\u00f3 hoy retomar el suspendido proceso adhesi\u00f3n de su pa\u00eds a la Uni\u00f3n Europea (UE), pese a las tensiones con el bloque. &quot;Hoy, una membres\u00eda a la UE es todav\u00eda un objetivo estrat\u00e9gico&quot;, dijo Erdogan previo a la cumbre de UE-Turqu\u00eda que se\" \/>\n\t\t<meta property=\"og:url\" content=\"https:\/\/www.eldigitaldeasturias.com\/noticias\/erdogan-pide-retomar-el-proceso-de-adhesion-de-turquia-a-la-ue\/\" \/>\n\t\t<meta property=\"article:tag\" content=\"actualidad\" \/>\n\t\t<meta property=\"article:published_time\" content=\"2018-03-26T22:12:38+00:00\" \/>\n\t\t<meta property=\"article:modified_time\" content=\"2018-03-26T22:12:38+00:00\" \/>\n\t\t<meta property=\"article:publisher\" content=\"https:\/\/facebook.com\/eldigitaldeasturias\" \/>\n\t\t<meta name=\"twitter:card\" content=\"summary_large_image\" \/>\n\t\t<meta name=\"twitter:title\" content=\"Erdogan pide retomar el proceso de adhesi\u00f3n de Turqu\u00eda a la UE - El Digital de Asturias\" \/>\n\t\t<meta name=\"twitter:description\" content=\"Varna (Bulgaria), 26 mar (dpa) - El presidente turco, Recep Tayyip Erdogan, pidi\u00f3 hoy retomar el suspendido proceso adhesi\u00f3n de su pa\u00eds a la Uni\u00f3n Europea (UE), pese a las tensiones con el bloque. &quot;Hoy, una membres\u00eda a la UE es todav\u00eda un objetivo estrat\u00e9gico&quot;, dijo Erdogan previo a la cumbre de UE-Turqu\u00eda que se\" \/>\n\t\t<meta name=\"twitter:image\" content=\"https:\/\/www.eldigitaldeasturias.com\/noticias\/wp-content\/uploads\/2020\/12\/EDA-1.jpg\" \/>\n\t\t<meta name=\"twitter:label1\" content=\"Escrito por\" \/>\n\t\t<meta name=\"twitter:data1\" content=\"El Digital de Asturias\" \/>\n\t\t<meta name=\"twitter:label2\" content=\"Tiempo de lectura estimado\" \/>\n\t\t<meta name=\"twitter:data2\" content=\"2 minutos\" \/>\n\t\t<script type=\"application\/ld+json\" class=\"aioseo-schema\">\n\t\t\t{\"@context\":\"https:\\\/\\\/schema.org\",\"@graph\":[{\"@type\":\"BlogPosting\",\"@id\":\"https:\\\/\\\/www.eldigitaldeasturias.com\\\/noticias\\\/erdogan-pide-retomar-el-proceso-de-adhesion-de-turquia-a-la-ue\\\/#blogposting\",\"name\":\"Erdogan pide retomar el proceso de adhesi\\u00f3n de Turqu\\u00eda a la UE - El Digital de Asturias\",\"headline\":\"Erdogan pide retomar el proceso de adhesi\\u00f3n de Turqu\\u00eda a la UE\",\"author\":{\"@id\":\"https:\\\/\\\/www.eldigitaldeasturias.com\\\/noticias\\\/author\\\/admin\\\/#author\"},\"publisher\":{\"@id\":\"https:\\\/\\\/www.eldigitaldeasturias.com\\\/noticias\\\/#organization\"},\"image\":{\"@type\":\"ImageObject\",\"url\":872935},\"datePublished\":\"2018-03-26T22:12:38+02:00\",\"dateModified\":\"2018-03-26T22:12:38+02:00\",\"inLanguage\":\"es-ES\",\"mainEntityOfPage\":{\"@id\":\"https:\\\/\\\/www.eldigitaldeasturias.com\\\/noticias\\\/erdogan-pide-retomar-el-proceso-de-adhesion-de-turquia-a-la-ue\\\/#webpage\"},\"isPartOf\":{\"@id\":\"https:\\\/\\\/www.eldigitaldeasturias.com\\\/noticias\\\/erdogan-pide-retomar-el-proceso-de-adhesion-de-turquia-a-la-ue\\\/#webpage\"},\"articleSection\":\"Actualidad\"},{\"@type\":\"BreadcrumbList\",\"@id\":\"https:\\\/\\\/www.eldigitaldeasturias.com\\\/noticias\\\/erdogan-pide-retomar-el-proceso-de-adhesion-de-turquia-a-la-ue\\\/#breadcrumblist\",\"itemListElement\":[{\"@type\":\"ListItem\",\"@id\":\"https:\\\/\\\/www.eldigitaldeasturias.com\\\/noticias#listItem\",\"position\":1,\"name\":\"Home\",\"item\":\"https:\\\/\\\/www.eldigitaldeasturias.com\\\/noticias\",\"nextItem\":{\"@type\":\"ListItem\",\"@id\":\"https:\\\/\\\/www.eldigitaldeasturias.com\\\/noticias\\\/category\\\/actualidad\\\/#listItem\",\"name\":\"Actualidad\"}},{\"@type\":\"ListItem\",\"@id\":\"https:\\\/\\\/www.eldigitaldeasturias.com\\\/noticias\\\/category\\\/actualidad\\\/#listItem\",\"position\":2,\"name\":\"Actualidad\",\"item\":\"https:\\\/\\\/www.eldigitaldeasturias.com\\\/noticias\\\/category\\\/actualidad\\\/\",\"nextItem\":{\"@type\":\"ListItem\",\"@id\":\"https:\\\/\\\/www.eldigitaldeasturias.com\\\/noticias\\\/erdogan-pide-retomar-el-proceso-de-adhesion-de-turquia-a-la-ue\\\/#listItem\",\"name\":\"Erdogan pide retomar el proceso de adhesi\\u00f3n de Turqu\\u00eda a la UE\"},\"previousItem\":{\"@type\":\"ListItem\",\"@id\":\"https:\\\/\\\/www.eldigitaldeasturias.com\\\/noticias#listItem\",\"name\":\"Home\"}},{\"@type\":\"ListItem\",\"@id\":\"https:\\\/\\\/www.eldigitaldeasturias.com\\\/noticias\\\/erdogan-pide-retomar-el-proceso-de-adhesion-de-turquia-a-la-ue\\\/#listItem\",\"position\":3,\"name\":\"Erdogan pide retomar el proceso de adhesi\\u00f3n de Turqu\\u00eda a la UE\",\"previousItem\":{\"@type\":\"ListItem\",\"@id\":\"https:\\\/\\\/www.eldigitaldeasturias.com\\\/noticias\\\/category\\\/actualidad\\\/#listItem\",\"name\":\"Actualidad\"}}]},{\"@type\":\"Organization\",\"@id\":\"https:\\\/\\\/www.eldigitaldeasturias.com\\\/noticias\\\/#organization\",\"name\":\"El Digital de Asturias\",\"description\":\"Hemeroteca\",\"url\":\"https:\\\/\\\/www.eldigitaldeasturias.com\\\/noticias\\\/\",\"email\":\"info@eldigitaldeasturias.com\",\"telephone\":\"+34652131393\",\"logo\":{\"@type\":\"ImageObject\",\"url\":\"https:\\\/\\\/www.eldigitaldeasturias.com\\\/noticias\\\/wp-content\\\/uploads\\\/2020\\\/12\\\/EDA.jpg\",\"@id\":\"https:\\\/\\\/www.eldigitaldeasturias.com\\\/noticias\\\/erdogan-pide-retomar-el-proceso-de-adhesion-de-turquia-a-la-ue\\\/#organizationLogo\"},\"image\":{\"@id\":\"https:\\\/\\\/www.eldigitaldeasturias.com\\\/noticias\\\/erdogan-pide-retomar-el-proceso-de-adhesion-de-turquia-a-la-ue\\\/#organizationLogo\"},\"sameAs\":[\"https:\\\/\\\/facebook.com\\\/eldigitaldeasturias\",\"https:\\\/\\\/www.youtube.com\\\/channel\\\/UCZP-2wLEB9Rv6erhFmqVnvg\"],\"address\":{\"@id\":\"https:\\\/\\\/www.eldigitaldeasturias.com\\\/noticias\\\/#postaladdress\",\"@type\":\"PostalAddress\",\"streetAddress\":\"san antonio 4\",\"postalCode\":\"33430\",\"addressLocality\":\"Cand\\u00e1s\",\"addressRegion\":\"Asturias\",\"addressCountry\":\"ES\"}},{\"@type\":\"Person\",\"@id\":\"https:\\\/\\\/www.eldigitaldeasturias.com\\\/noticias\\\/author\\\/admin\\\/#author\",\"url\":\"https:\\\/\\\/www.eldigitaldeasturias.com\\\/noticias\\\/author\\\/admin\\\/\",\"name\":\"El Digital de Asturias\",\"image\":{\"@type\":\"ImageObject\",\"@id\":\"https:\\\/\\\/www.eldigitaldeasturias.com\\\/noticias\\\/erdogan-pide-retomar-el-proceso-de-adhesion-de-turquia-a-la-ue\\\/#authorImage\",\"url\":\"https:\\\/\\\/secure.gravatar.com\\\/avatar\\\/df2aeffc32bcd13f8d26072ef8a91b623d677766deac7f97ca815868cd41bf5e?s=96&d=mm&r=g\",\"width\":96,\"height\":96,\"caption\":\"El Digital de Asturias\"}},{\"@type\":\"WebPage\",\"@id\":\"https:\\\/\\\/www.eldigitaldeasturias.com\\\/noticias\\\/erdogan-pide-retomar-el-proceso-de-adhesion-de-turquia-a-la-ue\\\/#webpage\",\"url\":\"https:\\\/\\\/www.eldigitaldeasturias.com\\\/noticias\\\/erdogan-pide-retomar-el-proceso-de-adhesion-de-turquia-a-la-ue\\\/\",\"name\":\"Erdogan pide retomar el proceso de adhesi\\u00f3n de Turqu\\u00eda a la UE - El Digital de Asturias\",\"description\":\"Varna (Bulgaria), 26 mar (dpa) - El presidente turco, Recep Tayyip Erdogan, pidi\\u00f3 hoy retomar el suspendido proceso adhesi\\u00f3n de su pa\\u00eds a la Uni\\u00f3n Europea (UE), pese a las tensiones con el bloque. \\\"Hoy, una membres\\u00eda a la UE es todav\\u00eda un objetivo estrat\\u00e9gico\\\", dijo Erdogan previo a la cumbre de UE-Turqu\\u00eda que se\",\"inLanguage\":\"es-ES\",\"isPartOf\":{\"@id\":\"https:\\\/\\\/www.eldigitaldeasturias.com\\\/noticias\\\/#website\"},\"breadcrumb\":{\"@id\":\"https:\\\/\\\/www.eldigitaldeasturias.com\\\/noticias\\\/erdogan-pide-retomar-el-proceso-de-adhesion-de-turquia-a-la-ue\\\/#breadcrumblist\"},\"author\":{\"@id\":\"https:\\\/\\\/www.eldigitaldeasturias.com\\\/noticias\\\/author\\\/admin\\\/#author\"},\"creator\":{\"@id\":\"https:\\\/\\\/www.eldigitaldeasturias.com\\\/noticias\\\/author\\\/admin\\\/#author\"},\"image\":{\"@type\":\"ImageObject\",\"url\":872935,\"@id\":\"https:\\\/\\\/www.eldigitaldeasturias.com\\\/noticias\\\/erdogan-pide-retomar-el-proceso-de-adhesion-de-turquia-a-la-ue\\\/#mainImage\"},\"primaryImageOfPage\":{\"@id\":\"https:\\\/\\\/www.eldigitaldeasturias.com\\\/noticias\\\/erdogan-pide-retomar-el-proceso-de-adhesion-de-turquia-a-la-ue\\\/#mainImage\"},\"datePublished\":\"2018-03-26T22:12:38+02:00\",\"dateModified\":\"2018-03-26T22:12:38+02:00\"},{\"@type\":\"WebSite\",\"@id\":\"https:\\\/\\\/www.eldigitaldeasturias.com\\\/noticias\\\/#website\",\"url\":\"https:\\\/\\\/www.eldigitaldeasturias.com\\\/noticias\\\/\",\"name\":\"El Digital de Asturias - Diario de actualidad y noticias\",\"alternateName\":\"El Digital de Asturias - Diario de actualidad y noticias\",\"description\":\"Hemeroteca\",\"inLanguage\":\"es-ES\",\"publisher\":{\"@id\":\"https:\\\/\\\/www.eldigitaldeasturias.com\\\/noticias\\\/#organization\"}}]}\n\t\t<\/script>\n\t\t<!-- All in One SEO Pro -->\r\n\t\t<title>Erdogan pide retomar el proceso de adhesi\u00f3n de Turqu\u00eda a la UE - El Digital de Asturias<\/title>\n\n","aioseo_head_json":{"title":"Erdogan pide retomar el proceso de adhesi\u00f3n de Turqu\u00eda a la UE - El Digital de Asturias","description":"Varna (Bulgaria), 26 mar (dpa) - El presidente turco, Recep Tayyip Erdogan, pidi\u00f3 hoy retomar el suspendido proceso adhesi\u00f3n de su pa\u00eds a la Uni\u00f3n Europea (UE), pese a las tensiones con el bloque. \"Hoy, una membres\u00eda a la UE es todav\u00eda un objetivo estrat\u00e9gico\", dijo Erdogan previo a la cumbre de UE-Turqu\u00eda que se","canonical_url":"https:\/\/www.eldigitaldeasturias.com\/noticias\/erdogan-pide-retomar-el-proceso-de-adhesion-de-turquia-a-la-ue\/","robots":"max-image-preview:large","keywords":"actualidad","webmasterTools":{"google-site-verification":"UA-38556648-1","msvalidate.01":"7dfe9f3f1b24437ab69f4f2559babe99","miscellaneous":""},"schema":{"@context":"https:\/\/schema.org","@graph":[{"@type":"BlogPosting","@id":"https:\/\/www.eldigitaldeasturias.com\/noticias\/erdogan-pide-retomar-el-proceso-de-adhesion-de-turquia-a-la-ue\/#blogposting","name":"Erdogan pide retomar el proceso de adhesi\u00f3n de Turqu\u00eda a la UE - El Digital de Asturias","headline":"Erdogan pide retomar el proceso de adhesi\u00f3n de Turqu\u00eda a la UE","author":{"@id":"https:\/\/www.eldigitaldeasturias.com\/noticias\/author\/admin\/#author"},"publisher":{"@id":"https:\/\/www.eldigitaldeasturias.com\/noticias\/#organization"},"image":{"@type":"ImageObject","url":872935},"datePublished":"2018-03-26T22:12:38+02:00","dateModified":"2018-03-26T22:12:38+02:00","inLanguage":"es-ES","mainEntityOfPage":{"@id":"https:\/\/www.eldigitaldeasturias.com\/noticias\/erdogan-pide-retomar-el-proceso-de-adhesion-de-turquia-a-la-ue\/#webpage"},"isPartOf":{"@id":"https:\/\/www.eldigitaldeasturias.com\/noticias\/erdogan-pide-retomar-el-proceso-de-adhesion-de-turquia-a-la-ue\/#webpage"},"articleSection":"Actualidad"},{"@type":"BreadcrumbList","@id":"https:\/\/www.eldigitaldeasturias.com\/noticias\/erdogan-pide-retomar-el-proceso-de-adhesion-de-turquia-a-la-ue\/#breadcrumblist","itemListElement":[{"@type":"ListItem","@id":"https:\/\/www.eldigitaldeasturias.com\/noticias#listItem","position":1,"name":"Home","item":"https:\/\/www.eldigitaldeasturias.com\/noticias","nextItem":{"@type":"ListItem","@id":"https:\/\/www.eldigitaldeasturias.com\/noticias\/category\/actualidad\/#listItem","name":"Actualidad"}},{"@type":"ListItem","@id":"https:\/\/www.eldigitaldeasturias.com\/noticias\/category\/actualidad\/#listItem","position":2,"name":"Actualidad","item":"https:\/\/www.eldigitaldeasturias.com\/noticias\/category\/actualidad\/","nextItem":{"@type":"ListItem","@id":"https:\/\/www.eldigitaldeasturias.com\/noticias\/erdogan-pide-retomar-el-proceso-de-adhesion-de-turquia-a-la-ue\/#listItem","name":"Erdogan pide retomar el proceso de adhesi\u00f3n de Turqu\u00eda a la UE"},"previousItem":{"@type":"ListItem","@id":"https:\/\/www.eldigitaldeasturias.com\/noticias#listItem","name":"Home"}},{"@type":"ListItem","@id":"https:\/\/www.eldigitaldeasturias.com\/noticias\/erdogan-pide-retomar-el-proceso-de-adhesion-de-turquia-a-la-ue\/#listItem","position":3,"name":"Erdogan pide retomar el proceso de adhesi\u00f3n de Turqu\u00eda a la UE","previousItem":{"@type":"ListItem","@id":"https:\/\/www.eldigitaldeasturias.com\/noticias\/category\/actualidad\/#listItem","name":"Actualidad"}}]},{"@type":"Organization","@id":"https:\/\/www.eldigitaldeasturias.com\/noticias\/#organization","name":"El Digital de Asturias","description":"Hemeroteca","url":"https:\/\/www.eldigitaldeasturias.com\/noticias\/","email":"info@eldigitaldeasturias.com","telephone":"+34652131393","logo":{"@type":"ImageObject","url":"https:\/\/www.eldigitaldeasturias.com\/noticias\/wp-content\/uploads\/2020\/12\/EDA.jpg","@id":"https:\/\/www.eldigitaldeasturias.com\/noticias\/erdogan-pide-retomar-el-proceso-de-adhesion-de-turquia-a-la-ue\/#organizationLogo"},"image":{"@id":"https:\/\/www.eldigitaldeasturias.com\/noticias\/erdogan-pide-retomar-el-proceso-de-adhesion-de-turquia-a-la-ue\/#organizationLogo"},"sameAs":["https:\/\/facebook.com\/eldigitaldeasturias","https:\/\/www.youtube.com\/channel\/UCZP-2wLEB9Rv6erhFmqVnvg"],"address":{"@id":"https:\/\/www.eldigitaldeasturias.com\/noticias\/#postaladdress","@type":"PostalAddress","streetAddress":"san antonio 4","postalCode":"33430","addressLocality":"Cand\u00e1s","addressRegion":"Asturias","addressCountry":"ES"}},{"@type":"Person","@id":"https:\/\/www.eldigitaldeasturias.com\/noticias\/author\/admin\/#author","url":"https:\/\/www.eldigitaldeasturias.com\/noticias\/author\/admin\/","name":"El Digital de Asturias","image":{"@type":"ImageObject","@id":"https:\/\/www.eldigitaldeasturias.com\/noticias\/erdogan-pide-retomar-el-proceso-de-adhesion-de-turquia-a-la-ue\/#authorImage","url":"https:\/\/secure.gravatar.com\/avatar\/df2aeffc32bcd13f8d26072ef8a91b623d677766deac7f97ca815868cd41bf5e?s=96&d=mm&r=g","width":96,"height":96,"caption":"El Digital de Asturias"}},{"@type":"WebPage","@id":"https:\/\/www.eldigitaldeasturias.com\/noticias\/erdogan-pide-retomar-el-proceso-de-adhesion-de-turquia-a-la-ue\/#webpage","url":"https:\/\/www.eldigitaldeasturias.com\/noticias\/erdogan-pide-retomar-el-proceso-de-adhesion-de-turquia-a-la-ue\/","name":"Erdogan pide retomar el proceso de adhesi\u00f3n de Turqu\u00eda a la UE - El Digital de Asturias","description":"Varna (Bulgaria), 26 mar (dpa) - El presidente turco, Recep Tayyip Erdogan, pidi\u00f3 hoy retomar el suspendido proceso adhesi\u00f3n de su pa\u00eds a la Uni\u00f3n Europea (UE), pese a las tensiones con el bloque. \"Hoy, una membres\u00eda a la UE es todav\u00eda un objetivo estrat\u00e9gico\", dijo Erdogan previo a la cumbre de UE-Turqu\u00eda que se","inLanguage":"es-ES","isPartOf":{"@id":"https:\/\/www.eldigitaldeasturias.com\/noticias\/#website"},"breadcrumb":{"@id":"https:\/\/www.eldigitaldeasturias.com\/noticias\/erdogan-pide-retomar-el-proceso-de-adhesion-de-turquia-a-la-ue\/#breadcrumblist"},"author":{"@id":"https:\/\/www.eldigitaldeasturias.com\/noticias\/author\/admin\/#author"},"creator":{"@id":"https:\/\/www.eldigitaldeasturias.com\/noticias\/author\/admin\/#author"},"image":{"@type":"ImageObject","url":872935,"@id":"https:\/\/www.eldigitaldeasturias.com\/noticias\/erdogan-pide-retomar-el-proceso-de-adhesion-de-turquia-a-la-ue\/#mainImage"},"primaryImageOfPage":{"@id":"https:\/\/www.eldigitaldeasturias.com\/noticias\/erdogan-pide-retomar-el-proceso-de-adhesion-de-turquia-a-la-ue\/#mainImage"},"datePublished":"2018-03-26T22:12:38+02:00","dateModified":"2018-03-26T22:12:38+02:00"},{"@type":"WebSite","@id":"https:\/\/www.eldigitaldeasturias.com\/noticias\/#website","url":"https:\/\/www.eldigitaldeasturias.com\/noticias\/","name":"El Digital de Asturias - Diario de actualidad y noticias","alternateName":"El Digital de Asturias - Diario de actualidad y noticias","description":"Hemeroteca","inLanguage":"es-ES","publisher":{"@id":"https:\/\/www.eldigitaldeasturias.com\/noticias\/#organization"}}]},"og:locale":"es_ES","og:site_name":"El Digital de Asturias","og:type":"article","og:title":"Erdogan pide retomar el proceso de adhesi\u00f3n de Turqu\u00eda a la UE - El Digital de Asturias","og:description":"Varna (Bulgaria), 26 mar (dpa) - El presidente turco, Recep Tayyip Erdogan, pidi\u00f3 hoy retomar el suspendido proceso adhesi\u00f3n de su pa\u00eds a la Uni\u00f3n Europea (UE), pese a las tensiones con el bloque. &quot;Hoy, una membres\u00eda a la UE es todav\u00eda un objetivo estrat\u00e9gico&quot;, dijo Erdogan previo a la cumbre de UE-Turqu\u00eda que se","og:url":"https:\/\/www.eldigitaldeasturias.com\/noticias\/erdogan-pide-retomar-el-proceso-de-adhesion-de-turquia-a-la-ue\/","article:tag":["actualidad"],"article:published_time":"2018-03-26T22:12:38+00:00","article:modified_time":"2018-03-26T22:12:38+00:00","article:publisher":"https:\/\/facebook.com\/eldigitaldeasturias","twitter:card":"summary_large_image","twitter:title":"Erdogan pide retomar el proceso de adhesi\u00f3n de Turqu\u00eda a la UE - El Digital de Asturias","twitter:description":"Varna (Bulgaria), 26 mar (dpa) - El presidente turco, Recep Tayyip Erdogan, pidi\u00f3 hoy retomar el suspendido proceso adhesi\u00f3n de su pa\u00eds a la Uni\u00f3n Europea (UE), pese a las tensiones con el bloque. &quot;Hoy, una membres\u00eda a la UE es todav\u00eda un objetivo estrat\u00e9gico&quot;, dijo Erdogan previo a la cumbre de UE-Turqu\u00eda que se","twitter:image":"https:\/\/www.eldigitaldeasturias.com\/noticias\/wp-content\/uploads\/2020\/12\/EDA-1.jpg","twitter:label1":"Escrito por","twitter:data1":"El Digital de Asturias","twitter:label2":"Tiempo de lectura estimado","twitter:data2":"2 minutos"},"aioseo_meta_data":{"post_id":"973631","title":null,"description":null,"keywords":null,"keyphrases":null,"primary_term":null,"canonical_url":null,"og_title":null,"og_description":null,"og_object_type":"default","og_image_type":"default","og_image_url":null,"og_image_width":null,"og_image_height":null,"og_image_custom_url":null,"og_image_custom_fields":null,"og_video":null,"og_custom_url":null,"og_article_section":null,"og_article_tags":null,"twitter_use_og":false,"twitter_card":"default","twitter_image_type":"default","twitter_image_url":null,"twitter_image_custom_url":null,"twitter_image_custom_fields":null,"twitter_title":null,"twitter_description":null,"schema":{"blockGraphs":[],"customGraphs":[],"default":{"data":{"Article":[],"Course":[],"Dataset":[],"FAQPage":[],"Movie":[],"Person":[],"Product":[],"ProductReview":[],"Car":[],"Recipe":[],"Service":[],"SoftwareApplication":[],"WebPage":[]},"graphName":"","isEnabled":true},"graphs":[]},"schema_type":null,"schema_type_options":null,"pillar_content":false,"robots_default":true,"robots_noindex":false,"robots_noarchive":false,"robots_nosnippet":false,"robots_nofollow":false,"robots_noimageindex":false,"robots_noodp":false,"robots_notranslate":false,"robots_max_snippet":null,"robots_max_videopreview":null,"robots_max_imagepreview":"large","priority":null,"frequency":null,"local_seo":null,"seo_analyzer_scan_date":"2025-10-07 17:16:18","breadcrumb_settings":null,"limit_modified_date":false,"open_ai":null,"ai":null,"created":"2020-12-21 12:15:37","updated":"2025-10-07 17:16:18","focus_keyword":null,"additional_keywords":null,"truseo_locale":null},"aioseo_breadcrumb":"<div class=\"aioseo-breadcrumbs\"><span class=\"aioseo-breadcrumb\">\n\t<a href=\"https:\/\/www.eldigitaldeasturias.com\/noticias\" title=\"Home\">Home<\/a>\n<\/span><span class=\"aioseo-breadcrumb-separator\">\u2013<\/span><span class=\"aioseo-breadcrumb\">\n\t<a href=\"https:\/\/www.eldigitaldeasturias.com\/noticias\/category\/actualidad\/\" title=\"Actualidad\">Actualidad<\/a>\n<\/span><span class=\"aioseo-breadcrumb-separator\">\u2013<\/span><span class=\"aioseo-breadcrumb\">\n\t<a href=\"https:\/\/www.eldigitaldeasturias.com\/noticias\/erdogan-pide-retomar-el-proceso-de-adhesion-de-turquia-a-la-ue\/\" title=\"Erdogan pide retomar el proceso de adhesi\u00f3n de Turqu\u00eda a la UE\">Erdogan pide retomar el proceso de adhesi\u00f3n de Turqu\u00eda a la UE<\/a>\n<\/span><\/div>","aioseo_breadcrumb_json":[{"label":"Home","link":"https:\/\/www.eldigitaldeasturias.com\/noticias"},{"label":"Actualidad","link":"https:\/\/www.eldigitaldeasturias.com\/noticias\/category\/actualidad\/"},{"label":"Erdogan pide retomar el proceso de adhesi\u00f3n de Turqu\u00eda a la UE","link":"https:\/\/www.eldigitaldeasturias.com\/noticias\/erdogan-pide-retomar-el-proceso-de-adhesion-de-turquia-a-la-ue\/"}],"_links":{"self":[{"href":"https:\/\/www.eldigitaldeasturias.com\/noticias\/wp-json\/wp\/v2\/posts\/973631","targetHints":{"allow":["GET"]}}],"collection":[{"href":"https:\/\/www.eldigitaldeasturias.com\/noticias\/wp-json\/wp\/v2\/posts"}],"about":[{"href":"https:\/\/www.eldigitaldeasturias.com\/noticias\/wp-json\/wp\/v2\/types\/post"}],"author":[{"embeddable":true,"href":"https:\/\/www.eldigitaldeasturias.com\/noticias\/wp-json\/wp\/v2\/users\/1"}],"replies":[{"embeddable":true,"href":"https:\/\/www.eldigitaldeasturias.com\/noticias\/wp-json\/wp\/v2\/comments?post=973631"}],"version-history":[{"count":0,"href":"https:\/\/www.eldigitaldeasturias.com\/noticias\/wp-json\/wp\/v2\/posts\/973631\/revisions"}],"wp:attachment":[{"href":"https:\/\/www.eldigitaldeasturias.com\/noticias\/wp-json\/wp\/v2\/media?parent=973631"}],"wp:term":[{"taxonomy":"category","embeddable":true,"href":"https:\/\/www.eldigitaldeasturias.com\/noticias\/wp-json\/wp\/v2\/categories?post=973631"},{"taxonomy":"post_tag","embeddable":true,"href":"https:\/\/www.eldigitaldeasturias.com\/noticias\/wp-json\/wp\/v2\/tags?post=973631"}],"curies":[{"name":"wp","href":"https:\/\/api.w.org\/{rel}","templated":true}]}}