{"id":973625,"date":"2018-03-26T22:06:54","date_gmt":"2018-03-26T22:06:54","guid":{"rendered":"http:\/\/www.eldigitaldeasturias.com\/noticias\/?p=973625"},"modified":"2018-03-26T22:06:54","modified_gmt":"2018-03-26T22:06:54","slug":"barcelona-amanece-tomada-por-el-seny-tras-un-domingo-de-rauxa","status":"publish","type":"post","link":"https:\/\/www.eldigitaldeasturias.com\/noticias\/barcelona-amanece-tomada-por-el-seny-tras-un-domingo-de-rauxa\/","title":{"rendered":"Barcelona amanece tomada por el &#8216;seny&#8217; tras un domingo de &#8216;rauxa&#8217;"},"content":{"rendered":"<p><img loading=\"lazy\" decoding=\"async\" class=\"alignleft size-medium wp-image-973562\" src=\"https:\/\/www.eldigitaldeasturias.com\/noticias\/wp-content\/uploads\/2018\/03\/marcha1-360x240.jpg\" alt=\"\" width=\"360\" height=\"240\" \/>Barcelona, 26 mar (dpa) &#8211; Barcelona amaneci\u00f3 hoy como cualquier lunes de Semana Santa: trabajando a medio gas, con muchos ni\u00f1os en las calles y sin apenas rastro de las concurridas manifestaciones que el domingo recorrieron algunas de sus principales arterias para protestar por la detenci\u00f3n en Alemania del ex presidente catal\u00e1n Carles Puigdemont.<\/p>\n<p>Los contenedores quemados en la noche del domingo por algunos grup\u00fasculos hab\u00edan desaparecido sin dejar huella. Las patrullas policiales hab\u00edan vuelto al n\u00famero habitual. Y el helic\u00f3ptero de la Polic\u00eda ya no sobrevolaba el c\u00e9ntrico Paseo de Gracia, donde los miles de manifestantes del domingo hab\u00edan dado paso a trabajadores en plena faena y turistas \u00e1vidos de retratarse junto a La Pedrera.<\/p>\n<p>Lo hac\u00edan ajenos a la delicada situaci\u00f3n pol\u00edtica de la regi\u00f3n situada al noreste de Espa\u00f1a y bajo la mirada de una patrulla armada de los Mossos d&#8217;Esquadra, la polic\u00eda catalana.<\/p>\n<p>\u00abEsta calma no quiere decir que por debajo no se mueva toda una marea\u00bb, dijo a dpa Jordi Vilalta, un taxista de 51 a\u00f1os.<\/p>\n<p>\u00abLo que pas\u00f3 ayer y todos estos meses pas\u00f3, queda en la conciencia y no lo olvidaremos. Seguiremos luchando, pero hoy a nosotros nos toca trabajar en lo nuestro y a los dirigentes, en lo suyo\u00bb, a\u00f1adi\u00f3, junto a la Delegaci\u00f3n del Gobierno espa\u00f1ol en Barcelona.<\/p>\n<p>\u00abLo de ayer fue \u00abla rauxa\u00bb (el arrebato), lo de hoy es el \u00abseny\u00bb (la sensatez, el sentido com\u00fan)\u00bb, ilustr\u00f3 este taxista, aludiendo a las dos caracter\u00edsticas que tradicionalmente definen al pueblo catal\u00e1n.<\/p>\n<p>Cierto arrebato y, sobre todo, \u00abindignaci\u00f3n\u00bb es lo que sent\u00eda a\u00fan hoy Borja Ballb\u00e9, un fot\u00f3grafo de 33 a\u00f1os, que decidi\u00f3 plantarse ante la Delegaci\u00f3n del Gobierno espa\u00f1ol en Barcelona con una pancarta que ped\u00eda la \u00ablibertad de los presos pol\u00edticos\u00bb.<\/p>\n<p>\u00abComo estoy indignado y necesito hacer algo, vengo un rato aqu\u00ed y protesto, a ver si (Enric) Millo (el representante del Gobierno espa\u00f1ol en Catalu\u00f1a) me ve y tiene algo que decirme\u00bb, dijo a dpa Ballb\u00e9.<\/p>\n<p>En el mediod\u00eda barcelon\u00e9s, era el \u00fanico que segu\u00eda protestando frente al edificio que el domingo proteg\u00eda de los manifestantes una muralla de Mossos d&#8217;Esquadra con sus furgonetas y que hoy aparec\u00eda a\u00fan totalmente vallado, pero apenas custodiado por una patrulla de la Polic\u00eda Nacional.<\/p>\n<p>En las calles aleda\u00f1as, multitud de lazos amarillos adornaban la calzada, junto a un par de lemas: \u00abllibertat\u00bb (libertad) y \u00abfreedom for Catalonia\u00bb (libertad para Catalu\u00f1a).<\/p>\n<p>\u00abYo no conf\u00edo en la Justicia espa\u00f1ola, aqu\u00ed no hay separaci\u00f3n de poderes; pero s\u00ed conf\u00edo en la alemana\u00bb, afirma este fot\u00f3grafo, con la esperanza de que Alemania no extradite a Puigdemont, despu\u00e9s de haberlo detenido el domingo mientras circulaba por su territorio, en virtud de una orden europea de detenci\u00f3n emitida por Espa\u00f1a.<\/p>\n<p>\u00abLa mejor noticia para nosotros ser\u00eda que lo juzgaran en Alemania porque, aunque sabemos que los lazos entre los respectivos Gobiernos son estrechos, creemos que la Justicia alemana no tiene nada que ver con esa relaci\u00f3n\u00bb, a\u00f1adi\u00f3 Vilalta, en alusi\u00f3n al buen entendimiento entre el Ejecutivo presidido por Angela Merkel y el encabezado en Espa\u00f1a por Mariano Rajoy.<\/p>\n<p>\u00abConfiamos plenamente en la Justicia alemana y en que no se arrugue y no ejecute la extradici\u00f3n\u00bb, a\u00f1adi\u00f3 el taxista catal\u00e1n. \u00abSi Alemania se comporta como B\u00e9lgica, ser\u00e1 muy favorable para nosotros\u00bb.<\/p>\n<p>Frente al Consulado alem\u00e1n en Barcelona, mientras, la calma y la normalidad eran absolutas.<\/p>\n<p>\u00abDesde las siete y media de la ma\u00f1ana que yo estoy aqu\u00ed, no he visto que nadie se haya acercado por aqu\u00ed con ninguna pancarta o para protestar\u00bb, asegur\u00f3 a dpa el conserje del edificio que atiende espec\u00edficamente a quienes visitan el Consulado germano.<\/p>\n<p>El domingo, miles de personas marcharon hasta all\u00ed para pedir a Alemania que trate con justicia a Puigdemont y no acceda a los pedidos del Estado espa\u00f1ol.<\/p>\n<p>\u00abYo tampoco he visto nada hoy aqu\u00ed; hay absoluta normalidad, aunque algunos colegas del trabajo que son independentistas, y estaban tristes y cabreados, dec\u00edan que deber\u00eda haber m\u00e1s manifestaciones, que esto est\u00e1 demasiado tranquilo\u00bb, agreg\u00f3 Carlos, un dise\u00f1ador brasile\u00f1o de 38 a\u00f1os, que trabaja en el mismo edificio que acoge el Consulado de Alemania.<\/p>\n<p>\u00abUn compa\u00f1ero m\u00edo que es alem\u00e1n lament\u00f3 que a Puigdemont lo detuvieran en Alemania; cree que ser\u00e1 un problema para su pa\u00eds. Yo no sigo mucho la cuesti\u00f3n, un poco por los diarios, pero ayer y hoy, cuando sal\u00ed por la ciudad, tampoco vi nada fuera de lo normal\u00bb, continu\u00f3 este hombre afincado en Barcelona desde hace seis a\u00f1os.<\/p>\n<p>\u00abSe vienen las vacaciones de Semana Santa y &#8230;\u00bb, concluy\u00f3 con una sonrisa ir\u00f3nica, mientras un par de periodistas de un canal germano se situaban frente al escudo alem\u00e1n para hacer su cr\u00f3nica.<\/p>\n<p>Por Noelia Rom\u00e1n (dpa)<\/p>\n","protected":false},"excerpt":{"rendered":"<p>Barcelona, 26 mar (dpa) &#8211; Barcelona amaneci\u00f3 hoy como cualquier lunes de Semana Santa: trabajando a medio gas, con muchos ni\u00f1os en las calles y sin apenas rastro de las concurridas manifestaciones que el domingo recorrieron algunas de sus principales arterias para protestar por la detenci\u00f3n en Alemania del ex presidente catal\u00e1n Carles Puigdemont. Los [&hellip;]<\/p>\n","protected":false},"author":1,"featured_media":973562,"comment_status":"closed","ping_status":"closed","sticky":false,"template":"","format":"standard","meta":{"footnotes":""},"categories":[1],"tags":[],"class_list":["post-973625","post","type-post","status-publish","format-standard","has-post-thumbnail","hentry","category-actualidad"],"aioseo_notices":[],"aioseo_head":"\n\t\t<!-- All in One SEO Pro 5.0.1 - aioseo.com -->\n\t<meta name=\"description\" content=\"Barcelona, 26 mar (dpa) - Barcelona amaneci\u00f3 hoy como cualquier lunes de Semana Santa: trabajando a medio gas, con muchos ni\u00f1os en las calles y sin apenas rastro de las concurridas manifestaciones que el domingo recorrieron algunas de sus principales arterias para protestar por la detenci\u00f3n en Alemania del ex presidente catal\u00e1n Carles Puigdemont. Los\" \/>\n\t<meta name=\"robots\" content=\"max-image-preview:large\" \/>\n\t<meta name=\"author\" content=\"El Digital de Asturias\"\/>\n\t<meta name=\"google-site-verification\" content=\"UA-38556648-1\" \/>\n\t<meta name=\"msvalidate.01\" content=\"7dfe9f3f1b24437ab69f4f2559babe99\" \/>\n\t<meta name=\"keywords\" content=\"actualidad\" \/>\n\t<link rel=\"canonical\" href=\"https:\/\/www.eldigitaldeasturias.com\/noticias\/barcelona-amanece-tomada-por-el-seny-tras-un-domingo-de-rauxa\/\" \/>\n\t<meta name=\"generator\" content=\"All in One SEO Pro (AIOSEO) 5.0.1\" \/>\n\t\t<meta property=\"og:locale\" content=\"es_ES\" \/>\n\t\t<meta property=\"og:site_name\" content=\"El Digital de Asturias\" \/>\n\t\t<meta property=\"og:type\" content=\"article\" \/>\n\t\t<meta property=\"og:title\" content=\"Barcelona amanece tomada por el \u2018seny\u2019 tras un domingo de \u2018rauxa\u2019 - El Digital de Asturias\" \/>\n\t\t<meta property=\"og:description\" content=\"Barcelona, 26 mar (dpa) - Barcelona amaneci\u00f3 hoy como cualquier lunes de Semana Santa: trabajando a medio gas, con muchos ni\u00f1os en las calles y sin apenas rastro de las concurridas manifestaciones que el domingo recorrieron algunas de sus principales arterias para protestar por la detenci\u00f3n en Alemania del ex presidente catal\u00e1n Carles Puigdemont. Los\" \/>\n\t\t<meta property=\"og:url\" content=\"https:\/\/www.eldigitaldeasturias.com\/noticias\/barcelona-amanece-tomada-por-el-seny-tras-un-domingo-de-rauxa\/\" \/>\n\t\t<meta property=\"article:tag\" content=\"actualidad\" \/>\n\t\t<meta property=\"article:published_time\" content=\"2018-03-26T22:06:54+00:00\" \/>\n\t\t<meta property=\"article:modified_time\" content=\"2018-03-26T22:06:54+00:00\" \/>\n\t\t<meta property=\"article:publisher\" content=\"https:\/\/facebook.com\/eldigitaldeasturias\" \/>\n\t\t<meta name=\"twitter:card\" content=\"summary_large_image\" \/>\n\t\t<meta name=\"twitter:title\" content=\"Barcelona amanece tomada por el \u2018seny\u2019 tras un domingo de \u2018rauxa\u2019 - El Digital de Asturias\" \/>\n\t\t<meta name=\"twitter:description\" content=\"Barcelona, 26 mar (dpa) - Barcelona amaneci\u00f3 hoy como cualquier lunes de Semana Santa: trabajando a medio gas, con muchos ni\u00f1os en las calles y sin apenas rastro de las concurridas manifestaciones que el domingo recorrieron algunas de sus principales arterias para protestar por la detenci\u00f3n en Alemania del ex presidente catal\u00e1n Carles Puigdemont. Los\" \/>\n\t\t<meta name=\"twitter:image\" content=\"https:\/\/www.eldigitaldeasturias.com\/noticias\/wp-content\/uploads\/2020\/12\/EDA-1.jpg\" \/>\n\t\t<meta name=\"twitter:label1\" content=\"Escrito por\" \/>\n\t\t<meta name=\"twitter:data1\" content=\"El Digital de Asturias\" \/>\n\t\t<meta name=\"twitter:label2\" content=\"Tiempo de lectura estimado\" \/>\n\t\t<meta name=\"twitter:data2\" content=\"4 minutos\" \/>\n\t\t<script type=\"application\/ld+json\" class=\"aioseo-schema\">\n\t\t\t{\"@context\":\"https:\\\/\\\/schema.org\",\"@graph\":[{\"@type\":\"BlogPosting\",\"@id\":\"https:\\\/\\\/www.eldigitaldeasturias.com\\\/noticias\\\/barcelona-amanece-tomada-por-el-seny-tras-un-domingo-de-rauxa\\\/#blogposting\",\"name\":\"Barcelona amanece tomada por el \\u2018seny\\u2019 tras un domingo de \\u2018rauxa\\u2019 - El Digital de Asturias\",\"headline\":\"Barcelona amanece tomada por el &#8216;seny&#8217; tras un domingo de &#8216;rauxa&#8217;\",\"author\":{\"@id\":\"https:\\\/\\\/www.eldigitaldeasturias.com\\\/noticias\\\/author\\\/admin\\\/#author\"},\"publisher\":{\"@id\":\"https:\\\/\\\/www.eldigitaldeasturias.com\\\/noticias\\\/#organization\"},\"image\":{\"@type\":\"ImageObject\",\"url\":973562},\"datePublished\":\"2018-03-26T22:06:54+02:00\",\"dateModified\":\"2018-03-26T22:06:54+02:00\",\"inLanguage\":\"es-ES\",\"mainEntityOfPage\":{\"@id\":\"https:\\\/\\\/www.eldigitaldeasturias.com\\\/noticias\\\/barcelona-amanece-tomada-por-el-seny-tras-un-domingo-de-rauxa\\\/#webpage\"},\"isPartOf\":{\"@id\":\"https:\\\/\\\/www.eldigitaldeasturias.com\\\/noticias\\\/barcelona-amanece-tomada-por-el-seny-tras-un-domingo-de-rauxa\\\/#webpage\"},\"articleSection\":\"Actualidad\"},{\"@type\":\"BreadcrumbList\",\"@id\":\"https:\\\/\\\/www.eldigitaldeasturias.com\\\/noticias\\\/barcelona-amanece-tomada-por-el-seny-tras-un-domingo-de-rauxa\\\/#breadcrumblist\",\"itemListElement\":[{\"@type\":\"ListItem\",\"@id\":\"https:\\\/\\\/www.eldigitaldeasturias.com\\\/noticias#listItem\",\"position\":1,\"name\":\"Home\",\"item\":\"https:\\\/\\\/www.eldigitaldeasturias.com\\\/noticias\",\"nextItem\":{\"@type\":\"ListItem\",\"@id\":\"https:\\\/\\\/www.eldigitaldeasturias.com\\\/noticias\\\/category\\\/actualidad\\\/#listItem\",\"name\":\"Actualidad\"}},{\"@type\":\"ListItem\",\"@id\":\"https:\\\/\\\/www.eldigitaldeasturias.com\\\/noticias\\\/category\\\/actualidad\\\/#listItem\",\"position\":2,\"name\":\"Actualidad\",\"item\":\"https:\\\/\\\/www.eldigitaldeasturias.com\\\/noticias\\\/category\\\/actualidad\\\/\",\"nextItem\":{\"@type\":\"ListItem\",\"@id\":\"https:\\\/\\\/www.eldigitaldeasturias.com\\\/noticias\\\/barcelona-amanece-tomada-por-el-seny-tras-un-domingo-de-rauxa\\\/#listItem\",\"name\":\"Barcelona amanece tomada por el &#8216;seny&#8217; tras un domingo de &#8216;rauxa&#8217;\"},\"previousItem\":{\"@type\":\"ListItem\",\"@id\":\"https:\\\/\\\/www.eldigitaldeasturias.com\\\/noticias#listItem\",\"name\":\"Home\"}},{\"@type\":\"ListItem\",\"@id\":\"https:\\\/\\\/www.eldigitaldeasturias.com\\\/noticias\\\/barcelona-amanece-tomada-por-el-seny-tras-un-domingo-de-rauxa\\\/#listItem\",\"position\":3,\"name\":\"Barcelona amanece tomada por el &#8216;seny&#8217; tras un domingo de &#8216;rauxa&#8217;\",\"previousItem\":{\"@type\":\"ListItem\",\"@id\":\"https:\\\/\\\/www.eldigitaldeasturias.com\\\/noticias\\\/category\\\/actualidad\\\/#listItem\",\"name\":\"Actualidad\"}}]},{\"@type\":\"Organization\",\"@id\":\"https:\\\/\\\/www.eldigitaldeasturias.com\\\/noticias\\\/#organization\",\"name\":\"El Digital de Asturias\",\"description\":\"Hemeroteca\",\"url\":\"https:\\\/\\\/www.eldigitaldeasturias.com\\\/noticias\\\/\",\"email\":\"info@eldigitaldeasturias.com\",\"telephone\":\"+34652131393\",\"logo\":{\"@type\":\"ImageObject\",\"url\":\"https:\\\/\\\/www.eldigitaldeasturias.com\\\/noticias\\\/wp-content\\\/uploads\\\/2020\\\/12\\\/EDA.jpg\",\"@id\":\"https:\\\/\\\/www.eldigitaldeasturias.com\\\/noticias\\\/barcelona-amanece-tomada-por-el-seny-tras-un-domingo-de-rauxa\\\/#organizationLogo\"},\"image\":{\"@id\":\"https:\\\/\\\/www.eldigitaldeasturias.com\\\/noticias\\\/barcelona-amanece-tomada-por-el-seny-tras-un-domingo-de-rauxa\\\/#organizationLogo\"},\"sameAs\":[\"https:\\\/\\\/facebook.com\\\/eldigitaldeasturias\",\"https:\\\/\\\/www.youtube.com\\\/channel\\\/UCZP-2wLEB9Rv6erhFmqVnvg\"],\"address\":{\"@id\":\"https:\\\/\\\/www.eldigitaldeasturias.com\\\/noticias\\\/#postaladdress\",\"@type\":\"PostalAddress\",\"streetAddress\":\"san antonio 4\",\"postalCode\":\"33430\",\"addressLocality\":\"Cand\\u00e1s\",\"addressRegion\":\"Asturias\",\"addressCountry\":\"ES\"}},{\"@type\":\"Person\",\"@id\":\"https:\\\/\\\/www.eldigitaldeasturias.com\\\/noticias\\\/author\\\/admin\\\/#author\",\"url\":\"https:\\\/\\\/www.eldigitaldeasturias.com\\\/noticias\\\/author\\\/admin\\\/\",\"name\":\"El Digital de Asturias\",\"image\":{\"@type\":\"ImageObject\",\"@id\":\"https:\\\/\\\/www.eldigitaldeasturias.com\\\/noticias\\\/barcelona-amanece-tomada-por-el-seny-tras-un-domingo-de-rauxa\\\/#authorImage\",\"url\":\"https:\\\/\\\/secure.gravatar.com\\\/avatar\\\/df2aeffc32bcd13f8d26072ef8a91b623d677766deac7f97ca815868cd41bf5e?s=96&d=mm&r=g\",\"width\":96,\"height\":96,\"caption\":\"El Digital de Asturias\"}},{\"@type\":\"WebPage\",\"@id\":\"https:\\\/\\\/www.eldigitaldeasturias.com\\\/noticias\\\/barcelona-amanece-tomada-por-el-seny-tras-un-domingo-de-rauxa\\\/#webpage\",\"url\":\"https:\\\/\\\/www.eldigitaldeasturias.com\\\/noticias\\\/barcelona-amanece-tomada-por-el-seny-tras-un-domingo-de-rauxa\\\/\",\"name\":\"Barcelona amanece tomada por el \\u2018seny\\u2019 tras un domingo de \\u2018rauxa\\u2019 - El Digital de Asturias\",\"description\":\"Barcelona, 26 mar (dpa) - Barcelona amaneci\\u00f3 hoy como cualquier lunes de Semana Santa: trabajando a medio gas, con muchos ni\\u00f1os en las calles y sin apenas rastro de las concurridas manifestaciones que el domingo recorrieron algunas de sus principales arterias para protestar por la detenci\\u00f3n en Alemania del ex presidente catal\\u00e1n Carles Puigdemont. Los\",\"inLanguage\":\"es-ES\",\"isPartOf\":{\"@id\":\"https:\\\/\\\/www.eldigitaldeasturias.com\\\/noticias\\\/#website\"},\"breadcrumb\":{\"@id\":\"https:\\\/\\\/www.eldigitaldeasturias.com\\\/noticias\\\/barcelona-amanece-tomada-por-el-seny-tras-un-domingo-de-rauxa\\\/#breadcrumblist\"},\"author\":{\"@id\":\"https:\\\/\\\/www.eldigitaldeasturias.com\\\/noticias\\\/author\\\/admin\\\/#author\"},\"creator\":{\"@id\":\"https:\\\/\\\/www.eldigitaldeasturias.com\\\/noticias\\\/author\\\/admin\\\/#author\"},\"image\":{\"@type\":\"ImageObject\",\"url\":973562,\"@id\":\"https:\\\/\\\/www.eldigitaldeasturias.com\\\/noticias\\\/barcelona-amanece-tomada-por-el-seny-tras-un-domingo-de-rauxa\\\/#mainImage\"},\"primaryImageOfPage\":{\"@id\":\"https:\\\/\\\/www.eldigitaldeasturias.com\\\/noticias\\\/barcelona-amanece-tomada-por-el-seny-tras-un-domingo-de-rauxa\\\/#mainImage\"},\"datePublished\":\"2018-03-26T22:06:54+02:00\",\"dateModified\":\"2018-03-26T22:06:54+02:00\"},{\"@type\":\"WebSite\",\"@id\":\"https:\\\/\\\/www.eldigitaldeasturias.com\\\/noticias\\\/#website\",\"url\":\"https:\\\/\\\/www.eldigitaldeasturias.com\\\/noticias\\\/\",\"name\":\"El Digital de Asturias - Diario de actualidad y noticias\",\"alternateName\":\"El Digital de Asturias - Diario de actualidad y noticias\",\"description\":\"Hemeroteca\",\"inLanguage\":\"es-ES\",\"publisher\":{\"@id\":\"https:\\\/\\\/www.eldigitaldeasturias.com\\\/noticias\\\/#organization\"}}]}\n\t\t<\/script>\n\t\t<!-- All in One SEO Pro -->\r\n\t\t<title>Barcelona amanece tomada por el \u2018seny\u2019 tras un domingo de \u2018rauxa\u2019 - El Digital de Asturias<\/title>\n\n","aioseo_head_json":{"title":"Barcelona amanece tomada por el \u2018seny\u2019 tras un domingo de \u2018rauxa\u2019 - El Digital de Asturias","description":"Barcelona, 26 mar (dpa) - Barcelona amaneci\u00f3 hoy como cualquier lunes de Semana Santa: trabajando a medio gas, con muchos ni\u00f1os en las calles y sin apenas rastro de las concurridas manifestaciones que el domingo recorrieron algunas de sus principales arterias para protestar por la detenci\u00f3n en Alemania del ex presidente catal\u00e1n Carles Puigdemont. Los","canonical_url":"https:\/\/www.eldigitaldeasturias.com\/noticias\/barcelona-amanece-tomada-por-el-seny-tras-un-domingo-de-rauxa\/","robots":"max-image-preview:large","keywords":"actualidad","webmasterTools":{"google-site-verification":"UA-38556648-1","msvalidate.01":"7dfe9f3f1b24437ab69f4f2559babe99","miscellaneous":""},"schema":{"@context":"https:\/\/schema.org","@graph":[{"@type":"BlogPosting","@id":"https:\/\/www.eldigitaldeasturias.com\/noticias\/barcelona-amanece-tomada-por-el-seny-tras-un-domingo-de-rauxa\/#blogposting","name":"Barcelona amanece tomada por el \u2018seny\u2019 tras un domingo de \u2018rauxa\u2019 - El Digital de Asturias","headline":"Barcelona amanece tomada por el &#8216;seny&#8217; tras un domingo de &#8216;rauxa&#8217;","author":{"@id":"https:\/\/www.eldigitaldeasturias.com\/noticias\/author\/admin\/#author"},"publisher":{"@id":"https:\/\/www.eldigitaldeasturias.com\/noticias\/#organization"},"image":{"@type":"ImageObject","url":973562},"datePublished":"2018-03-26T22:06:54+02:00","dateModified":"2018-03-26T22:06:54+02:00","inLanguage":"es-ES","mainEntityOfPage":{"@id":"https:\/\/www.eldigitaldeasturias.com\/noticias\/barcelona-amanece-tomada-por-el-seny-tras-un-domingo-de-rauxa\/#webpage"},"isPartOf":{"@id":"https:\/\/www.eldigitaldeasturias.com\/noticias\/barcelona-amanece-tomada-por-el-seny-tras-un-domingo-de-rauxa\/#webpage"},"articleSection":"Actualidad"},{"@type":"BreadcrumbList","@id":"https:\/\/www.eldigitaldeasturias.com\/noticias\/barcelona-amanece-tomada-por-el-seny-tras-un-domingo-de-rauxa\/#breadcrumblist","itemListElement":[{"@type":"ListItem","@id":"https:\/\/www.eldigitaldeasturias.com\/noticias#listItem","position":1,"name":"Home","item":"https:\/\/www.eldigitaldeasturias.com\/noticias","nextItem":{"@type":"ListItem","@id":"https:\/\/www.eldigitaldeasturias.com\/noticias\/category\/actualidad\/#listItem","name":"Actualidad"}},{"@type":"ListItem","@id":"https:\/\/www.eldigitaldeasturias.com\/noticias\/category\/actualidad\/#listItem","position":2,"name":"Actualidad","item":"https:\/\/www.eldigitaldeasturias.com\/noticias\/category\/actualidad\/","nextItem":{"@type":"ListItem","@id":"https:\/\/www.eldigitaldeasturias.com\/noticias\/barcelona-amanece-tomada-por-el-seny-tras-un-domingo-de-rauxa\/#listItem","name":"Barcelona amanece tomada por el &#8216;seny&#8217; tras un domingo de &#8216;rauxa&#8217;"},"previousItem":{"@type":"ListItem","@id":"https:\/\/www.eldigitaldeasturias.com\/noticias#listItem","name":"Home"}},{"@type":"ListItem","@id":"https:\/\/www.eldigitaldeasturias.com\/noticias\/barcelona-amanece-tomada-por-el-seny-tras-un-domingo-de-rauxa\/#listItem","position":3,"name":"Barcelona amanece tomada por el &#8216;seny&#8217; tras un domingo de &#8216;rauxa&#8217;","previousItem":{"@type":"ListItem","@id":"https:\/\/www.eldigitaldeasturias.com\/noticias\/category\/actualidad\/#listItem","name":"Actualidad"}}]},{"@type":"Organization","@id":"https:\/\/www.eldigitaldeasturias.com\/noticias\/#organization","name":"El Digital de Asturias","description":"Hemeroteca","url":"https:\/\/www.eldigitaldeasturias.com\/noticias\/","email":"info@eldigitaldeasturias.com","telephone":"+34652131393","logo":{"@type":"ImageObject","url":"https:\/\/www.eldigitaldeasturias.com\/noticias\/wp-content\/uploads\/2020\/12\/EDA.jpg","@id":"https:\/\/www.eldigitaldeasturias.com\/noticias\/barcelona-amanece-tomada-por-el-seny-tras-un-domingo-de-rauxa\/#organizationLogo"},"image":{"@id":"https:\/\/www.eldigitaldeasturias.com\/noticias\/barcelona-amanece-tomada-por-el-seny-tras-un-domingo-de-rauxa\/#organizationLogo"},"sameAs":["https:\/\/facebook.com\/eldigitaldeasturias","https:\/\/www.youtube.com\/channel\/UCZP-2wLEB9Rv6erhFmqVnvg"],"address":{"@id":"https:\/\/www.eldigitaldeasturias.com\/noticias\/#postaladdress","@type":"PostalAddress","streetAddress":"san antonio 4","postalCode":"33430","addressLocality":"Cand\u00e1s","addressRegion":"Asturias","addressCountry":"ES"}},{"@type":"Person","@id":"https:\/\/www.eldigitaldeasturias.com\/noticias\/author\/admin\/#author","url":"https:\/\/www.eldigitaldeasturias.com\/noticias\/author\/admin\/","name":"El Digital de Asturias","image":{"@type":"ImageObject","@id":"https:\/\/www.eldigitaldeasturias.com\/noticias\/barcelona-amanece-tomada-por-el-seny-tras-un-domingo-de-rauxa\/#authorImage","url":"https:\/\/secure.gravatar.com\/avatar\/df2aeffc32bcd13f8d26072ef8a91b623d677766deac7f97ca815868cd41bf5e?s=96&d=mm&r=g","width":96,"height":96,"caption":"El Digital de Asturias"}},{"@type":"WebPage","@id":"https:\/\/www.eldigitaldeasturias.com\/noticias\/barcelona-amanece-tomada-por-el-seny-tras-un-domingo-de-rauxa\/#webpage","url":"https:\/\/www.eldigitaldeasturias.com\/noticias\/barcelona-amanece-tomada-por-el-seny-tras-un-domingo-de-rauxa\/","name":"Barcelona amanece tomada por el \u2018seny\u2019 tras un domingo de \u2018rauxa\u2019 - El Digital de Asturias","description":"Barcelona, 26 mar (dpa) - Barcelona amaneci\u00f3 hoy como cualquier lunes de Semana Santa: trabajando a medio gas, con muchos ni\u00f1os en las calles y sin apenas rastro de las concurridas manifestaciones que el domingo recorrieron algunas de sus principales arterias para protestar por la detenci\u00f3n en Alemania del ex presidente catal\u00e1n Carles Puigdemont. Los","inLanguage":"es-ES","isPartOf":{"@id":"https:\/\/www.eldigitaldeasturias.com\/noticias\/#website"},"breadcrumb":{"@id":"https:\/\/www.eldigitaldeasturias.com\/noticias\/barcelona-amanece-tomada-por-el-seny-tras-un-domingo-de-rauxa\/#breadcrumblist"},"author":{"@id":"https:\/\/www.eldigitaldeasturias.com\/noticias\/author\/admin\/#author"},"creator":{"@id":"https:\/\/www.eldigitaldeasturias.com\/noticias\/author\/admin\/#author"},"image":{"@type":"ImageObject","url":973562,"@id":"https:\/\/www.eldigitaldeasturias.com\/noticias\/barcelona-amanece-tomada-por-el-seny-tras-un-domingo-de-rauxa\/#mainImage"},"primaryImageOfPage":{"@id":"https:\/\/www.eldigitaldeasturias.com\/noticias\/barcelona-amanece-tomada-por-el-seny-tras-un-domingo-de-rauxa\/#mainImage"},"datePublished":"2018-03-26T22:06:54+02:00","dateModified":"2018-03-26T22:06:54+02:00"},{"@type":"WebSite","@id":"https:\/\/www.eldigitaldeasturias.com\/noticias\/#website","url":"https:\/\/www.eldigitaldeasturias.com\/noticias\/","name":"El Digital de Asturias - Diario de actualidad y noticias","alternateName":"El Digital de Asturias - Diario de actualidad y noticias","description":"Hemeroteca","inLanguage":"es-ES","publisher":{"@id":"https:\/\/www.eldigitaldeasturias.com\/noticias\/#organization"}}]},"og:locale":"es_ES","og:site_name":"El Digital de Asturias","og:type":"article","og:title":"Barcelona amanece tomada por el \u2018seny\u2019 tras un domingo de \u2018rauxa\u2019 - El Digital de Asturias","og:description":"Barcelona, 26 mar (dpa) - Barcelona amaneci\u00f3 hoy como cualquier lunes de Semana Santa: trabajando a medio gas, con muchos ni\u00f1os en las calles y sin apenas rastro de las concurridas manifestaciones que el domingo recorrieron algunas de sus principales arterias para protestar por la detenci\u00f3n en Alemania del ex presidente catal\u00e1n Carles Puigdemont. Los","og:url":"https:\/\/www.eldigitaldeasturias.com\/noticias\/barcelona-amanece-tomada-por-el-seny-tras-un-domingo-de-rauxa\/","article:tag":["actualidad"],"article:published_time":"2018-03-26T22:06:54+00:00","article:modified_time":"2018-03-26T22:06:54+00:00","article:publisher":"https:\/\/facebook.com\/eldigitaldeasturias","twitter:card":"summary_large_image","twitter:title":"Barcelona amanece tomada por el \u2018seny\u2019 tras un domingo de \u2018rauxa\u2019 - El Digital de Asturias","twitter:description":"Barcelona, 26 mar (dpa) - Barcelona amaneci\u00f3 hoy como cualquier lunes de Semana Santa: trabajando a medio gas, con muchos ni\u00f1os en las calles y sin apenas rastro de las concurridas manifestaciones que el domingo recorrieron algunas de sus principales arterias para protestar por la detenci\u00f3n en Alemania del ex presidente catal\u00e1n Carles Puigdemont. Los","twitter:image":"https:\/\/www.eldigitaldeasturias.com\/noticias\/wp-content\/uploads\/2020\/12\/EDA-1.jpg","twitter:label1":"Escrito por","twitter:data1":"El Digital de Asturias","twitter:label2":"Tiempo de lectura estimado","twitter:data2":"4 minutos"},"aioseo_meta_data":{"post_id":"973625","title":null,"description":null,"keywords":null,"keyphrases":null,"primary_term":null,"canonical_url":null,"og_title":null,"og_description":null,"og_object_type":"default","og_image_type":"default","og_image_url":null,"og_image_width":null,"og_image_height":null,"og_image_custom_url":null,"og_image_custom_fields":null,"og_video":null,"og_custom_url":null,"og_article_section":null,"og_article_tags":null,"twitter_use_og":false,"twitter_card":"default","twitter_image_type":"default","twitter_image_url":null,"twitter_image_custom_url":null,"twitter_image_custom_fields":null,"twitter_title":null,"twitter_description":null,"schema":{"blockGraphs":[],"customGraphs":[],"default":{"data":{"Article":[],"Course":[],"Dataset":[],"FAQPage":[],"Movie":[],"Person":[],"Product":[],"ProductReview":[],"Car":[],"Recipe":[],"Service":[],"SoftwareApplication":[],"WebPage":[]},"graphName":"","isEnabled":true},"graphs":[],"defaultGraph":"","defaultPostTypeGraph":""},"schema_type":null,"schema_type_options":null,"pillar_content":false,"robots_default":true,"robots_noindex":false,"robots_noarchive":false,"robots_nosnippet":false,"robots_nofollow":false,"robots_noimageindex":false,"robots_noodp":false,"robots_notranslate":false,"robots_max_snippet":null,"robots_max_videopreview":null,"robots_max_imagepreview":"large","priority":null,"frequency":null,"local_seo":null,"seo_analyzer_scan_date":"2025-10-07 17:14:14","breadcrumb_settings":null,"limit_modified_date":false,"open_ai":null,"ai":null,"created":"2020-12-21 12:15:37","updated":"2025-10-07 17:14:14","focus_keyword":null,"additional_keywords":null,"truseo_locale":null},"aioseo_breadcrumb":"<div class=\"aioseo-breadcrumbs\"><span class=\"aioseo-breadcrumb\">\n\t<a href=\"https:\/\/www.eldigitaldeasturias.com\/noticias\" title=\"Home\">Home<\/a>\n<\/span><span class=\"aioseo-breadcrumb-separator\">\u2013<\/span><span class=\"aioseo-breadcrumb\">\n\t<a href=\"https:\/\/www.eldigitaldeasturias.com\/noticias\/category\/actualidad\/\" title=\"Actualidad\">Actualidad<\/a>\n<\/span><span class=\"aioseo-breadcrumb-separator\">\u2013<\/span><span class=\"aioseo-breadcrumb\">\n\t<a href=\"https:\/\/www.eldigitaldeasturias.com\/noticias\/barcelona-amanece-tomada-por-el-seny-tras-un-domingo-de-rauxa\/\" title=\"Barcelona amanece tomada por el \u2018seny\u2019 tras un domingo de \u2018rauxa\u2019\">Barcelona amanece tomada por el \u2018seny\u2019 tras un domingo de \u2018rauxa\u2019<\/a>\n<\/span><\/div>","aioseo_breadcrumb_json":[{"label":"Home","link":"https:\/\/www.eldigitaldeasturias.com\/noticias"},{"label":"Actualidad","link":"https:\/\/www.eldigitaldeasturias.com\/noticias\/category\/actualidad\/"},{"label":"Barcelona amanece tomada por el &#8216;seny&#8217; tras un domingo de &#8216;rauxa&#8217;","link":"https:\/\/www.eldigitaldeasturias.com\/noticias\/barcelona-amanece-tomada-por-el-seny-tras-un-domingo-de-rauxa\/"}],"_links":{"self":[{"href":"https:\/\/www.eldigitaldeasturias.com\/noticias\/wp-json\/wp\/v2\/posts\/973625","targetHints":{"allow":["GET"]}}],"collection":[{"href":"https:\/\/www.eldigitaldeasturias.com\/noticias\/wp-json\/wp\/v2\/posts"}],"about":[{"href":"https:\/\/www.eldigitaldeasturias.com\/noticias\/wp-json\/wp\/v2\/types\/post"}],"author":[{"embeddable":true,"href":"https:\/\/www.eldigitaldeasturias.com\/noticias\/wp-json\/wp\/v2\/users\/1"}],"replies":[{"embeddable":true,"href":"https:\/\/www.eldigitaldeasturias.com\/noticias\/wp-json\/wp\/v2\/comments?post=973625"}],"version-history":[{"count":0,"href":"https:\/\/www.eldigitaldeasturias.com\/noticias\/wp-json\/wp\/v2\/posts\/973625\/revisions"}],"wp:attachment":[{"href":"https:\/\/www.eldigitaldeasturias.com\/noticias\/wp-json\/wp\/v2\/media?parent=973625"}],"wp:term":[{"taxonomy":"category","embeddable":true,"href":"https:\/\/www.eldigitaldeasturias.com\/noticias\/wp-json\/wp\/v2\/categories?post=973625"},{"taxonomy":"post_tag","embeddable":true,"href":"https:\/\/www.eldigitaldeasturias.com\/noticias\/wp-json\/wp\/v2\/tags?post=973625"}],"curies":[{"name":"wp","href":"https:\/\/api.w.org\/{rel}","templated":true}]}}