{"id":973561,"date":"2018-03-25T20:54:35","date_gmt":"2018-03-25T20:54:35","guid":{"rendered":"http:\/\/www.eldigitaldeasturias.com\/noticias\/?p=973561"},"modified":"2018-03-25T20:54:35","modified_gmt":"2018-03-25T20:54:35","slug":"miles-de-personas-protestan-en-barcelona-contra-la-detencion-de-puigdemont","status":"publish","type":"post","link":"https:\/\/www.eldigitaldeasturias.com\/noticias\/miles-de-personas-protestan-en-barcelona-contra-la-detencion-de-puigdemont\/","title":{"rendered":"Miles de personas protestan en Barcelona contra la detenci\u00f3n de Puigdemont"},"content":{"rendered":"<p><img loading=\"lazy\" decoding=\"async\" class=\"alignleft size-medium wp-image-973562\" src=\"https:\/\/www.eldigitaldeasturias.com\/noticias\/wp-content\/uploads\/2018\/03\/marcha1-360x240.jpg\" alt=\"\" width=\"360\" height=\"240\" \/>Barcelona, 25 mar (dpa) &#8211; Miles de personas marcharon hoy por el centro de Barcelona para protestar contra el arresto del ex presidente catal\u00e1n Carles Puigdemont en Alemania en virtud de una orden europea de detenci\u00f3n emitida por Espa\u00f1a.<\/p>\n<p>Durante las protestas se produjeron momentos de fuerte tensi\u00f3n y choques entre manifestantes y polic\u00edas que dejaron por lo menos 17 heridos, todos de car\u00e1cter leve, seg\u00fan el servicio de emergencias local. La Polic\u00eda confirm\u00f3 adem\u00e1s que hubo tres detenidos.<\/p>\n<p>La movilizaci\u00f3n, convocada por las influyentes entidades civiles <a href=\"https:\/\/twitter.com\/assemblea\" target=\"_blank\" rel=\"noopener\"><span style=\"color: #ff6600;\"><strong><span style=\"color: #ff0000;\">Asamblea<\/span> <span style=\"color: #ff0000;\">Nacional Catalana<\/span><\/strong><\/span><\/a> (ANC) y <span style=\"color: #ff0000;\"><strong>\u00d2mnium Cultural,<\/strong><\/span> avanz\u00f3 desde la delegaci\u00f3n de la Comisi\u00f3n Europea en Barcelona al consulado de Alemania, dos destinos simb\u00f3licos del reclamo soberanista.<\/p>\n<p>Los incidentes se produjeron tanto frente al consulado como frente a la delegaci\u00f3n del Gobierno central en Barcelona. Los polic\u00edas llegaron a disparar al aire y arremetieron contra manifestantes que intentaban cruzar el cord\u00f3n de seguridad.<\/p>\n<p>Otros manifestantes descolgaron la bandera de Espa\u00f1a frente al consulado alem\u00e1n y colgaron la independentista de Catalu\u00f1a. A lo largo del d\u00eda se produjeron adem\u00e1s cortes de carreteras convocados por los autodenominados Comit\u00e9s de Defensa de la Rep\u00fablica (CDR).<\/p>\n<p>\u00abPedimos a Alemania que no extradite al presidente Puigdemont por delitos inventados en una causa pol\u00edtica\u00bb, indicaba la convocatoria de la ANC. Su nueva presidenta, Elisenda Paluzie, apel\u00f3 tambi\u00e9n a la Uni\u00f3n Europea (UE) antes de que comenzara la marcha.<\/p>\n<p>\u00abLo que se est\u00e1 produciendo y lo que se puede acabar produciendo en otros pa\u00edses de la Uni\u00f3n Europea es muy grave\u00bb, se\u00f1al\u00f3, recordando \u00ablos valores que fundaron la UE: el principio democr\u00e1tico, los valores del pacifismo\u00bb.<\/p>\n<p>La columna de manifestantes avanz\u00f3 encabezada por una pancarta con el lema \u00ablibertad presos pol\u00edticos\u00bb. Varios asistentes llevaron banderas independentistas y caretas de Puigdemont en se\u00f1al de apoyo al ex presidente.<\/p>\n<p>Varias figuras del independentismo se sumaron a la protesta, entre ellas Elsa Artadi, portavoz de la plataforma Junts per Catalunya (JxCat), de Puigdemont, y uno de los nombres mencionados como posible candidata a presidir la regi\u00f3n.<\/p>\n<p>Puigdemont fue detenido hoy por la Polic\u00eda alemana despu\u00e9s de cruzar la frontera norte del pa\u00eds desde Dinamarca con destino a Bruselas. Fue trasladado luego a un centro penitenciario hasta que se resuelva -con toda probabilidad ma\u00f1ana lunes- si debe seguir en custodia policial hasta que se decida su entrega a Espa\u00f1a.<\/p>\n<p>El arresto lleg\u00f3 dos d\u00edas despu\u00e9s de que el Tribunal Supremo espa\u00f1ol reactivara una orden de captura europea contra el ex presidente y confirmara su procesamiento por un delito de rebeli\u00f3n, castigado con hasta 30 a\u00f1os de c\u00e1rcel, vinculado al plan independentista catal\u00e1n.<\/p>\n<p>El mismo d\u00eda, el Supremo envi\u00f3 a prisi\u00f3n preventiva a otros cinco l\u00edderes soberanistas, lo que hab\u00eda motivado ya convocatorias de protestas hoy en toda Catalu\u00f1a tambi\u00e9n por parte de los CDR, grupos que impulsan la independencia de la regi\u00f3n.<\/p>\n<p>FOTO :<span style=\"color: #ff6600;\"><strong>\u00a0<span style=\"color: #ff0000;\"><a style=\"color: #ff0000;\" href=\"https:\/\/twitter.com\/assemblea\" target=\"_blank\" rel=\"noopener\">Assemblea Nacional<\/a><\/span><\/strong><\/span><\/p>\n","protected":false},"excerpt":{"rendered":"<p>Barcelona, 25 mar (dpa) &#8211; Miles de personas marcharon hoy por el centro de Barcelona para protestar contra el arresto del ex presidente catal\u00e1n Carles Puigdemont en Alemania en virtud de una orden europea de detenci\u00f3n emitida por Espa\u00f1a. Durante las protestas se produjeron momentos de fuerte tensi\u00f3n y choques entre manifestantes y polic\u00edas que [&hellip;]<\/p>\n","protected":false},"author":1,"featured_media":973562,"comment_status":"closed","ping_status":"closed","sticky":false,"template":"","format":"standard","meta":{"footnotes":""},"categories":[1],"tags":[],"class_list":["post-973561","post","type-post","status-publish","format-standard","has-post-thumbnail","hentry","category-actualidad"],"aioseo_notices":[],"aioseo_head":"\n\t\t<!-- All in One SEO Pro 5.0.1 - aioseo.com -->\n\t<meta name=\"description\" content=\"Barcelona, 25 mar (dpa) - Miles de personas marcharon hoy por el centro de Barcelona para protestar contra el arresto del ex presidente catal\u00e1n Carles Puigdemont en Alemania en virtud de una orden europea de detenci\u00f3n emitida por Espa\u00f1a. Durante las protestas se produjeron momentos de fuerte tensi\u00f3n y choques entre manifestantes y polic\u00edas que\" \/>\n\t<meta name=\"robots\" content=\"max-image-preview:large\" \/>\n\t<meta name=\"author\" content=\"El Digital de Asturias\"\/>\n\t<meta name=\"google-site-verification\" content=\"UA-38556648-1\" \/>\n\t<meta name=\"msvalidate.01\" content=\"7dfe9f3f1b24437ab69f4f2559babe99\" \/>\n\t<meta name=\"keywords\" content=\"actualidad\" \/>\n\t<link rel=\"canonical\" href=\"https:\/\/www.eldigitaldeasturias.com\/noticias\/miles-de-personas-protestan-en-barcelona-contra-la-detencion-de-puigdemont\/\" \/>\n\t<meta name=\"generator\" content=\"All in One SEO Pro (AIOSEO) 5.0.1\" \/>\n\t\t<meta property=\"og:locale\" content=\"es_ES\" \/>\n\t\t<meta property=\"og:site_name\" content=\"El Digital de Asturias\" \/>\n\t\t<meta property=\"og:type\" content=\"article\" \/>\n\t\t<meta property=\"og:title\" content=\"Miles de personas protestan en Barcelona contra la detenci\u00f3n de Puigdemont - El Digital de Asturias\" \/>\n\t\t<meta property=\"og:description\" content=\"Barcelona, 25 mar (dpa) - Miles de personas marcharon hoy por el centro de Barcelona para protestar contra el arresto del ex presidente catal\u00e1n Carles Puigdemont en Alemania en virtud de una orden europea de detenci\u00f3n emitida por Espa\u00f1a. Durante las protestas se produjeron momentos de fuerte tensi\u00f3n y choques entre manifestantes y polic\u00edas que\" \/>\n\t\t<meta property=\"og:url\" content=\"https:\/\/www.eldigitaldeasturias.com\/noticias\/miles-de-personas-protestan-en-barcelona-contra-la-detencion-de-puigdemont\/\" \/>\n\t\t<meta property=\"article:tag\" content=\"actualidad\" \/>\n\t\t<meta property=\"article:published_time\" content=\"2018-03-25T20:54:35+00:00\" \/>\n\t\t<meta property=\"article:modified_time\" content=\"2018-03-25T20:54:35+00:00\" \/>\n\t\t<meta property=\"article:publisher\" content=\"https:\/\/facebook.com\/eldigitaldeasturias\" \/>\n\t\t<meta name=\"twitter:card\" content=\"summary_large_image\" \/>\n\t\t<meta name=\"twitter:title\" content=\"Miles de personas protestan en Barcelona contra la detenci\u00f3n de Puigdemont - El Digital de Asturias\" \/>\n\t\t<meta name=\"twitter:description\" content=\"Barcelona, 25 mar (dpa) - Miles de personas marcharon hoy por el centro de Barcelona para protestar contra el arresto del ex presidente catal\u00e1n Carles Puigdemont en Alemania en virtud de una orden europea de detenci\u00f3n emitida por Espa\u00f1a. Durante las protestas se produjeron momentos de fuerte tensi\u00f3n y choques entre manifestantes y polic\u00edas que\" \/>\n\t\t<meta name=\"twitter:image\" content=\"https:\/\/www.eldigitaldeasturias.com\/noticias\/wp-content\/uploads\/2020\/12\/EDA-1.jpg\" \/>\n\t\t<meta name=\"twitter:label1\" content=\"Escrito por\" \/>\n\t\t<meta name=\"twitter:data1\" content=\"El Digital de Asturias\" \/>\n\t\t<meta name=\"twitter:label2\" content=\"Tiempo de lectura estimado\" \/>\n\t\t<meta name=\"twitter:data2\" content=\"3 minutos\" \/>\n\t\t<script type=\"application\/ld+json\" class=\"aioseo-schema\">\n\t\t\t{\"@context\":\"https:\\\/\\\/schema.org\",\"@graph\":[{\"@type\":\"BlogPosting\",\"@id\":\"https:\\\/\\\/www.eldigitaldeasturias.com\\\/noticias\\\/miles-de-personas-protestan-en-barcelona-contra-la-detencion-de-puigdemont\\\/#blogposting\",\"name\":\"Miles de personas protestan en Barcelona contra la detenci\\u00f3n de Puigdemont - El Digital de Asturias\",\"headline\":\"Miles de personas protestan en Barcelona contra la detenci\\u00f3n de Puigdemont\",\"author\":{\"@id\":\"https:\\\/\\\/www.eldigitaldeasturias.com\\\/noticias\\\/author\\\/admin\\\/#author\"},\"publisher\":{\"@id\":\"https:\\\/\\\/www.eldigitaldeasturias.com\\\/noticias\\\/#organization\"},\"image\":{\"@type\":\"ImageObject\",\"url\":973562},\"datePublished\":\"2018-03-25T20:54:35+02:00\",\"dateModified\":\"2018-03-25T20:54:35+02:00\",\"inLanguage\":\"es-ES\",\"mainEntityOfPage\":{\"@id\":\"https:\\\/\\\/www.eldigitaldeasturias.com\\\/noticias\\\/miles-de-personas-protestan-en-barcelona-contra-la-detencion-de-puigdemont\\\/#webpage\"},\"isPartOf\":{\"@id\":\"https:\\\/\\\/www.eldigitaldeasturias.com\\\/noticias\\\/miles-de-personas-protestan-en-barcelona-contra-la-detencion-de-puigdemont\\\/#webpage\"},\"articleSection\":\"Actualidad\"},{\"@type\":\"BreadcrumbList\",\"@id\":\"https:\\\/\\\/www.eldigitaldeasturias.com\\\/noticias\\\/miles-de-personas-protestan-en-barcelona-contra-la-detencion-de-puigdemont\\\/#breadcrumblist\",\"itemListElement\":[{\"@type\":\"ListItem\",\"@id\":\"https:\\\/\\\/www.eldigitaldeasturias.com\\\/noticias#listItem\",\"position\":1,\"name\":\"Home\",\"item\":\"https:\\\/\\\/www.eldigitaldeasturias.com\\\/noticias\",\"nextItem\":{\"@type\":\"ListItem\",\"@id\":\"https:\\\/\\\/www.eldigitaldeasturias.com\\\/noticias\\\/category\\\/actualidad\\\/#listItem\",\"name\":\"Actualidad\"}},{\"@type\":\"ListItem\",\"@id\":\"https:\\\/\\\/www.eldigitaldeasturias.com\\\/noticias\\\/category\\\/actualidad\\\/#listItem\",\"position\":2,\"name\":\"Actualidad\",\"item\":\"https:\\\/\\\/www.eldigitaldeasturias.com\\\/noticias\\\/category\\\/actualidad\\\/\",\"nextItem\":{\"@type\":\"ListItem\",\"@id\":\"https:\\\/\\\/www.eldigitaldeasturias.com\\\/noticias\\\/miles-de-personas-protestan-en-barcelona-contra-la-detencion-de-puigdemont\\\/#listItem\",\"name\":\"Miles de personas protestan en Barcelona contra la detenci\\u00f3n de Puigdemont\"},\"previousItem\":{\"@type\":\"ListItem\",\"@id\":\"https:\\\/\\\/www.eldigitaldeasturias.com\\\/noticias#listItem\",\"name\":\"Home\"}},{\"@type\":\"ListItem\",\"@id\":\"https:\\\/\\\/www.eldigitaldeasturias.com\\\/noticias\\\/miles-de-personas-protestan-en-barcelona-contra-la-detencion-de-puigdemont\\\/#listItem\",\"position\":3,\"name\":\"Miles de personas protestan en Barcelona contra la detenci\\u00f3n de Puigdemont\",\"previousItem\":{\"@type\":\"ListItem\",\"@id\":\"https:\\\/\\\/www.eldigitaldeasturias.com\\\/noticias\\\/category\\\/actualidad\\\/#listItem\",\"name\":\"Actualidad\"}}]},{\"@type\":\"Organization\",\"@id\":\"https:\\\/\\\/www.eldigitaldeasturias.com\\\/noticias\\\/#organization\",\"name\":\"El Digital de Asturias\",\"description\":\"Hemeroteca\",\"url\":\"https:\\\/\\\/www.eldigitaldeasturias.com\\\/noticias\\\/\",\"email\":\"info@eldigitaldeasturias.com\",\"telephone\":\"+34652131393\",\"logo\":{\"@type\":\"ImageObject\",\"url\":\"https:\\\/\\\/www.eldigitaldeasturias.com\\\/noticias\\\/wp-content\\\/uploads\\\/2020\\\/12\\\/EDA.jpg\",\"@id\":\"https:\\\/\\\/www.eldigitaldeasturias.com\\\/noticias\\\/miles-de-personas-protestan-en-barcelona-contra-la-detencion-de-puigdemont\\\/#organizationLogo\"},\"image\":{\"@id\":\"https:\\\/\\\/www.eldigitaldeasturias.com\\\/noticias\\\/miles-de-personas-protestan-en-barcelona-contra-la-detencion-de-puigdemont\\\/#organizationLogo\"},\"sameAs\":[\"https:\\\/\\\/facebook.com\\\/eldigitaldeasturias\",\"https:\\\/\\\/www.youtube.com\\\/channel\\\/UCZP-2wLEB9Rv6erhFmqVnvg\"],\"address\":{\"@id\":\"https:\\\/\\\/www.eldigitaldeasturias.com\\\/noticias\\\/#postaladdress\",\"@type\":\"PostalAddress\",\"streetAddress\":\"san antonio 4\",\"postalCode\":\"33430\",\"addressLocality\":\"Cand\\u00e1s\",\"addressRegion\":\"Asturias\",\"addressCountry\":\"ES\"}},{\"@type\":\"Person\",\"@id\":\"https:\\\/\\\/www.eldigitaldeasturias.com\\\/noticias\\\/author\\\/admin\\\/#author\",\"url\":\"https:\\\/\\\/www.eldigitaldeasturias.com\\\/noticias\\\/author\\\/admin\\\/\",\"name\":\"El Digital de Asturias\",\"image\":{\"@type\":\"ImageObject\",\"@id\":\"https:\\\/\\\/www.eldigitaldeasturias.com\\\/noticias\\\/miles-de-personas-protestan-en-barcelona-contra-la-detencion-de-puigdemont\\\/#authorImage\",\"url\":\"https:\\\/\\\/secure.gravatar.com\\\/avatar\\\/df2aeffc32bcd13f8d26072ef8a91b623d677766deac7f97ca815868cd41bf5e?s=96&d=mm&r=g\",\"width\":96,\"height\":96,\"caption\":\"El Digital de Asturias\"}},{\"@type\":\"WebPage\",\"@id\":\"https:\\\/\\\/www.eldigitaldeasturias.com\\\/noticias\\\/miles-de-personas-protestan-en-barcelona-contra-la-detencion-de-puigdemont\\\/#webpage\",\"url\":\"https:\\\/\\\/www.eldigitaldeasturias.com\\\/noticias\\\/miles-de-personas-protestan-en-barcelona-contra-la-detencion-de-puigdemont\\\/\",\"name\":\"Miles de personas protestan en Barcelona contra la detenci\\u00f3n de Puigdemont - El Digital de Asturias\",\"description\":\"Barcelona, 25 mar (dpa) - Miles de personas marcharon hoy por el centro de Barcelona para protestar contra el arresto del ex presidente catal\\u00e1n Carles Puigdemont en Alemania en virtud de una orden europea de detenci\\u00f3n emitida por Espa\\u00f1a. Durante las protestas se produjeron momentos de fuerte tensi\\u00f3n y choques entre manifestantes y polic\\u00edas que\",\"inLanguage\":\"es-ES\",\"isPartOf\":{\"@id\":\"https:\\\/\\\/www.eldigitaldeasturias.com\\\/noticias\\\/#website\"},\"breadcrumb\":{\"@id\":\"https:\\\/\\\/www.eldigitaldeasturias.com\\\/noticias\\\/miles-de-personas-protestan-en-barcelona-contra-la-detencion-de-puigdemont\\\/#breadcrumblist\"},\"author\":{\"@id\":\"https:\\\/\\\/www.eldigitaldeasturias.com\\\/noticias\\\/author\\\/admin\\\/#author\"},\"creator\":{\"@id\":\"https:\\\/\\\/www.eldigitaldeasturias.com\\\/noticias\\\/author\\\/admin\\\/#author\"},\"image\":{\"@type\":\"ImageObject\",\"url\":973562,\"@id\":\"https:\\\/\\\/www.eldigitaldeasturias.com\\\/noticias\\\/miles-de-personas-protestan-en-barcelona-contra-la-detencion-de-puigdemont\\\/#mainImage\"},\"primaryImageOfPage\":{\"@id\":\"https:\\\/\\\/www.eldigitaldeasturias.com\\\/noticias\\\/miles-de-personas-protestan-en-barcelona-contra-la-detencion-de-puigdemont\\\/#mainImage\"},\"datePublished\":\"2018-03-25T20:54:35+02:00\",\"dateModified\":\"2018-03-25T20:54:35+02:00\"},{\"@type\":\"WebSite\",\"@id\":\"https:\\\/\\\/www.eldigitaldeasturias.com\\\/noticias\\\/#website\",\"url\":\"https:\\\/\\\/www.eldigitaldeasturias.com\\\/noticias\\\/\",\"name\":\"El Digital de Asturias - Diario de actualidad y noticias\",\"alternateName\":\"El Digital de Asturias - Diario de actualidad y noticias\",\"description\":\"Hemeroteca\",\"inLanguage\":\"es-ES\",\"publisher\":{\"@id\":\"https:\\\/\\\/www.eldigitaldeasturias.com\\\/noticias\\\/#organization\"}}]}\n\t\t<\/script>\n\t\t<!-- All in One SEO Pro -->\r\n\t\t<title>Miles de personas protestan en Barcelona contra la detenci\u00f3n de Puigdemont - El Digital de Asturias<\/title>\n\n","aioseo_head_json":{"title":"Miles de personas protestan en Barcelona contra la detenci\u00f3n de Puigdemont - El Digital de Asturias","description":"Barcelona, 25 mar (dpa) - Miles de personas marcharon hoy por el centro de Barcelona para protestar contra el arresto del ex presidente catal\u00e1n Carles Puigdemont en Alemania en virtud de una orden europea de detenci\u00f3n emitida por Espa\u00f1a. Durante las protestas se produjeron momentos de fuerte tensi\u00f3n y choques entre manifestantes y polic\u00edas que","canonical_url":"https:\/\/www.eldigitaldeasturias.com\/noticias\/miles-de-personas-protestan-en-barcelona-contra-la-detencion-de-puigdemont\/","robots":"max-image-preview:large","keywords":"actualidad","webmasterTools":{"google-site-verification":"UA-38556648-1","msvalidate.01":"7dfe9f3f1b24437ab69f4f2559babe99","miscellaneous":""},"schema":{"@context":"https:\/\/schema.org","@graph":[{"@type":"BlogPosting","@id":"https:\/\/www.eldigitaldeasturias.com\/noticias\/miles-de-personas-protestan-en-barcelona-contra-la-detencion-de-puigdemont\/#blogposting","name":"Miles de personas protestan en Barcelona contra la detenci\u00f3n de Puigdemont - El Digital de Asturias","headline":"Miles de personas protestan en Barcelona contra la detenci\u00f3n de Puigdemont","author":{"@id":"https:\/\/www.eldigitaldeasturias.com\/noticias\/author\/admin\/#author"},"publisher":{"@id":"https:\/\/www.eldigitaldeasturias.com\/noticias\/#organization"},"image":{"@type":"ImageObject","url":973562},"datePublished":"2018-03-25T20:54:35+02:00","dateModified":"2018-03-25T20:54:35+02:00","inLanguage":"es-ES","mainEntityOfPage":{"@id":"https:\/\/www.eldigitaldeasturias.com\/noticias\/miles-de-personas-protestan-en-barcelona-contra-la-detencion-de-puigdemont\/#webpage"},"isPartOf":{"@id":"https:\/\/www.eldigitaldeasturias.com\/noticias\/miles-de-personas-protestan-en-barcelona-contra-la-detencion-de-puigdemont\/#webpage"},"articleSection":"Actualidad"},{"@type":"BreadcrumbList","@id":"https:\/\/www.eldigitaldeasturias.com\/noticias\/miles-de-personas-protestan-en-barcelona-contra-la-detencion-de-puigdemont\/#breadcrumblist","itemListElement":[{"@type":"ListItem","@id":"https:\/\/www.eldigitaldeasturias.com\/noticias#listItem","position":1,"name":"Home","item":"https:\/\/www.eldigitaldeasturias.com\/noticias","nextItem":{"@type":"ListItem","@id":"https:\/\/www.eldigitaldeasturias.com\/noticias\/category\/actualidad\/#listItem","name":"Actualidad"}},{"@type":"ListItem","@id":"https:\/\/www.eldigitaldeasturias.com\/noticias\/category\/actualidad\/#listItem","position":2,"name":"Actualidad","item":"https:\/\/www.eldigitaldeasturias.com\/noticias\/category\/actualidad\/","nextItem":{"@type":"ListItem","@id":"https:\/\/www.eldigitaldeasturias.com\/noticias\/miles-de-personas-protestan-en-barcelona-contra-la-detencion-de-puigdemont\/#listItem","name":"Miles de personas protestan en Barcelona contra la detenci\u00f3n de Puigdemont"},"previousItem":{"@type":"ListItem","@id":"https:\/\/www.eldigitaldeasturias.com\/noticias#listItem","name":"Home"}},{"@type":"ListItem","@id":"https:\/\/www.eldigitaldeasturias.com\/noticias\/miles-de-personas-protestan-en-barcelona-contra-la-detencion-de-puigdemont\/#listItem","position":3,"name":"Miles de personas protestan en Barcelona contra la detenci\u00f3n de Puigdemont","previousItem":{"@type":"ListItem","@id":"https:\/\/www.eldigitaldeasturias.com\/noticias\/category\/actualidad\/#listItem","name":"Actualidad"}}]},{"@type":"Organization","@id":"https:\/\/www.eldigitaldeasturias.com\/noticias\/#organization","name":"El Digital de Asturias","description":"Hemeroteca","url":"https:\/\/www.eldigitaldeasturias.com\/noticias\/","email":"info@eldigitaldeasturias.com","telephone":"+34652131393","logo":{"@type":"ImageObject","url":"https:\/\/www.eldigitaldeasturias.com\/noticias\/wp-content\/uploads\/2020\/12\/EDA.jpg","@id":"https:\/\/www.eldigitaldeasturias.com\/noticias\/miles-de-personas-protestan-en-barcelona-contra-la-detencion-de-puigdemont\/#organizationLogo"},"image":{"@id":"https:\/\/www.eldigitaldeasturias.com\/noticias\/miles-de-personas-protestan-en-barcelona-contra-la-detencion-de-puigdemont\/#organizationLogo"},"sameAs":["https:\/\/facebook.com\/eldigitaldeasturias","https:\/\/www.youtube.com\/channel\/UCZP-2wLEB9Rv6erhFmqVnvg"],"address":{"@id":"https:\/\/www.eldigitaldeasturias.com\/noticias\/#postaladdress","@type":"PostalAddress","streetAddress":"san antonio 4","postalCode":"33430","addressLocality":"Cand\u00e1s","addressRegion":"Asturias","addressCountry":"ES"}},{"@type":"Person","@id":"https:\/\/www.eldigitaldeasturias.com\/noticias\/author\/admin\/#author","url":"https:\/\/www.eldigitaldeasturias.com\/noticias\/author\/admin\/","name":"El Digital de Asturias","image":{"@type":"ImageObject","@id":"https:\/\/www.eldigitaldeasturias.com\/noticias\/miles-de-personas-protestan-en-barcelona-contra-la-detencion-de-puigdemont\/#authorImage","url":"https:\/\/secure.gravatar.com\/avatar\/df2aeffc32bcd13f8d26072ef8a91b623d677766deac7f97ca815868cd41bf5e?s=96&d=mm&r=g","width":96,"height":96,"caption":"El Digital de Asturias"}},{"@type":"WebPage","@id":"https:\/\/www.eldigitaldeasturias.com\/noticias\/miles-de-personas-protestan-en-barcelona-contra-la-detencion-de-puigdemont\/#webpage","url":"https:\/\/www.eldigitaldeasturias.com\/noticias\/miles-de-personas-protestan-en-barcelona-contra-la-detencion-de-puigdemont\/","name":"Miles de personas protestan en Barcelona contra la detenci\u00f3n de Puigdemont - El Digital de Asturias","description":"Barcelona, 25 mar (dpa) - Miles de personas marcharon hoy por el centro de Barcelona para protestar contra el arresto del ex presidente catal\u00e1n Carles Puigdemont en Alemania en virtud de una orden europea de detenci\u00f3n emitida por Espa\u00f1a. Durante las protestas se produjeron momentos de fuerte tensi\u00f3n y choques entre manifestantes y polic\u00edas que","inLanguage":"es-ES","isPartOf":{"@id":"https:\/\/www.eldigitaldeasturias.com\/noticias\/#website"},"breadcrumb":{"@id":"https:\/\/www.eldigitaldeasturias.com\/noticias\/miles-de-personas-protestan-en-barcelona-contra-la-detencion-de-puigdemont\/#breadcrumblist"},"author":{"@id":"https:\/\/www.eldigitaldeasturias.com\/noticias\/author\/admin\/#author"},"creator":{"@id":"https:\/\/www.eldigitaldeasturias.com\/noticias\/author\/admin\/#author"},"image":{"@type":"ImageObject","url":973562,"@id":"https:\/\/www.eldigitaldeasturias.com\/noticias\/miles-de-personas-protestan-en-barcelona-contra-la-detencion-de-puigdemont\/#mainImage"},"primaryImageOfPage":{"@id":"https:\/\/www.eldigitaldeasturias.com\/noticias\/miles-de-personas-protestan-en-barcelona-contra-la-detencion-de-puigdemont\/#mainImage"},"datePublished":"2018-03-25T20:54:35+02:00","dateModified":"2018-03-25T20:54:35+02:00"},{"@type":"WebSite","@id":"https:\/\/www.eldigitaldeasturias.com\/noticias\/#website","url":"https:\/\/www.eldigitaldeasturias.com\/noticias\/","name":"El Digital de Asturias - Diario de actualidad y noticias","alternateName":"El Digital de Asturias - Diario de actualidad y noticias","description":"Hemeroteca","inLanguage":"es-ES","publisher":{"@id":"https:\/\/www.eldigitaldeasturias.com\/noticias\/#organization"}}]},"og:locale":"es_ES","og:site_name":"El Digital de Asturias","og:type":"article","og:title":"Miles de personas protestan en Barcelona contra la detenci\u00f3n de Puigdemont - El Digital de Asturias","og:description":"Barcelona, 25 mar (dpa) - Miles de personas marcharon hoy por el centro de Barcelona para protestar contra el arresto del ex presidente catal\u00e1n Carles Puigdemont en Alemania en virtud de una orden europea de detenci\u00f3n emitida por Espa\u00f1a. Durante las protestas se produjeron momentos de fuerte tensi\u00f3n y choques entre manifestantes y polic\u00edas que","og:url":"https:\/\/www.eldigitaldeasturias.com\/noticias\/miles-de-personas-protestan-en-barcelona-contra-la-detencion-de-puigdemont\/","article:tag":["actualidad"],"article:published_time":"2018-03-25T20:54:35+00:00","article:modified_time":"2018-03-25T20:54:35+00:00","article:publisher":"https:\/\/facebook.com\/eldigitaldeasturias","twitter:card":"summary_large_image","twitter:title":"Miles de personas protestan en Barcelona contra la detenci\u00f3n de Puigdemont - El Digital de Asturias","twitter:description":"Barcelona, 25 mar (dpa) - Miles de personas marcharon hoy por el centro de Barcelona para protestar contra el arresto del ex presidente catal\u00e1n Carles Puigdemont en Alemania en virtud de una orden europea de detenci\u00f3n emitida por Espa\u00f1a. Durante las protestas se produjeron momentos de fuerte tensi\u00f3n y choques entre manifestantes y polic\u00edas que","twitter:image":"https:\/\/www.eldigitaldeasturias.com\/noticias\/wp-content\/uploads\/2020\/12\/EDA-1.jpg","twitter:label1":"Escrito por","twitter:data1":"El Digital de Asturias","twitter:label2":"Tiempo de lectura estimado","twitter:data2":"3 minutos"},"aioseo_meta_data":{"post_id":"973561","title":null,"description":null,"keywords":null,"keyphrases":null,"primary_term":null,"canonical_url":null,"og_title":null,"og_description":null,"og_object_type":"default","og_image_type":"default","og_image_url":null,"og_image_width":null,"og_image_height":null,"og_image_custom_url":null,"og_image_custom_fields":null,"og_video":null,"og_custom_url":null,"og_article_section":null,"og_article_tags":null,"twitter_use_og":false,"twitter_card":"default","twitter_image_type":"default","twitter_image_url":null,"twitter_image_custom_url":null,"twitter_image_custom_fields":null,"twitter_title":null,"twitter_description":null,"schema":{"blockGraphs":[],"customGraphs":[],"default":{"data":{"Article":[],"Course":[],"Dataset":[],"FAQPage":[],"Movie":[],"Person":[],"Product":[],"ProductReview":[],"Car":[],"Recipe":[],"Service":[],"SoftwareApplication":[],"WebPage":[]},"graphName":"","isEnabled":true},"graphs":[],"defaultGraph":"","defaultPostTypeGraph":""},"schema_type":null,"schema_type_options":null,"pillar_content":false,"robots_default":true,"robots_noindex":false,"robots_noarchive":false,"robots_nosnippet":false,"robots_nofollow":false,"robots_noimageindex":false,"robots_noodp":false,"robots_notranslate":false,"robots_max_snippet":null,"robots_max_videopreview":null,"robots_max_imagepreview":"large","priority":null,"frequency":null,"local_seo":null,"seo_analyzer_scan_date":"2025-10-07 17:01:10","breadcrumb_settings":null,"limit_modified_date":false,"open_ai":null,"ai":null,"created":"2020-12-21 12:15:37","updated":"2025-10-07 17:01:10","focus_keyword":null,"additional_keywords":null,"truseo_locale":null},"aioseo_breadcrumb":"<div class=\"aioseo-breadcrumbs\"><span class=\"aioseo-breadcrumb\">\n\t<a href=\"https:\/\/www.eldigitaldeasturias.com\/noticias\" title=\"Home\">Home<\/a>\n<\/span><span class=\"aioseo-breadcrumb-separator\">\u2013<\/span><span class=\"aioseo-breadcrumb\">\n\t<a href=\"https:\/\/www.eldigitaldeasturias.com\/noticias\/category\/actualidad\/\" title=\"Actualidad\">Actualidad<\/a>\n<\/span><span class=\"aioseo-breadcrumb-separator\">\u2013<\/span><span class=\"aioseo-breadcrumb\">\n\t<a href=\"https:\/\/www.eldigitaldeasturias.com\/noticias\/miles-de-personas-protestan-en-barcelona-contra-la-detencion-de-puigdemont\/\" title=\"Miles de personas protestan en Barcelona contra la detenci\u00f3n de Puigdemont\">Miles de personas protestan en Barcelona contra la detenci\u00f3n de Puigdemont<\/a>\n<\/span><\/div>","aioseo_breadcrumb_json":[{"label":"Home","link":"https:\/\/www.eldigitaldeasturias.com\/noticias"},{"label":"Actualidad","link":"https:\/\/www.eldigitaldeasturias.com\/noticias\/category\/actualidad\/"},{"label":"Miles de personas protestan en Barcelona contra la detenci\u00f3n de Puigdemont","link":"https:\/\/www.eldigitaldeasturias.com\/noticias\/miles-de-personas-protestan-en-barcelona-contra-la-detencion-de-puigdemont\/"}],"_links":{"self":[{"href":"https:\/\/www.eldigitaldeasturias.com\/noticias\/wp-json\/wp\/v2\/posts\/973561","targetHints":{"allow":["GET"]}}],"collection":[{"href":"https:\/\/www.eldigitaldeasturias.com\/noticias\/wp-json\/wp\/v2\/posts"}],"about":[{"href":"https:\/\/www.eldigitaldeasturias.com\/noticias\/wp-json\/wp\/v2\/types\/post"}],"author":[{"embeddable":true,"href":"https:\/\/www.eldigitaldeasturias.com\/noticias\/wp-json\/wp\/v2\/users\/1"}],"replies":[{"embeddable":true,"href":"https:\/\/www.eldigitaldeasturias.com\/noticias\/wp-json\/wp\/v2\/comments?post=973561"}],"version-history":[{"count":0,"href":"https:\/\/www.eldigitaldeasturias.com\/noticias\/wp-json\/wp\/v2\/posts\/973561\/revisions"}],"wp:attachment":[{"href":"https:\/\/www.eldigitaldeasturias.com\/noticias\/wp-json\/wp\/v2\/media?parent=973561"}],"wp:term":[{"taxonomy":"category","embeddable":true,"href":"https:\/\/www.eldigitaldeasturias.com\/noticias\/wp-json\/wp\/v2\/categories?post=973561"},{"taxonomy":"post_tag","embeddable":true,"href":"https:\/\/www.eldigitaldeasturias.com\/noticias\/wp-json\/wp\/v2\/tags?post=973561"}],"curies":[{"name":"wp","href":"https:\/\/api.w.org\/{rel}","templated":true}]}}