{"id":973550,"date":"2018-03-25T20:30:21","date_gmt":"2018-03-25T20:30:21","guid":{"rendered":"http:\/\/www.eldigitaldeasturias.com\/noticias\/?p=973550"},"modified":"2018-03-25T20:30:21","modified_gmt":"2018-03-25T20:30:21","slug":"de-paramo-el-proces-ha-llegado-a-un-callejon-sin-salida","status":"publish","type":"post","link":"https:\/\/www.eldigitaldeasturias.com\/noticias\/de-paramo-el-proces-ha-llegado-a-un-callejon-sin-salida\/","title":{"rendered":"De P\u00e1ramo: \u00abEl proc\u00e9s ha llegado a un callej\u00f3n sin salida\u00bb"},"content":{"rendered":"<p><img loading=\"lazy\" decoding=\"async\" class=\"alignleft size-medium wp-image-973551\" src=\"https:\/\/www.eldigitaldeasturias.com\/noticias\/wp-content\/uploads\/2018\/03\/DEPARAMO-360x270.jpg\" alt=\"\" width=\"360\" height=\"270\" \/>\u201cEl Proc\u00e9s ha llegado a un callej\u00f3n sin salida; basta ya de confrontaci\u00f3n y de romper la sociedad catalana\u201d. As\u00ed lo ha dicho el secretario de Comunicaci\u00f3n de Ciudadanos (Cs) y portavoz adjunto en el Parlament, Fernando de P\u00e1ramo, tras lo que iba a ser la segunda sesi\u00f3n del pleno de investidura.<\/p>\n<p>De P\u00e1ramo ha dicho que \u201cel \u2018proc\u00e9s\u2019 no ha tra\u00eddo nada bueno, sino todo lo contrario\u201d y ha recordado que \u201cCatalu\u00f1a somos todos\u201d aunque \u201cest\u00e1n ninguneando a los que ganamos las elecciones por querer seguir siendo catalanes, espa\u00f1oles y europeos\u201d.<\/p>\n<p>El secretario de Comunicaci\u00f3n de Cs considera que \u201cTorrent no es el president del Parlament, sino el de los partidos independentistas\u201d porque el discurso institucional que hizo en la C\u00e1mara catalana \u201cfue un m\u00edtin de ERC\u201d.<\/p>\n<p>El l\u00edder naranja ha a\u00f1adido que \u201ca Torrent le ha salido un socio de \u00faltima hora que son los se\u00f1ores de Podemos\u201d, una formaci\u00f3n que \u201cse ha convertido en el socio ideal para alargar este \u2018proc\u00e9s\u2019 ya agotado\u201d.<\/p>\n<p>De P\u00e1ramo tambi\u00e9n ha dicho que \u201clas movilizaciones en la calle deben hacerse respetando al que piense diferente y no insultando, como acaba de pasar, y precisamente en la sede Cs pintada\u201d. El portavoz de Cs se refer\u00eda al insulto que le ha lanzado un paseante durante la rueda de prensa. \u201cSon situaciones diarias que vivimos constantemente por ser el partido que ha ganado las elecciones en Catalu\u00f1a\u201d ha concluido.<\/p>\n","protected":false},"excerpt":{"rendered":"<p>\u201cEl Proc\u00e9s ha llegado a un callej\u00f3n sin salida; basta ya de confrontaci\u00f3n y de romper la sociedad catalana\u201d. As\u00ed lo ha dicho el secretario de Comunicaci\u00f3n de Ciudadanos (Cs) y portavoz adjunto en el Parlament, Fernando de P\u00e1ramo, tras lo que iba a ser la segunda sesi\u00f3n del pleno de investidura. De P\u00e1ramo ha [&hellip;]<\/p>\n","protected":false},"author":1,"featured_media":973551,"comment_status":"closed","ping_status":"closed","sticky":false,"template":"","format":"standard","meta":{"footnotes":""},"categories":[1],"tags":[],"class_list":["post-973550","post","type-post","status-publish","format-standard","has-post-thumbnail","hentry","category-actualidad"],"aioseo_notices":[],"aioseo_head":"\n\t\t<!-- All in One SEO Pro 5.0.1 - aioseo.com -->\n\t<meta name=\"description\" content=\"\u201cEl Proc\u00e9s ha llegado a un callej\u00f3n sin salida; basta ya de confrontaci\u00f3n y de romper la sociedad catalana\u201d. As\u00ed lo ha dicho el secretario de Comunicaci\u00f3n de Ciudadanos (Cs) y portavoz adjunto en el Parlament, Fernando de P\u00e1ramo, tras lo que iba a ser la segunda sesi\u00f3n del pleno de investidura. De P\u00e1ramo ha\" \/>\n\t<meta name=\"robots\" content=\"max-image-preview:large\" \/>\n\t<meta name=\"author\" content=\"El Digital de Asturias\"\/>\n\t<meta name=\"google-site-verification\" content=\"UA-38556648-1\" \/>\n\t<meta name=\"msvalidate.01\" content=\"7dfe9f3f1b24437ab69f4f2559babe99\" \/>\n\t<meta name=\"keywords\" content=\"actualidad\" \/>\n\t<link rel=\"canonical\" href=\"https:\/\/www.eldigitaldeasturias.com\/noticias\/de-paramo-el-proces-ha-llegado-a-un-callejon-sin-salida\/\" \/>\n\t<meta name=\"generator\" content=\"All in One SEO Pro (AIOSEO) 5.0.1\" \/>\n\t\t<meta property=\"og:locale\" content=\"es_ES\" \/>\n\t\t<meta property=\"og:site_name\" content=\"El Digital de Asturias\" \/>\n\t\t<meta property=\"og:type\" content=\"article\" \/>\n\t\t<meta property=\"og:title\" content=\"De P\u00e1ramo: \u00abEl proc\u00e9s ha llegado a un callej\u00f3n sin salida\u00bb - El Digital de Asturias\" \/>\n\t\t<meta property=\"og:description\" content=\"\u201cEl Proc\u00e9s ha llegado a un callej\u00f3n sin salida; basta ya de confrontaci\u00f3n y de romper la sociedad catalana\u201d. As\u00ed lo ha dicho el secretario de Comunicaci\u00f3n de Ciudadanos (Cs) y portavoz adjunto en el Parlament, Fernando de P\u00e1ramo, tras lo que iba a ser la segunda sesi\u00f3n del pleno de investidura. De P\u00e1ramo ha\" \/>\n\t\t<meta property=\"og:url\" content=\"https:\/\/www.eldigitaldeasturias.com\/noticias\/de-paramo-el-proces-ha-llegado-a-un-callejon-sin-salida\/\" \/>\n\t\t<meta property=\"article:tag\" content=\"actualidad\" \/>\n\t\t<meta property=\"article:published_time\" content=\"2018-03-25T20:30:21+00:00\" \/>\n\t\t<meta property=\"article:modified_time\" content=\"2018-03-25T20:30:21+00:00\" \/>\n\t\t<meta property=\"article:publisher\" content=\"https:\/\/facebook.com\/eldigitaldeasturias\" \/>\n\t\t<meta name=\"twitter:card\" content=\"summary_large_image\" \/>\n\t\t<meta name=\"twitter:title\" content=\"De P\u00e1ramo: \u00abEl proc\u00e9s ha llegado a un callej\u00f3n sin salida\u00bb - El Digital de Asturias\" \/>\n\t\t<meta name=\"twitter:description\" content=\"\u201cEl Proc\u00e9s ha llegado a un callej\u00f3n sin salida; basta ya de confrontaci\u00f3n y de romper la sociedad catalana\u201d. As\u00ed lo ha dicho el secretario de Comunicaci\u00f3n de Ciudadanos (Cs) y portavoz adjunto en el Parlament, Fernando de P\u00e1ramo, tras lo que iba a ser la segunda sesi\u00f3n del pleno de investidura. De P\u00e1ramo ha\" \/>\n\t\t<meta name=\"twitter:image\" content=\"https:\/\/www.eldigitaldeasturias.com\/noticias\/wp-content\/uploads\/2020\/12\/EDA-1.jpg\" \/>\n\t\t<meta name=\"twitter:label1\" content=\"Escrito por\" \/>\n\t\t<meta name=\"twitter:data1\" content=\"El Digital de Asturias\" \/>\n\t\t<meta name=\"twitter:label2\" content=\"Tiempo de lectura estimado\" \/>\n\t\t<meta name=\"twitter:data2\" content=\"1 minuto\" \/>\n\t\t<script type=\"application\/ld+json\" class=\"aioseo-schema\">\n\t\t\t{\"@context\":\"https:\\\/\\\/schema.org\",\"@graph\":[{\"@type\":\"BlogPosting\",\"@id\":\"https:\\\/\\\/www.eldigitaldeasturias.com\\\/noticias\\\/de-paramo-el-proces-ha-llegado-a-un-callejon-sin-salida\\\/#blogposting\",\"name\":\"De P\\u00e1ramo: \\u00abEl proc\\u00e9s ha llegado a un callej\\u00f3n sin salida\\u00bb - El Digital de Asturias\",\"headline\":\"De P\\u00e1ramo: \\u00abEl proc\\u00e9s ha llegado a un callej\\u00f3n sin salida\\u00bb\",\"author\":{\"@id\":\"https:\\\/\\\/www.eldigitaldeasturias.com\\\/noticias\\\/author\\\/admin\\\/#author\"},\"publisher\":{\"@id\":\"https:\\\/\\\/www.eldigitaldeasturias.com\\\/noticias\\\/#organization\"},\"image\":{\"@type\":\"ImageObject\",\"url\":973551},\"datePublished\":\"2018-03-25T20:30:21+02:00\",\"dateModified\":\"2018-03-25T20:30:21+02:00\",\"inLanguage\":\"es-ES\",\"mainEntityOfPage\":{\"@id\":\"https:\\\/\\\/www.eldigitaldeasturias.com\\\/noticias\\\/de-paramo-el-proces-ha-llegado-a-un-callejon-sin-salida\\\/#webpage\"},\"isPartOf\":{\"@id\":\"https:\\\/\\\/www.eldigitaldeasturias.com\\\/noticias\\\/de-paramo-el-proces-ha-llegado-a-un-callejon-sin-salida\\\/#webpage\"},\"articleSection\":\"Actualidad\"},{\"@type\":\"BreadcrumbList\",\"@id\":\"https:\\\/\\\/www.eldigitaldeasturias.com\\\/noticias\\\/de-paramo-el-proces-ha-llegado-a-un-callejon-sin-salida\\\/#breadcrumblist\",\"itemListElement\":[{\"@type\":\"ListItem\",\"@id\":\"https:\\\/\\\/www.eldigitaldeasturias.com\\\/noticias#listItem\",\"position\":1,\"name\":\"Home\",\"item\":\"https:\\\/\\\/www.eldigitaldeasturias.com\\\/noticias\",\"nextItem\":{\"@type\":\"ListItem\",\"@id\":\"https:\\\/\\\/www.eldigitaldeasturias.com\\\/noticias\\\/category\\\/actualidad\\\/#listItem\",\"name\":\"Actualidad\"}},{\"@type\":\"ListItem\",\"@id\":\"https:\\\/\\\/www.eldigitaldeasturias.com\\\/noticias\\\/category\\\/actualidad\\\/#listItem\",\"position\":2,\"name\":\"Actualidad\",\"item\":\"https:\\\/\\\/www.eldigitaldeasturias.com\\\/noticias\\\/category\\\/actualidad\\\/\",\"nextItem\":{\"@type\":\"ListItem\",\"@id\":\"https:\\\/\\\/www.eldigitaldeasturias.com\\\/noticias\\\/de-paramo-el-proces-ha-llegado-a-un-callejon-sin-salida\\\/#listItem\",\"name\":\"De P\\u00e1ramo: \\u00abEl proc\\u00e9s ha llegado a un callej\\u00f3n sin salida\\u00bb\"},\"previousItem\":{\"@type\":\"ListItem\",\"@id\":\"https:\\\/\\\/www.eldigitaldeasturias.com\\\/noticias#listItem\",\"name\":\"Home\"}},{\"@type\":\"ListItem\",\"@id\":\"https:\\\/\\\/www.eldigitaldeasturias.com\\\/noticias\\\/de-paramo-el-proces-ha-llegado-a-un-callejon-sin-salida\\\/#listItem\",\"position\":3,\"name\":\"De P\\u00e1ramo: \\u00abEl proc\\u00e9s ha llegado a un callej\\u00f3n sin salida\\u00bb\",\"previousItem\":{\"@type\":\"ListItem\",\"@id\":\"https:\\\/\\\/www.eldigitaldeasturias.com\\\/noticias\\\/category\\\/actualidad\\\/#listItem\",\"name\":\"Actualidad\"}}]},{\"@type\":\"Organization\",\"@id\":\"https:\\\/\\\/www.eldigitaldeasturias.com\\\/noticias\\\/#organization\",\"name\":\"El Digital de Asturias\",\"description\":\"Hemeroteca\",\"url\":\"https:\\\/\\\/www.eldigitaldeasturias.com\\\/noticias\\\/\",\"email\":\"info@eldigitaldeasturias.com\",\"telephone\":\"+34652131393\",\"logo\":{\"@type\":\"ImageObject\",\"url\":\"https:\\\/\\\/www.eldigitaldeasturias.com\\\/noticias\\\/wp-content\\\/uploads\\\/2020\\\/12\\\/EDA.jpg\",\"@id\":\"https:\\\/\\\/www.eldigitaldeasturias.com\\\/noticias\\\/de-paramo-el-proces-ha-llegado-a-un-callejon-sin-salida\\\/#organizationLogo\"},\"image\":{\"@id\":\"https:\\\/\\\/www.eldigitaldeasturias.com\\\/noticias\\\/de-paramo-el-proces-ha-llegado-a-un-callejon-sin-salida\\\/#organizationLogo\"},\"sameAs\":[\"https:\\\/\\\/facebook.com\\\/eldigitaldeasturias\",\"https:\\\/\\\/www.youtube.com\\\/channel\\\/UCZP-2wLEB9Rv6erhFmqVnvg\"],\"address\":{\"@id\":\"https:\\\/\\\/www.eldigitaldeasturias.com\\\/noticias\\\/#postaladdress\",\"@type\":\"PostalAddress\",\"streetAddress\":\"san antonio 4\",\"postalCode\":\"33430\",\"addressLocality\":\"Cand\\u00e1s\",\"addressRegion\":\"Asturias\",\"addressCountry\":\"ES\"}},{\"@type\":\"Person\",\"@id\":\"https:\\\/\\\/www.eldigitaldeasturias.com\\\/noticias\\\/author\\\/admin\\\/#author\",\"url\":\"https:\\\/\\\/www.eldigitaldeasturias.com\\\/noticias\\\/author\\\/admin\\\/\",\"name\":\"El Digital de Asturias\",\"image\":{\"@type\":\"ImageObject\",\"@id\":\"https:\\\/\\\/www.eldigitaldeasturias.com\\\/noticias\\\/de-paramo-el-proces-ha-llegado-a-un-callejon-sin-salida\\\/#authorImage\",\"url\":\"https:\\\/\\\/secure.gravatar.com\\\/avatar\\\/df2aeffc32bcd13f8d26072ef8a91b623d677766deac7f97ca815868cd41bf5e?s=96&d=mm&r=g\",\"width\":96,\"height\":96,\"caption\":\"El Digital de Asturias\"}},{\"@type\":\"WebPage\",\"@id\":\"https:\\\/\\\/www.eldigitaldeasturias.com\\\/noticias\\\/de-paramo-el-proces-ha-llegado-a-un-callejon-sin-salida\\\/#webpage\",\"url\":\"https:\\\/\\\/www.eldigitaldeasturias.com\\\/noticias\\\/de-paramo-el-proces-ha-llegado-a-un-callejon-sin-salida\\\/\",\"name\":\"De P\\u00e1ramo: \\u00abEl proc\\u00e9s ha llegado a un callej\\u00f3n sin salida\\u00bb - El Digital de Asturias\",\"description\":\"\\u201cEl Proc\\u00e9s ha llegado a un callej\\u00f3n sin salida; basta ya de confrontaci\\u00f3n y de romper la sociedad catalana\\u201d. As\\u00ed lo ha dicho el secretario de Comunicaci\\u00f3n de Ciudadanos (Cs) y portavoz adjunto en el Parlament, Fernando de P\\u00e1ramo, tras lo que iba a ser la segunda sesi\\u00f3n del pleno de investidura. De P\\u00e1ramo ha\",\"inLanguage\":\"es-ES\",\"isPartOf\":{\"@id\":\"https:\\\/\\\/www.eldigitaldeasturias.com\\\/noticias\\\/#website\"},\"breadcrumb\":{\"@id\":\"https:\\\/\\\/www.eldigitaldeasturias.com\\\/noticias\\\/de-paramo-el-proces-ha-llegado-a-un-callejon-sin-salida\\\/#breadcrumblist\"},\"author\":{\"@id\":\"https:\\\/\\\/www.eldigitaldeasturias.com\\\/noticias\\\/author\\\/admin\\\/#author\"},\"creator\":{\"@id\":\"https:\\\/\\\/www.eldigitaldeasturias.com\\\/noticias\\\/author\\\/admin\\\/#author\"},\"image\":{\"@type\":\"ImageObject\",\"url\":973551,\"@id\":\"https:\\\/\\\/www.eldigitaldeasturias.com\\\/noticias\\\/de-paramo-el-proces-ha-llegado-a-un-callejon-sin-salida\\\/#mainImage\"},\"primaryImageOfPage\":{\"@id\":\"https:\\\/\\\/www.eldigitaldeasturias.com\\\/noticias\\\/de-paramo-el-proces-ha-llegado-a-un-callejon-sin-salida\\\/#mainImage\"},\"datePublished\":\"2018-03-25T20:30:21+02:00\",\"dateModified\":\"2018-03-25T20:30:21+02:00\"},{\"@type\":\"WebSite\",\"@id\":\"https:\\\/\\\/www.eldigitaldeasturias.com\\\/noticias\\\/#website\",\"url\":\"https:\\\/\\\/www.eldigitaldeasturias.com\\\/noticias\\\/\",\"name\":\"El Digital de Asturias - Diario de actualidad y noticias\",\"alternateName\":\"El Digital de Asturias - Diario de actualidad y noticias\",\"description\":\"Hemeroteca\",\"inLanguage\":\"es-ES\",\"publisher\":{\"@id\":\"https:\\\/\\\/www.eldigitaldeasturias.com\\\/noticias\\\/#organization\"}}]}\n\t\t<\/script>\n\t\t<!-- All in One SEO Pro -->\r\n\t\t<title>De P\u00e1ramo: \u00abEl proc\u00e9s ha llegado a un callej\u00f3n sin salida\u00bb - El Digital de Asturias<\/title>\n\n","aioseo_head_json":{"title":"De P\u00e1ramo: \u00abEl proc\u00e9s ha llegado a un callej\u00f3n sin salida\u00bb - El Digital de Asturias","description":"\u201cEl Proc\u00e9s ha llegado a un callej\u00f3n sin salida; basta ya de confrontaci\u00f3n y de romper la sociedad catalana\u201d. As\u00ed lo ha dicho el secretario de Comunicaci\u00f3n de Ciudadanos (Cs) y portavoz adjunto en el Parlament, Fernando de P\u00e1ramo, tras lo que iba a ser la segunda sesi\u00f3n del pleno de investidura. De P\u00e1ramo ha","canonical_url":"https:\/\/www.eldigitaldeasturias.com\/noticias\/de-paramo-el-proces-ha-llegado-a-un-callejon-sin-salida\/","robots":"max-image-preview:large","keywords":"actualidad","webmasterTools":{"google-site-verification":"UA-38556648-1","msvalidate.01":"7dfe9f3f1b24437ab69f4f2559babe99","miscellaneous":""},"schema":{"@context":"https:\/\/schema.org","@graph":[{"@type":"BlogPosting","@id":"https:\/\/www.eldigitaldeasturias.com\/noticias\/de-paramo-el-proces-ha-llegado-a-un-callejon-sin-salida\/#blogposting","name":"De P\u00e1ramo: \u00abEl proc\u00e9s ha llegado a un callej\u00f3n sin salida\u00bb - El Digital de Asturias","headline":"De P\u00e1ramo: \u00abEl proc\u00e9s ha llegado a un callej\u00f3n sin salida\u00bb","author":{"@id":"https:\/\/www.eldigitaldeasturias.com\/noticias\/author\/admin\/#author"},"publisher":{"@id":"https:\/\/www.eldigitaldeasturias.com\/noticias\/#organization"},"image":{"@type":"ImageObject","url":973551},"datePublished":"2018-03-25T20:30:21+02:00","dateModified":"2018-03-25T20:30:21+02:00","inLanguage":"es-ES","mainEntityOfPage":{"@id":"https:\/\/www.eldigitaldeasturias.com\/noticias\/de-paramo-el-proces-ha-llegado-a-un-callejon-sin-salida\/#webpage"},"isPartOf":{"@id":"https:\/\/www.eldigitaldeasturias.com\/noticias\/de-paramo-el-proces-ha-llegado-a-un-callejon-sin-salida\/#webpage"},"articleSection":"Actualidad"},{"@type":"BreadcrumbList","@id":"https:\/\/www.eldigitaldeasturias.com\/noticias\/de-paramo-el-proces-ha-llegado-a-un-callejon-sin-salida\/#breadcrumblist","itemListElement":[{"@type":"ListItem","@id":"https:\/\/www.eldigitaldeasturias.com\/noticias#listItem","position":1,"name":"Home","item":"https:\/\/www.eldigitaldeasturias.com\/noticias","nextItem":{"@type":"ListItem","@id":"https:\/\/www.eldigitaldeasturias.com\/noticias\/category\/actualidad\/#listItem","name":"Actualidad"}},{"@type":"ListItem","@id":"https:\/\/www.eldigitaldeasturias.com\/noticias\/category\/actualidad\/#listItem","position":2,"name":"Actualidad","item":"https:\/\/www.eldigitaldeasturias.com\/noticias\/category\/actualidad\/","nextItem":{"@type":"ListItem","@id":"https:\/\/www.eldigitaldeasturias.com\/noticias\/de-paramo-el-proces-ha-llegado-a-un-callejon-sin-salida\/#listItem","name":"De P\u00e1ramo: \u00abEl proc\u00e9s ha llegado a un callej\u00f3n sin salida\u00bb"},"previousItem":{"@type":"ListItem","@id":"https:\/\/www.eldigitaldeasturias.com\/noticias#listItem","name":"Home"}},{"@type":"ListItem","@id":"https:\/\/www.eldigitaldeasturias.com\/noticias\/de-paramo-el-proces-ha-llegado-a-un-callejon-sin-salida\/#listItem","position":3,"name":"De P\u00e1ramo: \u00abEl proc\u00e9s ha llegado a un callej\u00f3n sin salida\u00bb","previousItem":{"@type":"ListItem","@id":"https:\/\/www.eldigitaldeasturias.com\/noticias\/category\/actualidad\/#listItem","name":"Actualidad"}}]},{"@type":"Organization","@id":"https:\/\/www.eldigitaldeasturias.com\/noticias\/#organization","name":"El Digital de Asturias","description":"Hemeroteca","url":"https:\/\/www.eldigitaldeasturias.com\/noticias\/","email":"info@eldigitaldeasturias.com","telephone":"+34652131393","logo":{"@type":"ImageObject","url":"https:\/\/www.eldigitaldeasturias.com\/noticias\/wp-content\/uploads\/2020\/12\/EDA.jpg","@id":"https:\/\/www.eldigitaldeasturias.com\/noticias\/de-paramo-el-proces-ha-llegado-a-un-callejon-sin-salida\/#organizationLogo"},"image":{"@id":"https:\/\/www.eldigitaldeasturias.com\/noticias\/de-paramo-el-proces-ha-llegado-a-un-callejon-sin-salida\/#organizationLogo"},"sameAs":["https:\/\/facebook.com\/eldigitaldeasturias","https:\/\/www.youtube.com\/channel\/UCZP-2wLEB9Rv6erhFmqVnvg"],"address":{"@id":"https:\/\/www.eldigitaldeasturias.com\/noticias\/#postaladdress","@type":"PostalAddress","streetAddress":"san antonio 4","postalCode":"33430","addressLocality":"Cand\u00e1s","addressRegion":"Asturias","addressCountry":"ES"}},{"@type":"Person","@id":"https:\/\/www.eldigitaldeasturias.com\/noticias\/author\/admin\/#author","url":"https:\/\/www.eldigitaldeasturias.com\/noticias\/author\/admin\/","name":"El Digital de Asturias","image":{"@type":"ImageObject","@id":"https:\/\/www.eldigitaldeasturias.com\/noticias\/de-paramo-el-proces-ha-llegado-a-un-callejon-sin-salida\/#authorImage","url":"https:\/\/secure.gravatar.com\/avatar\/df2aeffc32bcd13f8d26072ef8a91b623d677766deac7f97ca815868cd41bf5e?s=96&d=mm&r=g","width":96,"height":96,"caption":"El Digital de Asturias"}},{"@type":"WebPage","@id":"https:\/\/www.eldigitaldeasturias.com\/noticias\/de-paramo-el-proces-ha-llegado-a-un-callejon-sin-salida\/#webpage","url":"https:\/\/www.eldigitaldeasturias.com\/noticias\/de-paramo-el-proces-ha-llegado-a-un-callejon-sin-salida\/","name":"De P\u00e1ramo: \u00abEl proc\u00e9s ha llegado a un callej\u00f3n sin salida\u00bb - El Digital de Asturias","description":"\u201cEl Proc\u00e9s ha llegado a un callej\u00f3n sin salida; basta ya de confrontaci\u00f3n y de romper la sociedad catalana\u201d. As\u00ed lo ha dicho el secretario de Comunicaci\u00f3n de Ciudadanos (Cs) y portavoz adjunto en el Parlament, Fernando de P\u00e1ramo, tras lo que iba a ser la segunda sesi\u00f3n del pleno de investidura. De P\u00e1ramo ha","inLanguage":"es-ES","isPartOf":{"@id":"https:\/\/www.eldigitaldeasturias.com\/noticias\/#website"},"breadcrumb":{"@id":"https:\/\/www.eldigitaldeasturias.com\/noticias\/de-paramo-el-proces-ha-llegado-a-un-callejon-sin-salida\/#breadcrumblist"},"author":{"@id":"https:\/\/www.eldigitaldeasturias.com\/noticias\/author\/admin\/#author"},"creator":{"@id":"https:\/\/www.eldigitaldeasturias.com\/noticias\/author\/admin\/#author"},"image":{"@type":"ImageObject","url":973551,"@id":"https:\/\/www.eldigitaldeasturias.com\/noticias\/de-paramo-el-proces-ha-llegado-a-un-callejon-sin-salida\/#mainImage"},"primaryImageOfPage":{"@id":"https:\/\/www.eldigitaldeasturias.com\/noticias\/de-paramo-el-proces-ha-llegado-a-un-callejon-sin-salida\/#mainImage"},"datePublished":"2018-03-25T20:30:21+02:00","dateModified":"2018-03-25T20:30:21+02:00"},{"@type":"WebSite","@id":"https:\/\/www.eldigitaldeasturias.com\/noticias\/#website","url":"https:\/\/www.eldigitaldeasturias.com\/noticias\/","name":"El Digital de Asturias - Diario de actualidad y noticias","alternateName":"El Digital de Asturias - Diario de actualidad y noticias","description":"Hemeroteca","inLanguage":"es-ES","publisher":{"@id":"https:\/\/www.eldigitaldeasturias.com\/noticias\/#organization"}}]},"og:locale":"es_ES","og:site_name":"El Digital de Asturias","og:type":"article","og:title":"De P\u00e1ramo: \u00abEl proc\u00e9s ha llegado a un callej\u00f3n sin salida\u00bb - El Digital de Asturias","og:description":"\u201cEl Proc\u00e9s ha llegado a un callej\u00f3n sin salida; basta ya de confrontaci\u00f3n y de romper la sociedad catalana\u201d. As\u00ed lo ha dicho el secretario de Comunicaci\u00f3n de Ciudadanos (Cs) y portavoz adjunto en el Parlament, Fernando de P\u00e1ramo, tras lo que iba a ser la segunda sesi\u00f3n del pleno de investidura. De P\u00e1ramo ha","og:url":"https:\/\/www.eldigitaldeasturias.com\/noticias\/de-paramo-el-proces-ha-llegado-a-un-callejon-sin-salida\/","article:tag":["actualidad"],"article:published_time":"2018-03-25T20:30:21+00:00","article:modified_time":"2018-03-25T20:30:21+00:00","article:publisher":"https:\/\/facebook.com\/eldigitaldeasturias","twitter:card":"summary_large_image","twitter:title":"De P\u00e1ramo: \u00abEl proc\u00e9s ha llegado a un callej\u00f3n sin salida\u00bb - El Digital de Asturias","twitter:description":"\u201cEl Proc\u00e9s ha llegado a un callej\u00f3n sin salida; basta ya de confrontaci\u00f3n y de romper la sociedad catalana\u201d. As\u00ed lo ha dicho el secretario de Comunicaci\u00f3n de Ciudadanos (Cs) y portavoz adjunto en el Parlament, Fernando de P\u00e1ramo, tras lo que iba a ser la segunda sesi\u00f3n del pleno de investidura. De P\u00e1ramo ha","twitter:image":"https:\/\/www.eldigitaldeasturias.com\/noticias\/wp-content\/uploads\/2020\/12\/EDA-1.jpg","twitter:label1":"Escrito por","twitter:data1":"El Digital de Asturias","twitter:label2":"Tiempo de lectura estimado","twitter:data2":"1 minuto"},"aioseo_meta_data":{"post_id":"973550","title":null,"description":null,"keywords":null,"keyphrases":null,"primary_term":null,"canonical_url":null,"og_title":null,"og_description":null,"og_object_type":"default","og_image_type":"default","og_image_url":null,"og_image_width":null,"og_image_height":null,"og_image_custom_url":null,"og_image_custom_fields":null,"og_video":null,"og_custom_url":null,"og_article_section":null,"og_article_tags":null,"twitter_use_og":false,"twitter_card":"default","twitter_image_type":"default","twitter_image_url":null,"twitter_image_custom_url":null,"twitter_image_custom_fields":null,"twitter_title":null,"twitter_description":null,"schema":{"blockGraphs":[],"customGraphs":[],"default":{"data":{"Article":[],"Course":[],"Dataset":[],"FAQPage":[],"Movie":[],"Person":[],"Product":[],"ProductReview":[],"Car":[],"Recipe":[],"Service":[],"SoftwareApplication":[],"WebPage":[]},"graphName":"","isEnabled":true},"graphs":[],"defaultGraph":"","defaultPostTypeGraph":""},"schema_type":null,"schema_type_options":null,"pillar_content":false,"robots_default":true,"robots_noindex":false,"robots_noarchive":false,"robots_nosnippet":false,"robots_nofollow":false,"robots_noimageindex":false,"robots_noodp":false,"robots_notranslate":false,"robots_max_snippet":null,"robots_max_videopreview":null,"robots_max_imagepreview":"large","priority":null,"frequency":null,"local_seo":null,"seo_analyzer_scan_date":"2025-10-07 16:57:11","breadcrumb_settings":null,"limit_modified_date":false,"open_ai":null,"ai":null,"created":"2020-12-21 12:15:37","updated":"2025-10-07 16:57:11","focus_keyword":null,"additional_keywords":null,"truseo_locale":null},"aioseo_breadcrumb":"<div class=\"aioseo-breadcrumbs\"><span class=\"aioseo-breadcrumb\">\n\t<a href=\"https:\/\/www.eldigitaldeasturias.com\/noticias\" title=\"Home\">Home<\/a>\n<\/span><span class=\"aioseo-breadcrumb-separator\">\u2013<\/span><span class=\"aioseo-breadcrumb\">\n\t<a href=\"https:\/\/www.eldigitaldeasturias.com\/noticias\/category\/actualidad\/\" title=\"Actualidad\">Actualidad<\/a>\n<\/span><span class=\"aioseo-breadcrumb-separator\">\u2013<\/span><span class=\"aioseo-breadcrumb\">\n\t<a href=\"https:\/\/www.eldigitaldeasturias.com\/noticias\/de-paramo-el-proces-ha-llegado-a-un-callejon-sin-salida\/\" title=\"De P\u00e1ramo: \u00abEl proc\u00e9s ha llegado a un callej\u00f3n sin salida\u00bb\">De P\u00e1ramo: \u00abEl proc\u00e9s ha llegado a un callej\u00f3n sin salida\u00bb<\/a>\n<\/span><\/div>","aioseo_breadcrumb_json":[{"label":"Home","link":"https:\/\/www.eldigitaldeasturias.com\/noticias"},{"label":"Actualidad","link":"https:\/\/www.eldigitaldeasturias.com\/noticias\/category\/actualidad\/"},{"label":"De P\u00e1ramo: \u00abEl proc\u00e9s ha llegado a un callej\u00f3n sin salida\u00bb","link":"https:\/\/www.eldigitaldeasturias.com\/noticias\/de-paramo-el-proces-ha-llegado-a-un-callejon-sin-salida\/"}],"_links":{"self":[{"href":"https:\/\/www.eldigitaldeasturias.com\/noticias\/wp-json\/wp\/v2\/posts\/973550","targetHints":{"allow":["GET"]}}],"collection":[{"href":"https:\/\/www.eldigitaldeasturias.com\/noticias\/wp-json\/wp\/v2\/posts"}],"about":[{"href":"https:\/\/www.eldigitaldeasturias.com\/noticias\/wp-json\/wp\/v2\/types\/post"}],"author":[{"embeddable":true,"href":"https:\/\/www.eldigitaldeasturias.com\/noticias\/wp-json\/wp\/v2\/users\/1"}],"replies":[{"embeddable":true,"href":"https:\/\/www.eldigitaldeasturias.com\/noticias\/wp-json\/wp\/v2\/comments?post=973550"}],"version-history":[{"count":0,"href":"https:\/\/www.eldigitaldeasturias.com\/noticias\/wp-json\/wp\/v2\/posts\/973550\/revisions"}],"wp:attachment":[{"href":"https:\/\/www.eldigitaldeasturias.com\/noticias\/wp-json\/wp\/v2\/media?parent=973550"}],"wp:term":[{"taxonomy":"category","embeddable":true,"href":"https:\/\/www.eldigitaldeasturias.com\/noticias\/wp-json\/wp\/v2\/categories?post=973550"},{"taxonomy":"post_tag","embeddable":true,"href":"https:\/\/www.eldigitaldeasturias.com\/noticias\/wp-json\/wp\/v2\/tags?post=973550"}],"curies":[{"name":"wp","href":"https:\/\/api.w.org\/{rel}","templated":true}]}}