{"id":973543,"date":"2018-03-25T17:41:37","date_gmt":"2018-03-25T17:41:37","guid":{"rendered":"http:\/\/www.eldigitaldeasturias.com\/noticias\/?p=973543"},"modified":"2018-03-25T17:41:37","modified_gmt":"2018-03-25T17:41:37","slug":"zuckerberg-se-disculpa-por-el-escandalo-de-facebook","status":"publish","type":"post","link":"https:\/\/www.eldigitaldeasturias.com\/noticias\/zuckerberg-se-disculpa-por-el-escandalo-de-facebook\/","title":{"rendered":"Zuckerberg se disculpa por el esc\u00e1ndalo de Facebook"},"content":{"rendered":"<p><img loading=\"lazy\" decoding=\"async\" class=\"alignleft size-medium wp-image-973365\" src=\"https:\/\/www.eldigitaldeasturias.com\/noticias\/wp-content\/uploads\/2018\/03\/Facebook-tocado-y-hundido_image_380-360x262.jpg\" alt=\"\" width=\"360\" height=\"262\" \/>Londres, 25 mar (dpa) &#8211; El fundador y presidente de la red social Facebook, Mark Zuckerberg, se disculp\u00f3 hoy por el esc\u00e1ndalo de la filtraci\u00f3n masiva de datos que salpica a su empresa en anuncios publicados a p\u00e1gina completa en varios peri\u00f3dicos brit\u00e1nicos.<\/p>\n<p>\u00abTenemos la responsabilidad de proteger sus datos. Si no podemos hacerlo, no nos la merecemos\u00bb, reza el texto del anuncio firmado por Zuckerberg, marcado solo por un peque\u00f1o logo de Facebook en la parte inferior. El anuncio fue publicado en \u00abThe Observer\u00bb y \u00abThe Sunday Times\u00bb, entre otros peri\u00f3dicos brit\u00e1nicos.<\/p>\n<p>Hace aproximadamente una semana se revel\u00f3 que la empresa brit\u00e1nica para el an\u00e1lisis de datos Cambridge Analytica hab\u00eda accedido ilegalmente a los datos de hasta 50 millones de perfiles de Facebook, supuestamente con el objetivo de influir en el voto de electores estadounidenses a favor de Donald Trump durante las elecciones presidenciales de 2016.<\/p>\n<p>Zuckerberg prometi\u00f3 en el anuncio publicado hoy reducir el volumen de los datos que se puede recopilar mediante apps en Facebook.<\/p>\n","protected":false},"excerpt":{"rendered":"<p>Londres, 25 mar (dpa) &#8211; El fundador y presidente de la red social Facebook, Mark Zuckerberg, se disculp\u00f3 hoy por el esc\u00e1ndalo de la filtraci\u00f3n masiva de datos que salpica a su empresa en anuncios publicados a p\u00e1gina completa en varios peri\u00f3dicos brit\u00e1nicos. \u00abTenemos la responsabilidad de proteger sus datos. Si no podemos hacerlo, no [&hellip;]<\/p>\n","protected":false},"author":1,"featured_media":973365,"comment_status":"closed","ping_status":"closed","sticky":false,"template":"","format":"standard","meta":{"footnotes":""},"categories":[1],"tags":[],"class_list":["post-973543","post","type-post","status-publish","format-standard","has-post-thumbnail","hentry","category-actualidad"],"aioseo_notices":[],"aioseo_head":"\n\t\t<!-- All in One SEO Pro 5.0.1 - aioseo.com -->\n\t<meta name=\"description\" content=\"Londres, 25 mar (dpa) - El fundador y presidente de la red social Facebook, Mark Zuckerberg, se disculp\u00f3 hoy por el esc\u00e1ndalo de la filtraci\u00f3n masiva de datos que salpica a su empresa en anuncios publicados a p\u00e1gina completa en varios peri\u00f3dicos brit\u00e1nicos. &quot;Tenemos la responsabilidad de proteger sus datos. Si no podemos hacerlo, no\" \/>\n\t<meta name=\"robots\" content=\"max-image-preview:large\" \/>\n\t<meta name=\"author\" content=\"El Digital de Asturias\"\/>\n\t<meta name=\"google-site-verification\" content=\"UA-38556648-1\" \/>\n\t<meta name=\"msvalidate.01\" content=\"7dfe9f3f1b24437ab69f4f2559babe99\" \/>\n\t<meta name=\"keywords\" content=\"actualidad\" \/>\n\t<link rel=\"canonical\" href=\"https:\/\/www.eldigitaldeasturias.com\/noticias\/zuckerberg-se-disculpa-por-el-escandalo-de-facebook\/\" \/>\n\t<meta name=\"generator\" content=\"All in One SEO Pro (AIOSEO) 5.0.1\" \/>\n\t\t<meta property=\"og:locale\" content=\"es_ES\" \/>\n\t\t<meta property=\"og:site_name\" content=\"El Digital de Asturias\" \/>\n\t\t<meta property=\"og:type\" content=\"article\" \/>\n\t\t<meta property=\"og:title\" content=\"Zuckerberg se disculpa por el esc\u00e1ndalo de Facebook - El Digital de Asturias\" \/>\n\t\t<meta property=\"og:description\" content=\"Londres, 25 mar (dpa) - El fundador y presidente de la red social Facebook, Mark Zuckerberg, se disculp\u00f3 hoy por el esc\u00e1ndalo de la filtraci\u00f3n masiva de datos que salpica a su empresa en anuncios publicados a p\u00e1gina completa en varios peri\u00f3dicos brit\u00e1nicos. &quot;Tenemos la responsabilidad de proteger sus datos. Si no podemos hacerlo, no\" \/>\n\t\t<meta property=\"og:url\" content=\"https:\/\/www.eldigitaldeasturias.com\/noticias\/zuckerberg-se-disculpa-por-el-escandalo-de-facebook\/\" \/>\n\t\t<meta property=\"article:tag\" content=\"actualidad\" \/>\n\t\t<meta property=\"article:published_time\" content=\"2018-03-25T17:41:37+00:00\" \/>\n\t\t<meta property=\"article:modified_time\" content=\"2018-03-25T17:41:37+00:00\" \/>\n\t\t<meta property=\"article:publisher\" content=\"https:\/\/facebook.com\/eldigitaldeasturias\" \/>\n\t\t<meta name=\"twitter:card\" content=\"summary_large_image\" \/>\n\t\t<meta name=\"twitter:title\" content=\"Zuckerberg se disculpa por el esc\u00e1ndalo de Facebook - El Digital de Asturias\" \/>\n\t\t<meta name=\"twitter:description\" content=\"Londres, 25 mar (dpa) - El fundador y presidente de la red social Facebook, Mark Zuckerberg, se disculp\u00f3 hoy por el esc\u00e1ndalo de la filtraci\u00f3n masiva de datos que salpica a su empresa en anuncios publicados a p\u00e1gina completa en varios peri\u00f3dicos brit\u00e1nicos. &quot;Tenemos la responsabilidad de proteger sus datos. Si no podemos hacerlo, no\" \/>\n\t\t<meta name=\"twitter:image\" content=\"https:\/\/www.eldigitaldeasturias.com\/noticias\/wp-content\/uploads\/2020\/12\/EDA-1.jpg\" \/>\n\t\t<meta name=\"twitter:label1\" content=\"Escrito por\" \/>\n\t\t<meta name=\"twitter:data1\" content=\"El Digital de Asturias\" \/>\n\t\t<meta name=\"twitter:label2\" content=\"Tiempo de lectura estimado\" \/>\n\t\t<meta name=\"twitter:data2\" content=\"1 minuto\" \/>\n\t\t<script type=\"application\/ld+json\" class=\"aioseo-schema\">\n\t\t\t{\"@context\":\"https:\\\/\\\/schema.org\",\"@graph\":[{\"@type\":\"BlogPosting\",\"@id\":\"https:\\\/\\\/www.eldigitaldeasturias.com\\\/noticias\\\/zuckerberg-se-disculpa-por-el-escandalo-de-facebook\\\/#blogposting\",\"name\":\"Zuckerberg se disculpa por el esc\\u00e1ndalo de Facebook - El Digital de Asturias\",\"headline\":\"Zuckerberg se disculpa por el esc\\u00e1ndalo de Facebook\",\"author\":{\"@id\":\"https:\\\/\\\/www.eldigitaldeasturias.com\\\/noticias\\\/author\\\/admin\\\/#author\"},\"publisher\":{\"@id\":\"https:\\\/\\\/www.eldigitaldeasturias.com\\\/noticias\\\/#organization\"},\"image\":{\"@type\":\"ImageObject\",\"url\":973365},\"datePublished\":\"2018-03-25T17:41:37+02:00\",\"dateModified\":\"2018-03-25T17:41:37+02:00\",\"inLanguage\":\"es-ES\",\"mainEntityOfPage\":{\"@id\":\"https:\\\/\\\/www.eldigitaldeasturias.com\\\/noticias\\\/zuckerberg-se-disculpa-por-el-escandalo-de-facebook\\\/#webpage\"},\"isPartOf\":{\"@id\":\"https:\\\/\\\/www.eldigitaldeasturias.com\\\/noticias\\\/zuckerberg-se-disculpa-por-el-escandalo-de-facebook\\\/#webpage\"},\"articleSection\":\"Actualidad\"},{\"@type\":\"BreadcrumbList\",\"@id\":\"https:\\\/\\\/www.eldigitaldeasturias.com\\\/noticias\\\/zuckerberg-se-disculpa-por-el-escandalo-de-facebook\\\/#breadcrumblist\",\"itemListElement\":[{\"@type\":\"ListItem\",\"@id\":\"https:\\\/\\\/www.eldigitaldeasturias.com\\\/noticias#listItem\",\"position\":1,\"name\":\"Home\",\"item\":\"https:\\\/\\\/www.eldigitaldeasturias.com\\\/noticias\",\"nextItem\":{\"@type\":\"ListItem\",\"@id\":\"https:\\\/\\\/www.eldigitaldeasturias.com\\\/noticias\\\/category\\\/actualidad\\\/#listItem\",\"name\":\"Actualidad\"}},{\"@type\":\"ListItem\",\"@id\":\"https:\\\/\\\/www.eldigitaldeasturias.com\\\/noticias\\\/category\\\/actualidad\\\/#listItem\",\"position\":2,\"name\":\"Actualidad\",\"item\":\"https:\\\/\\\/www.eldigitaldeasturias.com\\\/noticias\\\/category\\\/actualidad\\\/\",\"nextItem\":{\"@type\":\"ListItem\",\"@id\":\"https:\\\/\\\/www.eldigitaldeasturias.com\\\/noticias\\\/zuckerberg-se-disculpa-por-el-escandalo-de-facebook\\\/#listItem\",\"name\":\"Zuckerberg se disculpa por el esc\\u00e1ndalo de Facebook\"},\"previousItem\":{\"@type\":\"ListItem\",\"@id\":\"https:\\\/\\\/www.eldigitaldeasturias.com\\\/noticias#listItem\",\"name\":\"Home\"}},{\"@type\":\"ListItem\",\"@id\":\"https:\\\/\\\/www.eldigitaldeasturias.com\\\/noticias\\\/zuckerberg-se-disculpa-por-el-escandalo-de-facebook\\\/#listItem\",\"position\":3,\"name\":\"Zuckerberg se disculpa por el esc\\u00e1ndalo de Facebook\",\"previousItem\":{\"@type\":\"ListItem\",\"@id\":\"https:\\\/\\\/www.eldigitaldeasturias.com\\\/noticias\\\/category\\\/actualidad\\\/#listItem\",\"name\":\"Actualidad\"}}]},{\"@type\":\"Organization\",\"@id\":\"https:\\\/\\\/www.eldigitaldeasturias.com\\\/noticias\\\/#organization\",\"name\":\"El Digital de Asturias\",\"description\":\"Hemeroteca\",\"url\":\"https:\\\/\\\/www.eldigitaldeasturias.com\\\/noticias\\\/\",\"email\":\"info@eldigitaldeasturias.com\",\"telephone\":\"+34652131393\",\"logo\":{\"@type\":\"ImageObject\",\"url\":\"https:\\\/\\\/www.eldigitaldeasturias.com\\\/noticias\\\/wp-content\\\/uploads\\\/2020\\\/12\\\/EDA.jpg\",\"@id\":\"https:\\\/\\\/www.eldigitaldeasturias.com\\\/noticias\\\/zuckerberg-se-disculpa-por-el-escandalo-de-facebook\\\/#organizationLogo\"},\"image\":{\"@id\":\"https:\\\/\\\/www.eldigitaldeasturias.com\\\/noticias\\\/zuckerberg-se-disculpa-por-el-escandalo-de-facebook\\\/#organizationLogo\"},\"sameAs\":[\"https:\\\/\\\/facebook.com\\\/eldigitaldeasturias\",\"https:\\\/\\\/www.youtube.com\\\/channel\\\/UCZP-2wLEB9Rv6erhFmqVnvg\"],\"address\":{\"@id\":\"https:\\\/\\\/www.eldigitaldeasturias.com\\\/noticias\\\/#postaladdress\",\"@type\":\"PostalAddress\",\"streetAddress\":\"san antonio 4\",\"postalCode\":\"33430\",\"addressLocality\":\"Cand\\u00e1s\",\"addressRegion\":\"Asturias\",\"addressCountry\":\"ES\"}},{\"@type\":\"Person\",\"@id\":\"https:\\\/\\\/www.eldigitaldeasturias.com\\\/noticias\\\/author\\\/admin\\\/#author\",\"url\":\"https:\\\/\\\/www.eldigitaldeasturias.com\\\/noticias\\\/author\\\/admin\\\/\",\"name\":\"El Digital de Asturias\",\"image\":{\"@type\":\"ImageObject\",\"@id\":\"https:\\\/\\\/www.eldigitaldeasturias.com\\\/noticias\\\/zuckerberg-se-disculpa-por-el-escandalo-de-facebook\\\/#authorImage\",\"url\":\"https:\\\/\\\/secure.gravatar.com\\\/avatar\\\/df2aeffc32bcd13f8d26072ef8a91b623d677766deac7f97ca815868cd41bf5e?s=96&d=mm&r=g\",\"width\":96,\"height\":96,\"caption\":\"El Digital de Asturias\"}},{\"@type\":\"WebPage\",\"@id\":\"https:\\\/\\\/www.eldigitaldeasturias.com\\\/noticias\\\/zuckerberg-se-disculpa-por-el-escandalo-de-facebook\\\/#webpage\",\"url\":\"https:\\\/\\\/www.eldigitaldeasturias.com\\\/noticias\\\/zuckerberg-se-disculpa-por-el-escandalo-de-facebook\\\/\",\"name\":\"Zuckerberg se disculpa por el esc\\u00e1ndalo de Facebook - El Digital de Asturias\",\"description\":\"Londres, 25 mar (dpa) - El fundador y presidente de la red social Facebook, Mark Zuckerberg, se disculp\\u00f3 hoy por el esc\\u00e1ndalo de la filtraci\\u00f3n masiva de datos que salpica a su empresa en anuncios publicados a p\\u00e1gina completa en varios peri\\u00f3dicos brit\\u00e1nicos. \\\"Tenemos la responsabilidad de proteger sus datos. Si no podemos hacerlo, no\",\"inLanguage\":\"es-ES\",\"isPartOf\":{\"@id\":\"https:\\\/\\\/www.eldigitaldeasturias.com\\\/noticias\\\/#website\"},\"breadcrumb\":{\"@id\":\"https:\\\/\\\/www.eldigitaldeasturias.com\\\/noticias\\\/zuckerberg-se-disculpa-por-el-escandalo-de-facebook\\\/#breadcrumblist\"},\"author\":{\"@id\":\"https:\\\/\\\/www.eldigitaldeasturias.com\\\/noticias\\\/author\\\/admin\\\/#author\"},\"creator\":{\"@id\":\"https:\\\/\\\/www.eldigitaldeasturias.com\\\/noticias\\\/author\\\/admin\\\/#author\"},\"image\":{\"@type\":\"ImageObject\",\"url\":973365,\"@id\":\"https:\\\/\\\/www.eldigitaldeasturias.com\\\/noticias\\\/zuckerberg-se-disculpa-por-el-escandalo-de-facebook\\\/#mainImage\"},\"primaryImageOfPage\":{\"@id\":\"https:\\\/\\\/www.eldigitaldeasturias.com\\\/noticias\\\/zuckerberg-se-disculpa-por-el-escandalo-de-facebook\\\/#mainImage\"},\"datePublished\":\"2018-03-25T17:41:37+02:00\",\"dateModified\":\"2018-03-25T17:41:37+02:00\"},{\"@type\":\"WebSite\",\"@id\":\"https:\\\/\\\/www.eldigitaldeasturias.com\\\/noticias\\\/#website\",\"url\":\"https:\\\/\\\/www.eldigitaldeasturias.com\\\/noticias\\\/\",\"name\":\"El Digital de Asturias - Diario de actualidad y noticias\",\"alternateName\":\"El Digital de Asturias - Diario de actualidad y noticias\",\"description\":\"Hemeroteca\",\"inLanguage\":\"es-ES\",\"publisher\":{\"@id\":\"https:\\\/\\\/www.eldigitaldeasturias.com\\\/noticias\\\/#organization\"}}]}\n\t\t<\/script>\n\t\t<!-- All in One SEO Pro -->\r\n\t\t<title>Zuckerberg se disculpa por el esc\u00e1ndalo de Facebook - El Digital de Asturias<\/title>\n\n","aioseo_head_json":{"title":"Zuckerberg se disculpa por el esc\u00e1ndalo de Facebook - El Digital de Asturias","description":"Londres, 25 mar (dpa) - El fundador y presidente de la red social Facebook, Mark Zuckerberg, se disculp\u00f3 hoy por el esc\u00e1ndalo de la filtraci\u00f3n masiva de datos que salpica a su empresa en anuncios publicados a p\u00e1gina completa en varios peri\u00f3dicos brit\u00e1nicos. \"Tenemos la responsabilidad de proteger sus datos. Si no podemos hacerlo, no","canonical_url":"https:\/\/www.eldigitaldeasturias.com\/noticias\/zuckerberg-se-disculpa-por-el-escandalo-de-facebook\/","robots":"max-image-preview:large","keywords":"actualidad","webmasterTools":{"google-site-verification":"UA-38556648-1","msvalidate.01":"7dfe9f3f1b24437ab69f4f2559babe99","miscellaneous":""},"schema":{"@context":"https:\/\/schema.org","@graph":[{"@type":"BlogPosting","@id":"https:\/\/www.eldigitaldeasturias.com\/noticias\/zuckerberg-se-disculpa-por-el-escandalo-de-facebook\/#blogposting","name":"Zuckerberg se disculpa por el esc\u00e1ndalo de Facebook - El Digital de Asturias","headline":"Zuckerberg se disculpa por el esc\u00e1ndalo de Facebook","author":{"@id":"https:\/\/www.eldigitaldeasturias.com\/noticias\/author\/admin\/#author"},"publisher":{"@id":"https:\/\/www.eldigitaldeasturias.com\/noticias\/#organization"},"image":{"@type":"ImageObject","url":973365},"datePublished":"2018-03-25T17:41:37+02:00","dateModified":"2018-03-25T17:41:37+02:00","inLanguage":"es-ES","mainEntityOfPage":{"@id":"https:\/\/www.eldigitaldeasturias.com\/noticias\/zuckerberg-se-disculpa-por-el-escandalo-de-facebook\/#webpage"},"isPartOf":{"@id":"https:\/\/www.eldigitaldeasturias.com\/noticias\/zuckerberg-se-disculpa-por-el-escandalo-de-facebook\/#webpage"},"articleSection":"Actualidad"},{"@type":"BreadcrumbList","@id":"https:\/\/www.eldigitaldeasturias.com\/noticias\/zuckerberg-se-disculpa-por-el-escandalo-de-facebook\/#breadcrumblist","itemListElement":[{"@type":"ListItem","@id":"https:\/\/www.eldigitaldeasturias.com\/noticias#listItem","position":1,"name":"Home","item":"https:\/\/www.eldigitaldeasturias.com\/noticias","nextItem":{"@type":"ListItem","@id":"https:\/\/www.eldigitaldeasturias.com\/noticias\/category\/actualidad\/#listItem","name":"Actualidad"}},{"@type":"ListItem","@id":"https:\/\/www.eldigitaldeasturias.com\/noticias\/category\/actualidad\/#listItem","position":2,"name":"Actualidad","item":"https:\/\/www.eldigitaldeasturias.com\/noticias\/category\/actualidad\/","nextItem":{"@type":"ListItem","@id":"https:\/\/www.eldigitaldeasturias.com\/noticias\/zuckerberg-se-disculpa-por-el-escandalo-de-facebook\/#listItem","name":"Zuckerberg se disculpa por el esc\u00e1ndalo de Facebook"},"previousItem":{"@type":"ListItem","@id":"https:\/\/www.eldigitaldeasturias.com\/noticias#listItem","name":"Home"}},{"@type":"ListItem","@id":"https:\/\/www.eldigitaldeasturias.com\/noticias\/zuckerberg-se-disculpa-por-el-escandalo-de-facebook\/#listItem","position":3,"name":"Zuckerberg se disculpa por el esc\u00e1ndalo de Facebook","previousItem":{"@type":"ListItem","@id":"https:\/\/www.eldigitaldeasturias.com\/noticias\/category\/actualidad\/#listItem","name":"Actualidad"}}]},{"@type":"Organization","@id":"https:\/\/www.eldigitaldeasturias.com\/noticias\/#organization","name":"El Digital de Asturias","description":"Hemeroteca","url":"https:\/\/www.eldigitaldeasturias.com\/noticias\/","email":"info@eldigitaldeasturias.com","telephone":"+34652131393","logo":{"@type":"ImageObject","url":"https:\/\/www.eldigitaldeasturias.com\/noticias\/wp-content\/uploads\/2020\/12\/EDA.jpg","@id":"https:\/\/www.eldigitaldeasturias.com\/noticias\/zuckerberg-se-disculpa-por-el-escandalo-de-facebook\/#organizationLogo"},"image":{"@id":"https:\/\/www.eldigitaldeasturias.com\/noticias\/zuckerberg-se-disculpa-por-el-escandalo-de-facebook\/#organizationLogo"},"sameAs":["https:\/\/facebook.com\/eldigitaldeasturias","https:\/\/www.youtube.com\/channel\/UCZP-2wLEB9Rv6erhFmqVnvg"],"address":{"@id":"https:\/\/www.eldigitaldeasturias.com\/noticias\/#postaladdress","@type":"PostalAddress","streetAddress":"san antonio 4","postalCode":"33430","addressLocality":"Cand\u00e1s","addressRegion":"Asturias","addressCountry":"ES"}},{"@type":"Person","@id":"https:\/\/www.eldigitaldeasturias.com\/noticias\/author\/admin\/#author","url":"https:\/\/www.eldigitaldeasturias.com\/noticias\/author\/admin\/","name":"El Digital de Asturias","image":{"@type":"ImageObject","@id":"https:\/\/www.eldigitaldeasturias.com\/noticias\/zuckerberg-se-disculpa-por-el-escandalo-de-facebook\/#authorImage","url":"https:\/\/secure.gravatar.com\/avatar\/df2aeffc32bcd13f8d26072ef8a91b623d677766deac7f97ca815868cd41bf5e?s=96&d=mm&r=g","width":96,"height":96,"caption":"El Digital de Asturias"}},{"@type":"WebPage","@id":"https:\/\/www.eldigitaldeasturias.com\/noticias\/zuckerberg-se-disculpa-por-el-escandalo-de-facebook\/#webpage","url":"https:\/\/www.eldigitaldeasturias.com\/noticias\/zuckerberg-se-disculpa-por-el-escandalo-de-facebook\/","name":"Zuckerberg se disculpa por el esc\u00e1ndalo de Facebook - El Digital de Asturias","description":"Londres, 25 mar (dpa) - El fundador y presidente de la red social Facebook, Mark Zuckerberg, se disculp\u00f3 hoy por el esc\u00e1ndalo de la filtraci\u00f3n masiva de datos que salpica a su empresa en anuncios publicados a p\u00e1gina completa en varios peri\u00f3dicos brit\u00e1nicos. \"Tenemos la responsabilidad de proteger sus datos. Si no podemos hacerlo, no","inLanguage":"es-ES","isPartOf":{"@id":"https:\/\/www.eldigitaldeasturias.com\/noticias\/#website"},"breadcrumb":{"@id":"https:\/\/www.eldigitaldeasturias.com\/noticias\/zuckerberg-se-disculpa-por-el-escandalo-de-facebook\/#breadcrumblist"},"author":{"@id":"https:\/\/www.eldigitaldeasturias.com\/noticias\/author\/admin\/#author"},"creator":{"@id":"https:\/\/www.eldigitaldeasturias.com\/noticias\/author\/admin\/#author"},"image":{"@type":"ImageObject","url":973365,"@id":"https:\/\/www.eldigitaldeasturias.com\/noticias\/zuckerberg-se-disculpa-por-el-escandalo-de-facebook\/#mainImage"},"primaryImageOfPage":{"@id":"https:\/\/www.eldigitaldeasturias.com\/noticias\/zuckerberg-se-disculpa-por-el-escandalo-de-facebook\/#mainImage"},"datePublished":"2018-03-25T17:41:37+02:00","dateModified":"2018-03-25T17:41:37+02:00"},{"@type":"WebSite","@id":"https:\/\/www.eldigitaldeasturias.com\/noticias\/#website","url":"https:\/\/www.eldigitaldeasturias.com\/noticias\/","name":"El Digital de Asturias - Diario de actualidad y noticias","alternateName":"El Digital de Asturias - Diario de actualidad y noticias","description":"Hemeroteca","inLanguage":"es-ES","publisher":{"@id":"https:\/\/www.eldigitaldeasturias.com\/noticias\/#organization"}}]},"og:locale":"es_ES","og:site_name":"El Digital de Asturias","og:type":"article","og:title":"Zuckerberg se disculpa por el esc\u00e1ndalo de Facebook - El Digital de Asturias","og:description":"Londres, 25 mar (dpa) - El fundador y presidente de la red social Facebook, Mark Zuckerberg, se disculp\u00f3 hoy por el esc\u00e1ndalo de la filtraci\u00f3n masiva de datos que salpica a su empresa en anuncios publicados a p\u00e1gina completa en varios peri\u00f3dicos brit\u00e1nicos. &quot;Tenemos la responsabilidad de proteger sus datos. Si no podemos hacerlo, no","og:url":"https:\/\/www.eldigitaldeasturias.com\/noticias\/zuckerberg-se-disculpa-por-el-escandalo-de-facebook\/","article:tag":["actualidad"],"article:published_time":"2018-03-25T17:41:37+00:00","article:modified_time":"2018-03-25T17:41:37+00:00","article:publisher":"https:\/\/facebook.com\/eldigitaldeasturias","twitter:card":"summary_large_image","twitter:title":"Zuckerberg se disculpa por el esc\u00e1ndalo de Facebook - El Digital de Asturias","twitter:description":"Londres, 25 mar (dpa) - El fundador y presidente de la red social Facebook, Mark Zuckerberg, se disculp\u00f3 hoy por el esc\u00e1ndalo de la filtraci\u00f3n masiva de datos que salpica a su empresa en anuncios publicados a p\u00e1gina completa en varios peri\u00f3dicos brit\u00e1nicos. &quot;Tenemos la responsabilidad de proteger sus datos. Si no podemos hacerlo, no","twitter:image":"https:\/\/www.eldigitaldeasturias.com\/noticias\/wp-content\/uploads\/2020\/12\/EDA-1.jpg","twitter:label1":"Escrito por","twitter:data1":"El Digital de Asturias","twitter:label2":"Tiempo de lectura estimado","twitter:data2":"1 minuto"},"aioseo_meta_data":{"post_id":"973543","title":null,"description":null,"keywords":null,"keyphrases":null,"primary_term":null,"canonical_url":null,"og_title":null,"og_description":null,"og_object_type":"default","og_image_type":"default","og_image_url":null,"og_image_width":null,"og_image_height":null,"og_image_custom_url":null,"og_image_custom_fields":null,"og_video":null,"og_custom_url":null,"og_article_section":null,"og_article_tags":null,"twitter_use_og":false,"twitter_card":"default","twitter_image_type":"default","twitter_image_url":null,"twitter_image_custom_url":null,"twitter_image_custom_fields":null,"twitter_title":null,"twitter_description":null,"schema":{"blockGraphs":[],"customGraphs":[],"default":{"data":{"Article":[],"Course":[],"Dataset":[],"FAQPage":[],"Movie":[],"Person":[],"Product":[],"ProductReview":[],"Car":[],"Recipe":[],"Service":[],"SoftwareApplication":[],"WebPage":[]},"graphName":"","isEnabled":true},"graphs":[],"defaultGraph":"","defaultPostTypeGraph":""},"schema_type":null,"schema_type_options":null,"pillar_content":false,"robots_default":true,"robots_noindex":false,"robots_noarchive":false,"robots_nosnippet":false,"robots_nofollow":false,"robots_noimageindex":false,"robots_noodp":false,"robots_notranslate":false,"robots_max_snippet":null,"robots_max_videopreview":null,"robots_max_imagepreview":"large","priority":null,"frequency":null,"local_seo":null,"seo_analyzer_scan_date":"2025-10-07 16:57:09","breadcrumb_settings":null,"limit_modified_date":false,"open_ai":null,"ai":null,"created":"2020-12-21 12:15:37","updated":"2025-10-07 16:57:09","focus_keyword":null,"additional_keywords":null,"truseo_locale":null},"aioseo_breadcrumb":"<div class=\"aioseo-breadcrumbs\"><span class=\"aioseo-breadcrumb\">\n\t<a href=\"https:\/\/www.eldigitaldeasturias.com\/noticias\" title=\"Home\">Home<\/a>\n<\/span><span class=\"aioseo-breadcrumb-separator\">\u2013<\/span><span class=\"aioseo-breadcrumb\">\n\t<a href=\"https:\/\/www.eldigitaldeasturias.com\/noticias\/category\/actualidad\/\" title=\"Actualidad\">Actualidad<\/a>\n<\/span><span class=\"aioseo-breadcrumb-separator\">\u2013<\/span><span class=\"aioseo-breadcrumb\">\n\t<a href=\"https:\/\/www.eldigitaldeasturias.com\/noticias\/zuckerberg-se-disculpa-por-el-escandalo-de-facebook\/\" title=\"Zuckerberg se disculpa por el esc\u00e1ndalo de Facebook\">Zuckerberg se disculpa por el esc\u00e1ndalo de Facebook<\/a>\n<\/span><\/div>","aioseo_breadcrumb_json":[{"label":"Home","link":"https:\/\/www.eldigitaldeasturias.com\/noticias"},{"label":"Actualidad","link":"https:\/\/www.eldigitaldeasturias.com\/noticias\/category\/actualidad\/"},{"label":"Zuckerberg se disculpa por el esc\u00e1ndalo de Facebook","link":"https:\/\/www.eldigitaldeasturias.com\/noticias\/zuckerberg-se-disculpa-por-el-escandalo-de-facebook\/"}],"_links":{"self":[{"href":"https:\/\/www.eldigitaldeasturias.com\/noticias\/wp-json\/wp\/v2\/posts\/973543","targetHints":{"allow":["GET"]}}],"collection":[{"href":"https:\/\/www.eldigitaldeasturias.com\/noticias\/wp-json\/wp\/v2\/posts"}],"about":[{"href":"https:\/\/www.eldigitaldeasturias.com\/noticias\/wp-json\/wp\/v2\/types\/post"}],"author":[{"embeddable":true,"href":"https:\/\/www.eldigitaldeasturias.com\/noticias\/wp-json\/wp\/v2\/users\/1"}],"replies":[{"embeddable":true,"href":"https:\/\/www.eldigitaldeasturias.com\/noticias\/wp-json\/wp\/v2\/comments?post=973543"}],"version-history":[{"count":0,"href":"https:\/\/www.eldigitaldeasturias.com\/noticias\/wp-json\/wp\/v2\/posts\/973543\/revisions"}],"wp:attachment":[{"href":"https:\/\/www.eldigitaldeasturias.com\/noticias\/wp-json\/wp\/v2\/media?parent=973543"}],"wp:term":[{"taxonomy":"category","embeddable":true,"href":"https:\/\/www.eldigitaldeasturias.com\/noticias\/wp-json\/wp\/v2\/categories?post=973543"},{"taxonomy":"post_tag","embeddable":true,"href":"https:\/\/www.eldigitaldeasturias.com\/noticias\/wp-json\/wp\/v2\/tags?post=973543"}],"curies":[{"name":"wp","href":"https:\/\/api.w.org\/{rel}","templated":true}]}}