{"id":973536,"date":"2018-03-25T17:31:22","date_gmt":"2018-03-25T17:31:22","guid":{"rendered":"http:\/\/www.eldigitaldeasturias.com\/noticias\/?p=973536"},"modified":"2018-03-25T17:31:22","modified_gmt":"2018-03-25T17:31:22","slug":"carles-puigdemont-el-hombre-que-llevo-el-independentismo-catalan-al-limite","status":"publish","type":"post","link":"https:\/\/www.eldigitaldeasturias.com\/noticias\/carles-puigdemont-el-hombre-que-llevo-el-independentismo-catalan-al-limite\/","title":{"rendered":"Carles Puigdemont, el hombre que llev\u00f3 el independentismo catal\u00e1n al l\u00edmite"},"content":{"rendered":"<p><img loading=\"lazy\" decoding=\"async\" class=\"alignleft size-medium wp-image-973532\" src=\"https:\/\/www.eldigitaldeasturias.com\/noticias\/wp-content\/uploads\/2018\/03\/Puigdemont-360x202.jpg\" alt=\"\" width=\"360\" height=\"202\" \/>Madrid, 25 mar (dpa) &#8211; Pocas personalidades sacudieron con tanta intensidad la vida pol\u00edtica y social de Espa\u00f1a los \u00faltimos a\u00f1os como Carles Puigdemont. Con su plan para declarar la independencia unilateral de Catalu\u00f1a, el ex presidente de la regi\u00f3n abri\u00f3 una crisis que no se cierra con su arresto hoy en Alemania.<\/p>\n<p>M\u00e1s bien lo contrario: la detenci\u00f3n del separatista de 55 a\u00f1os por la Polic\u00eda alemana despu\u00e9s de que Espa\u00f1a emitiera una orden de captura europea contra \u00e9l abre un nuevo cap\u00edtulo en una escalada de tensi\u00f3n que desde hace meses tiene en Puigdemont su cara m\u00e1s visible.<\/p>\n<p>No es un logro menor para una figura cuyo rostro era casi desconocido hasta hace dos a\u00f1os y que desde septiembre ocupa las portadas de los principales diarios del mundo a ra\u00edz de la crisis catalana, una de las m\u00e1s graves en la historia de la democracia espa\u00f1ola.<\/p>\n<p>Fil\u00f3logo y periodista de profesi\u00f3n, Puigdemont lleg\u00f3 a la presidencia del Gobierno catal\u00e1n casi por casualidad en enero de 2016. Su nombre no aparec\u00eda en ninguna de las apuestas para relevar a Artur Mas cuando \u00e9ste se vio obligado a dar un paso atr\u00e1s presionado por la CUP, un partido antisistema que no lo ve\u00eda con buenos ojos.<\/p>\n<p>Pero la necesidad del apoyo de esta fuerza al Gobierno catal\u00e1n en el Parlamento de la regi\u00f3n era tan importante entonces, en un momento clave del proceso secesionista, que el hombre que lo hab\u00eda impulsado desde el inicio tuvo que retirarse para evitar una crisis.<\/p>\n<p>Y Puigdemont, independentista convencido y alcalde de la ciudad catalana de Gerona, se puso al frente del Ejecutivo regional con la misi\u00f3n de guiar a la regi\u00f3n hacia la secesi\u00f3n de Espa\u00f1a.<\/p>\n<p>\u00abNo son tiempos para cobardes ni para los que les tiemblan las piernas\u00bb, dijo en su discurso de investidura. \u00abSoy consciente de que iniciamos un proceso que no es f\u00e1cil ni c\u00f3modo. Habr\u00e1 que poner valor y coraje pero no temeridad\u00bb.<\/p>\n<p>Desde entonces, su discurso no ha cambiado. Su primer gran desaf\u00edo lo lanz\u00f3 a principios de septiembre cuando, desoyendo a la Justicia y al Gobierno espa\u00f1ol, convoc\u00f3 un refer\u00e9ndum de independencia ilegal que se celebr\u00f3 el 1 de octubre sin garant\u00edas y con altercados entre votantes y la Polic\u00eda.<\/p>\n<p>Esa misma noche asegur\u00f3 que los ciudadanos catalanes se hab\u00edan \u00abganado el derecho a tener un Estado independiente\u00bb. Cuatro semanas despu\u00e9s, el Parlamento catal\u00e1n aprob\u00f3 una resoluci\u00f3n para crear la rep\u00fablica catalana, lo que supuso la destituci\u00f3n del Gobierno regional por parte de Madrid y la convocatoria de comicios.<\/p>\n<p>A diferencia de varios miembros de su Gobierno que hicieron frente a la Justicia y quedaron detenidos, Puigdemont opt\u00f3 por eludir a los tribunales y desplazarse a Bruselas con cuatro ex consejeros (ministros regionales). Desde all\u00ed sigui\u00f3 nucleando la estrategia soberanista.<\/p>\n<p>Puigdemont fue siempre un separatista convencido. Miembro del partido de Mas, hoy llamado Partido Dem\u00f3crata Europeo Catal\u00e1n\u200b\u200b (PDeCAT), form\u00f3 parte de diversas organizaciones a favor de la secesi\u00f3n y estuvo al mando de la asociaci\u00f3n que congrega a los municipios que la defienden.<\/p>\n<p>Diputado en el Parlamento de Catalu\u00f1a desde 2006, un a\u00f1o despu\u00e9s encabez\u00f3 la candidatura de Converg\u00e8ncia i Uni\u00f3 (CiU, coalici\u00f3n nacionalista liderada por Mas hasta que se fractur\u00f3, en 2015) al Ayuntamiento de Gerona, ciudad de 100.000 habitantes.<\/p>\n<p>En aquella ocasi\u00f3n no gan\u00f3 las elecciones y se mantuvo en la oposici\u00f3n hasta 2011, cuando se convirti\u00f3 en alcalde.<\/p>\n<p>Aunque estudi\u00f3 filolog\u00eda catalana, se dedic\u00f3 al periodismo hasta que entr\u00f3 en pol\u00edtica y lleg\u00f3 a ser redactor jefe del diario catal\u00e1n \u00abEl Punt\u00bb y director de la agencia p\u00fablica de noticias de la regi\u00f3n, adem\u00e1s de publicar varios libros y ensayos, entre ellos \u00abCata&#8230; qu\u00e8? Catalunya vista per la premsa internacional\u00bb, (La Campana, 1994).<\/p>\n<p>Amante del rock, es asiduo a las redes sociales, donde publica mensajes a diario. Habla espa\u00f1ol, catal\u00e1n, franc\u00e9s, ingl\u00e9s y tambi\u00e9n rumano, ya que su mujer, con la que tiene dos hijas, naci\u00f3 en Ruman\u00eda.<\/p>\n<p>El enero de 1983, cuando ten\u00eda 21 a\u00f1os, \u00abvolvi\u00f3 a nacer\u00bb al superar un grave accidente de tr\u00e1fico que le destroz\u00f3 la cara y le dej\u00f3 cicatrices que cubre con su peculiar peinado, objeto de bromas. Ahora, est\u00e1 por ver si podr\u00e1 \u00abresucitar\u00bb pol\u00edticamente tras los meses en Bruselas y el arresto que parecen poner fin a su carrera.<\/p>\n<p>Por Ana L\u00e1zaro Verde (dpa)<\/p>\n","protected":false},"excerpt":{"rendered":"<p>Madrid, 25 mar (dpa) &#8211; Pocas personalidades sacudieron con tanta intensidad la vida pol\u00edtica y social de Espa\u00f1a los \u00faltimos a\u00f1os como Carles Puigdemont. Con su plan para declarar la independencia unilateral de Catalu\u00f1a, el ex presidente de la regi\u00f3n abri\u00f3 una crisis que no se cierra con su arresto hoy en Alemania. M\u00e1s bien [&hellip;]<\/p>\n","protected":false},"author":1,"featured_media":973532,"comment_status":"closed","ping_status":"closed","sticky":false,"template":"","format":"standard","meta":{"footnotes":""},"categories":[1],"tags":[],"class_list":["post-973536","post","type-post","status-publish","format-standard","has-post-thumbnail","hentry","category-actualidad"],"aioseo_notices":[],"aioseo_head":"\n\t\t<!-- All in One SEO Pro 5.0.1 - aioseo.com -->\n\t<meta name=\"description\" content=\"Madrid, 25 mar (dpa) - Pocas personalidades sacudieron con tanta intensidad la vida pol\u00edtica y social de Espa\u00f1a los \u00faltimos a\u00f1os como Carles Puigdemont. Con su plan para declarar la independencia unilateral de Catalu\u00f1a, el ex presidente de la regi\u00f3n abri\u00f3 una crisis que no se cierra con su arresto hoy en Alemania. M\u00e1s bien\" \/>\n\t<meta name=\"robots\" content=\"max-image-preview:large\" \/>\n\t<meta name=\"author\" content=\"El Digital de Asturias\"\/>\n\t<meta name=\"google-site-verification\" content=\"UA-38556648-1\" \/>\n\t<meta name=\"msvalidate.01\" content=\"7dfe9f3f1b24437ab69f4f2559babe99\" \/>\n\t<meta name=\"keywords\" content=\"actualidad\" \/>\n\t<link rel=\"canonical\" href=\"https:\/\/www.eldigitaldeasturias.com\/noticias\/carles-puigdemont-el-hombre-que-llevo-el-independentismo-catalan-al-limite\/\" \/>\n\t<meta name=\"generator\" content=\"All in One SEO Pro (AIOSEO) 5.0.1\" \/>\n\t\t<meta property=\"og:locale\" content=\"es_ES\" \/>\n\t\t<meta property=\"og:site_name\" content=\"El Digital de Asturias\" \/>\n\t\t<meta property=\"og:type\" content=\"article\" \/>\n\t\t<meta property=\"og:title\" content=\"Carles Puigdemont, el hombre que llev\u00f3 el independentismo catal\u00e1n al l\u00edmite - El Digital de Asturias\" \/>\n\t\t<meta property=\"og:description\" content=\"Madrid, 25 mar (dpa) - Pocas personalidades sacudieron con tanta intensidad la vida pol\u00edtica y social de Espa\u00f1a los \u00faltimos a\u00f1os como Carles Puigdemont. Con su plan para declarar la independencia unilateral de Catalu\u00f1a, el ex presidente de la regi\u00f3n abri\u00f3 una crisis que no se cierra con su arresto hoy en Alemania. M\u00e1s bien\" \/>\n\t\t<meta property=\"og:url\" content=\"https:\/\/www.eldigitaldeasturias.com\/noticias\/carles-puigdemont-el-hombre-que-llevo-el-independentismo-catalan-al-limite\/\" \/>\n\t\t<meta property=\"article:tag\" content=\"actualidad\" \/>\n\t\t<meta property=\"article:published_time\" content=\"2018-03-25T17:31:22+00:00\" \/>\n\t\t<meta property=\"article:modified_time\" content=\"2018-03-25T17:31:22+00:00\" \/>\n\t\t<meta property=\"article:publisher\" content=\"https:\/\/facebook.com\/eldigitaldeasturias\" \/>\n\t\t<meta name=\"twitter:card\" content=\"summary_large_image\" \/>\n\t\t<meta name=\"twitter:title\" content=\"Carles Puigdemont, el hombre que llev\u00f3 el independentismo catal\u00e1n al l\u00edmite - El Digital de Asturias\" \/>\n\t\t<meta name=\"twitter:description\" content=\"Madrid, 25 mar (dpa) - Pocas personalidades sacudieron con tanta intensidad la vida pol\u00edtica y social de Espa\u00f1a los \u00faltimos a\u00f1os como Carles Puigdemont. Con su plan para declarar la independencia unilateral de Catalu\u00f1a, el ex presidente de la regi\u00f3n abri\u00f3 una crisis que no se cierra con su arresto hoy en Alemania. M\u00e1s bien\" \/>\n\t\t<meta name=\"twitter:image\" content=\"https:\/\/www.eldigitaldeasturias.com\/noticias\/wp-content\/uploads\/2020\/12\/EDA-1.jpg\" \/>\n\t\t<meta name=\"twitter:label1\" content=\"Escrito por\" \/>\n\t\t<meta name=\"twitter:data1\" content=\"El Digital de Asturias\" \/>\n\t\t<meta name=\"twitter:label2\" content=\"Tiempo de lectura estimado\" \/>\n\t\t<meta name=\"twitter:data2\" content=\"4 minutos\" \/>\n\t\t<script type=\"application\/ld+json\" class=\"aioseo-schema\">\n\t\t\t{\"@context\":\"https:\\\/\\\/schema.org\",\"@graph\":[{\"@type\":\"BlogPosting\",\"@id\":\"https:\\\/\\\/www.eldigitaldeasturias.com\\\/noticias\\\/carles-puigdemont-el-hombre-que-llevo-el-independentismo-catalan-al-limite\\\/#blogposting\",\"name\":\"Carles Puigdemont, el hombre que llev\\u00f3 el independentismo catal\\u00e1n al l\\u00edmite - El Digital de Asturias\",\"headline\":\"Carles Puigdemont, el hombre que llev\\u00f3 el independentismo catal\\u00e1n al l\\u00edmite\",\"author\":{\"@id\":\"https:\\\/\\\/www.eldigitaldeasturias.com\\\/noticias\\\/author\\\/admin\\\/#author\"},\"publisher\":{\"@id\":\"https:\\\/\\\/www.eldigitaldeasturias.com\\\/noticias\\\/#organization\"},\"image\":{\"@type\":\"ImageObject\",\"url\":973532},\"datePublished\":\"2018-03-25T17:31:22+02:00\",\"dateModified\":\"2018-03-25T17:31:22+02:00\",\"inLanguage\":\"es-ES\",\"mainEntityOfPage\":{\"@id\":\"https:\\\/\\\/www.eldigitaldeasturias.com\\\/noticias\\\/carles-puigdemont-el-hombre-que-llevo-el-independentismo-catalan-al-limite\\\/#webpage\"},\"isPartOf\":{\"@id\":\"https:\\\/\\\/www.eldigitaldeasturias.com\\\/noticias\\\/carles-puigdemont-el-hombre-que-llevo-el-independentismo-catalan-al-limite\\\/#webpage\"},\"articleSection\":\"Actualidad\"},{\"@type\":\"BreadcrumbList\",\"@id\":\"https:\\\/\\\/www.eldigitaldeasturias.com\\\/noticias\\\/carles-puigdemont-el-hombre-que-llevo-el-independentismo-catalan-al-limite\\\/#breadcrumblist\",\"itemListElement\":[{\"@type\":\"ListItem\",\"@id\":\"https:\\\/\\\/www.eldigitaldeasturias.com\\\/noticias#listItem\",\"position\":1,\"name\":\"Home\",\"item\":\"https:\\\/\\\/www.eldigitaldeasturias.com\\\/noticias\",\"nextItem\":{\"@type\":\"ListItem\",\"@id\":\"https:\\\/\\\/www.eldigitaldeasturias.com\\\/noticias\\\/category\\\/actualidad\\\/#listItem\",\"name\":\"Actualidad\"}},{\"@type\":\"ListItem\",\"@id\":\"https:\\\/\\\/www.eldigitaldeasturias.com\\\/noticias\\\/category\\\/actualidad\\\/#listItem\",\"position\":2,\"name\":\"Actualidad\",\"item\":\"https:\\\/\\\/www.eldigitaldeasturias.com\\\/noticias\\\/category\\\/actualidad\\\/\",\"nextItem\":{\"@type\":\"ListItem\",\"@id\":\"https:\\\/\\\/www.eldigitaldeasturias.com\\\/noticias\\\/carles-puigdemont-el-hombre-que-llevo-el-independentismo-catalan-al-limite\\\/#listItem\",\"name\":\"Carles Puigdemont, el hombre que llev\\u00f3 el independentismo catal\\u00e1n al l\\u00edmite\"},\"previousItem\":{\"@type\":\"ListItem\",\"@id\":\"https:\\\/\\\/www.eldigitaldeasturias.com\\\/noticias#listItem\",\"name\":\"Home\"}},{\"@type\":\"ListItem\",\"@id\":\"https:\\\/\\\/www.eldigitaldeasturias.com\\\/noticias\\\/carles-puigdemont-el-hombre-que-llevo-el-independentismo-catalan-al-limite\\\/#listItem\",\"position\":3,\"name\":\"Carles Puigdemont, el hombre que llev\\u00f3 el independentismo catal\\u00e1n al l\\u00edmite\",\"previousItem\":{\"@type\":\"ListItem\",\"@id\":\"https:\\\/\\\/www.eldigitaldeasturias.com\\\/noticias\\\/category\\\/actualidad\\\/#listItem\",\"name\":\"Actualidad\"}}]},{\"@type\":\"Organization\",\"@id\":\"https:\\\/\\\/www.eldigitaldeasturias.com\\\/noticias\\\/#organization\",\"name\":\"El Digital de Asturias\",\"description\":\"Hemeroteca\",\"url\":\"https:\\\/\\\/www.eldigitaldeasturias.com\\\/noticias\\\/\",\"email\":\"info@eldigitaldeasturias.com\",\"telephone\":\"+34652131393\",\"logo\":{\"@type\":\"ImageObject\",\"url\":\"https:\\\/\\\/www.eldigitaldeasturias.com\\\/noticias\\\/wp-content\\\/uploads\\\/2020\\\/12\\\/EDA.jpg\",\"@id\":\"https:\\\/\\\/www.eldigitaldeasturias.com\\\/noticias\\\/carles-puigdemont-el-hombre-que-llevo-el-independentismo-catalan-al-limite\\\/#organizationLogo\"},\"image\":{\"@id\":\"https:\\\/\\\/www.eldigitaldeasturias.com\\\/noticias\\\/carles-puigdemont-el-hombre-que-llevo-el-independentismo-catalan-al-limite\\\/#organizationLogo\"},\"sameAs\":[\"https:\\\/\\\/facebook.com\\\/eldigitaldeasturias\",\"https:\\\/\\\/www.youtube.com\\\/channel\\\/UCZP-2wLEB9Rv6erhFmqVnvg\"],\"address\":{\"@id\":\"https:\\\/\\\/www.eldigitaldeasturias.com\\\/noticias\\\/#postaladdress\",\"@type\":\"PostalAddress\",\"streetAddress\":\"san antonio 4\",\"postalCode\":\"33430\",\"addressLocality\":\"Cand\\u00e1s\",\"addressRegion\":\"Asturias\",\"addressCountry\":\"ES\"}},{\"@type\":\"Person\",\"@id\":\"https:\\\/\\\/www.eldigitaldeasturias.com\\\/noticias\\\/author\\\/admin\\\/#author\",\"url\":\"https:\\\/\\\/www.eldigitaldeasturias.com\\\/noticias\\\/author\\\/admin\\\/\",\"name\":\"El Digital de Asturias\",\"image\":{\"@type\":\"ImageObject\",\"@id\":\"https:\\\/\\\/www.eldigitaldeasturias.com\\\/noticias\\\/carles-puigdemont-el-hombre-que-llevo-el-independentismo-catalan-al-limite\\\/#authorImage\",\"url\":\"https:\\\/\\\/secure.gravatar.com\\\/avatar\\\/df2aeffc32bcd13f8d26072ef8a91b623d677766deac7f97ca815868cd41bf5e?s=96&d=mm&r=g\",\"width\":96,\"height\":96,\"caption\":\"El Digital de Asturias\"}},{\"@type\":\"WebPage\",\"@id\":\"https:\\\/\\\/www.eldigitaldeasturias.com\\\/noticias\\\/carles-puigdemont-el-hombre-que-llevo-el-independentismo-catalan-al-limite\\\/#webpage\",\"url\":\"https:\\\/\\\/www.eldigitaldeasturias.com\\\/noticias\\\/carles-puigdemont-el-hombre-que-llevo-el-independentismo-catalan-al-limite\\\/\",\"name\":\"Carles Puigdemont, el hombre que llev\\u00f3 el independentismo catal\\u00e1n al l\\u00edmite - El Digital de Asturias\",\"description\":\"Madrid, 25 mar (dpa) - Pocas personalidades sacudieron con tanta intensidad la vida pol\\u00edtica y social de Espa\\u00f1a los \\u00faltimos a\\u00f1os como Carles Puigdemont. Con su plan para declarar la independencia unilateral de Catalu\\u00f1a, el ex presidente de la regi\\u00f3n abri\\u00f3 una crisis que no se cierra con su arresto hoy en Alemania. M\\u00e1s bien\",\"inLanguage\":\"es-ES\",\"isPartOf\":{\"@id\":\"https:\\\/\\\/www.eldigitaldeasturias.com\\\/noticias\\\/#website\"},\"breadcrumb\":{\"@id\":\"https:\\\/\\\/www.eldigitaldeasturias.com\\\/noticias\\\/carles-puigdemont-el-hombre-que-llevo-el-independentismo-catalan-al-limite\\\/#breadcrumblist\"},\"author\":{\"@id\":\"https:\\\/\\\/www.eldigitaldeasturias.com\\\/noticias\\\/author\\\/admin\\\/#author\"},\"creator\":{\"@id\":\"https:\\\/\\\/www.eldigitaldeasturias.com\\\/noticias\\\/author\\\/admin\\\/#author\"},\"image\":{\"@type\":\"ImageObject\",\"url\":973532,\"@id\":\"https:\\\/\\\/www.eldigitaldeasturias.com\\\/noticias\\\/carles-puigdemont-el-hombre-que-llevo-el-independentismo-catalan-al-limite\\\/#mainImage\"},\"primaryImageOfPage\":{\"@id\":\"https:\\\/\\\/www.eldigitaldeasturias.com\\\/noticias\\\/carles-puigdemont-el-hombre-que-llevo-el-independentismo-catalan-al-limite\\\/#mainImage\"},\"datePublished\":\"2018-03-25T17:31:22+02:00\",\"dateModified\":\"2018-03-25T17:31:22+02:00\"},{\"@type\":\"WebSite\",\"@id\":\"https:\\\/\\\/www.eldigitaldeasturias.com\\\/noticias\\\/#website\",\"url\":\"https:\\\/\\\/www.eldigitaldeasturias.com\\\/noticias\\\/\",\"name\":\"El Digital de Asturias - Diario de actualidad y noticias\",\"alternateName\":\"El Digital de Asturias - Diario de actualidad y noticias\",\"description\":\"Hemeroteca\",\"inLanguage\":\"es-ES\",\"publisher\":{\"@id\":\"https:\\\/\\\/www.eldigitaldeasturias.com\\\/noticias\\\/#organization\"}}]}\n\t\t<\/script>\n\t\t<!-- All in One SEO Pro -->\r\n\t\t<title>Carles Puigdemont, el hombre que llev\u00f3 el independentismo catal\u00e1n al l\u00edmite - El Digital de Asturias<\/title>\n\n","aioseo_head_json":{"title":"Carles Puigdemont, el hombre que llev\u00f3 el independentismo catal\u00e1n al l\u00edmite - El Digital de Asturias","description":"Madrid, 25 mar (dpa) - Pocas personalidades sacudieron con tanta intensidad la vida pol\u00edtica y social de Espa\u00f1a los \u00faltimos a\u00f1os como Carles Puigdemont. Con su plan para declarar la independencia unilateral de Catalu\u00f1a, el ex presidente de la regi\u00f3n abri\u00f3 una crisis que no se cierra con su arresto hoy en Alemania. M\u00e1s bien","canonical_url":"https:\/\/www.eldigitaldeasturias.com\/noticias\/carles-puigdemont-el-hombre-que-llevo-el-independentismo-catalan-al-limite\/","robots":"max-image-preview:large","keywords":"actualidad","webmasterTools":{"google-site-verification":"UA-38556648-1","msvalidate.01":"7dfe9f3f1b24437ab69f4f2559babe99","miscellaneous":""},"schema":{"@context":"https:\/\/schema.org","@graph":[{"@type":"BlogPosting","@id":"https:\/\/www.eldigitaldeasturias.com\/noticias\/carles-puigdemont-el-hombre-que-llevo-el-independentismo-catalan-al-limite\/#blogposting","name":"Carles Puigdemont, el hombre que llev\u00f3 el independentismo catal\u00e1n al l\u00edmite - El Digital de Asturias","headline":"Carles Puigdemont, el hombre que llev\u00f3 el independentismo catal\u00e1n al l\u00edmite","author":{"@id":"https:\/\/www.eldigitaldeasturias.com\/noticias\/author\/admin\/#author"},"publisher":{"@id":"https:\/\/www.eldigitaldeasturias.com\/noticias\/#organization"},"image":{"@type":"ImageObject","url":973532},"datePublished":"2018-03-25T17:31:22+02:00","dateModified":"2018-03-25T17:31:22+02:00","inLanguage":"es-ES","mainEntityOfPage":{"@id":"https:\/\/www.eldigitaldeasturias.com\/noticias\/carles-puigdemont-el-hombre-que-llevo-el-independentismo-catalan-al-limite\/#webpage"},"isPartOf":{"@id":"https:\/\/www.eldigitaldeasturias.com\/noticias\/carles-puigdemont-el-hombre-que-llevo-el-independentismo-catalan-al-limite\/#webpage"},"articleSection":"Actualidad"},{"@type":"BreadcrumbList","@id":"https:\/\/www.eldigitaldeasturias.com\/noticias\/carles-puigdemont-el-hombre-que-llevo-el-independentismo-catalan-al-limite\/#breadcrumblist","itemListElement":[{"@type":"ListItem","@id":"https:\/\/www.eldigitaldeasturias.com\/noticias#listItem","position":1,"name":"Home","item":"https:\/\/www.eldigitaldeasturias.com\/noticias","nextItem":{"@type":"ListItem","@id":"https:\/\/www.eldigitaldeasturias.com\/noticias\/category\/actualidad\/#listItem","name":"Actualidad"}},{"@type":"ListItem","@id":"https:\/\/www.eldigitaldeasturias.com\/noticias\/category\/actualidad\/#listItem","position":2,"name":"Actualidad","item":"https:\/\/www.eldigitaldeasturias.com\/noticias\/category\/actualidad\/","nextItem":{"@type":"ListItem","@id":"https:\/\/www.eldigitaldeasturias.com\/noticias\/carles-puigdemont-el-hombre-que-llevo-el-independentismo-catalan-al-limite\/#listItem","name":"Carles Puigdemont, el hombre que llev\u00f3 el independentismo catal\u00e1n al l\u00edmite"},"previousItem":{"@type":"ListItem","@id":"https:\/\/www.eldigitaldeasturias.com\/noticias#listItem","name":"Home"}},{"@type":"ListItem","@id":"https:\/\/www.eldigitaldeasturias.com\/noticias\/carles-puigdemont-el-hombre-que-llevo-el-independentismo-catalan-al-limite\/#listItem","position":3,"name":"Carles Puigdemont, el hombre que llev\u00f3 el independentismo catal\u00e1n al l\u00edmite","previousItem":{"@type":"ListItem","@id":"https:\/\/www.eldigitaldeasturias.com\/noticias\/category\/actualidad\/#listItem","name":"Actualidad"}}]},{"@type":"Organization","@id":"https:\/\/www.eldigitaldeasturias.com\/noticias\/#organization","name":"El Digital de Asturias","description":"Hemeroteca","url":"https:\/\/www.eldigitaldeasturias.com\/noticias\/","email":"info@eldigitaldeasturias.com","telephone":"+34652131393","logo":{"@type":"ImageObject","url":"https:\/\/www.eldigitaldeasturias.com\/noticias\/wp-content\/uploads\/2020\/12\/EDA.jpg","@id":"https:\/\/www.eldigitaldeasturias.com\/noticias\/carles-puigdemont-el-hombre-que-llevo-el-independentismo-catalan-al-limite\/#organizationLogo"},"image":{"@id":"https:\/\/www.eldigitaldeasturias.com\/noticias\/carles-puigdemont-el-hombre-que-llevo-el-independentismo-catalan-al-limite\/#organizationLogo"},"sameAs":["https:\/\/facebook.com\/eldigitaldeasturias","https:\/\/www.youtube.com\/channel\/UCZP-2wLEB9Rv6erhFmqVnvg"],"address":{"@id":"https:\/\/www.eldigitaldeasturias.com\/noticias\/#postaladdress","@type":"PostalAddress","streetAddress":"san antonio 4","postalCode":"33430","addressLocality":"Cand\u00e1s","addressRegion":"Asturias","addressCountry":"ES"}},{"@type":"Person","@id":"https:\/\/www.eldigitaldeasturias.com\/noticias\/author\/admin\/#author","url":"https:\/\/www.eldigitaldeasturias.com\/noticias\/author\/admin\/","name":"El Digital de Asturias","image":{"@type":"ImageObject","@id":"https:\/\/www.eldigitaldeasturias.com\/noticias\/carles-puigdemont-el-hombre-que-llevo-el-independentismo-catalan-al-limite\/#authorImage","url":"https:\/\/secure.gravatar.com\/avatar\/df2aeffc32bcd13f8d26072ef8a91b623d677766deac7f97ca815868cd41bf5e?s=96&d=mm&r=g","width":96,"height":96,"caption":"El Digital de Asturias"}},{"@type":"WebPage","@id":"https:\/\/www.eldigitaldeasturias.com\/noticias\/carles-puigdemont-el-hombre-que-llevo-el-independentismo-catalan-al-limite\/#webpage","url":"https:\/\/www.eldigitaldeasturias.com\/noticias\/carles-puigdemont-el-hombre-que-llevo-el-independentismo-catalan-al-limite\/","name":"Carles Puigdemont, el hombre que llev\u00f3 el independentismo catal\u00e1n al l\u00edmite - El Digital de Asturias","description":"Madrid, 25 mar (dpa) - Pocas personalidades sacudieron con tanta intensidad la vida pol\u00edtica y social de Espa\u00f1a los \u00faltimos a\u00f1os como Carles Puigdemont. Con su plan para declarar la independencia unilateral de Catalu\u00f1a, el ex presidente de la regi\u00f3n abri\u00f3 una crisis que no se cierra con su arresto hoy en Alemania. M\u00e1s bien","inLanguage":"es-ES","isPartOf":{"@id":"https:\/\/www.eldigitaldeasturias.com\/noticias\/#website"},"breadcrumb":{"@id":"https:\/\/www.eldigitaldeasturias.com\/noticias\/carles-puigdemont-el-hombre-que-llevo-el-independentismo-catalan-al-limite\/#breadcrumblist"},"author":{"@id":"https:\/\/www.eldigitaldeasturias.com\/noticias\/author\/admin\/#author"},"creator":{"@id":"https:\/\/www.eldigitaldeasturias.com\/noticias\/author\/admin\/#author"},"image":{"@type":"ImageObject","url":973532,"@id":"https:\/\/www.eldigitaldeasturias.com\/noticias\/carles-puigdemont-el-hombre-que-llevo-el-independentismo-catalan-al-limite\/#mainImage"},"primaryImageOfPage":{"@id":"https:\/\/www.eldigitaldeasturias.com\/noticias\/carles-puigdemont-el-hombre-que-llevo-el-independentismo-catalan-al-limite\/#mainImage"},"datePublished":"2018-03-25T17:31:22+02:00","dateModified":"2018-03-25T17:31:22+02:00"},{"@type":"WebSite","@id":"https:\/\/www.eldigitaldeasturias.com\/noticias\/#website","url":"https:\/\/www.eldigitaldeasturias.com\/noticias\/","name":"El Digital de Asturias - Diario de actualidad y noticias","alternateName":"El Digital de Asturias - Diario de actualidad y noticias","description":"Hemeroteca","inLanguage":"es-ES","publisher":{"@id":"https:\/\/www.eldigitaldeasturias.com\/noticias\/#organization"}}]},"og:locale":"es_ES","og:site_name":"El Digital de Asturias","og:type":"article","og:title":"Carles Puigdemont, el hombre que llev\u00f3 el independentismo catal\u00e1n al l\u00edmite - El Digital de Asturias","og:description":"Madrid, 25 mar (dpa) - Pocas personalidades sacudieron con tanta intensidad la vida pol\u00edtica y social de Espa\u00f1a los \u00faltimos a\u00f1os como Carles Puigdemont. Con su plan para declarar la independencia unilateral de Catalu\u00f1a, el ex presidente de la regi\u00f3n abri\u00f3 una crisis que no se cierra con su arresto hoy en Alemania. M\u00e1s bien","og:url":"https:\/\/www.eldigitaldeasturias.com\/noticias\/carles-puigdemont-el-hombre-que-llevo-el-independentismo-catalan-al-limite\/","article:tag":["actualidad"],"article:published_time":"2018-03-25T17:31:22+00:00","article:modified_time":"2018-03-25T17:31:22+00:00","article:publisher":"https:\/\/facebook.com\/eldigitaldeasturias","twitter:card":"summary_large_image","twitter:title":"Carles Puigdemont, el hombre que llev\u00f3 el independentismo catal\u00e1n al l\u00edmite - El Digital de Asturias","twitter:description":"Madrid, 25 mar (dpa) - Pocas personalidades sacudieron con tanta intensidad la vida pol\u00edtica y social de Espa\u00f1a los \u00faltimos a\u00f1os como Carles Puigdemont. Con su plan para declarar la independencia unilateral de Catalu\u00f1a, el ex presidente de la regi\u00f3n abri\u00f3 una crisis que no se cierra con su arresto hoy en Alemania. M\u00e1s bien","twitter:image":"https:\/\/www.eldigitaldeasturias.com\/noticias\/wp-content\/uploads\/2020\/12\/EDA-1.jpg","twitter:label1":"Escrito por","twitter:data1":"El Digital de Asturias","twitter:label2":"Tiempo de lectura estimado","twitter:data2":"4 minutos"},"aioseo_meta_data":{"post_id":"973536","title":null,"description":null,"keywords":null,"keyphrases":null,"primary_term":null,"canonical_url":null,"og_title":null,"og_description":null,"og_object_type":"default","og_image_type":"default","og_image_url":null,"og_image_width":null,"og_image_height":null,"og_image_custom_url":null,"og_image_custom_fields":null,"og_video":null,"og_custom_url":null,"og_article_section":null,"og_article_tags":null,"twitter_use_og":false,"twitter_card":"default","twitter_image_type":"default","twitter_image_url":null,"twitter_image_custom_url":null,"twitter_image_custom_fields":null,"twitter_title":null,"twitter_description":null,"schema":{"blockGraphs":[],"customGraphs":[],"default":{"data":{"Article":[],"Course":[],"Dataset":[],"FAQPage":[],"Movie":[],"Person":[],"Product":[],"ProductReview":[],"Car":[],"Recipe":[],"Service":[],"SoftwareApplication":[],"WebPage":[]},"graphName":"","isEnabled":true},"graphs":[],"defaultGraph":"","defaultPostTypeGraph":""},"schema_type":null,"schema_type_options":null,"pillar_content":false,"robots_default":true,"robots_noindex":false,"robots_noarchive":false,"robots_nosnippet":false,"robots_nofollow":false,"robots_noimageindex":false,"robots_noodp":false,"robots_notranslate":false,"robots_max_snippet":null,"robots_max_videopreview":null,"robots_max_imagepreview":"large","priority":null,"frequency":null,"local_seo":null,"seo_analyzer_scan_date":"2025-10-07 16:55:09","breadcrumb_settings":null,"limit_modified_date":false,"open_ai":null,"ai":null,"created":"2020-12-21 12:15:37","updated":"2025-10-07 16:55:09","focus_keyword":null,"additional_keywords":null,"truseo_locale":null},"aioseo_breadcrumb":"<div class=\"aioseo-breadcrumbs\"><span class=\"aioseo-breadcrumb\">\n\t<a href=\"https:\/\/www.eldigitaldeasturias.com\/noticias\" title=\"Home\">Home<\/a>\n<\/span><span class=\"aioseo-breadcrumb-separator\">\u2013<\/span><span class=\"aioseo-breadcrumb\">\n\t<a href=\"https:\/\/www.eldigitaldeasturias.com\/noticias\/category\/actualidad\/\" title=\"Actualidad\">Actualidad<\/a>\n<\/span><span class=\"aioseo-breadcrumb-separator\">\u2013<\/span><span class=\"aioseo-breadcrumb\">\n\t<a href=\"https:\/\/www.eldigitaldeasturias.com\/noticias\/carles-puigdemont-el-hombre-que-llevo-el-independentismo-catalan-al-limite\/\" title=\"Carles Puigdemont, el hombre que llev\u00f3 el independentismo catal\u00e1n al l\u00edmite\">Carles Puigdemont, el hombre que llev\u00f3 el independentismo catal\u00e1n al l\u00edmite<\/a>\n<\/span><\/div>","aioseo_breadcrumb_json":[{"label":"Home","link":"https:\/\/www.eldigitaldeasturias.com\/noticias"},{"label":"Actualidad","link":"https:\/\/www.eldigitaldeasturias.com\/noticias\/category\/actualidad\/"},{"label":"Carles Puigdemont, el hombre que llev\u00f3 el independentismo catal\u00e1n al l\u00edmite","link":"https:\/\/www.eldigitaldeasturias.com\/noticias\/carles-puigdemont-el-hombre-que-llevo-el-independentismo-catalan-al-limite\/"}],"_links":{"self":[{"href":"https:\/\/www.eldigitaldeasturias.com\/noticias\/wp-json\/wp\/v2\/posts\/973536","targetHints":{"allow":["GET"]}}],"collection":[{"href":"https:\/\/www.eldigitaldeasturias.com\/noticias\/wp-json\/wp\/v2\/posts"}],"about":[{"href":"https:\/\/www.eldigitaldeasturias.com\/noticias\/wp-json\/wp\/v2\/types\/post"}],"author":[{"embeddable":true,"href":"https:\/\/www.eldigitaldeasturias.com\/noticias\/wp-json\/wp\/v2\/users\/1"}],"replies":[{"embeddable":true,"href":"https:\/\/www.eldigitaldeasturias.com\/noticias\/wp-json\/wp\/v2\/comments?post=973536"}],"version-history":[{"count":0,"href":"https:\/\/www.eldigitaldeasturias.com\/noticias\/wp-json\/wp\/v2\/posts\/973536\/revisions"}],"wp:attachment":[{"href":"https:\/\/www.eldigitaldeasturias.com\/noticias\/wp-json\/wp\/v2\/media?parent=973536"}],"wp:term":[{"taxonomy":"category","embeddable":true,"href":"https:\/\/www.eldigitaldeasturias.com\/noticias\/wp-json\/wp\/v2\/categories?post=973536"},{"taxonomy":"post_tag","embeddable":true,"href":"https:\/\/www.eldigitaldeasturias.com\/noticias\/wp-json\/wp\/v2\/tags?post=973536"}],"curies":[{"name":"wp","href":"https:\/\/api.w.org\/{rel}","templated":true}]}}