{"id":973356,"date":"2018-03-24T21:26:49","date_gmt":"2018-03-24T21:26:49","guid":{"rendered":"http:\/\/www.eldigitaldeasturias.com\/noticias\/?p=973356"},"modified":"2018-03-24T21:27:57","modified_gmt":"2018-03-24T21:27:57","slug":"maroto-el-proces-ha-naufragado","status":"publish","type":"post","link":"https:\/\/www.eldigitaldeasturias.com\/noticias\/maroto-el-proces-ha-naufragado\/","title":{"rendered":"Maroto: \u00abEl proc\u00e9s ha naufragado\u00bb"},"content":{"rendered":"<p><img loading=\"lazy\" decoding=\"async\" class=\"alignleft size-medium wp-image-973357\" src=\"https:\/\/www.eldigitaldeasturias.com\/noticias\/wp-content\/uploads\/2018\/03\/20180324_declaraciones_maroto_1-360x163.jpg\" alt=\"\" width=\"360\" height=\"163\" \/>El vicesecretario de Pol\u00edtica Social y Sectorial del PP, Javier Maroto, ha dicho hoy que \u201cuna cosa es defender la transparencia, y otra cosa muy distinta es no ser ni responsable, ni coherente\u201d. En este sentido, ha recordado que Ciudadanos dej\u00f3 por escrito \u201cen un texto que llev\u00f3 como proposici\u00f3n de Ley al Congreso, cu\u00e1l era su argumentario y su ideario en relaci\u00f3n a la transparencia en materia de corrupci\u00f3n\u201d.<\/p>\n<p>\u201cCiudadanos no ha sido ni responsable, ni coherente. No ha sido coherente porque el caso de Pilar Barreiro no cabe en lo que Ciudadanos ha dejado por escrito, que es la apertura de juicio oral; y no es responsable porque Ciudadanos ha estado a punto de dejar al pa\u00eds sin presupuestos\u201d, ha subrayado.<\/p>\n<p>En declaraciones a los medios de comunicaci\u00f3n en la sede del PP, Javier Maroto se ha referido as\u00ed \u201ca la decisi\u00f3n personal que ha tomado la senadora Pilar Barreiro en relaci\u00f3n a su traslado al Grupo Mixto mientras siga el procedimiento judicial\u201d. \u201cEs una decisi\u00f3n personal y no una dimisi\u00f3n, ni una expulsi\u00f3n por parte de nadie, es una decisi\u00f3n personal, tomada por esa senadora en nombre de la responsabilidad pol\u00edtica\u201d, ha recalcado.<\/p>\n<p>Maroto ha dicho que \u201cel Gobierno tiene por delante la aprobaci\u00f3n de unos Presupuestos que son fundamentales para el pa\u00eds\u201d y que \u201cafortunadamente, la decisi\u00f3n personal de Pilar Barreiro va a permitir que el Gobierno pueda continuar en su camino\u201d. \u201cEs importante llamar a las cosas por su nombre y no todo vale en la pol\u00edtica, ni todos los discursos y las acciones valen en materia de regeneraci\u00f3n, especialmente cuando contradicen el discurso y ponen en riesgo la estabilidad del propio pa\u00eds\u201d, ha lamentado.<\/p>\n<p><strong>EL PROC\u00c9S HA NAUFRAGADO<\/strong><\/p>\n<p>El vicesecretario popular tambi\u00e9n ha hablado de las \u00faltimas maniobras de los independentistas en Catalu\u00f1a. De este modo, ha explicado que \u201cel tiempo pone a cada uno en su sitio\u201d y ha puesto en valor la firmeza del Gobierno a la hora de \u201chacer respetar la ley y no permitir que haya gente que juegue con ella\u201d. \u201cLo que ha hecho naufragar el proc\u00e9s ha sido los recursos que ha interpuesto el Gobierno. Sin esos recursos, hoy no estar\u00edamos viendo lo que estamos viendo en Catalu\u00f1a. El Gobierno, no solo ha hecho lo que corresponde hacer, sino que lo ha hecho bien\u201d, ha destacado.<\/p>\n<p>Javier Maroto ha recordado que los dirigentes independentistas \u201chab\u00edan tratado de hacer durante estos \u00faltimos a\u00f1os la vida muy inc\u00f3moda a los que no pensaban como ellos\u201d y que dec\u00edan \u201cque los que no pensaban como ellos sobraban en Catalu\u00f1a y se ten\u00edan que ir\u201d pero, \u201clas cosas de la vida, al final son ellos los que acaban saliendo corriendo de la justicia y dejando Catalu\u00f1a\u201d.<\/p>\n<p>El dirigente popular tambi\u00e9n ha hecho referencia a la gente \u201cque dice con la mano en el coraz\u00f3n que defiende Catalu\u00f1a y a los catalanes y, cuando tienen un problema con la justicia, salen corriendo\u201d. \u201cEsa es la noticia. Los \u00faltimos titulares del proc\u00e9s son: a ver qui\u00e9n se escapa hoy. Eso es lo que est\u00e1n haciendo aquellos que dec\u00edan amar a Catalu\u00f1a, salir corriendo y dejar todo aquello tirado. Me parece que es muy lamentable y que los catalanes se merecen unos dirigentes mucho mejor de lo que han tenido\u201d, ha recalcado.<\/p>\n<p>Por \u00faltimo, ha rese\u00f1ado que \u201ces importante hacer llegar el mensaje a todo el mundo de que la justicia est\u00e1 para hacerse cumplir, las leyes son efectivas y hay un Gobierno en Espa\u00f1a que ha hecho su trabajo, un trabajo que ha dado su fruto viendo c\u00f3mo ese proceso no ha ido a ning\u00fan sitio. El proc\u00e9s ha naufragado, precisamente, por la contundencia del Gobierno\u201d.<\/p>\n","protected":false},"excerpt":{"rendered":"<p>El vicesecretario de Pol\u00edtica Social y Sectorial del PP, Javier Maroto, ha dicho hoy que \u201cuna cosa es defender la transparencia, y otra cosa muy distinta es no ser ni responsable, ni coherente\u201d. En este sentido, ha recordado que Ciudadanos dej\u00f3 por escrito \u201cen un texto que llev\u00f3 como proposici\u00f3n de Ley al Congreso, cu\u00e1l [&hellip;]<\/p>\n","protected":false},"author":1,"featured_media":973357,"comment_status":"closed","ping_status":"closed","sticky":false,"template":"","format":"standard","meta":{"footnotes":""},"categories":[1],"tags":[],"class_list":["post-973356","post","type-post","status-publish","format-standard","has-post-thumbnail","hentry","category-actualidad"],"aioseo_notices":[],"aioseo_head":"\n\t\t<!-- All in One SEO Pro 5.0.1 - aioseo.com -->\n\t<meta name=\"description\" content=\"El vicesecretario de Pol\u00edtica Social y Sectorial del PP, Javier Maroto, ha dicho hoy que \u201cuna cosa es defender la transparencia, y otra cosa muy distinta es no ser ni responsable, ni coherente\u201d. En este sentido, ha recordado que Ciudadanos dej\u00f3 por escrito \u201cen un texto que llev\u00f3 como proposici\u00f3n de Ley al Congreso, cu\u00e1l\" \/>\n\t<meta name=\"robots\" content=\"max-image-preview:large\" \/>\n\t<meta name=\"author\" content=\"El Digital de Asturias\"\/>\n\t<meta name=\"google-site-verification\" content=\"UA-38556648-1\" \/>\n\t<meta name=\"msvalidate.01\" content=\"7dfe9f3f1b24437ab69f4f2559babe99\" \/>\n\t<meta name=\"keywords\" content=\"actualidad\" \/>\n\t<link rel=\"canonical\" href=\"https:\/\/www.eldigitaldeasturias.com\/noticias\/maroto-el-proces-ha-naufragado\/\" \/>\n\t<meta name=\"generator\" content=\"All in One SEO Pro (AIOSEO) 5.0.1\" \/>\n\t\t<meta property=\"og:locale\" content=\"es_ES\" \/>\n\t\t<meta property=\"og:site_name\" content=\"El Digital de Asturias\" \/>\n\t\t<meta property=\"og:type\" content=\"article\" \/>\n\t\t<meta property=\"og:title\" content=\"Maroto: \u00abEl proc\u00e9s ha naufragado\u00bb - El Digital de Asturias\" \/>\n\t\t<meta property=\"og:description\" content=\"El vicesecretario de Pol\u00edtica Social y Sectorial del PP, Javier Maroto, ha dicho hoy que \u201cuna cosa es defender la transparencia, y otra cosa muy distinta es no ser ni responsable, ni coherente\u201d. En este sentido, ha recordado que Ciudadanos dej\u00f3 por escrito \u201cen un texto que llev\u00f3 como proposici\u00f3n de Ley al Congreso, cu\u00e1l\" \/>\n\t\t<meta property=\"og:url\" content=\"https:\/\/www.eldigitaldeasturias.com\/noticias\/maroto-el-proces-ha-naufragado\/\" \/>\n\t\t<meta property=\"article:tag\" content=\"actualidad\" \/>\n\t\t<meta property=\"article:published_time\" content=\"2018-03-24T21:26:49+00:00\" \/>\n\t\t<meta property=\"article:modified_time\" content=\"2018-03-24T21:27:57+00:00\" \/>\n\t\t<meta property=\"article:publisher\" content=\"https:\/\/facebook.com\/eldigitaldeasturias\" \/>\n\t\t<meta name=\"twitter:card\" content=\"summary_large_image\" \/>\n\t\t<meta name=\"twitter:title\" content=\"Maroto: \u00abEl proc\u00e9s ha naufragado\u00bb - El Digital de Asturias\" \/>\n\t\t<meta name=\"twitter:description\" content=\"El vicesecretario de Pol\u00edtica Social y Sectorial del PP, Javier Maroto, ha dicho hoy que \u201cuna cosa es defender la transparencia, y otra cosa muy distinta es no ser ni responsable, ni coherente\u201d. En este sentido, ha recordado que Ciudadanos dej\u00f3 por escrito \u201cen un texto que llev\u00f3 como proposici\u00f3n de Ley al Congreso, cu\u00e1l\" \/>\n\t\t<meta name=\"twitter:image\" content=\"https:\/\/www.eldigitaldeasturias.com\/noticias\/wp-content\/uploads\/2020\/12\/EDA-1.jpg\" \/>\n\t\t<meta name=\"twitter:label1\" content=\"Escrito por\" \/>\n\t\t<meta name=\"twitter:data1\" content=\"El Digital de Asturias\" \/>\n\t\t<meta name=\"twitter:label2\" content=\"Tiempo de lectura estimado\" \/>\n\t\t<meta name=\"twitter:data2\" content=\"3 minutos\" \/>\n\t\t<script type=\"application\/ld+json\" class=\"aioseo-schema\">\n\t\t\t{\"@context\":\"https:\\\/\\\/schema.org\",\"@graph\":[{\"@type\":\"BlogPosting\",\"@id\":\"https:\\\/\\\/www.eldigitaldeasturias.com\\\/noticias\\\/maroto-el-proces-ha-naufragado\\\/#blogposting\",\"name\":\"Maroto: \\u00abEl proc\\u00e9s ha naufragado\\u00bb - El Digital de Asturias\",\"headline\":\"Maroto: \\u00abEl proc\\u00e9s ha naufragado\\u00bb\",\"author\":{\"@id\":\"https:\\\/\\\/www.eldigitaldeasturias.com\\\/noticias\\\/author\\\/admin\\\/#author\"},\"publisher\":{\"@id\":\"https:\\\/\\\/www.eldigitaldeasturias.com\\\/noticias\\\/#organization\"},\"image\":{\"@type\":\"ImageObject\",\"url\":973357},\"datePublished\":\"2018-03-24T21:26:49+01:00\",\"dateModified\":\"2018-03-24T21:27:57+01:00\",\"inLanguage\":\"es-ES\",\"mainEntityOfPage\":{\"@id\":\"https:\\\/\\\/www.eldigitaldeasturias.com\\\/noticias\\\/maroto-el-proces-ha-naufragado\\\/#webpage\"},\"isPartOf\":{\"@id\":\"https:\\\/\\\/www.eldigitaldeasturias.com\\\/noticias\\\/maroto-el-proces-ha-naufragado\\\/#webpage\"},\"articleSection\":\"Actualidad\"},{\"@type\":\"BreadcrumbList\",\"@id\":\"https:\\\/\\\/www.eldigitaldeasturias.com\\\/noticias\\\/maroto-el-proces-ha-naufragado\\\/#breadcrumblist\",\"itemListElement\":[{\"@type\":\"ListItem\",\"@id\":\"https:\\\/\\\/www.eldigitaldeasturias.com\\\/noticias#listItem\",\"position\":1,\"name\":\"Home\",\"item\":\"https:\\\/\\\/www.eldigitaldeasturias.com\\\/noticias\",\"nextItem\":{\"@type\":\"ListItem\",\"@id\":\"https:\\\/\\\/www.eldigitaldeasturias.com\\\/noticias\\\/category\\\/actualidad\\\/#listItem\",\"name\":\"Actualidad\"}},{\"@type\":\"ListItem\",\"@id\":\"https:\\\/\\\/www.eldigitaldeasturias.com\\\/noticias\\\/category\\\/actualidad\\\/#listItem\",\"position\":2,\"name\":\"Actualidad\",\"item\":\"https:\\\/\\\/www.eldigitaldeasturias.com\\\/noticias\\\/category\\\/actualidad\\\/\",\"nextItem\":{\"@type\":\"ListItem\",\"@id\":\"https:\\\/\\\/www.eldigitaldeasturias.com\\\/noticias\\\/maroto-el-proces-ha-naufragado\\\/#listItem\",\"name\":\"Maroto: \\u00abEl proc\\u00e9s ha naufragado\\u00bb\"},\"previousItem\":{\"@type\":\"ListItem\",\"@id\":\"https:\\\/\\\/www.eldigitaldeasturias.com\\\/noticias#listItem\",\"name\":\"Home\"}},{\"@type\":\"ListItem\",\"@id\":\"https:\\\/\\\/www.eldigitaldeasturias.com\\\/noticias\\\/maroto-el-proces-ha-naufragado\\\/#listItem\",\"position\":3,\"name\":\"Maroto: \\u00abEl proc\\u00e9s ha naufragado\\u00bb\",\"previousItem\":{\"@type\":\"ListItem\",\"@id\":\"https:\\\/\\\/www.eldigitaldeasturias.com\\\/noticias\\\/category\\\/actualidad\\\/#listItem\",\"name\":\"Actualidad\"}}]},{\"@type\":\"Organization\",\"@id\":\"https:\\\/\\\/www.eldigitaldeasturias.com\\\/noticias\\\/#organization\",\"name\":\"El Digital de Asturias\",\"description\":\"Hemeroteca\",\"url\":\"https:\\\/\\\/www.eldigitaldeasturias.com\\\/noticias\\\/\",\"email\":\"info@eldigitaldeasturias.com\",\"telephone\":\"+34652131393\",\"logo\":{\"@type\":\"ImageObject\",\"url\":\"https:\\\/\\\/www.eldigitaldeasturias.com\\\/noticias\\\/wp-content\\\/uploads\\\/2020\\\/12\\\/EDA.jpg\",\"@id\":\"https:\\\/\\\/www.eldigitaldeasturias.com\\\/noticias\\\/maroto-el-proces-ha-naufragado\\\/#organizationLogo\"},\"image\":{\"@id\":\"https:\\\/\\\/www.eldigitaldeasturias.com\\\/noticias\\\/maroto-el-proces-ha-naufragado\\\/#organizationLogo\"},\"sameAs\":[\"https:\\\/\\\/facebook.com\\\/eldigitaldeasturias\",\"https:\\\/\\\/www.youtube.com\\\/channel\\\/UCZP-2wLEB9Rv6erhFmqVnvg\"],\"address\":{\"@id\":\"https:\\\/\\\/www.eldigitaldeasturias.com\\\/noticias\\\/#postaladdress\",\"@type\":\"PostalAddress\",\"streetAddress\":\"san antonio 4\",\"postalCode\":\"33430\",\"addressLocality\":\"Cand\\u00e1s\",\"addressRegion\":\"Asturias\",\"addressCountry\":\"ES\"}},{\"@type\":\"Person\",\"@id\":\"https:\\\/\\\/www.eldigitaldeasturias.com\\\/noticias\\\/author\\\/admin\\\/#author\",\"url\":\"https:\\\/\\\/www.eldigitaldeasturias.com\\\/noticias\\\/author\\\/admin\\\/\",\"name\":\"El Digital de Asturias\",\"image\":{\"@type\":\"ImageObject\",\"@id\":\"https:\\\/\\\/www.eldigitaldeasturias.com\\\/noticias\\\/maroto-el-proces-ha-naufragado\\\/#authorImage\",\"url\":\"https:\\\/\\\/secure.gravatar.com\\\/avatar\\\/df2aeffc32bcd13f8d26072ef8a91b623d677766deac7f97ca815868cd41bf5e?s=96&d=mm&r=g\",\"width\":96,\"height\":96,\"caption\":\"El Digital de Asturias\"}},{\"@type\":\"WebPage\",\"@id\":\"https:\\\/\\\/www.eldigitaldeasturias.com\\\/noticias\\\/maroto-el-proces-ha-naufragado\\\/#webpage\",\"url\":\"https:\\\/\\\/www.eldigitaldeasturias.com\\\/noticias\\\/maroto-el-proces-ha-naufragado\\\/\",\"name\":\"Maroto: \\u00abEl proc\\u00e9s ha naufragado\\u00bb - El Digital de Asturias\",\"description\":\"El vicesecretario de Pol\\u00edtica Social y Sectorial del PP, Javier Maroto, ha dicho hoy que \\u201cuna cosa es defender la transparencia, y otra cosa muy distinta es no ser ni responsable, ni coherente\\u201d. En este sentido, ha recordado que Ciudadanos dej\\u00f3 por escrito \\u201cen un texto que llev\\u00f3 como proposici\\u00f3n de Ley al Congreso, cu\\u00e1l\",\"inLanguage\":\"es-ES\",\"isPartOf\":{\"@id\":\"https:\\\/\\\/www.eldigitaldeasturias.com\\\/noticias\\\/#website\"},\"breadcrumb\":{\"@id\":\"https:\\\/\\\/www.eldigitaldeasturias.com\\\/noticias\\\/maroto-el-proces-ha-naufragado\\\/#breadcrumblist\"},\"author\":{\"@id\":\"https:\\\/\\\/www.eldigitaldeasturias.com\\\/noticias\\\/author\\\/admin\\\/#author\"},\"creator\":{\"@id\":\"https:\\\/\\\/www.eldigitaldeasturias.com\\\/noticias\\\/author\\\/admin\\\/#author\"},\"image\":{\"@type\":\"ImageObject\",\"url\":973357,\"@id\":\"https:\\\/\\\/www.eldigitaldeasturias.com\\\/noticias\\\/maroto-el-proces-ha-naufragado\\\/#mainImage\"},\"primaryImageOfPage\":{\"@id\":\"https:\\\/\\\/www.eldigitaldeasturias.com\\\/noticias\\\/maroto-el-proces-ha-naufragado\\\/#mainImage\"},\"datePublished\":\"2018-03-24T21:26:49+01:00\",\"dateModified\":\"2018-03-24T21:27:57+01:00\"},{\"@type\":\"WebSite\",\"@id\":\"https:\\\/\\\/www.eldigitaldeasturias.com\\\/noticias\\\/#website\",\"url\":\"https:\\\/\\\/www.eldigitaldeasturias.com\\\/noticias\\\/\",\"name\":\"El Digital de Asturias - Diario de actualidad y noticias\",\"alternateName\":\"El Digital de Asturias - Diario de actualidad y noticias\",\"description\":\"Hemeroteca\",\"inLanguage\":\"es-ES\",\"publisher\":{\"@id\":\"https:\\\/\\\/www.eldigitaldeasturias.com\\\/noticias\\\/#organization\"}}]}\n\t\t<\/script>\n\t\t<!-- All in One SEO Pro -->\r\n\t\t<title>Maroto: \u00abEl proc\u00e9s ha naufragado\u00bb - El Digital de Asturias<\/title>\n\n","aioseo_head_json":{"title":"Maroto: \u00abEl proc\u00e9s ha naufragado\u00bb - El Digital de Asturias","description":"El vicesecretario de Pol\u00edtica Social y Sectorial del PP, Javier Maroto, ha dicho hoy que \u201cuna cosa es defender la transparencia, y otra cosa muy distinta es no ser ni responsable, ni coherente\u201d. En este sentido, ha recordado que Ciudadanos dej\u00f3 por escrito \u201cen un texto que llev\u00f3 como proposici\u00f3n de Ley al Congreso, cu\u00e1l","canonical_url":"https:\/\/www.eldigitaldeasturias.com\/noticias\/maroto-el-proces-ha-naufragado\/","robots":"max-image-preview:large","keywords":"actualidad","webmasterTools":{"google-site-verification":"UA-38556648-1","msvalidate.01":"7dfe9f3f1b24437ab69f4f2559babe99","miscellaneous":""},"schema":{"@context":"https:\/\/schema.org","@graph":[{"@type":"BlogPosting","@id":"https:\/\/www.eldigitaldeasturias.com\/noticias\/maroto-el-proces-ha-naufragado\/#blogposting","name":"Maroto: \u00abEl proc\u00e9s ha naufragado\u00bb - El Digital de Asturias","headline":"Maroto: \u00abEl proc\u00e9s ha naufragado\u00bb","author":{"@id":"https:\/\/www.eldigitaldeasturias.com\/noticias\/author\/admin\/#author"},"publisher":{"@id":"https:\/\/www.eldigitaldeasturias.com\/noticias\/#organization"},"image":{"@type":"ImageObject","url":973357},"datePublished":"2018-03-24T21:26:49+01:00","dateModified":"2018-03-24T21:27:57+01:00","inLanguage":"es-ES","mainEntityOfPage":{"@id":"https:\/\/www.eldigitaldeasturias.com\/noticias\/maroto-el-proces-ha-naufragado\/#webpage"},"isPartOf":{"@id":"https:\/\/www.eldigitaldeasturias.com\/noticias\/maroto-el-proces-ha-naufragado\/#webpage"},"articleSection":"Actualidad"},{"@type":"BreadcrumbList","@id":"https:\/\/www.eldigitaldeasturias.com\/noticias\/maroto-el-proces-ha-naufragado\/#breadcrumblist","itemListElement":[{"@type":"ListItem","@id":"https:\/\/www.eldigitaldeasturias.com\/noticias#listItem","position":1,"name":"Home","item":"https:\/\/www.eldigitaldeasturias.com\/noticias","nextItem":{"@type":"ListItem","@id":"https:\/\/www.eldigitaldeasturias.com\/noticias\/category\/actualidad\/#listItem","name":"Actualidad"}},{"@type":"ListItem","@id":"https:\/\/www.eldigitaldeasturias.com\/noticias\/category\/actualidad\/#listItem","position":2,"name":"Actualidad","item":"https:\/\/www.eldigitaldeasturias.com\/noticias\/category\/actualidad\/","nextItem":{"@type":"ListItem","@id":"https:\/\/www.eldigitaldeasturias.com\/noticias\/maroto-el-proces-ha-naufragado\/#listItem","name":"Maroto: \u00abEl proc\u00e9s ha naufragado\u00bb"},"previousItem":{"@type":"ListItem","@id":"https:\/\/www.eldigitaldeasturias.com\/noticias#listItem","name":"Home"}},{"@type":"ListItem","@id":"https:\/\/www.eldigitaldeasturias.com\/noticias\/maroto-el-proces-ha-naufragado\/#listItem","position":3,"name":"Maroto: \u00abEl proc\u00e9s ha naufragado\u00bb","previousItem":{"@type":"ListItem","@id":"https:\/\/www.eldigitaldeasturias.com\/noticias\/category\/actualidad\/#listItem","name":"Actualidad"}}]},{"@type":"Organization","@id":"https:\/\/www.eldigitaldeasturias.com\/noticias\/#organization","name":"El Digital de Asturias","description":"Hemeroteca","url":"https:\/\/www.eldigitaldeasturias.com\/noticias\/","email":"info@eldigitaldeasturias.com","telephone":"+34652131393","logo":{"@type":"ImageObject","url":"https:\/\/www.eldigitaldeasturias.com\/noticias\/wp-content\/uploads\/2020\/12\/EDA.jpg","@id":"https:\/\/www.eldigitaldeasturias.com\/noticias\/maroto-el-proces-ha-naufragado\/#organizationLogo"},"image":{"@id":"https:\/\/www.eldigitaldeasturias.com\/noticias\/maroto-el-proces-ha-naufragado\/#organizationLogo"},"sameAs":["https:\/\/facebook.com\/eldigitaldeasturias","https:\/\/www.youtube.com\/channel\/UCZP-2wLEB9Rv6erhFmqVnvg"],"address":{"@id":"https:\/\/www.eldigitaldeasturias.com\/noticias\/#postaladdress","@type":"PostalAddress","streetAddress":"san antonio 4","postalCode":"33430","addressLocality":"Cand\u00e1s","addressRegion":"Asturias","addressCountry":"ES"}},{"@type":"Person","@id":"https:\/\/www.eldigitaldeasturias.com\/noticias\/author\/admin\/#author","url":"https:\/\/www.eldigitaldeasturias.com\/noticias\/author\/admin\/","name":"El Digital de Asturias","image":{"@type":"ImageObject","@id":"https:\/\/www.eldigitaldeasturias.com\/noticias\/maroto-el-proces-ha-naufragado\/#authorImage","url":"https:\/\/secure.gravatar.com\/avatar\/df2aeffc32bcd13f8d26072ef8a91b623d677766deac7f97ca815868cd41bf5e?s=96&d=mm&r=g","width":96,"height":96,"caption":"El Digital de Asturias"}},{"@type":"WebPage","@id":"https:\/\/www.eldigitaldeasturias.com\/noticias\/maroto-el-proces-ha-naufragado\/#webpage","url":"https:\/\/www.eldigitaldeasturias.com\/noticias\/maroto-el-proces-ha-naufragado\/","name":"Maroto: \u00abEl proc\u00e9s ha naufragado\u00bb - El Digital de Asturias","description":"El vicesecretario de Pol\u00edtica Social y Sectorial del PP, Javier Maroto, ha dicho hoy que \u201cuna cosa es defender la transparencia, y otra cosa muy distinta es no ser ni responsable, ni coherente\u201d. En este sentido, ha recordado que Ciudadanos dej\u00f3 por escrito \u201cen un texto que llev\u00f3 como proposici\u00f3n de Ley al Congreso, cu\u00e1l","inLanguage":"es-ES","isPartOf":{"@id":"https:\/\/www.eldigitaldeasturias.com\/noticias\/#website"},"breadcrumb":{"@id":"https:\/\/www.eldigitaldeasturias.com\/noticias\/maroto-el-proces-ha-naufragado\/#breadcrumblist"},"author":{"@id":"https:\/\/www.eldigitaldeasturias.com\/noticias\/author\/admin\/#author"},"creator":{"@id":"https:\/\/www.eldigitaldeasturias.com\/noticias\/author\/admin\/#author"},"image":{"@type":"ImageObject","url":973357,"@id":"https:\/\/www.eldigitaldeasturias.com\/noticias\/maroto-el-proces-ha-naufragado\/#mainImage"},"primaryImageOfPage":{"@id":"https:\/\/www.eldigitaldeasturias.com\/noticias\/maroto-el-proces-ha-naufragado\/#mainImage"},"datePublished":"2018-03-24T21:26:49+01:00","dateModified":"2018-03-24T21:27:57+01:00"},{"@type":"WebSite","@id":"https:\/\/www.eldigitaldeasturias.com\/noticias\/#website","url":"https:\/\/www.eldigitaldeasturias.com\/noticias\/","name":"El Digital de Asturias - Diario de actualidad y noticias","alternateName":"El Digital de Asturias - Diario de actualidad y noticias","description":"Hemeroteca","inLanguage":"es-ES","publisher":{"@id":"https:\/\/www.eldigitaldeasturias.com\/noticias\/#organization"}}]},"og:locale":"es_ES","og:site_name":"El Digital de Asturias","og:type":"article","og:title":"Maroto: \u00abEl proc\u00e9s ha naufragado\u00bb - El Digital de Asturias","og:description":"El vicesecretario de Pol\u00edtica Social y Sectorial del PP, Javier Maroto, ha dicho hoy que \u201cuna cosa es defender la transparencia, y otra cosa muy distinta es no ser ni responsable, ni coherente\u201d. En este sentido, ha recordado que Ciudadanos dej\u00f3 por escrito \u201cen un texto que llev\u00f3 como proposici\u00f3n de Ley al Congreso, cu\u00e1l","og:url":"https:\/\/www.eldigitaldeasturias.com\/noticias\/maroto-el-proces-ha-naufragado\/","article:tag":["actualidad"],"article:published_time":"2018-03-24T21:26:49+00:00","article:modified_time":"2018-03-24T21:27:57+00:00","article:publisher":"https:\/\/facebook.com\/eldigitaldeasturias","twitter:card":"summary_large_image","twitter:title":"Maroto: \u00abEl proc\u00e9s ha naufragado\u00bb - El Digital de Asturias","twitter:description":"El vicesecretario de Pol\u00edtica Social y Sectorial del PP, Javier Maroto, ha dicho hoy que \u201cuna cosa es defender la transparencia, y otra cosa muy distinta es no ser ni responsable, ni coherente\u201d. En este sentido, ha recordado que Ciudadanos dej\u00f3 por escrito \u201cen un texto que llev\u00f3 como proposici\u00f3n de Ley al Congreso, cu\u00e1l","twitter:image":"https:\/\/www.eldigitaldeasturias.com\/noticias\/wp-content\/uploads\/2020\/12\/EDA-1.jpg","twitter:label1":"Escrito por","twitter:data1":"El Digital de Asturias","twitter:label2":"Tiempo de lectura estimado","twitter:data2":"3 minutos"},"aioseo_meta_data":{"post_id":"973356","title":null,"description":null,"keywords":null,"keyphrases":null,"primary_term":null,"canonical_url":null,"og_title":null,"og_description":null,"og_object_type":"default","og_image_type":"default","og_image_url":null,"og_image_width":null,"og_image_height":null,"og_image_custom_url":null,"og_image_custom_fields":null,"og_video":null,"og_custom_url":null,"og_article_section":null,"og_article_tags":null,"twitter_use_og":false,"twitter_card":"default","twitter_image_type":"default","twitter_image_url":null,"twitter_image_custom_url":null,"twitter_image_custom_fields":null,"twitter_title":null,"twitter_description":null,"schema":{"blockGraphs":[],"customGraphs":[],"default":{"data":{"Article":[],"Course":[],"Dataset":[],"FAQPage":[],"Movie":[],"Person":[],"Product":[],"ProductReview":[],"Car":[],"Recipe":[],"Service":[],"SoftwareApplication":[],"WebPage":[]},"graphName":"","isEnabled":true},"graphs":[],"defaultGraph":"","defaultPostTypeGraph":""},"schema_type":null,"schema_type_options":null,"pillar_content":false,"robots_default":true,"robots_noindex":false,"robots_noarchive":false,"robots_nosnippet":false,"robots_nofollow":false,"robots_noimageindex":false,"robots_noodp":false,"robots_notranslate":false,"robots_max_snippet":null,"robots_max_videopreview":null,"robots_max_imagepreview":"large","priority":null,"frequency":null,"local_seo":null,"seo_analyzer_scan_date":"2025-10-07 16:07:08","breadcrumb_settings":null,"limit_modified_date":false,"open_ai":null,"ai":null,"created":"2020-12-21 12:16:38","updated":"2025-10-07 16:07:08","focus_keyword":null,"additional_keywords":null,"truseo_locale":null},"aioseo_breadcrumb":"<div class=\"aioseo-breadcrumbs\"><span class=\"aioseo-breadcrumb\">\n\t<a href=\"https:\/\/www.eldigitaldeasturias.com\/noticias\" title=\"Home\">Home<\/a>\n<\/span><span class=\"aioseo-breadcrumb-separator\">\u2013<\/span><span class=\"aioseo-breadcrumb\">\n\t<a href=\"https:\/\/www.eldigitaldeasturias.com\/noticias\/category\/actualidad\/\" title=\"Actualidad\">Actualidad<\/a>\n<\/span><span class=\"aioseo-breadcrumb-separator\">\u2013<\/span><span class=\"aioseo-breadcrumb\">\n\t<a href=\"https:\/\/www.eldigitaldeasturias.com\/noticias\/maroto-el-proces-ha-naufragado\/\" title=\"Maroto: \u00abEl proc\u00e9s ha naufragado\u00bb\">Maroto: \u00abEl proc\u00e9s ha naufragado\u00bb<\/a>\n<\/span><\/div>","aioseo_breadcrumb_json":[{"label":"Home","link":"https:\/\/www.eldigitaldeasturias.com\/noticias"},{"label":"Actualidad","link":"https:\/\/www.eldigitaldeasturias.com\/noticias\/category\/actualidad\/"},{"label":"Maroto: \u00abEl proc\u00e9s ha naufragado\u00bb","link":"https:\/\/www.eldigitaldeasturias.com\/noticias\/maroto-el-proces-ha-naufragado\/"}],"_links":{"self":[{"href":"https:\/\/www.eldigitaldeasturias.com\/noticias\/wp-json\/wp\/v2\/posts\/973356","targetHints":{"allow":["GET"]}}],"collection":[{"href":"https:\/\/www.eldigitaldeasturias.com\/noticias\/wp-json\/wp\/v2\/posts"}],"about":[{"href":"https:\/\/www.eldigitaldeasturias.com\/noticias\/wp-json\/wp\/v2\/types\/post"}],"author":[{"embeddable":true,"href":"https:\/\/www.eldigitaldeasturias.com\/noticias\/wp-json\/wp\/v2\/users\/1"}],"replies":[{"embeddable":true,"href":"https:\/\/www.eldigitaldeasturias.com\/noticias\/wp-json\/wp\/v2\/comments?post=973356"}],"version-history":[{"count":0,"href":"https:\/\/www.eldigitaldeasturias.com\/noticias\/wp-json\/wp\/v2\/posts\/973356\/revisions"}],"wp:attachment":[{"href":"https:\/\/www.eldigitaldeasturias.com\/noticias\/wp-json\/wp\/v2\/media?parent=973356"}],"wp:term":[{"taxonomy":"category","embeddable":true,"href":"https:\/\/www.eldigitaldeasturias.com\/noticias\/wp-json\/wp\/v2\/categories?post=973356"},{"taxonomy":"post_tag","embeddable":true,"href":"https:\/\/www.eldigitaldeasturias.com\/noticias\/wp-json\/wp\/v2\/tags?post=973356"}],"curies":[{"name":"wp","href":"https:\/\/api.w.org\/{rel}","templated":true}]}}