{"id":973343,"date":"2018-03-24T19:51:09","date_gmt":"2018-03-24T19:51:09","guid":{"rendered":"http:\/\/www.eldigitaldeasturias.com\/noticias\/?p=973343"},"modified":"2018-03-24T19:51:09","modified_gmt":"2018-03-24T19:51:09","slug":"inaugurado-el-centro-de-gestion-del-trafico-del-suroeste","status":"publish","type":"post","link":"https:\/\/www.eldigitaldeasturias.com\/noticias\/inaugurado-el-centro-de-gestion-del-trafico-del-suroeste\/","title":{"rendered":"Inaugurado el Centro de Gesti\u00f3n del Tr\u00e1fico del Suroeste"},"content":{"rendered":"<p><img loading=\"lazy\" decoding=\"async\" class=\"alignleft size-medium wp-image-973344\" src=\"https:\/\/www.eldigitaldeasturias.com\/noticias\/wp-content\/uploads\/2018\/03\/travel-2724331_1280-360x240.jpg\" alt=\"\" width=\"360\" height=\"240\" \/>El ministro del Interior ha inaugurado esta ma\u00f1ana en Sevilla la ampliaci\u00f3n del Centro de Gesti\u00f3n del Tr\u00e1fico del Suroeste de la DGT, con sede en la capital hispalense. Juan Ignacio Zoido ha estado acompa\u00f1ado por el director general de Tr\u00e1fico, Gregorio Serrano, y la jefa provincial de Tr\u00e1fico, Ana Luz Jim\u00e9nez.<\/p>\n<p>El Centro de Gesti\u00f3n del Tr\u00e1fico del Suroeste es uno de los ocho Centros de Gesti\u00f3n de los que dispone la DGT en toda Espa\u00f1a. Entre otras funciones, se encarga de la supervisi\u00f3n del estado de la circulaci\u00f3n, detecci\u00f3n de incidencias y la coordinaci\u00f3n con la Patrulla de Helic\u00f3pteros, los efectivos de la Agrupaci\u00f3n de Tr\u00e1fico de la Guardia Civil y de las Polic\u00edas Locales, servicios de emergencia y mantenimiento de infraestructuras.<\/p>\n<p>Entre los trabajos acometidos en el Centro de Gesti\u00f3n del Tr\u00e1fico del Suroeste, se han realizado mejoras f\u00edsicas y de equipamiento en la sala de control, con el objetivo principal de dar un mejor servicio a los ciudadanos. En palabras del propio ministro del Interior, \u00abel incremento en la actividad del Centro en los \u00faltimos a\u00f1os, junto con la necesidad de actualizaci\u00f3n de las tecnolog\u00edas y la funcionalidad de los distintos subsistemas de operaci\u00f3n, han hecho necesaria esta ampliaci\u00f3n y actualizaci\u00f3n\u00bb.<\/p>\n","protected":false},"excerpt":{"rendered":"<p>El ministro del Interior ha inaugurado esta ma\u00f1ana en Sevilla la ampliaci\u00f3n del Centro de Gesti\u00f3n del Tr\u00e1fico del Suroeste de la DGT, con sede en la capital hispalense. Juan Ignacio Zoido ha estado acompa\u00f1ado por el director general de Tr\u00e1fico, Gregorio Serrano, y la jefa provincial de Tr\u00e1fico, Ana Luz Jim\u00e9nez. El Centro de [&hellip;]<\/p>\n","protected":false},"author":1,"featured_media":973344,"comment_status":"closed","ping_status":"closed","sticky":false,"template":"","format":"standard","meta":{"footnotes":""},"categories":[1],"tags":[],"class_list":["post-973343","post","type-post","status-publish","format-standard","has-post-thumbnail","hentry","category-actualidad"],"aioseo_notices":[],"aioseo_head":"\n\t\t<!-- All in One SEO Pro 5.0.1 - aioseo.com -->\n\t<meta name=\"description\" content=\"El ministro del Interior ha inaugurado esta ma\u00f1ana en Sevilla la ampliaci\u00f3n del Centro de Gesti\u00f3n del Tr\u00e1fico del Suroeste de la DGT, con sede en la capital hispalense. Juan Ignacio Zoido ha estado acompa\u00f1ado por el director general de Tr\u00e1fico, Gregorio Serrano, y la jefa provincial de Tr\u00e1fico, Ana Luz Jim\u00e9nez. El Centro de\" \/>\n\t<meta name=\"robots\" content=\"max-image-preview:large\" \/>\n\t<meta name=\"author\" content=\"El Digital de Asturias\"\/>\n\t<meta name=\"google-site-verification\" content=\"UA-38556648-1\" \/>\n\t<meta name=\"msvalidate.01\" content=\"7dfe9f3f1b24437ab69f4f2559babe99\" \/>\n\t<meta name=\"keywords\" content=\"actualidad\" \/>\n\t<link rel=\"canonical\" href=\"https:\/\/www.eldigitaldeasturias.com\/noticias\/inaugurado-el-centro-de-gestion-del-trafico-del-suroeste\/\" \/>\n\t<meta name=\"generator\" content=\"All in One SEO Pro (AIOSEO) 5.0.1\" \/>\n\t\t<meta property=\"og:locale\" content=\"es_ES\" \/>\n\t\t<meta property=\"og:site_name\" content=\"El Digital de Asturias\" \/>\n\t\t<meta property=\"og:type\" content=\"article\" \/>\n\t\t<meta property=\"og:title\" content=\"Inaugurado el Centro de Gesti\u00f3n del Tr\u00e1fico del Suroeste - El Digital de Asturias\" \/>\n\t\t<meta property=\"og:description\" content=\"El ministro del Interior ha inaugurado esta ma\u00f1ana en Sevilla la ampliaci\u00f3n del Centro de Gesti\u00f3n del Tr\u00e1fico del Suroeste de la DGT, con sede en la capital hispalense. Juan Ignacio Zoido ha estado acompa\u00f1ado por el director general de Tr\u00e1fico, Gregorio Serrano, y la jefa provincial de Tr\u00e1fico, Ana Luz Jim\u00e9nez. El Centro de\" \/>\n\t\t<meta property=\"og:url\" content=\"https:\/\/www.eldigitaldeasturias.com\/noticias\/inaugurado-el-centro-de-gestion-del-trafico-del-suroeste\/\" \/>\n\t\t<meta property=\"article:tag\" content=\"actualidad\" \/>\n\t\t<meta property=\"article:published_time\" content=\"2018-03-24T19:51:09+00:00\" \/>\n\t\t<meta property=\"article:modified_time\" content=\"2018-03-24T19:51:09+00:00\" \/>\n\t\t<meta property=\"article:publisher\" content=\"https:\/\/facebook.com\/eldigitaldeasturias\" \/>\n\t\t<meta name=\"twitter:card\" content=\"summary_large_image\" \/>\n\t\t<meta name=\"twitter:title\" content=\"Inaugurado el Centro de Gesti\u00f3n del Tr\u00e1fico del Suroeste - El Digital de Asturias\" \/>\n\t\t<meta name=\"twitter:description\" content=\"El ministro del Interior ha inaugurado esta ma\u00f1ana en Sevilla la ampliaci\u00f3n del Centro de Gesti\u00f3n del Tr\u00e1fico del Suroeste de la DGT, con sede en la capital hispalense. Juan Ignacio Zoido ha estado acompa\u00f1ado por el director general de Tr\u00e1fico, Gregorio Serrano, y la jefa provincial de Tr\u00e1fico, Ana Luz Jim\u00e9nez. El Centro de\" \/>\n\t\t<meta name=\"twitter:image\" content=\"https:\/\/www.eldigitaldeasturias.com\/noticias\/wp-content\/uploads\/2020\/12\/EDA-1.jpg\" \/>\n\t\t<meta name=\"twitter:label1\" content=\"Escrito por\" \/>\n\t\t<meta name=\"twitter:data1\" content=\"El Digital de Asturias\" \/>\n\t\t<meta name=\"twitter:label2\" content=\"Tiempo de lectura estimado\" \/>\n\t\t<meta name=\"twitter:data2\" content=\"1 minuto\" \/>\n\t\t<script type=\"application\/ld+json\" class=\"aioseo-schema\">\n\t\t\t{\"@context\":\"https:\\\/\\\/schema.org\",\"@graph\":[{\"@type\":\"BlogPosting\",\"@id\":\"https:\\\/\\\/www.eldigitaldeasturias.com\\\/noticias\\\/inaugurado-el-centro-de-gestion-del-trafico-del-suroeste\\\/#blogposting\",\"name\":\"Inaugurado el Centro de Gesti\\u00f3n del Tr\\u00e1fico del Suroeste - El Digital de Asturias\",\"headline\":\"Inaugurado el Centro de Gesti\\u00f3n del Tr\\u00e1fico del Suroeste\",\"author\":{\"@id\":\"https:\\\/\\\/www.eldigitaldeasturias.com\\\/noticias\\\/author\\\/admin\\\/#author\"},\"publisher\":{\"@id\":\"https:\\\/\\\/www.eldigitaldeasturias.com\\\/noticias\\\/#organization\"},\"image\":{\"@type\":\"ImageObject\",\"url\":973344},\"datePublished\":\"2018-03-24T19:51:09+01:00\",\"dateModified\":\"2018-03-24T19:51:09+01:00\",\"inLanguage\":\"es-ES\",\"mainEntityOfPage\":{\"@id\":\"https:\\\/\\\/www.eldigitaldeasturias.com\\\/noticias\\\/inaugurado-el-centro-de-gestion-del-trafico-del-suroeste\\\/#webpage\"},\"isPartOf\":{\"@id\":\"https:\\\/\\\/www.eldigitaldeasturias.com\\\/noticias\\\/inaugurado-el-centro-de-gestion-del-trafico-del-suroeste\\\/#webpage\"},\"articleSection\":\"Actualidad\"},{\"@type\":\"BreadcrumbList\",\"@id\":\"https:\\\/\\\/www.eldigitaldeasturias.com\\\/noticias\\\/inaugurado-el-centro-de-gestion-del-trafico-del-suroeste\\\/#breadcrumblist\",\"itemListElement\":[{\"@type\":\"ListItem\",\"@id\":\"https:\\\/\\\/www.eldigitaldeasturias.com\\\/noticias#listItem\",\"position\":1,\"name\":\"Home\",\"item\":\"https:\\\/\\\/www.eldigitaldeasturias.com\\\/noticias\",\"nextItem\":{\"@type\":\"ListItem\",\"@id\":\"https:\\\/\\\/www.eldigitaldeasturias.com\\\/noticias\\\/category\\\/actualidad\\\/#listItem\",\"name\":\"Actualidad\"}},{\"@type\":\"ListItem\",\"@id\":\"https:\\\/\\\/www.eldigitaldeasturias.com\\\/noticias\\\/category\\\/actualidad\\\/#listItem\",\"position\":2,\"name\":\"Actualidad\",\"item\":\"https:\\\/\\\/www.eldigitaldeasturias.com\\\/noticias\\\/category\\\/actualidad\\\/\",\"nextItem\":{\"@type\":\"ListItem\",\"@id\":\"https:\\\/\\\/www.eldigitaldeasturias.com\\\/noticias\\\/inaugurado-el-centro-de-gestion-del-trafico-del-suroeste\\\/#listItem\",\"name\":\"Inaugurado el Centro de Gesti\\u00f3n del Tr\\u00e1fico del Suroeste\"},\"previousItem\":{\"@type\":\"ListItem\",\"@id\":\"https:\\\/\\\/www.eldigitaldeasturias.com\\\/noticias#listItem\",\"name\":\"Home\"}},{\"@type\":\"ListItem\",\"@id\":\"https:\\\/\\\/www.eldigitaldeasturias.com\\\/noticias\\\/inaugurado-el-centro-de-gestion-del-trafico-del-suroeste\\\/#listItem\",\"position\":3,\"name\":\"Inaugurado el Centro de Gesti\\u00f3n del Tr\\u00e1fico del Suroeste\",\"previousItem\":{\"@type\":\"ListItem\",\"@id\":\"https:\\\/\\\/www.eldigitaldeasturias.com\\\/noticias\\\/category\\\/actualidad\\\/#listItem\",\"name\":\"Actualidad\"}}]},{\"@type\":\"Organization\",\"@id\":\"https:\\\/\\\/www.eldigitaldeasturias.com\\\/noticias\\\/#organization\",\"name\":\"El Digital de Asturias\",\"description\":\"Hemeroteca\",\"url\":\"https:\\\/\\\/www.eldigitaldeasturias.com\\\/noticias\\\/\",\"email\":\"info@eldigitaldeasturias.com\",\"telephone\":\"+34652131393\",\"logo\":{\"@type\":\"ImageObject\",\"url\":\"https:\\\/\\\/www.eldigitaldeasturias.com\\\/noticias\\\/wp-content\\\/uploads\\\/2020\\\/12\\\/EDA.jpg\",\"@id\":\"https:\\\/\\\/www.eldigitaldeasturias.com\\\/noticias\\\/inaugurado-el-centro-de-gestion-del-trafico-del-suroeste\\\/#organizationLogo\"},\"image\":{\"@id\":\"https:\\\/\\\/www.eldigitaldeasturias.com\\\/noticias\\\/inaugurado-el-centro-de-gestion-del-trafico-del-suroeste\\\/#organizationLogo\"},\"sameAs\":[\"https:\\\/\\\/facebook.com\\\/eldigitaldeasturias\",\"https:\\\/\\\/www.youtube.com\\\/channel\\\/UCZP-2wLEB9Rv6erhFmqVnvg\"],\"address\":{\"@id\":\"https:\\\/\\\/www.eldigitaldeasturias.com\\\/noticias\\\/#postaladdress\",\"@type\":\"PostalAddress\",\"streetAddress\":\"san antonio 4\",\"postalCode\":\"33430\",\"addressLocality\":\"Cand\\u00e1s\",\"addressRegion\":\"Asturias\",\"addressCountry\":\"ES\"}},{\"@type\":\"Person\",\"@id\":\"https:\\\/\\\/www.eldigitaldeasturias.com\\\/noticias\\\/author\\\/admin\\\/#author\",\"url\":\"https:\\\/\\\/www.eldigitaldeasturias.com\\\/noticias\\\/author\\\/admin\\\/\",\"name\":\"El Digital de Asturias\",\"image\":{\"@type\":\"ImageObject\",\"@id\":\"https:\\\/\\\/www.eldigitaldeasturias.com\\\/noticias\\\/inaugurado-el-centro-de-gestion-del-trafico-del-suroeste\\\/#authorImage\",\"url\":\"https:\\\/\\\/secure.gravatar.com\\\/avatar\\\/df2aeffc32bcd13f8d26072ef8a91b623d677766deac7f97ca815868cd41bf5e?s=96&d=mm&r=g\",\"width\":96,\"height\":96,\"caption\":\"El Digital de Asturias\"}},{\"@type\":\"WebPage\",\"@id\":\"https:\\\/\\\/www.eldigitaldeasturias.com\\\/noticias\\\/inaugurado-el-centro-de-gestion-del-trafico-del-suroeste\\\/#webpage\",\"url\":\"https:\\\/\\\/www.eldigitaldeasturias.com\\\/noticias\\\/inaugurado-el-centro-de-gestion-del-trafico-del-suroeste\\\/\",\"name\":\"Inaugurado el Centro de Gesti\\u00f3n del Tr\\u00e1fico del Suroeste - El Digital de Asturias\",\"description\":\"El ministro del Interior ha inaugurado esta ma\\u00f1ana en Sevilla la ampliaci\\u00f3n del Centro de Gesti\\u00f3n del Tr\\u00e1fico del Suroeste de la DGT, con sede en la capital hispalense. Juan Ignacio Zoido ha estado acompa\\u00f1ado por el director general de Tr\\u00e1fico, Gregorio Serrano, y la jefa provincial de Tr\\u00e1fico, Ana Luz Jim\\u00e9nez. El Centro de\",\"inLanguage\":\"es-ES\",\"isPartOf\":{\"@id\":\"https:\\\/\\\/www.eldigitaldeasturias.com\\\/noticias\\\/#website\"},\"breadcrumb\":{\"@id\":\"https:\\\/\\\/www.eldigitaldeasturias.com\\\/noticias\\\/inaugurado-el-centro-de-gestion-del-trafico-del-suroeste\\\/#breadcrumblist\"},\"author\":{\"@id\":\"https:\\\/\\\/www.eldigitaldeasturias.com\\\/noticias\\\/author\\\/admin\\\/#author\"},\"creator\":{\"@id\":\"https:\\\/\\\/www.eldigitaldeasturias.com\\\/noticias\\\/author\\\/admin\\\/#author\"},\"image\":{\"@type\":\"ImageObject\",\"url\":973344,\"@id\":\"https:\\\/\\\/www.eldigitaldeasturias.com\\\/noticias\\\/inaugurado-el-centro-de-gestion-del-trafico-del-suroeste\\\/#mainImage\"},\"primaryImageOfPage\":{\"@id\":\"https:\\\/\\\/www.eldigitaldeasturias.com\\\/noticias\\\/inaugurado-el-centro-de-gestion-del-trafico-del-suroeste\\\/#mainImage\"},\"datePublished\":\"2018-03-24T19:51:09+01:00\",\"dateModified\":\"2018-03-24T19:51:09+01:00\"},{\"@type\":\"WebSite\",\"@id\":\"https:\\\/\\\/www.eldigitaldeasturias.com\\\/noticias\\\/#website\",\"url\":\"https:\\\/\\\/www.eldigitaldeasturias.com\\\/noticias\\\/\",\"name\":\"El Digital de Asturias - Diario de actualidad y noticias\",\"alternateName\":\"El Digital de Asturias - Diario de actualidad y noticias\",\"description\":\"Hemeroteca\",\"inLanguage\":\"es-ES\",\"publisher\":{\"@id\":\"https:\\\/\\\/www.eldigitaldeasturias.com\\\/noticias\\\/#organization\"}}]}\n\t\t<\/script>\n\t\t<!-- All in One SEO Pro -->\r\n\t\t<title>Inaugurado el Centro de Gesti\u00f3n del Tr\u00e1fico del Suroeste - El Digital de Asturias<\/title>\n\n","aioseo_head_json":{"title":"Inaugurado el Centro de Gesti\u00f3n del Tr\u00e1fico del Suroeste - El Digital de Asturias","description":"El ministro del Interior ha inaugurado esta ma\u00f1ana en Sevilla la ampliaci\u00f3n del Centro de Gesti\u00f3n del Tr\u00e1fico del Suroeste de la DGT, con sede en la capital hispalense. Juan Ignacio Zoido ha estado acompa\u00f1ado por el director general de Tr\u00e1fico, Gregorio Serrano, y la jefa provincial de Tr\u00e1fico, Ana Luz Jim\u00e9nez. El Centro de","canonical_url":"https:\/\/www.eldigitaldeasturias.com\/noticias\/inaugurado-el-centro-de-gestion-del-trafico-del-suroeste\/","robots":"max-image-preview:large","keywords":"actualidad","webmasterTools":{"google-site-verification":"UA-38556648-1","msvalidate.01":"7dfe9f3f1b24437ab69f4f2559babe99","miscellaneous":""},"schema":{"@context":"https:\/\/schema.org","@graph":[{"@type":"BlogPosting","@id":"https:\/\/www.eldigitaldeasturias.com\/noticias\/inaugurado-el-centro-de-gestion-del-trafico-del-suroeste\/#blogposting","name":"Inaugurado el Centro de Gesti\u00f3n del Tr\u00e1fico del Suroeste - El Digital de Asturias","headline":"Inaugurado el Centro de Gesti\u00f3n del Tr\u00e1fico del Suroeste","author":{"@id":"https:\/\/www.eldigitaldeasturias.com\/noticias\/author\/admin\/#author"},"publisher":{"@id":"https:\/\/www.eldigitaldeasturias.com\/noticias\/#organization"},"image":{"@type":"ImageObject","url":973344},"datePublished":"2018-03-24T19:51:09+01:00","dateModified":"2018-03-24T19:51:09+01:00","inLanguage":"es-ES","mainEntityOfPage":{"@id":"https:\/\/www.eldigitaldeasturias.com\/noticias\/inaugurado-el-centro-de-gestion-del-trafico-del-suroeste\/#webpage"},"isPartOf":{"@id":"https:\/\/www.eldigitaldeasturias.com\/noticias\/inaugurado-el-centro-de-gestion-del-trafico-del-suroeste\/#webpage"},"articleSection":"Actualidad"},{"@type":"BreadcrumbList","@id":"https:\/\/www.eldigitaldeasturias.com\/noticias\/inaugurado-el-centro-de-gestion-del-trafico-del-suroeste\/#breadcrumblist","itemListElement":[{"@type":"ListItem","@id":"https:\/\/www.eldigitaldeasturias.com\/noticias#listItem","position":1,"name":"Home","item":"https:\/\/www.eldigitaldeasturias.com\/noticias","nextItem":{"@type":"ListItem","@id":"https:\/\/www.eldigitaldeasturias.com\/noticias\/category\/actualidad\/#listItem","name":"Actualidad"}},{"@type":"ListItem","@id":"https:\/\/www.eldigitaldeasturias.com\/noticias\/category\/actualidad\/#listItem","position":2,"name":"Actualidad","item":"https:\/\/www.eldigitaldeasturias.com\/noticias\/category\/actualidad\/","nextItem":{"@type":"ListItem","@id":"https:\/\/www.eldigitaldeasturias.com\/noticias\/inaugurado-el-centro-de-gestion-del-trafico-del-suroeste\/#listItem","name":"Inaugurado el Centro de Gesti\u00f3n del Tr\u00e1fico del Suroeste"},"previousItem":{"@type":"ListItem","@id":"https:\/\/www.eldigitaldeasturias.com\/noticias#listItem","name":"Home"}},{"@type":"ListItem","@id":"https:\/\/www.eldigitaldeasturias.com\/noticias\/inaugurado-el-centro-de-gestion-del-trafico-del-suroeste\/#listItem","position":3,"name":"Inaugurado el Centro de Gesti\u00f3n del Tr\u00e1fico del Suroeste","previousItem":{"@type":"ListItem","@id":"https:\/\/www.eldigitaldeasturias.com\/noticias\/category\/actualidad\/#listItem","name":"Actualidad"}}]},{"@type":"Organization","@id":"https:\/\/www.eldigitaldeasturias.com\/noticias\/#organization","name":"El Digital de Asturias","description":"Hemeroteca","url":"https:\/\/www.eldigitaldeasturias.com\/noticias\/","email":"info@eldigitaldeasturias.com","telephone":"+34652131393","logo":{"@type":"ImageObject","url":"https:\/\/www.eldigitaldeasturias.com\/noticias\/wp-content\/uploads\/2020\/12\/EDA.jpg","@id":"https:\/\/www.eldigitaldeasturias.com\/noticias\/inaugurado-el-centro-de-gestion-del-trafico-del-suroeste\/#organizationLogo"},"image":{"@id":"https:\/\/www.eldigitaldeasturias.com\/noticias\/inaugurado-el-centro-de-gestion-del-trafico-del-suroeste\/#organizationLogo"},"sameAs":["https:\/\/facebook.com\/eldigitaldeasturias","https:\/\/www.youtube.com\/channel\/UCZP-2wLEB9Rv6erhFmqVnvg"],"address":{"@id":"https:\/\/www.eldigitaldeasturias.com\/noticias\/#postaladdress","@type":"PostalAddress","streetAddress":"san antonio 4","postalCode":"33430","addressLocality":"Cand\u00e1s","addressRegion":"Asturias","addressCountry":"ES"}},{"@type":"Person","@id":"https:\/\/www.eldigitaldeasturias.com\/noticias\/author\/admin\/#author","url":"https:\/\/www.eldigitaldeasturias.com\/noticias\/author\/admin\/","name":"El Digital de Asturias","image":{"@type":"ImageObject","@id":"https:\/\/www.eldigitaldeasturias.com\/noticias\/inaugurado-el-centro-de-gestion-del-trafico-del-suroeste\/#authorImage","url":"https:\/\/secure.gravatar.com\/avatar\/df2aeffc32bcd13f8d26072ef8a91b623d677766deac7f97ca815868cd41bf5e?s=96&d=mm&r=g","width":96,"height":96,"caption":"El Digital de Asturias"}},{"@type":"WebPage","@id":"https:\/\/www.eldigitaldeasturias.com\/noticias\/inaugurado-el-centro-de-gestion-del-trafico-del-suroeste\/#webpage","url":"https:\/\/www.eldigitaldeasturias.com\/noticias\/inaugurado-el-centro-de-gestion-del-trafico-del-suroeste\/","name":"Inaugurado el Centro de Gesti\u00f3n del Tr\u00e1fico del Suroeste - El Digital de Asturias","description":"El ministro del Interior ha inaugurado esta ma\u00f1ana en Sevilla la ampliaci\u00f3n del Centro de Gesti\u00f3n del Tr\u00e1fico del Suroeste de la DGT, con sede en la capital hispalense. Juan Ignacio Zoido ha estado acompa\u00f1ado por el director general de Tr\u00e1fico, Gregorio Serrano, y la jefa provincial de Tr\u00e1fico, Ana Luz Jim\u00e9nez. El Centro de","inLanguage":"es-ES","isPartOf":{"@id":"https:\/\/www.eldigitaldeasturias.com\/noticias\/#website"},"breadcrumb":{"@id":"https:\/\/www.eldigitaldeasturias.com\/noticias\/inaugurado-el-centro-de-gestion-del-trafico-del-suroeste\/#breadcrumblist"},"author":{"@id":"https:\/\/www.eldigitaldeasturias.com\/noticias\/author\/admin\/#author"},"creator":{"@id":"https:\/\/www.eldigitaldeasturias.com\/noticias\/author\/admin\/#author"},"image":{"@type":"ImageObject","url":973344,"@id":"https:\/\/www.eldigitaldeasturias.com\/noticias\/inaugurado-el-centro-de-gestion-del-trafico-del-suroeste\/#mainImage"},"primaryImageOfPage":{"@id":"https:\/\/www.eldigitaldeasturias.com\/noticias\/inaugurado-el-centro-de-gestion-del-trafico-del-suroeste\/#mainImage"},"datePublished":"2018-03-24T19:51:09+01:00","dateModified":"2018-03-24T19:51:09+01:00"},{"@type":"WebSite","@id":"https:\/\/www.eldigitaldeasturias.com\/noticias\/#website","url":"https:\/\/www.eldigitaldeasturias.com\/noticias\/","name":"El Digital de Asturias - Diario de actualidad y noticias","alternateName":"El Digital de Asturias - Diario de actualidad y noticias","description":"Hemeroteca","inLanguage":"es-ES","publisher":{"@id":"https:\/\/www.eldigitaldeasturias.com\/noticias\/#organization"}}]},"og:locale":"es_ES","og:site_name":"El Digital de Asturias","og:type":"article","og:title":"Inaugurado el Centro de Gesti\u00f3n del Tr\u00e1fico del Suroeste - El Digital de Asturias","og:description":"El ministro del Interior ha inaugurado esta ma\u00f1ana en Sevilla la ampliaci\u00f3n del Centro de Gesti\u00f3n del Tr\u00e1fico del Suroeste de la DGT, con sede en la capital hispalense. Juan Ignacio Zoido ha estado acompa\u00f1ado por el director general de Tr\u00e1fico, Gregorio Serrano, y la jefa provincial de Tr\u00e1fico, Ana Luz Jim\u00e9nez. El Centro de","og:url":"https:\/\/www.eldigitaldeasturias.com\/noticias\/inaugurado-el-centro-de-gestion-del-trafico-del-suroeste\/","article:tag":["actualidad"],"article:published_time":"2018-03-24T19:51:09+00:00","article:modified_time":"2018-03-24T19:51:09+00:00","article:publisher":"https:\/\/facebook.com\/eldigitaldeasturias","twitter:card":"summary_large_image","twitter:title":"Inaugurado el Centro de Gesti\u00f3n del Tr\u00e1fico del Suroeste - El Digital de Asturias","twitter:description":"El ministro del Interior ha inaugurado esta ma\u00f1ana en Sevilla la ampliaci\u00f3n del Centro de Gesti\u00f3n del Tr\u00e1fico del Suroeste de la DGT, con sede en la capital hispalense. Juan Ignacio Zoido ha estado acompa\u00f1ado por el director general de Tr\u00e1fico, Gregorio Serrano, y la jefa provincial de Tr\u00e1fico, Ana Luz Jim\u00e9nez. El Centro de","twitter:image":"https:\/\/www.eldigitaldeasturias.com\/noticias\/wp-content\/uploads\/2020\/12\/EDA-1.jpg","twitter:label1":"Escrito por","twitter:data1":"El Digital de Asturias","twitter:label2":"Tiempo de lectura estimado","twitter:data2":"1 minuto"},"aioseo_meta_data":{"post_id":"973343","title":null,"description":null,"keywords":null,"keyphrases":null,"primary_term":null,"canonical_url":null,"og_title":null,"og_description":null,"og_object_type":"default","og_image_type":"default","og_image_url":null,"og_image_width":null,"og_image_height":null,"og_image_custom_url":null,"og_image_custom_fields":null,"og_video":null,"og_custom_url":null,"og_article_section":null,"og_article_tags":null,"twitter_use_og":false,"twitter_card":"default","twitter_image_type":"default","twitter_image_url":null,"twitter_image_custom_url":null,"twitter_image_custom_fields":null,"twitter_title":null,"twitter_description":null,"schema":{"blockGraphs":[],"customGraphs":[],"default":{"data":{"Article":[],"Course":[],"Dataset":[],"FAQPage":[],"Movie":[],"Person":[],"Product":[],"ProductReview":[],"Car":[],"Recipe":[],"Service":[],"SoftwareApplication":[],"WebPage":[]},"graphName":"","isEnabled":true},"graphs":[],"defaultGraph":"","defaultPostTypeGraph":""},"schema_type":null,"schema_type_options":null,"pillar_content":false,"robots_default":true,"robots_noindex":false,"robots_noarchive":false,"robots_nosnippet":false,"robots_nofollow":false,"robots_noimageindex":false,"robots_noodp":false,"robots_notranslate":false,"robots_max_snippet":null,"robots_max_videopreview":null,"robots_max_imagepreview":"large","priority":null,"frequency":null,"local_seo":null,"seo_analyzer_scan_date":"2025-10-07 16:05:13","breadcrumb_settings":null,"limit_modified_date":false,"open_ai":null,"ai":null,"created":"2020-12-21 12:16:39","updated":"2025-10-07 16:05:13","focus_keyword":null,"additional_keywords":null,"truseo_locale":null},"aioseo_breadcrumb":"<div class=\"aioseo-breadcrumbs\"><span class=\"aioseo-breadcrumb\">\n\t<a href=\"https:\/\/www.eldigitaldeasturias.com\/noticias\" title=\"Home\">Home<\/a>\n<\/span><span class=\"aioseo-breadcrumb-separator\">\u2013<\/span><span class=\"aioseo-breadcrumb\">\n\t<a href=\"https:\/\/www.eldigitaldeasturias.com\/noticias\/category\/actualidad\/\" title=\"Actualidad\">Actualidad<\/a>\n<\/span><span class=\"aioseo-breadcrumb-separator\">\u2013<\/span><span class=\"aioseo-breadcrumb\">\n\t<a href=\"https:\/\/www.eldigitaldeasturias.com\/noticias\/inaugurado-el-centro-de-gestion-del-trafico-del-suroeste\/\" title=\"Inaugurado el Centro de Gesti\u00f3n del Tr\u00e1fico del Suroeste\">Inaugurado el Centro de Gesti\u00f3n del Tr\u00e1fico del Suroeste<\/a>\n<\/span><\/div>","aioseo_breadcrumb_json":[{"label":"Home","link":"https:\/\/www.eldigitaldeasturias.com\/noticias"},{"label":"Actualidad","link":"https:\/\/www.eldigitaldeasturias.com\/noticias\/category\/actualidad\/"},{"label":"Inaugurado el Centro de Gesti\u00f3n del Tr\u00e1fico del Suroeste","link":"https:\/\/www.eldigitaldeasturias.com\/noticias\/inaugurado-el-centro-de-gestion-del-trafico-del-suroeste\/"}],"_links":{"self":[{"href":"https:\/\/www.eldigitaldeasturias.com\/noticias\/wp-json\/wp\/v2\/posts\/973343","targetHints":{"allow":["GET"]}}],"collection":[{"href":"https:\/\/www.eldigitaldeasturias.com\/noticias\/wp-json\/wp\/v2\/posts"}],"about":[{"href":"https:\/\/www.eldigitaldeasturias.com\/noticias\/wp-json\/wp\/v2\/types\/post"}],"author":[{"embeddable":true,"href":"https:\/\/www.eldigitaldeasturias.com\/noticias\/wp-json\/wp\/v2\/users\/1"}],"replies":[{"embeddable":true,"href":"https:\/\/www.eldigitaldeasturias.com\/noticias\/wp-json\/wp\/v2\/comments?post=973343"}],"version-history":[{"count":0,"href":"https:\/\/www.eldigitaldeasturias.com\/noticias\/wp-json\/wp\/v2\/posts\/973343\/revisions"}],"wp:attachment":[{"href":"https:\/\/www.eldigitaldeasturias.com\/noticias\/wp-json\/wp\/v2\/media?parent=973343"}],"wp:term":[{"taxonomy":"category","embeddable":true,"href":"https:\/\/www.eldigitaldeasturias.com\/noticias\/wp-json\/wp\/v2\/categories?post=973343"},{"taxonomy":"post_tag","embeddable":true,"href":"https:\/\/www.eldigitaldeasturias.com\/noticias\/wp-json\/wp\/v2\/tags?post=973343"}],"curies":[{"name":"wp","href":"https:\/\/api.w.org\/{rel}","templated":true}]}}