{"id":973269,"date":"2018-03-24T10:58:20","date_gmt":"2018-03-24T10:58:20","guid":{"rendered":"http:\/\/www.eldigitaldeasturias.com\/noticias\/?p=973269"},"modified":"2018-03-24T10:58:20","modified_gmt":"2018-03-24T10:58:20","slug":"el-mundo-sale-a-las-calles-en-la-marchapornuestrasvidas","status":"publish","type":"post","link":"https:\/\/www.eldigitaldeasturias.com\/noticias\/el-mundo-sale-a-las-calles-en-la-marchapornuestrasvidas\/","title":{"rendered":"El mundo sale a las calles en la #MarchaPorNuestrasVidas"},"content":{"rendered":"<p>Miami, 24 mar (dpa) \u2013 La #MarchaPorNuestrasVidas se celebra hoy en Estados Unidos y otros pa\u00edses para decir no m\u00e1s al uso indiscriminado de armas y exigir al Gobierno estadounidense medidas de control para su venta despu\u00e9s de la masacre escolar que dej\u00f3 17 muertos el mes pasado.<\/p>\n<p>Por qu\u00e9, c\u00f3mo y d\u00f3nde son s\u00f3lo algunas de las dudas que surgen en torno a la que se presume ser\u00e1 una multitudinaria protesta:<\/p>\n<p><strong>\u00bfC\u00f3mo surgi\u00f3?<\/strong><\/p>\n<p>La marcha naci\u00f3 en medio del dolor, la impotencia y el desconcierto de los supervivientes y familiares de las v\u00edctimas que dej\u00f3 el tiroteo registrado el pasado 14 de febrero en la secundaria Marjory Stoneman Douglas (MSD) de Parkland, una ciudad de Florida ubicada a escasos 58 minutos al norte de Miami.<\/p>\n<p>L\u00edderes estudiantiles unieron fuerzas y por redes sociales comenzaron un movimiento conocido como \u00abNever Again (Nunca m\u00e1s)\u00bb que deriv\u00f3 la convocatoria a una manifestaci\u00f3n nacional. El llamado pronto se extendi\u00f3 por el pa\u00eds y el mundo alcanzando millones de seguidores.<\/p>\n<p><strong>\u00bfQui\u00e9nes la lideran?<\/strong><\/p>\n<p>Las caras m\u00e1s visibles del movimiento son las de Emma Gonz\u00e1lez, David Hogg, Alex Wind, Jaclyn Corin y Cameron Kasky, todos estudiantes del MSD que no superan los 18 a\u00f1os y que se han destacado por su liderazgo.<\/p>\n<p>Todos pasaron de compartir tardes tranquilas con sus familias y amigos a tomar decisiones y encarar una batalla en contra del derecho constitucional otorgado a los estadounidenses mayores de 18 a\u00f1os de armarse para la defensa desde 1791, con la Segunda Enmienda.<\/p>\n<p><strong>\u00bfQu\u00e9 plantean?<\/strong><\/p>\n<p>La marcha busca principalmente hacer un llamado al Congreso para que apruebe una legislaci\u00f3n \u201cque proteja y salve a los ni\u00f1os y j\u00f3venes de la violencia con armas de fuego\u201d. Dentro de las peticiones espec\u00edficas est\u00e1 prohibir la venta de armas de asalto -como las usadas en las m\u00e1s recientes masacres- y de accesorios que permiten el almacenamiento y descarga masiva de balas. Adem\u00e1s, los j\u00f3venes piden que haya una verificaci\u00f3n de antecedentes para quienes quieren comprar un arma.<\/p>\n<p><img loading=\"lazy\" decoding=\"async\" class=\"aligncenter size-large wp-image-973270\" src=\"https:\/\/www.eldigitaldeasturias.com\/noticias\/wp-content\/uploads\/2018\/03\/crowd-of-people-1209630_1280-650x433.jpg\" alt=\"\" width=\"650\" height=\"433\" \/><\/p>\n<p><strong>\u00bfC\u00f3mo se financian?<\/strong><\/p>\n<p>Una semana despu\u00e9s de la tragedia los j\u00f3venes ya contaban con m\u00e1s de dos millones de d\u00f3lares en donaciones hechas por celebridades como el actor George Clooney, la presentadora y empresaria Oprah Winfrey, el director y productor Steven Spielberg, el animador Jeffrey Katzenberg, la marca de ropa y accesorios Gucci, entre otros.<\/p>\n<p>Los aportes econ\u00f3micos han seguido creciendo mientras que otros artistas y empresarios como las hermanas Kardashian, Jennifer L\u00f3pez, Ariana Grande, Justin Bieber, Lady Gaga, Morgan Freeman, Jimmy Kimmel, Ellen Degeneres, Britney Spears y Melania Trump han manifestado su respaldo a la iniciativa.<\/p>\n<p>Para financiar la organizaci\u00f3n de la marcha, los j\u00f3venes adem\u00e1s crearon una marca propia (MARCHFOROURLIVES) de ropa y accesorios. M\u00e1s de 46.000 camisetas, sacos y bolsos se han vendido desde hace poco m\u00e1s de un mes.<\/p>\n<p><strong>\u00bfQu\u00e9 han logrado?<\/strong><\/p>\n<p>Adem\u00e1s de lograr una visibilidad absoluta, los l\u00edderes del movimiento \u00abNever Again (Nunca m\u00e1s)\u00bb consiguieron hablar cara a cara en la Casa Blanca con el presidente Donald Trump sobre el problema de las armas en el pa\u00eds y junto a \u00e9l plantearon posibles salidas.<\/p>\n<p>Hicieron lo mismo con varios congresistas y representantes de la Asociaci\u00f3n Nacional del Rifle (NRA, por sus siglas en ingl\u00e9s) que defiende tajantemente el derecho de comprar y tener armas.<\/p>\n<p>Pero tal vez lo m\u00e1s significativo para ellos fue la aprobaci\u00f3n a principios de este mes en Florida de nuevas restricciones para la compra de armas, entre ellas el aumento de la edad m\u00ednima de 18 a 21 a\u00f1os.<\/p>\n<p><strong>\u00bfD\u00f3nde ser\u00e1 la protesta?<\/strong><\/p>\n<p>El epicentro de la manifestaci\u00f3n ser\u00e1 Washington, en donde se prev\u00e9n bajas temperaturas para el fin de semana. La cita es en la avenida Pensilvania a las 12:00 hora local (16:00 GMT). All\u00ed habr\u00e1 presentaciones de varios artistas y frente al capitolio los l\u00edderes leer\u00e1n sus discursos.<\/p>\n<p>Paralelamente, unos 830 eventos se replicar\u00e1n en Estados Unidos y otros pa\u00edses como M\u00e9xico, Nicaragua, Puerto Rico, M\u00e9xico, Colombia, Argentina, Chile, Espa\u00f1a, Francia, Reino Unido, Canad\u00e1, India, Portugal, Italia, Alemania, China, entre otros.<\/p>\n","protected":false},"excerpt":{"rendered":"<p>Miami, 24 mar (dpa) \u2013 La #MarchaPorNuestrasVidas se celebra hoy en Estados Unidos y otros pa\u00edses para decir no m\u00e1s al uso indiscriminado de armas y exigir al Gobierno estadounidense medidas de control para su venta despu\u00e9s de la masacre escolar que dej\u00f3 17 muertos el mes pasado. Por qu\u00e9, c\u00f3mo y d\u00f3nde son s\u00f3lo [&hellip;]<\/p>\n","protected":false},"author":1,"featured_media":973270,"comment_status":"closed","ping_status":"closed","sticky":false,"template":"","format":"standard","meta":{"footnotes":""},"categories":[1],"tags":[],"class_list":["post-973269","post","type-post","status-publish","format-standard","has-post-thumbnail","hentry","category-actualidad"],"aioseo_notices":[],"aioseo_head":"\n\t\t<!-- All in One SEO Pro 5.0.1 - aioseo.com -->\n\t<meta name=\"description\" content=\"Miami, 24 mar (dpa) \u2013 La #MarchaPorNuestrasVidas se celebra hoy en Estados Unidos y otros pa\u00edses para decir no m\u00e1s al uso indiscriminado de armas y exigir al Gobierno estadounidense medidas de control para su venta despu\u00e9s de la masacre escolar que dej\u00f3 17 muertos el mes pasado. Por qu\u00e9, c\u00f3mo y d\u00f3nde son s\u00f3lo\" \/>\n\t<meta name=\"robots\" content=\"max-image-preview:large\" \/>\n\t<meta name=\"author\" content=\"El Digital de Asturias\"\/>\n\t<meta name=\"google-site-verification\" content=\"UA-38556648-1\" \/>\n\t<meta name=\"msvalidate.01\" content=\"7dfe9f3f1b24437ab69f4f2559babe99\" \/>\n\t<meta name=\"keywords\" content=\"actualidad\" \/>\n\t<link rel=\"canonical\" href=\"https:\/\/www.eldigitaldeasturias.com\/noticias\/el-mundo-sale-a-las-calles-en-la-marchapornuestrasvidas\/\" \/>\n\t<meta name=\"generator\" content=\"All in One SEO Pro (AIOSEO) 5.0.1\" \/>\n\t\t<meta property=\"og:locale\" content=\"es_ES\" \/>\n\t\t<meta property=\"og:site_name\" content=\"El Digital de Asturias\" \/>\n\t\t<meta property=\"og:type\" content=\"article\" \/>\n\t\t<meta property=\"og:title\" content=\"El mundo sale a las calles en la #MarchaPorNuestrasVidas - El Digital de Asturias\" \/>\n\t\t<meta property=\"og:description\" content=\"Miami, 24 mar (dpa) \u2013 La #MarchaPorNuestrasVidas se celebra hoy en Estados Unidos y otros pa\u00edses para decir no m\u00e1s al uso indiscriminado de armas y exigir al Gobierno estadounidense medidas de control para su venta despu\u00e9s de la masacre escolar que dej\u00f3 17 muertos el mes pasado. Por qu\u00e9, c\u00f3mo y d\u00f3nde son s\u00f3lo\" \/>\n\t\t<meta property=\"og:url\" content=\"https:\/\/www.eldigitaldeasturias.com\/noticias\/el-mundo-sale-a-las-calles-en-la-marchapornuestrasvidas\/\" \/>\n\t\t<meta property=\"article:tag\" content=\"actualidad\" \/>\n\t\t<meta property=\"article:published_time\" content=\"2018-03-24T10:58:20+00:00\" \/>\n\t\t<meta property=\"article:modified_time\" content=\"2018-03-24T10:58:20+00:00\" \/>\n\t\t<meta property=\"article:publisher\" content=\"https:\/\/facebook.com\/eldigitaldeasturias\" \/>\n\t\t<meta name=\"twitter:card\" content=\"summary_large_image\" \/>\n\t\t<meta name=\"twitter:title\" content=\"El mundo sale a las calles en la #MarchaPorNuestrasVidas - El Digital de Asturias\" \/>\n\t\t<meta name=\"twitter:description\" content=\"Miami, 24 mar (dpa) \u2013 La #MarchaPorNuestrasVidas se celebra hoy en Estados Unidos y otros pa\u00edses para decir no m\u00e1s al uso indiscriminado de armas y exigir al Gobierno estadounidense medidas de control para su venta despu\u00e9s de la masacre escolar que dej\u00f3 17 muertos el mes pasado. Por qu\u00e9, c\u00f3mo y d\u00f3nde son s\u00f3lo\" \/>\n\t\t<meta name=\"twitter:image\" content=\"https:\/\/www.eldigitaldeasturias.com\/noticias\/wp-content\/uploads\/2020\/12\/EDA-1.jpg\" \/>\n\t\t<meta name=\"twitter:label1\" content=\"Escrito por\" \/>\n\t\t<meta name=\"twitter:data1\" content=\"El Digital de Asturias\" \/>\n\t\t<meta name=\"twitter:label2\" content=\"Tiempo de lectura estimado\" \/>\n\t\t<meta name=\"twitter:data2\" content=\"4 minutos\" \/>\n\t\t<script type=\"application\/ld+json\" class=\"aioseo-schema\">\n\t\t\t{\"@context\":\"https:\\\/\\\/schema.org\",\"@graph\":[{\"@type\":\"BlogPosting\",\"@id\":\"https:\\\/\\\/www.eldigitaldeasturias.com\\\/noticias\\\/el-mundo-sale-a-las-calles-en-la-marchapornuestrasvidas\\\/#blogposting\",\"name\":\"El mundo sale a las calles en la #MarchaPorNuestrasVidas - El Digital de Asturias\",\"headline\":\"El mundo sale a las calles en la #MarchaPorNuestrasVidas\",\"author\":{\"@id\":\"https:\\\/\\\/www.eldigitaldeasturias.com\\\/noticias\\\/author\\\/admin\\\/#author\"},\"publisher\":{\"@id\":\"https:\\\/\\\/www.eldigitaldeasturias.com\\\/noticias\\\/#organization\"},\"image\":{\"@type\":\"ImageObject\",\"url\":973270},\"datePublished\":\"2018-03-24T10:58:20+01:00\",\"dateModified\":\"2018-03-24T10:58:20+01:00\",\"inLanguage\":\"es-ES\",\"mainEntityOfPage\":{\"@id\":\"https:\\\/\\\/www.eldigitaldeasturias.com\\\/noticias\\\/el-mundo-sale-a-las-calles-en-la-marchapornuestrasvidas\\\/#webpage\"},\"isPartOf\":{\"@id\":\"https:\\\/\\\/www.eldigitaldeasturias.com\\\/noticias\\\/el-mundo-sale-a-las-calles-en-la-marchapornuestrasvidas\\\/#webpage\"},\"articleSection\":\"Actualidad\"},{\"@type\":\"BreadcrumbList\",\"@id\":\"https:\\\/\\\/www.eldigitaldeasturias.com\\\/noticias\\\/el-mundo-sale-a-las-calles-en-la-marchapornuestrasvidas\\\/#breadcrumblist\",\"itemListElement\":[{\"@type\":\"ListItem\",\"@id\":\"https:\\\/\\\/www.eldigitaldeasturias.com\\\/noticias#listItem\",\"position\":1,\"name\":\"Home\",\"item\":\"https:\\\/\\\/www.eldigitaldeasturias.com\\\/noticias\",\"nextItem\":{\"@type\":\"ListItem\",\"@id\":\"https:\\\/\\\/www.eldigitaldeasturias.com\\\/noticias\\\/category\\\/actualidad\\\/#listItem\",\"name\":\"Actualidad\"}},{\"@type\":\"ListItem\",\"@id\":\"https:\\\/\\\/www.eldigitaldeasturias.com\\\/noticias\\\/category\\\/actualidad\\\/#listItem\",\"position\":2,\"name\":\"Actualidad\",\"item\":\"https:\\\/\\\/www.eldigitaldeasturias.com\\\/noticias\\\/category\\\/actualidad\\\/\",\"nextItem\":{\"@type\":\"ListItem\",\"@id\":\"https:\\\/\\\/www.eldigitaldeasturias.com\\\/noticias\\\/el-mundo-sale-a-las-calles-en-la-marchapornuestrasvidas\\\/#listItem\",\"name\":\"El mundo sale a las calles en la #MarchaPorNuestrasVidas\"},\"previousItem\":{\"@type\":\"ListItem\",\"@id\":\"https:\\\/\\\/www.eldigitaldeasturias.com\\\/noticias#listItem\",\"name\":\"Home\"}},{\"@type\":\"ListItem\",\"@id\":\"https:\\\/\\\/www.eldigitaldeasturias.com\\\/noticias\\\/el-mundo-sale-a-las-calles-en-la-marchapornuestrasvidas\\\/#listItem\",\"position\":3,\"name\":\"El mundo sale a las calles en la #MarchaPorNuestrasVidas\",\"previousItem\":{\"@type\":\"ListItem\",\"@id\":\"https:\\\/\\\/www.eldigitaldeasturias.com\\\/noticias\\\/category\\\/actualidad\\\/#listItem\",\"name\":\"Actualidad\"}}]},{\"@type\":\"Organization\",\"@id\":\"https:\\\/\\\/www.eldigitaldeasturias.com\\\/noticias\\\/#organization\",\"name\":\"El Digital de Asturias\",\"description\":\"Hemeroteca\",\"url\":\"https:\\\/\\\/www.eldigitaldeasturias.com\\\/noticias\\\/\",\"email\":\"info@eldigitaldeasturias.com\",\"telephone\":\"+34652131393\",\"logo\":{\"@type\":\"ImageObject\",\"url\":\"https:\\\/\\\/www.eldigitaldeasturias.com\\\/noticias\\\/wp-content\\\/uploads\\\/2020\\\/12\\\/EDA.jpg\",\"@id\":\"https:\\\/\\\/www.eldigitaldeasturias.com\\\/noticias\\\/el-mundo-sale-a-las-calles-en-la-marchapornuestrasvidas\\\/#organizationLogo\"},\"image\":{\"@id\":\"https:\\\/\\\/www.eldigitaldeasturias.com\\\/noticias\\\/el-mundo-sale-a-las-calles-en-la-marchapornuestrasvidas\\\/#organizationLogo\"},\"sameAs\":[\"https:\\\/\\\/facebook.com\\\/eldigitaldeasturias\",\"https:\\\/\\\/www.youtube.com\\\/channel\\\/UCZP-2wLEB9Rv6erhFmqVnvg\"],\"address\":{\"@id\":\"https:\\\/\\\/www.eldigitaldeasturias.com\\\/noticias\\\/#postaladdress\",\"@type\":\"PostalAddress\",\"streetAddress\":\"san antonio 4\",\"postalCode\":\"33430\",\"addressLocality\":\"Cand\\u00e1s\",\"addressRegion\":\"Asturias\",\"addressCountry\":\"ES\"}},{\"@type\":\"Person\",\"@id\":\"https:\\\/\\\/www.eldigitaldeasturias.com\\\/noticias\\\/author\\\/admin\\\/#author\",\"url\":\"https:\\\/\\\/www.eldigitaldeasturias.com\\\/noticias\\\/author\\\/admin\\\/\",\"name\":\"El Digital de Asturias\",\"image\":{\"@type\":\"ImageObject\",\"@id\":\"https:\\\/\\\/www.eldigitaldeasturias.com\\\/noticias\\\/el-mundo-sale-a-las-calles-en-la-marchapornuestrasvidas\\\/#authorImage\",\"url\":\"https:\\\/\\\/secure.gravatar.com\\\/avatar\\\/df2aeffc32bcd13f8d26072ef8a91b623d677766deac7f97ca815868cd41bf5e?s=96&d=mm&r=g\",\"width\":96,\"height\":96,\"caption\":\"El Digital de Asturias\"}},{\"@type\":\"WebPage\",\"@id\":\"https:\\\/\\\/www.eldigitaldeasturias.com\\\/noticias\\\/el-mundo-sale-a-las-calles-en-la-marchapornuestrasvidas\\\/#webpage\",\"url\":\"https:\\\/\\\/www.eldigitaldeasturias.com\\\/noticias\\\/el-mundo-sale-a-las-calles-en-la-marchapornuestrasvidas\\\/\",\"name\":\"El mundo sale a las calles en la #MarchaPorNuestrasVidas - El Digital de Asturias\",\"description\":\"Miami, 24 mar (dpa) \\u2013 La #MarchaPorNuestrasVidas se celebra hoy en Estados Unidos y otros pa\\u00edses para decir no m\\u00e1s al uso indiscriminado de armas y exigir al Gobierno estadounidense medidas de control para su venta despu\\u00e9s de la masacre escolar que dej\\u00f3 17 muertos el mes pasado. Por qu\\u00e9, c\\u00f3mo y d\\u00f3nde son s\\u00f3lo\",\"inLanguage\":\"es-ES\",\"isPartOf\":{\"@id\":\"https:\\\/\\\/www.eldigitaldeasturias.com\\\/noticias\\\/#website\"},\"breadcrumb\":{\"@id\":\"https:\\\/\\\/www.eldigitaldeasturias.com\\\/noticias\\\/el-mundo-sale-a-las-calles-en-la-marchapornuestrasvidas\\\/#breadcrumblist\"},\"author\":{\"@id\":\"https:\\\/\\\/www.eldigitaldeasturias.com\\\/noticias\\\/author\\\/admin\\\/#author\"},\"creator\":{\"@id\":\"https:\\\/\\\/www.eldigitaldeasturias.com\\\/noticias\\\/author\\\/admin\\\/#author\"},\"image\":{\"@type\":\"ImageObject\",\"url\":973270,\"@id\":\"https:\\\/\\\/www.eldigitaldeasturias.com\\\/noticias\\\/el-mundo-sale-a-las-calles-en-la-marchapornuestrasvidas\\\/#mainImage\"},\"primaryImageOfPage\":{\"@id\":\"https:\\\/\\\/www.eldigitaldeasturias.com\\\/noticias\\\/el-mundo-sale-a-las-calles-en-la-marchapornuestrasvidas\\\/#mainImage\"},\"datePublished\":\"2018-03-24T10:58:20+01:00\",\"dateModified\":\"2018-03-24T10:58:20+01:00\"},{\"@type\":\"WebSite\",\"@id\":\"https:\\\/\\\/www.eldigitaldeasturias.com\\\/noticias\\\/#website\",\"url\":\"https:\\\/\\\/www.eldigitaldeasturias.com\\\/noticias\\\/\",\"name\":\"El Digital de Asturias - Diario de actualidad y noticias\",\"alternateName\":\"El Digital de Asturias - Diario de actualidad y noticias\",\"description\":\"Hemeroteca\",\"inLanguage\":\"es-ES\",\"publisher\":{\"@id\":\"https:\\\/\\\/www.eldigitaldeasturias.com\\\/noticias\\\/#organization\"}}]}\n\t\t<\/script>\n\t\t<!-- All in One SEO Pro -->\r\n\t\t<title>El mundo sale a las calles en la #MarchaPorNuestrasVidas - El Digital de Asturias<\/title>\n\n","aioseo_head_json":{"title":"El mundo sale a las calles en la #MarchaPorNuestrasVidas - El Digital de Asturias","description":"Miami, 24 mar (dpa) \u2013 La #MarchaPorNuestrasVidas se celebra hoy en Estados Unidos y otros pa\u00edses para decir no m\u00e1s al uso indiscriminado de armas y exigir al Gobierno estadounidense medidas de control para su venta despu\u00e9s de la masacre escolar que dej\u00f3 17 muertos el mes pasado. Por qu\u00e9, c\u00f3mo y d\u00f3nde son s\u00f3lo","canonical_url":"https:\/\/www.eldigitaldeasturias.com\/noticias\/el-mundo-sale-a-las-calles-en-la-marchapornuestrasvidas\/","robots":"max-image-preview:large","keywords":"actualidad","webmasterTools":{"google-site-verification":"UA-38556648-1","msvalidate.01":"7dfe9f3f1b24437ab69f4f2559babe99","miscellaneous":""},"schema":{"@context":"https:\/\/schema.org","@graph":[{"@type":"BlogPosting","@id":"https:\/\/www.eldigitaldeasturias.com\/noticias\/el-mundo-sale-a-las-calles-en-la-marchapornuestrasvidas\/#blogposting","name":"El mundo sale a las calles en la #MarchaPorNuestrasVidas - El Digital de Asturias","headline":"El mundo sale a las calles en la #MarchaPorNuestrasVidas","author":{"@id":"https:\/\/www.eldigitaldeasturias.com\/noticias\/author\/admin\/#author"},"publisher":{"@id":"https:\/\/www.eldigitaldeasturias.com\/noticias\/#organization"},"image":{"@type":"ImageObject","url":973270},"datePublished":"2018-03-24T10:58:20+01:00","dateModified":"2018-03-24T10:58:20+01:00","inLanguage":"es-ES","mainEntityOfPage":{"@id":"https:\/\/www.eldigitaldeasturias.com\/noticias\/el-mundo-sale-a-las-calles-en-la-marchapornuestrasvidas\/#webpage"},"isPartOf":{"@id":"https:\/\/www.eldigitaldeasturias.com\/noticias\/el-mundo-sale-a-las-calles-en-la-marchapornuestrasvidas\/#webpage"},"articleSection":"Actualidad"},{"@type":"BreadcrumbList","@id":"https:\/\/www.eldigitaldeasturias.com\/noticias\/el-mundo-sale-a-las-calles-en-la-marchapornuestrasvidas\/#breadcrumblist","itemListElement":[{"@type":"ListItem","@id":"https:\/\/www.eldigitaldeasturias.com\/noticias#listItem","position":1,"name":"Home","item":"https:\/\/www.eldigitaldeasturias.com\/noticias","nextItem":{"@type":"ListItem","@id":"https:\/\/www.eldigitaldeasturias.com\/noticias\/category\/actualidad\/#listItem","name":"Actualidad"}},{"@type":"ListItem","@id":"https:\/\/www.eldigitaldeasturias.com\/noticias\/category\/actualidad\/#listItem","position":2,"name":"Actualidad","item":"https:\/\/www.eldigitaldeasturias.com\/noticias\/category\/actualidad\/","nextItem":{"@type":"ListItem","@id":"https:\/\/www.eldigitaldeasturias.com\/noticias\/el-mundo-sale-a-las-calles-en-la-marchapornuestrasvidas\/#listItem","name":"El mundo sale a las calles en la #MarchaPorNuestrasVidas"},"previousItem":{"@type":"ListItem","@id":"https:\/\/www.eldigitaldeasturias.com\/noticias#listItem","name":"Home"}},{"@type":"ListItem","@id":"https:\/\/www.eldigitaldeasturias.com\/noticias\/el-mundo-sale-a-las-calles-en-la-marchapornuestrasvidas\/#listItem","position":3,"name":"El mundo sale a las calles en la #MarchaPorNuestrasVidas","previousItem":{"@type":"ListItem","@id":"https:\/\/www.eldigitaldeasturias.com\/noticias\/category\/actualidad\/#listItem","name":"Actualidad"}}]},{"@type":"Organization","@id":"https:\/\/www.eldigitaldeasturias.com\/noticias\/#organization","name":"El Digital de Asturias","description":"Hemeroteca","url":"https:\/\/www.eldigitaldeasturias.com\/noticias\/","email":"info@eldigitaldeasturias.com","telephone":"+34652131393","logo":{"@type":"ImageObject","url":"https:\/\/www.eldigitaldeasturias.com\/noticias\/wp-content\/uploads\/2020\/12\/EDA.jpg","@id":"https:\/\/www.eldigitaldeasturias.com\/noticias\/el-mundo-sale-a-las-calles-en-la-marchapornuestrasvidas\/#organizationLogo"},"image":{"@id":"https:\/\/www.eldigitaldeasturias.com\/noticias\/el-mundo-sale-a-las-calles-en-la-marchapornuestrasvidas\/#organizationLogo"},"sameAs":["https:\/\/facebook.com\/eldigitaldeasturias","https:\/\/www.youtube.com\/channel\/UCZP-2wLEB9Rv6erhFmqVnvg"],"address":{"@id":"https:\/\/www.eldigitaldeasturias.com\/noticias\/#postaladdress","@type":"PostalAddress","streetAddress":"san antonio 4","postalCode":"33430","addressLocality":"Cand\u00e1s","addressRegion":"Asturias","addressCountry":"ES"}},{"@type":"Person","@id":"https:\/\/www.eldigitaldeasturias.com\/noticias\/author\/admin\/#author","url":"https:\/\/www.eldigitaldeasturias.com\/noticias\/author\/admin\/","name":"El Digital de Asturias","image":{"@type":"ImageObject","@id":"https:\/\/www.eldigitaldeasturias.com\/noticias\/el-mundo-sale-a-las-calles-en-la-marchapornuestrasvidas\/#authorImage","url":"https:\/\/secure.gravatar.com\/avatar\/df2aeffc32bcd13f8d26072ef8a91b623d677766deac7f97ca815868cd41bf5e?s=96&d=mm&r=g","width":96,"height":96,"caption":"El Digital de Asturias"}},{"@type":"WebPage","@id":"https:\/\/www.eldigitaldeasturias.com\/noticias\/el-mundo-sale-a-las-calles-en-la-marchapornuestrasvidas\/#webpage","url":"https:\/\/www.eldigitaldeasturias.com\/noticias\/el-mundo-sale-a-las-calles-en-la-marchapornuestrasvidas\/","name":"El mundo sale a las calles en la #MarchaPorNuestrasVidas - El Digital de Asturias","description":"Miami, 24 mar (dpa) \u2013 La #MarchaPorNuestrasVidas se celebra hoy en Estados Unidos y otros pa\u00edses para decir no m\u00e1s al uso indiscriminado de armas y exigir al Gobierno estadounidense medidas de control para su venta despu\u00e9s de la masacre escolar que dej\u00f3 17 muertos el mes pasado. Por qu\u00e9, c\u00f3mo y d\u00f3nde son s\u00f3lo","inLanguage":"es-ES","isPartOf":{"@id":"https:\/\/www.eldigitaldeasturias.com\/noticias\/#website"},"breadcrumb":{"@id":"https:\/\/www.eldigitaldeasturias.com\/noticias\/el-mundo-sale-a-las-calles-en-la-marchapornuestrasvidas\/#breadcrumblist"},"author":{"@id":"https:\/\/www.eldigitaldeasturias.com\/noticias\/author\/admin\/#author"},"creator":{"@id":"https:\/\/www.eldigitaldeasturias.com\/noticias\/author\/admin\/#author"},"image":{"@type":"ImageObject","url":973270,"@id":"https:\/\/www.eldigitaldeasturias.com\/noticias\/el-mundo-sale-a-las-calles-en-la-marchapornuestrasvidas\/#mainImage"},"primaryImageOfPage":{"@id":"https:\/\/www.eldigitaldeasturias.com\/noticias\/el-mundo-sale-a-las-calles-en-la-marchapornuestrasvidas\/#mainImage"},"datePublished":"2018-03-24T10:58:20+01:00","dateModified":"2018-03-24T10:58:20+01:00"},{"@type":"WebSite","@id":"https:\/\/www.eldigitaldeasturias.com\/noticias\/#website","url":"https:\/\/www.eldigitaldeasturias.com\/noticias\/","name":"El Digital de Asturias - Diario de actualidad y noticias","alternateName":"El Digital de Asturias - Diario de actualidad y noticias","description":"Hemeroteca","inLanguage":"es-ES","publisher":{"@id":"https:\/\/www.eldigitaldeasturias.com\/noticias\/#organization"}}]},"og:locale":"es_ES","og:site_name":"El Digital de Asturias","og:type":"article","og:title":"El mundo sale a las calles en la #MarchaPorNuestrasVidas - El Digital de Asturias","og:description":"Miami, 24 mar (dpa) \u2013 La #MarchaPorNuestrasVidas se celebra hoy en Estados Unidos y otros pa\u00edses para decir no m\u00e1s al uso indiscriminado de armas y exigir al Gobierno estadounidense medidas de control para su venta despu\u00e9s de la masacre escolar que dej\u00f3 17 muertos el mes pasado. Por qu\u00e9, c\u00f3mo y d\u00f3nde son s\u00f3lo","og:url":"https:\/\/www.eldigitaldeasturias.com\/noticias\/el-mundo-sale-a-las-calles-en-la-marchapornuestrasvidas\/","article:tag":["actualidad"],"article:published_time":"2018-03-24T10:58:20+00:00","article:modified_time":"2018-03-24T10:58:20+00:00","article:publisher":"https:\/\/facebook.com\/eldigitaldeasturias","twitter:card":"summary_large_image","twitter:title":"El mundo sale a las calles en la #MarchaPorNuestrasVidas - El Digital de Asturias","twitter:description":"Miami, 24 mar (dpa) \u2013 La #MarchaPorNuestrasVidas se celebra hoy en Estados Unidos y otros pa\u00edses para decir no m\u00e1s al uso indiscriminado de armas y exigir al Gobierno estadounidense medidas de control para su venta despu\u00e9s de la masacre escolar que dej\u00f3 17 muertos el mes pasado. Por qu\u00e9, c\u00f3mo y d\u00f3nde son s\u00f3lo","twitter:image":"https:\/\/www.eldigitaldeasturias.com\/noticias\/wp-content\/uploads\/2020\/12\/EDA-1.jpg","twitter:label1":"Escrito por","twitter:data1":"El Digital de Asturias","twitter:label2":"Tiempo de lectura estimado","twitter:data2":"4 minutos"},"aioseo_meta_data":{"post_id":"973269","title":null,"description":null,"keywords":null,"keyphrases":null,"primary_term":null,"canonical_url":null,"og_title":null,"og_description":null,"og_object_type":"default","og_image_type":"default","og_image_url":null,"og_image_width":null,"og_image_height":null,"og_image_custom_url":null,"og_image_custom_fields":null,"og_video":null,"og_custom_url":null,"og_article_section":null,"og_article_tags":null,"twitter_use_og":false,"twitter_card":"default","twitter_image_type":"default","twitter_image_url":null,"twitter_image_custom_url":null,"twitter_image_custom_fields":null,"twitter_title":null,"twitter_description":null,"schema":{"blockGraphs":[],"customGraphs":[],"default":{"data":{"Article":[],"Course":[],"Dataset":[],"FAQPage":[],"Movie":[],"Person":[],"Product":[],"ProductReview":[],"Car":[],"Recipe":[],"Service":[],"SoftwareApplication":[],"WebPage":[]},"graphName":"","isEnabled":true},"graphs":[],"defaultGraph":"","defaultPostTypeGraph":""},"schema_type":null,"schema_type_options":null,"pillar_content":false,"robots_default":true,"robots_noindex":false,"robots_noarchive":false,"robots_nosnippet":false,"robots_nofollow":false,"robots_noimageindex":false,"robots_noodp":false,"robots_notranslate":false,"robots_max_snippet":null,"robots_max_videopreview":null,"robots_max_imagepreview":"large","priority":null,"frequency":null,"local_seo":null,"seo_analyzer_scan_date":"2025-10-07 15:46:08","breadcrumb_settings":null,"limit_modified_date":false,"open_ai":null,"ai":null,"created":"2020-12-21 12:16:39","updated":"2025-10-07 15:46:08","focus_keyword":null,"additional_keywords":null,"truseo_locale":null},"aioseo_breadcrumb":"<div class=\"aioseo-breadcrumbs\"><span class=\"aioseo-breadcrumb\">\n\t<a href=\"https:\/\/www.eldigitaldeasturias.com\/noticias\" title=\"Home\">Home<\/a>\n<\/span><span class=\"aioseo-breadcrumb-separator\">\u2013<\/span><span class=\"aioseo-breadcrumb\">\n\t<a href=\"https:\/\/www.eldigitaldeasturias.com\/noticias\/category\/actualidad\/\" title=\"Actualidad\">Actualidad<\/a>\n<\/span><span class=\"aioseo-breadcrumb-separator\">\u2013<\/span><span class=\"aioseo-breadcrumb\">\n\t<a href=\"https:\/\/www.eldigitaldeasturias.com\/noticias\/el-mundo-sale-a-las-calles-en-la-marchapornuestrasvidas\/\" title=\"El mundo sale a las calles en la #MarchaPorNuestrasVidas\">El mundo sale a las calles en la #MarchaPorNuestrasVidas<\/a>\n<\/span><\/div>","aioseo_breadcrumb_json":[{"label":"Home","link":"https:\/\/www.eldigitaldeasturias.com\/noticias"},{"label":"Actualidad","link":"https:\/\/www.eldigitaldeasturias.com\/noticias\/category\/actualidad\/"},{"label":"El mundo sale a las calles en la #MarchaPorNuestrasVidas","link":"https:\/\/www.eldigitaldeasturias.com\/noticias\/el-mundo-sale-a-las-calles-en-la-marchapornuestrasvidas\/"}],"_links":{"self":[{"href":"https:\/\/www.eldigitaldeasturias.com\/noticias\/wp-json\/wp\/v2\/posts\/973269","targetHints":{"allow":["GET"]}}],"collection":[{"href":"https:\/\/www.eldigitaldeasturias.com\/noticias\/wp-json\/wp\/v2\/posts"}],"about":[{"href":"https:\/\/www.eldigitaldeasturias.com\/noticias\/wp-json\/wp\/v2\/types\/post"}],"author":[{"embeddable":true,"href":"https:\/\/www.eldigitaldeasturias.com\/noticias\/wp-json\/wp\/v2\/users\/1"}],"replies":[{"embeddable":true,"href":"https:\/\/www.eldigitaldeasturias.com\/noticias\/wp-json\/wp\/v2\/comments?post=973269"}],"version-history":[{"count":0,"href":"https:\/\/www.eldigitaldeasturias.com\/noticias\/wp-json\/wp\/v2\/posts\/973269\/revisions"}],"wp:attachment":[{"href":"https:\/\/www.eldigitaldeasturias.com\/noticias\/wp-json\/wp\/v2\/media?parent=973269"}],"wp:term":[{"taxonomy":"category","embeddable":true,"href":"https:\/\/www.eldigitaldeasturias.com\/noticias\/wp-json\/wp\/v2\/categories?post=973269"},{"taxonomy":"post_tag","embeddable":true,"href":"https:\/\/www.eldigitaldeasturias.com\/noticias\/wp-json\/wp\/v2\/tags?post=973269"}],"curies":[{"name":"wp","href":"https:\/\/api.w.org\/{rel}","templated":true}]}}