{"id":973209,"date":"2018-03-23T21:55:22","date_gmt":"2018-03-23T21:55:22","guid":{"rendered":"http:\/\/www.eldigitaldeasturias.com\/noticias\/?p=973209"},"modified":"2018-03-23T21:55:22","modified_gmt":"2018-03-23T21:55:22","slug":"la-crisis-catalana-entra-en-nueva-fase-por-un-triple-golpe-judicial","status":"publish","type":"post","link":"https:\/\/www.eldigitaldeasturias.com\/noticias\/la-crisis-catalana-entra-en-nueva-fase-por-un-triple-golpe-judicial\/","title":{"rendered":"La crisis catalana entra en nueva fase por un triple golpe judicial"},"content":{"rendered":"<p><img loading=\"lazy\" decoding=\"async\" class=\"alignleft size-medium wp-image-889473\" src=\"https:\/\/www.eldigitaldeasturias.com\/noticias\/wp-content\/uploads\/2016\/06\/fotonoticia_20160609132911_800-360x240.jpg\" alt=\"\" width=\"360\" height=\"240\" \/>Barcelona\/Madrid, 23 mar (dpa) &#8211; La larga crisis desatada por el plan independentista en Catalu\u00f1a entr\u00f3 hoy en una nueva fase debido a tres medidas tomadas por el Tribunal Supremo espa\u00f1ol que implican un triple golpe a los partidos soberanistas.<\/p>\n<p>El juez a cargo de la causa anunci\u00f3 el procesamiento de 25 de los 28 investigados por delitos vinculados al plan independentista, reactiv\u00f3 la orden de captura europea para seis de ellos que huyeron de Espa\u00f1a y envi\u00f3 a prisi\u00f3n incondicional a otros cinco.<\/p>\n<p>La \u00faltima medida tuvo un impacto pol\u00edtico inmediato: entre los que ingresaron en prisi\u00f3n se encuentra el candidato a presidente catal\u00e1n Jordi Turull, que ma\u00f1ana intentar\u00eda ser investido por el Parlamento en Barcelona tras fracasar en una primera sesi\u00f3n el jueves.<\/p>\n<p>El env\u00edo a prisi\u00f3n de Turull entierra virtualmente el nuevo intento de los partidos independentistas de formar Gobierno en Catalu\u00f1a, el tercero fallido desde las elecciones regionales del 21 de diciembre. Miles de personas salieron por la noche a las calles de Barcelona y otras ciudades catalanas para exigir la libertad de los presos.<\/p>\n<p>La intensa jornada judicial comenz\u00f3 a primera hora cuando el Supremo anunci\u00f3 el procesamiento de 25 investigados, incluido el destituido presidente Carles Puigdemont y sus ex consejeros (ministros regionales). Todos quedan as\u00ed a un paso de ser juzgados.<\/p>\n<p>Puigdemont y otros 12 soberanistas est\u00e1n procesados por rebeli\u00f3n, un delito castigado con hasta 30 a\u00f1os de c\u00e1rcel. Al resto se les imputa otros cargos como desobediencia y malversaci\u00f3n.<\/p>\n<p>El auto judicial sostiene que los l\u00edderes del proceso independentista buscaron que \u00abel Estado de Derecho se rindiera a la determinaci\u00f3n violenta de una parte de la poblaci\u00f3n\u00bb. Detalla tambi\u00e9n un entramado que desvi\u00f3 fondos, agit\u00f3 la calle y boicote\u00f3 operativos policiales que buscaban hacer cumplir la ley.<\/p>\n<p>Entre los procesados figuran tambi\u00e9n el ex vicepresidente catal\u00e1n Oriol Junqueras y los ex l\u00edderes de dos influyentes entidades civiles independentistas, Jordi S\u00e0nchez y Jordi Cuixart. Los cuatro llevan meses en prisi\u00f3n preventiva.<\/p>\n<p>El procesamiento motiv\u00f3 el rechazo inmediato del independentismo, que volvi\u00f3 a acusar a la Justicia espa\u00f1ola de parcial y politizada. \u00abEstamos luchando contra un r\u00e9gimen autoritario que no respeta la decisi\u00f3n del pueblo de Catalu\u00f1a\u00bb, critic\u00f3 Puigdemont en un acto en Helsinki. Las entidades civiles soberanistas llamaron a manifestarse \u00abde forma pac\u00edfica y c\u00edvica pero con determinaci\u00f3n\u00bb.<\/p>\n<p>En un segundo frente, el juez dict\u00f3 prisi\u00f3n incondicional para cinco de los seis procesados que hab\u00eda citado hoy para comunicarles si revisaba sus medidas cautelares: Turull, los ex consejeros Ra\u00fcl Romeva, Dolors Bassa y Josep Rull y la ex presidenta del Parlamento catal\u00e1n Carme Forcadell. Los primeros cuatro hab\u00edan pasado ya un mes en prisi\u00f3n hasta quedar en libertad bajo fianza en diciembre.<\/p>\n<p>\u00abPor favor, dedicad todas las energ\u00edas a defender pac\u00edficamente la democracia y la dignidad de Catalu\u00f1a\u00bb, se\u00f1al\u00f3 Turull en un mensaje difundido en Twitter. Su abogado anunci\u00f3 que pedir\u00e1 que se mantenga el pleno de investidura ma\u00f1ana, pero la legislaci\u00f3n indica claramente que el candidato a \u00abpresident\u00bb debe estar presente en la votaci\u00f3n.<\/p>\n<p>La sexta citada era Marta Rovira, \u00abn\u00famero dos\u00bb del partido Esquerra Republicana de Catalunya (ERC). Sin embargo, eludi\u00f3 la cita y abandon\u00f3 Espa\u00f1a, convirti\u00e9ndose as\u00ed en la s\u00e9ptima soberanista huida. En una carta difundida por su partido, Rovira record\u00f3 que tiene una hija. \u00abEl exilio me permitir\u00e1 hacer de madre, y se lo merece. Mucho\u00bb.<\/p>\n<p>A \u00faltima hora, el juez del Supremo emiti\u00f3 una orden de detenci\u00f3n europea contra Rovira, que seg\u00fan su entorno se encuentra en Suiza, y reactiv\u00f3 las que hab\u00eda dejado en suspenso contra Puigdemont y los cuatro ex consejeros que se marcharon con \u00e9l a Bruselas tras ser destituidos a fines de octubre, informaron fuentes judiciales a la prensa local.<\/p>\n<p>El futuro de la crisis en Catalu\u00f1a vuelve a pasar as\u00ed por la respuesta de la Justicia belga y suiza y por lo que ocurra ma\u00f1ana s\u00e1bado en el Parlamento en Barcelona ante la imposibilidad de Turull de asistir al segundo pleno en el que intentar\u00eda convertirse en presidente regional.<\/p>\n<p>Todo indica que ser\u00e1 el tercer intento fallido de los independentistas para formar Gobierno. En enero no lograron investir a Puigdemont, porque el ex presidente ser\u00eda detenido si vuelve a Espa\u00f1a, y este mes suspendieron tambi\u00e9n una sesi\u00f3n para hacer \u00abpresident\u00bb a Jordi S\u00e0nchez, debido a que el juez le neg\u00f3 permiso para salir de prisi\u00f3n y asistir al pleno.<\/p>\n<p>El bloque soberanista deber\u00e1 buscar ahora un nuevo candidato a la investidura, aunque su divisi\u00f3n interna no garantiza ya que pueda ser elegido. Si no hay acuerdo en dos meses, se convocar\u00e1n autom\u00e1ticamente nuevas elecciones, previsiblemente para julio.<\/p>\n<p>Por Pablo Sanguinetti (dpa)<\/p>\n","protected":false},"excerpt":{"rendered":"<p>Barcelona\/Madrid, 23 mar (dpa) &#8211; La larga crisis desatada por el plan independentista en Catalu\u00f1a entr\u00f3 hoy en una nueva fase debido a tres medidas tomadas por el Tribunal Supremo espa\u00f1ol que implican un triple golpe a los partidos soberanistas. El juez a cargo de la causa anunci\u00f3 el procesamiento de 25 de los 28 [&hellip;]<\/p>\n","protected":false},"author":1,"featured_media":889473,"comment_status":"closed","ping_status":"closed","sticky":false,"template":"","format":"standard","meta":{"footnotes":""},"categories":[1],"tags":[],"class_list":["post-973209","post","type-post","status-publish","format-standard","has-post-thumbnail","hentry","category-actualidad"],"aioseo_notices":[],"aioseo_head":"\n\t\t<!-- All in One SEO Pro 5.0.1 - aioseo.com -->\n\t<meta name=\"description\" content=\"Barcelona\/Madrid, 23 mar (dpa) - La larga crisis desatada por el plan independentista en Catalu\u00f1a entr\u00f3 hoy en una nueva fase debido a tres medidas tomadas por el Tribunal Supremo espa\u00f1ol que implican un triple golpe a los partidos soberanistas. El juez a cargo de la causa anunci\u00f3 el procesamiento de 25 de los 28\" \/>\n\t<meta name=\"robots\" content=\"max-image-preview:large\" \/>\n\t<meta name=\"author\" content=\"El Digital de Asturias\"\/>\n\t<meta name=\"google-site-verification\" content=\"UA-38556648-1\" \/>\n\t<meta name=\"msvalidate.01\" content=\"7dfe9f3f1b24437ab69f4f2559babe99\" \/>\n\t<meta name=\"keywords\" content=\"actualidad\" \/>\n\t<link rel=\"canonical\" href=\"https:\/\/www.eldigitaldeasturias.com\/noticias\/la-crisis-catalana-entra-en-nueva-fase-por-un-triple-golpe-judicial\/\" \/>\n\t<meta name=\"generator\" content=\"All in One SEO Pro (AIOSEO) 5.0.1\" \/>\n\t\t<meta property=\"og:locale\" content=\"es_ES\" \/>\n\t\t<meta property=\"og:site_name\" content=\"El Digital de Asturias\" \/>\n\t\t<meta property=\"og:type\" content=\"article\" \/>\n\t\t<meta property=\"og:title\" content=\"La crisis catalana entra en nueva fase por un triple golpe judicial - El Digital de Asturias\" \/>\n\t\t<meta property=\"og:description\" content=\"Barcelona\/Madrid, 23 mar (dpa) - La larga crisis desatada por el plan independentista en Catalu\u00f1a entr\u00f3 hoy en una nueva fase debido a tres medidas tomadas por el Tribunal Supremo espa\u00f1ol que implican un triple golpe a los partidos soberanistas. El juez a cargo de la causa anunci\u00f3 el procesamiento de 25 de los 28\" \/>\n\t\t<meta property=\"og:url\" content=\"https:\/\/www.eldigitaldeasturias.com\/noticias\/la-crisis-catalana-entra-en-nueva-fase-por-un-triple-golpe-judicial\/\" \/>\n\t\t<meta property=\"article:tag\" content=\"actualidad\" \/>\n\t\t<meta property=\"article:published_time\" content=\"2018-03-23T21:55:22+00:00\" \/>\n\t\t<meta property=\"article:modified_time\" content=\"2018-03-23T21:55:22+00:00\" \/>\n\t\t<meta property=\"article:publisher\" content=\"https:\/\/facebook.com\/eldigitaldeasturias\" \/>\n\t\t<meta name=\"twitter:card\" content=\"summary_large_image\" \/>\n\t\t<meta name=\"twitter:title\" content=\"La crisis catalana entra en nueva fase por un triple golpe judicial - El Digital de Asturias\" \/>\n\t\t<meta name=\"twitter:description\" content=\"Barcelona\/Madrid, 23 mar (dpa) - La larga crisis desatada por el plan independentista en Catalu\u00f1a entr\u00f3 hoy en una nueva fase debido a tres medidas tomadas por el Tribunal Supremo espa\u00f1ol que implican un triple golpe a los partidos soberanistas. El juez a cargo de la causa anunci\u00f3 el procesamiento de 25 de los 28\" \/>\n\t\t<meta name=\"twitter:image\" content=\"https:\/\/www.eldigitaldeasturias.com\/noticias\/wp-content\/uploads\/2020\/12\/EDA-1.jpg\" \/>\n\t\t<meta name=\"twitter:label1\" content=\"Escrito por\" \/>\n\t\t<meta name=\"twitter:data1\" content=\"El Digital de Asturias\" \/>\n\t\t<meta name=\"twitter:label2\" content=\"Tiempo de lectura estimado\" \/>\n\t\t<meta name=\"twitter:data2\" content=\"4 minutos\" \/>\n\t\t<script type=\"application\/ld+json\" class=\"aioseo-schema\">\n\t\t\t{\"@context\":\"https:\\\/\\\/schema.org\",\"@graph\":[{\"@type\":\"BlogPosting\",\"@id\":\"https:\\\/\\\/www.eldigitaldeasturias.com\\\/noticias\\\/la-crisis-catalana-entra-en-nueva-fase-por-un-triple-golpe-judicial\\\/#blogposting\",\"name\":\"La crisis catalana entra en nueva fase por un triple golpe judicial - El Digital de Asturias\",\"headline\":\"La crisis catalana entra en nueva fase por un triple golpe judicial\",\"author\":{\"@id\":\"https:\\\/\\\/www.eldigitaldeasturias.com\\\/noticias\\\/author\\\/admin\\\/#author\"},\"publisher\":{\"@id\":\"https:\\\/\\\/www.eldigitaldeasturias.com\\\/noticias\\\/#organization\"},\"image\":{\"@type\":\"ImageObject\",\"url\":889473},\"datePublished\":\"2018-03-23T21:55:22+01:00\",\"dateModified\":\"2018-03-23T21:55:22+01:00\",\"inLanguage\":\"es-ES\",\"mainEntityOfPage\":{\"@id\":\"https:\\\/\\\/www.eldigitaldeasturias.com\\\/noticias\\\/la-crisis-catalana-entra-en-nueva-fase-por-un-triple-golpe-judicial\\\/#webpage\"},\"isPartOf\":{\"@id\":\"https:\\\/\\\/www.eldigitaldeasturias.com\\\/noticias\\\/la-crisis-catalana-entra-en-nueva-fase-por-un-triple-golpe-judicial\\\/#webpage\"},\"articleSection\":\"Actualidad\"},{\"@type\":\"BreadcrumbList\",\"@id\":\"https:\\\/\\\/www.eldigitaldeasturias.com\\\/noticias\\\/la-crisis-catalana-entra-en-nueva-fase-por-un-triple-golpe-judicial\\\/#breadcrumblist\",\"itemListElement\":[{\"@type\":\"ListItem\",\"@id\":\"https:\\\/\\\/www.eldigitaldeasturias.com\\\/noticias#listItem\",\"position\":1,\"name\":\"Home\",\"item\":\"https:\\\/\\\/www.eldigitaldeasturias.com\\\/noticias\",\"nextItem\":{\"@type\":\"ListItem\",\"@id\":\"https:\\\/\\\/www.eldigitaldeasturias.com\\\/noticias\\\/category\\\/actualidad\\\/#listItem\",\"name\":\"Actualidad\"}},{\"@type\":\"ListItem\",\"@id\":\"https:\\\/\\\/www.eldigitaldeasturias.com\\\/noticias\\\/category\\\/actualidad\\\/#listItem\",\"position\":2,\"name\":\"Actualidad\",\"item\":\"https:\\\/\\\/www.eldigitaldeasturias.com\\\/noticias\\\/category\\\/actualidad\\\/\",\"nextItem\":{\"@type\":\"ListItem\",\"@id\":\"https:\\\/\\\/www.eldigitaldeasturias.com\\\/noticias\\\/la-crisis-catalana-entra-en-nueva-fase-por-un-triple-golpe-judicial\\\/#listItem\",\"name\":\"La crisis catalana entra en nueva fase por un triple golpe judicial\"},\"previousItem\":{\"@type\":\"ListItem\",\"@id\":\"https:\\\/\\\/www.eldigitaldeasturias.com\\\/noticias#listItem\",\"name\":\"Home\"}},{\"@type\":\"ListItem\",\"@id\":\"https:\\\/\\\/www.eldigitaldeasturias.com\\\/noticias\\\/la-crisis-catalana-entra-en-nueva-fase-por-un-triple-golpe-judicial\\\/#listItem\",\"position\":3,\"name\":\"La crisis catalana entra en nueva fase por un triple golpe judicial\",\"previousItem\":{\"@type\":\"ListItem\",\"@id\":\"https:\\\/\\\/www.eldigitaldeasturias.com\\\/noticias\\\/category\\\/actualidad\\\/#listItem\",\"name\":\"Actualidad\"}}]},{\"@type\":\"Organization\",\"@id\":\"https:\\\/\\\/www.eldigitaldeasturias.com\\\/noticias\\\/#organization\",\"name\":\"El Digital de Asturias\",\"description\":\"Hemeroteca\",\"url\":\"https:\\\/\\\/www.eldigitaldeasturias.com\\\/noticias\\\/\",\"email\":\"info@eldigitaldeasturias.com\",\"telephone\":\"+34652131393\",\"logo\":{\"@type\":\"ImageObject\",\"url\":\"https:\\\/\\\/www.eldigitaldeasturias.com\\\/noticias\\\/wp-content\\\/uploads\\\/2020\\\/12\\\/EDA.jpg\",\"@id\":\"https:\\\/\\\/www.eldigitaldeasturias.com\\\/noticias\\\/la-crisis-catalana-entra-en-nueva-fase-por-un-triple-golpe-judicial\\\/#organizationLogo\"},\"image\":{\"@id\":\"https:\\\/\\\/www.eldigitaldeasturias.com\\\/noticias\\\/la-crisis-catalana-entra-en-nueva-fase-por-un-triple-golpe-judicial\\\/#organizationLogo\"},\"sameAs\":[\"https:\\\/\\\/facebook.com\\\/eldigitaldeasturias\",\"https:\\\/\\\/www.youtube.com\\\/channel\\\/UCZP-2wLEB9Rv6erhFmqVnvg\"],\"address\":{\"@id\":\"https:\\\/\\\/www.eldigitaldeasturias.com\\\/noticias\\\/#postaladdress\",\"@type\":\"PostalAddress\",\"streetAddress\":\"san antonio 4\",\"postalCode\":\"33430\",\"addressLocality\":\"Cand\\u00e1s\",\"addressRegion\":\"Asturias\",\"addressCountry\":\"ES\"}},{\"@type\":\"Person\",\"@id\":\"https:\\\/\\\/www.eldigitaldeasturias.com\\\/noticias\\\/author\\\/admin\\\/#author\",\"url\":\"https:\\\/\\\/www.eldigitaldeasturias.com\\\/noticias\\\/author\\\/admin\\\/\",\"name\":\"El Digital de Asturias\",\"image\":{\"@type\":\"ImageObject\",\"@id\":\"https:\\\/\\\/www.eldigitaldeasturias.com\\\/noticias\\\/la-crisis-catalana-entra-en-nueva-fase-por-un-triple-golpe-judicial\\\/#authorImage\",\"url\":\"https:\\\/\\\/secure.gravatar.com\\\/avatar\\\/df2aeffc32bcd13f8d26072ef8a91b623d677766deac7f97ca815868cd41bf5e?s=96&d=mm&r=g\",\"width\":96,\"height\":96,\"caption\":\"El Digital de Asturias\"}},{\"@type\":\"WebPage\",\"@id\":\"https:\\\/\\\/www.eldigitaldeasturias.com\\\/noticias\\\/la-crisis-catalana-entra-en-nueva-fase-por-un-triple-golpe-judicial\\\/#webpage\",\"url\":\"https:\\\/\\\/www.eldigitaldeasturias.com\\\/noticias\\\/la-crisis-catalana-entra-en-nueva-fase-por-un-triple-golpe-judicial\\\/\",\"name\":\"La crisis catalana entra en nueva fase por un triple golpe judicial - El Digital de Asturias\",\"description\":\"Barcelona\\\/Madrid, 23 mar (dpa) - La larga crisis desatada por el plan independentista en Catalu\\u00f1a entr\\u00f3 hoy en una nueva fase debido a tres medidas tomadas por el Tribunal Supremo espa\\u00f1ol que implican un triple golpe a los partidos soberanistas. El juez a cargo de la causa anunci\\u00f3 el procesamiento de 25 de los 28\",\"inLanguage\":\"es-ES\",\"isPartOf\":{\"@id\":\"https:\\\/\\\/www.eldigitaldeasturias.com\\\/noticias\\\/#website\"},\"breadcrumb\":{\"@id\":\"https:\\\/\\\/www.eldigitaldeasturias.com\\\/noticias\\\/la-crisis-catalana-entra-en-nueva-fase-por-un-triple-golpe-judicial\\\/#breadcrumblist\"},\"author\":{\"@id\":\"https:\\\/\\\/www.eldigitaldeasturias.com\\\/noticias\\\/author\\\/admin\\\/#author\"},\"creator\":{\"@id\":\"https:\\\/\\\/www.eldigitaldeasturias.com\\\/noticias\\\/author\\\/admin\\\/#author\"},\"image\":{\"@type\":\"ImageObject\",\"url\":889473,\"@id\":\"https:\\\/\\\/www.eldigitaldeasturias.com\\\/noticias\\\/la-crisis-catalana-entra-en-nueva-fase-por-un-triple-golpe-judicial\\\/#mainImage\"},\"primaryImageOfPage\":{\"@id\":\"https:\\\/\\\/www.eldigitaldeasturias.com\\\/noticias\\\/la-crisis-catalana-entra-en-nueva-fase-por-un-triple-golpe-judicial\\\/#mainImage\"},\"datePublished\":\"2018-03-23T21:55:22+01:00\",\"dateModified\":\"2018-03-23T21:55:22+01:00\"},{\"@type\":\"WebSite\",\"@id\":\"https:\\\/\\\/www.eldigitaldeasturias.com\\\/noticias\\\/#website\",\"url\":\"https:\\\/\\\/www.eldigitaldeasturias.com\\\/noticias\\\/\",\"name\":\"El Digital de Asturias - Diario de actualidad y noticias\",\"alternateName\":\"El Digital de Asturias - Diario de actualidad y noticias\",\"description\":\"Hemeroteca\",\"inLanguage\":\"es-ES\",\"publisher\":{\"@id\":\"https:\\\/\\\/www.eldigitaldeasturias.com\\\/noticias\\\/#organization\"}}]}\n\t\t<\/script>\n\t\t<!-- All in One SEO Pro -->\r\n\t\t<title>La crisis catalana entra en nueva fase por un triple golpe judicial - El Digital de Asturias<\/title>\n\n","aioseo_head_json":{"title":"La crisis catalana entra en nueva fase por un triple golpe judicial - El Digital de Asturias","description":"Barcelona\/Madrid, 23 mar (dpa) - La larga crisis desatada por el plan independentista en Catalu\u00f1a entr\u00f3 hoy en una nueva fase debido a tres medidas tomadas por el Tribunal Supremo espa\u00f1ol que implican un triple golpe a los partidos soberanistas. El juez a cargo de la causa anunci\u00f3 el procesamiento de 25 de los 28","canonical_url":"https:\/\/www.eldigitaldeasturias.com\/noticias\/la-crisis-catalana-entra-en-nueva-fase-por-un-triple-golpe-judicial\/","robots":"max-image-preview:large","keywords":"actualidad","webmasterTools":{"google-site-verification":"UA-38556648-1","msvalidate.01":"7dfe9f3f1b24437ab69f4f2559babe99","miscellaneous":""},"schema":{"@context":"https:\/\/schema.org","@graph":[{"@type":"BlogPosting","@id":"https:\/\/www.eldigitaldeasturias.com\/noticias\/la-crisis-catalana-entra-en-nueva-fase-por-un-triple-golpe-judicial\/#blogposting","name":"La crisis catalana entra en nueva fase por un triple golpe judicial - El Digital de Asturias","headline":"La crisis catalana entra en nueva fase por un triple golpe judicial","author":{"@id":"https:\/\/www.eldigitaldeasturias.com\/noticias\/author\/admin\/#author"},"publisher":{"@id":"https:\/\/www.eldigitaldeasturias.com\/noticias\/#organization"},"image":{"@type":"ImageObject","url":889473},"datePublished":"2018-03-23T21:55:22+01:00","dateModified":"2018-03-23T21:55:22+01:00","inLanguage":"es-ES","mainEntityOfPage":{"@id":"https:\/\/www.eldigitaldeasturias.com\/noticias\/la-crisis-catalana-entra-en-nueva-fase-por-un-triple-golpe-judicial\/#webpage"},"isPartOf":{"@id":"https:\/\/www.eldigitaldeasturias.com\/noticias\/la-crisis-catalana-entra-en-nueva-fase-por-un-triple-golpe-judicial\/#webpage"},"articleSection":"Actualidad"},{"@type":"BreadcrumbList","@id":"https:\/\/www.eldigitaldeasturias.com\/noticias\/la-crisis-catalana-entra-en-nueva-fase-por-un-triple-golpe-judicial\/#breadcrumblist","itemListElement":[{"@type":"ListItem","@id":"https:\/\/www.eldigitaldeasturias.com\/noticias#listItem","position":1,"name":"Home","item":"https:\/\/www.eldigitaldeasturias.com\/noticias","nextItem":{"@type":"ListItem","@id":"https:\/\/www.eldigitaldeasturias.com\/noticias\/category\/actualidad\/#listItem","name":"Actualidad"}},{"@type":"ListItem","@id":"https:\/\/www.eldigitaldeasturias.com\/noticias\/category\/actualidad\/#listItem","position":2,"name":"Actualidad","item":"https:\/\/www.eldigitaldeasturias.com\/noticias\/category\/actualidad\/","nextItem":{"@type":"ListItem","@id":"https:\/\/www.eldigitaldeasturias.com\/noticias\/la-crisis-catalana-entra-en-nueva-fase-por-un-triple-golpe-judicial\/#listItem","name":"La crisis catalana entra en nueva fase por un triple golpe judicial"},"previousItem":{"@type":"ListItem","@id":"https:\/\/www.eldigitaldeasturias.com\/noticias#listItem","name":"Home"}},{"@type":"ListItem","@id":"https:\/\/www.eldigitaldeasturias.com\/noticias\/la-crisis-catalana-entra-en-nueva-fase-por-un-triple-golpe-judicial\/#listItem","position":3,"name":"La crisis catalana entra en nueva fase por un triple golpe judicial","previousItem":{"@type":"ListItem","@id":"https:\/\/www.eldigitaldeasturias.com\/noticias\/category\/actualidad\/#listItem","name":"Actualidad"}}]},{"@type":"Organization","@id":"https:\/\/www.eldigitaldeasturias.com\/noticias\/#organization","name":"El Digital de Asturias","description":"Hemeroteca","url":"https:\/\/www.eldigitaldeasturias.com\/noticias\/","email":"info@eldigitaldeasturias.com","telephone":"+34652131393","logo":{"@type":"ImageObject","url":"https:\/\/www.eldigitaldeasturias.com\/noticias\/wp-content\/uploads\/2020\/12\/EDA.jpg","@id":"https:\/\/www.eldigitaldeasturias.com\/noticias\/la-crisis-catalana-entra-en-nueva-fase-por-un-triple-golpe-judicial\/#organizationLogo"},"image":{"@id":"https:\/\/www.eldigitaldeasturias.com\/noticias\/la-crisis-catalana-entra-en-nueva-fase-por-un-triple-golpe-judicial\/#organizationLogo"},"sameAs":["https:\/\/facebook.com\/eldigitaldeasturias","https:\/\/www.youtube.com\/channel\/UCZP-2wLEB9Rv6erhFmqVnvg"],"address":{"@id":"https:\/\/www.eldigitaldeasturias.com\/noticias\/#postaladdress","@type":"PostalAddress","streetAddress":"san antonio 4","postalCode":"33430","addressLocality":"Cand\u00e1s","addressRegion":"Asturias","addressCountry":"ES"}},{"@type":"Person","@id":"https:\/\/www.eldigitaldeasturias.com\/noticias\/author\/admin\/#author","url":"https:\/\/www.eldigitaldeasturias.com\/noticias\/author\/admin\/","name":"El Digital de Asturias","image":{"@type":"ImageObject","@id":"https:\/\/www.eldigitaldeasturias.com\/noticias\/la-crisis-catalana-entra-en-nueva-fase-por-un-triple-golpe-judicial\/#authorImage","url":"https:\/\/secure.gravatar.com\/avatar\/df2aeffc32bcd13f8d26072ef8a91b623d677766deac7f97ca815868cd41bf5e?s=96&d=mm&r=g","width":96,"height":96,"caption":"El Digital de Asturias"}},{"@type":"WebPage","@id":"https:\/\/www.eldigitaldeasturias.com\/noticias\/la-crisis-catalana-entra-en-nueva-fase-por-un-triple-golpe-judicial\/#webpage","url":"https:\/\/www.eldigitaldeasturias.com\/noticias\/la-crisis-catalana-entra-en-nueva-fase-por-un-triple-golpe-judicial\/","name":"La crisis catalana entra en nueva fase por un triple golpe judicial - El Digital de Asturias","description":"Barcelona\/Madrid, 23 mar (dpa) - La larga crisis desatada por el plan independentista en Catalu\u00f1a entr\u00f3 hoy en una nueva fase debido a tres medidas tomadas por el Tribunal Supremo espa\u00f1ol que implican un triple golpe a los partidos soberanistas. El juez a cargo de la causa anunci\u00f3 el procesamiento de 25 de los 28","inLanguage":"es-ES","isPartOf":{"@id":"https:\/\/www.eldigitaldeasturias.com\/noticias\/#website"},"breadcrumb":{"@id":"https:\/\/www.eldigitaldeasturias.com\/noticias\/la-crisis-catalana-entra-en-nueva-fase-por-un-triple-golpe-judicial\/#breadcrumblist"},"author":{"@id":"https:\/\/www.eldigitaldeasturias.com\/noticias\/author\/admin\/#author"},"creator":{"@id":"https:\/\/www.eldigitaldeasturias.com\/noticias\/author\/admin\/#author"},"image":{"@type":"ImageObject","url":889473,"@id":"https:\/\/www.eldigitaldeasturias.com\/noticias\/la-crisis-catalana-entra-en-nueva-fase-por-un-triple-golpe-judicial\/#mainImage"},"primaryImageOfPage":{"@id":"https:\/\/www.eldigitaldeasturias.com\/noticias\/la-crisis-catalana-entra-en-nueva-fase-por-un-triple-golpe-judicial\/#mainImage"},"datePublished":"2018-03-23T21:55:22+01:00","dateModified":"2018-03-23T21:55:22+01:00"},{"@type":"WebSite","@id":"https:\/\/www.eldigitaldeasturias.com\/noticias\/#website","url":"https:\/\/www.eldigitaldeasturias.com\/noticias\/","name":"El Digital de Asturias - Diario de actualidad y noticias","alternateName":"El Digital de Asturias - Diario de actualidad y noticias","description":"Hemeroteca","inLanguage":"es-ES","publisher":{"@id":"https:\/\/www.eldigitaldeasturias.com\/noticias\/#organization"}}]},"og:locale":"es_ES","og:site_name":"El Digital de Asturias","og:type":"article","og:title":"La crisis catalana entra en nueva fase por un triple golpe judicial - El Digital de Asturias","og:description":"Barcelona\/Madrid, 23 mar (dpa) - La larga crisis desatada por el plan independentista en Catalu\u00f1a entr\u00f3 hoy en una nueva fase debido a tres medidas tomadas por el Tribunal Supremo espa\u00f1ol que implican un triple golpe a los partidos soberanistas. El juez a cargo de la causa anunci\u00f3 el procesamiento de 25 de los 28","og:url":"https:\/\/www.eldigitaldeasturias.com\/noticias\/la-crisis-catalana-entra-en-nueva-fase-por-un-triple-golpe-judicial\/","article:tag":["actualidad"],"article:published_time":"2018-03-23T21:55:22+00:00","article:modified_time":"2018-03-23T21:55:22+00:00","article:publisher":"https:\/\/facebook.com\/eldigitaldeasturias","twitter:card":"summary_large_image","twitter:title":"La crisis catalana entra en nueva fase por un triple golpe judicial - El Digital de Asturias","twitter:description":"Barcelona\/Madrid, 23 mar (dpa) - La larga crisis desatada por el plan independentista en Catalu\u00f1a entr\u00f3 hoy en una nueva fase debido a tres medidas tomadas por el Tribunal Supremo espa\u00f1ol que implican un triple golpe a los partidos soberanistas. El juez a cargo de la causa anunci\u00f3 el procesamiento de 25 de los 28","twitter:image":"https:\/\/www.eldigitaldeasturias.com\/noticias\/wp-content\/uploads\/2020\/12\/EDA-1.jpg","twitter:label1":"Escrito por","twitter:data1":"El Digital de Asturias","twitter:label2":"Tiempo de lectura estimado","twitter:data2":"4 minutos"},"aioseo_meta_data":{"post_id":"973209","title":null,"description":null,"keywords":null,"keyphrases":null,"primary_term":null,"canonical_url":null,"og_title":null,"og_description":null,"og_object_type":"default","og_image_type":"default","og_image_url":null,"og_image_width":null,"og_image_height":null,"og_image_custom_url":null,"og_image_custom_fields":null,"og_video":null,"og_custom_url":null,"og_article_section":null,"og_article_tags":null,"twitter_use_og":false,"twitter_card":"default","twitter_image_type":"default","twitter_image_url":null,"twitter_image_custom_url":null,"twitter_image_custom_fields":null,"twitter_title":null,"twitter_description":null,"schema":{"blockGraphs":[],"customGraphs":[],"default":{"data":{"Article":[],"Course":[],"Dataset":[],"FAQPage":[],"Movie":[],"Person":[],"Product":[],"ProductReview":[],"Car":[],"Recipe":[],"Service":[],"SoftwareApplication":[],"WebPage":[]},"graphName":"","isEnabled":true},"graphs":[],"defaultGraph":"","defaultPostTypeGraph":""},"schema_type":null,"schema_type_options":null,"pillar_content":false,"robots_default":true,"robots_noindex":false,"robots_noarchive":false,"robots_nosnippet":false,"robots_nofollow":false,"robots_noimageindex":false,"robots_noodp":false,"robots_notranslate":false,"robots_max_snippet":null,"robots_max_videopreview":null,"robots_max_imagepreview":"large","priority":null,"frequency":null,"local_seo":null,"seo_analyzer_scan_date":"2025-10-07 15:31:09","breadcrumb_settings":null,"limit_modified_date":false,"open_ai":null,"ai":null,"created":"2020-12-21 12:16:39","updated":"2025-10-07 15:31:09","focus_keyword":null,"additional_keywords":null,"truseo_locale":null},"aioseo_breadcrumb":"<div class=\"aioseo-breadcrumbs\"><span class=\"aioseo-breadcrumb\">\n\t<a href=\"https:\/\/www.eldigitaldeasturias.com\/noticias\" title=\"Home\">Home<\/a>\n<\/span><span class=\"aioseo-breadcrumb-separator\">\u2013<\/span><span class=\"aioseo-breadcrumb\">\n\t<a href=\"https:\/\/www.eldigitaldeasturias.com\/noticias\/category\/actualidad\/\" title=\"Actualidad\">Actualidad<\/a>\n<\/span><span class=\"aioseo-breadcrumb-separator\">\u2013<\/span><span class=\"aioseo-breadcrumb\">\n\t<a href=\"https:\/\/www.eldigitaldeasturias.com\/noticias\/la-crisis-catalana-entra-en-nueva-fase-por-un-triple-golpe-judicial\/\" title=\"La crisis catalana entra en nueva fase por un triple golpe judicial\">La crisis catalana entra en nueva fase por un triple golpe judicial<\/a>\n<\/span><\/div>","aioseo_breadcrumb_json":[{"label":"Home","link":"https:\/\/www.eldigitaldeasturias.com\/noticias"},{"label":"Actualidad","link":"https:\/\/www.eldigitaldeasturias.com\/noticias\/category\/actualidad\/"},{"label":"La crisis catalana entra en nueva fase por un triple golpe judicial","link":"https:\/\/www.eldigitaldeasturias.com\/noticias\/la-crisis-catalana-entra-en-nueva-fase-por-un-triple-golpe-judicial\/"}],"_links":{"self":[{"href":"https:\/\/www.eldigitaldeasturias.com\/noticias\/wp-json\/wp\/v2\/posts\/973209","targetHints":{"allow":["GET"]}}],"collection":[{"href":"https:\/\/www.eldigitaldeasturias.com\/noticias\/wp-json\/wp\/v2\/posts"}],"about":[{"href":"https:\/\/www.eldigitaldeasturias.com\/noticias\/wp-json\/wp\/v2\/types\/post"}],"author":[{"embeddable":true,"href":"https:\/\/www.eldigitaldeasturias.com\/noticias\/wp-json\/wp\/v2\/users\/1"}],"replies":[{"embeddable":true,"href":"https:\/\/www.eldigitaldeasturias.com\/noticias\/wp-json\/wp\/v2\/comments?post=973209"}],"version-history":[{"count":0,"href":"https:\/\/www.eldigitaldeasturias.com\/noticias\/wp-json\/wp\/v2\/posts\/973209\/revisions"}],"wp:attachment":[{"href":"https:\/\/www.eldigitaldeasturias.com\/noticias\/wp-json\/wp\/v2\/media?parent=973209"}],"wp:term":[{"taxonomy":"category","embeddable":true,"href":"https:\/\/www.eldigitaldeasturias.com\/noticias\/wp-json\/wp\/v2\/categories?post=973209"},{"taxonomy":"post_tag","embeddable":true,"href":"https:\/\/www.eldigitaldeasturias.com\/noticias\/wp-json\/wp\/v2\/tags?post=973209"}],"curies":[{"name":"wp","href":"https:\/\/api.w.org\/{rel}","templated":true}]}}