{"id":973205,"date":"2018-03-23T21:38:51","date_gmt":"2018-03-23T21:38:51","guid":{"rendered":"http:\/\/www.eldigitaldeasturias.com\/noticias\/?p=973205"},"modified":"2018-03-23T21:38:51","modified_gmt":"2018-03-23T21:38:51","slug":"de-la-masacre-a-la-protesta-el-camino-contra-el-uso-de-armas-en-los-estados-unidos","status":"publish","type":"post","link":"https:\/\/www.eldigitaldeasturias.com\/noticias\/de-la-masacre-a-la-protesta-el-camino-contra-el-uso-de-armas-en-los-estados-unidos\/","title":{"rendered":"De la masacre a la protesta: El camino contra el uso de armas en los Estados Unidos"},"content":{"rendered":"<p><img loading=\"lazy\" decoding=\"async\" class=\"alignleft size-medium wp-image-973115\" src=\"https:\/\/www.eldigitaldeasturias.com\/noticias\/wp-content\/uploads\/2018\/03\/cartridges-2166491_1280-360x203.jpg\" alt=\"\" width=\"360\" height=\"203\" \/>Miami, 23 mar (dpa) \u2013 La masacre que el pasado 14 de febrero sacudi\u00f3 a Estados Unidos con la muerte de tres adultos y 14 menores en una escuela de Florida fue el punto de partida de un posible camino hacia la implementaci\u00f3n de nuevas leyes que regulen el uso de armas en el pa\u00eds.<\/p>\n<p>A continuaci\u00f3n, una cronolog\u00eda de los principales acontecimientos semana tras semana en relaci\u00f3n con el debate sobre la violencia armada en la naci\u00f3n norteamericana:<\/p>\n<p>PRIMERA SEMANA<\/p>\n<p>-El ex alumno de la escuela secundaria Marjory Stoneman Douglas (MSD) Nikolas Cruz, de 19 a\u00f1os, entra al t\u00e9rmino de la jornada a la instituci\u00f3n y dispara indiscriminadamente por m\u00e1s de cinco minutos un fusil AR-15. En el hecho mueren 17 personas y una decena m\u00e1s queda herida. El presunto autor es capturado al cabo de una hora.<\/p>\n<p>-Dos d\u00edas despu\u00e9s inician las manifestaciones en Florida y se extienden a varias ciudades del pa\u00eds. Los discursos de los j\u00f3venes de Parkland, la peque\u00f1a localidad en donde ocurri\u00f3 la masacre, son vistos en todo el mundo a trav\u00e9s de las redes sociales y nace el movimiento \u00abNunca m\u00e1s\u00bb junto a la #MarchaPorNuestrasVidas, convocada para el 24 de marzo.<\/p>\n<p>-La presi\u00f3n en el capitolio de Florida est\u00e1 a cargo de un centenar de estudiantes que viaja a Tallahassee, capital del estado, para exigir un mayor control en el uso de armas, al tiempo que el presidente Donald Trump arremete contra los \u00abbump-stocks\u00bb, dispositivos que hacen autom\u00e1ticas las armas que no lo son.<\/p>\n<p>-El mandatario estadounidense recibe adem\u00e1s a supervivientes y familiares de las v\u00edctimas mortales en la Casa Blanca para hablar sobre posibles salidas para evitar la violencia armada. Entre las propuestas destaca la posibilidad de armar a los profesores.<\/p>\n<p>-Celebridades manifiestan su apoyo a los j\u00f3venes de Parkland y donan m\u00e1s de tres millones de d\u00f3lares para la organizaci\u00f3n de la marcha de marzo.<\/p>\n<p>SEGUNDA SEMANA<\/p>\n<p>-Varias empresas de Estados Unidos dejan de ofrecer descuentos a los miembros de la Asociaci\u00f3n Nacional del Rifle (NRA, por sus siglas en ingl\u00e9s) en medio del debate que ya acapara los titulares de los noticieros y la prensa.<\/p>\n<p>-Los estudiantes del MSD regresan a la escuela despu\u00e9s de dos semanas del tiroteo en medio de manifestaciones de apoyo. Ese mismo d\u00eda, Trump pide al Congreso uni\u00f3n para poner fin a los tiroteos masivos y \u00abactuar m\u00e1s all\u00e1 de hablar\u00bb.<\/p>\n<p>TERCERA SEMANA<\/p>\n<p>-Cruz, presunto autor de la masacre que al parecer padec\u00eda de problemas mentales, es acusado formalmente de 34 cargos: 17 por asesinato premeditado en primer grado y el mismo n\u00famero por intento de homicidio. De salir culpable por los primeros se enfrentar\u00eda a la pena de muerte que est\u00e1 contemplada en Florida.<\/p>\n<p>-Posteriormente, la C\u00e1mara de Representantes y el Senado de Florida aprueban una ley que regula el uso de armas en el estado e incluye la posibilidad de armar profesores y funcionarios de las escuelas. La iniciativa se convierte en la primera de su tipo discutida en d\u00e9cadas en la legislatura del estado, sede de dos de las m\u00e1s grandes masacres de los \u00faltimos tres a\u00f1os.<\/p>\n<p>CUARTA SEMANA<\/p>\n<p>-El gobernador de Florida, Rick Scott, firma la ley. Aunque no est\u00e1 de acuerdo con armar al personal de las escuelas, el gobernante estatal destaca la inversi\u00f3n en seguridad y tratamientos para quienes tienen problemas mentales, as\u00ed como el aumento de 18 a 21 a\u00f1os en la edad m\u00ednima para comprar un arma.<\/p>\n<p>-La Casa Blanca presenta un programa de seguridad escolar que propone la creaci\u00f3n de una comisi\u00f3n presidida por la secretaria de Educaci\u00f3n, Betsy DeVos, para analizar las iniciativas que ser\u00edan \u00fatiles a nivel federal en un plazo \u00abmenor a un a\u00f1o\u00bb.<\/p>\n<p>-Tras cumplirse un mes de la masacre, miles de estudiantes de todo Estados Unidos suspenden por 17 minutos sus clases para honrar a las v\u00edctimas mortales del tiroteo e insistir en la necesidad de una ley de control de armas en el pa\u00eds.<\/p>\n<p>QUINTA SEMANA<\/p>\n<p>-En medio de los preparativos para la marcha, con epicentro en Washington y replicas en unas 800 ciudades del mundo, se registra un nuevo tiroteo en una secundaria del estado de Maryland en donde muere el presunto autor y quedan heridos dos j\u00f3venes de 14 y 16 a\u00f1os.<\/p>\n<p>-Las caras visibles del movimiento escolar contra las armas \u2013Emma Gonz\u00e1lez, Cameron Kasky, David Hogg, Alex Wind, Jaclyn Corin- aparecen en la portada de abril de la revista \u201cTIME\u201d mientras que artistas como Ariana Grande, Miley Cyrus, Demi Lovato y Jennifer Hudson, entre otros, confirman su presencia en la protesta.<\/p>\n","protected":false},"excerpt":{"rendered":"<p>Miami, 23 mar (dpa) \u2013 La masacre que el pasado 14 de febrero sacudi\u00f3 a Estados Unidos con la muerte de tres adultos y 14 menores en una escuela de Florida fue el punto de partida de un posible camino hacia la implementaci\u00f3n de nuevas leyes que regulen el uso de armas en el pa\u00eds. [&hellip;]<\/p>\n","protected":false},"author":1,"featured_media":973115,"comment_status":"closed","ping_status":"closed","sticky":false,"template":"","format":"standard","meta":{"footnotes":""},"categories":[1],"tags":[],"class_list":["post-973205","post","type-post","status-publish","format-standard","has-post-thumbnail","hentry","category-actualidad"],"aioseo_notices":[],"aioseo_head":"\n\t\t<!-- All in One SEO Pro 5.0.1 - aioseo.com -->\n\t<meta name=\"description\" content=\"Miami, 23 mar (dpa) \u2013 La masacre que el pasado 14 de febrero sacudi\u00f3 a Estados Unidos con la muerte de tres adultos y 14 menores en una escuela de Florida fue el punto de partida de un posible camino hacia la implementaci\u00f3n de nuevas leyes que regulen el uso de armas en el pa\u00eds.\" \/>\n\t<meta name=\"robots\" content=\"max-image-preview:large\" \/>\n\t<meta name=\"author\" content=\"El Digital de Asturias\"\/>\n\t<meta name=\"google-site-verification\" content=\"UA-38556648-1\" \/>\n\t<meta name=\"msvalidate.01\" content=\"7dfe9f3f1b24437ab69f4f2559babe99\" \/>\n\t<meta name=\"keywords\" content=\"actualidad\" \/>\n\t<link rel=\"canonical\" href=\"https:\/\/www.eldigitaldeasturias.com\/noticias\/de-la-masacre-a-la-protesta-el-camino-contra-el-uso-de-armas-en-los-estados-unidos\/\" \/>\n\t<meta name=\"generator\" content=\"All in One SEO Pro (AIOSEO) 5.0.1\" \/>\n\t\t<meta property=\"og:locale\" content=\"es_ES\" \/>\n\t\t<meta property=\"og:site_name\" content=\"El Digital de Asturias\" \/>\n\t\t<meta property=\"og:type\" content=\"article\" \/>\n\t\t<meta property=\"og:title\" content=\"De la masacre a la protesta: El camino contra el uso de armas en los Estados Unidos - El Digital de Asturias\" \/>\n\t\t<meta property=\"og:description\" content=\"Miami, 23 mar (dpa) \u2013 La masacre que el pasado 14 de febrero sacudi\u00f3 a Estados Unidos con la muerte de tres adultos y 14 menores en una escuela de Florida fue el punto de partida de un posible camino hacia la implementaci\u00f3n de nuevas leyes que regulen el uso de armas en el pa\u00eds.\" \/>\n\t\t<meta property=\"og:url\" content=\"https:\/\/www.eldigitaldeasturias.com\/noticias\/de-la-masacre-a-la-protesta-el-camino-contra-el-uso-de-armas-en-los-estados-unidos\/\" \/>\n\t\t<meta property=\"article:tag\" content=\"actualidad\" \/>\n\t\t<meta property=\"article:published_time\" content=\"2018-03-23T21:38:51+00:00\" \/>\n\t\t<meta property=\"article:modified_time\" content=\"2018-03-23T21:38:51+00:00\" \/>\n\t\t<meta property=\"article:publisher\" content=\"https:\/\/facebook.com\/eldigitaldeasturias\" \/>\n\t\t<meta name=\"twitter:card\" content=\"summary_large_image\" \/>\n\t\t<meta name=\"twitter:title\" content=\"De la masacre a la protesta: El camino contra el uso de armas en los Estados Unidos - El Digital de Asturias\" \/>\n\t\t<meta name=\"twitter:description\" content=\"Miami, 23 mar (dpa) \u2013 La masacre que el pasado 14 de febrero sacudi\u00f3 a Estados Unidos con la muerte de tres adultos y 14 menores en una escuela de Florida fue el punto de partida de un posible camino hacia la implementaci\u00f3n de nuevas leyes que regulen el uso de armas en el pa\u00eds.\" \/>\n\t\t<meta name=\"twitter:image\" content=\"https:\/\/www.eldigitaldeasturias.com\/noticias\/wp-content\/uploads\/2020\/12\/EDA-1.jpg\" \/>\n\t\t<meta name=\"twitter:label1\" content=\"Escrito por\" \/>\n\t\t<meta name=\"twitter:data1\" content=\"El Digital de Asturias\" \/>\n\t\t<meta name=\"twitter:label2\" content=\"Tiempo de lectura estimado\" \/>\n\t\t<meta name=\"twitter:data2\" content=\"4 minutos\" \/>\n\t\t<script type=\"application\/ld+json\" class=\"aioseo-schema\">\n\t\t\t{\"@context\":\"https:\\\/\\\/schema.org\",\"@graph\":[{\"@type\":\"BlogPosting\",\"@id\":\"https:\\\/\\\/www.eldigitaldeasturias.com\\\/noticias\\\/de-la-masacre-a-la-protesta-el-camino-contra-el-uso-de-armas-en-los-estados-unidos\\\/#blogposting\",\"name\":\"De la masacre a la protesta: El camino contra el uso de armas en los Estados Unidos - El Digital de Asturias\",\"headline\":\"De la masacre a la protesta: El camino contra el uso de armas en los Estados Unidos\",\"author\":{\"@id\":\"https:\\\/\\\/www.eldigitaldeasturias.com\\\/noticias\\\/author\\\/admin\\\/#author\"},\"publisher\":{\"@id\":\"https:\\\/\\\/www.eldigitaldeasturias.com\\\/noticias\\\/#organization\"},\"image\":{\"@type\":\"ImageObject\",\"url\":973115},\"datePublished\":\"2018-03-23T21:38:51+01:00\",\"dateModified\":\"2018-03-23T21:38:51+01:00\",\"inLanguage\":\"es-ES\",\"mainEntityOfPage\":{\"@id\":\"https:\\\/\\\/www.eldigitaldeasturias.com\\\/noticias\\\/de-la-masacre-a-la-protesta-el-camino-contra-el-uso-de-armas-en-los-estados-unidos\\\/#webpage\"},\"isPartOf\":{\"@id\":\"https:\\\/\\\/www.eldigitaldeasturias.com\\\/noticias\\\/de-la-masacre-a-la-protesta-el-camino-contra-el-uso-de-armas-en-los-estados-unidos\\\/#webpage\"},\"articleSection\":\"Actualidad\"},{\"@type\":\"BreadcrumbList\",\"@id\":\"https:\\\/\\\/www.eldigitaldeasturias.com\\\/noticias\\\/de-la-masacre-a-la-protesta-el-camino-contra-el-uso-de-armas-en-los-estados-unidos\\\/#breadcrumblist\",\"itemListElement\":[{\"@type\":\"ListItem\",\"@id\":\"https:\\\/\\\/www.eldigitaldeasturias.com\\\/noticias#listItem\",\"position\":1,\"name\":\"Home\",\"item\":\"https:\\\/\\\/www.eldigitaldeasturias.com\\\/noticias\",\"nextItem\":{\"@type\":\"ListItem\",\"@id\":\"https:\\\/\\\/www.eldigitaldeasturias.com\\\/noticias\\\/category\\\/actualidad\\\/#listItem\",\"name\":\"Actualidad\"}},{\"@type\":\"ListItem\",\"@id\":\"https:\\\/\\\/www.eldigitaldeasturias.com\\\/noticias\\\/category\\\/actualidad\\\/#listItem\",\"position\":2,\"name\":\"Actualidad\",\"item\":\"https:\\\/\\\/www.eldigitaldeasturias.com\\\/noticias\\\/category\\\/actualidad\\\/\",\"nextItem\":{\"@type\":\"ListItem\",\"@id\":\"https:\\\/\\\/www.eldigitaldeasturias.com\\\/noticias\\\/de-la-masacre-a-la-protesta-el-camino-contra-el-uso-de-armas-en-los-estados-unidos\\\/#listItem\",\"name\":\"De la masacre a la protesta: El camino contra el uso de armas en los Estados Unidos\"},\"previousItem\":{\"@type\":\"ListItem\",\"@id\":\"https:\\\/\\\/www.eldigitaldeasturias.com\\\/noticias#listItem\",\"name\":\"Home\"}},{\"@type\":\"ListItem\",\"@id\":\"https:\\\/\\\/www.eldigitaldeasturias.com\\\/noticias\\\/de-la-masacre-a-la-protesta-el-camino-contra-el-uso-de-armas-en-los-estados-unidos\\\/#listItem\",\"position\":3,\"name\":\"De la masacre a la protesta: El camino contra el uso de armas en los Estados Unidos\",\"previousItem\":{\"@type\":\"ListItem\",\"@id\":\"https:\\\/\\\/www.eldigitaldeasturias.com\\\/noticias\\\/category\\\/actualidad\\\/#listItem\",\"name\":\"Actualidad\"}}]},{\"@type\":\"Organization\",\"@id\":\"https:\\\/\\\/www.eldigitaldeasturias.com\\\/noticias\\\/#organization\",\"name\":\"El Digital de Asturias\",\"description\":\"Hemeroteca\",\"url\":\"https:\\\/\\\/www.eldigitaldeasturias.com\\\/noticias\\\/\",\"email\":\"info@eldigitaldeasturias.com\",\"telephone\":\"+34652131393\",\"logo\":{\"@type\":\"ImageObject\",\"url\":\"https:\\\/\\\/www.eldigitaldeasturias.com\\\/noticias\\\/wp-content\\\/uploads\\\/2020\\\/12\\\/EDA.jpg\",\"@id\":\"https:\\\/\\\/www.eldigitaldeasturias.com\\\/noticias\\\/de-la-masacre-a-la-protesta-el-camino-contra-el-uso-de-armas-en-los-estados-unidos\\\/#organizationLogo\"},\"image\":{\"@id\":\"https:\\\/\\\/www.eldigitaldeasturias.com\\\/noticias\\\/de-la-masacre-a-la-protesta-el-camino-contra-el-uso-de-armas-en-los-estados-unidos\\\/#organizationLogo\"},\"sameAs\":[\"https:\\\/\\\/facebook.com\\\/eldigitaldeasturias\",\"https:\\\/\\\/www.youtube.com\\\/channel\\\/UCZP-2wLEB9Rv6erhFmqVnvg\"],\"address\":{\"@id\":\"https:\\\/\\\/www.eldigitaldeasturias.com\\\/noticias\\\/#postaladdress\",\"@type\":\"PostalAddress\",\"streetAddress\":\"san antonio 4\",\"postalCode\":\"33430\",\"addressLocality\":\"Cand\\u00e1s\",\"addressRegion\":\"Asturias\",\"addressCountry\":\"ES\"}},{\"@type\":\"Person\",\"@id\":\"https:\\\/\\\/www.eldigitaldeasturias.com\\\/noticias\\\/author\\\/admin\\\/#author\",\"url\":\"https:\\\/\\\/www.eldigitaldeasturias.com\\\/noticias\\\/author\\\/admin\\\/\",\"name\":\"El Digital de Asturias\",\"image\":{\"@type\":\"ImageObject\",\"@id\":\"https:\\\/\\\/www.eldigitaldeasturias.com\\\/noticias\\\/de-la-masacre-a-la-protesta-el-camino-contra-el-uso-de-armas-en-los-estados-unidos\\\/#authorImage\",\"url\":\"https:\\\/\\\/secure.gravatar.com\\\/avatar\\\/df2aeffc32bcd13f8d26072ef8a91b623d677766deac7f97ca815868cd41bf5e?s=96&d=mm&r=g\",\"width\":96,\"height\":96,\"caption\":\"El Digital de Asturias\"}},{\"@type\":\"WebPage\",\"@id\":\"https:\\\/\\\/www.eldigitaldeasturias.com\\\/noticias\\\/de-la-masacre-a-la-protesta-el-camino-contra-el-uso-de-armas-en-los-estados-unidos\\\/#webpage\",\"url\":\"https:\\\/\\\/www.eldigitaldeasturias.com\\\/noticias\\\/de-la-masacre-a-la-protesta-el-camino-contra-el-uso-de-armas-en-los-estados-unidos\\\/\",\"name\":\"De la masacre a la protesta: El camino contra el uso de armas en los Estados Unidos - El Digital de Asturias\",\"description\":\"Miami, 23 mar (dpa) \\u2013 La masacre que el pasado 14 de febrero sacudi\\u00f3 a Estados Unidos con la muerte de tres adultos y 14 menores en una escuela de Florida fue el punto de partida de un posible camino hacia la implementaci\\u00f3n de nuevas leyes que regulen el uso de armas en el pa\\u00eds.\",\"inLanguage\":\"es-ES\",\"isPartOf\":{\"@id\":\"https:\\\/\\\/www.eldigitaldeasturias.com\\\/noticias\\\/#website\"},\"breadcrumb\":{\"@id\":\"https:\\\/\\\/www.eldigitaldeasturias.com\\\/noticias\\\/de-la-masacre-a-la-protesta-el-camino-contra-el-uso-de-armas-en-los-estados-unidos\\\/#breadcrumblist\"},\"author\":{\"@id\":\"https:\\\/\\\/www.eldigitaldeasturias.com\\\/noticias\\\/author\\\/admin\\\/#author\"},\"creator\":{\"@id\":\"https:\\\/\\\/www.eldigitaldeasturias.com\\\/noticias\\\/author\\\/admin\\\/#author\"},\"image\":{\"@type\":\"ImageObject\",\"url\":973115,\"@id\":\"https:\\\/\\\/www.eldigitaldeasturias.com\\\/noticias\\\/de-la-masacre-a-la-protesta-el-camino-contra-el-uso-de-armas-en-los-estados-unidos\\\/#mainImage\"},\"primaryImageOfPage\":{\"@id\":\"https:\\\/\\\/www.eldigitaldeasturias.com\\\/noticias\\\/de-la-masacre-a-la-protesta-el-camino-contra-el-uso-de-armas-en-los-estados-unidos\\\/#mainImage\"},\"datePublished\":\"2018-03-23T21:38:51+01:00\",\"dateModified\":\"2018-03-23T21:38:51+01:00\"},{\"@type\":\"WebSite\",\"@id\":\"https:\\\/\\\/www.eldigitaldeasturias.com\\\/noticias\\\/#website\",\"url\":\"https:\\\/\\\/www.eldigitaldeasturias.com\\\/noticias\\\/\",\"name\":\"El Digital de Asturias - Diario de actualidad y noticias\",\"alternateName\":\"El Digital de Asturias - Diario de actualidad y noticias\",\"description\":\"Hemeroteca\",\"inLanguage\":\"es-ES\",\"publisher\":{\"@id\":\"https:\\\/\\\/www.eldigitaldeasturias.com\\\/noticias\\\/#organization\"}}]}\n\t\t<\/script>\n\t\t<!-- All in One SEO Pro -->\r\n\t\t<title>De la masacre a la protesta: El camino contra el uso de armas en los Estados Unidos - El Digital de Asturias<\/title>\n\n","aioseo_head_json":{"title":"De la masacre a la protesta: El camino contra el uso de armas en los Estados Unidos - El Digital de Asturias","description":"Miami, 23 mar (dpa) \u2013 La masacre que el pasado 14 de febrero sacudi\u00f3 a Estados Unidos con la muerte de tres adultos y 14 menores en una escuela de Florida fue el punto de partida de un posible camino hacia la implementaci\u00f3n de nuevas leyes que regulen el uso de armas en el pa\u00eds.","canonical_url":"https:\/\/www.eldigitaldeasturias.com\/noticias\/de-la-masacre-a-la-protesta-el-camino-contra-el-uso-de-armas-en-los-estados-unidos\/","robots":"max-image-preview:large","keywords":"actualidad","webmasterTools":{"google-site-verification":"UA-38556648-1","msvalidate.01":"7dfe9f3f1b24437ab69f4f2559babe99","miscellaneous":""},"schema":{"@context":"https:\/\/schema.org","@graph":[{"@type":"BlogPosting","@id":"https:\/\/www.eldigitaldeasturias.com\/noticias\/de-la-masacre-a-la-protesta-el-camino-contra-el-uso-de-armas-en-los-estados-unidos\/#blogposting","name":"De la masacre a la protesta: El camino contra el uso de armas en los Estados Unidos - El Digital de Asturias","headline":"De la masacre a la protesta: El camino contra el uso de armas en los Estados Unidos","author":{"@id":"https:\/\/www.eldigitaldeasturias.com\/noticias\/author\/admin\/#author"},"publisher":{"@id":"https:\/\/www.eldigitaldeasturias.com\/noticias\/#organization"},"image":{"@type":"ImageObject","url":973115},"datePublished":"2018-03-23T21:38:51+01:00","dateModified":"2018-03-23T21:38:51+01:00","inLanguage":"es-ES","mainEntityOfPage":{"@id":"https:\/\/www.eldigitaldeasturias.com\/noticias\/de-la-masacre-a-la-protesta-el-camino-contra-el-uso-de-armas-en-los-estados-unidos\/#webpage"},"isPartOf":{"@id":"https:\/\/www.eldigitaldeasturias.com\/noticias\/de-la-masacre-a-la-protesta-el-camino-contra-el-uso-de-armas-en-los-estados-unidos\/#webpage"},"articleSection":"Actualidad"},{"@type":"BreadcrumbList","@id":"https:\/\/www.eldigitaldeasturias.com\/noticias\/de-la-masacre-a-la-protesta-el-camino-contra-el-uso-de-armas-en-los-estados-unidos\/#breadcrumblist","itemListElement":[{"@type":"ListItem","@id":"https:\/\/www.eldigitaldeasturias.com\/noticias#listItem","position":1,"name":"Home","item":"https:\/\/www.eldigitaldeasturias.com\/noticias","nextItem":{"@type":"ListItem","@id":"https:\/\/www.eldigitaldeasturias.com\/noticias\/category\/actualidad\/#listItem","name":"Actualidad"}},{"@type":"ListItem","@id":"https:\/\/www.eldigitaldeasturias.com\/noticias\/category\/actualidad\/#listItem","position":2,"name":"Actualidad","item":"https:\/\/www.eldigitaldeasturias.com\/noticias\/category\/actualidad\/","nextItem":{"@type":"ListItem","@id":"https:\/\/www.eldigitaldeasturias.com\/noticias\/de-la-masacre-a-la-protesta-el-camino-contra-el-uso-de-armas-en-los-estados-unidos\/#listItem","name":"De la masacre a la protesta: El camino contra el uso de armas en los Estados Unidos"},"previousItem":{"@type":"ListItem","@id":"https:\/\/www.eldigitaldeasturias.com\/noticias#listItem","name":"Home"}},{"@type":"ListItem","@id":"https:\/\/www.eldigitaldeasturias.com\/noticias\/de-la-masacre-a-la-protesta-el-camino-contra-el-uso-de-armas-en-los-estados-unidos\/#listItem","position":3,"name":"De la masacre a la protesta: El camino contra el uso de armas en los Estados Unidos","previousItem":{"@type":"ListItem","@id":"https:\/\/www.eldigitaldeasturias.com\/noticias\/category\/actualidad\/#listItem","name":"Actualidad"}}]},{"@type":"Organization","@id":"https:\/\/www.eldigitaldeasturias.com\/noticias\/#organization","name":"El Digital de Asturias","description":"Hemeroteca","url":"https:\/\/www.eldigitaldeasturias.com\/noticias\/","email":"info@eldigitaldeasturias.com","telephone":"+34652131393","logo":{"@type":"ImageObject","url":"https:\/\/www.eldigitaldeasturias.com\/noticias\/wp-content\/uploads\/2020\/12\/EDA.jpg","@id":"https:\/\/www.eldigitaldeasturias.com\/noticias\/de-la-masacre-a-la-protesta-el-camino-contra-el-uso-de-armas-en-los-estados-unidos\/#organizationLogo"},"image":{"@id":"https:\/\/www.eldigitaldeasturias.com\/noticias\/de-la-masacre-a-la-protesta-el-camino-contra-el-uso-de-armas-en-los-estados-unidos\/#organizationLogo"},"sameAs":["https:\/\/facebook.com\/eldigitaldeasturias","https:\/\/www.youtube.com\/channel\/UCZP-2wLEB9Rv6erhFmqVnvg"],"address":{"@id":"https:\/\/www.eldigitaldeasturias.com\/noticias\/#postaladdress","@type":"PostalAddress","streetAddress":"san antonio 4","postalCode":"33430","addressLocality":"Cand\u00e1s","addressRegion":"Asturias","addressCountry":"ES"}},{"@type":"Person","@id":"https:\/\/www.eldigitaldeasturias.com\/noticias\/author\/admin\/#author","url":"https:\/\/www.eldigitaldeasturias.com\/noticias\/author\/admin\/","name":"El Digital de Asturias","image":{"@type":"ImageObject","@id":"https:\/\/www.eldigitaldeasturias.com\/noticias\/de-la-masacre-a-la-protesta-el-camino-contra-el-uso-de-armas-en-los-estados-unidos\/#authorImage","url":"https:\/\/secure.gravatar.com\/avatar\/df2aeffc32bcd13f8d26072ef8a91b623d677766deac7f97ca815868cd41bf5e?s=96&d=mm&r=g","width":96,"height":96,"caption":"El Digital de Asturias"}},{"@type":"WebPage","@id":"https:\/\/www.eldigitaldeasturias.com\/noticias\/de-la-masacre-a-la-protesta-el-camino-contra-el-uso-de-armas-en-los-estados-unidos\/#webpage","url":"https:\/\/www.eldigitaldeasturias.com\/noticias\/de-la-masacre-a-la-protesta-el-camino-contra-el-uso-de-armas-en-los-estados-unidos\/","name":"De la masacre a la protesta: El camino contra el uso de armas en los Estados Unidos - El Digital de Asturias","description":"Miami, 23 mar (dpa) \u2013 La masacre que el pasado 14 de febrero sacudi\u00f3 a Estados Unidos con la muerte de tres adultos y 14 menores en una escuela de Florida fue el punto de partida de un posible camino hacia la implementaci\u00f3n de nuevas leyes que regulen el uso de armas en el pa\u00eds.","inLanguage":"es-ES","isPartOf":{"@id":"https:\/\/www.eldigitaldeasturias.com\/noticias\/#website"},"breadcrumb":{"@id":"https:\/\/www.eldigitaldeasturias.com\/noticias\/de-la-masacre-a-la-protesta-el-camino-contra-el-uso-de-armas-en-los-estados-unidos\/#breadcrumblist"},"author":{"@id":"https:\/\/www.eldigitaldeasturias.com\/noticias\/author\/admin\/#author"},"creator":{"@id":"https:\/\/www.eldigitaldeasturias.com\/noticias\/author\/admin\/#author"},"image":{"@type":"ImageObject","url":973115,"@id":"https:\/\/www.eldigitaldeasturias.com\/noticias\/de-la-masacre-a-la-protesta-el-camino-contra-el-uso-de-armas-en-los-estados-unidos\/#mainImage"},"primaryImageOfPage":{"@id":"https:\/\/www.eldigitaldeasturias.com\/noticias\/de-la-masacre-a-la-protesta-el-camino-contra-el-uso-de-armas-en-los-estados-unidos\/#mainImage"},"datePublished":"2018-03-23T21:38:51+01:00","dateModified":"2018-03-23T21:38:51+01:00"},{"@type":"WebSite","@id":"https:\/\/www.eldigitaldeasturias.com\/noticias\/#website","url":"https:\/\/www.eldigitaldeasturias.com\/noticias\/","name":"El Digital de Asturias - Diario de actualidad y noticias","alternateName":"El Digital de Asturias - Diario de actualidad y noticias","description":"Hemeroteca","inLanguage":"es-ES","publisher":{"@id":"https:\/\/www.eldigitaldeasturias.com\/noticias\/#organization"}}]},"og:locale":"es_ES","og:site_name":"El Digital de Asturias","og:type":"article","og:title":"De la masacre a la protesta: El camino contra el uso de armas en los Estados Unidos - El Digital de Asturias","og:description":"Miami, 23 mar (dpa) \u2013 La masacre que el pasado 14 de febrero sacudi\u00f3 a Estados Unidos con la muerte de tres adultos y 14 menores en una escuela de Florida fue el punto de partida de un posible camino hacia la implementaci\u00f3n de nuevas leyes que regulen el uso de armas en el pa\u00eds.","og:url":"https:\/\/www.eldigitaldeasturias.com\/noticias\/de-la-masacre-a-la-protesta-el-camino-contra-el-uso-de-armas-en-los-estados-unidos\/","article:tag":["actualidad"],"article:published_time":"2018-03-23T21:38:51+00:00","article:modified_time":"2018-03-23T21:38:51+00:00","article:publisher":"https:\/\/facebook.com\/eldigitaldeasturias","twitter:card":"summary_large_image","twitter:title":"De la masacre a la protesta: El camino contra el uso de armas en los Estados Unidos - El Digital de Asturias","twitter:description":"Miami, 23 mar (dpa) \u2013 La masacre que el pasado 14 de febrero sacudi\u00f3 a Estados Unidos con la muerte de tres adultos y 14 menores en una escuela de Florida fue el punto de partida de un posible camino hacia la implementaci\u00f3n de nuevas leyes que regulen el uso de armas en el pa\u00eds.","twitter:image":"https:\/\/www.eldigitaldeasturias.com\/noticias\/wp-content\/uploads\/2020\/12\/EDA-1.jpg","twitter:label1":"Escrito por","twitter:data1":"El Digital de Asturias","twitter:label2":"Tiempo de lectura estimado","twitter:data2":"4 minutos"},"aioseo_meta_data":{"post_id":"973205","title":null,"description":null,"keywords":null,"keyphrases":null,"primary_term":null,"canonical_url":null,"og_title":null,"og_description":null,"og_object_type":"default","og_image_type":"default","og_image_url":null,"og_image_width":null,"og_image_height":null,"og_image_custom_url":null,"og_image_custom_fields":null,"og_video":null,"og_custom_url":null,"og_article_section":null,"og_article_tags":null,"twitter_use_og":false,"twitter_card":"default","twitter_image_type":"default","twitter_image_url":null,"twitter_image_custom_url":null,"twitter_image_custom_fields":null,"twitter_title":null,"twitter_description":null,"schema":{"blockGraphs":[],"customGraphs":[],"default":{"data":{"Article":[],"Course":[],"Dataset":[],"FAQPage":[],"Movie":[],"Person":[],"Product":[],"ProductReview":[],"Car":[],"Recipe":[],"Service":[],"SoftwareApplication":[],"WebPage":[]},"graphName":"","isEnabled":true},"graphs":[],"defaultGraph":"","defaultPostTypeGraph":""},"schema_type":null,"schema_type_options":null,"pillar_content":false,"robots_default":true,"robots_noindex":false,"robots_noarchive":false,"robots_nosnippet":false,"robots_nofollow":false,"robots_noimageindex":false,"robots_noodp":false,"robots_notranslate":false,"robots_max_snippet":null,"robots_max_videopreview":null,"robots_max_imagepreview":"large","priority":null,"frequency":null,"local_seo":null,"seo_analyzer_scan_date":"2025-10-07 15:31:07","breadcrumb_settings":null,"limit_modified_date":false,"open_ai":null,"ai":null,"created":"2020-12-21 12:16:39","updated":"2025-10-07 15:31:07","focus_keyword":null,"additional_keywords":null,"truseo_locale":null},"aioseo_breadcrumb":"<div class=\"aioseo-breadcrumbs\"><span class=\"aioseo-breadcrumb\">\n\t<a href=\"https:\/\/www.eldigitaldeasturias.com\/noticias\" title=\"Home\">Home<\/a>\n<\/span><span class=\"aioseo-breadcrumb-separator\">\u2013<\/span><span class=\"aioseo-breadcrumb\">\n\t<a href=\"https:\/\/www.eldigitaldeasturias.com\/noticias\/category\/actualidad\/\" title=\"Actualidad\">Actualidad<\/a>\n<\/span><span class=\"aioseo-breadcrumb-separator\">\u2013<\/span><span class=\"aioseo-breadcrumb\">\n\t<a href=\"https:\/\/www.eldigitaldeasturias.com\/noticias\/de-la-masacre-a-la-protesta-el-camino-contra-el-uso-de-armas-en-los-estados-unidos\/\" title=\"De la masacre a la protesta: El camino contra el uso de armas en los Estados Unidos\">De la masacre a la protesta: El camino contra el uso de armas en los Estados Unidos<\/a>\n<\/span><\/div>","aioseo_breadcrumb_json":[{"label":"Home","link":"https:\/\/www.eldigitaldeasturias.com\/noticias"},{"label":"Actualidad","link":"https:\/\/www.eldigitaldeasturias.com\/noticias\/category\/actualidad\/"},{"label":"De la masacre a la protesta: El camino contra el uso de armas en los Estados Unidos","link":"https:\/\/www.eldigitaldeasturias.com\/noticias\/de-la-masacre-a-la-protesta-el-camino-contra-el-uso-de-armas-en-los-estados-unidos\/"}],"_links":{"self":[{"href":"https:\/\/www.eldigitaldeasturias.com\/noticias\/wp-json\/wp\/v2\/posts\/973205","targetHints":{"allow":["GET"]}}],"collection":[{"href":"https:\/\/www.eldigitaldeasturias.com\/noticias\/wp-json\/wp\/v2\/posts"}],"about":[{"href":"https:\/\/www.eldigitaldeasturias.com\/noticias\/wp-json\/wp\/v2\/types\/post"}],"author":[{"embeddable":true,"href":"https:\/\/www.eldigitaldeasturias.com\/noticias\/wp-json\/wp\/v2\/users\/1"}],"replies":[{"embeddable":true,"href":"https:\/\/www.eldigitaldeasturias.com\/noticias\/wp-json\/wp\/v2\/comments?post=973205"}],"version-history":[{"count":0,"href":"https:\/\/www.eldigitaldeasturias.com\/noticias\/wp-json\/wp\/v2\/posts\/973205\/revisions"}],"wp:attachment":[{"href":"https:\/\/www.eldigitaldeasturias.com\/noticias\/wp-json\/wp\/v2\/media?parent=973205"}],"wp:term":[{"taxonomy":"category","embeddable":true,"href":"https:\/\/www.eldigitaldeasturias.com\/noticias\/wp-json\/wp\/v2\/categories?post=973205"},{"taxonomy":"post_tag","embeddable":true,"href":"https:\/\/www.eldigitaldeasturias.com\/noticias\/wp-json\/wp\/v2\/tags?post=973205"}],"curies":[{"name":"wp","href":"https:\/\/api.w.org\/{rel}","templated":true}]}}