{"id":973199,"date":"2018-03-23T20:25:01","date_gmt":"2018-03-23T20:25:01","guid":{"rendered":"http:\/\/www.eldigitaldeasturias.com\/noticias\/?p=973199"},"modified":"2018-03-23T20:25:01","modified_gmt":"2018-03-23T20:25:01","slug":"la-union-europea-lanza-duras-criticas-a-turquia","status":"publish","type":"post","link":"https:\/\/www.eldigitaldeasturias.com\/noticias\/la-union-europea-lanza-duras-criticas-a-turquia\/","title":{"rendered":"La Uni\u00f3n Europea lanza duras cr\u00edticas a Turqu\u00eda"},"content":{"rendered":"<p><img loading=\"lazy\" decoding=\"async\" class=\"alignleft size-medium wp-image-872935\" src=\"https:\/\/www.eldigitaldeasturias.com\/noticias\/wp-content\/uploads\/2016\/04\/erdogan-360x198.jpg\" alt=\"\" width=\"360\" height=\"198\" \/>Bruselas\/Ankara, 23 mar (dpa) &#8211; Los pa\u00edses miembros de la Uni\u00f3n Europea (UE) dirigieron hoy duras cr\u00edticas a Turqu\u00eda por la actuaci\u00f3n de su Marina en el Mediterr\u00e1neo oriental y expresaron su profunda preocupaci\u00f3n por la continua detenci\u00f3n de ciudadanos comunitarios en el pa\u00eds euroasi\u00e1tico.<\/p>\n<p>\u00abEl Consejo Europeo condena en t\u00e9rminos en\u00e9rgicos la actuaci\u00f3n ilegal de Turqu\u00eda en el Mediterr\u00e1neo oriental y en el mar Egeo\u00bb, se\u00f1ala una declaraci\u00f3n adoptada durante la cumbre de los jefes de Estado y de Gobierno de la UE en Bruselas.<\/p>\n<p>El Ministerio turco de Relaciones Exteriores reaccion\u00f3 indignado. El portavoz del ministerio, Hami Aksoy, dijo seg\u00fan la agencia estatal de noticias Anadolu que la declaraci\u00f3n contiene \u00abafirmaciones inaceptables\u00bb.<\/p>\n<p>Con su declaraci\u00f3n, la UE reaccion\u00f3 a la detenci\u00f3n de dos soldados griegos en la frontera entre Grecia y Turqu\u00eda y el despliegue de buques de guerra turcos para impedir que Chipre realice actividades de exploraci\u00f3n de gas en sus aguas territoriales. Los l\u00edderes europeos exigieron a Turqu\u00eda que ponga fin a este bloqueo.<\/p>\n<p>Respecto de Chipre, el portavoz turco consider\u00f3 que \u00abla UE ha perdido totalmente su imparcialidad. \u00abEl hecho de que la UE tome este tipo de decisiones cuando nosotros intentamos crear una agenda positiva con la UE naturalmente no va a producir resultados constructivos\u00bb, se\u00f1al\u00f3 Aksoy.<\/p>\n<p>Las relaciones entre la UE y Turqu\u00eda son extremadamente tensas desde el fallido golpe de Estado de julio de 2015, cuando el Gobierno turco comenz\u00f3 a perseguir masivamente a simpatizantes del cl\u00e9rigo Fethullah G\u00fclen, autoexiliado en Estados Unidos, a quien Ankara responsabiliza por la intentona golpista.<\/p>\n<p>La UE congel\u00f3 las negociaciones con Turqu\u00eda sobre una futura adhesi\u00f3n al bloque comunitario y aplaz\u00f3 las proyectadas conversaciones sobre una profundizaci\u00f3n de la uni\u00f3n aduanera con este pa\u00eds.<\/p>\n<p>Para el pr\u00f3ximo lunes est\u00e1 programada en la ciudad b\u00falgara de Varna una reuni\u00f3n cumbre entre la UE y Turqu\u00eda, en la que el presidente de la Comisi\u00f3n Europea, Jean-Claude Juncker, y el presidente del Consejo Europeo, Donald Tusk, quer\u00edan rebajar un poco las tensiones entre las dos partes.<\/p>\n","protected":false},"excerpt":{"rendered":"<p>Bruselas\/Ankara, 23 mar (dpa) &#8211; Los pa\u00edses miembros de la Uni\u00f3n Europea (UE) dirigieron hoy duras cr\u00edticas a Turqu\u00eda por la actuaci\u00f3n de su Marina en el Mediterr\u00e1neo oriental y expresaron su profunda preocupaci\u00f3n por la continua detenci\u00f3n de ciudadanos comunitarios en el pa\u00eds euroasi\u00e1tico. \u00abEl Consejo Europeo condena en t\u00e9rminos en\u00e9rgicos la actuaci\u00f3n ilegal [&hellip;]<\/p>\n","protected":false},"author":1,"featured_media":872935,"comment_status":"closed","ping_status":"closed","sticky":false,"template":"","format":"standard","meta":{"footnotes":""},"categories":[1],"tags":[],"class_list":["post-973199","post","type-post","status-publish","format-standard","has-post-thumbnail","hentry","category-actualidad"],"aioseo_notices":[],"aioseo_head":"\n\t\t<!-- All in One SEO Pro 5.0.1 - aioseo.com -->\n\t<meta name=\"description\" content=\"Bruselas\/Ankara, 23 mar (dpa) - Los pa\u00edses miembros de la Uni\u00f3n Europea (UE) dirigieron hoy duras cr\u00edticas a Turqu\u00eda por la actuaci\u00f3n de su Marina en el Mediterr\u00e1neo oriental y expresaron su profunda preocupaci\u00f3n por la continua detenci\u00f3n de ciudadanos comunitarios en el pa\u00eds euroasi\u00e1tico. &quot;El Consejo Europeo condena en t\u00e9rminos en\u00e9rgicos la actuaci\u00f3n ilegal\" \/>\n\t<meta name=\"robots\" content=\"max-image-preview:large\" \/>\n\t<meta name=\"author\" content=\"El Digital de Asturias\"\/>\n\t<meta name=\"google-site-verification\" content=\"UA-38556648-1\" \/>\n\t<meta name=\"msvalidate.01\" content=\"7dfe9f3f1b24437ab69f4f2559babe99\" \/>\n\t<meta name=\"keywords\" content=\"actualidad\" \/>\n\t<link rel=\"canonical\" href=\"https:\/\/www.eldigitaldeasturias.com\/noticias\/la-union-europea-lanza-duras-criticas-a-turquia\/\" \/>\n\t<meta name=\"generator\" content=\"All in One SEO Pro (AIOSEO) 5.0.1\" \/>\n\t\t<meta property=\"og:locale\" content=\"es_ES\" \/>\n\t\t<meta property=\"og:site_name\" content=\"El Digital de Asturias\" \/>\n\t\t<meta property=\"og:type\" content=\"article\" \/>\n\t\t<meta property=\"og:title\" content=\"La Uni\u00f3n Europea lanza duras cr\u00edticas a Turqu\u00eda - El Digital de Asturias\" \/>\n\t\t<meta property=\"og:description\" content=\"Bruselas\/Ankara, 23 mar (dpa) - Los pa\u00edses miembros de la Uni\u00f3n Europea (UE) dirigieron hoy duras cr\u00edticas a Turqu\u00eda por la actuaci\u00f3n de su Marina en el Mediterr\u00e1neo oriental y expresaron su profunda preocupaci\u00f3n por la continua detenci\u00f3n de ciudadanos comunitarios en el pa\u00eds euroasi\u00e1tico. &quot;El Consejo Europeo condena en t\u00e9rminos en\u00e9rgicos la actuaci\u00f3n ilegal\" \/>\n\t\t<meta property=\"og:url\" content=\"https:\/\/www.eldigitaldeasturias.com\/noticias\/la-union-europea-lanza-duras-criticas-a-turquia\/\" \/>\n\t\t<meta property=\"article:tag\" content=\"actualidad\" \/>\n\t\t<meta property=\"article:published_time\" content=\"2018-03-23T20:25:01+00:00\" \/>\n\t\t<meta property=\"article:modified_time\" content=\"2018-03-23T20:25:01+00:00\" \/>\n\t\t<meta property=\"article:publisher\" content=\"https:\/\/facebook.com\/eldigitaldeasturias\" \/>\n\t\t<meta name=\"twitter:card\" content=\"summary_large_image\" \/>\n\t\t<meta name=\"twitter:title\" content=\"La Uni\u00f3n Europea lanza duras cr\u00edticas a Turqu\u00eda - El Digital de Asturias\" \/>\n\t\t<meta name=\"twitter:description\" content=\"Bruselas\/Ankara, 23 mar (dpa) - Los pa\u00edses miembros de la Uni\u00f3n Europea (UE) dirigieron hoy duras cr\u00edticas a Turqu\u00eda por la actuaci\u00f3n de su Marina en el Mediterr\u00e1neo oriental y expresaron su profunda preocupaci\u00f3n por la continua detenci\u00f3n de ciudadanos comunitarios en el pa\u00eds euroasi\u00e1tico. &quot;El Consejo Europeo condena en t\u00e9rminos en\u00e9rgicos la actuaci\u00f3n ilegal\" \/>\n\t\t<meta name=\"twitter:image\" content=\"https:\/\/www.eldigitaldeasturias.com\/noticias\/wp-content\/uploads\/2020\/12\/EDA-1.jpg\" \/>\n\t\t<meta name=\"twitter:label1\" content=\"Escrito por\" \/>\n\t\t<meta name=\"twitter:data1\" content=\"El Digital de Asturias\" \/>\n\t\t<meta name=\"twitter:label2\" content=\"Tiempo de lectura estimado\" \/>\n\t\t<meta name=\"twitter:data2\" content=\"2 minutos\" \/>\n\t\t<script type=\"application\/ld+json\" class=\"aioseo-schema\">\n\t\t\t{\"@context\":\"https:\\\/\\\/schema.org\",\"@graph\":[{\"@type\":\"BlogPosting\",\"@id\":\"https:\\\/\\\/www.eldigitaldeasturias.com\\\/noticias\\\/la-union-europea-lanza-duras-criticas-a-turquia\\\/#blogposting\",\"name\":\"La Uni\\u00f3n Europea lanza duras cr\\u00edticas a Turqu\\u00eda - El Digital de Asturias\",\"headline\":\"La Uni\\u00f3n Europea lanza duras cr\\u00edticas a Turqu\\u00eda\",\"author\":{\"@id\":\"https:\\\/\\\/www.eldigitaldeasturias.com\\\/noticias\\\/author\\\/admin\\\/#author\"},\"publisher\":{\"@id\":\"https:\\\/\\\/www.eldigitaldeasturias.com\\\/noticias\\\/#organization\"},\"image\":{\"@type\":\"ImageObject\",\"url\":872935},\"datePublished\":\"2018-03-23T20:25:01+01:00\",\"dateModified\":\"2018-03-23T20:25:01+01:00\",\"inLanguage\":\"es-ES\",\"mainEntityOfPage\":{\"@id\":\"https:\\\/\\\/www.eldigitaldeasturias.com\\\/noticias\\\/la-union-europea-lanza-duras-criticas-a-turquia\\\/#webpage\"},\"isPartOf\":{\"@id\":\"https:\\\/\\\/www.eldigitaldeasturias.com\\\/noticias\\\/la-union-europea-lanza-duras-criticas-a-turquia\\\/#webpage\"},\"articleSection\":\"Actualidad\"},{\"@type\":\"BreadcrumbList\",\"@id\":\"https:\\\/\\\/www.eldigitaldeasturias.com\\\/noticias\\\/la-union-europea-lanza-duras-criticas-a-turquia\\\/#breadcrumblist\",\"itemListElement\":[{\"@type\":\"ListItem\",\"@id\":\"https:\\\/\\\/www.eldigitaldeasturias.com\\\/noticias#listItem\",\"position\":1,\"name\":\"Home\",\"item\":\"https:\\\/\\\/www.eldigitaldeasturias.com\\\/noticias\",\"nextItem\":{\"@type\":\"ListItem\",\"@id\":\"https:\\\/\\\/www.eldigitaldeasturias.com\\\/noticias\\\/category\\\/actualidad\\\/#listItem\",\"name\":\"Actualidad\"}},{\"@type\":\"ListItem\",\"@id\":\"https:\\\/\\\/www.eldigitaldeasturias.com\\\/noticias\\\/category\\\/actualidad\\\/#listItem\",\"position\":2,\"name\":\"Actualidad\",\"item\":\"https:\\\/\\\/www.eldigitaldeasturias.com\\\/noticias\\\/category\\\/actualidad\\\/\",\"nextItem\":{\"@type\":\"ListItem\",\"@id\":\"https:\\\/\\\/www.eldigitaldeasturias.com\\\/noticias\\\/la-union-europea-lanza-duras-criticas-a-turquia\\\/#listItem\",\"name\":\"La Uni\\u00f3n Europea lanza duras cr\\u00edticas a Turqu\\u00eda\"},\"previousItem\":{\"@type\":\"ListItem\",\"@id\":\"https:\\\/\\\/www.eldigitaldeasturias.com\\\/noticias#listItem\",\"name\":\"Home\"}},{\"@type\":\"ListItem\",\"@id\":\"https:\\\/\\\/www.eldigitaldeasturias.com\\\/noticias\\\/la-union-europea-lanza-duras-criticas-a-turquia\\\/#listItem\",\"position\":3,\"name\":\"La Uni\\u00f3n Europea lanza duras cr\\u00edticas a Turqu\\u00eda\",\"previousItem\":{\"@type\":\"ListItem\",\"@id\":\"https:\\\/\\\/www.eldigitaldeasturias.com\\\/noticias\\\/category\\\/actualidad\\\/#listItem\",\"name\":\"Actualidad\"}}]},{\"@type\":\"Organization\",\"@id\":\"https:\\\/\\\/www.eldigitaldeasturias.com\\\/noticias\\\/#organization\",\"name\":\"El Digital de Asturias\",\"description\":\"Hemeroteca\",\"url\":\"https:\\\/\\\/www.eldigitaldeasturias.com\\\/noticias\\\/\",\"email\":\"info@eldigitaldeasturias.com\",\"telephone\":\"+34652131393\",\"logo\":{\"@type\":\"ImageObject\",\"url\":\"https:\\\/\\\/www.eldigitaldeasturias.com\\\/noticias\\\/wp-content\\\/uploads\\\/2020\\\/12\\\/EDA.jpg\",\"@id\":\"https:\\\/\\\/www.eldigitaldeasturias.com\\\/noticias\\\/la-union-europea-lanza-duras-criticas-a-turquia\\\/#organizationLogo\"},\"image\":{\"@id\":\"https:\\\/\\\/www.eldigitaldeasturias.com\\\/noticias\\\/la-union-europea-lanza-duras-criticas-a-turquia\\\/#organizationLogo\"},\"sameAs\":[\"https:\\\/\\\/facebook.com\\\/eldigitaldeasturias\",\"https:\\\/\\\/www.youtube.com\\\/channel\\\/UCZP-2wLEB9Rv6erhFmqVnvg\"],\"address\":{\"@id\":\"https:\\\/\\\/www.eldigitaldeasturias.com\\\/noticias\\\/#postaladdress\",\"@type\":\"PostalAddress\",\"streetAddress\":\"san antonio 4\",\"postalCode\":\"33430\",\"addressLocality\":\"Cand\\u00e1s\",\"addressRegion\":\"Asturias\",\"addressCountry\":\"ES\"}},{\"@type\":\"Person\",\"@id\":\"https:\\\/\\\/www.eldigitaldeasturias.com\\\/noticias\\\/author\\\/admin\\\/#author\",\"url\":\"https:\\\/\\\/www.eldigitaldeasturias.com\\\/noticias\\\/author\\\/admin\\\/\",\"name\":\"El Digital de Asturias\",\"image\":{\"@type\":\"ImageObject\",\"@id\":\"https:\\\/\\\/www.eldigitaldeasturias.com\\\/noticias\\\/la-union-europea-lanza-duras-criticas-a-turquia\\\/#authorImage\",\"url\":\"https:\\\/\\\/secure.gravatar.com\\\/avatar\\\/df2aeffc32bcd13f8d26072ef8a91b623d677766deac7f97ca815868cd41bf5e?s=96&d=mm&r=g\",\"width\":96,\"height\":96,\"caption\":\"El Digital de Asturias\"}},{\"@type\":\"WebPage\",\"@id\":\"https:\\\/\\\/www.eldigitaldeasturias.com\\\/noticias\\\/la-union-europea-lanza-duras-criticas-a-turquia\\\/#webpage\",\"url\":\"https:\\\/\\\/www.eldigitaldeasturias.com\\\/noticias\\\/la-union-europea-lanza-duras-criticas-a-turquia\\\/\",\"name\":\"La Uni\\u00f3n Europea lanza duras cr\\u00edticas a Turqu\\u00eda - El Digital de Asturias\",\"description\":\"Bruselas\\\/Ankara, 23 mar (dpa) - Los pa\\u00edses miembros de la Uni\\u00f3n Europea (UE) dirigieron hoy duras cr\\u00edticas a Turqu\\u00eda por la actuaci\\u00f3n de su Marina en el Mediterr\\u00e1neo oriental y expresaron su profunda preocupaci\\u00f3n por la continua detenci\\u00f3n de ciudadanos comunitarios en el pa\\u00eds euroasi\\u00e1tico. \\\"El Consejo Europeo condena en t\\u00e9rminos en\\u00e9rgicos la actuaci\\u00f3n ilegal\",\"inLanguage\":\"es-ES\",\"isPartOf\":{\"@id\":\"https:\\\/\\\/www.eldigitaldeasturias.com\\\/noticias\\\/#website\"},\"breadcrumb\":{\"@id\":\"https:\\\/\\\/www.eldigitaldeasturias.com\\\/noticias\\\/la-union-europea-lanza-duras-criticas-a-turquia\\\/#breadcrumblist\"},\"author\":{\"@id\":\"https:\\\/\\\/www.eldigitaldeasturias.com\\\/noticias\\\/author\\\/admin\\\/#author\"},\"creator\":{\"@id\":\"https:\\\/\\\/www.eldigitaldeasturias.com\\\/noticias\\\/author\\\/admin\\\/#author\"},\"image\":{\"@type\":\"ImageObject\",\"url\":872935,\"@id\":\"https:\\\/\\\/www.eldigitaldeasturias.com\\\/noticias\\\/la-union-europea-lanza-duras-criticas-a-turquia\\\/#mainImage\"},\"primaryImageOfPage\":{\"@id\":\"https:\\\/\\\/www.eldigitaldeasturias.com\\\/noticias\\\/la-union-europea-lanza-duras-criticas-a-turquia\\\/#mainImage\"},\"datePublished\":\"2018-03-23T20:25:01+01:00\",\"dateModified\":\"2018-03-23T20:25:01+01:00\"},{\"@type\":\"WebSite\",\"@id\":\"https:\\\/\\\/www.eldigitaldeasturias.com\\\/noticias\\\/#website\",\"url\":\"https:\\\/\\\/www.eldigitaldeasturias.com\\\/noticias\\\/\",\"name\":\"El Digital de Asturias - Diario de actualidad y noticias\",\"alternateName\":\"El Digital de Asturias - Diario de actualidad y noticias\",\"description\":\"Hemeroteca\",\"inLanguage\":\"es-ES\",\"publisher\":{\"@id\":\"https:\\\/\\\/www.eldigitaldeasturias.com\\\/noticias\\\/#organization\"}}]}\n\t\t<\/script>\n\t\t<!-- All in One SEO Pro -->\r\n\t\t<title>La Uni\u00f3n Europea lanza duras cr\u00edticas a Turqu\u00eda - El Digital de Asturias<\/title>\n\n","aioseo_head_json":{"title":"La Uni\u00f3n Europea lanza duras cr\u00edticas a Turqu\u00eda - El Digital de Asturias","description":"Bruselas\/Ankara, 23 mar (dpa) - Los pa\u00edses miembros de la Uni\u00f3n Europea (UE) dirigieron hoy duras cr\u00edticas a Turqu\u00eda por la actuaci\u00f3n de su Marina en el Mediterr\u00e1neo oriental y expresaron su profunda preocupaci\u00f3n por la continua detenci\u00f3n de ciudadanos comunitarios en el pa\u00eds euroasi\u00e1tico. \"El Consejo Europeo condena en t\u00e9rminos en\u00e9rgicos la actuaci\u00f3n ilegal","canonical_url":"https:\/\/www.eldigitaldeasturias.com\/noticias\/la-union-europea-lanza-duras-criticas-a-turquia\/","robots":"max-image-preview:large","keywords":"actualidad","webmasterTools":{"google-site-verification":"UA-38556648-1","msvalidate.01":"7dfe9f3f1b24437ab69f4f2559babe99","miscellaneous":""},"schema":{"@context":"https:\/\/schema.org","@graph":[{"@type":"BlogPosting","@id":"https:\/\/www.eldigitaldeasturias.com\/noticias\/la-union-europea-lanza-duras-criticas-a-turquia\/#blogposting","name":"La Uni\u00f3n Europea lanza duras cr\u00edticas a Turqu\u00eda - El Digital de Asturias","headline":"La Uni\u00f3n Europea lanza duras cr\u00edticas a Turqu\u00eda","author":{"@id":"https:\/\/www.eldigitaldeasturias.com\/noticias\/author\/admin\/#author"},"publisher":{"@id":"https:\/\/www.eldigitaldeasturias.com\/noticias\/#organization"},"image":{"@type":"ImageObject","url":872935},"datePublished":"2018-03-23T20:25:01+01:00","dateModified":"2018-03-23T20:25:01+01:00","inLanguage":"es-ES","mainEntityOfPage":{"@id":"https:\/\/www.eldigitaldeasturias.com\/noticias\/la-union-europea-lanza-duras-criticas-a-turquia\/#webpage"},"isPartOf":{"@id":"https:\/\/www.eldigitaldeasturias.com\/noticias\/la-union-europea-lanza-duras-criticas-a-turquia\/#webpage"},"articleSection":"Actualidad"},{"@type":"BreadcrumbList","@id":"https:\/\/www.eldigitaldeasturias.com\/noticias\/la-union-europea-lanza-duras-criticas-a-turquia\/#breadcrumblist","itemListElement":[{"@type":"ListItem","@id":"https:\/\/www.eldigitaldeasturias.com\/noticias#listItem","position":1,"name":"Home","item":"https:\/\/www.eldigitaldeasturias.com\/noticias","nextItem":{"@type":"ListItem","@id":"https:\/\/www.eldigitaldeasturias.com\/noticias\/category\/actualidad\/#listItem","name":"Actualidad"}},{"@type":"ListItem","@id":"https:\/\/www.eldigitaldeasturias.com\/noticias\/category\/actualidad\/#listItem","position":2,"name":"Actualidad","item":"https:\/\/www.eldigitaldeasturias.com\/noticias\/category\/actualidad\/","nextItem":{"@type":"ListItem","@id":"https:\/\/www.eldigitaldeasturias.com\/noticias\/la-union-europea-lanza-duras-criticas-a-turquia\/#listItem","name":"La Uni\u00f3n Europea lanza duras cr\u00edticas a Turqu\u00eda"},"previousItem":{"@type":"ListItem","@id":"https:\/\/www.eldigitaldeasturias.com\/noticias#listItem","name":"Home"}},{"@type":"ListItem","@id":"https:\/\/www.eldigitaldeasturias.com\/noticias\/la-union-europea-lanza-duras-criticas-a-turquia\/#listItem","position":3,"name":"La Uni\u00f3n Europea lanza duras cr\u00edticas a Turqu\u00eda","previousItem":{"@type":"ListItem","@id":"https:\/\/www.eldigitaldeasturias.com\/noticias\/category\/actualidad\/#listItem","name":"Actualidad"}}]},{"@type":"Organization","@id":"https:\/\/www.eldigitaldeasturias.com\/noticias\/#organization","name":"El Digital de Asturias","description":"Hemeroteca","url":"https:\/\/www.eldigitaldeasturias.com\/noticias\/","email":"info@eldigitaldeasturias.com","telephone":"+34652131393","logo":{"@type":"ImageObject","url":"https:\/\/www.eldigitaldeasturias.com\/noticias\/wp-content\/uploads\/2020\/12\/EDA.jpg","@id":"https:\/\/www.eldigitaldeasturias.com\/noticias\/la-union-europea-lanza-duras-criticas-a-turquia\/#organizationLogo"},"image":{"@id":"https:\/\/www.eldigitaldeasturias.com\/noticias\/la-union-europea-lanza-duras-criticas-a-turquia\/#organizationLogo"},"sameAs":["https:\/\/facebook.com\/eldigitaldeasturias","https:\/\/www.youtube.com\/channel\/UCZP-2wLEB9Rv6erhFmqVnvg"],"address":{"@id":"https:\/\/www.eldigitaldeasturias.com\/noticias\/#postaladdress","@type":"PostalAddress","streetAddress":"san antonio 4","postalCode":"33430","addressLocality":"Cand\u00e1s","addressRegion":"Asturias","addressCountry":"ES"}},{"@type":"Person","@id":"https:\/\/www.eldigitaldeasturias.com\/noticias\/author\/admin\/#author","url":"https:\/\/www.eldigitaldeasturias.com\/noticias\/author\/admin\/","name":"El Digital de Asturias","image":{"@type":"ImageObject","@id":"https:\/\/www.eldigitaldeasturias.com\/noticias\/la-union-europea-lanza-duras-criticas-a-turquia\/#authorImage","url":"https:\/\/secure.gravatar.com\/avatar\/df2aeffc32bcd13f8d26072ef8a91b623d677766deac7f97ca815868cd41bf5e?s=96&d=mm&r=g","width":96,"height":96,"caption":"El Digital de Asturias"}},{"@type":"WebPage","@id":"https:\/\/www.eldigitaldeasturias.com\/noticias\/la-union-europea-lanza-duras-criticas-a-turquia\/#webpage","url":"https:\/\/www.eldigitaldeasturias.com\/noticias\/la-union-europea-lanza-duras-criticas-a-turquia\/","name":"La Uni\u00f3n Europea lanza duras cr\u00edticas a Turqu\u00eda - El Digital de Asturias","description":"Bruselas\/Ankara, 23 mar (dpa) - Los pa\u00edses miembros de la Uni\u00f3n Europea (UE) dirigieron hoy duras cr\u00edticas a Turqu\u00eda por la actuaci\u00f3n de su Marina en el Mediterr\u00e1neo oriental y expresaron su profunda preocupaci\u00f3n por la continua detenci\u00f3n de ciudadanos comunitarios en el pa\u00eds euroasi\u00e1tico. \"El Consejo Europeo condena en t\u00e9rminos en\u00e9rgicos la actuaci\u00f3n ilegal","inLanguage":"es-ES","isPartOf":{"@id":"https:\/\/www.eldigitaldeasturias.com\/noticias\/#website"},"breadcrumb":{"@id":"https:\/\/www.eldigitaldeasturias.com\/noticias\/la-union-europea-lanza-duras-criticas-a-turquia\/#breadcrumblist"},"author":{"@id":"https:\/\/www.eldigitaldeasturias.com\/noticias\/author\/admin\/#author"},"creator":{"@id":"https:\/\/www.eldigitaldeasturias.com\/noticias\/author\/admin\/#author"},"image":{"@type":"ImageObject","url":872935,"@id":"https:\/\/www.eldigitaldeasturias.com\/noticias\/la-union-europea-lanza-duras-criticas-a-turquia\/#mainImage"},"primaryImageOfPage":{"@id":"https:\/\/www.eldigitaldeasturias.com\/noticias\/la-union-europea-lanza-duras-criticas-a-turquia\/#mainImage"},"datePublished":"2018-03-23T20:25:01+01:00","dateModified":"2018-03-23T20:25:01+01:00"},{"@type":"WebSite","@id":"https:\/\/www.eldigitaldeasturias.com\/noticias\/#website","url":"https:\/\/www.eldigitaldeasturias.com\/noticias\/","name":"El Digital de Asturias - Diario de actualidad y noticias","alternateName":"El Digital de Asturias - Diario de actualidad y noticias","description":"Hemeroteca","inLanguage":"es-ES","publisher":{"@id":"https:\/\/www.eldigitaldeasturias.com\/noticias\/#organization"}}]},"og:locale":"es_ES","og:site_name":"El Digital de Asturias","og:type":"article","og:title":"La Uni\u00f3n Europea lanza duras cr\u00edticas a Turqu\u00eda - El Digital de Asturias","og:description":"Bruselas\/Ankara, 23 mar (dpa) - Los pa\u00edses miembros de la Uni\u00f3n Europea (UE) dirigieron hoy duras cr\u00edticas a Turqu\u00eda por la actuaci\u00f3n de su Marina en el Mediterr\u00e1neo oriental y expresaron su profunda preocupaci\u00f3n por la continua detenci\u00f3n de ciudadanos comunitarios en el pa\u00eds euroasi\u00e1tico. &quot;El Consejo Europeo condena en t\u00e9rminos en\u00e9rgicos la actuaci\u00f3n ilegal","og:url":"https:\/\/www.eldigitaldeasturias.com\/noticias\/la-union-europea-lanza-duras-criticas-a-turquia\/","article:tag":["actualidad"],"article:published_time":"2018-03-23T20:25:01+00:00","article:modified_time":"2018-03-23T20:25:01+00:00","article:publisher":"https:\/\/facebook.com\/eldigitaldeasturias","twitter:card":"summary_large_image","twitter:title":"La Uni\u00f3n Europea lanza duras cr\u00edticas a Turqu\u00eda - El Digital de Asturias","twitter:description":"Bruselas\/Ankara, 23 mar (dpa) - Los pa\u00edses miembros de la Uni\u00f3n Europea (UE) dirigieron hoy duras cr\u00edticas a Turqu\u00eda por la actuaci\u00f3n de su Marina en el Mediterr\u00e1neo oriental y expresaron su profunda preocupaci\u00f3n por la continua detenci\u00f3n de ciudadanos comunitarios en el pa\u00eds euroasi\u00e1tico. &quot;El Consejo Europeo condena en t\u00e9rminos en\u00e9rgicos la actuaci\u00f3n ilegal","twitter:image":"https:\/\/www.eldigitaldeasturias.com\/noticias\/wp-content\/uploads\/2020\/12\/EDA-1.jpg","twitter:label1":"Escrito por","twitter:data1":"El Digital de Asturias","twitter:label2":"Tiempo de lectura estimado","twitter:data2":"2 minutos"},"aioseo_meta_data":{"post_id":"973199","title":null,"description":null,"keywords":null,"keyphrases":null,"primary_term":null,"canonical_url":null,"og_title":null,"og_description":null,"og_object_type":"default","og_image_type":"default","og_image_url":null,"og_image_width":null,"og_image_height":null,"og_image_custom_url":null,"og_image_custom_fields":null,"og_video":null,"og_custom_url":null,"og_article_section":null,"og_article_tags":null,"twitter_use_og":false,"twitter_card":"default","twitter_image_type":"default","twitter_image_url":null,"twitter_image_custom_url":null,"twitter_image_custom_fields":null,"twitter_title":null,"twitter_description":null,"schema":{"blockGraphs":[],"customGraphs":[],"default":{"data":{"Article":[],"Course":[],"Dataset":[],"FAQPage":[],"Movie":[],"Person":[],"Product":[],"ProductReview":[],"Car":[],"Recipe":[],"Service":[],"SoftwareApplication":[],"WebPage":[]},"graphName":"","isEnabled":true},"graphs":[],"defaultGraph":"","defaultPostTypeGraph":""},"schema_type":null,"schema_type_options":null,"pillar_content":false,"robots_default":true,"robots_noindex":false,"robots_noarchive":false,"robots_nosnippet":false,"robots_nofollow":false,"robots_noimageindex":false,"robots_noodp":false,"robots_notranslate":false,"robots_max_snippet":null,"robots_max_videopreview":null,"robots_max_imagepreview":"large","priority":null,"frequency":null,"local_seo":null,"seo_analyzer_scan_date":"2025-10-07 15:29:07","breadcrumb_settings":null,"limit_modified_date":false,"open_ai":null,"ai":null,"created":"2020-12-21 12:16:39","updated":"2025-10-07 15:29:07","focus_keyword":null,"additional_keywords":null,"truseo_locale":null},"aioseo_breadcrumb":"<div class=\"aioseo-breadcrumbs\"><span class=\"aioseo-breadcrumb\">\n\t<a href=\"https:\/\/www.eldigitaldeasturias.com\/noticias\" title=\"Home\">Home<\/a>\n<\/span><span class=\"aioseo-breadcrumb-separator\">\u2013<\/span><span class=\"aioseo-breadcrumb\">\n\t<a href=\"https:\/\/www.eldigitaldeasturias.com\/noticias\/category\/actualidad\/\" title=\"Actualidad\">Actualidad<\/a>\n<\/span><span class=\"aioseo-breadcrumb-separator\">\u2013<\/span><span class=\"aioseo-breadcrumb\">\n\t<a href=\"https:\/\/www.eldigitaldeasturias.com\/noticias\/la-union-europea-lanza-duras-criticas-a-turquia\/\" title=\"La Uni\u00f3n Europea lanza duras cr\u00edticas a Turqu\u00eda\">La Uni\u00f3n Europea lanza duras cr\u00edticas a Turqu\u00eda<\/a>\n<\/span><\/div>","aioseo_breadcrumb_json":[{"label":"Home","link":"https:\/\/www.eldigitaldeasturias.com\/noticias"},{"label":"Actualidad","link":"https:\/\/www.eldigitaldeasturias.com\/noticias\/category\/actualidad\/"},{"label":"La Uni\u00f3n Europea lanza duras cr\u00edticas a Turqu\u00eda","link":"https:\/\/www.eldigitaldeasturias.com\/noticias\/la-union-europea-lanza-duras-criticas-a-turquia\/"}],"_links":{"self":[{"href":"https:\/\/www.eldigitaldeasturias.com\/noticias\/wp-json\/wp\/v2\/posts\/973199","targetHints":{"allow":["GET"]}}],"collection":[{"href":"https:\/\/www.eldigitaldeasturias.com\/noticias\/wp-json\/wp\/v2\/posts"}],"about":[{"href":"https:\/\/www.eldigitaldeasturias.com\/noticias\/wp-json\/wp\/v2\/types\/post"}],"author":[{"embeddable":true,"href":"https:\/\/www.eldigitaldeasturias.com\/noticias\/wp-json\/wp\/v2\/users\/1"}],"replies":[{"embeddable":true,"href":"https:\/\/www.eldigitaldeasturias.com\/noticias\/wp-json\/wp\/v2\/comments?post=973199"}],"version-history":[{"count":0,"href":"https:\/\/www.eldigitaldeasturias.com\/noticias\/wp-json\/wp\/v2\/posts\/973199\/revisions"}],"wp:attachment":[{"href":"https:\/\/www.eldigitaldeasturias.com\/noticias\/wp-json\/wp\/v2\/media?parent=973199"}],"wp:term":[{"taxonomy":"category","embeddable":true,"href":"https:\/\/www.eldigitaldeasturias.com\/noticias\/wp-json\/wp\/v2\/categories?post=973199"},{"taxonomy":"post_tag","embeddable":true,"href":"https:\/\/www.eldigitaldeasturias.com\/noticias\/wp-json\/wp\/v2\/tags?post=973199"}],"curies":[{"name":"wp","href":"https:\/\/api.w.org\/{rel}","templated":true}]}}