{"id":973114,"date":"2018-03-22T19:49:48","date_gmt":"2018-03-22T19:49:48","guid":{"rendered":"http:\/\/www.eldigitaldeasturias.com\/noticias\/?p=973114"},"modified":"2018-03-22T19:49:48","modified_gmt":"2018-03-22T19:49:48","slug":"marchapornuestrasvidas-una-protesta-mundial-contra-el-uso-de-armas","status":"publish","type":"post","link":"https:\/\/www.eldigitaldeasturias.com\/noticias\/marchapornuestrasvidas-una-protesta-mundial-contra-el-uso-de-armas\/","title":{"rendered":"#MarchaPorNuestrasVidas: Una protesta mundial contra el uso de armas"},"content":{"rendered":"<p><img loading=\"lazy\" decoding=\"async\" class=\"alignleft size-medium wp-image-973115\" src=\"https:\/\/www.eldigitaldeasturias.com\/noticias\/wp-content\/uploads\/2018\/03\/cartridges-2166491_1280-360x203.jpg\" alt=\"\" width=\"360\" height=\"203\" \/>Miami, 22 mar (dpa) \u2013 La #MarchaPorNuestrasVidas, liderada por supervivientes de la masacre del D\u00eda de San Valent\u00edn que dej\u00f3 17 muertos en una secundaria de Florida, ser\u00e1 una realidad el s\u00e1bado cuando miles de ni\u00f1os, j\u00f3venes, padres de familia y artistas en todo Estados Unidos y el mundo digan al un\u00edsono \u00abnunca m\u00e1s\u00bb.<\/p>\n<p>En Washington se concentrar\u00e1 la manifestaci\u00f3n que tendr\u00e1 r\u00e9plicas en unas 800 ciudades de M\u00e9xico, Canad\u00e1, Colombia, Puerto Rico, Nicaragua, Argentina, Chile, Espa\u00f1a, Italia, Francia, Alemania, Reino Unido, Noruega, Rumania, India, Vietnam, Filipinas, China, entre otros pa\u00edses.<\/p>\n<p>La idea que naci\u00f3 en la sala de la casa de Cameron Kasky, uno de los supervivientes del tiroteo que el 14 de febrero sacudi\u00f3 a la comunidad de Parkland, una peque\u00f1a localidad del sur de Florida ubicada a unos 58 kil\u00f3metros al norte de Miami, hizo la diferencia entre las anteriores masacres.<\/p>\n<p>Nikolas Cruz, un ex alumno de la secundaria Marjory Stoneman Douglas (MSD), ingres\u00f3 al campus con un fusil AR-15 y abri\u00f3 fuego por m\u00e1s de cinco minutos. El joven de 19 a\u00f1os mat\u00f3 a tres profesores y 14 menores y ahora desde la c\u00e1rcel enfrenta una posible pena de muerte.<\/p>\n<p>Sin embargo, para Parkland el castigo no es suficiente. La comunidad comenz\u00f3 unida a llamar la atenci\u00f3n y cara a cara, padres de varias de las v\u00edctimas junto a supervivientes, pidieron al presidente Donald Trump algo m\u00e1s que mensajes de p\u00e9same.<\/p>\n<p>\u00abNecesitamos parar la violencia armada en nuestro pa\u00eds\u00bb, dijo Cary Gruber, padre de uno de los alumnos del MSD quien adem\u00e1s rog\u00f3 al mandatario trabajar con ambos partidos para implementar mayor control en la venta de armas.<\/p>\n<p>\u00abSi no puedes comprar una cerveza, no deber\u00edas poder adquirir un arma de fuego\u00bb, indic\u00f3 Gruber al referirse a la facilidad con la que un joven de 18 a\u00f1os puede comprar legalmente un arma en el pa\u00eds pero no puede ingerir alcohol.<\/p>\n<p>Por eso, en medio del dolor, la impotencia y el shock por las p\u00e9rdidas, Kasky y sus amigos Emma Gonz\u00e1lez, David Hogg, Alex Wind, Jaclyn Corin y varios otros plantearon crear un movimiento en contra del uso de armas.<\/p>\n<p>Los medios enfocaron su atenci\u00f3n en los discursos de los j\u00f3venes que pronto se convirtieron en tendencia en las redes sociales y tuvieron un efecto casi viral. La imagen de Gonz\u00e1lez, una joven con la cabeza rapada y un aspecto rebelde pidiendo con l\u00e1grimas un freno al uso de armas en su pa\u00eds, dio en horas la vuelta al mundo.<\/p>\n<p>\u00abNecesitamos poner atenci\u00f3n en el hecho de que esto no es solo un problema de salud mental. \u00c9l (Nikolas) no hubiera podido hacer da\u00f1o a tantos estudiantes con un cuchillo\u00bb, grit\u00f3 en medio de los aplausos la joven de 18 a\u00f1os, quien despu\u00e9s de su discurso logr\u00f3 m\u00e1s de un mill\u00f3n de seguidores en Twitter.<\/p>\n<p>Ellos se autodenominan \u00abla generaci\u00f3n de los tiroteos en masa\u00bb y por eso est\u00e1n convencidos de que se avecinan cambios en las leyes que permiten desde 1791 el uso de armas en su pa\u00eds.<\/p>\n<p>\u00abSomos la generaci\u00f3n que ha tenido que esconderse en closets para esperar que la polic\u00eda entre a rescatarnos o que el tirador entre a dispararnos, somos esos que saben lo que se siente estar en un tiroteo de masas\u00bb, dijo recientemente Kasky en el famoso programa de investigaci\u00f3n \u00ab60 Minutes\u00bb.<\/p>\n<p>Cinco semanas despu\u00e9s de la masacre de la que salieron vivos, han logrado avanzar con pasos de elefante. \u00abEllos tienen un celular en sus manos todo el tiempo y esa es la diferencia. Eso les da un poder que no nos imaginamos\u00bb, consider\u00f3 Manuel Oliver, el padre de una de las v\u00edctimas de Parkland.<\/p>\n<p>No solo cuentan con casi cuatro millones de d\u00f3lares en donaciones, la mayor\u00eda de ellas de Hollywood, y una popularidad arrasadora, sino que adem\u00e1s consiguieron que el Congreso de Florida aprobara algunas reformas en la venta de armas.<\/p>\n<p>Tuvieron tambi\u00e9n de antesala una multitudinaria marcha hace una semana en m\u00e1s de 3.000 escuelas del pa\u00eds. D\u00eda tras d\u00eda los fondos y el apoyo para la protesta han crecido significativamente.<\/p>\n<p>Los j\u00f3venes, que fueron invitados a un foro en la Universidad de Harvard esta semana, contar\u00e1n el d\u00eda de la marcha con presentaciones de Ariana Grande, Miley Cyrus, Demi Lovato y Jennifer Hudson, entre otros.<\/p>\n<p>Por Tatiana Rodr\u00edguez (dpa)<\/p>\n","protected":false},"excerpt":{"rendered":"<p>Miami, 22 mar (dpa) \u2013 La #MarchaPorNuestrasVidas, liderada por supervivientes de la masacre del D\u00eda de San Valent\u00edn que dej\u00f3 17 muertos en una secundaria de Florida, ser\u00e1 una realidad el s\u00e1bado cuando miles de ni\u00f1os, j\u00f3venes, padres de familia y artistas en todo Estados Unidos y el mundo digan al un\u00edsono \u00abnunca m\u00e1s\u00bb. En [&hellip;]<\/p>\n","protected":false},"author":1,"featured_media":973115,"comment_status":"closed","ping_status":"closed","sticky":false,"template":"","format":"standard","meta":{"footnotes":""},"categories":[1],"tags":[],"class_list":["post-973114","post","type-post","status-publish","format-standard","has-post-thumbnail","hentry","category-actualidad"],"aioseo_notices":[],"aioseo_head":"\n\t\t<!-- All in One SEO Pro 5.0.1 - aioseo.com -->\n\t<meta name=\"description\" content=\"Miami, 22 mar (dpa) \u2013 La #MarchaPorNuestrasVidas, liderada por supervivientes de la masacre del D\u00eda de San Valent\u00edn que dej\u00f3 17 muertos en una secundaria de Florida, ser\u00e1 una realidad el s\u00e1bado cuando miles de ni\u00f1os, j\u00f3venes, padres de familia y artistas en todo Estados Unidos y el mundo digan al un\u00edsono &quot;nunca m\u00e1s&quot;. En\" \/>\n\t<meta name=\"robots\" content=\"max-image-preview:large\" \/>\n\t<meta name=\"author\" content=\"El Digital de Asturias\"\/>\n\t<meta name=\"google-site-verification\" content=\"UA-38556648-1\" \/>\n\t<meta name=\"msvalidate.01\" content=\"7dfe9f3f1b24437ab69f4f2559babe99\" \/>\n\t<meta name=\"keywords\" content=\"actualidad\" \/>\n\t<link rel=\"canonical\" href=\"https:\/\/www.eldigitaldeasturias.com\/noticias\/marchapornuestrasvidas-una-protesta-mundial-contra-el-uso-de-armas\/\" \/>\n\t<meta name=\"generator\" content=\"All in One SEO Pro (AIOSEO) 5.0.1\" \/>\n\t\t<meta property=\"og:locale\" content=\"es_ES\" \/>\n\t\t<meta property=\"og:site_name\" content=\"El Digital de Asturias\" \/>\n\t\t<meta property=\"og:type\" content=\"article\" \/>\n\t\t<meta property=\"og:title\" content=\"#MarchaPorNuestrasVidas: Una protesta mundial contra el uso de armas - El Digital de Asturias\" \/>\n\t\t<meta property=\"og:description\" content=\"Miami, 22 mar (dpa) \u2013 La #MarchaPorNuestrasVidas, liderada por supervivientes de la masacre del D\u00eda de San Valent\u00edn que dej\u00f3 17 muertos en una secundaria de Florida, ser\u00e1 una realidad el s\u00e1bado cuando miles de ni\u00f1os, j\u00f3venes, padres de familia y artistas en todo Estados Unidos y el mundo digan al un\u00edsono &quot;nunca m\u00e1s&quot;. En\" \/>\n\t\t<meta property=\"og:url\" content=\"https:\/\/www.eldigitaldeasturias.com\/noticias\/marchapornuestrasvidas-una-protesta-mundial-contra-el-uso-de-armas\/\" \/>\n\t\t<meta property=\"article:tag\" content=\"actualidad\" \/>\n\t\t<meta property=\"article:published_time\" content=\"2018-03-22T19:49:48+00:00\" \/>\n\t\t<meta property=\"article:modified_time\" content=\"2018-03-22T19:49:48+00:00\" \/>\n\t\t<meta property=\"article:publisher\" content=\"https:\/\/facebook.com\/eldigitaldeasturias\" \/>\n\t\t<meta name=\"twitter:card\" content=\"summary_large_image\" \/>\n\t\t<meta name=\"twitter:title\" content=\"#MarchaPorNuestrasVidas: Una protesta mundial contra el uso de armas - El Digital de Asturias\" \/>\n\t\t<meta name=\"twitter:description\" content=\"Miami, 22 mar (dpa) \u2013 La #MarchaPorNuestrasVidas, liderada por supervivientes de la masacre del D\u00eda de San Valent\u00edn que dej\u00f3 17 muertos en una secundaria de Florida, ser\u00e1 una realidad el s\u00e1bado cuando miles de ni\u00f1os, j\u00f3venes, padres de familia y artistas en todo Estados Unidos y el mundo digan al un\u00edsono &quot;nunca m\u00e1s&quot;. En\" \/>\n\t\t<meta name=\"twitter:image\" content=\"https:\/\/www.eldigitaldeasturias.com\/noticias\/wp-content\/uploads\/2020\/12\/EDA-1.jpg\" \/>\n\t\t<meta name=\"twitter:label1\" content=\"Escrito por\" \/>\n\t\t<meta name=\"twitter:data1\" content=\"El Digital de Asturias\" \/>\n\t\t<meta name=\"twitter:label2\" content=\"Tiempo de lectura estimado\" \/>\n\t\t<meta name=\"twitter:data2\" content=\"4 minutos\" \/>\n\t\t<script type=\"application\/ld+json\" class=\"aioseo-schema\">\n\t\t\t{\"@context\":\"https:\\\/\\\/schema.org\",\"@graph\":[{\"@type\":\"BlogPosting\",\"@id\":\"https:\\\/\\\/www.eldigitaldeasturias.com\\\/noticias\\\/marchapornuestrasvidas-una-protesta-mundial-contra-el-uso-de-armas\\\/#blogposting\",\"name\":\"#MarchaPorNuestrasVidas: Una protesta mundial contra el uso de armas - El Digital de Asturias\",\"headline\":\"#MarchaPorNuestrasVidas: Una protesta mundial contra el uso de armas\",\"author\":{\"@id\":\"https:\\\/\\\/www.eldigitaldeasturias.com\\\/noticias\\\/author\\\/admin\\\/#author\"},\"publisher\":{\"@id\":\"https:\\\/\\\/www.eldigitaldeasturias.com\\\/noticias\\\/#organization\"},\"image\":{\"@type\":\"ImageObject\",\"url\":973115},\"datePublished\":\"2018-03-22T19:49:48+01:00\",\"dateModified\":\"2018-03-22T19:49:48+01:00\",\"inLanguage\":\"es-ES\",\"mainEntityOfPage\":{\"@id\":\"https:\\\/\\\/www.eldigitaldeasturias.com\\\/noticias\\\/marchapornuestrasvidas-una-protesta-mundial-contra-el-uso-de-armas\\\/#webpage\"},\"isPartOf\":{\"@id\":\"https:\\\/\\\/www.eldigitaldeasturias.com\\\/noticias\\\/marchapornuestrasvidas-una-protesta-mundial-contra-el-uso-de-armas\\\/#webpage\"},\"articleSection\":\"Actualidad\"},{\"@type\":\"BreadcrumbList\",\"@id\":\"https:\\\/\\\/www.eldigitaldeasturias.com\\\/noticias\\\/marchapornuestrasvidas-una-protesta-mundial-contra-el-uso-de-armas\\\/#breadcrumblist\",\"itemListElement\":[{\"@type\":\"ListItem\",\"@id\":\"https:\\\/\\\/www.eldigitaldeasturias.com\\\/noticias#listItem\",\"position\":1,\"name\":\"Home\",\"item\":\"https:\\\/\\\/www.eldigitaldeasturias.com\\\/noticias\",\"nextItem\":{\"@type\":\"ListItem\",\"@id\":\"https:\\\/\\\/www.eldigitaldeasturias.com\\\/noticias\\\/category\\\/actualidad\\\/#listItem\",\"name\":\"Actualidad\"}},{\"@type\":\"ListItem\",\"@id\":\"https:\\\/\\\/www.eldigitaldeasturias.com\\\/noticias\\\/category\\\/actualidad\\\/#listItem\",\"position\":2,\"name\":\"Actualidad\",\"item\":\"https:\\\/\\\/www.eldigitaldeasturias.com\\\/noticias\\\/category\\\/actualidad\\\/\",\"nextItem\":{\"@type\":\"ListItem\",\"@id\":\"https:\\\/\\\/www.eldigitaldeasturias.com\\\/noticias\\\/marchapornuestrasvidas-una-protesta-mundial-contra-el-uso-de-armas\\\/#listItem\",\"name\":\"#MarchaPorNuestrasVidas: Una protesta mundial contra el uso de armas\"},\"previousItem\":{\"@type\":\"ListItem\",\"@id\":\"https:\\\/\\\/www.eldigitaldeasturias.com\\\/noticias#listItem\",\"name\":\"Home\"}},{\"@type\":\"ListItem\",\"@id\":\"https:\\\/\\\/www.eldigitaldeasturias.com\\\/noticias\\\/marchapornuestrasvidas-una-protesta-mundial-contra-el-uso-de-armas\\\/#listItem\",\"position\":3,\"name\":\"#MarchaPorNuestrasVidas: Una protesta mundial contra el uso de armas\",\"previousItem\":{\"@type\":\"ListItem\",\"@id\":\"https:\\\/\\\/www.eldigitaldeasturias.com\\\/noticias\\\/category\\\/actualidad\\\/#listItem\",\"name\":\"Actualidad\"}}]},{\"@type\":\"Organization\",\"@id\":\"https:\\\/\\\/www.eldigitaldeasturias.com\\\/noticias\\\/#organization\",\"name\":\"El Digital de Asturias\",\"description\":\"Hemeroteca\",\"url\":\"https:\\\/\\\/www.eldigitaldeasturias.com\\\/noticias\\\/\",\"email\":\"info@eldigitaldeasturias.com\",\"telephone\":\"+34652131393\",\"logo\":{\"@type\":\"ImageObject\",\"url\":\"https:\\\/\\\/www.eldigitaldeasturias.com\\\/noticias\\\/wp-content\\\/uploads\\\/2020\\\/12\\\/EDA.jpg\",\"@id\":\"https:\\\/\\\/www.eldigitaldeasturias.com\\\/noticias\\\/marchapornuestrasvidas-una-protesta-mundial-contra-el-uso-de-armas\\\/#organizationLogo\"},\"image\":{\"@id\":\"https:\\\/\\\/www.eldigitaldeasturias.com\\\/noticias\\\/marchapornuestrasvidas-una-protesta-mundial-contra-el-uso-de-armas\\\/#organizationLogo\"},\"sameAs\":[\"https:\\\/\\\/facebook.com\\\/eldigitaldeasturias\",\"https:\\\/\\\/www.youtube.com\\\/channel\\\/UCZP-2wLEB9Rv6erhFmqVnvg\"],\"address\":{\"@id\":\"https:\\\/\\\/www.eldigitaldeasturias.com\\\/noticias\\\/#postaladdress\",\"@type\":\"PostalAddress\",\"streetAddress\":\"san antonio 4\",\"postalCode\":\"33430\",\"addressLocality\":\"Cand\\u00e1s\",\"addressRegion\":\"Asturias\",\"addressCountry\":\"ES\"}},{\"@type\":\"Person\",\"@id\":\"https:\\\/\\\/www.eldigitaldeasturias.com\\\/noticias\\\/author\\\/admin\\\/#author\",\"url\":\"https:\\\/\\\/www.eldigitaldeasturias.com\\\/noticias\\\/author\\\/admin\\\/\",\"name\":\"El Digital de Asturias\",\"image\":{\"@type\":\"ImageObject\",\"@id\":\"https:\\\/\\\/www.eldigitaldeasturias.com\\\/noticias\\\/marchapornuestrasvidas-una-protesta-mundial-contra-el-uso-de-armas\\\/#authorImage\",\"url\":\"https:\\\/\\\/secure.gravatar.com\\\/avatar\\\/df2aeffc32bcd13f8d26072ef8a91b623d677766deac7f97ca815868cd41bf5e?s=96&d=mm&r=g\",\"width\":96,\"height\":96,\"caption\":\"El Digital de Asturias\"}},{\"@type\":\"WebPage\",\"@id\":\"https:\\\/\\\/www.eldigitaldeasturias.com\\\/noticias\\\/marchapornuestrasvidas-una-protesta-mundial-contra-el-uso-de-armas\\\/#webpage\",\"url\":\"https:\\\/\\\/www.eldigitaldeasturias.com\\\/noticias\\\/marchapornuestrasvidas-una-protesta-mundial-contra-el-uso-de-armas\\\/\",\"name\":\"#MarchaPorNuestrasVidas: Una protesta mundial contra el uso de armas - El Digital de Asturias\",\"description\":\"Miami, 22 mar (dpa) \\u2013 La #MarchaPorNuestrasVidas, liderada por supervivientes de la masacre del D\\u00eda de San Valent\\u00edn que dej\\u00f3 17 muertos en una secundaria de Florida, ser\\u00e1 una realidad el s\\u00e1bado cuando miles de ni\\u00f1os, j\\u00f3venes, padres de familia y artistas en todo Estados Unidos y el mundo digan al un\\u00edsono \\\"nunca m\\u00e1s\\\". En\",\"inLanguage\":\"es-ES\",\"isPartOf\":{\"@id\":\"https:\\\/\\\/www.eldigitaldeasturias.com\\\/noticias\\\/#website\"},\"breadcrumb\":{\"@id\":\"https:\\\/\\\/www.eldigitaldeasturias.com\\\/noticias\\\/marchapornuestrasvidas-una-protesta-mundial-contra-el-uso-de-armas\\\/#breadcrumblist\"},\"author\":{\"@id\":\"https:\\\/\\\/www.eldigitaldeasturias.com\\\/noticias\\\/author\\\/admin\\\/#author\"},\"creator\":{\"@id\":\"https:\\\/\\\/www.eldigitaldeasturias.com\\\/noticias\\\/author\\\/admin\\\/#author\"},\"image\":{\"@type\":\"ImageObject\",\"url\":973115,\"@id\":\"https:\\\/\\\/www.eldigitaldeasturias.com\\\/noticias\\\/marchapornuestrasvidas-una-protesta-mundial-contra-el-uso-de-armas\\\/#mainImage\"},\"primaryImageOfPage\":{\"@id\":\"https:\\\/\\\/www.eldigitaldeasturias.com\\\/noticias\\\/marchapornuestrasvidas-una-protesta-mundial-contra-el-uso-de-armas\\\/#mainImage\"},\"datePublished\":\"2018-03-22T19:49:48+01:00\",\"dateModified\":\"2018-03-22T19:49:48+01:00\"},{\"@type\":\"WebSite\",\"@id\":\"https:\\\/\\\/www.eldigitaldeasturias.com\\\/noticias\\\/#website\",\"url\":\"https:\\\/\\\/www.eldigitaldeasturias.com\\\/noticias\\\/\",\"name\":\"El Digital de Asturias - Diario de actualidad y noticias\",\"alternateName\":\"El Digital de Asturias - Diario de actualidad y noticias\",\"description\":\"Hemeroteca\",\"inLanguage\":\"es-ES\",\"publisher\":{\"@id\":\"https:\\\/\\\/www.eldigitaldeasturias.com\\\/noticias\\\/#organization\"}}]}\n\t\t<\/script>\n\t\t<!-- All in One SEO Pro -->\r\n\t\t<title>#MarchaPorNuestrasVidas: Una protesta mundial contra el uso de armas - El Digital de Asturias<\/title>\n\n","aioseo_head_json":{"title":"#MarchaPorNuestrasVidas: Una protesta mundial contra el uso de armas - El Digital de Asturias","description":"Miami, 22 mar (dpa) \u2013 La #MarchaPorNuestrasVidas, liderada por supervivientes de la masacre del D\u00eda de San Valent\u00edn que dej\u00f3 17 muertos en una secundaria de Florida, ser\u00e1 una realidad el s\u00e1bado cuando miles de ni\u00f1os, j\u00f3venes, padres de familia y artistas en todo Estados Unidos y el mundo digan al un\u00edsono \"nunca m\u00e1s\". En","canonical_url":"https:\/\/www.eldigitaldeasturias.com\/noticias\/marchapornuestrasvidas-una-protesta-mundial-contra-el-uso-de-armas\/","robots":"max-image-preview:large","keywords":"actualidad","webmasterTools":{"google-site-verification":"UA-38556648-1","msvalidate.01":"7dfe9f3f1b24437ab69f4f2559babe99","miscellaneous":""},"schema":{"@context":"https:\/\/schema.org","@graph":[{"@type":"BlogPosting","@id":"https:\/\/www.eldigitaldeasturias.com\/noticias\/marchapornuestrasvidas-una-protesta-mundial-contra-el-uso-de-armas\/#blogposting","name":"#MarchaPorNuestrasVidas: Una protesta mundial contra el uso de armas - El Digital de Asturias","headline":"#MarchaPorNuestrasVidas: Una protesta mundial contra el uso de armas","author":{"@id":"https:\/\/www.eldigitaldeasturias.com\/noticias\/author\/admin\/#author"},"publisher":{"@id":"https:\/\/www.eldigitaldeasturias.com\/noticias\/#organization"},"image":{"@type":"ImageObject","url":973115},"datePublished":"2018-03-22T19:49:48+01:00","dateModified":"2018-03-22T19:49:48+01:00","inLanguage":"es-ES","mainEntityOfPage":{"@id":"https:\/\/www.eldigitaldeasturias.com\/noticias\/marchapornuestrasvidas-una-protesta-mundial-contra-el-uso-de-armas\/#webpage"},"isPartOf":{"@id":"https:\/\/www.eldigitaldeasturias.com\/noticias\/marchapornuestrasvidas-una-protesta-mundial-contra-el-uso-de-armas\/#webpage"},"articleSection":"Actualidad"},{"@type":"BreadcrumbList","@id":"https:\/\/www.eldigitaldeasturias.com\/noticias\/marchapornuestrasvidas-una-protesta-mundial-contra-el-uso-de-armas\/#breadcrumblist","itemListElement":[{"@type":"ListItem","@id":"https:\/\/www.eldigitaldeasturias.com\/noticias#listItem","position":1,"name":"Home","item":"https:\/\/www.eldigitaldeasturias.com\/noticias","nextItem":{"@type":"ListItem","@id":"https:\/\/www.eldigitaldeasturias.com\/noticias\/category\/actualidad\/#listItem","name":"Actualidad"}},{"@type":"ListItem","@id":"https:\/\/www.eldigitaldeasturias.com\/noticias\/category\/actualidad\/#listItem","position":2,"name":"Actualidad","item":"https:\/\/www.eldigitaldeasturias.com\/noticias\/category\/actualidad\/","nextItem":{"@type":"ListItem","@id":"https:\/\/www.eldigitaldeasturias.com\/noticias\/marchapornuestrasvidas-una-protesta-mundial-contra-el-uso-de-armas\/#listItem","name":"#MarchaPorNuestrasVidas: Una protesta mundial contra el uso de armas"},"previousItem":{"@type":"ListItem","@id":"https:\/\/www.eldigitaldeasturias.com\/noticias#listItem","name":"Home"}},{"@type":"ListItem","@id":"https:\/\/www.eldigitaldeasturias.com\/noticias\/marchapornuestrasvidas-una-protesta-mundial-contra-el-uso-de-armas\/#listItem","position":3,"name":"#MarchaPorNuestrasVidas: Una protesta mundial contra el uso de armas","previousItem":{"@type":"ListItem","@id":"https:\/\/www.eldigitaldeasturias.com\/noticias\/category\/actualidad\/#listItem","name":"Actualidad"}}]},{"@type":"Organization","@id":"https:\/\/www.eldigitaldeasturias.com\/noticias\/#organization","name":"El Digital de Asturias","description":"Hemeroteca","url":"https:\/\/www.eldigitaldeasturias.com\/noticias\/","email":"info@eldigitaldeasturias.com","telephone":"+34652131393","logo":{"@type":"ImageObject","url":"https:\/\/www.eldigitaldeasturias.com\/noticias\/wp-content\/uploads\/2020\/12\/EDA.jpg","@id":"https:\/\/www.eldigitaldeasturias.com\/noticias\/marchapornuestrasvidas-una-protesta-mundial-contra-el-uso-de-armas\/#organizationLogo"},"image":{"@id":"https:\/\/www.eldigitaldeasturias.com\/noticias\/marchapornuestrasvidas-una-protesta-mundial-contra-el-uso-de-armas\/#organizationLogo"},"sameAs":["https:\/\/facebook.com\/eldigitaldeasturias","https:\/\/www.youtube.com\/channel\/UCZP-2wLEB9Rv6erhFmqVnvg"],"address":{"@id":"https:\/\/www.eldigitaldeasturias.com\/noticias\/#postaladdress","@type":"PostalAddress","streetAddress":"san antonio 4","postalCode":"33430","addressLocality":"Cand\u00e1s","addressRegion":"Asturias","addressCountry":"ES"}},{"@type":"Person","@id":"https:\/\/www.eldigitaldeasturias.com\/noticias\/author\/admin\/#author","url":"https:\/\/www.eldigitaldeasturias.com\/noticias\/author\/admin\/","name":"El Digital de Asturias","image":{"@type":"ImageObject","@id":"https:\/\/www.eldigitaldeasturias.com\/noticias\/marchapornuestrasvidas-una-protesta-mundial-contra-el-uso-de-armas\/#authorImage","url":"https:\/\/secure.gravatar.com\/avatar\/df2aeffc32bcd13f8d26072ef8a91b623d677766deac7f97ca815868cd41bf5e?s=96&d=mm&r=g","width":96,"height":96,"caption":"El Digital de Asturias"}},{"@type":"WebPage","@id":"https:\/\/www.eldigitaldeasturias.com\/noticias\/marchapornuestrasvidas-una-protesta-mundial-contra-el-uso-de-armas\/#webpage","url":"https:\/\/www.eldigitaldeasturias.com\/noticias\/marchapornuestrasvidas-una-protesta-mundial-contra-el-uso-de-armas\/","name":"#MarchaPorNuestrasVidas: Una protesta mundial contra el uso de armas - El Digital de Asturias","description":"Miami, 22 mar (dpa) \u2013 La #MarchaPorNuestrasVidas, liderada por supervivientes de la masacre del D\u00eda de San Valent\u00edn que dej\u00f3 17 muertos en una secundaria de Florida, ser\u00e1 una realidad el s\u00e1bado cuando miles de ni\u00f1os, j\u00f3venes, padres de familia y artistas en todo Estados Unidos y el mundo digan al un\u00edsono \"nunca m\u00e1s\". En","inLanguage":"es-ES","isPartOf":{"@id":"https:\/\/www.eldigitaldeasturias.com\/noticias\/#website"},"breadcrumb":{"@id":"https:\/\/www.eldigitaldeasturias.com\/noticias\/marchapornuestrasvidas-una-protesta-mundial-contra-el-uso-de-armas\/#breadcrumblist"},"author":{"@id":"https:\/\/www.eldigitaldeasturias.com\/noticias\/author\/admin\/#author"},"creator":{"@id":"https:\/\/www.eldigitaldeasturias.com\/noticias\/author\/admin\/#author"},"image":{"@type":"ImageObject","url":973115,"@id":"https:\/\/www.eldigitaldeasturias.com\/noticias\/marchapornuestrasvidas-una-protesta-mundial-contra-el-uso-de-armas\/#mainImage"},"primaryImageOfPage":{"@id":"https:\/\/www.eldigitaldeasturias.com\/noticias\/marchapornuestrasvidas-una-protesta-mundial-contra-el-uso-de-armas\/#mainImage"},"datePublished":"2018-03-22T19:49:48+01:00","dateModified":"2018-03-22T19:49:48+01:00"},{"@type":"WebSite","@id":"https:\/\/www.eldigitaldeasturias.com\/noticias\/#website","url":"https:\/\/www.eldigitaldeasturias.com\/noticias\/","name":"El Digital de Asturias - Diario de actualidad y noticias","alternateName":"El Digital de Asturias - Diario de actualidad y noticias","description":"Hemeroteca","inLanguage":"es-ES","publisher":{"@id":"https:\/\/www.eldigitaldeasturias.com\/noticias\/#organization"}}]},"og:locale":"es_ES","og:site_name":"El Digital de Asturias","og:type":"article","og:title":"#MarchaPorNuestrasVidas: Una protesta mundial contra el uso de armas - El Digital de Asturias","og:description":"Miami, 22 mar (dpa) \u2013 La #MarchaPorNuestrasVidas, liderada por supervivientes de la masacre del D\u00eda de San Valent\u00edn que dej\u00f3 17 muertos en una secundaria de Florida, ser\u00e1 una realidad el s\u00e1bado cuando miles de ni\u00f1os, j\u00f3venes, padres de familia y artistas en todo Estados Unidos y el mundo digan al un\u00edsono &quot;nunca m\u00e1s&quot;. En","og:url":"https:\/\/www.eldigitaldeasturias.com\/noticias\/marchapornuestrasvidas-una-protesta-mundial-contra-el-uso-de-armas\/","article:tag":["actualidad"],"article:published_time":"2018-03-22T19:49:48+00:00","article:modified_time":"2018-03-22T19:49:48+00:00","article:publisher":"https:\/\/facebook.com\/eldigitaldeasturias","twitter:card":"summary_large_image","twitter:title":"#MarchaPorNuestrasVidas: Una protesta mundial contra el uso de armas - El Digital de Asturias","twitter:description":"Miami, 22 mar (dpa) \u2013 La #MarchaPorNuestrasVidas, liderada por supervivientes de la masacre del D\u00eda de San Valent\u00edn que dej\u00f3 17 muertos en una secundaria de Florida, ser\u00e1 una realidad el s\u00e1bado cuando miles de ni\u00f1os, j\u00f3venes, padres de familia y artistas en todo Estados Unidos y el mundo digan al un\u00edsono &quot;nunca m\u00e1s&quot;. En","twitter:image":"https:\/\/www.eldigitaldeasturias.com\/noticias\/wp-content\/uploads\/2020\/12\/EDA-1.jpg","twitter:label1":"Escrito por","twitter:data1":"El Digital de Asturias","twitter:label2":"Tiempo de lectura estimado","twitter:data2":"4 minutos"},"aioseo_meta_data":{"post_id":"973114","title":null,"description":null,"keywords":null,"keyphrases":null,"primary_term":null,"canonical_url":null,"og_title":null,"og_description":null,"og_object_type":"default","og_image_type":"default","og_image_url":null,"og_image_width":null,"og_image_height":null,"og_image_custom_url":null,"og_image_custom_fields":null,"og_video":null,"og_custom_url":null,"og_article_section":null,"og_article_tags":null,"twitter_use_og":false,"twitter_card":"default","twitter_image_type":"default","twitter_image_url":null,"twitter_image_custom_url":null,"twitter_image_custom_fields":null,"twitter_title":null,"twitter_description":null,"schema":{"blockGraphs":[],"customGraphs":[],"default":{"data":{"Article":[],"Course":[],"Dataset":[],"FAQPage":[],"Movie":[],"Person":[],"Product":[],"ProductReview":[],"Car":[],"Recipe":[],"Service":[],"SoftwareApplication":[],"WebPage":[]},"graphName":"","isEnabled":true},"graphs":[],"defaultGraph":"","defaultPostTypeGraph":""},"schema_type":null,"schema_type_options":null,"pillar_content":false,"robots_default":true,"robots_noindex":false,"robots_noarchive":false,"robots_nosnippet":false,"robots_nofollow":false,"robots_noimageindex":false,"robots_noodp":false,"robots_notranslate":false,"robots_max_snippet":null,"robots_max_videopreview":null,"robots_max_imagepreview":"large","priority":null,"frequency":null,"local_seo":null,"seo_analyzer_scan_date":"2025-10-07 15:10:08","breadcrumb_settings":null,"limit_modified_date":false,"open_ai":null,"ai":null,"created":"2020-12-21 12:17:39","updated":"2025-10-07 15:10:08","focus_keyword":null,"additional_keywords":null,"truseo_locale":null},"aioseo_breadcrumb":"<div class=\"aioseo-breadcrumbs\"><span class=\"aioseo-breadcrumb\">\n\t<a href=\"https:\/\/www.eldigitaldeasturias.com\/noticias\" title=\"Home\">Home<\/a>\n<\/span><span class=\"aioseo-breadcrumb-separator\">\u2013<\/span><span class=\"aioseo-breadcrumb\">\n\t<a href=\"https:\/\/www.eldigitaldeasturias.com\/noticias\/category\/actualidad\/\" title=\"Actualidad\">Actualidad<\/a>\n<\/span><span class=\"aioseo-breadcrumb-separator\">\u2013<\/span><span class=\"aioseo-breadcrumb\">\n\t<a href=\"https:\/\/www.eldigitaldeasturias.com\/noticias\/marchapornuestrasvidas-una-protesta-mundial-contra-el-uso-de-armas\/\" title=\"#MarchaPorNuestrasVidas: Una protesta mundial contra el uso de armas\">#MarchaPorNuestrasVidas: Una protesta mundial contra el uso de armas<\/a>\n<\/span><\/div>","aioseo_breadcrumb_json":[{"label":"Home","link":"https:\/\/www.eldigitaldeasturias.com\/noticias"},{"label":"Actualidad","link":"https:\/\/www.eldigitaldeasturias.com\/noticias\/category\/actualidad\/"},{"label":"#MarchaPorNuestrasVidas: Una protesta mundial contra el uso de armas","link":"https:\/\/www.eldigitaldeasturias.com\/noticias\/marchapornuestrasvidas-una-protesta-mundial-contra-el-uso-de-armas\/"}],"_links":{"self":[{"href":"https:\/\/www.eldigitaldeasturias.com\/noticias\/wp-json\/wp\/v2\/posts\/973114","targetHints":{"allow":["GET"]}}],"collection":[{"href":"https:\/\/www.eldigitaldeasturias.com\/noticias\/wp-json\/wp\/v2\/posts"}],"about":[{"href":"https:\/\/www.eldigitaldeasturias.com\/noticias\/wp-json\/wp\/v2\/types\/post"}],"author":[{"embeddable":true,"href":"https:\/\/www.eldigitaldeasturias.com\/noticias\/wp-json\/wp\/v2\/users\/1"}],"replies":[{"embeddable":true,"href":"https:\/\/www.eldigitaldeasturias.com\/noticias\/wp-json\/wp\/v2\/comments?post=973114"}],"version-history":[{"count":0,"href":"https:\/\/www.eldigitaldeasturias.com\/noticias\/wp-json\/wp\/v2\/posts\/973114\/revisions"}],"wp:attachment":[{"href":"https:\/\/www.eldigitaldeasturias.com\/noticias\/wp-json\/wp\/v2\/media?parent=973114"}],"wp:term":[{"taxonomy":"category","embeddable":true,"href":"https:\/\/www.eldigitaldeasturias.com\/noticias\/wp-json\/wp\/v2\/categories?post=973114"},{"taxonomy":"post_tag","embeddable":true,"href":"https:\/\/www.eldigitaldeasturias.com\/noticias\/wp-json\/wp\/v2\/tags?post=973114"}],"curies":[{"name":"wp","href":"https:\/\/api.w.org\/{rel}","templated":true}]}}