{"id":973040,"date":"2018-03-22T13:22:08","date_gmt":"2018-03-22T13:22:08","guid":{"rendered":"http:\/\/www.eldigitaldeasturias.com\/noticias\/?p=973040"},"modified":"2018-03-22T13:22:08","modified_gmt":"2018-03-22T13:22:08","slug":"el-dia-de-las-fuerzas-armadas-se-celebrara-en-logrono","status":"publish","type":"post","link":"https:\/\/www.eldigitaldeasturias.com\/noticias\/el-dia-de-las-fuerzas-armadas-se-celebrara-en-logrono\/","title":{"rendered":"El D\u00eda de las Fuerzas Armadas se celebrar\u00e1 en Logro\u00f1o"},"content":{"rendered":"<p><img loading=\"lazy\" decoding=\"async\" class=\"alignleft size-medium wp-image-973041\" src=\"https:\/\/www.eldigitaldeasturias.com\/noticias\/wp-content\/uploads\/2018\/03\/200318-helicoptero-360x239.jpg\" alt=\"\" width=\"360\" height=\"239\" \/>La ciudad de Logro\u00f1o acoger\u00e1 el pr\u00f3ximo 27 de mayo el acto central institucional del D\u00eda de las Fuerzas Armadas de 2018, que ser\u00e1 presidido por los Reyes don Felipe y do\u00f1a Letizia.<\/p>\n<p>Ser\u00e1 el segundo a\u00f1o consecutivo que el acto central del D\u00eda de las Fuerzas Armadas (DIFAS) se celebre fuera de Madrid, despu\u00e9s de que entre 2012 y 2016 se organizara en la capital.<\/p>\n<p>En 2017, Guadalajara fue la localidad que acogi\u00f3 el desfile terrestre y a\u00e9reo, recuperando la tradici\u00f3n de que la fiesta se desarrolle en distintos lugares del territorio nacional y as\u00ed acercar a los militares a m\u00e1s ciudadanos.<\/p>\n<p><strong>Las FAS en La Rioja<\/strong><\/p>\n<p>En la Comunidad de La Rioja se encuentra el Batall\u00f3n de Helic\u00f3pteros de Maniobra III del Ej\u00e9rcito de Tierra, en el Aer\u00f3dromo de Recajo, m\u00e1s conocido por el nombre de Agoncillo. Equipado con los AS-532 Cougar (HT.27) y UH-1H (HU.10), las posibilidades de este batall\u00f3n abarcan un gran espectro de misiones como las de maniobra, de apoyo log\u00edstico, de mando y control, de guerra electr\u00f3nica, de inteligencia y de apoyos para el fuego.<\/p>\n<p>La celebraci\u00f3n del D\u00eda de las Fuerzas Armadas se remonta a 1978 cuando se estableci\u00f3 por Real Decreto esta conmemoraci\u00f3n anual, \u00abcon el prop\u00f3sito de ampliar la resonancia de la efem\u00e9ride y subrayar la identificaci\u00f3n de los Ej\u00e9rcitos con el pueblo espa\u00f1ol, del que forman parte y al que sirven\u00bb.<\/p>\n","protected":false},"excerpt":{"rendered":"<p>La ciudad de Logro\u00f1o acoger\u00e1 el pr\u00f3ximo 27 de mayo el acto central institucional del D\u00eda de las Fuerzas Armadas de 2018, que ser\u00e1 presidido por los Reyes don Felipe y do\u00f1a Letizia. Ser\u00e1 el segundo a\u00f1o consecutivo que el acto central del D\u00eda de las Fuerzas Armadas (DIFAS) se celebre fuera de Madrid, despu\u00e9s [&hellip;]<\/p>\n","protected":false},"author":1,"featured_media":973041,"comment_status":"closed","ping_status":"closed","sticky":false,"template":"","format":"standard","meta":{"footnotes":""},"categories":[1],"tags":[],"class_list":["post-973040","post","type-post","status-publish","format-standard","has-post-thumbnail","hentry","category-actualidad"],"aioseo_notices":[],"aioseo_head":"\n\t\t<!-- All in One SEO Pro 5.0.1 - aioseo.com -->\n\t<meta name=\"description\" content=\"La ciudad de Logro\u00f1o acoger\u00e1 el pr\u00f3ximo 27 de mayo el acto central institucional del D\u00eda de las Fuerzas Armadas de 2018, que ser\u00e1 presidido por los Reyes don Felipe y do\u00f1a Letizia. Ser\u00e1 el segundo a\u00f1o consecutivo que el acto central del D\u00eda de las Fuerzas Armadas (DIFAS) se celebre fuera de Madrid, despu\u00e9s\" \/>\n\t<meta name=\"robots\" content=\"max-image-preview:large\" \/>\n\t<meta name=\"author\" content=\"El Digital de Asturias\"\/>\n\t<meta name=\"google-site-verification\" content=\"UA-38556648-1\" \/>\n\t<meta name=\"msvalidate.01\" content=\"7dfe9f3f1b24437ab69f4f2559babe99\" \/>\n\t<meta name=\"keywords\" content=\"actualidad\" \/>\n\t<link rel=\"canonical\" href=\"https:\/\/www.eldigitaldeasturias.com\/noticias\/el-dia-de-las-fuerzas-armadas-se-celebrara-en-logrono\/\" \/>\n\t<meta name=\"generator\" content=\"All in One SEO Pro (AIOSEO) 5.0.1\" \/>\n\t\t<meta property=\"og:locale\" content=\"es_ES\" \/>\n\t\t<meta property=\"og:site_name\" content=\"El Digital de Asturias\" \/>\n\t\t<meta property=\"og:type\" content=\"article\" \/>\n\t\t<meta property=\"og:title\" content=\"El D\u00eda de las Fuerzas Armadas se celebrar\u00e1 en Logro\u00f1o - El Digital de Asturias\" \/>\n\t\t<meta property=\"og:description\" content=\"La ciudad de Logro\u00f1o acoger\u00e1 el pr\u00f3ximo 27 de mayo el acto central institucional del D\u00eda de las Fuerzas Armadas de 2018, que ser\u00e1 presidido por los Reyes don Felipe y do\u00f1a Letizia. Ser\u00e1 el segundo a\u00f1o consecutivo que el acto central del D\u00eda de las Fuerzas Armadas (DIFAS) se celebre fuera de Madrid, despu\u00e9s\" \/>\n\t\t<meta property=\"og:url\" content=\"https:\/\/www.eldigitaldeasturias.com\/noticias\/el-dia-de-las-fuerzas-armadas-se-celebrara-en-logrono\/\" \/>\n\t\t<meta property=\"article:tag\" content=\"actualidad\" \/>\n\t\t<meta property=\"article:published_time\" content=\"2018-03-22T13:22:08+00:00\" \/>\n\t\t<meta property=\"article:modified_time\" content=\"2018-03-22T13:22:08+00:00\" \/>\n\t\t<meta property=\"article:publisher\" content=\"https:\/\/facebook.com\/eldigitaldeasturias\" \/>\n\t\t<meta name=\"twitter:card\" content=\"summary_large_image\" \/>\n\t\t<meta name=\"twitter:title\" content=\"El D\u00eda de las Fuerzas Armadas se celebrar\u00e1 en Logro\u00f1o - El Digital de Asturias\" \/>\n\t\t<meta name=\"twitter:description\" content=\"La ciudad de Logro\u00f1o acoger\u00e1 el pr\u00f3ximo 27 de mayo el acto central institucional del D\u00eda de las Fuerzas Armadas de 2018, que ser\u00e1 presidido por los Reyes don Felipe y do\u00f1a Letizia. Ser\u00e1 el segundo a\u00f1o consecutivo que el acto central del D\u00eda de las Fuerzas Armadas (DIFAS) se celebre fuera de Madrid, despu\u00e9s\" \/>\n\t\t<meta name=\"twitter:image\" content=\"https:\/\/www.eldigitaldeasturias.com\/noticias\/wp-content\/uploads\/2020\/12\/EDA-1.jpg\" \/>\n\t\t<meta name=\"twitter:label1\" content=\"Escrito por\" \/>\n\t\t<meta name=\"twitter:data1\" content=\"El Digital de Asturias\" \/>\n\t\t<meta name=\"twitter:label2\" content=\"Tiempo de lectura estimado\" \/>\n\t\t<meta name=\"twitter:data2\" content=\"1 minuto\" \/>\n\t\t<script type=\"application\/ld+json\" class=\"aioseo-schema\">\n\t\t\t{\"@context\":\"https:\\\/\\\/schema.org\",\"@graph\":[{\"@type\":\"BlogPosting\",\"@id\":\"https:\\\/\\\/www.eldigitaldeasturias.com\\\/noticias\\\/el-dia-de-las-fuerzas-armadas-se-celebrara-en-logrono\\\/#blogposting\",\"name\":\"El D\\u00eda de las Fuerzas Armadas se celebrar\\u00e1 en Logro\\u00f1o - El Digital de Asturias\",\"headline\":\"El D\\u00eda de las Fuerzas Armadas se celebrar\\u00e1 en Logro\\u00f1o\",\"author\":{\"@id\":\"https:\\\/\\\/www.eldigitaldeasturias.com\\\/noticias\\\/author\\\/admin\\\/#author\"},\"publisher\":{\"@id\":\"https:\\\/\\\/www.eldigitaldeasturias.com\\\/noticias\\\/#organization\"},\"image\":{\"@type\":\"ImageObject\",\"url\":973041},\"datePublished\":\"2018-03-22T13:22:08+01:00\",\"dateModified\":\"2018-03-22T13:22:08+01:00\",\"inLanguage\":\"es-ES\",\"mainEntityOfPage\":{\"@id\":\"https:\\\/\\\/www.eldigitaldeasturias.com\\\/noticias\\\/el-dia-de-las-fuerzas-armadas-se-celebrara-en-logrono\\\/#webpage\"},\"isPartOf\":{\"@id\":\"https:\\\/\\\/www.eldigitaldeasturias.com\\\/noticias\\\/el-dia-de-las-fuerzas-armadas-se-celebrara-en-logrono\\\/#webpage\"},\"articleSection\":\"Actualidad\"},{\"@type\":\"BreadcrumbList\",\"@id\":\"https:\\\/\\\/www.eldigitaldeasturias.com\\\/noticias\\\/el-dia-de-las-fuerzas-armadas-se-celebrara-en-logrono\\\/#breadcrumblist\",\"itemListElement\":[{\"@type\":\"ListItem\",\"@id\":\"https:\\\/\\\/www.eldigitaldeasturias.com\\\/noticias#listItem\",\"position\":1,\"name\":\"Home\",\"item\":\"https:\\\/\\\/www.eldigitaldeasturias.com\\\/noticias\",\"nextItem\":{\"@type\":\"ListItem\",\"@id\":\"https:\\\/\\\/www.eldigitaldeasturias.com\\\/noticias\\\/category\\\/actualidad\\\/#listItem\",\"name\":\"Actualidad\"}},{\"@type\":\"ListItem\",\"@id\":\"https:\\\/\\\/www.eldigitaldeasturias.com\\\/noticias\\\/category\\\/actualidad\\\/#listItem\",\"position\":2,\"name\":\"Actualidad\",\"item\":\"https:\\\/\\\/www.eldigitaldeasturias.com\\\/noticias\\\/category\\\/actualidad\\\/\",\"nextItem\":{\"@type\":\"ListItem\",\"@id\":\"https:\\\/\\\/www.eldigitaldeasturias.com\\\/noticias\\\/el-dia-de-las-fuerzas-armadas-se-celebrara-en-logrono\\\/#listItem\",\"name\":\"El D\\u00eda de las Fuerzas Armadas se celebrar\\u00e1 en Logro\\u00f1o\"},\"previousItem\":{\"@type\":\"ListItem\",\"@id\":\"https:\\\/\\\/www.eldigitaldeasturias.com\\\/noticias#listItem\",\"name\":\"Home\"}},{\"@type\":\"ListItem\",\"@id\":\"https:\\\/\\\/www.eldigitaldeasturias.com\\\/noticias\\\/el-dia-de-las-fuerzas-armadas-se-celebrara-en-logrono\\\/#listItem\",\"position\":3,\"name\":\"El D\\u00eda de las Fuerzas Armadas se celebrar\\u00e1 en Logro\\u00f1o\",\"previousItem\":{\"@type\":\"ListItem\",\"@id\":\"https:\\\/\\\/www.eldigitaldeasturias.com\\\/noticias\\\/category\\\/actualidad\\\/#listItem\",\"name\":\"Actualidad\"}}]},{\"@type\":\"Organization\",\"@id\":\"https:\\\/\\\/www.eldigitaldeasturias.com\\\/noticias\\\/#organization\",\"name\":\"El Digital de Asturias\",\"description\":\"Hemeroteca\",\"url\":\"https:\\\/\\\/www.eldigitaldeasturias.com\\\/noticias\\\/\",\"email\":\"info@eldigitaldeasturias.com\",\"telephone\":\"+34652131393\",\"logo\":{\"@type\":\"ImageObject\",\"url\":\"https:\\\/\\\/www.eldigitaldeasturias.com\\\/noticias\\\/wp-content\\\/uploads\\\/2020\\\/12\\\/EDA.jpg\",\"@id\":\"https:\\\/\\\/www.eldigitaldeasturias.com\\\/noticias\\\/el-dia-de-las-fuerzas-armadas-se-celebrara-en-logrono\\\/#organizationLogo\"},\"image\":{\"@id\":\"https:\\\/\\\/www.eldigitaldeasturias.com\\\/noticias\\\/el-dia-de-las-fuerzas-armadas-se-celebrara-en-logrono\\\/#organizationLogo\"},\"sameAs\":[\"https:\\\/\\\/facebook.com\\\/eldigitaldeasturias\",\"https:\\\/\\\/www.youtube.com\\\/channel\\\/UCZP-2wLEB9Rv6erhFmqVnvg\"],\"address\":{\"@id\":\"https:\\\/\\\/www.eldigitaldeasturias.com\\\/noticias\\\/#postaladdress\",\"@type\":\"PostalAddress\",\"streetAddress\":\"san antonio 4\",\"postalCode\":\"33430\",\"addressLocality\":\"Cand\\u00e1s\",\"addressRegion\":\"Asturias\",\"addressCountry\":\"ES\"}},{\"@type\":\"Person\",\"@id\":\"https:\\\/\\\/www.eldigitaldeasturias.com\\\/noticias\\\/author\\\/admin\\\/#author\",\"url\":\"https:\\\/\\\/www.eldigitaldeasturias.com\\\/noticias\\\/author\\\/admin\\\/\",\"name\":\"El Digital de Asturias\",\"image\":{\"@type\":\"ImageObject\",\"@id\":\"https:\\\/\\\/www.eldigitaldeasturias.com\\\/noticias\\\/el-dia-de-las-fuerzas-armadas-se-celebrara-en-logrono\\\/#authorImage\",\"url\":\"https:\\\/\\\/secure.gravatar.com\\\/avatar\\\/df2aeffc32bcd13f8d26072ef8a91b623d677766deac7f97ca815868cd41bf5e?s=96&d=mm&r=g\",\"width\":96,\"height\":96,\"caption\":\"El Digital de Asturias\"}},{\"@type\":\"WebPage\",\"@id\":\"https:\\\/\\\/www.eldigitaldeasturias.com\\\/noticias\\\/el-dia-de-las-fuerzas-armadas-se-celebrara-en-logrono\\\/#webpage\",\"url\":\"https:\\\/\\\/www.eldigitaldeasturias.com\\\/noticias\\\/el-dia-de-las-fuerzas-armadas-se-celebrara-en-logrono\\\/\",\"name\":\"El D\\u00eda de las Fuerzas Armadas se celebrar\\u00e1 en Logro\\u00f1o - El Digital de Asturias\",\"description\":\"La ciudad de Logro\\u00f1o acoger\\u00e1 el pr\\u00f3ximo 27 de mayo el acto central institucional del D\\u00eda de las Fuerzas Armadas de 2018, que ser\\u00e1 presidido por los Reyes don Felipe y do\\u00f1a Letizia. Ser\\u00e1 el segundo a\\u00f1o consecutivo que el acto central del D\\u00eda de las Fuerzas Armadas (DIFAS) se celebre fuera de Madrid, despu\\u00e9s\",\"inLanguage\":\"es-ES\",\"isPartOf\":{\"@id\":\"https:\\\/\\\/www.eldigitaldeasturias.com\\\/noticias\\\/#website\"},\"breadcrumb\":{\"@id\":\"https:\\\/\\\/www.eldigitaldeasturias.com\\\/noticias\\\/el-dia-de-las-fuerzas-armadas-se-celebrara-en-logrono\\\/#breadcrumblist\"},\"author\":{\"@id\":\"https:\\\/\\\/www.eldigitaldeasturias.com\\\/noticias\\\/author\\\/admin\\\/#author\"},\"creator\":{\"@id\":\"https:\\\/\\\/www.eldigitaldeasturias.com\\\/noticias\\\/author\\\/admin\\\/#author\"},\"image\":{\"@type\":\"ImageObject\",\"url\":973041,\"@id\":\"https:\\\/\\\/www.eldigitaldeasturias.com\\\/noticias\\\/el-dia-de-las-fuerzas-armadas-se-celebrara-en-logrono\\\/#mainImage\"},\"primaryImageOfPage\":{\"@id\":\"https:\\\/\\\/www.eldigitaldeasturias.com\\\/noticias\\\/el-dia-de-las-fuerzas-armadas-se-celebrara-en-logrono\\\/#mainImage\"},\"datePublished\":\"2018-03-22T13:22:08+01:00\",\"dateModified\":\"2018-03-22T13:22:08+01:00\"},{\"@type\":\"WebSite\",\"@id\":\"https:\\\/\\\/www.eldigitaldeasturias.com\\\/noticias\\\/#website\",\"url\":\"https:\\\/\\\/www.eldigitaldeasturias.com\\\/noticias\\\/\",\"name\":\"El Digital de Asturias - Diario de actualidad y noticias\",\"alternateName\":\"El Digital de Asturias - Diario de actualidad y noticias\",\"description\":\"Hemeroteca\",\"inLanguage\":\"es-ES\",\"publisher\":{\"@id\":\"https:\\\/\\\/www.eldigitaldeasturias.com\\\/noticias\\\/#organization\"}}]}\n\t\t<\/script>\n\t\t<!-- All in One SEO Pro -->\r\n\t\t<title>El D\u00eda de las Fuerzas Armadas se celebrar\u00e1 en Logro\u00f1o - El Digital de Asturias<\/title>\n\n","aioseo_head_json":{"title":"El D\u00eda de las Fuerzas Armadas se celebrar\u00e1 en Logro\u00f1o - El Digital de Asturias","description":"La ciudad de Logro\u00f1o acoger\u00e1 el pr\u00f3ximo 27 de mayo el acto central institucional del D\u00eda de las Fuerzas Armadas de 2018, que ser\u00e1 presidido por los Reyes don Felipe y do\u00f1a Letizia. Ser\u00e1 el segundo a\u00f1o consecutivo que el acto central del D\u00eda de las Fuerzas Armadas (DIFAS) se celebre fuera de Madrid, despu\u00e9s","canonical_url":"https:\/\/www.eldigitaldeasturias.com\/noticias\/el-dia-de-las-fuerzas-armadas-se-celebrara-en-logrono\/","robots":"max-image-preview:large","keywords":"actualidad","webmasterTools":{"google-site-verification":"UA-38556648-1","msvalidate.01":"7dfe9f3f1b24437ab69f4f2559babe99","miscellaneous":""},"schema":{"@context":"https:\/\/schema.org","@graph":[{"@type":"BlogPosting","@id":"https:\/\/www.eldigitaldeasturias.com\/noticias\/el-dia-de-las-fuerzas-armadas-se-celebrara-en-logrono\/#blogposting","name":"El D\u00eda de las Fuerzas Armadas se celebrar\u00e1 en Logro\u00f1o - El Digital de Asturias","headline":"El D\u00eda de las Fuerzas Armadas se celebrar\u00e1 en Logro\u00f1o","author":{"@id":"https:\/\/www.eldigitaldeasturias.com\/noticias\/author\/admin\/#author"},"publisher":{"@id":"https:\/\/www.eldigitaldeasturias.com\/noticias\/#organization"},"image":{"@type":"ImageObject","url":973041},"datePublished":"2018-03-22T13:22:08+01:00","dateModified":"2018-03-22T13:22:08+01:00","inLanguage":"es-ES","mainEntityOfPage":{"@id":"https:\/\/www.eldigitaldeasturias.com\/noticias\/el-dia-de-las-fuerzas-armadas-se-celebrara-en-logrono\/#webpage"},"isPartOf":{"@id":"https:\/\/www.eldigitaldeasturias.com\/noticias\/el-dia-de-las-fuerzas-armadas-se-celebrara-en-logrono\/#webpage"},"articleSection":"Actualidad"},{"@type":"BreadcrumbList","@id":"https:\/\/www.eldigitaldeasturias.com\/noticias\/el-dia-de-las-fuerzas-armadas-se-celebrara-en-logrono\/#breadcrumblist","itemListElement":[{"@type":"ListItem","@id":"https:\/\/www.eldigitaldeasturias.com\/noticias#listItem","position":1,"name":"Home","item":"https:\/\/www.eldigitaldeasturias.com\/noticias","nextItem":{"@type":"ListItem","@id":"https:\/\/www.eldigitaldeasturias.com\/noticias\/category\/actualidad\/#listItem","name":"Actualidad"}},{"@type":"ListItem","@id":"https:\/\/www.eldigitaldeasturias.com\/noticias\/category\/actualidad\/#listItem","position":2,"name":"Actualidad","item":"https:\/\/www.eldigitaldeasturias.com\/noticias\/category\/actualidad\/","nextItem":{"@type":"ListItem","@id":"https:\/\/www.eldigitaldeasturias.com\/noticias\/el-dia-de-las-fuerzas-armadas-se-celebrara-en-logrono\/#listItem","name":"El D\u00eda de las Fuerzas Armadas se celebrar\u00e1 en Logro\u00f1o"},"previousItem":{"@type":"ListItem","@id":"https:\/\/www.eldigitaldeasturias.com\/noticias#listItem","name":"Home"}},{"@type":"ListItem","@id":"https:\/\/www.eldigitaldeasturias.com\/noticias\/el-dia-de-las-fuerzas-armadas-se-celebrara-en-logrono\/#listItem","position":3,"name":"El D\u00eda de las Fuerzas Armadas se celebrar\u00e1 en Logro\u00f1o","previousItem":{"@type":"ListItem","@id":"https:\/\/www.eldigitaldeasturias.com\/noticias\/category\/actualidad\/#listItem","name":"Actualidad"}}]},{"@type":"Organization","@id":"https:\/\/www.eldigitaldeasturias.com\/noticias\/#organization","name":"El Digital de Asturias","description":"Hemeroteca","url":"https:\/\/www.eldigitaldeasturias.com\/noticias\/","email":"info@eldigitaldeasturias.com","telephone":"+34652131393","logo":{"@type":"ImageObject","url":"https:\/\/www.eldigitaldeasturias.com\/noticias\/wp-content\/uploads\/2020\/12\/EDA.jpg","@id":"https:\/\/www.eldigitaldeasturias.com\/noticias\/el-dia-de-las-fuerzas-armadas-se-celebrara-en-logrono\/#organizationLogo"},"image":{"@id":"https:\/\/www.eldigitaldeasturias.com\/noticias\/el-dia-de-las-fuerzas-armadas-se-celebrara-en-logrono\/#organizationLogo"},"sameAs":["https:\/\/facebook.com\/eldigitaldeasturias","https:\/\/www.youtube.com\/channel\/UCZP-2wLEB9Rv6erhFmqVnvg"],"address":{"@id":"https:\/\/www.eldigitaldeasturias.com\/noticias\/#postaladdress","@type":"PostalAddress","streetAddress":"san antonio 4","postalCode":"33430","addressLocality":"Cand\u00e1s","addressRegion":"Asturias","addressCountry":"ES"}},{"@type":"Person","@id":"https:\/\/www.eldigitaldeasturias.com\/noticias\/author\/admin\/#author","url":"https:\/\/www.eldigitaldeasturias.com\/noticias\/author\/admin\/","name":"El Digital de Asturias","image":{"@type":"ImageObject","@id":"https:\/\/www.eldigitaldeasturias.com\/noticias\/el-dia-de-las-fuerzas-armadas-se-celebrara-en-logrono\/#authorImage","url":"https:\/\/secure.gravatar.com\/avatar\/df2aeffc32bcd13f8d26072ef8a91b623d677766deac7f97ca815868cd41bf5e?s=96&d=mm&r=g","width":96,"height":96,"caption":"El Digital de Asturias"}},{"@type":"WebPage","@id":"https:\/\/www.eldigitaldeasturias.com\/noticias\/el-dia-de-las-fuerzas-armadas-se-celebrara-en-logrono\/#webpage","url":"https:\/\/www.eldigitaldeasturias.com\/noticias\/el-dia-de-las-fuerzas-armadas-se-celebrara-en-logrono\/","name":"El D\u00eda de las Fuerzas Armadas se celebrar\u00e1 en Logro\u00f1o - El Digital de Asturias","description":"La ciudad de Logro\u00f1o acoger\u00e1 el pr\u00f3ximo 27 de mayo el acto central institucional del D\u00eda de las Fuerzas Armadas de 2018, que ser\u00e1 presidido por los Reyes don Felipe y do\u00f1a Letizia. Ser\u00e1 el segundo a\u00f1o consecutivo que el acto central del D\u00eda de las Fuerzas Armadas (DIFAS) se celebre fuera de Madrid, despu\u00e9s","inLanguage":"es-ES","isPartOf":{"@id":"https:\/\/www.eldigitaldeasturias.com\/noticias\/#website"},"breadcrumb":{"@id":"https:\/\/www.eldigitaldeasturias.com\/noticias\/el-dia-de-las-fuerzas-armadas-se-celebrara-en-logrono\/#breadcrumblist"},"author":{"@id":"https:\/\/www.eldigitaldeasturias.com\/noticias\/author\/admin\/#author"},"creator":{"@id":"https:\/\/www.eldigitaldeasturias.com\/noticias\/author\/admin\/#author"},"image":{"@type":"ImageObject","url":973041,"@id":"https:\/\/www.eldigitaldeasturias.com\/noticias\/el-dia-de-las-fuerzas-armadas-se-celebrara-en-logrono\/#mainImage"},"primaryImageOfPage":{"@id":"https:\/\/www.eldigitaldeasturias.com\/noticias\/el-dia-de-las-fuerzas-armadas-se-celebrara-en-logrono\/#mainImage"},"datePublished":"2018-03-22T13:22:08+01:00","dateModified":"2018-03-22T13:22:08+01:00"},{"@type":"WebSite","@id":"https:\/\/www.eldigitaldeasturias.com\/noticias\/#website","url":"https:\/\/www.eldigitaldeasturias.com\/noticias\/","name":"El Digital de Asturias - Diario de actualidad y noticias","alternateName":"El Digital de Asturias - Diario de actualidad y noticias","description":"Hemeroteca","inLanguage":"es-ES","publisher":{"@id":"https:\/\/www.eldigitaldeasturias.com\/noticias\/#organization"}}]},"og:locale":"es_ES","og:site_name":"El Digital de Asturias","og:type":"article","og:title":"El D\u00eda de las Fuerzas Armadas se celebrar\u00e1 en Logro\u00f1o - El Digital de Asturias","og:description":"La ciudad de Logro\u00f1o acoger\u00e1 el pr\u00f3ximo 27 de mayo el acto central institucional del D\u00eda de las Fuerzas Armadas de 2018, que ser\u00e1 presidido por los Reyes don Felipe y do\u00f1a Letizia. Ser\u00e1 el segundo a\u00f1o consecutivo que el acto central del D\u00eda de las Fuerzas Armadas (DIFAS) se celebre fuera de Madrid, despu\u00e9s","og:url":"https:\/\/www.eldigitaldeasturias.com\/noticias\/el-dia-de-las-fuerzas-armadas-se-celebrara-en-logrono\/","article:tag":["actualidad"],"article:published_time":"2018-03-22T13:22:08+00:00","article:modified_time":"2018-03-22T13:22:08+00:00","article:publisher":"https:\/\/facebook.com\/eldigitaldeasturias","twitter:card":"summary_large_image","twitter:title":"El D\u00eda de las Fuerzas Armadas se celebrar\u00e1 en Logro\u00f1o - El Digital de Asturias","twitter:description":"La ciudad de Logro\u00f1o acoger\u00e1 el pr\u00f3ximo 27 de mayo el acto central institucional del D\u00eda de las Fuerzas Armadas de 2018, que ser\u00e1 presidido por los Reyes don Felipe y do\u00f1a Letizia. Ser\u00e1 el segundo a\u00f1o consecutivo que el acto central del D\u00eda de las Fuerzas Armadas (DIFAS) se celebre fuera de Madrid, despu\u00e9s","twitter:image":"https:\/\/www.eldigitaldeasturias.com\/noticias\/wp-content\/uploads\/2020\/12\/EDA-1.jpg","twitter:label1":"Escrito por","twitter:data1":"El Digital de Asturias","twitter:label2":"Tiempo de lectura estimado","twitter:data2":"1 minuto"},"aioseo_meta_data":{"post_id":"973040","title":null,"description":null,"keywords":null,"keyphrases":null,"primary_term":null,"canonical_url":null,"og_title":null,"og_description":null,"og_object_type":"default","og_image_type":"default","og_image_url":null,"og_image_width":null,"og_image_height":null,"og_image_custom_url":null,"og_image_custom_fields":null,"og_video":null,"og_custom_url":null,"og_article_section":null,"og_article_tags":null,"twitter_use_og":false,"twitter_card":"default","twitter_image_type":"default","twitter_image_url":null,"twitter_image_custom_url":null,"twitter_image_custom_fields":null,"twitter_title":null,"twitter_description":null,"schema":{"blockGraphs":[],"customGraphs":[],"default":{"data":{"Article":[],"Course":[],"Dataset":[],"FAQPage":[],"Movie":[],"Person":[],"Product":[],"ProductReview":[],"Car":[],"Recipe":[],"Service":[],"SoftwareApplication":[],"WebPage":[]},"graphName":"","isEnabled":true},"graphs":[],"defaultGraph":"","defaultPostTypeGraph":""},"schema_type":null,"schema_type_options":null,"pillar_content":false,"robots_default":true,"robots_noindex":false,"robots_noarchive":false,"robots_nosnippet":false,"robots_nofollow":false,"robots_noimageindex":false,"robots_noodp":false,"robots_notranslate":false,"robots_max_snippet":null,"robots_max_videopreview":null,"robots_max_imagepreview":"large","priority":null,"frequency":null,"local_seo":null,"seo_analyzer_scan_date":"2025-10-07 14:55:12","breadcrumb_settings":null,"limit_modified_date":false,"open_ai":null,"ai":null,"created":"2020-12-21 12:17:39","updated":"2025-10-07 14:55:12","focus_keyword":null,"additional_keywords":null,"truseo_locale":null},"aioseo_breadcrumb":"<div class=\"aioseo-breadcrumbs\"><span class=\"aioseo-breadcrumb\">\n\t<a href=\"https:\/\/www.eldigitaldeasturias.com\/noticias\" title=\"Home\">Home<\/a>\n<\/span><span class=\"aioseo-breadcrumb-separator\">\u2013<\/span><span class=\"aioseo-breadcrumb\">\n\t<a href=\"https:\/\/www.eldigitaldeasturias.com\/noticias\/category\/actualidad\/\" title=\"Actualidad\">Actualidad<\/a>\n<\/span><span class=\"aioseo-breadcrumb-separator\">\u2013<\/span><span class=\"aioseo-breadcrumb\">\n\t<a href=\"https:\/\/www.eldigitaldeasturias.com\/noticias\/el-dia-de-las-fuerzas-armadas-se-celebrara-en-logrono\/\" title=\"El D\u00eda de las Fuerzas Armadas se celebrar\u00e1 en Logro\u00f1o\">El D\u00eda de las Fuerzas Armadas se celebrar\u00e1 en Logro\u00f1o<\/a>\n<\/span><\/div>","aioseo_breadcrumb_json":[{"label":"Home","link":"https:\/\/www.eldigitaldeasturias.com\/noticias"},{"label":"Actualidad","link":"https:\/\/www.eldigitaldeasturias.com\/noticias\/category\/actualidad\/"},{"label":"El D\u00eda de las Fuerzas Armadas se celebrar\u00e1 en Logro\u00f1o","link":"https:\/\/www.eldigitaldeasturias.com\/noticias\/el-dia-de-las-fuerzas-armadas-se-celebrara-en-logrono\/"}],"_links":{"self":[{"href":"https:\/\/www.eldigitaldeasturias.com\/noticias\/wp-json\/wp\/v2\/posts\/973040","targetHints":{"allow":["GET"]}}],"collection":[{"href":"https:\/\/www.eldigitaldeasturias.com\/noticias\/wp-json\/wp\/v2\/posts"}],"about":[{"href":"https:\/\/www.eldigitaldeasturias.com\/noticias\/wp-json\/wp\/v2\/types\/post"}],"author":[{"embeddable":true,"href":"https:\/\/www.eldigitaldeasturias.com\/noticias\/wp-json\/wp\/v2\/users\/1"}],"replies":[{"embeddable":true,"href":"https:\/\/www.eldigitaldeasturias.com\/noticias\/wp-json\/wp\/v2\/comments?post=973040"}],"version-history":[{"count":0,"href":"https:\/\/www.eldigitaldeasturias.com\/noticias\/wp-json\/wp\/v2\/posts\/973040\/revisions"}],"wp:attachment":[{"href":"https:\/\/www.eldigitaldeasturias.com\/noticias\/wp-json\/wp\/v2\/media?parent=973040"}],"wp:term":[{"taxonomy":"category","embeddable":true,"href":"https:\/\/www.eldigitaldeasturias.com\/noticias\/wp-json\/wp\/v2\/categories?post=973040"},{"taxonomy":"post_tag","embeddable":true,"href":"https:\/\/www.eldigitaldeasturias.com\/noticias\/wp-json\/wp\/v2\/tags?post=973040"}],"curies":[{"name":"wp","href":"https:\/\/api.w.org\/{rel}","templated":true}]}}