{"id":973031,"date":"2018-03-22T13:04:27","date_gmt":"2018-03-22T13:04:27","guid":{"rendered":"http:\/\/www.eldigitaldeasturias.com\/noticias\/?p=973031"},"modified":"2018-03-22T13:04:27","modified_gmt":"2018-03-22T13:04:27","slug":"como-se-realizara-la-equiparacion-salarial-de-la-guardia-civil","status":"publish","type":"post","link":"https:\/\/www.eldigitaldeasturias.com\/noticias\/como-se-realizara-la-equiparacion-salarial-de-la-guardia-civil\/","title":{"rendered":"\u00bfC\u00f3mo se realizar\u00e1 la equiparaci\u00f3n salarial de la Guardia Civil?"},"content":{"rendered":"<p><img loading=\"lazy\" decoding=\"async\" class=\"alignleft size-medium wp-image-973032\" src=\"https:\/\/www.eldigitaldeasturias.com\/noticias\/wp-content\/uploads\/2018\/03\/200318-zoido-360x239.jpg\" alt=\"\" width=\"360\" height=\"239\" \/>El ministro del Interior, Juan Ignacio Zoido, ha asistido en la sede de la Direcci\u00f3n General de la Guardia Civil al Pleno del Consejo de la Guardia Civil, al que asisten representantes de la Administraci\u00f3n y de las asociaciones profesionales representativas. En esta reuni\u00f3n les ha explicado los pasos que se van a dar para llevar a cabo el proceso de equiparaci\u00f3n salarial, fruto del hist\u00f3rico acuerdo firmado el pasado d\u00eda 12 de marzo tambi\u00e9n con los sindicatos de la Polic\u00eda Nacional. En un esfuerzo presupuestario de hasta 1.207 millones de euros en tres a\u00f1os, las n\u00f3minas de los agentes se ver\u00e1n elevadas, en una media mensual y en t\u00e9rminos brutos, en 561 euros en el caso de los polic\u00edas nacionales y 720 en el de los guardias civiles.<\/p>\n<p>En la reuni\u00f3n, el ministro del Interior, que ha agradecido a los asistentes la voluntad de llegar al acuerdo de equiparaci\u00f3n salarial, ha explicado que ya se ha puesto en marcha la contrataci\u00f3n administrativa de una consultora externa que se encargar\u00e1 de hacer los estudios necesarios para determinar las cantidades que corresponder\u00e1n a los guardias civiles y polic\u00edas nacionales. Este asunto as\u00ed como otros que se llevar\u00e1n a cabo durante el proceso de equiparaci\u00f3n salarial ser\u00e1n analizados en la Mesa T\u00e9cnica de la Secretar\u00eda de Estado de Seguridad.<\/p>\n<p>El ministro ha abierto su intervenci\u00f3n expresando su dolor por el fallecimiento del cabo primero Diego D\u00edaz, cuyo cuerpo ha sido encontrado esta ma\u00f1ana tras haber desparecido el pasado s\u00e1bado mientras estaba auxiliando a unas personas atrapadas. \u00abEs un d\u00eda triste -ha dicho el ministro del Interior- porque nos ha dejado uno de los nuestros y por su hero\u00edsmo se le va a otorgar la Medalla de la Orden del M\u00e9rito de la Guardia Civil con Distintivo Rojo y tambi\u00e9n la Medalla de Oro de Protecci\u00f3n Civil\u00bb. El ministro del Interior y el director general de la Guardia Civil, Jos\u00e9 Manuel Holgado, asistir\u00e1n al funeral.<\/p>\n<p><strong>Otros asuntos abordados en el Pleno del Consejo<\/strong><\/p>\n<p>Previamente a la asistencia del ministro del Interior, durante el primer Pleno del a\u00f1o se han tratado, entre otros, los siguientes temas:<\/p>\n<p>Proyecto de Orden Ministerial por la que se establecen las normas espec\u00edficas para la clasificaci\u00f3n y provisi\u00f3n de destinos, que desarrolla aspectos como la nueva regulaci\u00f3n de puestos org\u00e1nicos de las unidades del Cuerpo, medidas como el reagrupamiento familiar, las comisiones de servicio o los tiempos m\u00e1ximos de mando, entre otras.<\/p>\n<p>Proyecto de Orden General sobre provisi\u00f3n de destinos por concurso de m\u00e9ritos en la Guardia Civil, en la que se regulan los m\u00e9ritos y circunstancias profesionales valorados en las fichas de referencia de los destinos que se adjudican por esta modalidad.<\/p>\n<p>Proyecto de Orden General por la que se desarrolla la estructura y el contenido de la Relaci\u00f3n de Puestos Org\u00e1nicos de las Unidades de la Guardia Civil.<\/p>\n<p>Resoluci\u00f3n del Director General por la que se modifica la Resoluci\u00f3n de 10 de julio de 2014, por la que se crea el Comit\u00e9 para la igualdad efectiva de mujeres y de hombres en la Guardia Civil, que modifica la composici\u00f3n de dicho \u00f3rgano, incrementando la cantidad de vocales que lo integran en representaci\u00f3n de las asociaciones profesionales, tras los resultados de las pasadas elecciones al Consejo en octubre del pasado 2017, en las que dos asociaciones profesionales adquirieron representaci\u00f3n en dicho \u00f3rgano.<\/p>\n<p>Se ha dado cuenta del tratamiento dado a las 764 propuestas y sugerencias presentadas por guardias civiles de diferentes empleos y escalas, que fueron informadas durante la pasada Comisi\u00f3n Preparatoria del 6 de marzo.<\/p>\n","protected":false},"excerpt":{"rendered":"<p>El ministro del Interior, Juan Ignacio Zoido, ha asistido en la sede de la Direcci\u00f3n General de la Guardia Civil al Pleno del Consejo de la Guardia Civil, al que asisten representantes de la Administraci\u00f3n y de las asociaciones profesionales representativas. En esta reuni\u00f3n les ha explicado los pasos que se van a dar para [&hellip;]<\/p>\n","protected":false},"author":1,"featured_media":973032,"comment_status":"closed","ping_status":"closed","sticky":false,"template":"","format":"standard","meta":{"footnotes":""},"categories":[1],"tags":[],"class_list":["post-973031","post","type-post","status-publish","format-standard","has-post-thumbnail","hentry","category-actualidad"],"aioseo_notices":[],"aioseo_head":"\n\t\t<!-- All in One SEO Pro 5.0.1 - aioseo.com -->\n\t<meta name=\"description\" content=\"El ministro del Interior, Juan Ignacio Zoido, ha asistido en la sede de la Direcci\u00f3n General de la Guardia Civil al Pleno del Consejo de la Guardia Civil, al que asisten representantes de la Administraci\u00f3n y de las asociaciones profesionales representativas. En esta reuni\u00f3n les ha explicado los pasos que se van a dar para\" \/>\n\t<meta name=\"robots\" content=\"max-image-preview:large\" \/>\n\t<meta name=\"author\" content=\"El Digital de Asturias\"\/>\n\t<meta name=\"google-site-verification\" content=\"UA-38556648-1\" \/>\n\t<meta name=\"msvalidate.01\" content=\"7dfe9f3f1b24437ab69f4f2559babe99\" \/>\n\t<meta name=\"keywords\" content=\"actualidad\" \/>\n\t<link rel=\"canonical\" href=\"https:\/\/www.eldigitaldeasturias.com\/noticias\/como-se-realizara-la-equiparacion-salarial-de-la-guardia-civil\/\" \/>\n\t<meta name=\"generator\" content=\"All in One SEO Pro (AIOSEO) 5.0.1\" \/>\n\t\t<meta property=\"og:locale\" content=\"es_ES\" \/>\n\t\t<meta property=\"og:site_name\" content=\"El Digital de Asturias\" \/>\n\t\t<meta property=\"og:type\" content=\"article\" \/>\n\t\t<meta property=\"og:title\" content=\"\u00bfC\u00f3mo se realizar\u00e1 la equiparaci\u00f3n salarial de la Guardia Civil? - El Digital de Asturias\" \/>\n\t\t<meta property=\"og:description\" content=\"El ministro del Interior, Juan Ignacio Zoido, ha asistido en la sede de la Direcci\u00f3n General de la Guardia Civil al Pleno del Consejo de la Guardia Civil, al que asisten representantes de la Administraci\u00f3n y de las asociaciones profesionales representativas. En esta reuni\u00f3n les ha explicado los pasos que se van a dar para\" \/>\n\t\t<meta property=\"og:url\" content=\"https:\/\/www.eldigitaldeasturias.com\/noticias\/como-se-realizara-la-equiparacion-salarial-de-la-guardia-civil\/\" \/>\n\t\t<meta property=\"article:tag\" content=\"actualidad\" \/>\n\t\t<meta property=\"article:published_time\" content=\"2018-03-22T13:04:27+00:00\" \/>\n\t\t<meta property=\"article:modified_time\" content=\"2018-03-22T13:04:27+00:00\" \/>\n\t\t<meta property=\"article:publisher\" content=\"https:\/\/facebook.com\/eldigitaldeasturias\" \/>\n\t\t<meta name=\"twitter:card\" content=\"summary_large_image\" \/>\n\t\t<meta name=\"twitter:title\" content=\"\u00bfC\u00f3mo se realizar\u00e1 la equiparaci\u00f3n salarial de la Guardia Civil? - El Digital de Asturias\" \/>\n\t\t<meta name=\"twitter:description\" content=\"El ministro del Interior, Juan Ignacio Zoido, ha asistido en la sede de la Direcci\u00f3n General de la Guardia Civil al Pleno del Consejo de la Guardia Civil, al que asisten representantes de la Administraci\u00f3n y de las asociaciones profesionales representativas. En esta reuni\u00f3n les ha explicado los pasos que se van a dar para\" \/>\n\t\t<meta name=\"twitter:image\" content=\"https:\/\/www.eldigitaldeasturias.com\/noticias\/wp-content\/uploads\/2020\/12\/EDA-1.jpg\" \/>\n\t\t<meta name=\"twitter:label1\" content=\"Escrito por\" \/>\n\t\t<meta name=\"twitter:data1\" content=\"El Digital de Asturias\" \/>\n\t\t<meta name=\"twitter:label2\" content=\"Tiempo de lectura estimado\" \/>\n\t\t<meta name=\"twitter:data2\" content=\"3 minutos\" \/>\n\t\t<script type=\"application\/ld+json\" class=\"aioseo-schema\">\n\t\t\t{\"@context\":\"https:\\\/\\\/schema.org\",\"@graph\":[{\"@type\":\"BlogPosting\",\"@id\":\"https:\\\/\\\/www.eldigitaldeasturias.com\\\/noticias\\\/como-se-realizara-la-equiparacion-salarial-de-la-guardia-civil\\\/#blogposting\",\"name\":\"\\u00bfC\\u00f3mo se realizar\\u00e1 la equiparaci\\u00f3n salarial de la Guardia Civil? - El Digital de Asturias\",\"headline\":\"\\u00bfC\\u00f3mo se realizar\\u00e1 la equiparaci\\u00f3n salarial de la Guardia Civil?\",\"author\":{\"@id\":\"https:\\\/\\\/www.eldigitaldeasturias.com\\\/noticias\\\/author\\\/admin\\\/#author\"},\"publisher\":{\"@id\":\"https:\\\/\\\/www.eldigitaldeasturias.com\\\/noticias\\\/#organization\"},\"image\":{\"@type\":\"ImageObject\",\"url\":973032},\"datePublished\":\"2018-03-22T13:04:27+01:00\",\"dateModified\":\"2018-03-22T13:04:27+01:00\",\"inLanguage\":\"es-ES\",\"mainEntityOfPage\":{\"@id\":\"https:\\\/\\\/www.eldigitaldeasturias.com\\\/noticias\\\/como-se-realizara-la-equiparacion-salarial-de-la-guardia-civil\\\/#webpage\"},\"isPartOf\":{\"@id\":\"https:\\\/\\\/www.eldigitaldeasturias.com\\\/noticias\\\/como-se-realizara-la-equiparacion-salarial-de-la-guardia-civil\\\/#webpage\"},\"articleSection\":\"Actualidad\"},{\"@type\":\"BreadcrumbList\",\"@id\":\"https:\\\/\\\/www.eldigitaldeasturias.com\\\/noticias\\\/como-se-realizara-la-equiparacion-salarial-de-la-guardia-civil\\\/#breadcrumblist\",\"itemListElement\":[{\"@type\":\"ListItem\",\"@id\":\"https:\\\/\\\/www.eldigitaldeasturias.com\\\/noticias#listItem\",\"position\":1,\"name\":\"Home\",\"item\":\"https:\\\/\\\/www.eldigitaldeasturias.com\\\/noticias\",\"nextItem\":{\"@type\":\"ListItem\",\"@id\":\"https:\\\/\\\/www.eldigitaldeasturias.com\\\/noticias\\\/category\\\/actualidad\\\/#listItem\",\"name\":\"Actualidad\"}},{\"@type\":\"ListItem\",\"@id\":\"https:\\\/\\\/www.eldigitaldeasturias.com\\\/noticias\\\/category\\\/actualidad\\\/#listItem\",\"position\":2,\"name\":\"Actualidad\",\"item\":\"https:\\\/\\\/www.eldigitaldeasturias.com\\\/noticias\\\/category\\\/actualidad\\\/\",\"nextItem\":{\"@type\":\"ListItem\",\"@id\":\"https:\\\/\\\/www.eldigitaldeasturias.com\\\/noticias\\\/como-se-realizara-la-equiparacion-salarial-de-la-guardia-civil\\\/#listItem\",\"name\":\"\\u00bfC\\u00f3mo se realizar\\u00e1 la equiparaci\\u00f3n salarial de la Guardia Civil?\"},\"previousItem\":{\"@type\":\"ListItem\",\"@id\":\"https:\\\/\\\/www.eldigitaldeasturias.com\\\/noticias#listItem\",\"name\":\"Home\"}},{\"@type\":\"ListItem\",\"@id\":\"https:\\\/\\\/www.eldigitaldeasturias.com\\\/noticias\\\/como-se-realizara-la-equiparacion-salarial-de-la-guardia-civil\\\/#listItem\",\"position\":3,\"name\":\"\\u00bfC\\u00f3mo se realizar\\u00e1 la equiparaci\\u00f3n salarial de la Guardia Civil?\",\"previousItem\":{\"@type\":\"ListItem\",\"@id\":\"https:\\\/\\\/www.eldigitaldeasturias.com\\\/noticias\\\/category\\\/actualidad\\\/#listItem\",\"name\":\"Actualidad\"}}]},{\"@type\":\"Organization\",\"@id\":\"https:\\\/\\\/www.eldigitaldeasturias.com\\\/noticias\\\/#organization\",\"name\":\"El Digital de Asturias\",\"description\":\"Hemeroteca\",\"url\":\"https:\\\/\\\/www.eldigitaldeasturias.com\\\/noticias\\\/\",\"email\":\"info@eldigitaldeasturias.com\",\"telephone\":\"+34652131393\",\"logo\":{\"@type\":\"ImageObject\",\"url\":\"https:\\\/\\\/www.eldigitaldeasturias.com\\\/noticias\\\/wp-content\\\/uploads\\\/2020\\\/12\\\/EDA.jpg\",\"@id\":\"https:\\\/\\\/www.eldigitaldeasturias.com\\\/noticias\\\/como-se-realizara-la-equiparacion-salarial-de-la-guardia-civil\\\/#organizationLogo\"},\"image\":{\"@id\":\"https:\\\/\\\/www.eldigitaldeasturias.com\\\/noticias\\\/como-se-realizara-la-equiparacion-salarial-de-la-guardia-civil\\\/#organizationLogo\"},\"sameAs\":[\"https:\\\/\\\/facebook.com\\\/eldigitaldeasturias\",\"https:\\\/\\\/www.youtube.com\\\/channel\\\/UCZP-2wLEB9Rv6erhFmqVnvg\"],\"address\":{\"@id\":\"https:\\\/\\\/www.eldigitaldeasturias.com\\\/noticias\\\/#postaladdress\",\"@type\":\"PostalAddress\",\"streetAddress\":\"san antonio 4\",\"postalCode\":\"33430\",\"addressLocality\":\"Cand\\u00e1s\",\"addressRegion\":\"Asturias\",\"addressCountry\":\"ES\"}},{\"@type\":\"Person\",\"@id\":\"https:\\\/\\\/www.eldigitaldeasturias.com\\\/noticias\\\/author\\\/admin\\\/#author\",\"url\":\"https:\\\/\\\/www.eldigitaldeasturias.com\\\/noticias\\\/author\\\/admin\\\/\",\"name\":\"El Digital de Asturias\",\"image\":{\"@type\":\"ImageObject\",\"@id\":\"https:\\\/\\\/www.eldigitaldeasturias.com\\\/noticias\\\/como-se-realizara-la-equiparacion-salarial-de-la-guardia-civil\\\/#authorImage\",\"url\":\"https:\\\/\\\/secure.gravatar.com\\\/avatar\\\/df2aeffc32bcd13f8d26072ef8a91b623d677766deac7f97ca815868cd41bf5e?s=96&d=mm&r=g\",\"width\":96,\"height\":96,\"caption\":\"El Digital de Asturias\"}},{\"@type\":\"WebPage\",\"@id\":\"https:\\\/\\\/www.eldigitaldeasturias.com\\\/noticias\\\/como-se-realizara-la-equiparacion-salarial-de-la-guardia-civil\\\/#webpage\",\"url\":\"https:\\\/\\\/www.eldigitaldeasturias.com\\\/noticias\\\/como-se-realizara-la-equiparacion-salarial-de-la-guardia-civil\\\/\",\"name\":\"\\u00bfC\\u00f3mo se realizar\\u00e1 la equiparaci\\u00f3n salarial de la Guardia Civil? - El Digital de Asturias\",\"description\":\"El ministro del Interior, Juan Ignacio Zoido, ha asistido en la sede de la Direcci\\u00f3n General de la Guardia Civil al Pleno del Consejo de la Guardia Civil, al que asisten representantes de la Administraci\\u00f3n y de las asociaciones profesionales representativas. En esta reuni\\u00f3n les ha explicado los pasos que se van a dar para\",\"inLanguage\":\"es-ES\",\"isPartOf\":{\"@id\":\"https:\\\/\\\/www.eldigitaldeasturias.com\\\/noticias\\\/#website\"},\"breadcrumb\":{\"@id\":\"https:\\\/\\\/www.eldigitaldeasturias.com\\\/noticias\\\/como-se-realizara-la-equiparacion-salarial-de-la-guardia-civil\\\/#breadcrumblist\"},\"author\":{\"@id\":\"https:\\\/\\\/www.eldigitaldeasturias.com\\\/noticias\\\/author\\\/admin\\\/#author\"},\"creator\":{\"@id\":\"https:\\\/\\\/www.eldigitaldeasturias.com\\\/noticias\\\/author\\\/admin\\\/#author\"},\"image\":{\"@type\":\"ImageObject\",\"url\":973032,\"@id\":\"https:\\\/\\\/www.eldigitaldeasturias.com\\\/noticias\\\/como-se-realizara-la-equiparacion-salarial-de-la-guardia-civil\\\/#mainImage\"},\"primaryImageOfPage\":{\"@id\":\"https:\\\/\\\/www.eldigitaldeasturias.com\\\/noticias\\\/como-se-realizara-la-equiparacion-salarial-de-la-guardia-civil\\\/#mainImage\"},\"datePublished\":\"2018-03-22T13:04:27+01:00\",\"dateModified\":\"2018-03-22T13:04:27+01:00\"},{\"@type\":\"WebSite\",\"@id\":\"https:\\\/\\\/www.eldigitaldeasturias.com\\\/noticias\\\/#website\",\"url\":\"https:\\\/\\\/www.eldigitaldeasturias.com\\\/noticias\\\/\",\"name\":\"El Digital de Asturias - Diario de actualidad y noticias\",\"alternateName\":\"El Digital de Asturias - Diario de actualidad y noticias\",\"description\":\"Hemeroteca\",\"inLanguage\":\"es-ES\",\"publisher\":{\"@id\":\"https:\\\/\\\/www.eldigitaldeasturias.com\\\/noticias\\\/#organization\"}}]}\n\t\t<\/script>\n\t\t<!-- All in One SEO Pro -->\r\n\t\t<title>\u00bfC\u00f3mo se realizar\u00e1 la equiparaci\u00f3n salarial de la Guardia Civil? - El Digital de Asturias<\/title>\n\n","aioseo_head_json":{"title":"\u00bfC\u00f3mo se realizar\u00e1 la equiparaci\u00f3n salarial de la Guardia Civil? - El Digital de Asturias","description":"El ministro del Interior, Juan Ignacio Zoido, ha asistido en la sede de la Direcci\u00f3n General de la Guardia Civil al Pleno del Consejo de la Guardia Civil, al que asisten representantes de la Administraci\u00f3n y de las asociaciones profesionales representativas. En esta reuni\u00f3n les ha explicado los pasos que se van a dar para","canonical_url":"https:\/\/www.eldigitaldeasturias.com\/noticias\/como-se-realizara-la-equiparacion-salarial-de-la-guardia-civil\/","robots":"max-image-preview:large","keywords":"actualidad","webmasterTools":{"google-site-verification":"UA-38556648-1","msvalidate.01":"7dfe9f3f1b24437ab69f4f2559babe99","miscellaneous":""},"schema":{"@context":"https:\/\/schema.org","@graph":[{"@type":"BlogPosting","@id":"https:\/\/www.eldigitaldeasturias.com\/noticias\/como-se-realizara-la-equiparacion-salarial-de-la-guardia-civil\/#blogposting","name":"\u00bfC\u00f3mo se realizar\u00e1 la equiparaci\u00f3n salarial de la Guardia Civil? - El Digital de Asturias","headline":"\u00bfC\u00f3mo se realizar\u00e1 la equiparaci\u00f3n salarial de la Guardia Civil?","author":{"@id":"https:\/\/www.eldigitaldeasturias.com\/noticias\/author\/admin\/#author"},"publisher":{"@id":"https:\/\/www.eldigitaldeasturias.com\/noticias\/#organization"},"image":{"@type":"ImageObject","url":973032},"datePublished":"2018-03-22T13:04:27+01:00","dateModified":"2018-03-22T13:04:27+01:00","inLanguage":"es-ES","mainEntityOfPage":{"@id":"https:\/\/www.eldigitaldeasturias.com\/noticias\/como-se-realizara-la-equiparacion-salarial-de-la-guardia-civil\/#webpage"},"isPartOf":{"@id":"https:\/\/www.eldigitaldeasturias.com\/noticias\/como-se-realizara-la-equiparacion-salarial-de-la-guardia-civil\/#webpage"},"articleSection":"Actualidad"},{"@type":"BreadcrumbList","@id":"https:\/\/www.eldigitaldeasturias.com\/noticias\/como-se-realizara-la-equiparacion-salarial-de-la-guardia-civil\/#breadcrumblist","itemListElement":[{"@type":"ListItem","@id":"https:\/\/www.eldigitaldeasturias.com\/noticias#listItem","position":1,"name":"Home","item":"https:\/\/www.eldigitaldeasturias.com\/noticias","nextItem":{"@type":"ListItem","@id":"https:\/\/www.eldigitaldeasturias.com\/noticias\/category\/actualidad\/#listItem","name":"Actualidad"}},{"@type":"ListItem","@id":"https:\/\/www.eldigitaldeasturias.com\/noticias\/category\/actualidad\/#listItem","position":2,"name":"Actualidad","item":"https:\/\/www.eldigitaldeasturias.com\/noticias\/category\/actualidad\/","nextItem":{"@type":"ListItem","@id":"https:\/\/www.eldigitaldeasturias.com\/noticias\/como-se-realizara-la-equiparacion-salarial-de-la-guardia-civil\/#listItem","name":"\u00bfC\u00f3mo se realizar\u00e1 la equiparaci\u00f3n salarial de la Guardia Civil?"},"previousItem":{"@type":"ListItem","@id":"https:\/\/www.eldigitaldeasturias.com\/noticias#listItem","name":"Home"}},{"@type":"ListItem","@id":"https:\/\/www.eldigitaldeasturias.com\/noticias\/como-se-realizara-la-equiparacion-salarial-de-la-guardia-civil\/#listItem","position":3,"name":"\u00bfC\u00f3mo se realizar\u00e1 la equiparaci\u00f3n salarial de la Guardia Civil?","previousItem":{"@type":"ListItem","@id":"https:\/\/www.eldigitaldeasturias.com\/noticias\/category\/actualidad\/#listItem","name":"Actualidad"}}]},{"@type":"Organization","@id":"https:\/\/www.eldigitaldeasturias.com\/noticias\/#organization","name":"El Digital de Asturias","description":"Hemeroteca","url":"https:\/\/www.eldigitaldeasturias.com\/noticias\/","email":"info@eldigitaldeasturias.com","telephone":"+34652131393","logo":{"@type":"ImageObject","url":"https:\/\/www.eldigitaldeasturias.com\/noticias\/wp-content\/uploads\/2020\/12\/EDA.jpg","@id":"https:\/\/www.eldigitaldeasturias.com\/noticias\/como-se-realizara-la-equiparacion-salarial-de-la-guardia-civil\/#organizationLogo"},"image":{"@id":"https:\/\/www.eldigitaldeasturias.com\/noticias\/como-se-realizara-la-equiparacion-salarial-de-la-guardia-civil\/#organizationLogo"},"sameAs":["https:\/\/facebook.com\/eldigitaldeasturias","https:\/\/www.youtube.com\/channel\/UCZP-2wLEB9Rv6erhFmqVnvg"],"address":{"@id":"https:\/\/www.eldigitaldeasturias.com\/noticias\/#postaladdress","@type":"PostalAddress","streetAddress":"san antonio 4","postalCode":"33430","addressLocality":"Cand\u00e1s","addressRegion":"Asturias","addressCountry":"ES"}},{"@type":"Person","@id":"https:\/\/www.eldigitaldeasturias.com\/noticias\/author\/admin\/#author","url":"https:\/\/www.eldigitaldeasturias.com\/noticias\/author\/admin\/","name":"El Digital de Asturias","image":{"@type":"ImageObject","@id":"https:\/\/www.eldigitaldeasturias.com\/noticias\/como-se-realizara-la-equiparacion-salarial-de-la-guardia-civil\/#authorImage","url":"https:\/\/secure.gravatar.com\/avatar\/df2aeffc32bcd13f8d26072ef8a91b623d677766deac7f97ca815868cd41bf5e?s=96&d=mm&r=g","width":96,"height":96,"caption":"El Digital de Asturias"}},{"@type":"WebPage","@id":"https:\/\/www.eldigitaldeasturias.com\/noticias\/como-se-realizara-la-equiparacion-salarial-de-la-guardia-civil\/#webpage","url":"https:\/\/www.eldigitaldeasturias.com\/noticias\/como-se-realizara-la-equiparacion-salarial-de-la-guardia-civil\/","name":"\u00bfC\u00f3mo se realizar\u00e1 la equiparaci\u00f3n salarial de la Guardia Civil? - El Digital de Asturias","description":"El ministro del Interior, Juan Ignacio Zoido, ha asistido en la sede de la Direcci\u00f3n General de la Guardia Civil al Pleno del Consejo de la Guardia Civil, al que asisten representantes de la Administraci\u00f3n y de las asociaciones profesionales representativas. En esta reuni\u00f3n les ha explicado los pasos que se van a dar para","inLanguage":"es-ES","isPartOf":{"@id":"https:\/\/www.eldigitaldeasturias.com\/noticias\/#website"},"breadcrumb":{"@id":"https:\/\/www.eldigitaldeasturias.com\/noticias\/como-se-realizara-la-equiparacion-salarial-de-la-guardia-civil\/#breadcrumblist"},"author":{"@id":"https:\/\/www.eldigitaldeasturias.com\/noticias\/author\/admin\/#author"},"creator":{"@id":"https:\/\/www.eldigitaldeasturias.com\/noticias\/author\/admin\/#author"},"image":{"@type":"ImageObject","url":973032,"@id":"https:\/\/www.eldigitaldeasturias.com\/noticias\/como-se-realizara-la-equiparacion-salarial-de-la-guardia-civil\/#mainImage"},"primaryImageOfPage":{"@id":"https:\/\/www.eldigitaldeasturias.com\/noticias\/como-se-realizara-la-equiparacion-salarial-de-la-guardia-civil\/#mainImage"},"datePublished":"2018-03-22T13:04:27+01:00","dateModified":"2018-03-22T13:04:27+01:00"},{"@type":"WebSite","@id":"https:\/\/www.eldigitaldeasturias.com\/noticias\/#website","url":"https:\/\/www.eldigitaldeasturias.com\/noticias\/","name":"El Digital de Asturias - Diario de actualidad y noticias","alternateName":"El Digital de Asturias - Diario de actualidad y noticias","description":"Hemeroteca","inLanguage":"es-ES","publisher":{"@id":"https:\/\/www.eldigitaldeasturias.com\/noticias\/#organization"}}]},"og:locale":"es_ES","og:site_name":"El Digital de Asturias","og:type":"article","og:title":"\u00bfC\u00f3mo se realizar\u00e1 la equiparaci\u00f3n salarial de la Guardia Civil? - El Digital de Asturias","og:description":"El ministro del Interior, Juan Ignacio Zoido, ha asistido en la sede de la Direcci\u00f3n General de la Guardia Civil al Pleno del Consejo de la Guardia Civil, al que asisten representantes de la Administraci\u00f3n y de las asociaciones profesionales representativas. En esta reuni\u00f3n les ha explicado los pasos que se van a dar para","og:url":"https:\/\/www.eldigitaldeasturias.com\/noticias\/como-se-realizara-la-equiparacion-salarial-de-la-guardia-civil\/","article:tag":["actualidad"],"article:published_time":"2018-03-22T13:04:27+00:00","article:modified_time":"2018-03-22T13:04:27+00:00","article:publisher":"https:\/\/facebook.com\/eldigitaldeasturias","twitter:card":"summary_large_image","twitter:title":"\u00bfC\u00f3mo se realizar\u00e1 la equiparaci\u00f3n salarial de la Guardia Civil? - El Digital de Asturias","twitter:description":"El ministro del Interior, Juan Ignacio Zoido, ha asistido en la sede de la Direcci\u00f3n General de la Guardia Civil al Pleno del Consejo de la Guardia Civil, al que asisten representantes de la Administraci\u00f3n y de las asociaciones profesionales representativas. En esta reuni\u00f3n les ha explicado los pasos que se van a dar para","twitter:image":"https:\/\/www.eldigitaldeasturias.com\/noticias\/wp-content\/uploads\/2020\/12\/EDA-1.jpg","twitter:label1":"Escrito por","twitter:data1":"El Digital de Asturias","twitter:label2":"Tiempo de lectura estimado","twitter:data2":"3 minutos"},"aioseo_meta_data":{"post_id":"973031","title":null,"description":null,"keywords":null,"keyphrases":null,"primary_term":null,"canonical_url":null,"og_title":null,"og_description":null,"og_object_type":"default","og_image_type":"default","og_image_url":null,"og_image_width":null,"og_image_height":null,"og_image_custom_url":null,"og_image_custom_fields":null,"og_video":null,"og_custom_url":null,"og_article_section":null,"og_article_tags":null,"twitter_use_og":false,"twitter_card":"default","twitter_image_type":"default","twitter_image_url":null,"twitter_image_custom_url":null,"twitter_image_custom_fields":null,"twitter_title":null,"twitter_description":null,"schema":{"blockGraphs":[],"customGraphs":[],"default":{"data":{"Article":[],"Course":[],"Dataset":[],"FAQPage":[],"Movie":[],"Person":[],"Product":[],"ProductReview":[],"Car":[],"Recipe":[],"Service":[],"SoftwareApplication":[],"WebPage":[]},"graphName":"","isEnabled":true},"graphs":[],"defaultGraph":"","defaultPostTypeGraph":""},"schema_type":null,"schema_type_options":null,"pillar_content":false,"robots_default":true,"robots_noindex":false,"robots_noarchive":false,"robots_nosnippet":false,"robots_nofollow":false,"robots_noimageindex":false,"robots_noodp":false,"robots_notranslate":false,"robots_max_snippet":null,"robots_max_videopreview":null,"robots_max_imagepreview":"large","priority":null,"frequency":null,"local_seo":null,"seo_analyzer_scan_date":"2025-10-07 14:52:13","breadcrumb_settings":null,"limit_modified_date":false,"open_ai":null,"ai":null,"created":"2020-12-21 12:17:39","updated":"2025-10-07 14:52:13","focus_keyword":null,"additional_keywords":null,"truseo_locale":null},"aioseo_breadcrumb":"<div class=\"aioseo-breadcrumbs\"><span class=\"aioseo-breadcrumb\">\n\t<a href=\"https:\/\/www.eldigitaldeasturias.com\/noticias\" title=\"Home\">Home<\/a>\n<\/span><span class=\"aioseo-breadcrumb-separator\">\u2013<\/span><span class=\"aioseo-breadcrumb\">\n\t<a href=\"https:\/\/www.eldigitaldeasturias.com\/noticias\/category\/actualidad\/\" title=\"Actualidad\">Actualidad<\/a>\n<\/span><span class=\"aioseo-breadcrumb-separator\">\u2013<\/span><span class=\"aioseo-breadcrumb\">\n\t<a href=\"https:\/\/www.eldigitaldeasturias.com\/noticias\/como-se-realizara-la-equiparacion-salarial-de-la-guardia-civil\/\" title=\"\u00bfC\u00f3mo se realizar\u00e1 la equiparaci\u00f3n salarial de la Guardia Civil?\">\u00bfC\u00f3mo se realizar\u00e1 la equiparaci\u00f3n salarial de la Guardia Civil?<\/a>\n<\/span><\/div>","aioseo_breadcrumb_json":[{"label":"Home","link":"https:\/\/www.eldigitaldeasturias.com\/noticias"},{"label":"Actualidad","link":"https:\/\/www.eldigitaldeasturias.com\/noticias\/category\/actualidad\/"},{"label":"\u00bfC\u00f3mo se realizar\u00e1 la equiparaci\u00f3n salarial de la Guardia Civil?","link":"https:\/\/www.eldigitaldeasturias.com\/noticias\/como-se-realizara-la-equiparacion-salarial-de-la-guardia-civil\/"}],"_links":{"self":[{"href":"https:\/\/www.eldigitaldeasturias.com\/noticias\/wp-json\/wp\/v2\/posts\/973031","targetHints":{"allow":["GET"]}}],"collection":[{"href":"https:\/\/www.eldigitaldeasturias.com\/noticias\/wp-json\/wp\/v2\/posts"}],"about":[{"href":"https:\/\/www.eldigitaldeasturias.com\/noticias\/wp-json\/wp\/v2\/types\/post"}],"author":[{"embeddable":true,"href":"https:\/\/www.eldigitaldeasturias.com\/noticias\/wp-json\/wp\/v2\/users\/1"}],"replies":[{"embeddable":true,"href":"https:\/\/www.eldigitaldeasturias.com\/noticias\/wp-json\/wp\/v2\/comments?post=973031"}],"version-history":[{"count":0,"href":"https:\/\/www.eldigitaldeasturias.com\/noticias\/wp-json\/wp\/v2\/posts\/973031\/revisions"}],"wp:attachment":[{"href":"https:\/\/www.eldigitaldeasturias.com\/noticias\/wp-json\/wp\/v2\/media?parent=973031"}],"wp:term":[{"taxonomy":"category","embeddable":true,"href":"https:\/\/www.eldigitaldeasturias.com\/noticias\/wp-json\/wp\/v2\/categories?post=973031"},{"taxonomy":"post_tag","embeddable":true,"href":"https:\/\/www.eldigitaldeasturias.com\/noticias\/wp-json\/wp\/v2\/tags?post=973031"}],"curies":[{"name":"wp","href":"https:\/\/api.w.org\/{rel}","templated":true}]}}