{"id":972829,"date":"2018-03-20T22:06:07","date_gmt":"2018-03-20T22:06:07","guid":{"rendered":"http:\/\/www.eldigitaldeasturias.com\/noticias\/?p=972829"},"modified":"2018-03-20T22:06:07","modified_gmt":"2018-03-20T22:06:07","slug":"el-funeral-de-stephen-hawking-sera-en-cambridge-el-31-de-marzo","status":"publish","type":"post","link":"https:\/\/www.eldigitaldeasturias.com\/noticias\/el-funeral-de-stephen-hawking-sera-en-cambridge-el-31-de-marzo\/","title":{"rendered":"El funeral de Stephen Hawking ser\u00e1 en Cambridge el 31 de marzo"},"content":{"rendered":"<p><img loading=\"lazy\" decoding=\"async\" class=\"alignleft size-medium wp-image-971936\" src=\"https:\/\/www.eldigitaldeasturias.com\/noticias\/wp-content\/uploads\/2018\/03\/Hawking_image671_405-360x201.png\" alt=\"\" width=\"360\" height=\"201\" \/>Cambridge, 20 mar (dpa) &#8211; El funeral por el astrof\u00edsico Stephen Hawking tendr\u00e1 lugar el 31 de marzo a las 14:00 GMT en en la iglesia de St. Mary&#8217;s, en la Universidad de Cambridge, anunci\u00f3 hoy la familia.<\/p>\n<p>A la ceremonia est\u00e1n invitados adem\u00e1s de sus familiares y amigos, sus compa\u00f1eros de trabajo. El investigador falleci\u00f3 el pasado mi\u00e9rcoles a los 76 a\u00f1os en su casa.<\/p>\n<p>La iglesia de St. Mary&#8217;s pertenece a la Universidad de Cambrigde y est\u00e1 muy cerca del centro en el que Hawking trabaj\u00f3 durante m\u00e1s de 50 a\u00f1os. Por esta raz\u00f3n decidieron que el funeral se celebre \u00aben la ciudad que tanto am\u00f3 y que tanto lo am\u00f3\u00bb, explicaron sus hijos Lucy, Robert y Tim.<\/p>\n<p>El funeral se celebrar\u00e1 de tal forma que agrade tanto a creyentes como no creyentes. El propio Hawking era ateo y nunca crey\u00f3 en una vida tras la muerte. El genio de la astrof\u00edsica sufr\u00eda una enfermedad de las neuronas motoras incurable, esclerosis lateral amiotr\u00f3fica (ELA). Como consecuencia llevaba a\u00f1os en una silla de ruedas y sin apenas capacidad de movimiento.<\/p>\n","protected":false},"excerpt":{"rendered":"<p>Cambridge, 20 mar (dpa) &#8211; El funeral por el astrof\u00edsico Stephen Hawking tendr\u00e1 lugar el 31 de marzo a las 14:00 GMT en en la iglesia de St. Mary&#8217;s, en la Universidad de Cambridge, anunci\u00f3 hoy la familia. A la ceremonia est\u00e1n invitados adem\u00e1s de sus familiares y amigos, sus compa\u00f1eros de trabajo. El investigador [&hellip;]<\/p>\n","protected":false},"author":1,"featured_media":971936,"comment_status":"closed","ping_status":"closed","sticky":false,"template":"","format":"standard","meta":{"footnotes":""},"categories":[1],"tags":[],"class_list":["post-972829","post","type-post","status-publish","format-standard","has-post-thumbnail","hentry","category-actualidad"],"aioseo_notices":[],"aioseo_head":"\n\t\t<!-- All in One SEO Pro 5.0.1 - aioseo.com -->\n\t<meta name=\"description\" content=\"Cambridge, 20 mar (dpa) - El funeral por el astrof\u00edsico Stephen Hawking tendr\u00e1 lugar el 31 de marzo a las 14:00 GMT en en la iglesia de St. Mary&#039;s, en la Universidad de Cambridge, anunci\u00f3 hoy la familia. A la ceremonia est\u00e1n invitados adem\u00e1s de sus familiares y amigos, sus compa\u00f1eros de trabajo. El investigador\" \/>\n\t<meta name=\"robots\" content=\"max-image-preview:large\" \/>\n\t<meta name=\"author\" content=\"El Digital de Asturias\"\/>\n\t<meta name=\"google-site-verification\" content=\"UA-38556648-1\" \/>\n\t<meta name=\"msvalidate.01\" content=\"7dfe9f3f1b24437ab69f4f2559babe99\" \/>\n\t<meta name=\"keywords\" content=\"actualidad\" \/>\n\t<link rel=\"canonical\" href=\"https:\/\/www.eldigitaldeasturias.com\/noticias\/el-funeral-de-stephen-hawking-sera-en-cambridge-el-31-de-marzo\/\" \/>\n\t<meta name=\"generator\" content=\"All in One SEO Pro (AIOSEO) 5.0.1\" \/>\n\t\t<meta property=\"og:locale\" content=\"es_ES\" \/>\n\t\t<meta property=\"og:site_name\" content=\"El Digital de Asturias\" \/>\n\t\t<meta property=\"og:type\" content=\"article\" \/>\n\t\t<meta property=\"og:title\" content=\"El funeral de Stephen Hawking ser\u00e1 en Cambridge el 31 de marzo - El Digital de Asturias\" \/>\n\t\t<meta property=\"og:description\" content=\"Cambridge, 20 mar (dpa) - El funeral por el astrof\u00edsico Stephen Hawking tendr\u00e1 lugar el 31 de marzo a las 14:00 GMT en en la iglesia de St. Mary&#039;s, en la Universidad de Cambridge, anunci\u00f3 hoy la familia. A la ceremonia est\u00e1n invitados adem\u00e1s de sus familiares y amigos, sus compa\u00f1eros de trabajo. El investigador\" \/>\n\t\t<meta property=\"og:url\" content=\"https:\/\/www.eldigitaldeasturias.com\/noticias\/el-funeral-de-stephen-hawking-sera-en-cambridge-el-31-de-marzo\/\" \/>\n\t\t<meta property=\"article:tag\" content=\"actualidad\" \/>\n\t\t<meta property=\"article:published_time\" content=\"2018-03-20T22:06:07+00:00\" \/>\n\t\t<meta property=\"article:modified_time\" content=\"2018-03-20T22:06:07+00:00\" \/>\n\t\t<meta property=\"article:publisher\" content=\"https:\/\/facebook.com\/eldigitaldeasturias\" \/>\n\t\t<meta name=\"twitter:card\" content=\"summary_large_image\" \/>\n\t\t<meta name=\"twitter:title\" content=\"El funeral de Stephen Hawking ser\u00e1 en Cambridge el 31 de marzo - El Digital de Asturias\" \/>\n\t\t<meta name=\"twitter:description\" content=\"Cambridge, 20 mar (dpa) - El funeral por el astrof\u00edsico Stephen Hawking tendr\u00e1 lugar el 31 de marzo a las 14:00 GMT en en la iglesia de St. Mary&#039;s, en la Universidad de Cambridge, anunci\u00f3 hoy la familia. A la ceremonia est\u00e1n invitados adem\u00e1s de sus familiares y amigos, sus compa\u00f1eros de trabajo. El investigador\" \/>\n\t\t<meta name=\"twitter:image\" content=\"https:\/\/www.eldigitaldeasturias.com\/noticias\/wp-content\/uploads\/2020\/12\/EDA-1.jpg\" \/>\n\t\t<meta name=\"twitter:label1\" content=\"Escrito por\" \/>\n\t\t<meta name=\"twitter:data1\" content=\"El Digital de Asturias\" \/>\n\t\t<meta name=\"twitter:label2\" content=\"Tiempo de lectura estimado\" \/>\n\t\t<meta name=\"twitter:data2\" content=\"1 minuto\" \/>\n\t\t<script type=\"application\/ld+json\" class=\"aioseo-schema\">\n\t\t\t{\"@context\":\"https:\\\/\\\/schema.org\",\"@graph\":[{\"@type\":\"BlogPosting\",\"@id\":\"https:\\\/\\\/www.eldigitaldeasturias.com\\\/noticias\\\/el-funeral-de-stephen-hawking-sera-en-cambridge-el-31-de-marzo\\\/#blogposting\",\"name\":\"El funeral de Stephen Hawking ser\\u00e1 en Cambridge el 31 de marzo - El Digital de Asturias\",\"headline\":\"El funeral de Stephen Hawking ser\\u00e1 en Cambridge el 31 de marzo\",\"author\":{\"@id\":\"https:\\\/\\\/www.eldigitaldeasturias.com\\\/noticias\\\/author\\\/admin\\\/#author\"},\"publisher\":{\"@id\":\"https:\\\/\\\/www.eldigitaldeasturias.com\\\/noticias\\\/#organization\"},\"image\":{\"@type\":\"ImageObject\",\"url\":971936},\"datePublished\":\"2018-03-20T22:06:07+01:00\",\"dateModified\":\"2018-03-20T22:06:07+01:00\",\"inLanguage\":\"es-ES\",\"mainEntityOfPage\":{\"@id\":\"https:\\\/\\\/www.eldigitaldeasturias.com\\\/noticias\\\/el-funeral-de-stephen-hawking-sera-en-cambridge-el-31-de-marzo\\\/#webpage\"},\"isPartOf\":{\"@id\":\"https:\\\/\\\/www.eldigitaldeasturias.com\\\/noticias\\\/el-funeral-de-stephen-hawking-sera-en-cambridge-el-31-de-marzo\\\/#webpage\"},\"articleSection\":\"Actualidad\"},{\"@type\":\"BreadcrumbList\",\"@id\":\"https:\\\/\\\/www.eldigitaldeasturias.com\\\/noticias\\\/el-funeral-de-stephen-hawking-sera-en-cambridge-el-31-de-marzo\\\/#breadcrumblist\",\"itemListElement\":[{\"@type\":\"ListItem\",\"@id\":\"https:\\\/\\\/www.eldigitaldeasturias.com\\\/noticias#listItem\",\"position\":1,\"name\":\"Home\",\"item\":\"https:\\\/\\\/www.eldigitaldeasturias.com\\\/noticias\",\"nextItem\":{\"@type\":\"ListItem\",\"@id\":\"https:\\\/\\\/www.eldigitaldeasturias.com\\\/noticias\\\/category\\\/actualidad\\\/#listItem\",\"name\":\"Actualidad\"}},{\"@type\":\"ListItem\",\"@id\":\"https:\\\/\\\/www.eldigitaldeasturias.com\\\/noticias\\\/category\\\/actualidad\\\/#listItem\",\"position\":2,\"name\":\"Actualidad\",\"item\":\"https:\\\/\\\/www.eldigitaldeasturias.com\\\/noticias\\\/category\\\/actualidad\\\/\",\"nextItem\":{\"@type\":\"ListItem\",\"@id\":\"https:\\\/\\\/www.eldigitaldeasturias.com\\\/noticias\\\/el-funeral-de-stephen-hawking-sera-en-cambridge-el-31-de-marzo\\\/#listItem\",\"name\":\"El funeral de Stephen Hawking ser\\u00e1 en Cambridge el 31 de marzo\"},\"previousItem\":{\"@type\":\"ListItem\",\"@id\":\"https:\\\/\\\/www.eldigitaldeasturias.com\\\/noticias#listItem\",\"name\":\"Home\"}},{\"@type\":\"ListItem\",\"@id\":\"https:\\\/\\\/www.eldigitaldeasturias.com\\\/noticias\\\/el-funeral-de-stephen-hawking-sera-en-cambridge-el-31-de-marzo\\\/#listItem\",\"position\":3,\"name\":\"El funeral de Stephen Hawking ser\\u00e1 en Cambridge el 31 de marzo\",\"previousItem\":{\"@type\":\"ListItem\",\"@id\":\"https:\\\/\\\/www.eldigitaldeasturias.com\\\/noticias\\\/category\\\/actualidad\\\/#listItem\",\"name\":\"Actualidad\"}}]},{\"@type\":\"Organization\",\"@id\":\"https:\\\/\\\/www.eldigitaldeasturias.com\\\/noticias\\\/#organization\",\"name\":\"El Digital de Asturias\",\"description\":\"Hemeroteca\",\"url\":\"https:\\\/\\\/www.eldigitaldeasturias.com\\\/noticias\\\/\",\"email\":\"info@eldigitaldeasturias.com\",\"telephone\":\"+34652131393\",\"logo\":{\"@type\":\"ImageObject\",\"url\":\"https:\\\/\\\/www.eldigitaldeasturias.com\\\/noticias\\\/wp-content\\\/uploads\\\/2020\\\/12\\\/EDA.jpg\",\"@id\":\"https:\\\/\\\/www.eldigitaldeasturias.com\\\/noticias\\\/el-funeral-de-stephen-hawking-sera-en-cambridge-el-31-de-marzo\\\/#organizationLogo\"},\"image\":{\"@id\":\"https:\\\/\\\/www.eldigitaldeasturias.com\\\/noticias\\\/el-funeral-de-stephen-hawking-sera-en-cambridge-el-31-de-marzo\\\/#organizationLogo\"},\"sameAs\":[\"https:\\\/\\\/facebook.com\\\/eldigitaldeasturias\",\"https:\\\/\\\/www.youtube.com\\\/channel\\\/UCZP-2wLEB9Rv6erhFmqVnvg\"],\"address\":{\"@id\":\"https:\\\/\\\/www.eldigitaldeasturias.com\\\/noticias\\\/#postaladdress\",\"@type\":\"PostalAddress\",\"streetAddress\":\"san antonio 4\",\"postalCode\":\"33430\",\"addressLocality\":\"Cand\\u00e1s\",\"addressRegion\":\"Asturias\",\"addressCountry\":\"ES\"}},{\"@type\":\"Person\",\"@id\":\"https:\\\/\\\/www.eldigitaldeasturias.com\\\/noticias\\\/author\\\/admin\\\/#author\",\"url\":\"https:\\\/\\\/www.eldigitaldeasturias.com\\\/noticias\\\/author\\\/admin\\\/\",\"name\":\"El Digital de Asturias\",\"image\":{\"@type\":\"ImageObject\",\"@id\":\"https:\\\/\\\/www.eldigitaldeasturias.com\\\/noticias\\\/el-funeral-de-stephen-hawking-sera-en-cambridge-el-31-de-marzo\\\/#authorImage\",\"url\":\"https:\\\/\\\/secure.gravatar.com\\\/avatar\\\/df2aeffc32bcd13f8d26072ef8a91b623d677766deac7f97ca815868cd41bf5e?s=96&d=mm&r=g\",\"width\":96,\"height\":96,\"caption\":\"El Digital de Asturias\"}},{\"@type\":\"WebPage\",\"@id\":\"https:\\\/\\\/www.eldigitaldeasturias.com\\\/noticias\\\/el-funeral-de-stephen-hawking-sera-en-cambridge-el-31-de-marzo\\\/#webpage\",\"url\":\"https:\\\/\\\/www.eldigitaldeasturias.com\\\/noticias\\\/el-funeral-de-stephen-hawking-sera-en-cambridge-el-31-de-marzo\\\/\",\"name\":\"El funeral de Stephen Hawking ser\\u00e1 en Cambridge el 31 de marzo - El Digital de Asturias\",\"description\":\"Cambridge, 20 mar (dpa) - El funeral por el astrof\\u00edsico Stephen Hawking tendr\\u00e1 lugar el 31 de marzo a las 14:00 GMT en en la iglesia de St. Mary's, en la Universidad de Cambridge, anunci\\u00f3 hoy la familia. A la ceremonia est\\u00e1n invitados adem\\u00e1s de sus familiares y amigos, sus compa\\u00f1eros de trabajo. El investigador\",\"inLanguage\":\"es-ES\",\"isPartOf\":{\"@id\":\"https:\\\/\\\/www.eldigitaldeasturias.com\\\/noticias\\\/#website\"},\"breadcrumb\":{\"@id\":\"https:\\\/\\\/www.eldigitaldeasturias.com\\\/noticias\\\/el-funeral-de-stephen-hawking-sera-en-cambridge-el-31-de-marzo\\\/#breadcrumblist\"},\"author\":{\"@id\":\"https:\\\/\\\/www.eldigitaldeasturias.com\\\/noticias\\\/author\\\/admin\\\/#author\"},\"creator\":{\"@id\":\"https:\\\/\\\/www.eldigitaldeasturias.com\\\/noticias\\\/author\\\/admin\\\/#author\"},\"image\":{\"@type\":\"ImageObject\",\"url\":971936,\"@id\":\"https:\\\/\\\/www.eldigitaldeasturias.com\\\/noticias\\\/el-funeral-de-stephen-hawking-sera-en-cambridge-el-31-de-marzo\\\/#mainImage\"},\"primaryImageOfPage\":{\"@id\":\"https:\\\/\\\/www.eldigitaldeasturias.com\\\/noticias\\\/el-funeral-de-stephen-hawking-sera-en-cambridge-el-31-de-marzo\\\/#mainImage\"},\"datePublished\":\"2018-03-20T22:06:07+01:00\",\"dateModified\":\"2018-03-20T22:06:07+01:00\"},{\"@type\":\"WebSite\",\"@id\":\"https:\\\/\\\/www.eldigitaldeasturias.com\\\/noticias\\\/#website\",\"url\":\"https:\\\/\\\/www.eldigitaldeasturias.com\\\/noticias\\\/\",\"name\":\"El Digital de Asturias - Diario de actualidad y noticias\",\"alternateName\":\"El Digital de Asturias - Diario de actualidad y noticias\",\"description\":\"Hemeroteca\",\"inLanguage\":\"es-ES\",\"publisher\":{\"@id\":\"https:\\\/\\\/www.eldigitaldeasturias.com\\\/noticias\\\/#organization\"}}]}\n\t\t<\/script>\n\t\t<!-- All in One SEO Pro -->\r\n\t\t<title>El funeral de Stephen Hawking ser\u00e1 en Cambridge el 31 de marzo - El Digital de Asturias<\/title>\n\n","aioseo_head_json":{"title":"El funeral de Stephen Hawking ser\u00e1 en Cambridge el 31 de marzo - El Digital de Asturias","description":"Cambridge, 20 mar (dpa) - El funeral por el astrof\u00edsico Stephen Hawking tendr\u00e1 lugar el 31 de marzo a las 14:00 GMT en en la iglesia de St. Mary's, en la Universidad de Cambridge, anunci\u00f3 hoy la familia. A la ceremonia est\u00e1n invitados adem\u00e1s de sus familiares y amigos, sus compa\u00f1eros de trabajo. El investigador","canonical_url":"https:\/\/www.eldigitaldeasturias.com\/noticias\/el-funeral-de-stephen-hawking-sera-en-cambridge-el-31-de-marzo\/","robots":"max-image-preview:large","keywords":"actualidad","webmasterTools":{"google-site-verification":"UA-38556648-1","msvalidate.01":"7dfe9f3f1b24437ab69f4f2559babe99","miscellaneous":""},"schema":{"@context":"https:\/\/schema.org","@graph":[{"@type":"BlogPosting","@id":"https:\/\/www.eldigitaldeasturias.com\/noticias\/el-funeral-de-stephen-hawking-sera-en-cambridge-el-31-de-marzo\/#blogposting","name":"El funeral de Stephen Hawking ser\u00e1 en Cambridge el 31 de marzo - El Digital de Asturias","headline":"El funeral de Stephen Hawking ser\u00e1 en Cambridge el 31 de marzo","author":{"@id":"https:\/\/www.eldigitaldeasturias.com\/noticias\/author\/admin\/#author"},"publisher":{"@id":"https:\/\/www.eldigitaldeasturias.com\/noticias\/#organization"},"image":{"@type":"ImageObject","url":971936},"datePublished":"2018-03-20T22:06:07+01:00","dateModified":"2018-03-20T22:06:07+01:00","inLanguage":"es-ES","mainEntityOfPage":{"@id":"https:\/\/www.eldigitaldeasturias.com\/noticias\/el-funeral-de-stephen-hawking-sera-en-cambridge-el-31-de-marzo\/#webpage"},"isPartOf":{"@id":"https:\/\/www.eldigitaldeasturias.com\/noticias\/el-funeral-de-stephen-hawking-sera-en-cambridge-el-31-de-marzo\/#webpage"},"articleSection":"Actualidad"},{"@type":"BreadcrumbList","@id":"https:\/\/www.eldigitaldeasturias.com\/noticias\/el-funeral-de-stephen-hawking-sera-en-cambridge-el-31-de-marzo\/#breadcrumblist","itemListElement":[{"@type":"ListItem","@id":"https:\/\/www.eldigitaldeasturias.com\/noticias#listItem","position":1,"name":"Home","item":"https:\/\/www.eldigitaldeasturias.com\/noticias","nextItem":{"@type":"ListItem","@id":"https:\/\/www.eldigitaldeasturias.com\/noticias\/category\/actualidad\/#listItem","name":"Actualidad"}},{"@type":"ListItem","@id":"https:\/\/www.eldigitaldeasturias.com\/noticias\/category\/actualidad\/#listItem","position":2,"name":"Actualidad","item":"https:\/\/www.eldigitaldeasturias.com\/noticias\/category\/actualidad\/","nextItem":{"@type":"ListItem","@id":"https:\/\/www.eldigitaldeasturias.com\/noticias\/el-funeral-de-stephen-hawking-sera-en-cambridge-el-31-de-marzo\/#listItem","name":"El funeral de Stephen Hawking ser\u00e1 en Cambridge el 31 de marzo"},"previousItem":{"@type":"ListItem","@id":"https:\/\/www.eldigitaldeasturias.com\/noticias#listItem","name":"Home"}},{"@type":"ListItem","@id":"https:\/\/www.eldigitaldeasturias.com\/noticias\/el-funeral-de-stephen-hawking-sera-en-cambridge-el-31-de-marzo\/#listItem","position":3,"name":"El funeral de Stephen Hawking ser\u00e1 en Cambridge el 31 de marzo","previousItem":{"@type":"ListItem","@id":"https:\/\/www.eldigitaldeasturias.com\/noticias\/category\/actualidad\/#listItem","name":"Actualidad"}}]},{"@type":"Organization","@id":"https:\/\/www.eldigitaldeasturias.com\/noticias\/#organization","name":"El Digital de Asturias","description":"Hemeroteca","url":"https:\/\/www.eldigitaldeasturias.com\/noticias\/","email":"info@eldigitaldeasturias.com","telephone":"+34652131393","logo":{"@type":"ImageObject","url":"https:\/\/www.eldigitaldeasturias.com\/noticias\/wp-content\/uploads\/2020\/12\/EDA.jpg","@id":"https:\/\/www.eldigitaldeasturias.com\/noticias\/el-funeral-de-stephen-hawking-sera-en-cambridge-el-31-de-marzo\/#organizationLogo"},"image":{"@id":"https:\/\/www.eldigitaldeasturias.com\/noticias\/el-funeral-de-stephen-hawking-sera-en-cambridge-el-31-de-marzo\/#organizationLogo"},"sameAs":["https:\/\/facebook.com\/eldigitaldeasturias","https:\/\/www.youtube.com\/channel\/UCZP-2wLEB9Rv6erhFmqVnvg"],"address":{"@id":"https:\/\/www.eldigitaldeasturias.com\/noticias\/#postaladdress","@type":"PostalAddress","streetAddress":"san antonio 4","postalCode":"33430","addressLocality":"Cand\u00e1s","addressRegion":"Asturias","addressCountry":"ES"}},{"@type":"Person","@id":"https:\/\/www.eldigitaldeasturias.com\/noticias\/author\/admin\/#author","url":"https:\/\/www.eldigitaldeasturias.com\/noticias\/author\/admin\/","name":"El Digital de Asturias","image":{"@type":"ImageObject","@id":"https:\/\/www.eldigitaldeasturias.com\/noticias\/el-funeral-de-stephen-hawking-sera-en-cambridge-el-31-de-marzo\/#authorImage","url":"https:\/\/secure.gravatar.com\/avatar\/df2aeffc32bcd13f8d26072ef8a91b623d677766deac7f97ca815868cd41bf5e?s=96&d=mm&r=g","width":96,"height":96,"caption":"El Digital de Asturias"}},{"@type":"WebPage","@id":"https:\/\/www.eldigitaldeasturias.com\/noticias\/el-funeral-de-stephen-hawking-sera-en-cambridge-el-31-de-marzo\/#webpage","url":"https:\/\/www.eldigitaldeasturias.com\/noticias\/el-funeral-de-stephen-hawking-sera-en-cambridge-el-31-de-marzo\/","name":"El funeral de Stephen Hawking ser\u00e1 en Cambridge el 31 de marzo - El Digital de Asturias","description":"Cambridge, 20 mar (dpa) - El funeral por el astrof\u00edsico Stephen Hawking tendr\u00e1 lugar el 31 de marzo a las 14:00 GMT en en la iglesia de St. Mary's, en la Universidad de Cambridge, anunci\u00f3 hoy la familia. A la ceremonia est\u00e1n invitados adem\u00e1s de sus familiares y amigos, sus compa\u00f1eros de trabajo. El investigador","inLanguage":"es-ES","isPartOf":{"@id":"https:\/\/www.eldigitaldeasturias.com\/noticias\/#website"},"breadcrumb":{"@id":"https:\/\/www.eldigitaldeasturias.com\/noticias\/el-funeral-de-stephen-hawking-sera-en-cambridge-el-31-de-marzo\/#breadcrumblist"},"author":{"@id":"https:\/\/www.eldigitaldeasturias.com\/noticias\/author\/admin\/#author"},"creator":{"@id":"https:\/\/www.eldigitaldeasturias.com\/noticias\/author\/admin\/#author"},"image":{"@type":"ImageObject","url":971936,"@id":"https:\/\/www.eldigitaldeasturias.com\/noticias\/el-funeral-de-stephen-hawking-sera-en-cambridge-el-31-de-marzo\/#mainImage"},"primaryImageOfPage":{"@id":"https:\/\/www.eldigitaldeasturias.com\/noticias\/el-funeral-de-stephen-hawking-sera-en-cambridge-el-31-de-marzo\/#mainImage"},"datePublished":"2018-03-20T22:06:07+01:00","dateModified":"2018-03-20T22:06:07+01:00"},{"@type":"WebSite","@id":"https:\/\/www.eldigitaldeasturias.com\/noticias\/#website","url":"https:\/\/www.eldigitaldeasturias.com\/noticias\/","name":"El Digital de Asturias - Diario de actualidad y noticias","alternateName":"El Digital de Asturias - Diario de actualidad y noticias","description":"Hemeroteca","inLanguage":"es-ES","publisher":{"@id":"https:\/\/www.eldigitaldeasturias.com\/noticias\/#organization"}}]},"og:locale":"es_ES","og:site_name":"El Digital de Asturias","og:type":"article","og:title":"El funeral de Stephen Hawking ser\u00e1 en Cambridge el 31 de marzo - El Digital de Asturias","og:description":"Cambridge, 20 mar (dpa) - El funeral por el astrof\u00edsico Stephen Hawking tendr\u00e1 lugar el 31 de marzo a las 14:00 GMT en en la iglesia de St. Mary's, en la Universidad de Cambridge, anunci\u00f3 hoy la familia. A la ceremonia est\u00e1n invitados adem\u00e1s de sus familiares y amigos, sus compa\u00f1eros de trabajo. El investigador","og:url":"https:\/\/www.eldigitaldeasturias.com\/noticias\/el-funeral-de-stephen-hawking-sera-en-cambridge-el-31-de-marzo\/","article:tag":["actualidad"],"article:published_time":"2018-03-20T22:06:07+00:00","article:modified_time":"2018-03-20T22:06:07+00:00","article:publisher":"https:\/\/facebook.com\/eldigitaldeasturias","twitter:card":"summary_large_image","twitter:title":"El funeral de Stephen Hawking ser\u00e1 en Cambridge el 31 de marzo - El Digital de Asturias","twitter:description":"Cambridge, 20 mar (dpa) - El funeral por el astrof\u00edsico Stephen Hawking tendr\u00e1 lugar el 31 de marzo a las 14:00 GMT en en la iglesia de St. Mary's, en la Universidad de Cambridge, anunci\u00f3 hoy la familia. A la ceremonia est\u00e1n invitados adem\u00e1s de sus familiares y amigos, sus compa\u00f1eros de trabajo. El investigador","twitter:image":"https:\/\/www.eldigitaldeasturias.com\/noticias\/wp-content\/uploads\/2020\/12\/EDA-1.jpg","twitter:label1":"Escrito por","twitter:data1":"El Digital de Asturias","twitter:label2":"Tiempo de lectura estimado","twitter:data2":"1 minuto"},"aioseo_meta_data":{"post_id":"972829","title":null,"description":null,"keywords":null,"keyphrases":null,"primary_term":null,"canonical_url":null,"og_title":null,"og_description":null,"og_object_type":"default","og_image_type":"default","og_image_url":null,"og_image_width":null,"og_image_height":null,"og_image_custom_url":null,"og_image_custom_fields":null,"og_video":null,"og_custom_url":null,"og_article_section":null,"og_article_tags":null,"twitter_use_og":false,"twitter_card":"default","twitter_image_type":"default","twitter_image_url":null,"twitter_image_custom_url":null,"twitter_image_custom_fields":null,"twitter_title":null,"twitter_description":null,"schema":{"blockGraphs":[],"customGraphs":[],"default":{"data":{"Article":[],"Course":[],"Dataset":[],"FAQPage":[],"Movie":[],"Person":[],"Product":[],"ProductReview":[],"Car":[],"Recipe":[],"Service":[],"SoftwareApplication":[],"WebPage":[]},"graphName":"","isEnabled":true},"graphs":[],"defaultGraph":"","defaultPostTypeGraph":""},"schema_type":null,"schema_type_options":null,"pillar_content":false,"robots_default":true,"robots_noindex":false,"robots_noarchive":false,"robots_nosnippet":false,"robots_nofollow":false,"robots_noimageindex":false,"robots_noodp":false,"robots_notranslate":false,"robots_max_snippet":null,"robots_max_videopreview":null,"robots_max_imagepreview":"large","priority":null,"frequency":null,"local_seo":null,"seo_analyzer_scan_date":"2025-10-07 14:06:11","breadcrumb_settings":null,"limit_modified_date":false,"open_ai":null,"ai":null,"created":"2020-12-21 12:17:41","updated":"2025-10-07 14:06:11","focus_keyword":null,"additional_keywords":null,"truseo_locale":null},"aioseo_breadcrumb":"<div class=\"aioseo-breadcrumbs\"><span class=\"aioseo-breadcrumb\">\n\t<a href=\"https:\/\/www.eldigitaldeasturias.com\/noticias\" title=\"Home\">Home<\/a>\n<\/span><span class=\"aioseo-breadcrumb-separator\">\u2013<\/span><span class=\"aioseo-breadcrumb\">\n\t<a href=\"https:\/\/www.eldigitaldeasturias.com\/noticias\/category\/actualidad\/\" title=\"Actualidad\">Actualidad<\/a>\n<\/span><span class=\"aioseo-breadcrumb-separator\">\u2013<\/span><span class=\"aioseo-breadcrumb\">\n\t<a href=\"https:\/\/www.eldigitaldeasturias.com\/noticias\/el-funeral-de-stephen-hawking-sera-en-cambridge-el-31-de-marzo\/\" title=\"El funeral de Stephen Hawking ser\u00e1 en Cambridge el 31 de marzo\">El funeral de Stephen Hawking ser\u00e1 en Cambridge el 31 de marzo<\/a>\n<\/span><\/div>","aioseo_breadcrumb_json":[{"label":"Home","link":"https:\/\/www.eldigitaldeasturias.com\/noticias"},{"label":"Actualidad","link":"https:\/\/www.eldigitaldeasturias.com\/noticias\/category\/actualidad\/"},{"label":"El funeral de Stephen Hawking ser\u00e1 en Cambridge el 31 de marzo","link":"https:\/\/www.eldigitaldeasturias.com\/noticias\/el-funeral-de-stephen-hawking-sera-en-cambridge-el-31-de-marzo\/"}],"_links":{"self":[{"href":"https:\/\/www.eldigitaldeasturias.com\/noticias\/wp-json\/wp\/v2\/posts\/972829","targetHints":{"allow":["GET"]}}],"collection":[{"href":"https:\/\/www.eldigitaldeasturias.com\/noticias\/wp-json\/wp\/v2\/posts"}],"about":[{"href":"https:\/\/www.eldigitaldeasturias.com\/noticias\/wp-json\/wp\/v2\/types\/post"}],"author":[{"embeddable":true,"href":"https:\/\/www.eldigitaldeasturias.com\/noticias\/wp-json\/wp\/v2\/users\/1"}],"replies":[{"embeddable":true,"href":"https:\/\/www.eldigitaldeasturias.com\/noticias\/wp-json\/wp\/v2\/comments?post=972829"}],"version-history":[{"count":0,"href":"https:\/\/www.eldigitaldeasturias.com\/noticias\/wp-json\/wp\/v2\/posts\/972829\/revisions"}],"wp:attachment":[{"href":"https:\/\/www.eldigitaldeasturias.com\/noticias\/wp-json\/wp\/v2\/media?parent=972829"}],"wp:term":[{"taxonomy":"category","embeddable":true,"href":"https:\/\/www.eldigitaldeasturias.com\/noticias\/wp-json\/wp\/v2\/categories?post=972829"},{"taxonomy":"post_tag","embeddable":true,"href":"https:\/\/www.eldigitaldeasturias.com\/noticias\/wp-json\/wp\/v2\/tags?post=972829"}],"curies":[{"name":"wp","href":"https:\/\/api.w.org\/{rel}","templated":true}]}}