{"id":972827,"date":"2018-03-20T22:02:43","date_gmt":"2018-03-20T22:02:43","guid":{"rendered":"http:\/\/www.eldigitaldeasturias.com\/noticias\/?p=972827"},"modified":"2018-03-20T22:02:43","modified_gmt":"2018-03-20T22:02:43","slug":"sarkozy-interrogado-por-la-presunta-financiacion-libia","status":"publish","type":"post","link":"https:\/\/www.eldigitaldeasturias.com\/noticias\/sarkozy-interrogado-por-la-presunta-financiacion-libia\/","title":{"rendered":"Sarkozy interrogado por la \u201cpresunta\u201d financiaci\u00f3n libia"},"content":{"rendered":"<p><img loading=\"lazy\" decoding=\"async\" class=\"alignleft size-medium wp-image-554933\" src=\"https:\/\/www.eldigitaldeasturias.com\/noticias\/wp-content\/uploads\/2014\/07\/6423741w-360x247.jpg\" alt=\"\" width=\"360\" height=\"247\" \/>Par\u00eds, 20 mar (dpa) &#8211; El ex presidente franc\u00e9s Nicolas Sarkozy ha sido detenido por la Polic\u00eda en el marco de las investigaciones de la Justicia sobre la supuesta financiaci\u00f3n de su campa\u00f1a electoral de 2007 con fondos procedentes de Libia, seg\u00fan confirm\u00f3 hoy a dpa una persona entendida en el asunto.<\/p>\n<p>Seg\u00fan el peri\u00f3dico \u00abLe Monde\u00bb, el pol\u00edtico conservador de 63 a\u00f1os est\u00e1 siendo interrogado en la ciudad de Nanterre, al oeste de Par\u00eds. De momento no se sabe cu\u00e1nto tiempo durar\u00e1 el interrogatorio.<\/p>\n<p>En Francia, la custodia policial puede durar hasta 48 horas y despu\u00e9s existe la posibilidad de que se abra una investigaci\u00f3n en su contra, pero no es algo seguro. La fiscal\u00eda no ha emitido ning\u00fan comunicado por el momento.<\/p>\n<p>Sarkozy, quien fue presidente de 2007 a 2012, rechaza las acusaciones que aseguran que hab\u00eda aceptado fondos de Libia para financiar su campa\u00f1a electoral de 2007. La fiscal\u00eda de Par\u00eds hab\u00eda iniciado en abril de 2013 una investigaci\u00f3n sobre las acusaciones.<\/p>\n<p>Seg\u00fan medios franceses, es la primera vez que Sarkozy es interrogado por este asunto. Seg\u00fan la emisora BFMTV, fue llamado a declarar por la fiscal\u00eda y acudi\u00f3 acompa\u00f1ado por su abogado Thierry Herzog.<\/p>\n<p>Seg\u00fan los medios, la fiscal\u00eda financiera reuni\u00f3 cientos de documentos del affaire, un caso considerado extremadamente complicado. Ya se abrieron procesos contra algunos sospechosos.<\/p>\n<p>Medios franceses indicaron que tambi\u00e9n est\u00e1 siendo interrogado, pero sin estar detenido, el ex ministro Brice Hortefeux, un hombre de confianza de Sarkozy.<\/p>\n<p>El primer ministro \u00c9douard Philippe declin\u00f3 comentar la actuaci\u00f3n de la Justicia. Philippe, ex compa\u00f1ero de partido de Sarkozy, s\u00ed admiti\u00f3 en declaraciones a la emisora televisiva BFMTV que en ocasiones sus relaciones con el ex presidente hab\u00edan sido \u00abdif\u00edciles\u00bb, aunque dijo que se ten\u00edan \u00abrespeto mutuo\u00bb.<\/p>\n<p>El empresario Ziad Takieddine dijo en una entrevista concedida al portal noticioso \u00abMediapart\u00bb que a finales de 2006 o principios de 2007 hab\u00eda llevado al Ministerio franc\u00e9s del Interior varias maletas, preparadas por el r\u00e9gimen libio de Muammar Gadafi, con un total de cinco millones de euros. En aquel entonces, Sarkozy se desempe\u00f1aba como ministro del Interior.<\/p>\n<p>En 2012, \u00abMediapart\u00bb public\u00f3 una informaci\u00f3n que se\u00f1alaba que el r\u00e9gimen de Gaddafi habr\u00eda cofinanciado la campa\u00f1a con unos 50 millones de euros.<\/p>\n<p>La emisora BFMTV inform\u00f3 que varios testigos reconocieron que durante la campa\u00f1a de 2007 circul\u00f3 dinero en efectivo en la sede central de su partido, la Uni\u00f3n por un Movimiento Popular (UMP), algo que sin embargo no fue confirmado.<\/p>\n<p>El partido, rebautizado hoy como Los Republicanos, apoya a Sarkozy, e insiste en la presunci\u00f3n de inocencia.<\/p>\n<p>Sarkozy recibi\u00f3 a Gadafi al comenzar su mandato en la presidencia a finales de 2007 durante una visita a Par\u00eds. Sin embargo, en 2011 el Ej\u00e9rcito franc\u00e9s particip\u00f3 en los bombardeos que derrocaron su r\u00e9gimen dictatorial en el pa\u00eds africano.<\/p>\n<p><i class=\"lang-es\"><span class=\" readonly\" title=\"\">Por Christian B\u00f6hmer (dpa)<\/span><\/i><\/p>\n","protected":false},"excerpt":{"rendered":"<p>Par\u00eds, 20 mar (dpa) &#8211; El ex presidente franc\u00e9s Nicolas Sarkozy ha sido detenido por la Polic\u00eda en el marco de las investigaciones de la Justicia sobre la supuesta financiaci\u00f3n de su campa\u00f1a electoral de 2007 con fondos procedentes de Libia, seg\u00fan confirm\u00f3 hoy a dpa una persona entendida en el asunto. Seg\u00fan el peri\u00f3dico [&hellip;]<\/p>\n","protected":false},"author":1,"featured_media":554933,"comment_status":"closed","ping_status":"closed","sticky":false,"template":"","format":"standard","meta":{"footnotes":""},"categories":[1],"tags":[],"class_list":["post-972827","post","type-post","status-publish","format-standard","has-post-thumbnail","hentry","category-actualidad"],"aioseo_notices":[],"aioseo_head":"\n\t\t<!-- All in One SEO Pro 5.0.1 - aioseo.com -->\n\t<meta name=\"description\" content=\"Par\u00eds, 20 mar (dpa) - El ex presidente franc\u00e9s Nicolas Sarkozy ha sido detenido por la Polic\u00eda en el marco de las investigaciones de la Justicia sobre la supuesta financiaci\u00f3n de su campa\u00f1a electoral de 2007 con fondos procedentes de Libia, seg\u00fan confirm\u00f3 hoy a dpa una persona entendida en el asunto. Seg\u00fan el peri\u00f3dico\" \/>\n\t<meta name=\"robots\" content=\"max-image-preview:large\" \/>\n\t<meta name=\"author\" content=\"El Digital de Asturias\"\/>\n\t<meta name=\"google-site-verification\" content=\"UA-38556648-1\" \/>\n\t<meta name=\"msvalidate.01\" content=\"7dfe9f3f1b24437ab69f4f2559babe99\" \/>\n\t<meta name=\"keywords\" content=\"actualidad\" \/>\n\t<link rel=\"canonical\" href=\"https:\/\/www.eldigitaldeasturias.com\/noticias\/sarkozy-interrogado-por-la-presunta-financiacion-libia\/\" \/>\n\t<meta name=\"generator\" content=\"All in One SEO Pro (AIOSEO) 5.0.1\" \/>\n\t\t<meta property=\"og:locale\" content=\"es_ES\" \/>\n\t\t<meta property=\"og:site_name\" content=\"El Digital de Asturias\" \/>\n\t\t<meta property=\"og:type\" content=\"article\" \/>\n\t\t<meta property=\"og:title\" content=\"Sarkozy interrogado por la \u201cpresunta\u201d financiaci\u00f3n libia - El Digital de Asturias\" \/>\n\t\t<meta property=\"og:description\" content=\"Par\u00eds, 20 mar (dpa) - El ex presidente franc\u00e9s Nicolas Sarkozy ha sido detenido por la Polic\u00eda en el marco de las investigaciones de la Justicia sobre la supuesta financiaci\u00f3n de su campa\u00f1a electoral de 2007 con fondos procedentes de Libia, seg\u00fan confirm\u00f3 hoy a dpa una persona entendida en el asunto. Seg\u00fan el peri\u00f3dico\" \/>\n\t\t<meta property=\"og:url\" content=\"https:\/\/www.eldigitaldeasturias.com\/noticias\/sarkozy-interrogado-por-la-presunta-financiacion-libia\/\" \/>\n\t\t<meta property=\"article:tag\" content=\"actualidad\" \/>\n\t\t<meta property=\"article:published_time\" content=\"2018-03-20T22:02:43+00:00\" \/>\n\t\t<meta property=\"article:modified_time\" content=\"2018-03-20T22:02:43+00:00\" \/>\n\t\t<meta property=\"article:publisher\" content=\"https:\/\/facebook.com\/eldigitaldeasturias\" \/>\n\t\t<meta name=\"twitter:card\" content=\"summary_large_image\" \/>\n\t\t<meta name=\"twitter:title\" content=\"Sarkozy interrogado por la \u201cpresunta\u201d financiaci\u00f3n libia - El Digital de Asturias\" \/>\n\t\t<meta name=\"twitter:description\" content=\"Par\u00eds, 20 mar (dpa) - El ex presidente franc\u00e9s Nicolas Sarkozy ha sido detenido por la Polic\u00eda en el marco de las investigaciones de la Justicia sobre la supuesta financiaci\u00f3n de su campa\u00f1a electoral de 2007 con fondos procedentes de Libia, seg\u00fan confirm\u00f3 hoy a dpa una persona entendida en el asunto. Seg\u00fan el peri\u00f3dico\" \/>\n\t\t<meta name=\"twitter:image\" content=\"https:\/\/www.eldigitaldeasturias.com\/noticias\/wp-content\/uploads\/2020\/12\/EDA-1.jpg\" \/>\n\t\t<meta name=\"twitter:label1\" content=\"Escrito por\" \/>\n\t\t<meta name=\"twitter:data1\" content=\"El Digital de Asturias\" \/>\n\t\t<meta name=\"twitter:label2\" content=\"Tiempo de lectura estimado\" \/>\n\t\t<meta name=\"twitter:data2\" content=\"3 minutos\" \/>\n\t\t<script type=\"application\/ld+json\" class=\"aioseo-schema\">\n\t\t\t{\"@context\":\"https:\\\/\\\/schema.org\",\"@graph\":[{\"@type\":\"BlogPosting\",\"@id\":\"https:\\\/\\\/www.eldigitaldeasturias.com\\\/noticias\\\/sarkozy-interrogado-por-la-presunta-financiacion-libia\\\/#blogposting\",\"name\":\"Sarkozy interrogado por la \\u201cpresunta\\u201d financiaci\\u00f3n libia - El Digital de Asturias\",\"headline\":\"Sarkozy interrogado por la \\u201cpresunta\\u201d financiaci\\u00f3n libia\",\"author\":{\"@id\":\"https:\\\/\\\/www.eldigitaldeasturias.com\\\/noticias\\\/author\\\/admin\\\/#author\"},\"publisher\":{\"@id\":\"https:\\\/\\\/www.eldigitaldeasturias.com\\\/noticias\\\/#organization\"},\"image\":{\"@type\":\"ImageObject\",\"url\":554933},\"datePublished\":\"2018-03-20T22:02:43+01:00\",\"dateModified\":\"2018-03-20T22:02:43+01:00\",\"inLanguage\":\"es-ES\",\"mainEntityOfPage\":{\"@id\":\"https:\\\/\\\/www.eldigitaldeasturias.com\\\/noticias\\\/sarkozy-interrogado-por-la-presunta-financiacion-libia\\\/#webpage\"},\"isPartOf\":{\"@id\":\"https:\\\/\\\/www.eldigitaldeasturias.com\\\/noticias\\\/sarkozy-interrogado-por-la-presunta-financiacion-libia\\\/#webpage\"},\"articleSection\":\"Actualidad\"},{\"@type\":\"BreadcrumbList\",\"@id\":\"https:\\\/\\\/www.eldigitaldeasturias.com\\\/noticias\\\/sarkozy-interrogado-por-la-presunta-financiacion-libia\\\/#breadcrumblist\",\"itemListElement\":[{\"@type\":\"ListItem\",\"@id\":\"https:\\\/\\\/www.eldigitaldeasturias.com\\\/noticias#listItem\",\"position\":1,\"name\":\"Home\",\"item\":\"https:\\\/\\\/www.eldigitaldeasturias.com\\\/noticias\",\"nextItem\":{\"@type\":\"ListItem\",\"@id\":\"https:\\\/\\\/www.eldigitaldeasturias.com\\\/noticias\\\/category\\\/actualidad\\\/#listItem\",\"name\":\"Actualidad\"}},{\"@type\":\"ListItem\",\"@id\":\"https:\\\/\\\/www.eldigitaldeasturias.com\\\/noticias\\\/category\\\/actualidad\\\/#listItem\",\"position\":2,\"name\":\"Actualidad\",\"item\":\"https:\\\/\\\/www.eldigitaldeasturias.com\\\/noticias\\\/category\\\/actualidad\\\/\",\"nextItem\":{\"@type\":\"ListItem\",\"@id\":\"https:\\\/\\\/www.eldigitaldeasturias.com\\\/noticias\\\/sarkozy-interrogado-por-la-presunta-financiacion-libia\\\/#listItem\",\"name\":\"Sarkozy interrogado por la \\u201cpresunta\\u201d financiaci\\u00f3n libia\"},\"previousItem\":{\"@type\":\"ListItem\",\"@id\":\"https:\\\/\\\/www.eldigitaldeasturias.com\\\/noticias#listItem\",\"name\":\"Home\"}},{\"@type\":\"ListItem\",\"@id\":\"https:\\\/\\\/www.eldigitaldeasturias.com\\\/noticias\\\/sarkozy-interrogado-por-la-presunta-financiacion-libia\\\/#listItem\",\"position\":3,\"name\":\"Sarkozy interrogado por la \\u201cpresunta\\u201d financiaci\\u00f3n libia\",\"previousItem\":{\"@type\":\"ListItem\",\"@id\":\"https:\\\/\\\/www.eldigitaldeasturias.com\\\/noticias\\\/category\\\/actualidad\\\/#listItem\",\"name\":\"Actualidad\"}}]},{\"@type\":\"Organization\",\"@id\":\"https:\\\/\\\/www.eldigitaldeasturias.com\\\/noticias\\\/#organization\",\"name\":\"El Digital de Asturias\",\"description\":\"Hemeroteca\",\"url\":\"https:\\\/\\\/www.eldigitaldeasturias.com\\\/noticias\\\/\",\"email\":\"info@eldigitaldeasturias.com\",\"telephone\":\"+34652131393\",\"logo\":{\"@type\":\"ImageObject\",\"url\":\"https:\\\/\\\/www.eldigitaldeasturias.com\\\/noticias\\\/wp-content\\\/uploads\\\/2020\\\/12\\\/EDA.jpg\",\"@id\":\"https:\\\/\\\/www.eldigitaldeasturias.com\\\/noticias\\\/sarkozy-interrogado-por-la-presunta-financiacion-libia\\\/#organizationLogo\"},\"image\":{\"@id\":\"https:\\\/\\\/www.eldigitaldeasturias.com\\\/noticias\\\/sarkozy-interrogado-por-la-presunta-financiacion-libia\\\/#organizationLogo\"},\"sameAs\":[\"https:\\\/\\\/facebook.com\\\/eldigitaldeasturias\",\"https:\\\/\\\/www.youtube.com\\\/channel\\\/UCZP-2wLEB9Rv6erhFmqVnvg\"],\"address\":{\"@id\":\"https:\\\/\\\/www.eldigitaldeasturias.com\\\/noticias\\\/#postaladdress\",\"@type\":\"PostalAddress\",\"streetAddress\":\"san antonio 4\",\"postalCode\":\"33430\",\"addressLocality\":\"Cand\\u00e1s\",\"addressRegion\":\"Asturias\",\"addressCountry\":\"ES\"}},{\"@type\":\"Person\",\"@id\":\"https:\\\/\\\/www.eldigitaldeasturias.com\\\/noticias\\\/author\\\/admin\\\/#author\",\"url\":\"https:\\\/\\\/www.eldigitaldeasturias.com\\\/noticias\\\/author\\\/admin\\\/\",\"name\":\"El Digital de Asturias\",\"image\":{\"@type\":\"ImageObject\",\"@id\":\"https:\\\/\\\/www.eldigitaldeasturias.com\\\/noticias\\\/sarkozy-interrogado-por-la-presunta-financiacion-libia\\\/#authorImage\",\"url\":\"https:\\\/\\\/secure.gravatar.com\\\/avatar\\\/df2aeffc32bcd13f8d26072ef8a91b623d677766deac7f97ca815868cd41bf5e?s=96&d=mm&r=g\",\"width\":96,\"height\":96,\"caption\":\"El Digital de Asturias\"}},{\"@type\":\"WebPage\",\"@id\":\"https:\\\/\\\/www.eldigitaldeasturias.com\\\/noticias\\\/sarkozy-interrogado-por-la-presunta-financiacion-libia\\\/#webpage\",\"url\":\"https:\\\/\\\/www.eldigitaldeasturias.com\\\/noticias\\\/sarkozy-interrogado-por-la-presunta-financiacion-libia\\\/\",\"name\":\"Sarkozy interrogado por la \\u201cpresunta\\u201d financiaci\\u00f3n libia - El Digital de Asturias\",\"description\":\"Par\\u00eds, 20 mar (dpa) - El ex presidente franc\\u00e9s Nicolas Sarkozy ha sido detenido por la Polic\\u00eda en el marco de las investigaciones de la Justicia sobre la supuesta financiaci\\u00f3n de su campa\\u00f1a electoral de 2007 con fondos procedentes de Libia, seg\\u00fan confirm\\u00f3 hoy a dpa una persona entendida en el asunto. Seg\\u00fan el peri\\u00f3dico\",\"inLanguage\":\"es-ES\",\"isPartOf\":{\"@id\":\"https:\\\/\\\/www.eldigitaldeasturias.com\\\/noticias\\\/#website\"},\"breadcrumb\":{\"@id\":\"https:\\\/\\\/www.eldigitaldeasturias.com\\\/noticias\\\/sarkozy-interrogado-por-la-presunta-financiacion-libia\\\/#breadcrumblist\"},\"author\":{\"@id\":\"https:\\\/\\\/www.eldigitaldeasturias.com\\\/noticias\\\/author\\\/admin\\\/#author\"},\"creator\":{\"@id\":\"https:\\\/\\\/www.eldigitaldeasturias.com\\\/noticias\\\/author\\\/admin\\\/#author\"},\"image\":{\"@type\":\"ImageObject\",\"url\":554933,\"@id\":\"https:\\\/\\\/www.eldigitaldeasturias.com\\\/noticias\\\/sarkozy-interrogado-por-la-presunta-financiacion-libia\\\/#mainImage\"},\"primaryImageOfPage\":{\"@id\":\"https:\\\/\\\/www.eldigitaldeasturias.com\\\/noticias\\\/sarkozy-interrogado-por-la-presunta-financiacion-libia\\\/#mainImage\"},\"datePublished\":\"2018-03-20T22:02:43+01:00\",\"dateModified\":\"2018-03-20T22:02:43+01:00\"},{\"@type\":\"WebSite\",\"@id\":\"https:\\\/\\\/www.eldigitaldeasturias.com\\\/noticias\\\/#website\",\"url\":\"https:\\\/\\\/www.eldigitaldeasturias.com\\\/noticias\\\/\",\"name\":\"El Digital de Asturias - Diario de actualidad y noticias\",\"alternateName\":\"El Digital de Asturias - Diario de actualidad y noticias\",\"description\":\"Hemeroteca\",\"inLanguage\":\"es-ES\",\"publisher\":{\"@id\":\"https:\\\/\\\/www.eldigitaldeasturias.com\\\/noticias\\\/#organization\"}}]}\n\t\t<\/script>\n\t\t<!-- All in One SEO Pro -->\r\n\t\t<title>Sarkozy interrogado por la \u201cpresunta\u201d financiaci\u00f3n libia - El Digital de Asturias<\/title>\n\n","aioseo_head_json":{"title":"Sarkozy interrogado por la \u201cpresunta\u201d financiaci\u00f3n libia - El Digital de Asturias","description":"Par\u00eds, 20 mar (dpa) - El ex presidente franc\u00e9s Nicolas Sarkozy ha sido detenido por la Polic\u00eda en el marco de las investigaciones de la Justicia sobre la supuesta financiaci\u00f3n de su campa\u00f1a electoral de 2007 con fondos procedentes de Libia, seg\u00fan confirm\u00f3 hoy a dpa una persona entendida en el asunto. Seg\u00fan el peri\u00f3dico","canonical_url":"https:\/\/www.eldigitaldeasturias.com\/noticias\/sarkozy-interrogado-por-la-presunta-financiacion-libia\/","robots":"max-image-preview:large","keywords":"actualidad","webmasterTools":{"google-site-verification":"UA-38556648-1","msvalidate.01":"7dfe9f3f1b24437ab69f4f2559babe99","miscellaneous":""},"schema":{"@context":"https:\/\/schema.org","@graph":[{"@type":"BlogPosting","@id":"https:\/\/www.eldigitaldeasturias.com\/noticias\/sarkozy-interrogado-por-la-presunta-financiacion-libia\/#blogposting","name":"Sarkozy interrogado por la \u201cpresunta\u201d financiaci\u00f3n libia - El Digital de Asturias","headline":"Sarkozy interrogado por la \u201cpresunta\u201d financiaci\u00f3n libia","author":{"@id":"https:\/\/www.eldigitaldeasturias.com\/noticias\/author\/admin\/#author"},"publisher":{"@id":"https:\/\/www.eldigitaldeasturias.com\/noticias\/#organization"},"image":{"@type":"ImageObject","url":554933},"datePublished":"2018-03-20T22:02:43+01:00","dateModified":"2018-03-20T22:02:43+01:00","inLanguage":"es-ES","mainEntityOfPage":{"@id":"https:\/\/www.eldigitaldeasturias.com\/noticias\/sarkozy-interrogado-por-la-presunta-financiacion-libia\/#webpage"},"isPartOf":{"@id":"https:\/\/www.eldigitaldeasturias.com\/noticias\/sarkozy-interrogado-por-la-presunta-financiacion-libia\/#webpage"},"articleSection":"Actualidad"},{"@type":"BreadcrumbList","@id":"https:\/\/www.eldigitaldeasturias.com\/noticias\/sarkozy-interrogado-por-la-presunta-financiacion-libia\/#breadcrumblist","itemListElement":[{"@type":"ListItem","@id":"https:\/\/www.eldigitaldeasturias.com\/noticias#listItem","position":1,"name":"Home","item":"https:\/\/www.eldigitaldeasturias.com\/noticias","nextItem":{"@type":"ListItem","@id":"https:\/\/www.eldigitaldeasturias.com\/noticias\/category\/actualidad\/#listItem","name":"Actualidad"}},{"@type":"ListItem","@id":"https:\/\/www.eldigitaldeasturias.com\/noticias\/category\/actualidad\/#listItem","position":2,"name":"Actualidad","item":"https:\/\/www.eldigitaldeasturias.com\/noticias\/category\/actualidad\/","nextItem":{"@type":"ListItem","@id":"https:\/\/www.eldigitaldeasturias.com\/noticias\/sarkozy-interrogado-por-la-presunta-financiacion-libia\/#listItem","name":"Sarkozy interrogado por la \u201cpresunta\u201d financiaci\u00f3n libia"},"previousItem":{"@type":"ListItem","@id":"https:\/\/www.eldigitaldeasturias.com\/noticias#listItem","name":"Home"}},{"@type":"ListItem","@id":"https:\/\/www.eldigitaldeasturias.com\/noticias\/sarkozy-interrogado-por-la-presunta-financiacion-libia\/#listItem","position":3,"name":"Sarkozy interrogado por la \u201cpresunta\u201d financiaci\u00f3n libia","previousItem":{"@type":"ListItem","@id":"https:\/\/www.eldigitaldeasturias.com\/noticias\/category\/actualidad\/#listItem","name":"Actualidad"}}]},{"@type":"Organization","@id":"https:\/\/www.eldigitaldeasturias.com\/noticias\/#organization","name":"El Digital de Asturias","description":"Hemeroteca","url":"https:\/\/www.eldigitaldeasturias.com\/noticias\/","email":"info@eldigitaldeasturias.com","telephone":"+34652131393","logo":{"@type":"ImageObject","url":"https:\/\/www.eldigitaldeasturias.com\/noticias\/wp-content\/uploads\/2020\/12\/EDA.jpg","@id":"https:\/\/www.eldigitaldeasturias.com\/noticias\/sarkozy-interrogado-por-la-presunta-financiacion-libia\/#organizationLogo"},"image":{"@id":"https:\/\/www.eldigitaldeasturias.com\/noticias\/sarkozy-interrogado-por-la-presunta-financiacion-libia\/#organizationLogo"},"sameAs":["https:\/\/facebook.com\/eldigitaldeasturias","https:\/\/www.youtube.com\/channel\/UCZP-2wLEB9Rv6erhFmqVnvg"],"address":{"@id":"https:\/\/www.eldigitaldeasturias.com\/noticias\/#postaladdress","@type":"PostalAddress","streetAddress":"san antonio 4","postalCode":"33430","addressLocality":"Cand\u00e1s","addressRegion":"Asturias","addressCountry":"ES"}},{"@type":"Person","@id":"https:\/\/www.eldigitaldeasturias.com\/noticias\/author\/admin\/#author","url":"https:\/\/www.eldigitaldeasturias.com\/noticias\/author\/admin\/","name":"El Digital de Asturias","image":{"@type":"ImageObject","@id":"https:\/\/www.eldigitaldeasturias.com\/noticias\/sarkozy-interrogado-por-la-presunta-financiacion-libia\/#authorImage","url":"https:\/\/secure.gravatar.com\/avatar\/df2aeffc32bcd13f8d26072ef8a91b623d677766deac7f97ca815868cd41bf5e?s=96&d=mm&r=g","width":96,"height":96,"caption":"El Digital de Asturias"}},{"@type":"WebPage","@id":"https:\/\/www.eldigitaldeasturias.com\/noticias\/sarkozy-interrogado-por-la-presunta-financiacion-libia\/#webpage","url":"https:\/\/www.eldigitaldeasturias.com\/noticias\/sarkozy-interrogado-por-la-presunta-financiacion-libia\/","name":"Sarkozy interrogado por la \u201cpresunta\u201d financiaci\u00f3n libia - El Digital de Asturias","description":"Par\u00eds, 20 mar (dpa) - El ex presidente franc\u00e9s Nicolas Sarkozy ha sido detenido por la Polic\u00eda en el marco de las investigaciones de la Justicia sobre la supuesta financiaci\u00f3n de su campa\u00f1a electoral de 2007 con fondos procedentes de Libia, seg\u00fan confirm\u00f3 hoy a dpa una persona entendida en el asunto. Seg\u00fan el peri\u00f3dico","inLanguage":"es-ES","isPartOf":{"@id":"https:\/\/www.eldigitaldeasturias.com\/noticias\/#website"},"breadcrumb":{"@id":"https:\/\/www.eldigitaldeasturias.com\/noticias\/sarkozy-interrogado-por-la-presunta-financiacion-libia\/#breadcrumblist"},"author":{"@id":"https:\/\/www.eldigitaldeasturias.com\/noticias\/author\/admin\/#author"},"creator":{"@id":"https:\/\/www.eldigitaldeasturias.com\/noticias\/author\/admin\/#author"},"image":{"@type":"ImageObject","url":554933,"@id":"https:\/\/www.eldigitaldeasturias.com\/noticias\/sarkozy-interrogado-por-la-presunta-financiacion-libia\/#mainImage"},"primaryImageOfPage":{"@id":"https:\/\/www.eldigitaldeasturias.com\/noticias\/sarkozy-interrogado-por-la-presunta-financiacion-libia\/#mainImage"},"datePublished":"2018-03-20T22:02:43+01:00","dateModified":"2018-03-20T22:02:43+01:00"},{"@type":"WebSite","@id":"https:\/\/www.eldigitaldeasturias.com\/noticias\/#website","url":"https:\/\/www.eldigitaldeasturias.com\/noticias\/","name":"El Digital de Asturias - Diario de actualidad y noticias","alternateName":"El Digital de Asturias - Diario de actualidad y noticias","description":"Hemeroteca","inLanguage":"es-ES","publisher":{"@id":"https:\/\/www.eldigitaldeasturias.com\/noticias\/#organization"}}]},"og:locale":"es_ES","og:site_name":"El Digital de Asturias","og:type":"article","og:title":"Sarkozy interrogado por la \u201cpresunta\u201d financiaci\u00f3n libia - El Digital de Asturias","og:description":"Par\u00eds, 20 mar (dpa) - El ex presidente franc\u00e9s Nicolas Sarkozy ha sido detenido por la Polic\u00eda en el marco de las investigaciones de la Justicia sobre la supuesta financiaci\u00f3n de su campa\u00f1a electoral de 2007 con fondos procedentes de Libia, seg\u00fan confirm\u00f3 hoy a dpa una persona entendida en el asunto. Seg\u00fan el peri\u00f3dico","og:url":"https:\/\/www.eldigitaldeasturias.com\/noticias\/sarkozy-interrogado-por-la-presunta-financiacion-libia\/","article:tag":["actualidad"],"article:published_time":"2018-03-20T22:02:43+00:00","article:modified_time":"2018-03-20T22:02:43+00:00","article:publisher":"https:\/\/facebook.com\/eldigitaldeasturias","twitter:card":"summary_large_image","twitter:title":"Sarkozy interrogado por la \u201cpresunta\u201d financiaci\u00f3n libia - El Digital de Asturias","twitter:description":"Par\u00eds, 20 mar (dpa) - El ex presidente franc\u00e9s Nicolas Sarkozy ha sido detenido por la Polic\u00eda en el marco de las investigaciones de la Justicia sobre la supuesta financiaci\u00f3n de su campa\u00f1a electoral de 2007 con fondos procedentes de Libia, seg\u00fan confirm\u00f3 hoy a dpa una persona entendida en el asunto. Seg\u00fan el peri\u00f3dico","twitter:image":"https:\/\/www.eldigitaldeasturias.com\/noticias\/wp-content\/uploads\/2020\/12\/EDA-1.jpg","twitter:label1":"Escrito por","twitter:data1":"El Digital de Asturias","twitter:label2":"Tiempo de lectura estimado","twitter:data2":"3 minutos"},"aioseo_meta_data":{"post_id":"972827","title":null,"description":null,"keywords":null,"keyphrases":null,"primary_term":null,"canonical_url":null,"og_title":null,"og_description":null,"og_object_type":"default","og_image_type":"default","og_image_url":null,"og_image_width":null,"og_image_height":null,"og_image_custom_url":null,"og_image_custom_fields":null,"og_video":null,"og_custom_url":null,"og_article_section":null,"og_article_tags":null,"twitter_use_og":false,"twitter_card":"default","twitter_image_type":"default","twitter_image_url":null,"twitter_image_custom_url":null,"twitter_image_custom_fields":null,"twitter_title":null,"twitter_description":null,"schema":{"blockGraphs":[],"customGraphs":[],"default":{"data":{"Article":[],"Course":[],"Dataset":[],"FAQPage":[],"Movie":[],"Person":[],"Product":[],"ProductReview":[],"Car":[],"Recipe":[],"Service":[],"SoftwareApplication":[],"WebPage":[]},"graphName":"","isEnabled":true},"graphs":[],"defaultGraph":"","defaultPostTypeGraph":""},"schema_type":null,"schema_type_options":null,"pillar_content":false,"robots_default":true,"robots_noindex":false,"robots_noarchive":false,"robots_nosnippet":false,"robots_nofollow":false,"robots_noimageindex":false,"robots_noodp":false,"robots_notranslate":false,"robots_max_snippet":null,"robots_max_videopreview":null,"robots_max_imagepreview":"large","priority":null,"frequency":null,"local_seo":null,"seo_analyzer_scan_date":"2025-10-07 14:06:10","breadcrumb_settings":null,"limit_modified_date":false,"open_ai":null,"ai":null,"created":"2020-12-21 12:17:41","updated":"2025-10-07 14:06:10","focus_keyword":null,"additional_keywords":null,"truseo_locale":null},"aioseo_breadcrumb":"<div class=\"aioseo-breadcrumbs\"><span class=\"aioseo-breadcrumb\">\n\t<a href=\"https:\/\/www.eldigitaldeasturias.com\/noticias\" title=\"Home\">Home<\/a>\n<\/span><span class=\"aioseo-breadcrumb-separator\">\u2013<\/span><span class=\"aioseo-breadcrumb\">\n\t<a href=\"https:\/\/www.eldigitaldeasturias.com\/noticias\/category\/actualidad\/\" title=\"Actualidad\">Actualidad<\/a>\n<\/span><span class=\"aioseo-breadcrumb-separator\">\u2013<\/span><span class=\"aioseo-breadcrumb\">\n\t<a href=\"https:\/\/www.eldigitaldeasturias.com\/noticias\/sarkozy-interrogado-por-la-presunta-financiacion-libia\/\" title=\"Sarkozy interrogado por la \u201cpresunta\u201d financiaci\u00f3n libia\">Sarkozy interrogado por la \u201cpresunta\u201d financiaci\u00f3n libia<\/a>\n<\/span><\/div>","aioseo_breadcrumb_json":[{"label":"Home","link":"https:\/\/www.eldigitaldeasturias.com\/noticias"},{"label":"Actualidad","link":"https:\/\/www.eldigitaldeasturias.com\/noticias\/category\/actualidad\/"},{"label":"Sarkozy interrogado por la \u201cpresunta\u201d financiaci\u00f3n libia","link":"https:\/\/www.eldigitaldeasturias.com\/noticias\/sarkozy-interrogado-por-la-presunta-financiacion-libia\/"}],"_links":{"self":[{"href":"https:\/\/www.eldigitaldeasturias.com\/noticias\/wp-json\/wp\/v2\/posts\/972827","targetHints":{"allow":["GET"]}}],"collection":[{"href":"https:\/\/www.eldigitaldeasturias.com\/noticias\/wp-json\/wp\/v2\/posts"}],"about":[{"href":"https:\/\/www.eldigitaldeasturias.com\/noticias\/wp-json\/wp\/v2\/types\/post"}],"author":[{"embeddable":true,"href":"https:\/\/www.eldigitaldeasturias.com\/noticias\/wp-json\/wp\/v2\/users\/1"}],"replies":[{"embeddable":true,"href":"https:\/\/www.eldigitaldeasturias.com\/noticias\/wp-json\/wp\/v2\/comments?post=972827"}],"version-history":[{"count":0,"href":"https:\/\/www.eldigitaldeasturias.com\/noticias\/wp-json\/wp\/v2\/posts\/972827\/revisions"}],"wp:attachment":[{"href":"https:\/\/www.eldigitaldeasturias.com\/noticias\/wp-json\/wp\/v2\/media?parent=972827"}],"wp:term":[{"taxonomy":"category","embeddable":true,"href":"https:\/\/www.eldigitaldeasturias.com\/noticias\/wp-json\/wp\/v2\/categories?post=972827"},{"taxonomy":"post_tag","embeddable":true,"href":"https:\/\/www.eldigitaldeasturias.com\/noticias\/wp-json\/wp\/v2\/tags?post=972827"}],"curies":[{"name":"wp","href":"https:\/\/api.w.org\/{rel}","templated":true}]}}