{"id":972783,"date":"2018-03-20T18:12:58","date_gmt":"2018-03-20T18:12:58","guid":{"rendered":"http:\/\/www.eldigitaldeasturias.com\/noticias\/?p=972783"},"modified":"2018-03-20T18:12:58","modified_gmt":"2018-03-20T18:12:58","slug":"presentado-el-dispositivo-del-trafico-para-la-semana-santa-2018","status":"publish","type":"post","link":"https:\/\/www.eldigitaldeasturias.com\/noticias\/presentado-el-dispositivo-del-trafico-para-la-semana-santa-2018\/","title":{"rendered":"Presentado el dispositivo del tr\u00e1fico para la Semana Santa 2018"},"content":{"rendered":"<p><img loading=\"lazy\" decoding=\"async\" class=\"alignleft size-medium wp-image-972784\" src=\"https:\/\/www.eldigitaldeasturias.com\/noticias\/wp-content\/uploads\/2018\/03\/200318zoido_gc-360x239.jpg\" alt=\"\" width=\"360\" height=\"239\" \/>El ministro de Interior, Juan Ignacio Zoido, ha presentado el dispositivo especial de vigilancia, regulaci\u00f3n, ordenaci\u00f3n y vigilancia del tr\u00e1fico para esta Semana Santa con el objetivo de mejorar la seguridad y dar fluidez a los 15,5 millones de desplazamientos de largo recorrido previstos por carretera durante dicho periodo vacacional.<\/p>\n<p>Como novedad y haci\u00e9ndolo coincidir con la primera operaci\u00f3n salida de Semana Santa que comenzar\u00e1 a las 15:00 horas del viernes 23 de marzo, el Ministro ha presentado la puesta en marcha del nuevo modelo de vigilancia en carretera: la Patrulla Integral, modelo en el que los mismos agentes encargados de la vigilancia y control del tr\u00e1fico van a poder actuar espec\u00edficamente en algunos de los factores que m\u00e1s inciden en la siniestralidad.<\/p>\n<p>Este nuevo concepto de vigilancia, pionero en Europa, est\u00e1n formadas por patrullas de la Guardia Civil de la unidad de motorista que cuentan con motocicletas o veh\u00edculos a cuatro ruedas dotados con medios port\u00e1tiles que les permitir\u00e1n realizar acciones de control de velocidad, pruebas de detecci\u00f3n de alcohol y de drogas de manera aut\u00f3noma con cinem\u00f3metros port\u00e1tiles sin necesidad de apoyo de los Equipos de Atestados ni de los Equipos de control de velocidad.<\/p>\n<p><strong>Principales objetivos<\/strong><\/p>\n<p>Este proyecto de patrulla integral tiene como principales objetivos actuar en tres de los factores que m\u00e1s inciden en la accidentalidad, realizando controles m\u00e1s din\u00e1micos, inmediatos y operativos, en cualquier momento, veh\u00edculo o carretera.<\/p>\n<p>Adem\u00e1s, evitar\u00e1 la comunicaci\u00f3n entre los conductores de la ubicaci\u00f3n de los controles al tratarse de controles muy din\u00e1micos y, asimismo, aumentar\u00e1 la labor pedag\u00f3gica de los agentes, ya que \u00e9stos proceder\u00e1n a la detecci\u00f3n del veh\u00edculo infractor de tal modo que notificar\u00e1n al conductor la infracci\u00f3n cometida en carretera. De este modo se evita la picaresca que utilizan algunos conductores de identificar a otra persona para no perder puntos de su permiso de conducci\u00f3n<\/p>\n<p>Este tipo de patrullas estar\u00e1 orientado principalmente a la vigilancia en carreteras convencionales, que es donde se producen ocho de cada diez accidentes.<\/p>\n<p>El ministro Zoido afirm\u00f3 que esta nueva herramienta \u00abfacilitar\u00e1 la actuaci\u00f3n r\u00e1pida y eficaz de modo que puedan atender las necesidades operativas de la Unidad y ofrecer mayor versatilidad y operatividad en las patrullas motoristas\u00bb<\/p>\n<p><strong>13,7 millones de inversi\u00f3n en equipos<\/strong><\/p>\n<p>En total se trata de 1.000 etil\u00f3metros Safir en los que se puede hacer la prueba completa de alcohol; 694 lectores de drogas port\u00e1tiles Alere, 60 cinem\u00f3metros laser ligero port\u00e1til Velolaser y 291 nuevas motocicletas que se suman a las 1.861 ya existentes. Estos nuevos cinem\u00f3metros laser port\u00e1tiles podr\u00e1n estar ubicados en tr\u00edpodes, en veh\u00edculos o en biondas en cualquier tipo de v\u00eda. La inversi\u00f3n realizada en la compra de todo este material ha sido de 13,7 millones de euros.<\/p>\n<p><strong>Dispositivo de Semana Santa<\/strong><\/p>\n<p>La operaci\u00f3n especial de tr\u00e1fico de la Semana Santa 2018 comenzar\u00e1 a las 15:00 del viernes y se desarrollar\u00e1 hasta las 24:00 horas del lunes 2 de abril. Se prev\u00e9n 15,5 millones de desplazamientos, m\u00e1s del 2% respecto a la Semana Santa del a\u00f1o pasado.<\/p>\n<p>Esta operaci\u00f3n, una de las m\u00e1s conflictivas del a\u00f1o, por la multitud de desplazamientos en un corto espacio de tiempo, con or\u00edgenes y destinos similares y realizados en los mismos d\u00edas y horas, se desarrollar\u00e1 en dos fases, en las que se concentra casi el 90% de los movimientos previstos.<\/p>\n<p>La primera, desde las quince horas del viernes 23 de marzo hasta las veinticuatro horas del domingo 25 de marzo, que comprende el fin de semana que precede a la Semana Santa, y en el que se desarrollar\u00e1 la primera operaci\u00f3n salida. Para esta primera fase se prev\u00e9n 3,9 millones de desplazamientos.<\/p>\n<p>La segunda, m\u00e1s importante que la fase anterior por volumen y mayor n\u00famero de desplazamientos de veh\u00edculos a lo largo de toda la red viaria, comenzar\u00e1 a partir del mediod\u00eda del mi\u00e9rcoles 28 de marzo y continuar\u00e1 el jueves 29 y viernes 30 de marzo. Esta fase concluir\u00e1 a las 24:00 horas del lunes 2 de abril con la operaci\u00f3n retorno que se desarrollar\u00e1 principalmente durante el domingo y el lunes de Pascua, sin olvidar el s\u00e1bado por la tarde, ya que algunos conductores adelantar\u00e1n la vuelta. Para esta segunda fase se prev\u00e9n 9,07 millones de desplazamientos<\/p>\n<p>Los mayores problemas circulatorios se presentar\u00e1n en las salidas de los grandes n\u00facleos urbanos hacia zonas tur\u00edsticas de la costa, segundas residencias, poblaciones con actos religiosos tradicionales o zonas de monta\u00f1a para la pr\u00e1ctica de deportes de invierno, por lo que se recomienda planificar el viaje y evitar las horas m\u00e1s desfavorables.<\/p>\n<p><strong>Medida y medios<\/strong><\/p>\n<p>Para facilitar la movilidad en carretera, Tr\u00e1fico establecer\u00e1 las siguientes medidas:<\/p>\n<p>Instalaci\u00f3n de carriles reversibles y adicionales con conos en los momentos de mayor afluencia circulatoria y tramos en determinadas carreteras.<\/p>\n<p>Presencia en la carretera de m\u00e1s de 1.500 patrullas de la Agrupaci\u00f3n de Tr\u00e1fico de la Guardia Civil.<\/p>\n<p>12 helic\u00f3pteros con planes de vuelo espec\u00edficos (casi 1.000 horas) para la vigilancia y el control de las v\u00edas en Semana Santa.<\/p>\n<p>Establecimiento y se\u00f1alizaci\u00f3n de itinerarios alternativos.<\/p>\n<p>Se\u00f1alizaci\u00f3n din\u00e1mica a trav\u00e9s de los m\u00e1s de 2.000 paneles de mensaje variable de las principales variables del tr\u00e1fico: tiempos de recorrido, itinerarios alternativos, incidencias en la v\u00eda, etc.<\/p>\n<p>Se paralizar\u00e1n las obras que afecten a las calzadas en todas las carreteras para minimizar la afecci\u00f3n al tr\u00e1fico durante los d\u00edas de la operaci\u00f3n salida-retorno de Semana Santa.<\/p>\n<p>Se limitar\u00e1 la celebraci\u00f3n de pruebas deportivas y otros eventos.<\/p>\n<p>Se restringir\u00e1 la circulaci\u00f3n de camiones que transporten mercanc\u00edas peligrosas y veh\u00edculos que precisen autorizaci\u00f3n especial para circular en determinadas horas de los d\u00edas con m\u00e1s desplazamientos.<\/p>\n<p>Se informar\u00e1 puntualmente sobre cualquier incidencia en carretera a trav\u00e9s del tel\u00e9fono 011, Internet, en twitter, aplicaci\u00f3n de la DGT y en los boletines informativos de las emisoras de radio y televisi\u00f3n.<\/p>\n<p>Para operaciones como \u00e9sta, la Direcci\u00f3n General de Tr\u00e1fico cuenta con los servicios de m\u00e1s de 600 funcionarios y personal t\u00e9cnico especializado que atienden los 8 Centros de Gesti\u00f3n de Tr\u00e1fico que cuentan con un completo equipamiento Sistemas Inteligentes de Transporte desplegado por las principales v\u00edas; as\u00ed como los Agentes de la Agrupaci\u00f3n de Tr\u00e1fico de la Guardia Civil, las patrullas de helic\u00f3pteros y la m\u00e1xima disponibilidad del personal encargado del mantenimiento de equipos y de la instalaci\u00f3n de medidas en carretera.<\/p>\n<p><strong>Campa\u00f1a de concienciaci\u00f3n<\/strong><\/p>\n<p>Adem\u00e1s de las medidas de gesti\u00f3n del tr\u00e1fico y de la vigilancia, la Direcci\u00f3n General de Tr\u00e1fico incrementar\u00e1 los mensajes de concienciaci\u00f3n a trav\u00e9s de los diferentes canales de los que dispone. La inversi\u00f3n realizada ha sido casi de 1,5 millones de euros.<\/p>\n<p>Como ya anunci\u00f3 el director general de Tr\u00e1fico en rueda de prensa a comienzos de a\u00f1o, durante 2018 se va a realizar diferentes acciones dirigidas a la prevenci\u00f3n de accidentes de colectivos vulnerables. Una de estas acciones es el Plan espec\u00edfico de motoristas en el que ya se est\u00e1 trabajando y otra es la campa\u00f1a divulgativa de esta Semana Santa.<\/p>\n<p>Cada a\u00f1o fallecen en nuestras carreteras m\u00e1s de 300 motoristas en accidente de tr\u00e1fico. En moto, el riesgo de morir es 17 veces mayor que en coche. Por este motivo, Tr\u00e1fico llama a la prudencia, no solo a los motoristas sino tambi\u00e9n al resto de conductores.<\/p>\n<p>Se ha creado para la ocasi\u00f3n la p\u00e1gina web elhombredecristal.es en el que conductores y motoristas pueden encontrar consejos de c\u00f3mo circular sin poner en peligro a los dem\u00e1s usuarios. Se ha grabado un anuncio que podr\u00e1 verse desde hoy mismo en las distintas televisiones sobre la fragilidad de los usuarios de moto \u00absobre una moto todos somos de cristal\u00bb. Tambi\u00e9n se han grabado cu\u00f1as radiof\u00f3nicas y gr\u00e1ficas que podr\u00e1n verse en medios impresos.<\/p>\n<p>Otra de las campa\u00f1as que podremos ver en redes sociales y escuchar en radio es la referida a la importancia de revisar el veh\u00edculo que se va a utilizar para realizar el viaje de Semana Santa. Para ello se han creado varias cu\u00f1as de radios, el side revisatucoche.dgt.es donde se dan consejos para tener el coche en perfecto estado y varios videos que pueden verse en redes sociales d\u00f3nde se invita en un tono de humor a que los conductores se reenamoren de su coche, \u00abrevisarlo con cari\u00f1o, te puede salvar la vida\u00bb.<\/p>\n<p>El motivo de este tipo de acci\u00f3n divulgativa es que el parque de veh\u00edculos en Espa\u00f1a sigue siendo uno de los m\u00e1s envejecidos de Europa, por lo que una puesta a punto, es en numerosas ocasiones un seguro de vida.<\/p>\n<p>Se han creado dos hashtag para seguir toda la informaci\u00f3n de la operaci\u00f3n de Semana Santa#OperativoDGT #SemanaSanta2018 y otros dos para las campa\u00f1as divulgativas #RevisaTuCoche #ElHombreDeCristal<\/p>\n<p>\u00abSeguimos invirtiendo en nuevos medios e implantando nuevas medidas para hacer m\u00e1s seguras nuestras carreteras, pero tambi\u00e9n es necesario que todos estemos concienciados en ser prudentes y respetar las normas de circulaci\u00f3n. Porque evitar los accidentes es una responsabilidad compartida y mientras siga habiendo un fallecido en accidente de tr\u00e1fico no habremos conseguido nuestro objetivo\u00bb, apunt\u00f3 el ministro.<\/p>\n","protected":false},"excerpt":{"rendered":"<p>El ministro de Interior, Juan Ignacio Zoido, ha presentado el dispositivo especial de vigilancia, regulaci\u00f3n, ordenaci\u00f3n y vigilancia del tr\u00e1fico para esta Semana Santa con el objetivo de mejorar la seguridad y dar fluidez a los 15,5 millones de desplazamientos de largo recorrido previstos por carretera durante dicho periodo vacacional. Como novedad y haci\u00e9ndolo coincidir [&hellip;]<\/p>\n","protected":false},"author":1,"featured_media":972784,"comment_status":"closed","ping_status":"closed","sticky":false,"template":"","format":"standard","meta":{"footnotes":""},"categories":[1],"tags":[],"class_list":["post-972783","post","type-post","status-publish","format-standard","has-post-thumbnail","hentry","category-actualidad"],"aioseo_notices":[],"aioseo_head":"\n\t\t<!-- All in One SEO Pro 5.0.1 - aioseo.com -->\n\t<meta name=\"description\" content=\"El ministro de Interior, Juan Ignacio Zoido, ha presentado el dispositivo especial de vigilancia, regulaci\u00f3n, ordenaci\u00f3n y vigilancia del tr\u00e1fico para esta Semana Santa con el objetivo de mejorar la seguridad y dar fluidez a los 15,5 millones de desplazamientos de largo recorrido previstos por carretera durante dicho periodo vacacional. Como novedad y haci\u00e9ndolo coincidir\" \/>\n\t<meta name=\"robots\" content=\"max-image-preview:large\" \/>\n\t<meta name=\"author\" content=\"El Digital de Asturias\"\/>\n\t<meta name=\"google-site-verification\" content=\"UA-38556648-1\" \/>\n\t<meta name=\"msvalidate.01\" content=\"7dfe9f3f1b24437ab69f4f2559babe99\" \/>\n\t<meta name=\"keywords\" content=\"actualidad\" \/>\n\t<link rel=\"canonical\" href=\"https:\/\/www.eldigitaldeasturias.com\/noticias\/presentado-el-dispositivo-del-trafico-para-la-semana-santa-2018\/\" \/>\n\t<meta name=\"generator\" content=\"All in One SEO Pro (AIOSEO) 5.0.1\" \/>\n\t\t<meta property=\"og:locale\" content=\"es_ES\" \/>\n\t\t<meta property=\"og:site_name\" content=\"El Digital de Asturias\" \/>\n\t\t<meta property=\"og:type\" content=\"article\" \/>\n\t\t<meta property=\"og:title\" content=\"Presentado el dispositivo del tr\u00e1fico para la Semana Santa 2018 - El Digital de Asturias\" \/>\n\t\t<meta property=\"og:description\" content=\"El ministro de Interior, Juan Ignacio Zoido, ha presentado el dispositivo especial de vigilancia, regulaci\u00f3n, ordenaci\u00f3n y vigilancia del tr\u00e1fico para esta Semana Santa con el objetivo de mejorar la seguridad y dar fluidez a los 15,5 millones de desplazamientos de largo recorrido previstos por carretera durante dicho periodo vacacional. Como novedad y haci\u00e9ndolo coincidir\" \/>\n\t\t<meta property=\"og:url\" content=\"https:\/\/www.eldigitaldeasturias.com\/noticias\/presentado-el-dispositivo-del-trafico-para-la-semana-santa-2018\/\" \/>\n\t\t<meta property=\"article:tag\" content=\"actualidad\" \/>\n\t\t<meta property=\"article:published_time\" content=\"2018-03-20T18:12:58+00:00\" \/>\n\t\t<meta property=\"article:modified_time\" content=\"2018-03-20T18:12:58+00:00\" \/>\n\t\t<meta property=\"article:publisher\" content=\"https:\/\/facebook.com\/eldigitaldeasturias\" \/>\n\t\t<meta name=\"twitter:card\" content=\"summary_large_image\" \/>\n\t\t<meta name=\"twitter:title\" content=\"Presentado el dispositivo del tr\u00e1fico para la Semana Santa 2018 - El Digital de Asturias\" \/>\n\t\t<meta name=\"twitter:description\" content=\"El ministro de Interior, Juan Ignacio Zoido, ha presentado el dispositivo especial de vigilancia, regulaci\u00f3n, ordenaci\u00f3n y vigilancia del tr\u00e1fico para esta Semana Santa con el objetivo de mejorar la seguridad y dar fluidez a los 15,5 millones de desplazamientos de largo recorrido previstos por carretera durante dicho periodo vacacional. Como novedad y haci\u00e9ndolo coincidir\" \/>\n\t\t<meta name=\"twitter:image\" content=\"https:\/\/www.eldigitaldeasturias.com\/noticias\/wp-content\/uploads\/2020\/12\/EDA-1.jpg\" \/>\n\t\t<meta name=\"twitter:label1\" content=\"Escrito por\" \/>\n\t\t<meta name=\"twitter:data1\" content=\"El Digital de Asturias\" \/>\n\t\t<meta name=\"twitter:label2\" content=\"Tiempo de lectura estimado\" \/>\n\t\t<meta name=\"twitter:data2\" content=\"8 minutos\" \/>\n\t\t<script type=\"application\/ld+json\" class=\"aioseo-schema\">\n\t\t\t{\"@context\":\"https:\\\/\\\/schema.org\",\"@graph\":[{\"@type\":\"BlogPosting\",\"@id\":\"https:\\\/\\\/www.eldigitaldeasturias.com\\\/noticias\\\/presentado-el-dispositivo-del-trafico-para-la-semana-santa-2018\\\/#blogposting\",\"name\":\"Presentado el dispositivo del tr\\u00e1fico para la Semana Santa 2018 - El Digital de Asturias\",\"headline\":\"Presentado el dispositivo del tr\\u00e1fico para la Semana Santa 2018\",\"author\":{\"@id\":\"https:\\\/\\\/www.eldigitaldeasturias.com\\\/noticias\\\/author\\\/admin\\\/#author\"},\"publisher\":{\"@id\":\"https:\\\/\\\/www.eldigitaldeasturias.com\\\/noticias\\\/#organization\"},\"image\":{\"@type\":\"ImageObject\",\"url\":972784},\"datePublished\":\"2018-03-20T18:12:58+01:00\",\"dateModified\":\"2018-03-20T18:12:58+01:00\",\"inLanguage\":\"es-ES\",\"mainEntityOfPage\":{\"@id\":\"https:\\\/\\\/www.eldigitaldeasturias.com\\\/noticias\\\/presentado-el-dispositivo-del-trafico-para-la-semana-santa-2018\\\/#webpage\"},\"isPartOf\":{\"@id\":\"https:\\\/\\\/www.eldigitaldeasturias.com\\\/noticias\\\/presentado-el-dispositivo-del-trafico-para-la-semana-santa-2018\\\/#webpage\"},\"articleSection\":\"Actualidad\"},{\"@type\":\"BreadcrumbList\",\"@id\":\"https:\\\/\\\/www.eldigitaldeasturias.com\\\/noticias\\\/presentado-el-dispositivo-del-trafico-para-la-semana-santa-2018\\\/#breadcrumblist\",\"itemListElement\":[{\"@type\":\"ListItem\",\"@id\":\"https:\\\/\\\/www.eldigitaldeasturias.com\\\/noticias#listItem\",\"position\":1,\"name\":\"Home\",\"item\":\"https:\\\/\\\/www.eldigitaldeasturias.com\\\/noticias\",\"nextItem\":{\"@type\":\"ListItem\",\"@id\":\"https:\\\/\\\/www.eldigitaldeasturias.com\\\/noticias\\\/category\\\/actualidad\\\/#listItem\",\"name\":\"Actualidad\"}},{\"@type\":\"ListItem\",\"@id\":\"https:\\\/\\\/www.eldigitaldeasturias.com\\\/noticias\\\/category\\\/actualidad\\\/#listItem\",\"position\":2,\"name\":\"Actualidad\",\"item\":\"https:\\\/\\\/www.eldigitaldeasturias.com\\\/noticias\\\/category\\\/actualidad\\\/\",\"nextItem\":{\"@type\":\"ListItem\",\"@id\":\"https:\\\/\\\/www.eldigitaldeasturias.com\\\/noticias\\\/presentado-el-dispositivo-del-trafico-para-la-semana-santa-2018\\\/#listItem\",\"name\":\"Presentado el dispositivo del tr\\u00e1fico para la Semana Santa 2018\"},\"previousItem\":{\"@type\":\"ListItem\",\"@id\":\"https:\\\/\\\/www.eldigitaldeasturias.com\\\/noticias#listItem\",\"name\":\"Home\"}},{\"@type\":\"ListItem\",\"@id\":\"https:\\\/\\\/www.eldigitaldeasturias.com\\\/noticias\\\/presentado-el-dispositivo-del-trafico-para-la-semana-santa-2018\\\/#listItem\",\"position\":3,\"name\":\"Presentado el dispositivo del tr\\u00e1fico para la Semana Santa 2018\",\"previousItem\":{\"@type\":\"ListItem\",\"@id\":\"https:\\\/\\\/www.eldigitaldeasturias.com\\\/noticias\\\/category\\\/actualidad\\\/#listItem\",\"name\":\"Actualidad\"}}]},{\"@type\":\"Organization\",\"@id\":\"https:\\\/\\\/www.eldigitaldeasturias.com\\\/noticias\\\/#organization\",\"name\":\"El Digital de Asturias\",\"description\":\"Hemeroteca\",\"url\":\"https:\\\/\\\/www.eldigitaldeasturias.com\\\/noticias\\\/\",\"email\":\"info@eldigitaldeasturias.com\",\"telephone\":\"+34652131393\",\"logo\":{\"@type\":\"ImageObject\",\"url\":\"https:\\\/\\\/www.eldigitaldeasturias.com\\\/noticias\\\/wp-content\\\/uploads\\\/2020\\\/12\\\/EDA.jpg\",\"@id\":\"https:\\\/\\\/www.eldigitaldeasturias.com\\\/noticias\\\/presentado-el-dispositivo-del-trafico-para-la-semana-santa-2018\\\/#organizationLogo\"},\"image\":{\"@id\":\"https:\\\/\\\/www.eldigitaldeasturias.com\\\/noticias\\\/presentado-el-dispositivo-del-trafico-para-la-semana-santa-2018\\\/#organizationLogo\"},\"sameAs\":[\"https:\\\/\\\/facebook.com\\\/eldigitaldeasturias\",\"https:\\\/\\\/www.youtube.com\\\/channel\\\/UCZP-2wLEB9Rv6erhFmqVnvg\"],\"address\":{\"@id\":\"https:\\\/\\\/www.eldigitaldeasturias.com\\\/noticias\\\/#postaladdress\",\"@type\":\"PostalAddress\",\"streetAddress\":\"san antonio 4\",\"postalCode\":\"33430\",\"addressLocality\":\"Cand\\u00e1s\",\"addressRegion\":\"Asturias\",\"addressCountry\":\"ES\"}},{\"@type\":\"Person\",\"@id\":\"https:\\\/\\\/www.eldigitaldeasturias.com\\\/noticias\\\/author\\\/admin\\\/#author\",\"url\":\"https:\\\/\\\/www.eldigitaldeasturias.com\\\/noticias\\\/author\\\/admin\\\/\",\"name\":\"El Digital de Asturias\",\"image\":{\"@type\":\"ImageObject\",\"@id\":\"https:\\\/\\\/www.eldigitaldeasturias.com\\\/noticias\\\/presentado-el-dispositivo-del-trafico-para-la-semana-santa-2018\\\/#authorImage\",\"url\":\"https:\\\/\\\/secure.gravatar.com\\\/avatar\\\/df2aeffc32bcd13f8d26072ef8a91b623d677766deac7f97ca815868cd41bf5e?s=96&d=mm&r=g\",\"width\":96,\"height\":96,\"caption\":\"El Digital de Asturias\"}},{\"@type\":\"WebPage\",\"@id\":\"https:\\\/\\\/www.eldigitaldeasturias.com\\\/noticias\\\/presentado-el-dispositivo-del-trafico-para-la-semana-santa-2018\\\/#webpage\",\"url\":\"https:\\\/\\\/www.eldigitaldeasturias.com\\\/noticias\\\/presentado-el-dispositivo-del-trafico-para-la-semana-santa-2018\\\/\",\"name\":\"Presentado el dispositivo del tr\\u00e1fico para la Semana Santa 2018 - El Digital de Asturias\",\"description\":\"El ministro de Interior, Juan Ignacio Zoido, ha presentado el dispositivo especial de vigilancia, regulaci\\u00f3n, ordenaci\\u00f3n y vigilancia del tr\\u00e1fico para esta Semana Santa con el objetivo de mejorar la seguridad y dar fluidez a los 15,5 millones de desplazamientos de largo recorrido previstos por carretera durante dicho periodo vacacional. Como novedad y haci\\u00e9ndolo coincidir\",\"inLanguage\":\"es-ES\",\"isPartOf\":{\"@id\":\"https:\\\/\\\/www.eldigitaldeasturias.com\\\/noticias\\\/#website\"},\"breadcrumb\":{\"@id\":\"https:\\\/\\\/www.eldigitaldeasturias.com\\\/noticias\\\/presentado-el-dispositivo-del-trafico-para-la-semana-santa-2018\\\/#breadcrumblist\"},\"author\":{\"@id\":\"https:\\\/\\\/www.eldigitaldeasturias.com\\\/noticias\\\/author\\\/admin\\\/#author\"},\"creator\":{\"@id\":\"https:\\\/\\\/www.eldigitaldeasturias.com\\\/noticias\\\/author\\\/admin\\\/#author\"},\"image\":{\"@type\":\"ImageObject\",\"url\":972784,\"@id\":\"https:\\\/\\\/www.eldigitaldeasturias.com\\\/noticias\\\/presentado-el-dispositivo-del-trafico-para-la-semana-santa-2018\\\/#mainImage\"},\"primaryImageOfPage\":{\"@id\":\"https:\\\/\\\/www.eldigitaldeasturias.com\\\/noticias\\\/presentado-el-dispositivo-del-trafico-para-la-semana-santa-2018\\\/#mainImage\"},\"datePublished\":\"2018-03-20T18:12:58+01:00\",\"dateModified\":\"2018-03-20T18:12:58+01:00\"},{\"@type\":\"WebSite\",\"@id\":\"https:\\\/\\\/www.eldigitaldeasturias.com\\\/noticias\\\/#website\",\"url\":\"https:\\\/\\\/www.eldigitaldeasturias.com\\\/noticias\\\/\",\"name\":\"El Digital de Asturias - Diario de actualidad y noticias\",\"alternateName\":\"El Digital de Asturias - Diario de actualidad y noticias\",\"description\":\"Hemeroteca\",\"inLanguage\":\"es-ES\",\"publisher\":{\"@id\":\"https:\\\/\\\/www.eldigitaldeasturias.com\\\/noticias\\\/#organization\"}}]}\n\t\t<\/script>\n\t\t<!-- All in One SEO Pro -->\r\n\t\t<title>Presentado el dispositivo del tr\u00e1fico para la Semana Santa 2018 - El Digital de Asturias<\/title>\n\n","aioseo_head_json":{"title":"Presentado el dispositivo del tr\u00e1fico para la Semana Santa 2018 - El Digital de Asturias","description":"El ministro de Interior, Juan Ignacio Zoido, ha presentado el dispositivo especial de vigilancia, regulaci\u00f3n, ordenaci\u00f3n y vigilancia del tr\u00e1fico para esta Semana Santa con el objetivo de mejorar la seguridad y dar fluidez a los 15,5 millones de desplazamientos de largo recorrido previstos por carretera durante dicho periodo vacacional. Como novedad y haci\u00e9ndolo coincidir","canonical_url":"https:\/\/www.eldigitaldeasturias.com\/noticias\/presentado-el-dispositivo-del-trafico-para-la-semana-santa-2018\/","robots":"max-image-preview:large","keywords":"actualidad","webmasterTools":{"google-site-verification":"UA-38556648-1","msvalidate.01":"7dfe9f3f1b24437ab69f4f2559babe99","miscellaneous":""},"schema":{"@context":"https:\/\/schema.org","@graph":[{"@type":"BlogPosting","@id":"https:\/\/www.eldigitaldeasturias.com\/noticias\/presentado-el-dispositivo-del-trafico-para-la-semana-santa-2018\/#blogposting","name":"Presentado el dispositivo del tr\u00e1fico para la Semana Santa 2018 - El Digital de Asturias","headline":"Presentado el dispositivo del tr\u00e1fico para la Semana Santa 2018","author":{"@id":"https:\/\/www.eldigitaldeasturias.com\/noticias\/author\/admin\/#author"},"publisher":{"@id":"https:\/\/www.eldigitaldeasturias.com\/noticias\/#organization"},"image":{"@type":"ImageObject","url":972784},"datePublished":"2018-03-20T18:12:58+01:00","dateModified":"2018-03-20T18:12:58+01:00","inLanguage":"es-ES","mainEntityOfPage":{"@id":"https:\/\/www.eldigitaldeasturias.com\/noticias\/presentado-el-dispositivo-del-trafico-para-la-semana-santa-2018\/#webpage"},"isPartOf":{"@id":"https:\/\/www.eldigitaldeasturias.com\/noticias\/presentado-el-dispositivo-del-trafico-para-la-semana-santa-2018\/#webpage"},"articleSection":"Actualidad"},{"@type":"BreadcrumbList","@id":"https:\/\/www.eldigitaldeasturias.com\/noticias\/presentado-el-dispositivo-del-trafico-para-la-semana-santa-2018\/#breadcrumblist","itemListElement":[{"@type":"ListItem","@id":"https:\/\/www.eldigitaldeasturias.com\/noticias#listItem","position":1,"name":"Home","item":"https:\/\/www.eldigitaldeasturias.com\/noticias","nextItem":{"@type":"ListItem","@id":"https:\/\/www.eldigitaldeasturias.com\/noticias\/category\/actualidad\/#listItem","name":"Actualidad"}},{"@type":"ListItem","@id":"https:\/\/www.eldigitaldeasturias.com\/noticias\/category\/actualidad\/#listItem","position":2,"name":"Actualidad","item":"https:\/\/www.eldigitaldeasturias.com\/noticias\/category\/actualidad\/","nextItem":{"@type":"ListItem","@id":"https:\/\/www.eldigitaldeasturias.com\/noticias\/presentado-el-dispositivo-del-trafico-para-la-semana-santa-2018\/#listItem","name":"Presentado el dispositivo del tr\u00e1fico para la Semana Santa 2018"},"previousItem":{"@type":"ListItem","@id":"https:\/\/www.eldigitaldeasturias.com\/noticias#listItem","name":"Home"}},{"@type":"ListItem","@id":"https:\/\/www.eldigitaldeasturias.com\/noticias\/presentado-el-dispositivo-del-trafico-para-la-semana-santa-2018\/#listItem","position":3,"name":"Presentado el dispositivo del tr\u00e1fico para la Semana Santa 2018","previousItem":{"@type":"ListItem","@id":"https:\/\/www.eldigitaldeasturias.com\/noticias\/category\/actualidad\/#listItem","name":"Actualidad"}}]},{"@type":"Organization","@id":"https:\/\/www.eldigitaldeasturias.com\/noticias\/#organization","name":"El Digital de Asturias","description":"Hemeroteca","url":"https:\/\/www.eldigitaldeasturias.com\/noticias\/","email":"info@eldigitaldeasturias.com","telephone":"+34652131393","logo":{"@type":"ImageObject","url":"https:\/\/www.eldigitaldeasturias.com\/noticias\/wp-content\/uploads\/2020\/12\/EDA.jpg","@id":"https:\/\/www.eldigitaldeasturias.com\/noticias\/presentado-el-dispositivo-del-trafico-para-la-semana-santa-2018\/#organizationLogo"},"image":{"@id":"https:\/\/www.eldigitaldeasturias.com\/noticias\/presentado-el-dispositivo-del-trafico-para-la-semana-santa-2018\/#organizationLogo"},"sameAs":["https:\/\/facebook.com\/eldigitaldeasturias","https:\/\/www.youtube.com\/channel\/UCZP-2wLEB9Rv6erhFmqVnvg"],"address":{"@id":"https:\/\/www.eldigitaldeasturias.com\/noticias\/#postaladdress","@type":"PostalAddress","streetAddress":"san antonio 4","postalCode":"33430","addressLocality":"Cand\u00e1s","addressRegion":"Asturias","addressCountry":"ES"}},{"@type":"Person","@id":"https:\/\/www.eldigitaldeasturias.com\/noticias\/author\/admin\/#author","url":"https:\/\/www.eldigitaldeasturias.com\/noticias\/author\/admin\/","name":"El Digital de Asturias","image":{"@type":"ImageObject","@id":"https:\/\/www.eldigitaldeasturias.com\/noticias\/presentado-el-dispositivo-del-trafico-para-la-semana-santa-2018\/#authorImage","url":"https:\/\/secure.gravatar.com\/avatar\/df2aeffc32bcd13f8d26072ef8a91b623d677766deac7f97ca815868cd41bf5e?s=96&d=mm&r=g","width":96,"height":96,"caption":"El Digital de Asturias"}},{"@type":"WebPage","@id":"https:\/\/www.eldigitaldeasturias.com\/noticias\/presentado-el-dispositivo-del-trafico-para-la-semana-santa-2018\/#webpage","url":"https:\/\/www.eldigitaldeasturias.com\/noticias\/presentado-el-dispositivo-del-trafico-para-la-semana-santa-2018\/","name":"Presentado el dispositivo del tr\u00e1fico para la Semana Santa 2018 - El Digital de Asturias","description":"El ministro de Interior, Juan Ignacio Zoido, ha presentado el dispositivo especial de vigilancia, regulaci\u00f3n, ordenaci\u00f3n y vigilancia del tr\u00e1fico para esta Semana Santa con el objetivo de mejorar la seguridad y dar fluidez a los 15,5 millones de desplazamientos de largo recorrido previstos por carretera durante dicho periodo vacacional. Como novedad y haci\u00e9ndolo coincidir","inLanguage":"es-ES","isPartOf":{"@id":"https:\/\/www.eldigitaldeasturias.com\/noticias\/#website"},"breadcrumb":{"@id":"https:\/\/www.eldigitaldeasturias.com\/noticias\/presentado-el-dispositivo-del-trafico-para-la-semana-santa-2018\/#breadcrumblist"},"author":{"@id":"https:\/\/www.eldigitaldeasturias.com\/noticias\/author\/admin\/#author"},"creator":{"@id":"https:\/\/www.eldigitaldeasturias.com\/noticias\/author\/admin\/#author"},"image":{"@type":"ImageObject","url":972784,"@id":"https:\/\/www.eldigitaldeasturias.com\/noticias\/presentado-el-dispositivo-del-trafico-para-la-semana-santa-2018\/#mainImage"},"primaryImageOfPage":{"@id":"https:\/\/www.eldigitaldeasturias.com\/noticias\/presentado-el-dispositivo-del-trafico-para-la-semana-santa-2018\/#mainImage"},"datePublished":"2018-03-20T18:12:58+01:00","dateModified":"2018-03-20T18:12:58+01:00"},{"@type":"WebSite","@id":"https:\/\/www.eldigitaldeasturias.com\/noticias\/#website","url":"https:\/\/www.eldigitaldeasturias.com\/noticias\/","name":"El Digital de Asturias - Diario de actualidad y noticias","alternateName":"El Digital de Asturias - Diario de actualidad y noticias","description":"Hemeroteca","inLanguage":"es-ES","publisher":{"@id":"https:\/\/www.eldigitaldeasturias.com\/noticias\/#organization"}}]},"og:locale":"es_ES","og:site_name":"El Digital de Asturias","og:type":"article","og:title":"Presentado el dispositivo del tr\u00e1fico para la Semana Santa 2018 - El Digital de Asturias","og:description":"El ministro de Interior, Juan Ignacio Zoido, ha presentado el dispositivo especial de vigilancia, regulaci\u00f3n, ordenaci\u00f3n y vigilancia del tr\u00e1fico para esta Semana Santa con el objetivo de mejorar la seguridad y dar fluidez a los 15,5 millones de desplazamientos de largo recorrido previstos por carretera durante dicho periodo vacacional. Como novedad y haci\u00e9ndolo coincidir","og:url":"https:\/\/www.eldigitaldeasturias.com\/noticias\/presentado-el-dispositivo-del-trafico-para-la-semana-santa-2018\/","article:tag":["actualidad"],"article:published_time":"2018-03-20T18:12:58+00:00","article:modified_time":"2018-03-20T18:12:58+00:00","article:publisher":"https:\/\/facebook.com\/eldigitaldeasturias","twitter:card":"summary_large_image","twitter:title":"Presentado el dispositivo del tr\u00e1fico para la Semana Santa 2018 - El Digital de Asturias","twitter:description":"El ministro de Interior, Juan Ignacio Zoido, ha presentado el dispositivo especial de vigilancia, regulaci\u00f3n, ordenaci\u00f3n y vigilancia del tr\u00e1fico para esta Semana Santa con el objetivo de mejorar la seguridad y dar fluidez a los 15,5 millones de desplazamientos de largo recorrido previstos por carretera durante dicho periodo vacacional. Como novedad y haci\u00e9ndolo coincidir","twitter:image":"https:\/\/www.eldigitaldeasturias.com\/noticias\/wp-content\/uploads\/2020\/12\/EDA-1.jpg","twitter:label1":"Escrito por","twitter:data1":"El Digital de Asturias","twitter:label2":"Tiempo de lectura estimado","twitter:data2":"8 minutos"},"aioseo_meta_data":{"post_id":"972783","title":null,"description":null,"keywords":null,"keyphrases":null,"primary_term":null,"canonical_url":null,"og_title":null,"og_description":null,"og_object_type":"default","og_image_type":"default","og_image_url":null,"og_image_width":null,"og_image_height":null,"og_image_custom_url":null,"og_image_custom_fields":null,"og_video":null,"og_custom_url":null,"og_article_section":null,"og_article_tags":null,"twitter_use_og":false,"twitter_card":"default","twitter_image_type":"default","twitter_image_url":null,"twitter_image_custom_url":null,"twitter_image_custom_fields":null,"twitter_title":null,"twitter_description":null,"schema":{"blockGraphs":[],"customGraphs":[],"default":{"data":{"Article":[],"Course":[],"Dataset":[],"FAQPage":[],"Movie":[],"Person":[],"Product":[],"ProductReview":[],"Car":[],"Recipe":[],"Service":[],"SoftwareApplication":[],"WebPage":[]},"graphName":"","isEnabled":true},"graphs":[],"defaultGraph":"","defaultPostTypeGraph":""},"schema_type":null,"schema_type_options":null,"pillar_content":false,"robots_default":true,"robots_noindex":false,"robots_noarchive":false,"robots_nosnippet":false,"robots_nofollow":false,"robots_noimageindex":false,"robots_noodp":false,"robots_notranslate":false,"robots_max_snippet":null,"robots_max_videopreview":null,"robots_max_imagepreview":"large","priority":null,"frequency":null,"local_seo":null,"seo_analyzer_scan_date":"2025-10-07 13:58:02","breadcrumb_settings":null,"limit_modified_date":false,"open_ai":null,"ai":null,"created":"2020-12-21 12:18:38","updated":"2025-10-07 13:58:02","focus_keyword":null,"additional_keywords":null,"truseo_locale":null},"aioseo_breadcrumb":"<div class=\"aioseo-breadcrumbs\"><span class=\"aioseo-breadcrumb\">\n\t<a href=\"https:\/\/www.eldigitaldeasturias.com\/noticias\" title=\"Home\">Home<\/a>\n<\/span><span class=\"aioseo-breadcrumb-separator\">\u2013<\/span><span class=\"aioseo-breadcrumb\">\n\t<a href=\"https:\/\/www.eldigitaldeasturias.com\/noticias\/category\/actualidad\/\" title=\"Actualidad\">Actualidad<\/a>\n<\/span><span class=\"aioseo-breadcrumb-separator\">\u2013<\/span><span class=\"aioseo-breadcrumb\">\n\t<a href=\"https:\/\/www.eldigitaldeasturias.com\/noticias\/presentado-el-dispositivo-del-trafico-para-la-semana-santa-2018\/\" title=\"Presentado el dispositivo del tr\u00e1fico para la Semana Santa 2018\">Presentado el dispositivo del tr\u00e1fico para la Semana Santa 2018<\/a>\n<\/span><\/div>","aioseo_breadcrumb_json":[{"label":"Home","link":"https:\/\/www.eldigitaldeasturias.com\/noticias"},{"label":"Actualidad","link":"https:\/\/www.eldigitaldeasturias.com\/noticias\/category\/actualidad\/"},{"label":"Presentado el dispositivo del tr\u00e1fico para la Semana Santa 2018","link":"https:\/\/www.eldigitaldeasturias.com\/noticias\/presentado-el-dispositivo-del-trafico-para-la-semana-santa-2018\/"}],"_links":{"self":[{"href":"https:\/\/www.eldigitaldeasturias.com\/noticias\/wp-json\/wp\/v2\/posts\/972783","targetHints":{"allow":["GET"]}}],"collection":[{"href":"https:\/\/www.eldigitaldeasturias.com\/noticias\/wp-json\/wp\/v2\/posts"}],"about":[{"href":"https:\/\/www.eldigitaldeasturias.com\/noticias\/wp-json\/wp\/v2\/types\/post"}],"author":[{"embeddable":true,"href":"https:\/\/www.eldigitaldeasturias.com\/noticias\/wp-json\/wp\/v2\/users\/1"}],"replies":[{"embeddable":true,"href":"https:\/\/www.eldigitaldeasturias.com\/noticias\/wp-json\/wp\/v2\/comments?post=972783"}],"version-history":[{"count":0,"href":"https:\/\/www.eldigitaldeasturias.com\/noticias\/wp-json\/wp\/v2\/posts\/972783\/revisions"}],"wp:attachment":[{"href":"https:\/\/www.eldigitaldeasturias.com\/noticias\/wp-json\/wp\/v2\/media?parent=972783"}],"wp:term":[{"taxonomy":"category","embeddable":true,"href":"https:\/\/www.eldigitaldeasturias.com\/noticias\/wp-json\/wp\/v2\/categories?post=972783"},{"taxonomy":"post_tag","embeddable":true,"href":"https:\/\/www.eldigitaldeasturias.com\/noticias\/wp-json\/wp\/v2\/tags?post=972783"}],"curies":[{"name":"wp","href":"https:\/\/api.w.org\/{rel}","templated":true}]}}