{"id":972770,"date":"2018-03-20T17:46:11","date_gmt":"2018-03-20T17:46:11","guid":{"rendered":"http:\/\/www.eldigitaldeasturias.com\/noticias\/?p=972770"},"modified":"2018-03-20T17:46:11","modified_gmt":"2018-03-20T17:46:11","slug":"inaugurado-el-primus-circumdedisti-me-claves-de-la-primera-globalizacion","status":"publish","type":"post","link":"https:\/\/www.eldigitaldeasturias.com\/noticias\/inaugurado-el-primus-circumdedisti-me-claves-de-la-primera-globalizacion\/","title":{"rendered":"Inaugurado el \u201cPrimus Circumdedisti Me. Claves de la primera globalizaci\u00f3n\u201d"},"content":{"rendered":"<p><img loading=\"lazy\" decoding=\"async\" class=\"alignleft size-medium wp-image-972771\" src=\"https:\/\/www.eldigitaldeasturias.com\/noticias\/wp-content\/uploads\/2018\/03\/200318Cospedal-360x239.jpg\" alt=\"\" width=\"360\" height=\"239\" \/>La ministra de Defensa, Mar\u00eda Dolores de Cospedal, ha calificado la primera vuelta al mundo que culmin\u00f3 el marino espa\u00f1ol Juan Sebasti\u00e1n de Elcano como \u00abla primera empresa de alcance global de la humanidad\u00bb, patrocinada por la Corona de Espa\u00f1a hace ahora 500 a\u00f1os.<\/p>\n<p>\u200b\u00bbNada puede haber m\u00e1s revelador de la tit\u00e1nica empresa que Espa\u00f1a protagoniz\u00f3 en la Edad Moderna que poner en contexto un logro hist\u00f3rico que bastar\u00eda por s\u00ed s\u00f3lo para encumbrar una \u00e9poca irrepetible\u00bb, ha destacado Cospedal en el discurso de inauguraci\u00f3n del Congreso Internacional de Historia Primus Circumdedisti Me. Claves de la primera globalizaci\u00f3n, que se celebra desde hoy hasta el jueves en Valladolid.<\/p>\n<p><strong>Apuesta de Espa\u00f1a<\/strong><\/p>\n<p>La titular de Defensa ha se\u00f1alado que, con aquella iniciativa, \u00abEspa\u00f1a cambi\u00f3 la historia para siempre y molde\u00f3 el mundo a la medida del hombre\u00bb y que aquella haza\u00f1a naval \u00abfue el fruto de una decidida apuesta pol\u00edtica de la Corona espa\u00f1ola\u00bb.<\/p>\n<p>La ministra ha querido resaltar la importancia de este congreso para \u00absituar la gesta de Magallanes y Elcano en la justa medida de la historia\u00bb y \u00abdivulgar la relevancia hist\u00f3rica de Espa\u00f1a y su papel preponderante en todos los \u00f3rdenes de la escena internacional\u00bb. \u00abEl acierto de los monarcas espa\u00f1oles fue reunir todo aquel talento europeo, todas las energ\u00edas de un continente en torno a un mismo prop\u00f3sito civilizador\u00bb, ha puntualizado en un detallado recorrido por el contexto de aquel siglo XVI.<\/p>\n<p>\u00abMe siento especialmente orgullosa de que gracias a congresos como \u00e9ste, se divulgue y trascienda la gran labor que desde hace muchos siglos realizan nuestras Fuerzas Armadas con entrega, entusiasmo, profesionalidad y un amor a Espa\u00f1a digno de admiraci\u00f3n\u00bb, ha apuntado a la vez que ha deseado que esta cita \u00abayude a que las nuevas generaciones de espa\u00f1oles sientan la pasi\u00f3n por el estudio de nuestra historia\u00bb.<\/p>\n<p><strong>Expertos internacionales<\/strong><\/p>\n<p>El Congreso Internacional de Historia Primus Circumdedisti Me. Claves de la primera globalizaci\u00f3n se celebra desde hoy hasta el jueves, en el Centro Cultural &#8216;Miguel Delibes&#8217; de Valladolid, dentro de los actos conmemorativos del V Centenario de la expedici\u00f3n que dio la primera vuelta al mundo. Las jornadas han sido organizadas por el Ministerio de Defensa en colaboraci\u00f3n con el Ministerio de Educaci\u00f3n, Cultura y Deporte y la Junta de Castilla y Le\u00f3n.<\/p>\n<p>Dirigido por el profesor Carlos Mart\u00ednez Shaw, el congreso cuenta con la presencia de historiadores y expertos de reconocido prestigio sobre la navegaci\u00f3n en el siglo XVI, el descubrimiento del paso al Oc\u00e9ano Pac\u00edfico y los avances en la exploraci\u00f3n y el comercio. En total, son 239 historiadores y expertos procedentes de 21 pa\u00edses as\u00ed como los agregados de Defensa en Espa\u00f1a de Argentina, Chile, Estados Unidos, Francia, Grecia, Italia, Portugal, Reino Unido y Uruguay.<\/p>\n<p>La primera vuelta al mundo toma como punto de partida las Capitulaciones de Valladolid celebradas hace 500 a\u00f1os (el jueves 22 de marzo se conmemora ese quinto centenario exacto), &#8216;recrear&#8217; las circunstancias en las que se llev\u00f3 a cabo la expedici\u00f3n que abri\u00f3 definitivamente el camino a la primera globalizaci\u00f3n, as\u00ed como divulgar los conocimientos sobre el marino espa\u00f1ol Juan Sebasti\u00e1n de Elcano, que culmin\u00f3 la haza\u00f1a naval.<\/p>\n","protected":false},"excerpt":{"rendered":"<p>La ministra de Defensa, Mar\u00eda Dolores de Cospedal, ha calificado la primera vuelta al mundo que culmin\u00f3 el marino espa\u00f1ol Juan Sebasti\u00e1n de Elcano como \u00abla primera empresa de alcance global de la humanidad\u00bb, patrocinada por la Corona de Espa\u00f1a hace ahora 500 a\u00f1os. \u200b\u00bbNada puede haber m\u00e1s revelador de la tit\u00e1nica empresa que Espa\u00f1a [&hellip;]<\/p>\n","protected":false},"author":1,"featured_media":972771,"comment_status":"closed","ping_status":"closed","sticky":false,"template":"","format":"standard","meta":{"footnotes":""},"categories":[1],"tags":[],"class_list":["post-972770","post","type-post","status-publish","format-standard","has-post-thumbnail","hentry","category-actualidad"],"aioseo_notices":[],"aioseo_head":"\n\t\t<!-- All in One SEO Pro 5.0.1 - aioseo.com -->\n\t<meta name=\"description\" content=\"La ministra de Defensa, Mar\u00eda Dolores de Cospedal, ha calificado la primera vuelta al mundo que culmin\u00f3 el marino espa\u00f1ol Juan Sebasti\u00e1n de Elcano como &quot;la primera empresa de alcance global de la humanidad&quot;, patrocinada por la Corona de Espa\u00f1a hace ahora 500 a\u00f1os. \u200b&quot;Nada puede haber m\u00e1s revelador de la tit\u00e1nica empresa que Espa\u00f1a\" \/>\n\t<meta name=\"robots\" content=\"max-image-preview:large\" \/>\n\t<meta name=\"author\" content=\"El Digital de Asturias\"\/>\n\t<meta name=\"google-site-verification\" content=\"UA-38556648-1\" \/>\n\t<meta name=\"msvalidate.01\" content=\"7dfe9f3f1b24437ab69f4f2559babe99\" \/>\n\t<meta name=\"keywords\" content=\"actualidad\" \/>\n\t<link rel=\"canonical\" href=\"https:\/\/www.eldigitaldeasturias.com\/noticias\/inaugurado-el-primus-circumdedisti-me-claves-de-la-primera-globalizacion\/\" \/>\n\t<meta name=\"generator\" content=\"All in One SEO Pro (AIOSEO) 5.0.1\" \/>\n\t\t<meta property=\"og:locale\" content=\"es_ES\" \/>\n\t\t<meta property=\"og:site_name\" content=\"El Digital de Asturias\" \/>\n\t\t<meta property=\"og:type\" content=\"article\" \/>\n\t\t<meta property=\"og:title\" content=\"Inaugurado el \u201cPrimus Circumdedisti Me. Claves de la primera globalizaci\u00f3n\u201d - El Digital de Asturias\" \/>\n\t\t<meta property=\"og:description\" content=\"La ministra de Defensa, Mar\u00eda Dolores de Cospedal, ha calificado la primera vuelta al mundo que culmin\u00f3 el marino espa\u00f1ol Juan Sebasti\u00e1n de Elcano como &quot;la primera empresa de alcance global de la humanidad&quot;, patrocinada por la Corona de Espa\u00f1a hace ahora 500 a\u00f1os. \u200b&quot;Nada puede haber m\u00e1s revelador de la tit\u00e1nica empresa que Espa\u00f1a\" \/>\n\t\t<meta property=\"og:url\" content=\"https:\/\/www.eldigitaldeasturias.com\/noticias\/inaugurado-el-primus-circumdedisti-me-claves-de-la-primera-globalizacion\/\" \/>\n\t\t<meta property=\"article:tag\" content=\"actualidad\" \/>\n\t\t<meta property=\"article:published_time\" content=\"2018-03-20T17:46:11+00:00\" \/>\n\t\t<meta property=\"article:modified_time\" content=\"2018-03-20T17:46:11+00:00\" \/>\n\t\t<meta property=\"article:publisher\" content=\"https:\/\/facebook.com\/eldigitaldeasturias\" \/>\n\t\t<meta name=\"twitter:card\" content=\"summary_large_image\" \/>\n\t\t<meta name=\"twitter:title\" content=\"Inaugurado el \u201cPrimus Circumdedisti Me. Claves de la primera globalizaci\u00f3n\u201d - El Digital de Asturias\" \/>\n\t\t<meta name=\"twitter:description\" content=\"La ministra de Defensa, Mar\u00eda Dolores de Cospedal, ha calificado la primera vuelta al mundo que culmin\u00f3 el marino espa\u00f1ol Juan Sebasti\u00e1n de Elcano como &quot;la primera empresa de alcance global de la humanidad&quot;, patrocinada por la Corona de Espa\u00f1a hace ahora 500 a\u00f1os. \u200b&quot;Nada puede haber m\u00e1s revelador de la tit\u00e1nica empresa que Espa\u00f1a\" \/>\n\t\t<meta name=\"twitter:image\" content=\"https:\/\/www.eldigitaldeasturias.com\/noticias\/wp-content\/uploads\/2020\/12\/EDA-1.jpg\" \/>\n\t\t<meta name=\"twitter:label1\" content=\"Escrito por\" \/>\n\t\t<meta name=\"twitter:data1\" content=\"El Digital de Asturias\" \/>\n\t\t<meta name=\"twitter:label2\" content=\"Tiempo de lectura estimado\" \/>\n\t\t<meta name=\"twitter:data2\" content=\"3 minutos\" \/>\n\t\t<script type=\"application\/ld+json\" class=\"aioseo-schema\">\n\t\t\t{\"@context\":\"https:\\\/\\\/schema.org\",\"@graph\":[{\"@type\":\"BlogPosting\",\"@id\":\"https:\\\/\\\/www.eldigitaldeasturias.com\\\/noticias\\\/inaugurado-el-primus-circumdedisti-me-claves-de-la-primera-globalizacion\\\/#blogposting\",\"name\":\"Inaugurado el \\u201cPrimus Circumdedisti Me. Claves de la primera globalizaci\\u00f3n\\u201d - El Digital de Asturias\",\"headline\":\"Inaugurado el \\u201cPrimus Circumdedisti Me. Claves de la primera globalizaci\\u00f3n\\u201d\",\"author\":{\"@id\":\"https:\\\/\\\/www.eldigitaldeasturias.com\\\/noticias\\\/author\\\/admin\\\/#author\"},\"publisher\":{\"@id\":\"https:\\\/\\\/www.eldigitaldeasturias.com\\\/noticias\\\/#organization\"},\"image\":{\"@type\":\"ImageObject\",\"url\":972771},\"datePublished\":\"2018-03-20T17:46:11+01:00\",\"dateModified\":\"2018-03-20T17:46:11+01:00\",\"inLanguage\":\"es-ES\",\"mainEntityOfPage\":{\"@id\":\"https:\\\/\\\/www.eldigitaldeasturias.com\\\/noticias\\\/inaugurado-el-primus-circumdedisti-me-claves-de-la-primera-globalizacion\\\/#webpage\"},\"isPartOf\":{\"@id\":\"https:\\\/\\\/www.eldigitaldeasturias.com\\\/noticias\\\/inaugurado-el-primus-circumdedisti-me-claves-de-la-primera-globalizacion\\\/#webpage\"},\"articleSection\":\"Actualidad\"},{\"@type\":\"BreadcrumbList\",\"@id\":\"https:\\\/\\\/www.eldigitaldeasturias.com\\\/noticias\\\/inaugurado-el-primus-circumdedisti-me-claves-de-la-primera-globalizacion\\\/#breadcrumblist\",\"itemListElement\":[{\"@type\":\"ListItem\",\"@id\":\"https:\\\/\\\/www.eldigitaldeasturias.com\\\/noticias#listItem\",\"position\":1,\"name\":\"Home\",\"item\":\"https:\\\/\\\/www.eldigitaldeasturias.com\\\/noticias\",\"nextItem\":{\"@type\":\"ListItem\",\"@id\":\"https:\\\/\\\/www.eldigitaldeasturias.com\\\/noticias\\\/category\\\/actualidad\\\/#listItem\",\"name\":\"Actualidad\"}},{\"@type\":\"ListItem\",\"@id\":\"https:\\\/\\\/www.eldigitaldeasturias.com\\\/noticias\\\/category\\\/actualidad\\\/#listItem\",\"position\":2,\"name\":\"Actualidad\",\"item\":\"https:\\\/\\\/www.eldigitaldeasturias.com\\\/noticias\\\/category\\\/actualidad\\\/\",\"nextItem\":{\"@type\":\"ListItem\",\"@id\":\"https:\\\/\\\/www.eldigitaldeasturias.com\\\/noticias\\\/inaugurado-el-primus-circumdedisti-me-claves-de-la-primera-globalizacion\\\/#listItem\",\"name\":\"Inaugurado el \\u201cPrimus Circumdedisti Me. Claves de la primera globalizaci\\u00f3n\\u201d\"},\"previousItem\":{\"@type\":\"ListItem\",\"@id\":\"https:\\\/\\\/www.eldigitaldeasturias.com\\\/noticias#listItem\",\"name\":\"Home\"}},{\"@type\":\"ListItem\",\"@id\":\"https:\\\/\\\/www.eldigitaldeasturias.com\\\/noticias\\\/inaugurado-el-primus-circumdedisti-me-claves-de-la-primera-globalizacion\\\/#listItem\",\"position\":3,\"name\":\"Inaugurado el \\u201cPrimus Circumdedisti Me. Claves de la primera globalizaci\\u00f3n\\u201d\",\"previousItem\":{\"@type\":\"ListItem\",\"@id\":\"https:\\\/\\\/www.eldigitaldeasturias.com\\\/noticias\\\/category\\\/actualidad\\\/#listItem\",\"name\":\"Actualidad\"}}]},{\"@type\":\"Organization\",\"@id\":\"https:\\\/\\\/www.eldigitaldeasturias.com\\\/noticias\\\/#organization\",\"name\":\"El Digital de Asturias\",\"description\":\"Hemeroteca\",\"url\":\"https:\\\/\\\/www.eldigitaldeasturias.com\\\/noticias\\\/\",\"email\":\"info@eldigitaldeasturias.com\",\"telephone\":\"+34652131393\",\"logo\":{\"@type\":\"ImageObject\",\"url\":\"https:\\\/\\\/www.eldigitaldeasturias.com\\\/noticias\\\/wp-content\\\/uploads\\\/2020\\\/12\\\/EDA.jpg\",\"@id\":\"https:\\\/\\\/www.eldigitaldeasturias.com\\\/noticias\\\/inaugurado-el-primus-circumdedisti-me-claves-de-la-primera-globalizacion\\\/#organizationLogo\"},\"image\":{\"@id\":\"https:\\\/\\\/www.eldigitaldeasturias.com\\\/noticias\\\/inaugurado-el-primus-circumdedisti-me-claves-de-la-primera-globalizacion\\\/#organizationLogo\"},\"sameAs\":[\"https:\\\/\\\/facebook.com\\\/eldigitaldeasturias\",\"https:\\\/\\\/www.youtube.com\\\/channel\\\/UCZP-2wLEB9Rv6erhFmqVnvg\"],\"address\":{\"@id\":\"https:\\\/\\\/www.eldigitaldeasturias.com\\\/noticias\\\/#postaladdress\",\"@type\":\"PostalAddress\",\"streetAddress\":\"san antonio 4\",\"postalCode\":\"33430\",\"addressLocality\":\"Cand\\u00e1s\",\"addressRegion\":\"Asturias\",\"addressCountry\":\"ES\"}},{\"@type\":\"Person\",\"@id\":\"https:\\\/\\\/www.eldigitaldeasturias.com\\\/noticias\\\/author\\\/admin\\\/#author\",\"url\":\"https:\\\/\\\/www.eldigitaldeasturias.com\\\/noticias\\\/author\\\/admin\\\/\",\"name\":\"El Digital de Asturias\",\"image\":{\"@type\":\"ImageObject\",\"@id\":\"https:\\\/\\\/www.eldigitaldeasturias.com\\\/noticias\\\/inaugurado-el-primus-circumdedisti-me-claves-de-la-primera-globalizacion\\\/#authorImage\",\"url\":\"https:\\\/\\\/secure.gravatar.com\\\/avatar\\\/df2aeffc32bcd13f8d26072ef8a91b623d677766deac7f97ca815868cd41bf5e?s=96&d=mm&r=g\",\"width\":96,\"height\":96,\"caption\":\"El Digital de Asturias\"}},{\"@type\":\"WebPage\",\"@id\":\"https:\\\/\\\/www.eldigitaldeasturias.com\\\/noticias\\\/inaugurado-el-primus-circumdedisti-me-claves-de-la-primera-globalizacion\\\/#webpage\",\"url\":\"https:\\\/\\\/www.eldigitaldeasturias.com\\\/noticias\\\/inaugurado-el-primus-circumdedisti-me-claves-de-la-primera-globalizacion\\\/\",\"name\":\"Inaugurado el \\u201cPrimus Circumdedisti Me. Claves de la primera globalizaci\\u00f3n\\u201d - El Digital de Asturias\",\"description\":\"La ministra de Defensa, Mar\\u00eda Dolores de Cospedal, ha calificado la primera vuelta al mundo que culmin\\u00f3 el marino espa\\u00f1ol Juan Sebasti\\u00e1n de Elcano como \\\"la primera empresa de alcance global de la humanidad\\\", patrocinada por la Corona de Espa\\u00f1a hace ahora 500 a\\u00f1os. \\u200b\\\"Nada puede haber m\\u00e1s revelador de la tit\\u00e1nica empresa que Espa\\u00f1a\",\"inLanguage\":\"es-ES\",\"isPartOf\":{\"@id\":\"https:\\\/\\\/www.eldigitaldeasturias.com\\\/noticias\\\/#website\"},\"breadcrumb\":{\"@id\":\"https:\\\/\\\/www.eldigitaldeasturias.com\\\/noticias\\\/inaugurado-el-primus-circumdedisti-me-claves-de-la-primera-globalizacion\\\/#breadcrumblist\"},\"author\":{\"@id\":\"https:\\\/\\\/www.eldigitaldeasturias.com\\\/noticias\\\/author\\\/admin\\\/#author\"},\"creator\":{\"@id\":\"https:\\\/\\\/www.eldigitaldeasturias.com\\\/noticias\\\/author\\\/admin\\\/#author\"},\"image\":{\"@type\":\"ImageObject\",\"url\":972771,\"@id\":\"https:\\\/\\\/www.eldigitaldeasturias.com\\\/noticias\\\/inaugurado-el-primus-circumdedisti-me-claves-de-la-primera-globalizacion\\\/#mainImage\"},\"primaryImageOfPage\":{\"@id\":\"https:\\\/\\\/www.eldigitaldeasturias.com\\\/noticias\\\/inaugurado-el-primus-circumdedisti-me-claves-de-la-primera-globalizacion\\\/#mainImage\"},\"datePublished\":\"2018-03-20T17:46:11+01:00\",\"dateModified\":\"2018-03-20T17:46:11+01:00\"},{\"@type\":\"WebSite\",\"@id\":\"https:\\\/\\\/www.eldigitaldeasturias.com\\\/noticias\\\/#website\",\"url\":\"https:\\\/\\\/www.eldigitaldeasturias.com\\\/noticias\\\/\",\"name\":\"El Digital de Asturias - Diario de actualidad y noticias\",\"alternateName\":\"El Digital de Asturias - Diario de actualidad y noticias\",\"description\":\"Hemeroteca\",\"inLanguage\":\"es-ES\",\"publisher\":{\"@id\":\"https:\\\/\\\/www.eldigitaldeasturias.com\\\/noticias\\\/#organization\"}}]}\n\t\t<\/script>\n\t\t<!-- All in One SEO Pro -->\r\n\t\t<title>Inaugurado el \u201cPrimus Circumdedisti Me. Claves de la primera globalizaci\u00f3n\u201d - El Digital de Asturias<\/title>\n\n","aioseo_head_json":{"title":"Inaugurado el \u201cPrimus Circumdedisti Me. Claves de la primera globalizaci\u00f3n\u201d - El Digital de Asturias","description":"La ministra de Defensa, Mar\u00eda Dolores de Cospedal, ha calificado la primera vuelta al mundo que culmin\u00f3 el marino espa\u00f1ol Juan Sebasti\u00e1n de Elcano como \"la primera empresa de alcance global de la humanidad\", patrocinada por la Corona de Espa\u00f1a hace ahora 500 a\u00f1os. \u200b\"Nada puede haber m\u00e1s revelador de la tit\u00e1nica empresa que Espa\u00f1a","canonical_url":"https:\/\/www.eldigitaldeasturias.com\/noticias\/inaugurado-el-primus-circumdedisti-me-claves-de-la-primera-globalizacion\/","robots":"max-image-preview:large","keywords":"actualidad","webmasterTools":{"google-site-verification":"UA-38556648-1","msvalidate.01":"7dfe9f3f1b24437ab69f4f2559babe99","miscellaneous":""},"schema":{"@context":"https:\/\/schema.org","@graph":[{"@type":"BlogPosting","@id":"https:\/\/www.eldigitaldeasturias.com\/noticias\/inaugurado-el-primus-circumdedisti-me-claves-de-la-primera-globalizacion\/#blogposting","name":"Inaugurado el \u201cPrimus Circumdedisti Me. Claves de la primera globalizaci\u00f3n\u201d - El Digital de Asturias","headline":"Inaugurado el \u201cPrimus Circumdedisti Me. Claves de la primera globalizaci\u00f3n\u201d","author":{"@id":"https:\/\/www.eldigitaldeasturias.com\/noticias\/author\/admin\/#author"},"publisher":{"@id":"https:\/\/www.eldigitaldeasturias.com\/noticias\/#organization"},"image":{"@type":"ImageObject","url":972771},"datePublished":"2018-03-20T17:46:11+01:00","dateModified":"2018-03-20T17:46:11+01:00","inLanguage":"es-ES","mainEntityOfPage":{"@id":"https:\/\/www.eldigitaldeasturias.com\/noticias\/inaugurado-el-primus-circumdedisti-me-claves-de-la-primera-globalizacion\/#webpage"},"isPartOf":{"@id":"https:\/\/www.eldigitaldeasturias.com\/noticias\/inaugurado-el-primus-circumdedisti-me-claves-de-la-primera-globalizacion\/#webpage"},"articleSection":"Actualidad"},{"@type":"BreadcrumbList","@id":"https:\/\/www.eldigitaldeasturias.com\/noticias\/inaugurado-el-primus-circumdedisti-me-claves-de-la-primera-globalizacion\/#breadcrumblist","itemListElement":[{"@type":"ListItem","@id":"https:\/\/www.eldigitaldeasturias.com\/noticias#listItem","position":1,"name":"Home","item":"https:\/\/www.eldigitaldeasturias.com\/noticias","nextItem":{"@type":"ListItem","@id":"https:\/\/www.eldigitaldeasturias.com\/noticias\/category\/actualidad\/#listItem","name":"Actualidad"}},{"@type":"ListItem","@id":"https:\/\/www.eldigitaldeasturias.com\/noticias\/category\/actualidad\/#listItem","position":2,"name":"Actualidad","item":"https:\/\/www.eldigitaldeasturias.com\/noticias\/category\/actualidad\/","nextItem":{"@type":"ListItem","@id":"https:\/\/www.eldigitaldeasturias.com\/noticias\/inaugurado-el-primus-circumdedisti-me-claves-de-la-primera-globalizacion\/#listItem","name":"Inaugurado el \u201cPrimus Circumdedisti Me. Claves de la primera globalizaci\u00f3n\u201d"},"previousItem":{"@type":"ListItem","@id":"https:\/\/www.eldigitaldeasturias.com\/noticias#listItem","name":"Home"}},{"@type":"ListItem","@id":"https:\/\/www.eldigitaldeasturias.com\/noticias\/inaugurado-el-primus-circumdedisti-me-claves-de-la-primera-globalizacion\/#listItem","position":3,"name":"Inaugurado el \u201cPrimus Circumdedisti Me. Claves de la primera globalizaci\u00f3n\u201d","previousItem":{"@type":"ListItem","@id":"https:\/\/www.eldigitaldeasturias.com\/noticias\/category\/actualidad\/#listItem","name":"Actualidad"}}]},{"@type":"Organization","@id":"https:\/\/www.eldigitaldeasturias.com\/noticias\/#organization","name":"El Digital de Asturias","description":"Hemeroteca","url":"https:\/\/www.eldigitaldeasturias.com\/noticias\/","email":"info@eldigitaldeasturias.com","telephone":"+34652131393","logo":{"@type":"ImageObject","url":"https:\/\/www.eldigitaldeasturias.com\/noticias\/wp-content\/uploads\/2020\/12\/EDA.jpg","@id":"https:\/\/www.eldigitaldeasturias.com\/noticias\/inaugurado-el-primus-circumdedisti-me-claves-de-la-primera-globalizacion\/#organizationLogo"},"image":{"@id":"https:\/\/www.eldigitaldeasturias.com\/noticias\/inaugurado-el-primus-circumdedisti-me-claves-de-la-primera-globalizacion\/#organizationLogo"},"sameAs":["https:\/\/facebook.com\/eldigitaldeasturias","https:\/\/www.youtube.com\/channel\/UCZP-2wLEB9Rv6erhFmqVnvg"],"address":{"@id":"https:\/\/www.eldigitaldeasturias.com\/noticias\/#postaladdress","@type":"PostalAddress","streetAddress":"san antonio 4","postalCode":"33430","addressLocality":"Cand\u00e1s","addressRegion":"Asturias","addressCountry":"ES"}},{"@type":"Person","@id":"https:\/\/www.eldigitaldeasturias.com\/noticias\/author\/admin\/#author","url":"https:\/\/www.eldigitaldeasturias.com\/noticias\/author\/admin\/","name":"El Digital de Asturias","image":{"@type":"ImageObject","@id":"https:\/\/www.eldigitaldeasturias.com\/noticias\/inaugurado-el-primus-circumdedisti-me-claves-de-la-primera-globalizacion\/#authorImage","url":"https:\/\/secure.gravatar.com\/avatar\/df2aeffc32bcd13f8d26072ef8a91b623d677766deac7f97ca815868cd41bf5e?s=96&d=mm&r=g","width":96,"height":96,"caption":"El Digital de Asturias"}},{"@type":"WebPage","@id":"https:\/\/www.eldigitaldeasturias.com\/noticias\/inaugurado-el-primus-circumdedisti-me-claves-de-la-primera-globalizacion\/#webpage","url":"https:\/\/www.eldigitaldeasturias.com\/noticias\/inaugurado-el-primus-circumdedisti-me-claves-de-la-primera-globalizacion\/","name":"Inaugurado el \u201cPrimus Circumdedisti Me. Claves de la primera globalizaci\u00f3n\u201d - El Digital de Asturias","description":"La ministra de Defensa, Mar\u00eda Dolores de Cospedal, ha calificado la primera vuelta al mundo que culmin\u00f3 el marino espa\u00f1ol Juan Sebasti\u00e1n de Elcano como \"la primera empresa de alcance global de la humanidad\", patrocinada por la Corona de Espa\u00f1a hace ahora 500 a\u00f1os. \u200b\"Nada puede haber m\u00e1s revelador de la tit\u00e1nica empresa que Espa\u00f1a","inLanguage":"es-ES","isPartOf":{"@id":"https:\/\/www.eldigitaldeasturias.com\/noticias\/#website"},"breadcrumb":{"@id":"https:\/\/www.eldigitaldeasturias.com\/noticias\/inaugurado-el-primus-circumdedisti-me-claves-de-la-primera-globalizacion\/#breadcrumblist"},"author":{"@id":"https:\/\/www.eldigitaldeasturias.com\/noticias\/author\/admin\/#author"},"creator":{"@id":"https:\/\/www.eldigitaldeasturias.com\/noticias\/author\/admin\/#author"},"image":{"@type":"ImageObject","url":972771,"@id":"https:\/\/www.eldigitaldeasturias.com\/noticias\/inaugurado-el-primus-circumdedisti-me-claves-de-la-primera-globalizacion\/#mainImage"},"primaryImageOfPage":{"@id":"https:\/\/www.eldigitaldeasturias.com\/noticias\/inaugurado-el-primus-circumdedisti-me-claves-de-la-primera-globalizacion\/#mainImage"},"datePublished":"2018-03-20T17:46:11+01:00","dateModified":"2018-03-20T17:46:11+01:00"},{"@type":"WebSite","@id":"https:\/\/www.eldigitaldeasturias.com\/noticias\/#website","url":"https:\/\/www.eldigitaldeasturias.com\/noticias\/","name":"El Digital de Asturias - Diario de actualidad y noticias","alternateName":"El Digital de Asturias - Diario de actualidad y noticias","description":"Hemeroteca","inLanguage":"es-ES","publisher":{"@id":"https:\/\/www.eldigitaldeasturias.com\/noticias\/#organization"}}]},"og:locale":"es_ES","og:site_name":"El Digital de Asturias","og:type":"article","og:title":"Inaugurado el \u201cPrimus Circumdedisti Me. Claves de la primera globalizaci\u00f3n\u201d - El Digital de Asturias","og:description":"La ministra de Defensa, Mar\u00eda Dolores de Cospedal, ha calificado la primera vuelta al mundo que culmin\u00f3 el marino espa\u00f1ol Juan Sebasti\u00e1n de Elcano como &quot;la primera empresa de alcance global de la humanidad&quot;, patrocinada por la Corona de Espa\u00f1a hace ahora 500 a\u00f1os. \u200b&quot;Nada puede haber m\u00e1s revelador de la tit\u00e1nica empresa que Espa\u00f1a","og:url":"https:\/\/www.eldigitaldeasturias.com\/noticias\/inaugurado-el-primus-circumdedisti-me-claves-de-la-primera-globalizacion\/","article:tag":["actualidad"],"article:published_time":"2018-03-20T17:46:11+00:00","article:modified_time":"2018-03-20T17:46:11+00:00","article:publisher":"https:\/\/facebook.com\/eldigitaldeasturias","twitter:card":"summary_large_image","twitter:title":"Inaugurado el \u201cPrimus Circumdedisti Me. Claves de la primera globalizaci\u00f3n\u201d - El Digital de Asturias","twitter:description":"La ministra de Defensa, Mar\u00eda Dolores de Cospedal, ha calificado la primera vuelta al mundo que culmin\u00f3 el marino espa\u00f1ol Juan Sebasti\u00e1n de Elcano como &quot;la primera empresa de alcance global de la humanidad&quot;, patrocinada por la Corona de Espa\u00f1a hace ahora 500 a\u00f1os. \u200b&quot;Nada puede haber m\u00e1s revelador de la tit\u00e1nica empresa que Espa\u00f1a","twitter:image":"https:\/\/www.eldigitaldeasturias.com\/noticias\/wp-content\/uploads\/2020\/12\/EDA-1.jpg","twitter:label1":"Escrito por","twitter:data1":"El Digital de Asturias","twitter:label2":"Tiempo de lectura estimado","twitter:data2":"3 minutos"},"aioseo_meta_data":{"post_id":"972770","title":null,"description":null,"keywords":null,"keyphrases":null,"primary_term":null,"canonical_url":null,"og_title":null,"og_description":null,"og_object_type":"default","og_image_type":"default","og_image_url":null,"og_image_width":null,"og_image_height":null,"og_image_custom_url":null,"og_image_custom_fields":null,"og_video":null,"og_custom_url":null,"og_article_section":null,"og_article_tags":null,"twitter_use_og":false,"twitter_card":"default","twitter_image_type":"default","twitter_image_url":null,"twitter_image_custom_url":null,"twitter_image_custom_fields":null,"twitter_title":null,"twitter_description":null,"schema":{"blockGraphs":[],"customGraphs":[],"default":{"data":{"Article":[],"Course":[],"Dataset":[],"FAQPage":[],"Movie":[],"Person":[],"Product":[],"ProductReview":[],"Car":[],"Recipe":[],"Service":[],"SoftwareApplication":[],"WebPage":[]},"graphName":"","isEnabled":true},"graphs":[]},"schema_type":null,"schema_type_options":null,"pillar_content":false,"robots_default":true,"robots_noindex":false,"robots_noarchive":false,"robots_nosnippet":false,"robots_nofollow":false,"robots_noimageindex":false,"robots_noodp":false,"robots_notranslate":false,"robots_max_snippet":null,"robots_max_videopreview":null,"robots_max_imagepreview":"large","priority":null,"frequency":null,"local_seo":null,"seo_analyzer_scan_date":"2025-10-07 13:54:05","breadcrumb_settings":null,"limit_modified_date":false,"open_ai":null,"ai":null,"created":"2020-12-21 12:18:38","updated":"2025-10-07 13:54:05","focus_keyword":null,"additional_keywords":null,"truseo_locale":null},"aioseo_breadcrumb":"<div class=\"aioseo-breadcrumbs\"><span class=\"aioseo-breadcrumb\">\n\t<a href=\"https:\/\/www.eldigitaldeasturias.com\/noticias\" title=\"Home\">Home<\/a>\n<\/span><span class=\"aioseo-breadcrumb-separator\">\u2013<\/span><span class=\"aioseo-breadcrumb\">\n\t<a href=\"https:\/\/www.eldigitaldeasturias.com\/noticias\/category\/actualidad\/\" title=\"Actualidad\">Actualidad<\/a>\n<\/span><span class=\"aioseo-breadcrumb-separator\">\u2013<\/span><span class=\"aioseo-breadcrumb\">\n\t<a href=\"https:\/\/www.eldigitaldeasturias.com\/noticias\/inaugurado-el-primus-circumdedisti-me-claves-de-la-primera-globalizacion\/\" title=\"Inaugurado el \u201cPrimus Circumdedisti Me. Claves de la primera globalizaci\u00f3n\u201d\">Inaugurado el \u201cPrimus Circumdedisti Me. Claves de la primera globalizaci\u00f3n\u201d<\/a>\n<\/span><\/div>","aioseo_breadcrumb_json":[{"label":"Home","link":"https:\/\/www.eldigitaldeasturias.com\/noticias"},{"label":"Actualidad","link":"https:\/\/www.eldigitaldeasturias.com\/noticias\/category\/actualidad\/"},{"label":"Inaugurado el \u201cPrimus Circumdedisti Me. Claves de la primera globalizaci\u00f3n\u201d","link":"https:\/\/www.eldigitaldeasturias.com\/noticias\/inaugurado-el-primus-circumdedisti-me-claves-de-la-primera-globalizacion\/"}],"_links":{"self":[{"href":"https:\/\/www.eldigitaldeasturias.com\/noticias\/wp-json\/wp\/v2\/posts\/972770","targetHints":{"allow":["GET"]}}],"collection":[{"href":"https:\/\/www.eldigitaldeasturias.com\/noticias\/wp-json\/wp\/v2\/posts"}],"about":[{"href":"https:\/\/www.eldigitaldeasturias.com\/noticias\/wp-json\/wp\/v2\/types\/post"}],"author":[{"embeddable":true,"href":"https:\/\/www.eldigitaldeasturias.com\/noticias\/wp-json\/wp\/v2\/users\/1"}],"replies":[{"embeddable":true,"href":"https:\/\/www.eldigitaldeasturias.com\/noticias\/wp-json\/wp\/v2\/comments?post=972770"}],"version-history":[{"count":0,"href":"https:\/\/www.eldigitaldeasturias.com\/noticias\/wp-json\/wp\/v2\/posts\/972770\/revisions"}],"wp:attachment":[{"href":"https:\/\/www.eldigitaldeasturias.com\/noticias\/wp-json\/wp\/v2\/media?parent=972770"}],"wp:term":[{"taxonomy":"category","embeddable":true,"href":"https:\/\/www.eldigitaldeasturias.com\/noticias\/wp-json\/wp\/v2\/categories?post=972770"},{"taxonomy":"post_tag","embeddable":true,"href":"https:\/\/www.eldigitaldeasturias.com\/noticias\/wp-json\/wp\/v2\/tags?post=972770"}],"curies":[{"name":"wp","href":"https:\/\/api.w.org\/{rel}","templated":true}]}}